{"id":46368,"date":"2019-08-08T13:33:25","date_gmt":"2019-08-08T18:33:25","guid":{"rendered":"https:\/\/canal7slp.tv\/2019\/?p=46368"},"modified":"2019-08-08T13:33:25","modified_gmt":"2019-08-08T18:33:25","slug":"dif-gestionara-la-habilitacion-de-un-area-de-asistencia-para-menores-de-edad-en-albergue-de-villa-de-pozos","status":"publish","type":"post","link":"https:\/\/canal7slp.tv\/2019\/dif-gestionara-la-habilitacion-de-un-area-de-asistencia-para-menores-de-edad-en-albergue-de-villa-de-pozos\/","title":{"rendered":"DIF gestionar\u00e1 la habilitaci\u00f3n de un \u00e1rea de asistencia para menores de edad en albergue de Villa de Pozos"},"content":{"rendered":"<p style=\"text-align: justify;\">SLP.- El Sistema Municipal para el Desarrollo Integral de la Familia (DIF) gestionar\u00e1 la habilitaci\u00f3n de un \u00e1rea de Asistencia a Ni\u00f1as, Ni\u00f1os y Adolescentes en el albergue ubicado en Villa de Pozos -este proyecto requerir\u00eda una inversi\u00f3n de tres millones de pesos-.<\/p>\n<p style=\"text-align: justify;\">Tentativamente se har\u00e1 la propuesta, en busca de la obtenci\u00f3n de recurso en 2020.<\/p>\n<p style=\"text-align: justify;\">En el marco de un recorrido por el albergue, la directora del organismo, Adriana Urbina Aguilar inform\u00f3 que se ha impulsado un proyecto con enfoque en personas en situaci\u00f3n de calle, con alguna discapacidad.<\/p>\n<p style=\"text-align: justify;\">Ofrece servicio personal m\u00e9dico y de enfermer\u00eda; tambi\u00e9n un abogado, un crimin\u00f3logo, un psic\u00f3logo y un trabajador social.<\/p>\n<p style=\"text-align: justify;\">Por medio de trabajo de campo, se ha captado a m\u00e1s personas que podr\u00edan requerir atenci\u00f3n. Aunque este hecho propici\u00f3 que se detectaran anomal\u00edas de pasadas gestiones.<\/p>\n<p style=\"text-align: justify;\">&#8220;Al inicio nos refer\u00edan que no quer\u00edan venir porque tradicionalmente en el albergue hab\u00edan recibido maltrato, se les despertaba muy temprano y se les ba\u00f1aba con escobas y agua fr\u00eda&#8221;, advirti\u00f3.<\/p>\n<p style=\"text-align: justify;\">No obstante, Urbina Aguilar coment\u00f3 que se retomaron experiencias recientes para ofrecer la alternativa a nuevos usuarios.<\/p>\n<p style=\"text-align: justify;\">La cantidad de beneficiarios var\u00eda, pero lo m\u00e1ximo que se ha recibido en el complejo son 30 y lo m\u00ednimo, cuatro.<\/p>\n<p style=\"text-align: justify;\">La mayor\u00eda tiene esquizofrenia, otros trastorno bipolar y algunos padecimientos, derivado de casos de intoxicaci\u00f3n.<\/p>\n<p style=\"text-align: justify;\">La funcionaria relat\u00f3 que con anterioridad, un transporte pasaba por los usuarios a la Alameda &#8220;Juan Sarabia&#8221; desde las 11:00pm y dorm\u00edan en el albergue, pero a las 7:00am se les regresaba al Centro.<\/p>\n<p style=\"text-align: justify;\">La presidente del DIF, Nancy Puente Orozco inform\u00f3 que en la actualidad opera las 24 horas.<\/p>\n<p style=\"text-align: justify;\">Enfatiz\u00f3 que en el sitio se realizan actividades recreativas y se promueve la autonom\u00eda econ\u00f3mica de los usuarios, as\u00ed como se hizo con los Centros de Atenci\u00f3n Familiar.<\/p>\n<p style=\"text-align: justify;\">&#8220;Muchos de ellos eran profesionistas, uno era m\u00e9dico pediatra, uno profesor de la universidad y por alguna circunstancia terminaron en la calle y con alguna situaci\u00f3n de discapacidad&#8221;, expuso.<\/p>\n<p style=\"text-align: justify;\">Se hizo \u00e9nfasis que en el albergue, de igual forma se ha procurado vincular a usuarios con sus familias. Incluso porque en algunos casos, las personas se hab\u00edan extraviado.<\/p>\n","protected":false},"excerpt":{"rendered":"<p>SLP.- El Sistema Municipal para el Desarrollo Integral de la Familia (DIF) gestionar\u00e1 la habilitaci\u00f3n de un \u00e1rea de Asistencia a Ni\u00f1as, Ni\u00f1os y Adolescentes en el albergue ubicado en Villa de Pozos -este proyecto requerir\u00eda una inversi\u00f3n de tres millones de pesos-. Tentativamente se har\u00e1 la propuesta, en busca de la obtenci\u00f3n de recurso [&hellip;]<\/p>\n","protected":false},"author":2,"featured_media":46370,"comment_status":"open","ping_status":"closed","sticky":false,"template":"","format":"standard","meta":{"footnotes":""},"categories":[17],"tags":[],"class_list":["post-46368","post","type-post","status-publish","format-standard","has-post-thumbnail","hentry","category-localesyregionales"],"yoast_head":"<!-- This site is optimized with the Yoast SEO plugin v27.5 - https:\/\/yoast.com\/product\/yoast-seo-wordpress\/ -->\n<title>DIF gestionar\u00e1 la habilitaci\u00f3n de un \u00e1rea de asistencia para menores de edad en albergue de Villa de Pozos - Canal 7 SLP - 2019<\/title>\n<meta name=\"robots\" content=\"index, follow, max-snippet:-1, max-image-preview:large, max-video-preview:-1\" \/>\n<link rel=\"canonical\" href=\"https:\/\/canal7slp.tv\/2019\/dif-gestionara-la-habilitacion-de-un-area-de-asistencia-para-menores-de-edad-en-albergue-de-villa-de-pozos\/\" \/>\n<meta property=\"og:locale\" content=\"es_ES\" \/>\n<meta property=\"og:type\" content=\"article\" \/>\n<meta property=\"og:title\" content=\"DIF gestionar\u00e1 la habilitaci\u00f3n de un \u00e1rea de asistencia para menores de edad en albergue de Villa de Pozos - Canal 7 SLP - 2019\" \/>\n<meta property=\"og:description\" content=\"SLP.- El Sistema Municipal para el Desarrollo Integral de la Familia (DIF) gestionar\u00e1 la habilitaci\u00f3n de un \u00e1rea de Asistencia a Ni\u00f1as, Ni\u00f1os y Adolescentes en el albergue ubicado en Villa de Pozos -este proyecto requerir\u00eda una inversi\u00f3n de tres millones de pesos-. Tentativamente se har\u00e1 la propuesta, en busca de la obtenci\u00f3n de recurso [&hellip;]\" \/>\n<meta property=\"og:url\" content=\"https:\/\/canal7slp.tv\/2019\/dif-gestionara-la-habilitacion-de-un-area-de-asistencia-para-menores-de-edad-en-albergue-de-villa-de-pozos\/\" \/>\n<meta property=\"og:site_name\" content=\"Canal 7 SLP - 2019\" \/>\n<meta property=\"article:publisher\" content=\"https:\/\/www.facebook.com\/CANAL7SLP\/\" \/>\n<meta property=\"article:published_time\" content=\"2019-08-08T18:33:25+00:00\" \/>\n<meta property=\"og:image\" content=\"https:\/\/canal7slp.tv\/2019\/wp-content\/uploads\/2019\/08\/zz1-10.jpg\" \/>\n\t<meta property=\"og:image:width\" content=\"728\" \/>\n\t<meta property=\"og:image:height\" content=\"410\" \/>\n\t<meta property=\"og:image:type\" content=\"image\/jpeg\" \/>\n<meta name=\"author\" content=\"edicionweb\" \/>\n<meta name=\"twitter:card\" content=\"summary_large_image\" \/>\n<meta name=\"twitter:creator\" content=\"@canal7_slp\" \/>\n<meta name=\"twitter:site\" content=\"@canal7_slp\" \/>\n<meta name=\"twitter:label1\" content=\"Escrito por\" \/>\n\t<meta name=\"twitter:data1\" content=\"edicionweb\" \/>\n\t<meta name=\"twitter:label2\" content=\"Tiempo de lectura\" \/>\n\t<meta name=\"twitter:data2\" content=\"2 minutos\" \/>\n<script type=\"application\/ld+json\" class=\"yoast-schema-graph\">{\"@context\":\"https:\\\/\\\/schema.org\",\"@graph\":[{\"@type\":\"Article\",\"@id\":\"https:\\\/\\\/canal7slp.tv\\\/2019\\\/dif-gestionara-la-habilitacion-de-un-area-de-asistencia-para-menores-de-edad-en-albergue-de-villa-de-pozos\\\/#article\",\"isPartOf\":{\"@id\":\"https:\\\/\\\/canal7slp.tv\\\/2019\\\/dif-gestionara-la-habilitacion-de-un-area-de-asistencia-para-menores-de-edad-en-albergue-de-villa-de-pozos\\\/\"},\"author\":{\"name\":\"edicionweb\",\"@id\":\"https:\\\/\\\/canal7slp.tv\\\/2019\\\/#\\\/schema\\\/person\\\/11d941c1c6ca30ac0a46b95fa37aa2e3\"},\"headline\":\"DIF gestionar\u00e1 la habilitaci\u00f3n de un \u00e1rea de asistencia para menores de edad en albergue de Villa de Pozos\",\"datePublished\":\"2019-08-08T18:33:25+00:00\",\"mainEntityOfPage\":{\"@id\":\"https:\\\/\\\/canal7slp.tv\\\/2019\\\/dif-gestionara-la-habilitacion-de-un-area-de-asistencia-para-menores-de-edad-en-albergue-de-villa-de-pozos\\\/\"},\"wordCount\":407,\"commentCount\":0,\"publisher\":{\"@id\":\"https:\\\/\\\/canal7slp.tv\\\/2019\\\/#organization\"},\"image\":{\"@id\":\"https:\\\/\\\/canal7slp.tv\\\/2019\\\/dif-gestionara-la-habilitacion-de-un-area-de-asistencia-para-menores-de-edad-en-albergue-de-villa-de-pozos\\\/#primaryimage\"},\"thumbnailUrl\":\"https:\\\/\\\/canal7slp.tv\\\/2019\\\/wp-content\\\/uploads\\\/2019\\\/08\\\/zz1-10.jpg\",\"articleSection\":[\"LOCALES Y REGIONALES\"],\"inLanguage\":\"es\",\"potentialAction\":[{\"@type\":\"CommentAction\",\"name\":\"Comment\",\"target\":[\"https:\\\/\\\/canal7slp.tv\\\/2019\\\/dif-gestionara-la-habilitacion-de-un-area-de-asistencia-para-menores-de-edad-en-albergue-de-villa-de-pozos\\\/#respond\"]}]},{\"@type\":\"WebPage\",\"@id\":\"https:\\\/\\\/canal7slp.tv\\\/2019\\\/dif-gestionara-la-habilitacion-de-un-area-de-asistencia-para-menores-de-edad-en-albergue-de-villa-de-pozos\\\/\",\"url\":\"https:\\\/\\\/canal7slp.tv\\\/2019\\\/dif-gestionara-la-habilitacion-de-un-area-de-asistencia-para-menores-de-edad-en-albergue-de-villa-de-pozos\\\/\",\"name\":\"DIF gestionar\u00e1 la habilitaci\u00f3n de un \u00e1rea de asistencia para menores de edad en albergue de Villa de Pozos - Canal 7 SLP - 2019\",\"isPartOf\":{\"@id\":\"https:\\\/\\\/canal7slp.tv\\\/2019\\\/#website\"},\"primaryImageOfPage\":{\"@id\":\"https:\\\/\\\/canal7slp.tv\\\/2019\\\/dif-gestionara-la-habilitacion-de-un-area-de-asistencia-para-menores-de-edad-en-albergue-de-villa-de-pozos\\\/#primaryimage\"},\"image\":{\"@id\":\"https:\\\/\\\/canal7slp.tv\\\/2019\\\/dif-gestionara-la-habilitacion-de-un-area-de-asistencia-para-menores-de-edad-en-albergue-de-villa-de-pozos\\\/#primaryimage\"},\"thumbnailUrl\":\"https:\\\/\\\/canal7slp.tv\\\/2019\\\/wp-content\\\/uploads\\\/2019\\\/08\\\/zz1-10.jpg\",\"datePublished\":\"2019-08-08T18:33:25+00:00\",\"breadcrumb\":{\"@id\":\"https:\\\/\\\/canal7slp.tv\\\/2019\\\/dif-gestionara-la-habilitacion-de-un-area-de-asistencia-para-menores-de-edad-en-albergue-de-villa-de-pozos\\\/#breadcrumb\"},\"inLanguage\":\"es\",\"potentialAction\":[{\"@type\":\"ReadAction\",\"target\":[\"https:\\\/\\\/canal7slp.tv\\\/2019\\\/dif-gestionara-la-habilitacion-de-un-area-de-asistencia-para-menores-de-edad-en-albergue-de-villa-de-pozos\\\/\"]}]},{\"@type\":\"ImageObject\",\"inLanguage\":\"es\",\"@id\":\"https:\\\/\\\/canal7slp.tv\\\/2019\\\/dif-gestionara-la-habilitacion-de-un-area-de-asistencia-para-menores-de-edad-en-albergue-de-villa-de-pozos\\\/#primaryimage\",\"url\":\"https:\\\/\\\/canal7slp.tv\\\/2019\\\/wp-content\\\/uploads\\\/2019\\\/08\\\/zz1-10.jpg\",\"contentUrl\":\"https:\\\/\\\/canal7slp.tv\\\/2019\\\/wp-content\\\/uploads\\\/2019\\\/08\\\/zz1-10.jpg\",\"width\":728,\"height\":410},{\"@type\":\"BreadcrumbList\",\"@id\":\"https:\\\/\\\/canal7slp.tv\\\/2019\\\/dif-gestionara-la-habilitacion-de-un-area-de-asistencia-para-menores-de-edad-en-albergue-de-villa-de-pozos\\\/#breadcrumb\",\"itemListElement\":[{\"@type\":\"ListItem\",\"position\":1,\"name\":\"Home\",\"item\":\"https:\\\/\\\/canal7slp.tv\\\/2019\\\/\"},{\"@type\":\"ListItem\",\"position\":2,\"name\":\"DIF gestionar\u00e1 la habilitaci\u00f3n de un \u00e1rea de asistencia para menores de edad en albergue de Villa de Pozos\"}]},{\"@type\":\"WebSite\",\"@id\":\"https:\\\/\\\/canal7slp.tv\\\/2019\\\/#website\",\"url\":\"https:\\\/\\\/canal7slp.tv\\\/2019\\\/\",\"name\":\"Canal 7 SLP - Somos TV\",\"description\":\"Somos un Canal de 10\",\"publisher\":{\"@id\":\"https:\\\/\\\/canal7slp.tv\\\/2019\\\/#organization\"},\"potentialAction\":[{\"@type\":\"SearchAction\",\"target\":{\"@type\":\"EntryPoint\",\"urlTemplate\":\"https:\\\/\\\/canal7slp.tv\\\/2019\\\/?s={search_term_string}\"},\"query-input\":{\"@type\":\"PropertyValueSpecification\",\"valueRequired\":true,\"valueName\":\"search_term_string\"}}],\"inLanguage\":\"es\"},{\"@type\":\"Organization\",\"@id\":\"https:\\\/\\\/canal7slp.tv\\\/2019\\\/#organization\",\"name\":\"Comunicaci\u00f3n 2000 S.A. de C.V.\",\"url\":\"https:\\\/\\\/canal7slp.tv\\\/2019\\\/\",\"logo\":{\"@type\":\"ImageObject\",\"inLanguage\":\"es\",\"@id\":\"https:\\\/\\\/canal7slp.tv\\\/2019\\\/#\\\/schema\\\/logo\\\/image\\\/\",\"url\":\"https:\\\/\\\/canal7slp.tv\\\/2019\\\/wp-content\\\/uploads\\\/2019\\\/07\\\/logo-c7.png\",\"contentUrl\":\"https:\\\/\\\/canal7slp.tv\\\/2019\\\/wp-content\\\/uploads\\\/2019\\\/07\\\/logo-c7.png\",\"width\":220,\"height\":60,\"caption\":\"Comunicaci\u00f3n 2000 S.A. de C.V.\"},\"image\":{\"@id\":\"https:\\\/\\\/canal7slp.tv\\\/2019\\\/#\\\/schema\\\/logo\\\/image\\\/\"},\"sameAs\":[\"https:\\\/\\\/www.facebook.com\\\/CANAL7SLP\\\/\",\"https:\\\/\\\/x.com\\\/canal7_slp\",\"https:\\\/\\\/www.instagram.com\\\/canal7_slp\",\"https:\\\/\\\/www.youtube.com\\\/user\\\/NOTICIEROSCANAL7SLP\\\/\"]},{\"@type\":\"Person\",\"@id\":\"https:\\\/\\\/canal7slp.tv\\\/2019\\\/#\\\/schema\\\/person\\\/11d941c1c6ca30ac0a46b95fa37aa2e3\",\"name\":\"edicionweb\",\"image\":{\"@type\":\"ImageObject\",\"inLanguage\":\"es\",\"@id\":\"https:\\\/\\\/secure.gravatar.com\\\/avatar\\\/eee448fc3f7164808013b816ba91ac7e43bbe82a70bebac296f8bc6f0addaa1a?s=96&d=mm&r=g\",\"url\":\"https:\\\/\\\/secure.gravatar.com\\\/avatar\\\/eee448fc3f7164808013b816ba91ac7e43bbe82a70bebac296f8bc6f0addaa1a?s=96&d=mm&r=g\",\"contentUrl\":\"https:\\\/\\\/secure.gravatar.com\\\/avatar\\\/eee448fc3f7164808013b816ba91ac7e43bbe82a70bebac296f8bc6f0addaa1a?s=96&d=mm&r=g\",\"caption\":\"edicionweb\"}}]}<\/script>\n<!-- \/ Yoast SEO plugin. -->","yoast_head_json":{"title":"DIF gestionar\u00e1 la habilitaci\u00f3n de un \u00e1rea de asistencia para menores de edad en albergue de Villa de Pozos - Canal 7 SLP - 2019","robots":{"index":"index","follow":"follow","max-snippet":"max-snippet:-1","max-image-preview":"max-image-preview:large","max-video-preview":"max-video-preview:-1"},"canonical":"https:\/\/canal7slp.tv\/2019\/dif-gestionara-la-habilitacion-de-un-area-de-asistencia-para-menores-de-edad-en-albergue-de-villa-de-pozos\/","og_locale":"es_ES","og_type":"article","og_title":"DIF gestionar\u00e1 la habilitaci\u00f3n de un \u00e1rea de asistencia para menores de edad en albergue de Villa de Pozos - Canal 7 SLP - 2019","og_description":"SLP.- El Sistema Municipal para el Desarrollo Integral de la Familia (DIF) gestionar\u00e1 la habilitaci\u00f3n de un \u00e1rea de Asistencia a Ni\u00f1as, Ni\u00f1os y Adolescentes en el albergue ubicado en Villa de Pozos -este proyecto requerir\u00eda una inversi\u00f3n de tres millones de pesos-. Tentativamente se har\u00e1 la propuesta, en busca de la obtenci\u00f3n de recurso [&hellip;]","og_url":"https:\/\/canal7slp.tv\/2019\/dif-gestionara-la-habilitacion-de-un-area-de-asistencia-para-menores-de-edad-en-albergue-de-villa-de-pozos\/","og_site_name":"Canal 7 SLP - 2019","article_publisher":"https:\/\/www.facebook.com\/CANAL7SLP\/","article_published_time":"2019-08-08T18:33:25+00:00","og_image":[{"width":728,"height":410,"url":"https:\/\/canal7slp.tv\/2019\/wp-content\/uploads\/2019\/08\/zz1-10.jpg","type":"image\/jpeg"}],"author":"edicionweb","twitter_card":"summary_large_image","twitter_creator":"@canal7_slp","twitter_site":"@canal7_slp","twitter_misc":{"Escrito por":"edicionweb","Tiempo de lectura":"2 minutos"},"schema":{"@context":"https:\/\/schema.org","@graph":[{"@type":"Article","@id":"https:\/\/canal7slp.tv\/2019\/dif-gestionara-la-habilitacion-de-un-area-de-asistencia-para-menores-de-edad-en-albergue-de-villa-de-pozos\/#article","isPartOf":{"@id":"https:\/\/canal7slp.tv\/2019\/dif-gestionara-la-habilitacion-de-un-area-de-asistencia-para-menores-de-edad-en-albergue-de-villa-de-pozos\/"},"author":{"name":"edicionweb","@id":"https:\/\/canal7slp.tv\/2019\/#\/schema\/person\/11d941c1c6ca30ac0a46b95fa37aa2e3"},"headline":"DIF gestionar\u00e1 la habilitaci\u00f3n de un \u00e1rea de asistencia para menores de edad en albergue de Villa de Pozos","datePublished":"2019-08-08T18:33:25+00:00","mainEntityOfPage":{"@id":"https:\/\/canal7slp.tv\/2019\/dif-gestionara-la-habilitacion-de-un-area-de-asistencia-para-menores-de-edad-en-albergue-de-villa-de-pozos\/"},"wordCount":407,"commentCount":0,"publisher":{"@id":"https:\/\/canal7slp.tv\/2019\/#organization"},"image":{"@id":"https:\/\/canal7slp.tv\/2019\/dif-gestionara-la-habilitacion-de-un-area-de-asistencia-para-menores-de-edad-en-albergue-de-villa-de-pozos\/#primaryimage"},"thumbnailUrl":"https:\/\/canal7slp.tv\/2019\/wp-content\/uploads\/2019\/08\/zz1-10.jpg","articleSection":["LOCALES Y REGIONALES"],"inLanguage":"es","potentialAction":[{"@type":"CommentAction","name":"Comment","target":["https:\/\/canal7slp.tv\/2019\/dif-gestionara-la-habilitacion-de-un-area-de-asistencia-para-menores-de-edad-en-albergue-de-villa-de-pozos\/#respond"]}]},{"@type":"WebPage","@id":"https:\/\/canal7slp.tv\/2019\/dif-gestionara-la-habilitacion-de-un-area-de-asistencia-para-menores-de-edad-en-albergue-de-villa-de-pozos\/","url":"https:\/\/canal7slp.tv\/2019\/dif-gestionara-la-habilitacion-de-un-area-de-asistencia-para-menores-de-edad-en-albergue-de-villa-de-pozos\/","name":"DIF gestionar\u00e1 la habilitaci\u00f3n de un \u00e1rea de asistencia para menores de edad en albergue de Villa de Pozos - Canal 7 SLP - 2019","isPartOf":{"@id":"https:\/\/canal7slp.tv\/2019\/#website"},"primaryImageOfPage":{"@id":"https:\/\/canal7slp.tv\/2019\/dif-gestionara-la-habilitacion-de-un-area-de-asistencia-para-menores-de-edad-en-albergue-de-villa-de-pozos\/#primaryimage"},"image":{"@id":"https:\/\/canal7slp.tv\/2019\/dif-gestionara-la-habilitacion-de-un-area-de-asistencia-para-menores-de-edad-en-albergue-de-villa-de-pozos\/#primaryimage"},"thumbnailUrl":"https:\/\/canal7slp.tv\/2019\/wp-content\/uploads\/2019\/08\/zz1-10.jpg","datePublished":"2019-08-08T18:33:25+00:00","breadcrumb":{"@id":"https:\/\/canal7slp.tv\/2019\/dif-gestionara-la-habilitacion-de-un-area-de-asistencia-para-menores-de-edad-en-albergue-de-villa-de-pozos\/#breadcrumb"},"inLanguage":"es","potentialAction":[{"@type":"ReadAction","target":["https:\/\/canal7slp.tv\/2019\/dif-gestionara-la-habilitacion-de-un-area-de-asistencia-para-menores-de-edad-en-albergue-de-villa-de-pozos\/"]}]},{"@type":"ImageObject","inLanguage":"es","@id":"https:\/\/canal7slp.tv\/2019\/dif-gestionara-la-habilitacion-de-un-area-de-asistencia-para-menores-de-edad-en-albergue-de-villa-de-pozos\/#primaryimage","url":"https:\/\/canal7slp.tv\/2019\/wp-content\/uploads\/2019\/08\/zz1-10.jpg","contentUrl":"https:\/\/canal7slp.tv\/2019\/wp-content\/uploads\/2019\/08\/zz1-10.jpg","width":728,"height":410},{"@type":"BreadcrumbList","@id":"https:\/\/canal7slp.tv\/2019\/dif-gestionara-la-habilitacion-de-un-area-de-asistencia-para-menores-de-edad-en-albergue-de-villa-de-pozos\/#breadcrumb","itemListElement":[{"@type":"ListItem","position":1,"name":"Home","item":"https:\/\/canal7slp.tv\/2019\/"},{"@type":"ListItem","position":2,"name":"DIF gestionar\u00e1 la habilitaci\u00f3n de un \u00e1rea de asistencia para menores de edad en albergue de Villa de Pozos"}]},{"@type":"WebSite","@id":"https:\/\/canal7slp.tv\/2019\/#website","url":"https:\/\/canal7slp.tv\/2019\/","name":"Canal 7 SLP - Somos TV","description":"Somos un Canal de 10","publisher":{"@id":"https:\/\/canal7slp.tv\/2019\/#organization"},"potentialAction":[{"@type":"SearchAction","target":{"@type":"EntryPoint","urlTemplate":"https:\/\/canal7slp.tv\/2019\/?s={search_term_string}"},"query-input":{"@type":"PropertyValueSpecification","valueRequired":true,"valueName":"search_term_string"}}],"inLanguage":"es"},{"@type":"Organization","@id":"https:\/\/canal7slp.tv\/2019\/#organization","name":"Comunicaci\u00f3n 2000 S.A. de C.V.","url":"https:\/\/canal7slp.tv\/2019\/","logo":{"@type":"ImageObject","inLanguage":"es","@id":"https:\/\/canal7slp.tv\/2019\/#\/schema\/logo\/image\/","url":"https:\/\/canal7slp.tv\/2019\/wp-content\/uploads\/2019\/07\/logo-c7.png","contentUrl":"https:\/\/canal7slp.tv\/2019\/wp-content\/uploads\/2019\/07\/logo-c7.png","width":220,"height":60,"caption":"Comunicaci\u00f3n 2000 S.A. de C.V."},"image":{"@id":"https:\/\/canal7slp.tv\/2019\/#\/schema\/logo\/image\/"},"sameAs":["https:\/\/www.facebook.com\/CANAL7SLP\/","https:\/\/x.com\/canal7_slp","https:\/\/www.instagram.com\/canal7_slp","https:\/\/www.youtube.com\/user\/NOTICIEROSCANAL7SLP\/"]},{"@type":"Person","@id":"https:\/\/canal7slp.tv\/2019\/#\/schema\/person\/11d941c1c6ca30ac0a46b95fa37aa2e3","name":"edicionweb","image":{"@type":"ImageObject","inLanguage":"es","@id":"https:\/\/secure.gravatar.com\/avatar\/eee448fc3f7164808013b816ba91ac7e43bbe82a70bebac296f8bc6f0addaa1a?s=96&d=mm&r=g","url":"https:\/\/secure.gravatar.com\/avatar\/eee448fc3f7164808013b816ba91ac7e43bbe82a70bebac296f8bc6f0addaa1a?s=96&d=mm&r=g","contentUrl":"https:\/\/secure.gravatar.com\/avatar\/eee448fc3f7164808013b816ba91ac7e43bbe82a70bebac296f8bc6f0addaa1a?s=96&d=mm&r=g","caption":"edicionweb"}}]}},"amp_enabled":true,"cmb2":{"video_ids_in_playlist":{"vid_p_videos":""},"video_ids_in_channel":{"vid_c_videos":""},"playlist_ids_in_channel":{"vid_c_playlists":""},"series_ids_in_channel":{"vid_c_series":""},"channel_images":{"vid_c_logo":"","vid_c_banner":""},"poster_feature_image":{"vid_m_poster_image":""},"gif_feature_image":{"vid_m_gif_image":""},"video_movie_settings":{"vid_m_director":"","vid_m_actor":"","vid_m_imdb_ratings":"","vid_m_amazon_associates":""},"vid_youtube_broadcasts_settings":{"vid_yb_broadcast_title":"","vid_yb_q":"","vid_yb_channelid":"","vid_yb_videocategoryid":"","vid_yb_maxresults":"","vid_yb_order":"","vid_yb_regioncode":"","vid_yb_videosyndicated":"","vid_yb_style":"","vid_yb_reload_first":""},"video_series_settings":{"vid_m_director":"","vid_m_actor":"","vid_m_imdb_ratings":"","video_series_group":""},"amazon_associates_settings":{"amazon_associates":"","amazon_native_ad":""},"vid_youtube_automatic_settings":{"vid_ya_youtube_source":"","vid_ya_update_every":"","vid_ya_update_unit":"","vid_ya_categories":"","vid_ya_published_after":"","vid_ya_published_before":"","vid_ya_playlists":"","vid_ya_channels":"","vid_ya_director":"","vid_ya_actor":"","vid_ya_author":"","vid_ya_import_post_date":"","vid_ya_status":"","vid_ya_sub_api_key":""},"vid_ads_m_videoads_settings_post":{"vid_ads_m_video_ads":"","vid_ads_m_video_ads_type":"","vid_ads_m_group_google_ima":"","vid_ads_m_group_image":"","vid_ads_m_group_html5_video":"","vid_ads_m_group_html":"","vid_ads_m_vast_preroll":"","vid_ads_m_vast_postroll":"","vid_ads_m_vast_pauseroll":"","vid_ads_m_vast_midroll":[{"vid_ads_m_vast_timer_seconds":"50"}],"vid_ads_m_time_to_show_ads":"","vid_ads_m_time_skip_ads":"","vid_ads_m_time_to_hide_ads":""},"page_slider_settings":{"display_slider_group":"","page_slider_group":""},"blog_page_settings":{"blog_page_title":"","blog_page_heading":"","blog_page_ic":"","blog_page_it":"","blog_page_ec":"","blog_page_ip":"","archive_loop_style":"","blog_image_ratio":"","blog_show_categories":"","blog_show_excerpt":"","blog_show_author":"","blog_show_date":"","blog_show_comment_count":"","blog_show_view_count":"","blog_show_like_count":"","blog_show_dislike_count":"","blog_items_per_page":"","blog_pag_type":""},"page_options":{"get_page_template":"","color_mode":"","main_layout":"","main_layout_full_with":"","main_logo":"","main_logo_retina":"","main_logo_mobile":"","main_logo_mobile_retina":"","sticky_logo":"","sticky_logo_retina":"","main_nav_layout":"","ajax_search":"","header_background":"","theme_sidebar":"","instagram_feed":"","instagram_feed_position":"","popular_videos":"","popular_videos_title_1":"","popular_videos_title_2":"","popular_videos_ic":"","popular_videos_it":"","theme_background":"","page_custom_css":""},"feature_image_settings":{"feature_image_position":""},"video_player_settings":{"single_video_style":"","video_player_position":"","vm_video_url":"","video_player_library":"","video_streaming":"","vm_media_sources":"","vid_auto_play":"","vm_video_shortcode":"","vid_p_sync_playlist":"","vid_c_sync_channel":"","get_post_format":"","multiple_links_structure":"default","multi_links_title":"","vm_video_multi_links":"","vm_duration":"","vid_social_locker":"off","vid_social_locker_id":"","vid_membership_action":"content-video","vm_video_trailer_url":"","vid_download_type":"free","vid_download_target":"download","vid_woo_product":"","vm_media_download":"","user_rating":"","user_rating_position":"","user_rating_mode":"","user_rating_multi_sets":""},"video_auto_fetch_settings":{"vm_video_fetch":"on"},"video_fake_views_likes":{"vm_fake_views":"","vm_fake_likes":"","vm_fake_dislikes":""},"gallery_settings":{"gallery_position":""},"quote_settings":{"quote_position":""},"post_options":{"main_layout":"","main_logo":"","main_logo_retina":"","main_logo_mobile":"","main_logo_mobile_retina":"","sticky_logo":"","sticky_logo_retina":"","main_nav_layout":"","header_background":"","theme_sidebar":"","single_post_comment_type":"","theme_background":""}},"_links":{"self":[{"href":"https:\/\/canal7slp.tv\/2019\/wp-json\/wp\/v2\/posts\/46368","targetHints":{"allow":["GET"]}}],"collection":[{"href":"https:\/\/canal7slp.tv\/2019\/wp-json\/wp\/v2\/posts"}],"about":[{"href":"https:\/\/canal7slp.tv\/2019\/wp-json\/wp\/v2\/types\/post"}],"author":[{"embeddable":true,"href":"https:\/\/canal7slp.tv\/2019\/wp-json\/wp\/v2\/users\/2"}],"replies":[{"embeddable":true,"href":"https:\/\/canal7slp.tv\/2019\/wp-json\/wp\/v2\/comments?post=46368"}],"version-history":[{"count":0,"href":"https:\/\/canal7slp.tv\/2019\/wp-json\/wp\/v2\/posts\/46368\/revisions"}],"wp:featuredmedia":[{"embeddable":true,"href":"https:\/\/canal7slp.tv\/2019\/wp-json\/wp\/v2\/media\/46370"}],"wp:attachment":[{"href":"https:\/\/canal7slp.tv\/2019\/wp-json\/wp\/v2\/media?parent=46368"}],"wp:term":[{"taxonomy":"category","embeddable":true,"href":"https:\/\/canal7slp.tv\/2019\/wp-json\/wp\/v2\/categories?post=46368"},{"taxonomy":"post_tag","embeddable":true,"href":"https:\/\/canal7slp.tv\/2019\/wp-json\/wp\/v2\/tags?post=46368"}],"curies":[{"name":"wp","href":"https:\/\/api.w.org\/{rel}","templated":true}]}}