{"id":46341,"date":"2019-08-08T12:42:55","date_gmt":"2019-08-08T17:42:55","guid":{"rendered":"https:\/\/canal7slp.tv\/2019\/?p=46341"},"modified":"2019-08-08T12:42:55","modified_gmt":"2019-08-08T17:42:55","slug":"antes-no-le-temia-a-nada-hoy-me-da-miedo-el-futuro-alex-ubago","status":"publish","type":"post","link":"https:\/\/canal7slp.tv\/2019\/antes-no-le-temia-a-nada-hoy-me-da-miedo-el-futuro-alex-ubago\/","title":{"rendered":"Antes no le tem\u00eda a nada, hoy me da miedo el futuro: \u00c1lex Ubago"},"content":{"rendered":"<p style=\"text-align: justify;\">M\u00e9xico, 7 Ago (Notimex).- En 2001, \u00c1lex Ubago irrumpi\u00f3 en la m\u00fasica con su primer disco titulado \u00bfQu\u00e9 pides t\u00fa?. Uno de los sencillos en promoci\u00f3n fue Sin miedo a nada y en efecto, en aquel entonces no le tem\u00eda a nada, pero hoy s\u00ed.<\/p>\n<p style=\"text-align: justify;\">\u201cTen\u00eda 19 a\u00f1os y a esa edad, no piensas en miedos. Los tienes durante tu infancia porque te vas formando y buscas tu seguridad. Cuando eres adolescente, tampoco guardas miedos porque eres m\u00e1s atrevido, osado e inconsciente. Pero al crecer, aparecen todos los que nunca tuviste\u201d, expres\u00f3.<\/p>\n<p style=\"text-align: justify;\">En entrevista con Notimex, v\u00eda telef\u00f3nica desde San Sebasti\u00e1n, Espa\u00f1a, se\u00f1al\u00f3 que el miedo es un sentimiento b\u00e1sico en el ser humano, lo mismo que la alegr\u00eda, la tristeza y el enfado.<\/p>\n<p style=\"text-align: justify;\">Aunque trata de superarlos lo mejor posible, a veces siente que no puede cuando su familia est\u00e1 vulnerable ante ciertas situaciones fuera de su alcance, frente a los problemas ambientales, la pol\u00edtica mundial y la violencia entre los seres humanos.<\/p>\n<p style=\"text-align: justify;\">\u201cLe temo al futuro. A las enfermedades, al sufrimiento de mis seres queridos y a la muerte, sobre todo ahora que tengo hijos. Me preocupa, por ejemplo, el bullying al que ellos est\u00e1n expuestos en su escuela y la deficiente educaci\u00f3n en las mismas.<\/p>\n<p style=\"text-align: justify;\">\u201cMe aterra el medio ambiente que le estamos dejando a nuestros hijos, porque nos estamos acabando los mares. Me aterran ciertos pol\u00edticos y sus trampas o algunos programas de televisi\u00f3n. En realidad, todos mis miedos tienen que ver con mis seres m\u00e1s cercanos, quisiera que nada les pasara\u201d.<\/p>\n<p style=\"text-align: justify;\">\u00c1lex Ubago vuelve a la m\u00fasica y presenta Maldito miedo, el primer sencillo que formar\u00e1 parte de su nuevo disco en el que se atreve a salir de su zona de confort y probar con nuevos ritmos, el reggaet\u00f3n, es uno de ellos.<\/p>\n<p style=\"text-align: justify;\">\u201cEs una canci\u00f3n que justamente habla de lo importante que es superar los miedos. La letra tiene un trasfondo muy positivo porque se refiere a ser valiente, a dar el paso y atreverse; a no quedarse con la duda de qu\u00e9 habr\u00eda pasado si hubiera dicho tal cosa.<\/p>\n<p style=\"text-align: justify;\">\u201cDesde ah\u00ed tenemos que aprender a que no vale la pena asustarse o torturase demasiado con el futuro sino vivir el presente y que sea lo que tenga que ser. Cuando uno supera los miedos, se siente y proyectas una vibra mejor\u201d.<\/p>\n<p style=\"text-align: justify;\">En Maldito miedo, \u00c1lex Ubago interpreta a dueto con el cantautor espa\u00f1ol Soge Culebra, quien ha destacado en los ritmos urbanos.<\/p>\n<p style=\"text-align: justify;\">\u201cVenc\u00ed mis miedos ante la necesidad de actualizarme, de sentir que deb\u00eda refrescar mi sonido y renovarlo. Tambi\u00e9n lo hice porque es la m\u00fasica que escucho ahorita, aunque no dejo de o\u00edr la cl\u00e1sica; sin embargo, creo que debemos modernizarnos\u201d.<\/p>\n<p style=\"text-align: justify;\">El autor de \u00e9xitos como A gritos de esperanza y Aunque no te pueda ver, admiti\u00f3 que, con casi 20 a\u00f1os de trayectoria, le dieron nervios e incertidumbre por cambiar de giro, pues no sab\u00eda c\u00f3mo lo iba a recibir el p\u00fablico.<\/p>\n<p style=\"text-align: justify;\">\u201cPor fortuna, la respuesta ha sido favorable. Ya quer\u00eda sentir que mis canciones sonaran actuales, pero sin traicionarme, sin perder mi esencia, sin dejar de ser \u00c1lex Ubago. Busqu\u00e9 algo con lo que me sintiera identificado y c\u00f3modo al contar historias\u201d.<\/p>\n<p style=\"text-align: justify;\">Podr\u00eda ser a finales de a\u00f1o cuando d\u00e9 a conocer su nuevo disco y a su vez planee viajar a M\u00e9xico para promocionarlo.<\/p>\n","protected":false},"excerpt":{"rendered":"<p>M\u00e9xico, 7 Ago (Notimex).- En 2001, \u00c1lex Ubago irrumpi\u00f3 en la m\u00fasica con su primer disco titulado \u00bfQu\u00e9 pides t\u00fa?. Uno de los sencillos en promoci\u00f3n fue Sin miedo a nada y en efecto, en aquel entonces no le tem\u00eda a nada, pero hoy s\u00ed. \u201cTen\u00eda 19 a\u00f1os y a esa edad, no piensas en [&hellip;]<\/p>\n","protected":false},"author":2,"featured_media":46344,"comment_status":"open","ping_status":"closed","sticky":false,"template":"","format":"standard","meta":{"footnotes":""},"categories":[24],"tags":[],"class_list":["post-46341","post","type-post","status-publish","format-standard","has-post-thumbnail","hentry","category-espectaculos"],"yoast_head":"<!-- This site is optimized with the Yoast SEO plugin v27.5 - https:\/\/yoast.com\/product\/yoast-seo-wordpress\/ -->\n<title>Antes no le tem\u00eda a nada, hoy me da miedo el futuro: \u00c1lex Ubago - Canal 7 SLP - 2019<\/title>\n<meta name=\"robots\" content=\"index, follow, max-snippet:-1, max-image-preview:large, max-video-preview:-1\" \/>\n<link rel=\"canonical\" href=\"https:\/\/canal7slp.tv\/2019\/antes-no-le-temia-a-nada-hoy-me-da-miedo-el-futuro-alex-ubago\/\" \/>\n<meta property=\"og:locale\" content=\"es_ES\" \/>\n<meta property=\"og:type\" content=\"article\" \/>\n<meta property=\"og:title\" content=\"Antes no le tem\u00eda a nada, hoy me da miedo el futuro: \u00c1lex Ubago - Canal 7 SLP - 2019\" \/>\n<meta property=\"og:description\" content=\"M\u00e9xico, 7 Ago (Notimex).- En 2001, \u00c1lex Ubago irrumpi\u00f3 en la m\u00fasica con su primer disco titulado \u00bfQu\u00e9 pides t\u00fa?. Uno de los sencillos en promoci\u00f3n fue Sin miedo a nada y en efecto, en aquel entonces no le tem\u00eda a nada, pero hoy s\u00ed. \u201cTen\u00eda 19 a\u00f1os y a esa edad, no piensas en [&hellip;]\" \/>\n<meta property=\"og:url\" content=\"https:\/\/canal7slp.tv\/2019\/antes-no-le-temia-a-nada-hoy-me-da-miedo-el-futuro-alex-ubago\/\" \/>\n<meta property=\"og:site_name\" content=\"Canal 7 SLP - 2019\" \/>\n<meta property=\"article:publisher\" content=\"https:\/\/www.facebook.com\/CANAL7SLP\/\" \/>\n<meta property=\"article:published_time\" content=\"2019-08-08T17:42:55+00:00\" \/>\n<meta property=\"og:image\" content=\"https:\/\/canal7slp.tv\/2019\/wp-content\/uploads\/2019\/08\/02-6.jpg\" \/>\n\t<meta property=\"og:image:width\" content=\"683\" \/>\n\t<meta property=\"og:image:height\" content=\"410\" \/>\n\t<meta property=\"og:image:type\" content=\"image\/jpeg\" \/>\n<meta name=\"author\" content=\"edicionweb\" \/>\n<meta name=\"twitter:card\" content=\"summary_large_image\" \/>\n<meta name=\"twitter:creator\" content=\"@canal7_slp\" \/>\n<meta name=\"twitter:site\" content=\"@canal7_slp\" \/>\n<meta name=\"twitter:label1\" content=\"Escrito por\" \/>\n\t<meta name=\"twitter:data1\" content=\"edicionweb\" \/>\n\t<meta name=\"twitter:label2\" content=\"Tiempo de lectura\" \/>\n\t<meta name=\"twitter:data2\" content=\"3 minutos\" \/>\n<script type=\"application\/ld+json\" class=\"yoast-schema-graph\">{\"@context\":\"https:\\\/\\\/schema.org\",\"@graph\":[{\"@type\":\"Article\",\"@id\":\"https:\\\/\\\/canal7slp.tv\\\/2019\\\/antes-no-le-temia-a-nada-hoy-me-da-miedo-el-futuro-alex-ubago\\\/#article\",\"isPartOf\":{\"@id\":\"https:\\\/\\\/canal7slp.tv\\\/2019\\\/antes-no-le-temia-a-nada-hoy-me-da-miedo-el-futuro-alex-ubago\\\/\"},\"author\":{\"name\":\"edicionweb\",\"@id\":\"https:\\\/\\\/canal7slp.tv\\\/2019\\\/#\\\/schema\\\/person\\\/11d941c1c6ca30ac0a46b95fa37aa2e3\"},\"headline\":\"Antes no le tem\u00eda a nada, hoy me da miedo el futuro: \u00c1lex Ubago\",\"datePublished\":\"2019-08-08T17:42:55+00:00\",\"mainEntityOfPage\":{\"@id\":\"https:\\\/\\\/canal7slp.tv\\\/2019\\\/antes-no-le-temia-a-nada-hoy-me-da-miedo-el-futuro-alex-ubago\\\/\"},\"wordCount\":607,\"commentCount\":0,\"publisher\":{\"@id\":\"https:\\\/\\\/canal7slp.tv\\\/2019\\\/#organization\"},\"image\":{\"@id\":\"https:\\\/\\\/canal7slp.tv\\\/2019\\\/antes-no-le-temia-a-nada-hoy-me-da-miedo-el-futuro-alex-ubago\\\/#primaryimage\"},\"thumbnailUrl\":\"https:\\\/\\\/canal7slp.tv\\\/2019\\\/wp-content\\\/uploads\\\/2019\\\/08\\\/02-6.jpg\",\"articleSection\":[\"ESPECTACULOS\"],\"inLanguage\":\"es\",\"potentialAction\":[{\"@type\":\"CommentAction\",\"name\":\"Comment\",\"target\":[\"https:\\\/\\\/canal7slp.tv\\\/2019\\\/antes-no-le-temia-a-nada-hoy-me-da-miedo-el-futuro-alex-ubago\\\/#respond\"]}]},{\"@type\":\"WebPage\",\"@id\":\"https:\\\/\\\/canal7slp.tv\\\/2019\\\/antes-no-le-temia-a-nada-hoy-me-da-miedo-el-futuro-alex-ubago\\\/\",\"url\":\"https:\\\/\\\/canal7slp.tv\\\/2019\\\/antes-no-le-temia-a-nada-hoy-me-da-miedo-el-futuro-alex-ubago\\\/\",\"name\":\"Antes no le tem\u00eda a nada, hoy me da miedo el futuro: \u00c1lex Ubago - Canal 7 SLP - 2019\",\"isPartOf\":{\"@id\":\"https:\\\/\\\/canal7slp.tv\\\/2019\\\/#website\"},\"primaryImageOfPage\":{\"@id\":\"https:\\\/\\\/canal7slp.tv\\\/2019\\\/antes-no-le-temia-a-nada-hoy-me-da-miedo-el-futuro-alex-ubago\\\/#primaryimage\"},\"image\":{\"@id\":\"https:\\\/\\\/canal7slp.tv\\\/2019\\\/antes-no-le-temia-a-nada-hoy-me-da-miedo-el-futuro-alex-ubago\\\/#primaryimage\"},\"thumbnailUrl\":\"https:\\\/\\\/canal7slp.tv\\\/2019\\\/wp-content\\\/uploads\\\/2019\\\/08\\\/02-6.jpg\",\"datePublished\":\"2019-08-08T17:42:55+00:00\",\"breadcrumb\":{\"@id\":\"https:\\\/\\\/canal7slp.tv\\\/2019\\\/antes-no-le-temia-a-nada-hoy-me-da-miedo-el-futuro-alex-ubago\\\/#breadcrumb\"},\"inLanguage\":\"es\",\"potentialAction\":[{\"@type\":\"ReadAction\",\"target\":[\"https:\\\/\\\/canal7slp.tv\\\/2019\\\/antes-no-le-temia-a-nada-hoy-me-da-miedo-el-futuro-alex-ubago\\\/\"]}]},{\"@type\":\"ImageObject\",\"inLanguage\":\"es\",\"@id\":\"https:\\\/\\\/canal7slp.tv\\\/2019\\\/antes-no-le-temia-a-nada-hoy-me-da-miedo-el-futuro-alex-ubago\\\/#primaryimage\",\"url\":\"https:\\\/\\\/canal7slp.tv\\\/2019\\\/wp-content\\\/uploads\\\/2019\\\/08\\\/02-6.jpg\",\"contentUrl\":\"https:\\\/\\\/canal7slp.tv\\\/2019\\\/wp-content\\\/uploads\\\/2019\\\/08\\\/02-6.jpg\",\"width\":683,\"height\":410},{\"@type\":\"BreadcrumbList\",\"@id\":\"https:\\\/\\\/canal7slp.tv\\\/2019\\\/antes-no-le-temia-a-nada-hoy-me-da-miedo-el-futuro-alex-ubago\\\/#breadcrumb\",\"itemListElement\":[{\"@type\":\"ListItem\",\"position\":1,\"name\":\"Home\",\"item\":\"https:\\\/\\\/canal7slp.tv\\\/2019\\\/\"},{\"@type\":\"ListItem\",\"position\":2,\"name\":\"Antes no le tem\u00eda a nada, hoy me da miedo el futuro: \u00c1lex Ubago\"}]},{\"@type\":\"WebSite\",\"@id\":\"https:\\\/\\\/canal7slp.tv\\\/2019\\\/#website\",\"url\":\"https:\\\/\\\/canal7slp.tv\\\/2019\\\/\",\"name\":\"Canal 7 SLP - Somos TV\",\"description\":\"Somos un Canal de 10\",\"publisher\":{\"@id\":\"https:\\\/\\\/canal7slp.tv\\\/2019\\\/#organization\"},\"potentialAction\":[{\"@type\":\"SearchAction\",\"target\":{\"@type\":\"EntryPoint\",\"urlTemplate\":\"https:\\\/\\\/canal7slp.tv\\\/2019\\\/?s={search_term_string}\"},\"query-input\":{\"@type\":\"PropertyValueSpecification\",\"valueRequired\":true,\"valueName\":\"search_term_string\"}}],\"inLanguage\":\"es\"},{\"@type\":\"Organization\",\"@id\":\"https:\\\/\\\/canal7slp.tv\\\/2019\\\/#organization\",\"name\":\"Comunicaci\u00f3n 2000 S.A. de C.V.\",\"url\":\"https:\\\/\\\/canal7slp.tv\\\/2019\\\/\",\"logo\":{\"@type\":\"ImageObject\",\"inLanguage\":\"es\",\"@id\":\"https:\\\/\\\/canal7slp.tv\\\/2019\\\/#\\\/schema\\\/logo\\\/image\\\/\",\"url\":\"https:\\\/\\\/canal7slp.tv\\\/2019\\\/wp-content\\\/uploads\\\/2019\\\/07\\\/logo-c7.png\",\"contentUrl\":\"https:\\\/\\\/canal7slp.tv\\\/2019\\\/wp-content\\\/uploads\\\/2019\\\/07\\\/logo-c7.png\",\"width\":220,\"height\":60,\"caption\":\"Comunicaci\u00f3n 2000 S.A. de C.V.\"},\"image\":{\"@id\":\"https:\\\/\\\/canal7slp.tv\\\/2019\\\/#\\\/schema\\\/logo\\\/image\\\/\"},\"sameAs\":[\"https:\\\/\\\/www.facebook.com\\\/CANAL7SLP\\\/\",\"https:\\\/\\\/x.com\\\/canal7_slp\",\"https:\\\/\\\/www.instagram.com\\\/canal7_slp\",\"https:\\\/\\\/www.youtube.com\\\/user\\\/NOTICIEROSCANAL7SLP\\\/\"]},{\"@type\":\"Person\",\"@id\":\"https:\\\/\\\/canal7slp.tv\\\/2019\\\/#\\\/schema\\\/person\\\/11d941c1c6ca30ac0a46b95fa37aa2e3\",\"name\":\"edicionweb\",\"image\":{\"@type\":\"ImageObject\",\"inLanguage\":\"es\",\"@id\":\"https:\\\/\\\/secure.gravatar.com\\\/avatar\\\/eee448fc3f7164808013b816ba91ac7e43bbe82a70bebac296f8bc6f0addaa1a?s=96&d=mm&r=g\",\"url\":\"https:\\\/\\\/secure.gravatar.com\\\/avatar\\\/eee448fc3f7164808013b816ba91ac7e43bbe82a70bebac296f8bc6f0addaa1a?s=96&d=mm&r=g\",\"contentUrl\":\"https:\\\/\\\/secure.gravatar.com\\\/avatar\\\/eee448fc3f7164808013b816ba91ac7e43bbe82a70bebac296f8bc6f0addaa1a?s=96&d=mm&r=g\",\"caption\":\"edicionweb\"}}]}<\/script>\n<!-- \/ Yoast SEO plugin. -->","yoast_head_json":{"title":"Antes no le tem\u00eda a nada, hoy me da miedo el futuro: \u00c1lex Ubago - Canal 7 SLP - 2019","robots":{"index":"index","follow":"follow","max-snippet":"max-snippet:-1","max-image-preview":"max-image-preview:large","max-video-preview":"max-video-preview:-1"},"canonical":"https:\/\/canal7slp.tv\/2019\/antes-no-le-temia-a-nada-hoy-me-da-miedo-el-futuro-alex-ubago\/","og_locale":"es_ES","og_type":"article","og_title":"Antes no le tem\u00eda a nada, hoy me da miedo el futuro: \u00c1lex Ubago - Canal 7 SLP - 2019","og_description":"M\u00e9xico, 7 Ago (Notimex).- En 2001, \u00c1lex Ubago irrumpi\u00f3 en la m\u00fasica con su primer disco titulado \u00bfQu\u00e9 pides t\u00fa?. Uno de los sencillos en promoci\u00f3n fue Sin miedo a nada y en efecto, en aquel entonces no le tem\u00eda a nada, pero hoy s\u00ed. \u201cTen\u00eda 19 a\u00f1os y a esa edad, no piensas en [&hellip;]","og_url":"https:\/\/canal7slp.tv\/2019\/antes-no-le-temia-a-nada-hoy-me-da-miedo-el-futuro-alex-ubago\/","og_site_name":"Canal 7 SLP - 2019","article_publisher":"https:\/\/www.facebook.com\/CANAL7SLP\/","article_published_time":"2019-08-08T17:42:55+00:00","og_image":[{"width":683,"height":410,"url":"https:\/\/canal7slp.tv\/2019\/wp-content\/uploads\/2019\/08\/02-6.jpg","type":"image\/jpeg"}],"author":"edicionweb","twitter_card":"summary_large_image","twitter_creator":"@canal7_slp","twitter_site":"@canal7_slp","twitter_misc":{"Escrito por":"edicionweb","Tiempo de lectura":"3 minutos"},"schema":{"@context":"https:\/\/schema.org","@graph":[{"@type":"Article","@id":"https:\/\/canal7slp.tv\/2019\/antes-no-le-temia-a-nada-hoy-me-da-miedo-el-futuro-alex-ubago\/#article","isPartOf":{"@id":"https:\/\/canal7slp.tv\/2019\/antes-no-le-temia-a-nada-hoy-me-da-miedo-el-futuro-alex-ubago\/"},"author":{"name":"edicionweb","@id":"https:\/\/canal7slp.tv\/2019\/#\/schema\/person\/11d941c1c6ca30ac0a46b95fa37aa2e3"},"headline":"Antes no le tem\u00eda a nada, hoy me da miedo el futuro: \u00c1lex Ubago","datePublished":"2019-08-08T17:42:55+00:00","mainEntityOfPage":{"@id":"https:\/\/canal7slp.tv\/2019\/antes-no-le-temia-a-nada-hoy-me-da-miedo-el-futuro-alex-ubago\/"},"wordCount":607,"commentCount":0,"publisher":{"@id":"https:\/\/canal7slp.tv\/2019\/#organization"},"image":{"@id":"https:\/\/canal7slp.tv\/2019\/antes-no-le-temia-a-nada-hoy-me-da-miedo-el-futuro-alex-ubago\/#primaryimage"},"thumbnailUrl":"https:\/\/canal7slp.tv\/2019\/wp-content\/uploads\/2019\/08\/02-6.jpg","articleSection":["ESPECTACULOS"],"inLanguage":"es","potentialAction":[{"@type":"CommentAction","name":"Comment","target":["https:\/\/canal7slp.tv\/2019\/antes-no-le-temia-a-nada-hoy-me-da-miedo-el-futuro-alex-ubago\/#respond"]}]},{"@type":"WebPage","@id":"https:\/\/canal7slp.tv\/2019\/antes-no-le-temia-a-nada-hoy-me-da-miedo-el-futuro-alex-ubago\/","url":"https:\/\/canal7slp.tv\/2019\/antes-no-le-temia-a-nada-hoy-me-da-miedo-el-futuro-alex-ubago\/","name":"Antes no le tem\u00eda a nada, hoy me da miedo el futuro: \u00c1lex Ubago - Canal 7 SLP - 2019","isPartOf":{"@id":"https:\/\/canal7slp.tv\/2019\/#website"},"primaryImageOfPage":{"@id":"https:\/\/canal7slp.tv\/2019\/antes-no-le-temia-a-nada-hoy-me-da-miedo-el-futuro-alex-ubago\/#primaryimage"},"image":{"@id":"https:\/\/canal7slp.tv\/2019\/antes-no-le-temia-a-nada-hoy-me-da-miedo-el-futuro-alex-ubago\/#primaryimage"},"thumbnailUrl":"https:\/\/canal7slp.tv\/2019\/wp-content\/uploads\/2019\/08\/02-6.jpg","datePublished":"2019-08-08T17:42:55+00:00","breadcrumb":{"@id":"https:\/\/canal7slp.tv\/2019\/antes-no-le-temia-a-nada-hoy-me-da-miedo-el-futuro-alex-ubago\/#breadcrumb"},"inLanguage":"es","potentialAction":[{"@type":"ReadAction","target":["https:\/\/canal7slp.tv\/2019\/antes-no-le-temia-a-nada-hoy-me-da-miedo-el-futuro-alex-ubago\/"]}]},{"@type":"ImageObject","inLanguage":"es","@id":"https:\/\/canal7slp.tv\/2019\/antes-no-le-temia-a-nada-hoy-me-da-miedo-el-futuro-alex-ubago\/#primaryimage","url":"https:\/\/canal7slp.tv\/2019\/wp-content\/uploads\/2019\/08\/02-6.jpg","contentUrl":"https:\/\/canal7slp.tv\/2019\/wp-content\/uploads\/2019\/08\/02-6.jpg","width":683,"height":410},{"@type":"BreadcrumbList","@id":"https:\/\/canal7slp.tv\/2019\/antes-no-le-temia-a-nada-hoy-me-da-miedo-el-futuro-alex-ubago\/#breadcrumb","itemListElement":[{"@type":"ListItem","position":1,"name":"Home","item":"https:\/\/canal7slp.tv\/2019\/"},{"@type":"ListItem","position":2,"name":"Antes no le tem\u00eda a nada, hoy me da miedo el futuro: \u00c1lex Ubago"}]},{"@type":"WebSite","@id":"https:\/\/canal7slp.tv\/2019\/#website","url":"https:\/\/canal7slp.tv\/2019\/","name":"Canal 7 SLP - Somos TV","description":"Somos un Canal de 10","publisher":{"@id":"https:\/\/canal7slp.tv\/2019\/#organization"},"potentialAction":[{"@type":"SearchAction","target":{"@type":"EntryPoint","urlTemplate":"https:\/\/canal7slp.tv\/2019\/?s={search_term_string}"},"query-input":{"@type":"PropertyValueSpecification","valueRequired":true,"valueName":"search_term_string"}}],"inLanguage":"es"},{"@type":"Organization","@id":"https:\/\/canal7slp.tv\/2019\/#organization","name":"Comunicaci\u00f3n 2000 S.A. de C.V.","url":"https:\/\/canal7slp.tv\/2019\/","logo":{"@type":"ImageObject","inLanguage":"es","@id":"https:\/\/canal7slp.tv\/2019\/#\/schema\/logo\/image\/","url":"https:\/\/canal7slp.tv\/2019\/wp-content\/uploads\/2019\/07\/logo-c7.png","contentUrl":"https:\/\/canal7slp.tv\/2019\/wp-content\/uploads\/2019\/07\/logo-c7.png","width":220,"height":60,"caption":"Comunicaci\u00f3n 2000 S.A. de C.V."},"image":{"@id":"https:\/\/canal7slp.tv\/2019\/#\/schema\/logo\/image\/"},"sameAs":["https:\/\/www.facebook.com\/CANAL7SLP\/","https:\/\/x.com\/canal7_slp","https:\/\/www.instagram.com\/canal7_slp","https:\/\/www.youtube.com\/user\/NOTICIEROSCANAL7SLP\/"]},{"@type":"Person","@id":"https:\/\/canal7slp.tv\/2019\/#\/schema\/person\/11d941c1c6ca30ac0a46b95fa37aa2e3","name":"edicionweb","image":{"@type":"ImageObject","inLanguage":"es","@id":"https:\/\/secure.gravatar.com\/avatar\/eee448fc3f7164808013b816ba91ac7e43bbe82a70bebac296f8bc6f0addaa1a?s=96&d=mm&r=g","url":"https:\/\/secure.gravatar.com\/avatar\/eee448fc3f7164808013b816ba91ac7e43bbe82a70bebac296f8bc6f0addaa1a?s=96&d=mm&r=g","contentUrl":"https:\/\/secure.gravatar.com\/avatar\/eee448fc3f7164808013b816ba91ac7e43bbe82a70bebac296f8bc6f0addaa1a?s=96&d=mm&r=g","caption":"edicionweb"}}]}},"amp_enabled":true,"cmb2":{"video_ids_in_playlist":{"vid_p_videos":""},"video_ids_in_channel":{"vid_c_videos":""},"playlist_ids_in_channel":{"vid_c_playlists":""},"series_ids_in_channel":{"vid_c_series":""},"channel_images":{"vid_c_logo":"","vid_c_banner":""},"poster_feature_image":{"vid_m_poster_image":""},"gif_feature_image":{"vid_m_gif_image":""},"video_movie_settings":{"vid_m_director":"","vid_m_actor":"","vid_m_imdb_ratings":"","vid_m_amazon_associates":""},"vid_youtube_broadcasts_settings":{"vid_yb_broadcast_title":"","vid_yb_q":"","vid_yb_channelid":"","vid_yb_videocategoryid":"","vid_yb_maxresults":"","vid_yb_order":"","vid_yb_regioncode":"","vid_yb_videosyndicated":"","vid_yb_style":"","vid_yb_reload_first":""},"video_series_settings":{"vid_m_director":"","vid_m_actor":"","vid_m_imdb_ratings":"","video_series_group":""},"amazon_associates_settings":{"amazon_associates":"","amazon_native_ad":""},"vid_youtube_automatic_settings":{"vid_ya_youtube_source":"","vid_ya_update_every":"","vid_ya_update_unit":"","vid_ya_categories":"","vid_ya_published_after":"","vid_ya_published_before":"","vid_ya_playlists":"","vid_ya_channels":"","vid_ya_director":"","vid_ya_actor":"","vid_ya_author":"","vid_ya_import_post_date":"","vid_ya_status":"","vid_ya_sub_api_key":""},"vid_ads_m_videoads_settings_post":{"vid_ads_m_video_ads":"","vid_ads_m_video_ads_type":"","vid_ads_m_group_google_ima":"","vid_ads_m_group_image":"","vid_ads_m_group_html5_video":"","vid_ads_m_group_html":"","vid_ads_m_vast_preroll":"","vid_ads_m_vast_postroll":"","vid_ads_m_vast_pauseroll":"","vid_ads_m_vast_midroll":[{"vid_ads_m_vast_timer_seconds":"50"}],"vid_ads_m_time_to_show_ads":"","vid_ads_m_time_skip_ads":"","vid_ads_m_time_to_hide_ads":""},"page_slider_settings":{"display_slider_group":"","page_slider_group":""},"blog_page_settings":{"blog_page_title":"","blog_page_heading":"","blog_page_ic":"","blog_page_it":"","blog_page_ec":"","blog_page_ip":"","archive_loop_style":"","blog_image_ratio":"","blog_show_categories":"","blog_show_excerpt":"","blog_show_author":"","blog_show_date":"","blog_show_comment_count":"","blog_show_view_count":"","blog_show_like_count":"","blog_show_dislike_count":"","blog_items_per_page":"","blog_pag_type":""},"page_options":{"get_page_template":"","color_mode":"","main_layout":"","main_layout_full_with":"","main_logo":"","main_logo_retina":"","main_logo_mobile":"","main_logo_mobile_retina":"","sticky_logo":"","sticky_logo_retina":"","main_nav_layout":"","ajax_search":"","header_background":"","theme_sidebar":"","instagram_feed":"","instagram_feed_position":"","popular_videos":"","popular_videos_title_1":"","popular_videos_title_2":"","popular_videos_ic":"","popular_videos_it":"","theme_background":"","page_custom_css":""},"feature_image_settings":{"feature_image_position":""},"video_player_settings":{"single_video_style":"","video_player_position":"","vm_video_url":"","video_player_library":"","video_streaming":"","vm_media_sources":"","vid_auto_play":"","vm_video_shortcode":"","vid_p_sync_playlist":"","vid_c_sync_channel":"","get_post_format":"","multiple_links_structure":"default","multi_links_title":"","vm_video_multi_links":"","vm_duration":"","vid_social_locker":"off","vid_social_locker_id":"","vid_membership_action":"content-video","vm_video_trailer_url":"","vid_download_type":"free","vid_download_target":"download","vid_woo_product":"","vm_media_download":"","user_rating":"","user_rating_position":"","user_rating_mode":"","user_rating_multi_sets":""},"video_auto_fetch_settings":{"vm_video_fetch":"on"},"video_fake_views_likes":{"vm_fake_views":"","vm_fake_likes":"","vm_fake_dislikes":""},"gallery_settings":{"gallery_position":""},"quote_settings":{"quote_position":""},"post_options":{"main_layout":"","main_logo":"","main_logo_retina":"","main_logo_mobile":"","main_logo_mobile_retina":"","sticky_logo":"","sticky_logo_retina":"","main_nav_layout":"","header_background":"","theme_sidebar":"","single_post_comment_type":"","theme_background":""}},"_links":{"self":[{"href":"https:\/\/canal7slp.tv\/2019\/wp-json\/wp\/v2\/posts\/46341","targetHints":{"allow":["GET"]}}],"collection":[{"href":"https:\/\/canal7slp.tv\/2019\/wp-json\/wp\/v2\/posts"}],"about":[{"href":"https:\/\/canal7slp.tv\/2019\/wp-json\/wp\/v2\/types\/post"}],"author":[{"embeddable":true,"href":"https:\/\/canal7slp.tv\/2019\/wp-json\/wp\/v2\/users\/2"}],"replies":[{"embeddable":true,"href":"https:\/\/canal7slp.tv\/2019\/wp-json\/wp\/v2\/comments?post=46341"}],"version-history":[{"count":0,"href":"https:\/\/canal7slp.tv\/2019\/wp-json\/wp\/v2\/posts\/46341\/revisions"}],"wp:featuredmedia":[{"embeddable":true,"href":"https:\/\/canal7slp.tv\/2019\/wp-json\/wp\/v2\/media\/46344"}],"wp:attachment":[{"href":"https:\/\/canal7slp.tv\/2019\/wp-json\/wp\/v2\/media?parent=46341"}],"wp:term":[{"taxonomy":"category","embeddable":true,"href":"https:\/\/canal7slp.tv\/2019\/wp-json\/wp\/v2\/categories?post=46341"},{"taxonomy":"post_tag","embeddable":true,"href":"https:\/\/canal7slp.tv\/2019\/wp-json\/wp\/v2\/tags?post=46341"}],"curies":[{"name":"wp","href":"https:\/\/api.w.org\/{rel}","templated":true}]}}