{"id":46237,"date":"2019-08-07T19:59:39","date_gmt":"2019-08-08T00:59:39","guid":{"rendered":"https:\/\/canal7slp.tv\/2019\/?p=46237"},"modified":"2019-08-07T19:59:39","modified_gmt":"2019-08-08T00:59:39","slug":"fundamental-garantizar-el-derecho-de-la-poblacion-al-agua-potable-jm-carreras","status":"publish","type":"post","link":"https:\/\/canal7slp.tv\/2019\/fundamental-garantizar-el-derecho-de-la-poblacion-al-agua-potable-jm-carreras\/","title":{"rendered":"Fundamental garantizar el derecho de la poblaci\u00f3n al agua potable: JM Carreras"},"content":{"rendered":"<p style=\"text-align: justify;\">Tierra Nueva.- Tras realizar una gira de trabajo por este municipio, donde entreg\u00f3 la pavimentaci\u00f3n de calles y supervis\u00f3 los avances de la segunda y tercera etapa del Sistema General de Agua Potable, el Gobernador del Estado, Juan Manuel Carreras L\u00f3pez, indic\u00f3 que es fundamental la suma de esfuerzos de los tres niveles de gobierno para fortalecer las acciones tendientes a garantizar el derecho de la poblaci\u00f3n al agua, principalmente en zonas de alta y muy alta marginaci\u00f3n.<\/p>\n<p style=\"text-align: justify;\">Carreras L\u00f3pez, inst\u00f3 a las dependencias gubernamentales encargadas de realizar proyectos de infraestructura hidr\u00e1ulica, a redoblar esfuerzos en coordinaci\u00f3n con los municipios, para concretar obras que proporcionen agua a las comunidades, y que esta, cumpla con la norma 127 de uso y consumo humano establecida por la Secretar\u00eda de Salud.<\/p>\n<p style=\"text-align: justify;\">El Presidente Municipal de Tierra Nueva, Margarito Chaverr\u00eda Delgado, explic\u00f3 que el Sistema General de Agua Potable que se abastece de la presa La Mu\u00f1eca, beneficiar\u00e1 a 7 mil habitantes de 15 localidades del municipio, por lo que agradeci\u00f3 el respaldo de Carreras L\u00f3pez para la realizaci\u00f3n de este proyecto de relevancia hist\u00f3rica. Posteriormente, el Gobernador potosino, entreg\u00f3 la pavimentaci\u00f3n de la calle Francisco Gonz\u00e1lez Bocanegra del barrio Los Moros, donde fueron utilizadas s\u00f3lo piedras de laja, cuya presencia es caracter\u00edstica de la regi\u00f3n.<\/p>\n<p style=\"text-align: justify;\">El secretario de Educaci\u00f3n, Joel Ram\u00edrez D\u00edaz, dijo que el 94 por ciento de los planteles de Educaci\u00f3n B\u00e1sica del municipio cuentan con una obra de infraestructura, a donde asiste el 98 por ciento de la poblaci\u00f3n estudiantil, con lo que se materializa el compromiso del actual gobierno de mejorar la calidad educativa en la entidad.<\/p>\n<p style=\"text-align: justify;\">En su intervenci\u00f3n, el secretario de Desarrollo Social y Regional, Alberto El\u00edas S\u00e1nchez, indic\u00f3 que en lo que va del Gobierno de Juan Manuel Carreras, Tierra Nueva recibi\u00f3 300 acciones de vivienda, pero anunci\u00f3 la entrega de 100 acciones m\u00e1s, para contribuir al ejercicio del derecho de las y los habitantes a un hogar digno.<\/p>\n<p style=\"text-align: justify;\">Posteriormente, el Gobernador Carreras L\u00f3pez, supervis\u00f3 la pavimentaci\u00f3n de la calle 16 de septiembre del barrio Las \u00c1nimas, misma que presenta un 80 por ciento de avance. Basilisa D\u00edaz Delgado, vecina de este barrio, coment\u00f3 que durante \u00e9pocas de lluvia esta calle era inaccesible por la acumulaci\u00f3n de lodo, por tanto, agradeci\u00f3 al Gobernador del Estado la ejecuci\u00f3n de la obra que beneficiar\u00e1 a decenas de familias que a diario utilizan esta vialidad.<\/p>\n<p style=\"text-align: justify;\">En el barrio de Santiago, el alcalde Chaverr\u00eda Delgado, solicit\u00f3 la intervenci\u00f3n de la Secretar\u00eda de Desarrollo Econ\u00f3mico (SEDECO), para invitar a empresas a instalarse en el municipio, con el prop\u00f3sito de generar empleo.<\/p>\n<p style=\"text-align: justify;\">Finalmente, Carreras L\u00f3pez, supervis\u00f3 las acciones de la Feria de Servicios del Gobierno del Estado en la plaza principal de Tierra Nueva, donde participan programas de los Servicios de Salud, el Sistema Estatal para el Desarrollo Integral de la Familia, el Instituto Potosino de la Juventud y la campa\u00f1a Menos Pl\u00e1stico de la Secretar\u00eda de Ecolog\u00eda y Gesti\u00f3n Ambiental.<\/p>\n","protected":false},"excerpt":{"rendered":"<p>Tierra Nueva.- Tras realizar una gira de trabajo por este municipio, donde entreg\u00f3 la pavimentaci\u00f3n de calles y supervis\u00f3 los avances de la segunda y tercera etapa del Sistema General de Agua Potable, el Gobernador del Estado, Juan Manuel Carreras L\u00f3pez, indic\u00f3 que es fundamental la suma de esfuerzos de los tres niveles de gobierno [&hellip;]<\/p>\n","protected":false},"author":2,"featured_media":46238,"comment_status":"open","ping_status":"closed","sticky":false,"template":"","format":"standard","meta":{"footnotes":""},"categories":[17],"tags":[],"class_list":["post-46237","post","type-post","status-publish","format-standard","has-post-thumbnail","hentry","category-localesyregionales"],"yoast_head":"<!-- This site is optimized with the Yoast SEO plugin v27.4 - https:\/\/yoast.com\/product\/yoast-seo-wordpress\/ -->\n<title>Fundamental garantizar el derecho de la poblaci\u00f3n al agua potable: JM Carreras - Canal 7 SLP - 2019<\/title>\n<meta name=\"robots\" content=\"index, follow, max-snippet:-1, max-image-preview:large, max-video-preview:-1\" \/>\n<link rel=\"canonical\" href=\"https:\/\/canal7slp.tv\/2019\/fundamental-garantizar-el-derecho-de-la-poblacion-al-agua-potable-jm-carreras\/\" \/>\n<meta property=\"og:locale\" content=\"es_ES\" \/>\n<meta property=\"og:type\" content=\"article\" \/>\n<meta property=\"og:title\" content=\"Fundamental garantizar el derecho de la poblaci\u00f3n al agua potable: JM Carreras - Canal 7 SLP - 2019\" \/>\n<meta property=\"og:description\" content=\"Tierra Nueva.- Tras realizar una gira de trabajo por este municipio, donde entreg\u00f3 la pavimentaci\u00f3n de calles y supervis\u00f3 los avances de la segunda y tercera etapa del Sistema General de Agua Potable, el Gobernador del Estado, Juan Manuel Carreras L\u00f3pez, indic\u00f3 que es fundamental la suma de esfuerzos de los tres niveles de gobierno [&hellip;]\" \/>\n<meta property=\"og:url\" content=\"https:\/\/canal7slp.tv\/2019\/fundamental-garantizar-el-derecho-de-la-poblacion-al-agua-potable-jm-carreras\/\" \/>\n<meta property=\"og:site_name\" content=\"Canal 7 SLP - 2019\" \/>\n<meta property=\"article:publisher\" content=\"https:\/\/www.facebook.com\/CANAL7SLP\/\" \/>\n<meta property=\"article:published_time\" content=\"2019-08-08T00:59:39+00:00\" \/>\n<meta property=\"og:image\" content=\"https:\/\/canal7slp.tv\/2019\/wp-content\/uploads\/2019\/08\/g1-3.jpg\" \/>\n\t<meta property=\"og:image:width\" content=\"737\" \/>\n\t<meta property=\"og:image:height\" content=\"410\" \/>\n\t<meta property=\"og:image:type\" content=\"image\/jpeg\" \/>\n<meta name=\"author\" content=\"edicionweb\" \/>\n<meta name=\"twitter:card\" content=\"summary_large_image\" \/>\n<meta name=\"twitter:creator\" content=\"@canal7_slp\" \/>\n<meta name=\"twitter:site\" content=\"@canal7_slp\" \/>\n<meta name=\"twitter:label1\" content=\"Escrito por\" \/>\n\t<meta name=\"twitter:data1\" content=\"edicionweb\" \/>\n\t<meta name=\"twitter:label2\" content=\"Tiempo de lectura\" \/>\n\t<meta name=\"twitter:data2\" content=\"3 minutos\" \/>\n<script type=\"application\/ld+json\" class=\"yoast-schema-graph\">{\"@context\":\"https:\\\/\\\/schema.org\",\"@graph\":[{\"@type\":\"Article\",\"@id\":\"https:\\\/\\\/canal7slp.tv\\\/2019\\\/fundamental-garantizar-el-derecho-de-la-poblacion-al-agua-potable-jm-carreras\\\/#article\",\"isPartOf\":{\"@id\":\"https:\\\/\\\/canal7slp.tv\\\/2019\\\/fundamental-garantizar-el-derecho-de-la-poblacion-al-agua-potable-jm-carreras\\\/\"},\"author\":{\"name\":\"edicionweb\",\"@id\":\"https:\\\/\\\/canal7slp.tv\\\/2019\\\/#\\\/schema\\\/person\\\/11d941c1c6ca30ac0a46b95fa37aa2e3\"},\"headline\":\"Fundamental garantizar el derecho de la poblaci\u00f3n al agua potable: JM Carreras\",\"datePublished\":\"2019-08-08T00:59:39+00:00\",\"mainEntityOfPage\":{\"@id\":\"https:\\\/\\\/canal7slp.tv\\\/2019\\\/fundamental-garantizar-el-derecho-de-la-poblacion-al-agua-potable-jm-carreras\\\/\"},\"wordCount\":538,\"commentCount\":0,\"publisher\":{\"@id\":\"https:\\\/\\\/canal7slp.tv\\\/2019\\\/#organization\"},\"image\":{\"@id\":\"https:\\\/\\\/canal7slp.tv\\\/2019\\\/fundamental-garantizar-el-derecho-de-la-poblacion-al-agua-potable-jm-carreras\\\/#primaryimage\"},\"thumbnailUrl\":\"https:\\\/\\\/canal7slp.tv\\\/2019\\\/wp-content\\\/uploads\\\/2019\\\/08\\\/g1-3.jpg\",\"articleSection\":[\"LOCALES Y REGIONALES\"],\"inLanguage\":\"es\",\"potentialAction\":[{\"@type\":\"CommentAction\",\"name\":\"Comment\",\"target\":[\"https:\\\/\\\/canal7slp.tv\\\/2019\\\/fundamental-garantizar-el-derecho-de-la-poblacion-al-agua-potable-jm-carreras\\\/#respond\"]}]},{\"@type\":\"WebPage\",\"@id\":\"https:\\\/\\\/canal7slp.tv\\\/2019\\\/fundamental-garantizar-el-derecho-de-la-poblacion-al-agua-potable-jm-carreras\\\/\",\"url\":\"https:\\\/\\\/canal7slp.tv\\\/2019\\\/fundamental-garantizar-el-derecho-de-la-poblacion-al-agua-potable-jm-carreras\\\/\",\"name\":\"Fundamental garantizar el derecho de la poblaci\u00f3n al agua potable: JM Carreras - Canal 7 SLP - 2019\",\"isPartOf\":{\"@id\":\"https:\\\/\\\/canal7slp.tv\\\/2019\\\/#website\"},\"primaryImageOfPage\":{\"@id\":\"https:\\\/\\\/canal7slp.tv\\\/2019\\\/fundamental-garantizar-el-derecho-de-la-poblacion-al-agua-potable-jm-carreras\\\/#primaryimage\"},\"image\":{\"@id\":\"https:\\\/\\\/canal7slp.tv\\\/2019\\\/fundamental-garantizar-el-derecho-de-la-poblacion-al-agua-potable-jm-carreras\\\/#primaryimage\"},\"thumbnailUrl\":\"https:\\\/\\\/canal7slp.tv\\\/2019\\\/wp-content\\\/uploads\\\/2019\\\/08\\\/g1-3.jpg\",\"datePublished\":\"2019-08-08T00:59:39+00:00\",\"breadcrumb\":{\"@id\":\"https:\\\/\\\/canal7slp.tv\\\/2019\\\/fundamental-garantizar-el-derecho-de-la-poblacion-al-agua-potable-jm-carreras\\\/#breadcrumb\"},\"inLanguage\":\"es\",\"potentialAction\":[{\"@type\":\"ReadAction\",\"target\":[\"https:\\\/\\\/canal7slp.tv\\\/2019\\\/fundamental-garantizar-el-derecho-de-la-poblacion-al-agua-potable-jm-carreras\\\/\"]}]},{\"@type\":\"ImageObject\",\"inLanguage\":\"es\",\"@id\":\"https:\\\/\\\/canal7slp.tv\\\/2019\\\/fundamental-garantizar-el-derecho-de-la-poblacion-al-agua-potable-jm-carreras\\\/#primaryimage\",\"url\":\"https:\\\/\\\/canal7slp.tv\\\/2019\\\/wp-content\\\/uploads\\\/2019\\\/08\\\/g1-3.jpg\",\"contentUrl\":\"https:\\\/\\\/canal7slp.tv\\\/2019\\\/wp-content\\\/uploads\\\/2019\\\/08\\\/g1-3.jpg\",\"width\":737,\"height\":410},{\"@type\":\"BreadcrumbList\",\"@id\":\"https:\\\/\\\/canal7slp.tv\\\/2019\\\/fundamental-garantizar-el-derecho-de-la-poblacion-al-agua-potable-jm-carreras\\\/#breadcrumb\",\"itemListElement\":[{\"@type\":\"ListItem\",\"position\":1,\"name\":\"Home\",\"item\":\"https:\\\/\\\/canal7slp.tv\\\/2019\\\/\"},{\"@type\":\"ListItem\",\"position\":2,\"name\":\"Fundamental garantizar el derecho de la poblaci\u00f3n al agua potable: JM Carreras\"}]},{\"@type\":\"WebSite\",\"@id\":\"https:\\\/\\\/canal7slp.tv\\\/2019\\\/#website\",\"url\":\"https:\\\/\\\/canal7slp.tv\\\/2019\\\/\",\"name\":\"Canal 7 SLP - Somos TV\",\"description\":\"Somos un Canal de 10\",\"publisher\":{\"@id\":\"https:\\\/\\\/canal7slp.tv\\\/2019\\\/#organization\"},\"potentialAction\":[{\"@type\":\"SearchAction\",\"target\":{\"@type\":\"EntryPoint\",\"urlTemplate\":\"https:\\\/\\\/canal7slp.tv\\\/2019\\\/?s={search_term_string}\"},\"query-input\":{\"@type\":\"PropertyValueSpecification\",\"valueRequired\":true,\"valueName\":\"search_term_string\"}}],\"inLanguage\":\"es\"},{\"@type\":\"Organization\",\"@id\":\"https:\\\/\\\/canal7slp.tv\\\/2019\\\/#organization\",\"name\":\"Comunicaci\u00f3n 2000 S.A. de C.V.\",\"url\":\"https:\\\/\\\/canal7slp.tv\\\/2019\\\/\",\"logo\":{\"@type\":\"ImageObject\",\"inLanguage\":\"es\",\"@id\":\"https:\\\/\\\/canal7slp.tv\\\/2019\\\/#\\\/schema\\\/logo\\\/image\\\/\",\"url\":\"https:\\\/\\\/canal7slp.tv\\\/2019\\\/wp-content\\\/uploads\\\/2019\\\/07\\\/logo-c7.png\",\"contentUrl\":\"https:\\\/\\\/canal7slp.tv\\\/2019\\\/wp-content\\\/uploads\\\/2019\\\/07\\\/logo-c7.png\",\"width\":220,\"height\":60,\"caption\":\"Comunicaci\u00f3n 2000 S.A. de C.V.\"},\"image\":{\"@id\":\"https:\\\/\\\/canal7slp.tv\\\/2019\\\/#\\\/schema\\\/logo\\\/image\\\/\"},\"sameAs\":[\"https:\\\/\\\/www.facebook.com\\\/CANAL7SLP\\\/\",\"https:\\\/\\\/x.com\\\/canal7_slp\",\"https:\\\/\\\/www.instagram.com\\\/canal7_slp\",\"https:\\\/\\\/www.youtube.com\\\/user\\\/NOTICIEROSCANAL7SLP\\\/\"]},{\"@type\":\"Person\",\"@id\":\"https:\\\/\\\/canal7slp.tv\\\/2019\\\/#\\\/schema\\\/person\\\/11d941c1c6ca30ac0a46b95fa37aa2e3\",\"name\":\"edicionweb\",\"image\":{\"@type\":\"ImageObject\",\"inLanguage\":\"es\",\"@id\":\"https:\\\/\\\/secure.gravatar.com\\\/avatar\\\/eee448fc3f7164808013b816ba91ac7e43bbe82a70bebac296f8bc6f0addaa1a?s=96&d=mm&r=g\",\"url\":\"https:\\\/\\\/secure.gravatar.com\\\/avatar\\\/eee448fc3f7164808013b816ba91ac7e43bbe82a70bebac296f8bc6f0addaa1a?s=96&d=mm&r=g\",\"contentUrl\":\"https:\\\/\\\/secure.gravatar.com\\\/avatar\\\/eee448fc3f7164808013b816ba91ac7e43bbe82a70bebac296f8bc6f0addaa1a?s=96&d=mm&r=g\",\"caption\":\"edicionweb\"}}]}<\/script>\n<!-- \/ Yoast SEO plugin. -->","yoast_head_json":{"title":"Fundamental garantizar el derecho de la poblaci\u00f3n al agua potable: JM Carreras - Canal 7 SLP - 2019","robots":{"index":"index","follow":"follow","max-snippet":"max-snippet:-1","max-image-preview":"max-image-preview:large","max-video-preview":"max-video-preview:-1"},"canonical":"https:\/\/canal7slp.tv\/2019\/fundamental-garantizar-el-derecho-de-la-poblacion-al-agua-potable-jm-carreras\/","og_locale":"es_ES","og_type":"article","og_title":"Fundamental garantizar el derecho de la poblaci\u00f3n al agua potable: JM Carreras - Canal 7 SLP - 2019","og_description":"Tierra Nueva.- Tras realizar una gira de trabajo por este municipio, donde entreg\u00f3 la pavimentaci\u00f3n de calles y supervis\u00f3 los avances de la segunda y tercera etapa del Sistema General de Agua Potable, el Gobernador del Estado, Juan Manuel Carreras L\u00f3pez, indic\u00f3 que es fundamental la suma de esfuerzos de los tres niveles de gobierno [&hellip;]","og_url":"https:\/\/canal7slp.tv\/2019\/fundamental-garantizar-el-derecho-de-la-poblacion-al-agua-potable-jm-carreras\/","og_site_name":"Canal 7 SLP - 2019","article_publisher":"https:\/\/www.facebook.com\/CANAL7SLP\/","article_published_time":"2019-08-08T00:59:39+00:00","og_image":[{"width":737,"height":410,"url":"https:\/\/canal7slp.tv\/2019\/wp-content\/uploads\/2019\/08\/g1-3.jpg","type":"image\/jpeg"}],"author":"edicionweb","twitter_card":"summary_large_image","twitter_creator":"@canal7_slp","twitter_site":"@canal7_slp","twitter_misc":{"Escrito por":"edicionweb","Tiempo de lectura":"3 minutos"},"schema":{"@context":"https:\/\/schema.org","@graph":[{"@type":"Article","@id":"https:\/\/canal7slp.tv\/2019\/fundamental-garantizar-el-derecho-de-la-poblacion-al-agua-potable-jm-carreras\/#article","isPartOf":{"@id":"https:\/\/canal7slp.tv\/2019\/fundamental-garantizar-el-derecho-de-la-poblacion-al-agua-potable-jm-carreras\/"},"author":{"name":"edicionweb","@id":"https:\/\/canal7slp.tv\/2019\/#\/schema\/person\/11d941c1c6ca30ac0a46b95fa37aa2e3"},"headline":"Fundamental garantizar el derecho de la poblaci\u00f3n al agua potable: JM Carreras","datePublished":"2019-08-08T00:59:39+00:00","mainEntityOfPage":{"@id":"https:\/\/canal7slp.tv\/2019\/fundamental-garantizar-el-derecho-de-la-poblacion-al-agua-potable-jm-carreras\/"},"wordCount":538,"commentCount":0,"publisher":{"@id":"https:\/\/canal7slp.tv\/2019\/#organization"},"image":{"@id":"https:\/\/canal7slp.tv\/2019\/fundamental-garantizar-el-derecho-de-la-poblacion-al-agua-potable-jm-carreras\/#primaryimage"},"thumbnailUrl":"https:\/\/canal7slp.tv\/2019\/wp-content\/uploads\/2019\/08\/g1-3.jpg","articleSection":["LOCALES Y REGIONALES"],"inLanguage":"es","potentialAction":[{"@type":"CommentAction","name":"Comment","target":["https:\/\/canal7slp.tv\/2019\/fundamental-garantizar-el-derecho-de-la-poblacion-al-agua-potable-jm-carreras\/#respond"]}]},{"@type":"WebPage","@id":"https:\/\/canal7slp.tv\/2019\/fundamental-garantizar-el-derecho-de-la-poblacion-al-agua-potable-jm-carreras\/","url":"https:\/\/canal7slp.tv\/2019\/fundamental-garantizar-el-derecho-de-la-poblacion-al-agua-potable-jm-carreras\/","name":"Fundamental garantizar el derecho de la poblaci\u00f3n al agua potable: JM Carreras - Canal 7 SLP - 2019","isPartOf":{"@id":"https:\/\/canal7slp.tv\/2019\/#website"},"primaryImageOfPage":{"@id":"https:\/\/canal7slp.tv\/2019\/fundamental-garantizar-el-derecho-de-la-poblacion-al-agua-potable-jm-carreras\/#primaryimage"},"image":{"@id":"https:\/\/canal7slp.tv\/2019\/fundamental-garantizar-el-derecho-de-la-poblacion-al-agua-potable-jm-carreras\/#primaryimage"},"thumbnailUrl":"https:\/\/canal7slp.tv\/2019\/wp-content\/uploads\/2019\/08\/g1-3.jpg","datePublished":"2019-08-08T00:59:39+00:00","breadcrumb":{"@id":"https:\/\/canal7slp.tv\/2019\/fundamental-garantizar-el-derecho-de-la-poblacion-al-agua-potable-jm-carreras\/#breadcrumb"},"inLanguage":"es","potentialAction":[{"@type":"ReadAction","target":["https:\/\/canal7slp.tv\/2019\/fundamental-garantizar-el-derecho-de-la-poblacion-al-agua-potable-jm-carreras\/"]}]},{"@type":"ImageObject","inLanguage":"es","@id":"https:\/\/canal7slp.tv\/2019\/fundamental-garantizar-el-derecho-de-la-poblacion-al-agua-potable-jm-carreras\/#primaryimage","url":"https:\/\/canal7slp.tv\/2019\/wp-content\/uploads\/2019\/08\/g1-3.jpg","contentUrl":"https:\/\/canal7slp.tv\/2019\/wp-content\/uploads\/2019\/08\/g1-3.jpg","width":737,"height":410},{"@type":"BreadcrumbList","@id":"https:\/\/canal7slp.tv\/2019\/fundamental-garantizar-el-derecho-de-la-poblacion-al-agua-potable-jm-carreras\/#breadcrumb","itemListElement":[{"@type":"ListItem","position":1,"name":"Home","item":"https:\/\/canal7slp.tv\/2019\/"},{"@type":"ListItem","position":2,"name":"Fundamental garantizar el derecho de la poblaci\u00f3n al agua potable: JM Carreras"}]},{"@type":"WebSite","@id":"https:\/\/canal7slp.tv\/2019\/#website","url":"https:\/\/canal7slp.tv\/2019\/","name":"Canal 7 SLP - Somos TV","description":"Somos un Canal de 10","publisher":{"@id":"https:\/\/canal7slp.tv\/2019\/#organization"},"potentialAction":[{"@type":"SearchAction","target":{"@type":"EntryPoint","urlTemplate":"https:\/\/canal7slp.tv\/2019\/?s={search_term_string}"},"query-input":{"@type":"PropertyValueSpecification","valueRequired":true,"valueName":"search_term_string"}}],"inLanguage":"es"},{"@type":"Organization","@id":"https:\/\/canal7slp.tv\/2019\/#organization","name":"Comunicaci\u00f3n 2000 S.A. de C.V.","url":"https:\/\/canal7slp.tv\/2019\/","logo":{"@type":"ImageObject","inLanguage":"es","@id":"https:\/\/canal7slp.tv\/2019\/#\/schema\/logo\/image\/","url":"https:\/\/canal7slp.tv\/2019\/wp-content\/uploads\/2019\/07\/logo-c7.png","contentUrl":"https:\/\/canal7slp.tv\/2019\/wp-content\/uploads\/2019\/07\/logo-c7.png","width":220,"height":60,"caption":"Comunicaci\u00f3n 2000 S.A. de C.V."},"image":{"@id":"https:\/\/canal7slp.tv\/2019\/#\/schema\/logo\/image\/"},"sameAs":["https:\/\/www.facebook.com\/CANAL7SLP\/","https:\/\/x.com\/canal7_slp","https:\/\/www.instagram.com\/canal7_slp","https:\/\/www.youtube.com\/user\/NOTICIEROSCANAL7SLP\/"]},{"@type":"Person","@id":"https:\/\/canal7slp.tv\/2019\/#\/schema\/person\/11d941c1c6ca30ac0a46b95fa37aa2e3","name":"edicionweb","image":{"@type":"ImageObject","inLanguage":"es","@id":"https:\/\/secure.gravatar.com\/avatar\/eee448fc3f7164808013b816ba91ac7e43bbe82a70bebac296f8bc6f0addaa1a?s=96&d=mm&r=g","url":"https:\/\/secure.gravatar.com\/avatar\/eee448fc3f7164808013b816ba91ac7e43bbe82a70bebac296f8bc6f0addaa1a?s=96&d=mm&r=g","contentUrl":"https:\/\/secure.gravatar.com\/avatar\/eee448fc3f7164808013b816ba91ac7e43bbe82a70bebac296f8bc6f0addaa1a?s=96&d=mm&r=g","caption":"edicionweb"}}]}},"amp_enabled":true,"cmb2":{"video_ids_in_playlist":{"vid_p_videos":""},"video_ids_in_channel":{"vid_c_videos":""},"playlist_ids_in_channel":{"vid_c_playlists":""},"series_ids_in_channel":{"vid_c_series":""},"channel_images":{"vid_c_logo":"","vid_c_banner":""},"poster_feature_image":{"vid_m_poster_image":""},"gif_feature_image":{"vid_m_gif_image":""},"video_movie_settings":{"vid_m_director":"","vid_m_actor":"","vid_m_imdb_ratings":"","vid_m_amazon_associates":""},"vid_youtube_broadcasts_settings":{"vid_yb_broadcast_title":"","vid_yb_q":"","vid_yb_channelid":"","vid_yb_videocategoryid":"","vid_yb_maxresults":"","vid_yb_order":"","vid_yb_regioncode":"","vid_yb_videosyndicated":"","vid_yb_style":"","vid_yb_reload_first":""},"video_series_settings":{"vid_m_director":"","vid_m_actor":"","vid_m_imdb_ratings":"","video_series_group":""},"amazon_associates_settings":{"amazon_associates":"","amazon_native_ad":""},"vid_youtube_automatic_settings":{"vid_ya_youtube_source":"","vid_ya_update_every":"","vid_ya_update_unit":"","vid_ya_categories":"","vid_ya_published_after":"","vid_ya_published_before":"","vid_ya_playlists":"","vid_ya_channels":"","vid_ya_director":"","vid_ya_actor":"","vid_ya_author":"","vid_ya_import_post_date":"","vid_ya_status":"","vid_ya_sub_api_key":""},"vid_ads_m_videoads_settings_post":{"vid_ads_m_video_ads":"","vid_ads_m_video_ads_type":"","vid_ads_m_group_google_ima":"","vid_ads_m_group_image":"","vid_ads_m_group_html5_video":"","vid_ads_m_group_html":"","vid_ads_m_vast_preroll":"","vid_ads_m_vast_postroll":"","vid_ads_m_vast_pauseroll":"","vid_ads_m_vast_midroll":[{"vid_ads_m_vast_timer_seconds":"50"}],"vid_ads_m_time_to_show_ads":"","vid_ads_m_time_skip_ads":"","vid_ads_m_time_to_hide_ads":""},"page_slider_settings":{"display_slider_group":"","page_slider_group":""},"blog_page_settings":{"blog_page_title":"","blog_page_heading":"","blog_page_ic":"","blog_page_it":"","blog_page_ec":"","blog_page_ip":"","archive_loop_style":"","blog_image_ratio":"","blog_show_categories":"","blog_show_excerpt":"","blog_show_author":"","blog_show_date":"","blog_show_comment_count":"","blog_show_view_count":"","blog_show_like_count":"","blog_show_dislike_count":"","blog_items_per_page":"","blog_pag_type":""},"page_options":{"get_page_template":"","color_mode":"","main_layout":"","main_layout_full_with":"","main_logo":"","main_logo_retina":"","main_logo_mobile":"","main_logo_mobile_retina":"","sticky_logo":"","sticky_logo_retina":"","main_nav_layout":"","ajax_search":"","header_background":"","theme_sidebar":"","instagram_feed":"","instagram_feed_position":"","popular_videos":"","popular_videos_title_1":"","popular_videos_title_2":"","popular_videos_ic":"","popular_videos_it":"","theme_background":"","page_custom_css":""},"feature_image_settings":{"feature_image_position":""},"video_player_settings":{"single_video_style":"","video_player_position":"","vm_video_url":"","video_player_library":"","video_streaming":"","vm_media_sources":"","vid_auto_play":"","vm_video_shortcode":"","vid_p_sync_playlist":"","vid_c_sync_channel":"","get_post_format":"","multiple_links_structure":"default","multi_links_title":"","vm_video_multi_links":"","vm_duration":"","vid_social_locker":"off","vid_social_locker_id":"","vid_membership_action":"content-video","vm_video_trailer_url":"","vid_download_type":"free","vid_download_target":"download","vid_woo_product":"","vm_media_download":"","user_rating":"","user_rating_position":"","user_rating_mode":"","user_rating_multi_sets":""},"video_auto_fetch_settings":{"vm_video_fetch":"on"},"video_fake_views_likes":{"vm_fake_views":"","vm_fake_likes":"","vm_fake_dislikes":""},"gallery_settings":{"gallery_position":""},"quote_settings":{"quote_position":""},"post_options":{"main_layout":"","main_logo":"","main_logo_retina":"","main_logo_mobile":"","main_logo_mobile_retina":"","sticky_logo":"","sticky_logo_retina":"","main_nav_layout":"","header_background":"","theme_sidebar":"","single_post_comment_type":"","theme_background":""}},"_links":{"self":[{"href":"https:\/\/canal7slp.tv\/2019\/wp-json\/wp\/v2\/posts\/46237","targetHints":{"allow":["GET"]}}],"collection":[{"href":"https:\/\/canal7slp.tv\/2019\/wp-json\/wp\/v2\/posts"}],"about":[{"href":"https:\/\/canal7slp.tv\/2019\/wp-json\/wp\/v2\/types\/post"}],"author":[{"embeddable":true,"href":"https:\/\/canal7slp.tv\/2019\/wp-json\/wp\/v2\/users\/2"}],"replies":[{"embeddable":true,"href":"https:\/\/canal7slp.tv\/2019\/wp-json\/wp\/v2\/comments?post=46237"}],"version-history":[{"count":0,"href":"https:\/\/canal7slp.tv\/2019\/wp-json\/wp\/v2\/posts\/46237\/revisions"}],"wp:featuredmedia":[{"embeddable":true,"href":"https:\/\/canal7slp.tv\/2019\/wp-json\/wp\/v2\/media\/46238"}],"wp:attachment":[{"href":"https:\/\/canal7slp.tv\/2019\/wp-json\/wp\/v2\/media?parent=46237"}],"wp:term":[{"taxonomy":"category","embeddable":true,"href":"https:\/\/canal7slp.tv\/2019\/wp-json\/wp\/v2\/categories?post=46237"},{"taxonomy":"post_tag","embeddable":true,"href":"https:\/\/canal7slp.tv\/2019\/wp-json\/wp\/v2\/tags?post=46237"}],"curies":[{"name":"wp","href":"https:\/\/api.w.org\/{rel}","templated":true}]}}