{"id":45707,"date":"2019-08-07T12:40:54","date_gmt":"2019-08-07T17:40:54","guid":{"rendered":"https:\/\/canal7slp.tv\/2019\/?p=45707"},"modified":"2019-08-07T12:40:54","modified_gmt":"2019-08-07T17:40:54","slug":"cameron-boyce-enfrento-su-mayor-desafio-en-descendientes-3","status":"publish","type":"post","link":"https:\/\/canal7slp.tv\/2019\/cameron-boyce-enfrento-su-mayor-desafio-en-descendientes-3\/","title":{"rendered":"Cameron Boyce enfrent\u00f3 su mayor desaf\u00edo en &#8220;Descendientes 3&#8221;"},"content":{"rendered":"<p style=\"text-align: justify;\">M\u00e9xico.- El actor estadunidense Cameron Boyce enfrent\u00f3 su mayor desaf\u00edo en &#8220;Descendientes 3&#8221;, la \u00faltima pel\u00edcula en la que particip\u00f3 antes de sufrir una muerte s\u00fabita el 6 de julio debido a la epilepsia que padec\u00eda.<\/p>\n<p style=\"text-align: justify;\">En el filme interpreta a Carlos, el hijo de Cruella de Vil, y quien al tener la oportunidad de vivir en el reino creado por &#8220;Bella y Bestia&#8221;, despu\u00e9s de subir al trono, har\u00e1 uso de su fuerza y poderes cuando una enorme amenaza llegue a perturbar la armon\u00eda de Auradon.<\/p>\n<p style=\"text-align: justify;\">La tercera parte de la trilog\u00eda f\u00edlmica de Disney Channel, que se estrenar\u00e1 este 9 de agosto para Latinoam\u00e9rica, mostrar\u00e1 a Mal (hija de Mal\u00e9fica) y al grupo conocido como los Hijos de los Villanos &#8220;VKs&#8221; en su regreso a la Isla de los Perdidos.<\/p>\n<p style=\"text-align: justify;\">Su prop\u00f3sito consiste en reclutar a un nuevo grupo de descendientes de villanos, quienes podr\u00e1n estudiar en la secundaria del reino de Auradon.<\/p>\n<p style=\"text-align: justify;\">Sin embargo, cuando una brecha en la barrera que separa a la isla de Auradon pone en peligro la seguridad del reino, Mal cierra de manera permanente el portal que los conecta ante el temor de que sus archienemigos Uma y Hades busquen venganza.<\/p>\n<p style=\"text-align: justify;\">Bajo la direcci\u00f3n de Kenny Ortega, &#8220;Descendientes 3&#8221; capta las aventuras de los hijos de los pr\u00edncipes, princesas y los villanos m\u00e1s celebres de Disney, quienes luchar\u00e1n en contra de una fuerza malvada que busca venganza.<\/p>\n<p style=\"text-align: justify;\">Otro de los temas centrales de la historia sucede cuando Audrey, enojada por el futuro de Mal, se infiltra en el Museo de Historia Cultural para robar la Corona de la Reina y el cetro autoproclam\u00e1ndose como &#8220;La Reina del Mal&#8221;.<\/p>\n<p style=\"text-align: justify;\">Previo al estreno del filme y a un mes de la muerte de Cameron Boyce, la casa productora de &#8220;Descendientes 3&#8221; public\u00f3 un video en memoria del actor y en el que lo destacan por el talento y alegr\u00eda que irradiaba.<\/p>\n<p style=\"text-align: justify;\">&#8220;Todo lo que eres. Cada sonrisa, cada risa, cada baile, cada abrazo, cada momento, a todos a los que tocaste. Significas todo para nosotros&#8221;, se resalta en el mensaje que\u00a0acompa\u00f1an los testimonios de sus compa\u00f1eros, as\u00ed como im\u00e1genes de los proyectos en que particip\u00f3.<\/p>\n<p style=\"text-align: justify;\">El estreno de &#8220;Descendientes 3&#8221; est\u00e1 dedicado a la memoria de Cameron Boyce, quien salt\u00f3 a la fama a trav\u00e9s de la serie de televisi\u00f3n &#8220;Jessie&#8221;, aunque debut\u00f3 a la edad de nueve a\u00f1os con la pel\u00edcula &#8220;Reflejos&#8221; (2008), dirigida por Alexandre Aja y a lado de Adam Sandler y la mexicana Salma Hayek.<\/p>\n<p style=\"text-align: justify;\">Otros filmes en los que destac\u00f3 fueron &#8220;Eagle Eye&#8221; (2008), &#8220;Son como ni\u00f1os&#8221; (2010) y &#8220;Son como ni\u00f1os 2&#8221; (2013). Adem\u00e1s prest\u00f3 su voz para el personaje de Jake en la producci\u00f3n &#8220;Jake y los piratas del pa\u00eds de nunca jam\u00e1s&#8221;.<\/p>\n","protected":false},"excerpt":{"rendered":"<p>M\u00e9xico.- El actor estadunidense Cameron Boyce enfrent\u00f3 su mayor desaf\u00edo en &#8220;Descendientes 3&#8221;, la \u00faltima pel\u00edcula en la que particip\u00f3 antes de sufrir una muerte s\u00fabita el 6 de julio debido a la epilepsia que padec\u00eda. En el filme interpreta a Carlos, el hijo de Cruella de Vil, y quien al tener la oportunidad de [&hellip;]<\/p>\n","protected":false},"author":2,"featured_media":45709,"comment_status":"open","ping_status":"closed","sticky":false,"template":"","format":"standard","meta":{"footnotes":""},"categories":[24],"tags":[],"class_list":["post-45707","post","type-post","status-publish","format-standard","has-post-thumbnail","hentry","category-espectaculos"],"yoast_head":"<!-- This site is optimized with the Yoast SEO plugin v27.5 - https:\/\/yoast.com\/product\/yoast-seo-wordpress\/ -->\n<title>Cameron Boyce enfrent\u00f3 su mayor desaf\u00edo en &quot;Descendientes 3&quot; - Canal 7 SLP - 2019<\/title>\n<meta name=\"robots\" content=\"index, follow, max-snippet:-1, max-image-preview:large, max-video-preview:-1\" \/>\n<link rel=\"canonical\" href=\"https:\/\/canal7slp.tv\/2019\/cameron-boyce-enfrento-su-mayor-desafio-en-descendientes-3\/\" \/>\n<meta property=\"og:locale\" content=\"es_ES\" \/>\n<meta property=\"og:type\" content=\"article\" \/>\n<meta property=\"og:title\" content=\"Cameron Boyce enfrent\u00f3 su mayor desaf\u00edo en &quot;Descendientes 3&quot; - Canal 7 SLP - 2019\" \/>\n<meta property=\"og:description\" content=\"M\u00e9xico.- El actor estadunidense Cameron Boyce enfrent\u00f3 su mayor desaf\u00edo en &#8220;Descendientes 3&#8221;, la \u00faltima pel\u00edcula en la que particip\u00f3 antes de sufrir una muerte s\u00fabita el 6 de julio debido a la epilepsia que padec\u00eda. En el filme interpreta a Carlos, el hijo de Cruella de Vil, y quien al tener la oportunidad de [&hellip;]\" \/>\n<meta property=\"og:url\" content=\"https:\/\/canal7slp.tv\/2019\/cameron-boyce-enfrento-su-mayor-desafio-en-descendientes-3\/\" \/>\n<meta property=\"og:site_name\" content=\"Canal 7 SLP - 2019\" \/>\n<meta property=\"article:publisher\" content=\"https:\/\/www.facebook.com\/CANAL7SLP\/\" \/>\n<meta property=\"article:published_time\" content=\"2019-08-07T17:40:54+00:00\" \/>\n<meta property=\"og:image\" content=\"https:\/\/canal7slp.tv\/2019\/wp-content\/uploads\/2019\/08\/01-6.jpg\" \/>\n\t<meta property=\"og:image:width\" content=\"683\" \/>\n\t<meta property=\"og:image:height\" content=\"410\" \/>\n\t<meta property=\"og:image:type\" content=\"image\/jpeg\" \/>\n<meta name=\"author\" content=\"edicionweb\" \/>\n<meta name=\"twitter:card\" content=\"summary_large_image\" \/>\n<meta name=\"twitter:creator\" content=\"@canal7_slp\" \/>\n<meta name=\"twitter:site\" content=\"@canal7_slp\" \/>\n<meta name=\"twitter:label1\" content=\"Escrito por\" \/>\n\t<meta name=\"twitter:data1\" content=\"edicionweb\" \/>\n\t<meta name=\"twitter:label2\" content=\"Tiempo de lectura\" \/>\n\t<meta name=\"twitter:data2\" content=\"2 minutos\" \/>\n<script type=\"application\/ld+json\" class=\"yoast-schema-graph\">{\"@context\":\"https:\\\/\\\/schema.org\",\"@graph\":[{\"@type\":\"Article\",\"@id\":\"https:\\\/\\\/canal7slp.tv\\\/2019\\\/cameron-boyce-enfrento-su-mayor-desafio-en-descendientes-3\\\/#article\",\"isPartOf\":{\"@id\":\"https:\\\/\\\/canal7slp.tv\\\/2019\\\/cameron-boyce-enfrento-su-mayor-desafio-en-descendientes-3\\\/\"},\"author\":{\"name\":\"edicionweb\",\"@id\":\"https:\\\/\\\/canal7slp.tv\\\/2019\\\/#\\\/schema\\\/person\\\/11d941c1c6ca30ac0a46b95fa37aa2e3\"},\"headline\":\"Cameron Boyce enfrent\u00f3 su mayor desaf\u00edo en &#8220;Descendientes 3&#8221;\",\"datePublished\":\"2019-08-07T17:40:54+00:00\",\"mainEntityOfPage\":{\"@id\":\"https:\\\/\\\/canal7slp.tv\\\/2019\\\/cameron-boyce-enfrento-su-mayor-desafio-en-descendientes-3\\\/\"},\"wordCount\":488,\"commentCount\":0,\"publisher\":{\"@id\":\"https:\\\/\\\/canal7slp.tv\\\/2019\\\/#organization\"},\"image\":{\"@id\":\"https:\\\/\\\/canal7slp.tv\\\/2019\\\/cameron-boyce-enfrento-su-mayor-desafio-en-descendientes-3\\\/#primaryimage\"},\"thumbnailUrl\":\"https:\\\/\\\/canal7slp.tv\\\/2019\\\/wp-content\\\/uploads\\\/2019\\\/08\\\/01-6.jpg\",\"articleSection\":[\"ESPECTACULOS\"],\"inLanguage\":\"es\",\"potentialAction\":[{\"@type\":\"CommentAction\",\"name\":\"Comment\",\"target\":[\"https:\\\/\\\/canal7slp.tv\\\/2019\\\/cameron-boyce-enfrento-su-mayor-desafio-en-descendientes-3\\\/#respond\"]}]},{\"@type\":\"WebPage\",\"@id\":\"https:\\\/\\\/canal7slp.tv\\\/2019\\\/cameron-boyce-enfrento-su-mayor-desafio-en-descendientes-3\\\/\",\"url\":\"https:\\\/\\\/canal7slp.tv\\\/2019\\\/cameron-boyce-enfrento-su-mayor-desafio-en-descendientes-3\\\/\",\"name\":\"Cameron Boyce enfrent\u00f3 su mayor desaf\u00edo en \\\"Descendientes 3\\\" - Canal 7 SLP - 2019\",\"isPartOf\":{\"@id\":\"https:\\\/\\\/canal7slp.tv\\\/2019\\\/#website\"},\"primaryImageOfPage\":{\"@id\":\"https:\\\/\\\/canal7slp.tv\\\/2019\\\/cameron-boyce-enfrento-su-mayor-desafio-en-descendientes-3\\\/#primaryimage\"},\"image\":{\"@id\":\"https:\\\/\\\/canal7slp.tv\\\/2019\\\/cameron-boyce-enfrento-su-mayor-desafio-en-descendientes-3\\\/#primaryimage\"},\"thumbnailUrl\":\"https:\\\/\\\/canal7slp.tv\\\/2019\\\/wp-content\\\/uploads\\\/2019\\\/08\\\/01-6.jpg\",\"datePublished\":\"2019-08-07T17:40:54+00:00\",\"breadcrumb\":{\"@id\":\"https:\\\/\\\/canal7slp.tv\\\/2019\\\/cameron-boyce-enfrento-su-mayor-desafio-en-descendientes-3\\\/#breadcrumb\"},\"inLanguage\":\"es\",\"potentialAction\":[{\"@type\":\"ReadAction\",\"target\":[\"https:\\\/\\\/canal7slp.tv\\\/2019\\\/cameron-boyce-enfrento-su-mayor-desafio-en-descendientes-3\\\/\"]}]},{\"@type\":\"ImageObject\",\"inLanguage\":\"es\",\"@id\":\"https:\\\/\\\/canal7slp.tv\\\/2019\\\/cameron-boyce-enfrento-su-mayor-desafio-en-descendientes-3\\\/#primaryimage\",\"url\":\"https:\\\/\\\/canal7slp.tv\\\/2019\\\/wp-content\\\/uploads\\\/2019\\\/08\\\/01-6.jpg\",\"contentUrl\":\"https:\\\/\\\/canal7slp.tv\\\/2019\\\/wp-content\\\/uploads\\\/2019\\\/08\\\/01-6.jpg\",\"width\":683,\"height\":410},{\"@type\":\"BreadcrumbList\",\"@id\":\"https:\\\/\\\/canal7slp.tv\\\/2019\\\/cameron-boyce-enfrento-su-mayor-desafio-en-descendientes-3\\\/#breadcrumb\",\"itemListElement\":[{\"@type\":\"ListItem\",\"position\":1,\"name\":\"Home\",\"item\":\"https:\\\/\\\/canal7slp.tv\\\/2019\\\/\"},{\"@type\":\"ListItem\",\"position\":2,\"name\":\"Cameron Boyce enfrent\u00f3 su mayor desaf\u00edo en &#8220;Descendientes 3&#8221;\"}]},{\"@type\":\"WebSite\",\"@id\":\"https:\\\/\\\/canal7slp.tv\\\/2019\\\/#website\",\"url\":\"https:\\\/\\\/canal7slp.tv\\\/2019\\\/\",\"name\":\"Canal 7 SLP - Somos TV\",\"description\":\"Somos un Canal de 10\",\"publisher\":{\"@id\":\"https:\\\/\\\/canal7slp.tv\\\/2019\\\/#organization\"},\"potentialAction\":[{\"@type\":\"SearchAction\",\"target\":{\"@type\":\"EntryPoint\",\"urlTemplate\":\"https:\\\/\\\/canal7slp.tv\\\/2019\\\/?s={search_term_string}\"},\"query-input\":{\"@type\":\"PropertyValueSpecification\",\"valueRequired\":true,\"valueName\":\"search_term_string\"}}],\"inLanguage\":\"es\"},{\"@type\":\"Organization\",\"@id\":\"https:\\\/\\\/canal7slp.tv\\\/2019\\\/#organization\",\"name\":\"Comunicaci\u00f3n 2000 S.A. de C.V.\",\"url\":\"https:\\\/\\\/canal7slp.tv\\\/2019\\\/\",\"logo\":{\"@type\":\"ImageObject\",\"inLanguage\":\"es\",\"@id\":\"https:\\\/\\\/canal7slp.tv\\\/2019\\\/#\\\/schema\\\/logo\\\/image\\\/\",\"url\":\"https:\\\/\\\/canal7slp.tv\\\/2019\\\/wp-content\\\/uploads\\\/2019\\\/07\\\/logo-c7.png\",\"contentUrl\":\"https:\\\/\\\/canal7slp.tv\\\/2019\\\/wp-content\\\/uploads\\\/2019\\\/07\\\/logo-c7.png\",\"width\":220,\"height\":60,\"caption\":\"Comunicaci\u00f3n 2000 S.A. de C.V.\"},\"image\":{\"@id\":\"https:\\\/\\\/canal7slp.tv\\\/2019\\\/#\\\/schema\\\/logo\\\/image\\\/\"},\"sameAs\":[\"https:\\\/\\\/www.facebook.com\\\/CANAL7SLP\\\/\",\"https:\\\/\\\/x.com\\\/canal7_slp\",\"https:\\\/\\\/www.instagram.com\\\/canal7_slp\",\"https:\\\/\\\/www.youtube.com\\\/user\\\/NOTICIEROSCANAL7SLP\\\/\"]},{\"@type\":\"Person\",\"@id\":\"https:\\\/\\\/canal7slp.tv\\\/2019\\\/#\\\/schema\\\/person\\\/11d941c1c6ca30ac0a46b95fa37aa2e3\",\"name\":\"edicionweb\",\"image\":{\"@type\":\"ImageObject\",\"inLanguage\":\"es\",\"@id\":\"https:\\\/\\\/secure.gravatar.com\\\/avatar\\\/eee448fc3f7164808013b816ba91ac7e43bbe82a70bebac296f8bc6f0addaa1a?s=96&d=mm&r=g\",\"url\":\"https:\\\/\\\/secure.gravatar.com\\\/avatar\\\/eee448fc3f7164808013b816ba91ac7e43bbe82a70bebac296f8bc6f0addaa1a?s=96&d=mm&r=g\",\"contentUrl\":\"https:\\\/\\\/secure.gravatar.com\\\/avatar\\\/eee448fc3f7164808013b816ba91ac7e43bbe82a70bebac296f8bc6f0addaa1a?s=96&d=mm&r=g\",\"caption\":\"edicionweb\"}}]}<\/script>\n<!-- \/ Yoast SEO plugin. -->","yoast_head_json":{"title":"Cameron Boyce enfrent\u00f3 su mayor desaf\u00edo en \"Descendientes 3\" - Canal 7 SLP - 2019","robots":{"index":"index","follow":"follow","max-snippet":"max-snippet:-1","max-image-preview":"max-image-preview:large","max-video-preview":"max-video-preview:-1"},"canonical":"https:\/\/canal7slp.tv\/2019\/cameron-boyce-enfrento-su-mayor-desafio-en-descendientes-3\/","og_locale":"es_ES","og_type":"article","og_title":"Cameron Boyce enfrent\u00f3 su mayor desaf\u00edo en \"Descendientes 3\" - Canal 7 SLP - 2019","og_description":"M\u00e9xico.- El actor estadunidense Cameron Boyce enfrent\u00f3 su mayor desaf\u00edo en &#8220;Descendientes 3&#8221;, la \u00faltima pel\u00edcula en la que particip\u00f3 antes de sufrir una muerte s\u00fabita el 6 de julio debido a la epilepsia que padec\u00eda. En el filme interpreta a Carlos, el hijo de Cruella de Vil, y quien al tener la oportunidad de [&hellip;]","og_url":"https:\/\/canal7slp.tv\/2019\/cameron-boyce-enfrento-su-mayor-desafio-en-descendientes-3\/","og_site_name":"Canal 7 SLP - 2019","article_publisher":"https:\/\/www.facebook.com\/CANAL7SLP\/","article_published_time":"2019-08-07T17:40:54+00:00","og_image":[{"width":683,"height":410,"url":"https:\/\/canal7slp.tv\/2019\/wp-content\/uploads\/2019\/08\/01-6.jpg","type":"image\/jpeg"}],"author":"edicionweb","twitter_card":"summary_large_image","twitter_creator":"@canal7_slp","twitter_site":"@canal7_slp","twitter_misc":{"Escrito por":"edicionweb","Tiempo de lectura":"2 minutos"},"schema":{"@context":"https:\/\/schema.org","@graph":[{"@type":"Article","@id":"https:\/\/canal7slp.tv\/2019\/cameron-boyce-enfrento-su-mayor-desafio-en-descendientes-3\/#article","isPartOf":{"@id":"https:\/\/canal7slp.tv\/2019\/cameron-boyce-enfrento-su-mayor-desafio-en-descendientes-3\/"},"author":{"name":"edicionweb","@id":"https:\/\/canal7slp.tv\/2019\/#\/schema\/person\/11d941c1c6ca30ac0a46b95fa37aa2e3"},"headline":"Cameron Boyce enfrent\u00f3 su mayor desaf\u00edo en &#8220;Descendientes 3&#8221;","datePublished":"2019-08-07T17:40:54+00:00","mainEntityOfPage":{"@id":"https:\/\/canal7slp.tv\/2019\/cameron-boyce-enfrento-su-mayor-desafio-en-descendientes-3\/"},"wordCount":488,"commentCount":0,"publisher":{"@id":"https:\/\/canal7slp.tv\/2019\/#organization"},"image":{"@id":"https:\/\/canal7slp.tv\/2019\/cameron-boyce-enfrento-su-mayor-desafio-en-descendientes-3\/#primaryimage"},"thumbnailUrl":"https:\/\/canal7slp.tv\/2019\/wp-content\/uploads\/2019\/08\/01-6.jpg","articleSection":["ESPECTACULOS"],"inLanguage":"es","potentialAction":[{"@type":"CommentAction","name":"Comment","target":["https:\/\/canal7slp.tv\/2019\/cameron-boyce-enfrento-su-mayor-desafio-en-descendientes-3\/#respond"]}]},{"@type":"WebPage","@id":"https:\/\/canal7slp.tv\/2019\/cameron-boyce-enfrento-su-mayor-desafio-en-descendientes-3\/","url":"https:\/\/canal7slp.tv\/2019\/cameron-boyce-enfrento-su-mayor-desafio-en-descendientes-3\/","name":"Cameron Boyce enfrent\u00f3 su mayor desaf\u00edo en \"Descendientes 3\" - Canal 7 SLP - 2019","isPartOf":{"@id":"https:\/\/canal7slp.tv\/2019\/#website"},"primaryImageOfPage":{"@id":"https:\/\/canal7slp.tv\/2019\/cameron-boyce-enfrento-su-mayor-desafio-en-descendientes-3\/#primaryimage"},"image":{"@id":"https:\/\/canal7slp.tv\/2019\/cameron-boyce-enfrento-su-mayor-desafio-en-descendientes-3\/#primaryimage"},"thumbnailUrl":"https:\/\/canal7slp.tv\/2019\/wp-content\/uploads\/2019\/08\/01-6.jpg","datePublished":"2019-08-07T17:40:54+00:00","breadcrumb":{"@id":"https:\/\/canal7slp.tv\/2019\/cameron-boyce-enfrento-su-mayor-desafio-en-descendientes-3\/#breadcrumb"},"inLanguage":"es","potentialAction":[{"@type":"ReadAction","target":["https:\/\/canal7slp.tv\/2019\/cameron-boyce-enfrento-su-mayor-desafio-en-descendientes-3\/"]}]},{"@type":"ImageObject","inLanguage":"es","@id":"https:\/\/canal7slp.tv\/2019\/cameron-boyce-enfrento-su-mayor-desafio-en-descendientes-3\/#primaryimage","url":"https:\/\/canal7slp.tv\/2019\/wp-content\/uploads\/2019\/08\/01-6.jpg","contentUrl":"https:\/\/canal7slp.tv\/2019\/wp-content\/uploads\/2019\/08\/01-6.jpg","width":683,"height":410},{"@type":"BreadcrumbList","@id":"https:\/\/canal7slp.tv\/2019\/cameron-boyce-enfrento-su-mayor-desafio-en-descendientes-3\/#breadcrumb","itemListElement":[{"@type":"ListItem","position":1,"name":"Home","item":"https:\/\/canal7slp.tv\/2019\/"},{"@type":"ListItem","position":2,"name":"Cameron Boyce enfrent\u00f3 su mayor desaf\u00edo en &#8220;Descendientes 3&#8221;"}]},{"@type":"WebSite","@id":"https:\/\/canal7slp.tv\/2019\/#website","url":"https:\/\/canal7slp.tv\/2019\/","name":"Canal 7 SLP - Somos TV","description":"Somos un Canal de 10","publisher":{"@id":"https:\/\/canal7slp.tv\/2019\/#organization"},"potentialAction":[{"@type":"SearchAction","target":{"@type":"EntryPoint","urlTemplate":"https:\/\/canal7slp.tv\/2019\/?s={search_term_string}"},"query-input":{"@type":"PropertyValueSpecification","valueRequired":true,"valueName":"search_term_string"}}],"inLanguage":"es"},{"@type":"Organization","@id":"https:\/\/canal7slp.tv\/2019\/#organization","name":"Comunicaci\u00f3n 2000 S.A. de C.V.","url":"https:\/\/canal7slp.tv\/2019\/","logo":{"@type":"ImageObject","inLanguage":"es","@id":"https:\/\/canal7slp.tv\/2019\/#\/schema\/logo\/image\/","url":"https:\/\/canal7slp.tv\/2019\/wp-content\/uploads\/2019\/07\/logo-c7.png","contentUrl":"https:\/\/canal7slp.tv\/2019\/wp-content\/uploads\/2019\/07\/logo-c7.png","width":220,"height":60,"caption":"Comunicaci\u00f3n 2000 S.A. de C.V."},"image":{"@id":"https:\/\/canal7slp.tv\/2019\/#\/schema\/logo\/image\/"},"sameAs":["https:\/\/www.facebook.com\/CANAL7SLP\/","https:\/\/x.com\/canal7_slp","https:\/\/www.instagram.com\/canal7_slp","https:\/\/www.youtube.com\/user\/NOTICIEROSCANAL7SLP\/"]},{"@type":"Person","@id":"https:\/\/canal7slp.tv\/2019\/#\/schema\/person\/11d941c1c6ca30ac0a46b95fa37aa2e3","name":"edicionweb","image":{"@type":"ImageObject","inLanguage":"es","@id":"https:\/\/secure.gravatar.com\/avatar\/eee448fc3f7164808013b816ba91ac7e43bbe82a70bebac296f8bc6f0addaa1a?s=96&d=mm&r=g","url":"https:\/\/secure.gravatar.com\/avatar\/eee448fc3f7164808013b816ba91ac7e43bbe82a70bebac296f8bc6f0addaa1a?s=96&d=mm&r=g","contentUrl":"https:\/\/secure.gravatar.com\/avatar\/eee448fc3f7164808013b816ba91ac7e43bbe82a70bebac296f8bc6f0addaa1a?s=96&d=mm&r=g","caption":"edicionweb"}}]}},"amp_enabled":true,"cmb2":{"video_ids_in_playlist":{"vid_p_videos":""},"video_ids_in_channel":{"vid_c_videos":""},"playlist_ids_in_channel":{"vid_c_playlists":""},"series_ids_in_channel":{"vid_c_series":""},"channel_images":{"vid_c_logo":"","vid_c_banner":""},"poster_feature_image":{"vid_m_poster_image":""},"gif_feature_image":{"vid_m_gif_image":""},"video_movie_settings":{"vid_m_director":"","vid_m_actor":"","vid_m_imdb_ratings":"","vid_m_amazon_associates":""},"vid_youtube_broadcasts_settings":{"vid_yb_broadcast_title":"","vid_yb_q":"","vid_yb_channelid":"","vid_yb_videocategoryid":"","vid_yb_maxresults":"","vid_yb_order":"","vid_yb_regioncode":"","vid_yb_videosyndicated":"","vid_yb_style":"","vid_yb_reload_first":""},"video_series_settings":{"vid_m_director":"","vid_m_actor":"","vid_m_imdb_ratings":"","video_series_group":""},"amazon_associates_settings":{"amazon_associates":"","amazon_native_ad":""},"vid_youtube_automatic_settings":{"vid_ya_youtube_source":"","vid_ya_update_every":"","vid_ya_update_unit":"","vid_ya_categories":"","vid_ya_published_after":"","vid_ya_published_before":"","vid_ya_playlists":"","vid_ya_channels":"","vid_ya_director":"","vid_ya_actor":"","vid_ya_author":"","vid_ya_import_post_date":"","vid_ya_status":"","vid_ya_sub_api_key":""},"vid_ads_m_videoads_settings_post":{"vid_ads_m_video_ads":"","vid_ads_m_video_ads_type":"","vid_ads_m_group_google_ima":"","vid_ads_m_group_image":"","vid_ads_m_group_html5_video":"","vid_ads_m_group_html":"","vid_ads_m_vast_preroll":"","vid_ads_m_vast_postroll":"","vid_ads_m_vast_pauseroll":"","vid_ads_m_vast_midroll":[{"vid_ads_m_vast_timer_seconds":"50"}],"vid_ads_m_time_to_show_ads":"","vid_ads_m_time_skip_ads":"","vid_ads_m_time_to_hide_ads":""},"page_slider_settings":{"display_slider_group":"","page_slider_group":""},"blog_page_settings":{"blog_page_title":"","blog_page_heading":"","blog_page_ic":"","blog_page_it":"","blog_page_ec":"","blog_page_ip":"","archive_loop_style":"","blog_image_ratio":"","blog_show_categories":"","blog_show_excerpt":"","blog_show_author":"","blog_show_date":"","blog_show_comment_count":"","blog_show_view_count":"","blog_show_like_count":"","blog_show_dislike_count":"","blog_items_per_page":"","blog_pag_type":""},"page_options":{"get_page_template":"","color_mode":"","main_layout":"","main_layout_full_with":"","main_logo":"","main_logo_retina":"","main_logo_mobile":"","main_logo_mobile_retina":"","sticky_logo":"","sticky_logo_retina":"","main_nav_layout":"","ajax_search":"","header_background":"","theme_sidebar":"","instagram_feed":"","instagram_feed_position":"","popular_videos":"","popular_videos_title_1":"","popular_videos_title_2":"","popular_videos_ic":"","popular_videos_it":"","theme_background":"","page_custom_css":""},"feature_image_settings":{"feature_image_position":""},"video_player_settings":{"single_video_style":"","video_player_position":"","vm_video_url":"","video_player_library":"","video_streaming":"","vm_media_sources":"","vid_auto_play":"","vm_video_shortcode":"","vid_p_sync_playlist":"","vid_c_sync_channel":"","get_post_format":"","multiple_links_structure":"default","multi_links_title":"","vm_video_multi_links":"","vm_duration":"","vid_social_locker":"off","vid_social_locker_id":"","vid_membership_action":"content-video","vm_video_trailer_url":"","vid_download_type":"free","vid_download_target":"download","vid_woo_product":"","vm_media_download":"","user_rating":"","user_rating_position":"","user_rating_mode":"","user_rating_multi_sets":""},"video_auto_fetch_settings":{"vm_video_fetch":"on"},"video_fake_views_likes":{"vm_fake_views":"","vm_fake_likes":"","vm_fake_dislikes":""},"gallery_settings":{"gallery_position":""},"quote_settings":{"quote_position":""},"post_options":{"main_layout":"","main_logo":"","main_logo_retina":"","main_logo_mobile":"","main_logo_mobile_retina":"","sticky_logo":"","sticky_logo_retina":"","main_nav_layout":"","header_background":"","theme_sidebar":"","single_post_comment_type":"","theme_background":""}},"_links":{"self":[{"href":"https:\/\/canal7slp.tv\/2019\/wp-json\/wp\/v2\/posts\/45707","targetHints":{"allow":["GET"]}}],"collection":[{"href":"https:\/\/canal7slp.tv\/2019\/wp-json\/wp\/v2\/posts"}],"about":[{"href":"https:\/\/canal7slp.tv\/2019\/wp-json\/wp\/v2\/types\/post"}],"author":[{"embeddable":true,"href":"https:\/\/canal7slp.tv\/2019\/wp-json\/wp\/v2\/users\/2"}],"replies":[{"embeddable":true,"href":"https:\/\/canal7slp.tv\/2019\/wp-json\/wp\/v2\/comments?post=45707"}],"version-history":[{"count":0,"href":"https:\/\/canal7slp.tv\/2019\/wp-json\/wp\/v2\/posts\/45707\/revisions"}],"wp:featuredmedia":[{"embeddable":true,"href":"https:\/\/canal7slp.tv\/2019\/wp-json\/wp\/v2\/media\/45709"}],"wp:attachment":[{"href":"https:\/\/canal7slp.tv\/2019\/wp-json\/wp\/v2\/media?parent=45707"}],"wp:term":[{"taxonomy":"category","embeddable":true,"href":"https:\/\/canal7slp.tv\/2019\/wp-json\/wp\/v2\/categories?post=45707"},{"taxonomy":"post_tag","embeddable":true,"href":"https:\/\/canal7slp.tv\/2019\/wp-json\/wp\/v2\/tags?post=45707"}],"curies":[{"name":"wp","href":"https:\/\/api.w.org\/{rel}","templated":true}]}}