{"id":45548,"date":"2019-08-07T09:38:43","date_gmt":"2019-08-07T14:38:43","guid":{"rendered":"https:\/\/canal7slp.tv\/2019\/?p=45548"},"modified":"2019-08-07T09:38:43","modified_gmt":"2019-08-07T14:38:43","slug":"se-complica-situacion-de-inmigrantes-tras-medidas-tomadas-por-italia","status":"publish","type":"post","link":"https:\/\/canal7slp.tv\/2019\/se-complica-situacion-de-inmigrantes-tras-medidas-tomadas-por-italia\/","title":{"rendered":"Se complica situaci\u00f3n de inmigrantes tras medidas tomadas por Italia"},"content":{"rendered":"<p style=\"text-align: justify;\">Roma.- La situaci\u00f3n de los 121 inmigrantes a bordo del buque la organizaci\u00f3n no gubernamental Proactiva Open Arms, que se encuentra en aguas internacionales, pr\u00f3xima a la isla de Lampedusa, se complica tras las nuevas medidas adoptadas por Italia.<\/p>\n<p style=\"text-align: justify;\">La embarcaci\u00f3n se encuentra por sexto d\u00eda a la espera de obtener la correspondiente autorizaci\u00f3n para poder desembarcar en alg\u00fan puerto de Malta o de Italia.<\/p>\n<p style=\"text-align: justify;\">Los legisladores italianos emitieron un decreto para multar a las embarcaciones u organizaciones que busquen o rescaten a los migrantes que lleguen a sus aguas territoriales tras cruzar el Mediterr\u00e1neo, aumentando as\u00ed el riesgo que corren esas personas y ponen en peligro el futuro de las operaciones cuyo \u00fanico objetivo es salvar vidas.<\/p>\n<p style=\"text-align: justify;\">En tanto, la Agencia de la ONU para los Refugiados (ACNUR) destac\u00f3 que la decisi\u00f3n del Parlamento italiano llega precisamente cuando otros pa\u00edses europeos han suspendido las actividades de rescate de migrantes y refugiados en el mar.<\/p>\n<p style=\"text-align: justify;\">\u201cCon los cambios aprobados por el Parlamento, las penalidades a los barcos privados que rescaten a la gente y no respeten la prohibici\u00f3n de entrar a sus aguas territoriales se elevaron hasta un mill\u00f3n de euros, adem\u00e1s de que las embarcaciones ser\u00e1n incautadas\u201d, explic\u00f3 Charlie Yaxley, portavoz en Ginebra de ACNUR.<\/p>\n<p style=\"text-align: justify;\">Los 121 inmigrantes permanecen en el mediterr\u00e1neo desde que fueron rescatados el jueves en la costa de Libia.<\/p>\n<p style=\"text-align: justify;\">La ONG inform\u00f3 que desde hace seis d\u00edas ha solicitado varias veces que se le permita atracar en un puerto seguro, pero tanto Malta como Italia han rechazado la petici\u00f3n. Mientras tanto, el estado de salud de algunas de las personas a bordo empeora por el calor y la humedad.<\/p>\n<p style=\"text-align: justify;\">Tras la negativa de Malta e Italia, la Comisi\u00f3n Europea, que ejerce de mediadora en estos casos, afirma no haber recibido hasta ahora ninguna petici\u00f3n para negociar la reubicaci\u00f3n de los rescatados y acabar as\u00ed con el bloqueo.<\/p>\n<p style=\"text-align: justify;\">A su vez, la Comunidad Valenciana como Catalu\u00f1a han ofrecido sus puertos, sin embargo, el Gobierno espa\u00f1ol y la ONG mantienen que son Italia y Malta los pa\u00edses que deben respetar la ley y permitir la entrada de la embarcaci\u00f3n, destac\u00f3 Euronews.<\/p>\n","protected":false},"excerpt":{"rendered":"<p>Roma.- La situaci\u00f3n de los 121 inmigrantes a bordo del buque la organizaci\u00f3n no gubernamental Proactiva Open Arms, que se encuentra en aguas internacionales, pr\u00f3xima a la isla de Lampedusa, se complica tras las nuevas medidas adoptadas por Italia. La embarcaci\u00f3n se encuentra por sexto d\u00eda a la espera de obtener la correspondiente autorizaci\u00f3n para [&hellip;]<\/p>\n","protected":false},"author":2,"featured_media":45549,"comment_status":"open","ping_status":"closed","sticky":false,"template":"","format":"standard","meta":{"footnotes":""},"categories":[18],"tags":[],"class_list":["post-45548","post","type-post","status-publish","format-standard","has-post-thumbnail","hentry","category-internacional"],"yoast_head":"<!-- This site is optimized with the Yoast SEO plugin v27.5 - https:\/\/yoast.com\/product\/yoast-seo-wordpress\/ -->\n<title>Se complica situaci\u00f3n de inmigrantes tras medidas tomadas por Italia - Canal 7 SLP - 2019<\/title>\n<meta name=\"robots\" content=\"index, follow, max-snippet:-1, max-image-preview:large, max-video-preview:-1\" \/>\n<link rel=\"canonical\" href=\"https:\/\/canal7slp.tv\/2019\/se-complica-situacion-de-inmigrantes-tras-medidas-tomadas-por-italia\/\" \/>\n<meta property=\"og:locale\" content=\"es_ES\" \/>\n<meta property=\"og:type\" content=\"article\" \/>\n<meta property=\"og:title\" content=\"Se complica situaci\u00f3n de inmigrantes tras medidas tomadas por Italia - Canal 7 SLP - 2019\" \/>\n<meta property=\"og:description\" content=\"Roma.- La situaci\u00f3n de los 121 inmigrantes a bordo del buque la organizaci\u00f3n no gubernamental Proactiva Open Arms, que se encuentra en aguas internacionales, pr\u00f3xima a la isla de Lampedusa, se complica tras las nuevas medidas adoptadas por Italia. La embarcaci\u00f3n se encuentra por sexto d\u00eda a la espera de obtener la correspondiente autorizaci\u00f3n para [&hellip;]\" \/>\n<meta property=\"og:url\" content=\"https:\/\/canal7slp.tv\/2019\/se-complica-situacion-de-inmigrantes-tras-medidas-tomadas-por-italia\/\" \/>\n<meta property=\"og:site_name\" content=\"Canal 7 SLP - 2019\" \/>\n<meta property=\"article:publisher\" content=\"https:\/\/www.facebook.com\/CANAL7SLP\/\" \/>\n<meta property=\"article:published_time\" content=\"2019-08-07T14:38:43+00:00\" \/>\n<meta property=\"og:image\" content=\"https:\/\/canal7slp.tv\/2019\/wp-content\/uploads\/2019\/08\/1115-5.jpg\" \/>\n\t<meta property=\"og:image:width\" content=\"719\" \/>\n\t<meta property=\"og:image:height\" content=\"410\" \/>\n\t<meta property=\"og:image:type\" content=\"image\/jpeg\" \/>\n<meta name=\"author\" content=\"edicionweb\" \/>\n<meta name=\"twitter:card\" content=\"summary_large_image\" \/>\n<meta name=\"twitter:creator\" content=\"@canal7_slp\" \/>\n<meta name=\"twitter:site\" content=\"@canal7_slp\" \/>\n<meta name=\"twitter:label1\" content=\"Escrito por\" \/>\n\t<meta name=\"twitter:data1\" content=\"edicionweb\" \/>\n\t<meta name=\"twitter:label2\" content=\"Tiempo de lectura\" \/>\n\t<meta name=\"twitter:data2\" content=\"2 minutos\" \/>\n<script type=\"application\/ld+json\" class=\"yoast-schema-graph\">{\"@context\":\"https:\\\/\\\/schema.org\",\"@graph\":[{\"@type\":\"Article\",\"@id\":\"https:\\\/\\\/canal7slp.tv\\\/2019\\\/se-complica-situacion-de-inmigrantes-tras-medidas-tomadas-por-italia\\\/#article\",\"isPartOf\":{\"@id\":\"https:\\\/\\\/canal7slp.tv\\\/2019\\\/se-complica-situacion-de-inmigrantes-tras-medidas-tomadas-por-italia\\\/\"},\"author\":{\"name\":\"edicionweb\",\"@id\":\"https:\\\/\\\/canal7slp.tv\\\/2019\\\/#\\\/schema\\\/person\\\/11d941c1c6ca30ac0a46b95fa37aa2e3\"},\"headline\":\"Se complica situaci\u00f3n de inmigrantes tras medidas tomadas por Italia\",\"datePublished\":\"2019-08-07T14:38:43+00:00\",\"mainEntityOfPage\":{\"@id\":\"https:\\\/\\\/canal7slp.tv\\\/2019\\\/se-complica-situacion-de-inmigrantes-tras-medidas-tomadas-por-italia\\\/\"},\"wordCount\":388,\"commentCount\":0,\"publisher\":{\"@id\":\"https:\\\/\\\/canal7slp.tv\\\/2019\\\/#organization\"},\"image\":{\"@id\":\"https:\\\/\\\/canal7slp.tv\\\/2019\\\/se-complica-situacion-de-inmigrantes-tras-medidas-tomadas-por-italia\\\/#primaryimage\"},\"thumbnailUrl\":\"https:\\\/\\\/canal7slp.tv\\\/2019\\\/wp-content\\\/uploads\\\/2019\\\/08\\\/1115-5.jpg\",\"articleSection\":[\"INTERNACIONAL\"],\"inLanguage\":\"es\",\"potentialAction\":[{\"@type\":\"CommentAction\",\"name\":\"Comment\",\"target\":[\"https:\\\/\\\/canal7slp.tv\\\/2019\\\/se-complica-situacion-de-inmigrantes-tras-medidas-tomadas-por-italia\\\/#respond\"]}]},{\"@type\":\"WebPage\",\"@id\":\"https:\\\/\\\/canal7slp.tv\\\/2019\\\/se-complica-situacion-de-inmigrantes-tras-medidas-tomadas-por-italia\\\/\",\"url\":\"https:\\\/\\\/canal7slp.tv\\\/2019\\\/se-complica-situacion-de-inmigrantes-tras-medidas-tomadas-por-italia\\\/\",\"name\":\"Se complica situaci\u00f3n de inmigrantes tras medidas tomadas por Italia - Canal 7 SLP - 2019\",\"isPartOf\":{\"@id\":\"https:\\\/\\\/canal7slp.tv\\\/2019\\\/#website\"},\"primaryImageOfPage\":{\"@id\":\"https:\\\/\\\/canal7slp.tv\\\/2019\\\/se-complica-situacion-de-inmigrantes-tras-medidas-tomadas-por-italia\\\/#primaryimage\"},\"image\":{\"@id\":\"https:\\\/\\\/canal7slp.tv\\\/2019\\\/se-complica-situacion-de-inmigrantes-tras-medidas-tomadas-por-italia\\\/#primaryimage\"},\"thumbnailUrl\":\"https:\\\/\\\/canal7slp.tv\\\/2019\\\/wp-content\\\/uploads\\\/2019\\\/08\\\/1115-5.jpg\",\"datePublished\":\"2019-08-07T14:38:43+00:00\",\"breadcrumb\":{\"@id\":\"https:\\\/\\\/canal7slp.tv\\\/2019\\\/se-complica-situacion-de-inmigrantes-tras-medidas-tomadas-por-italia\\\/#breadcrumb\"},\"inLanguage\":\"es\",\"potentialAction\":[{\"@type\":\"ReadAction\",\"target\":[\"https:\\\/\\\/canal7slp.tv\\\/2019\\\/se-complica-situacion-de-inmigrantes-tras-medidas-tomadas-por-italia\\\/\"]}]},{\"@type\":\"ImageObject\",\"inLanguage\":\"es\",\"@id\":\"https:\\\/\\\/canal7slp.tv\\\/2019\\\/se-complica-situacion-de-inmigrantes-tras-medidas-tomadas-por-italia\\\/#primaryimage\",\"url\":\"https:\\\/\\\/canal7slp.tv\\\/2019\\\/wp-content\\\/uploads\\\/2019\\\/08\\\/1115-5.jpg\",\"contentUrl\":\"https:\\\/\\\/canal7slp.tv\\\/2019\\\/wp-content\\\/uploads\\\/2019\\\/08\\\/1115-5.jpg\",\"width\":719,\"height\":410},{\"@type\":\"BreadcrumbList\",\"@id\":\"https:\\\/\\\/canal7slp.tv\\\/2019\\\/se-complica-situacion-de-inmigrantes-tras-medidas-tomadas-por-italia\\\/#breadcrumb\",\"itemListElement\":[{\"@type\":\"ListItem\",\"position\":1,\"name\":\"Home\",\"item\":\"https:\\\/\\\/canal7slp.tv\\\/2019\\\/\"},{\"@type\":\"ListItem\",\"position\":2,\"name\":\"Se complica situaci\u00f3n de inmigrantes tras medidas tomadas por Italia\"}]},{\"@type\":\"WebSite\",\"@id\":\"https:\\\/\\\/canal7slp.tv\\\/2019\\\/#website\",\"url\":\"https:\\\/\\\/canal7slp.tv\\\/2019\\\/\",\"name\":\"Canal 7 SLP - Somos TV\",\"description\":\"Somos un Canal de 10\",\"publisher\":{\"@id\":\"https:\\\/\\\/canal7slp.tv\\\/2019\\\/#organization\"},\"potentialAction\":[{\"@type\":\"SearchAction\",\"target\":{\"@type\":\"EntryPoint\",\"urlTemplate\":\"https:\\\/\\\/canal7slp.tv\\\/2019\\\/?s={search_term_string}\"},\"query-input\":{\"@type\":\"PropertyValueSpecification\",\"valueRequired\":true,\"valueName\":\"search_term_string\"}}],\"inLanguage\":\"es\"},{\"@type\":\"Organization\",\"@id\":\"https:\\\/\\\/canal7slp.tv\\\/2019\\\/#organization\",\"name\":\"Comunicaci\u00f3n 2000 S.A. de C.V.\",\"url\":\"https:\\\/\\\/canal7slp.tv\\\/2019\\\/\",\"logo\":{\"@type\":\"ImageObject\",\"inLanguage\":\"es\",\"@id\":\"https:\\\/\\\/canal7slp.tv\\\/2019\\\/#\\\/schema\\\/logo\\\/image\\\/\",\"url\":\"https:\\\/\\\/canal7slp.tv\\\/2019\\\/wp-content\\\/uploads\\\/2019\\\/07\\\/logo-c7.png\",\"contentUrl\":\"https:\\\/\\\/canal7slp.tv\\\/2019\\\/wp-content\\\/uploads\\\/2019\\\/07\\\/logo-c7.png\",\"width\":220,\"height\":60,\"caption\":\"Comunicaci\u00f3n 2000 S.A. de C.V.\"},\"image\":{\"@id\":\"https:\\\/\\\/canal7slp.tv\\\/2019\\\/#\\\/schema\\\/logo\\\/image\\\/\"},\"sameAs\":[\"https:\\\/\\\/www.facebook.com\\\/CANAL7SLP\\\/\",\"https:\\\/\\\/x.com\\\/canal7_slp\",\"https:\\\/\\\/www.instagram.com\\\/canal7_slp\",\"https:\\\/\\\/www.youtube.com\\\/user\\\/NOTICIEROSCANAL7SLP\\\/\"]},{\"@type\":\"Person\",\"@id\":\"https:\\\/\\\/canal7slp.tv\\\/2019\\\/#\\\/schema\\\/person\\\/11d941c1c6ca30ac0a46b95fa37aa2e3\",\"name\":\"edicionweb\",\"image\":{\"@type\":\"ImageObject\",\"inLanguage\":\"es\",\"@id\":\"https:\\\/\\\/secure.gravatar.com\\\/avatar\\\/eee448fc3f7164808013b816ba91ac7e43bbe82a70bebac296f8bc6f0addaa1a?s=96&d=mm&r=g\",\"url\":\"https:\\\/\\\/secure.gravatar.com\\\/avatar\\\/eee448fc3f7164808013b816ba91ac7e43bbe82a70bebac296f8bc6f0addaa1a?s=96&d=mm&r=g\",\"contentUrl\":\"https:\\\/\\\/secure.gravatar.com\\\/avatar\\\/eee448fc3f7164808013b816ba91ac7e43bbe82a70bebac296f8bc6f0addaa1a?s=96&d=mm&r=g\",\"caption\":\"edicionweb\"}}]}<\/script>\n<!-- \/ Yoast SEO plugin. -->","yoast_head_json":{"title":"Se complica situaci\u00f3n de inmigrantes tras medidas tomadas por Italia - Canal 7 SLP - 2019","robots":{"index":"index","follow":"follow","max-snippet":"max-snippet:-1","max-image-preview":"max-image-preview:large","max-video-preview":"max-video-preview:-1"},"canonical":"https:\/\/canal7slp.tv\/2019\/se-complica-situacion-de-inmigrantes-tras-medidas-tomadas-por-italia\/","og_locale":"es_ES","og_type":"article","og_title":"Se complica situaci\u00f3n de inmigrantes tras medidas tomadas por Italia - Canal 7 SLP - 2019","og_description":"Roma.- La situaci\u00f3n de los 121 inmigrantes a bordo del buque la organizaci\u00f3n no gubernamental Proactiva Open Arms, que se encuentra en aguas internacionales, pr\u00f3xima a la isla de Lampedusa, se complica tras las nuevas medidas adoptadas por Italia. La embarcaci\u00f3n se encuentra por sexto d\u00eda a la espera de obtener la correspondiente autorizaci\u00f3n para [&hellip;]","og_url":"https:\/\/canal7slp.tv\/2019\/se-complica-situacion-de-inmigrantes-tras-medidas-tomadas-por-italia\/","og_site_name":"Canal 7 SLP - 2019","article_publisher":"https:\/\/www.facebook.com\/CANAL7SLP\/","article_published_time":"2019-08-07T14:38:43+00:00","og_image":[{"width":719,"height":410,"url":"https:\/\/canal7slp.tv\/2019\/wp-content\/uploads\/2019\/08\/1115-5.jpg","type":"image\/jpeg"}],"author":"edicionweb","twitter_card":"summary_large_image","twitter_creator":"@canal7_slp","twitter_site":"@canal7_slp","twitter_misc":{"Escrito por":"edicionweb","Tiempo de lectura":"2 minutos"},"schema":{"@context":"https:\/\/schema.org","@graph":[{"@type":"Article","@id":"https:\/\/canal7slp.tv\/2019\/se-complica-situacion-de-inmigrantes-tras-medidas-tomadas-por-italia\/#article","isPartOf":{"@id":"https:\/\/canal7slp.tv\/2019\/se-complica-situacion-de-inmigrantes-tras-medidas-tomadas-por-italia\/"},"author":{"name":"edicionweb","@id":"https:\/\/canal7slp.tv\/2019\/#\/schema\/person\/11d941c1c6ca30ac0a46b95fa37aa2e3"},"headline":"Se complica situaci\u00f3n de inmigrantes tras medidas tomadas por Italia","datePublished":"2019-08-07T14:38:43+00:00","mainEntityOfPage":{"@id":"https:\/\/canal7slp.tv\/2019\/se-complica-situacion-de-inmigrantes-tras-medidas-tomadas-por-italia\/"},"wordCount":388,"commentCount":0,"publisher":{"@id":"https:\/\/canal7slp.tv\/2019\/#organization"},"image":{"@id":"https:\/\/canal7slp.tv\/2019\/se-complica-situacion-de-inmigrantes-tras-medidas-tomadas-por-italia\/#primaryimage"},"thumbnailUrl":"https:\/\/canal7slp.tv\/2019\/wp-content\/uploads\/2019\/08\/1115-5.jpg","articleSection":["INTERNACIONAL"],"inLanguage":"es","potentialAction":[{"@type":"CommentAction","name":"Comment","target":["https:\/\/canal7slp.tv\/2019\/se-complica-situacion-de-inmigrantes-tras-medidas-tomadas-por-italia\/#respond"]}]},{"@type":"WebPage","@id":"https:\/\/canal7slp.tv\/2019\/se-complica-situacion-de-inmigrantes-tras-medidas-tomadas-por-italia\/","url":"https:\/\/canal7slp.tv\/2019\/se-complica-situacion-de-inmigrantes-tras-medidas-tomadas-por-italia\/","name":"Se complica situaci\u00f3n de inmigrantes tras medidas tomadas por Italia - Canal 7 SLP - 2019","isPartOf":{"@id":"https:\/\/canal7slp.tv\/2019\/#website"},"primaryImageOfPage":{"@id":"https:\/\/canal7slp.tv\/2019\/se-complica-situacion-de-inmigrantes-tras-medidas-tomadas-por-italia\/#primaryimage"},"image":{"@id":"https:\/\/canal7slp.tv\/2019\/se-complica-situacion-de-inmigrantes-tras-medidas-tomadas-por-italia\/#primaryimage"},"thumbnailUrl":"https:\/\/canal7slp.tv\/2019\/wp-content\/uploads\/2019\/08\/1115-5.jpg","datePublished":"2019-08-07T14:38:43+00:00","breadcrumb":{"@id":"https:\/\/canal7slp.tv\/2019\/se-complica-situacion-de-inmigrantes-tras-medidas-tomadas-por-italia\/#breadcrumb"},"inLanguage":"es","potentialAction":[{"@type":"ReadAction","target":["https:\/\/canal7slp.tv\/2019\/se-complica-situacion-de-inmigrantes-tras-medidas-tomadas-por-italia\/"]}]},{"@type":"ImageObject","inLanguage":"es","@id":"https:\/\/canal7slp.tv\/2019\/se-complica-situacion-de-inmigrantes-tras-medidas-tomadas-por-italia\/#primaryimage","url":"https:\/\/canal7slp.tv\/2019\/wp-content\/uploads\/2019\/08\/1115-5.jpg","contentUrl":"https:\/\/canal7slp.tv\/2019\/wp-content\/uploads\/2019\/08\/1115-5.jpg","width":719,"height":410},{"@type":"BreadcrumbList","@id":"https:\/\/canal7slp.tv\/2019\/se-complica-situacion-de-inmigrantes-tras-medidas-tomadas-por-italia\/#breadcrumb","itemListElement":[{"@type":"ListItem","position":1,"name":"Home","item":"https:\/\/canal7slp.tv\/2019\/"},{"@type":"ListItem","position":2,"name":"Se complica situaci\u00f3n de inmigrantes tras medidas tomadas por Italia"}]},{"@type":"WebSite","@id":"https:\/\/canal7slp.tv\/2019\/#website","url":"https:\/\/canal7slp.tv\/2019\/","name":"Canal 7 SLP - Somos TV","description":"Somos un Canal de 10","publisher":{"@id":"https:\/\/canal7slp.tv\/2019\/#organization"},"potentialAction":[{"@type":"SearchAction","target":{"@type":"EntryPoint","urlTemplate":"https:\/\/canal7slp.tv\/2019\/?s={search_term_string}"},"query-input":{"@type":"PropertyValueSpecification","valueRequired":true,"valueName":"search_term_string"}}],"inLanguage":"es"},{"@type":"Organization","@id":"https:\/\/canal7slp.tv\/2019\/#organization","name":"Comunicaci\u00f3n 2000 S.A. de C.V.","url":"https:\/\/canal7slp.tv\/2019\/","logo":{"@type":"ImageObject","inLanguage":"es","@id":"https:\/\/canal7slp.tv\/2019\/#\/schema\/logo\/image\/","url":"https:\/\/canal7slp.tv\/2019\/wp-content\/uploads\/2019\/07\/logo-c7.png","contentUrl":"https:\/\/canal7slp.tv\/2019\/wp-content\/uploads\/2019\/07\/logo-c7.png","width":220,"height":60,"caption":"Comunicaci\u00f3n 2000 S.A. de C.V."},"image":{"@id":"https:\/\/canal7slp.tv\/2019\/#\/schema\/logo\/image\/"},"sameAs":["https:\/\/www.facebook.com\/CANAL7SLP\/","https:\/\/x.com\/canal7_slp","https:\/\/www.instagram.com\/canal7_slp","https:\/\/www.youtube.com\/user\/NOTICIEROSCANAL7SLP\/"]},{"@type":"Person","@id":"https:\/\/canal7slp.tv\/2019\/#\/schema\/person\/11d941c1c6ca30ac0a46b95fa37aa2e3","name":"edicionweb","image":{"@type":"ImageObject","inLanguage":"es","@id":"https:\/\/secure.gravatar.com\/avatar\/eee448fc3f7164808013b816ba91ac7e43bbe82a70bebac296f8bc6f0addaa1a?s=96&d=mm&r=g","url":"https:\/\/secure.gravatar.com\/avatar\/eee448fc3f7164808013b816ba91ac7e43bbe82a70bebac296f8bc6f0addaa1a?s=96&d=mm&r=g","contentUrl":"https:\/\/secure.gravatar.com\/avatar\/eee448fc3f7164808013b816ba91ac7e43bbe82a70bebac296f8bc6f0addaa1a?s=96&d=mm&r=g","caption":"edicionweb"}}]}},"amp_enabled":true,"cmb2":{"video_ids_in_playlist":{"vid_p_videos":""},"video_ids_in_channel":{"vid_c_videos":""},"playlist_ids_in_channel":{"vid_c_playlists":""},"series_ids_in_channel":{"vid_c_series":""},"channel_images":{"vid_c_logo":"","vid_c_banner":""},"poster_feature_image":{"vid_m_poster_image":""},"gif_feature_image":{"vid_m_gif_image":""},"video_movie_settings":{"vid_m_director":"","vid_m_actor":"","vid_m_imdb_ratings":"","vid_m_amazon_associates":""},"vid_youtube_broadcasts_settings":{"vid_yb_broadcast_title":"","vid_yb_q":"","vid_yb_channelid":"","vid_yb_videocategoryid":"","vid_yb_maxresults":"","vid_yb_order":"","vid_yb_regioncode":"","vid_yb_videosyndicated":"","vid_yb_style":"","vid_yb_reload_first":""},"video_series_settings":{"vid_m_director":"","vid_m_actor":"","vid_m_imdb_ratings":"","video_series_group":""},"amazon_associates_settings":{"amazon_associates":"","amazon_native_ad":""},"vid_youtube_automatic_settings":{"vid_ya_youtube_source":"","vid_ya_update_every":"","vid_ya_update_unit":"","vid_ya_categories":"","vid_ya_published_after":"","vid_ya_published_before":"","vid_ya_playlists":"","vid_ya_channels":"","vid_ya_director":"","vid_ya_actor":"","vid_ya_author":"","vid_ya_import_post_date":"","vid_ya_status":"","vid_ya_sub_api_key":""},"vid_ads_m_videoads_settings_post":{"vid_ads_m_video_ads":"","vid_ads_m_video_ads_type":"","vid_ads_m_group_google_ima":"","vid_ads_m_group_image":"","vid_ads_m_group_html5_video":"","vid_ads_m_group_html":"","vid_ads_m_vast_preroll":"","vid_ads_m_vast_postroll":"","vid_ads_m_vast_pauseroll":"","vid_ads_m_vast_midroll":[{"vid_ads_m_vast_timer_seconds":"50"}],"vid_ads_m_time_to_show_ads":"","vid_ads_m_time_skip_ads":"","vid_ads_m_time_to_hide_ads":""},"page_slider_settings":{"display_slider_group":"","page_slider_group":""},"blog_page_settings":{"blog_page_title":"","blog_page_heading":"","blog_page_ic":"","blog_page_it":"","blog_page_ec":"","blog_page_ip":"","archive_loop_style":"","blog_image_ratio":"","blog_show_categories":"","blog_show_excerpt":"","blog_show_author":"","blog_show_date":"","blog_show_comment_count":"","blog_show_view_count":"","blog_show_like_count":"","blog_show_dislike_count":"","blog_items_per_page":"","blog_pag_type":""},"page_options":{"get_page_template":"","color_mode":"","main_layout":"","main_layout_full_with":"","main_logo":"","main_logo_retina":"","main_logo_mobile":"","main_logo_mobile_retina":"","sticky_logo":"","sticky_logo_retina":"","main_nav_layout":"","ajax_search":"","header_background":"","theme_sidebar":"","instagram_feed":"","instagram_feed_position":"","popular_videos":"","popular_videos_title_1":"","popular_videos_title_2":"","popular_videos_ic":"","popular_videos_it":"","theme_background":"","page_custom_css":""},"feature_image_settings":{"feature_image_position":""},"video_player_settings":{"single_video_style":"","video_player_position":"","vm_video_url":"","video_player_library":"","video_streaming":"","vm_media_sources":"","vid_auto_play":"","vm_video_shortcode":"","vid_p_sync_playlist":"","vid_c_sync_channel":"","get_post_format":"","multiple_links_structure":"default","multi_links_title":"","vm_video_multi_links":"","vm_duration":"","vid_social_locker":"off","vid_social_locker_id":"","vid_membership_action":"content-video","vm_video_trailer_url":"","vid_download_type":"free","vid_download_target":"download","vid_woo_product":"","vm_media_download":"","user_rating":"","user_rating_position":"","user_rating_mode":"","user_rating_multi_sets":""},"video_auto_fetch_settings":{"vm_video_fetch":"on"},"video_fake_views_likes":{"vm_fake_views":"","vm_fake_likes":"","vm_fake_dislikes":""},"gallery_settings":{"gallery_position":""},"quote_settings":{"quote_position":""},"post_options":{"main_layout":"","main_logo":"","main_logo_retina":"","main_logo_mobile":"","main_logo_mobile_retina":"","sticky_logo":"","sticky_logo_retina":"","main_nav_layout":"","header_background":"","theme_sidebar":"","single_post_comment_type":"","theme_background":""}},"_links":{"self":[{"href":"https:\/\/canal7slp.tv\/2019\/wp-json\/wp\/v2\/posts\/45548","targetHints":{"allow":["GET"]}}],"collection":[{"href":"https:\/\/canal7slp.tv\/2019\/wp-json\/wp\/v2\/posts"}],"about":[{"href":"https:\/\/canal7slp.tv\/2019\/wp-json\/wp\/v2\/types\/post"}],"author":[{"embeddable":true,"href":"https:\/\/canal7slp.tv\/2019\/wp-json\/wp\/v2\/users\/2"}],"replies":[{"embeddable":true,"href":"https:\/\/canal7slp.tv\/2019\/wp-json\/wp\/v2\/comments?post=45548"}],"version-history":[{"count":0,"href":"https:\/\/canal7slp.tv\/2019\/wp-json\/wp\/v2\/posts\/45548\/revisions"}],"wp:featuredmedia":[{"embeddable":true,"href":"https:\/\/canal7slp.tv\/2019\/wp-json\/wp\/v2\/media\/45549"}],"wp:attachment":[{"href":"https:\/\/canal7slp.tv\/2019\/wp-json\/wp\/v2\/media?parent=45548"}],"wp:term":[{"taxonomy":"category","embeddable":true,"href":"https:\/\/canal7slp.tv\/2019\/wp-json\/wp\/v2\/categories?post=45548"},{"taxonomy":"post_tag","embeddable":true,"href":"https:\/\/canal7slp.tv\/2019\/wp-json\/wp\/v2\/tags?post=45548"}],"curies":[{"name":"wp","href":"https:\/\/api.w.org\/{rel}","templated":true}]}}