{"id":45413,"date":"2019-08-06T18:22:26","date_gmt":"2019-08-06T23:22:26","guid":{"rendered":"https:\/\/canal7slp.tv\/2019\/?p=45413"},"modified":"2019-08-06T19:46:33","modified_gmt":"2019-08-07T00:46:33","slug":"hasta-elotes-volaron-en-operativo-contra-ambulantes-en-pleno-centro-historico","status":"publish","type":"post","link":"https:\/\/canal7slp.tv\/2019\/hasta-elotes-volaron-en-operativo-contra-ambulantes-en-pleno-centro-historico\/","title":{"rendered":"Hasta elotes volaron en operativo contra ambulantes en pleno Centro Hist\u00f3rico."},"content":{"rendered":"<p style=\"text-align: justify;\">SLP.- Por medio de la fuerza p\u00fablica, el Ayuntamiento de la Capital retir\u00f3 a vendedores ambulantes de la plaza del Carmen, con empujones, gritos, jaloneo y hasta elotazos; una vez que los comerciantes terminaron por lanzar lo que qued\u00f3 de sus productos a los polic\u00edas.<\/p>\n<p style=\"text-align: justify;\">El impedimento de que dos puestos permanecieran en la zona, result\u00f3 en un conflicto con innumerables ciudadanos que utilizaban sus tel\u00e9fonos m\u00f3viles para grabar lo ocurrido.<\/p>\n<p style=\"text-align: justify;\">Una agente result\u00f3 lesionada.<\/p>\n<p style=\"text-align: justify;\">Desde temprano, en las inmediaciones del Teatro de la Paz y el Museo del Virreinato se despleg\u00f3 un dispositivo para resguardar el \u00e1rea y mantenerla libre de puestos.<\/p>\n<p style=\"text-align: justify;\">Participaron inspectores de la Unidad de Gesti\u00f3n del Centro Hist\u00f3rico y oficiales de la Direcci\u00f3n General de Seguridad P\u00fablica Municipal (DGSPM).<\/p>\n<p style=\"text-align: justify;\">Sin embargo, despu\u00e9s de las 12:00 horas, en compa\u00f1\u00eda de familiares, los comerciantes se acomodaron con cartulinas y lanzaron consignas contra la titular de la Unidad de Gesti\u00f3n, Roc\u00edo Zavala Garc\u00eda.<\/p>\n<p style=\"text-align: justify;\">Argumentaron que al manifestarse, la autoridad no tendr\u00eda por qu\u00e9 quitarles.<\/p>\n<p style=\"text-align: justify;\">Pronunciaron que deb\u00eda enviarse a decenas de polic\u00edas que acudieron al sitio, a atender situaciones de inseguridad, no a mover sus estructuras.<\/p>\n<p style=\"text-align: justify;\">Hubo quienes sostuvieron que por d\u00e9cadas han comercializado su mercanc\u00eda.<\/p>\n<p style=\"text-align: justify;\">Los due\u00f1os de las estructuras dijeron haber solicitado un oficio que justifique el motivo por el que no deben ocupar la v\u00eda p\u00fablica.<\/p>\n<p style=\"text-align: justify;\">As\u00ed, arribaron a la plaza algunos polic\u00edas con escudo y se quedaron de pie a varios metros de los comerciantes ambulantes.<\/p>\n<p style=\"text-align: justify;\">Pasaron m\u00e1s de 30 minutos de tensi\u00f3n, con los agentes incluso reacomodados por la iglesia del Carmen.<\/p>\n<p style=\"text-align: justify;\">Al filo de las 13:00 horas lleg\u00f3 personal del Ayuntamiento en una camioneta y los polic\u00edas procedieron.<\/p>\n<p style=\"text-align: justify;\">Los vendedores se aferraban a los puestos, en tanto se efectuaba el retiro.<\/p>\n<p style=\"text-align: justify;\">En un instante estall\u00f3 la bronca, en la cual los presentes se hicieron de golpes e insultos.<\/p>\n<p style=\"text-align: justify;\">Alrededor, la gente no par\u00f3 de gritar y los agentes hicieron a un lado a personas presuntamente implicadas.<\/p>\n<p style=\"text-align: justify;\">Hubo quienes se tiraron al piso, tambi\u00e9n con lesiones \u2013como fue el caso de una oficial-.<\/p>\n<p style=\"text-align: justify;\">En solo unos minutos removieron los puestos. Lo que quedaba fue montado en la camioneta.<\/p>\n<p style=\"text-align: justify;\">Los comerciantes frustrados lanzaron lo que ten\u00edan a la mano contra los polic\u00edas, mientras ellos desplegaban su escudo.<\/p>\n<p style=\"text-align: justify;\">En la plaza del Carmen qued\u00f3 como rastro parte de la mercanc\u00eda tirada.<\/p>\n<p style=\"text-align: justify;\">Los polic\u00edas se retiraron.<\/p>\n<p>Por: Paulina Rodr\u00edguez<\/p>\n","protected":false},"excerpt":{"rendered":"<p>SLP.- Por medio de la fuerza p\u00fablica, el Ayuntamiento de la Capital retir\u00f3 a vendedores ambulantes de la plaza del Carmen, con empujones, gritos, jaloneo y hasta elotazos; una vez que los comerciantes terminaron por lanzar lo que qued\u00f3 de sus productos a los polic\u00edas. El impedimento de que dos puestos permanecieran en la zona, [&hellip;]<\/p>\n","protected":false},"author":2,"featured_media":45462,"comment_status":"open","ping_status":"closed","sticky":false,"template":"","format":"video","meta":{"footnotes":""},"categories":[108,17],"tags":[1367,1045],"class_list":["post-45413","post","type-post","status-publish","format-video","has-post-thumbnail","hentry","category-destacadas","category-localesyregionales","tag-ambulantes","tag-centro-historico","post_format-post-format-video"],"yoast_head":"<!-- This site is optimized with the Yoast SEO plugin v27.4 - https:\/\/yoast.com\/product\/yoast-seo-wordpress\/ -->\n<title>Hasta elotes volaron en operativo contra ambulantes en pleno Centro Hist\u00f3rico. - Canal 7 SLP - 2019<\/title>\n<meta name=\"robots\" content=\"index, follow, max-snippet:-1, max-image-preview:large, max-video-preview:-1\" \/>\n<link rel=\"canonical\" href=\"https:\/\/canal7slp.tv\/2019\/hasta-elotes-volaron-en-operativo-contra-ambulantes-en-pleno-centro-historico\/\" \/>\n<meta property=\"og:locale\" content=\"es_ES\" \/>\n<meta property=\"og:type\" content=\"article\" \/>\n<meta property=\"og:title\" content=\"Hasta elotes volaron en operativo contra ambulantes en pleno Centro Hist\u00f3rico. - Canal 7 SLP - 2019\" \/>\n<meta property=\"og:description\" content=\"SLP.- Por medio de la fuerza p\u00fablica, el Ayuntamiento de la Capital retir\u00f3 a vendedores ambulantes de la plaza del Carmen, con empujones, gritos, jaloneo y hasta elotazos; una vez que los comerciantes terminaron por lanzar lo que qued\u00f3 de sus productos a los polic\u00edas. El impedimento de que dos puestos permanecieran en la zona, [&hellip;]\" \/>\n<meta property=\"og:url\" content=\"https:\/\/canal7slp.tv\/2019\/hasta-elotes-volaron-en-operativo-contra-ambulantes-en-pleno-centro-historico\/\" \/>\n<meta property=\"og:site_name\" content=\"Canal 7 SLP - 2019\" \/>\n<meta property=\"article:publisher\" content=\"https:\/\/www.facebook.com\/CANAL7SLP\/\" \/>\n<meta property=\"article:published_time\" content=\"2019-08-06T23:22:26+00:00\" \/>\n<meta property=\"article:modified_time\" content=\"2019-08-07T00:46:33+00:00\" \/>\n<meta property=\"og:image\" content=\"https:\/\/canal7slp.tv\/2019\/wp-content\/uploads\/2019\/08\/retiroambulantes-1.jpg\" \/>\n\t<meta property=\"og:image:width\" content=\"750\" \/>\n\t<meta property=\"og:image:height\" content=\"421\" \/>\n\t<meta property=\"og:image:type\" content=\"image\/jpeg\" \/>\n<meta name=\"author\" content=\"edicionweb\" \/>\n<meta name=\"twitter:card\" content=\"summary_large_image\" \/>\n<meta name=\"twitter:creator\" content=\"@canal7_slp\" \/>\n<meta name=\"twitter:site\" content=\"@canal7_slp\" \/>\n<meta name=\"twitter:label1\" content=\"Escrito por\" \/>\n\t<meta name=\"twitter:data1\" content=\"edicionweb\" \/>\n\t<meta name=\"twitter:label2\" content=\"Tiempo de lectura\" \/>\n\t<meta name=\"twitter:data2\" content=\"2 minutos\" \/>\n<script type=\"application\/ld+json\" class=\"yoast-schema-graph\">{\"@context\":\"https:\\\/\\\/schema.org\",\"@graph\":[{\"@type\":\"Article\",\"@id\":\"https:\\\/\\\/canal7slp.tv\\\/2019\\\/hasta-elotes-volaron-en-operativo-contra-ambulantes-en-pleno-centro-historico\\\/#article\",\"isPartOf\":{\"@id\":\"https:\\\/\\\/canal7slp.tv\\\/2019\\\/hasta-elotes-volaron-en-operativo-contra-ambulantes-en-pleno-centro-historico\\\/\"},\"author\":{\"name\":\"edicionweb\",\"@id\":\"https:\\\/\\\/canal7slp.tv\\\/2019\\\/#\\\/schema\\\/person\\\/11d941c1c6ca30ac0a46b95fa37aa2e3\"},\"headline\":\"Hasta elotes volaron en operativo contra ambulantes en pleno Centro Hist\u00f3rico.\",\"datePublished\":\"2019-08-06T23:22:26+00:00\",\"dateModified\":\"2019-08-07T00:46:33+00:00\",\"mainEntityOfPage\":{\"@id\":\"https:\\\/\\\/canal7slp.tv\\\/2019\\\/hasta-elotes-volaron-en-operativo-contra-ambulantes-en-pleno-centro-historico\\\/\"},\"wordCount\":434,\"commentCount\":0,\"publisher\":{\"@id\":\"https:\\\/\\\/canal7slp.tv\\\/2019\\\/#organization\"},\"image\":{\"@id\":\"https:\\\/\\\/canal7slp.tv\\\/2019\\\/hasta-elotes-volaron-en-operativo-contra-ambulantes-en-pleno-centro-historico\\\/#primaryimage\"},\"thumbnailUrl\":\"https:\\\/\\\/canal7slp.tv\\\/2019\\\/wp-content\\\/uploads\\\/2019\\\/08\\\/retiroambulantes-1.jpg\",\"keywords\":[\"Ambulantes\",\"Centro Hist\u00f3rico\"],\"articleSection\":[\"DESTACADAS\",\"LOCALES Y REGIONALES\"],\"inLanguage\":\"es\",\"potentialAction\":[{\"@type\":\"CommentAction\",\"name\":\"Comment\",\"target\":[\"https:\\\/\\\/canal7slp.tv\\\/2019\\\/hasta-elotes-volaron-en-operativo-contra-ambulantes-en-pleno-centro-historico\\\/#respond\"]}]},{\"@type\":\"WebPage\",\"@id\":\"https:\\\/\\\/canal7slp.tv\\\/2019\\\/hasta-elotes-volaron-en-operativo-contra-ambulantes-en-pleno-centro-historico\\\/\",\"url\":\"https:\\\/\\\/canal7slp.tv\\\/2019\\\/hasta-elotes-volaron-en-operativo-contra-ambulantes-en-pleno-centro-historico\\\/\",\"name\":\"Hasta elotes volaron en operativo contra ambulantes en pleno Centro Hist\u00f3rico. - Canal 7 SLP - 2019\",\"isPartOf\":{\"@id\":\"https:\\\/\\\/canal7slp.tv\\\/2019\\\/#website\"},\"primaryImageOfPage\":{\"@id\":\"https:\\\/\\\/canal7slp.tv\\\/2019\\\/hasta-elotes-volaron-en-operativo-contra-ambulantes-en-pleno-centro-historico\\\/#primaryimage\"},\"image\":{\"@id\":\"https:\\\/\\\/canal7slp.tv\\\/2019\\\/hasta-elotes-volaron-en-operativo-contra-ambulantes-en-pleno-centro-historico\\\/#primaryimage\"},\"thumbnailUrl\":\"https:\\\/\\\/canal7slp.tv\\\/2019\\\/wp-content\\\/uploads\\\/2019\\\/08\\\/retiroambulantes-1.jpg\",\"datePublished\":\"2019-08-06T23:22:26+00:00\",\"dateModified\":\"2019-08-07T00:46:33+00:00\",\"breadcrumb\":{\"@id\":\"https:\\\/\\\/canal7slp.tv\\\/2019\\\/hasta-elotes-volaron-en-operativo-contra-ambulantes-en-pleno-centro-historico\\\/#breadcrumb\"},\"inLanguage\":\"es\",\"potentialAction\":[{\"@type\":\"ReadAction\",\"target\":[\"https:\\\/\\\/canal7slp.tv\\\/2019\\\/hasta-elotes-volaron-en-operativo-contra-ambulantes-en-pleno-centro-historico\\\/\"]}]},{\"@type\":\"ImageObject\",\"inLanguage\":\"es\",\"@id\":\"https:\\\/\\\/canal7slp.tv\\\/2019\\\/hasta-elotes-volaron-en-operativo-contra-ambulantes-en-pleno-centro-historico\\\/#primaryimage\",\"url\":\"https:\\\/\\\/canal7slp.tv\\\/2019\\\/wp-content\\\/uploads\\\/2019\\\/08\\\/retiroambulantes-1.jpg\",\"contentUrl\":\"https:\\\/\\\/canal7slp.tv\\\/2019\\\/wp-content\\\/uploads\\\/2019\\\/08\\\/retiroambulantes-1.jpg\",\"width\":750,\"height\":421},{\"@type\":\"BreadcrumbList\",\"@id\":\"https:\\\/\\\/canal7slp.tv\\\/2019\\\/hasta-elotes-volaron-en-operativo-contra-ambulantes-en-pleno-centro-historico\\\/#breadcrumb\",\"itemListElement\":[{\"@type\":\"ListItem\",\"position\":1,\"name\":\"Home\",\"item\":\"https:\\\/\\\/canal7slp.tv\\\/2019\\\/\"},{\"@type\":\"ListItem\",\"position\":2,\"name\":\"Hasta elotes volaron en operativo contra ambulantes en pleno Centro Hist\u00f3rico.\"}]},{\"@type\":\"WebSite\",\"@id\":\"https:\\\/\\\/canal7slp.tv\\\/2019\\\/#website\",\"url\":\"https:\\\/\\\/canal7slp.tv\\\/2019\\\/\",\"name\":\"Canal 7 SLP - Somos TV\",\"description\":\"Somos un Canal de 10\",\"publisher\":{\"@id\":\"https:\\\/\\\/canal7slp.tv\\\/2019\\\/#organization\"},\"potentialAction\":[{\"@type\":\"SearchAction\",\"target\":{\"@type\":\"EntryPoint\",\"urlTemplate\":\"https:\\\/\\\/canal7slp.tv\\\/2019\\\/?s={search_term_string}\"},\"query-input\":{\"@type\":\"PropertyValueSpecification\",\"valueRequired\":true,\"valueName\":\"search_term_string\"}}],\"inLanguage\":\"es\"},{\"@type\":\"Organization\",\"@id\":\"https:\\\/\\\/canal7slp.tv\\\/2019\\\/#organization\",\"name\":\"Comunicaci\u00f3n 2000 S.A. de C.V.\",\"url\":\"https:\\\/\\\/canal7slp.tv\\\/2019\\\/\",\"logo\":{\"@type\":\"ImageObject\",\"inLanguage\":\"es\",\"@id\":\"https:\\\/\\\/canal7slp.tv\\\/2019\\\/#\\\/schema\\\/logo\\\/image\\\/\",\"url\":\"https:\\\/\\\/canal7slp.tv\\\/2019\\\/wp-content\\\/uploads\\\/2019\\\/07\\\/logo-c7.png\",\"contentUrl\":\"https:\\\/\\\/canal7slp.tv\\\/2019\\\/wp-content\\\/uploads\\\/2019\\\/07\\\/logo-c7.png\",\"width\":220,\"height\":60,\"caption\":\"Comunicaci\u00f3n 2000 S.A. de C.V.\"},\"image\":{\"@id\":\"https:\\\/\\\/canal7slp.tv\\\/2019\\\/#\\\/schema\\\/logo\\\/image\\\/\"},\"sameAs\":[\"https:\\\/\\\/www.facebook.com\\\/CANAL7SLP\\\/\",\"https:\\\/\\\/x.com\\\/canal7_slp\",\"https:\\\/\\\/www.instagram.com\\\/canal7_slp\",\"https:\\\/\\\/www.youtube.com\\\/user\\\/NOTICIEROSCANAL7SLP\\\/\"]},{\"@type\":\"Person\",\"@id\":\"https:\\\/\\\/canal7slp.tv\\\/2019\\\/#\\\/schema\\\/person\\\/11d941c1c6ca30ac0a46b95fa37aa2e3\",\"name\":\"edicionweb\",\"image\":{\"@type\":\"ImageObject\",\"inLanguage\":\"es\",\"@id\":\"https:\\\/\\\/secure.gravatar.com\\\/avatar\\\/eee448fc3f7164808013b816ba91ac7e43bbe82a70bebac296f8bc6f0addaa1a?s=96&d=mm&r=g\",\"url\":\"https:\\\/\\\/secure.gravatar.com\\\/avatar\\\/eee448fc3f7164808013b816ba91ac7e43bbe82a70bebac296f8bc6f0addaa1a?s=96&d=mm&r=g\",\"contentUrl\":\"https:\\\/\\\/secure.gravatar.com\\\/avatar\\\/eee448fc3f7164808013b816ba91ac7e43bbe82a70bebac296f8bc6f0addaa1a?s=96&d=mm&r=g\",\"caption\":\"edicionweb\"}}]}<\/script>\n<!-- \/ Yoast SEO plugin. -->","yoast_head_json":{"title":"Hasta elotes volaron en operativo contra ambulantes en pleno Centro Hist\u00f3rico. - Canal 7 SLP - 2019","robots":{"index":"index","follow":"follow","max-snippet":"max-snippet:-1","max-image-preview":"max-image-preview:large","max-video-preview":"max-video-preview:-1"},"canonical":"https:\/\/canal7slp.tv\/2019\/hasta-elotes-volaron-en-operativo-contra-ambulantes-en-pleno-centro-historico\/","og_locale":"es_ES","og_type":"article","og_title":"Hasta elotes volaron en operativo contra ambulantes en pleno Centro Hist\u00f3rico. - Canal 7 SLP - 2019","og_description":"SLP.- Por medio de la fuerza p\u00fablica, el Ayuntamiento de la Capital retir\u00f3 a vendedores ambulantes de la plaza del Carmen, con empujones, gritos, jaloneo y hasta elotazos; una vez que los comerciantes terminaron por lanzar lo que qued\u00f3 de sus productos a los polic\u00edas. El impedimento de que dos puestos permanecieran en la zona, [&hellip;]","og_url":"https:\/\/canal7slp.tv\/2019\/hasta-elotes-volaron-en-operativo-contra-ambulantes-en-pleno-centro-historico\/","og_site_name":"Canal 7 SLP - 2019","article_publisher":"https:\/\/www.facebook.com\/CANAL7SLP\/","article_published_time":"2019-08-06T23:22:26+00:00","article_modified_time":"2019-08-07T00:46:33+00:00","og_image":[{"width":750,"height":421,"url":"https:\/\/canal7slp.tv\/2019\/wp-content\/uploads\/2019\/08\/retiroambulantes-1.jpg","type":"image\/jpeg"}],"author":"edicionweb","twitter_card":"summary_large_image","twitter_creator":"@canal7_slp","twitter_site":"@canal7_slp","twitter_misc":{"Escrito por":"edicionweb","Tiempo de lectura":"2 minutos"},"schema":{"@context":"https:\/\/schema.org","@graph":[{"@type":"Article","@id":"https:\/\/canal7slp.tv\/2019\/hasta-elotes-volaron-en-operativo-contra-ambulantes-en-pleno-centro-historico\/#article","isPartOf":{"@id":"https:\/\/canal7slp.tv\/2019\/hasta-elotes-volaron-en-operativo-contra-ambulantes-en-pleno-centro-historico\/"},"author":{"name":"edicionweb","@id":"https:\/\/canal7slp.tv\/2019\/#\/schema\/person\/11d941c1c6ca30ac0a46b95fa37aa2e3"},"headline":"Hasta elotes volaron en operativo contra ambulantes en pleno Centro Hist\u00f3rico.","datePublished":"2019-08-06T23:22:26+00:00","dateModified":"2019-08-07T00:46:33+00:00","mainEntityOfPage":{"@id":"https:\/\/canal7slp.tv\/2019\/hasta-elotes-volaron-en-operativo-contra-ambulantes-en-pleno-centro-historico\/"},"wordCount":434,"commentCount":0,"publisher":{"@id":"https:\/\/canal7slp.tv\/2019\/#organization"},"image":{"@id":"https:\/\/canal7slp.tv\/2019\/hasta-elotes-volaron-en-operativo-contra-ambulantes-en-pleno-centro-historico\/#primaryimage"},"thumbnailUrl":"https:\/\/canal7slp.tv\/2019\/wp-content\/uploads\/2019\/08\/retiroambulantes-1.jpg","keywords":["Ambulantes","Centro Hist\u00f3rico"],"articleSection":["DESTACADAS","LOCALES Y REGIONALES"],"inLanguage":"es","potentialAction":[{"@type":"CommentAction","name":"Comment","target":["https:\/\/canal7slp.tv\/2019\/hasta-elotes-volaron-en-operativo-contra-ambulantes-en-pleno-centro-historico\/#respond"]}]},{"@type":"WebPage","@id":"https:\/\/canal7slp.tv\/2019\/hasta-elotes-volaron-en-operativo-contra-ambulantes-en-pleno-centro-historico\/","url":"https:\/\/canal7slp.tv\/2019\/hasta-elotes-volaron-en-operativo-contra-ambulantes-en-pleno-centro-historico\/","name":"Hasta elotes volaron en operativo contra ambulantes en pleno Centro Hist\u00f3rico. - Canal 7 SLP - 2019","isPartOf":{"@id":"https:\/\/canal7slp.tv\/2019\/#website"},"primaryImageOfPage":{"@id":"https:\/\/canal7slp.tv\/2019\/hasta-elotes-volaron-en-operativo-contra-ambulantes-en-pleno-centro-historico\/#primaryimage"},"image":{"@id":"https:\/\/canal7slp.tv\/2019\/hasta-elotes-volaron-en-operativo-contra-ambulantes-en-pleno-centro-historico\/#primaryimage"},"thumbnailUrl":"https:\/\/canal7slp.tv\/2019\/wp-content\/uploads\/2019\/08\/retiroambulantes-1.jpg","datePublished":"2019-08-06T23:22:26+00:00","dateModified":"2019-08-07T00:46:33+00:00","breadcrumb":{"@id":"https:\/\/canal7slp.tv\/2019\/hasta-elotes-volaron-en-operativo-contra-ambulantes-en-pleno-centro-historico\/#breadcrumb"},"inLanguage":"es","potentialAction":[{"@type":"ReadAction","target":["https:\/\/canal7slp.tv\/2019\/hasta-elotes-volaron-en-operativo-contra-ambulantes-en-pleno-centro-historico\/"]}]},{"@type":"ImageObject","inLanguage":"es","@id":"https:\/\/canal7slp.tv\/2019\/hasta-elotes-volaron-en-operativo-contra-ambulantes-en-pleno-centro-historico\/#primaryimage","url":"https:\/\/canal7slp.tv\/2019\/wp-content\/uploads\/2019\/08\/retiroambulantes-1.jpg","contentUrl":"https:\/\/canal7slp.tv\/2019\/wp-content\/uploads\/2019\/08\/retiroambulantes-1.jpg","width":750,"height":421},{"@type":"BreadcrumbList","@id":"https:\/\/canal7slp.tv\/2019\/hasta-elotes-volaron-en-operativo-contra-ambulantes-en-pleno-centro-historico\/#breadcrumb","itemListElement":[{"@type":"ListItem","position":1,"name":"Home","item":"https:\/\/canal7slp.tv\/2019\/"},{"@type":"ListItem","position":2,"name":"Hasta elotes volaron en operativo contra ambulantes en pleno Centro Hist\u00f3rico."}]},{"@type":"WebSite","@id":"https:\/\/canal7slp.tv\/2019\/#website","url":"https:\/\/canal7slp.tv\/2019\/","name":"Canal 7 SLP - Somos TV","description":"Somos un Canal de 10","publisher":{"@id":"https:\/\/canal7slp.tv\/2019\/#organization"},"potentialAction":[{"@type":"SearchAction","target":{"@type":"EntryPoint","urlTemplate":"https:\/\/canal7slp.tv\/2019\/?s={search_term_string}"},"query-input":{"@type":"PropertyValueSpecification","valueRequired":true,"valueName":"search_term_string"}}],"inLanguage":"es"},{"@type":"Organization","@id":"https:\/\/canal7slp.tv\/2019\/#organization","name":"Comunicaci\u00f3n 2000 S.A. de C.V.","url":"https:\/\/canal7slp.tv\/2019\/","logo":{"@type":"ImageObject","inLanguage":"es","@id":"https:\/\/canal7slp.tv\/2019\/#\/schema\/logo\/image\/","url":"https:\/\/canal7slp.tv\/2019\/wp-content\/uploads\/2019\/07\/logo-c7.png","contentUrl":"https:\/\/canal7slp.tv\/2019\/wp-content\/uploads\/2019\/07\/logo-c7.png","width":220,"height":60,"caption":"Comunicaci\u00f3n 2000 S.A. de C.V."},"image":{"@id":"https:\/\/canal7slp.tv\/2019\/#\/schema\/logo\/image\/"},"sameAs":["https:\/\/www.facebook.com\/CANAL7SLP\/","https:\/\/x.com\/canal7_slp","https:\/\/www.instagram.com\/canal7_slp","https:\/\/www.youtube.com\/user\/NOTICIEROSCANAL7SLP\/"]},{"@type":"Person","@id":"https:\/\/canal7slp.tv\/2019\/#\/schema\/person\/11d941c1c6ca30ac0a46b95fa37aa2e3","name":"edicionweb","image":{"@type":"ImageObject","inLanguage":"es","@id":"https:\/\/secure.gravatar.com\/avatar\/eee448fc3f7164808013b816ba91ac7e43bbe82a70bebac296f8bc6f0addaa1a?s=96&d=mm&r=g","url":"https:\/\/secure.gravatar.com\/avatar\/eee448fc3f7164808013b816ba91ac7e43bbe82a70bebac296f8bc6f0addaa1a?s=96&d=mm&r=g","contentUrl":"https:\/\/secure.gravatar.com\/avatar\/eee448fc3f7164808013b816ba91ac7e43bbe82a70bebac296f8bc6f0addaa1a?s=96&d=mm&r=g","caption":"edicionweb"}}]}},"amp_enabled":true,"cmb2":{"video_ids_in_playlist":{"vid_p_videos":""},"video_ids_in_channel":{"vid_c_videos":""},"playlist_ids_in_channel":{"vid_c_playlists":""},"series_ids_in_channel":{"vid_c_series":""},"channel_images":{"vid_c_logo":"","vid_c_banner":""},"poster_feature_image":{"vid_m_poster_image":""},"gif_feature_image":{"vid_m_gif_image":""},"video_movie_settings":{"vid_m_director":"","vid_m_actor":"","vid_m_imdb_ratings":"","vid_m_amazon_associates":""},"vid_youtube_broadcasts_settings":{"vid_yb_broadcast_title":"","vid_yb_q":"","vid_yb_channelid":"","vid_yb_videocategoryid":"","vid_yb_maxresults":"","vid_yb_order":"","vid_yb_regioncode":"","vid_yb_videosyndicated":"","vid_yb_style":"","vid_yb_reload_first":""},"video_series_settings":{"vid_m_director":"","vid_m_actor":"","vid_m_imdb_ratings":"","video_series_group":""},"amazon_associates_settings":{"amazon_associates":"","amazon_native_ad":""},"vid_youtube_automatic_settings":{"vid_ya_youtube_source":"","vid_ya_update_every":"","vid_ya_update_unit":"","vid_ya_categories":"","vid_ya_published_after":"","vid_ya_published_before":"","vid_ya_playlists":"","vid_ya_channels":"","vid_ya_director":"","vid_ya_actor":"","vid_ya_author":"","vid_ya_import_post_date":"","vid_ya_status":"","vid_ya_sub_api_key":""},"vid_ads_m_videoads_settings_post":{"vid_ads_m_video_ads":"","vid_ads_m_video_ads_type":"","vid_ads_m_group_google_ima":"","vid_ads_m_group_image":"","vid_ads_m_group_html5_video":"","vid_ads_m_group_html":"","vid_ads_m_vast_preroll":"","vid_ads_m_vast_postroll":"","vid_ads_m_vast_pauseroll":"","vid_ads_m_vast_midroll":[{"vid_ads_m_vast_timer_seconds":"50"}],"vid_ads_m_time_to_show_ads":"","vid_ads_m_time_skip_ads":"","vid_ads_m_time_to_hide_ads":""},"page_slider_settings":{"display_slider_group":"","page_slider_group":""},"blog_page_settings":{"blog_page_title":"","blog_page_heading":"","blog_page_ic":"","blog_page_it":"","blog_page_ec":"","blog_page_ip":"","archive_loop_style":"","blog_image_ratio":"","blog_show_categories":"","blog_show_excerpt":"","blog_show_author":"","blog_show_date":"","blog_show_comment_count":"","blog_show_view_count":"","blog_show_like_count":"","blog_show_dislike_count":"","blog_items_per_page":"","blog_pag_type":""},"page_options":{"get_page_template":"","color_mode":"","main_layout":"","main_layout_full_with":"","main_logo":"","main_logo_retina":"","main_logo_mobile":"","main_logo_mobile_retina":"","sticky_logo":"","sticky_logo_retina":"","main_nav_layout":"","ajax_search":"","header_background":"","theme_sidebar":"","instagram_feed":"","instagram_feed_position":"","popular_videos":"","popular_videos_title_1":"","popular_videos_title_2":"","popular_videos_ic":"","popular_videos_it":"","theme_background":"","page_custom_css":""},"feature_image_settings":{"feature_image_position":""},"video_player_settings":{"single_video_style":"","video_player_position":"","vm_video_url":"https:\/\/youtu.be\/lD6WU1BsjMs","video_player_library":"","video_streaming":"","vm_media_sources":"","vid_auto_play":"","vm_video_shortcode":"","vid_p_sync_playlist":"","vid_c_sync_channel":"","get_post_format":"","multiple_links_structure":"default","multi_links_title":"","vm_video_multi_links":"","vm_duration":"","vid_social_locker":"off","vid_social_locker_id":"","vid_membership_action":"content-video","vm_video_trailer_url":"","vid_download_type":"free","vid_download_target":"download","vid_woo_product":"","vm_media_download":"","user_rating":"","user_rating_position":"","user_rating_mode":"","user_rating_multi_sets":""},"video_auto_fetch_settings":{"vm_video_fetch":"off"},"video_fake_views_likes":{"vm_fake_views":"","vm_fake_likes":"","vm_fake_dislikes":""},"gallery_settings":{"gallery_position":""},"quote_settings":{"quote_position":""},"post_options":{"main_layout":"","main_logo":"","main_logo_retina":"","main_logo_mobile":"","main_logo_mobile_retina":"","sticky_logo":"","sticky_logo_retina":"","main_nav_layout":"","header_background":"","theme_sidebar":"","single_post_comment_type":"","theme_background":""}},"_links":{"self":[{"href":"https:\/\/canal7slp.tv\/2019\/wp-json\/wp\/v2\/posts\/45413","targetHints":{"allow":["GET"]}}],"collection":[{"href":"https:\/\/canal7slp.tv\/2019\/wp-json\/wp\/v2\/posts"}],"about":[{"href":"https:\/\/canal7slp.tv\/2019\/wp-json\/wp\/v2\/types\/post"}],"author":[{"embeddable":true,"href":"https:\/\/canal7slp.tv\/2019\/wp-json\/wp\/v2\/users\/2"}],"replies":[{"embeddable":true,"href":"https:\/\/canal7slp.tv\/2019\/wp-json\/wp\/v2\/comments?post=45413"}],"version-history":[{"count":0,"href":"https:\/\/canal7slp.tv\/2019\/wp-json\/wp\/v2\/posts\/45413\/revisions"}],"wp:featuredmedia":[{"embeddable":true,"href":"https:\/\/canal7slp.tv\/2019\/wp-json\/wp\/v2\/media\/45462"}],"wp:attachment":[{"href":"https:\/\/canal7slp.tv\/2019\/wp-json\/wp\/v2\/media?parent=45413"}],"wp:term":[{"taxonomy":"category","embeddable":true,"href":"https:\/\/canal7slp.tv\/2019\/wp-json\/wp\/v2\/categories?post=45413"},{"taxonomy":"post_tag","embeddable":true,"href":"https:\/\/canal7slp.tv\/2019\/wp-json\/wp\/v2\/tags?post=45413"}],"curies":[{"name":"wp","href":"https:\/\/api.w.org\/{rel}","templated":true}]}}