{"id":44495,"date":"2019-08-05T15:01:50","date_gmt":"2019-08-05T20:01:50","guid":{"rendered":"https:\/\/canal7slp.tv\/2019\/?p=44495"},"modified":"2019-08-05T15:01:50","modified_gmt":"2019-08-05T20:01:50","slug":"encinas-llama-a-erradicar-discriminacion-advierte-de-corriente-xenofoba","status":"publish","type":"post","link":"https:\/\/canal7slp.tv\/2019\/encinas-llama-a-erradicar-discriminacion-advierte-de-corriente-xenofoba\/","title":{"rendered":"Encinas llama a erradicar discriminaci\u00f3n; advierte de corriente xen\u00f3foba"},"content":{"rendered":"<p style=\"text-align: justify;\">M\u00e9xico.- El subsecretario de Derechos Humanos, Poblaci\u00f3n y Migraci\u00f3n, Alejandro Encinas Rodr\u00edguez, llam\u00f3 a erradicar la discriminaci\u00f3n entre los mexicanos, al advertir de una corriente antiinmigrante y xen\u00f3foba que est\u00e1 encontrando terreno f\u00e9rtil para desarrollarse en el pa\u00eds.<\/p>\n<p style=\"text-align: justify;\">Al inaugurar el foro tem\u00e1tico Igualdad y no discriminaci\u00f3n en la elaboraci\u00f3n del Programa Nacional de Derechos Humanos, reconoci\u00f3 que el reto es may\u00fasculo en una sociedad con profundas manifestaciones de discriminaci\u00f3n\u00a0en \u00e1reas como la educaci\u00f3n, el trabajo y la salud, as\u00ed como grupos vulnerables &#8220;hist\u00f3ricamente marginados&#8221;.<\/p>\n<p style=\"text-align: justify;\">&#8220;Lamentablemente, en nuestro pa\u00eds, tenemos manifestaciones muy profundas de discriminaci\u00f3n en \u00e1reas fundamentales de nuestro desarrollo nacional. Discriminaci\u00f3n en la educaci\u00f3n, en el trabajo, en la salud.<\/p>\n<p style=\"text-align: justify;\">\u201cTenemos grupos vulnerables que han sido hist\u00f3ricamente marginados y discriminados de los pueblos originarios, las mujeres con discapacidad, la gente de la diversidad sexual; ha llegado el momento en que vemos una inflexi\u00f3n, tambi\u00e9n, cuando existe una corriente antiinmigratoria, xenof\u00f3bica que, lamentablemente, est\u00e1 encontrando terreno f\u00e9rtil para desarrollarse\u201d, a\u00f1adi\u00f3.<\/p>\n<p style=\"text-align: justify;\">Encinas Rodr\u00edguez recalc\u00f3 que el objetivo de este gobierno es poner en el centro de las pol\u00edticas, la dignidad humana de las personas, el respeto pleno a sus derechos humanos, partiendo del principio de que todos somos iguales y que todos somos diferentes al mismo tiempo.<\/p>\n<p style=\"text-align: justify;\">Adem\u00e1s, \u201ctenemos que reconocernos en esa diversidad, con tolerancia, respet\u00e1ndonos en nuestras distintas formas de pensar y de ser\u201d, porque el objetivo es sumar esfuerzos para superar la desigualdad, la pobreza, la violencia e inseguridad.<\/p>\n<p style=\"text-align: justify;\">El funcionario de la Secretar\u00eda de Gobernaci\u00f3n (Segob) sostuvo por ello que tienen la obligaci\u00f3n de que el cambio en el \u00e1mbito pol\u00edtico-electoral tambi\u00e9n alcance a la cultura, as\u00ed como a las formas de convivencia y de conducir a la naci\u00f3n.<\/p>\n<p style=\"text-align: justify;\">En el evento realizado en el municipio de Nezahualc\u00f3yotl, Estado de M\u00e9xico, record\u00f3 que en este lugar se dio un movimiento contracultural, contra la estigmatizaci\u00f3n de aquellos j\u00f3venes que en las bandas, los movimientos punk o en el grafiti, fueron dando identidad al municipio.<\/p>\n<p style=\"text-align: justify;\">Por ello, \u201ctenemos que fortalecer estas alianzas para la integraci\u00f3n social, reconocernos en nuestras diferencias y formas de pensar, en un lugar que es emblem\u00e1tico para el pa\u00eds\u201d.<\/p>\n<p style=\"text-align: justify;\">Al evento acudi\u00f3 la titular del Consejo Nacional para Prevenir la Discriminaci\u00f3n (Conapred), Alexandra Haas Paciuc, y el alcalde de Nezahualc\u00f3yotl, Juan Hugo de la Rosa Garc\u00eda.<\/p>\n","protected":false},"excerpt":{"rendered":"<p>M\u00e9xico.- El subsecretario de Derechos Humanos, Poblaci\u00f3n y Migraci\u00f3n, Alejandro Encinas Rodr\u00edguez, llam\u00f3 a erradicar la discriminaci\u00f3n entre los mexicanos, al advertir de una corriente antiinmigrante y xen\u00f3foba que est\u00e1 encontrando terreno f\u00e9rtil para desarrollarse en el pa\u00eds. Al inaugurar el foro tem\u00e1tico Igualdad y no discriminaci\u00f3n en la elaboraci\u00f3n del Programa Nacional de Derechos [&hellip;]<\/p>\n","protected":false},"author":2,"featured_media":44497,"comment_status":"open","ping_status":"closed","sticky":false,"template":"","format":"standard","meta":{"footnotes":""},"categories":[30],"tags":[],"class_list":["post-44495","post","type-post","status-publish","format-standard","has-post-thumbnail","hentry","category-nacional"],"yoast_head":"<!-- This site is optimized with the Yoast SEO plugin v27.4 - https:\/\/yoast.com\/product\/yoast-seo-wordpress\/ -->\n<title>Encinas llama a erradicar discriminaci\u00f3n; advierte de corriente xen\u00f3foba - Canal 7 SLP - 2019<\/title>\n<meta name=\"robots\" content=\"index, follow, max-snippet:-1, max-image-preview:large, max-video-preview:-1\" \/>\n<link rel=\"canonical\" href=\"https:\/\/canal7slp.tv\/2019\/encinas-llama-a-erradicar-discriminacion-advierte-de-corriente-xenofoba\/\" \/>\n<meta property=\"og:locale\" content=\"es_ES\" \/>\n<meta property=\"og:type\" content=\"article\" \/>\n<meta property=\"og:title\" content=\"Encinas llama a erradicar discriminaci\u00f3n; advierte de corriente xen\u00f3foba - Canal 7 SLP - 2019\" \/>\n<meta property=\"og:description\" content=\"M\u00e9xico.- El subsecretario de Derechos Humanos, Poblaci\u00f3n y Migraci\u00f3n, Alejandro Encinas Rodr\u00edguez, llam\u00f3 a erradicar la discriminaci\u00f3n entre los mexicanos, al advertir de una corriente antiinmigrante y xen\u00f3foba que est\u00e1 encontrando terreno f\u00e9rtil para desarrollarse en el pa\u00eds. Al inaugurar el foro tem\u00e1tico Igualdad y no discriminaci\u00f3n en la elaboraci\u00f3n del Programa Nacional de Derechos [&hellip;]\" \/>\n<meta property=\"og:url\" content=\"https:\/\/canal7slp.tv\/2019\/encinas-llama-a-erradicar-discriminacion-advierte-de-corriente-xenofoba\/\" \/>\n<meta property=\"og:site_name\" content=\"Canal 7 SLP - 2019\" \/>\n<meta property=\"article:publisher\" content=\"https:\/\/www.facebook.com\/CANAL7SLP\/\" \/>\n<meta property=\"article:published_time\" content=\"2019-08-05T20:01:50+00:00\" \/>\n<meta property=\"og:image\" content=\"https:\/\/canal7slp.tv\/2019\/wp-content\/uploads\/2019\/08\/19.jpeg\" \/>\n\t<meta property=\"og:image:width\" content=\"614\" \/>\n\t<meta property=\"og:image:height\" content=\"410\" \/>\n\t<meta property=\"og:image:type\" content=\"image\/jpeg\" \/>\n<meta name=\"author\" content=\"edicionweb\" \/>\n<meta name=\"twitter:card\" content=\"summary_large_image\" \/>\n<meta name=\"twitter:creator\" content=\"@canal7_slp\" \/>\n<meta name=\"twitter:site\" content=\"@canal7_slp\" \/>\n<meta name=\"twitter:label1\" content=\"Escrito por\" \/>\n\t<meta name=\"twitter:data1\" content=\"edicionweb\" \/>\n\t<meta name=\"twitter:label2\" content=\"Tiempo de lectura\" \/>\n\t<meta name=\"twitter:data2\" content=\"2 minutos\" \/>\n<script type=\"application\/ld+json\" class=\"yoast-schema-graph\">{\"@context\":\"https:\\\/\\\/schema.org\",\"@graph\":[{\"@type\":\"Article\",\"@id\":\"https:\\\/\\\/canal7slp.tv\\\/2019\\\/encinas-llama-a-erradicar-discriminacion-advierte-de-corriente-xenofoba\\\/#article\",\"isPartOf\":{\"@id\":\"https:\\\/\\\/canal7slp.tv\\\/2019\\\/encinas-llama-a-erradicar-discriminacion-advierte-de-corriente-xenofoba\\\/\"},\"author\":{\"name\":\"edicionweb\",\"@id\":\"https:\\\/\\\/canal7slp.tv\\\/2019\\\/#\\\/schema\\\/person\\\/11d941c1c6ca30ac0a46b95fa37aa2e3\"},\"headline\":\"Encinas llama a erradicar discriminaci\u00f3n; advierte de corriente xen\u00f3foba\",\"datePublished\":\"2019-08-05T20:01:50+00:00\",\"mainEntityOfPage\":{\"@id\":\"https:\\\/\\\/canal7slp.tv\\\/2019\\\/encinas-llama-a-erradicar-discriminacion-advierte-de-corriente-xenofoba\\\/\"},\"wordCount\":440,\"commentCount\":0,\"publisher\":{\"@id\":\"https:\\\/\\\/canal7slp.tv\\\/2019\\\/#organization\"},\"image\":{\"@id\":\"https:\\\/\\\/canal7slp.tv\\\/2019\\\/encinas-llama-a-erradicar-discriminacion-advierte-de-corriente-xenofoba\\\/#primaryimage\"},\"thumbnailUrl\":\"https:\\\/\\\/canal7slp.tv\\\/2019\\\/wp-content\\\/uploads\\\/2019\\\/08\\\/19.jpeg\",\"articleSection\":[\"NACIONAL\"],\"inLanguage\":\"es\",\"potentialAction\":[{\"@type\":\"CommentAction\",\"name\":\"Comment\",\"target\":[\"https:\\\/\\\/canal7slp.tv\\\/2019\\\/encinas-llama-a-erradicar-discriminacion-advierte-de-corriente-xenofoba\\\/#respond\"]}]},{\"@type\":\"WebPage\",\"@id\":\"https:\\\/\\\/canal7slp.tv\\\/2019\\\/encinas-llama-a-erradicar-discriminacion-advierte-de-corriente-xenofoba\\\/\",\"url\":\"https:\\\/\\\/canal7slp.tv\\\/2019\\\/encinas-llama-a-erradicar-discriminacion-advierte-de-corriente-xenofoba\\\/\",\"name\":\"Encinas llama a erradicar discriminaci\u00f3n; advierte de corriente xen\u00f3foba - Canal 7 SLP - 2019\",\"isPartOf\":{\"@id\":\"https:\\\/\\\/canal7slp.tv\\\/2019\\\/#website\"},\"primaryImageOfPage\":{\"@id\":\"https:\\\/\\\/canal7slp.tv\\\/2019\\\/encinas-llama-a-erradicar-discriminacion-advierte-de-corriente-xenofoba\\\/#primaryimage\"},\"image\":{\"@id\":\"https:\\\/\\\/canal7slp.tv\\\/2019\\\/encinas-llama-a-erradicar-discriminacion-advierte-de-corriente-xenofoba\\\/#primaryimage\"},\"thumbnailUrl\":\"https:\\\/\\\/canal7slp.tv\\\/2019\\\/wp-content\\\/uploads\\\/2019\\\/08\\\/19.jpeg\",\"datePublished\":\"2019-08-05T20:01:50+00:00\",\"breadcrumb\":{\"@id\":\"https:\\\/\\\/canal7slp.tv\\\/2019\\\/encinas-llama-a-erradicar-discriminacion-advierte-de-corriente-xenofoba\\\/#breadcrumb\"},\"inLanguage\":\"es\",\"potentialAction\":[{\"@type\":\"ReadAction\",\"target\":[\"https:\\\/\\\/canal7slp.tv\\\/2019\\\/encinas-llama-a-erradicar-discriminacion-advierte-de-corriente-xenofoba\\\/\"]}]},{\"@type\":\"ImageObject\",\"inLanguage\":\"es\",\"@id\":\"https:\\\/\\\/canal7slp.tv\\\/2019\\\/encinas-llama-a-erradicar-discriminacion-advierte-de-corriente-xenofoba\\\/#primaryimage\",\"url\":\"https:\\\/\\\/canal7slp.tv\\\/2019\\\/wp-content\\\/uploads\\\/2019\\\/08\\\/19.jpeg\",\"contentUrl\":\"https:\\\/\\\/canal7slp.tv\\\/2019\\\/wp-content\\\/uploads\\\/2019\\\/08\\\/19.jpeg\",\"width\":614,\"height\":410},{\"@type\":\"BreadcrumbList\",\"@id\":\"https:\\\/\\\/canal7slp.tv\\\/2019\\\/encinas-llama-a-erradicar-discriminacion-advierte-de-corriente-xenofoba\\\/#breadcrumb\",\"itemListElement\":[{\"@type\":\"ListItem\",\"position\":1,\"name\":\"Home\",\"item\":\"https:\\\/\\\/canal7slp.tv\\\/2019\\\/\"},{\"@type\":\"ListItem\",\"position\":2,\"name\":\"Encinas llama a erradicar discriminaci\u00f3n; advierte de corriente xen\u00f3foba\"}]},{\"@type\":\"WebSite\",\"@id\":\"https:\\\/\\\/canal7slp.tv\\\/2019\\\/#website\",\"url\":\"https:\\\/\\\/canal7slp.tv\\\/2019\\\/\",\"name\":\"Canal 7 SLP - Somos TV\",\"description\":\"Somos un Canal de 10\",\"publisher\":{\"@id\":\"https:\\\/\\\/canal7slp.tv\\\/2019\\\/#organization\"},\"potentialAction\":[{\"@type\":\"SearchAction\",\"target\":{\"@type\":\"EntryPoint\",\"urlTemplate\":\"https:\\\/\\\/canal7slp.tv\\\/2019\\\/?s={search_term_string}\"},\"query-input\":{\"@type\":\"PropertyValueSpecification\",\"valueRequired\":true,\"valueName\":\"search_term_string\"}}],\"inLanguage\":\"es\"},{\"@type\":\"Organization\",\"@id\":\"https:\\\/\\\/canal7slp.tv\\\/2019\\\/#organization\",\"name\":\"Comunicaci\u00f3n 2000 S.A. de C.V.\",\"url\":\"https:\\\/\\\/canal7slp.tv\\\/2019\\\/\",\"logo\":{\"@type\":\"ImageObject\",\"inLanguage\":\"es\",\"@id\":\"https:\\\/\\\/canal7slp.tv\\\/2019\\\/#\\\/schema\\\/logo\\\/image\\\/\",\"url\":\"https:\\\/\\\/canal7slp.tv\\\/2019\\\/wp-content\\\/uploads\\\/2019\\\/07\\\/logo-c7.png\",\"contentUrl\":\"https:\\\/\\\/canal7slp.tv\\\/2019\\\/wp-content\\\/uploads\\\/2019\\\/07\\\/logo-c7.png\",\"width\":220,\"height\":60,\"caption\":\"Comunicaci\u00f3n 2000 S.A. de C.V.\"},\"image\":{\"@id\":\"https:\\\/\\\/canal7slp.tv\\\/2019\\\/#\\\/schema\\\/logo\\\/image\\\/\"},\"sameAs\":[\"https:\\\/\\\/www.facebook.com\\\/CANAL7SLP\\\/\",\"https:\\\/\\\/x.com\\\/canal7_slp\",\"https:\\\/\\\/www.instagram.com\\\/canal7_slp\",\"https:\\\/\\\/www.youtube.com\\\/user\\\/NOTICIEROSCANAL7SLP\\\/\"]},{\"@type\":\"Person\",\"@id\":\"https:\\\/\\\/canal7slp.tv\\\/2019\\\/#\\\/schema\\\/person\\\/11d941c1c6ca30ac0a46b95fa37aa2e3\",\"name\":\"edicionweb\",\"image\":{\"@type\":\"ImageObject\",\"inLanguage\":\"es\",\"@id\":\"https:\\\/\\\/secure.gravatar.com\\\/avatar\\\/eee448fc3f7164808013b816ba91ac7e43bbe82a70bebac296f8bc6f0addaa1a?s=96&d=mm&r=g\",\"url\":\"https:\\\/\\\/secure.gravatar.com\\\/avatar\\\/eee448fc3f7164808013b816ba91ac7e43bbe82a70bebac296f8bc6f0addaa1a?s=96&d=mm&r=g\",\"contentUrl\":\"https:\\\/\\\/secure.gravatar.com\\\/avatar\\\/eee448fc3f7164808013b816ba91ac7e43bbe82a70bebac296f8bc6f0addaa1a?s=96&d=mm&r=g\",\"caption\":\"edicionweb\"}}]}<\/script>\n<!-- \/ Yoast SEO plugin. -->","yoast_head_json":{"title":"Encinas llama a erradicar discriminaci\u00f3n; advierte de corriente xen\u00f3foba - Canal 7 SLP - 2019","robots":{"index":"index","follow":"follow","max-snippet":"max-snippet:-1","max-image-preview":"max-image-preview:large","max-video-preview":"max-video-preview:-1"},"canonical":"https:\/\/canal7slp.tv\/2019\/encinas-llama-a-erradicar-discriminacion-advierte-de-corriente-xenofoba\/","og_locale":"es_ES","og_type":"article","og_title":"Encinas llama a erradicar discriminaci\u00f3n; advierte de corriente xen\u00f3foba - Canal 7 SLP - 2019","og_description":"M\u00e9xico.- El subsecretario de Derechos Humanos, Poblaci\u00f3n y Migraci\u00f3n, Alejandro Encinas Rodr\u00edguez, llam\u00f3 a erradicar la discriminaci\u00f3n entre los mexicanos, al advertir de una corriente antiinmigrante y xen\u00f3foba que est\u00e1 encontrando terreno f\u00e9rtil para desarrollarse en el pa\u00eds. Al inaugurar el foro tem\u00e1tico Igualdad y no discriminaci\u00f3n en la elaboraci\u00f3n del Programa Nacional de Derechos [&hellip;]","og_url":"https:\/\/canal7slp.tv\/2019\/encinas-llama-a-erradicar-discriminacion-advierte-de-corriente-xenofoba\/","og_site_name":"Canal 7 SLP - 2019","article_publisher":"https:\/\/www.facebook.com\/CANAL7SLP\/","article_published_time":"2019-08-05T20:01:50+00:00","og_image":[{"width":614,"height":410,"url":"https:\/\/canal7slp.tv\/2019\/wp-content\/uploads\/2019\/08\/19.jpeg","type":"image\/jpeg"}],"author":"edicionweb","twitter_card":"summary_large_image","twitter_creator":"@canal7_slp","twitter_site":"@canal7_slp","twitter_misc":{"Escrito por":"edicionweb","Tiempo de lectura":"2 minutos"},"schema":{"@context":"https:\/\/schema.org","@graph":[{"@type":"Article","@id":"https:\/\/canal7slp.tv\/2019\/encinas-llama-a-erradicar-discriminacion-advierte-de-corriente-xenofoba\/#article","isPartOf":{"@id":"https:\/\/canal7slp.tv\/2019\/encinas-llama-a-erradicar-discriminacion-advierte-de-corriente-xenofoba\/"},"author":{"name":"edicionweb","@id":"https:\/\/canal7slp.tv\/2019\/#\/schema\/person\/11d941c1c6ca30ac0a46b95fa37aa2e3"},"headline":"Encinas llama a erradicar discriminaci\u00f3n; advierte de corriente xen\u00f3foba","datePublished":"2019-08-05T20:01:50+00:00","mainEntityOfPage":{"@id":"https:\/\/canal7slp.tv\/2019\/encinas-llama-a-erradicar-discriminacion-advierte-de-corriente-xenofoba\/"},"wordCount":440,"commentCount":0,"publisher":{"@id":"https:\/\/canal7slp.tv\/2019\/#organization"},"image":{"@id":"https:\/\/canal7slp.tv\/2019\/encinas-llama-a-erradicar-discriminacion-advierte-de-corriente-xenofoba\/#primaryimage"},"thumbnailUrl":"https:\/\/canal7slp.tv\/2019\/wp-content\/uploads\/2019\/08\/19.jpeg","articleSection":["NACIONAL"],"inLanguage":"es","potentialAction":[{"@type":"CommentAction","name":"Comment","target":["https:\/\/canal7slp.tv\/2019\/encinas-llama-a-erradicar-discriminacion-advierte-de-corriente-xenofoba\/#respond"]}]},{"@type":"WebPage","@id":"https:\/\/canal7slp.tv\/2019\/encinas-llama-a-erradicar-discriminacion-advierte-de-corriente-xenofoba\/","url":"https:\/\/canal7slp.tv\/2019\/encinas-llama-a-erradicar-discriminacion-advierte-de-corriente-xenofoba\/","name":"Encinas llama a erradicar discriminaci\u00f3n; advierte de corriente xen\u00f3foba - Canal 7 SLP - 2019","isPartOf":{"@id":"https:\/\/canal7slp.tv\/2019\/#website"},"primaryImageOfPage":{"@id":"https:\/\/canal7slp.tv\/2019\/encinas-llama-a-erradicar-discriminacion-advierte-de-corriente-xenofoba\/#primaryimage"},"image":{"@id":"https:\/\/canal7slp.tv\/2019\/encinas-llama-a-erradicar-discriminacion-advierte-de-corriente-xenofoba\/#primaryimage"},"thumbnailUrl":"https:\/\/canal7slp.tv\/2019\/wp-content\/uploads\/2019\/08\/19.jpeg","datePublished":"2019-08-05T20:01:50+00:00","breadcrumb":{"@id":"https:\/\/canal7slp.tv\/2019\/encinas-llama-a-erradicar-discriminacion-advierte-de-corriente-xenofoba\/#breadcrumb"},"inLanguage":"es","potentialAction":[{"@type":"ReadAction","target":["https:\/\/canal7slp.tv\/2019\/encinas-llama-a-erradicar-discriminacion-advierte-de-corriente-xenofoba\/"]}]},{"@type":"ImageObject","inLanguage":"es","@id":"https:\/\/canal7slp.tv\/2019\/encinas-llama-a-erradicar-discriminacion-advierte-de-corriente-xenofoba\/#primaryimage","url":"https:\/\/canal7slp.tv\/2019\/wp-content\/uploads\/2019\/08\/19.jpeg","contentUrl":"https:\/\/canal7slp.tv\/2019\/wp-content\/uploads\/2019\/08\/19.jpeg","width":614,"height":410},{"@type":"BreadcrumbList","@id":"https:\/\/canal7slp.tv\/2019\/encinas-llama-a-erradicar-discriminacion-advierte-de-corriente-xenofoba\/#breadcrumb","itemListElement":[{"@type":"ListItem","position":1,"name":"Home","item":"https:\/\/canal7slp.tv\/2019\/"},{"@type":"ListItem","position":2,"name":"Encinas llama a erradicar discriminaci\u00f3n; advierte de corriente xen\u00f3foba"}]},{"@type":"WebSite","@id":"https:\/\/canal7slp.tv\/2019\/#website","url":"https:\/\/canal7slp.tv\/2019\/","name":"Canal 7 SLP - Somos TV","description":"Somos un Canal de 10","publisher":{"@id":"https:\/\/canal7slp.tv\/2019\/#organization"},"potentialAction":[{"@type":"SearchAction","target":{"@type":"EntryPoint","urlTemplate":"https:\/\/canal7slp.tv\/2019\/?s={search_term_string}"},"query-input":{"@type":"PropertyValueSpecification","valueRequired":true,"valueName":"search_term_string"}}],"inLanguage":"es"},{"@type":"Organization","@id":"https:\/\/canal7slp.tv\/2019\/#organization","name":"Comunicaci\u00f3n 2000 S.A. de C.V.","url":"https:\/\/canal7slp.tv\/2019\/","logo":{"@type":"ImageObject","inLanguage":"es","@id":"https:\/\/canal7slp.tv\/2019\/#\/schema\/logo\/image\/","url":"https:\/\/canal7slp.tv\/2019\/wp-content\/uploads\/2019\/07\/logo-c7.png","contentUrl":"https:\/\/canal7slp.tv\/2019\/wp-content\/uploads\/2019\/07\/logo-c7.png","width":220,"height":60,"caption":"Comunicaci\u00f3n 2000 S.A. de C.V."},"image":{"@id":"https:\/\/canal7slp.tv\/2019\/#\/schema\/logo\/image\/"},"sameAs":["https:\/\/www.facebook.com\/CANAL7SLP\/","https:\/\/x.com\/canal7_slp","https:\/\/www.instagram.com\/canal7_slp","https:\/\/www.youtube.com\/user\/NOTICIEROSCANAL7SLP\/"]},{"@type":"Person","@id":"https:\/\/canal7slp.tv\/2019\/#\/schema\/person\/11d941c1c6ca30ac0a46b95fa37aa2e3","name":"edicionweb","image":{"@type":"ImageObject","inLanguage":"es","@id":"https:\/\/secure.gravatar.com\/avatar\/eee448fc3f7164808013b816ba91ac7e43bbe82a70bebac296f8bc6f0addaa1a?s=96&d=mm&r=g","url":"https:\/\/secure.gravatar.com\/avatar\/eee448fc3f7164808013b816ba91ac7e43bbe82a70bebac296f8bc6f0addaa1a?s=96&d=mm&r=g","contentUrl":"https:\/\/secure.gravatar.com\/avatar\/eee448fc3f7164808013b816ba91ac7e43bbe82a70bebac296f8bc6f0addaa1a?s=96&d=mm&r=g","caption":"edicionweb"}}]}},"amp_enabled":true,"cmb2":{"video_ids_in_playlist":{"vid_p_videos":""},"video_ids_in_channel":{"vid_c_videos":""},"playlist_ids_in_channel":{"vid_c_playlists":""},"series_ids_in_channel":{"vid_c_series":""},"channel_images":{"vid_c_logo":"","vid_c_banner":""},"poster_feature_image":{"vid_m_poster_image":""},"gif_feature_image":{"vid_m_gif_image":""},"video_movie_settings":{"vid_m_director":"","vid_m_actor":"","vid_m_imdb_ratings":"","vid_m_amazon_associates":""},"vid_youtube_broadcasts_settings":{"vid_yb_broadcast_title":"","vid_yb_q":"","vid_yb_channelid":"","vid_yb_videocategoryid":"","vid_yb_maxresults":"","vid_yb_order":"","vid_yb_regioncode":"","vid_yb_videosyndicated":"","vid_yb_style":"","vid_yb_reload_first":""},"video_series_settings":{"vid_m_director":"","vid_m_actor":"","vid_m_imdb_ratings":"","video_series_group":""},"amazon_associates_settings":{"amazon_associates":"","amazon_native_ad":""},"vid_youtube_automatic_settings":{"vid_ya_youtube_source":"","vid_ya_update_every":"","vid_ya_update_unit":"","vid_ya_categories":"","vid_ya_published_after":"","vid_ya_published_before":"","vid_ya_playlists":"","vid_ya_channels":"","vid_ya_director":"","vid_ya_actor":"","vid_ya_author":"","vid_ya_import_post_date":"","vid_ya_status":"","vid_ya_sub_api_key":""},"vid_ads_m_videoads_settings_post":{"vid_ads_m_video_ads":"","vid_ads_m_video_ads_type":"","vid_ads_m_group_google_ima":"","vid_ads_m_group_image":"","vid_ads_m_group_html5_video":"","vid_ads_m_group_html":"","vid_ads_m_vast_preroll":"","vid_ads_m_vast_postroll":"","vid_ads_m_vast_pauseroll":"","vid_ads_m_vast_midroll":[{"vid_ads_m_vast_timer_seconds":"50"}],"vid_ads_m_time_to_show_ads":"","vid_ads_m_time_skip_ads":"","vid_ads_m_time_to_hide_ads":""},"page_slider_settings":{"display_slider_group":"","page_slider_group":""},"blog_page_settings":{"blog_page_title":"","blog_page_heading":"","blog_page_ic":"","blog_page_it":"","blog_page_ec":"","blog_page_ip":"","archive_loop_style":"","blog_image_ratio":"","blog_show_categories":"","blog_show_excerpt":"","blog_show_author":"","blog_show_date":"","blog_show_comment_count":"","blog_show_view_count":"","blog_show_like_count":"","blog_show_dislike_count":"","blog_items_per_page":"","blog_pag_type":""},"page_options":{"get_page_template":"","color_mode":"","main_layout":"","main_layout_full_with":"","main_logo":"","main_logo_retina":"","main_logo_mobile":"","main_logo_mobile_retina":"","sticky_logo":"","sticky_logo_retina":"","main_nav_layout":"","ajax_search":"","header_background":"","theme_sidebar":"","instagram_feed":"","instagram_feed_position":"","popular_videos":"","popular_videos_title_1":"","popular_videos_title_2":"","popular_videos_ic":"","popular_videos_it":"","theme_background":"","page_custom_css":""},"feature_image_settings":{"feature_image_position":""},"video_player_settings":{"single_video_style":"","video_player_position":"","vm_video_url":"","video_player_library":"","video_streaming":"","vm_media_sources":"","vid_auto_play":"","vm_video_shortcode":"","vid_p_sync_playlist":"","vid_c_sync_channel":"","get_post_format":"","multiple_links_structure":"default","multi_links_title":"","vm_video_multi_links":"","vm_duration":"","vid_social_locker":"off","vid_social_locker_id":"","vid_membership_action":"content-video","vm_video_trailer_url":"","vid_download_type":"free","vid_download_target":"download","vid_woo_product":"","vm_media_download":"","user_rating":"","user_rating_position":"","user_rating_mode":"","user_rating_multi_sets":""},"video_auto_fetch_settings":{"vm_video_fetch":"on"},"video_fake_views_likes":{"vm_fake_views":"","vm_fake_likes":"","vm_fake_dislikes":""},"gallery_settings":{"gallery_position":""},"quote_settings":{"quote_position":""},"post_options":{"main_layout":"","main_logo":"","main_logo_retina":"","main_logo_mobile":"","main_logo_mobile_retina":"","sticky_logo":"","sticky_logo_retina":"","main_nav_layout":"","header_background":"","theme_sidebar":"","single_post_comment_type":"","theme_background":""}},"_links":{"self":[{"href":"https:\/\/canal7slp.tv\/2019\/wp-json\/wp\/v2\/posts\/44495","targetHints":{"allow":["GET"]}}],"collection":[{"href":"https:\/\/canal7slp.tv\/2019\/wp-json\/wp\/v2\/posts"}],"about":[{"href":"https:\/\/canal7slp.tv\/2019\/wp-json\/wp\/v2\/types\/post"}],"author":[{"embeddable":true,"href":"https:\/\/canal7slp.tv\/2019\/wp-json\/wp\/v2\/users\/2"}],"replies":[{"embeddable":true,"href":"https:\/\/canal7slp.tv\/2019\/wp-json\/wp\/v2\/comments?post=44495"}],"version-history":[{"count":0,"href":"https:\/\/canal7slp.tv\/2019\/wp-json\/wp\/v2\/posts\/44495\/revisions"}],"wp:featuredmedia":[{"embeddable":true,"href":"https:\/\/canal7slp.tv\/2019\/wp-json\/wp\/v2\/media\/44497"}],"wp:attachment":[{"href":"https:\/\/canal7slp.tv\/2019\/wp-json\/wp\/v2\/media?parent=44495"}],"wp:term":[{"taxonomy":"category","embeddable":true,"href":"https:\/\/canal7slp.tv\/2019\/wp-json\/wp\/v2\/categories?post=44495"},{"taxonomy":"post_tag","embeddable":true,"href":"https:\/\/canal7slp.tv\/2019\/wp-json\/wp\/v2\/tags?post=44495"}],"curies":[{"name":"wp","href":"https:\/\/api.w.org\/{rel}","templated":true}]}}