{"id":44422,"date":"2019-08-05T11:54:21","date_gmt":"2019-08-05T16:54:21","guid":{"rendered":"https:\/\/canal7slp.tv\/2019\/?p=44422"},"modified":"2019-08-05T11:54:21","modified_gmt":"2019-08-05T16:54:21","slug":"trump-presenta-condolencias-a-presidente-mexicano-por-masacre-en-el-paso","status":"publish","type":"post","link":"https:\/\/canal7slp.tv\/2019\/trump-presenta-condolencias-a-presidente-mexicano-por-masacre-en-el-paso\/","title":{"rendered":"Trump presenta condolencias a presidente mexicano por masacre en El Paso"},"content":{"rendered":"<p style=\"text-align: justify;\">Washington.- El presidente estadunidense Donald Trump present\u00f3 este lunes sus condolencias al mandatario mexicano Andr\u00e9s Manuel L\u00f3pez Obrador por los asesinatos de connacionales en la masacre de este fin de semana en El Paso, Texas.<\/p>\n<p style=\"text-align: justify;\">El mandatario estadunidense present\u00f3 sus condolencias en un mensaje emitido desde la Casa Blanca, donde refiri\u00f3 medidas contra este tipo de hechos y llam\u00f3 a esfuerzos bipartidistas para convertirlas en leyes de pronta aplicaci\u00f3n.<\/p>\n<p style=\"text-align: justify;\">Se pronunci\u00f3 por la pena de muerte para los autores de este tipo de acciones, la cual se aplique una vez sentenciada de manera r\u00e1pida y sin demora, subray\u00f3.<\/p>\n<p style=\"text-align: justify;\">El pasado s\u00e1bado Patrick Crusius, de 21 a\u00f1os de edad, armado con un rifle AK-47, entr\u00f3 a un centro comercial de El Paso Texas, y dispar\u00f3 contra los compradores con un saldo de 20 personas muertas, entre ellas siete de nacionalidad mexicana.<\/p>\n<p style=\"text-align: justify;\">Un manifiesto que se analiza para comprobar que lo escribi\u00f3 Crusius, acusado ya de homicidio agravado, llama a detener la invasi\u00f3n de Texas por parte de hispanos y se\u00f1ala la intenci\u00f3n de matar tantos mexicanos como sea posible.<\/p>\n<p style=\"text-align: justify;\">Luego, en la madrugada del domingo, Connor Betts, de 24 a\u00f1os de edad, dispar\u00f3 con un rifle tipo asalto a los noct\u00e1mbulos que paseaban por el centro hist\u00f3rico de Dayton, Ohio, con saldo de nueve personas muertas, adem\u00e1s del propio atacante abatido por la polic\u00eda.<\/p>\n<p style=\"text-align: justify;\">Trump tambi\u00e9n reconoci\u00f3 la necesidad de reformar las leyes en materia de salud mental, a fin de identificar a quien sea un riesgo y enviarlo a tratamiento.<\/p>\n<p style=\"text-align: justify;\">El cambio cultural es muy dif\u00edcil, pero debe de hacerse, se\u00f1al\u00f3 el mandatario en su mensaje en el cual no hubo preguntas de la prensa.<\/p>\n<p style=\"text-align: justify;\">Record\u00f3 que en su gobierno ya se presentaron medidas para evitar este tipo de cr\u00edmenes en las escuelas, y entre esas acciones se prohibieron los aceleradores de balas, pero a\u00fan queda mucho que se puede hacer, agreg\u00f3.<\/p>\n<p style=\"text-align: justify;\">En ese marco pidi\u00f3 hacer a un lado el que llam\u00f3 &#8220;bipartidismo destructivo&#8221; y avanzar en los cambios legales necesario.<\/p>\n<p style=\"text-align: justify;\">Demand\u00f3 soluciones bipartidistas reales que hagan m\u00e1s seguro a Estados Unidos,identificando las se\u00f1ales tempranas de peligro, lo que encarg\u00f3 al departamento de Justicia.<\/p>\n<p style=\"text-align: justify;\">Conden\u00f3 la xenofobia que se ve en los asesinatos sucedidos en un centro comercial de la ciudad texana adem\u00e1s de los cometidos en la ciudad de Dayton, en Ohio.<\/p>\n<p style=\"text-align: justify;\">Luego de subrayar que Estados Unidos es un pa\u00eds de amor, dijo que el odio devora las almas y las mentes, pero se comprometi\u00f3 a investigar los cr\u00edmenes de odio e intolerancia.<\/p>\n<p style=\"text-align: justify;\">Cuestion\u00f3 la operaci\u00f3n de internet, porque dijo que es una v\u00eda para llevar adelante esos cr\u00edmenes, as\u00ed como la trata de personas y la distribuci\u00f3n de drogas.<\/p>\n<p style=\"text-align: justify;\">Los peligros de internet no se pueden ignorar, sentenci\u00f3.<\/p>\n<p style=\"text-align: justify;\">En su mensaje Trump no se refiri\u00f3 al creciente clamor por prohibir las armas de asalto en Estados Unidos, en un debate que parece renacer en este pa\u00eds.<\/p>\n","protected":false},"excerpt":{"rendered":"<p>Washington.- El presidente estadunidense Donald Trump present\u00f3 este lunes sus condolencias al mandatario mexicano Andr\u00e9s Manuel L\u00f3pez Obrador por los asesinatos de connacionales en la masacre de este fin de semana en El Paso, Texas. El mandatario estadunidense present\u00f3 sus condolencias en un mensaje emitido desde la Casa Blanca, donde refiri\u00f3 medidas contra este tipo [&hellip;]<\/p>\n","protected":false},"author":2,"featured_media":44423,"comment_status":"open","ping_status":"closed","sticky":false,"template":"","format":"standard","meta":{"footnotes":""},"categories":[18],"tags":[],"class_list":["post-44422","post","type-post","status-publish","format-standard","has-post-thumbnail","hentry","category-internacional"],"yoast_head":"<!-- This site is optimized with the Yoast SEO plugin v27.5 - https:\/\/yoast.com\/product\/yoast-seo-wordpress\/ -->\n<title>Trump presenta condolencias a presidente mexicano por masacre en El Paso - Canal 7 SLP - 2019<\/title>\n<meta name=\"robots\" content=\"index, follow, max-snippet:-1, max-image-preview:large, max-video-preview:-1\" \/>\n<link rel=\"canonical\" href=\"https:\/\/canal7slp.tv\/2019\/trump-presenta-condolencias-a-presidente-mexicano-por-masacre-en-el-paso\/\" \/>\n<meta property=\"og:locale\" content=\"es_ES\" \/>\n<meta property=\"og:type\" content=\"article\" \/>\n<meta property=\"og:title\" content=\"Trump presenta condolencias a presidente mexicano por masacre en El Paso - Canal 7 SLP - 2019\" \/>\n<meta property=\"og:description\" content=\"Washington.- El presidente estadunidense Donald Trump present\u00f3 este lunes sus condolencias al mandatario mexicano Andr\u00e9s Manuel L\u00f3pez Obrador por los asesinatos de connacionales en la masacre de este fin de semana en El Paso, Texas. El mandatario estadunidense present\u00f3 sus condolencias en un mensaje emitido desde la Casa Blanca, donde refiri\u00f3 medidas contra este tipo [&hellip;]\" \/>\n<meta property=\"og:url\" content=\"https:\/\/canal7slp.tv\/2019\/trump-presenta-condolencias-a-presidente-mexicano-por-masacre-en-el-paso\/\" \/>\n<meta property=\"og:site_name\" content=\"Canal 7 SLP - 2019\" \/>\n<meta property=\"article:publisher\" content=\"https:\/\/www.facebook.com\/CANAL7SLP\/\" \/>\n<meta property=\"article:published_time\" content=\"2019-08-05T16:54:21+00:00\" \/>\n<meta property=\"og:image\" content=\"https:\/\/canal7slp.tv\/2019\/wp-content\/uploads\/2019\/08\/1215-4.jpg\" \/>\n\t<meta property=\"og:image:width\" content=\"574\" \/>\n\t<meta property=\"og:image:height\" content=\"410\" \/>\n\t<meta property=\"og:image:type\" content=\"image\/jpeg\" \/>\n<meta name=\"author\" content=\"edicionweb\" \/>\n<meta name=\"twitter:card\" content=\"summary_large_image\" \/>\n<meta name=\"twitter:creator\" content=\"@canal7_slp\" \/>\n<meta name=\"twitter:site\" content=\"@canal7_slp\" \/>\n<meta name=\"twitter:label1\" content=\"Escrito por\" \/>\n\t<meta name=\"twitter:data1\" content=\"edicionweb\" \/>\n\t<meta name=\"twitter:label2\" content=\"Tiempo de lectura\" \/>\n\t<meta name=\"twitter:data2\" content=\"3 minutos\" \/>\n<script type=\"application\/ld+json\" class=\"yoast-schema-graph\">{\"@context\":\"https:\\\/\\\/schema.org\",\"@graph\":[{\"@type\":\"Article\",\"@id\":\"https:\\\/\\\/canal7slp.tv\\\/2019\\\/trump-presenta-condolencias-a-presidente-mexicano-por-masacre-en-el-paso\\\/#article\",\"isPartOf\":{\"@id\":\"https:\\\/\\\/canal7slp.tv\\\/2019\\\/trump-presenta-condolencias-a-presidente-mexicano-por-masacre-en-el-paso\\\/\"},\"author\":{\"name\":\"edicionweb\",\"@id\":\"https:\\\/\\\/canal7slp.tv\\\/2019\\\/#\\\/schema\\\/person\\\/11d941c1c6ca30ac0a46b95fa37aa2e3\"},\"headline\":\"Trump presenta condolencias a presidente mexicano por masacre en El Paso\",\"datePublished\":\"2019-08-05T16:54:21+00:00\",\"mainEntityOfPage\":{\"@id\":\"https:\\\/\\\/canal7slp.tv\\\/2019\\\/trump-presenta-condolencias-a-presidente-mexicano-por-masacre-en-el-paso\\\/\"},\"wordCount\":519,\"commentCount\":0,\"publisher\":{\"@id\":\"https:\\\/\\\/canal7slp.tv\\\/2019\\\/#organization\"},\"image\":{\"@id\":\"https:\\\/\\\/canal7slp.tv\\\/2019\\\/trump-presenta-condolencias-a-presidente-mexicano-por-masacre-en-el-paso\\\/#primaryimage\"},\"thumbnailUrl\":\"https:\\\/\\\/canal7slp.tv\\\/2019\\\/wp-content\\\/uploads\\\/2019\\\/08\\\/1215-4.jpg\",\"articleSection\":[\"INTERNACIONAL\"],\"inLanguage\":\"es\",\"potentialAction\":[{\"@type\":\"CommentAction\",\"name\":\"Comment\",\"target\":[\"https:\\\/\\\/canal7slp.tv\\\/2019\\\/trump-presenta-condolencias-a-presidente-mexicano-por-masacre-en-el-paso\\\/#respond\"]}]},{\"@type\":\"WebPage\",\"@id\":\"https:\\\/\\\/canal7slp.tv\\\/2019\\\/trump-presenta-condolencias-a-presidente-mexicano-por-masacre-en-el-paso\\\/\",\"url\":\"https:\\\/\\\/canal7slp.tv\\\/2019\\\/trump-presenta-condolencias-a-presidente-mexicano-por-masacre-en-el-paso\\\/\",\"name\":\"Trump presenta condolencias a presidente mexicano por masacre en El Paso - Canal 7 SLP - 2019\",\"isPartOf\":{\"@id\":\"https:\\\/\\\/canal7slp.tv\\\/2019\\\/#website\"},\"primaryImageOfPage\":{\"@id\":\"https:\\\/\\\/canal7slp.tv\\\/2019\\\/trump-presenta-condolencias-a-presidente-mexicano-por-masacre-en-el-paso\\\/#primaryimage\"},\"image\":{\"@id\":\"https:\\\/\\\/canal7slp.tv\\\/2019\\\/trump-presenta-condolencias-a-presidente-mexicano-por-masacre-en-el-paso\\\/#primaryimage\"},\"thumbnailUrl\":\"https:\\\/\\\/canal7slp.tv\\\/2019\\\/wp-content\\\/uploads\\\/2019\\\/08\\\/1215-4.jpg\",\"datePublished\":\"2019-08-05T16:54:21+00:00\",\"breadcrumb\":{\"@id\":\"https:\\\/\\\/canal7slp.tv\\\/2019\\\/trump-presenta-condolencias-a-presidente-mexicano-por-masacre-en-el-paso\\\/#breadcrumb\"},\"inLanguage\":\"es\",\"potentialAction\":[{\"@type\":\"ReadAction\",\"target\":[\"https:\\\/\\\/canal7slp.tv\\\/2019\\\/trump-presenta-condolencias-a-presidente-mexicano-por-masacre-en-el-paso\\\/\"]}]},{\"@type\":\"ImageObject\",\"inLanguage\":\"es\",\"@id\":\"https:\\\/\\\/canal7slp.tv\\\/2019\\\/trump-presenta-condolencias-a-presidente-mexicano-por-masacre-en-el-paso\\\/#primaryimage\",\"url\":\"https:\\\/\\\/canal7slp.tv\\\/2019\\\/wp-content\\\/uploads\\\/2019\\\/08\\\/1215-4.jpg\",\"contentUrl\":\"https:\\\/\\\/canal7slp.tv\\\/2019\\\/wp-content\\\/uploads\\\/2019\\\/08\\\/1215-4.jpg\",\"width\":574,\"height\":410},{\"@type\":\"BreadcrumbList\",\"@id\":\"https:\\\/\\\/canal7slp.tv\\\/2019\\\/trump-presenta-condolencias-a-presidente-mexicano-por-masacre-en-el-paso\\\/#breadcrumb\",\"itemListElement\":[{\"@type\":\"ListItem\",\"position\":1,\"name\":\"Home\",\"item\":\"https:\\\/\\\/canal7slp.tv\\\/2019\\\/\"},{\"@type\":\"ListItem\",\"position\":2,\"name\":\"Trump presenta condolencias a presidente mexicano por masacre en El Paso\"}]},{\"@type\":\"WebSite\",\"@id\":\"https:\\\/\\\/canal7slp.tv\\\/2019\\\/#website\",\"url\":\"https:\\\/\\\/canal7slp.tv\\\/2019\\\/\",\"name\":\"Canal 7 SLP - Somos TV\",\"description\":\"Somos un Canal de 10\",\"publisher\":{\"@id\":\"https:\\\/\\\/canal7slp.tv\\\/2019\\\/#organization\"},\"potentialAction\":[{\"@type\":\"SearchAction\",\"target\":{\"@type\":\"EntryPoint\",\"urlTemplate\":\"https:\\\/\\\/canal7slp.tv\\\/2019\\\/?s={search_term_string}\"},\"query-input\":{\"@type\":\"PropertyValueSpecification\",\"valueRequired\":true,\"valueName\":\"search_term_string\"}}],\"inLanguage\":\"es\"},{\"@type\":\"Organization\",\"@id\":\"https:\\\/\\\/canal7slp.tv\\\/2019\\\/#organization\",\"name\":\"Comunicaci\u00f3n 2000 S.A. de C.V.\",\"url\":\"https:\\\/\\\/canal7slp.tv\\\/2019\\\/\",\"logo\":{\"@type\":\"ImageObject\",\"inLanguage\":\"es\",\"@id\":\"https:\\\/\\\/canal7slp.tv\\\/2019\\\/#\\\/schema\\\/logo\\\/image\\\/\",\"url\":\"https:\\\/\\\/canal7slp.tv\\\/2019\\\/wp-content\\\/uploads\\\/2019\\\/07\\\/logo-c7.png\",\"contentUrl\":\"https:\\\/\\\/canal7slp.tv\\\/2019\\\/wp-content\\\/uploads\\\/2019\\\/07\\\/logo-c7.png\",\"width\":220,\"height\":60,\"caption\":\"Comunicaci\u00f3n 2000 S.A. de C.V.\"},\"image\":{\"@id\":\"https:\\\/\\\/canal7slp.tv\\\/2019\\\/#\\\/schema\\\/logo\\\/image\\\/\"},\"sameAs\":[\"https:\\\/\\\/www.facebook.com\\\/CANAL7SLP\\\/\",\"https:\\\/\\\/x.com\\\/canal7_slp\",\"https:\\\/\\\/www.instagram.com\\\/canal7_slp\",\"https:\\\/\\\/www.youtube.com\\\/user\\\/NOTICIEROSCANAL7SLP\\\/\"]},{\"@type\":\"Person\",\"@id\":\"https:\\\/\\\/canal7slp.tv\\\/2019\\\/#\\\/schema\\\/person\\\/11d941c1c6ca30ac0a46b95fa37aa2e3\",\"name\":\"edicionweb\",\"image\":{\"@type\":\"ImageObject\",\"inLanguage\":\"es\",\"@id\":\"https:\\\/\\\/secure.gravatar.com\\\/avatar\\\/eee448fc3f7164808013b816ba91ac7e43bbe82a70bebac296f8bc6f0addaa1a?s=96&d=mm&r=g\",\"url\":\"https:\\\/\\\/secure.gravatar.com\\\/avatar\\\/eee448fc3f7164808013b816ba91ac7e43bbe82a70bebac296f8bc6f0addaa1a?s=96&d=mm&r=g\",\"contentUrl\":\"https:\\\/\\\/secure.gravatar.com\\\/avatar\\\/eee448fc3f7164808013b816ba91ac7e43bbe82a70bebac296f8bc6f0addaa1a?s=96&d=mm&r=g\",\"caption\":\"edicionweb\"}}]}<\/script>\n<!-- \/ Yoast SEO plugin. -->","yoast_head_json":{"title":"Trump presenta condolencias a presidente mexicano por masacre en El Paso - Canal 7 SLP - 2019","robots":{"index":"index","follow":"follow","max-snippet":"max-snippet:-1","max-image-preview":"max-image-preview:large","max-video-preview":"max-video-preview:-1"},"canonical":"https:\/\/canal7slp.tv\/2019\/trump-presenta-condolencias-a-presidente-mexicano-por-masacre-en-el-paso\/","og_locale":"es_ES","og_type":"article","og_title":"Trump presenta condolencias a presidente mexicano por masacre en El Paso - Canal 7 SLP - 2019","og_description":"Washington.- El presidente estadunidense Donald Trump present\u00f3 este lunes sus condolencias al mandatario mexicano Andr\u00e9s Manuel L\u00f3pez Obrador por los asesinatos de connacionales en la masacre de este fin de semana en El Paso, Texas. El mandatario estadunidense present\u00f3 sus condolencias en un mensaje emitido desde la Casa Blanca, donde refiri\u00f3 medidas contra este tipo [&hellip;]","og_url":"https:\/\/canal7slp.tv\/2019\/trump-presenta-condolencias-a-presidente-mexicano-por-masacre-en-el-paso\/","og_site_name":"Canal 7 SLP - 2019","article_publisher":"https:\/\/www.facebook.com\/CANAL7SLP\/","article_published_time":"2019-08-05T16:54:21+00:00","og_image":[{"width":574,"height":410,"url":"https:\/\/canal7slp.tv\/2019\/wp-content\/uploads\/2019\/08\/1215-4.jpg","type":"image\/jpeg"}],"author":"edicionweb","twitter_card":"summary_large_image","twitter_creator":"@canal7_slp","twitter_site":"@canal7_slp","twitter_misc":{"Escrito por":"edicionweb","Tiempo de lectura":"3 minutos"},"schema":{"@context":"https:\/\/schema.org","@graph":[{"@type":"Article","@id":"https:\/\/canal7slp.tv\/2019\/trump-presenta-condolencias-a-presidente-mexicano-por-masacre-en-el-paso\/#article","isPartOf":{"@id":"https:\/\/canal7slp.tv\/2019\/trump-presenta-condolencias-a-presidente-mexicano-por-masacre-en-el-paso\/"},"author":{"name":"edicionweb","@id":"https:\/\/canal7slp.tv\/2019\/#\/schema\/person\/11d941c1c6ca30ac0a46b95fa37aa2e3"},"headline":"Trump presenta condolencias a presidente mexicano por masacre en El Paso","datePublished":"2019-08-05T16:54:21+00:00","mainEntityOfPage":{"@id":"https:\/\/canal7slp.tv\/2019\/trump-presenta-condolencias-a-presidente-mexicano-por-masacre-en-el-paso\/"},"wordCount":519,"commentCount":0,"publisher":{"@id":"https:\/\/canal7slp.tv\/2019\/#organization"},"image":{"@id":"https:\/\/canal7slp.tv\/2019\/trump-presenta-condolencias-a-presidente-mexicano-por-masacre-en-el-paso\/#primaryimage"},"thumbnailUrl":"https:\/\/canal7slp.tv\/2019\/wp-content\/uploads\/2019\/08\/1215-4.jpg","articleSection":["INTERNACIONAL"],"inLanguage":"es","potentialAction":[{"@type":"CommentAction","name":"Comment","target":["https:\/\/canal7slp.tv\/2019\/trump-presenta-condolencias-a-presidente-mexicano-por-masacre-en-el-paso\/#respond"]}]},{"@type":"WebPage","@id":"https:\/\/canal7slp.tv\/2019\/trump-presenta-condolencias-a-presidente-mexicano-por-masacre-en-el-paso\/","url":"https:\/\/canal7slp.tv\/2019\/trump-presenta-condolencias-a-presidente-mexicano-por-masacre-en-el-paso\/","name":"Trump presenta condolencias a presidente mexicano por masacre en El Paso - Canal 7 SLP - 2019","isPartOf":{"@id":"https:\/\/canal7slp.tv\/2019\/#website"},"primaryImageOfPage":{"@id":"https:\/\/canal7slp.tv\/2019\/trump-presenta-condolencias-a-presidente-mexicano-por-masacre-en-el-paso\/#primaryimage"},"image":{"@id":"https:\/\/canal7slp.tv\/2019\/trump-presenta-condolencias-a-presidente-mexicano-por-masacre-en-el-paso\/#primaryimage"},"thumbnailUrl":"https:\/\/canal7slp.tv\/2019\/wp-content\/uploads\/2019\/08\/1215-4.jpg","datePublished":"2019-08-05T16:54:21+00:00","breadcrumb":{"@id":"https:\/\/canal7slp.tv\/2019\/trump-presenta-condolencias-a-presidente-mexicano-por-masacre-en-el-paso\/#breadcrumb"},"inLanguage":"es","potentialAction":[{"@type":"ReadAction","target":["https:\/\/canal7slp.tv\/2019\/trump-presenta-condolencias-a-presidente-mexicano-por-masacre-en-el-paso\/"]}]},{"@type":"ImageObject","inLanguage":"es","@id":"https:\/\/canal7slp.tv\/2019\/trump-presenta-condolencias-a-presidente-mexicano-por-masacre-en-el-paso\/#primaryimage","url":"https:\/\/canal7slp.tv\/2019\/wp-content\/uploads\/2019\/08\/1215-4.jpg","contentUrl":"https:\/\/canal7slp.tv\/2019\/wp-content\/uploads\/2019\/08\/1215-4.jpg","width":574,"height":410},{"@type":"BreadcrumbList","@id":"https:\/\/canal7slp.tv\/2019\/trump-presenta-condolencias-a-presidente-mexicano-por-masacre-en-el-paso\/#breadcrumb","itemListElement":[{"@type":"ListItem","position":1,"name":"Home","item":"https:\/\/canal7slp.tv\/2019\/"},{"@type":"ListItem","position":2,"name":"Trump presenta condolencias a presidente mexicano por masacre en El Paso"}]},{"@type":"WebSite","@id":"https:\/\/canal7slp.tv\/2019\/#website","url":"https:\/\/canal7slp.tv\/2019\/","name":"Canal 7 SLP - Somos TV","description":"Somos un Canal de 10","publisher":{"@id":"https:\/\/canal7slp.tv\/2019\/#organization"},"potentialAction":[{"@type":"SearchAction","target":{"@type":"EntryPoint","urlTemplate":"https:\/\/canal7slp.tv\/2019\/?s={search_term_string}"},"query-input":{"@type":"PropertyValueSpecification","valueRequired":true,"valueName":"search_term_string"}}],"inLanguage":"es"},{"@type":"Organization","@id":"https:\/\/canal7slp.tv\/2019\/#organization","name":"Comunicaci\u00f3n 2000 S.A. de C.V.","url":"https:\/\/canal7slp.tv\/2019\/","logo":{"@type":"ImageObject","inLanguage":"es","@id":"https:\/\/canal7slp.tv\/2019\/#\/schema\/logo\/image\/","url":"https:\/\/canal7slp.tv\/2019\/wp-content\/uploads\/2019\/07\/logo-c7.png","contentUrl":"https:\/\/canal7slp.tv\/2019\/wp-content\/uploads\/2019\/07\/logo-c7.png","width":220,"height":60,"caption":"Comunicaci\u00f3n 2000 S.A. de C.V."},"image":{"@id":"https:\/\/canal7slp.tv\/2019\/#\/schema\/logo\/image\/"},"sameAs":["https:\/\/www.facebook.com\/CANAL7SLP\/","https:\/\/x.com\/canal7_slp","https:\/\/www.instagram.com\/canal7_slp","https:\/\/www.youtube.com\/user\/NOTICIEROSCANAL7SLP\/"]},{"@type":"Person","@id":"https:\/\/canal7slp.tv\/2019\/#\/schema\/person\/11d941c1c6ca30ac0a46b95fa37aa2e3","name":"edicionweb","image":{"@type":"ImageObject","inLanguage":"es","@id":"https:\/\/secure.gravatar.com\/avatar\/eee448fc3f7164808013b816ba91ac7e43bbe82a70bebac296f8bc6f0addaa1a?s=96&d=mm&r=g","url":"https:\/\/secure.gravatar.com\/avatar\/eee448fc3f7164808013b816ba91ac7e43bbe82a70bebac296f8bc6f0addaa1a?s=96&d=mm&r=g","contentUrl":"https:\/\/secure.gravatar.com\/avatar\/eee448fc3f7164808013b816ba91ac7e43bbe82a70bebac296f8bc6f0addaa1a?s=96&d=mm&r=g","caption":"edicionweb"}}]}},"amp_enabled":true,"cmb2":{"video_ids_in_playlist":{"vid_p_videos":""},"video_ids_in_channel":{"vid_c_videos":""},"playlist_ids_in_channel":{"vid_c_playlists":""},"series_ids_in_channel":{"vid_c_series":""},"channel_images":{"vid_c_logo":"","vid_c_banner":""},"poster_feature_image":{"vid_m_poster_image":""},"gif_feature_image":{"vid_m_gif_image":""},"video_movie_settings":{"vid_m_director":"","vid_m_actor":"","vid_m_imdb_ratings":"","vid_m_amazon_associates":""},"vid_youtube_broadcasts_settings":{"vid_yb_broadcast_title":"","vid_yb_q":"","vid_yb_channelid":"","vid_yb_videocategoryid":"","vid_yb_maxresults":"","vid_yb_order":"","vid_yb_regioncode":"","vid_yb_videosyndicated":"","vid_yb_style":"","vid_yb_reload_first":""},"video_series_settings":{"vid_m_director":"","vid_m_actor":"","vid_m_imdb_ratings":"","video_series_group":""},"amazon_associates_settings":{"amazon_associates":"","amazon_native_ad":""},"vid_youtube_automatic_settings":{"vid_ya_youtube_source":"","vid_ya_update_every":"","vid_ya_update_unit":"","vid_ya_categories":"","vid_ya_published_after":"","vid_ya_published_before":"","vid_ya_playlists":"","vid_ya_channels":"","vid_ya_director":"","vid_ya_actor":"","vid_ya_author":"","vid_ya_import_post_date":"","vid_ya_status":"","vid_ya_sub_api_key":""},"vid_ads_m_videoads_settings_post":{"vid_ads_m_video_ads":"","vid_ads_m_video_ads_type":"","vid_ads_m_group_google_ima":"","vid_ads_m_group_image":"","vid_ads_m_group_html5_video":"","vid_ads_m_group_html":"","vid_ads_m_vast_preroll":"","vid_ads_m_vast_postroll":"","vid_ads_m_vast_pauseroll":"","vid_ads_m_vast_midroll":[{"vid_ads_m_vast_timer_seconds":"50"}],"vid_ads_m_time_to_show_ads":"","vid_ads_m_time_skip_ads":"","vid_ads_m_time_to_hide_ads":""},"page_slider_settings":{"display_slider_group":"","page_slider_group":""},"blog_page_settings":{"blog_page_title":"","blog_page_heading":"","blog_page_ic":"","blog_page_it":"","blog_page_ec":"","blog_page_ip":"","archive_loop_style":"","blog_image_ratio":"","blog_show_categories":"","blog_show_excerpt":"","blog_show_author":"","blog_show_date":"","blog_show_comment_count":"","blog_show_view_count":"","blog_show_like_count":"","blog_show_dislike_count":"","blog_items_per_page":"","blog_pag_type":""},"page_options":{"get_page_template":"","color_mode":"","main_layout":"","main_layout_full_with":"","main_logo":"","main_logo_retina":"","main_logo_mobile":"","main_logo_mobile_retina":"","sticky_logo":"","sticky_logo_retina":"","main_nav_layout":"","ajax_search":"","header_background":"","theme_sidebar":"","instagram_feed":"","instagram_feed_position":"","popular_videos":"","popular_videos_title_1":"","popular_videos_title_2":"","popular_videos_ic":"","popular_videos_it":"","theme_background":"","page_custom_css":""},"feature_image_settings":{"feature_image_position":""},"video_player_settings":{"single_video_style":"","video_player_position":"","vm_video_url":"","video_player_library":"","video_streaming":"","vm_media_sources":"","vid_auto_play":"","vm_video_shortcode":"","vid_p_sync_playlist":"","vid_c_sync_channel":"","get_post_format":"","multiple_links_structure":"default","multi_links_title":"","vm_video_multi_links":"","vm_duration":"","vid_social_locker":"off","vid_social_locker_id":"","vid_membership_action":"content-video","vm_video_trailer_url":"","vid_download_type":"free","vid_download_target":"download","vid_woo_product":"","vm_media_download":"","user_rating":"","user_rating_position":"","user_rating_mode":"","user_rating_multi_sets":""},"video_auto_fetch_settings":{"vm_video_fetch":"on"},"video_fake_views_likes":{"vm_fake_views":"","vm_fake_likes":"","vm_fake_dislikes":""},"gallery_settings":{"gallery_position":""},"quote_settings":{"quote_position":""},"post_options":{"main_layout":"","main_logo":"","main_logo_retina":"","main_logo_mobile":"","main_logo_mobile_retina":"","sticky_logo":"","sticky_logo_retina":"","main_nav_layout":"","header_background":"","theme_sidebar":"","single_post_comment_type":"","theme_background":""}},"_links":{"self":[{"href":"https:\/\/canal7slp.tv\/2019\/wp-json\/wp\/v2\/posts\/44422","targetHints":{"allow":["GET"]}}],"collection":[{"href":"https:\/\/canal7slp.tv\/2019\/wp-json\/wp\/v2\/posts"}],"about":[{"href":"https:\/\/canal7slp.tv\/2019\/wp-json\/wp\/v2\/types\/post"}],"author":[{"embeddable":true,"href":"https:\/\/canal7slp.tv\/2019\/wp-json\/wp\/v2\/users\/2"}],"replies":[{"embeddable":true,"href":"https:\/\/canal7slp.tv\/2019\/wp-json\/wp\/v2\/comments?post=44422"}],"version-history":[{"count":0,"href":"https:\/\/canal7slp.tv\/2019\/wp-json\/wp\/v2\/posts\/44422\/revisions"}],"wp:featuredmedia":[{"embeddable":true,"href":"https:\/\/canal7slp.tv\/2019\/wp-json\/wp\/v2\/media\/44423"}],"wp:attachment":[{"href":"https:\/\/canal7slp.tv\/2019\/wp-json\/wp\/v2\/media?parent=44422"}],"wp:term":[{"taxonomy":"category","embeddable":true,"href":"https:\/\/canal7slp.tv\/2019\/wp-json\/wp\/v2\/categories?post=44422"},{"taxonomy":"post_tag","embeddable":true,"href":"https:\/\/canal7slp.tv\/2019\/wp-json\/wp\/v2\/tags?post=44422"}],"curies":[{"name":"wp","href":"https:\/\/api.w.org\/{rel}","templated":true}]}}