{"id":44373,"date":"2019-08-05T07:46:25","date_gmt":"2019-08-05T12:46:25","guid":{"rendered":"https:\/\/canal7slp.tv\/2019\/?p=44373"},"modified":"2019-08-05T07:46:25","modified_gmt":"2019-08-05T12:46:25","slug":"huelga-en-hong-kong-paraliza-el-sistema-de-transportes","status":"publish","type":"post","link":"https:\/\/canal7slp.tv\/2019\/huelga-en-hong-kong-paraliza-el-sistema-de-transportes\/","title":{"rendered":"Huelga en Hong Kong paraliza el sistema de transportes"},"content":{"rendered":"<p style=\"text-align: justify;\">Hong Kong.- Cientos de hongkoneses realizan una huelga general este lunes que ha dejado varias l\u00edneas del metro sin funcionamiento y provocado retrasos y cancelaciones en un centenar de vuelos de este centro financiero.<\/p>\n<p style=\"text-align: justify;\">La huelga de este lunes es el nuevo episodio de protesta en la crisis pol\u00edtica de la ciudad, en donde los\u00a0manifestantes exigen\u00a0la retirada completa de la controvertida propuesta de ley de extradici\u00f3n y la dimisi\u00f3n de\u00a0la jefa del Ejecutivo de Hong Kong, Carrie Lam.<\/p>\n<p style=\"text-align: justify;\">Seg\u00fan versiones preliminares, ocho l\u00edneas de metro dejaron de funcionar total o parcialmente, entre ellas la l\u00ednea que conecta la megal\u00f3polis con el aeropuerto, desde las 10:00 hora local (4:00 GMT).<\/p>\n<p style=\"text-align: justify;\">El Departamento de Trabajo del Gobierno de Hong Kong pidi\u00f3 a las empresas que sean comprensivas con sus trabajadores que no pueden llegar a tiempo al trabajo por las condiciones del tr\u00e1fico y los servicios de transporte.<\/p>\n<p style=\"text-align: justify;\">Una veintena de sectores -entre ellos trabajadores del sector financiero, de los medios de comunicaci\u00f3n o de compa\u00f1\u00edas a\u00e9reas- se han unido al paro.<\/p>\n<p style=\"text-align: justify;\">Los organizadores de las protestas de los siete distritos dijeron en una conferencia de prensa el pasado s\u00e1bado que 24 sectores, con 14 mil trabajadores, participar\u00edan en la huelga de este lunes.<\/p>\n<p style=\"text-align: justify;\">Los manifestantes exigen la retirada total del proyecto de ley de extradici\u00f3n suspendido que permitir\u00eda que los sospechosos de Hong Kong fueran juzgados en China, el establecimiento de una comisi\u00f3n independiente para investigar los enfrentamientos callejeros recientes, la retirada de todos los cargos contra los manifestantes por incidentes recientes y la implementaci\u00f3n del sufragio universal.<\/p>\n<p style=\"text-align: justify;\">En tanto, la jefa del Ejecutivo de Hong Kong, Carrie Lam, se\u00f1al\u00f3 este lunes que no renunciar\u00eda ya que ella y su administraci\u00f3n se concentraron en arreglar la ley y situaci\u00f3n de orden en el territorio, destac\u00f3 el sitio Channel News Asia.<\/p>\n<p style=\"text-align: justify;\">Agreg\u00f3 que la violencia &#8220;ha ido aumentando&#8221;, adem\u00e1s de afirmar que &#8220;las protestas han ido m\u00e1s all\u00e1 de la propuesta de ley de extradici\u00f3n&#8221; y que la magnitud de las manifestaciones &#8220;ha minado el imperio de la ley en Hong Kong, llevando a la ciudad al l\u00edmite&#8221;.<\/p>\n<p style=\"text-align: justify;\">La v\u00edspera la polic\u00eda Hong Kong utiliz\u00f3 gas lacrim\u00f3geno para dispersar a los manifestantes que marcharon por las calles y bloquearon el t\u00fanel Cross-Harbor, en protesta por la iniciativa de ley de extradici\u00f3n y en demanda de una investigaci\u00f3n sobre las acciones policiales durante las protestas que iniciaron en junio pasado.<\/p>\n<p style=\"text-align: justify;\">Miles de manifestantes a favor de la democracia salieron este domingo a las calles, en el noveno fin de semana consecutivo de protestas, y se enfrentaron con los efectivos de seguridad en Sheung Wan cuando intentaban llegar hacia la oficina de enlace de Beijing.<\/p>\n<p style=\"text-align: justify;\">Durante las manifestaciones que iniciaron el 9 de enero en contra de una iniciativa de ley de extradicic\u00f3n a China, m\u00e1s de 200 opositores han sido arrestados y docenas m\u00e1s acusados de disturbios, seg\u00fan public\u00f3 la cadena de televisi\u00f3n con sede en Singapur CNA.<\/p>\n<p style=\"text-align: justify;\">Esta ola de protestas representa la crisis pol\u00edtica m\u00e1s grave para Hong Kong desde que Reino Unido cedi\u00f3 a China la soberan\u00eda, hace 22 a\u00f1os.<\/p>\n<p style=\"text-align: justify;\">La manifestaci\u00f3n de este domingo se suma a la del s\u00e1bado cuando miles de personas salieron a las calles desafiando una vez m\u00e1s al gobierno, al que exigen reformas democr\u00e1ticas.<\/p>\n<p style=\"text-align: justify;\">El barrio de Mong Kong, que en 2014 vivi\u00f3 violentos enfrentamientos en la denominada Revoluci\u00f3n de los Paraguas, fue escenario de la nueva movilizaci\u00f3n, en la que participaron miles de hongkoneses vestidos de negro, en su mayor\u00eda j\u00f3venes.<\/p>\n","protected":false},"excerpt":{"rendered":"<p>Hong Kong.- Cientos de hongkoneses realizan una huelga general este lunes que ha dejado varias l\u00edneas del metro sin funcionamiento y provocado retrasos y cancelaciones en un centenar de vuelos de este centro financiero. La huelga de este lunes es el nuevo episodio de protesta en la crisis pol\u00edtica de la ciudad, en donde los\u00a0manifestantes [&hellip;]<\/p>\n","protected":false},"author":2,"featured_media":44374,"comment_status":"open","ping_status":"closed","sticky":false,"template":"","format":"standard","meta":{"footnotes":""},"categories":[18],"tags":[],"class_list":["post-44373","post","type-post","status-publish","format-standard","has-post-thumbnail","hentry","category-internacional"],"yoast_head":"<!-- This site is optimized with the Yoast SEO plugin v27.5 - https:\/\/yoast.com\/product\/yoast-seo-wordpress\/ -->\n<title>Huelga en Hong Kong paraliza el sistema de transportes - Canal 7 SLP - 2019<\/title>\n<meta name=\"robots\" content=\"index, follow, max-snippet:-1, max-image-preview:large, max-video-preview:-1\" \/>\n<link rel=\"canonical\" href=\"https:\/\/canal7slp.tv\/2019\/huelga-en-hong-kong-paraliza-el-sistema-de-transportes\/\" \/>\n<meta property=\"og:locale\" content=\"es_ES\" \/>\n<meta property=\"og:type\" content=\"article\" \/>\n<meta property=\"og:title\" content=\"Huelga en Hong Kong paraliza el sistema de transportes - Canal 7 SLP - 2019\" \/>\n<meta property=\"og:description\" content=\"Hong Kong.- Cientos de hongkoneses realizan una huelga general este lunes que ha dejado varias l\u00edneas del metro sin funcionamiento y provocado retrasos y cancelaciones en un centenar de vuelos de este centro financiero. La huelga de este lunes es el nuevo episodio de protesta en la crisis pol\u00edtica de la ciudad, en donde los\u00a0manifestantes [&hellip;]\" \/>\n<meta property=\"og:url\" content=\"https:\/\/canal7slp.tv\/2019\/huelga-en-hong-kong-paraliza-el-sistema-de-transportes\/\" \/>\n<meta property=\"og:site_name\" content=\"Canal 7 SLP - 2019\" \/>\n<meta property=\"article:publisher\" content=\"https:\/\/www.facebook.com\/CANAL7SLP\/\" \/>\n<meta property=\"article:published_time\" content=\"2019-08-05T12:46:25+00:00\" \/>\n<meta property=\"og:image\" content=\"https:\/\/canal7slp.tv\/2019\/wp-content\/uploads\/2019\/08\/845-1.jpg\" \/>\n\t<meta property=\"og:image:width\" content=\"728\" \/>\n\t<meta property=\"og:image:height\" content=\"410\" \/>\n\t<meta property=\"og:image:type\" content=\"image\/jpeg\" \/>\n<meta name=\"author\" content=\"edicionweb\" \/>\n<meta name=\"twitter:card\" content=\"summary_large_image\" \/>\n<meta name=\"twitter:creator\" content=\"@canal7_slp\" \/>\n<meta name=\"twitter:site\" content=\"@canal7_slp\" \/>\n<meta name=\"twitter:label1\" content=\"Escrito por\" \/>\n\t<meta name=\"twitter:data1\" content=\"edicionweb\" \/>\n\t<meta name=\"twitter:label2\" content=\"Tiempo de lectura\" \/>\n\t<meta name=\"twitter:data2\" content=\"3 minutos\" \/>\n<script type=\"application\/ld+json\" class=\"yoast-schema-graph\">{\"@context\":\"https:\\\/\\\/schema.org\",\"@graph\":[{\"@type\":\"Article\",\"@id\":\"https:\\\/\\\/canal7slp.tv\\\/2019\\\/huelga-en-hong-kong-paraliza-el-sistema-de-transportes\\\/#article\",\"isPartOf\":{\"@id\":\"https:\\\/\\\/canal7slp.tv\\\/2019\\\/huelga-en-hong-kong-paraliza-el-sistema-de-transportes\\\/\"},\"author\":{\"name\":\"edicionweb\",\"@id\":\"https:\\\/\\\/canal7slp.tv\\\/2019\\\/#\\\/schema\\\/person\\\/11d941c1c6ca30ac0a46b95fa37aa2e3\"},\"headline\":\"Huelga en Hong Kong paraliza el sistema de transportes\",\"datePublished\":\"2019-08-05T12:46:25+00:00\",\"mainEntityOfPage\":{\"@id\":\"https:\\\/\\\/canal7slp.tv\\\/2019\\\/huelga-en-hong-kong-paraliza-el-sistema-de-transportes\\\/\"},\"wordCount\":632,\"commentCount\":0,\"publisher\":{\"@id\":\"https:\\\/\\\/canal7slp.tv\\\/2019\\\/#organization\"},\"image\":{\"@id\":\"https:\\\/\\\/canal7slp.tv\\\/2019\\\/huelga-en-hong-kong-paraliza-el-sistema-de-transportes\\\/#primaryimage\"},\"thumbnailUrl\":\"https:\\\/\\\/canal7slp.tv\\\/2019\\\/wp-content\\\/uploads\\\/2019\\\/08\\\/845-1.jpg\",\"articleSection\":[\"INTERNACIONAL\"],\"inLanguage\":\"es\",\"potentialAction\":[{\"@type\":\"CommentAction\",\"name\":\"Comment\",\"target\":[\"https:\\\/\\\/canal7slp.tv\\\/2019\\\/huelga-en-hong-kong-paraliza-el-sistema-de-transportes\\\/#respond\"]}]},{\"@type\":\"WebPage\",\"@id\":\"https:\\\/\\\/canal7slp.tv\\\/2019\\\/huelga-en-hong-kong-paraliza-el-sistema-de-transportes\\\/\",\"url\":\"https:\\\/\\\/canal7slp.tv\\\/2019\\\/huelga-en-hong-kong-paraliza-el-sistema-de-transportes\\\/\",\"name\":\"Huelga en Hong Kong paraliza el sistema de transportes - Canal 7 SLP - 2019\",\"isPartOf\":{\"@id\":\"https:\\\/\\\/canal7slp.tv\\\/2019\\\/#website\"},\"primaryImageOfPage\":{\"@id\":\"https:\\\/\\\/canal7slp.tv\\\/2019\\\/huelga-en-hong-kong-paraliza-el-sistema-de-transportes\\\/#primaryimage\"},\"image\":{\"@id\":\"https:\\\/\\\/canal7slp.tv\\\/2019\\\/huelga-en-hong-kong-paraliza-el-sistema-de-transportes\\\/#primaryimage\"},\"thumbnailUrl\":\"https:\\\/\\\/canal7slp.tv\\\/2019\\\/wp-content\\\/uploads\\\/2019\\\/08\\\/845-1.jpg\",\"datePublished\":\"2019-08-05T12:46:25+00:00\",\"breadcrumb\":{\"@id\":\"https:\\\/\\\/canal7slp.tv\\\/2019\\\/huelga-en-hong-kong-paraliza-el-sistema-de-transportes\\\/#breadcrumb\"},\"inLanguage\":\"es\",\"potentialAction\":[{\"@type\":\"ReadAction\",\"target\":[\"https:\\\/\\\/canal7slp.tv\\\/2019\\\/huelga-en-hong-kong-paraliza-el-sistema-de-transportes\\\/\"]}]},{\"@type\":\"ImageObject\",\"inLanguage\":\"es\",\"@id\":\"https:\\\/\\\/canal7slp.tv\\\/2019\\\/huelga-en-hong-kong-paraliza-el-sistema-de-transportes\\\/#primaryimage\",\"url\":\"https:\\\/\\\/canal7slp.tv\\\/2019\\\/wp-content\\\/uploads\\\/2019\\\/08\\\/845-1.jpg\",\"contentUrl\":\"https:\\\/\\\/canal7slp.tv\\\/2019\\\/wp-content\\\/uploads\\\/2019\\\/08\\\/845-1.jpg\",\"width\":728,\"height\":410},{\"@type\":\"BreadcrumbList\",\"@id\":\"https:\\\/\\\/canal7slp.tv\\\/2019\\\/huelga-en-hong-kong-paraliza-el-sistema-de-transportes\\\/#breadcrumb\",\"itemListElement\":[{\"@type\":\"ListItem\",\"position\":1,\"name\":\"Home\",\"item\":\"https:\\\/\\\/canal7slp.tv\\\/2019\\\/\"},{\"@type\":\"ListItem\",\"position\":2,\"name\":\"Huelga en Hong Kong paraliza el sistema de transportes\"}]},{\"@type\":\"WebSite\",\"@id\":\"https:\\\/\\\/canal7slp.tv\\\/2019\\\/#website\",\"url\":\"https:\\\/\\\/canal7slp.tv\\\/2019\\\/\",\"name\":\"Canal 7 SLP - Somos TV\",\"description\":\"Somos un Canal de 10\",\"publisher\":{\"@id\":\"https:\\\/\\\/canal7slp.tv\\\/2019\\\/#organization\"},\"potentialAction\":[{\"@type\":\"SearchAction\",\"target\":{\"@type\":\"EntryPoint\",\"urlTemplate\":\"https:\\\/\\\/canal7slp.tv\\\/2019\\\/?s={search_term_string}\"},\"query-input\":{\"@type\":\"PropertyValueSpecification\",\"valueRequired\":true,\"valueName\":\"search_term_string\"}}],\"inLanguage\":\"es\"},{\"@type\":\"Organization\",\"@id\":\"https:\\\/\\\/canal7slp.tv\\\/2019\\\/#organization\",\"name\":\"Comunicaci\u00f3n 2000 S.A. de C.V.\",\"url\":\"https:\\\/\\\/canal7slp.tv\\\/2019\\\/\",\"logo\":{\"@type\":\"ImageObject\",\"inLanguage\":\"es\",\"@id\":\"https:\\\/\\\/canal7slp.tv\\\/2019\\\/#\\\/schema\\\/logo\\\/image\\\/\",\"url\":\"https:\\\/\\\/canal7slp.tv\\\/2019\\\/wp-content\\\/uploads\\\/2019\\\/07\\\/logo-c7.png\",\"contentUrl\":\"https:\\\/\\\/canal7slp.tv\\\/2019\\\/wp-content\\\/uploads\\\/2019\\\/07\\\/logo-c7.png\",\"width\":220,\"height\":60,\"caption\":\"Comunicaci\u00f3n 2000 S.A. de C.V.\"},\"image\":{\"@id\":\"https:\\\/\\\/canal7slp.tv\\\/2019\\\/#\\\/schema\\\/logo\\\/image\\\/\"},\"sameAs\":[\"https:\\\/\\\/www.facebook.com\\\/CANAL7SLP\\\/\",\"https:\\\/\\\/x.com\\\/canal7_slp\",\"https:\\\/\\\/www.instagram.com\\\/canal7_slp\",\"https:\\\/\\\/www.youtube.com\\\/user\\\/NOTICIEROSCANAL7SLP\\\/\"]},{\"@type\":\"Person\",\"@id\":\"https:\\\/\\\/canal7slp.tv\\\/2019\\\/#\\\/schema\\\/person\\\/11d941c1c6ca30ac0a46b95fa37aa2e3\",\"name\":\"edicionweb\",\"image\":{\"@type\":\"ImageObject\",\"inLanguage\":\"es\",\"@id\":\"https:\\\/\\\/secure.gravatar.com\\\/avatar\\\/eee448fc3f7164808013b816ba91ac7e43bbe82a70bebac296f8bc6f0addaa1a?s=96&d=mm&r=g\",\"url\":\"https:\\\/\\\/secure.gravatar.com\\\/avatar\\\/eee448fc3f7164808013b816ba91ac7e43bbe82a70bebac296f8bc6f0addaa1a?s=96&d=mm&r=g\",\"contentUrl\":\"https:\\\/\\\/secure.gravatar.com\\\/avatar\\\/eee448fc3f7164808013b816ba91ac7e43bbe82a70bebac296f8bc6f0addaa1a?s=96&d=mm&r=g\",\"caption\":\"edicionweb\"}}]}<\/script>\n<!-- \/ Yoast SEO plugin. -->","yoast_head_json":{"title":"Huelga en Hong Kong paraliza el sistema de transportes - Canal 7 SLP - 2019","robots":{"index":"index","follow":"follow","max-snippet":"max-snippet:-1","max-image-preview":"max-image-preview:large","max-video-preview":"max-video-preview:-1"},"canonical":"https:\/\/canal7slp.tv\/2019\/huelga-en-hong-kong-paraliza-el-sistema-de-transportes\/","og_locale":"es_ES","og_type":"article","og_title":"Huelga en Hong Kong paraliza el sistema de transportes - Canal 7 SLP - 2019","og_description":"Hong Kong.- Cientos de hongkoneses realizan una huelga general este lunes que ha dejado varias l\u00edneas del metro sin funcionamiento y provocado retrasos y cancelaciones en un centenar de vuelos de este centro financiero. La huelga de este lunes es el nuevo episodio de protesta en la crisis pol\u00edtica de la ciudad, en donde los\u00a0manifestantes [&hellip;]","og_url":"https:\/\/canal7slp.tv\/2019\/huelga-en-hong-kong-paraliza-el-sistema-de-transportes\/","og_site_name":"Canal 7 SLP - 2019","article_publisher":"https:\/\/www.facebook.com\/CANAL7SLP\/","article_published_time":"2019-08-05T12:46:25+00:00","og_image":[{"width":728,"height":410,"url":"https:\/\/canal7slp.tv\/2019\/wp-content\/uploads\/2019\/08\/845-1.jpg","type":"image\/jpeg"}],"author":"edicionweb","twitter_card":"summary_large_image","twitter_creator":"@canal7_slp","twitter_site":"@canal7_slp","twitter_misc":{"Escrito por":"edicionweb","Tiempo de lectura":"3 minutos"},"schema":{"@context":"https:\/\/schema.org","@graph":[{"@type":"Article","@id":"https:\/\/canal7slp.tv\/2019\/huelga-en-hong-kong-paraliza-el-sistema-de-transportes\/#article","isPartOf":{"@id":"https:\/\/canal7slp.tv\/2019\/huelga-en-hong-kong-paraliza-el-sistema-de-transportes\/"},"author":{"name":"edicionweb","@id":"https:\/\/canal7slp.tv\/2019\/#\/schema\/person\/11d941c1c6ca30ac0a46b95fa37aa2e3"},"headline":"Huelga en Hong Kong paraliza el sistema de transportes","datePublished":"2019-08-05T12:46:25+00:00","mainEntityOfPage":{"@id":"https:\/\/canal7slp.tv\/2019\/huelga-en-hong-kong-paraliza-el-sistema-de-transportes\/"},"wordCount":632,"commentCount":0,"publisher":{"@id":"https:\/\/canal7slp.tv\/2019\/#organization"},"image":{"@id":"https:\/\/canal7slp.tv\/2019\/huelga-en-hong-kong-paraliza-el-sistema-de-transportes\/#primaryimage"},"thumbnailUrl":"https:\/\/canal7slp.tv\/2019\/wp-content\/uploads\/2019\/08\/845-1.jpg","articleSection":["INTERNACIONAL"],"inLanguage":"es","potentialAction":[{"@type":"CommentAction","name":"Comment","target":["https:\/\/canal7slp.tv\/2019\/huelga-en-hong-kong-paraliza-el-sistema-de-transportes\/#respond"]}]},{"@type":"WebPage","@id":"https:\/\/canal7slp.tv\/2019\/huelga-en-hong-kong-paraliza-el-sistema-de-transportes\/","url":"https:\/\/canal7slp.tv\/2019\/huelga-en-hong-kong-paraliza-el-sistema-de-transportes\/","name":"Huelga en Hong Kong paraliza el sistema de transportes - Canal 7 SLP - 2019","isPartOf":{"@id":"https:\/\/canal7slp.tv\/2019\/#website"},"primaryImageOfPage":{"@id":"https:\/\/canal7slp.tv\/2019\/huelga-en-hong-kong-paraliza-el-sistema-de-transportes\/#primaryimage"},"image":{"@id":"https:\/\/canal7slp.tv\/2019\/huelga-en-hong-kong-paraliza-el-sistema-de-transportes\/#primaryimage"},"thumbnailUrl":"https:\/\/canal7slp.tv\/2019\/wp-content\/uploads\/2019\/08\/845-1.jpg","datePublished":"2019-08-05T12:46:25+00:00","breadcrumb":{"@id":"https:\/\/canal7slp.tv\/2019\/huelga-en-hong-kong-paraliza-el-sistema-de-transportes\/#breadcrumb"},"inLanguage":"es","potentialAction":[{"@type":"ReadAction","target":["https:\/\/canal7slp.tv\/2019\/huelga-en-hong-kong-paraliza-el-sistema-de-transportes\/"]}]},{"@type":"ImageObject","inLanguage":"es","@id":"https:\/\/canal7slp.tv\/2019\/huelga-en-hong-kong-paraliza-el-sistema-de-transportes\/#primaryimage","url":"https:\/\/canal7slp.tv\/2019\/wp-content\/uploads\/2019\/08\/845-1.jpg","contentUrl":"https:\/\/canal7slp.tv\/2019\/wp-content\/uploads\/2019\/08\/845-1.jpg","width":728,"height":410},{"@type":"BreadcrumbList","@id":"https:\/\/canal7slp.tv\/2019\/huelga-en-hong-kong-paraliza-el-sistema-de-transportes\/#breadcrumb","itemListElement":[{"@type":"ListItem","position":1,"name":"Home","item":"https:\/\/canal7slp.tv\/2019\/"},{"@type":"ListItem","position":2,"name":"Huelga en Hong Kong paraliza el sistema de transportes"}]},{"@type":"WebSite","@id":"https:\/\/canal7slp.tv\/2019\/#website","url":"https:\/\/canal7slp.tv\/2019\/","name":"Canal 7 SLP - Somos TV","description":"Somos un Canal de 10","publisher":{"@id":"https:\/\/canal7slp.tv\/2019\/#organization"},"potentialAction":[{"@type":"SearchAction","target":{"@type":"EntryPoint","urlTemplate":"https:\/\/canal7slp.tv\/2019\/?s={search_term_string}"},"query-input":{"@type":"PropertyValueSpecification","valueRequired":true,"valueName":"search_term_string"}}],"inLanguage":"es"},{"@type":"Organization","@id":"https:\/\/canal7slp.tv\/2019\/#organization","name":"Comunicaci\u00f3n 2000 S.A. de C.V.","url":"https:\/\/canal7slp.tv\/2019\/","logo":{"@type":"ImageObject","inLanguage":"es","@id":"https:\/\/canal7slp.tv\/2019\/#\/schema\/logo\/image\/","url":"https:\/\/canal7slp.tv\/2019\/wp-content\/uploads\/2019\/07\/logo-c7.png","contentUrl":"https:\/\/canal7slp.tv\/2019\/wp-content\/uploads\/2019\/07\/logo-c7.png","width":220,"height":60,"caption":"Comunicaci\u00f3n 2000 S.A. de C.V."},"image":{"@id":"https:\/\/canal7slp.tv\/2019\/#\/schema\/logo\/image\/"},"sameAs":["https:\/\/www.facebook.com\/CANAL7SLP\/","https:\/\/x.com\/canal7_slp","https:\/\/www.instagram.com\/canal7_slp","https:\/\/www.youtube.com\/user\/NOTICIEROSCANAL7SLP\/"]},{"@type":"Person","@id":"https:\/\/canal7slp.tv\/2019\/#\/schema\/person\/11d941c1c6ca30ac0a46b95fa37aa2e3","name":"edicionweb","image":{"@type":"ImageObject","inLanguage":"es","@id":"https:\/\/secure.gravatar.com\/avatar\/eee448fc3f7164808013b816ba91ac7e43bbe82a70bebac296f8bc6f0addaa1a?s=96&d=mm&r=g","url":"https:\/\/secure.gravatar.com\/avatar\/eee448fc3f7164808013b816ba91ac7e43bbe82a70bebac296f8bc6f0addaa1a?s=96&d=mm&r=g","contentUrl":"https:\/\/secure.gravatar.com\/avatar\/eee448fc3f7164808013b816ba91ac7e43bbe82a70bebac296f8bc6f0addaa1a?s=96&d=mm&r=g","caption":"edicionweb"}}]}},"amp_enabled":true,"cmb2":{"video_ids_in_playlist":{"vid_p_videos":""},"video_ids_in_channel":{"vid_c_videos":""},"playlist_ids_in_channel":{"vid_c_playlists":""},"series_ids_in_channel":{"vid_c_series":""},"channel_images":{"vid_c_logo":"","vid_c_banner":""},"poster_feature_image":{"vid_m_poster_image":""},"gif_feature_image":{"vid_m_gif_image":""},"video_movie_settings":{"vid_m_director":"","vid_m_actor":"","vid_m_imdb_ratings":"","vid_m_amazon_associates":""},"vid_youtube_broadcasts_settings":{"vid_yb_broadcast_title":"","vid_yb_q":"","vid_yb_channelid":"","vid_yb_videocategoryid":"","vid_yb_maxresults":"","vid_yb_order":"","vid_yb_regioncode":"","vid_yb_videosyndicated":"","vid_yb_style":"","vid_yb_reload_first":""},"video_series_settings":{"vid_m_director":"","vid_m_actor":"","vid_m_imdb_ratings":"","video_series_group":""},"amazon_associates_settings":{"amazon_associates":"","amazon_native_ad":""},"vid_youtube_automatic_settings":{"vid_ya_youtube_source":"","vid_ya_update_every":"","vid_ya_update_unit":"","vid_ya_categories":"","vid_ya_published_after":"","vid_ya_published_before":"","vid_ya_playlists":"","vid_ya_channels":"","vid_ya_director":"","vid_ya_actor":"","vid_ya_author":"","vid_ya_import_post_date":"","vid_ya_status":"","vid_ya_sub_api_key":""},"vid_ads_m_videoads_settings_post":{"vid_ads_m_video_ads":"","vid_ads_m_video_ads_type":"","vid_ads_m_group_google_ima":"","vid_ads_m_group_image":"","vid_ads_m_group_html5_video":"","vid_ads_m_group_html":"","vid_ads_m_vast_preroll":"","vid_ads_m_vast_postroll":"","vid_ads_m_vast_pauseroll":"","vid_ads_m_vast_midroll":[{"vid_ads_m_vast_timer_seconds":"50"}],"vid_ads_m_time_to_show_ads":"","vid_ads_m_time_skip_ads":"","vid_ads_m_time_to_hide_ads":""},"page_slider_settings":{"display_slider_group":"","page_slider_group":""},"blog_page_settings":{"blog_page_title":"","blog_page_heading":"","blog_page_ic":"","blog_page_it":"","blog_page_ec":"","blog_page_ip":"","archive_loop_style":"","blog_image_ratio":"","blog_show_categories":"","blog_show_excerpt":"","blog_show_author":"","blog_show_date":"","blog_show_comment_count":"","blog_show_view_count":"","blog_show_like_count":"","blog_show_dislike_count":"","blog_items_per_page":"","blog_pag_type":""},"page_options":{"get_page_template":"","color_mode":"","main_layout":"","main_layout_full_with":"","main_logo":"","main_logo_retina":"","main_logo_mobile":"","main_logo_mobile_retina":"","sticky_logo":"","sticky_logo_retina":"","main_nav_layout":"","ajax_search":"","header_background":"","theme_sidebar":"","instagram_feed":"","instagram_feed_position":"","popular_videos":"","popular_videos_title_1":"","popular_videos_title_2":"","popular_videos_ic":"","popular_videos_it":"","theme_background":"","page_custom_css":""},"feature_image_settings":{"feature_image_position":""},"video_player_settings":{"single_video_style":"","video_player_position":"","vm_video_url":"","video_player_library":"","video_streaming":"","vm_media_sources":"","vid_auto_play":"","vm_video_shortcode":"","vid_p_sync_playlist":"","vid_c_sync_channel":"","get_post_format":"","multiple_links_structure":"default","multi_links_title":"","vm_video_multi_links":"","vm_duration":"","vid_social_locker":"off","vid_social_locker_id":"","vid_membership_action":"content-video","vm_video_trailer_url":"","vid_download_type":"free","vid_download_target":"download","vid_woo_product":"","vm_media_download":"","user_rating":"","user_rating_position":"","user_rating_mode":"","user_rating_multi_sets":""},"video_auto_fetch_settings":{"vm_video_fetch":"on"},"video_fake_views_likes":{"vm_fake_views":"","vm_fake_likes":"","vm_fake_dislikes":""},"gallery_settings":{"gallery_position":""},"quote_settings":{"quote_position":""},"post_options":{"main_layout":"","main_logo":"","main_logo_retina":"","main_logo_mobile":"","main_logo_mobile_retina":"","sticky_logo":"","sticky_logo_retina":"","main_nav_layout":"","header_background":"","theme_sidebar":"","single_post_comment_type":"","theme_background":""}},"_links":{"self":[{"href":"https:\/\/canal7slp.tv\/2019\/wp-json\/wp\/v2\/posts\/44373","targetHints":{"allow":["GET"]}}],"collection":[{"href":"https:\/\/canal7slp.tv\/2019\/wp-json\/wp\/v2\/posts"}],"about":[{"href":"https:\/\/canal7slp.tv\/2019\/wp-json\/wp\/v2\/types\/post"}],"author":[{"embeddable":true,"href":"https:\/\/canal7slp.tv\/2019\/wp-json\/wp\/v2\/users\/2"}],"replies":[{"embeddable":true,"href":"https:\/\/canal7slp.tv\/2019\/wp-json\/wp\/v2\/comments?post=44373"}],"version-history":[{"count":0,"href":"https:\/\/canal7slp.tv\/2019\/wp-json\/wp\/v2\/posts\/44373\/revisions"}],"wp:featuredmedia":[{"embeddable":true,"href":"https:\/\/canal7slp.tv\/2019\/wp-json\/wp\/v2\/media\/44374"}],"wp:attachment":[{"href":"https:\/\/canal7slp.tv\/2019\/wp-json\/wp\/v2\/media?parent=44373"}],"wp:term":[{"taxonomy":"category","embeddable":true,"href":"https:\/\/canal7slp.tv\/2019\/wp-json\/wp\/v2\/categories?post=44373"},{"taxonomy":"post_tag","embeddable":true,"href":"https:\/\/canal7slp.tv\/2019\/wp-json\/wp\/v2\/tags?post=44373"}],"curies":[{"name":"wp","href":"https:\/\/api.w.org\/{rel}","templated":true}]}}