{"id":44256,"date":"2019-08-04T13:06:03","date_gmt":"2019-08-04T18:06:03","guid":{"rendered":"https:\/\/canal7slp.tv\/2019\/?p=44256"},"modified":"2019-08-04T13:06:03","modified_gmt":"2019-08-04T18:06:03","slug":"monreal-presentara-iniciativa-para-proteger-a-ninos-de-violencia-en-tv","status":"publish","type":"post","link":"https:\/\/canal7slp.tv\/2019\/monreal-presentara-iniciativa-para-proteger-a-ninos-de-violencia-en-tv\/","title":{"rendered":"Monreal presentar\u00e1 iniciativa para proteger a ni\u00f1os de violencia en TV"},"content":{"rendered":"<p style=\"text-align: justify;\">M\u00e9xico.- El coordinador de los senadores de Morena, Ricardo Monreal \u00c1vila, presentar\u00e1 una iniciativa para reformar la Ley Federal de Telecomunicaciones, con el fin de proteger a la ni\u00f1ez de contenidos violentos en la televisi\u00f3n.<\/p>\n<p style=\"text-align: justify;\">El tambi\u00e9n presidente de la Junta de Coordinaci\u00f3n Pol\u00edtica (Jucopo) en el Senado de la Rep\u00fablica explic\u00f3 que se busca evitar la publicidad de corte violento o sexual durante la transmisi\u00f3n de programas infantiles.<\/p>\n<p style=\"text-align: justify;\">\u201cTodos los d\u00edas, ni\u00f1as y ni\u00f1os est\u00e1n expuestos a contenidos violentos en la televisi\u00f3n. Esto los hace menos sensibles ante hechos de esta naturaleza en el hogar, la escuela o la calle, ya que tienden a imitar lo que ven y responden de forma similar en la convivencia diaria con las dem\u00e1s personas\u201d, expuso.<\/p>\n<p style=\"text-align: justify;\">Monreal \u00c1vila explic\u00f3 que la Ley General de los Derechos de Ni\u00f1as, Ni\u00f1os y Adolescentes les garantiza el derecho a una vida libre de violencia, a fin de lograr mejores condiciones de bienestar, por lo consider\u00f3 que se deben evitar los contenidos que estimulen o hagan apolog\u00eda de la violencia en la programaci\u00f3n dirigida a este sector.<\/p>\n<p style=\"text-align: justify;\">En el texto de la iniciativa se indica que aunque la ley establece l\u00edmites al contenido de los programas y la publicidad destinada al p\u00fablico infantil, es omisa al establecer prohibiciones relativas a la publicidad no dirigida a ese sector, pero se transmite en ese mismo horario.<\/p>\n<p style=\"text-align: justify;\">Agreg\u00f3 que en muchos casos, el bloque comercial difundido durante un programa de contenido infantil, contiene mensajes de violencia o de contenido sexual.<\/p>\n<p style=\"text-align: justify;\">Por ello, esta propuesta legislativa busca cuidar y proteger el desarrollo arm\u00f3nico e integral de las ni\u00f1as y ni\u00f1os mexicanos. \u201cNo pretende limitar arbitrariamente los contenidos sino ordenarlos de mejor manera, en funci\u00f3n del inter\u00e9s superior de la ni\u00f1ez\u201d, expuso.<\/p>\n<p style=\"text-align: justify;\">El presidente de la Junta de Coordinaci\u00f3n Pol\u00edtica plantea establecer una disposici\u00f3n de m\u00e1s alcance para beneficio de las ni\u00f1as y ni\u00f1os dentro de la Ley Federal de Telecomunicaciones y Radiodifusi\u00f3n.<\/p>\n<p style=\"text-align: justify;\">El prop\u00f3sito es que en los contenidos que se difunden en el espacio publicitario durante las transmisiones de programas infantiles, se evite la publicidad y los mensajes de corte violento o sexual.<\/p>\n<p style=\"text-align: justify;\">Monreal \u00c1vila plante\u00f3 que de acuerdo con el Instituto Federal de Telecomunicaciones, en 2017 el tiempo promedio de permanencia de menores de cuatro a 12 a\u00f1os frente al televisor fue de cuatro horas con 46 minutos diarios.<\/p>\n<p style=\"text-align: justify;\">En tanto, el tiempo dedicado a la programaci\u00f3n infantil en la televisi\u00f3n difundida durante el mismo a\u00f1o fue de cuatro mil 518 horas.<\/p>\n<p style=\"text-align: justify;\">A\u00f1adi\u00f3 que de acuerdo con la misma fuente, en ese mismo lapso se transmitieron un mill\u00f3n 913 mil 805 anuncios en la televisi\u00f3n. Tambi\u00e9n indica que la publicidad difundida mientras se difunde programas infantiles contiene escenas de violencia u otros contenidos no aptos para la ni\u00f1ez, pues est\u00e1n dirigidos a un p\u00fablico adulto.<\/p>\n","protected":false},"excerpt":{"rendered":"<p>M\u00e9xico.- El coordinador de los senadores de Morena, Ricardo Monreal \u00c1vila, presentar\u00e1 una iniciativa para reformar la Ley Federal de Telecomunicaciones, con el fin de proteger a la ni\u00f1ez de contenidos violentos en la televisi\u00f3n. El tambi\u00e9n presidente de la Junta de Coordinaci\u00f3n Pol\u00edtica (Jucopo) en el Senado de la Rep\u00fablica explic\u00f3 que se busca [&hellip;]<\/p>\n","protected":false},"author":2,"featured_media":44257,"comment_status":"open","ping_status":"closed","sticky":false,"template":"","format":"standard","meta":{"footnotes":""},"categories":[30],"tags":[],"class_list":["post-44256","post","type-post","status-publish","format-standard","has-post-thumbnail","hentry","category-nacional"],"yoast_head":"<!-- This site is optimized with the Yoast SEO plugin v27.5 - https:\/\/yoast.com\/product\/yoast-seo-wordpress\/ -->\n<title>Monreal presentar\u00e1 iniciativa para proteger a ni\u00f1os de violencia en TV - Canal 7 SLP - 2019<\/title>\n<meta name=\"robots\" content=\"index, follow, max-snippet:-1, max-image-preview:large, max-video-preview:-1\" \/>\n<link rel=\"canonical\" href=\"https:\/\/canal7slp.tv\/2019\/monreal-presentara-iniciativa-para-proteger-a-ninos-de-violencia-en-tv\/\" \/>\n<meta property=\"og:locale\" content=\"es_ES\" \/>\n<meta property=\"og:type\" content=\"article\" \/>\n<meta property=\"og:title\" content=\"Monreal presentar\u00e1 iniciativa para proteger a ni\u00f1os de violencia en TV - Canal 7 SLP - 2019\" \/>\n<meta property=\"og:description\" content=\"M\u00e9xico.- El coordinador de los senadores de Morena, Ricardo Monreal \u00c1vila, presentar\u00e1 una iniciativa para reformar la Ley Federal de Telecomunicaciones, con el fin de proteger a la ni\u00f1ez de contenidos violentos en la televisi\u00f3n. El tambi\u00e9n presidente de la Junta de Coordinaci\u00f3n Pol\u00edtica (Jucopo) en el Senado de la Rep\u00fablica explic\u00f3 que se busca [&hellip;]\" \/>\n<meta property=\"og:url\" content=\"https:\/\/canal7slp.tv\/2019\/monreal-presentara-iniciativa-para-proteger-a-ninos-de-violencia-en-tv\/\" \/>\n<meta property=\"og:site_name\" content=\"Canal 7 SLP - 2019\" \/>\n<meta property=\"article:publisher\" content=\"https:\/\/www.facebook.com\/CANAL7SLP\/\" \/>\n<meta property=\"article:published_time\" content=\"2019-08-04T18:06:03+00:00\" \/>\n<meta property=\"og:image\" content=\"https:\/\/canal7slp.tv\/2019\/wp-content\/uploads\/2019\/08\/1515-1.jpg\" \/>\n\t<meta property=\"og:image:width\" content=\"727\" \/>\n\t<meta property=\"og:image:height\" content=\"410\" \/>\n\t<meta property=\"og:image:type\" content=\"image\/jpeg\" \/>\n<meta name=\"author\" content=\"edicionweb\" \/>\n<meta name=\"twitter:card\" content=\"summary_large_image\" \/>\n<meta name=\"twitter:creator\" content=\"@canal7_slp\" \/>\n<meta name=\"twitter:site\" content=\"@canal7_slp\" \/>\n<meta name=\"twitter:label1\" content=\"Escrito por\" \/>\n\t<meta name=\"twitter:data1\" content=\"edicionweb\" \/>\n\t<meta name=\"twitter:label2\" content=\"Tiempo de lectura\" \/>\n\t<meta name=\"twitter:data2\" content=\"3 minutos\" \/>\n<script type=\"application\/ld+json\" class=\"yoast-schema-graph\">{\"@context\":\"https:\\\/\\\/schema.org\",\"@graph\":[{\"@type\":\"Article\",\"@id\":\"https:\\\/\\\/canal7slp.tv\\\/2019\\\/monreal-presentara-iniciativa-para-proteger-a-ninos-de-violencia-en-tv\\\/#article\",\"isPartOf\":{\"@id\":\"https:\\\/\\\/canal7slp.tv\\\/2019\\\/monreal-presentara-iniciativa-para-proteger-a-ninos-de-violencia-en-tv\\\/\"},\"author\":{\"name\":\"edicionweb\",\"@id\":\"https:\\\/\\\/canal7slp.tv\\\/2019\\\/#\\\/schema\\\/person\\\/11d941c1c6ca30ac0a46b95fa37aa2e3\"},\"headline\":\"Monreal presentar\u00e1 iniciativa para proteger a ni\u00f1os de violencia en TV\",\"datePublished\":\"2019-08-04T18:06:03+00:00\",\"mainEntityOfPage\":{\"@id\":\"https:\\\/\\\/canal7slp.tv\\\/2019\\\/monreal-presentara-iniciativa-para-proteger-a-ninos-de-violencia-en-tv\\\/\"},\"wordCount\":518,\"commentCount\":0,\"publisher\":{\"@id\":\"https:\\\/\\\/canal7slp.tv\\\/2019\\\/#organization\"},\"image\":{\"@id\":\"https:\\\/\\\/canal7slp.tv\\\/2019\\\/monreal-presentara-iniciativa-para-proteger-a-ninos-de-violencia-en-tv\\\/#primaryimage\"},\"thumbnailUrl\":\"https:\\\/\\\/canal7slp.tv\\\/2019\\\/wp-content\\\/uploads\\\/2019\\\/08\\\/1515-1.jpg\",\"articleSection\":[\"NACIONAL\"],\"inLanguage\":\"es\",\"potentialAction\":[{\"@type\":\"CommentAction\",\"name\":\"Comment\",\"target\":[\"https:\\\/\\\/canal7slp.tv\\\/2019\\\/monreal-presentara-iniciativa-para-proteger-a-ninos-de-violencia-en-tv\\\/#respond\"]}]},{\"@type\":\"WebPage\",\"@id\":\"https:\\\/\\\/canal7slp.tv\\\/2019\\\/monreal-presentara-iniciativa-para-proteger-a-ninos-de-violencia-en-tv\\\/\",\"url\":\"https:\\\/\\\/canal7slp.tv\\\/2019\\\/monreal-presentara-iniciativa-para-proteger-a-ninos-de-violencia-en-tv\\\/\",\"name\":\"Monreal presentar\u00e1 iniciativa para proteger a ni\u00f1os de violencia en TV - Canal 7 SLP - 2019\",\"isPartOf\":{\"@id\":\"https:\\\/\\\/canal7slp.tv\\\/2019\\\/#website\"},\"primaryImageOfPage\":{\"@id\":\"https:\\\/\\\/canal7slp.tv\\\/2019\\\/monreal-presentara-iniciativa-para-proteger-a-ninos-de-violencia-en-tv\\\/#primaryimage\"},\"image\":{\"@id\":\"https:\\\/\\\/canal7slp.tv\\\/2019\\\/monreal-presentara-iniciativa-para-proteger-a-ninos-de-violencia-en-tv\\\/#primaryimage\"},\"thumbnailUrl\":\"https:\\\/\\\/canal7slp.tv\\\/2019\\\/wp-content\\\/uploads\\\/2019\\\/08\\\/1515-1.jpg\",\"datePublished\":\"2019-08-04T18:06:03+00:00\",\"breadcrumb\":{\"@id\":\"https:\\\/\\\/canal7slp.tv\\\/2019\\\/monreal-presentara-iniciativa-para-proteger-a-ninos-de-violencia-en-tv\\\/#breadcrumb\"},\"inLanguage\":\"es\",\"potentialAction\":[{\"@type\":\"ReadAction\",\"target\":[\"https:\\\/\\\/canal7slp.tv\\\/2019\\\/monreal-presentara-iniciativa-para-proteger-a-ninos-de-violencia-en-tv\\\/\"]}]},{\"@type\":\"ImageObject\",\"inLanguage\":\"es\",\"@id\":\"https:\\\/\\\/canal7slp.tv\\\/2019\\\/monreal-presentara-iniciativa-para-proteger-a-ninos-de-violencia-en-tv\\\/#primaryimage\",\"url\":\"https:\\\/\\\/canal7slp.tv\\\/2019\\\/wp-content\\\/uploads\\\/2019\\\/08\\\/1515-1.jpg\",\"contentUrl\":\"https:\\\/\\\/canal7slp.tv\\\/2019\\\/wp-content\\\/uploads\\\/2019\\\/08\\\/1515-1.jpg\",\"width\":727,\"height\":410},{\"@type\":\"BreadcrumbList\",\"@id\":\"https:\\\/\\\/canal7slp.tv\\\/2019\\\/monreal-presentara-iniciativa-para-proteger-a-ninos-de-violencia-en-tv\\\/#breadcrumb\",\"itemListElement\":[{\"@type\":\"ListItem\",\"position\":1,\"name\":\"Home\",\"item\":\"https:\\\/\\\/canal7slp.tv\\\/2019\\\/\"},{\"@type\":\"ListItem\",\"position\":2,\"name\":\"Monreal presentar\u00e1 iniciativa para proteger a ni\u00f1os de violencia en TV\"}]},{\"@type\":\"WebSite\",\"@id\":\"https:\\\/\\\/canal7slp.tv\\\/2019\\\/#website\",\"url\":\"https:\\\/\\\/canal7slp.tv\\\/2019\\\/\",\"name\":\"Canal 7 SLP - Somos TV\",\"description\":\"Somos un Canal de 10\",\"publisher\":{\"@id\":\"https:\\\/\\\/canal7slp.tv\\\/2019\\\/#organization\"},\"potentialAction\":[{\"@type\":\"SearchAction\",\"target\":{\"@type\":\"EntryPoint\",\"urlTemplate\":\"https:\\\/\\\/canal7slp.tv\\\/2019\\\/?s={search_term_string}\"},\"query-input\":{\"@type\":\"PropertyValueSpecification\",\"valueRequired\":true,\"valueName\":\"search_term_string\"}}],\"inLanguage\":\"es\"},{\"@type\":\"Organization\",\"@id\":\"https:\\\/\\\/canal7slp.tv\\\/2019\\\/#organization\",\"name\":\"Comunicaci\u00f3n 2000 S.A. de C.V.\",\"url\":\"https:\\\/\\\/canal7slp.tv\\\/2019\\\/\",\"logo\":{\"@type\":\"ImageObject\",\"inLanguage\":\"es\",\"@id\":\"https:\\\/\\\/canal7slp.tv\\\/2019\\\/#\\\/schema\\\/logo\\\/image\\\/\",\"url\":\"https:\\\/\\\/canal7slp.tv\\\/2019\\\/wp-content\\\/uploads\\\/2019\\\/07\\\/logo-c7.png\",\"contentUrl\":\"https:\\\/\\\/canal7slp.tv\\\/2019\\\/wp-content\\\/uploads\\\/2019\\\/07\\\/logo-c7.png\",\"width\":220,\"height\":60,\"caption\":\"Comunicaci\u00f3n 2000 S.A. de C.V.\"},\"image\":{\"@id\":\"https:\\\/\\\/canal7slp.tv\\\/2019\\\/#\\\/schema\\\/logo\\\/image\\\/\"},\"sameAs\":[\"https:\\\/\\\/www.facebook.com\\\/CANAL7SLP\\\/\",\"https:\\\/\\\/x.com\\\/canal7_slp\",\"https:\\\/\\\/www.instagram.com\\\/canal7_slp\",\"https:\\\/\\\/www.youtube.com\\\/user\\\/NOTICIEROSCANAL7SLP\\\/\"]},{\"@type\":\"Person\",\"@id\":\"https:\\\/\\\/canal7slp.tv\\\/2019\\\/#\\\/schema\\\/person\\\/11d941c1c6ca30ac0a46b95fa37aa2e3\",\"name\":\"edicionweb\",\"image\":{\"@type\":\"ImageObject\",\"inLanguage\":\"es\",\"@id\":\"https:\\\/\\\/secure.gravatar.com\\\/avatar\\\/eee448fc3f7164808013b816ba91ac7e43bbe82a70bebac296f8bc6f0addaa1a?s=96&d=mm&r=g\",\"url\":\"https:\\\/\\\/secure.gravatar.com\\\/avatar\\\/eee448fc3f7164808013b816ba91ac7e43bbe82a70bebac296f8bc6f0addaa1a?s=96&d=mm&r=g\",\"contentUrl\":\"https:\\\/\\\/secure.gravatar.com\\\/avatar\\\/eee448fc3f7164808013b816ba91ac7e43bbe82a70bebac296f8bc6f0addaa1a?s=96&d=mm&r=g\",\"caption\":\"edicionweb\"}}]}<\/script>\n<!-- \/ Yoast SEO plugin. -->","yoast_head_json":{"title":"Monreal presentar\u00e1 iniciativa para proteger a ni\u00f1os de violencia en TV - Canal 7 SLP - 2019","robots":{"index":"index","follow":"follow","max-snippet":"max-snippet:-1","max-image-preview":"max-image-preview:large","max-video-preview":"max-video-preview:-1"},"canonical":"https:\/\/canal7slp.tv\/2019\/monreal-presentara-iniciativa-para-proteger-a-ninos-de-violencia-en-tv\/","og_locale":"es_ES","og_type":"article","og_title":"Monreal presentar\u00e1 iniciativa para proteger a ni\u00f1os de violencia en TV - Canal 7 SLP - 2019","og_description":"M\u00e9xico.- El coordinador de los senadores de Morena, Ricardo Monreal \u00c1vila, presentar\u00e1 una iniciativa para reformar la Ley Federal de Telecomunicaciones, con el fin de proteger a la ni\u00f1ez de contenidos violentos en la televisi\u00f3n. El tambi\u00e9n presidente de la Junta de Coordinaci\u00f3n Pol\u00edtica (Jucopo) en el Senado de la Rep\u00fablica explic\u00f3 que se busca [&hellip;]","og_url":"https:\/\/canal7slp.tv\/2019\/monreal-presentara-iniciativa-para-proteger-a-ninos-de-violencia-en-tv\/","og_site_name":"Canal 7 SLP - 2019","article_publisher":"https:\/\/www.facebook.com\/CANAL7SLP\/","article_published_time":"2019-08-04T18:06:03+00:00","og_image":[{"width":727,"height":410,"url":"https:\/\/canal7slp.tv\/2019\/wp-content\/uploads\/2019\/08\/1515-1.jpg","type":"image\/jpeg"}],"author":"edicionweb","twitter_card":"summary_large_image","twitter_creator":"@canal7_slp","twitter_site":"@canal7_slp","twitter_misc":{"Escrito por":"edicionweb","Tiempo de lectura":"3 minutos"},"schema":{"@context":"https:\/\/schema.org","@graph":[{"@type":"Article","@id":"https:\/\/canal7slp.tv\/2019\/monreal-presentara-iniciativa-para-proteger-a-ninos-de-violencia-en-tv\/#article","isPartOf":{"@id":"https:\/\/canal7slp.tv\/2019\/monreal-presentara-iniciativa-para-proteger-a-ninos-de-violencia-en-tv\/"},"author":{"name":"edicionweb","@id":"https:\/\/canal7slp.tv\/2019\/#\/schema\/person\/11d941c1c6ca30ac0a46b95fa37aa2e3"},"headline":"Monreal presentar\u00e1 iniciativa para proteger a ni\u00f1os de violencia en TV","datePublished":"2019-08-04T18:06:03+00:00","mainEntityOfPage":{"@id":"https:\/\/canal7slp.tv\/2019\/monreal-presentara-iniciativa-para-proteger-a-ninos-de-violencia-en-tv\/"},"wordCount":518,"commentCount":0,"publisher":{"@id":"https:\/\/canal7slp.tv\/2019\/#organization"},"image":{"@id":"https:\/\/canal7slp.tv\/2019\/monreal-presentara-iniciativa-para-proteger-a-ninos-de-violencia-en-tv\/#primaryimage"},"thumbnailUrl":"https:\/\/canal7slp.tv\/2019\/wp-content\/uploads\/2019\/08\/1515-1.jpg","articleSection":["NACIONAL"],"inLanguage":"es","potentialAction":[{"@type":"CommentAction","name":"Comment","target":["https:\/\/canal7slp.tv\/2019\/monreal-presentara-iniciativa-para-proteger-a-ninos-de-violencia-en-tv\/#respond"]}]},{"@type":"WebPage","@id":"https:\/\/canal7slp.tv\/2019\/monreal-presentara-iniciativa-para-proteger-a-ninos-de-violencia-en-tv\/","url":"https:\/\/canal7slp.tv\/2019\/monreal-presentara-iniciativa-para-proteger-a-ninos-de-violencia-en-tv\/","name":"Monreal presentar\u00e1 iniciativa para proteger a ni\u00f1os de violencia en TV - Canal 7 SLP - 2019","isPartOf":{"@id":"https:\/\/canal7slp.tv\/2019\/#website"},"primaryImageOfPage":{"@id":"https:\/\/canal7slp.tv\/2019\/monreal-presentara-iniciativa-para-proteger-a-ninos-de-violencia-en-tv\/#primaryimage"},"image":{"@id":"https:\/\/canal7slp.tv\/2019\/monreal-presentara-iniciativa-para-proteger-a-ninos-de-violencia-en-tv\/#primaryimage"},"thumbnailUrl":"https:\/\/canal7slp.tv\/2019\/wp-content\/uploads\/2019\/08\/1515-1.jpg","datePublished":"2019-08-04T18:06:03+00:00","breadcrumb":{"@id":"https:\/\/canal7slp.tv\/2019\/monreal-presentara-iniciativa-para-proteger-a-ninos-de-violencia-en-tv\/#breadcrumb"},"inLanguage":"es","potentialAction":[{"@type":"ReadAction","target":["https:\/\/canal7slp.tv\/2019\/monreal-presentara-iniciativa-para-proteger-a-ninos-de-violencia-en-tv\/"]}]},{"@type":"ImageObject","inLanguage":"es","@id":"https:\/\/canal7slp.tv\/2019\/monreal-presentara-iniciativa-para-proteger-a-ninos-de-violencia-en-tv\/#primaryimage","url":"https:\/\/canal7slp.tv\/2019\/wp-content\/uploads\/2019\/08\/1515-1.jpg","contentUrl":"https:\/\/canal7slp.tv\/2019\/wp-content\/uploads\/2019\/08\/1515-1.jpg","width":727,"height":410},{"@type":"BreadcrumbList","@id":"https:\/\/canal7slp.tv\/2019\/monreal-presentara-iniciativa-para-proteger-a-ninos-de-violencia-en-tv\/#breadcrumb","itemListElement":[{"@type":"ListItem","position":1,"name":"Home","item":"https:\/\/canal7slp.tv\/2019\/"},{"@type":"ListItem","position":2,"name":"Monreal presentar\u00e1 iniciativa para proteger a ni\u00f1os de violencia en TV"}]},{"@type":"WebSite","@id":"https:\/\/canal7slp.tv\/2019\/#website","url":"https:\/\/canal7slp.tv\/2019\/","name":"Canal 7 SLP - Somos TV","description":"Somos un Canal de 10","publisher":{"@id":"https:\/\/canal7slp.tv\/2019\/#organization"},"potentialAction":[{"@type":"SearchAction","target":{"@type":"EntryPoint","urlTemplate":"https:\/\/canal7slp.tv\/2019\/?s={search_term_string}"},"query-input":{"@type":"PropertyValueSpecification","valueRequired":true,"valueName":"search_term_string"}}],"inLanguage":"es"},{"@type":"Organization","@id":"https:\/\/canal7slp.tv\/2019\/#organization","name":"Comunicaci\u00f3n 2000 S.A. de C.V.","url":"https:\/\/canal7slp.tv\/2019\/","logo":{"@type":"ImageObject","inLanguage":"es","@id":"https:\/\/canal7slp.tv\/2019\/#\/schema\/logo\/image\/","url":"https:\/\/canal7slp.tv\/2019\/wp-content\/uploads\/2019\/07\/logo-c7.png","contentUrl":"https:\/\/canal7slp.tv\/2019\/wp-content\/uploads\/2019\/07\/logo-c7.png","width":220,"height":60,"caption":"Comunicaci\u00f3n 2000 S.A. de C.V."},"image":{"@id":"https:\/\/canal7slp.tv\/2019\/#\/schema\/logo\/image\/"},"sameAs":["https:\/\/www.facebook.com\/CANAL7SLP\/","https:\/\/x.com\/canal7_slp","https:\/\/www.instagram.com\/canal7_slp","https:\/\/www.youtube.com\/user\/NOTICIEROSCANAL7SLP\/"]},{"@type":"Person","@id":"https:\/\/canal7slp.tv\/2019\/#\/schema\/person\/11d941c1c6ca30ac0a46b95fa37aa2e3","name":"edicionweb","image":{"@type":"ImageObject","inLanguage":"es","@id":"https:\/\/secure.gravatar.com\/avatar\/eee448fc3f7164808013b816ba91ac7e43bbe82a70bebac296f8bc6f0addaa1a?s=96&d=mm&r=g","url":"https:\/\/secure.gravatar.com\/avatar\/eee448fc3f7164808013b816ba91ac7e43bbe82a70bebac296f8bc6f0addaa1a?s=96&d=mm&r=g","contentUrl":"https:\/\/secure.gravatar.com\/avatar\/eee448fc3f7164808013b816ba91ac7e43bbe82a70bebac296f8bc6f0addaa1a?s=96&d=mm&r=g","caption":"edicionweb"}}]}},"amp_enabled":true,"cmb2":{"video_ids_in_playlist":{"vid_p_videos":""},"video_ids_in_channel":{"vid_c_videos":""},"playlist_ids_in_channel":{"vid_c_playlists":""},"series_ids_in_channel":{"vid_c_series":""},"channel_images":{"vid_c_logo":"","vid_c_banner":""},"poster_feature_image":{"vid_m_poster_image":""},"gif_feature_image":{"vid_m_gif_image":""},"video_movie_settings":{"vid_m_director":"","vid_m_actor":"","vid_m_imdb_ratings":"","vid_m_amazon_associates":""},"vid_youtube_broadcasts_settings":{"vid_yb_broadcast_title":"","vid_yb_q":"","vid_yb_channelid":"","vid_yb_videocategoryid":"","vid_yb_maxresults":"","vid_yb_order":"","vid_yb_regioncode":"","vid_yb_videosyndicated":"","vid_yb_style":"","vid_yb_reload_first":""},"video_series_settings":{"vid_m_director":"","vid_m_actor":"","vid_m_imdb_ratings":"","video_series_group":""},"amazon_associates_settings":{"amazon_associates":"","amazon_native_ad":""},"vid_youtube_automatic_settings":{"vid_ya_youtube_source":"","vid_ya_update_every":"","vid_ya_update_unit":"","vid_ya_categories":"","vid_ya_published_after":"","vid_ya_published_before":"","vid_ya_playlists":"","vid_ya_channels":"","vid_ya_director":"","vid_ya_actor":"","vid_ya_author":"","vid_ya_import_post_date":"","vid_ya_status":"","vid_ya_sub_api_key":""},"vid_ads_m_videoads_settings_post":{"vid_ads_m_video_ads":"","vid_ads_m_video_ads_type":"","vid_ads_m_group_google_ima":"","vid_ads_m_group_image":"","vid_ads_m_group_html5_video":"","vid_ads_m_group_html":"","vid_ads_m_vast_preroll":"","vid_ads_m_vast_postroll":"","vid_ads_m_vast_pauseroll":"","vid_ads_m_vast_midroll":[{"vid_ads_m_vast_timer_seconds":"50"}],"vid_ads_m_time_to_show_ads":"","vid_ads_m_time_skip_ads":"","vid_ads_m_time_to_hide_ads":""},"page_slider_settings":{"display_slider_group":"","page_slider_group":""},"blog_page_settings":{"blog_page_title":"","blog_page_heading":"","blog_page_ic":"","blog_page_it":"","blog_page_ec":"","blog_page_ip":"","archive_loop_style":"","blog_image_ratio":"","blog_show_categories":"","blog_show_excerpt":"","blog_show_author":"","blog_show_date":"","blog_show_comment_count":"","blog_show_view_count":"","blog_show_like_count":"","blog_show_dislike_count":"","blog_items_per_page":"","blog_pag_type":""},"page_options":{"get_page_template":"","color_mode":"","main_layout":"","main_layout_full_with":"","main_logo":"","main_logo_retina":"","main_logo_mobile":"","main_logo_mobile_retina":"","sticky_logo":"","sticky_logo_retina":"","main_nav_layout":"","ajax_search":"","header_background":"","theme_sidebar":"","instagram_feed":"","instagram_feed_position":"","popular_videos":"","popular_videos_title_1":"","popular_videos_title_2":"","popular_videos_ic":"","popular_videos_it":"","theme_background":"","page_custom_css":""},"feature_image_settings":{"feature_image_position":""},"video_player_settings":{"single_video_style":"","video_player_position":"","vm_video_url":"","video_player_library":"","video_streaming":"","vm_media_sources":"","vid_auto_play":"","vm_video_shortcode":"","vid_p_sync_playlist":"","vid_c_sync_channel":"","get_post_format":"","multiple_links_structure":"default","multi_links_title":"","vm_video_multi_links":"","vm_duration":"","vid_social_locker":"off","vid_social_locker_id":"","vid_membership_action":"content-video","vm_video_trailer_url":"","vid_download_type":"free","vid_download_target":"download","vid_woo_product":"","vm_media_download":"","user_rating":"","user_rating_position":"","user_rating_mode":"","user_rating_multi_sets":""},"video_auto_fetch_settings":{"vm_video_fetch":"on"},"video_fake_views_likes":{"vm_fake_views":"","vm_fake_likes":"","vm_fake_dislikes":""},"gallery_settings":{"gallery_position":""},"quote_settings":{"quote_position":""},"post_options":{"main_layout":"","main_logo":"","main_logo_retina":"","main_logo_mobile":"","main_logo_mobile_retina":"","sticky_logo":"","sticky_logo_retina":"","main_nav_layout":"","header_background":"","theme_sidebar":"","single_post_comment_type":"","theme_background":""}},"_links":{"self":[{"href":"https:\/\/canal7slp.tv\/2019\/wp-json\/wp\/v2\/posts\/44256","targetHints":{"allow":["GET"]}}],"collection":[{"href":"https:\/\/canal7slp.tv\/2019\/wp-json\/wp\/v2\/posts"}],"about":[{"href":"https:\/\/canal7slp.tv\/2019\/wp-json\/wp\/v2\/types\/post"}],"author":[{"embeddable":true,"href":"https:\/\/canal7slp.tv\/2019\/wp-json\/wp\/v2\/users\/2"}],"replies":[{"embeddable":true,"href":"https:\/\/canal7slp.tv\/2019\/wp-json\/wp\/v2\/comments?post=44256"}],"version-history":[{"count":0,"href":"https:\/\/canal7slp.tv\/2019\/wp-json\/wp\/v2\/posts\/44256\/revisions"}],"wp:featuredmedia":[{"embeddable":true,"href":"https:\/\/canal7slp.tv\/2019\/wp-json\/wp\/v2\/media\/44257"}],"wp:attachment":[{"href":"https:\/\/canal7slp.tv\/2019\/wp-json\/wp\/v2\/media?parent=44256"}],"wp:term":[{"taxonomy":"category","embeddable":true,"href":"https:\/\/canal7slp.tv\/2019\/wp-json\/wp\/v2\/categories?post=44256"},{"taxonomy":"post_tag","embeddable":true,"href":"https:\/\/canal7slp.tv\/2019\/wp-json\/wp\/v2\/tags?post=44256"}],"curies":[{"name":"wp","href":"https:\/\/api.w.org\/{rel}","templated":true}]}}