{"id":43645,"date":"2019-08-01T23:09:57","date_gmt":"2019-08-02T04:09:57","guid":{"rendered":"https:\/\/canal7slp.tv\/2019\/?p=43645"},"modified":"2019-08-01T23:09:57","modified_gmt":"2019-08-02T04:09:57","slug":"periodista-humberto-padgett-grabo-video-sin-permiso-asegura-sedena","status":"publish","type":"post","link":"https:\/\/canal7slp.tv\/2019\/periodista-humberto-padgett-grabo-video-sin-permiso-asegura-sedena\/","title":{"rendered":"Periodista Humberto Padgett grab\u00f3 video sin permiso, asegura Sedena"},"content":{"rendered":"<p>M\u00e9xico.- La Secretar\u00eda de la Defensa Nacional (Sedena) inform\u00f3 que fueron detenidas tres personas, entre ellas el periodista Humberto Padgett, en el interior del Campo Militar n\u00famero 37-D, Santa Luc\u00eda, Estado de M\u00e9xico, &#8220;al ser sorprendidas efectuando levantamiento de video sin la autorizaci\u00f3n correspondiente&#8221;.<\/p>\n<p>En un comunicado, la dependencia federal indic\u00f3 que los hechos ocurrieron cuando los tres sujetos ingresaron al lugar a bordo de un veh\u00edculo civil, dos de ellos se identificaron como militares en situaci\u00f3n de retiro y portaban armas.<\/p>\n<p>Las personas dijeron que acudir\u00edan al servicio m\u00e9dico, sin embargo continuaron su camino y &#8220;en un segundo filtro de seguridad indicaron que se dirig\u00edan a instalaciones de un plantel educativo militar&#8221;, lo cual fue falso en ambos casos, asegur\u00f3 la Sedena.<\/p>\n<p>En un tercer filtro, detall\u00f3, militares que\u00a0resguardan\u00a0las instalaciones del Agrupamiento de Ingenieros, detect\u00f3 a los tres sujetos grabando video, por lo que huyeron al tratar de ser identificados, aunque fueron interceptados aproximadamente a 200 metros de ese lugar.<\/p>\n<p>Esos hechos permitieron identificar a los militares retirados en posesi\u00f3n de dos armas de fuego, propiedad de una empresa de seguridad privada, as\u00ed como a Humberto Padgett, quien se identific\u00f3 como reportero de un medio de comunicaci\u00f3n.<\/p>\n<p>Seg\u00fan la dependencia, las tres personas fueron trasladadas al acceso principal y puestas a disposici\u00f3n de elementos de la Fiscal\u00eda General de Justicia del Estado de M\u00e9xico, de conformidad con las facultades que la ley otorga y obliga a la Sedena a cumplir, y en un marco irrestricto de respeto a los derechos humanos.<\/p>\n<p>La Secretar\u00eda de la Defensa Nacional aclar\u00f3 que es respetuosa de la libertad de expresi\u00f3n y trabajo period\u00edstico de los comunicadores, as\u00ed como la libre manifestaci\u00f3n de las ideas a trav\u00e9s de los medios de comunicaci\u00f3n.<\/p>\n<p>&#8220;Sin embargo, es preciso destacar que las instalaciones militares son propiedad federal y de acceso restringido y las personas que ingresan a dichos campos, lo hacen con un prop\u00f3sito definido y con la autorizaci\u00f3n correspondiente&#8221;.<\/p>\n<p>En el Campo Militar n\u00famero 37-D se albergan instalaciones que tienen un car\u00e1cter estrat\u00e9gico, cuya afectaci\u00f3n pondr\u00eda en riesgo la vida de las personas que ah\u00ed laboran, as\u00ed como de la poblaci\u00f3n civil aleda\u00f1a, por lo que toda persona que intente ingresar a las \u00e1reas no autorizadas debe identificarse plenamente, precis\u00f3.<\/p>\n<p>La dependencia invit\u00f3 a la poblaci\u00f3n para que cualquier petici\u00f3n de ingreso a los campos militares se haga mediante los canales oficiales de comunicaci\u00f3n, conforme lo dispone el Art\u00edculo 8 constitucional, concluy\u00f3.<\/p>\n<p>Este jueves, el grupo de derechos humanos Article 19 denunci\u00f3 que el periodista\u00a0Humberto Padgett fue arrestado mientras realizaba una investigaci\u00f3n en inmediaciones de lo que ser\u00e1 el aeropuerto de Santa Luc\u00eda, en el municipio mexiquense de Tec\u00e1mac.<\/p>\n","protected":false},"excerpt":{"rendered":"<p>M\u00e9xico.- La Secretar\u00eda de la Defensa Nacional (Sedena) inform\u00f3 que fueron detenidas tres personas, entre ellas el periodista Humberto Padgett, en el interior del Campo Militar n\u00famero 37-D, Santa Luc\u00eda, Estado de M\u00e9xico, &#8220;al ser sorprendidas efectuando levantamiento de video sin la autorizaci\u00f3n correspondiente&#8221;. En un comunicado, la dependencia federal indic\u00f3 que los hechos ocurrieron [&hellip;]<\/p>\n","protected":false},"author":2,"featured_media":43649,"comment_status":"open","ping_status":"closed","sticky":false,"template":"","format":"standard","meta":{"footnotes":""},"categories":[30],"tags":[],"class_list":["post-43645","post","type-post","status-publish","format-standard","has-post-thumbnail","hentry","category-nacional"],"yoast_head":"<!-- This site is optimized with the Yoast SEO plugin v27.4 - https:\/\/yoast.com\/product\/yoast-seo-wordpress\/ -->\n<title>Periodista Humberto Padgett grab\u00f3 video sin permiso, asegura Sedena - Canal 7 SLP - 2019<\/title>\n<meta name=\"robots\" content=\"index, follow, max-snippet:-1, max-image-preview:large, max-video-preview:-1\" \/>\n<link rel=\"canonical\" href=\"https:\/\/canal7slp.tv\/2019\/periodista-humberto-padgett-grabo-video-sin-permiso-asegura-sedena\/\" \/>\n<meta property=\"og:locale\" content=\"es_ES\" \/>\n<meta property=\"og:type\" content=\"article\" \/>\n<meta property=\"og:title\" content=\"Periodista Humberto Padgett grab\u00f3 video sin permiso, asegura Sedena - Canal 7 SLP - 2019\" \/>\n<meta property=\"og:description\" content=\"M\u00e9xico.- La Secretar\u00eda de la Defensa Nacional (Sedena) inform\u00f3 que fueron detenidas tres personas, entre ellas el periodista Humberto Padgett, en el interior del Campo Militar n\u00famero 37-D, Santa Luc\u00eda, Estado de M\u00e9xico, &#8220;al ser sorprendidas efectuando levantamiento de video sin la autorizaci\u00f3n correspondiente&#8221;. En un comunicado, la dependencia federal indic\u00f3 que los hechos ocurrieron [&hellip;]\" \/>\n<meta property=\"og:url\" content=\"https:\/\/canal7slp.tv\/2019\/periodista-humberto-padgett-grabo-video-sin-permiso-asegura-sedena\/\" \/>\n<meta property=\"og:site_name\" content=\"Canal 7 SLP - 2019\" \/>\n<meta property=\"article:publisher\" content=\"https:\/\/www.facebook.com\/CANAL7SLP\/\" \/>\n<meta property=\"article:published_time\" content=\"2019-08-02T04:09:57+00:00\" \/>\n<meta property=\"og:image\" content=\"https:\/\/canal7slp.tv\/2019\/wp-content\/uploads\/2019\/08\/zz1-4.jpg\" \/>\n\t<meta property=\"og:image:width\" content=\"554\" \/>\n\t<meta property=\"og:image:height\" content=\"410\" \/>\n\t<meta property=\"og:image:type\" content=\"image\/jpeg\" \/>\n<meta name=\"author\" content=\"edicionweb\" \/>\n<meta name=\"twitter:card\" content=\"summary_large_image\" \/>\n<meta name=\"twitter:creator\" content=\"@canal7_slp\" \/>\n<meta name=\"twitter:site\" content=\"@canal7_slp\" \/>\n<meta name=\"twitter:label1\" content=\"Escrito por\" \/>\n\t<meta name=\"twitter:data1\" content=\"edicionweb\" \/>\n\t<meta name=\"twitter:label2\" content=\"Tiempo de lectura\" \/>\n\t<meta name=\"twitter:data2\" content=\"2 minutos\" \/>\n<script type=\"application\/ld+json\" class=\"yoast-schema-graph\">{\"@context\":\"https:\\\/\\\/schema.org\",\"@graph\":[{\"@type\":\"Article\",\"@id\":\"https:\\\/\\\/canal7slp.tv\\\/2019\\\/periodista-humberto-padgett-grabo-video-sin-permiso-asegura-sedena\\\/#article\",\"isPartOf\":{\"@id\":\"https:\\\/\\\/canal7slp.tv\\\/2019\\\/periodista-humberto-padgett-grabo-video-sin-permiso-asegura-sedena\\\/\"},\"author\":{\"name\":\"edicionweb\",\"@id\":\"https:\\\/\\\/canal7slp.tv\\\/2019\\\/#\\\/schema\\\/person\\\/11d941c1c6ca30ac0a46b95fa37aa2e3\"},\"headline\":\"Periodista Humberto Padgett grab\u00f3 video sin permiso, asegura Sedena\",\"datePublished\":\"2019-08-02T04:09:57+00:00\",\"mainEntityOfPage\":{\"@id\":\"https:\\\/\\\/canal7slp.tv\\\/2019\\\/periodista-humberto-padgett-grabo-video-sin-permiso-asegura-sedena\\\/\"},\"wordCount\":492,\"commentCount\":0,\"publisher\":{\"@id\":\"https:\\\/\\\/canal7slp.tv\\\/2019\\\/#organization\"},\"image\":{\"@id\":\"https:\\\/\\\/canal7slp.tv\\\/2019\\\/periodista-humberto-padgett-grabo-video-sin-permiso-asegura-sedena\\\/#primaryimage\"},\"thumbnailUrl\":\"https:\\\/\\\/canal7slp.tv\\\/2019\\\/wp-content\\\/uploads\\\/2019\\\/08\\\/zz1-4.jpg\",\"articleSection\":[\"NACIONAL\"],\"inLanguage\":\"es\",\"potentialAction\":[{\"@type\":\"CommentAction\",\"name\":\"Comment\",\"target\":[\"https:\\\/\\\/canal7slp.tv\\\/2019\\\/periodista-humberto-padgett-grabo-video-sin-permiso-asegura-sedena\\\/#respond\"]}]},{\"@type\":\"WebPage\",\"@id\":\"https:\\\/\\\/canal7slp.tv\\\/2019\\\/periodista-humberto-padgett-grabo-video-sin-permiso-asegura-sedena\\\/\",\"url\":\"https:\\\/\\\/canal7slp.tv\\\/2019\\\/periodista-humberto-padgett-grabo-video-sin-permiso-asegura-sedena\\\/\",\"name\":\"Periodista Humberto Padgett grab\u00f3 video sin permiso, asegura Sedena - Canal 7 SLP - 2019\",\"isPartOf\":{\"@id\":\"https:\\\/\\\/canal7slp.tv\\\/2019\\\/#website\"},\"primaryImageOfPage\":{\"@id\":\"https:\\\/\\\/canal7slp.tv\\\/2019\\\/periodista-humberto-padgett-grabo-video-sin-permiso-asegura-sedena\\\/#primaryimage\"},\"image\":{\"@id\":\"https:\\\/\\\/canal7slp.tv\\\/2019\\\/periodista-humberto-padgett-grabo-video-sin-permiso-asegura-sedena\\\/#primaryimage\"},\"thumbnailUrl\":\"https:\\\/\\\/canal7slp.tv\\\/2019\\\/wp-content\\\/uploads\\\/2019\\\/08\\\/zz1-4.jpg\",\"datePublished\":\"2019-08-02T04:09:57+00:00\",\"breadcrumb\":{\"@id\":\"https:\\\/\\\/canal7slp.tv\\\/2019\\\/periodista-humberto-padgett-grabo-video-sin-permiso-asegura-sedena\\\/#breadcrumb\"},\"inLanguage\":\"es\",\"potentialAction\":[{\"@type\":\"ReadAction\",\"target\":[\"https:\\\/\\\/canal7slp.tv\\\/2019\\\/periodista-humberto-padgett-grabo-video-sin-permiso-asegura-sedena\\\/\"]}]},{\"@type\":\"ImageObject\",\"inLanguage\":\"es\",\"@id\":\"https:\\\/\\\/canal7slp.tv\\\/2019\\\/periodista-humberto-padgett-grabo-video-sin-permiso-asegura-sedena\\\/#primaryimage\",\"url\":\"https:\\\/\\\/canal7slp.tv\\\/2019\\\/wp-content\\\/uploads\\\/2019\\\/08\\\/zz1-4.jpg\",\"contentUrl\":\"https:\\\/\\\/canal7slp.tv\\\/2019\\\/wp-content\\\/uploads\\\/2019\\\/08\\\/zz1-4.jpg\",\"width\":554,\"height\":410},{\"@type\":\"BreadcrumbList\",\"@id\":\"https:\\\/\\\/canal7slp.tv\\\/2019\\\/periodista-humberto-padgett-grabo-video-sin-permiso-asegura-sedena\\\/#breadcrumb\",\"itemListElement\":[{\"@type\":\"ListItem\",\"position\":1,\"name\":\"Home\",\"item\":\"https:\\\/\\\/canal7slp.tv\\\/2019\\\/\"},{\"@type\":\"ListItem\",\"position\":2,\"name\":\"Periodista Humberto Padgett grab\u00f3 video sin permiso, asegura Sedena\"}]},{\"@type\":\"WebSite\",\"@id\":\"https:\\\/\\\/canal7slp.tv\\\/2019\\\/#website\",\"url\":\"https:\\\/\\\/canal7slp.tv\\\/2019\\\/\",\"name\":\"Canal 7 SLP - Somos TV\",\"description\":\"Somos un Canal de 10\",\"publisher\":{\"@id\":\"https:\\\/\\\/canal7slp.tv\\\/2019\\\/#organization\"},\"potentialAction\":[{\"@type\":\"SearchAction\",\"target\":{\"@type\":\"EntryPoint\",\"urlTemplate\":\"https:\\\/\\\/canal7slp.tv\\\/2019\\\/?s={search_term_string}\"},\"query-input\":{\"@type\":\"PropertyValueSpecification\",\"valueRequired\":true,\"valueName\":\"search_term_string\"}}],\"inLanguage\":\"es\"},{\"@type\":\"Organization\",\"@id\":\"https:\\\/\\\/canal7slp.tv\\\/2019\\\/#organization\",\"name\":\"Comunicaci\u00f3n 2000 S.A. de C.V.\",\"url\":\"https:\\\/\\\/canal7slp.tv\\\/2019\\\/\",\"logo\":{\"@type\":\"ImageObject\",\"inLanguage\":\"es\",\"@id\":\"https:\\\/\\\/canal7slp.tv\\\/2019\\\/#\\\/schema\\\/logo\\\/image\\\/\",\"url\":\"https:\\\/\\\/canal7slp.tv\\\/2019\\\/wp-content\\\/uploads\\\/2019\\\/07\\\/logo-c7.png\",\"contentUrl\":\"https:\\\/\\\/canal7slp.tv\\\/2019\\\/wp-content\\\/uploads\\\/2019\\\/07\\\/logo-c7.png\",\"width\":220,\"height\":60,\"caption\":\"Comunicaci\u00f3n 2000 S.A. de C.V.\"},\"image\":{\"@id\":\"https:\\\/\\\/canal7slp.tv\\\/2019\\\/#\\\/schema\\\/logo\\\/image\\\/\"},\"sameAs\":[\"https:\\\/\\\/www.facebook.com\\\/CANAL7SLP\\\/\",\"https:\\\/\\\/x.com\\\/canal7_slp\",\"https:\\\/\\\/www.instagram.com\\\/canal7_slp\",\"https:\\\/\\\/www.youtube.com\\\/user\\\/NOTICIEROSCANAL7SLP\\\/\"]},{\"@type\":\"Person\",\"@id\":\"https:\\\/\\\/canal7slp.tv\\\/2019\\\/#\\\/schema\\\/person\\\/11d941c1c6ca30ac0a46b95fa37aa2e3\",\"name\":\"edicionweb\",\"image\":{\"@type\":\"ImageObject\",\"inLanguage\":\"es\",\"@id\":\"https:\\\/\\\/secure.gravatar.com\\\/avatar\\\/eee448fc3f7164808013b816ba91ac7e43bbe82a70bebac296f8bc6f0addaa1a?s=96&d=mm&r=g\",\"url\":\"https:\\\/\\\/secure.gravatar.com\\\/avatar\\\/eee448fc3f7164808013b816ba91ac7e43bbe82a70bebac296f8bc6f0addaa1a?s=96&d=mm&r=g\",\"contentUrl\":\"https:\\\/\\\/secure.gravatar.com\\\/avatar\\\/eee448fc3f7164808013b816ba91ac7e43bbe82a70bebac296f8bc6f0addaa1a?s=96&d=mm&r=g\",\"caption\":\"edicionweb\"}}]}<\/script>\n<!-- \/ Yoast SEO plugin. -->","yoast_head_json":{"title":"Periodista Humberto Padgett grab\u00f3 video sin permiso, asegura Sedena - Canal 7 SLP - 2019","robots":{"index":"index","follow":"follow","max-snippet":"max-snippet:-1","max-image-preview":"max-image-preview:large","max-video-preview":"max-video-preview:-1"},"canonical":"https:\/\/canal7slp.tv\/2019\/periodista-humberto-padgett-grabo-video-sin-permiso-asegura-sedena\/","og_locale":"es_ES","og_type":"article","og_title":"Periodista Humberto Padgett grab\u00f3 video sin permiso, asegura Sedena - Canal 7 SLP - 2019","og_description":"M\u00e9xico.- La Secretar\u00eda de la Defensa Nacional (Sedena) inform\u00f3 que fueron detenidas tres personas, entre ellas el periodista Humberto Padgett, en el interior del Campo Militar n\u00famero 37-D, Santa Luc\u00eda, Estado de M\u00e9xico, &#8220;al ser sorprendidas efectuando levantamiento de video sin la autorizaci\u00f3n correspondiente&#8221;. En un comunicado, la dependencia federal indic\u00f3 que los hechos ocurrieron [&hellip;]","og_url":"https:\/\/canal7slp.tv\/2019\/periodista-humberto-padgett-grabo-video-sin-permiso-asegura-sedena\/","og_site_name":"Canal 7 SLP - 2019","article_publisher":"https:\/\/www.facebook.com\/CANAL7SLP\/","article_published_time":"2019-08-02T04:09:57+00:00","og_image":[{"width":554,"height":410,"url":"https:\/\/canal7slp.tv\/2019\/wp-content\/uploads\/2019\/08\/zz1-4.jpg","type":"image\/jpeg"}],"author":"edicionweb","twitter_card":"summary_large_image","twitter_creator":"@canal7_slp","twitter_site":"@canal7_slp","twitter_misc":{"Escrito por":"edicionweb","Tiempo de lectura":"2 minutos"},"schema":{"@context":"https:\/\/schema.org","@graph":[{"@type":"Article","@id":"https:\/\/canal7slp.tv\/2019\/periodista-humberto-padgett-grabo-video-sin-permiso-asegura-sedena\/#article","isPartOf":{"@id":"https:\/\/canal7slp.tv\/2019\/periodista-humberto-padgett-grabo-video-sin-permiso-asegura-sedena\/"},"author":{"name":"edicionweb","@id":"https:\/\/canal7slp.tv\/2019\/#\/schema\/person\/11d941c1c6ca30ac0a46b95fa37aa2e3"},"headline":"Periodista Humberto Padgett grab\u00f3 video sin permiso, asegura Sedena","datePublished":"2019-08-02T04:09:57+00:00","mainEntityOfPage":{"@id":"https:\/\/canal7slp.tv\/2019\/periodista-humberto-padgett-grabo-video-sin-permiso-asegura-sedena\/"},"wordCount":492,"commentCount":0,"publisher":{"@id":"https:\/\/canal7slp.tv\/2019\/#organization"},"image":{"@id":"https:\/\/canal7slp.tv\/2019\/periodista-humberto-padgett-grabo-video-sin-permiso-asegura-sedena\/#primaryimage"},"thumbnailUrl":"https:\/\/canal7slp.tv\/2019\/wp-content\/uploads\/2019\/08\/zz1-4.jpg","articleSection":["NACIONAL"],"inLanguage":"es","potentialAction":[{"@type":"CommentAction","name":"Comment","target":["https:\/\/canal7slp.tv\/2019\/periodista-humberto-padgett-grabo-video-sin-permiso-asegura-sedena\/#respond"]}]},{"@type":"WebPage","@id":"https:\/\/canal7slp.tv\/2019\/periodista-humberto-padgett-grabo-video-sin-permiso-asegura-sedena\/","url":"https:\/\/canal7slp.tv\/2019\/periodista-humberto-padgett-grabo-video-sin-permiso-asegura-sedena\/","name":"Periodista Humberto Padgett grab\u00f3 video sin permiso, asegura Sedena - Canal 7 SLP - 2019","isPartOf":{"@id":"https:\/\/canal7slp.tv\/2019\/#website"},"primaryImageOfPage":{"@id":"https:\/\/canal7slp.tv\/2019\/periodista-humberto-padgett-grabo-video-sin-permiso-asegura-sedena\/#primaryimage"},"image":{"@id":"https:\/\/canal7slp.tv\/2019\/periodista-humberto-padgett-grabo-video-sin-permiso-asegura-sedena\/#primaryimage"},"thumbnailUrl":"https:\/\/canal7slp.tv\/2019\/wp-content\/uploads\/2019\/08\/zz1-4.jpg","datePublished":"2019-08-02T04:09:57+00:00","breadcrumb":{"@id":"https:\/\/canal7slp.tv\/2019\/periodista-humberto-padgett-grabo-video-sin-permiso-asegura-sedena\/#breadcrumb"},"inLanguage":"es","potentialAction":[{"@type":"ReadAction","target":["https:\/\/canal7slp.tv\/2019\/periodista-humberto-padgett-grabo-video-sin-permiso-asegura-sedena\/"]}]},{"@type":"ImageObject","inLanguage":"es","@id":"https:\/\/canal7slp.tv\/2019\/periodista-humberto-padgett-grabo-video-sin-permiso-asegura-sedena\/#primaryimage","url":"https:\/\/canal7slp.tv\/2019\/wp-content\/uploads\/2019\/08\/zz1-4.jpg","contentUrl":"https:\/\/canal7slp.tv\/2019\/wp-content\/uploads\/2019\/08\/zz1-4.jpg","width":554,"height":410},{"@type":"BreadcrumbList","@id":"https:\/\/canal7slp.tv\/2019\/periodista-humberto-padgett-grabo-video-sin-permiso-asegura-sedena\/#breadcrumb","itemListElement":[{"@type":"ListItem","position":1,"name":"Home","item":"https:\/\/canal7slp.tv\/2019\/"},{"@type":"ListItem","position":2,"name":"Periodista Humberto Padgett grab\u00f3 video sin permiso, asegura Sedena"}]},{"@type":"WebSite","@id":"https:\/\/canal7slp.tv\/2019\/#website","url":"https:\/\/canal7slp.tv\/2019\/","name":"Canal 7 SLP - Somos TV","description":"Somos un Canal de 10","publisher":{"@id":"https:\/\/canal7slp.tv\/2019\/#organization"},"potentialAction":[{"@type":"SearchAction","target":{"@type":"EntryPoint","urlTemplate":"https:\/\/canal7slp.tv\/2019\/?s={search_term_string}"},"query-input":{"@type":"PropertyValueSpecification","valueRequired":true,"valueName":"search_term_string"}}],"inLanguage":"es"},{"@type":"Organization","@id":"https:\/\/canal7slp.tv\/2019\/#organization","name":"Comunicaci\u00f3n 2000 S.A. de C.V.","url":"https:\/\/canal7slp.tv\/2019\/","logo":{"@type":"ImageObject","inLanguage":"es","@id":"https:\/\/canal7slp.tv\/2019\/#\/schema\/logo\/image\/","url":"https:\/\/canal7slp.tv\/2019\/wp-content\/uploads\/2019\/07\/logo-c7.png","contentUrl":"https:\/\/canal7slp.tv\/2019\/wp-content\/uploads\/2019\/07\/logo-c7.png","width":220,"height":60,"caption":"Comunicaci\u00f3n 2000 S.A. de C.V."},"image":{"@id":"https:\/\/canal7slp.tv\/2019\/#\/schema\/logo\/image\/"},"sameAs":["https:\/\/www.facebook.com\/CANAL7SLP\/","https:\/\/x.com\/canal7_slp","https:\/\/www.instagram.com\/canal7_slp","https:\/\/www.youtube.com\/user\/NOTICIEROSCANAL7SLP\/"]},{"@type":"Person","@id":"https:\/\/canal7slp.tv\/2019\/#\/schema\/person\/11d941c1c6ca30ac0a46b95fa37aa2e3","name":"edicionweb","image":{"@type":"ImageObject","inLanguage":"es","@id":"https:\/\/secure.gravatar.com\/avatar\/eee448fc3f7164808013b816ba91ac7e43bbe82a70bebac296f8bc6f0addaa1a?s=96&d=mm&r=g","url":"https:\/\/secure.gravatar.com\/avatar\/eee448fc3f7164808013b816ba91ac7e43bbe82a70bebac296f8bc6f0addaa1a?s=96&d=mm&r=g","contentUrl":"https:\/\/secure.gravatar.com\/avatar\/eee448fc3f7164808013b816ba91ac7e43bbe82a70bebac296f8bc6f0addaa1a?s=96&d=mm&r=g","caption":"edicionweb"}}]}},"amp_enabled":true,"cmb2":{"video_ids_in_playlist":{"vid_p_videos":""},"video_ids_in_channel":{"vid_c_videos":""},"playlist_ids_in_channel":{"vid_c_playlists":""},"series_ids_in_channel":{"vid_c_series":""},"channel_images":{"vid_c_logo":"","vid_c_banner":""},"poster_feature_image":{"vid_m_poster_image":""},"gif_feature_image":{"vid_m_gif_image":""},"video_movie_settings":{"vid_m_director":"","vid_m_actor":"","vid_m_imdb_ratings":"","vid_m_amazon_associates":""},"vid_youtube_broadcasts_settings":{"vid_yb_broadcast_title":"","vid_yb_q":"","vid_yb_channelid":"","vid_yb_videocategoryid":"","vid_yb_maxresults":"","vid_yb_order":"","vid_yb_regioncode":"","vid_yb_videosyndicated":"","vid_yb_style":"","vid_yb_reload_first":""},"video_series_settings":{"vid_m_director":"","vid_m_actor":"","vid_m_imdb_ratings":"","video_series_group":""},"amazon_associates_settings":{"amazon_associates":"","amazon_native_ad":""},"vid_youtube_automatic_settings":{"vid_ya_youtube_source":"","vid_ya_update_every":"","vid_ya_update_unit":"","vid_ya_categories":"","vid_ya_published_after":"","vid_ya_published_before":"","vid_ya_playlists":"","vid_ya_channels":"","vid_ya_director":"","vid_ya_actor":"","vid_ya_author":"","vid_ya_import_post_date":"","vid_ya_status":"","vid_ya_sub_api_key":""},"vid_ads_m_videoads_settings_post":{"vid_ads_m_video_ads":"","vid_ads_m_video_ads_type":"","vid_ads_m_group_google_ima":"","vid_ads_m_group_image":"","vid_ads_m_group_html5_video":"","vid_ads_m_group_html":"","vid_ads_m_vast_preroll":"","vid_ads_m_vast_postroll":"","vid_ads_m_vast_pauseroll":"","vid_ads_m_vast_midroll":[{"vid_ads_m_vast_timer_seconds":"50"}],"vid_ads_m_time_to_show_ads":"","vid_ads_m_time_skip_ads":"","vid_ads_m_time_to_hide_ads":""},"page_slider_settings":{"display_slider_group":"","page_slider_group":""},"blog_page_settings":{"blog_page_title":"","blog_page_heading":"","blog_page_ic":"","blog_page_it":"","blog_page_ec":"","blog_page_ip":"","archive_loop_style":"","blog_image_ratio":"","blog_show_categories":"","blog_show_excerpt":"","blog_show_author":"","blog_show_date":"","blog_show_comment_count":"","blog_show_view_count":"","blog_show_like_count":"","blog_show_dislike_count":"","blog_items_per_page":"","blog_pag_type":""},"page_options":{"get_page_template":"","color_mode":"","main_layout":"","main_layout_full_with":"","main_logo":"","main_logo_retina":"","main_logo_mobile":"","main_logo_mobile_retina":"","sticky_logo":"","sticky_logo_retina":"","main_nav_layout":"","ajax_search":"","header_background":"","theme_sidebar":"","instagram_feed":"","instagram_feed_position":"","popular_videos":"","popular_videos_title_1":"","popular_videos_title_2":"","popular_videos_ic":"","popular_videos_it":"","theme_background":"","page_custom_css":""},"feature_image_settings":{"feature_image_position":""},"video_player_settings":{"single_video_style":"","video_player_position":"","vm_video_url":"","video_player_library":"","video_streaming":"","vm_media_sources":"","vid_auto_play":"","vm_video_shortcode":"","vid_p_sync_playlist":"","vid_c_sync_channel":"","get_post_format":"","multiple_links_structure":"default","multi_links_title":"","vm_video_multi_links":"","vm_duration":"","vid_social_locker":"off","vid_social_locker_id":"","vid_membership_action":"content-video","vm_video_trailer_url":"","vid_download_type":"free","vid_download_target":"download","vid_woo_product":"","vm_media_download":"","user_rating":"","user_rating_position":"","user_rating_mode":"","user_rating_multi_sets":""},"video_auto_fetch_settings":{"vm_video_fetch":"on"},"video_fake_views_likes":{"vm_fake_views":"","vm_fake_likes":"","vm_fake_dislikes":""},"gallery_settings":{"gallery_position":""},"quote_settings":{"quote_position":""},"post_options":{"main_layout":"","main_logo":"","main_logo_retina":"","main_logo_mobile":"","main_logo_mobile_retina":"","sticky_logo":"","sticky_logo_retina":"","main_nav_layout":"","header_background":"","theme_sidebar":"","single_post_comment_type":"","theme_background":""}},"_links":{"self":[{"href":"https:\/\/canal7slp.tv\/2019\/wp-json\/wp\/v2\/posts\/43645","targetHints":{"allow":["GET"]}}],"collection":[{"href":"https:\/\/canal7slp.tv\/2019\/wp-json\/wp\/v2\/posts"}],"about":[{"href":"https:\/\/canal7slp.tv\/2019\/wp-json\/wp\/v2\/types\/post"}],"author":[{"embeddable":true,"href":"https:\/\/canal7slp.tv\/2019\/wp-json\/wp\/v2\/users\/2"}],"replies":[{"embeddable":true,"href":"https:\/\/canal7slp.tv\/2019\/wp-json\/wp\/v2\/comments?post=43645"}],"version-history":[{"count":0,"href":"https:\/\/canal7slp.tv\/2019\/wp-json\/wp\/v2\/posts\/43645\/revisions"}],"wp:featuredmedia":[{"embeddable":true,"href":"https:\/\/canal7slp.tv\/2019\/wp-json\/wp\/v2\/media\/43649"}],"wp:attachment":[{"href":"https:\/\/canal7slp.tv\/2019\/wp-json\/wp\/v2\/media?parent=43645"}],"wp:term":[{"taxonomy":"category","embeddable":true,"href":"https:\/\/canal7slp.tv\/2019\/wp-json\/wp\/v2\/categories?post=43645"},{"taxonomy":"post_tag","embeddable":true,"href":"https:\/\/canal7slp.tv\/2019\/wp-json\/wp\/v2\/tags?post=43645"}],"curies":[{"name":"wp","href":"https:\/\/api.w.org\/{rel}","templated":true}]}}