{"id":43628,"date":"2019-08-01T19:58:12","date_gmt":"2019-08-02T00:58:12","guid":{"rendered":"https:\/\/canal7slp.tv\/2019\/?p=43628"},"modified":"2019-08-01T19:58:12","modified_gmt":"2019-08-02T00:58:12","slug":"esper-sulaiman-se-reune-con-lideres-del-segmento-de-la-industria-del-turismo","status":"publish","type":"post","link":"https:\/\/canal7slp.tv\/2019\/esper-sulaiman-se-reune-con-lideres-del-segmento-de-la-industria-del-turismo\/","title":{"rendered":"Esper Sulaim\u00e1n se re\u00fane con l\u00edderes del segmento de la industria del turismo"},"content":{"rendered":"<p style=\"text-align: justify;\">Ciudad de M\u00e9xico. &#8211; El Secretario de Turismo, Arturo Esper Sulaim\u00e1n sostuvo un encuentro con l\u00edderes del segmento de la industria del turismo de reuniones, encabezados por Rodolfo Macedo, Director General de MBTA, la Asociaci\u00f3n Mexicana de Gestores de Viajes, para fortalecer la promoci\u00f3n de la capital potosina como un destino atractivo para grupos y convenciones.<\/p>\n<p style=\"text-align: justify;\">Durante estas reuniones de trabajo, el prop\u00f3sito es fortalecer el v\u00ednculo entre los travel managers y metting planners corporativos, as\u00ed como con los diferentes proveedores de la industria de reuniones.<\/p>\n<p style=\"text-align: justify;\">La agenda de trabajo tambi\u00e9n incluy\u00f3 una reuni\u00f3n con Tony G\u00e1mez, presidente de ATR, la Asociaci\u00f3n Nacional de Turismo de Reuniones, con quien se habl\u00f3 acerca del impulso al desarrollo integral de este sector, para buscar resultados importantes en atracci\u00f3n de congresos, as\u00ed como de la realizaci\u00f3n de expos especializadas que impacten de manera positiva en el n\u00famero de pasajeros a\u00e9reos; y en Producto Interno Bruto (PIB) de hospedaje, alimentos y bebidas, es decir en habitaciones disponibles y ocupadas.<\/p>\n<p style=\"text-align: justify;\">Adem\u00e1s, se llev\u00f3 a cabo una reuni\u00f3n con Michel Wohlmuth, presidente de MPI Cap\u00edtulo M\u00e9xico, donde el Secretario de Turismo se\u00f1al\u00f3 que Meeting Professionals International (MPI) es la asociaci\u00f3n m\u00e1s grande de la industria de reuniones y eventos a nivel mundial, con ellos se busca iniciar una estrategia que apoye la profesionalizaci\u00f3n del segmento de grupos y convenciones, incentivos y ferias, para impulsar la tarea de captaci\u00f3n de congresos y convenciones internacionales a nuestro destino.<\/p>\n<p style=\"text-align: justify;\">Finalmente, la agenda de trabajo incluy\u00f3 una reuni\u00f3n con Erick \u00c1lvarez, Presidente de AMDEMAC, y la asociaci\u00f3n mexicana de Destination Management Companies (DMC) que representan a los mejores proveedores del pa\u00eds.<\/p>\n<p style=\"text-align: justify;\">Esper Sulaim\u00e1n destac\u00f3 la buena relaci\u00f3n que se tiene con los l\u00edderes del turismo de reuniones con quienes se establecieron alianzas, se definieron planes de trabajo para incrementar la visita de grupos, asimismo, tambi\u00e9n impulsar la percepci\u00f3n de San Luis Potos\u00ed como un destino fuerte en el tema, y finalmente afinar estrategias para volverse un destino atractivo para grupos y convenciones fuerte y con liderazgo en el Centro-Baj\u00edo del pa\u00eds.<\/p>\n<p style=\"text-align: justify;\">Todo esto de la mano de las c\u00e1maras empresariales del sector restaurantero, hotelero, de la Oficina de Congresos y Convenciones, con quienes se tienen excelentes relaciones de trabajo, as\u00ed como de los diferentes recintos que se tienen como opciones para la industria del turismo de reuniones y toda la cadena de proveedur\u00eda que satisfaga las necesidades del tema, con el fin de convertir a San Luis Potos\u00ed un fuerte competidor en la atracci\u00f3n de eventos.<\/p>\n<p style=\"text-align: justify;\">\u201cLas reuniones de trabajo continuar\u00e1n de manera muy intensa e incluyen visitas de inspecci\u00f3n, las propuestas y candidaturas para eventos fuertes, de calidad, la implementaci\u00f3n de foros de estrategia tur\u00edstica, los viajes de familiarizaci\u00f3n, entre otras muchas acciones\u201d, concluy\u00f3 Esper Sulaim\u00e1n.<\/p>\n","protected":false},"excerpt":{"rendered":"<p>Ciudad de M\u00e9xico. &#8211; El Secretario de Turismo, Arturo Esper Sulaim\u00e1n sostuvo un encuentro con l\u00edderes del segmento de la industria del turismo de reuniones, encabezados por Rodolfo Macedo, Director General de MBTA, la Asociaci\u00f3n Mexicana de Gestores de Viajes, para fortalecer la promoci\u00f3n de la capital potosina como un destino atractivo para grupos y [&hellip;]<\/p>\n","protected":false},"author":2,"featured_media":43642,"comment_status":"open","ping_status":"closed","sticky":false,"template":"","format":"standard","meta":{"footnotes":""},"categories":[17],"tags":[111],"class_list":["post-43628","post","type-post","status-publish","format-standard","has-post-thumbnail","hentry","category-localesyregionales","tag-gobierno-slp"],"yoast_head":"<!-- This site is optimized with the Yoast SEO plugin v27.4 - https:\/\/yoast.com\/product\/yoast-seo-wordpress\/ -->\n<title>Esper Sulaim\u00e1n se re\u00fane con l\u00edderes del segmento de la industria del turismo - Canal 7 SLP - 2019<\/title>\n<meta name=\"robots\" content=\"index, follow, max-snippet:-1, max-image-preview:large, max-video-preview:-1\" \/>\n<link rel=\"canonical\" href=\"https:\/\/canal7slp.tv\/2019\/esper-sulaiman-se-reune-con-lideres-del-segmento-de-la-industria-del-turismo\/\" \/>\n<meta property=\"og:locale\" content=\"es_ES\" \/>\n<meta property=\"og:type\" content=\"article\" \/>\n<meta property=\"og:title\" content=\"Esper Sulaim\u00e1n se re\u00fane con l\u00edderes del segmento de la industria del turismo - Canal 7 SLP - 2019\" \/>\n<meta property=\"og:description\" content=\"Ciudad de M\u00e9xico. &#8211; El Secretario de Turismo, Arturo Esper Sulaim\u00e1n sostuvo un encuentro con l\u00edderes del segmento de la industria del turismo de reuniones, encabezados por Rodolfo Macedo, Director General de MBTA, la Asociaci\u00f3n Mexicana de Gestores de Viajes, para fortalecer la promoci\u00f3n de la capital potosina como un destino atractivo para grupos y [&hellip;]\" \/>\n<meta property=\"og:url\" content=\"https:\/\/canal7slp.tv\/2019\/esper-sulaiman-se-reune-con-lideres-del-segmento-de-la-industria-del-turismo\/\" \/>\n<meta property=\"og:site_name\" content=\"Canal 7 SLP - 2019\" \/>\n<meta property=\"article:publisher\" content=\"https:\/\/www.facebook.com\/CANAL7SLP\/\" \/>\n<meta property=\"article:published_time\" content=\"2019-08-02T00:58:12+00:00\" \/>\n<meta property=\"og:image\" content=\"https:\/\/canal7slp.tv\/2019\/wp-content\/uploads\/2019\/08\/g3.jpg\" \/>\n\t<meta property=\"og:image:width\" content=\"613\" \/>\n\t<meta property=\"og:image:height\" content=\"410\" \/>\n\t<meta property=\"og:image:type\" content=\"image\/jpeg\" \/>\n<meta name=\"author\" content=\"edicionweb\" \/>\n<meta name=\"twitter:card\" content=\"summary_large_image\" \/>\n<meta name=\"twitter:creator\" content=\"@canal7_slp\" \/>\n<meta name=\"twitter:site\" content=\"@canal7_slp\" \/>\n<meta name=\"twitter:label1\" content=\"Escrito por\" \/>\n\t<meta name=\"twitter:data1\" content=\"edicionweb\" \/>\n\t<meta name=\"twitter:label2\" content=\"Tiempo de lectura\" \/>\n\t<meta name=\"twitter:data2\" content=\"3 minutos\" \/>\n<script type=\"application\/ld+json\" class=\"yoast-schema-graph\">{\"@context\":\"https:\\\/\\\/schema.org\",\"@graph\":[{\"@type\":\"Article\",\"@id\":\"https:\\\/\\\/canal7slp.tv\\\/2019\\\/esper-sulaiman-se-reune-con-lideres-del-segmento-de-la-industria-del-turismo\\\/#article\",\"isPartOf\":{\"@id\":\"https:\\\/\\\/canal7slp.tv\\\/2019\\\/esper-sulaiman-se-reune-con-lideres-del-segmento-de-la-industria-del-turismo\\\/\"},\"author\":{\"name\":\"edicionweb\",\"@id\":\"https:\\\/\\\/canal7slp.tv\\\/2019\\\/#\\\/schema\\\/person\\\/11d941c1c6ca30ac0a46b95fa37aa2e3\"},\"headline\":\"Esper Sulaim\u00e1n se re\u00fane con l\u00edderes del segmento de la industria del turismo\",\"datePublished\":\"2019-08-02T00:58:12+00:00\",\"mainEntityOfPage\":{\"@id\":\"https:\\\/\\\/canal7slp.tv\\\/2019\\\/esper-sulaiman-se-reune-con-lideres-del-segmento-de-la-industria-del-turismo\\\/\"},\"wordCount\":516,\"commentCount\":0,\"publisher\":{\"@id\":\"https:\\\/\\\/canal7slp.tv\\\/2019\\\/#organization\"},\"image\":{\"@id\":\"https:\\\/\\\/canal7slp.tv\\\/2019\\\/esper-sulaiman-se-reune-con-lideres-del-segmento-de-la-industria-del-turismo\\\/#primaryimage\"},\"thumbnailUrl\":\"https:\\\/\\\/canal7slp.tv\\\/2019\\\/wp-content\\\/uploads\\\/2019\\\/08\\\/g3.jpg\",\"keywords\":[\"Gobierno SLP\"],\"articleSection\":[\"LOCALES Y REGIONALES\"],\"inLanguage\":\"es\",\"potentialAction\":[{\"@type\":\"CommentAction\",\"name\":\"Comment\",\"target\":[\"https:\\\/\\\/canal7slp.tv\\\/2019\\\/esper-sulaiman-se-reune-con-lideres-del-segmento-de-la-industria-del-turismo\\\/#respond\"]}]},{\"@type\":\"WebPage\",\"@id\":\"https:\\\/\\\/canal7slp.tv\\\/2019\\\/esper-sulaiman-se-reune-con-lideres-del-segmento-de-la-industria-del-turismo\\\/\",\"url\":\"https:\\\/\\\/canal7slp.tv\\\/2019\\\/esper-sulaiman-se-reune-con-lideres-del-segmento-de-la-industria-del-turismo\\\/\",\"name\":\"Esper Sulaim\u00e1n se re\u00fane con l\u00edderes del segmento de la industria del turismo - Canal 7 SLP - 2019\",\"isPartOf\":{\"@id\":\"https:\\\/\\\/canal7slp.tv\\\/2019\\\/#website\"},\"primaryImageOfPage\":{\"@id\":\"https:\\\/\\\/canal7slp.tv\\\/2019\\\/esper-sulaiman-se-reune-con-lideres-del-segmento-de-la-industria-del-turismo\\\/#primaryimage\"},\"image\":{\"@id\":\"https:\\\/\\\/canal7slp.tv\\\/2019\\\/esper-sulaiman-se-reune-con-lideres-del-segmento-de-la-industria-del-turismo\\\/#primaryimage\"},\"thumbnailUrl\":\"https:\\\/\\\/canal7slp.tv\\\/2019\\\/wp-content\\\/uploads\\\/2019\\\/08\\\/g3.jpg\",\"datePublished\":\"2019-08-02T00:58:12+00:00\",\"breadcrumb\":{\"@id\":\"https:\\\/\\\/canal7slp.tv\\\/2019\\\/esper-sulaiman-se-reune-con-lideres-del-segmento-de-la-industria-del-turismo\\\/#breadcrumb\"},\"inLanguage\":\"es\",\"potentialAction\":[{\"@type\":\"ReadAction\",\"target\":[\"https:\\\/\\\/canal7slp.tv\\\/2019\\\/esper-sulaiman-se-reune-con-lideres-del-segmento-de-la-industria-del-turismo\\\/\"]}]},{\"@type\":\"ImageObject\",\"inLanguage\":\"es\",\"@id\":\"https:\\\/\\\/canal7slp.tv\\\/2019\\\/esper-sulaiman-se-reune-con-lideres-del-segmento-de-la-industria-del-turismo\\\/#primaryimage\",\"url\":\"https:\\\/\\\/canal7slp.tv\\\/2019\\\/wp-content\\\/uploads\\\/2019\\\/08\\\/g3.jpg\",\"contentUrl\":\"https:\\\/\\\/canal7slp.tv\\\/2019\\\/wp-content\\\/uploads\\\/2019\\\/08\\\/g3.jpg\",\"width\":613,\"height\":410},{\"@type\":\"BreadcrumbList\",\"@id\":\"https:\\\/\\\/canal7slp.tv\\\/2019\\\/esper-sulaiman-se-reune-con-lideres-del-segmento-de-la-industria-del-turismo\\\/#breadcrumb\",\"itemListElement\":[{\"@type\":\"ListItem\",\"position\":1,\"name\":\"Home\",\"item\":\"https:\\\/\\\/canal7slp.tv\\\/2019\\\/\"},{\"@type\":\"ListItem\",\"position\":2,\"name\":\"Esper Sulaim\u00e1n se re\u00fane con l\u00edderes del segmento de la industria del turismo\"}]},{\"@type\":\"WebSite\",\"@id\":\"https:\\\/\\\/canal7slp.tv\\\/2019\\\/#website\",\"url\":\"https:\\\/\\\/canal7slp.tv\\\/2019\\\/\",\"name\":\"Canal 7 SLP - Somos TV\",\"description\":\"Somos un Canal de 10\",\"publisher\":{\"@id\":\"https:\\\/\\\/canal7slp.tv\\\/2019\\\/#organization\"},\"potentialAction\":[{\"@type\":\"SearchAction\",\"target\":{\"@type\":\"EntryPoint\",\"urlTemplate\":\"https:\\\/\\\/canal7slp.tv\\\/2019\\\/?s={search_term_string}\"},\"query-input\":{\"@type\":\"PropertyValueSpecification\",\"valueRequired\":true,\"valueName\":\"search_term_string\"}}],\"inLanguage\":\"es\"},{\"@type\":\"Organization\",\"@id\":\"https:\\\/\\\/canal7slp.tv\\\/2019\\\/#organization\",\"name\":\"Comunicaci\u00f3n 2000 S.A. de C.V.\",\"url\":\"https:\\\/\\\/canal7slp.tv\\\/2019\\\/\",\"logo\":{\"@type\":\"ImageObject\",\"inLanguage\":\"es\",\"@id\":\"https:\\\/\\\/canal7slp.tv\\\/2019\\\/#\\\/schema\\\/logo\\\/image\\\/\",\"url\":\"https:\\\/\\\/canal7slp.tv\\\/2019\\\/wp-content\\\/uploads\\\/2019\\\/07\\\/logo-c7.png\",\"contentUrl\":\"https:\\\/\\\/canal7slp.tv\\\/2019\\\/wp-content\\\/uploads\\\/2019\\\/07\\\/logo-c7.png\",\"width\":220,\"height\":60,\"caption\":\"Comunicaci\u00f3n 2000 S.A. de C.V.\"},\"image\":{\"@id\":\"https:\\\/\\\/canal7slp.tv\\\/2019\\\/#\\\/schema\\\/logo\\\/image\\\/\"},\"sameAs\":[\"https:\\\/\\\/www.facebook.com\\\/CANAL7SLP\\\/\",\"https:\\\/\\\/x.com\\\/canal7_slp\",\"https:\\\/\\\/www.instagram.com\\\/canal7_slp\",\"https:\\\/\\\/www.youtube.com\\\/user\\\/NOTICIEROSCANAL7SLP\\\/\"]},{\"@type\":\"Person\",\"@id\":\"https:\\\/\\\/canal7slp.tv\\\/2019\\\/#\\\/schema\\\/person\\\/11d941c1c6ca30ac0a46b95fa37aa2e3\",\"name\":\"edicionweb\",\"image\":{\"@type\":\"ImageObject\",\"inLanguage\":\"es\",\"@id\":\"https:\\\/\\\/secure.gravatar.com\\\/avatar\\\/eee448fc3f7164808013b816ba91ac7e43bbe82a70bebac296f8bc6f0addaa1a?s=96&d=mm&r=g\",\"url\":\"https:\\\/\\\/secure.gravatar.com\\\/avatar\\\/eee448fc3f7164808013b816ba91ac7e43bbe82a70bebac296f8bc6f0addaa1a?s=96&d=mm&r=g\",\"contentUrl\":\"https:\\\/\\\/secure.gravatar.com\\\/avatar\\\/eee448fc3f7164808013b816ba91ac7e43bbe82a70bebac296f8bc6f0addaa1a?s=96&d=mm&r=g\",\"caption\":\"edicionweb\"}}]}<\/script>\n<!-- \/ Yoast SEO plugin. -->","yoast_head_json":{"title":"Esper Sulaim\u00e1n se re\u00fane con l\u00edderes del segmento de la industria del turismo - Canal 7 SLP - 2019","robots":{"index":"index","follow":"follow","max-snippet":"max-snippet:-1","max-image-preview":"max-image-preview:large","max-video-preview":"max-video-preview:-1"},"canonical":"https:\/\/canal7slp.tv\/2019\/esper-sulaiman-se-reune-con-lideres-del-segmento-de-la-industria-del-turismo\/","og_locale":"es_ES","og_type":"article","og_title":"Esper Sulaim\u00e1n se re\u00fane con l\u00edderes del segmento de la industria del turismo - Canal 7 SLP - 2019","og_description":"Ciudad de M\u00e9xico. &#8211; El Secretario de Turismo, Arturo Esper Sulaim\u00e1n sostuvo un encuentro con l\u00edderes del segmento de la industria del turismo de reuniones, encabezados por Rodolfo Macedo, Director General de MBTA, la Asociaci\u00f3n Mexicana de Gestores de Viajes, para fortalecer la promoci\u00f3n de la capital potosina como un destino atractivo para grupos y [&hellip;]","og_url":"https:\/\/canal7slp.tv\/2019\/esper-sulaiman-se-reune-con-lideres-del-segmento-de-la-industria-del-turismo\/","og_site_name":"Canal 7 SLP - 2019","article_publisher":"https:\/\/www.facebook.com\/CANAL7SLP\/","article_published_time":"2019-08-02T00:58:12+00:00","og_image":[{"width":613,"height":410,"url":"https:\/\/canal7slp.tv\/2019\/wp-content\/uploads\/2019\/08\/g3.jpg","type":"image\/jpeg"}],"author":"edicionweb","twitter_card":"summary_large_image","twitter_creator":"@canal7_slp","twitter_site":"@canal7_slp","twitter_misc":{"Escrito por":"edicionweb","Tiempo de lectura":"3 minutos"},"schema":{"@context":"https:\/\/schema.org","@graph":[{"@type":"Article","@id":"https:\/\/canal7slp.tv\/2019\/esper-sulaiman-se-reune-con-lideres-del-segmento-de-la-industria-del-turismo\/#article","isPartOf":{"@id":"https:\/\/canal7slp.tv\/2019\/esper-sulaiman-se-reune-con-lideres-del-segmento-de-la-industria-del-turismo\/"},"author":{"name":"edicionweb","@id":"https:\/\/canal7slp.tv\/2019\/#\/schema\/person\/11d941c1c6ca30ac0a46b95fa37aa2e3"},"headline":"Esper Sulaim\u00e1n se re\u00fane con l\u00edderes del segmento de la industria del turismo","datePublished":"2019-08-02T00:58:12+00:00","mainEntityOfPage":{"@id":"https:\/\/canal7slp.tv\/2019\/esper-sulaiman-se-reune-con-lideres-del-segmento-de-la-industria-del-turismo\/"},"wordCount":516,"commentCount":0,"publisher":{"@id":"https:\/\/canal7slp.tv\/2019\/#organization"},"image":{"@id":"https:\/\/canal7slp.tv\/2019\/esper-sulaiman-se-reune-con-lideres-del-segmento-de-la-industria-del-turismo\/#primaryimage"},"thumbnailUrl":"https:\/\/canal7slp.tv\/2019\/wp-content\/uploads\/2019\/08\/g3.jpg","keywords":["Gobierno SLP"],"articleSection":["LOCALES Y REGIONALES"],"inLanguage":"es","potentialAction":[{"@type":"CommentAction","name":"Comment","target":["https:\/\/canal7slp.tv\/2019\/esper-sulaiman-se-reune-con-lideres-del-segmento-de-la-industria-del-turismo\/#respond"]}]},{"@type":"WebPage","@id":"https:\/\/canal7slp.tv\/2019\/esper-sulaiman-se-reune-con-lideres-del-segmento-de-la-industria-del-turismo\/","url":"https:\/\/canal7slp.tv\/2019\/esper-sulaiman-se-reune-con-lideres-del-segmento-de-la-industria-del-turismo\/","name":"Esper Sulaim\u00e1n se re\u00fane con l\u00edderes del segmento de la industria del turismo - Canal 7 SLP - 2019","isPartOf":{"@id":"https:\/\/canal7slp.tv\/2019\/#website"},"primaryImageOfPage":{"@id":"https:\/\/canal7slp.tv\/2019\/esper-sulaiman-se-reune-con-lideres-del-segmento-de-la-industria-del-turismo\/#primaryimage"},"image":{"@id":"https:\/\/canal7slp.tv\/2019\/esper-sulaiman-se-reune-con-lideres-del-segmento-de-la-industria-del-turismo\/#primaryimage"},"thumbnailUrl":"https:\/\/canal7slp.tv\/2019\/wp-content\/uploads\/2019\/08\/g3.jpg","datePublished":"2019-08-02T00:58:12+00:00","breadcrumb":{"@id":"https:\/\/canal7slp.tv\/2019\/esper-sulaiman-se-reune-con-lideres-del-segmento-de-la-industria-del-turismo\/#breadcrumb"},"inLanguage":"es","potentialAction":[{"@type":"ReadAction","target":["https:\/\/canal7slp.tv\/2019\/esper-sulaiman-se-reune-con-lideres-del-segmento-de-la-industria-del-turismo\/"]}]},{"@type":"ImageObject","inLanguage":"es","@id":"https:\/\/canal7slp.tv\/2019\/esper-sulaiman-se-reune-con-lideres-del-segmento-de-la-industria-del-turismo\/#primaryimage","url":"https:\/\/canal7slp.tv\/2019\/wp-content\/uploads\/2019\/08\/g3.jpg","contentUrl":"https:\/\/canal7slp.tv\/2019\/wp-content\/uploads\/2019\/08\/g3.jpg","width":613,"height":410},{"@type":"BreadcrumbList","@id":"https:\/\/canal7slp.tv\/2019\/esper-sulaiman-se-reune-con-lideres-del-segmento-de-la-industria-del-turismo\/#breadcrumb","itemListElement":[{"@type":"ListItem","position":1,"name":"Home","item":"https:\/\/canal7slp.tv\/2019\/"},{"@type":"ListItem","position":2,"name":"Esper Sulaim\u00e1n se re\u00fane con l\u00edderes del segmento de la industria del turismo"}]},{"@type":"WebSite","@id":"https:\/\/canal7slp.tv\/2019\/#website","url":"https:\/\/canal7slp.tv\/2019\/","name":"Canal 7 SLP - Somos TV","description":"Somos un Canal de 10","publisher":{"@id":"https:\/\/canal7slp.tv\/2019\/#organization"},"potentialAction":[{"@type":"SearchAction","target":{"@type":"EntryPoint","urlTemplate":"https:\/\/canal7slp.tv\/2019\/?s={search_term_string}"},"query-input":{"@type":"PropertyValueSpecification","valueRequired":true,"valueName":"search_term_string"}}],"inLanguage":"es"},{"@type":"Organization","@id":"https:\/\/canal7slp.tv\/2019\/#organization","name":"Comunicaci\u00f3n 2000 S.A. de C.V.","url":"https:\/\/canal7slp.tv\/2019\/","logo":{"@type":"ImageObject","inLanguage":"es","@id":"https:\/\/canal7slp.tv\/2019\/#\/schema\/logo\/image\/","url":"https:\/\/canal7slp.tv\/2019\/wp-content\/uploads\/2019\/07\/logo-c7.png","contentUrl":"https:\/\/canal7slp.tv\/2019\/wp-content\/uploads\/2019\/07\/logo-c7.png","width":220,"height":60,"caption":"Comunicaci\u00f3n 2000 S.A. de C.V."},"image":{"@id":"https:\/\/canal7slp.tv\/2019\/#\/schema\/logo\/image\/"},"sameAs":["https:\/\/www.facebook.com\/CANAL7SLP\/","https:\/\/x.com\/canal7_slp","https:\/\/www.instagram.com\/canal7_slp","https:\/\/www.youtube.com\/user\/NOTICIEROSCANAL7SLP\/"]},{"@type":"Person","@id":"https:\/\/canal7slp.tv\/2019\/#\/schema\/person\/11d941c1c6ca30ac0a46b95fa37aa2e3","name":"edicionweb","image":{"@type":"ImageObject","inLanguage":"es","@id":"https:\/\/secure.gravatar.com\/avatar\/eee448fc3f7164808013b816ba91ac7e43bbe82a70bebac296f8bc6f0addaa1a?s=96&d=mm&r=g","url":"https:\/\/secure.gravatar.com\/avatar\/eee448fc3f7164808013b816ba91ac7e43bbe82a70bebac296f8bc6f0addaa1a?s=96&d=mm&r=g","contentUrl":"https:\/\/secure.gravatar.com\/avatar\/eee448fc3f7164808013b816ba91ac7e43bbe82a70bebac296f8bc6f0addaa1a?s=96&d=mm&r=g","caption":"edicionweb"}}]}},"amp_enabled":true,"cmb2":{"video_ids_in_playlist":{"vid_p_videos":""},"video_ids_in_channel":{"vid_c_videos":""},"playlist_ids_in_channel":{"vid_c_playlists":""},"series_ids_in_channel":{"vid_c_series":""},"channel_images":{"vid_c_logo":"","vid_c_banner":""},"poster_feature_image":{"vid_m_poster_image":""},"gif_feature_image":{"vid_m_gif_image":""},"video_movie_settings":{"vid_m_director":"","vid_m_actor":"","vid_m_imdb_ratings":"","vid_m_amazon_associates":""},"vid_youtube_broadcasts_settings":{"vid_yb_broadcast_title":"","vid_yb_q":"","vid_yb_channelid":"","vid_yb_videocategoryid":"","vid_yb_maxresults":"","vid_yb_order":"","vid_yb_regioncode":"","vid_yb_videosyndicated":"","vid_yb_style":"","vid_yb_reload_first":""},"video_series_settings":{"vid_m_director":"","vid_m_actor":"","vid_m_imdb_ratings":"","video_series_group":""},"amazon_associates_settings":{"amazon_associates":"","amazon_native_ad":""},"vid_youtube_automatic_settings":{"vid_ya_youtube_source":"","vid_ya_update_every":"","vid_ya_update_unit":"","vid_ya_categories":"","vid_ya_published_after":"","vid_ya_published_before":"","vid_ya_playlists":"","vid_ya_channels":"","vid_ya_director":"","vid_ya_actor":"","vid_ya_author":"","vid_ya_import_post_date":"","vid_ya_status":"","vid_ya_sub_api_key":""},"vid_ads_m_videoads_settings_post":{"vid_ads_m_video_ads":"","vid_ads_m_video_ads_type":"","vid_ads_m_group_google_ima":"","vid_ads_m_group_image":"","vid_ads_m_group_html5_video":"","vid_ads_m_group_html":"","vid_ads_m_vast_preroll":"","vid_ads_m_vast_postroll":"","vid_ads_m_vast_pauseroll":"","vid_ads_m_vast_midroll":[{"vid_ads_m_vast_timer_seconds":"50"}],"vid_ads_m_time_to_show_ads":"","vid_ads_m_time_skip_ads":"","vid_ads_m_time_to_hide_ads":""},"page_slider_settings":{"display_slider_group":"","page_slider_group":""},"blog_page_settings":{"blog_page_title":"","blog_page_heading":"","blog_page_ic":"","blog_page_it":"","blog_page_ec":"","blog_page_ip":"","archive_loop_style":"","blog_image_ratio":"","blog_show_categories":"","blog_show_excerpt":"","blog_show_author":"","blog_show_date":"","blog_show_comment_count":"","blog_show_view_count":"","blog_show_like_count":"","blog_show_dislike_count":"","blog_items_per_page":"","blog_pag_type":""},"page_options":{"get_page_template":"","color_mode":"","main_layout":"","main_layout_full_with":"","main_logo":"","main_logo_retina":"","main_logo_mobile":"","main_logo_mobile_retina":"","sticky_logo":"","sticky_logo_retina":"","main_nav_layout":"","ajax_search":"","header_background":"","theme_sidebar":"","instagram_feed":"","instagram_feed_position":"","popular_videos":"","popular_videos_title_1":"","popular_videos_title_2":"","popular_videos_ic":"","popular_videos_it":"","theme_background":"","page_custom_css":""},"feature_image_settings":{"feature_image_position":""},"video_player_settings":{"single_video_style":"","video_player_position":"","vm_video_url":"","video_player_library":"","video_streaming":"","vm_media_sources":"","vid_auto_play":"","vm_video_shortcode":"","vid_p_sync_playlist":"","vid_c_sync_channel":"","get_post_format":"","multiple_links_structure":"default","multi_links_title":"","vm_video_multi_links":"","vm_duration":"","vid_social_locker":"off","vid_social_locker_id":"","vid_membership_action":"content-video","vm_video_trailer_url":"","vid_download_type":"free","vid_download_target":"download","vid_woo_product":"","vm_media_download":"","user_rating":"","user_rating_position":"","user_rating_mode":"","user_rating_multi_sets":""},"video_auto_fetch_settings":{"vm_video_fetch":"on"},"video_fake_views_likes":{"vm_fake_views":"","vm_fake_likes":"","vm_fake_dislikes":""},"gallery_settings":{"gallery_position":""},"quote_settings":{"quote_position":""},"post_options":{"main_layout":"","main_logo":"","main_logo_retina":"","main_logo_mobile":"","main_logo_mobile_retina":"","sticky_logo":"","sticky_logo_retina":"","main_nav_layout":"","header_background":"","theme_sidebar":"","single_post_comment_type":"","theme_background":""}},"_links":{"self":[{"href":"https:\/\/canal7slp.tv\/2019\/wp-json\/wp\/v2\/posts\/43628","targetHints":{"allow":["GET"]}}],"collection":[{"href":"https:\/\/canal7slp.tv\/2019\/wp-json\/wp\/v2\/posts"}],"about":[{"href":"https:\/\/canal7slp.tv\/2019\/wp-json\/wp\/v2\/types\/post"}],"author":[{"embeddable":true,"href":"https:\/\/canal7slp.tv\/2019\/wp-json\/wp\/v2\/users\/2"}],"replies":[{"embeddable":true,"href":"https:\/\/canal7slp.tv\/2019\/wp-json\/wp\/v2\/comments?post=43628"}],"version-history":[{"count":0,"href":"https:\/\/canal7slp.tv\/2019\/wp-json\/wp\/v2\/posts\/43628\/revisions"}],"wp:featuredmedia":[{"embeddable":true,"href":"https:\/\/canal7slp.tv\/2019\/wp-json\/wp\/v2\/media\/43642"}],"wp:attachment":[{"href":"https:\/\/canal7slp.tv\/2019\/wp-json\/wp\/v2\/media?parent=43628"}],"wp:term":[{"taxonomy":"category","embeddable":true,"href":"https:\/\/canal7slp.tv\/2019\/wp-json\/wp\/v2\/categories?post=43628"},{"taxonomy":"post_tag","embeddable":true,"href":"https:\/\/canal7slp.tv\/2019\/wp-json\/wp\/v2\/tags?post=43628"}],"curies":[{"name":"wp","href":"https:\/\/api.w.org\/{rel}","templated":true}]}}