{"id":43577,"date":"2019-08-01T19:43:17","date_gmt":"2019-08-02T00:43:17","guid":{"rendered":"https:\/\/canal7slp.tv\/2019\/?p=43577"},"modified":"2019-08-01T19:43:17","modified_gmt":"2019-08-02T00:43:17","slug":"modificaciones-a-convocatoria-de-comision-de-seleccion-de-cpc","status":"publish","type":"post","link":"https:\/\/canal7slp.tv\/2019\/modificaciones-a-convocatoria-de-comision-de-seleccion-de-cpc\/","title":{"rendered":"Modificaciones a convocatoria de comisi\u00f3n de selecci\u00f3n de CPC"},"content":{"rendered":"<p style=\"text-align: justify;\">SLP.- En sesi\u00f3n de trabajo la Comisi\u00f3n de Gobernaci\u00f3n del Congreso del Estado, se aprobaron modificaciones al dictamen que contiene la convocatoria a representantes de sectores y organizaciones para proponer a dos candidatos que integren la Comisi\u00f3n de Selecci\u00f3n a la que corresponde nombrar a miembros del Comit\u00e9 de Participaci\u00f3n Ciudadana, en relaci\u00f3n al art\u00edculo 77 en su fracci\u00f3n II, de la Ley Org\u00e1nica del Municipio Libre del Estado de San Luis Potos\u00ed.<\/p>\n<p style=\"text-align: justify;\">En la sesi\u00f3n de trabajo, asistieron el presidente de la Comisi\u00f3n de Gobernaci\u00f3n, diputado Mart\u00edn Ju\u00e1rez C\u00f3rdova, la Secretaria diputada Sonia Mendoza D\u00edaz, los vocales; diputado Rub\u00e9n Guajardo Barrera, H\u00e9ctor Mauricio Ram\u00edrez Konishi, y la diputada Paola Arreola Nieto.<\/p>\n<p style=\"text-align: justify;\">El diputado Mart\u00edn Ju\u00e1rez C\u00f3rdova explic\u00f3 que estas modificaciones establecen que para la selecci\u00f3n de \u201ccandidatos\u201d, va dirigida a sectores y organizaciones para que entre sus socios y no socios, propongan candidatos que cubran las dos vacantes de la Comisi\u00f3n de Selecci\u00f3n.<\/p>\n<p style=\"text-align: justify;\">En la \u201cLegalidad de las Organizaciones\u201d, se debe dejar en claro que los que acudan en representaci\u00f3n de los sectores y organizaciones deber\u00e1n acreditar que las mismas, se encuentren previamente constituidas y reconocidas en t\u00e9rminos de las disposiciones que les resulten aplicables.<\/p>\n<p style=\"text-align: justify;\">En lo que se refiere la \u201cDuraci\u00f3n\u201d. Aclarar que; Parte el periodo comprendido del d\u00eda de su elecci\u00f3n y hasta el d\u00eda 7 de Julio del 2023, o la disoluci\u00f3n de la misma. (Art. 19 fracci\u00f3n I Ley del Sistema Anticorrupci\u00f3n).<\/p>\n<p style=\"text-align: justify;\">En la \u201cPresentaci\u00f3n de Documentos\u201d. Generar como opci\u00f3n y presentarla ante la Oficial\u00eda de Partes del Honorable Congreso del Estado, siti\u00f3 en calle Pedro Vallejo, n\u00famero 200, planta baja y al presentarlos por correo electr\u00f3nico en archivo \u201cPDF\u201d, (visible), y f\u00edsicamente, solo si acceden a la etapa de entrevistas.<\/p>\n<p style=\"text-align: justify;\">Por la \u201cvotaci\u00f3n\u201d. En virtud de que la Ley no establece ninguna limitante en la calidad de la votaci\u00f3n, establecer que se deber\u00e1 llevar a cabo a trav\u00e9s de voto por c\u00e9dula de la mayor\u00eda de los miembros del Congreso del Estado.<\/p>\n<p style=\"text-align: justify;\">Cabe destacar que la convocatoria se encuentra en la gaceta parlamentaria que ser\u00e1 sometida al pleno del Congreso del Estado para su aprobaci\u00f3n de acuerdo al fundamento establecido en los art\u00edculos 124 Bis de la Constituci\u00f3n Pol\u00edtica del Estado Libre y Soberano de San Luis Potos\u00ed; 109 de la Ley Org\u00e1nica del Poder Legislativo del Estado de San Luis Potos\u00ed; y 3 fracci\u00f3n III, 17 fracciones, I, II, III, IV, VI, VII, VIII, IX, X y, 19 fracci\u00f3n I, de la Ley del Sistema Estatal Anticorrupci\u00f3n de San Luis Potos\u00ed.<\/p>\n","protected":false},"excerpt":{"rendered":"<p>SLP.- En sesi\u00f3n de trabajo la Comisi\u00f3n de Gobernaci\u00f3n del Congreso del Estado, se aprobaron modificaciones al dictamen que contiene la convocatoria a representantes de sectores y organizaciones para proponer a dos candidatos que integren la Comisi\u00f3n de Selecci\u00f3n a la que corresponde nombrar a miembros del Comit\u00e9 de Participaci\u00f3n Ciudadana, en relaci\u00f3n al art\u00edculo [&hellip;]<\/p>\n","protected":false},"author":2,"featured_media":43589,"comment_status":"open","ping_status":"closed","sticky":false,"template":"","format":"standard","meta":{"footnotes":""},"categories":[17],"tags":[109],"class_list":["post-43577","post","type-post","status-publish","format-standard","has-post-thumbnail","hentry","category-localesyregionales","tag-congreso-slp"],"yoast_head":"<!-- This site is optimized with the Yoast SEO plugin v27.4 - https:\/\/yoast.com\/product\/yoast-seo-wordpress\/ -->\n<title>Modificaciones a convocatoria de comisi\u00f3n de selecci\u00f3n de CPC - Canal 7 SLP - 2019<\/title>\n<meta name=\"robots\" content=\"index, follow, max-snippet:-1, max-image-preview:large, max-video-preview:-1\" \/>\n<link rel=\"canonical\" href=\"https:\/\/canal7slp.tv\/2019\/modificaciones-a-convocatoria-de-comision-de-seleccion-de-cpc\/\" \/>\n<meta property=\"og:locale\" content=\"es_ES\" \/>\n<meta property=\"og:type\" content=\"article\" \/>\n<meta property=\"og:title\" content=\"Modificaciones a convocatoria de comisi\u00f3n de selecci\u00f3n de CPC - Canal 7 SLP - 2019\" \/>\n<meta property=\"og:description\" content=\"SLP.- En sesi\u00f3n de trabajo la Comisi\u00f3n de Gobernaci\u00f3n del Congreso del Estado, se aprobaron modificaciones al dictamen que contiene la convocatoria a representantes de sectores y organizaciones para proponer a dos candidatos que integren la Comisi\u00f3n de Selecci\u00f3n a la que corresponde nombrar a miembros del Comit\u00e9 de Participaci\u00f3n Ciudadana, en relaci\u00f3n al art\u00edculo [&hellip;]\" \/>\n<meta property=\"og:url\" content=\"https:\/\/canal7slp.tv\/2019\/modificaciones-a-convocatoria-de-comision-de-seleccion-de-cpc\/\" \/>\n<meta property=\"og:site_name\" content=\"Canal 7 SLP - 2019\" \/>\n<meta property=\"article:publisher\" content=\"https:\/\/www.facebook.com\/CANAL7SLP\/\" \/>\n<meta property=\"article:published_time\" content=\"2019-08-02T00:43:17+00:00\" \/>\n<meta property=\"og:image\" content=\"https:\/\/canal7slp.tv\/2019\/wp-content\/uploads\/2019\/08\/c2.jpeg\" \/>\n\t<meta property=\"og:image:width\" content=\"592\" \/>\n\t<meta property=\"og:image:height\" content=\"410\" \/>\n\t<meta property=\"og:image:type\" content=\"image\/jpeg\" \/>\n<meta name=\"author\" content=\"edicionweb\" \/>\n<meta name=\"twitter:card\" content=\"summary_large_image\" \/>\n<meta name=\"twitter:creator\" content=\"@canal7_slp\" \/>\n<meta name=\"twitter:site\" content=\"@canal7_slp\" \/>\n<meta name=\"twitter:label1\" content=\"Escrito por\" \/>\n\t<meta name=\"twitter:data1\" content=\"edicionweb\" \/>\n\t<meta name=\"twitter:label2\" content=\"Tiempo de lectura\" \/>\n\t<meta name=\"twitter:data2\" content=\"2 minutos\" \/>\n<script type=\"application\/ld+json\" class=\"yoast-schema-graph\">{\"@context\":\"https:\\\/\\\/schema.org\",\"@graph\":[{\"@type\":\"Article\",\"@id\":\"https:\\\/\\\/canal7slp.tv\\\/2019\\\/modificaciones-a-convocatoria-de-comision-de-seleccion-de-cpc\\\/#article\",\"isPartOf\":{\"@id\":\"https:\\\/\\\/canal7slp.tv\\\/2019\\\/modificaciones-a-convocatoria-de-comision-de-seleccion-de-cpc\\\/\"},\"author\":{\"name\":\"edicionweb\",\"@id\":\"https:\\\/\\\/canal7slp.tv\\\/2019\\\/#\\\/schema\\\/person\\\/11d941c1c6ca30ac0a46b95fa37aa2e3\"},\"headline\":\"Modificaciones a convocatoria de comisi\u00f3n de selecci\u00f3n de CPC\",\"datePublished\":\"2019-08-02T00:43:17+00:00\",\"mainEntityOfPage\":{\"@id\":\"https:\\\/\\\/canal7slp.tv\\\/2019\\\/modificaciones-a-convocatoria-de-comision-de-seleccion-de-cpc\\\/\"},\"wordCount\":475,\"commentCount\":0,\"publisher\":{\"@id\":\"https:\\\/\\\/canal7slp.tv\\\/2019\\\/#organization\"},\"image\":{\"@id\":\"https:\\\/\\\/canal7slp.tv\\\/2019\\\/modificaciones-a-convocatoria-de-comision-de-seleccion-de-cpc\\\/#primaryimage\"},\"thumbnailUrl\":\"https:\\\/\\\/canal7slp.tv\\\/2019\\\/wp-content\\\/uploads\\\/2019\\\/08\\\/c2.jpeg\",\"keywords\":[\"Congreso SLP\"],\"articleSection\":[\"LOCALES Y REGIONALES\"],\"inLanguage\":\"es\",\"potentialAction\":[{\"@type\":\"CommentAction\",\"name\":\"Comment\",\"target\":[\"https:\\\/\\\/canal7slp.tv\\\/2019\\\/modificaciones-a-convocatoria-de-comision-de-seleccion-de-cpc\\\/#respond\"]}]},{\"@type\":\"WebPage\",\"@id\":\"https:\\\/\\\/canal7slp.tv\\\/2019\\\/modificaciones-a-convocatoria-de-comision-de-seleccion-de-cpc\\\/\",\"url\":\"https:\\\/\\\/canal7slp.tv\\\/2019\\\/modificaciones-a-convocatoria-de-comision-de-seleccion-de-cpc\\\/\",\"name\":\"Modificaciones a convocatoria de comisi\u00f3n de selecci\u00f3n de CPC - Canal 7 SLP - 2019\",\"isPartOf\":{\"@id\":\"https:\\\/\\\/canal7slp.tv\\\/2019\\\/#website\"},\"primaryImageOfPage\":{\"@id\":\"https:\\\/\\\/canal7slp.tv\\\/2019\\\/modificaciones-a-convocatoria-de-comision-de-seleccion-de-cpc\\\/#primaryimage\"},\"image\":{\"@id\":\"https:\\\/\\\/canal7slp.tv\\\/2019\\\/modificaciones-a-convocatoria-de-comision-de-seleccion-de-cpc\\\/#primaryimage\"},\"thumbnailUrl\":\"https:\\\/\\\/canal7slp.tv\\\/2019\\\/wp-content\\\/uploads\\\/2019\\\/08\\\/c2.jpeg\",\"datePublished\":\"2019-08-02T00:43:17+00:00\",\"breadcrumb\":{\"@id\":\"https:\\\/\\\/canal7slp.tv\\\/2019\\\/modificaciones-a-convocatoria-de-comision-de-seleccion-de-cpc\\\/#breadcrumb\"},\"inLanguage\":\"es\",\"potentialAction\":[{\"@type\":\"ReadAction\",\"target\":[\"https:\\\/\\\/canal7slp.tv\\\/2019\\\/modificaciones-a-convocatoria-de-comision-de-seleccion-de-cpc\\\/\"]}]},{\"@type\":\"ImageObject\",\"inLanguage\":\"es\",\"@id\":\"https:\\\/\\\/canal7slp.tv\\\/2019\\\/modificaciones-a-convocatoria-de-comision-de-seleccion-de-cpc\\\/#primaryimage\",\"url\":\"https:\\\/\\\/canal7slp.tv\\\/2019\\\/wp-content\\\/uploads\\\/2019\\\/08\\\/c2.jpeg\",\"contentUrl\":\"https:\\\/\\\/canal7slp.tv\\\/2019\\\/wp-content\\\/uploads\\\/2019\\\/08\\\/c2.jpeg\",\"width\":592,\"height\":410},{\"@type\":\"BreadcrumbList\",\"@id\":\"https:\\\/\\\/canal7slp.tv\\\/2019\\\/modificaciones-a-convocatoria-de-comision-de-seleccion-de-cpc\\\/#breadcrumb\",\"itemListElement\":[{\"@type\":\"ListItem\",\"position\":1,\"name\":\"Home\",\"item\":\"https:\\\/\\\/canal7slp.tv\\\/2019\\\/\"},{\"@type\":\"ListItem\",\"position\":2,\"name\":\"Modificaciones a convocatoria de comisi\u00f3n de selecci\u00f3n de CPC\"}]},{\"@type\":\"WebSite\",\"@id\":\"https:\\\/\\\/canal7slp.tv\\\/2019\\\/#website\",\"url\":\"https:\\\/\\\/canal7slp.tv\\\/2019\\\/\",\"name\":\"Canal 7 SLP - Somos TV\",\"description\":\"Somos un Canal de 10\",\"publisher\":{\"@id\":\"https:\\\/\\\/canal7slp.tv\\\/2019\\\/#organization\"},\"potentialAction\":[{\"@type\":\"SearchAction\",\"target\":{\"@type\":\"EntryPoint\",\"urlTemplate\":\"https:\\\/\\\/canal7slp.tv\\\/2019\\\/?s={search_term_string}\"},\"query-input\":{\"@type\":\"PropertyValueSpecification\",\"valueRequired\":true,\"valueName\":\"search_term_string\"}}],\"inLanguage\":\"es\"},{\"@type\":\"Organization\",\"@id\":\"https:\\\/\\\/canal7slp.tv\\\/2019\\\/#organization\",\"name\":\"Comunicaci\u00f3n 2000 S.A. de C.V.\",\"url\":\"https:\\\/\\\/canal7slp.tv\\\/2019\\\/\",\"logo\":{\"@type\":\"ImageObject\",\"inLanguage\":\"es\",\"@id\":\"https:\\\/\\\/canal7slp.tv\\\/2019\\\/#\\\/schema\\\/logo\\\/image\\\/\",\"url\":\"https:\\\/\\\/canal7slp.tv\\\/2019\\\/wp-content\\\/uploads\\\/2019\\\/07\\\/logo-c7.png\",\"contentUrl\":\"https:\\\/\\\/canal7slp.tv\\\/2019\\\/wp-content\\\/uploads\\\/2019\\\/07\\\/logo-c7.png\",\"width\":220,\"height\":60,\"caption\":\"Comunicaci\u00f3n 2000 S.A. de C.V.\"},\"image\":{\"@id\":\"https:\\\/\\\/canal7slp.tv\\\/2019\\\/#\\\/schema\\\/logo\\\/image\\\/\"},\"sameAs\":[\"https:\\\/\\\/www.facebook.com\\\/CANAL7SLP\\\/\",\"https:\\\/\\\/x.com\\\/canal7_slp\",\"https:\\\/\\\/www.instagram.com\\\/canal7_slp\",\"https:\\\/\\\/www.youtube.com\\\/user\\\/NOTICIEROSCANAL7SLP\\\/\"]},{\"@type\":\"Person\",\"@id\":\"https:\\\/\\\/canal7slp.tv\\\/2019\\\/#\\\/schema\\\/person\\\/11d941c1c6ca30ac0a46b95fa37aa2e3\",\"name\":\"edicionweb\",\"image\":{\"@type\":\"ImageObject\",\"inLanguage\":\"es\",\"@id\":\"https:\\\/\\\/secure.gravatar.com\\\/avatar\\\/eee448fc3f7164808013b816ba91ac7e43bbe82a70bebac296f8bc6f0addaa1a?s=96&d=mm&r=g\",\"url\":\"https:\\\/\\\/secure.gravatar.com\\\/avatar\\\/eee448fc3f7164808013b816ba91ac7e43bbe82a70bebac296f8bc6f0addaa1a?s=96&d=mm&r=g\",\"contentUrl\":\"https:\\\/\\\/secure.gravatar.com\\\/avatar\\\/eee448fc3f7164808013b816ba91ac7e43bbe82a70bebac296f8bc6f0addaa1a?s=96&d=mm&r=g\",\"caption\":\"edicionweb\"}}]}<\/script>\n<!-- \/ Yoast SEO plugin. -->","yoast_head_json":{"title":"Modificaciones a convocatoria de comisi\u00f3n de selecci\u00f3n de CPC - Canal 7 SLP - 2019","robots":{"index":"index","follow":"follow","max-snippet":"max-snippet:-1","max-image-preview":"max-image-preview:large","max-video-preview":"max-video-preview:-1"},"canonical":"https:\/\/canal7slp.tv\/2019\/modificaciones-a-convocatoria-de-comision-de-seleccion-de-cpc\/","og_locale":"es_ES","og_type":"article","og_title":"Modificaciones a convocatoria de comisi\u00f3n de selecci\u00f3n de CPC - Canal 7 SLP - 2019","og_description":"SLP.- En sesi\u00f3n de trabajo la Comisi\u00f3n de Gobernaci\u00f3n del Congreso del Estado, se aprobaron modificaciones al dictamen que contiene la convocatoria a representantes de sectores y organizaciones para proponer a dos candidatos que integren la Comisi\u00f3n de Selecci\u00f3n a la que corresponde nombrar a miembros del Comit\u00e9 de Participaci\u00f3n Ciudadana, en relaci\u00f3n al art\u00edculo [&hellip;]","og_url":"https:\/\/canal7slp.tv\/2019\/modificaciones-a-convocatoria-de-comision-de-seleccion-de-cpc\/","og_site_name":"Canal 7 SLP - 2019","article_publisher":"https:\/\/www.facebook.com\/CANAL7SLP\/","article_published_time":"2019-08-02T00:43:17+00:00","og_image":[{"width":592,"height":410,"url":"https:\/\/canal7slp.tv\/2019\/wp-content\/uploads\/2019\/08\/c2.jpeg","type":"image\/jpeg"}],"author":"edicionweb","twitter_card":"summary_large_image","twitter_creator":"@canal7_slp","twitter_site":"@canal7_slp","twitter_misc":{"Escrito por":"edicionweb","Tiempo de lectura":"2 minutos"},"schema":{"@context":"https:\/\/schema.org","@graph":[{"@type":"Article","@id":"https:\/\/canal7slp.tv\/2019\/modificaciones-a-convocatoria-de-comision-de-seleccion-de-cpc\/#article","isPartOf":{"@id":"https:\/\/canal7slp.tv\/2019\/modificaciones-a-convocatoria-de-comision-de-seleccion-de-cpc\/"},"author":{"name":"edicionweb","@id":"https:\/\/canal7slp.tv\/2019\/#\/schema\/person\/11d941c1c6ca30ac0a46b95fa37aa2e3"},"headline":"Modificaciones a convocatoria de comisi\u00f3n de selecci\u00f3n de CPC","datePublished":"2019-08-02T00:43:17+00:00","mainEntityOfPage":{"@id":"https:\/\/canal7slp.tv\/2019\/modificaciones-a-convocatoria-de-comision-de-seleccion-de-cpc\/"},"wordCount":475,"commentCount":0,"publisher":{"@id":"https:\/\/canal7slp.tv\/2019\/#organization"},"image":{"@id":"https:\/\/canal7slp.tv\/2019\/modificaciones-a-convocatoria-de-comision-de-seleccion-de-cpc\/#primaryimage"},"thumbnailUrl":"https:\/\/canal7slp.tv\/2019\/wp-content\/uploads\/2019\/08\/c2.jpeg","keywords":["Congreso SLP"],"articleSection":["LOCALES Y REGIONALES"],"inLanguage":"es","potentialAction":[{"@type":"CommentAction","name":"Comment","target":["https:\/\/canal7slp.tv\/2019\/modificaciones-a-convocatoria-de-comision-de-seleccion-de-cpc\/#respond"]}]},{"@type":"WebPage","@id":"https:\/\/canal7slp.tv\/2019\/modificaciones-a-convocatoria-de-comision-de-seleccion-de-cpc\/","url":"https:\/\/canal7slp.tv\/2019\/modificaciones-a-convocatoria-de-comision-de-seleccion-de-cpc\/","name":"Modificaciones a convocatoria de comisi\u00f3n de selecci\u00f3n de CPC - Canal 7 SLP - 2019","isPartOf":{"@id":"https:\/\/canal7slp.tv\/2019\/#website"},"primaryImageOfPage":{"@id":"https:\/\/canal7slp.tv\/2019\/modificaciones-a-convocatoria-de-comision-de-seleccion-de-cpc\/#primaryimage"},"image":{"@id":"https:\/\/canal7slp.tv\/2019\/modificaciones-a-convocatoria-de-comision-de-seleccion-de-cpc\/#primaryimage"},"thumbnailUrl":"https:\/\/canal7slp.tv\/2019\/wp-content\/uploads\/2019\/08\/c2.jpeg","datePublished":"2019-08-02T00:43:17+00:00","breadcrumb":{"@id":"https:\/\/canal7slp.tv\/2019\/modificaciones-a-convocatoria-de-comision-de-seleccion-de-cpc\/#breadcrumb"},"inLanguage":"es","potentialAction":[{"@type":"ReadAction","target":["https:\/\/canal7slp.tv\/2019\/modificaciones-a-convocatoria-de-comision-de-seleccion-de-cpc\/"]}]},{"@type":"ImageObject","inLanguage":"es","@id":"https:\/\/canal7slp.tv\/2019\/modificaciones-a-convocatoria-de-comision-de-seleccion-de-cpc\/#primaryimage","url":"https:\/\/canal7slp.tv\/2019\/wp-content\/uploads\/2019\/08\/c2.jpeg","contentUrl":"https:\/\/canal7slp.tv\/2019\/wp-content\/uploads\/2019\/08\/c2.jpeg","width":592,"height":410},{"@type":"BreadcrumbList","@id":"https:\/\/canal7slp.tv\/2019\/modificaciones-a-convocatoria-de-comision-de-seleccion-de-cpc\/#breadcrumb","itemListElement":[{"@type":"ListItem","position":1,"name":"Home","item":"https:\/\/canal7slp.tv\/2019\/"},{"@type":"ListItem","position":2,"name":"Modificaciones a convocatoria de comisi\u00f3n de selecci\u00f3n de CPC"}]},{"@type":"WebSite","@id":"https:\/\/canal7slp.tv\/2019\/#website","url":"https:\/\/canal7slp.tv\/2019\/","name":"Canal 7 SLP - Somos TV","description":"Somos un Canal de 10","publisher":{"@id":"https:\/\/canal7slp.tv\/2019\/#organization"},"potentialAction":[{"@type":"SearchAction","target":{"@type":"EntryPoint","urlTemplate":"https:\/\/canal7slp.tv\/2019\/?s={search_term_string}"},"query-input":{"@type":"PropertyValueSpecification","valueRequired":true,"valueName":"search_term_string"}}],"inLanguage":"es"},{"@type":"Organization","@id":"https:\/\/canal7slp.tv\/2019\/#organization","name":"Comunicaci\u00f3n 2000 S.A. de C.V.","url":"https:\/\/canal7slp.tv\/2019\/","logo":{"@type":"ImageObject","inLanguage":"es","@id":"https:\/\/canal7slp.tv\/2019\/#\/schema\/logo\/image\/","url":"https:\/\/canal7slp.tv\/2019\/wp-content\/uploads\/2019\/07\/logo-c7.png","contentUrl":"https:\/\/canal7slp.tv\/2019\/wp-content\/uploads\/2019\/07\/logo-c7.png","width":220,"height":60,"caption":"Comunicaci\u00f3n 2000 S.A. de C.V."},"image":{"@id":"https:\/\/canal7slp.tv\/2019\/#\/schema\/logo\/image\/"},"sameAs":["https:\/\/www.facebook.com\/CANAL7SLP\/","https:\/\/x.com\/canal7_slp","https:\/\/www.instagram.com\/canal7_slp","https:\/\/www.youtube.com\/user\/NOTICIEROSCANAL7SLP\/"]},{"@type":"Person","@id":"https:\/\/canal7slp.tv\/2019\/#\/schema\/person\/11d941c1c6ca30ac0a46b95fa37aa2e3","name":"edicionweb","image":{"@type":"ImageObject","inLanguage":"es","@id":"https:\/\/secure.gravatar.com\/avatar\/eee448fc3f7164808013b816ba91ac7e43bbe82a70bebac296f8bc6f0addaa1a?s=96&d=mm&r=g","url":"https:\/\/secure.gravatar.com\/avatar\/eee448fc3f7164808013b816ba91ac7e43bbe82a70bebac296f8bc6f0addaa1a?s=96&d=mm&r=g","contentUrl":"https:\/\/secure.gravatar.com\/avatar\/eee448fc3f7164808013b816ba91ac7e43bbe82a70bebac296f8bc6f0addaa1a?s=96&d=mm&r=g","caption":"edicionweb"}}]}},"amp_enabled":true,"cmb2":{"video_ids_in_playlist":{"vid_p_videos":""},"video_ids_in_channel":{"vid_c_videos":""},"playlist_ids_in_channel":{"vid_c_playlists":""},"series_ids_in_channel":{"vid_c_series":""},"channel_images":{"vid_c_logo":"","vid_c_banner":""},"poster_feature_image":{"vid_m_poster_image":""},"gif_feature_image":{"vid_m_gif_image":""},"video_movie_settings":{"vid_m_director":"","vid_m_actor":"","vid_m_imdb_ratings":"","vid_m_amazon_associates":""},"vid_youtube_broadcasts_settings":{"vid_yb_broadcast_title":"","vid_yb_q":"","vid_yb_channelid":"","vid_yb_videocategoryid":"","vid_yb_maxresults":"","vid_yb_order":"","vid_yb_regioncode":"","vid_yb_videosyndicated":"","vid_yb_style":"","vid_yb_reload_first":""},"video_series_settings":{"vid_m_director":"","vid_m_actor":"","vid_m_imdb_ratings":"","video_series_group":""},"amazon_associates_settings":{"amazon_associates":"","amazon_native_ad":""},"vid_youtube_automatic_settings":{"vid_ya_youtube_source":"","vid_ya_update_every":"","vid_ya_update_unit":"","vid_ya_categories":"","vid_ya_published_after":"","vid_ya_published_before":"","vid_ya_playlists":"","vid_ya_channels":"","vid_ya_director":"","vid_ya_actor":"","vid_ya_author":"","vid_ya_import_post_date":"","vid_ya_status":"","vid_ya_sub_api_key":""},"vid_ads_m_videoads_settings_post":{"vid_ads_m_video_ads":"","vid_ads_m_video_ads_type":"","vid_ads_m_group_google_ima":"","vid_ads_m_group_image":"","vid_ads_m_group_html5_video":"","vid_ads_m_group_html":"","vid_ads_m_vast_preroll":"","vid_ads_m_vast_postroll":"","vid_ads_m_vast_pauseroll":"","vid_ads_m_vast_midroll":[{"vid_ads_m_vast_timer_seconds":"50"}],"vid_ads_m_time_to_show_ads":"","vid_ads_m_time_skip_ads":"","vid_ads_m_time_to_hide_ads":""},"page_slider_settings":{"display_slider_group":"","page_slider_group":""},"blog_page_settings":{"blog_page_title":"","blog_page_heading":"","blog_page_ic":"","blog_page_it":"","blog_page_ec":"","blog_page_ip":"","archive_loop_style":"","blog_image_ratio":"","blog_show_categories":"","blog_show_excerpt":"","blog_show_author":"","blog_show_date":"","blog_show_comment_count":"","blog_show_view_count":"","blog_show_like_count":"","blog_show_dislike_count":"","blog_items_per_page":"","blog_pag_type":""},"page_options":{"get_page_template":"","color_mode":"","main_layout":"","main_layout_full_with":"","main_logo":"","main_logo_retina":"","main_logo_mobile":"","main_logo_mobile_retina":"","sticky_logo":"","sticky_logo_retina":"","main_nav_layout":"","ajax_search":"","header_background":"","theme_sidebar":"","instagram_feed":"","instagram_feed_position":"","popular_videos":"","popular_videos_title_1":"","popular_videos_title_2":"","popular_videos_ic":"","popular_videos_it":"","theme_background":"","page_custom_css":""},"feature_image_settings":{"feature_image_position":""},"video_player_settings":{"single_video_style":"","video_player_position":"","vm_video_url":"","video_player_library":"","video_streaming":"","vm_media_sources":"","vid_auto_play":"","vm_video_shortcode":"","vid_p_sync_playlist":"","vid_c_sync_channel":"","get_post_format":"","multiple_links_structure":"default","multi_links_title":"","vm_video_multi_links":"","vm_duration":"","vid_social_locker":"off","vid_social_locker_id":"","vid_membership_action":"content-video","vm_video_trailer_url":"","vid_download_type":"free","vid_download_target":"download","vid_woo_product":"","vm_media_download":"","user_rating":"","user_rating_position":"","user_rating_mode":"","user_rating_multi_sets":""},"video_auto_fetch_settings":{"vm_video_fetch":"on"},"video_fake_views_likes":{"vm_fake_views":"","vm_fake_likes":"","vm_fake_dislikes":""},"gallery_settings":{"gallery_position":""},"quote_settings":{"quote_position":""},"post_options":{"main_layout":"","main_logo":"","main_logo_retina":"","main_logo_mobile":"","main_logo_mobile_retina":"","sticky_logo":"","sticky_logo_retina":"","main_nav_layout":"","header_background":"","theme_sidebar":"","single_post_comment_type":"","theme_background":""}},"_links":{"self":[{"href":"https:\/\/canal7slp.tv\/2019\/wp-json\/wp\/v2\/posts\/43577","targetHints":{"allow":["GET"]}}],"collection":[{"href":"https:\/\/canal7slp.tv\/2019\/wp-json\/wp\/v2\/posts"}],"about":[{"href":"https:\/\/canal7slp.tv\/2019\/wp-json\/wp\/v2\/types\/post"}],"author":[{"embeddable":true,"href":"https:\/\/canal7slp.tv\/2019\/wp-json\/wp\/v2\/users\/2"}],"replies":[{"embeddable":true,"href":"https:\/\/canal7slp.tv\/2019\/wp-json\/wp\/v2\/comments?post=43577"}],"version-history":[{"count":0,"href":"https:\/\/canal7slp.tv\/2019\/wp-json\/wp\/v2\/posts\/43577\/revisions"}],"wp:featuredmedia":[{"embeddable":true,"href":"https:\/\/canal7slp.tv\/2019\/wp-json\/wp\/v2\/media\/43589"}],"wp:attachment":[{"href":"https:\/\/canal7slp.tv\/2019\/wp-json\/wp\/v2\/media?parent=43577"}],"wp:term":[{"taxonomy":"category","embeddable":true,"href":"https:\/\/canal7slp.tv\/2019\/wp-json\/wp\/v2\/categories?post=43577"},{"taxonomy":"post_tag","embeddable":true,"href":"https:\/\/canal7slp.tv\/2019\/wp-json\/wp\/v2\/tags?post=43577"}],"curies":[{"name":"wp","href":"https:\/\/api.w.org\/{rel}","templated":true}]}}