{"id":43191,"date":"2019-08-01T08:27:44","date_gmt":"2019-08-01T13:27:44","guid":{"rendered":"https:\/\/canal7slp.tv\/2019\/?p=43191"},"modified":"2019-08-01T08:27:44","modified_gmt":"2019-08-01T13:27:44","slug":"cancilleres-de-corea-del-sur-y-japon-mantienen-tensas-conversaciones","status":"publish","type":"post","link":"https:\/\/canal7slp.tv\/2019\/cancilleres-de-corea-del-sur-y-japon-mantienen-tensas-conversaciones\/","title":{"rendered":"Cancilleres de Corea del Sur y Jap\u00f3n mantienen tensas conversaciones"},"content":{"rendered":"<p>Bangkok.- Los ministros de Relaciones Exteriores de Corea del Sur y Jap\u00f3n mantuvieron tensas conversaciones este jueves en Bangkok, Tailandia, al margen de un foro de seguridad regional, en medio de una disputa comercial que enfrenta a los dos vecinos asi\u00e1ticos.<\/p>\n<p>El canciller japon\u00e9s, Taro Kono y su hom\u00f3loga surcoreana, Kang Kyung Wha, se sentaron durante una hora al margen de las reuniones del Foro Regional de la ASEAN en Bangkok. Ambos parec\u00edan tensos y no hablaron con los periodistas en la reuni\u00f3n, cit\u00f3 la cadena de televisi\u00f3n NHK.<\/p>\n<p>Las autoridades japonesas se\u00f1alaron que Kono una vez m\u00e1s transmiti\u00f3 la posici\u00f3n de Tokio sobre el comercio y los problemas laborales en tiempos de guerra que dividen a los dos vecinos.<\/p>\n<p>A partir del 4 de julio, Jap\u00f3n solicit\u00f3 licencias individuales para exportar a Corea del Sur tres materiales utilizados para fabricar semiconductores y paneles de visualizaci\u00f3n para tel\u00e9fonos inteligentes y televisores. Corea del Sur hab\u00eda estado previamente exenta del proceso, que puede llevar unos 90 d\u00edas.<\/p>\n<p>Por su parte, Kang inst\u00f3 a Tokio a reconsiderar su endurecimiento de las restricciones a la exportaci\u00f3n de Corea del Sur, que Se\u00fal ha criticado por ir en contra de las normas establecidas por la Organizaci\u00f3n Mundial del Comercio.<\/p>\n<p>Adem\u00e1s, Jap\u00f3n planea eliminar a Corea del Sur de una &#8220;lista blanca&#8221; de 27 naciones que tienen un estatus preferencial que les permite comprar productos que pueden ser desviados para uso militar.<\/p>\n<p>La canciller surcoreana advirti\u00f3 que Se\u00fal podr\u00eda reconsiderar una l\u00ednea inusual de la cooperaci\u00f3n de seguridad bilateral si Tokio sigue adelante con la eliminaci\u00f3n de Corea del Sur de su &#8220;lista blanca&#8221;, report\u00f3 la agencia surcoreana Yonhap.<\/p>\n<p>&#8220;Si Jap\u00f3n decide sacar a Corea del Sur de la lista en una reuni\u00f3n de gabinete el viernes, no tenemos m\u00e1s remedio que tomar medidas contra tal medida&#8221;, dijo Kang.<\/p>\n<p>Los dos jefes diplom\u00e1ticos se reunieron en Bangkok, al margen del Foro Regional de la Asociaci\u00f3n de Naciones del Sudeste Asi\u00e1tico (ARF), lo que supone su primer encuentro desde que Jap\u00f3n implement\u00f3 las restricciones de exportaci\u00f3n contra Corea del Sur en una confrontaci\u00f3n por el trabajo forzado en tiempos de guerra.<\/p>\n<p>-Fin de nota-<\/p>\n","protected":false},"excerpt":{"rendered":"<p>Bangkok.- Los ministros de Relaciones Exteriores de Corea del Sur y Jap\u00f3n mantuvieron tensas conversaciones este jueves en Bangkok, Tailandia, al margen de un foro de seguridad regional, en medio de una disputa comercial que enfrenta a los dos vecinos asi\u00e1ticos. El canciller japon\u00e9s, Taro Kono y su hom\u00f3loga surcoreana, Kang Kyung Wha, se sentaron [&hellip;]<\/p>\n","protected":false},"author":2,"featured_media":43192,"comment_status":"open","ping_status":"closed","sticky":false,"template":"","format":"standard","meta":{"footnotes":""},"categories":[18],"tags":[],"class_list":["post-43191","post","type-post","status-publish","format-standard","has-post-thumbnail","hentry","category-internacional"],"yoast_head":"<!-- This site is optimized with the Yoast SEO plugin v27.4 - https:\/\/yoast.com\/product\/yoast-seo-wordpress\/ -->\n<title>Cancilleres de Corea del Sur y Jap\u00f3n mantienen tensas conversaciones - Canal 7 SLP - 2019<\/title>\n<meta name=\"robots\" content=\"index, follow, max-snippet:-1, max-image-preview:large, max-video-preview:-1\" \/>\n<link rel=\"canonical\" href=\"https:\/\/canal7slp.tv\/2019\/cancilleres-de-corea-del-sur-y-japon-mantienen-tensas-conversaciones\/\" \/>\n<meta property=\"og:locale\" content=\"es_ES\" \/>\n<meta property=\"og:type\" content=\"article\" \/>\n<meta property=\"og:title\" content=\"Cancilleres de Corea del Sur y Jap\u00f3n mantienen tensas conversaciones - Canal 7 SLP - 2019\" \/>\n<meta property=\"og:description\" content=\"Bangkok.- Los ministros de Relaciones Exteriores de Corea del Sur y Jap\u00f3n mantuvieron tensas conversaciones este jueves en Bangkok, Tailandia, al margen de un foro de seguridad regional, en medio de una disputa comercial que enfrenta a los dos vecinos asi\u00e1ticos. El canciller japon\u00e9s, Taro Kono y su hom\u00f3loga surcoreana, Kang Kyung Wha, se sentaron [&hellip;]\" \/>\n<meta property=\"og:url\" content=\"https:\/\/canal7slp.tv\/2019\/cancilleres-de-corea-del-sur-y-japon-mantienen-tensas-conversaciones\/\" \/>\n<meta property=\"og:site_name\" content=\"Canal 7 SLP - 2019\" \/>\n<meta property=\"article:publisher\" content=\"https:\/\/www.facebook.com\/CANAL7SLP\/\" \/>\n<meta property=\"article:published_time\" content=\"2019-08-01T13:27:44+00:00\" \/>\n<meta property=\"og:image\" content=\"https:\/\/canal7slp.tv\/2019\/wp-content\/uploads\/2019\/08\/845.png\" \/>\n\t<meta property=\"og:image:width\" content=\"728\" \/>\n\t<meta property=\"og:image:height\" content=\"410\" \/>\n\t<meta property=\"og:image:type\" content=\"image\/png\" \/>\n<meta name=\"author\" content=\"edicionweb\" \/>\n<meta name=\"twitter:card\" content=\"summary_large_image\" \/>\n<meta name=\"twitter:creator\" content=\"@canal7_slp\" \/>\n<meta name=\"twitter:site\" content=\"@canal7_slp\" \/>\n<meta name=\"twitter:label1\" content=\"Escrito por\" \/>\n\t<meta name=\"twitter:data1\" content=\"edicionweb\" \/>\n\t<meta name=\"twitter:label2\" content=\"Tiempo de lectura\" \/>\n\t<meta name=\"twitter:data2\" content=\"2 minutos\" \/>\n<script type=\"application\/ld+json\" class=\"yoast-schema-graph\">{\"@context\":\"https:\\\/\\\/schema.org\",\"@graph\":[{\"@type\":\"Article\",\"@id\":\"https:\\\/\\\/canal7slp.tv\\\/2019\\\/cancilleres-de-corea-del-sur-y-japon-mantienen-tensas-conversaciones\\\/#article\",\"isPartOf\":{\"@id\":\"https:\\\/\\\/canal7slp.tv\\\/2019\\\/cancilleres-de-corea-del-sur-y-japon-mantienen-tensas-conversaciones\\\/\"},\"author\":{\"name\":\"edicionweb\",\"@id\":\"https:\\\/\\\/canal7slp.tv\\\/2019\\\/#\\\/schema\\\/person\\\/11d941c1c6ca30ac0a46b95fa37aa2e3\"},\"headline\":\"Cancilleres de Corea del Sur y Jap\u00f3n mantienen tensas conversaciones\",\"datePublished\":\"2019-08-01T13:27:44+00:00\",\"mainEntityOfPage\":{\"@id\":\"https:\\\/\\\/canal7slp.tv\\\/2019\\\/cancilleres-de-corea-del-sur-y-japon-mantienen-tensas-conversaciones\\\/\"},\"wordCount\":401,\"commentCount\":0,\"publisher\":{\"@id\":\"https:\\\/\\\/canal7slp.tv\\\/2019\\\/#organization\"},\"image\":{\"@id\":\"https:\\\/\\\/canal7slp.tv\\\/2019\\\/cancilleres-de-corea-del-sur-y-japon-mantienen-tensas-conversaciones\\\/#primaryimage\"},\"thumbnailUrl\":\"https:\\\/\\\/canal7slp.tv\\\/2019\\\/wp-content\\\/uploads\\\/2019\\\/08\\\/845.png\",\"articleSection\":[\"INTERNACIONAL\"],\"inLanguage\":\"es\",\"potentialAction\":[{\"@type\":\"CommentAction\",\"name\":\"Comment\",\"target\":[\"https:\\\/\\\/canal7slp.tv\\\/2019\\\/cancilleres-de-corea-del-sur-y-japon-mantienen-tensas-conversaciones\\\/#respond\"]}]},{\"@type\":\"WebPage\",\"@id\":\"https:\\\/\\\/canal7slp.tv\\\/2019\\\/cancilleres-de-corea-del-sur-y-japon-mantienen-tensas-conversaciones\\\/\",\"url\":\"https:\\\/\\\/canal7slp.tv\\\/2019\\\/cancilleres-de-corea-del-sur-y-japon-mantienen-tensas-conversaciones\\\/\",\"name\":\"Cancilleres de Corea del Sur y Jap\u00f3n mantienen tensas conversaciones - Canal 7 SLP - 2019\",\"isPartOf\":{\"@id\":\"https:\\\/\\\/canal7slp.tv\\\/2019\\\/#website\"},\"primaryImageOfPage\":{\"@id\":\"https:\\\/\\\/canal7slp.tv\\\/2019\\\/cancilleres-de-corea-del-sur-y-japon-mantienen-tensas-conversaciones\\\/#primaryimage\"},\"image\":{\"@id\":\"https:\\\/\\\/canal7slp.tv\\\/2019\\\/cancilleres-de-corea-del-sur-y-japon-mantienen-tensas-conversaciones\\\/#primaryimage\"},\"thumbnailUrl\":\"https:\\\/\\\/canal7slp.tv\\\/2019\\\/wp-content\\\/uploads\\\/2019\\\/08\\\/845.png\",\"datePublished\":\"2019-08-01T13:27:44+00:00\",\"breadcrumb\":{\"@id\":\"https:\\\/\\\/canal7slp.tv\\\/2019\\\/cancilleres-de-corea-del-sur-y-japon-mantienen-tensas-conversaciones\\\/#breadcrumb\"},\"inLanguage\":\"es\",\"potentialAction\":[{\"@type\":\"ReadAction\",\"target\":[\"https:\\\/\\\/canal7slp.tv\\\/2019\\\/cancilleres-de-corea-del-sur-y-japon-mantienen-tensas-conversaciones\\\/\"]}]},{\"@type\":\"ImageObject\",\"inLanguage\":\"es\",\"@id\":\"https:\\\/\\\/canal7slp.tv\\\/2019\\\/cancilleres-de-corea-del-sur-y-japon-mantienen-tensas-conversaciones\\\/#primaryimage\",\"url\":\"https:\\\/\\\/canal7slp.tv\\\/2019\\\/wp-content\\\/uploads\\\/2019\\\/08\\\/845.png\",\"contentUrl\":\"https:\\\/\\\/canal7slp.tv\\\/2019\\\/wp-content\\\/uploads\\\/2019\\\/08\\\/845.png\",\"width\":728,\"height\":410},{\"@type\":\"BreadcrumbList\",\"@id\":\"https:\\\/\\\/canal7slp.tv\\\/2019\\\/cancilleres-de-corea-del-sur-y-japon-mantienen-tensas-conversaciones\\\/#breadcrumb\",\"itemListElement\":[{\"@type\":\"ListItem\",\"position\":1,\"name\":\"Home\",\"item\":\"https:\\\/\\\/canal7slp.tv\\\/2019\\\/\"},{\"@type\":\"ListItem\",\"position\":2,\"name\":\"Cancilleres de Corea del Sur y Jap\u00f3n mantienen tensas conversaciones\"}]},{\"@type\":\"WebSite\",\"@id\":\"https:\\\/\\\/canal7slp.tv\\\/2019\\\/#website\",\"url\":\"https:\\\/\\\/canal7slp.tv\\\/2019\\\/\",\"name\":\"Canal 7 SLP - Somos TV\",\"description\":\"Somos un Canal de 10\",\"publisher\":{\"@id\":\"https:\\\/\\\/canal7slp.tv\\\/2019\\\/#organization\"},\"potentialAction\":[{\"@type\":\"SearchAction\",\"target\":{\"@type\":\"EntryPoint\",\"urlTemplate\":\"https:\\\/\\\/canal7slp.tv\\\/2019\\\/?s={search_term_string}\"},\"query-input\":{\"@type\":\"PropertyValueSpecification\",\"valueRequired\":true,\"valueName\":\"search_term_string\"}}],\"inLanguage\":\"es\"},{\"@type\":\"Organization\",\"@id\":\"https:\\\/\\\/canal7slp.tv\\\/2019\\\/#organization\",\"name\":\"Comunicaci\u00f3n 2000 S.A. de C.V.\",\"url\":\"https:\\\/\\\/canal7slp.tv\\\/2019\\\/\",\"logo\":{\"@type\":\"ImageObject\",\"inLanguage\":\"es\",\"@id\":\"https:\\\/\\\/canal7slp.tv\\\/2019\\\/#\\\/schema\\\/logo\\\/image\\\/\",\"url\":\"https:\\\/\\\/canal7slp.tv\\\/2019\\\/wp-content\\\/uploads\\\/2019\\\/07\\\/logo-c7.png\",\"contentUrl\":\"https:\\\/\\\/canal7slp.tv\\\/2019\\\/wp-content\\\/uploads\\\/2019\\\/07\\\/logo-c7.png\",\"width\":220,\"height\":60,\"caption\":\"Comunicaci\u00f3n 2000 S.A. de C.V.\"},\"image\":{\"@id\":\"https:\\\/\\\/canal7slp.tv\\\/2019\\\/#\\\/schema\\\/logo\\\/image\\\/\"},\"sameAs\":[\"https:\\\/\\\/www.facebook.com\\\/CANAL7SLP\\\/\",\"https:\\\/\\\/x.com\\\/canal7_slp\",\"https:\\\/\\\/www.instagram.com\\\/canal7_slp\",\"https:\\\/\\\/www.youtube.com\\\/user\\\/NOTICIEROSCANAL7SLP\\\/\"]},{\"@type\":\"Person\",\"@id\":\"https:\\\/\\\/canal7slp.tv\\\/2019\\\/#\\\/schema\\\/person\\\/11d941c1c6ca30ac0a46b95fa37aa2e3\",\"name\":\"edicionweb\",\"image\":{\"@type\":\"ImageObject\",\"inLanguage\":\"es\",\"@id\":\"https:\\\/\\\/secure.gravatar.com\\\/avatar\\\/eee448fc3f7164808013b816ba91ac7e43bbe82a70bebac296f8bc6f0addaa1a?s=96&d=mm&r=g\",\"url\":\"https:\\\/\\\/secure.gravatar.com\\\/avatar\\\/eee448fc3f7164808013b816ba91ac7e43bbe82a70bebac296f8bc6f0addaa1a?s=96&d=mm&r=g\",\"contentUrl\":\"https:\\\/\\\/secure.gravatar.com\\\/avatar\\\/eee448fc3f7164808013b816ba91ac7e43bbe82a70bebac296f8bc6f0addaa1a?s=96&d=mm&r=g\",\"caption\":\"edicionweb\"}}]}<\/script>\n<!-- \/ Yoast SEO plugin. -->","yoast_head_json":{"title":"Cancilleres de Corea del Sur y Jap\u00f3n mantienen tensas conversaciones - Canal 7 SLP - 2019","robots":{"index":"index","follow":"follow","max-snippet":"max-snippet:-1","max-image-preview":"max-image-preview:large","max-video-preview":"max-video-preview:-1"},"canonical":"https:\/\/canal7slp.tv\/2019\/cancilleres-de-corea-del-sur-y-japon-mantienen-tensas-conversaciones\/","og_locale":"es_ES","og_type":"article","og_title":"Cancilleres de Corea del Sur y Jap\u00f3n mantienen tensas conversaciones - Canal 7 SLP - 2019","og_description":"Bangkok.- Los ministros de Relaciones Exteriores de Corea del Sur y Jap\u00f3n mantuvieron tensas conversaciones este jueves en Bangkok, Tailandia, al margen de un foro de seguridad regional, en medio de una disputa comercial que enfrenta a los dos vecinos asi\u00e1ticos. El canciller japon\u00e9s, Taro Kono y su hom\u00f3loga surcoreana, Kang Kyung Wha, se sentaron [&hellip;]","og_url":"https:\/\/canal7slp.tv\/2019\/cancilleres-de-corea-del-sur-y-japon-mantienen-tensas-conversaciones\/","og_site_name":"Canal 7 SLP - 2019","article_publisher":"https:\/\/www.facebook.com\/CANAL7SLP\/","article_published_time":"2019-08-01T13:27:44+00:00","og_image":[{"width":728,"height":410,"url":"https:\/\/canal7slp.tv\/2019\/wp-content\/uploads\/2019\/08\/845.png","type":"image\/png"}],"author":"edicionweb","twitter_card":"summary_large_image","twitter_creator":"@canal7_slp","twitter_site":"@canal7_slp","twitter_misc":{"Escrito por":"edicionweb","Tiempo de lectura":"2 minutos"},"schema":{"@context":"https:\/\/schema.org","@graph":[{"@type":"Article","@id":"https:\/\/canal7slp.tv\/2019\/cancilleres-de-corea-del-sur-y-japon-mantienen-tensas-conversaciones\/#article","isPartOf":{"@id":"https:\/\/canal7slp.tv\/2019\/cancilleres-de-corea-del-sur-y-japon-mantienen-tensas-conversaciones\/"},"author":{"name":"edicionweb","@id":"https:\/\/canal7slp.tv\/2019\/#\/schema\/person\/11d941c1c6ca30ac0a46b95fa37aa2e3"},"headline":"Cancilleres de Corea del Sur y Jap\u00f3n mantienen tensas conversaciones","datePublished":"2019-08-01T13:27:44+00:00","mainEntityOfPage":{"@id":"https:\/\/canal7slp.tv\/2019\/cancilleres-de-corea-del-sur-y-japon-mantienen-tensas-conversaciones\/"},"wordCount":401,"commentCount":0,"publisher":{"@id":"https:\/\/canal7slp.tv\/2019\/#organization"},"image":{"@id":"https:\/\/canal7slp.tv\/2019\/cancilleres-de-corea-del-sur-y-japon-mantienen-tensas-conversaciones\/#primaryimage"},"thumbnailUrl":"https:\/\/canal7slp.tv\/2019\/wp-content\/uploads\/2019\/08\/845.png","articleSection":["INTERNACIONAL"],"inLanguage":"es","potentialAction":[{"@type":"CommentAction","name":"Comment","target":["https:\/\/canal7slp.tv\/2019\/cancilleres-de-corea-del-sur-y-japon-mantienen-tensas-conversaciones\/#respond"]}]},{"@type":"WebPage","@id":"https:\/\/canal7slp.tv\/2019\/cancilleres-de-corea-del-sur-y-japon-mantienen-tensas-conversaciones\/","url":"https:\/\/canal7slp.tv\/2019\/cancilleres-de-corea-del-sur-y-japon-mantienen-tensas-conversaciones\/","name":"Cancilleres de Corea del Sur y Jap\u00f3n mantienen tensas conversaciones - Canal 7 SLP - 2019","isPartOf":{"@id":"https:\/\/canal7slp.tv\/2019\/#website"},"primaryImageOfPage":{"@id":"https:\/\/canal7slp.tv\/2019\/cancilleres-de-corea-del-sur-y-japon-mantienen-tensas-conversaciones\/#primaryimage"},"image":{"@id":"https:\/\/canal7slp.tv\/2019\/cancilleres-de-corea-del-sur-y-japon-mantienen-tensas-conversaciones\/#primaryimage"},"thumbnailUrl":"https:\/\/canal7slp.tv\/2019\/wp-content\/uploads\/2019\/08\/845.png","datePublished":"2019-08-01T13:27:44+00:00","breadcrumb":{"@id":"https:\/\/canal7slp.tv\/2019\/cancilleres-de-corea-del-sur-y-japon-mantienen-tensas-conversaciones\/#breadcrumb"},"inLanguage":"es","potentialAction":[{"@type":"ReadAction","target":["https:\/\/canal7slp.tv\/2019\/cancilleres-de-corea-del-sur-y-japon-mantienen-tensas-conversaciones\/"]}]},{"@type":"ImageObject","inLanguage":"es","@id":"https:\/\/canal7slp.tv\/2019\/cancilleres-de-corea-del-sur-y-japon-mantienen-tensas-conversaciones\/#primaryimage","url":"https:\/\/canal7slp.tv\/2019\/wp-content\/uploads\/2019\/08\/845.png","contentUrl":"https:\/\/canal7slp.tv\/2019\/wp-content\/uploads\/2019\/08\/845.png","width":728,"height":410},{"@type":"BreadcrumbList","@id":"https:\/\/canal7slp.tv\/2019\/cancilleres-de-corea-del-sur-y-japon-mantienen-tensas-conversaciones\/#breadcrumb","itemListElement":[{"@type":"ListItem","position":1,"name":"Home","item":"https:\/\/canal7slp.tv\/2019\/"},{"@type":"ListItem","position":2,"name":"Cancilleres de Corea del Sur y Jap\u00f3n mantienen tensas conversaciones"}]},{"@type":"WebSite","@id":"https:\/\/canal7slp.tv\/2019\/#website","url":"https:\/\/canal7slp.tv\/2019\/","name":"Canal 7 SLP - Somos TV","description":"Somos un Canal de 10","publisher":{"@id":"https:\/\/canal7slp.tv\/2019\/#organization"},"potentialAction":[{"@type":"SearchAction","target":{"@type":"EntryPoint","urlTemplate":"https:\/\/canal7slp.tv\/2019\/?s={search_term_string}"},"query-input":{"@type":"PropertyValueSpecification","valueRequired":true,"valueName":"search_term_string"}}],"inLanguage":"es"},{"@type":"Organization","@id":"https:\/\/canal7slp.tv\/2019\/#organization","name":"Comunicaci\u00f3n 2000 S.A. de C.V.","url":"https:\/\/canal7slp.tv\/2019\/","logo":{"@type":"ImageObject","inLanguage":"es","@id":"https:\/\/canal7slp.tv\/2019\/#\/schema\/logo\/image\/","url":"https:\/\/canal7slp.tv\/2019\/wp-content\/uploads\/2019\/07\/logo-c7.png","contentUrl":"https:\/\/canal7slp.tv\/2019\/wp-content\/uploads\/2019\/07\/logo-c7.png","width":220,"height":60,"caption":"Comunicaci\u00f3n 2000 S.A. de C.V."},"image":{"@id":"https:\/\/canal7slp.tv\/2019\/#\/schema\/logo\/image\/"},"sameAs":["https:\/\/www.facebook.com\/CANAL7SLP\/","https:\/\/x.com\/canal7_slp","https:\/\/www.instagram.com\/canal7_slp","https:\/\/www.youtube.com\/user\/NOTICIEROSCANAL7SLP\/"]},{"@type":"Person","@id":"https:\/\/canal7slp.tv\/2019\/#\/schema\/person\/11d941c1c6ca30ac0a46b95fa37aa2e3","name":"edicionweb","image":{"@type":"ImageObject","inLanguage":"es","@id":"https:\/\/secure.gravatar.com\/avatar\/eee448fc3f7164808013b816ba91ac7e43bbe82a70bebac296f8bc6f0addaa1a?s=96&d=mm&r=g","url":"https:\/\/secure.gravatar.com\/avatar\/eee448fc3f7164808013b816ba91ac7e43bbe82a70bebac296f8bc6f0addaa1a?s=96&d=mm&r=g","contentUrl":"https:\/\/secure.gravatar.com\/avatar\/eee448fc3f7164808013b816ba91ac7e43bbe82a70bebac296f8bc6f0addaa1a?s=96&d=mm&r=g","caption":"edicionweb"}}]}},"amp_enabled":true,"cmb2":{"video_ids_in_playlist":{"vid_p_videos":""},"video_ids_in_channel":{"vid_c_videos":""},"playlist_ids_in_channel":{"vid_c_playlists":""},"series_ids_in_channel":{"vid_c_series":""},"channel_images":{"vid_c_logo":"","vid_c_banner":""},"poster_feature_image":{"vid_m_poster_image":""},"gif_feature_image":{"vid_m_gif_image":""},"video_movie_settings":{"vid_m_director":"","vid_m_actor":"","vid_m_imdb_ratings":"","vid_m_amazon_associates":""},"vid_youtube_broadcasts_settings":{"vid_yb_broadcast_title":"","vid_yb_q":"","vid_yb_channelid":"","vid_yb_videocategoryid":"","vid_yb_maxresults":"","vid_yb_order":"","vid_yb_regioncode":"","vid_yb_videosyndicated":"","vid_yb_style":"","vid_yb_reload_first":""},"video_series_settings":{"vid_m_director":"","vid_m_actor":"","vid_m_imdb_ratings":"","video_series_group":""},"amazon_associates_settings":{"amazon_associates":"","amazon_native_ad":""},"vid_youtube_automatic_settings":{"vid_ya_youtube_source":"","vid_ya_update_every":"","vid_ya_update_unit":"","vid_ya_categories":"","vid_ya_published_after":"","vid_ya_published_before":"","vid_ya_playlists":"","vid_ya_channels":"","vid_ya_director":"","vid_ya_actor":"","vid_ya_author":"","vid_ya_import_post_date":"","vid_ya_status":"","vid_ya_sub_api_key":""},"vid_ads_m_videoads_settings_post":{"vid_ads_m_video_ads":"","vid_ads_m_video_ads_type":"","vid_ads_m_group_google_ima":"","vid_ads_m_group_image":"","vid_ads_m_group_html5_video":"","vid_ads_m_group_html":"","vid_ads_m_vast_preroll":"","vid_ads_m_vast_postroll":"","vid_ads_m_vast_pauseroll":"","vid_ads_m_vast_midroll":[{"vid_ads_m_vast_timer_seconds":"50"}],"vid_ads_m_time_to_show_ads":"","vid_ads_m_time_skip_ads":"","vid_ads_m_time_to_hide_ads":""},"page_slider_settings":{"display_slider_group":"","page_slider_group":""},"blog_page_settings":{"blog_page_title":"","blog_page_heading":"","blog_page_ic":"","blog_page_it":"","blog_page_ec":"","blog_page_ip":"","archive_loop_style":"","blog_image_ratio":"","blog_show_categories":"","blog_show_excerpt":"","blog_show_author":"","blog_show_date":"","blog_show_comment_count":"","blog_show_view_count":"","blog_show_like_count":"","blog_show_dislike_count":"","blog_items_per_page":"","blog_pag_type":""},"page_options":{"get_page_template":"","color_mode":"","main_layout":"","main_layout_full_with":"","main_logo":"","main_logo_retina":"","main_logo_mobile":"","main_logo_mobile_retina":"","sticky_logo":"","sticky_logo_retina":"","main_nav_layout":"","ajax_search":"","header_background":"","theme_sidebar":"","instagram_feed":"","instagram_feed_position":"","popular_videos":"","popular_videos_title_1":"","popular_videos_title_2":"","popular_videos_ic":"","popular_videos_it":"","theme_background":"","page_custom_css":""},"feature_image_settings":{"feature_image_position":""},"video_player_settings":{"single_video_style":"","video_player_position":"","vm_video_url":"","video_player_library":"","video_streaming":"","vm_media_sources":"","vid_auto_play":"","vm_video_shortcode":"","vid_p_sync_playlist":"","vid_c_sync_channel":"","get_post_format":"","multiple_links_structure":"default","multi_links_title":"","vm_video_multi_links":"","vm_duration":"","vid_social_locker":"off","vid_social_locker_id":"","vid_membership_action":"content-video","vm_video_trailer_url":"","vid_download_type":"free","vid_download_target":"download","vid_woo_product":"","vm_media_download":"","user_rating":"","user_rating_position":"","user_rating_mode":"","user_rating_multi_sets":""},"video_auto_fetch_settings":{"vm_video_fetch":"on"},"video_fake_views_likes":{"vm_fake_views":"","vm_fake_likes":"","vm_fake_dislikes":""},"gallery_settings":{"gallery_position":""},"quote_settings":{"quote_position":""},"post_options":{"main_layout":"","main_logo":"","main_logo_retina":"","main_logo_mobile":"","main_logo_mobile_retina":"","sticky_logo":"","sticky_logo_retina":"","main_nav_layout":"","header_background":"","theme_sidebar":"","single_post_comment_type":"","theme_background":""}},"_links":{"self":[{"href":"https:\/\/canal7slp.tv\/2019\/wp-json\/wp\/v2\/posts\/43191","targetHints":{"allow":["GET"]}}],"collection":[{"href":"https:\/\/canal7slp.tv\/2019\/wp-json\/wp\/v2\/posts"}],"about":[{"href":"https:\/\/canal7slp.tv\/2019\/wp-json\/wp\/v2\/types\/post"}],"author":[{"embeddable":true,"href":"https:\/\/canal7slp.tv\/2019\/wp-json\/wp\/v2\/users\/2"}],"replies":[{"embeddable":true,"href":"https:\/\/canal7slp.tv\/2019\/wp-json\/wp\/v2\/comments?post=43191"}],"version-history":[{"count":0,"href":"https:\/\/canal7slp.tv\/2019\/wp-json\/wp\/v2\/posts\/43191\/revisions"}],"wp:featuredmedia":[{"embeddable":true,"href":"https:\/\/canal7slp.tv\/2019\/wp-json\/wp\/v2\/media\/43192"}],"wp:attachment":[{"href":"https:\/\/canal7slp.tv\/2019\/wp-json\/wp\/v2\/media?parent=43191"}],"wp:term":[{"taxonomy":"category","embeddable":true,"href":"https:\/\/canal7slp.tv\/2019\/wp-json\/wp\/v2\/categories?post=43191"},{"taxonomy":"post_tag","embeddable":true,"href":"https:\/\/canal7slp.tv\/2019\/wp-json\/wp\/v2\/tags?post=43191"}],"curies":[{"name":"wp","href":"https:\/\/api.w.org\/{rel}","templated":true}]}}