{"id":43178,"date":"2019-07-31T20:02:25","date_gmt":"2019-08-01T01:02:25","guid":{"rendered":"https:\/\/canal7slp.tv\/2019\/?p=43178"},"modified":"2019-07-31T20:02:25","modified_gmt":"2019-08-01T01:02:25","slug":"avanza-creacion-de-convocatoria-para-eleccion-de-titular-de-la-direccion-de-atencion-a-grupos-originarios-en-la-capital","status":"publish","type":"post","link":"https:\/\/canal7slp.tv\/2019\/avanza-creacion-de-convocatoria-para-eleccion-de-titular-de-la-direccion-de-atencion-a-grupos-originarios-en-la-capital\/","title":{"rendered":"Avanza creaci\u00f3n de convocatoria para elecci\u00f3n de titular de la Direcci\u00f3n de Atenci\u00f3n a Grupos Originarios en la capital"},"content":{"rendered":"<p style=\"text-align: justify;\">SLP.- El Secretario T\u00e9cnico Municipal, Jorge Arias Hern\u00e1ndez, inform\u00f3 que, durante la pasada Sesi\u00f3n Conjunta de Derechos Humanos y Asuntos Ind\u00edgenas, se dio seguimiento al an\u00e1lisis de la Convocatoria para la designaci\u00f3n del titular de la Direcci\u00f3n de Atenci\u00f3n a Grupos Originarios, ya que lo que establece la ley es que las propias comunidades tienen que designar a \u00e9l o la titular, y lo \u00fanico que hace el Presidente Municipal, Xavier Nava Palacios, es ratificar la determinaci\u00f3n de los pueblos ind\u00edgenas.<\/p>\n<p style=\"text-align: justify;\">\u201cLo que ayer analizamos con los regidores fue la forma de la convocatoria, ya que esta fue trabajada por los diferentes grupos originarios, pero lo que ahora se tiene que hacer es dictaminar si la propuesta de la convocatoria es como debe de publicarse; de momento se determinaron algunas modificaciones, que ser\u00e1n expuestas ante los grupos ind\u00edgenas y posteriormente presentadas a Cabildo\u201d.<\/p>\n<p style=\"text-align: justify;\">Recalc\u00f3 que la convocatoria debe de ser muy espec\u00edfica para que se cumpla con el perfil de la persona que se requiere al frente de la Direcci\u00f3n de Atenci\u00f3n a Grupos Originarios, quien deber\u00e1 de mantener usos y costumbres de los pueblos ind\u00edgenas, tener conocimiento de lo que implica ser representante y participante de los grupos originarios.<\/p>\n<p style=\"text-align: justify;\">Por lo anterior se determin\u00f3 que los interesados en postularse a dicho cargo deber\u00e1n de acreditar que son ciudadanos mexicanos, adem\u00e1s de entregar documentos oficiales como identificaci\u00f3n y constancia de que radican en SLP, entre otra documentaci\u00f3n general; pero adem\u00e1s y muy importante, es que el o la postulante deber\u00e1 de entregar un acta de la asamblea de su comunidad que avale que tiene el respaldo de los integrantes de la zona ind\u00edgena donde radica.<\/p>\n<p style=\"text-align: justify;\">\u201cA\u00fan se est\u00e1 analizando aun si el acta debe de ser o no obligatoria, esto en t\u00e9rminos de que ello podr\u00eda ser un tanto restrictiva, ya que lo que queremos es cuidar la voluntad de los pueblos, pero tambi\u00e9n la posible impugnaci\u00f3n del proceso, y esa es la parte que le compete al Ayuntamiento, a fin de hacer que el proceso sea en apego a la ley, pero tambi\u00e9n conforme a lo que quieran las diferentes comunidades\u201d.<\/p>\n<p style=\"text-align: justify;\">Una vez que los compa\u00f1eros de los pueblos ind\u00edgenas avalen las modificaciones a la Convocatoria, y esta haya quedado conforme a sus intereses y en apego a la ley, entonces el dictamen de esta ser\u00e1 presentado en Sesi\u00f3n de Cabildo, para que sea votado y posteriormente publicado; por lo que se espera que sea a finales del mes de septiembre ya se tenga una resoluci\u00f3n definitiva de quien ocupar\u00e1 el cargo de titular de Atenci\u00f3n a Grupos Originarios.<\/p>\n<p style=\"text-align: justify;\">En \u00faltimo punto recalc\u00f3 que el Cabildo \u00fanicamente va a encargarse de aprobar la Convocatoria, es decir la metodolog\u00eda de la elecci\u00f3n del Director de Atenci\u00f3n a Grupos Originarios, y ser\u00e1n los integrantes de los pueblos ind\u00edgenas quienes elijan al funcionario, el cual a su vez ser\u00e1 ratificado por el Presidente Municipal.<\/p>\n","protected":false},"excerpt":{"rendered":"<p>SLP.- El Secretario T\u00e9cnico Municipal, Jorge Arias Hern\u00e1ndez, inform\u00f3 que, durante la pasada Sesi\u00f3n Conjunta de Derechos Humanos y Asuntos Ind\u00edgenas, se dio seguimiento al an\u00e1lisis de la Convocatoria para la designaci\u00f3n del titular de la Direcci\u00f3n de Atenci\u00f3n a Grupos Originarios, ya que lo que establece la ley es que las propias comunidades tienen [&hellip;]<\/p>\n","protected":false},"author":2,"featured_media":43179,"comment_status":"open","ping_status":"closed","sticky":false,"template":"","format":"standard","meta":{"footnotes":""},"categories":[17],"tags":[],"class_list":["post-43178","post","type-post","status-publish","format-standard","has-post-thumbnail","hentry","category-localesyregionales"],"yoast_head":"<!-- This site is optimized with the Yoast SEO plugin v27.4 - https:\/\/yoast.com\/product\/yoast-seo-wordpress\/ -->\n<title>Avanza creaci\u00f3n de convocatoria para elecci\u00f3n de titular de la Direcci\u00f3n de Atenci\u00f3n a Grupos Originarios en la capital - Canal 7 SLP - 2019<\/title>\n<meta name=\"robots\" content=\"index, follow, max-snippet:-1, max-image-preview:large, max-video-preview:-1\" \/>\n<link rel=\"canonical\" href=\"https:\/\/canal7slp.tv\/2019\/avanza-creacion-de-convocatoria-para-eleccion-de-titular-de-la-direccion-de-atencion-a-grupos-originarios-en-la-capital\/\" \/>\n<meta property=\"og:locale\" content=\"es_ES\" \/>\n<meta property=\"og:type\" content=\"article\" \/>\n<meta property=\"og:title\" content=\"Avanza creaci\u00f3n de convocatoria para elecci\u00f3n de titular de la Direcci\u00f3n de Atenci\u00f3n a Grupos Originarios en la capital - Canal 7 SLP - 2019\" \/>\n<meta property=\"og:description\" content=\"SLP.- El Secretario T\u00e9cnico Municipal, Jorge Arias Hern\u00e1ndez, inform\u00f3 que, durante la pasada Sesi\u00f3n Conjunta de Derechos Humanos y Asuntos Ind\u00edgenas, se dio seguimiento al an\u00e1lisis de la Convocatoria para la designaci\u00f3n del titular de la Direcci\u00f3n de Atenci\u00f3n a Grupos Originarios, ya que lo que establece la ley es que las propias comunidades tienen [&hellip;]\" \/>\n<meta property=\"og:url\" content=\"https:\/\/canal7slp.tv\/2019\/avanza-creacion-de-convocatoria-para-eleccion-de-titular-de-la-direccion-de-atencion-a-grupos-originarios-en-la-capital\/\" \/>\n<meta property=\"og:site_name\" content=\"Canal 7 SLP - 2019\" \/>\n<meta property=\"article:publisher\" content=\"https:\/\/www.facebook.com\/CANAL7SLP\/\" \/>\n<meta property=\"article:published_time\" content=\"2019-08-01T01:02:25+00:00\" \/>\n<meta property=\"og:image\" content=\"https:\/\/canal7slp.tv\/2019\/wp-content\/uploads\/2019\/07\/a5.jpg\" \/>\n\t<meta property=\"og:image:width\" content=\"614\" \/>\n\t<meta property=\"og:image:height\" content=\"410\" \/>\n\t<meta property=\"og:image:type\" content=\"image\/jpeg\" \/>\n<meta name=\"author\" content=\"edicionweb\" \/>\n<meta name=\"twitter:card\" content=\"summary_large_image\" \/>\n<meta name=\"twitter:creator\" content=\"@canal7_slp\" \/>\n<meta name=\"twitter:site\" content=\"@canal7_slp\" \/>\n<meta name=\"twitter:label1\" content=\"Escrito por\" \/>\n\t<meta name=\"twitter:data1\" content=\"edicionweb\" \/>\n\t<meta name=\"twitter:label2\" content=\"Tiempo de lectura\" \/>\n\t<meta name=\"twitter:data2\" content=\"3 minutos\" \/>\n<script type=\"application\/ld+json\" class=\"yoast-schema-graph\">{\"@context\":\"https:\\\/\\\/schema.org\",\"@graph\":[{\"@type\":\"Article\",\"@id\":\"https:\\\/\\\/canal7slp.tv\\\/2019\\\/avanza-creacion-de-convocatoria-para-eleccion-de-titular-de-la-direccion-de-atencion-a-grupos-originarios-en-la-capital\\\/#article\",\"isPartOf\":{\"@id\":\"https:\\\/\\\/canal7slp.tv\\\/2019\\\/avanza-creacion-de-convocatoria-para-eleccion-de-titular-de-la-direccion-de-atencion-a-grupos-originarios-en-la-capital\\\/\"},\"author\":{\"name\":\"edicionweb\",\"@id\":\"https:\\\/\\\/canal7slp.tv\\\/2019\\\/#\\\/schema\\\/person\\\/11d941c1c6ca30ac0a46b95fa37aa2e3\"},\"headline\":\"Avanza creaci\u00f3n de convocatoria para elecci\u00f3n de titular de la Direcci\u00f3n de Atenci\u00f3n a Grupos Originarios en la capital\",\"datePublished\":\"2019-08-01T01:02:25+00:00\",\"mainEntityOfPage\":{\"@id\":\"https:\\\/\\\/canal7slp.tv\\\/2019\\\/avanza-creacion-de-convocatoria-para-eleccion-de-titular-de-la-direccion-de-atencion-a-grupos-originarios-en-la-capital\\\/\"},\"wordCount\":544,\"commentCount\":0,\"publisher\":{\"@id\":\"https:\\\/\\\/canal7slp.tv\\\/2019\\\/#organization\"},\"image\":{\"@id\":\"https:\\\/\\\/canal7slp.tv\\\/2019\\\/avanza-creacion-de-convocatoria-para-eleccion-de-titular-de-la-direccion-de-atencion-a-grupos-originarios-en-la-capital\\\/#primaryimage\"},\"thumbnailUrl\":\"https:\\\/\\\/canal7slp.tv\\\/2019\\\/wp-content\\\/uploads\\\/2019\\\/07\\\/a5.jpg\",\"articleSection\":[\"LOCALES Y REGIONALES\"],\"inLanguage\":\"es\",\"potentialAction\":[{\"@type\":\"CommentAction\",\"name\":\"Comment\",\"target\":[\"https:\\\/\\\/canal7slp.tv\\\/2019\\\/avanza-creacion-de-convocatoria-para-eleccion-de-titular-de-la-direccion-de-atencion-a-grupos-originarios-en-la-capital\\\/#respond\"]}]},{\"@type\":\"WebPage\",\"@id\":\"https:\\\/\\\/canal7slp.tv\\\/2019\\\/avanza-creacion-de-convocatoria-para-eleccion-de-titular-de-la-direccion-de-atencion-a-grupos-originarios-en-la-capital\\\/\",\"url\":\"https:\\\/\\\/canal7slp.tv\\\/2019\\\/avanza-creacion-de-convocatoria-para-eleccion-de-titular-de-la-direccion-de-atencion-a-grupos-originarios-en-la-capital\\\/\",\"name\":\"Avanza creaci\u00f3n de convocatoria para elecci\u00f3n de titular de la Direcci\u00f3n de Atenci\u00f3n a Grupos Originarios en la capital - Canal 7 SLP - 2019\",\"isPartOf\":{\"@id\":\"https:\\\/\\\/canal7slp.tv\\\/2019\\\/#website\"},\"primaryImageOfPage\":{\"@id\":\"https:\\\/\\\/canal7slp.tv\\\/2019\\\/avanza-creacion-de-convocatoria-para-eleccion-de-titular-de-la-direccion-de-atencion-a-grupos-originarios-en-la-capital\\\/#primaryimage\"},\"image\":{\"@id\":\"https:\\\/\\\/canal7slp.tv\\\/2019\\\/avanza-creacion-de-convocatoria-para-eleccion-de-titular-de-la-direccion-de-atencion-a-grupos-originarios-en-la-capital\\\/#primaryimage\"},\"thumbnailUrl\":\"https:\\\/\\\/canal7slp.tv\\\/2019\\\/wp-content\\\/uploads\\\/2019\\\/07\\\/a5.jpg\",\"datePublished\":\"2019-08-01T01:02:25+00:00\",\"breadcrumb\":{\"@id\":\"https:\\\/\\\/canal7slp.tv\\\/2019\\\/avanza-creacion-de-convocatoria-para-eleccion-de-titular-de-la-direccion-de-atencion-a-grupos-originarios-en-la-capital\\\/#breadcrumb\"},\"inLanguage\":\"es\",\"potentialAction\":[{\"@type\":\"ReadAction\",\"target\":[\"https:\\\/\\\/canal7slp.tv\\\/2019\\\/avanza-creacion-de-convocatoria-para-eleccion-de-titular-de-la-direccion-de-atencion-a-grupos-originarios-en-la-capital\\\/\"]}]},{\"@type\":\"ImageObject\",\"inLanguage\":\"es\",\"@id\":\"https:\\\/\\\/canal7slp.tv\\\/2019\\\/avanza-creacion-de-convocatoria-para-eleccion-de-titular-de-la-direccion-de-atencion-a-grupos-originarios-en-la-capital\\\/#primaryimage\",\"url\":\"https:\\\/\\\/canal7slp.tv\\\/2019\\\/wp-content\\\/uploads\\\/2019\\\/07\\\/a5.jpg\",\"contentUrl\":\"https:\\\/\\\/canal7slp.tv\\\/2019\\\/wp-content\\\/uploads\\\/2019\\\/07\\\/a5.jpg\",\"width\":614,\"height\":410},{\"@type\":\"BreadcrumbList\",\"@id\":\"https:\\\/\\\/canal7slp.tv\\\/2019\\\/avanza-creacion-de-convocatoria-para-eleccion-de-titular-de-la-direccion-de-atencion-a-grupos-originarios-en-la-capital\\\/#breadcrumb\",\"itemListElement\":[{\"@type\":\"ListItem\",\"position\":1,\"name\":\"Home\",\"item\":\"https:\\\/\\\/canal7slp.tv\\\/2019\\\/\"},{\"@type\":\"ListItem\",\"position\":2,\"name\":\"Avanza creaci\u00f3n de convocatoria para elecci\u00f3n de titular de la Direcci\u00f3n de Atenci\u00f3n a Grupos Originarios en la capital\"}]},{\"@type\":\"WebSite\",\"@id\":\"https:\\\/\\\/canal7slp.tv\\\/2019\\\/#website\",\"url\":\"https:\\\/\\\/canal7slp.tv\\\/2019\\\/\",\"name\":\"Canal 7 SLP - Somos TV\",\"description\":\"Somos un Canal de 10\",\"publisher\":{\"@id\":\"https:\\\/\\\/canal7slp.tv\\\/2019\\\/#organization\"},\"potentialAction\":[{\"@type\":\"SearchAction\",\"target\":{\"@type\":\"EntryPoint\",\"urlTemplate\":\"https:\\\/\\\/canal7slp.tv\\\/2019\\\/?s={search_term_string}\"},\"query-input\":{\"@type\":\"PropertyValueSpecification\",\"valueRequired\":true,\"valueName\":\"search_term_string\"}}],\"inLanguage\":\"es\"},{\"@type\":\"Organization\",\"@id\":\"https:\\\/\\\/canal7slp.tv\\\/2019\\\/#organization\",\"name\":\"Comunicaci\u00f3n 2000 S.A. de C.V.\",\"url\":\"https:\\\/\\\/canal7slp.tv\\\/2019\\\/\",\"logo\":{\"@type\":\"ImageObject\",\"inLanguage\":\"es\",\"@id\":\"https:\\\/\\\/canal7slp.tv\\\/2019\\\/#\\\/schema\\\/logo\\\/image\\\/\",\"url\":\"https:\\\/\\\/canal7slp.tv\\\/2019\\\/wp-content\\\/uploads\\\/2019\\\/07\\\/logo-c7.png\",\"contentUrl\":\"https:\\\/\\\/canal7slp.tv\\\/2019\\\/wp-content\\\/uploads\\\/2019\\\/07\\\/logo-c7.png\",\"width\":220,\"height\":60,\"caption\":\"Comunicaci\u00f3n 2000 S.A. de C.V.\"},\"image\":{\"@id\":\"https:\\\/\\\/canal7slp.tv\\\/2019\\\/#\\\/schema\\\/logo\\\/image\\\/\"},\"sameAs\":[\"https:\\\/\\\/www.facebook.com\\\/CANAL7SLP\\\/\",\"https:\\\/\\\/x.com\\\/canal7_slp\",\"https:\\\/\\\/www.instagram.com\\\/canal7_slp\",\"https:\\\/\\\/www.youtube.com\\\/user\\\/NOTICIEROSCANAL7SLP\\\/\"]},{\"@type\":\"Person\",\"@id\":\"https:\\\/\\\/canal7slp.tv\\\/2019\\\/#\\\/schema\\\/person\\\/11d941c1c6ca30ac0a46b95fa37aa2e3\",\"name\":\"edicionweb\",\"image\":{\"@type\":\"ImageObject\",\"inLanguage\":\"es\",\"@id\":\"https:\\\/\\\/secure.gravatar.com\\\/avatar\\\/eee448fc3f7164808013b816ba91ac7e43bbe82a70bebac296f8bc6f0addaa1a?s=96&d=mm&r=g\",\"url\":\"https:\\\/\\\/secure.gravatar.com\\\/avatar\\\/eee448fc3f7164808013b816ba91ac7e43bbe82a70bebac296f8bc6f0addaa1a?s=96&d=mm&r=g\",\"contentUrl\":\"https:\\\/\\\/secure.gravatar.com\\\/avatar\\\/eee448fc3f7164808013b816ba91ac7e43bbe82a70bebac296f8bc6f0addaa1a?s=96&d=mm&r=g\",\"caption\":\"edicionweb\"}}]}<\/script>\n<!-- \/ Yoast SEO plugin. -->","yoast_head_json":{"title":"Avanza creaci\u00f3n de convocatoria para elecci\u00f3n de titular de la Direcci\u00f3n de Atenci\u00f3n a Grupos Originarios en la capital - Canal 7 SLP - 2019","robots":{"index":"index","follow":"follow","max-snippet":"max-snippet:-1","max-image-preview":"max-image-preview:large","max-video-preview":"max-video-preview:-1"},"canonical":"https:\/\/canal7slp.tv\/2019\/avanza-creacion-de-convocatoria-para-eleccion-de-titular-de-la-direccion-de-atencion-a-grupos-originarios-en-la-capital\/","og_locale":"es_ES","og_type":"article","og_title":"Avanza creaci\u00f3n de convocatoria para elecci\u00f3n de titular de la Direcci\u00f3n de Atenci\u00f3n a Grupos Originarios en la capital - Canal 7 SLP - 2019","og_description":"SLP.- El Secretario T\u00e9cnico Municipal, Jorge Arias Hern\u00e1ndez, inform\u00f3 que, durante la pasada Sesi\u00f3n Conjunta de Derechos Humanos y Asuntos Ind\u00edgenas, se dio seguimiento al an\u00e1lisis de la Convocatoria para la designaci\u00f3n del titular de la Direcci\u00f3n de Atenci\u00f3n a Grupos Originarios, ya que lo que establece la ley es que las propias comunidades tienen [&hellip;]","og_url":"https:\/\/canal7slp.tv\/2019\/avanza-creacion-de-convocatoria-para-eleccion-de-titular-de-la-direccion-de-atencion-a-grupos-originarios-en-la-capital\/","og_site_name":"Canal 7 SLP - 2019","article_publisher":"https:\/\/www.facebook.com\/CANAL7SLP\/","article_published_time":"2019-08-01T01:02:25+00:00","og_image":[{"width":614,"height":410,"url":"https:\/\/canal7slp.tv\/2019\/wp-content\/uploads\/2019\/07\/a5.jpg","type":"image\/jpeg"}],"author":"edicionweb","twitter_card":"summary_large_image","twitter_creator":"@canal7_slp","twitter_site":"@canal7_slp","twitter_misc":{"Escrito por":"edicionweb","Tiempo de lectura":"3 minutos"},"schema":{"@context":"https:\/\/schema.org","@graph":[{"@type":"Article","@id":"https:\/\/canal7slp.tv\/2019\/avanza-creacion-de-convocatoria-para-eleccion-de-titular-de-la-direccion-de-atencion-a-grupos-originarios-en-la-capital\/#article","isPartOf":{"@id":"https:\/\/canal7slp.tv\/2019\/avanza-creacion-de-convocatoria-para-eleccion-de-titular-de-la-direccion-de-atencion-a-grupos-originarios-en-la-capital\/"},"author":{"name":"edicionweb","@id":"https:\/\/canal7slp.tv\/2019\/#\/schema\/person\/11d941c1c6ca30ac0a46b95fa37aa2e3"},"headline":"Avanza creaci\u00f3n de convocatoria para elecci\u00f3n de titular de la Direcci\u00f3n de Atenci\u00f3n a Grupos Originarios en la capital","datePublished":"2019-08-01T01:02:25+00:00","mainEntityOfPage":{"@id":"https:\/\/canal7slp.tv\/2019\/avanza-creacion-de-convocatoria-para-eleccion-de-titular-de-la-direccion-de-atencion-a-grupos-originarios-en-la-capital\/"},"wordCount":544,"commentCount":0,"publisher":{"@id":"https:\/\/canal7slp.tv\/2019\/#organization"},"image":{"@id":"https:\/\/canal7slp.tv\/2019\/avanza-creacion-de-convocatoria-para-eleccion-de-titular-de-la-direccion-de-atencion-a-grupos-originarios-en-la-capital\/#primaryimage"},"thumbnailUrl":"https:\/\/canal7slp.tv\/2019\/wp-content\/uploads\/2019\/07\/a5.jpg","articleSection":["LOCALES Y REGIONALES"],"inLanguage":"es","potentialAction":[{"@type":"CommentAction","name":"Comment","target":["https:\/\/canal7slp.tv\/2019\/avanza-creacion-de-convocatoria-para-eleccion-de-titular-de-la-direccion-de-atencion-a-grupos-originarios-en-la-capital\/#respond"]}]},{"@type":"WebPage","@id":"https:\/\/canal7slp.tv\/2019\/avanza-creacion-de-convocatoria-para-eleccion-de-titular-de-la-direccion-de-atencion-a-grupos-originarios-en-la-capital\/","url":"https:\/\/canal7slp.tv\/2019\/avanza-creacion-de-convocatoria-para-eleccion-de-titular-de-la-direccion-de-atencion-a-grupos-originarios-en-la-capital\/","name":"Avanza creaci\u00f3n de convocatoria para elecci\u00f3n de titular de la Direcci\u00f3n de Atenci\u00f3n a Grupos Originarios en la capital - Canal 7 SLP - 2019","isPartOf":{"@id":"https:\/\/canal7slp.tv\/2019\/#website"},"primaryImageOfPage":{"@id":"https:\/\/canal7slp.tv\/2019\/avanza-creacion-de-convocatoria-para-eleccion-de-titular-de-la-direccion-de-atencion-a-grupos-originarios-en-la-capital\/#primaryimage"},"image":{"@id":"https:\/\/canal7slp.tv\/2019\/avanza-creacion-de-convocatoria-para-eleccion-de-titular-de-la-direccion-de-atencion-a-grupos-originarios-en-la-capital\/#primaryimage"},"thumbnailUrl":"https:\/\/canal7slp.tv\/2019\/wp-content\/uploads\/2019\/07\/a5.jpg","datePublished":"2019-08-01T01:02:25+00:00","breadcrumb":{"@id":"https:\/\/canal7slp.tv\/2019\/avanza-creacion-de-convocatoria-para-eleccion-de-titular-de-la-direccion-de-atencion-a-grupos-originarios-en-la-capital\/#breadcrumb"},"inLanguage":"es","potentialAction":[{"@type":"ReadAction","target":["https:\/\/canal7slp.tv\/2019\/avanza-creacion-de-convocatoria-para-eleccion-de-titular-de-la-direccion-de-atencion-a-grupos-originarios-en-la-capital\/"]}]},{"@type":"ImageObject","inLanguage":"es","@id":"https:\/\/canal7slp.tv\/2019\/avanza-creacion-de-convocatoria-para-eleccion-de-titular-de-la-direccion-de-atencion-a-grupos-originarios-en-la-capital\/#primaryimage","url":"https:\/\/canal7slp.tv\/2019\/wp-content\/uploads\/2019\/07\/a5.jpg","contentUrl":"https:\/\/canal7slp.tv\/2019\/wp-content\/uploads\/2019\/07\/a5.jpg","width":614,"height":410},{"@type":"BreadcrumbList","@id":"https:\/\/canal7slp.tv\/2019\/avanza-creacion-de-convocatoria-para-eleccion-de-titular-de-la-direccion-de-atencion-a-grupos-originarios-en-la-capital\/#breadcrumb","itemListElement":[{"@type":"ListItem","position":1,"name":"Home","item":"https:\/\/canal7slp.tv\/2019\/"},{"@type":"ListItem","position":2,"name":"Avanza creaci\u00f3n de convocatoria para elecci\u00f3n de titular de la Direcci\u00f3n de Atenci\u00f3n a Grupos Originarios en la capital"}]},{"@type":"WebSite","@id":"https:\/\/canal7slp.tv\/2019\/#website","url":"https:\/\/canal7slp.tv\/2019\/","name":"Canal 7 SLP - Somos TV","description":"Somos un Canal de 10","publisher":{"@id":"https:\/\/canal7slp.tv\/2019\/#organization"},"potentialAction":[{"@type":"SearchAction","target":{"@type":"EntryPoint","urlTemplate":"https:\/\/canal7slp.tv\/2019\/?s={search_term_string}"},"query-input":{"@type":"PropertyValueSpecification","valueRequired":true,"valueName":"search_term_string"}}],"inLanguage":"es"},{"@type":"Organization","@id":"https:\/\/canal7slp.tv\/2019\/#organization","name":"Comunicaci\u00f3n 2000 S.A. de C.V.","url":"https:\/\/canal7slp.tv\/2019\/","logo":{"@type":"ImageObject","inLanguage":"es","@id":"https:\/\/canal7slp.tv\/2019\/#\/schema\/logo\/image\/","url":"https:\/\/canal7slp.tv\/2019\/wp-content\/uploads\/2019\/07\/logo-c7.png","contentUrl":"https:\/\/canal7slp.tv\/2019\/wp-content\/uploads\/2019\/07\/logo-c7.png","width":220,"height":60,"caption":"Comunicaci\u00f3n 2000 S.A. de C.V."},"image":{"@id":"https:\/\/canal7slp.tv\/2019\/#\/schema\/logo\/image\/"},"sameAs":["https:\/\/www.facebook.com\/CANAL7SLP\/","https:\/\/x.com\/canal7_slp","https:\/\/www.instagram.com\/canal7_slp","https:\/\/www.youtube.com\/user\/NOTICIEROSCANAL7SLP\/"]},{"@type":"Person","@id":"https:\/\/canal7slp.tv\/2019\/#\/schema\/person\/11d941c1c6ca30ac0a46b95fa37aa2e3","name":"edicionweb","image":{"@type":"ImageObject","inLanguage":"es","@id":"https:\/\/secure.gravatar.com\/avatar\/eee448fc3f7164808013b816ba91ac7e43bbe82a70bebac296f8bc6f0addaa1a?s=96&d=mm&r=g","url":"https:\/\/secure.gravatar.com\/avatar\/eee448fc3f7164808013b816ba91ac7e43bbe82a70bebac296f8bc6f0addaa1a?s=96&d=mm&r=g","contentUrl":"https:\/\/secure.gravatar.com\/avatar\/eee448fc3f7164808013b816ba91ac7e43bbe82a70bebac296f8bc6f0addaa1a?s=96&d=mm&r=g","caption":"edicionweb"}}]}},"amp_enabled":true,"cmb2":{"video_ids_in_playlist":{"vid_p_videos":""},"video_ids_in_channel":{"vid_c_videos":""},"playlist_ids_in_channel":{"vid_c_playlists":""},"series_ids_in_channel":{"vid_c_series":""},"channel_images":{"vid_c_logo":"","vid_c_banner":""},"poster_feature_image":{"vid_m_poster_image":""},"gif_feature_image":{"vid_m_gif_image":""},"video_movie_settings":{"vid_m_director":"","vid_m_actor":"","vid_m_imdb_ratings":"","vid_m_amazon_associates":""},"vid_youtube_broadcasts_settings":{"vid_yb_broadcast_title":"","vid_yb_q":"","vid_yb_channelid":"","vid_yb_videocategoryid":"","vid_yb_maxresults":"","vid_yb_order":"","vid_yb_regioncode":"","vid_yb_videosyndicated":"","vid_yb_style":"","vid_yb_reload_first":""},"video_series_settings":{"vid_m_director":"","vid_m_actor":"","vid_m_imdb_ratings":"","video_series_group":""},"amazon_associates_settings":{"amazon_associates":"","amazon_native_ad":""},"vid_youtube_automatic_settings":{"vid_ya_youtube_source":"","vid_ya_update_every":"","vid_ya_update_unit":"","vid_ya_categories":"","vid_ya_published_after":"","vid_ya_published_before":"","vid_ya_playlists":"","vid_ya_channels":"","vid_ya_director":"","vid_ya_actor":"","vid_ya_author":"","vid_ya_import_post_date":"","vid_ya_status":"","vid_ya_sub_api_key":""},"vid_ads_m_videoads_settings_post":{"vid_ads_m_video_ads":"","vid_ads_m_video_ads_type":"","vid_ads_m_group_google_ima":"","vid_ads_m_group_image":"","vid_ads_m_group_html5_video":"","vid_ads_m_group_html":"","vid_ads_m_vast_preroll":"","vid_ads_m_vast_postroll":"","vid_ads_m_vast_pauseroll":"","vid_ads_m_vast_midroll":[{"vid_ads_m_vast_timer_seconds":"50"}],"vid_ads_m_time_to_show_ads":"","vid_ads_m_time_skip_ads":"","vid_ads_m_time_to_hide_ads":""},"page_slider_settings":{"display_slider_group":"","page_slider_group":""},"blog_page_settings":{"blog_page_title":"","blog_page_heading":"","blog_page_ic":"","blog_page_it":"","blog_page_ec":"","blog_page_ip":"","archive_loop_style":"","blog_image_ratio":"","blog_show_categories":"","blog_show_excerpt":"","blog_show_author":"","blog_show_date":"","blog_show_comment_count":"","blog_show_view_count":"","blog_show_like_count":"","blog_show_dislike_count":"","blog_items_per_page":"","blog_pag_type":""},"page_options":{"get_page_template":"","color_mode":"","main_layout":"","main_layout_full_with":"","main_logo":"","main_logo_retina":"","main_logo_mobile":"","main_logo_mobile_retina":"","sticky_logo":"","sticky_logo_retina":"","main_nav_layout":"","ajax_search":"","header_background":"","theme_sidebar":"","instagram_feed":"","instagram_feed_position":"","popular_videos":"","popular_videos_title_1":"","popular_videos_title_2":"","popular_videos_ic":"","popular_videos_it":"","theme_background":"","page_custom_css":""},"feature_image_settings":{"feature_image_position":""},"video_player_settings":{"single_video_style":"","video_player_position":"","vm_video_url":"","video_player_library":"","video_streaming":"","vm_media_sources":"","vid_auto_play":"","vm_video_shortcode":"","vid_p_sync_playlist":"","vid_c_sync_channel":"","get_post_format":"","multiple_links_structure":"default","multi_links_title":"","vm_video_multi_links":"","vm_duration":"","vid_social_locker":"off","vid_social_locker_id":"","vid_membership_action":"content-video","vm_video_trailer_url":"","vid_download_type":"free","vid_download_target":"download","vid_woo_product":"","vm_media_download":"","user_rating":"","user_rating_position":"","user_rating_mode":"","user_rating_multi_sets":""},"video_auto_fetch_settings":{"vm_video_fetch":"on"},"video_fake_views_likes":{"vm_fake_views":"","vm_fake_likes":"","vm_fake_dislikes":""},"gallery_settings":{"gallery_position":""},"quote_settings":{"quote_position":""},"post_options":{"main_layout":"","main_logo":"","main_logo_retina":"","main_logo_mobile":"","main_logo_mobile_retina":"","sticky_logo":"","sticky_logo_retina":"","main_nav_layout":"","header_background":"","theme_sidebar":"","single_post_comment_type":"","theme_background":""}},"_links":{"self":[{"href":"https:\/\/canal7slp.tv\/2019\/wp-json\/wp\/v2\/posts\/43178","targetHints":{"allow":["GET"]}}],"collection":[{"href":"https:\/\/canal7slp.tv\/2019\/wp-json\/wp\/v2\/posts"}],"about":[{"href":"https:\/\/canal7slp.tv\/2019\/wp-json\/wp\/v2\/types\/post"}],"author":[{"embeddable":true,"href":"https:\/\/canal7slp.tv\/2019\/wp-json\/wp\/v2\/users\/2"}],"replies":[{"embeddable":true,"href":"https:\/\/canal7slp.tv\/2019\/wp-json\/wp\/v2\/comments?post=43178"}],"version-history":[{"count":0,"href":"https:\/\/canal7slp.tv\/2019\/wp-json\/wp\/v2\/posts\/43178\/revisions"}],"wp:featuredmedia":[{"embeddable":true,"href":"https:\/\/canal7slp.tv\/2019\/wp-json\/wp\/v2\/media\/43179"}],"wp:attachment":[{"href":"https:\/\/canal7slp.tv\/2019\/wp-json\/wp\/v2\/media?parent=43178"}],"wp:term":[{"taxonomy":"category","embeddable":true,"href":"https:\/\/canal7slp.tv\/2019\/wp-json\/wp\/v2\/categories?post=43178"},{"taxonomy":"post_tag","embeddable":true,"href":"https:\/\/canal7slp.tv\/2019\/wp-json\/wp\/v2\/tags?post=43178"}],"curies":[{"name":"wp","href":"https:\/\/api.w.org\/{rel}","templated":true}]}}