{"id":42611,"date":"2019-07-31T13:13:34","date_gmt":"2019-07-31T18:13:34","guid":{"rendered":"https:\/\/canal7slp.tv\/2019\/?p=42611"},"modified":"2019-07-31T13:13:34","modified_gmt":"2019-07-31T18:13:34","slug":"iran-amenaza-con-reducir-aun-mas-sus-compromisos-nucleares","status":"publish","type":"post","link":"https:\/\/canal7slp.tv\/2019\/iran-amenaza-con-reducir-aun-mas-sus-compromisos-nucleares\/","title":{"rendered":"Ir\u00e1n amenaza con reducir a\u00fan m\u00e1s sus compromisos nucleares"},"content":{"rendered":"<p style=\"text-align: justify;\">Teher\u00e1n.- Ir\u00e1n est\u00e1 determinado a pasar a la tercera etapa de reducir a\u00fan m\u00e1s sus compromisos adquiridos en el acuerdo nuclear de 2015 a menos que los firmantes europeos tomen medidas para protegerlo de las sanciones de Estados Unidos, advirti\u00f3 hoy el canciller iran\u00ed, Mohammad Javad Zarif.<\/p>\n<p style=\"text-align: justify;\">Al margen de una reuni\u00f3n del gabinete en Teher\u00e1n, Zarif se quej\u00f3 de que sus socios europeos -Francia, Alemania y Reino Unido- no han cumplido sus compromisos, tanto en el marco del acuerdo como en su obligaci\u00f3n para responder a las consecuencias de la salida de Estados Unidos del pacto nuclear.<\/p>\n<p style=\"text-align: justify;\">\u201cEn las circunstancias actuales y si los europeos no toman ninguna medida, definitivamente daremos el siguiente paso\u201d para reducir todav\u00eda m\u00e1s los compromisos en virtud del acuerdo nuclear, asegur\u00f3 Zarif, citado por la televisi\u00f3n iran\u00ed Press TV.<\/p>\n<p style=\"text-align: justify;\">Indic\u00f3 que sus socios europeos deben garantizar que Ir\u00e1n pueda vender su petr\u00f3leo o de lo contrario ir\u00e1 reduciendo sus compromisos con el acuerdo nuclear por etapas, incluso podr\u00eda retirarse del pacto a menos que los europeos encuentren la manera de proteger su econom\u00eda de las sanciones de Estados Unidos.<\/p>\n<p style=\"text-align: justify;\">El canciller se refer\u00eda al canal de pago especial, conocido como INSTEX, dise\u00f1ado por la Uni\u00f3n Europea (UE) para asegurar el comercio con Ir\u00e1n y evitar las sanciones estadunidenses, del cual se quej\u00f3 porque sigue en su etapa preliminar y no ha entrado en operaci\u00f3n.<\/p>\n<p style=\"text-align: justify;\">\u201cINSTEX no debe convertirse en una herramienta para llevar a cabo \u00f3rdenes estadunidenses y permitirles a ellos decidir c\u00f3mo puede funcionar este mecanismo&#8221;, dijo Zarif, quien agreg\u00f3 que el mecanismo debe garantizar que Ir\u00e1n pueda vender su petr\u00f3leo y recaudar los ingresos.<\/p>\n<p style=\"text-align: justify;\">El jefe de la diplomacia iran\u00ed exhort\u00f3 a los europeos a &#8220;permitirse el coraje de actuar en funci\u00f3n de sus compromisos, no de las demandas estadunidenses&#8221;.<\/p>\n<p style=\"text-align: justify;\">El pasado 1 de julio, el gobierno de Ir\u00e1n super\u00f3 el l\u00edmite de reservas de uranio poco enriquecido contemplado en el acuerdo nuclear, fijado en 300 kilogramos, mientras el 7 de este mismo mes elev\u00f3 a 4.5 por ciento el nivel de enriquecimiento de uranio, casi un punto por encima del l\u00edmite de 3.67 por ciento fijado en el pacto.<\/p>\n<p style=\"text-align: justify;\">Con estas medidas, Ir\u00e1n responde a la salida hace m\u00e1s de un a\u00f1o de Estados Unidos del acuerdo nuclear y al fracaso de los firmantes europeos (Alemania, Francia y Reino Unido) en cumplir con sus compromisos de contrarrestar las sanciones que ha impuesto Washington a Teher\u00e1n.<\/p>\n<p style=\"text-align: justify;\">Ir\u00e1n y el Grupo 5+1 (China, Estados Unidos, Francia, Reino Unido, Rusia y Alemania) firmaron el 14 de julio de 2015 el acuerdo nuclear y comenzaron a implementarlo el 16 de enero de 2016, mediante el cual Teher\u00e1n limitaba sus actividades nucleares a cambio del levantamiento progresivo de las sanciones.<\/p>\n","protected":false},"excerpt":{"rendered":"<p>Teher\u00e1n.- Ir\u00e1n est\u00e1 determinado a pasar a la tercera etapa de reducir a\u00fan m\u00e1s sus compromisos adquiridos en el acuerdo nuclear de 2015 a menos que los firmantes europeos tomen medidas para protegerlo de las sanciones de Estados Unidos, advirti\u00f3 hoy el canciller iran\u00ed, Mohammad Javad Zarif. Al margen de una reuni\u00f3n del gabinete en [&hellip;]<\/p>\n","protected":false},"author":2,"featured_media":42613,"comment_status":"open","ping_status":"closed","sticky":false,"template":"","format":"standard","meta":{"footnotes":""},"categories":[18],"tags":[],"class_list":["post-42611","post","type-post","status-publish","format-standard","has-post-thumbnail","hentry","category-internacional"],"yoast_head":"<!-- This site is optimized with the Yoast SEO plugin v27.5 - https:\/\/yoast.com\/product\/yoast-seo-wordpress\/ -->\n<title>Ir\u00e1n amenaza con reducir a\u00fan m\u00e1s sus compromisos nucleares - Canal 7 SLP - 2019<\/title>\n<meta name=\"robots\" content=\"index, follow, max-snippet:-1, max-image-preview:large, max-video-preview:-1\" \/>\n<link rel=\"canonical\" href=\"https:\/\/canal7slp.tv\/2019\/iran-amenaza-con-reducir-aun-mas-sus-compromisos-nucleares\/\" \/>\n<meta property=\"og:locale\" content=\"es_ES\" \/>\n<meta property=\"og:type\" content=\"article\" \/>\n<meta property=\"og:title\" content=\"Ir\u00e1n amenaza con reducir a\u00fan m\u00e1s sus compromisos nucleares - Canal 7 SLP - 2019\" \/>\n<meta property=\"og:description\" content=\"Teher\u00e1n.- Ir\u00e1n est\u00e1 determinado a pasar a la tercera etapa de reducir a\u00fan m\u00e1s sus compromisos adquiridos en el acuerdo nuclear de 2015 a menos que los firmantes europeos tomen medidas para protegerlo de las sanciones de Estados Unidos, advirti\u00f3 hoy el canciller iran\u00ed, Mohammad Javad Zarif. Al margen de una reuni\u00f3n del gabinete en [&hellip;]\" \/>\n<meta property=\"og:url\" content=\"https:\/\/canal7slp.tv\/2019\/iran-amenaza-con-reducir-aun-mas-sus-compromisos-nucleares\/\" \/>\n<meta property=\"og:site_name\" content=\"Canal 7 SLP - 2019\" \/>\n<meta property=\"article:publisher\" content=\"https:\/\/www.facebook.com\/CANAL7SLP\/\" \/>\n<meta property=\"article:published_time\" content=\"2019-07-31T18:13:34+00:00\" \/>\n<meta property=\"og:image\" content=\"https:\/\/canal7slp.tv\/2019\/wp-content\/uploads\/2019\/07\/08-22.jpg\" \/>\n\t<meta property=\"og:image:width\" content=\"689\" \/>\n\t<meta property=\"og:image:height\" content=\"410\" \/>\n\t<meta property=\"og:image:type\" content=\"image\/jpeg\" \/>\n<meta name=\"author\" content=\"edicionweb\" \/>\n<meta name=\"twitter:card\" content=\"summary_large_image\" \/>\n<meta name=\"twitter:creator\" content=\"@canal7_slp\" \/>\n<meta name=\"twitter:site\" content=\"@canal7_slp\" \/>\n<meta name=\"twitter:label1\" content=\"Escrito por\" \/>\n\t<meta name=\"twitter:data1\" content=\"edicionweb\" \/>\n\t<meta name=\"twitter:label2\" content=\"Tiempo de lectura\" \/>\n\t<meta name=\"twitter:data2\" content=\"2 minutos\" \/>\n<script type=\"application\/ld+json\" class=\"yoast-schema-graph\">{\"@context\":\"https:\\\/\\\/schema.org\",\"@graph\":[{\"@type\":\"Article\",\"@id\":\"https:\\\/\\\/canal7slp.tv\\\/2019\\\/iran-amenaza-con-reducir-aun-mas-sus-compromisos-nucleares\\\/#article\",\"isPartOf\":{\"@id\":\"https:\\\/\\\/canal7slp.tv\\\/2019\\\/iran-amenaza-con-reducir-aun-mas-sus-compromisos-nucleares\\\/\"},\"author\":{\"name\":\"edicionweb\",\"@id\":\"https:\\\/\\\/canal7slp.tv\\\/2019\\\/#\\\/schema\\\/person\\\/11d941c1c6ca30ac0a46b95fa37aa2e3\"},\"headline\":\"Ir\u00e1n amenaza con reducir a\u00fan m\u00e1s sus compromisos nucleares\",\"datePublished\":\"2019-07-31T18:13:34+00:00\",\"mainEntityOfPage\":{\"@id\":\"https:\\\/\\\/canal7slp.tv\\\/2019\\\/iran-amenaza-con-reducir-aun-mas-sus-compromisos-nucleares\\\/\"},\"wordCount\":488,\"commentCount\":0,\"publisher\":{\"@id\":\"https:\\\/\\\/canal7slp.tv\\\/2019\\\/#organization\"},\"image\":{\"@id\":\"https:\\\/\\\/canal7slp.tv\\\/2019\\\/iran-amenaza-con-reducir-aun-mas-sus-compromisos-nucleares\\\/#primaryimage\"},\"thumbnailUrl\":\"https:\\\/\\\/canal7slp.tv\\\/2019\\\/wp-content\\\/uploads\\\/2019\\\/07\\\/08-22.jpg\",\"articleSection\":[\"INTERNACIONAL\"],\"inLanguage\":\"es\",\"potentialAction\":[{\"@type\":\"CommentAction\",\"name\":\"Comment\",\"target\":[\"https:\\\/\\\/canal7slp.tv\\\/2019\\\/iran-amenaza-con-reducir-aun-mas-sus-compromisos-nucleares\\\/#respond\"]}]},{\"@type\":\"WebPage\",\"@id\":\"https:\\\/\\\/canal7slp.tv\\\/2019\\\/iran-amenaza-con-reducir-aun-mas-sus-compromisos-nucleares\\\/\",\"url\":\"https:\\\/\\\/canal7slp.tv\\\/2019\\\/iran-amenaza-con-reducir-aun-mas-sus-compromisos-nucleares\\\/\",\"name\":\"Ir\u00e1n amenaza con reducir a\u00fan m\u00e1s sus compromisos nucleares - Canal 7 SLP - 2019\",\"isPartOf\":{\"@id\":\"https:\\\/\\\/canal7slp.tv\\\/2019\\\/#website\"},\"primaryImageOfPage\":{\"@id\":\"https:\\\/\\\/canal7slp.tv\\\/2019\\\/iran-amenaza-con-reducir-aun-mas-sus-compromisos-nucleares\\\/#primaryimage\"},\"image\":{\"@id\":\"https:\\\/\\\/canal7slp.tv\\\/2019\\\/iran-amenaza-con-reducir-aun-mas-sus-compromisos-nucleares\\\/#primaryimage\"},\"thumbnailUrl\":\"https:\\\/\\\/canal7slp.tv\\\/2019\\\/wp-content\\\/uploads\\\/2019\\\/07\\\/08-22.jpg\",\"datePublished\":\"2019-07-31T18:13:34+00:00\",\"breadcrumb\":{\"@id\":\"https:\\\/\\\/canal7slp.tv\\\/2019\\\/iran-amenaza-con-reducir-aun-mas-sus-compromisos-nucleares\\\/#breadcrumb\"},\"inLanguage\":\"es\",\"potentialAction\":[{\"@type\":\"ReadAction\",\"target\":[\"https:\\\/\\\/canal7slp.tv\\\/2019\\\/iran-amenaza-con-reducir-aun-mas-sus-compromisos-nucleares\\\/\"]}]},{\"@type\":\"ImageObject\",\"inLanguage\":\"es\",\"@id\":\"https:\\\/\\\/canal7slp.tv\\\/2019\\\/iran-amenaza-con-reducir-aun-mas-sus-compromisos-nucleares\\\/#primaryimage\",\"url\":\"https:\\\/\\\/canal7slp.tv\\\/2019\\\/wp-content\\\/uploads\\\/2019\\\/07\\\/08-22.jpg\",\"contentUrl\":\"https:\\\/\\\/canal7slp.tv\\\/2019\\\/wp-content\\\/uploads\\\/2019\\\/07\\\/08-22.jpg\",\"width\":689,\"height\":410},{\"@type\":\"BreadcrumbList\",\"@id\":\"https:\\\/\\\/canal7slp.tv\\\/2019\\\/iran-amenaza-con-reducir-aun-mas-sus-compromisos-nucleares\\\/#breadcrumb\",\"itemListElement\":[{\"@type\":\"ListItem\",\"position\":1,\"name\":\"Home\",\"item\":\"https:\\\/\\\/canal7slp.tv\\\/2019\\\/\"},{\"@type\":\"ListItem\",\"position\":2,\"name\":\"Ir\u00e1n amenaza con reducir a\u00fan m\u00e1s sus compromisos nucleares\"}]},{\"@type\":\"WebSite\",\"@id\":\"https:\\\/\\\/canal7slp.tv\\\/2019\\\/#website\",\"url\":\"https:\\\/\\\/canal7slp.tv\\\/2019\\\/\",\"name\":\"Canal 7 SLP - Somos TV\",\"description\":\"Somos un Canal de 10\",\"publisher\":{\"@id\":\"https:\\\/\\\/canal7slp.tv\\\/2019\\\/#organization\"},\"potentialAction\":[{\"@type\":\"SearchAction\",\"target\":{\"@type\":\"EntryPoint\",\"urlTemplate\":\"https:\\\/\\\/canal7slp.tv\\\/2019\\\/?s={search_term_string}\"},\"query-input\":{\"@type\":\"PropertyValueSpecification\",\"valueRequired\":true,\"valueName\":\"search_term_string\"}}],\"inLanguage\":\"es\"},{\"@type\":\"Organization\",\"@id\":\"https:\\\/\\\/canal7slp.tv\\\/2019\\\/#organization\",\"name\":\"Comunicaci\u00f3n 2000 S.A. de C.V.\",\"url\":\"https:\\\/\\\/canal7slp.tv\\\/2019\\\/\",\"logo\":{\"@type\":\"ImageObject\",\"inLanguage\":\"es\",\"@id\":\"https:\\\/\\\/canal7slp.tv\\\/2019\\\/#\\\/schema\\\/logo\\\/image\\\/\",\"url\":\"https:\\\/\\\/canal7slp.tv\\\/2019\\\/wp-content\\\/uploads\\\/2019\\\/07\\\/logo-c7.png\",\"contentUrl\":\"https:\\\/\\\/canal7slp.tv\\\/2019\\\/wp-content\\\/uploads\\\/2019\\\/07\\\/logo-c7.png\",\"width\":220,\"height\":60,\"caption\":\"Comunicaci\u00f3n 2000 S.A. de C.V.\"},\"image\":{\"@id\":\"https:\\\/\\\/canal7slp.tv\\\/2019\\\/#\\\/schema\\\/logo\\\/image\\\/\"},\"sameAs\":[\"https:\\\/\\\/www.facebook.com\\\/CANAL7SLP\\\/\",\"https:\\\/\\\/x.com\\\/canal7_slp\",\"https:\\\/\\\/www.instagram.com\\\/canal7_slp\",\"https:\\\/\\\/www.youtube.com\\\/user\\\/NOTICIEROSCANAL7SLP\\\/\"]},{\"@type\":\"Person\",\"@id\":\"https:\\\/\\\/canal7slp.tv\\\/2019\\\/#\\\/schema\\\/person\\\/11d941c1c6ca30ac0a46b95fa37aa2e3\",\"name\":\"edicionweb\",\"image\":{\"@type\":\"ImageObject\",\"inLanguage\":\"es\",\"@id\":\"https:\\\/\\\/secure.gravatar.com\\\/avatar\\\/eee448fc3f7164808013b816ba91ac7e43bbe82a70bebac296f8bc6f0addaa1a?s=96&d=mm&r=g\",\"url\":\"https:\\\/\\\/secure.gravatar.com\\\/avatar\\\/eee448fc3f7164808013b816ba91ac7e43bbe82a70bebac296f8bc6f0addaa1a?s=96&d=mm&r=g\",\"contentUrl\":\"https:\\\/\\\/secure.gravatar.com\\\/avatar\\\/eee448fc3f7164808013b816ba91ac7e43bbe82a70bebac296f8bc6f0addaa1a?s=96&d=mm&r=g\",\"caption\":\"edicionweb\"}}]}<\/script>\n<!-- \/ Yoast SEO plugin. -->","yoast_head_json":{"title":"Ir\u00e1n amenaza con reducir a\u00fan m\u00e1s sus compromisos nucleares - Canal 7 SLP - 2019","robots":{"index":"index","follow":"follow","max-snippet":"max-snippet:-1","max-image-preview":"max-image-preview:large","max-video-preview":"max-video-preview:-1"},"canonical":"https:\/\/canal7slp.tv\/2019\/iran-amenaza-con-reducir-aun-mas-sus-compromisos-nucleares\/","og_locale":"es_ES","og_type":"article","og_title":"Ir\u00e1n amenaza con reducir a\u00fan m\u00e1s sus compromisos nucleares - Canal 7 SLP - 2019","og_description":"Teher\u00e1n.- Ir\u00e1n est\u00e1 determinado a pasar a la tercera etapa de reducir a\u00fan m\u00e1s sus compromisos adquiridos en el acuerdo nuclear de 2015 a menos que los firmantes europeos tomen medidas para protegerlo de las sanciones de Estados Unidos, advirti\u00f3 hoy el canciller iran\u00ed, Mohammad Javad Zarif. Al margen de una reuni\u00f3n del gabinete en [&hellip;]","og_url":"https:\/\/canal7slp.tv\/2019\/iran-amenaza-con-reducir-aun-mas-sus-compromisos-nucleares\/","og_site_name":"Canal 7 SLP - 2019","article_publisher":"https:\/\/www.facebook.com\/CANAL7SLP\/","article_published_time":"2019-07-31T18:13:34+00:00","og_image":[{"width":689,"height":410,"url":"https:\/\/canal7slp.tv\/2019\/wp-content\/uploads\/2019\/07\/08-22.jpg","type":"image\/jpeg"}],"author":"edicionweb","twitter_card":"summary_large_image","twitter_creator":"@canal7_slp","twitter_site":"@canal7_slp","twitter_misc":{"Escrito por":"edicionweb","Tiempo de lectura":"2 minutos"},"schema":{"@context":"https:\/\/schema.org","@graph":[{"@type":"Article","@id":"https:\/\/canal7slp.tv\/2019\/iran-amenaza-con-reducir-aun-mas-sus-compromisos-nucleares\/#article","isPartOf":{"@id":"https:\/\/canal7slp.tv\/2019\/iran-amenaza-con-reducir-aun-mas-sus-compromisos-nucleares\/"},"author":{"name":"edicionweb","@id":"https:\/\/canal7slp.tv\/2019\/#\/schema\/person\/11d941c1c6ca30ac0a46b95fa37aa2e3"},"headline":"Ir\u00e1n amenaza con reducir a\u00fan m\u00e1s sus compromisos nucleares","datePublished":"2019-07-31T18:13:34+00:00","mainEntityOfPage":{"@id":"https:\/\/canal7slp.tv\/2019\/iran-amenaza-con-reducir-aun-mas-sus-compromisos-nucleares\/"},"wordCount":488,"commentCount":0,"publisher":{"@id":"https:\/\/canal7slp.tv\/2019\/#organization"},"image":{"@id":"https:\/\/canal7slp.tv\/2019\/iran-amenaza-con-reducir-aun-mas-sus-compromisos-nucleares\/#primaryimage"},"thumbnailUrl":"https:\/\/canal7slp.tv\/2019\/wp-content\/uploads\/2019\/07\/08-22.jpg","articleSection":["INTERNACIONAL"],"inLanguage":"es","potentialAction":[{"@type":"CommentAction","name":"Comment","target":["https:\/\/canal7slp.tv\/2019\/iran-amenaza-con-reducir-aun-mas-sus-compromisos-nucleares\/#respond"]}]},{"@type":"WebPage","@id":"https:\/\/canal7slp.tv\/2019\/iran-amenaza-con-reducir-aun-mas-sus-compromisos-nucleares\/","url":"https:\/\/canal7slp.tv\/2019\/iran-amenaza-con-reducir-aun-mas-sus-compromisos-nucleares\/","name":"Ir\u00e1n amenaza con reducir a\u00fan m\u00e1s sus compromisos nucleares - Canal 7 SLP - 2019","isPartOf":{"@id":"https:\/\/canal7slp.tv\/2019\/#website"},"primaryImageOfPage":{"@id":"https:\/\/canal7slp.tv\/2019\/iran-amenaza-con-reducir-aun-mas-sus-compromisos-nucleares\/#primaryimage"},"image":{"@id":"https:\/\/canal7slp.tv\/2019\/iran-amenaza-con-reducir-aun-mas-sus-compromisos-nucleares\/#primaryimage"},"thumbnailUrl":"https:\/\/canal7slp.tv\/2019\/wp-content\/uploads\/2019\/07\/08-22.jpg","datePublished":"2019-07-31T18:13:34+00:00","breadcrumb":{"@id":"https:\/\/canal7slp.tv\/2019\/iran-amenaza-con-reducir-aun-mas-sus-compromisos-nucleares\/#breadcrumb"},"inLanguage":"es","potentialAction":[{"@type":"ReadAction","target":["https:\/\/canal7slp.tv\/2019\/iran-amenaza-con-reducir-aun-mas-sus-compromisos-nucleares\/"]}]},{"@type":"ImageObject","inLanguage":"es","@id":"https:\/\/canal7slp.tv\/2019\/iran-amenaza-con-reducir-aun-mas-sus-compromisos-nucleares\/#primaryimage","url":"https:\/\/canal7slp.tv\/2019\/wp-content\/uploads\/2019\/07\/08-22.jpg","contentUrl":"https:\/\/canal7slp.tv\/2019\/wp-content\/uploads\/2019\/07\/08-22.jpg","width":689,"height":410},{"@type":"BreadcrumbList","@id":"https:\/\/canal7slp.tv\/2019\/iran-amenaza-con-reducir-aun-mas-sus-compromisos-nucleares\/#breadcrumb","itemListElement":[{"@type":"ListItem","position":1,"name":"Home","item":"https:\/\/canal7slp.tv\/2019\/"},{"@type":"ListItem","position":2,"name":"Ir\u00e1n amenaza con reducir a\u00fan m\u00e1s sus compromisos nucleares"}]},{"@type":"WebSite","@id":"https:\/\/canal7slp.tv\/2019\/#website","url":"https:\/\/canal7slp.tv\/2019\/","name":"Canal 7 SLP - Somos TV","description":"Somos un Canal de 10","publisher":{"@id":"https:\/\/canal7slp.tv\/2019\/#organization"},"potentialAction":[{"@type":"SearchAction","target":{"@type":"EntryPoint","urlTemplate":"https:\/\/canal7slp.tv\/2019\/?s={search_term_string}"},"query-input":{"@type":"PropertyValueSpecification","valueRequired":true,"valueName":"search_term_string"}}],"inLanguage":"es"},{"@type":"Organization","@id":"https:\/\/canal7slp.tv\/2019\/#organization","name":"Comunicaci\u00f3n 2000 S.A. de C.V.","url":"https:\/\/canal7slp.tv\/2019\/","logo":{"@type":"ImageObject","inLanguage":"es","@id":"https:\/\/canal7slp.tv\/2019\/#\/schema\/logo\/image\/","url":"https:\/\/canal7slp.tv\/2019\/wp-content\/uploads\/2019\/07\/logo-c7.png","contentUrl":"https:\/\/canal7slp.tv\/2019\/wp-content\/uploads\/2019\/07\/logo-c7.png","width":220,"height":60,"caption":"Comunicaci\u00f3n 2000 S.A. de C.V."},"image":{"@id":"https:\/\/canal7slp.tv\/2019\/#\/schema\/logo\/image\/"},"sameAs":["https:\/\/www.facebook.com\/CANAL7SLP\/","https:\/\/x.com\/canal7_slp","https:\/\/www.instagram.com\/canal7_slp","https:\/\/www.youtube.com\/user\/NOTICIEROSCANAL7SLP\/"]},{"@type":"Person","@id":"https:\/\/canal7slp.tv\/2019\/#\/schema\/person\/11d941c1c6ca30ac0a46b95fa37aa2e3","name":"edicionweb","image":{"@type":"ImageObject","inLanguage":"es","@id":"https:\/\/secure.gravatar.com\/avatar\/eee448fc3f7164808013b816ba91ac7e43bbe82a70bebac296f8bc6f0addaa1a?s=96&d=mm&r=g","url":"https:\/\/secure.gravatar.com\/avatar\/eee448fc3f7164808013b816ba91ac7e43bbe82a70bebac296f8bc6f0addaa1a?s=96&d=mm&r=g","contentUrl":"https:\/\/secure.gravatar.com\/avatar\/eee448fc3f7164808013b816ba91ac7e43bbe82a70bebac296f8bc6f0addaa1a?s=96&d=mm&r=g","caption":"edicionweb"}}]}},"amp_enabled":true,"cmb2":{"video_ids_in_playlist":{"vid_p_videos":""},"video_ids_in_channel":{"vid_c_videos":""},"playlist_ids_in_channel":{"vid_c_playlists":""},"series_ids_in_channel":{"vid_c_series":""},"channel_images":{"vid_c_logo":"","vid_c_banner":""},"poster_feature_image":{"vid_m_poster_image":""},"gif_feature_image":{"vid_m_gif_image":""},"video_movie_settings":{"vid_m_director":"","vid_m_actor":"","vid_m_imdb_ratings":"","vid_m_amazon_associates":""},"vid_youtube_broadcasts_settings":{"vid_yb_broadcast_title":"","vid_yb_q":"","vid_yb_channelid":"","vid_yb_videocategoryid":"","vid_yb_maxresults":"","vid_yb_order":"","vid_yb_regioncode":"","vid_yb_videosyndicated":"","vid_yb_style":"","vid_yb_reload_first":""},"video_series_settings":{"vid_m_director":"","vid_m_actor":"","vid_m_imdb_ratings":"","video_series_group":""},"amazon_associates_settings":{"amazon_associates":"","amazon_native_ad":""},"vid_youtube_automatic_settings":{"vid_ya_youtube_source":"","vid_ya_update_every":"","vid_ya_update_unit":"","vid_ya_categories":"","vid_ya_published_after":"","vid_ya_published_before":"","vid_ya_playlists":"","vid_ya_channels":"","vid_ya_director":"","vid_ya_actor":"","vid_ya_author":"","vid_ya_import_post_date":"","vid_ya_status":"","vid_ya_sub_api_key":""},"vid_ads_m_videoads_settings_post":{"vid_ads_m_video_ads":"","vid_ads_m_video_ads_type":"","vid_ads_m_group_google_ima":"","vid_ads_m_group_image":"","vid_ads_m_group_html5_video":"","vid_ads_m_group_html":"","vid_ads_m_vast_preroll":"","vid_ads_m_vast_postroll":"","vid_ads_m_vast_pauseroll":"","vid_ads_m_vast_midroll":[{"vid_ads_m_vast_timer_seconds":"50"}],"vid_ads_m_time_to_show_ads":"","vid_ads_m_time_skip_ads":"","vid_ads_m_time_to_hide_ads":""},"page_slider_settings":{"display_slider_group":"","page_slider_group":""},"blog_page_settings":{"blog_page_title":"","blog_page_heading":"","blog_page_ic":"","blog_page_it":"","blog_page_ec":"","blog_page_ip":"","archive_loop_style":"","blog_image_ratio":"","blog_show_categories":"","blog_show_excerpt":"","blog_show_author":"","blog_show_date":"","blog_show_comment_count":"","blog_show_view_count":"","blog_show_like_count":"","blog_show_dislike_count":"","blog_items_per_page":"","blog_pag_type":""},"page_options":{"get_page_template":"","color_mode":"","main_layout":"","main_layout_full_with":"","main_logo":"","main_logo_retina":"","main_logo_mobile":"","main_logo_mobile_retina":"","sticky_logo":"","sticky_logo_retina":"","main_nav_layout":"","ajax_search":"","header_background":"","theme_sidebar":"","instagram_feed":"","instagram_feed_position":"","popular_videos":"","popular_videos_title_1":"","popular_videos_title_2":"","popular_videos_ic":"","popular_videos_it":"","theme_background":"","page_custom_css":""},"feature_image_settings":{"feature_image_position":""},"video_player_settings":{"single_video_style":"","video_player_position":"","vm_video_url":"","video_player_library":"","video_streaming":"","vm_media_sources":"","vid_auto_play":"","vm_video_shortcode":"","vid_p_sync_playlist":"","vid_c_sync_channel":"","get_post_format":"","multiple_links_structure":"default","multi_links_title":"","vm_video_multi_links":"","vm_duration":"","vid_social_locker":"off","vid_social_locker_id":"","vid_membership_action":"content-video","vm_video_trailer_url":"","vid_download_type":"free","vid_download_target":"download","vid_woo_product":"","vm_media_download":"","user_rating":"","user_rating_position":"","user_rating_mode":"","user_rating_multi_sets":""},"video_auto_fetch_settings":{"vm_video_fetch":"on"},"video_fake_views_likes":{"vm_fake_views":"","vm_fake_likes":"","vm_fake_dislikes":""},"gallery_settings":{"gallery_position":""},"quote_settings":{"quote_position":""},"post_options":{"main_layout":"","main_logo":"","main_logo_retina":"","main_logo_mobile":"","main_logo_mobile_retina":"","sticky_logo":"","sticky_logo_retina":"","main_nav_layout":"","header_background":"","theme_sidebar":"","single_post_comment_type":"","theme_background":""}},"_links":{"self":[{"href":"https:\/\/canal7slp.tv\/2019\/wp-json\/wp\/v2\/posts\/42611","targetHints":{"allow":["GET"]}}],"collection":[{"href":"https:\/\/canal7slp.tv\/2019\/wp-json\/wp\/v2\/posts"}],"about":[{"href":"https:\/\/canal7slp.tv\/2019\/wp-json\/wp\/v2\/types\/post"}],"author":[{"embeddable":true,"href":"https:\/\/canal7slp.tv\/2019\/wp-json\/wp\/v2\/users\/2"}],"replies":[{"embeddable":true,"href":"https:\/\/canal7slp.tv\/2019\/wp-json\/wp\/v2\/comments?post=42611"}],"version-history":[{"count":0,"href":"https:\/\/canal7slp.tv\/2019\/wp-json\/wp\/v2\/posts\/42611\/revisions"}],"wp:featuredmedia":[{"embeddable":true,"href":"https:\/\/canal7slp.tv\/2019\/wp-json\/wp\/v2\/media\/42613"}],"wp:attachment":[{"href":"https:\/\/canal7slp.tv\/2019\/wp-json\/wp\/v2\/media?parent=42611"}],"wp:term":[{"taxonomy":"category","embeddable":true,"href":"https:\/\/canal7slp.tv\/2019\/wp-json\/wp\/v2\/categories?post=42611"},{"taxonomy":"post_tag","embeddable":true,"href":"https:\/\/canal7slp.tv\/2019\/wp-json\/wp\/v2\/tags?post=42611"}],"curies":[{"name":"wp","href":"https:\/\/api.w.org\/{rel}","templated":true}]}}