{"id":42551,"date":"2019-07-31T10:43:21","date_gmt":"2019-07-31T15:43:21","guid":{"rendered":"https:\/\/canal7slp.tv\/2019\/?p=42551"},"modified":"2019-07-31T10:43:21","modified_gmt":"2019-07-31T15:43:21","slug":"victimas-y-academicos-buscan-dirigir-la-ceav","status":"publish","type":"post","link":"https:\/\/canal7slp.tv\/2019\/victimas-y-academicos-buscan-dirigir-la-ceav\/","title":{"rendered":"V\u00edctimas y acad\u00e9micos buscan dirigir la CEAV"},"content":{"rendered":"<p style=\"text-align: justify;\">M\u00e9xico.- El perfil de los aspirantes a dirigir la Comisi\u00f3n Ejecutiva de Atenci\u00f3n a V\u00edctimas (CEAV) son subalternos del extitular, Jaime Roch\u00edn, acad\u00e9micos e incluso v\u00edctimas.<\/p>\n<p style=\"text-align: justify;\">Al efectuar una revisi\u00f3n de los aspirantes se constat\u00f3 que cinco de los 22 candidatos finales se desempe\u00f1an como miembros de la CEAV, ya sea en la Ciudad de M\u00e9xico o en algunos estados como Guanajuato y San Luis Potos\u00ed.<\/p>\n<p style=\"text-align: justify;\">Hoy mi\u00e9rcoles comienza la ronda de entrevistas a los 26 aspirantes a dirigir el organismo que permanece ac\u00e9falo desde la renuncia de Roch\u00edn del Rinc\u00f3n el 7 de junio pasado.<\/p>\n<p style=\"text-align: justify;\">En el portal del Gobierno de M\u00e9xico se informa que \u201cla consulta p\u00fablica para seleccionar a las personas candidatas a dirigir del CEAV recibi\u00f3 354 propuestas, de las cuales 55 fueron impulsadas por colectivos de familiares de v\u00edctimas, 250 por personas expertas, 44 por organizaciones de la sociedad civil y cinco por universidades\u201d.<\/p>\n<p style=\"text-align: justify;\">Las entrevistas que dar\u00e1n comienzo hoy ser\u00e1n dirigidas por Alejandro Encinas, subsecretario de Derechos Humanos, Poblaci\u00f3n y Migraci\u00f3n de la Secretar\u00eda de Gobernaci\u00f3n y podr\u00e1n ser presenciadas v\u00eda electr\u00f3nica.<\/p>\n<p style=\"text-align: justify;\">Destaca la participaci\u00f3n de postulantes que son v\u00edctimas del delito, como Joaqu\u00edn Aguilar M\u00e9ndez, quien dirige desde 2006 la Red de Sobrevivientes de Abusos Sexuales del Clero (SNAP, por sus siglas en ingl\u00e9s).<\/p>\n<p style=\"text-align: justify;\">Actualmente forma parte del equipo multidisciplinario de la Arquidi\u00f3cesis Primada de M\u00e9xico, que dirige el cardenal Carlos Aguiar Retes, donde se ha elaborado un protocolo de atenci\u00f3n y prevenci\u00f3n de abusos sexuales dentro de la Iglesia Cat\u00f3lica.<\/p>\n<p style=\"text-align: justify;\">En el mismo caso est\u00e1 Jos\u00e9 Carlos Castro Gurrola, ingeniero originario de Durango; sus actividades como defensor de derechos humanos comenzaron cuando su esposa, Josefina Campillo Carreto, y sus hijas Johana y Ver\u00f3nica, fueron sustra\u00eddas de su domicilio en Jalapa, Veracruz. Hizo el video de campa\u00f1a \u201cEn los zapatos del otro\u201d.<\/p>\n<p style=\"text-align: justify;\">Tambi\u00e9n se apunt\u00f3 Geovanni Francesco Barrios Moreno, coordinador de la organizaci\u00f3n no gubernamental Justicia Tamaulipas. Es abogado y desde el secuestro de su hijo de 17 a\u00f1os, ocurrido en Reynosa, Tamaulipas, se dedica a representar a familiares de desaparecidos en esa entidad; se registr\u00f3 en el proceso 2017-2018 por la alcald\u00eda de esa frontera.<\/p>\n<p style=\"text-align: justify;\"><strong>Los subalternos de Roch\u00edn<\/strong><\/p>\n<p style=\"text-align: justify;\">Laura Cuevas Aguilera, coordinadora de la Comisi\u00f3n Ejecutiva de Atenci\u00f3n a V\u00edctimas (CEAV), del estado de Guanajuato, se ha desempe\u00f1ado como agente del Ministerio P\u00fablico de la Federaci\u00f3n.<\/p>\n<p style=\"text-align: justify;\">Joel Mata Segura, abogado por la Universidad Nacional Aut\u00f3noma de M\u00e9xico (UNAM), ha sido apoderado legal de la CEAV y participa en la creaci\u00f3n de la asesor\u00eda jur\u00eddica federal de este organismo.<\/p>\n<p style=\"text-align: justify;\">Mar\u00eda del Rosario Torres Mata fund\u00f3 y preside la Asociaci\u00f3n de Fe y Esperanza para V\u00edctimas del Delito Christian y es comisionada ejecutiva de Atenci\u00f3n a V\u00edctimas en San Luis Potos\u00ed.<\/p>\n<p style=\"text-align: justify;\">Roberto Villanueva Guzm\u00e1n, licenciado Cum Laude en Derechos Humanos y Gesti\u00f3n de Paz por la Universidad del Claustro de Sor Juana. Es director general adjunto de la Comisi\u00f3n Ejecutiva de Atenci\u00f3n a V\u00edctimas.<\/p>\n<p style=\"text-align: justify;\">Ana Pamela Romero Guerra, doctora en Derecho por el Instituto de Investigaciones Jur\u00eddicas de la UNAM. Es directora general de la Asesor\u00eda Jur\u00eddica y Encargada de la Direcci\u00f3n General de Atenci\u00f3n Inmediata y Primer Contacto en la CEAV.<\/p>\n<p style=\"text-align: justify;\"><strong>Acad\u00e9micos y funcionarios p\u00fablicos<\/strong><\/p>\n<p style=\"text-align: justify;\">Mar\u00eda de los \u00c1ngeles Haces Velasco es licenciada en Psicolog\u00eda Social, doctorada en Antropolog\u00eda Social. Se ha desempe\u00f1ado como directora General de Atenci\u00f3n a V\u00edctimas del Delito de la Procuradur\u00eda General de Justicia de la Ciudad de M\u00e9xico.<\/p>\n<p style=\"text-align: justify;\">Eric Garc\u00eda L\u00f3pez es doctor en Psicopatolog\u00eda Forense, Summa Cum Laude por la Universidad Complutense de Madrid, Espa\u00f1a. Titular del Instituto Nacional de Ciencias Penales.<\/p>\n<p style=\"text-align: justify;\">Carlos Marcelo Baquedano Gorocica es licenciado en derecho, actualmente es asesor parlamentario en el Congreso de Quintana Roo. Ha sido agente del Ministerio P\u00fablico del Fuero Com\u00fan adscrito a la Unidad Especializada en Derechos Humanos de la Procuradur\u00eda General de Justicia de esa entidad.<\/p>\n<p style=\"text-align: justify;\">Guillermo Calder\u00f3n Vega fue procurador de la defensa del Trabajo en el Estado de M\u00e9xico, durante la administraci\u00f3n del priista Eruviel \u00c1vila y primer visitador general de la Comisi\u00f3n de Derechos Humanos de esa entidad. Luis Eduardo C\u00e1rdenas Escalante, abogado, se ha desempe\u00f1ado como secretario t\u00e9cnico de la Comisi\u00f3n de Seguridad P\u00fablica del Senado de la Rep\u00fablica.<\/p>\n<p style=\"text-align: justify;\">Mara G\u00f3mez P\u00e9rez, doctora en derecho por la UNAM, especializada en Justicia, Seguridad y Derechos Humanos. Subcontralora de Evaluaci\u00f3n de la Gesti\u00f3n Parlamentaria en el Senado de la Rep\u00fablica en la LXIII legislatura. Fue investigadora del Instituto Belisario Dom\u00ednguez.\u00a0Es autora de tres libros.<\/p>\n<p style=\"text-align: justify;\">Armando Hern\u00e1ndez Cruz, doctor en Derecho por la UNAM, catedr\u00e1tico en esa misma facultad, entre los libros publicados est\u00e1 \u201cDerechos Humanos, Democracia y Desarrollo\u201d, publicado por la Comisi\u00f3n de Derechos Humanos del Distrito Federal. Se ha desempe\u00f1ado como magistrado presidente del Tribunal Electoral de la Ciudad de M\u00e9xico.<\/p>\n<p style=\"text-align: justify;\">Carlos Guillermo Le\u00f3n Rodr\u00edguez es candidato a una maestr\u00eda en derecho; se desempe\u00f1\u00f3 como encargado de despacho de la secretar\u00eda ejecutiva de la Revista Horizonte Humano de la Defensor\u00eda de Derechos Humanos de Quer\u00e9taro. Ha participado en diversas organizaciones de la sociedad civil.<\/p>\n<p style=\"text-align: justify;\">Mar\u00eda de la Luz Lima Malvido, doctora Magna Cum Laude en Derecho por la UNAM. Ha publicado varios libros entre los que se encuentra \u201cPol\u00edticas P\u00fablicas en la Atenci\u00f3n a V\u00edctimas: Una propuesta metodol\u00f3gica\u201d. Es miembro de n\u00famero de la Academia Mexicana de Ciencias Penales. Investigadora del Instituto Nacional de Ciencias Penales.<\/p>\n<p style=\"text-align: justify;\">Jes\u00fas Moreno Rogel, es maestrante en Subjetividad y Violencia en el Colegio de Saberes. Es director general adjunto de Atenci\u00f3n Psicosocial de la Fiscal\u00eda General de la Rep\u00fablica. Ha sido director de auxilio a v\u00edctimas del delito y del abuso de poder de la Secretar\u00eda de Seguridad P\u00fablica Federal.<\/p>\n<p style=\"text-align: justify;\">Melba Adriana Olvera Rodr\u00edguez es maestra en Derechos Humanos, Estado de Derecho y Democracia en Iberoam\u00e9rica por la Universidad de Alcal\u00e1 de Henares, Espa\u00f1a, es presidenta de la Comisi\u00f3n Estatal de Derechos Humanos de Baja California. directora del Programa Estatal de Inclusi\u00f3n Laboral de personas con discapacidad en los \u00e1mbitos empresarial y p\u00fablico.<\/p>\n<p style=\"text-align: justify;\">Juan Romero Tenorio, abogado, exdiputado federal en la LXIII Legislatura. Fue coordinador de asesores del Consejero Electora hasta el a\u00f1o 2000 en el Instituto Federal Electoral. Luis Fernando Rosas Ram\u00edrez, abogado especialista en derechos humanos y derecho victimal. Es director general adjunto de Contratos y Convenios de la Secretar\u00eda de Gobernaci\u00f3n.<\/p>\n<p style=\"text-align: justify;\">Teresa Columba Ulloa Zi\u00e1urriz, abogada, ha sido directora general de Servicios de la II Legislatura de la Asamblea del Distrito Federal. Actualmente es coordinadora General de Defensoras Populares, A.C.<\/p>\n<p style=\"text-align: justify;\">Selene Luc\u00eda V\u00e1zquez Alatorre tiene maestr\u00eda en Derecho Constitucional por la Universidad Castilla-La Mancha y la Comisi\u00f3n Nacional de los Derechos Humanos. Es titular de la Oficina de Representaci\u00f3n del Instituto Nacional de Migraci\u00f3n en Michoac\u00e1n. Fue diputada independiente en el Congreso de esa entidad de 2012 a 2015.<\/p>\n<p style=\"text-align: justify;\">No se presentaron para cumplir con el proceso de propuesta por parte de colectivos, universidades, organizaciones de la sociedad civil y expertos, Karlos Artemio Castilla Ju\u00e1rez y Luis Eduardo C\u00e1rdenas Escalante. Y declinaron participar Yessenia Mercedes Pel\u00e1ez Ferrusca y Perseo Quiroz Rend\u00f3n.<\/p>\n","protected":false},"excerpt":{"rendered":"<p>M\u00e9xico.- El perfil de los aspirantes a dirigir la Comisi\u00f3n Ejecutiva de Atenci\u00f3n a V\u00edctimas (CEAV) son subalternos del extitular, Jaime Roch\u00edn, acad\u00e9micos e incluso v\u00edctimas. Al efectuar una revisi\u00f3n de los aspirantes se constat\u00f3 que cinco de los 22 candidatos finales se desempe\u00f1an como miembros de la CEAV, ya sea en la Ciudad de [&hellip;]<\/p>\n","protected":false},"author":2,"featured_media":42552,"comment_status":"open","ping_status":"closed","sticky":false,"template":"","format":"standard","meta":{"footnotes":""},"categories":[30],"tags":[],"class_list":["post-42551","post","type-post","status-publish","format-standard","has-post-thumbnail","hentry","category-nacional"],"yoast_head":"<!-- This site is optimized with the Yoast SEO plugin v27.5 - https:\/\/yoast.com\/product\/yoast-seo-wordpress\/ -->\n<title>V\u00edctimas y acad\u00e9micos buscan dirigir la CEAV - Canal 7 SLP - 2019<\/title>\n<meta name=\"robots\" content=\"index, follow, max-snippet:-1, max-image-preview:large, max-video-preview:-1\" \/>\n<link rel=\"canonical\" href=\"https:\/\/canal7slp.tv\/2019\/victimas-y-academicos-buscan-dirigir-la-ceav\/\" \/>\n<meta property=\"og:locale\" content=\"es_ES\" \/>\n<meta property=\"og:type\" content=\"article\" \/>\n<meta property=\"og:title\" content=\"V\u00edctimas y acad\u00e9micos buscan dirigir la CEAV - Canal 7 SLP - 2019\" \/>\n<meta property=\"og:description\" content=\"M\u00e9xico.- El perfil de los aspirantes a dirigir la Comisi\u00f3n Ejecutiva de Atenci\u00f3n a V\u00edctimas (CEAV) son subalternos del extitular, Jaime Roch\u00edn, acad\u00e9micos e incluso v\u00edctimas. Al efectuar una revisi\u00f3n de los aspirantes se constat\u00f3 que cinco de los 22 candidatos finales se desempe\u00f1an como miembros de la CEAV, ya sea en la Ciudad de [&hellip;]\" \/>\n<meta property=\"og:url\" content=\"https:\/\/canal7slp.tv\/2019\/victimas-y-academicos-buscan-dirigir-la-ceav\/\" \/>\n<meta property=\"og:site_name\" content=\"Canal 7 SLP - 2019\" \/>\n<meta property=\"article:publisher\" content=\"https:\/\/www.facebook.com\/CANAL7SLP\/\" \/>\n<meta property=\"article:published_time\" content=\"2019-07-31T15:43:21+00:00\" \/>\n<meta property=\"og:image\" content=\"https:\/\/canal7slp.tv\/2019\/wp-content\/uploads\/2019\/07\/1130_ceav.jpg\" \/>\n\t<meta property=\"og:image:width\" content=\"683\" \/>\n\t<meta property=\"og:image:height\" content=\"410\" \/>\n\t<meta property=\"og:image:type\" content=\"image\/jpeg\" \/>\n<meta name=\"author\" content=\"edicionweb\" \/>\n<meta name=\"twitter:card\" content=\"summary_large_image\" \/>\n<meta name=\"twitter:creator\" content=\"@canal7_slp\" \/>\n<meta name=\"twitter:site\" content=\"@canal7_slp\" \/>\n<meta name=\"twitter:label1\" content=\"Escrito por\" \/>\n\t<meta name=\"twitter:data1\" content=\"edicionweb\" \/>\n\t<meta name=\"twitter:label2\" content=\"Tiempo de lectura\" \/>\n\t<meta name=\"twitter:data2\" content=\"6 minutos\" \/>\n<script type=\"application\/ld+json\" class=\"yoast-schema-graph\">{\"@context\":\"https:\\\/\\\/schema.org\",\"@graph\":[{\"@type\":\"Article\",\"@id\":\"https:\\\/\\\/canal7slp.tv\\\/2019\\\/victimas-y-academicos-buscan-dirigir-la-ceav\\\/#article\",\"isPartOf\":{\"@id\":\"https:\\\/\\\/canal7slp.tv\\\/2019\\\/victimas-y-academicos-buscan-dirigir-la-ceav\\\/\"},\"author\":{\"name\":\"edicionweb\",\"@id\":\"https:\\\/\\\/canal7slp.tv\\\/2019\\\/#\\\/schema\\\/person\\\/11d941c1c6ca30ac0a46b95fa37aa2e3\"},\"headline\":\"V\u00edctimas y acad\u00e9micos buscan dirigir la CEAV\",\"datePublished\":\"2019-07-31T15:43:21+00:00\",\"mainEntityOfPage\":{\"@id\":\"https:\\\/\\\/canal7slp.tv\\\/2019\\\/victimas-y-academicos-buscan-dirigir-la-ceav\\\/\"},\"wordCount\":1296,\"commentCount\":0,\"publisher\":{\"@id\":\"https:\\\/\\\/canal7slp.tv\\\/2019\\\/#organization\"},\"image\":{\"@id\":\"https:\\\/\\\/canal7slp.tv\\\/2019\\\/victimas-y-academicos-buscan-dirigir-la-ceav\\\/#primaryimage\"},\"thumbnailUrl\":\"https:\\\/\\\/canal7slp.tv\\\/2019\\\/wp-content\\\/uploads\\\/2019\\\/07\\\/1130_ceav.jpg\",\"articleSection\":[\"NACIONAL\"],\"inLanguage\":\"es\",\"potentialAction\":[{\"@type\":\"CommentAction\",\"name\":\"Comment\",\"target\":[\"https:\\\/\\\/canal7slp.tv\\\/2019\\\/victimas-y-academicos-buscan-dirigir-la-ceav\\\/#respond\"]}]},{\"@type\":\"WebPage\",\"@id\":\"https:\\\/\\\/canal7slp.tv\\\/2019\\\/victimas-y-academicos-buscan-dirigir-la-ceav\\\/\",\"url\":\"https:\\\/\\\/canal7slp.tv\\\/2019\\\/victimas-y-academicos-buscan-dirigir-la-ceav\\\/\",\"name\":\"V\u00edctimas y acad\u00e9micos buscan dirigir la CEAV - Canal 7 SLP - 2019\",\"isPartOf\":{\"@id\":\"https:\\\/\\\/canal7slp.tv\\\/2019\\\/#website\"},\"primaryImageOfPage\":{\"@id\":\"https:\\\/\\\/canal7slp.tv\\\/2019\\\/victimas-y-academicos-buscan-dirigir-la-ceav\\\/#primaryimage\"},\"image\":{\"@id\":\"https:\\\/\\\/canal7slp.tv\\\/2019\\\/victimas-y-academicos-buscan-dirigir-la-ceav\\\/#primaryimage\"},\"thumbnailUrl\":\"https:\\\/\\\/canal7slp.tv\\\/2019\\\/wp-content\\\/uploads\\\/2019\\\/07\\\/1130_ceav.jpg\",\"datePublished\":\"2019-07-31T15:43:21+00:00\",\"breadcrumb\":{\"@id\":\"https:\\\/\\\/canal7slp.tv\\\/2019\\\/victimas-y-academicos-buscan-dirigir-la-ceav\\\/#breadcrumb\"},\"inLanguage\":\"es\",\"potentialAction\":[{\"@type\":\"ReadAction\",\"target\":[\"https:\\\/\\\/canal7slp.tv\\\/2019\\\/victimas-y-academicos-buscan-dirigir-la-ceav\\\/\"]}]},{\"@type\":\"ImageObject\",\"inLanguage\":\"es\",\"@id\":\"https:\\\/\\\/canal7slp.tv\\\/2019\\\/victimas-y-academicos-buscan-dirigir-la-ceav\\\/#primaryimage\",\"url\":\"https:\\\/\\\/canal7slp.tv\\\/2019\\\/wp-content\\\/uploads\\\/2019\\\/07\\\/1130_ceav.jpg\",\"contentUrl\":\"https:\\\/\\\/canal7slp.tv\\\/2019\\\/wp-content\\\/uploads\\\/2019\\\/07\\\/1130_ceav.jpg\",\"width\":683,\"height\":410},{\"@type\":\"BreadcrumbList\",\"@id\":\"https:\\\/\\\/canal7slp.tv\\\/2019\\\/victimas-y-academicos-buscan-dirigir-la-ceav\\\/#breadcrumb\",\"itemListElement\":[{\"@type\":\"ListItem\",\"position\":1,\"name\":\"Home\",\"item\":\"https:\\\/\\\/canal7slp.tv\\\/2019\\\/\"},{\"@type\":\"ListItem\",\"position\":2,\"name\":\"V\u00edctimas y acad\u00e9micos buscan dirigir la CEAV\"}]},{\"@type\":\"WebSite\",\"@id\":\"https:\\\/\\\/canal7slp.tv\\\/2019\\\/#website\",\"url\":\"https:\\\/\\\/canal7slp.tv\\\/2019\\\/\",\"name\":\"Canal 7 SLP - Somos TV\",\"description\":\"Somos un Canal de 10\",\"publisher\":{\"@id\":\"https:\\\/\\\/canal7slp.tv\\\/2019\\\/#organization\"},\"potentialAction\":[{\"@type\":\"SearchAction\",\"target\":{\"@type\":\"EntryPoint\",\"urlTemplate\":\"https:\\\/\\\/canal7slp.tv\\\/2019\\\/?s={search_term_string}\"},\"query-input\":{\"@type\":\"PropertyValueSpecification\",\"valueRequired\":true,\"valueName\":\"search_term_string\"}}],\"inLanguage\":\"es\"},{\"@type\":\"Organization\",\"@id\":\"https:\\\/\\\/canal7slp.tv\\\/2019\\\/#organization\",\"name\":\"Comunicaci\u00f3n 2000 S.A. de C.V.\",\"url\":\"https:\\\/\\\/canal7slp.tv\\\/2019\\\/\",\"logo\":{\"@type\":\"ImageObject\",\"inLanguage\":\"es\",\"@id\":\"https:\\\/\\\/canal7slp.tv\\\/2019\\\/#\\\/schema\\\/logo\\\/image\\\/\",\"url\":\"https:\\\/\\\/canal7slp.tv\\\/2019\\\/wp-content\\\/uploads\\\/2019\\\/07\\\/logo-c7.png\",\"contentUrl\":\"https:\\\/\\\/canal7slp.tv\\\/2019\\\/wp-content\\\/uploads\\\/2019\\\/07\\\/logo-c7.png\",\"width\":220,\"height\":60,\"caption\":\"Comunicaci\u00f3n 2000 S.A. de C.V.\"},\"image\":{\"@id\":\"https:\\\/\\\/canal7slp.tv\\\/2019\\\/#\\\/schema\\\/logo\\\/image\\\/\"},\"sameAs\":[\"https:\\\/\\\/www.facebook.com\\\/CANAL7SLP\\\/\",\"https:\\\/\\\/x.com\\\/canal7_slp\",\"https:\\\/\\\/www.instagram.com\\\/canal7_slp\",\"https:\\\/\\\/www.youtube.com\\\/user\\\/NOTICIEROSCANAL7SLP\\\/\"]},{\"@type\":\"Person\",\"@id\":\"https:\\\/\\\/canal7slp.tv\\\/2019\\\/#\\\/schema\\\/person\\\/11d941c1c6ca30ac0a46b95fa37aa2e3\",\"name\":\"edicionweb\",\"image\":{\"@type\":\"ImageObject\",\"inLanguage\":\"es\",\"@id\":\"https:\\\/\\\/secure.gravatar.com\\\/avatar\\\/eee448fc3f7164808013b816ba91ac7e43bbe82a70bebac296f8bc6f0addaa1a?s=96&d=mm&r=g\",\"url\":\"https:\\\/\\\/secure.gravatar.com\\\/avatar\\\/eee448fc3f7164808013b816ba91ac7e43bbe82a70bebac296f8bc6f0addaa1a?s=96&d=mm&r=g\",\"contentUrl\":\"https:\\\/\\\/secure.gravatar.com\\\/avatar\\\/eee448fc3f7164808013b816ba91ac7e43bbe82a70bebac296f8bc6f0addaa1a?s=96&d=mm&r=g\",\"caption\":\"edicionweb\"}}]}<\/script>\n<!-- \/ Yoast SEO plugin. -->","yoast_head_json":{"title":"V\u00edctimas y acad\u00e9micos buscan dirigir la CEAV - Canal 7 SLP - 2019","robots":{"index":"index","follow":"follow","max-snippet":"max-snippet:-1","max-image-preview":"max-image-preview:large","max-video-preview":"max-video-preview:-1"},"canonical":"https:\/\/canal7slp.tv\/2019\/victimas-y-academicos-buscan-dirigir-la-ceav\/","og_locale":"es_ES","og_type":"article","og_title":"V\u00edctimas y acad\u00e9micos buscan dirigir la CEAV - Canal 7 SLP - 2019","og_description":"M\u00e9xico.- El perfil de los aspirantes a dirigir la Comisi\u00f3n Ejecutiva de Atenci\u00f3n a V\u00edctimas (CEAV) son subalternos del extitular, Jaime Roch\u00edn, acad\u00e9micos e incluso v\u00edctimas. Al efectuar una revisi\u00f3n de los aspirantes se constat\u00f3 que cinco de los 22 candidatos finales se desempe\u00f1an como miembros de la CEAV, ya sea en la Ciudad de [&hellip;]","og_url":"https:\/\/canal7slp.tv\/2019\/victimas-y-academicos-buscan-dirigir-la-ceav\/","og_site_name":"Canal 7 SLP - 2019","article_publisher":"https:\/\/www.facebook.com\/CANAL7SLP\/","article_published_time":"2019-07-31T15:43:21+00:00","og_image":[{"width":683,"height":410,"url":"https:\/\/canal7slp.tv\/2019\/wp-content\/uploads\/2019\/07\/1130_ceav.jpg","type":"image\/jpeg"}],"author":"edicionweb","twitter_card":"summary_large_image","twitter_creator":"@canal7_slp","twitter_site":"@canal7_slp","twitter_misc":{"Escrito por":"edicionweb","Tiempo de lectura":"6 minutos"},"schema":{"@context":"https:\/\/schema.org","@graph":[{"@type":"Article","@id":"https:\/\/canal7slp.tv\/2019\/victimas-y-academicos-buscan-dirigir-la-ceav\/#article","isPartOf":{"@id":"https:\/\/canal7slp.tv\/2019\/victimas-y-academicos-buscan-dirigir-la-ceav\/"},"author":{"name":"edicionweb","@id":"https:\/\/canal7slp.tv\/2019\/#\/schema\/person\/11d941c1c6ca30ac0a46b95fa37aa2e3"},"headline":"V\u00edctimas y acad\u00e9micos buscan dirigir la CEAV","datePublished":"2019-07-31T15:43:21+00:00","mainEntityOfPage":{"@id":"https:\/\/canal7slp.tv\/2019\/victimas-y-academicos-buscan-dirigir-la-ceav\/"},"wordCount":1296,"commentCount":0,"publisher":{"@id":"https:\/\/canal7slp.tv\/2019\/#organization"},"image":{"@id":"https:\/\/canal7slp.tv\/2019\/victimas-y-academicos-buscan-dirigir-la-ceav\/#primaryimage"},"thumbnailUrl":"https:\/\/canal7slp.tv\/2019\/wp-content\/uploads\/2019\/07\/1130_ceav.jpg","articleSection":["NACIONAL"],"inLanguage":"es","potentialAction":[{"@type":"CommentAction","name":"Comment","target":["https:\/\/canal7slp.tv\/2019\/victimas-y-academicos-buscan-dirigir-la-ceav\/#respond"]}]},{"@type":"WebPage","@id":"https:\/\/canal7slp.tv\/2019\/victimas-y-academicos-buscan-dirigir-la-ceav\/","url":"https:\/\/canal7slp.tv\/2019\/victimas-y-academicos-buscan-dirigir-la-ceav\/","name":"V\u00edctimas y acad\u00e9micos buscan dirigir la CEAV - Canal 7 SLP - 2019","isPartOf":{"@id":"https:\/\/canal7slp.tv\/2019\/#website"},"primaryImageOfPage":{"@id":"https:\/\/canal7slp.tv\/2019\/victimas-y-academicos-buscan-dirigir-la-ceav\/#primaryimage"},"image":{"@id":"https:\/\/canal7slp.tv\/2019\/victimas-y-academicos-buscan-dirigir-la-ceav\/#primaryimage"},"thumbnailUrl":"https:\/\/canal7slp.tv\/2019\/wp-content\/uploads\/2019\/07\/1130_ceav.jpg","datePublished":"2019-07-31T15:43:21+00:00","breadcrumb":{"@id":"https:\/\/canal7slp.tv\/2019\/victimas-y-academicos-buscan-dirigir-la-ceav\/#breadcrumb"},"inLanguage":"es","potentialAction":[{"@type":"ReadAction","target":["https:\/\/canal7slp.tv\/2019\/victimas-y-academicos-buscan-dirigir-la-ceav\/"]}]},{"@type":"ImageObject","inLanguage":"es","@id":"https:\/\/canal7slp.tv\/2019\/victimas-y-academicos-buscan-dirigir-la-ceav\/#primaryimage","url":"https:\/\/canal7slp.tv\/2019\/wp-content\/uploads\/2019\/07\/1130_ceav.jpg","contentUrl":"https:\/\/canal7slp.tv\/2019\/wp-content\/uploads\/2019\/07\/1130_ceav.jpg","width":683,"height":410},{"@type":"BreadcrumbList","@id":"https:\/\/canal7slp.tv\/2019\/victimas-y-academicos-buscan-dirigir-la-ceav\/#breadcrumb","itemListElement":[{"@type":"ListItem","position":1,"name":"Home","item":"https:\/\/canal7slp.tv\/2019\/"},{"@type":"ListItem","position":2,"name":"V\u00edctimas y acad\u00e9micos buscan dirigir la CEAV"}]},{"@type":"WebSite","@id":"https:\/\/canal7slp.tv\/2019\/#website","url":"https:\/\/canal7slp.tv\/2019\/","name":"Canal 7 SLP - Somos TV","description":"Somos un Canal de 10","publisher":{"@id":"https:\/\/canal7slp.tv\/2019\/#organization"},"potentialAction":[{"@type":"SearchAction","target":{"@type":"EntryPoint","urlTemplate":"https:\/\/canal7slp.tv\/2019\/?s={search_term_string}"},"query-input":{"@type":"PropertyValueSpecification","valueRequired":true,"valueName":"search_term_string"}}],"inLanguage":"es"},{"@type":"Organization","@id":"https:\/\/canal7slp.tv\/2019\/#organization","name":"Comunicaci\u00f3n 2000 S.A. de C.V.","url":"https:\/\/canal7slp.tv\/2019\/","logo":{"@type":"ImageObject","inLanguage":"es","@id":"https:\/\/canal7slp.tv\/2019\/#\/schema\/logo\/image\/","url":"https:\/\/canal7slp.tv\/2019\/wp-content\/uploads\/2019\/07\/logo-c7.png","contentUrl":"https:\/\/canal7slp.tv\/2019\/wp-content\/uploads\/2019\/07\/logo-c7.png","width":220,"height":60,"caption":"Comunicaci\u00f3n 2000 S.A. de C.V."},"image":{"@id":"https:\/\/canal7slp.tv\/2019\/#\/schema\/logo\/image\/"},"sameAs":["https:\/\/www.facebook.com\/CANAL7SLP\/","https:\/\/x.com\/canal7_slp","https:\/\/www.instagram.com\/canal7_slp","https:\/\/www.youtube.com\/user\/NOTICIEROSCANAL7SLP\/"]},{"@type":"Person","@id":"https:\/\/canal7slp.tv\/2019\/#\/schema\/person\/11d941c1c6ca30ac0a46b95fa37aa2e3","name":"edicionweb","image":{"@type":"ImageObject","inLanguage":"es","@id":"https:\/\/secure.gravatar.com\/avatar\/eee448fc3f7164808013b816ba91ac7e43bbe82a70bebac296f8bc6f0addaa1a?s=96&d=mm&r=g","url":"https:\/\/secure.gravatar.com\/avatar\/eee448fc3f7164808013b816ba91ac7e43bbe82a70bebac296f8bc6f0addaa1a?s=96&d=mm&r=g","contentUrl":"https:\/\/secure.gravatar.com\/avatar\/eee448fc3f7164808013b816ba91ac7e43bbe82a70bebac296f8bc6f0addaa1a?s=96&d=mm&r=g","caption":"edicionweb"}}]}},"amp_enabled":true,"cmb2":{"video_ids_in_playlist":{"vid_p_videos":""},"video_ids_in_channel":{"vid_c_videos":""},"playlist_ids_in_channel":{"vid_c_playlists":""},"series_ids_in_channel":{"vid_c_series":""},"channel_images":{"vid_c_logo":"","vid_c_banner":""},"poster_feature_image":{"vid_m_poster_image":""},"gif_feature_image":{"vid_m_gif_image":""},"video_movie_settings":{"vid_m_director":"","vid_m_actor":"","vid_m_imdb_ratings":"","vid_m_amazon_associates":""},"vid_youtube_broadcasts_settings":{"vid_yb_broadcast_title":"","vid_yb_q":"","vid_yb_channelid":"","vid_yb_videocategoryid":"","vid_yb_maxresults":"","vid_yb_order":"","vid_yb_regioncode":"","vid_yb_videosyndicated":"","vid_yb_style":"","vid_yb_reload_first":""},"video_series_settings":{"vid_m_director":"","vid_m_actor":"","vid_m_imdb_ratings":"","video_series_group":""},"amazon_associates_settings":{"amazon_associates":"","amazon_native_ad":""},"vid_youtube_automatic_settings":{"vid_ya_youtube_source":"","vid_ya_update_every":"","vid_ya_update_unit":"","vid_ya_categories":"","vid_ya_published_after":"","vid_ya_published_before":"","vid_ya_playlists":"","vid_ya_channels":"","vid_ya_director":"","vid_ya_actor":"","vid_ya_author":"","vid_ya_import_post_date":"","vid_ya_status":"","vid_ya_sub_api_key":""},"vid_ads_m_videoads_settings_post":{"vid_ads_m_video_ads":"","vid_ads_m_video_ads_type":"","vid_ads_m_group_google_ima":"","vid_ads_m_group_image":"","vid_ads_m_group_html5_video":"","vid_ads_m_group_html":"","vid_ads_m_vast_preroll":"","vid_ads_m_vast_postroll":"","vid_ads_m_vast_pauseroll":"","vid_ads_m_vast_midroll":[{"vid_ads_m_vast_timer_seconds":"50"}],"vid_ads_m_time_to_show_ads":"","vid_ads_m_time_skip_ads":"","vid_ads_m_time_to_hide_ads":""},"page_slider_settings":{"display_slider_group":"","page_slider_group":""},"blog_page_settings":{"blog_page_title":"","blog_page_heading":"","blog_page_ic":"","blog_page_it":"","blog_page_ec":"","blog_page_ip":"","archive_loop_style":"","blog_image_ratio":"","blog_show_categories":"","blog_show_excerpt":"","blog_show_author":"","blog_show_date":"","blog_show_comment_count":"","blog_show_view_count":"","blog_show_like_count":"","blog_show_dislike_count":"","blog_items_per_page":"","blog_pag_type":""},"page_options":{"get_page_template":"","color_mode":"","main_layout":"","main_layout_full_with":"","main_logo":"","main_logo_retina":"","main_logo_mobile":"","main_logo_mobile_retina":"","sticky_logo":"","sticky_logo_retina":"","main_nav_layout":"","ajax_search":"","header_background":"","theme_sidebar":"","instagram_feed":"","instagram_feed_position":"","popular_videos":"","popular_videos_title_1":"","popular_videos_title_2":"","popular_videos_ic":"","popular_videos_it":"","theme_background":"","page_custom_css":""},"feature_image_settings":{"feature_image_position":""},"video_player_settings":{"single_video_style":"","video_player_position":"","vm_video_url":"","video_player_library":"","video_streaming":"","vm_media_sources":"","vid_auto_play":"","vm_video_shortcode":"","vid_p_sync_playlist":"","vid_c_sync_channel":"","get_post_format":"","multiple_links_structure":"default","multi_links_title":"","vm_video_multi_links":"","vm_duration":"","vid_social_locker":"off","vid_social_locker_id":"","vid_membership_action":"content-video","vm_video_trailer_url":"","vid_download_type":"free","vid_download_target":"download","vid_woo_product":"","vm_media_download":"","user_rating":"","user_rating_position":"","user_rating_mode":"","user_rating_multi_sets":""},"video_auto_fetch_settings":{"vm_video_fetch":"on"},"video_fake_views_likes":{"vm_fake_views":"","vm_fake_likes":"","vm_fake_dislikes":""},"gallery_settings":{"gallery_position":""},"quote_settings":{"quote_position":""},"post_options":{"main_layout":"","main_logo":"","main_logo_retina":"","main_logo_mobile":"","main_logo_mobile_retina":"","sticky_logo":"","sticky_logo_retina":"","main_nav_layout":"","header_background":"","theme_sidebar":"","single_post_comment_type":"","theme_background":""}},"_links":{"self":[{"href":"https:\/\/canal7slp.tv\/2019\/wp-json\/wp\/v2\/posts\/42551","targetHints":{"allow":["GET"]}}],"collection":[{"href":"https:\/\/canal7slp.tv\/2019\/wp-json\/wp\/v2\/posts"}],"about":[{"href":"https:\/\/canal7slp.tv\/2019\/wp-json\/wp\/v2\/types\/post"}],"author":[{"embeddable":true,"href":"https:\/\/canal7slp.tv\/2019\/wp-json\/wp\/v2\/users\/2"}],"replies":[{"embeddable":true,"href":"https:\/\/canal7slp.tv\/2019\/wp-json\/wp\/v2\/comments?post=42551"}],"version-history":[{"count":0,"href":"https:\/\/canal7slp.tv\/2019\/wp-json\/wp\/v2\/posts\/42551\/revisions"}],"wp:featuredmedia":[{"embeddable":true,"href":"https:\/\/canal7slp.tv\/2019\/wp-json\/wp\/v2\/media\/42552"}],"wp:attachment":[{"href":"https:\/\/canal7slp.tv\/2019\/wp-json\/wp\/v2\/media?parent=42551"}],"wp:term":[{"taxonomy":"category","embeddable":true,"href":"https:\/\/canal7slp.tv\/2019\/wp-json\/wp\/v2\/categories?post=42551"},{"taxonomy":"post_tag","embeddable":true,"href":"https:\/\/canal7slp.tv\/2019\/wp-json\/wp\/v2\/tags?post=42551"}],"curies":[{"name":"wp","href":"https:\/\/api.w.org\/{rel}","templated":true}]}}