{"id":42479,"date":"2019-07-30T19:52:53","date_gmt":"2019-07-31T00:52:53","guid":{"rendered":"https:\/\/canal7slp.tv\/2019\/?p=42479"},"modified":"2019-07-30T19:52:53","modified_gmt":"2019-07-31T00:52:53","slug":"mito-genial-definir-recesion-por-dos-trimestres-consecutivos-de-caidas","status":"publish","type":"post","link":"https:\/\/canal7slp.tv\/2019\/mito-genial-definir-recesion-por-dos-trimestres-consecutivos-de-caidas\/","title":{"rendered":"\u201cMito genial\u201d definir recesi\u00f3n por dos trimestres consecutivos de ca\u00eddas"},"content":{"rendered":"<p style=\"text-align: justify;\">M\u00e9xico.- Es un \u201cmito genial\u201d o un criterio &#8220;chato y limitado&#8221; considerar que una econom\u00eda est\u00e1 en recesi\u00f3n cuando registra dos trimestres consecutivos con ca\u00eddas, sostuvo el director general adjunto de Investigaci\u00f3n del Instituto Nacional de Estad\u00edstica y Geograf\u00eda (INEGI), Gerardo Leyva Parra.<\/p>\n<p style=\"text-align: justify;\">\u201cLo de los dos trimestres consecutivos es un mito genial, es un fantasma, una entelequia, una salida f\u00e1cil, es una regla que existe porque mucha gente la repite, pero que no tiene ning\u00fan fundamento\u201d, se\u00f1al\u00f3 el funcionario.<\/p>\n<p style=\"text-align: justify;\">Leyva Parra precis\u00f3\u00a0que si bien esta definici\u00f3n se repite entre economistas y representantes de medios de comunicaci\u00f3n, \u201ceso no quiere decir que tenga sustento, es un fantasma, es una salida f\u00e1cil\u201d.<\/p>\n<p style=\"text-align: justify;\">Por ello, dijo, se conform\u00f3 un grupo de expertos que eval\u00faa la pertinencia de integrar un Comit\u00e9 de Fechado de los Ciclos de la Econom\u00eda de M\u00e9xico, que entre otros objetivos determinar\u00eda qu\u00e9 es un ciclo econ\u00f3mico y proporcionar\u00eda al p\u00fablico un concepto sobre lo que es una recesi\u00f3n o una recuperaci\u00f3n econ\u00f3mica.<\/p>\n<p style=\"text-align: justify;\">De acuerdo con Leyva Parra, el grupo de ocho expertos, incluido \u00e9l, se instal\u00f3 el pasado 13 de junio, sesiona cada 15 d\u00edas y ser\u00e1 hasta enero de 2020 cuando d\u00e9 a conocer un documento en el cual concluir\u00e1 la pertinencia o no de crear dicho Comit\u00e9, y si as\u00ed fuera el caso, sugerir\u00e1 su funcionamiento y las reglas para seleccionar a sus integrantes.<\/p>\n<p style=\"text-align: justify;\">\u201cLo relevante de conocer los ciclos econ\u00f3micos es entender que \u00e9stos inciden de manera importante en la vida de la gente; los ciclos est\u00e1n asociados con posibilidades de mayor ingreso, de mayores facilidades de encontrar trabajo, de mayor prosperidad para la gente en general\u201d.<\/p>\n<p style=\"text-align: justify;\">Refiri\u00f3 que saber cu\u00e1ndo empieza y termina un ciclo econ\u00f3mico ayuda a identificar las variables que en esos momentos pudieron haber incidido en que eso ocurra, tanto de car\u00e1cter ex\u00f3geno como de car\u00e1cter end\u00f3geno que resulte de las pol\u00edticas p\u00fablicas.<\/p>\n<p style=\"text-align: justify;\">Esto alimenta el conocimiento de las \u00e9pocas de \u201cvacas gordas y vacas flacas\u201d, para que cuando una econom\u00eda entre o se salga de una crisis est\u00e9 mejor preparada para las siguientes, duren menos y sean menos da\u00f1inas, as\u00ed como que las recuperaciones duren m\u00e1s y sean lo m\u00e1s beneficiosas.<\/p>\n<p style=\"text-align: justify;\">As\u00ed, apunt\u00f3, si se decide crear un Comit\u00e9 de Fechado de los Ciclos de la Econom\u00eda Mexicana, como los que hay en Estados Unidos, Canad\u00e1, Brasil, Espa\u00f1a, Zona Euro o Jap\u00f3n, podr\u00e1 proporcionar al p\u00fablico conceptos sobre lo que es un ciclo econ\u00f3mico y sus diferentes fases: la de recesi\u00f3n y la de recuperaci\u00f3n.<\/p>\n<p style=\"text-align: justify;\">Ante la pol\u00e9mica actual sobre si la econom\u00eda mexicana est\u00e1 en recesi\u00f3n o no, el director general adjunto de Investigaci\u00f3n del INEGI precis\u00f3 que no hay ninguna definici\u00f3n oficial sobre este concepto.<\/p>\n<p style=\"text-align: justify;\">El origen del \u201cmito\u201d de que una recesi\u00f3n se define como dos trimestres consecutivos con ca\u00eddas se remonta a la \u00e9poca del presidente de Estados Unidos Lyndon Johnson (1963-1969), pues pensaba reelegirse, pero la econom\u00eda de ese pa\u00eds no estaba bien y busc\u00f3 una manera de establecer una definici\u00f3n que le conviniera para mostrar en ese momento que no estaba en recesi\u00f3n.<\/p>\n<p style=\"text-align: justify;\">Entonces, Arthur Okun, el jefe de asesores econ\u00f3micos de presidente Johnson propuso: \u201cQue tal que decimos que dos trimestres con ca\u00edda consecutiva de PIB es recesi\u00f3n y as\u00ed nos salvamos, porque nosotros no estamos en esas\u201d, y as\u00ed se origin\u00f3 el \u201cmito\u201d.<\/p>\n<p style=\"text-align: justify;\">No obstante, precis\u00f3 Leyva Parra, lo que s\u00ed est\u00e1 documentado sobre la definici\u00f3n de recesi\u00f3n es un art\u00edculo publicado en el New York Times en diciembre de 1974 por el especialista del Bur\u00f3 de Estad\u00edsticas Laborales de Estados Unidos, Julius Shiskin, con autoridad t\u00e9cnica para hablar de ciclos.<\/p>\n<p style=\"text-align: justify;\">Shiskin escribi\u00f3 que para que una econom\u00eda est\u00e9 en recesi\u00f3n debe cumplir tres caracter\u00edsticas: la primera es que la actividad econ\u00f3mica tiene que haberse reducido durante un tiempo suficiente, m\u00ednimo dos trimestres.<\/p>\n<p style=\"text-align: justify;\">La segunda es que la ca\u00edda de la actividad econ\u00f3mica tiene que ser generalizada, no en unos pocos sectores, y la mayor parte de los sectores tienen que estar afectados y movi\u00e9ndose en una direcci\u00f3n hacia abajo.<\/p>\n<p style=\"text-align: justify;\">Y la tercera caracter\u00edstica de una recesi\u00f3n es que la ca\u00edda econ\u00f3mica tiene que ser de una profundidad significativa, de acuerdo con la definici\u00f3n de Shiskin.<\/p>\n<p style=\"text-align: justify;\">El funcionario del INEGI subray\u00f3 que una recesi\u00f3n es la combinaci\u00f3n de estas tres caracter\u00edsticas, pero \u201clo que pas\u00f3 con lo publicado por Shinskin es que la gente vio tres cosas, se acord\u00f3 de una y se qued\u00f3 con una: que es dos trimestres consecutivos de ca\u00edda\u201d.<\/p>\n<p style=\"text-align: justify;\">Shiskin tampoco precis\u00f3 que la ca\u00edda de estos dos trimestres es en relaci\u00f3n con el mismo periodo del a\u00f1o pasado o respecto al trimestre previo.<\/p>\n<p style=\"text-align: justify;\">Por ello, insisti\u00f3\u00a0Leyva Parra,\u00a0considerar una recesi\u00f3n solo como dos trimestres consecutivos con ca\u00edda econ\u00f3mica es un mito genial, \u201cla gente lo interpreta como quiere, se queda con un criterio que es terriblemente chato y limitado\u201d.<\/p>\n","protected":false},"excerpt":{"rendered":"<p>M\u00e9xico.- Es un \u201cmito genial\u201d o un criterio &#8220;chato y limitado&#8221; considerar que una econom\u00eda est\u00e1 en recesi\u00f3n cuando registra dos trimestres consecutivos con ca\u00eddas, sostuvo el director general adjunto de Investigaci\u00f3n del Instituto Nacional de Estad\u00edstica y Geograf\u00eda (INEGI), Gerardo Leyva Parra. \u201cLo de los dos trimestres consecutivos es un mito genial, es un [&hellip;]<\/p>\n","protected":false},"author":2,"featured_media":42480,"comment_status":"open","ping_status":"closed","sticky":false,"template":"","format":"standard","meta":{"footnotes":""},"categories":[98],"tags":[],"class_list":["post-42479","post","type-post","status-publish","format-standard","has-post-thumbnail","hentry","category-finanzas"],"yoast_head":"<!-- This site is optimized with the Yoast SEO plugin v27.4 - https:\/\/yoast.com\/product\/yoast-seo-wordpress\/ -->\n<title>\u201cMito genial\u201d definir recesi\u00f3n por dos trimestres consecutivos de ca\u00eddas - Canal 7 SLP - 2019<\/title>\n<meta name=\"robots\" content=\"index, follow, max-snippet:-1, max-image-preview:large, max-video-preview:-1\" \/>\n<link rel=\"canonical\" href=\"https:\/\/canal7slp.tv\/2019\/mito-genial-definir-recesion-por-dos-trimestres-consecutivos-de-caidas\/\" \/>\n<meta property=\"og:locale\" content=\"es_ES\" \/>\n<meta property=\"og:type\" content=\"article\" \/>\n<meta property=\"og:title\" content=\"\u201cMito genial\u201d definir recesi\u00f3n por dos trimestres consecutivos de ca\u00eddas - Canal 7 SLP - 2019\" \/>\n<meta property=\"og:description\" content=\"M\u00e9xico.- Es un \u201cmito genial\u201d o un criterio &#8220;chato y limitado&#8221; considerar que una econom\u00eda est\u00e1 en recesi\u00f3n cuando registra dos trimestres consecutivos con ca\u00eddas, sostuvo el director general adjunto de Investigaci\u00f3n del Instituto Nacional de Estad\u00edstica y Geograf\u00eda (INEGI), Gerardo Leyva Parra. \u201cLo de los dos trimestres consecutivos es un mito genial, es un [&hellip;]\" \/>\n<meta property=\"og:url\" content=\"https:\/\/canal7slp.tv\/2019\/mito-genial-definir-recesion-por-dos-trimestres-consecutivos-de-caidas\/\" \/>\n<meta property=\"og:site_name\" content=\"Canal 7 SLP - 2019\" \/>\n<meta property=\"article:publisher\" content=\"https:\/\/www.facebook.com\/CANAL7SLP\/\" \/>\n<meta property=\"article:published_time\" content=\"2019-07-31T00:52:53+00:00\" \/>\n<meta property=\"og:image\" content=\"https:\/\/canal7slp.tv\/2019\/wp-content\/uploads\/2019\/07\/05-29.jpg\" \/>\n\t<meta property=\"og:image:width\" content=\"615\" \/>\n\t<meta property=\"og:image:height\" content=\"410\" \/>\n\t<meta property=\"og:image:type\" content=\"image\/jpeg\" \/>\n<meta name=\"author\" content=\"edicionweb\" \/>\n<meta name=\"twitter:card\" content=\"summary_large_image\" \/>\n<meta name=\"twitter:creator\" content=\"@canal7_slp\" \/>\n<meta name=\"twitter:site\" content=\"@canal7_slp\" \/>\n<meta name=\"twitter:label1\" content=\"Escrito por\" \/>\n\t<meta name=\"twitter:data1\" content=\"edicionweb\" \/>\n\t<meta name=\"twitter:label2\" content=\"Tiempo de lectura\" \/>\n\t<meta name=\"twitter:data2\" content=\"4 minutos\" \/>\n<script type=\"application\/ld+json\" class=\"yoast-schema-graph\">{\"@context\":\"https:\\\/\\\/schema.org\",\"@graph\":[{\"@type\":\"Article\",\"@id\":\"https:\\\/\\\/canal7slp.tv\\\/2019\\\/mito-genial-definir-recesion-por-dos-trimestres-consecutivos-de-caidas\\\/#article\",\"isPartOf\":{\"@id\":\"https:\\\/\\\/canal7slp.tv\\\/2019\\\/mito-genial-definir-recesion-por-dos-trimestres-consecutivos-de-caidas\\\/\"},\"author\":{\"name\":\"edicionweb\",\"@id\":\"https:\\\/\\\/canal7slp.tv\\\/2019\\\/#\\\/schema\\\/person\\\/11d941c1c6ca30ac0a46b95fa37aa2e3\"},\"headline\":\"\u201cMito genial\u201d definir recesi\u00f3n por dos trimestres consecutivos de ca\u00eddas\",\"datePublished\":\"2019-07-31T00:52:53+00:00\",\"mainEntityOfPage\":{\"@id\":\"https:\\\/\\\/canal7slp.tv\\\/2019\\\/mito-genial-definir-recesion-por-dos-trimestres-consecutivos-de-caidas\\\/\"},\"wordCount\":901,\"commentCount\":0,\"publisher\":{\"@id\":\"https:\\\/\\\/canal7slp.tv\\\/2019\\\/#organization\"},\"image\":{\"@id\":\"https:\\\/\\\/canal7slp.tv\\\/2019\\\/mito-genial-definir-recesion-por-dos-trimestres-consecutivos-de-caidas\\\/#primaryimage\"},\"thumbnailUrl\":\"https:\\\/\\\/canal7slp.tv\\\/2019\\\/wp-content\\\/uploads\\\/2019\\\/07\\\/05-29.jpg\",\"articleSection\":[\"FINANZAS\"],\"inLanguage\":\"es\",\"potentialAction\":[{\"@type\":\"CommentAction\",\"name\":\"Comment\",\"target\":[\"https:\\\/\\\/canal7slp.tv\\\/2019\\\/mito-genial-definir-recesion-por-dos-trimestres-consecutivos-de-caidas\\\/#respond\"]}]},{\"@type\":\"WebPage\",\"@id\":\"https:\\\/\\\/canal7slp.tv\\\/2019\\\/mito-genial-definir-recesion-por-dos-trimestres-consecutivos-de-caidas\\\/\",\"url\":\"https:\\\/\\\/canal7slp.tv\\\/2019\\\/mito-genial-definir-recesion-por-dos-trimestres-consecutivos-de-caidas\\\/\",\"name\":\"\u201cMito genial\u201d definir recesi\u00f3n por dos trimestres consecutivos de ca\u00eddas - Canal 7 SLP - 2019\",\"isPartOf\":{\"@id\":\"https:\\\/\\\/canal7slp.tv\\\/2019\\\/#website\"},\"primaryImageOfPage\":{\"@id\":\"https:\\\/\\\/canal7slp.tv\\\/2019\\\/mito-genial-definir-recesion-por-dos-trimestres-consecutivos-de-caidas\\\/#primaryimage\"},\"image\":{\"@id\":\"https:\\\/\\\/canal7slp.tv\\\/2019\\\/mito-genial-definir-recesion-por-dos-trimestres-consecutivos-de-caidas\\\/#primaryimage\"},\"thumbnailUrl\":\"https:\\\/\\\/canal7slp.tv\\\/2019\\\/wp-content\\\/uploads\\\/2019\\\/07\\\/05-29.jpg\",\"datePublished\":\"2019-07-31T00:52:53+00:00\",\"breadcrumb\":{\"@id\":\"https:\\\/\\\/canal7slp.tv\\\/2019\\\/mito-genial-definir-recesion-por-dos-trimestres-consecutivos-de-caidas\\\/#breadcrumb\"},\"inLanguage\":\"es\",\"potentialAction\":[{\"@type\":\"ReadAction\",\"target\":[\"https:\\\/\\\/canal7slp.tv\\\/2019\\\/mito-genial-definir-recesion-por-dos-trimestres-consecutivos-de-caidas\\\/\"]}]},{\"@type\":\"ImageObject\",\"inLanguage\":\"es\",\"@id\":\"https:\\\/\\\/canal7slp.tv\\\/2019\\\/mito-genial-definir-recesion-por-dos-trimestres-consecutivos-de-caidas\\\/#primaryimage\",\"url\":\"https:\\\/\\\/canal7slp.tv\\\/2019\\\/wp-content\\\/uploads\\\/2019\\\/07\\\/05-29.jpg\",\"contentUrl\":\"https:\\\/\\\/canal7slp.tv\\\/2019\\\/wp-content\\\/uploads\\\/2019\\\/07\\\/05-29.jpg\",\"width\":615,\"height\":410},{\"@type\":\"BreadcrumbList\",\"@id\":\"https:\\\/\\\/canal7slp.tv\\\/2019\\\/mito-genial-definir-recesion-por-dos-trimestres-consecutivos-de-caidas\\\/#breadcrumb\",\"itemListElement\":[{\"@type\":\"ListItem\",\"position\":1,\"name\":\"Home\",\"item\":\"https:\\\/\\\/canal7slp.tv\\\/2019\\\/\"},{\"@type\":\"ListItem\",\"position\":2,\"name\":\"\u201cMito genial\u201d definir recesi\u00f3n por dos trimestres consecutivos de ca\u00eddas\"}]},{\"@type\":\"WebSite\",\"@id\":\"https:\\\/\\\/canal7slp.tv\\\/2019\\\/#website\",\"url\":\"https:\\\/\\\/canal7slp.tv\\\/2019\\\/\",\"name\":\"Canal 7 SLP - Somos TV\",\"description\":\"Somos un Canal de 10\",\"publisher\":{\"@id\":\"https:\\\/\\\/canal7slp.tv\\\/2019\\\/#organization\"},\"potentialAction\":[{\"@type\":\"SearchAction\",\"target\":{\"@type\":\"EntryPoint\",\"urlTemplate\":\"https:\\\/\\\/canal7slp.tv\\\/2019\\\/?s={search_term_string}\"},\"query-input\":{\"@type\":\"PropertyValueSpecification\",\"valueRequired\":true,\"valueName\":\"search_term_string\"}}],\"inLanguage\":\"es\"},{\"@type\":\"Organization\",\"@id\":\"https:\\\/\\\/canal7slp.tv\\\/2019\\\/#organization\",\"name\":\"Comunicaci\u00f3n 2000 S.A. de C.V.\",\"url\":\"https:\\\/\\\/canal7slp.tv\\\/2019\\\/\",\"logo\":{\"@type\":\"ImageObject\",\"inLanguage\":\"es\",\"@id\":\"https:\\\/\\\/canal7slp.tv\\\/2019\\\/#\\\/schema\\\/logo\\\/image\\\/\",\"url\":\"https:\\\/\\\/canal7slp.tv\\\/2019\\\/wp-content\\\/uploads\\\/2019\\\/07\\\/logo-c7.png\",\"contentUrl\":\"https:\\\/\\\/canal7slp.tv\\\/2019\\\/wp-content\\\/uploads\\\/2019\\\/07\\\/logo-c7.png\",\"width\":220,\"height\":60,\"caption\":\"Comunicaci\u00f3n 2000 S.A. de C.V.\"},\"image\":{\"@id\":\"https:\\\/\\\/canal7slp.tv\\\/2019\\\/#\\\/schema\\\/logo\\\/image\\\/\"},\"sameAs\":[\"https:\\\/\\\/www.facebook.com\\\/CANAL7SLP\\\/\",\"https:\\\/\\\/x.com\\\/canal7_slp\",\"https:\\\/\\\/www.instagram.com\\\/canal7_slp\",\"https:\\\/\\\/www.youtube.com\\\/user\\\/NOTICIEROSCANAL7SLP\\\/\"]},{\"@type\":\"Person\",\"@id\":\"https:\\\/\\\/canal7slp.tv\\\/2019\\\/#\\\/schema\\\/person\\\/11d941c1c6ca30ac0a46b95fa37aa2e3\",\"name\":\"edicionweb\",\"image\":{\"@type\":\"ImageObject\",\"inLanguage\":\"es\",\"@id\":\"https:\\\/\\\/secure.gravatar.com\\\/avatar\\\/eee448fc3f7164808013b816ba91ac7e43bbe82a70bebac296f8bc6f0addaa1a?s=96&d=mm&r=g\",\"url\":\"https:\\\/\\\/secure.gravatar.com\\\/avatar\\\/eee448fc3f7164808013b816ba91ac7e43bbe82a70bebac296f8bc6f0addaa1a?s=96&d=mm&r=g\",\"contentUrl\":\"https:\\\/\\\/secure.gravatar.com\\\/avatar\\\/eee448fc3f7164808013b816ba91ac7e43bbe82a70bebac296f8bc6f0addaa1a?s=96&d=mm&r=g\",\"caption\":\"edicionweb\"}}]}<\/script>\n<!-- \/ Yoast SEO plugin. -->","yoast_head_json":{"title":"\u201cMito genial\u201d definir recesi\u00f3n por dos trimestres consecutivos de ca\u00eddas - Canal 7 SLP - 2019","robots":{"index":"index","follow":"follow","max-snippet":"max-snippet:-1","max-image-preview":"max-image-preview:large","max-video-preview":"max-video-preview:-1"},"canonical":"https:\/\/canal7slp.tv\/2019\/mito-genial-definir-recesion-por-dos-trimestres-consecutivos-de-caidas\/","og_locale":"es_ES","og_type":"article","og_title":"\u201cMito genial\u201d definir recesi\u00f3n por dos trimestres consecutivos de ca\u00eddas - Canal 7 SLP - 2019","og_description":"M\u00e9xico.- Es un \u201cmito genial\u201d o un criterio &#8220;chato y limitado&#8221; considerar que una econom\u00eda est\u00e1 en recesi\u00f3n cuando registra dos trimestres consecutivos con ca\u00eddas, sostuvo el director general adjunto de Investigaci\u00f3n del Instituto Nacional de Estad\u00edstica y Geograf\u00eda (INEGI), Gerardo Leyva Parra. \u201cLo de los dos trimestres consecutivos es un mito genial, es un [&hellip;]","og_url":"https:\/\/canal7slp.tv\/2019\/mito-genial-definir-recesion-por-dos-trimestres-consecutivos-de-caidas\/","og_site_name":"Canal 7 SLP - 2019","article_publisher":"https:\/\/www.facebook.com\/CANAL7SLP\/","article_published_time":"2019-07-31T00:52:53+00:00","og_image":[{"width":615,"height":410,"url":"https:\/\/canal7slp.tv\/2019\/wp-content\/uploads\/2019\/07\/05-29.jpg","type":"image\/jpeg"}],"author":"edicionweb","twitter_card":"summary_large_image","twitter_creator":"@canal7_slp","twitter_site":"@canal7_slp","twitter_misc":{"Escrito por":"edicionweb","Tiempo de lectura":"4 minutos"},"schema":{"@context":"https:\/\/schema.org","@graph":[{"@type":"Article","@id":"https:\/\/canal7slp.tv\/2019\/mito-genial-definir-recesion-por-dos-trimestres-consecutivos-de-caidas\/#article","isPartOf":{"@id":"https:\/\/canal7slp.tv\/2019\/mito-genial-definir-recesion-por-dos-trimestres-consecutivos-de-caidas\/"},"author":{"name":"edicionweb","@id":"https:\/\/canal7slp.tv\/2019\/#\/schema\/person\/11d941c1c6ca30ac0a46b95fa37aa2e3"},"headline":"\u201cMito genial\u201d definir recesi\u00f3n por dos trimestres consecutivos de ca\u00eddas","datePublished":"2019-07-31T00:52:53+00:00","mainEntityOfPage":{"@id":"https:\/\/canal7slp.tv\/2019\/mito-genial-definir-recesion-por-dos-trimestres-consecutivos-de-caidas\/"},"wordCount":901,"commentCount":0,"publisher":{"@id":"https:\/\/canal7slp.tv\/2019\/#organization"},"image":{"@id":"https:\/\/canal7slp.tv\/2019\/mito-genial-definir-recesion-por-dos-trimestres-consecutivos-de-caidas\/#primaryimage"},"thumbnailUrl":"https:\/\/canal7slp.tv\/2019\/wp-content\/uploads\/2019\/07\/05-29.jpg","articleSection":["FINANZAS"],"inLanguage":"es","potentialAction":[{"@type":"CommentAction","name":"Comment","target":["https:\/\/canal7slp.tv\/2019\/mito-genial-definir-recesion-por-dos-trimestres-consecutivos-de-caidas\/#respond"]}]},{"@type":"WebPage","@id":"https:\/\/canal7slp.tv\/2019\/mito-genial-definir-recesion-por-dos-trimestres-consecutivos-de-caidas\/","url":"https:\/\/canal7slp.tv\/2019\/mito-genial-definir-recesion-por-dos-trimestres-consecutivos-de-caidas\/","name":"\u201cMito genial\u201d definir recesi\u00f3n por dos trimestres consecutivos de ca\u00eddas - Canal 7 SLP - 2019","isPartOf":{"@id":"https:\/\/canal7slp.tv\/2019\/#website"},"primaryImageOfPage":{"@id":"https:\/\/canal7slp.tv\/2019\/mito-genial-definir-recesion-por-dos-trimestres-consecutivos-de-caidas\/#primaryimage"},"image":{"@id":"https:\/\/canal7slp.tv\/2019\/mito-genial-definir-recesion-por-dos-trimestres-consecutivos-de-caidas\/#primaryimage"},"thumbnailUrl":"https:\/\/canal7slp.tv\/2019\/wp-content\/uploads\/2019\/07\/05-29.jpg","datePublished":"2019-07-31T00:52:53+00:00","breadcrumb":{"@id":"https:\/\/canal7slp.tv\/2019\/mito-genial-definir-recesion-por-dos-trimestres-consecutivos-de-caidas\/#breadcrumb"},"inLanguage":"es","potentialAction":[{"@type":"ReadAction","target":["https:\/\/canal7slp.tv\/2019\/mito-genial-definir-recesion-por-dos-trimestres-consecutivos-de-caidas\/"]}]},{"@type":"ImageObject","inLanguage":"es","@id":"https:\/\/canal7slp.tv\/2019\/mito-genial-definir-recesion-por-dos-trimestres-consecutivos-de-caidas\/#primaryimage","url":"https:\/\/canal7slp.tv\/2019\/wp-content\/uploads\/2019\/07\/05-29.jpg","contentUrl":"https:\/\/canal7slp.tv\/2019\/wp-content\/uploads\/2019\/07\/05-29.jpg","width":615,"height":410},{"@type":"BreadcrumbList","@id":"https:\/\/canal7slp.tv\/2019\/mito-genial-definir-recesion-por-dos-trimestres-consecutivos-de-caidas\/#breadcrumb","itemListElement":[{"@type":"ListItem","position":1,"name":"Home","item":"https:\/\/canal7slp.tv\/2019\/"},{"@type":"ListItem","position":2,"name":"\u201cMito genial\u201d definir recesi\u00f3n por dos trimestres consecutivos de ca\u00eddas"}]},{"@type":"WebSite","@id":"https:\/\/canal7slp.tv\/2019\/#website","url":"https:\/\/canal7slp.tv\/2019\/","name":"Canal 7 SLP - Somos TV","description":"Somos un Canal de 10","publisher":{"@id":"https:\/\/canal7slp.tv\/2019\/#organization"},"potentialAction":[{"@type":"SearchAction","target":{"@type":"EntryPoint","urlTemplate":"https:\/\/canal7slp.tv\/2019\/?s={search_term_string}"},"query-input":{"@type":"PropertyValueSpecification","valueRequired":true,"valueName":"search_term_string"}}],"inLanguage":"es"},{"@type":"Organization","@id":"https:\/\/canal7slp.tv\/2019\/#organization","name":"Comunicaci\u00f3n 2000 S.A. de C.V.","url":"https:\/\/canal7slp.tv\/2019\/","logo":{"@type":"ImageObject","inLanguage":"es","@id":"https:\/\/canal7slp.tv\/2019\/#\/schema\/logo\/image\/","url":"https:\/\/canal7slp.tv\/2019\/wp-content\/uploads\/2019\/07\/logo-c7.png","contentUrl":"https:\/\/canal7slp.tv\/2019\/wp-content\/uploads\/2019\/07\/logo-c7.png","width":220,"height":60,"caption":"Comunicaci\u00f3n 2000 S.A. de C.V."},"image":{"@id":"https:\/\/canal7slp.tv\/2019\/#\/schema\/logo\/image\/"},"sameAs":["https:\/\/www.facebook.com\/CANAL7SLP\/","https:\/\/x.com\/canal7_slp","https:\/\/www.instagram.com\/canal7_slp","https:\/\/www.youtube.com\/user\/NOTICIEROSCANAL7SLP\/"]},{"@type":"Person","@id":"https:\/\/canal7slp.tv\/2019\/#\/schema\/person\/11d941c1c6ca30ac0a46b95fa37aa2e3","name":"edicionweb","image":{"@type":"ImageObject","inLanguage":"es","@id":"https:\/\/secure.gravatar.com\/avatar\/eee448fc3f7164808013b816ba91ac7e43bbe82a70bebac296f8bc6f0addaa1a?s=96&d=mm&r=g","url":"https:\/\/secure.gravatar.com\/avatar\/eee448fc3f7164808013b816ba91ac7e43bbe82a70bebac296f8bc6f0addaa1a?s=96&d=mm&r=g","contentUrl":"https:\/\/secure.gravatar.com\/avatar\/eee448fc3f7164808013b816ba91ac7e43bbe82a70bebac296f8bc6f0addaa1a?s=96&d=mm&r=g","caption":"edicionweb"}}]}},"amp_enabled":true,"cmb2":{"video_ids_in_playlist":{"vid_p_videos":""},"video_ids_in_channel":{"vid_c_videos":""},"playlist_ids_in_channel":{"vid_c_playlists":""},"series_ids_in_channel":{"vid_c_series":""},"channel_images":{"vid_c_logo":"","vid_c_banner":""},"poster_feature_image":{"vid_m_poster_image":""},"gif_feature_image":{"vid_m_gif_image":""},"video_movie_settings":{"vid_m_director":"","vid_m_actor":"","vid_m_imdb_ratings":"","vid_m_amazon_associates":""},"vid_youtube_broadcasts_settings":{"vid_yb_broadcast_title":"","vid_yb_q":"","vid_yb_channelid":"","vid_yb_videocategoryid":"","vid_yb_maxresults":"","vid_yb_order":"","vid_yb_regioncode":"","vid_yb_videosyndicated":"","vid_yb_style":"","vid_yb_reload_first":""},"video_series_settings":{"vid_m_director":"","vid_m_actor":"","vid_m_imdb_ratings":"","video_series_group":""},"amazon_associates_settings":{"amazon_associates":"","amazon_native_ad":""},"vid_youtube_automatic_settings":{"vid_ya_youtube_source":"","vid_ya_update_every":"","vid_ya_update_unit":"","vid_ya_categories":"","vid_ya_published_after":"","vid_ya_published_before":"","vid_ya_playlists":"","vid_ya_channels":"","vid_ya_director":"","vid_ya_actor":"","vid_ya_author":"","vid_ya_import_post_date":"","vid_ya_status":"","vid_ya_sub_api_key":""},"vid_ads_m_videoads_settings_post":{"vid_ads_m_video_ads":"","vid_ads_m_video_ads_type":"","vid_ads_m_group_google_ima":"","vid_ads_m_group_image":"","vid_ads_m_group_html5_video":"","vid_ads_m_group_html":"","vid_ads_m_vast_preroll":"","vid_ads_m_vast_postroll":"","vid_ads_m_vast_pauseroll":"","vid_ads_m_vast_midroll":[{"vid_ads_m_vast_timer_seconds":"50"}],"vid_ads_m_time_to_show_ads":"","vid_ads_m_time_skip_ads":"","vid_ads_m_time_to_hide_ads":""},"page_slider_settings":{"display_slider_group":"","page_slider_group":""},"blog_page_settings":{"blog_page_title":"","blog_page_heading":"","blog_page_ic":"","blog_page_it":"","blog_page_ec":"","blog_page_ip":"","archive_loop_style":"","blog_image_ratio":"","blog_show_categories":"","blog_show_excerpt":"","blog_show_author":"","blog_show_date":"","blog_show_comment_count":"","blog_show_view_count":"","blog_show_like_count":"","blog_show_dislike_count":"","blog_items_per_page":"","blog_pag_type":""},"page_options":{"get_page_template":"","color_mode":"","main_layout":"","main_layout_full_with":"","main_logo":"","main_logo_retina":"","main_logo_mobile":"","main_logo_mobile_retina":"","sticky_logo":"","sticky_logo_retina":"","main_nav_layout":"","ajax_search":"","header_background":"","theme_sidebar":"","instagram_feed":"","instagram_feed_position":"","popular_videos":"","popular_videos_title_1":"","popular_videos_title_2":"","popular_videos_ic":"","popular_videos_it":"","theme_background":"","page_custom_css":""},"feature_image_settings":{"feature_image_position":""},"video_player_settings":{"single_video_style":"","video_player_position":"","vm_video_url":"","video_player_library":"","video_streaming":"","vm_media_sources":"","vid_auto_play":"","vm_video_shortcode":"","vid_p_sync_playlist":"","vid_c_sync_channel":"","get_post_format":"","multiple_links_structure":"default","multi_links_title":"","vm_video_multi_links":"","vm_duration":"","vid_social_locker":"off","vid_social_locker_id":"","vid_membership_action":"content-video","vm_video_trailer_url":"","vid_download_type":"free","vid_download_target":"download","vid_woo_product":"","vm_media_download":"","user_rating":"","user_rating_position":"","user_rating_mode":"","user_rating_multi_sets":""},"video_auto_fetch_settings":{"vm_video_fetch":"on"},"video_fake_views_likes":{"vm_fake_views":"","vm_fake_likes":"","vm_fake_dislikes":""},"gallery_settings":{"gallery_position":""},"quote_settings":{"quote_position":""},"post_options":{"main_layout":"","main_logo":"","main_logo_retina":"","main_logo_mobile":"","main_logo_mobile_retina":"","sticky_logo":"","sticky_logo_retina":"","main_nav_layout":"","header_background":"","theme_sidebar":"","single_post_comment_type":"","theme_background":""}},"_links":{"self":[{"href":"https:\/\/canal7slp.tv\/2019\/wp-json\/wp\/v2\/posts\/42479","targetHints":{"allow":["GET"]}}],"collection":[{"href":"https:\/\/canal7slp.tv\/2019\/wp-json\/wp\/v2\/posts"}],"about":[{"href":"https:\/\/canal7slp.tv\/2019\/wp-json\/wp\/v2\/types\/post"}],"author":[{"embeddable":true,"href":"https:\/\/canal7slp.tv\/2019\/wp-json\/wp\/v2\/users\/2"}],"replies":[{"embeddable":true,"href":"https:\/\/canal7slp.tv\/2019\/wp-json\/wp\/v2\/comments?post=42479"}],"version-history":[{"count":0,"href":"https:\/\/canal7slp.tv\/2019\/wp-json\/wp\/v2\/posts\/42479\/revisions"}],"wp:featuredmedia":[{"embeddable":true,"href":"https:\/\/canal7slp.tv\/2019\/wp-json\/wp\/v2\/media\/42480"}],"wp:attachment":[{"href":"https:\/\/canal7slp.tv\/2019\/wp-json\/wp\/v2\/media?parent=42479"}],"wp:term":[{"taxonomy":"category","embeddable":true,"href":"https:\/\/canal7slp.tv\/2019\/wp-json\/wp\/v2\/categories?post=42479"},{"taxonomy":"post_tag","embeddable":true,"href":"https:\/\/canal7slp.tv\/2019\/wp-json\/wp\/v2\/tags?post=42479"}],"curies":[{"name":"wp","href":"https:\/\/api.w.org\/{rel}","templated":true}]}}