{"id":42464,"date":"2019-07-30T19:33:16","date_gmt":"2019-07-31T00:33:16","guid":{"rendered":"https:\/\/canal7slp.tv\/2019\/?p=42464"},"modified":"2019-07-30T19:33:16","modified_gmt":"2019-07-31T00:33:16","slug":"adecuado-que-el-gobierno-acepte-deficiencias-en-economia-xavier-azuara","status":"publish","type":"post","link":"https:\/\/canal7slp.tv\/2019\/adecuado-que-el-gobierno-acepte-deficiencias-en-economia-xavier-azuara\/","title":{"rendered":"Adecuado que el Gobierno acepte deficiencias en econom\u00eda: Xavier Azuara"},"content":{"rendered":"<ul>\n<li style=\"text-align: justify;\">El legislador dijo que la disposici\u00f3n de escuchar en el Gobierno es un paso en el sentido correcto, tal y como Acci\u00f3n Nacional lo hab\u00eda solicitado.<\/li>\n<li style=\"text-align: justify;\">Apunt\u00f3 que desde la Comisi\u00f3n de Presupuesto y Cuenta P\u00fablica se estar\u00e1 revisando a detalle el plan a fin de asegurar beneficios para la ciudadan\u00eda.<\/li>\n<\/ul>\n<p style=\"text-align: justify;\">SLP.- El diputado federal, Xavier Azuara Z\u00fa\u00f1iga celebr\u00f3 que el Gobierno reconozca que la pol\u00edtica econ\u00f3mica no est\u00e9 funcionando para nuestro pa\u00eds y se est\u00e9 planteando un plan para reactivar la econom\u00eda tal y como se hab\u00eda exigido en repetidas ocasiones desde Acci\u00f3n Nacional.<\/p>\n<p style=\"text-align: justify;\">En este sentido remarc\u00f3 que se trabajar\u00e1 de manera especial desde la Comisi\u00f3n de Presupuesto y Cuenta P\u00fablica para revisar con detalle el plan de la Secretaria de Hacienda y asegurar que sea en beneficio de las y los mexicanos sin m\u00e1s recortes a los sectores prioritarios.<\/p>\n<p style=\"text-align: justify;\">Realz\u00f3 que fue el mismo secretario de Hacienda quien reconoci\u00f3 que ha existido preocupaci\u00f3n por la desaceleraci\u00f3n econ\u00f3mica que vive el pa\u00eds, misma que ha quedado en evidencia despu\u00e9s de las bajas estimaciones de crecimiento y el llamado de atenci\u00f3n de una recesi\u00f3n econ\u00f3mica.<\/p>\n<p style=\"text-align: justify;\">El legislador apunt\u00f3 que si bien el Gobierno est\u00e1 trabajando en un nuevo plan, todav\u00eda se tiene que conocer de d\u00f3nde se tiene pensado obtener los 485 mil millones de pesos para impulsar este proyecto, pues remarc\u00f3 que de ninguna manera es rentable que este dinero saliera de los ahorros de la ciudadan\u00eda.<\/p>\n<p style=\"text-align: justify;\">Del mismo modo, dijo que respaldan un cambio de rumbo de la econom\u00eda, sin embargo, se debe de hacer de manera transparente y con un firme sustento t\u00e9cnico para que no se genere inestabilidad en la aplicaci\u00f3n de un nuevo plan.<\/p>\n<p style=\"text-align: justify;\">Azuara Z\u00fa\u00f1iga dijo que en este nuevo plan del Gobierno se debe contemplar y respetar la autonom\u00eda del Banco de M\u00e9xico, ya que es vital que se eviten riesgos y m\u00e1s malas consecuencias para la econom\u00eda mexicana como ya se ha visto con la ca\u00edda del valor del peso.<\/p>\n<p style=\"text-align: justify;\">Xavier Azuara, finaliz\u00f3 diciendo que desde la federaci\u00f3n se debe procurar la generaci\u00f3n de condiciones y est\u00edmulos que atraigan inversi\u00f3n financiera nacional e internacional y adem\u00e1s dejar a un lado las pol\u00edticas clientelares que han quedado cortas para generar desarrollo e impulsar el sector productivo del pa\u00eds.<\/p>\n","protected":false},"excerpt":{"rendered":"<p>El legislador dijo que la disposici\u00f3n de escuchar en el Gobierno es un paso en el sentido correcto, tal y como Acci\u00f3n Nacional lo hab\u00eda solicitado. Apunt\u00f3 que desde la Comisi\u00f3n de Presupuesto y Cuenta P\u00fablica se estar\u00e1 revisando a detalle el plan a fin de asegurar beneficios para la ciudadan\u00eda. SLP.- El diputado federal, [&hellip;]<\/p>\n","protected":false},"author":2,"featured_media":42465,"comment_status":"open","ping_status":"closed","sticky":false,"template":"","format":"standard","meta":{"footnotes":""},"categories":[17],"tags":[],"class_list":["post-42464","post","type-post","status-publish","format-standard","has-post-thumbnail","hentry","category-localesyregionales"],"yoast_head":"<!-- This site is optimized with the Yoast SEO plugin v27.5 - https:\/\/yoast.com\/product\/yoast-seo-wordpress\/ -->\n<title>Adecuado que el Gobierno acepte deficiencias en econom\u00eda: Xavier Azuara - Canal 7 SLP - 2019<\/title>\n<meta name=\"robots\" content=\"index, follow, max-snippet:-1, max-image-preview:large, max-video-preview:-1\" \/>\n<link rel=\"canonical\" href=\"https:\/\/canal7slp.tv\/2019\/adecuado-que-el-gobierno-acepte-deficiencias-en-economia-xavier-azuara\/\" \/>\n<meta property=\"og:locale\" content=\"es_ES\" \/>\n<meta property=\"og:type\" content=\"article\" \/>\n<meta property=\"og:title\" content=\"Adecuado que el Gobierno acepte deficiencias en econom\u00eda: Xavier Azuara - Canal 7 SLP - 2019\" \/>\n<meta property=\"og:description\" content=\"El legislador dijo que la disposici\u00f3n de escuchar en el Gobierno es un paso en el sentido correcto, tal y como Acci\u00f3n Nacional lo hab\u00eda solicitado. Apunt\u00f3 que desde la Comisi\u00f3n de Presupuesto y Cuenta P\u00fablica se estar\u00e1 revisando a detalle el plan a fin de asegurar beneficios para la ciudadan\u00eda. SLP.- El diputado federal, [&hellip;]\" \/>\n<meta property=\"og:url\" content=\"https:\/\/canal7slp.tv\/2019\/adecuado-que-el-gobierno-acepte-deficiencias-en-economia-xavier-azuara\/\" \/>\n<meta property=\"og:site_name\" content=\"Canal 7 SLP - 2019\" \/>\n<meta property=\"article:publisher\" content=\"https:\/\/www.facebook.com\/CANAL7SLP\/\" \/>\n<meta property=\"article:published_time\" content=\"2019-07-31T00:33:16+00:00\" \/>\n<meta property=\"og:image\" content=\"https:\/\/canal7slp.tv\/2019\/wp-content\/uploads\/2019\/07\/azuara-1.jpg\" \/>\n\t<meta property=\"og:image:width\" content=\"750\" \/>\n\t<meta property=\"og:image:height\" content=\"499\" \/>\n\t<meta property=\"og:image:type\" content=\"image\/jpeg\" \/>\n<meta name=\"author\" content=\"edicionweb\" \/>\n<meta name=\"twitter:card\" content=\"summary_large_image\" \/>\n<meta name=\"twitter:creator\" content=\"@canal7_slp\" \/>\n<meta name=\"twitter:site\" content=\"@canal7_slp\" \/>\n<meta name=\"twitter:label1\" content=\"Escrito por\" \/>\n\t<meta name=\"twitter:data1\" content=\"edicionweb\" \/>\n\t<meta name=\"twitter:label2\" content=\"Tiempo de lectura\" \/>\n\t<meta name=\"twitter:data2\" content=\"2 minutos\" \/>\n<script type=\"application\/ld+json\" class=\"yoast-schema-graph\">{\"@context\":\"https:\\\/\\\/schema.org\",\"@graph\":[{\"@type\":\"Article\",\"@id\":\"https:\\\/\\\/canal7slp.tv\\\/2019\\\/adecuado-que-el-gobierno-acepte-deficiencias-en-economia-xavier-azuara\\\/#article\",\"isPartOf\":{\"@id\":\"https:\\\/\\\/canal7slp.tv\\\/2019\\\/adecuado-que-el-gobierno-acepte-deficiencias-en-economia-xavier-azuara\\\/\"},\"author\":{\"name\":\"edicionweb\",\"@id\":\"https:\\\/\\\/canal7slp.tv\\\/2019\\\/#\\\/schema\\\/person\\\/11d941c1c6ca30ac0a46b95fa37aa2e3\"},\"headline\":\"Adecuado que el Gobierno acepte deficiencias en econom\u00eda: Xavier Azuara\",\"datePublished\":\"2019-07-31T00:33:16+00:00\",\"mainEntityOfPage\":{\"@id\":\"https:\\\/\\\/canal7slp.tv\\\/2019\\\/adecuado-que-el-gobierno-acepte-deficiencias-en-economia-xavier-azuara\\\/\"},\"wordCount\":430,\"commentCount\":0,\"publisher\":{\"@id\":\"https:\\\/\\\/canal7slp.tv\\\/2019\\\/#organization\"},\"image\":{\"@id\":\"https:\\\/\\\/canal7slp.tv\\\/2019\\\/adecuado-que-el-gobierno-acepte-deficiencias-en-economia-xavier-azuara\\\/#primaryimage\"},\"thumbnailUrl\":\"https:\\\/\\\/canal7slp.tv\\\/2019\\\/wp-content\\\/uploads\\\/2019\\\/07\\\/azuara-1.jpg\",\"articleSection\":[\"LOCALES Y REGIONALES\"],\"inLanguage\":\"es\",\"potentialAction\":[{\"@type\":\"CommentAction\",\"name\":\"Comment\",\"target\":[\"https:\\\/\\\/canal7slp.tv\\\/2019\\\/adecuado-que-el-gobierno-acepte-deficiencias-en-economia-xavier-azuara\\\/#respond\"]}]},{\"@type\":\"WebPage\",\"@id\":\"https:\\\/\\\/canal7slp.tv\\\/2019\\\/adecuado-que-el-gobierno-acepte-deficiencias-en-economia-xavier-azuara\\\/\",\"url\":\"https:\\\/\\\/canal7slp.tv\\\/2019\\\/adecuado-que-el-gobierno-acepte-deficiencias-en-economia-xavier-azuara\\\/\",\"name\":\"Adecuado que el Gobierno acepte deficiencias en econom\u00eda: Xavier Azuara - Canal 7 SLP - 2019\",\"isPartOf\":{\"@id\":\"https:\\\/\\\/canal7slp.tv\\\/2019\\\/#website\"},\"primaryImageOfPage\":{\"@id\":\"https:\\\/\\\/canal7slp.tv\\\/2019\\\/adecuado-que-el-gobierno-acepte-deficiencias-en-economia-xavier-azuara\\\/#primaryimage\"},\"image\":{\"@id\":\"https:\\\/\\\/canal7slp.tv\\\/2019\\\/adecuado-que-el-gobierno-acepte-deficiencias-en-economia-xavier-azuara\\\/#primaryimage\"},\"thumbnailUrl\":\"https:\\\/\\\/canal7slp.tv\\\/2019\\\/wp-content\\\/uploads\\\/2019\\\/07\\\/azuara-1.jpg\",\"datePublished\":\"2019-07-31T00:33:16+00:00\",\"breadcrumb\":{\"@id\":\"https:\\\/\\\/canal7slp.tv\\\/2019\\\/adecuado-que-el-gobierno-acepte-deficiencias-en-economia-xavier-azuara\\\/#breadcrumb\"},\"inLanguage\":\"es\",\"potentialAction\":[{\"@type\":\"ReadAction\",\"target\":[\"https:\\\/\\\/canal7slp.tv\\\/2019\\\/adecuado-que-el-gobierno-acepte-deficiencias-en-economia-xavier-azuara\\\/\"]}]},{\"@type\":\"ImageObject\",\"inLanguage\":\"es\",\"@id\":\"https:\\\/\\\/canal7slp.tv\\\/2019\\\/adecuado-que-el-gobierno-acepte-deficiencias-en-economia-xavier-azuara\\\/#primaryimage\",\"url\":\"https:\\\/\\\/canal7slp.tv\\\/2019\\\/wp-content\\\/uploads\\\/2019\\\/07\\\/azuara-1.jpg\",\"contentUrl\":\"https:\\\/\\\/canal7slp.tv\\\/2019\\\/wp-content\\\/uploads\\\/2019\\\/07\\\/azuara-1.jpg\",\"width\":750,\"height\":499},{\"@type\":\"BreadcrumbList\",\"@id\":\"https:\\\/\\\/canal7slp.tv\\\/2019\\\/adecuado-que-el-gobierno-acepte-deficiencias-en-economia-xavier-azuara\\\/#breadcrumb\",\"itemListElement\":[{\"@type\":\"ListItem\",\"position\":1,\"name\":\"Home\",\"item\":\"https:\\\/\\\/canal7slp.tv\\\/2019\\\/\"},{\"@type\":\"ListItem\",\"position\":2,\"name\":\"Adecuado que el Gobierno acepte deficiencias en econom\u00eda: Xavier Azuara\"}]},{\"@type\":\"WebSite\",\"@id\":\"https:\\\/\\\/canal7slp.tv\\\/2019\\\/#website\",\"url\":\"https:\\\/\\\/canal7slp.tv\\\/2019\\\/\",\"name\":\"Canal 7 SLP - Somos TV\",\"description\":\"Somos un Canal de 10\",\"publisher\":{\"@id\":\"https:\\\/\\\/canal7slp.tv\\\/2019\\\/#organization\"},\"potentialAction\":[{\"@type\":\"SearchAction\",\"target\":{\"@type\":\"EntryPoint\",\"urlTemplate\":\"https:\\\/\\\/canal7slp.tv\\\/2019\\\/?s={search_term_string}\"},\"query-input\":{\"@type\":\"PropertyValueSpecification\",\"valueRequired\":true,\"valueName\":\"search_term_string\"}}],\"inLanguage\":\"es\"},{\"@type\":\"Organization\",\"@id\":\"https:\\\/\\\/canal7slp.tv\\\/2019\\\/#organization\",\"name\":\"Comunicaci\u00f3n 2000 S.A. de C.V.\",\"url\":\"https:\\\/\\\/canal7slp.tv\\\/2019\\\/\",\"logo\":{\"@type\":\"ImageObject\",\"inLanguage\":\"es\",\"@id\":\"https:\\\/\\\/canal7slp.tv\\\/2019\\\/#\\\/schema\\\/logo\\\/image\\\/\",\"url\":\"https:\\\/\\\/canal7slp.tv\\\/2019\\\/wp-content\\\/uploads\\\/2019\\\/07\\\/logo-c7.png\",\"contentUrl\":\"https:\\\/\\\/canal7slp.tv\\\/2019\\\/wp-content\\\/uploads\\\/2019\\\/07\\\/logo-c7.png\",\"width\":220,\"height\":60,\"caption\":\"Comunicaci\u00f3n 2000 S.A. de C.V.\"},\"image\":{\"@id\":\"https:\\\/\\\/canal7slp.tv\\\/2019\\\/#\\\/schema\\\/logo\\\/image\\\/\"},\"sameAs\":[\"https:\\\/\\\/www.facebook.com\\\/CANAL7SLP\\\/\",\"https:\\\/\\\/x.com\\\/canal7_slp\",\"https:\\\/\\\/www.instagram.com\\\/canal7_slp\",\"https:\\\/\\\/www.youtube.com\\\/user\\\/NOTICIEROSCANAL7SLP\\\/\"]},{\"@type\":\"Person\",\"@id\":\"https:\\\/\\\/canal7slp.tv\\\/2019\\\/#\\\/schema\\\/person\\\/11d941c1c6ca30ac0a46b95fa37aa2e3\",\"name\":\"edicionweb\",\"image\":{\"@type\":\"ImageObject\",\"inLanguage\":\"es\",\"@id\":\"https:\\\/\\\/secure.gravatar.com\\\/avatar\\\/eee448fc3f7164808013b816ba91ac7e43bbe82a70bebac296f8bc6f0addaa1a?s=96&d=mm&r=g\",\"url\":\"https:\\\/\\\/secure.gravatar.com\\\/avatar\\\/eee448fc3f7164808013b816ba91ac7e43bbe82a70bebac296f8bc6f0addaa1a?s=96&d=mm&r=g\",\"contentUrl\":\"https:\\\/\\\/secure.gravatar.com\\\/avatar\\\/eee448fc3f7164808013b816ba91ac7e43bbe82a70bebac296f8bc6f0addaa1a?s=96&d=mm&r=g\",\"caption\":\"edicionweb\"}}]}<\/script>\n<!-- \/ Yoast SEO plugin. -->","yoast_head_json":{"title":"Adecuado que el Gobierno acepte deficiencias en econom\u00eda: Xavier Azuara - Canal 7 SLP - 2019","robots":{"index":"index","follow":"follow","max-snippet":"max-snippet:-1","max-image-preview":"max-image-preview:large","max-video-preview":"max-video-preview:-1"},"canonical":"https:\/\/canal7slp.tv\/2019\/adecuado-que-el-gobierno-acepte-deficiencias-en-economia-xavier-azuara\/","og_locale":"es_ES","og_type":"article","og_title":"Adecuado que el Gobierno acepte deficiencias en econom\u00eda: Xavier Azuara - Canal 7 SLP - 2019","og_description":"El legislador dijo que la disposici\u00f3n de escuchar en el Gobierno es un paso en el sentido correcto, tal y como Acci\u00f3n Nacional lo hab\u00eda solicitado. Apunt\u00f3 que desde la Comisi\u00f3n de Presupuesto y Cuenta P\u00fablica se estar\u00e1 revisando a detalle el plan a fin de asegurar beneficios para la ciudadan\u00eda. SLP.- El diputado federal, [&hellip;]","og_url":"https:\/\/canal7slp.tv\/2019\/adecuado-que-el-gobierno-acepte-deficiencias-en-economia-xavier-azuara\/","og_site_name":"Canal 7 SLP - 2019","article_publisher":"https:\/\/www.facebook.com\/CANAL7SLP\/","article_published_time":"2019-07-31T00:33:16+00:00","og_image":[{"width":750,"height":499,"url":"https:\/\/canal7slp.tv\/2019\/wp-content\/uploads\/2019\/07\/azuara-1.jpg","type":"image\/jpeg"}],"author":"edicionweb","twitter_card":"summary_large_image","twitter_creator":"@canal7_slp","twitter_site":"@canal7_slp","twitter_misc":{"Escrito por":"edicionweb","Tiempo de lectura":"2 minutos"},"schema":{"@context":"https:\/\/schema.org","@graph":[{"@type":"Article","@id":"https:\/\/canal7slp.tv\/2019\/adecuado-que-el-gobierno-acepte-deficiencias-en-economia-xavier-azuara\/#article","isPartOf":{"@id":"https:\/\/canal7slp.tv\/2019\/adecuado-que-el-gobierno-acepte-deficiencias-en-economia-xavier-azuara\/"},"author":{"name":"edicionweb","@id":"https:\/\/canal7slp.tv\/2019\/#\/schema\/person\/11d941c1c6ca30ac0a46b95fa37aa2e3"},"headline":"Adecuado que el Gobierno acepte deficiencias en econom\u00eda: Xavier Azuara","datePublished":"2019-07-31T00:33:16+00:00","mainEntityOfPage":{"@id":"https:\/\/canal7slp.tv\/2019\/adecuado-que-el-gobierno-acepte-deficiencias-en-economia-xavier-azuara\/"},"wordCount":430,"commentCount":0,"publisher":{"@id":"https:\/\/canal7slp.tv\/2019\/#organization"},"image":{"@id":"https:\/\/canal7slp.tv\/2019\/adecuado-que-el-gobierno-acepte-deficiencias-en-economia-xavier-azuara\/#primaryimage"},"thumbnailUrl":"https:\/\/canal7slp.tv\/2019\/wp-content\/uploads\/2019\/07\/azuara-1.jpg","articleSection":["LOCALES Y REGIONALES"],"inLanguage":"es","potentialAction":[{"@type":"CommentAction","name":"Comment","target":["https:\/\/canal7slp.tv\/2019\/adecuado-que-el-gobierno-acepte-deficiencias-en-economia-xavier-azuara\/#respond"]}]},{"@type":"WebPage","@id":"https:\/\/canal7slp.tv\/2019\/adecuado-que-el-gobierno-acepte-deficiencias-en-economia-xavier-azuara\/","url":"https:\/\/canal7slp.tv\/2019\/adecuado-que-el-gobierno-acepte-deficiencias-en-economia-xavier-azuara\/","name":"Adecuado que el Gobierno acepte deficiencias en econom\u00eda: Xavier Azuara - Canal 7 SLP - 2019","isPartOf":{"@id":"https:\/\/canal7slp.tv\/2019\/#website"},"primaryImageOfPage":{"@id":"https:\/\/canal7slp.tv\/2019\/adecuado-que-el-gobierno-acepte-deficiencias-en-economia-xavier-azuara\/#primaryimage"},"image":{"@id":"https:\/\/canal7slp.tv\/2019\/adecuado-que-el-gobierno-acepte-deficiencias-en-economia-xavier-azuara\/#primaryimage"},"thumbnailUrl":"https:\/\/canal7slp.tv\/2019\/wp-content\/uploads\/2019\/07\/azuara-1.jpg","datePublished":"2019-07-31T00:33:16+00:00","breadcrumb":{"@id":"https:\/\/canal7slp.tv\/2019\/adecuado-que-el-gobierno-acepte-deficiencias-en-economia-xavier-azuara\/#breadcrumb"},"inLanguage":"es","potentialAction":[{"@type":"ReadAction","target":["https:\/\/canal7slp.tv\/2019\/adecuado-que-el-gobierno-acepte-deficiencias-en-economia-xavier-azuara\/"]}]},{"@type":"ImageObject","inLanguage":"es","@id":"https:\/\/canal7slp.tv\/2019\/adecuado-que-el-gobierno-acepte-deficiencias-en-economia-xavier-azuara\/#primaryimage","url":"https:\/\/canal7slp.tv\/2019\/wp-content\/uploads\/2019\/07\/azuara-1.jpg","contentUrl":"https:\/\/canal7slp.tv\/2019\/wp-content\/uploads\/2019\/07\/azuara-1.jpg","width":750,"height":499},{"@type":"BreadcrumbList","@id":"https:\/\/canal7slp.tv\/2019\/adecuado-que-el-gobierno-acepte-deficiencias-en-economia-xavier-azuara\/#breadcrumb","itemListElement":[{"@type":"ListItem","position":1,"name":"Home","item":"https:\/\/canal7slp.tv\/2019\/"},{"@type":"ListItem","position":2,"name":"Adecuado que el Gobierno acepte deficiencias en econom\u00eda: Xavier Azuara"}]},{"@type":"WebSite","@id":"https:\/\/canal7slp.tv\/2019\/#website","url":"https:\/\/canal7slp.tv\/2019\/","name":"Canal 7 SLP - Somos TV","description":"Somos un Canal de 10","publisher":{"@id":"https:\/\/canal7slp.tv\/2019\/#organization"},"potentialAction":[{"@type":"SearchAction","target":{"@type":"EntryPoint","urlTemplate":"https:\/\/canal7slp.tv\/2019\/?s={search_term_string}"},"query-input":{"@type":"PropertyValueSpecification","valueRequired":true,"valueName":"search_term_string"}}],"inLanguage":"es"},{"@type":"Organization","@id":"https:\/\/canal7slp.tv\/2019\/#organization","name":"Comunicaci\u00f3n 2000 S.A. de C.V.","url":"https:\/\/canal7slp.tv\/2019\/","logo":{"@type":"ImageObject","inLanguage":"es","@id":"https:\/\/canal7slp.tv\/2019\/#\/schema\/logo\/image\/","url":"https:\/\/canal7slp.tv\/2019\/wp-content\/uploads\/2019\/07\/logo-c7.png","contentUrl":"https:\/\/canal7slp.tv\/2019\/wp-content\/uploads\/2019\/07\/logo-c7.png","width":220,"height":60,"caption":"Comunicaci\u00f3n 2000 S.A. de C.V."},"image":{"@id":"https:\/\/canal7slp.tv\/2019\/#\/schema\/logo\/image\/"},"sameAs":["https:\/\/www.facebook.com\/CANAL7SLP\/","https:\/\/x.com\/canal7_slp","https:\/\/www.instagram.com\/canal7_slp","https:\/\/www.youtube.com\/user\/NOTICIEROSCANAL7SLP\/"]},{"@type":"Person","@id":"https:\/\/canal7slp.tv\/2019\/#\/schema\/person\/11d941c1c6ca30ac0a46b95fa37aa2e3","name":"edicionweb","image":{"@type":"ImageObject","inLanguage":"es","@id":"https:\/\/secure.gravatar.com\/avatar\/eee448fc3f7164808013b816ba91ac7e43bbe82a70bebac296f8bc6f0addaa1a?s=96&d=mm&r=g","url":"https:\/\/secure.gravatar.com\/avatar\/eee448fc3f7164808013b816ba91ac7e43bbe82a70bebac296f8bc6f0addaa1a?s=96&d=mm&r=g","contentUrl":"https:\/\/secure.gravatar.com\/avatar\/eee448fc3f7164808013b816ba91ac7e43bbe82a70bebac296f8bc6f0addaa1a?s=96&d=mm&r=g","caption":"edicionweb"}}]}},"amp_enabled":true,"cmb2":{"video_ids_in_playlist":{"vid_p_videos":""},"video_ids_in_channel":{"vid_c_videos":""},"playlist_ids_in_channel":{"vid_c_playlists":""},"series_ids_in_channel":{"vid_c_series":""},"channel_images":{"vid_c_logo":"","vid_c_banner":""},"poster_feature_image":{"vid_m_poster_image":""},"gif_feature_image":{"vid_m_gif_image":""},"video_movie_settings":{"vid_m_director":"","vid_m_actor":"","vid_m_imdb_ratings":"","vid_m_amazon_associates":""},"vid_youtube_broadcasts_settings":{"vid_yb_broadcast_title":"","vid_yb_q":"","vid_yb_channelid":"","vid_yb_videocategoryid":"","vid_yb_maxresults":"","vid_yb_order":"","vid_yb_regioncode":"","vid_yb_videosyndicated":"","vid_yb_style":"","vid_yb_reload_first":""},"video_series_settings":{"vid_m_director":"","vid_m_actor":"","vid_m_imdb_ratings":"","video_series_group":""},"amazon_associates_settings":{"amazon_associates":"","amazon_native_ad":""},"vid_youtube_automatic_settings":{"vid_ya_youtube_source":"","vid_ya_update_every":"","vid_ya_update_unit":"","vid_ya_categories":"","vid_ya_published_after":"","vid_ya_published_before":"","vid_ya_playlists":"","vid_ya_channels":"","vid_ya_director":"","vid_ya_actor":"","vid_ya_author":"","vid_ya_import_post_date":"","vid_ya_status":"","vid_ya_sub_api_key":""},"vid_ads_m_videoads_settings_post":{"vid_ads_m_video_ads":"","vid_ads_m_video_ads_type":"","vid_ads_m_group_google_ima":"","vid_ads_m_group_image":"","vid_ads_m_group_html5_video":"","vid_ads_m_group_html":"","vid_ads_m_vast_preroll":"","vid_ads_m_vast_postroll":"","vid_ads_m_vast_pauseroll":"","vid_ads_m_vast_midroll":[{"vid_ads_m_vast_timer_seconds":"50"}],"vid_ads_m_time_to_show_ads":"","vid_ads_m_time_skip_ads":"","vid_ads_m_time_to_hide_ads":""},"page_slider_settings":{"display_slider_group":"","page_slider_group":""},"blog_page_settings":{"blog_page_title":"","blog_page_heading":"","blog_page_ic":"","blog_page_it":"","blog_page_ec":"","blog_page_ip":"","archive_loop_style":"","blog_image_ratio":"","blog_show_categories":"","blog_show_excerpt":"","blog_show_author":"","blog_show_date":"","blog_show_comment_count":"","blog_show_view_count":"","blog_show_like_count":"","blog_show_dislike_count":"","blog_items_per_page":"","blog_pag_type":""},"page_options":{"get_page_template":"","color_mode":"","main_layout":"","main_layout_full_with":"","main_logo":"","main_logo_retina":"","main_logo_mobile":"","main_logo_mobile_retina":"","sticky_logo":"","sticky_logo_retina":"","main_nav_layout":"","ajax_search":"","header_background":"","theme_sidebar":"","instagram_feed":"","instagram_feed_position":"","popular_videos":"","popular_videos_title_1":"","popular_videos_title_2":"","popular_videos_ic":"","popular_videos_it":"","theme_background":"","page_custom_css":""},"feature_image_settings":{"feature_image_position":""},"video_player_settings":{"single_video_style":"","video_player_position":"","vm_video_url":"","video_player_library":"","video_streaming":"","vm_media_sources":"","vid_auto_play":"","vm_video_shortcode":"","vid_p_sync_playlist":"","vid_c_sync_channel":"","get_post_format":"","multiple_links_structure":"default","multi_links_title":"","vm_video_multi_links":"","vm_duration":"","vid_social_locker":"off","vid_social_locker_id":"","vid_membership_action":"content-video","vm_video_trailer_url":"","vid_download_type":"free","vid_download_target":"download","vid_woo_product":"","vm_media_download":"","user_rating":"","user_rating_position":"","user_rating_mode":"","user_rating_multi_sets":""},"video_auto_fetch_settings":{"vm_video_fetch":"on"},"video_fake_views_likes":{"vm_fake_views":"","vm_fake_likes":"","vm_fake_dislikes":""},"gallery_settings":{"gallery_position":""},"quote_settings":{"quote_position":""},"post_options":{"main_layout":"","main_logo":"","main_logo_retina":"","main_logo_mobile":"","main_logo_mobile_retina":"","sticky_logo":"","sticky_logo_retina":"","main_nav_layout":"","header_background":"","theme_sidebar":"","single_post_comment_type":"","theme_background":""}},"_links":{"self":[{"href":"https:\/\/canal7slp.tv\/2019\/wp-json\/wp\/v2\/posts\/42464","targetHints":{"allow":["GET"]}}],"collection":[{"href":"https:\/\/canal7slp.tv\/2019\/wp-json\/wp\/v2\/posts"}],"about":[{"href":"https:\/\/canal7slp.tv\/2019\/wp-json\/wp\/v2\/types\/post"}],"author":[{"embeddable":true,"href":"https:\/\/canal7slp.tv\/2019\/wp-json\/wp\/v2\/users\/2"}],"replies":[{"embeddable":true,"href":"https:\/\/canal7slp.tv\/2019\/wp-json\/wp\/v2\/comments?post=42464"}],"version-history":[{"count":0,"href":"https:\/\/canal7slp.tv\/2019\/wp-json\/wp\/v2\/posts\/42464\/revisions"}],"wp:featuredmedia":[{"embeddable":true,"href":"https:\/\/canal7slp.tv\/2019\/wp-json\/wp\/v2\/media\/42465"}],"wp:attachment":[{"href":"https:\/\/canal7slp.tv\/2019\/wp-json\/wp\/v2\/media?parent=42464"}],"wp:term":[{"taxonomy":"category","embeddable":true,"href":"https:\/\/canal7slp.tv\/2019\/wp-json\/wp\/v2\/categories?post=42464"},{"taxonomy":"post_tag","embeddable":true,"href":"https:\/\/canal7slp.tv\/2019\/wp-json\/wp\/v2\/tags?post=42464"}],"curies":[{"name":"wp","href":"https:\/\/api.w.org\/{rel}","templated":true}]}}