{"id":42398,"date":"2019-07-30T19:01:08","date_gmt":"2019-07-31T00:01:08","guid":{"rendered":"https:\/\/canal7slp.tv\/2019\/?p=42398"},"modified":"2019-07-30T19:22:05","modified_gmt":"2019-07-31T00:22:05","slug":"oficialia-mayor-organiza-el-4-ciclo-de-innovacion-nuevas-tendencias-en-la-administracion-publica","status":"publish","type":"post","link":"https:\/\/canal7slp.tv\/2019\/oficialia-mayor-organiza-el-4-ciclo-de-innovacion-nuevas-tendencias-en-la-administracion-publica\/","title":{"rendered":"Oficial\u00eda Mayor organiza el 4\u00b0 Ciclo de Innovaci\u00f3n &#8220;Nuevas Tendencias en la Administraci\u00f3n P\u00fablica&#8221;"},"content":{"rendered":"<ul>\n<li style=\"text-align: justify;\">Se llevar\u00e1 a cabo del 3 al 6 de septiembre.<\/li>\n<li style=\"text-align: justify;\">La tem\u00e1tica que se abordar\u00e1 ser\u00e1 coordinada mediante un convenio de colaboraci\u00f3n con la UASLP.<\/li>\n<\/ul>\n<p style=\"text-align: justify;\">SLP.- La Oficial Mayor del Ejecutivo, Ada Amelia Andrade Contreras, dio a conocer que, del 03 al 06 de septiembre del a\u00f1o en curso, se llevar\u00e1 a cabo el 4\u00b0 Ciclo de Innovaci\u00f3n Semana de las y los Servidores P\u00fablicos, \u201cNuevas Tendencias en la Administraci\u00f3n P\u00fablica\u201d, la cual consiste con una serie de eventos de profesionalizaci\u00f3n, culturales y deportivos.<\/p>\n<p style=\"text-align: justify;\">Indic\u00f3 que la Oficial\u00eda Mayor, tiene gran inter\u00e9s en impulsar el desarrollo profesional del capital humano, por lo que a las 09:00 se dar\u00e1 la bienvenida a todo el sector p\u00fablico, en el 4\u00b0 Ciclo de Innovaci\u00f3n Semana de las y los Servidores P\u00fablicos, durante un evento de inauguraci\u00f3n que ser\u00e1 en el Auditorio \u201cPedro Antonio de los Santos\u201d, en el interior del Palacio de Gobierno.<\/p>\n<p style=\"text-align: justify;\">La tem\u00e1tica de capacitaci\u00f3n que se abordar\u00e1 ser\u00e1 coordinada mediante el convenio de colaboraci\u00f3n con la Universidad Aut\u00f3noma de San Luis Potos\u00ed, a trav\u00e9s de la Facultad de Contadur\u00eda y Administraci\u00f3n y el Centro de Investigaci\u00f3n y Estudios de Posgrado.<\/p>\n<p style=\"text-align: justify;\">La Oficial Mayor indic\u00f3 que, durante el 4\u00b0 Ciclo de Innovaci\u00f3n se llevar\u00e1n a cabo 9 conferencias y dos paneles donde se hablar\u00e1 sobre la profesionalizaci\u00f3n de las y los servidores p\u00fablicos y los derechos de las mujeres en M\u00e9xico.<\/p>\n<p style=\"text-align: justify;\">En lo que respecta a deportes, explic\u00f3 que habr\u00e1 un torneo multidisciplinario: F\u00fatbol R\u00e1pido Varonil, B\u00e1squet Bol y Voleibol en ambas ramas, se les dar\u00e1 registro a 8 equipos de categor\u00eda que sumar\u00e1n un total de 40 equipos, por lo que existe confianza en que participar\u00e1n m\u00e1s de 600 servidores p\u00fablicos.<\/p>\n<p style=\"text-align: justify;\">En Cultura se llevar\u00e1n a cabo cuatro eventos comenzando con \u201cHistorias de Ra\u00edz\u201d de Zoila Patr\u00f3n Cant\u00fa (presentaci\u00f3n de libro, pintura y escultura), presentaci\u00f3n del grupo \u201cEnsamble de J\u00f3venes Talentos Potosinos\u201d, del maestro Iv\u00e1n Petrov, Coro \u201cBell Canto\u201d de la maestra Negrete, con \u201cEnsamble Musical\u201d junto con la Rondalla de Gobierno del Estado de San Luis Potos\u00ed, y cerrando el Ciclo de Innovaci\u00f3n con el \u201cPop Royal Tenors\u201d, en la Cineteca Alameda.<\/p>\n<p style=\"text-align: justify;\">La Oficial Mayor Ada Amelia Andrade, invita a las y los servidores p\u00fablicos de todas las dependencias que conforman la Administraci\u00f3n P\u00fablica Estatal, para que participen en este 4\u00b0 Ciclo de Innovaci\u00f3n, pues cada uno de los componentes fue pensado para que todo el personal obtenga los conocimientos necesarios para perfeccionar su vida profesional.<\/p>\n","protected":false},"excerpt":{"rendered":"<p>Se llevar\u00e1 a cabo del 3 al 6 de septiembre. La tem\u00e1tica que se abordar\u00e1 ser\u00e1 coordinada mediante un convenio de colaboraci\u00f3n con la UASLP. SLP.- La Oficial Mayor del Ejecutivo, Ada Amelia Andrade Contreras, dio a conocer que, del 03 al 06 de septiembre del a\u00f1o en curso, se llevar\u00e1 a cabo el 4\u00b0 [&hellip;]<\/p>\n","protected":false},"author":2,"featured_media":42399,"comment_status":"open","ping_status":"closed","sticky":false,"template":"","format":"standard","meta":{"footnotes":""},"categories":[17],"tags":[111],"class_list":["post-42398","post","type-post","status-publish","format-standard","has-post-thumbnail","hentry","category-localesyregionales","tag-gobierno-slp"],"yoast_head":"<!-- This site is optimized with the Yoast SEO plugin v27.5 - https:\/\/yoast.com\/product\/yoast-seo-wordpress\/ -->\n<title>Oficial\u00eda Mayor organiza el 4\u00b0 Ciclo de Innovaci\u00f3n &quot;Nuevas Tendencias en la Administraci\u00f3n P\u00fablica&quot; - Canal 7 SLP - 2019<\/title>\n<meta name=\"robots\" content=\"index, follow, max-snippet:-1, max-image-preview:large, max-video-preview:-1\" \/>\n<link rel=\"canonical\" href=\"https:\/\/canal7slp.tv\/2019\/oficialia-mayor-organiza-el-4-ciclo-de-innovacion-nuevas-tendencias-en-la-administracion-publica\/\" \/>\n<meta property=\"og:locale\" content=\"es_ES\" \/>\n<meta property=\"og:type\" content=\"article\" \/>\n<meta property=\"og:title\" content=\"Oficial\u00eda Mayor organiza el 4\u00b0 Ciclo de Innovaci\u00f3n &quot;Nuevas Tendencias en la Administraci\u00f3n P\u00fablica&quot; - Canal 7 SLP - 2019\" \/>\n<meta property=\"og:description\" content=\"Se llevar\u00e1 a cabo del 3 al 6 de septiembre. La tem\u00e1tica que se abordar\u00e1 ser\u00e1 coordinada mediante un convenio de colaboraci\u00f3n con la UASLP. SLP.- La Oficial Mayor del Ejecutivo, Ada Amelia Andrade Contreras, dio a conocer que, del 03 al 06 de septiembre del a\u00f1o en curso, se llevar\u00e1 a cabo el 4\u00b0 [&hellip;]\" \/>\n<meta property=\"og:url\" content=\"https:\/\/canal7slp.tv\/2019\/oficialia-mayor-organiza-el-4-ciclo-de-innovacion-nuevas-tendencias-en-la-administracion-publica\/\" \/>\n<meta property=\"og:site_name\" content=\"Canal 7 SLP - 2019\" \/>\n<meta property=\"article:publisher\" content=\"https:\/\/www.facebook.com\/CANAL7SLP\/\" \/>\n<meta property=\"article:published_time\" content=\"2019-07-31T00:01:08+00:00\" \/>\n<meta property=\"article:modified_time\" content=\"2019-07-31T00:22:05+00:00\" \/>\n<meta property=\"og:image\" content=\"https:\/\/canal7slp.tv\/2019\/wp-content\/uploads\/2019\/07\/g3-3.jpg\" \/>\n\t<meta property=\"og:image:width\" content=\"626\" \/>\n\t<meta property=\"og:image:height\" content=\"626\" \/>\n\t<meta property=\"og:image:type\" content=\"image\/jpeg\" \/>\n<meta name=\"author\" content=\"edicionweb\" \/>\n<meta name=\"twitter:card\" content=\"summary_large_image\" \/>\n<meta name=\"twitter:creator\" content=\"@canal7_slp\" \/>\n<meta name=\"twitter:site\" content=\"@canal7_slp\" \/>\n<meta name=\"twitter:label1\" content=\"Escrito por\" \/>\n\t<meta name=\"twitter:data1\" content=\"edicionweb\" \/>\n\t<meta name=\"twitter:label2\" content=\"Tiempo de lectura\" \/>\n\t<meta name=\"twitter:data2\" content=\"2 minutos\" \/>\n<script type=\"application\/ld+json\" class=\"yoast-schema-graph\">{\"@context\":\"https:\\\/\\\/schema.org\",\"@graph\":[{\"@type\":\"Article\",\"@id\":\"https:\\\/\\\/canal7slp.tv\\\/2019\\\/oficialia-mayor-organiza-el-4-ciclo-de-innovacion-nuevas-tendencias-en-la-administracion-publica\\\/#article\",\"isPartOf\":{\"@id\":\"https:\\\/\\\/canal7slp.tv\\\/2019\\\/oficialia-mayor-organiza-el-4-ciclo-de-innovacion-nuevas-tendencias-en-la-administracion-publica\\\/\"},\"author\":{\"name\":\"edicionweb\",\"@id\":\"https:\\\/\\\/canal7slp.tv\\\/2019\\\/#\\\/schema\\\/person\\\/11d941c1c6ca30ac0a46b95fa37aa2e3\"},\"headline\":\"Oficial\u00eda Mayor organiza el 4\u00b0 Ciclo de Innovaci\u00f3n &#8220;Nuevas Tendencias en la Administraci\u00f3n P\u00fablica&#8221;\",\"datePublished\":\"2019-07-31T00:01:08+00:00\",\"dateModified\":\"2019-07-31T00:22:05+00:00\",\"mainEntityOfPage\":{\"@id\":\"https:\\\/\\\/canal7slp.tv\\\/2019\\\/oficialia-mayor-organiza-el-4-ciclo-de-innovacion-nuevas-tendencias-en-la-administracion-publica\\\/\"},\"wordCount\":459,\"commentCount\":0,\"publisher\":{\"@id\":\"https:\\\/\\\/canal7slp.tv\\\/2019\\\/#organization\"},\"image\":{\"@id\":\"https:\\\/\\\/canal7slp.tv\\\/2019\\\/oficialia-mayor-organiza-el-4-ciclo-de-innovacion-nuevas-tendencias-en-la-administracion-publica\\\/#primaryimage\"},\"thumbnailUrl\":\"https:\\\/\\\/canal7slp.tv\\\/2019\\\/wp-content\\\/uploads\\\/2019\\\/07\\\/g3-3.jpg\",\"keywords\":[\"Gobierno SLP\"],\"articleSection\":[\"LOCALES Y REGIONALES\"],\"inLanguage\":\"es\",\"potentialAction\":[{\"@type\":\"CommentAction\",\"name\":\"Comment\",\"target\":[\"https:\\\/\\\/canal7slp.tv\\\/2019\\\/oficialia-mayor-organiza-el-4-ciclo-de-innovacion-nuevas-tendencias-en-la-administracion-publica\\\/#respond\"]}]},{\"@type\":\"WebPage\",\"@id\":\"https:\\\/\\\/canal7slp.tv\\\/2019\\\/oficialia-mayor-organiza-el-4-ciclo-de-innovacion-nuevas-tendencias-en-la-administracion-publica\\\/\",\"url\":\"https:\\\/\\\/canal7slp.tv\\\/2019\\\/oficialia-mayor-organiza-el-4-ciclo-de-innovacion-nuevas-tendencias-en-la-administracion-publica\\\/\",\"name\":\"Oficial\u00eda Mayor organiza el 4\u00b0 Ciclo de Innovaci\u00f3n \\\"Nuevas Tendencias en la Administraci\u00f3n P\u00fablica\\\" - Canal 7 SLP - 2019\",\"isPartOf\":{\"@id\":\"https:\\\/\\\/canal7slp.tv\\\/2019\\\/#website\"},\"primaryImageOfPage\":{\"@id\":\"https:\\\/\\\/canal7slp.tv\\\/2019\\\/oficialia-mayor-organiza-el-4-ciclo-de-innovacion-nuevas-tendencias-en-la-administracion-publica\\\/#primaryimage\"},\"image\":{\"@id\":\"https:\\\/\\\/canal7slp.tv\\\/2019\\\/oficialia-mayor-organiza-el-4-ciclo-de-innovacion-nuevas-tendencias-en-la-administracion-publica\\\/#primaryimage\"},\"thumbnailUrl\":\"https:\\\/\\\/canal7slp.tv\\\/2019\\\/wp-content\\\/uploads\\\/2019\\\/07\\\/g3-3.jpg\",\"datePublished\":\"2019-07-31T00:01:08+00:00\",\"dateModified\":\"2019-07-31T00:22:05+00:00\",\"breadcrumb\":{\"@id\":\"https:\\\/\\\/canal7slp.tv\\\/2019\\\/oficialia-mayor-organiza-el-4-ciclo-de-innovacion-nuevas-tendencias-en-la-administracion-publica\\\/#breadcrumb\"},\"inLanguage\":\"es\",\"potentialAction\":[{\"@type\":\"ReadAction\",\"target\":[\"https:\\\/\\\/canal7slp.tv\\\/2019\\\/oficialia-mayor-organiza-el-4-ciclo-de-innovacion-nuevas-tendencias-en-la-administracion-publica\\\/\"]}]},{\"@type\":\"ImageObject\",\"inLanguage\":\"es\",\"@id\":\"https:\\\/\\\/canal7slp.tv\\\/2019\\\/oficialia-mayor-organiza-el-4-ciclo-de-innovacion-nuevas-tendencias-en-la-administracion-publica\\\/#primaryimage\",\"url\":\"https:\\\/\\\/canal7slp.tv\\\/2019\\\/wp-content\\\/uploads\\\/2019\\\/07\\\/g3-3.jpg\",\"contentUrl\":\"https:\\\/\\\/canal7slp.tv\\\/2019\\\/wp-content\\\/uploads\\\/2019\\\/07\\\/g3-3.jpg\",\"width\":626,\"height\":626},{\"@type\":\"BreadcrumbList\",\"@id\":\"https:\\\/\\\/canal7slp.tv\\\/2019\\\/oficialia-mayor-organiza-el-4-ciclo-de-innovacion-nuevas-tendencias-en-la-administracion-publica\\\/#breadcrumb\",\"itemListElement\":[{\"@type\":\"ListItem\",\"position\":1,\"name\":\"Home\",\"item\":\"https:\\\/\\\/canal7slp.tv\\\/2019\\\/\"},{\"@type\":\"ListItem\",\"position\":2,\"name\":\"Oficial\u00eda Mayor organiza el 4\u00b0 Ciclo de Innovaci\u00f3n &#8220;Nuevas Tendencias en la Administraci\u00f3n P\u00fablica&#8221;\"}]},{\"@type\":\"WebSite\",\"@id\":\"https:\\\/\\\/canal7slp.tv\\\/2019\\\/#website\",\"url\":\"https:\\\/\\\/canal7slp.tv\\\/2019\\\/\",\"name\":\"Canal 7 SLP - Somos TV\",\"description\":\"Somos un Canal de 10\",\"publisher\":{\"@id\":\"https:\\\/\\\/canal7slp.tv\\\/2019\\\/#organization\"},\"potentialAction\":[{\"@type\":\"SearchAction\",\"target\":{\"@type\":\"EntryPoint\",\"urlTemplate\":\"https:\\\/\\\/canal7slp.tv\\\/2019\\\/?s={search_term_string}\"},\"query-input\":{\"@type\":\"PropertyValueSpecification\",\"valueRequired\":true,\"valueName\":\"search_term_string\"}}],\"inLanguage\":\"es\"},{\"@type\":\"Organization\",\"@id\":\"https:\\\/\\\/canal7slp.tv\\\/2019\\\/#organization\",\"name\":\"Comunicaci\u00f3n 2000 S.A. de C.V.\",\"url\":\"https:\\\/\\\/canal7slp.tv\\\/2019\\\/\",\"logo\":{\"@type\":\"ImageObject\",\"inLanguage\":\"es\",\"@id\":\"https:\\\/\\\/canal7slp.tv\\\/2019\\\/#\\\/schema\\\/logo\\\/image\\\/\",\"url\":\"https:\\\/\\\/canal7slp.tv\\\/2019\\\/wp-content\\\/uploads\\\/2019\\\/07\\\/logo-c7.png\",\"contentUrl\":\"https:\\\/\\\/canal7slp.tv\\\/2019\\\/wp-content\\\/uploads\\\/2019\\\/07\\\/logo-c7.png\",\"width\":220,\"height\":60,\"caption\":\"Comunicaci\u00f3n 2000 S.A. de C.V.\"},\"image\":{\"@id\":\"https:\\\/\\\/canal7slp.tv\\\/2019\\\/#\\\/schema\\\/logo\\\/image\\\/\"},\"sameAs\":[\"https:\\\/\\\/www.facebook.com\\\/CANAL7SLP\\\/\",\"https:\\\/\\\/x.com\\\/canal7_slp\",\"https:\\\/\\\/www.instagram.com\\\/canal7_slp\",\"https:\\\/\\\/www.youtube.com\\\/user\\\/NOTICIEROSCANAL7SLP\\\/\"]},{\"@type\":\"Person\",\"@id\":\"https:\\\/\\\/canal7slp.tv\\\/2019\\\/#\\\/schema\\\/person\\\/11d941c1c6ca30ac0a46b95fa37aa2e3\",\"name\":\"edicionweb\",\"image\":{\"@type\":\"ImageObject\",\"inLanguage\":\"es\",\"@id\":\"https:\\\/\\\/secure.gravatar.com\\\/avatar\\\/eee448fc3f7164808013b816ba91ac7e43bbe82a70bebac296f8bc6f0addaa1a?s=96&d=mm&r=g\",\"url\":\"https:\\\/\\\/secure.gravatar.com\\\/avatar\\\/eee448fc3f7164808013b816ba91ac7e43bbe82a70bebac296f8bc6f0addaa1a?s=96&d=mm&r=g\",\"contentUrl\":\"https:\\\/\\\/secure.gravatar.com\\\/avatar\\\/eee448fc3f7164808013b816ba91ac7e43bbe82a70bebac296f8bc6f0addaa1a?s=96&d=mm&r=g\",\"caption\":\"edicionweb\"}}]}<\/script>\n<!-- \/ Yoast SEO plugin. -->","yoast_head_json":{"title":"Oficial\u00eda Mayor organiza el 4\u00b0 Ciclo de Innovaci\u00f3n \"Nuevas Tendencias en la Administraci\u00f3n P\u00fablica\" - Canal 7 SLP - 2019","robots":{"index":"index","follow":"follow","max-snippet":"max-snippet:-1","max-image-preview":"max-image-preview:large","max-video-preview":"max-video-preview:-1"},"canonical":"https:\/\/canal7slp.tv\/2019\/oficialia-mayor-organiza-el-4-ciclo-de-innovacion-nuevas-tendencias-en-la-administracion-publica\/","og_locale":"es_ES","og_type":"article","og_title":"Oficial\u00eda Mayor organiza el 4\u00b0 Ciclo de Innovaci\u00f3n \"Nuevas Tendencias en la Administraci\u00f3n P\u00fablica\" - Canal 7 SLP - 2019","og_description":"Se llevar\u00e1 a cabo del 3 al 6 de septiembre. La tem\u00e1tica que se abordar\u00e1 ser\u00e1 coordinada mediante un convenio de colaboraci\u00f3n con la UASLP. SLP.- La Oficial Mayor del Ejecutivo, Ada Amelia Andrade Contreras, dio a conocer que, del 03 al 06 de septiembre del a\u00f1o en curso, se llevar\u00e1 a cabo el 4\u00b0 [&hellip;]","og_url":"https:\/\/canal7slp.tv\/2019\/oficialia-mayor-organiza-el-4-ciclo-de-innovacion-nuevas-tendencias-en-la-administracion-publica\/","og_site_name":"Canal 7 SLP - 2019","article_publisher":"https:\/\/www.facebook.com\/CANAL7SLP\/","article_published_time":"2019-07-31T00:01:08+00:00","article_modified_time":"2019-07-31T00:22:05+00:00","og_image":[{"width":626,"height":626,"url":"https:\/\/canal7slp.tv\/2019\/wp-content\/uploads\/2019\/07\/g3-3.jpg","type":"image\/jpeg"}],"author":"edicionweb","twitter_card":"summary_large_image","twitter_creator":"@canal7_slp","twitter_site":"@canal7_slp","twitter_misc":{"Escrito por":"edicionweb","Tiempo de lectura":"2 minutos"},"schema":{"@context":"https:\/\/schema.org","@graph":[{"@type":"Article","@id":"https:\/\/canal7slp.tv\/2019\/oficialia-mayor-organiza-el-4-ciclo-de-innovacion-nuevas-tendencias-en-la-administracion-publica\/#article","isPartOf":{"@id":"https:\/\/canal7slp.tv\/2019\/oficialia-mayor-organiza-el-4-ciclo-de-innovacion-nuevas-tendencias-en-la-administracion-publica\/"},"author":{"name":"edicionweb","@id":"https:\/\/canal7slp.tv\/2019\/#\/schema\/person\/11d941c1c6ca30ac0a46b95fa37aa2e3"},"headline":"Oficial\u00eda Mayor organiza el 4\u00b0 Ciclo de Innovaci\u00f3n &#8220;Nuevas Tendencias en la Administraci\u00f3n P\u00fablica&#8221;","datePublished":"2019-07-31T00:01:08+00:00","dateModified":"2019-07-31T00:22:05+00:00","mainEntityOfPage":{"@id":"https:\/\/canal7slp.tv\/2019\/oficialia-mayor-organiza-el-4-ciclo-de-innovacion-nuevas-tendencias-en-la-administracion-publica\/"},"wordCount":459,"commentCount":0,"publisher":{"@id":"https:\/\/canal7slp.tv\/2019\/#organization"},"image":{"@id":"https:\/\/canal7slp.tv\/2019\/oficialia-mayor-organiza-el-4-ciclo-de-innovacion-nuevas-tendencias-en-la-administracion-publica\/#primaryimage"},"thumbnailUrl":"https:\/\/canal7slp.tv\/2019\/wp-content\/uploads\/2019\/07\/g3-3.jpg","keywords":["Gobierno SLP"],"articleSection":["LOCALES Y REGIONALES"],"inLanguage":"es","potentialAction":[{"@type":"CommentAction","name":"Comment","target":["https:\/\/canal7slp.tv\/2019\/oficialia-mayor-organiza-el-4-ciclo-de-innovacion-nuevas-tendencias-en-la-administracion-publica\/#respond"]}]},{"@type":"WebPage","@id":"https:\/\/canal7slp.tv\/2019\/oficialia-mayor-organiza-el-4-ciclo-de-innovacion-nuevas-tendencias-en-la-administracion-publica\/","url":"https:\/\/canal7slp.tv\/2019\/oficialia-mayor-organiza-el-4-ciclo-de-innovacion-nuevas-tendencias-en-la-administracion-publica\/","name":"Oficial\u00eda Mayor organiza el 4\u00b0 Ciclo de Innovaci\u00f3n \"Nuevas Tendencias en la Administraci\u00f3n P\u00fablica\" - Canal 7 SLP - 2019","isPartOf":{"@id":"https:\/\/canal7slp.tv\/2019\/#website"},"primaryImageOfPage":{"@id":"https:\/\/canal7slp.tv\/2019\/oficialia-mayor-organiza-el-4-ciclo-de-innovacion-nuevas-tendencias-en-la-administracion-publica\/#primaryimage"},"image":{"@id":"https:\/\/canal7slp.tv\/2019\/oficialia-mayor-organiza-el-4-ciclo-de-innovacion-nuevas-tendencias-en-la-administracion-publica\/#primaryimage"},"thumbnailUrl":"https:\/\/canal7slp.tv\/2019\/wp-content\/uploads\/2019\/07\/g3-3.jpg","datePublished":"2019-07-31T00:01:08+00:00","dateModified":"2019-07-31T00:22:05+00:00","breadcrumb":{"@id":"https:\/\/canal7slp.tv\/2019\/oficialia-mayor-organiza-el-4-ciclo-de-innovacion-nuevas-tendencias-en-la-administracion-publica\/#breadcrumb"},"inLanguage":"es","potentialAction":[{"@type":"ReadAction","target":["https:\/\/canal7slp.tv\/2019\/oficialia-mayor-organiza-el-4-ciclo-de-innovacion-nuevas-tendencias-en-la-administracion-publica\/"]}]},{"@type":"ImageObject","inLanguage":"es","@id":"https:\/\/canal7slp.tv\/2019\/oficialia-mayor-organiza-el-4-ciclo-de-innovacion-nuevas-tendencias-en-la-administracion-publica\/#primaryimage","url":"https:\/\/canal7slp.tv\/2019\/wp-content\/uploads\/2019\/07\/g3-3.jpg","contentUrl":"https:\/\/canal7slp.tv\/2019\/wp-content\/uploads\/2019\/07\/g3-3.jpg","width":626,"height":626},{"@type":"BreadcrumbList","@id":"https:\/\/canal7slp.tv\/2019\/oficialia-mayor-organiza-el-4-ciclo-de-innovacion-nuevas-tendencias-en-la-administracion-publica\/#breadcrumb","itemListElement":[{"@type":"ListItem","position":1,"name":"Home","item":"https:\/\/canal7slp.tv\/2019\/"},{"@type":"ListItem","position":2,"name":"Oficial\u00eda Mayor organiza el 4\u00b0 Ciclo de Innovaci\u00f3n &#8220;Nuevas Tendencias en la Administraci\u00f3n P\u00fablica&#8221;"}]},{"@type":"WebSite","@id":"https:\/\/canal7slp.tv\/2019\/#website","url":"https:\/\/canal7slp.tv\/2019\/","name":"Canal 7 SLP - Somos TV","description":"Somos un Canal de 10","publisher":{"@id":"https:\/\/canal7slp.tv\/2019\/#organization"},"potentialAction":[{"@type":"SearchAction","target":{"@type":"EntryPoint","urlTemplate":"https:\/\/canal7slp.tv\/2019\/?s={search_term_string}"},"query-input":{"@type":"PropertyValueSpecification","valueRequired":true,"valueName":"search_term_string"}}],"inLanguage":"es"},{"@type":"Organization","@id":"https:\/\/canal7slp.tv\/2019\/#organization","name":"Comunicaci\u00f3n 2000 S.A. de C.V.","url":"https:\/\/canal7slp.tv\/2019\/","logo":{"@type":"ImageObject","inLanguage":"es","@id":"https:\/\/canal7slp.tv\/2019\/#\/schema\/logo\/image\/","url":"https:\/\/canal7slp.tv\/2019\/wp-content\/uploads\/2019\/07\/logo-c7.png","contentUrl":"https:\/\/canal7slp.tv\/2019\/wp-content\/uploads\/2019\/07\/logo-c7.png","width":220,"height":60,"caption":"Comunicaci\u00f3n 2000 S.A. de C.V."},"image":{"@id":"https:\/\/canal7slp.tv\/2019\/#\/schema\/logo\/image\/"},"sameAs":["https:\/\/www.facebook.com\/CANAL7SLP\/","https:\/\/x.com\/canal7_slp","https:\/\/www.instagram.com\/canal7_slp","https:\/\/www.youtube.com\/user\/NOTICIEROSCANAL7SLP\/"]},{"@type":"Person","@id":"https:\/\/canal7slp.tv\/2019\/#\/schema\/person\/11d941c1c6ca30ac0a46b95fa37aa2e3","name":"edicionweb","image":{"@type":"ImageObject","inLanguage":"es","@id":"https:\/\/secure.gravatar.com\/avatar\/eee448fc3f7164808013b816ba91ac7e43bbe82a70bebac296f8bc6f0addaa1a?s=96&d=mm&r=g","url":"https:\/\/secure.gravatar.com\/avatar\/eee448fc3f7164808013b816ba91ac7e43bbe82a70bebac296f8bc6f0addaa1a?s=96&d=mm&r=g","contentUrl":"https:\/\/secure.gravatar.com\/avatar\/eee448fc3f7164808013b816ba91ac7e43bbe82a70bebac296f8bc6f0addaa1a?s=96&d=mm&r=g","caption":"edicionweb"}}]}},"amp_enabled":true,"cmb2":{"video_ids_in_playlist":{"vid_p_videos":""},"video_ids_in_channel":{"vid_c_videos":""},"playlist_ids_in_channel":{"vid_c_playlists":""},"series_ids_in_channel":{"vid_c_series":""},"channel_images":{"vid_c_logo":"","vid_c_banner":""},"poster_feature_image":{"vid_m_poster_image":""},"gif_feature_image":{"vid_m_gif_image":""},"video_movie_settings":{"vid_m_director":"","vid_m_actor":"","vid_m_imdb_ratings":"","vid_m_amazon_associates":""},"vid_youtube_broadcasts_settings":{"vid_yb_broadcast_title":"","vid_yb_q":"","vid_yb_channelid":"","vid_yb_videocategoryid":"","vid_yb_maxresults":"","vid_yb_order":"","vid_yb_regioncode":"","vid_yb_videosyndicated":"","vid_yb_style":"","vid_yb_reload_first":""},"video_series_settings":{"vid_m_director":"","vid_m_actor":"","vid_m_imdb_ratings":"","video_series_group":""},"amazon_associates_settings":{"amazon_associates":"","amazon_native_ad":""},"vid_youtube_automatic_settings":{"vid_ya_youtube_source":"","vid_ya_update_every":"","vid_ya_update_unit":"","vid_ya_categories":"","vid_ya_published_after":"","vid_ya_published_before":"","vid_ya_playlists":"","vid_ya_channels":"","vid_ya_director":"","vid_ya_actor":"","vid_ya_author":"","vid_ya_import_post_date":"","vid_ya_status":"","vid_ya_sub_api_key":""},"vid_ads_m_videoads_settings_post":{"vid_ads_m_video_ads":"","vid_ads_m_video_ads_type":"","vid_ads_m_group_google_ima":"","vid_ads_m_group_image":"","vid_ads_m_group_html5_video":"","vid_ads_m_group_html":"","vid_ads_m_vast_preroll":"","vid_ads_m_vast_postroll":"","vid_ads_m_vast_pauseroll":"","vid_ads_m_vast_midroll":[{"vid_ads_m_vast_timer_seconds":"50"}],"vid_ads_m_time_to_show_ads":"","vid_ads_m_time_skip_ads":"","vid_ads_m_time_to_hide_ads":""},"page_slider_settings":{"display_slider_group":"","page_slider_group":""},"blog_page_settings":{"blog_page_title":"","blog_page_heading":"","blog_page_ic":"","blog_page_it":"","blog_page_ec":"","blog_page_ip":"","archive_loop_style":"","blog_image_ratio":"","blog_show_categories":"","blog_show_excerpt":"","blog_show_author":"","blog_show_date":"","blog_show_comment_count":"","blog_show_view_count":"","blog_show_like_count":"","blog_show_dislike_count":"","blog_items_per_page":"","blog_pag_type":""},"page_options":{"get_page_template":"","color_mode":"","main_layout":"","main_layout_full_with":"","main_logo":"","main_logo_retina":"","main_logo_mobile":"","main_logo_mobile_retina":"","sticky_logo":"","sticky_logo_retina":"","main_nav_layout":"","ajax_search":"","header_background":"","theme_sidebar":"","instagram_feed":"","instagram_feed_position":"","popular_videos":"","popular_videos_title_1":"","popular_videos_title_2":"","popular_videos_ic":"","popular_videos_it":"","theme_background":"","page_custom_css":""},"feature_image_settings":{"feature_image_position":""},"video_player_settings":{"single_video_style":"","video_player_position":"","vm_video_url":"","video_player_library":"","video_streaming":"","vm_media_sources":"","vid_auto_play":"","vm_video_shortcode":"","vid_p_sync_playlist":"","vid_c_sync_channel":"","get_post_format":"","multiple_links_structure":"default","multi_links_title":"","vm_video_multi_links":"","vm_duration":"","vid_social_locker":"off","vid_social_locker_id":"","vid_membership_action":"content-video","vm_video_trailer_url":"","vid_download_type":"free","vid_download_target":"download","vid_woo_product":"","vm_media_download":"","user_rating":"","user_rating_position":"","user_rating_mode":"","user_rating_multi_sets":""},"video_auto_fetch_settings":{"vm_video_fetch":"on"},"video_fake_views_likes":{"vm_fake_views":"","vm_fake_likes":"","vm_fake_dislikes":""},"gallery_settings":{"gallery_position":""},"quote_settings":{"quote_position":""},"post_options":{"main_layout":"","main_logo":"","main_logo_retina":"","main_logo_mobile":"","main_logo_mobile_retina":"","sticky_logo":"","sticky_logo_retina":"","main_nav_layout":"","header_background":"","theme_sidebar":"","single_post_comment_type":"","theme_background":""}},"_links":{"self":[{"href":"https:\/\/canal7slp.tv\/2019\/wp-json\/wp\/v2\/posts\/42398","targetHints":{"allow":["GET"]}}],"collection":[{"href":"https:\/\/canal7slp.tv\/2019\/wp-json\/wp\/v2\/posts"}],"about":[{"href":"https:\/\/canal7slp.tv\/2019\/wp-json\/wp\/v2\/types\/post"}],"author":[{"embeddable":true,"href":"https:\/\/canal7slp.tv\/2019\/wp-json\/wp\/v2\/users\/2"}],"replies":[{"embeddable":true,"href":"https:\/\/canal7slp.tv\/2019\/wp-json\/wp\/v2\/comments?post=42398"}],"version-history":[{"count":0,"href":"https:\/\/canal7slp.tv\/2019\/wp-json\/wp\/v2\/posts\/42398\/revisions"}],"wp:featuredmedia":[{"embeddable":true,"href":"https:\/\/canal7slp.tv\/2019\/wp-json\/wp\/v2\/media\/42399"}],"wp:attachment":[{"href":"https:\/\/canal7slp.tv\/2019\/wp-json\/wp\/v2\/media?parent=42398"}],"wp:term":[{"taxonomy":"category","embeddable":true,"href":"https:\/\/canal7slp.tv\/2019\/wp-json\/wp\/v2\/categories?post=42398"},{"taxonomy":"post_tag","embeddable":true,"href":"https:\/\/canal7slp.tv\/2019\/wp-json\/wp\/v2\/tags?post=42398"}],"curies":[{"name":"wp","href":"https:\/\/api.w.org\/{rel}","templated":true}]}}