{"id":40937,"date":"2019-07-27T19:22:11","date_gmt":"2019-07-28T00:22:11","guid":{"rendered":"https:\/\/canal7slp.tv\/2019\/?p=40937"},"modified":"2019-07-27T19:22:36","modified_gmt":"2019-07-28T00:22:36","slug":"pdi-detiene-a-hombre-por-presunta-violencia-familiar-y-lesiones-en-slp","status":"publish","type":"post","link":"https:\/\/canal7slp.tv\/2019\/pdi-detiene-a-hombre-por-presunta-violencia-familiar-y-lesiones-en-slp\/","title":{"rendered":"PDI detiene a hombre por presunta violencia familiar y lesiones en SLP"},"content":{"rendered":"<ul>\n<li style=\"text-align: justify;\">El detenido presuntamente se aprovechaba de tener conocimiento de artes marciales<\/li>\n<\/ul>\n<p style=\"text-align: justify;\">SLP.- Un hombre fue detenido por elementos de la Polic\u00eda de Investigaci\u00f3n (PDI) en virtud de la existencia de una orden de aprehensi\u00f3n en su contra por los probables delitos de lesiones y violencia familiar en agravio de su pareja sentimental, as\u00ed lo inform\u00f3 la Fiscal\u00eda General del Estado de San Luis Potos\u00ed (FGESLP).<\/p>\n<p style=\"text-align: justify;\">Fue la v\u00edctima quien asegur\u00f3 que el sujeto identificado como Gerardo \u201cN\u201d la agredi\u00f3 de manera f\u00edsica y verbal en varias ocasiones provoc\u00e1ndole diversas lesiones, sin que ella se pudiera defender ya que el presunto se val\u00eda de ser peleador de artes marciales mixtas tipo UFC.<\/p>\n<p style=\"text-align: justify;\">La mujer decidi\u00f3 acudir a las autoridades de la Fiscal\u00eda, despu\u00e9s de ser agredida por la persona antes mencionada con un arma blanca, ocasion\u00e1ndole m\u00faltiples heridas adem\u00e1s de amenazarla con quitarle la vida; la denunciante tambi\u00e9n explic\u00f3 que esta no era la primera vez que era agredida por su pareja.<\/p>\n<p style=\"text-align: justify;\">Afirm\u00f3 que en dos ocasiones los golpes le provocaron ruptura del tabique nasal, as\u00ed como de p\u00f3mulos, entre otras lesiones que le provocaron secuelas de por vida.<\/p>\n<p style=\"text-align: justify;\">Por esta raz\u00f3n se iniciaron con las indagaciones correspondientes y al obtener las pruebas necesarias a trav\u00e9s de entrevistas y estudios m\u00e9dicos, las cuales se integraron a la carpeta de investigaci\u00f3n, el Ministerio P\u00fablico solicit\u00f3 el mandamiento judicial correspondiente.<\/p>\n<p style=\"text-align: justify;\">Cabe hacer menci\u00f3n que agentes de la Coordinaci\u00f3n de Delitos Sexuales y Violencia Familiar de la PDI realizaron las investigaciones correspondientes, por lo cual se estuvo al pendiente en el juzgado hasta tener conocimiento que se hab\u00eda librado la orden de aprehensi\u00f3n en contra del probable responsable.<\/p>\n<p style=\"text-align: justify;\">Por ese motivo al recibir el mandamiento judicial los agentes de FGESLP de inmediato implementaron operativos de b\u00fasqueda y vigilancia, obteniendo resultados favorables cuando tuvieron a la vista al imputado sobre la calle Moctezuma frente a los pasillos del mercado de Los Huaracheros, en la zona Centro de la ciudad de San Luis potos\u00ed, lugar en donde lo abordaron haci\u00e9ndole saber sobre su detenci\u00f3n.<\/p>\n<p style=\"text-align: justify;\">Despu\u00e9s fue trasladado a las oficinas de la Direcci\u00f3n General de M\u00e9todos de Investigaci\u00f3n para continuar con los tr\u00e1mites correspondientes y ser presentado ante el Juez que lo solicita, quien definir\u00e1 su situaci\u00f3n jur\u00eddica en las pr\u00f3ximas horas.<\/p>\n","protected":false},"excerpt":{"rendered":"<p>El detenido presuntamente se aprovechaba de tener conocimiento de artes marciales SLP.- Un hombre fue detenido por elementos de la Polic\u00eda de Investigaci\u00f3n (PDI) en virtud de la existencia de una orden de aprehensi\u00f3n en su contra por los probables delitos de lesiones y violencia familiar en agravio de su pareja sentimental, as\u00ed lo inform\u00f3 [&hellip;]<\/p>\n","protected":false},"author":2,"featured_media":40938,"comment_status":"open","ping_status":"closed","sticky":false,"template":"","format":"gallery","meta":{"footnotes":""},"categories":[29],"tags":[],"class_list":["post-40937","post","type-post","status-publish","format-gallery","has-post-thumbnail","hentry","category-reporte7","post_format-post-format-gallery"],"yoast_head":"<!-- This site is optimized with the Yoast SEO plugin v27.5 - https:\/\/yoast.com\/product\/yoast-seo-wordpress\/ -->\n<title>PDI detiene a hombre por presunta violencia familiar y lesiones en SLP - Canal 7 SLP - 2019<\/title>\n<meta name=\"robots\" content=\"index, follow, max-snippet:-1, max-image-preview:large, max-video-preview:-1\" \/>\n<link rel=\"canonical\" href=\"https:\/\/canal7slp.tv\/2019\/pdi-detiene-a-hombre-por-presunta-violencia-familiar-y-lesiones-en-slp\/\" \/>\n<meta property=\"og:locale\" content=\"es_ES\" \/>\n<meta property=\"og:type\" content=\"article\" \/>\n<meta property=\"og:title\" content=\"PDI detiene a hombre por presunta violencia familiar y lesiones en SLP - Canal 7 SLP - 2019\" \/>\n<meta property=\"og:description\" content=\"El detenido presuntamente se aprovechaba de tener conocimiento de artes marciales SLP.- Un hombre fue detenido por elementos de la Polic\u00eda de Investigaci\u00f3n (PDI) en virtud de la existencia de una orden de aprehensi\u00f3n en su contra por los probables delitos de lesiones y violencia familiar en agravio de su pareja sentimental, as\u00ed lo inform\u00f3 [&hellip;]\" \/>\n<meta property=\"og:url\" content=\"https:\/\/canal7slp.tv\/2019\/pdi-detiene-a-hombre-por-presunta-violencia-familiar-y-lesiones-en-slp\/\" \/>\n<meta property=\"og:site_name\" content=\"Canal 7 SLP - 2019\" \/>\n<meta property=\"article:publisher\" content=\"https:\/\/www.facebook.com\/CANAL7SLP\/\" \/>\n<meta property=\"article:published_time\" content=\"2019-07-28T00:22:11+00:00\" \/>\n<meta property=\"article:modified_time\" content=\"2019-07-28T00:22:36+00:00\" \/>\n<meta property=\"og:image\" content=\"https:\/\/canal7slp.tv\/2019\/wp-content\/uploads\/2019\/07\/zz2-16.jpg\" \/>\n\t<meta property=\"og:image:width\" content=\"447\" \/>\n\t<meta property=\"og:image:height\" content=\"558\" \/>\n\t<meta property=\"og:image:type\" content=\"image\/jpeg\" \/>\n<meta name=\"author\" content=\"edicionweb\" \/>\n<meta name=\"twitter:card\" content=\"summary_large_image\" \/>\n<meta name=\"twitter:creator\" content=\"@canal7_slp\" \/>\n<meta name=\"twitter:site\" content=\"@canal7_slp\" \/>\n<meta name=\"twitter:label1\" content=\"Escrito por\" \/>\n\t<meta name=\"twitter:data1\" content=\"edicionweb\" \/>\n\t<meta name=\"twitter:label2\" content=\"Tiempo de lectura\" \/>\n\t<meta name=\"twitter:data2\" content=\"2 minutos\" \/>\n<script type=\"application\/ld+json\" class=\"yoast-schema-graph\">{\"@context\":\"https:\\\/\\\/schema.org\",\"@graph\":[{\"@type\":\"Article\",\"@id\":\"https:\\\/\\\/canal7slp.tv\\\/2019\\\/pdi-detiene-a-hombre-por-presunta-violencia-familiar-y-lesiones-en-slp\\\/#article\",\"isPartOf\":{\"@id\":\"https:\\\/\\\/canal7slp.tv\\\/2019\\\/pdi-detiene-a-hombre-por-presunta-violencia-familiar-y-lesiones-en-slp\\\/\"},\"author\":{\"name\":\"edicionweb\",\"@id\":\"https:\\\/\\\/canal7slp.tv\\\/2019\\\/#\\\/schema\\\/person\\\/11d941c1c6ca30ac0a46b95fa37aa2e3\"},\"headline\":\"PDI detiene a hombre por presunta violencia familiar y lesiones en SLP\",\"datePublished\":\"2019-07-28T00:22:11+00:00\",\"dateModified\":\"2019-07-28T00:22:36+00:00\",\"mainEntityOfPage\":{\"@id\":\"https:\\\/\\\/canal7slp.tv\\\/2019\\\/pdi-detiene-a-hombre-por-presunta-violencia-familiar-y-lesiones-en-slp\\\/\"},\"wordCount\":424,\"commentCount\":0,\"publisher\":{\"@id\":\"https:\\\/\\\/canal7slp.tv\\\/2019\\\/#organization\"},\"image\":{\"@id\":\"https:\\\/\\\/canal7slp.tv\\\/2019\\\/pdi-detiene-a-hombre-por-presunta-violencia-familiar-y-lesiones-en-slp\\\/#primaryimage\"},\"thumbnailUrl\":\"https:\\\/\\\/canal7slp.tv\\\/2019\\\/wp-content\\\/uploads\\\/2019\\\/07\\\/zz2-16.jpg\",\"articleSection\":[\"REPORTE 7\"],\"inLanguage\":\"es\",\"potentialAction\":[{\"@type\":\"CommentAction\",\"name\":\"Comment\",\"target\":[\"https:\\\/\\\/canal7slp.tv\\\/2019\\\/pdi-detiene-a-hombre-por-presunta-violencia-familiar-y-lesiones-en-slp\\\/#respond\"]}]},{\"@type\":\"WebPage\",\"@id\":\"https:\\\/\\\/canal7slp.tv\\\/2019\\\/pdi-detiene-a-hombre-por-presunta-violencia-familiar-y-lesiones-en-slp\\\/\",\"url\":\"https:\\\/\\\/canal7slp.tv\\\/2019\\\/pdi-detiene-a-hombre-por-presunta-violencia-familiar-y-lesiones-en-slp\\\/\",\"name\":\"PDI detiene a hombre por presunta violencia familiar y lesiones en SLP - Canal 7 SLP - 2019\",\"isPartOf\":{\"@id\":\"https:\\\/\\\/canal7slp.tv\\\/2019\\\/#website\"},\"primaryImageOfPage\":{\"@id\":\"https:\\\/\\\/canal7slp.tv\\\/2019\\\/pdi-detiene-a-hombre-por-presunta-violencia-familiar-y-lesiones-en-slp\\\/#primaryimage\"},\"image\":{\"@id\":\"https:\\\/\\\/canal7slp.tv\\\/2019\\\/pdi-detiene-a-hombre-por-presunta-violencia-familiar-y-lesiones-en-slp\\\/#primaryimage\"},\"thumbnailUrl\":\"https:\\\/\\\/canal7slp.tv\\\/2019\\\/wp-content\\\/uploads\\\/2019\\\/07\\\/zz2-16.jpg\",\"datePublished\":\"2019-07-28T00:22:11+00:00\",\"dateModified\":\"2019-07-28T00:22:36+00:00\",\"breadcrumb\":{\"@id\":\"https:\\\/\\\/canal7slp.tv\\\/2019\\\/pdi-detiene-a-hombre-por-presunta-violencia-familiar-y-lesiones-en-slp\\\/#breadcrumb\"},\"inLanguage\":\"es\",\"potentialAction\":[{\"@type\":\"ReadAction\",\"target\":[\"https:\\\/\\\/canal7slp.tv\\\/2019\\\/pdi-detiene-a-hombre-por-presunta-violencia-familiar-y-lesiones-en-slp\\\/\"]}]},{\"@type\":\"ImageObject\",\"inLanguage\":\"es\",\"@id\":\"https:\\\/\\\/canal7slp.tv\\\/2019\\\/pdi-detiene-a-hombre-por-presunta-violencia-familiar-y-lesiones-en-slp\\\/#primaryimage\",\"url\":\"https:\\\/\\\/canal7slp.tv\\\/2019\\\/wp-content\\\/uploads\\\/2019\\\/07\\\/zz2-16.jpg\",\"contentUrl\":\"https:\\\/\\\/canal7slp.tv\\\/2019\\\/wp-content\\\/uploads\\\/2019\\\/07\\\/zz2-16.jpg\",\"width\":447,\"height\":558},{\"@type\":\"BreadcrumbList\",\"@id\":\"https:\\\/\\\/canal7slp.tv\\\/2019\\\/pdi-detiene-a-hombre-por-presunta-violencia-familiar-y-lesiones-en-slp\\\/#breadcrumb\",\"itemListElement\":[{\"@type\":\"ListItem\",\"position\":1,\"name\":\"Home\",\"item\":\"https:\\\/\\\/canal7slp.tv\\\/2019\\\/\"},{\"@type\":\"ListItem\",\"position\":2,\"name\":\"PDI detiene a hombre por presunta violencia familiar y lesiones en SLP\"}]},{\"@type\":\"WebSite\",\"@id\":\"https:\\\/\\\/canal7slp.tv\\\/2019\\\/#website\",\"url\":\"https:\\\/\\\/canal7slp.tv\\\/2019\\\/\",\"name\":\"Canal 7 SLP - Somos TV\",\"description\":\"Somos un Canal de 10\",\"publisher\":{\"@id\":\"https:\\\/\\\/canal7slp.tv\\\/2019\\\/#organization\"},\"potentialAction\":[{\"@type\":\"SearchAction\",\"target\":{\"@type\":\"EntryPoint\",\"urlTemplate\":\"https:\\\/\\\/canal7slp.tv\\\/2019\\\/?s={search_term_string}\"},\"query-input\":{\"@type\":\"PropertyValueSpecification\",\"valueRequired\":true,\"valueName\":\"search_term_string\"}}],\"inLanguage\":\"es\"},{\"@type\":\"Organization\",\"@id\":\"https:\\\/\\\/canal7slp.tv\\\/2019\\\/#organization\",\"name\":\"Comunicaci\u00f3n 2000 S.A. de C.V.\",\"url\":\"https:\\\/\\\/canal7slp.tv\\\/2019\\\/\",\"logo\":{\"@type\":\"ImageObject\",\"inLanguage\":\"es\",\"@id\":\"https:\\\/\\\/canal7slp.tv\\\/2019\\\/#\\\/schema\\\/logo\\\/image\\\/\",\"url\":\"https:\\\/\\\/canal7slp.tv\\\/2019\\\/wp-content\\\/uploads\\\/2019\\\/07\\\/logo-c7.png\",\"contentUrl\":\"https:\\\/\\\/canal7slp.tv\\\/2019\\\/wp-content\\\/uploads\\\/2019\\\/07\\\/logo-c7.png\",\"width\":220,\"height\":60,\"caption\":\"Comunicaci\u00f3n 2000 S.A. de C.V.\"},\"image\":{\"@id\":\"https:\\\/\\\/canal7slp.tv\\\/2019\\\/#\\\/schema\\\/logo\\\/image\\\/\"},\"sameAs\":[\"https:\\\/\\\/www.facebook.com\\\/CANAL7SLP\\\/\",\"https:\\\/\\\/x.com\\\/canal7_slp\",\"https:\\\/\\\/www.instagram.com\\\/canal7_slp\",\"https:\\\/\\\/www.youtube.com\\\/user\\\/NOTICIEROSCANAL7SLP\\\/\"]},{\"@type\":\"Person\",\"@id\":\"https:\\\/\\\/canal7slp.tv\\\/2019\\\/#\\\/schema\\\/person\\\/11d941c1c6ca30ac0a46b95fa37aa2e3\",\"name\":\"edicionweb\",\"image\":{\"@type\":\"ImageObject\",\"inLanguage\":\"es\",\"@id\":\"https:\\\/\\\/secure.gravatar.com\\\/avatar\\\/eee448fc3f7164808013b816ba91ac7e43bbe82a70bebac296f8bc6f0addaa1a?s=96&d=mm&r=g\",\"url\":\"https:\\\/\\\/secure.gravatar.com\\\/avatar\\\/eee448fc3f7164808013b816ba91ac7e43bbe82a70bebac296f8bc6f0addaa1a?s=96&d=mm&r=g\",\"contentUrl\":\"https:\\\/\\\/secure.gravatar.com\\\/avatar\\\/eee448fc3f7164808013b816ba91ac7e43bbe82a70bebac296f8bc6f0addaa1a?s=96&d=mm&r=g\",\"caption\":\"edicionweb\"}}]}<\/script>\n<!-- \/ Yoast SEO plugin. -->","yoast_head_json":{"title":"PDI detiene a hombre por presunta violencia familiar y lesiones en SLP - Canal 7 SLP - 2019","robots":{"index":"index","follow":"follow","max-snippet":"max-snippet:-1","max-image-preview":"max-image-preview:large","max-video-preview":"max-video-preview:-1"},"canonical":"https:\/\/canal7slp.tv\/2019\/pdi-detiene-a-hombre-por-presunta-violencia-familiar-y-lesiones-en-slp\/","og_locale":"es_ES","og_type":"article","og_title":"PDI detiene a hombre por presunta violencia familiar y lesiones en SLP - Canal 7 SLP - 2019","og_description":"El detenido presuntamente se aprovechaba de tener conocimiento de artes marciales SLP.- Un hombre fue detenido por elementos de la Polic\u00eda de Investigaci\u00f3n (PDI) en virtud de la existencia de una orden de aprehensi\u00f3n en su contra por los probables delitos de lesiones y violencia familiar en agravio de su pareja sentimental, as\u00ed lo inform\u00f3 [&hellip;]","og_url":"https:\/\/canal7slp.tv\/2019\/pdi-detiene-a-hombre-por-presunta-violencia-familiar-y-lesiones-en-slp\/","og_site_name":"Canal 7 SLP - 2019","article_publisher":"https:\/\/www.facebook.com\/CANAL7SLP\/","article_published_time":"2019-07-28T00:22:11+00:00","article_modified_time":"2019-07-28T00:22:36+00:00","og_image":[{"width":447,"height":558,"url":"https:\/\/canal7slp.tv\/2019\/wp-content\/uploads\/2019\/07\/zz2-16.jpg","type":"image\/jpeg"}],"author":"edicionweb","twitter_card":"summary_large_image","twitter_creator":"@canal7_slp","twitter_site":"@canal7_slp","twitter_misc":{"Escrito por":"edicionweb","Tiempo de lectura":"2 minutos"},"schema":{"@context":"https:\/\/schema.org","@graph":[{"@type":"Article","@id":"https:\/\/canal7slp.tv\/2019\/pdi-detiene-a-hombre-por-presunta-violencia-familiar-y-lesiones-en-slp\/#article","isPartOf":{"@id":"https:\/\/canal7slp.tv\/2019\/pdi-detiene-a-hombre-por-presunta-violencia-familiar-y-lesiones-en-slp\/"},"author":{"name":"edicionweb","@id":"https:\/\/canal7slp.tv\/2019\/#\/schema\/person\/11d941c1c6ca30ac0a46b95fa37aa2e3"},"headline":"PDI detiene a hombre por presunta violencia familiar y lesiones en SLP","datePublished":"2019-07-28T00:22:11+00:00","dateModified":"2019-07-28T00:22:36+00:00","mainEntityOfPage":{"@id":"https:\/\/canal7slp.tv\/2019\/pdi-detiene-a-hombre-por-presunta-violencia-familiar-y-lesiones-en-slp\/"},"wordCount":424,"commentCount":0,"publisher":{"@id":"https:\/\/canal7slp.tv\/2019\/#organization"},"image":{"@id":"https:\/\/canal7slp.tv\/2019\/pdi-detiene-a-hombre-por-presunta-violencia-familiar-y-lesiones-en-slp\/#primaryimage"},"thumbnailUrl":"https:\/\/canal7slp.tv\/2019\/wp-content\/uploads\/2019\/07\/zz2-16.jpg","articleSection":["REPORTE 7"],"inLanguage":"es","potentialAction":[{"@type":"CommentAction","name":"Comment","target":["https:\/\/canal7slp.tv\/2019\/pdi-detiene-a-hombre-por-presunta-violencia-familiar-y-lesiones-en-slp\/#respond"]}]},{"@type":"WebPage","@id":"https:\/\/canal7slp.tv\/2019\/pdi-detiene-a-hombre-por-presunta-violencia-familiar-y-lesiones-en-slp\/","url":"https:\/\/canal7slp.tv\/2019\/pdi-detiene-a-hombre-por-presunta-violencia-familiar-y-lesiones-en-slp\/","name":"PDI detiene a hombre por presunta violencia familiar y lesiones en SLP - Canal 7 SLP - 2019","isPartOf":{"@id":"https:\/\/canal7slp.tv\/2019\/#website"},"primaryImageOfPage":{"@id":"https:\/\/canal7slp.tv\/2019\/pdi-detiene-a-hombre-por-presunta-violencia-familiar-y-lesiones-en-slp\/#primaryimage"},"image":{"@id":"https:\/\/canal7slp.tv\/2019\/pdi-detiene-a-hombre-por-presunta-violencia-familiar-y-lesiones-en-slp\/#primaryimage"},"thumbnailUrl":"https:\/\/canal7slp.tv\/2019\/wp-content\/uploads\/2019\/07\/zz2-16.jpg","datePublished":"2019-07-28T00:22:11+00:00","dateModified":"2019-07-28T00:22:36+00:00","breadcrumb":{"@id":"https:\/\/canal7slp.tv\/2019\/pdi-detiene-a-hombre-por-presunta-violencia-familiar-y-lesiones-en-slp\/#breadcrumb"},"inLanguage":"es","potentialAction":[{"@type":"ReadAction","target":["https:\/\/canal7slp.tv\/2019\/pdi-detiene-a-hombre-por-presunta-violencia-familiar-y-lesiones-en-slp\/"]}]},{"@type":"ImageObject","inLanguage":"es","@id":"https:\/\/canal7slp.tv\/2019\/pdi-detiene-a-hombre-por-presunta-violencia-familiar-y-lesiones-en-slp\/#primaryimage","url":"https:\/\/canal7slp.tv\/2019\/wp-content\/uploads\/2019\/07\/zz2-16.jpg","contentUrl":"https:\/\/canal7slp.tv\/2019\/wp-content\/uploads\/2019\/07\/zz2-16.jpg","width":447,"height":558},{"@type":"BreadcrumbList","@id":"https:\/\/canal7slp.tv\/2019\/pdi-detiene-a-hombre-por-presunta-violencia-familiar-y-lesiones-en-slp\/#breadcrumb","itemListElement":[{"@type":"ListItem","position":1,"name":"Home","item":"https:\/\/canal7slp.tv\/2019\/"},{"@type":"ListItem","position":2,"name":"PDI detiene a hombre por presunta violencia familiar y lesiones en SLP"}]},{"@type":"WebSite","@id":"https:\/\/canal7slp.tv\/2019\/#website","url":"https:\/\/canal7slp.tv\/2019\/","name":"Canal 7 SLP - Somos TV","description":"Somos un Canal de 10","publisher":{"@id":"https:\/\/canal7slp.tv\/2019\/#organization"},"potentialAction":[{"@type":"SearchAction","target":{"@type":"EntryPoint","urlTemplate":"https:\/\/canal7slp.tv\/2019\/?s={search_term_string}"},"query-input":{"@type":"PropertyValueSpecification","valueRequired":true,"valueName":"search_term_string"}}],"inLanguage":"es"},{"@type":"Organization","@id":"https:\/\/canal7slp.tv\/2019\/#organization","name":"Comunicaci\u00f3n 2000 S.A. de C.V.","url":"https:\/\/canal7slp.tv\/2019\/","logo":{"@type":"ImageObject","inLanguage":"es","@id":"https:\/\/canal7slp.tv\/2019\/#\/schema\/logo\/image\/","url":"https:\/\/canal7slp.tv\/2019\/wp-content\/uploads\/2019\/07\/logo-c7.png","contentUrl":"https:\/\/canal7slp.tv\/2019\/wp-content\/uploads\/2019\/07\/logo-c7.png","width":220,"height":60,"caption":"Comunicaci\u00f3n 2000 S.A. de C.V."},"image":{"@id":"https:\/\/canal7slp.tv\/2019\/#\/schema\/logo\/image\/"},"sameAs":["https:\/\/www.facebook.com\/CANAL7SLP\/","https:\/\/x.com\/canal7_slp","https:\/\/www.instagram.com\/canal7_slp","https:\/\/www.youtube.com\/user\/NOTICIEROSCANAL7SLP\/"]},{"@type":"Person","@id":"https:\/\/canal7slp.tv\/2019\/#\/schema\/person\/11d941c1c6ca30ac0a46b95fa37aa2e3","name":"edicionweb","image":{"@type":"ImageObject","inLanguage":"es","@id":"https:\/\/secure.gravatar.com\/avatar\/eee448fc3f7164808013b816ba91ac7e43bbe82a70bebac296f8bc6f0addaa1a?s=96&d=mm&r=g","url":"https:\/\/secure.gravatar.com\/avatar\/eee448fc3f7164808013b816ba91ac7e43bbe82a70bebac296f8bc6f0addaa1a?s=96&d=mm&r=g","contentUrl":"https:\/\/secure.gravatar.com\/avatar\/eee448fc3f7164808013b816ba91ac7e43bbe82a70bebac296f8bc6f0addaa1a?s=96&d=mm&r=g","caption":"edicionweb"}}]}},"amp_enabled":true,"cmb2":{"video_ids_in_playlist":{"vid_p_videos":""},"video_ids_in_channel":{"vid_c_videos":""},"playlist_ids_in_channel":{"vid_c_playlists":""},"series_ids_in_channel":{"vid_c_series":""},"channel_images":{"vid_c_logo":"","vid_c_banner":""},"poster_feature_image":{"vid_m_poster_image":""},"gif_feature_image":{"vid_m_gif_image":""},"video_movie_settings":{"vid_m_director":"","vid_m_actor":"","vid_m_imdb_ratings":"","vid_m_amazon_associates":""},"vid_youtube_broadcasts_settings":{"vid_yb_broadcast_title":"","vid_yb_q":"","vid_yb_channelid":"","vid_yb_videocategoryid":"","vid_yb_maxresults":"","vid_yb_order":"","vid_yb_regioncode":"","vid_yb_videosyndicated":"","vid_yb_style":"","vid_yb_reload_first":""},"video_series_settings":{"vid_m_director":"","vid_m_actor":"","vid_m_imdb_ratings":"","video_series_group":""},"amazon_associates_settings":{"amazon_associates":"","amazon_native_ad":""},"vid_youtube_automatic_settings":{"vid_ya_youtube_source":"","vid_ya_update_every":"","vid_ya_update_unit":"","vid_ya_categories":"","vid_ya_published_after":"","vid_ya_published_before":"","vid_ya_playlists":"","vid_ya_channels":"","vid_ya_director":"","vid_ya_actor":"","vid_ya_author":"","vid_ya_import_post_date":"","vid_ya_status":"","vid_ya_sub_api_key":""},"vid_ads_m_videoads_settings_post":{"vid_ads_m_video_ads":"","vid_ads_m_video_ads_type":"","vid_ads_m_group_google_ima":"","vid_ads_m_group_image":"","vid_ads_m_group_html5_video":"","vid_ads_m_group_html":"","vid_ads_m_vast_preroll":"","vid_ads_m_vast_postroll":"","vid_ads_m_vast_pauseroll":"","vid_ads_m_vast_midroll":[{"vid_ads_m_vast_timer_seconds":"50"}],"vid_ads_m_time_to_show_ads":"","vid_ads_m_time_skip_ads":"","vid_ads_m_time_to_hide_ads":""},"page_slider_settings":{"display_slider_group":"","page_slider_group":""},"blog_page_settings":{"blog_page_title":"","blog_page_heading":"","blog_page_ic":"","blog_page_it":"","blog_page_ec":"","blog_page_ip":"","archive_loop_style":"","blog_image_ratio":"","blog_show_categories":"","blog_show_excerpt":"","blog_show_author":"","blog_show_date":"","blog_show_comment_count":"","blog_show_view_count":"","blog_show_like_count":"","blog_show_dislike_count":"","blog_items_per_page":"","blog_pag_type":""},"page_options":{"get_page_template":"","color_mode":"","main_layout":"","main_layout_full_with":"","main_logo":"","main_logo_retina":"","main_logo_mobile":"","main_logo_mobile_retina":"","sticky_logo":"","sticky_logo_retina":"","main_nav_layout":"","ajax_search":"","header_background":"","theme_sidebar":"","instagram_feed":"","instagram_feed_position":"","popular_videos":"","popular_videos_title_1":"","popular_videos_title_2":"","popular_videos_ic":"","popular_videos_it":"","theme_background":"","page_custom_css":""},"feature_image_settings":{"feature_image_position":""},"video_player_settings":{"single_video_style":"","video_player_position":"","vm_video_url":"","video_player_library":"","video_streaming":"","vm_media_sources":"","vid_auto_play":"","vm_video_shortcode":"","vid_p_sync_playlist":"","vid_c_sync_channel":"","get_post_format":"","multiple_links_structure":"default","multi_links_title":"","vm_video_multi_links":"","vm_duration":"","vid_social_locker":"off","vid_social_locker_id":"","vid_membership_action":"content-video","vm_video_trailer_url":"","vid_download_type":"free","vid_download_target":"download","vid_woo_product":"","vm_media_download":"","user_rating":"","user_rating_position":"","user_rating_mode":"","user_rating_multi_sets":""},"video_auto_fetch_settings":{"vm_video_fetch":"on"},"video_fake_views_likes":{"vm_fake_views":"","vm_fake_likes":"","vm_fake_dislikes":""},"gallery_settings":{"gallery_position":""},"quote_settings":{"quote_position":""},"post_options":{"main_layout":"","main_logo":"","main_logo_retina":"","main_logo_mobile":"","main_logo_mobile_retina":"","sticky_logo":"","sticky_logo_retina":"","main_nav_layout":"","header_background":"","theme_sidebar":"","single_post_comment_type":"","theme_background":""}},"_links":{"self":[{"href":"https:\/\/canal7slp.tv\/2019\/wp-json\/wp\/v2\/posts\/40937","targetHints":{"allow":["GET"]}}],"collection":[{"href":"https:\/\/canal7slp.tv\/2019\/wp-json\/wp\/v2\/posts"}],"about":[{"href":"https:\/\/canal7slp.tv\/2019\/wp-json\/wp\/v2\/types\/post"}],"author":[{"embeddable":true,"href":"https:\/\/canal7slp.tv\/2019\/wp-json\/wp\/v2\/users\/2"}],"replies":[{"embeddable":true,"href":"https:\/\/canal7slp.tv\/2019\/wp-json\/wp\/v2\/comments?post=40937"}],"version-history":[{"count":0,"href":"https:\/\/canal7slp.tv\/2019\/wp-json\/wp\/v2\/posts\/40937\/revisions"}],"wp:featuredmedia":[{"embeddable":true,"href":"https:\/\/canal7slp.tv\/2019\/wp-json\/wp\/v2\/media\/40938"}],"wp:attachment":[{"href":"https:\/\/canal7slp.tv\/2019\/wp-json\/wp\/v2\/media?parent=40937"}],"wp:term":[{"taxonomy":"category","embeddable":true,"href":"https:\/\/canal7slp.tv\/2019\/wp-json\/wp\/v2\/categories?post=40937"},{"taxonomy":"post_tag","embeddable":true,"href":"https:\/\/canal7slp.tv\/2019\/wp-json\/wp\/v2\/tags?post=40937"}],"curies":[{"name":"wp","href":"https:\/\/api.w.org\/{rel}","templated":true}]}}