{"id":40885,"date":"2019-07-27T11:08:38","date_gmt":"2019-07-27T16:08:38","guid":{"rendered":"https:\/\/canal7slp.tv\/2019\/?p=40885"},"modified":"2019-07-27T11:08:38","modified_gmt":"2019-07-27T16:08:38","slug":"en-el-pais-200-mujeres-estan-en-prision-por-abortar","status":"publish","type":"post","link":"https:\/\/canal7slp.tv\/2019\/en-el-pais-200-mujeres-estan-en-prision-por-abortar\/","title":{"rendered":"En el pa\u00eds 200 mujeres est\u00e1n en prisi\u00f3n por abortar"},"content":{"rendered":"<p style=\"text-align: justify;\">M\u00e9xico.- Desde el Centro Las Libres, encabezado por Ver\u00f3nica Cruz S\u00e1nchez, se ha ganado terreno en el tema del aborto, ya que la asociaci\u00f3n ha luchado durante dos d\u00e9cadas para liberar a mujeres encarceladas y ha impugnado demandas.<\/p>\n<p style=\"text-align: justify;\">\u201cLas mujeres cuando abortamos no somos criminales, somos seres pensantes que estamos tomando decisiones aut\u00f3nomas en cuanto a nuestra reproducci\u00f3n\u201d, afirm\u00f3 Ver\u00f3nica Cruz S\u00e1nchez, directora del Centro Las Libres, en entrevista con\u00a0<strong>Notimex<\/strong>.<\/p>\n<p style=\"text-align: justify;\">En agosto del 2000, el gobierno de Guanajuato elimin\u00f3 la \u00fanica causal por aborto: la violaci\u00f3n, es decir, si una mujer decid\u00eda abortar, tendr\u00eda que purgar penas de hasta 30 a\u00f1os.<\/p>\n<p style=\"text-align: justify;\">En ese contexto naci\u00f3 Las Libres, asociaci\u00f3n a favor del aborto seguro y legal, que logr\u00f3 que se vetara la ley en el estado.<\/p>\n<p style=\"text-align: justify;\">De acuerdo con Ver\u00f3nica Cruz, \u201cno deber\u00eda existir el delito de aborto; se tiene que eliminar porque es un delito que se focaliza en ciertas mujeres: nunca vas a encontrar a una mujer rica, nunca vas a encontrar hombres, nunca vas a encontrar a m\u00e9dicos que est\u00e1n criminalizados por un tema de aborto.<\/p>\n<p style=\"text-align: justify;\">\u201cS\u00f3lo es a las mujeres, pero adem\u00e1s a las mujeres pobres, a las de \u00e1rea rural, a las de \u00e1rea ind\u00edgena y entre menos se puedan defender m\u00e1s sentencia, m\u00e1s condena, y el Estado pone todo su peso a estas mujeres\u201d, enfatiz\u00f3.<\/p>\n<p style=\"text-align: justify;\">En septiembre del 2010, seis mujeres: Yolanda Mart\u00ednez Montoya, Susana Due\u00f1as, Ofelia Fr\u00edas, Mar\u00eda Araceli Camargo, Liliana Moreno y Rosa Padr\u00f3n salieron del Centro de Reinserci\u00f3n Social (Cereso) en Guanajuato.<\/p>\n<p style=\"text-align: justify;\">Hab\u00edan sido acusadas de homicidio por raz\u00f3n de parentesco o aborto; sus sentencias oscilaban entre los 25 y 29 a\u00f1os. Una vez m\u00e1s Las Libres ganaban terreno.<\/p>\n<p style=\"text-align: justify;\">\u201cLa mayor\u00eda de las mujeres no sab\u00eda leer y escribir en el momento de su detenci\u00f3n. Eso ya deber\u00eda de ser para que est\u00e9n afuera; la mayor\u00eda no hablaba espa\u00f1ol y proven\u00eda de \u00e1rea ind\u00edgena; peor a\u00fan, la mayor\u00eda de las mujeres no est\u00e1 en la c\u00e1rcel con pruebas cient\u00edficas, est\u00e1 por estereotipos de g\u00e9nero\u201d, expuso.<\/p>\n<p style=\"text-align: justify;\">Para Las Libres, apunt\u00f3, \u201ces muy f\u00e1cil: cualquier caso de aborto o de homicidio que se trata de aborto, defenderlo. Es muy f\u00e1cil, porque el estado como juzga con estereotipo, con prejuicio, los m\u00e9dicos, los ministerios p\u00fablicos, los jueces, lo que anteponen son sus prejuicios y sus estereotipos de g\u00e9nero; es decir, lo que ellos creen de las mujeres y lo que ellos creen de la maternidad. Nunca hay pruebas cient\u00edficas\u201d.<\/p>\n<p style=\"text-align: justify;\">En marzo de 2015 Las Libres salieron de Guanajuato para tomar un caso en Veracruz. Patricia M\u00e9ndez fue trasladada del Instituto Mexicano del Seguro Social (IMSS) al Ministerio P\u00fablico, acusada de haber asesinado a \u201csu hijo\u201d. Ver\u00f3nica Cruz lleg\u00f3 a tiempo para que no se le juzgara por homicidio.<\/p>\n<p style=\"text-align: justify;\">La entidad est\u00e1 regida por otras leyes para castigar el aborto. \u201cEl caso de Veracruz es brutal, no tiene pena de c\u00e1rcel, pero dice que se le va a dar un tratamiento, una reeducaci\u00f3n a las mujeres, porque las mujeres nunca lo hacen solas, siempre lo hacen obligadas, est\u00e1n diciendo no tiene capacidad, pero adem\u00e1s no saben que su destino final es peor, es una discriminaci\u00f3n peor que la c\u00e1rcel\u201d, se\u00f1al\u00f3 la directora de la organizaci\u00f3n.<\/p>\n<p style=\"text-align: justify;\">En este momento, julio de 2019, en el Centro Las Libres se preguntan: \u00bfen qu\u00e9 prisiones est\u00e1n las 200 mujeres encarceladas y bajo qu\u00e9 delito est\u00e1n tipificados sus casos? En la asociaci\u00f3n aseguran que desde el gobierno se podr\u00eda conseguir inmediatamente esta informaci\u00f3n.<\/p>\n<p style=\"text-align: justify;\">\u201cOjal\u00e1 todas las mujeres nos conocieran, pero eso es imposible. Por eso, el Estado tiene que hacer su funci\u00f3n y creo que el tema de la amnist\u00eda es una respuesta para estas mujeres que hoy s\u00ed est\u00e1n en prisi\u00f3n con penas de hasta 30 a\u00f1os\u201d, expres\u00f3 Cruz S\u00e1nchez.<\/p>\n<p style=\"text-align: justify;\">Plante\u00f3 que \u201cel Estado, ahora s\u00ed sus instituciones, tiene que investigar: \u00bfqui\u00e9nes son estas mujeres?, \u00bfen d\u00f3nde est\u00e1n?, \u00bfc\u00f3mo est\u00e1n sus causas? y seguro es muy f\u00e1cil proponer la amnist\u00eda, porque seguramente est\u00e1n injustamente criminalizadas y sentenciadas y en prisi\u00f3n por delitos que no cometieron\u201d.<\/p>\n<p style=\"text-align: justify;\">\n<p style=\"text-align: justify;\"><strong>Acciones a futuro<\/strong><\/p>\n<p style=\"text-align: justify;\">Para la activista hay tres cosas que tiene que hacer el Estado mexicano, en su conjunto incluyendo a la sociedad: \u201cuno, que quite del c\u00f3digo penal \u00fanico que ya no lleve al delito de aborto, con eso eliminamos la criminalizaci\u00f3n\u201d.<\/p>\n<p style=\"text-align: justify;\">\u201cDos, que al menos se armonicen en todo el pa\u00eds hasta las 12 semanas el aborto por decisi\u00f3n de las mujeres; y tres, la Norma 046, hoy en todo el pa\u00eds basta con el dicho de que las mujeres necesitan los servicios de salud, sin denuncia, incluso deben dar aborto legal, el servicio gratuito legal a todas las mujeres\u201d.<\/p>\n<p style=\"text-align: justify;\">\n<p style=\"text-align: justify;\"><strong>Abortar: una decisi\u00f3n de mujeres<\/strong><\/p>\n<p style=\"text-align: justify;\">Para Ver\u00f3nica Cruz S\u00e1nchez se trata de acompa\u00f1ar a otras mujeres. \u201cA construir la autonom\u00eda de las mujeres en nuestras propias decisiones. La primer\u00edsima acci\u00f3n: decidir sobre nuestro propio cuerpo, cu\u00e1ndo s\u00ed y cu\u00e1ndo no, que no se nos imponga a las mujeres como mandato y mucho menos como mandato divino la maternidad\u201d.<\/p>\n<p style=\"text-align: justify;\">\u201cNos tenemos que encargar las mujeres y la poblaci\u00f3n de hacer esta exigibilidad al gobierno. Yo s\u00ed tengo esperanza de que en estos seis a\u00f1os lo vamos a lograr, al menos esas tres cosas\u201d, apunt\u00f3.<\/p>\n","protected":false},"excerpt":{"rendered":"<p>M\u00e9xico.- Desde el Centro Las Libres, encabezado por Ver\u00f3nica Cruz S\u00e1nchez, se ha ganado terreno en el tema del aborto, ya que la asociaci\u00f3n ha luchado durante dos d\u00e9cadas para liberar a mujeres encarceladas y ha impugnado demandas. \u201cLas mujeres cuando abortamos no somos criminales, somos seres pensantes que estamos tomando decisiones aut\u00f3nomas en cuanto [&hellip;]<\/p>\n","protected":false},"author":2,"featured_media":40886,"comment_status":"open","ping_status":"closed","sticky":false,"template":"","format":"standard","meta":{"footnotes":""},"categories":[30],"tags":[],"class_list":["post-40885","post","type-post","status-publish","format-standard","has-post-thumbnail","hentry","category-nacional"],"yoast_head":"<!-- This site is optimized with the Yoast SEO plugin v27.5 - https:\/\/yoast.com\/product\/yoast-seo-wordpress\/ -->\n<title>En el pa\u00eds 200 mujeres est\u00e1n en prisi\u00f3n por abortar - Canal 7 SLP - 2019<\/title>\n<meta name=\"robots\" content=\"index, follow, max-snippet:-1, max-image-preview:large, max-video-preview:-1\" \/>\n<link rel=\"canonical\" href=\"https:\/\/canal7slp.tv\/2019\/en-el-pais-200-mujeres-estan-en-prision-por-abortar\/\" \/>\n<meta property=\"og:locale\" content=\"es_ES\" \/>\n<meta property=\"og:type\" content=\"article\" \/>\n<meta property=\"og:title\" content=\"En el pa\u00eds 200 mujeres est\u00e1n en prisi\u00f3n por abortar - Canal 7 SLP - 2019\" \/>\n<meta property=\"og:description\" content=\"M\u00e9xico.- Desde el Centro Las Libres, encabezado por Ver\u00f3nica Cruz S\u00e1nchez, se ha ganado terreno en el tema del aborto, ya que la asociaci\u00f3n ha luchado durante dos d\u00e9cadas para liberar a mujeres encarceladas y ha impugnado demandas. \u201cLas mujeres cuando abortamos no somos criminales, somos seres pensantes que estamos tomando decisiones aut\u00f3nomas en cuanto [&hellip;]\" \/>\n<meta property=\"og:url\" content=\"https:\/\/canal7slp.tv\/2019\/en-el-pais-200-mujeres-estan-en-prision-por-abortar\/\" \/>\n<meta property=\"og:site_name\" content=\"Canal 7 SLP - 2019\" \/>\n<meta property=\"article:publisher\" content=\"https:\/\/www.facebook.com\/CANAL7SLP\/\" \/>\n<meta property=\"article:published_time\" content=\"2019-07-27T16:08:38+00:00\" \/>\n<meta property=\"og:image\" content=\"https:\/\/canal7slp.tv\/2019\/wp-content\/uploads\/2019\/07\/1300-6.jpg\" \/>\n\t<meta property=\"og:image:width\" content=\"683\" \/>\n\t<meta property=\"og:image:height\" content=\"410\" \/>\n\t<meta property=\"og:image:type\" content=\"image\/jpeg\" \/>\n<meta name=\"author\" content=\"edicionweb\" \/>\n<meta name=\"twitter:card\" content=\"summary_large_image\" \/>\n<meta name=\"twitter:creator\" content=\"@canal7_slp\" \/>\n<meta name=\"twitter:site\" content=\"@canal7_slp\" \/>\n<meta name=\"twitter:label1\" content=\"Escrito por\" \/>\n\t<meta name=\"twitter:data1\" content=\"edicionweb\" \/>\n\t<meta name=\"twitter:label2\" content=\"Tiempo de lectura\" \/>\n\t<meta name=\"twitter:data2\" content=\"5 minutos\" \/>\n<script type=\"application\/ld+json\" class=\"yoast-schema-graph\">{\"@context\":\"https:\\\/\\\/schema.org\",\"@graph\":[{\"@type\":\"Article\",\"@id\":\"https:\\\/\\\/canal7slp.tv\\\/2019\\\/en-el-pais-200-mujeres-estan-en-prision-por-abortar\\\/#article\",\"isPartOf\":{\"@id\":\"https:\\\/\\\/canal7slp.tv\\\/2019\\\/en-el-pais-200-mujeres-estan-en-prision-por-abortar\\\/\"},\"author\":{\"name\":\"edicionweb\",\"@id\":\"https:\\\/\\\/canal7slp.tv\\\/2019\\\/#\\\/schema\\\/person\\\/11d941c1c6ca30ac0a46b95fa37aa2e3\"},\"headline\":\"En el pa\u00eds 200 mujeres est\u00e1n en prisi\u00f3n por abortar\",\"datePublished\":\"2019-07-27T16:08:38+00:00\",\"mainEntityOfPage\":{\"@id\":\"https:\\\/\\\/canal7slp.tv\\\/2019\\\/en-el-pais-200-mujeres-estan-en-prision-por-abortar\\\/\"},\"wordCount\":963,\"commentCount\":0,\"publisher\":{\"@id\":\"https:\\\/\\\/canal7slp.tv\\\/2019\\\/#organization\"},\"image\":{\"@id\":\"https:\\\/\\\/canal7slp.tv\\\/2019\\\/en-el-pais-200-mujeres-estan-en-prision-por-abortar\\\/#primaryimage\"},\"thumbnailUrl\":\"https:\\\/\\\/canal7slp.tv\\\/2019\\\/wp-content\\\/uploads\\\/2019\\\/07\\\/1300-6.jpg\",\"articleSection\":[\"NACIONAL\"],\"inLanguage\":\"es\",\"potentialAction\":[{\"@type\":\"CommentAction\",\"name\":\"Comment\",\"target\":[\"https:\\\/\\\/canal7slp.tv\\\/2019\\\/en-el-pais-200-mujeres-estan-en-prision-por-abortar\\\/#respond\"]}]},{\"@type\":\"WebPage\",\"@id\":\"https:\\\/\\\/canal7slp.tv\\\/2019\\\/en-el-pais-200-mujeres-estan-en-prision-por-abortar\\\/\",\"url\":\"https:\\\/\\\/canal7slp.tv\\\/2019\\\/en-el-pais-200-mujeres-estan-en-prision-por-abortar\\\/\",\"name\":\"En el pa\u00eds 200 mujeres est\u00e1n en prisi\u00f3n por abortar - Canal 7 SLP - 2019\",\"isPartOf\":{\"@id\":\"https:\\\/\\\/canal7slp.tv\\\/2019\\\/#website\"},\"primaryImageOfPage\":{\"@id\":\"https:\\\/\\\/canal7slp.tv\\\/2019\\\/en-el-pais-200-mujeres-estan-en-prision-por-abortar\\\/#primaryimage\"},\"image\":{\"@id\":\"https:\\\/\\\/canal7slp.tv\\\/2019\\\/en-el-pais-200-mujeres-estan-en-prision-por-abortar\\\/#primaryimage\"},\"thumbnailUrl\":\"https:\\\/\\\/canal7slp.tv\\\/2019\\\/wp-content\\\/uploads\\\/2019\\\/07\\\/1300-6.jpg\",\"datePublished\":\"2019-07-27T16:08:38+00:00\",\"breadcrumb\":{\"@id\":\"https:\\\/\\\/canal7slp.tv\\\/2019\\\/en-el-pais-200-mujeres-estan-en-prision-por-abortar\\\/#breadcrumb\"},\"inLanguage\":\"es\",\"potentialAction\":[{\"@type\":\"ReadAction\",\"target\":[\"https:\\\/\\\/canal7slp.tv\\\/2019\\\/en-el-pais-200-mujeres-estan-en-prision-por-abortar\\\/\"]}]},{\"@type\":\"ImageObject\",\"inLanguage\":\"es\",\"@id\":\"https:\\\/\\\/canal7slp.tv\\\/2019\\\/en-el-pais-200-mujeres-estan-en-prision-por-abortar\\\/#primaryimage\",\"url\":\"https:\\\/\\\/canal7slp.tv\\\/2019\\\/wp-content\\\/uploads\\\/2019\\\/07\\\/1300-6.jpg\",\"contentUrl\":\"https:\\\/\\\/canal7slp.tv\\\/2019\\\/wp-content\\\/uploads\\\/2019\\\/07\\\/1300-6.jpg\",\"width\":683,\"height\":410},{\"@type\":\"BreadcrumbList\",\"@id\":\"https:\\\/\\\/canal7slp.tv\\\/2019\\\/en-el-pais-200-mujeres-estan-en-prision-por-abortar\\\/#breadcrumb\",\"itemListElement\":[{\"@type\":\"ListItem\",\"position\":1,\"name\":\"Home\",\"item\":\"https:\\\/\\\/canal7slp.tv\\\/2019\\\/\"},{\"@type\":\"ListItem\",\"position\":2,\"name\":\"En el pa\u00eds 200 mujeres est\u00e1n en prisi\u00f3n por abortar\"}]},{\"@type\":\"WebSite\",\"@id\":\"https:\\\/\\\/canal7slp.tv\\\/2019\\\/#website\",\"url\":\"https:\\\/\\\/canal7slp.tv\\\/2019\\\/\",\"name\":\"Canal 7 SLP - Somos TV\",\"description\":\"Somos un Canal de 10\",\"publisher\":{\"@id\":\"https:\\\/\\\/canal7slp.tv\\\/2019\\\/#organization\"},\"potentialAction\":[{\"@type\":\"SearchAction\",\"target\":{\"@type\":\"EntryPoint\",\"urlTemplate\":\"https:\\\/\\\/canal7slp.tv\\\/2019\\\/?s={search_term_string}\"},\"query-input\":{\"@type\":\"PropertyValueSpecification\",\"valueRequired\":true,\"valueName\":\"search_term_string\"}}],\"inLanguage\":\"es\"},{\"@type\":\"Organization\",\"@id\":\"https:\\\/\\\/canal7slp.tv\\\/2019\\\/#organization\",\"name\":\"Comunicaci\u00f3n 2000 S.A. de C.V.\",\"url\":\"https:\\\/\\\/canal7slp.tv\\\/2019\\\/\",\"logo\":{\"@type\":\"ImageObject\",\"inLanguage\":\"es\",\"@id\":\"https:\\\/\\\/canal7slp.tv\\\/2019\\\/#\\\/schema\\\/logo\\\/image\\\/\",\"url\":\"https:\\\/\\\/canal7slp.tv\\\/2019\\\/wp-content\\\/uploads\\\/2019\\\/07\\\/logo-c7.png\",\"contentUrl\":\"https:\\\/\\\/canal7slp.tv\\\/2019\\\/wp-content\\\/uploads\\\/2019\\\/07\\\/logo-c7.png\",\"width\":220,\"height\":60,\"caption\":\"Comunicaci\u00f3n 2000 S.A. de C.V.\"},\"image\":{\"@id\":\"https:\\\/\\\/canal7slp.tv\\\/2019\\\/#\\\/schema\\\/logo\\\/image\\\/\"},\"sameAs\":[\"https:\\\/\\\/www.facebook.com\\\/CANAL7SLP\\\/\",\"https:\\\/\\\/x.com\\\/canal7_slp\",\"https:\\\/\\\/www.instagram.com\\\/canal7_slp\",\"https:\\\/\\\/www.youtube.com\\\/user\\\/NOTICIEROSCANAL7SLP\\\/\"]},{\"@type\":\"Person\",\"@id\":\"https:\\\/\\\/canal7slp.tv\\\/2019\\\/#\\\/schema\\\/person\\\/11d941c1c6ca30ac0a46b95fa37aa2e3\",\"name\":\"edicionweb\",\"image\":{\"@type\":\"ImageObject\",\"inLanguage\":\"es\",\"@id\":\"https:\\\/\\\/secure.gravatar.com\\\/avatar\\\/eee448fc3f7164808013b816ba91ac7e43bbe82a70bebac296f8bc6f0addaa1a?s=96&d=mm&r=g\",\"url\":\"https:\\\/\\\/secure.gravatar.com\\\/avatar\\\/eee448fc3f7164808013b816ba91ac7e43bbe82a70bebac296f8bc6f0addaa1a?s=96&d=mm&r=g\",\"contentUrl\":\"https:\\\/\\\/secure.gravatar.com\\\/avatar\\\/eee448fc3f7164808013b816ba91ac7e43bbe82a70bebac296f8bc6f0addaa1a?s=96&d=mm&r=g\",\"caption\":\"edicionweb\"}}]}<\/script>\n<!-- \/ Yoast SEO plugin. -->","yoast_head_json":{"title":"En el pa\u00eds 200 mujeres est\u00e1n en prisi\u00f3n por abortar - Canal 7 SLP - 2019","robots":{"index":"index","follow":"follow","max-snippet":"max-snippet:-1","max-image-preview":"max-image-preview:large","max-video-preview":"max-video-preview:-1"},"canonical":"https:\/\/canal7slp.tv\/2019\/en-el-pais-200-mujeres-estan-en-prision-por-abortar\/","og_locale":"es_ES","og_type":"article","og_title":"En el pa\u00eds 200 mujeres est\u00e1n en prisi\u00f3n por abortar - Canal 7 SLP - 2019","og_description":"M\u00e9xico.- Desde el Centro Las Libres, encabezado por Ver\u00f3nica Cruz S\u00e1nchez, se ha ganado terreno en el tema del aborto, ya que la asociaci\u00f3n ha luchado durante dos d\u00e9cadas para liberar a mujeres encarceladas y ha impugnado demandas. \u201cLas mujeres cuando abortamos no somos criminales, somos seres pensantes que estamos tomando decisiones aut\u00f3nomas en cuanto [&hellip;]","og_url":"https:\/\/canal7slp.tv\/2019\/en-el-pais-200-mujeres-estan-en-prision-por-abortar\/","og_site_name":"Canal 7 SLP - 2019","article_publisher":"https:\/\/www.facebook.com\/CANAL7SLP\/","article_published_time":"2019-07-27T16:08:38+00:00","og_image":[{"width":683,"height":410,"url":"https:\/\/canal7slp.tv\/2019\/wp-content\/uploads\/2019\/07\/1300-6.jpg","type":"image\/jpeg"}],"author":"edicionweb","twitter_card":"summary_large_image","twitter_creator":"@canal7_slp","twitter_site":"@canal7_slp","twitter_misc":{"Escrito por":"edicionweb","Tiempo de lectura":"5 minutos"},"schema":{"@context":"https:\/\/schema.org","@graph":[{"@type":"Article","@id":"https:\/\/canal7slp.tv\/2019\/en-el-pais-200-mujeres-estan-en-prision-por-abortar\/#article","isPartOf":{"@id":"https:\/\/canal7slp.tv\/2019\/en-el-pais-200-mujeres-estan-en-prision-por-abortar\/"},"author":{"name":"edicionweb","@id":"https:\/\/canal7slp.tv\/2019\/#\/schema\/person\/11d941c1c6ca30ac0a46b95fa37aa2e3"},"headline":"En el pa\u00eds 200 mujeres est\u00e1n en prisi\u00f3n por abortar","datePublished":"2019-07-27T16:08:38+00:00","mainEntityOfPage":{"@id":"https:\/\/canal7slp.tv\/2019\/en-el-pais-200-mujeres-estan-en-prision-por-abortar\/"},"wordCount":963,"commentCount":0,"publisher":{"@id":"https:\/\/canal7slp.tv\/2019\/#organization"},"image":{"@id":"https:\/\/canal7slp.tv\/2019\/en-el-pais-200-mujeres-estan-en-prision-por-abortar\/#primaryimage"},"thumbnailUrl":"https:\/\/canal7slp.tv\/2019\/wp-content\/uploads\/2019\/07\/1300-6.jpg","articleSection":["NACIONAL"],"inLanguage":"es","potentialAction":[{"@type":"CommentAction","name":"Comment","target":["https:\/\/canal7slp.tv\/2019\/en-el-pais-200-mujeres-estan-en-prision-por-abortar\/#respond"]}]},{"@type":"WebPage","@id":"https:\/\/canal7slp.tv\/2019\/en-el-pais-200-mujeres-estan-en-prision-por-abortar\/","url":"https:\/\/canal7slp.tv\/2019\/en-el-pais-200-mujeres-estan-en-prision-por-abortar\/","name":"En el pa\u00eds 200 mujeres est\u00e1n en prisi\u00f3n por abortar - Canal 7 SLP - 2019","isPartOf":{"@id":"https:\/\/canal7slp.tv\/2019\/#website"},"primaryImageOfPage":{"@id":"https:\/\/canal7slp.tv\/2019\/en-el-pais-200-mujeres-estan-en-prision-por-abortar\/#primaryimage"},"image":{"@id":"https:\/\/canal7slp.tv\/2019\/en-el-pais-200-mujeres-estan-en-prision-por-abortar\/#primaryimage"},"thumbnailUrl":"https:\/\/canal7slp.tv\/2019\/wp-content\/uploads\/2019\/07\/1300-6.jpg","datePublished":"2019-07-27T16:08:38+00:00","breadcrumb":{"@id":"https:\/\/canal7slp.tv\/2019\/en-el-pais-200-mujeres-estan-en-prision-por-abortar\/#breadcrumb"},"inLanguage":"es","potentialAction":[{"@type":"ReadAction","target":["https:\/\/canal7slp.tv\/2019\/en-el-pais-200-mujeres-estan-en-prision-por-abortar\/"]}]},{"@type":"ImageObject","inLanguage":"es","@id":"https:\/\/canal7slp.tv\/2019\/en-el-pais-200-mujeres-estan-en-prision-por-abortar\/#primaryimage","url":"https:\/\/canal7slp.tv\/2019\/wp-content\/uploads\/2019\/07\/1300-6.jpg","contentUrl":"https:\/\/canal7slp.tv\/2019\/wp-content\/uploads\/2019\/07\/1300-6.jpg","width":683,"height":410},{"@type":"BreadcrumbList","@id":"https:\/\/canal7slp.tv\/2019\/en-el-pais-200-mujeres-estan-en-prision-por-abortar\/#breadcrumb","itemListElement":[{"@type":"ListItem","position":1,"name":"Home","item":"https:\/\/canal7slp.tv\/2019\/"},{"@type":"ListItem","position":2,"name":"En el pa\u00eds 200 mujeres est\u00e1n en prisi\u00f3n por abortar"}]},{"@type":"WebSite","@id":"https:\/\/canal7slp.tv\/2019\/#website","url":"https:\/\/canal7slp.tv\/2019\/","name":"Canal 7 SLP - Somos TV","description":"Somos un Canal de 10","publisher":{"@id":"https:\/\/canal7slp.tv\/2019\/#organization"},"potentialAction":[{"@type":"SearchAction","target":{"@type":"EntryPoint","urlTemplate":"https:\/\/canal7slp.tv\/2019\/?s={search_term_string}"},"query-input":{"@type":"PropertyValueSpecification","valueRequired":true,"valueName":"search_term_string"}}],"inLanguage":"es"},{"@type":"Organization","@id":"https:\/\/canal7slp.tv\/2019\/#organization","name":"Comunicaci\u00f3n 2000 S.A. de C.V.","url":"https:\/\/canal7slp.tv\/2019\/","logo":{"@type":"ImageObject","inLanguage":"es","@id":"https:\/\/canal7slp.tv\/2019\/#\/schema\/logo\/image\/","url":"https:\/\/canal7slp.tv\/2019\/wp-content\/uploads\/2019\/07\/logo-c7.png","contentUrl":"https:\/\/canal7slp.tv\/2019\/wp-content\/uploads\/2019\/07\/logo-c7.png","width":220,"height":60,"caption":"Comunicaci\u00f3n 2000 S.A. de C.V."},"image":{"@id":"https:\/\/canal7slp.tv\/2019\/#\/schema\/logo\/image\/"},"sameAs":["https:\/\/www.facebook.com\/CANAL7SLP\/","https:\/\/x.com\/canal7_slp","https:\/\/www.instagram.com\/canal7_slp","https:\/\/www.youtube.com\/user\/NOTICIEROSCANAL7SLP\/"]},{"@type":"Person","@id":"https:\/\/canal7slp.tv\/2019\/#\/schema\/person\/11d941c1c6ca30ac0a46b95fa37aa2e3","name":"edicionweb","image":{"@type":"ImageObject","inLanguage":"es","@id":"https:\/\/secure.gravatar.com\/avatar\/eee448fc3f7164808013b816ba91ac7e43bbe82a70bebac296f8bc6f0addaa1a?s=96&d=mm&r=g","url":"https:\/\/secure.gravatar.com\/avatar\/eee448fc3f7164808013b816ba91ac7e43bbe82a70bebac296f8bc6f0addaa1a?s=96&d=mm&r=g","contentUrl":"https:\/\/secure.gravatar.com\/avatar\/eee448fc3f7164808013b816ba91ac7e43bbe82a70bebac296f8bc6f0addaa1a?s=96&d=mm&r=g","caption":"edicionweb"}}]}},"amp_enabled":true,"cmb2":{"video_ids_in_playlist":{"vid_p_videos":""},"video_ids_in_channel":{"vid_c_videos":""},"playlist_ids_in_channel":{"vid_c_playlists":""},"series_ids_in_channel":{"vid_c_series":""},"channel_images":{"vid_c_logo":"","vid_c_banner":""},"poster_feature_image":{"vid_m_poster_image":""},"gif_feature_image":{"vid_m_gif_image":""},"video_movie_settings":{"vid_m_director":"","vid_m_actor":"","vid_m_imdb_ratings":"","vid_m_amazon_associates":""},"vid_youtube_broadcasts_settings":{"vid_yb_broadcast_title":"","vid_yb_q":"","vid_yb_channelid":"","vid_yb_videocategoryid":"","vid_yb_maxresults":"","vid_yb_order":"","vid_yb_regioncode":"","vid_yb_videosyndicated":"","vid_yb_style":"","vid_yb_reload_first":""},"video_series_settings":{"vid_m_director":"","vid_m_actor":"","vid_m_imdb_ratings":"","video_series_group":""},"amazon_associates_settings":{"amazon_associates":"","amazon_native_ad":""},"vid_youtube_automatic_settings":{"vid_ya_youtube_source":"","vid_ya_update_every":"","vid_ya_update_unit":"","vid_ya_categories":"","vid_ya_published_after":"","vid_ya_published_before":"","vid_ya_playlists":"","vid_ya_channels":"","vid_ya_director":"","vid_ya_actor":"","vid_ya_author":"","vid_ya_import_post_date":"","vid_ya_status":"","vid_ya_sub_api_key":""},"vid_ads_m_videoads_settings_post":{"vid_ads_m_video_ads":"","vid_ads_m_video_ads_type":"","vid_ads_m_group_google_ima":"","vid_ads_m_group_image":"","vid_ads_m_group_html5_video":"","vid_ads_m_group_html":"","vid_ads_m_vast_preroll":"","vid_ads_m_vast_postroll":"","vid_ads_m_vast_pauseroll":"","vid_ads_m_vast_midroll":[{"vid_ads_m_vast_timer_seconds":"50"}],"vid_ads_m_time_to_show_ads":"","vid_ads_m_time_skip_ads":"","vid_ads_m_time_to_hide_ads":""},"page_slider_settings":{"display_slider_group":"","page_slider_group":""},"blog_page_settings":{"blog_page_title":"","blog_page_heading":"","blog_page_ic":"","blog_page_it":"","blog_page_ec":"","blog_page_ip":"","archive_loop_style":"","blog_image_ratio":"","blog_show_categories":"","blog_show_excerpt":"","blog_show_author":"","blog_show_date":"","blog_show_comment_count":"","blog_show_view_count":"","blog_show_like_count":"","blog_show_dislike_count":"","blog_items_per_page":"","blog_pag_type":""},"page_options":{"get_page_template":"","color_mode":"","main_layout":"","main_layout_full_with":"","main_logo":"","main_logo_retina":"","main_logo_mobile":"","main_logo_mobile_retina":"","sticky_logo":"","sticky_logo_retina":"","main_nav_layout":"","ajax_search":"","header_background":"","theme_sidebar":"","instagram_feed":"","instagram_feed_position":"","popular_videos":"","popular_videos_title_1":"","popular_videos_title_2":"","popular_videos_ic":"","popular_videos_it":"","theme_background":"","page_custom_css":""},"feature_image_settings":{"feature_image_position":""},"video_player_settings":{"single_video_style":"","video_player_position":"","vm_video_url":"","video_player_library":"","video_streaming":"","vm_media_sources":"","vid_auto_play":"","vm_video_shortcode":"","vid_p_sync_playlist":"","vid_c_sync_channel":"","get_post_format":"","multiple_links_structure":"default","multi_links_title":"","vm_video_multi_links":"","vm_duration":"","vid_social_locker":"off","vid_social_locker_id":"","vid_membership_action":"content-video","vm_video_trailer_url":"","vid_download_type":"free","vid_download_target":"download","vid_woo_product":"","vm_media_download":"","user_rating":"","user_rating_position":"","user_rating_mode":"","user_rating_multi_sets":""},"video_auto_fetch_settings":{"vm_video_fetch":"on"},"video_fake_views_likes":{"vm_fake_views":"","vm_fake_likes":"","vm_fake_dislikes":""},"gallery_settings":{"gallery_position":""},"quote_settings":{"quote_position":""},"post_options":{"main_layout":"","main_logo":"","main_logo_retina":"","main_logo_mobile":"","main_logo_mobile_retina":"","sticky_logo":"","sticky_logo_retina":"","main_nav_layout":"","header_background":"","theme_sidebar":"","single_post_comment_type":"","theme_background":""}},"_links":{"self":[{"href":"https:\/\/canal7slp.tv\/2019\/wp-json\/wp\/v2\/posts\/40885","targetHints":{"allow":["GET"]}}],"collection":[{"href":"https:\/\/canal7slp.tv\/2019\/wp-json\/wp\/v2\/posts"}],"about":[{"href":"https:\/\/canal7slp.tv\/2019\/wp-json\/wp\/v2\/types\/post"}],"author":[{"embeddable":true,"href":"https:\/\/canal7slp.tv\/2019\/wp-json\/wp\/v2\/users\/2"}],"replies":[{"embeddable":true,"href":"https:\/\/canal7slp.tv\/2019\/wp-json\/wp\/v2\/comments?post=40885"}],"version-history":[{"count":0,"href":"https:\/\/canal7slp.tv\/2019\/wp-json\/wp\/v2\/posts\/40885\/revisions"}],"wp:featuredmedia":[{"embeddable":true,"href":"https:\/\/canal7slp.tv\/2019\/wp-json\/wp\/v2\/media\/40886"}],"wp:attachment":[{"href":"https:\/\/canal7slp.tv\/2019\/wp-json\/wp\/v2\/media?parent=40885"}],"wp:term":[{"taxonomy":"category","embeddable":true,"href":"https:\/\/canal7slp.tv\/2019\/wp-json\/wp\/v2\/categories?post=40885"},{"taxonomy":"post_tag","embeddable":true,"href":"https:\/\/canal7slp.tv\/2019\/wp-json\/wp\/v2\/tags?post=40885"}],"curies":[{"name":"wp","href":"https:\/\/api.w.org\/{rel}","templated":true}]}}