{"id":40506,"date":"2019-07-26T19:37:44","date_gmt":"2019-07-27T00:37:44","guid":{"rendered":"https:\/\/canal7slp.tv\/2019\/?p=40506"},"modified":"2019-07-26T19:37:44","modified_gmt":"2019-07-27T00:37:44","slug":"domingo-de-cultura-viva-en-san-luis-potosi","status":"publish","type":"post","link":"https:\/\/canal7slp.tv\/2019\/domingo-de-cultura-viva-en-san-luis-potosi\/","title":{"rendered":"Domingo de Cultura Viva en San Luis Potos\u00ed"},"content":{"rendered":"<p style=\"text-align: justify;\">SLP.- La Secretar\u00eda de Cultura de Gobierno del Estado da a conocer la agenda de actividades que se llevar\u00e1n a cabo el pr\u00f3ximo domingo 28 de julio, entre las que destacan la danza con motivo del Festival Internacional \u201cLila L\u00f3pez\u201d en su XXXIX edici\u00f3n, cine, conciertos, teatro, ciencia y m\u00e1s, dirigidas a todo tipo de p\u00fablico y la mayor\u00eda de ellas de acceso gratuito.<\/p>\n<p style=\"text-align: justify;\">\nComo parte del Festival Internacional de Danza Contempor\u00e1nea \u201cLila L\u00f3pez\u201d se presentar\u00e1 \u201cFlores Teatro Danza\u201d en el Teatro Polivalente del Centro de las Artes de San Luis Potos\u00ed Centenario a las 17:00 h; \u201cSer-O Cero\u201d estar\u00e1 en el Centro de Difusi\u00f3n Cultural Ra\u00fal Gamboa del Instituto Potosino de Bellas Artes, a las 18:00 h y \u201cNemian Danza Esc\u00e9nica\u201d, en el Teatro de la Paz, a las 20:00 h, entrada libre.<\/p>\n<p style=\"text-align: justify;\">Como una extensi\u00f3n de este festival, se presentar\u00e1 \u201cQuinto Nirvana Arte Esc\u00e9nico\u201d en el Teatro Villa de San Elena en Ciudad Fern\u00e1ndez, a las 18:00 h, entrada libre.<\/p>\n<p style=\"text-align: justify;\">Cine Club \/ Matin\u00e9 del Museo del Ferrocarril Jes\u00fas Garc\u00eda Corona, proyecta la cinta \u201cLa Cruz de hierro\u201d a las 12:00 h, con boleto de acceso al museo.<\/p>\n<p style=\"text-align: justify;\">Cine Club del Museo Federico Silva Escultura Contempor\u00e1nea, proyectar\u00e1 la pel\u00edcula \u201cTomorrowland\u201d a las 12:00 h, entrada libre.<\/p>\n<p style=\"text-align: justify;\">La pel\u00edcula \u201cEncuentros cercanos del tercer tipo\u201d se proyectar\u00e1 en el Museo Francisco Coss\u00edo a las 12:00 h, entrada libre.<\/p>\n<p style=\"text-align: justify;\">En la Cineteca Alameda contin\u00faa el Ciclo La m\u00fasica libera, que proyectar\u00e1 este d\u00eda la pel\u00edcula \u201cEl concierto\u201d, dirigida por Radu Mihaileanu (2009) Francia, a las 16:00, 18:10 y 20:20 h, $40 general y $25 estudiantes.<\/p>\n<p style=\"text-align: justify;\">En el Museo Laberinto de las Ciencias y las Artes contin\u00faa la exposici\u00f3n temporal \u201cSuperh\u00e9roes de la naturaleza\u201d de 11:00 a 18:00 h, preguntar por promociones, por ser Domingo de abuelas, abuelos, nietas y nietos en el Laberinto la entrada para ellas y ellos es gratis, p\u00fablico en general $40.<\/p>\n<p style=\"text-align: justify;\">Teatro a una sola voz, presenta \u201cGloria o de c\u00f3mo una trailera se rob\u00f3 mi coraz\u00f3n de ni\u00f1o\u201d por la Compa\u00f1\u00eda de Teatro del Tolok, a las 17:00 h, en la Black Box del Centro de las Artes San Luis Potos\u00ed Centenario, $100 general + mercadillo CEART $65 estudiantes, INAPAM.<\/p>\n<p style=\"text-align: justify;\">27 Edici\u00f3n del Mercadillo CEART, arte, dise\u00f1o, foodtrucks, artesan\u00edas, m\u00fasica, antig\u00fcedades, productos alimenticios, funci\u00f3n de teatro, de 12:00 a 17:00 h, en el Centro de las Artes San Luis Potos\u00ed Centenario, $35 entrada general.<\/p>\n<p style=\"text-align: justify;\">Recorridos por el Vag\u00f3n de la Ciencia, un vag\u00f3n equipado con realidad virtual para conocer los trenes del mundo, de 11:00 a 15:00 h, en el Museo del Ferrocarril, entrada con boleto de acceso al museo.<\/p>\n<p style=\"text-align: justify;\">Presentaci\u00f3n de los Domingos Folcl\u00f3ricos Mexicanos, a las 17:00 h, en el Museo del Ferrocarril Jes\u00fas Garc\u00eda Corona, entrada libre.<\/p>\n<p style=\"text-align: justify;\">Concierto de la Orquesta de las Am\u00e9ricas, Director invitado Paolo Bartolameolli, a las 18:30 h, en el Teatro Fernando Dom\u00ednguez del Centro Cultural de la Huasteca Potosina, Ciudad Valles, entrada libre.<\/p>\n<p style=\"text-align: justify;\">Para conocer las actividades culturales que se presentan en los distintos espacios con los que cuenta la Secretar\u00eda de Cultura en San Luis Potos\u00ed, se invita al p\u00fablico a seguir las redes sociales institucionales y\/o a descargar la App \u201cSLP Cultura\u201d disponible para dispositivos m\u00f3viles Android como iOS.<\/p>\n","protected":false},"excerpt":{"rendered":"<p>SLP.- La Secretar\u00eda de Cultura de Gobierno del Estado da a conocer la agenda de actividades que se llevar\u00e1n a cabo el pr\u00f3ximo domingo 28 de julio, entre las que destacan la danza con motivo del Festival Internacional \u201cLila L\u00f3pez\u201d en su XXXIX edici\u00f3n, cine, conciertos, teatro, ciencia y m\u00e1s, dirigidas a todo tipo de [&hellip;]<\/p>\n","protected":false},"author":2,"featured_media":40532,"comment_status":"open","ping_status":"closed","sticky":false,"template":"","format":"standard","meta":{"footnotes":""},"categories":[17],"tags":[111],"class_list":["post-40506","post","type-post","status-publish","format-standard","has-post-thumbnail","hentry","category-localesyregionales","tag-gobierno-slp"],"yoast_head":"<!-- This site is optimized with the Yoast SEO plugin v27.4 - https:\/\/yoast.com\/product\/yoast-seo-wordpress\/ -->\n<title>Domingo de Cultura Viva en San Luis Potos\u00ed - Canal 7 SLP - 2019<\/title>\n<meta name=\"robots\" content=\"index, follow, max-snippet:-1, max-image-preview:large, max-video-preview:-1\" \/>\n<link rel=\"canonical\" href=\"https:\/\/canal7slp.tv\/2019\/domingo-de-cultura-viva-en-san-luis-potosi\/\" \/>\n<meta property=\"og:locale\" content=\"es_ES\" \/>\n<meta property=\"og:type\" content=\"article\" \/>\n<meta property=\"og:title\" content=\"Domingo de Cultura Viva en San Luis Potos\u00ed - Canal 7 SLP - 2019\" \/>\n<meta property=\"og:description\" content=\"SLP.- La Secretar\u00eda de Cultura de Gobierno del Estado da a conocer la agenda de actividades que se llevar\u00e1n a cabo el pr\u00f3ximo domingo 28 de julio, entre las que destacan la danza con motivo del Festival Internacional \u201cLila L\u00f3pez\u201d en su XXXIX edici\u00f3n, cine, conciertos, teatro, ciencia y m\u00e1s, dirigidas a todo tipo de [&hellip;]\" \/>\n<meta property=\"og:url\" content=\"https:\/\/canal7slp.tv\/2019\/domingo-de-cultura-viva-en-san-luis-potosi\/\" \/>\n<meta property=\"og:site_name\" content=\"Canal 7 SLP - 2019\" \/>\n<meta property=\"article:publisher\" content=\"https:\/\/www.facebook.com\/CANAL7SLP\/\" \/>\n<meta property=\"article:published_time\" content=\"2019-07-27T00:37:44+00:00\" \/>\n<meta property=\"og:image\" content=\"https:\/\/canal7slp.tv\/2019\/wp-content\/uploads\/2019\/07\/g5-2.jpg\" \/>\n\t<meta property=\"og:image:width\" content=\"615\" \/>\n\t<meta property=\"og:image:height\" content=\"410\" \/>\n\t<meta property=\"og:image:type\" content=\"image\/jpeg\" \/>\n<meta name=\"author\" content=\"edicionweb\" \/>\n<meta name=\"twitter:card\" content=\"summary_large_image\" \/>\n<meta name=\"twitter:creator\" content=\"@canal7_slp\" \/>\n<meta name=\"twitter:site\" content=\"@canal7_slp\" \/>\n<meta name=\"twitter:label1\" content=\"Escrito por\" \/>\n\t<meta name=\"twitter:data1\" content=\"edicionweb\" \/>\n\t<meta name=\"twitter:label2\" content=\"Tiempo de lectura\" \/>\n\t<meta name=\"twitter:data2\" content=\"3 minutos\" \/>\n<script type=\"application\/ld+json\" class=\"yoast-schema-graph\">{\"@context\":\"https:\\\/\\\/schema.org\",\"@graph\":[{\"@type\":\"Article\",\"@id\":\"https:\\\/\\\/canal7slp.tv\\\/2019\\\/domingo-de-cultura-viva-en-san-luis-potosi\\\/#article\",\"isPartOf\":{\"@id\":\"https:\\\/\\\/canal7slp.tv\\\/2019\\\/domingo-de-cultura-viva-en-san-luis-potosi\\\/\"},\"author\":{\"name\":\"edicionweb\",\"@id\":\"https:\\\/\\\/canal7slp.tv\\\/2019\\\/#\\\/schema\\\/person\\\/11d941c1c6ca30ac0a46b95fa37aa2e3\"},\"headline\":\"Domingo de Cultura Viva en San Luis Potos\u00ed\",\"datePublished\":\"2019-07-27T00:37:44+00:00\",\"mainEntityOfPage\":{\"@id\":\"https:\\\/\\\/canal7slp.tv\\\/2019\\\/domingo-de-cultura-viva-en-san-luis-potosi\\\/\"},\"wordCount\":564,\"commentCount\":0,\"publisher\":{\"@id\":\"https:\\\/\\\/canal7slp.tv\\\/2019\\\/#organization\"},\"image\":{\"@id\":\"https:\\\/\\\/canal7slp.tv\\\/2019\\\/domingo-de-cultura-viva-en-san-luis-potosi\\\/#primaryimage\"},\"thumbnailUrl\":\"https:\\\/\\\/canal7slp.tv\\\/2019\\\/wp-content\\\/uploads\\\/2019\\\/07\\\/g5-2.jpg\",\"keywords\":[\"Gobierno SLP\"],\"articleSection\":[\"LOCALES Y REGIONALES\"],\"inLanguage\":\"es\",\"potentialAction\":[{\"@type\":\"CommentAction\",\"name\":\"Comment\",\"target\":[\"https:\\\/\\\/canal7slp.tv\\\/2019\\\/domingo-de-cultura-viva-en-san-luis-potosi\\\/#respond\"]}]},{\"@type\":\"WebPage\",\"@id\":\"https:\\\/\\\/canal7slp.tv\\\/2019\\\/domingo-de-cultura-viva-en-san-luis-potosi\\\/\",\"url\":\"https:\\\/\\\/canal7slp.tv\\\/2019\\\/domingo-de-cultura-viva-en-san-luis-potosi\\\/\",\"name\":\"Domingo de Cultura Viva en San Luis Potos\u00ed - Canal 7 SLP - 2019\",\"isPartOf\":{\"@id\":\"https:\\\/\\\/canal7slp.tv\\\/2019\\\/#website\"},\"primaryImageOfPage\":{\"@id\":\"https:\\\/\\\/canal7slp.tv\\\/2019\\\/domingo-de-cultura-viva-en-san-luis-potosi\\\/#primaryimage\"},\"image\":{\"@id\":\"https:\\\/\\\/canal7slp.tv\\\/2019\\\/domingo-de-cultura-viva-en-san-luis-potosi\\\/#primaryimage\"},\"thumbnailUrl\":\"https:\\\/\\\/canal7slp.tv\\\/2019\\\/wp-content\\\/uploads\\\/2019\\\/07\\\/g5-2.jpg\",\"datePublished\":\"2019-07-27T00:37:44+00:00\",\"breadcrumb\":{\"@id\":\"https:\\\/\\\/canal7slp.tv\\\/2019\\\/domingo-de-cultura-viva-en-san-luis-potosi\\\/#breadcrumb\"},\"inLanguage\":\"es\",\"potentialAction\":[{\"@type\":\"ReadAction\",\"target\":[\"https:\\\/\\\/canal7slp.tv\\\/2019\\\/domingo-de-cultura-viva-en-san-luis-potosi\\\/\"]}]},{\"@type\":\"ImageObject\",\"inLanguage\":\"es\",\"@id\":\"https:\\\/\\\/canal7slp.tv\\\/2019\\\/domingo-de-cultura-viva-en-san-luis-potosi\\\/#primaryimage\",\"url\":\"https:\\\/\\\/canal7slp.tv\\\/2019\\\/wp-content\\\/uploads\\\/2019\\\/07\\\/g5-2.jpg\",\"contentUrl\":\"https:\\\/\\\/canal7slp.tv\\\/2019\\\/wp-content\\\/uploads\\\/2019\\\/07\\\/g5-2.jpg\",\"width\":615,\"height\":410},{\"@type\":\"BreadcrumbList\",\"@id\":\"https:\\\/\\\/canal7slp.tv\\\/2019\\\/domingo-de-cultura-viva-en-san-luis-potosi\\\/#breadcrumb\",\"itemListElement\":[{\"@type\":\"ListItem\",\"position\":1,\"name\":\"Home\",\"item\":\"https:\\\/\\\/canal7slp.tv\\\/2019\\\/\"},{\"@type\":\"ListItem\",\"position\":2,\"name\":\"Domingo de Cultura Viva en San Luis Potos\u00ed\"}]},{\"@type\":\"WebSite\",\"@id\":\"https:\\\/\\\/canal7slp.tv\\\/2019\\\/#website\",\"url\":\"https:\\\/\\\/canal7slp.tv\\\/2019\\\/\",\"name\":\"Canal 7 SLP - Somos TV\",\"description\":\"Somos un Canal de 10\",\"publisher\":{\"@id\":\"https:\\\/\\\/canal7slp.tv\\\/2019\\\/#organization\"},\"potentialAction\":[{\"@type\":\"SearchAction\",\"target\":{\"@type\":\"EntryPoint\",\"urlTemplate\":\"https:\\\/\\\/canal7slp.tv\\\/2019\\\/?s={search_term_string}\"},\"query-input\":{\"@type\":\"PropertyValueSpecification\",\"valueRequired\":true,\"valueName\":\"search_term_string\"}}],\"inLanguage\":\"es\"},{\"@type\":\"Organization\",\"@id\":\"https:\\\/\\\/canal7slp.tv\\\/2019\\\/#organization\",\"name\":\"Comunicaci\u00f3n 2000 S.A. de C.V.\",\"url\":\"https:\\\/\\\/canal7slp.tv\\\/2019\\\/\",\"logo\":{\"@type\":\"ImageObject\",\"inLanguage\":\"es\",\"@id\":\"https:\\\/\\\/canal7slp.tv\\\/2019\\\/#\\\/schema\\\/logo\\\/image\\\/\",\"url\":\"https:\\\/\\\/canal7slp.tv\\\/2019\\\/wp-content\\\/uploads\\\/2019\\\/07\\\/logo-c7.png\",\"contentUrl\":\"https:\\\/\\\/canal7slp.tv\\\/2019\\\/wp-content\\\/uploads\\\/2019\\\/07\\\/logo-c7.png\",\"width\":220,\"height\":60,\"caption\":\"Comunicaci\u00f3n 2000 S.A. de C.V.\"},\"image\":{\"@id\":\"https:\\\/\\\/canal7slp.tv\\\/2019\\\/#\\\/schema\\\/logo\\\/image\\\/\"},\"sameAs\":[\"https:\\\/\\\/www.facebook.com\\\/CANAL7SLP\\\/\",\"https:\\\/\\\/x.com\\\/canal7_slp\",\"https:\\\/\\\/www.instagram.com\\\/canal7_slp\",\"https:\\\/\\\/www.youtube.com\\\/user\\\/NOTICIEROSCANAL7SLP\\\/\"]},{\"@type\":\"Person\",\"@id\":\"https:\\\/\\\/canal7slp.tv\\\/2019\\\/#\\\/schema\\\/person\\\/11d941c1c6ca30ac0a46b95fa37aa2e3\",\"name\":\"edicionweb\",\"image\":{\"@type\":\"ImageObject\",\"inLanguage\":\"es\",\"@id\":\"https:\\\/\\\/secure.gravatar.com\\\/avatar\\\/eee448fc3f7164808013b816ba91ac7e43bbe82a70bebac296f8bc6f0addaa1a?s=96&d=mm&r=g\",\"url\":\"https:\\\/\\\/secure.gravatar.com\\\/avatar\\\/eee448fc3f7164808013b816ba91ac7e43bbe82a70bebac296f8bc6f0addaa1a?s=96&d=mm&r=g\",\"contentUrl\":\"https:\\\/\\\/secure.gravatar.com\\\/avatar\\\/eee448fc3f7164808013b816ba91ac7e43bbe82a70bebac296f8bc6f0addaa1a?s=96&d=mm&r=g\",\"caption\":\"edicionweb\"}}]}<\/script>\n<!-- \/ Yoast SEO plugin. -->","yoast_head_json":{"title":"Domingo de Cultura Viva en San Luis Potos\u00ed - Canal 7 SLP - 2019","robots":{"index":"index","follow":"follow","max-snippet":"max-snippet:-1","max-image-preview":"max-image-preview:large","max-video-preview":"max-video-preview:-1"},"canonical":"https:\/\/canal7slp.tv\/2019\/domingo-de-cultura-viva-en-san-luis-potosi\/","og_locale":"es_ES","og_type":"article","og_title":"Domingo de Cultura Viva en San Luis Potos\u00ed - Canal 7 SLP - 2019","og_description":"SLP.- La Secretar\u00eda de Cultura de Gobierno del Estado da a conocer la agenda de actividades que se llevar\u00e1n a cabo el pr\u00f3ximo domingo 28 de julio, entre las que destacan la danza con motivo del Festival Internacional \u201cLila L\u00f3pez\u201d en su XXXIX edici\u00f3n, cine, conciertos, teatro, ciencia y m\u00e1s, dirigidas a todo tipo de [&hellip;]","og_url":"https:\/\/canal7slp.tv\/2019\/domingo-de-cultura-viva-en-san-luis-potosi\/","og_site_name":"Canal 7 SLP - 2019","article_publisher":"https:\/\/www.facebook.com\/CANAL7SLP\/","article_published_time":"2019-07-27T00:37:44+00:00","og_image":[{"width":615,"height":410,"url":"https:\/\/canal7slp.tv\/2019\/wp-content\/uploads\/2019\/07\/g5-2.jpg","type":"image\/jpeg"}],"author":"edicionweb","twitter_card":"summary_large_image","twitter_creator":"@canal7_slp","twitter_site":"@canal7_slp","twitter_misc":{"Escrito por":"edicionweb","Tiempo de lectura":"3 minutos"},"schema":{"@context":"https:\/\/schema.org","@graph":[{"@type":"Article","@id":"https:\/\/canal7slp.tv\/2019\/domingo-de-cultura-viva-en-san-luis-potosi\/#article","isPartOf":{"@id":"https:\/\/canal7slp.tv\/2019\/domingo-de-cultura-viva-en-san-luis-potosi\/"},"author":{"name":"edicionweb","@id":"https:\/\/canal7slp.tv\/2019\/#\/schema\/person\/11d941c1c6ca30ac0a46b95fa37aa2e3"},"headline":"Domingo de Cultura Viva en San Luis Potos\u00ed","datePublished":"2019-07-27T00:37:44+00:00","mainEntityOfPage":{"@id":"https:\/\/canal7slp.tv\/2019\/domingo-de-cultura-viva-en-san-luis-potosi\/"},"wordCount":564,"commentCount":0,"publisher":{"@id":"https:\/\/canal7slp.tv\/2019\/#organization"},"image":{"@id":"https:\/\/canal7slp.tv\/2019\/domingo-de-cultura-viva-en-san-luis-potosi\/#primaryimage"},"thumbnailUrl":"https:\/\/canal7slp.tv\/2019\/wp-content\/uploads\/2019\/07\/g5-2.jpg","keywords":["Gobierno SLP"],"articleSection":["LOCALES Y REGIONALES"],"inLanguage":"es","potentialAction":[{"@type":"CommentAction","name":"Comment","target":["https:\/\/canal7slp.tv\/2019\/domingo-de-cultura-viva-en-san-luis-potosi\/#respond"]}]},{"@type":"WebPage","@id":"https:\/\/canal7slp.tv\/2019\/domingo-de-cultura-viva-en-san-luis-potosi\/","url":"https:\/\/canal7slp.tv\/2019\/domingo-de-cultura-viva-en-san-luis-potosi\/","name":"Domingo de Cultura Viva en San Luis Potos\u00ed - Canal 7 SLP - 2019","isPartOf":{"@id":"https:\/\/canal7slp.tv\/2019\/#website"},"primaryImageOfPage":{"@id":"https:\/\/canal7slp.tv\/2019\/domingo-de-cultura-viva-en-san-luis-potosi\/#primaryimage"},"image":{"@id":"https:\/\/canal7slp.tv\/2019\/domingo-de-cultura-viva-en-san-luis-potosi\/#primaryimage"},"thumbnailUrl":"https:\/\/canal7slp.tv\/2019\/wp-content\/uploads\/2019\/07\/g5-2.jpg","datePublished":"2019-07-27T00:37:44+00:00","breadcrumb":{"@id":"https:\/\/canal7slp.tv\/2019\/domingo-de-cultura-viva-en-san-luis-potosi\/#breadcrumb"},"inLanguage":"es","potentialAction":[{"@type":"ReadAction","target":["https:\/\/canal7slp.tv\/2019\/domingo-de-cultura-viva-en-san-luis-potosi\/"]}]},{"@type":"ImageObject","inLanguage":"es","@id":"https:\/\/canal7slp.tv\/2019\/domingo-de-cultura-viva-en-san-luis-potosi\/#primaryimage","url":"https:\/\/canal7slp.tv\/2019\/wp-content\/uploads\/2019\/07\/g5-2.jpg","contentUrl":"https:\/\/canal7slp.tv\/2019\/wp-content\/uploads\/2019\/07\/g5-2.jpg","width":615,"height":410},{"@type":"BreadcrumbList","@id":"https:\/\/canal7slp.tv\/2019\/domingo-de-cultura-viva-en-san-luis-potosi\/#breadcrumb","itemListElement":[{"@type":"ListItem","position":1,"name":"Home","item":"https:\/\/canal7slp.tv\/2019\/"},{"@type":"ListItem","position":2,"name":"Domingo de Cultura Viva en San Luis Potos\u00ed"}]},{"@type":"WebSite","@id":"https:\/\/canal7slp.tv\/2019\/#website","url":"https:\/\/canal7slp.tv\/2019\/","name":"Canal 7 SLP - Somos TV","description":"Somos un Canal de 10","publisher":{"@id":"https:\/\/canal7slp.tv\/2019\/#organization"},"potentialAction":[{"@type":"SearchAction","target":{"@type":"EntryPoint","urlTemplate":"https:\/\/canal7slp.tv\/2019\/?s={search_term_string}"},"query-input":{"@type":"PropertyValueSpecification","valueRequired":true,"valueName":"search_term_string"}}],"inLanguage":"es"},{"@type":"Organization","@id":"https:\/\/canal7slp.tv\/2019\/#organization","name":"Comunicaci\u00f3n 2000 S.A. de C.V.","url":"https:\/\/canal7slp.tv\/2019\/","logo":{"@type":"ImageObject","inLanguage":"es","@id":"https:\/\/canal7slp.tv\/2019\/#\/schema\/logo\/image\/","url":"https:\/\/canal7slp.tv\/2019\/wp-content\/uploads\/2019\/07\/logo-c7.png","contentUrl":"https:\/\/canal7slp.tv\/2019\/wp-content\/uploads\/2019\/07\/logo-c7.png","width":220,"height":60,"caption":"Comunicaci\u00f3n 2000 S.A. de C.V."},"image":{"@id":"https:\/\/canal7slp.tv\/2019\/#\/schema\/logo\/image\/"},"sameAs":["https:\/\/www.facebook.com\/CANAL7SLP\/","https:\/\/x.com\/canal7_slp","https:\/\/www.instagram.com\/canal7_slp","https:\/\/www.youtube.com\/user\/NOTICIEROSCANAL7SLP\/"]},{"@type":"Person","@id":"https:\/\/canal7slp.tv\/2019\/#\/schema\/person\/11d941c1c6ca30ac0a46b95fa37aa2e3","name":"edicionweb","image":{"@type":"ImageObject","inLanguage":"es","@id":"https:\/\/secure.gravatar.com\/avatar\/eee448fc3f7164808013b816ba91ac7e43bbe82a70bebac296f8bc6f0addaa1a?s=96&d=mm&r=g","url":"https:\/\/secure.gravatar.com\/avatar\/eee448fc3f7164808013b816ba91ac7e43bbe82a70bebac296f8bc6f0addaa1a?s=96&d=mm&r=g","contentUrl":"https:\/\/secure.gravatar.com\/avatar\/eee448fc3f7164808013b816ba91ac7e43bbe82a70bebac296f8bc6f0addaa1a?s=96&d=mm&r=g","caption":"edicionweb"}}]}},"amp_enabled":true,"cmb2":{"video_ids_in_playlist":{"vid_p_videos":""},"video_ids_in_channel":{"vid_c_videos":""},"playlist_ids_in_channel":{"vid_c_playlists":""},"series_ids_in_channel":{"vid_c_series":""},"channel_images":{"vid_c_logo":"","vid_c_banner":""},"poster_feature_image":{"vid_m_poster_image":""},"gif_feature_image":{"vid_m_gif_image":""},"video_movie_settings":{"vid_m_director":"","vid_m_actor":"","vid_m_imdb_ratings":"","vid_m_amazon_associates":""},"vid_youtube_broadcasts_settings":{"vid_yb_broadcast_title":"","vid_yb_q":"","vid_yb_channelid":"","vid_yb_videocategoryid":"","vid_yb_maxresults":"","vid_yb_order":"","vid_yb_regioncode":"","vid_yb_videosyndicated":"","vid_yb_style":"","vid_yb_reload_first":""},"video_series_settings":{"vid_m_director":"","vid_m_actor":"","vid_m_imdb_ratings":"","video_series_group":""},"amazon_associates_settings":{"amazon_associates":"","amazon_native_ad":""},"vid_youtube_automatic_settings":{"vid_ya_youtube_source":"","vid_ya_update_every":"","vid_ya_update_unit":"","vid_ya_categories":"","vid_ya_published_after":"","vid_ya_published_before":"","vid_ya_playlists":"","vid_ya_channels":"","vid_ya_director":"","vid_ya_actor":"","vid_ya_author":"","vid_ya_import_post_date":"","vid_ya_status":"","vid_ya_sub_api_key":""},"vid_ads_m_videoads_settings_post":{"vid_ads_m_video_ads":"","vid_ads_m_video_ads_type":"","vid_ads_m_group_google_ima":"","vid_ads_m_group_image":"","vid_ads_m_group_html5_video":"","vid_ads_m_group_html":"","vid_ads_m_vast_preroll":"","vid_ads_m_vast_postroll":"","vid_ads_m_vast_pauseroll":"","vid_ads_m_vast_midroll":[{"vid_ads_m_vast_timer_seconds":"50"}],"vid_ads_m_time_to_show_ads":"","vid_ads_m_time_skip_ads":"","vid_ads_m_time_to_hide_ads":""},"page_slider_settings":{"display_slider_group":"","page_slider_group":""},"blog_page_settings":{"blog_page_title":"","blog_page_heading":"","blog_page_ic":"","blog_page_it":"","blog_page_ec":"","blog_page_ip":"","archive_loop_style":"","blog_image_ratio":"","blog_show_categories":"","blog_show_excerpt":"","blog_show_author":"","blog_show_date":"","blog_show_comment_count":"","blog_show_view_count":"","blog_show_like_count":"","blog_show_dislike_count":"","blog_items_per_page":"","blog_pag_type":""},"page_options":{"get_page_template":"","color_mode":"","main_layout":"","main_layout_full_with":"","main_logo":"","main_logo_retina":"","main_logo_mobile":"","main_logo_mobile_retina":"","sticky_logo":"","sticky_logo_retina":"","main_nav_layout":"","ajax_search":"","header_background":"","theme_sidebar":"","instagram_feed":"","instagram_feed_position":"","popular_videos":"","popular_videos_title_1":"","popular_videos_title_2":"","popular_videos_ic":"","popular_videos_it":"","theme_background":"","page_custom_css":""},"feature_image_settings":{"feature_image_position":""},"video_player_settings":{"single_video_style":"","video_player_position":"","vm_video_url":"","video_player_library":"","video_streaming":"","vm_media_sources":"","vid_auto_play":"","vm_video_shortcode":"","vid_p_sync_playlist":"","vid_c_sync_channel":"","get_post_format":"","multiple_links_structure":"default","multi_links_title":"","vm_video_multi_links":"","vm_duration":"","vid_social_locker":"off","vid_social_locker_id":"","vid_membership_action":"content-video","vm_video_trailer_url":"","vid_download_type":"free","vid_download_target":"download","vid_woo_product":"","vm_media_download":"","user_rating":"","user_rating_position":"","user_rating_mode":"","user_rating_multi_sets":""},"video_auto_fetch_settings":{"vm_video_fetch":"on"},"video_fake_views_likes":{"vm_fake_views":"","vm_fake_likes":"","vm_fake_dislikes":""},"gallery_settings":{"gallery_position":""},"quote_settings":{"quote_position":""},"post_options":{"main_layout":"","main_logo":"","main_logo_retina":"","main_logo_mobile":"","main_logo_mobile_retina":"","sticky_logo":"","sticky_logo_retina":"","main_nav_layout":"","header_background":"","theme_sidebar":"","single_post_comment_type":"","theme_background":""}},"_links":{"self":[{"href":"https:\/\/canal7slp.tv\/2019\/wp-json\/wp\/v2\/posts\/40506","targetHints":{"allow":["GET"]}}],"collection":[{"href":"https:\/\/canal7slp.tv\/2019\/wp-json\/wp\/v2\/posts"}],"about":[{"href":"https:\/\/canal7slp.tv\/2019\/wp-json\/wp\/v2\/types\/post"}],"author":[{"embeddable":true,"href":"https:\/\/canal7slp.tv\/2019\/wp-json\/wp\/v2\/users\/2"}],"replies":[{"embeddable":true,"href":"https:\/\/canal7slp.tv\/2019\/wp-json\/wp\/v2\/comments?post=40506"}],"version-history":[{"count":0,"href":"https:\/\/canal7slp.tv\/2019\/wp-json\/wp\/v2\/posts\/40506\/revisions"}],"wp:featuredmedia":[{"embeddable":true,"href":"https:\/\/canal7slp.tv\/2019\/wp-json\/wp\/v2\/media\/40532"}],"wp:attachment":[{"href":"https:\/\/canal7slp.tv\/2019\/wp-json\/wp\/v2\/media?parent=40506"}],"wp:term":[{"taxonomy":"category","embeddable":true,"href":"https:\/\/canal7slp.tv\/2019\/wp-json\/wp\/v2\/categories?post=40506"},{"taxonomy":"post_tag","embeddable":true,"href":"https:\/\/canal7slp.tv\/2019\/wp-json\/wp\/v2\/tags?post=40506"}],"curies":[{"name":"wp","href":"https:\/\/api.w.org\/{rel}","templated":true}]}}