{"id":40479,"date":"2019-07-26T19:31:10","date_gmt":"2019-07-27T00:31:10","guid":{"rendered":"https:\/\/canal7slp.tv\/2019\/?p=40479"},"modified":"2019-07-26T19:31:10","modified_gmt":"2019-07-27T00:31:10","slug":"slp-consolida-financiamiento-publico-a-mipymes-jm-carreras","status":"publish","type":"post","link":"https:\/\/canal7slp.tv\/2019\/slp-consolida-financiamiento-publico-a-mipymes-jm-carreras\/","title":{"rendered":"SLP consolida financiamiento p\u00fablico a MiPyMES: JM Carreras"},"content":{"rendered":"<p style=\"text-align: justify;\">SLP.- En el marco de una gira de trabajo por la Zona Metropolitana, el Gobernador del Estado, Juan Manuel Carreras L\u00f3pez, puntualiz\u00f3 que San Luis Potos\u00ed consolida el impulso a peque\u00f1as y medianas empresas, lo que fortalece el desarrollo y el dinamismo de la entidad, por lo que destac\u00f3 el trabajo del Sistema de Financiamiento para el Desarrollo del Estado (SIFIDE), que se convirti\u00f3 en la micro financiera m\u00e1s exitosa del pa\u00eds, con 2 mil 400 millones de pesos en cr\u00e9ditos con tasas competitivas, beneficiando a m\u00e1s de 35 mil potosinas y potosinos.<\/p>\n<p style=\"text-align: justify;\">Carreras L\u00f3pez, acompa\u00f1ado del Coordinador General del SIFIDE, Christian Meade Hervert, recorri\u00f3 peque\u00f1os establecimientos comerciales en el mercado Rep\u00fablica, para constatar el impacto de los cr\u00e9ditos entregados, donde se\u00f1al\u00f3 que para el Gobierno del Estado es prioridad atender este tipo de negocios, por constituir una herramienta para el desarrollo y generaci\u00f3n de empleos, adem\u00e1s de aportar al crecimiento de la econom\u00eda familiar de sus propietarios.<\/p>\n<p style=\"text-align: justify;\">\u201cEsta semana hemos recorrido diversos negocios como carnicer\u00edas, ferreter\u00edas, herrer\u00edas, venta de productos de belleza, comida, aguas frescas, es decir, giros sencillos pero efectivos y que abonan a la econom\u00eda de miles de familias en la entidad, nos da gusto que crezcan, estamos aqu\u00ed para platicar con ellos y ellas, de esta manera constatar el impacto de estos programas para fortalecerlos a\u00fan m\u00e1s\u201d, indic\u00f3 el jefe del Ejecutivo.<\/p>\n<p style=\"text-align: justify;\">Posteriormente, Carreras L\u00f3pez, acompa\u00f1ado por Helios Barrag\u00e1n Farf\u00e1n, Director General del IEEA, entreg\u00f3 certificados a estudiantes del Instituto Estatal de Educaci\u00f3n para Adultos (IEEA), que reciben clases en el Centro de Atenci\u00f3n Familiar del Mercado Rep\u00fablica, plantel del que al a\u00f1o egresan 300 alumnos y alumnas en las modalidades de alfabetizaci\u00f3n, primaria y secundaria.<\/p>\n<p style=\"text-align: justify;\">Al iniciar esta gira de trabajo, en la colonia Guanos, Carreras L\u00f3pez visit\u00f3 la Caravana de la Salud \u201cProsperemos Juntos\u201d, donde estuvieron presentes los programas del DIF estatal, aqu\u00ed los habitantes expresaron su agradecimiento por acercar a sus hogares los servicios de salud, atenci\u00f3n a adultos mayores, ni\u00f1as y ni\u00f1os a trav\u00e9s de los diferentes programas que forman parte de este evento.<\/p>\n<p style=\"text-align: justify;\">Entre los programas presentes por parte del DIF Estatal se encuentra la \u201cPulsera AMC\u201d de identificaci\u00f3n para adultos mayores de 60 a\u00f1os, el \u201cPlato del Buen Comer\u201d, la Procuradur\u00eda de Protecci\u00f3n de Ni\u00f1as, Ni\u00f1os y Adolescentes (PPNNA), \u201cVa Primero mi Proyecto de Vida\u201d y por \u201cUn Coraz\u00f3n sin Adicciones\u201d del Instituto Temazcalli.<\/p>\n<p style=\"text-align: justify;\">Por parte de los Servicios de Salud, hubo puestos de vacunaci\u00f3n, consultas m\u00e9dicas, consultas dentales, orientaci\u00f3n en m\u00e9todos de planificaci\u00f3n familiar y posibles riesgos de contraer VIH\/Sida.<\/p>\n<p style=\"text-align: justify;\">Finalmente, el mandatario estatal, se encontr\u00f3 con los j\u00f3venes que participaron en la segunda edici\u00f3n del concurso \u201cDetr\u00e1s de los Muros\u201d como parte del proyecto \u201cEnch\u00falame t\u00fa Barrio\u201d, que consiste en pintar un muro que elija cada participante, como una forma de expresi\u00f3n y rescate de espacios p\u00fablicos.<\/p>\n<p style=\"text-align: justify;\">El director del Instituto Potosino de la Juventud, Luis Fernando Alonso Molina, detall\u00f3 que en una primera fase participaron 40 trabajos, de los cuales se eligi\u00f3 a 12 para que realizaran otros murales, de estos 12 se elegir\u00e1n 3 que ser\u00e1n los ganadores de la segunda edici\u00f3n del concurso.<\/p>\n","protected":false},"excerpt":{"rendered":"<p>SLP.- En el marco de una gira de trabajo por la Zona Metropolitana, el Gobernador del Estado, Juan Manuel Carreras L\u00f3pez, puntualiz\u00f3 que San Luis Potos\u00ed consolida el impulso a peque\u00f1as y medianas empresas, lo que fortalece el desarrollo y el dinamismo de la entidad, por lo que destac\u00f3 el trabajo del Sistema de Financiamiento [&hellip;]<\/p>\n","protected":false},"author":2,"featured_media":40504,"comment_status":"open","ping_status":"closed","sticky":false,"template":"","format":"standard","meta":{"footnotes":""},"categories":[17],"tags":[111],"class_list":["post-40479","post","type-post","status-publish","format-standard","has-post-thumbnail","hentry","category-localesyregionales","tag-gobierno-slp"],"yoast_head":"<!-- This site is optimized with the Yoast SEO plugin v27.4 - https:\/\/yoast.com\/product\/yoast-seo-wordpress\/ -->\n<title>SLP consolida financiamiento p\u00fablico a MiPyMES: JM Carreras - Canal 7 SLP - 2019<\/title>\n<meta name=\"robots\" content=\"index, follow, max-snippet:-1, max-image-preview:large, max-video-preview:-1\" \/>\n<link rel=\"canonical\" href=\"https:\/\/canal7slp.tv\/2019\/slp-consolida-financiamiento-publico-a-mipymes-jm-carreras\/\" \/>\n<meta property=\"og:locale\" content=\"es_ES\" \/>\n<meta property=\"og:type\" content=\"article\" \/>\n<meta property=\"og:title\" content=\"SLP consolida financiamiento p\u00fablico a MiPyMES: JM Carreras - Canal 7 SLP - 2019\" \/>\n<meta property=\"og:description\" content=\"SLP.- En el marco de una gira de trabajo por la Zona Metropolitana, el Gobernador del Estado, Juan Manuel Carreras L\u00f3pez, puntualiz\u00f3 que San Luis Potos\u00ed consolida el impulso a peque\u00f1as y medianas empresas, lo que fortalece el desarrollo y el dinamismo de la entidad, por lo que destac\u00f3 el trabajo del Sistema de Financiamiento [&hellip;]\" \/>\n<meta property=\"og:url\" content=\"https:\/\/canal7slp.tv\/2019\/slp-consolida-financiamiento-publico-a-mipymes-jm-carreras\/\" \/>\n<meta property=\"og:site_name\" content=\"Canal 7 SLP - 2019\" \/>\n<meta property=\"article:publisher\" content=\"https:\/\/www.facebook.com\/CANAL7SLP\/\" \/>\n<meta property=\"article:published_time\" content=\"2019-07-27T00:31:10+00:00\" \/>\n<meta property=\"og:image\" content=\"https:\/\/canal7slp.tv\/2019\/wp-content\/uploads\/2019\/07\/g4-2.jpg\" \/>\n\t<meta property=\"og:image:width\" content=\"615\" \/>\n\t<meta property=\"og:image:height\" content=\"410\" \/>\n\t<meta property=\"og:image:type\" content=\"image\/jpeg\" \/>\n<meta name=\"author\" content=\"edicionweb\" \/>\n<meta name=\"twitter:card\" content=\"summary_large_image\" \/>\n<meta name=\"twitter:creator\" content=\"@canal7_slp\" \/>\n<meta name=\"twitter:site\" content=\"@canal7_slp\" \/>\n<meta name=\"twitter:label1\" content=\"Escrito por\" \/>\n\t<meta name=\"twitter:data1\" content=\"edicionweb\" \/>\n\t<meta name=\"twitter:label2\" content=\"Tiempo de lectura\" \/>\n\t<meta name=\"twitter:data2\" content=\"3 minutos\" \/>\n<script type=\"application\/ld+json\" class=\"yoast-schema-graph\">{\"@context\":\"https:\\\/\\\/schema.org\",\"@graph\":[{\"@type\":\"Article\",\"@id\":\"https:\\\/\\\/canal7slp.tv\\\/2019\\\/slp-consolida-financiamiento-publico-a-mipymes-jm-carreras\\\/#article\",\"isPartOf\":{\"@id\":\"https:\\\/\\\/canal7slp.tv\\\/2019\\\/slp-consolida-financiamiento-publico-a-mipymes-jm-carreras\\\/\"},\"author\":{\"name\":\"edicionweb\",\"@id\":\"https:\\\/\\\/canal7slp.tv\\\/2019\\\/#\\\/schema\\\/person\\\/11d941c1c6ca30ac0a46b95fa37aa2e3\"},\"headline\":\"SLP consolida financiamiento p\u00fablico a MiPyMES: JM Carreras\",\"datePublished\":\"2019-07-27T00:31:10+00:00\",\"mainEntityOfPage\":{\"@id\":\"https:\\\/\\\/canal7slp.tv\\\/2019\\\/slp-consolida-financiamiento-publico-a-mipymes-jm-carreras\\\/\"},\"wordCount\":576,\"commentCount\":0,\"publisher\":{\"@id\":\"https:\\\/\\\/canal7slp.tv\\\/2019\\\/#organization\"},\"image\":{\"@id\":\"https:\\\/\\\/canal7slp.tv\\\/2019\\\/slp-consolida-financiamiento-publico-a-mipymes-jm-carreras\\\/#primaryimage\"},\"thumbnailUrl\":\"https:\\\/\\\/canal7slp.tv\\\/2019\\\/wp-content\\\/uploads\\\/2019\\\/07\\\/g4-2.jpg\",\"keywords\":[\"Gobierno SLP\"],\"articleSection\":[\"LOCALES Y REGIONALES\"],\"inLanguage\":\"es\",\"potentialAction\":[{\"@type\":\"CommentAction\",\"name\":\"Comment\",\"target\":[\"https:\\\/\\\/canal7slp.tv\\\/2019\\\/slp-consolida-financiamiento-publico-a-mipymes-jm-carreras\\\/#respond\"]}]},{\"@type\":\"WebPage\",\"@id\":\"https:\\\/\\\/canal7slp.tv\\\/2019\\\/slp-consolida-financiamiento-publico-a-mipymes-jm-carreras\\\/\",\"url\":\"https:\\\/\\\/canal7slp.tv\\\/2019\\\/slp-consolida-financiamiento-publico-a-mipymes-jm-carreras\\\/\",\"name\":\"SLP consolida financiamiento p\u00fablico a MiPyMES: JM Carreras - Canal 7 SLP - 2019\",\"isPartOf\":{\"@id\":\"https:\\\/\\\/canal7slp.tv\\\/2019\\\/#website\"},\"primaryImageOfPage\":{\"@id\":\"https:\\\/\\\/canal7slp.tv\\\/2019\\\/slp-consolida-financiamiento-publico-a-mipymes-jm-carreras\\\/#primaryimage\"},\"image\":{\"@id\":\"https:\\\/\\\/canal7slp.tv\\\/2019\\\/slp-consolida-financiamiento-publico-a-mipymes-jm-carreras\\\/#primaryimage\"},\"thumbnailUrl\":\"https:\\\/\\\/canal7slp.tv\\\/2019\\\/wp-content\\\/uploads\\\/2019\\\/07\\\/g4-2.jpg\",\"datePublished\":\"2019-07-27T00:31:10+00:00\",\"breadcrumb\":{\"@id\":\"https:\\\/\\\/canal7slp.tv\\\/2019\\\/slp-consolida-financiamiento-publico-a-mipymes-jm-carreras\\\/#breadcrumb\"},\"inLanguage\":\"es\",\"potentialAction\":[{\"@type\":\"ReadAction\",\"target\":[\"https:\\\/\\\/canal7slp.tv\\\/2019\\\/slp-consolida-financiamiento-publico-a-mipymes-jm-carreras\\\/\"]}]},{\"@type\":\"ImageObject\",\"inLanguage\":\"es\",\"@id\":\"https:\\\/\\\/canal7slp.tv\\\/2019\\\/slp-consolida-financiamiento-publico-a-mipymes-jm-carreras\\\/#primaryimage\",\"url\":\"https:\\\/\\\/canal7slp.tv\\\/2019\\\/wp-content\\\/uploads\\\/2019\\\/07\\\/g4-2.jpg\",\"contentUrl\":\"https:\\\/\\\/canal7slp.tv\\\/2019\\\/wp-content\\\/uploads\\\/2019\\\/07\\\/g4-2.jpg\",\"width\":615,\"height\":410},{\"@type\":\"BreadcrumbList\",\"@id\":\"https:\\\/\\\/canal7slp.tv\\\/2019\\\/slp-consolida-financiamiento-publico-a-mipymes-jm-carreras\\\/#breadcrumb\",\"itemListElement\":[{\"@type\":\"ListItem\",\"position\":1,\"name\":\"Home\",\"item\":\"https:\\\/\\\/canal7slp.tv\\\/2019\\\/\"},{\"@type\":\"ListItem\",\"position\":2,\"name\":\"SLP consolida financiamiento p\u00fablico a MiPyMES: JM Carreras\"}]},{\"@type\":\"WebSite\",\"@id\":\"https:\\\/\\\/canal7slp.tv\\\/2019\\\/#website\",\"url\":\"https:\\\/\\\/canal7slp.tv\\\/2019\\\/\",\"name\":\"Canal 7 SLP - Somos TV\",\"description\":\"Somos un Canal de 10\",\"publisher\":{\"@id\":\"https:\\\/\\\/canal7slp.tv\\\/2019\\\/#organization\"},\"potentialAction\":[{\"@type\":\"SearchAction\",\"target\":{\"@type\":\"EntryPoint\",\"urlTemplate\":\"https:\\\/\\\/canal7slp.tv\\\/2019\\\/?s={search_term_string}\"},\"query-input\":{\"@type\":\"PropertyValueSpecification\",\"valueRequired\":true,\"valueName\":\"search_term_string\"}}],\"inLanguage\":\"es\"},{\"@type\":\"Organization\",\"@id\":\"https:\\\/\\\/canal7slp.tv\\\/2019\\\/#organization\",\"name\":\"Comunicaci\u00f3n 2000 S.A. de C.V.\",\"url\":\"https:\\\/\\\/canal7slp.tv\\\/2019\\\/\",\"logo\":{\"@type\":\"ImageObject\",\"inLanguage\":\"es\",\"@id\":\"https:\\\/\\\/canal7slp.tv\\\/2019\\\/#\\\/schema\\\/logo\\\/image\\\/\",\"url\":\"https:\\\/\\\/canal7slp.tv\\\/2019\\\/wp-content\\\/uploads\\\/2019\\\/07\\\/logo-c7.png\",\"contentUrl\":\"https:\\\/\\\/canal7slp.tv\\\/2019\\\/wp-content\\\/uploads\\\/2019\\\/07\\\/logo-c7.png\",\"width\":220,\"height\":60,\"caption\":\"Comunicaci\u00f3n 2000 S.A. de C.V.\"},\"image\":{\"@id\":\"https:\\\/\\\/canal7slp.tv\\\/2019\\\/#\\\/schema\\\/logo\\\/image\\\/\"},\"sameAs\":[\"https:\\\/\\\/www.facebook.com\\\/CANAL7SLP\\\/\",\"https:\\\/\\\/x.com\\\/canal7_slp\",\"https:\\\/\\\/www.instagram.com\\\/canal7_slp\",\"https:\\\/\\\/www.youtube.com\\\/user\\\/NOTICIEROSCANAL7SLP\\\/\"]},{\"@type\":\"Person\",\"@id\":\"https:\\\/\\\/canal7slp.tv\\\/2019\\\/#\\\/schema\\\/person\\\/11d941c1c6ca30ac0a46b95fa37aa2e3\",\"name\":\"edicionweb\",\"image\":{\"@type\":\"ImageObject\",\"inLanguage\":\"es\",\"@id\":\"https:\\\/\\\/secure.gravatar.com\\\/avatar\\\/eee448fc3f7164808013b816ba91ac7e43bbe82a70bebac296f8bc6f0addaa1a?s=96&d=mm&r=g\",\"url\":\"https:\\\/\\\/secure.gravatar.com\\\/avatar\\\/eee448fc3f7164808013b816ba91ac7e43bbe82a70bebac296f8bc6f0addaa1a?s=96&d=mm&r=g\",\"contentUrl\":\"https:\\\/\\\/secure.gravatar.com\\\/avatar\\\/eee448fc3f7164808013b816ba91ac7e43bbe82a70bebac296f8bc6f0addaa1a?s=96&d=mm&r=g\",\"caption\":\"edicionweb\"}}]}<\/script>\n<!-- \/ Yoast SEO plugin. -->","yoast_head_json":{"title":"SLP consolida financiamiento p\u00fablico a MiPyMES: JM Carreras - Canal 7 SLP - 2019","robots":{"index":"index","follow":"follow","max-snippet":"max-snippet:-1","max-image-preview":"max-image-preview:large","max-video-preview":"max-video-preview:-1"},"canonical":"https:\/\/canal7slp.tv\/2019\/slp-consolida-financiamiento-publico-a-mipymes-jm-carreras\/","og_locale":"es_ES","og_type":"article","og_title":"SLP consolida financiamiento p\u00fablico a MiPyMES: JM Carreras - Canal 7 SLP - 2019","og_description":"SLP.- En el marco de una gira de trabajo por la Zona Metropolitana, el Gobernador del Estado, Juan Manuel Carreras L\u00f3pez, puntualiz\u00f3 que San Luis Potos\u00ed consolida el impulso a peque\u00f1as y medianas empresas, lo que fortalece el desarrollo y el dinamismo de la entidad, por lo que destac\u00f3 el trabajo del Sistema de Financiamiento [&hellip;]","og_url":"https:\/\/canal7slp.tv\/2019\/slp-consolida-financiamiento-publico-a-mipymes-jm-carreras\/","og_site_name":"Canal 7 SLP - 2019","article_publisher":"https:\/\/www.facebook.com\/CANAL7SLP\/","article_published_time":"2019-07-27T00:31:10+00:00","og_image":[{"width":615,"height":410,"url":"https:\/\/canal7slp.tv\/2019\/wp-content\/uploads\/2019\/07\/g4-2.jpg","type":"image\/jpeg"}],"author":"edicionweb","twitter_card":"summary_large_image","twitter_creator":"@canal7_slp","twitter_site":"@canal7_slp","twitter_misc":{"Escrito por":"edicionweb","Tiempo de lectura":"3 minutos"},"schema":{"@context":"https:\/\/schema.org","@graph":[{"@type":"Article","@id":"https:\/\/canal7slp.tv\/2019\/slp-consolida-financiamiento-publico-a-mipymes-jm-carreras\/#article","isPartOf":{"@id":"https:\/\/canal7slp.tv\/2019\/slp-consolida-financiamiento-publico-a-mipymes-jm-carreras\/"},"author":{"name":"edicionweb","@id":"https:\/\/canal7slp.tv\/2019\/#\/schema\/person\/11d941c1c6ca30ac0a46b95fa37aa2e3"},"headline":"SLP consolida financiamiento p\u00fablico a MiPyMES: JM Carreras","datePublished":"2019-07-27T00:31:10+00:00","mainEntityOfPage":{"@id":"https:\/\/canal7slp.tv\/2019\/slp-consolida-financiamiento-publico-a-mipymes-jm-carreras\/"},"wordCount":576,"commentCount":0,"publisher":{"@id":"https:\/\/canal7slp.tv\/2019\/#organization"},"image":{"@id":"https:\/\/canal7slp.tv\/2019\/slp-consolida-financiamiento-publico-a-mipymes-jm-carreras\/#primaryimage"},"thumbnailUrl":"https:\/\/canal7slp.tv\/2019\/wp-content\/uploads\/2019\/07\/g4-2.jpg","keywords":["Gobierno SLP"],"articleSection":["LOCALES Y REGIONALES"],"inLanguage":"es","potentialAction":[{"@type":"CommentAction","name":"Comment","target":["https:\/\/canal7slp.tv\/2019\/slp-consolida-financiamiento-publico-a-mipymes-jm-carreras\/#respond"]}]},{"@type":"WebPage","@id":"https:\/\/canal7slp.tv\/2019\/slp-consolida-financiamiento-publico-a-mipymes-jm-carreras\/","url":"https:\/\/canal7slp.tv\/2019\/slp-consolida-financiamiento-publico-a-mipymes-jm-carreras\/","name":"SLP consolida financiamiento p\u00fablico a MiPyMES: JM Carreras - Canal 7 SLP - 2019","isPartOf":{"@id":"https:\/\/canal7slp.tv\/2019\/#website"},"primaryImageOfPage":{"@id":"https:\/\/canal7slp.tv\/2019\/slp-consolida-financiamiento-publico-a-mipymes-jm-carreras\/#primaryimage"},"image":{"@id":"https:\/\/canal7slp.tv\/2019\/slp-consolida-financiamiento-publico-a-mipymes-jm-carreras\/#primaryimage"},"thumbnailUrl":"https:\/\/canal7slp.tv\/2019\/wp-content\/uploads\/2019\/07\/g4-2.jpg","datePublished":"2019-07-27T00:31:10+00:00","breadcrumb":{"@id":"https:\/\/canal7slp.tv\/2019\/slp-consolida-financiamiento-publico-a-mipymes-jm-carreras\/#breadcrumb"},"inLanguage":"es","potentialAction":[{"@type":"ReadAction","target":["https:\/\/canal7slp.tv\/2019\/slp-consolida-financiamiento-publico-a-mipymes-jm-carreras\/"]}]},{"@type":"ImageObject","inLanguage":"es","@id":"https:\/\/canal7slp.tv\/2019\/slp-consolida-financiamiento-publico-a-mipymes-jm-carreras\/#primaryimage","url":"https:\/\/canal7slp.tv\/2019\/wp-content\/uploads\/2019\/07\/g4-2.jpg","contentUrl":"https:\/\/canal7slp.tv\/2019\/wp-content\/uploads\/2019\/07\/g4-2.jpg","width":615,"height":410},{"@type":"BreadcrumbList","@id":"https:\/\/canal7slp.tv\/2019\/slp-consolida-financiamiento-publico-a-mipymes-jm-carreras\/#breadcrumb","itemListElement":[{"@type":"ListItem","position":1,"name":"Home","item":"https:\/\/canal7slp.tv\/2019\/"},{"@type":"ListItem","position":2,"name":"SLP consolida financiamiento p\u00fablico a MiPyMES: JM Carreras"}]},{"@type":"WebSite","@id":"https:\/\/canal7slp.tv\/2019\/#website","url":"https:\/\/canal7slp.tv\/2019\/","name":"Canal 7 SLP - Somos TV","description":"Somos un Canal de 10","publisher":{"@id":"https:\/\/canal7slp.tv\/2019\/#organization"},"potentialAction":[{"@type":"SearchAction","target":{"@type":"EntryPoint","urlTemplate":"https:\/\/canal7slp.tv\/2019\/?s={search_term_string}"},"query-input":{"@type":"PropertyValueSpecification","valueRequired":true,"valueName":"search_term_string"}}],"inLanguage":"es"},{"@type":"Organization","@id":"https:\/\/canal7slp.tv\/2019\/#organization","name":"Comunicaci\u00f3n 2000 S.A. de C.V.","url":"https:\/\/canal7slp.tv\/2019\/","logo":{"@type":"ImageObject","inLanguage":"es","@id":"https:\/\/canal7slp.tv\/2019\/#\/schema\/logo\/image\/","url":"https:\/\/canal7slp.tv\/2019\/wp-content\/uploads\/2019\/07\/logo-c7.png","contentUrl":"https:\/\/canal7slp.tv\/2019\/wp-content\/uploads\/2019\/07\/logo-c7.png","width":220,"height":60,"caption":"Comunicaci\u00f3n 2000 S.A. de C.V."},"image":{"@id":"https:\/\/canal7slp.tv\/2019\/#\/schema\/logo\/image\/"},"sameAs":["https:\/\/www.facebook.com\/CANAL7SLP\/","https:\/\/x.com\/canal7_slp","https:\/\/www.instagram.com\/canal7_slp","https:\/\/www.youtube.com\/user\/NOTICIEROSCANAL7SLP\/"]},{"@type":"Person","@id":"https:\/\/canal7slp.tv\/2019\/#\/schema\/person\/11d941c1c6ca30ac0a46b95fa37aa2e3","name":"edicionweb","image":{"@type":"ImageObject","inLanguage":"es","@id":"https:\/\/secure.gravatar.com\/avatar\/eee448fc3f7164808013b816ba91ac7e43bbe82a70bebac296f8bc6f0addaa1a?s=96&d=mm&r=g","url":"https:\/\/secure.gravatar.com\/avatar\/eee448fc3f7164808013b816ba91ac7e43bbe82a70bebac296f8bc6f0addaa1a?s=96&d=mm&r=g","contentUrl":"https:\/\/secure.gravatar.com\/avatar\/eee448fc3f7164808013b816ba91ac7e43bbe82a70bebac296f8bc6f0addaa1a?s=96&d=mm&r=g","caption":"edicionweb"}}]}},"amp_enabled":true,"cmb2":{"video_ids_in_playlist":{"vid_p_videos":""},"video_ids_in_channel":{"vid_c_videos":""},"playlist_ids_in_channel":{"vid_c_playlists":""},"series_ids_in_channel":{"vid_c_series":""},"channel_images":{"vid_c_logo":"","vid_c_banner":""},"poster_feature_image":{"vid_m_poster_image":""},"gif_feature_image":{"vid_m_gif_image":""},"video_movie_settings":{"vid_m_director":"","vid_m_actor":"","vid_m_imdb_ratings":"","vid_m_amazon_associates":""},"vid_youtube_broadcasts_settings":{"vid_yb_broadcast_title":"","vid_yb_q":"","vid_yb_channelid":"","vid_yb_videocategoryid":"","vid_yb_maxresults":"","vid_yb_order":"","vid_yb_regioncode":"","vid_yb_videosyndicated":"","vid_yb_style":"","vid_yb_reload_first":""},"video_series_settings":{"vid_m_director":"","vid_m_actor":"","vid_m_imdb_ratings":"","video_series_group":""},"amazon_associates_settings":{"amazon_associates":"","amazon_native_ad":""},"vid_youtube_automatic_settings":{"vid_ya_youtube_source":"","vid_ya_update_every":"","vid_ya_update_unit":"","vid_ya_categories":"","vid_ya_published_after":"","vid_ya_published_before":"","vid_ya_playlists":"","vid_ya_channels":"","vid_ya_director":"","vid_ya_actor":"","vid_ya_author":"","vid_ya_import_post_date":"","vid_ya_status":"","vid_ya_sub_api_key":""},"vid_ads_m_videoads_settings_post":{"vid_ads_m_video_ads":"","vid_ads_m_video_ads_type":"","vid_ads_m_group_google_ima":"","vid_ads_m_group_image":"","vid_ads_m_group_html5_video":"","vid_ads_m_group_html":"","vid_ads_m_vast_preroll":"","vid_ads_m_vast_postroll":"","vid_ads_m_vast_pauseroll":"","vid_ads_m_vast_midroll":[{"vid_ads_m_vast_timer_seconds":"50"}],"vid_ads_m_time_to_show_ads":"","vid_ads_m_time_skip_ads":"","vid_ads_m_time_to_hide_ads":""},"page_slider_settings":{"display_slider_group":"","page_slider_group":""},"blog_page_settings":{"blog_page_title":"","blog_page_heading":"","blog_page_ic":"","blog_page_it":"","blog_page_ec":"","blog_page_ip":"","archive_loop_style":"","blog_image_ratio":"","blog_show_categories":"","blog_show_excerpt":"","blog_show_author":"","blog_show_date":"","blog_show_comment_count":"","blog_show_view_count":"","blog_show_like_count":"","blog_show_dislike_count":"","blog_items_per_page":"","blog_pag_type":""},"page_options":{"get_page_template":"","color_mode":"","main_layout":"","main_layout_full_with":"","main_logo":"","main_logo_retina":"","main_logo_mobile":"","main_logo_mobile_retina":"","sticky_logo":"","sticky_logo_retina":"","main_nav_layout":"","ajax_search":"","header_background":"","theme_sidebar":"","instagram_feed":"","instagram_feed_position":"","popular_videos":"","popular_videos_title_1":"","popular_videos_title_2":"","popular_videos_ic":"","popular_videos_it":"","theme_background":"","page_custom_css":""},"feature_image_settings":{"feature_image_position":""},"video_player_settings":{"single_video_style":"","video_player_position":"","vm_video_url":"","video_player_library":"","video_streaming":"","vm_media_sources":"","vid_auto_play":"","vm_video_shortcode":"","vid_p_sync_playlist":"","vid_c_sync_channel":"","get_post_format":"","multiple_links_structure":"default","multi_links_title":"","vm_video_multi_links":"","vm_duration":"","vid_social_locker":"off","vid_social_locker_id":"","vid_membership_action":"content-video","vm_video_trailer_url":"","vid_download_type":"free","vid_download_target":"download","vid_woo_product":"","vm_media_download":"","user_rating":"","user_rating_position":"","user_rating_mode":"","user_rating_multi_sets":""},"video_auto_fetch_settings":{"vm_video_fetch":"on"},"video_fake_views_likes":{"vm_fake_views":"","vm_fake_likes":"","vm_fake_dislikes":""},"gallery_settings":{"gallery_position":""},"quote_settings":{"quote_position":""},"post_options":{"main_layout":"","main_logo":"","main_logo_retina":"","main_logo_mobile":"","main_logo_mobile_retina":"","sticky_logo":"","sticky_logo_retina":"","main_nav_layout":"","header_background":"","theme_sidebar":"","single_post_comment_type":"","theme_background":""}},"_links":{"self":[{"href":"https:\/\/canal7slp.tv\/2019\/wp-json\/wp\/v2\/posts\/40479","targetHints":{"allow":["GET"]}}],"collection":[{"href":"https:\/\/canal7slp.tv\/2019\/wp-json\/wp\/v2\/posts"}],"about":[{"href":"https:\/\/canal7slp.tv\/2019\/wp-json\/wp\/v2\/types\/post"}],"author":[{"embeddable":true,"href":"https:\/\/canal7slp.tv\/2019\/wp-json\/wp\/v2\/users\/2"}],"replies":[{"embeddable":true,"href":"https:\/\/canal7slp.tv\/2019\/wp-json\/wp\/v2\/comments?post=40479"}],"version-history":[{"count":0,"href":"https:\/\/canal7slp.tv\/2019\/wp-json\/wp\/v2\/posts\/40479\/revisions"}],"wp:featuredmedia":[{"embeddable":true,"href":"https:\/\/canal7slp.tv\/2019\/wp-json\/wp\/v2\/media\/40504"}],"wp:attachment":[{"href":"https:\/\/canal7slp.tv\/2019\/wp-json\/wp\/v2\/media?parent=40479"}],"wp:term":[{"taxonomy":"category","embeddable":true,"href":"https:\/\/canal7slp.tv\/2019\/wp-json\/wp\/v2\/categories?post=40479"},{"taxonomy":"post_tag","embeddable":true,"href":"https:\/\/canal7slp.tv\/2019\/wp-json\/wp\/v2\/tags?post=40479"}],"curies":[{"name":"wp","href":"https:\/\/api.w.org\/{rel}","templated":true}]}}