{"id":40387,"date":"2019-07-26T18:40:41","date_gmt":"2019-07-26T23:40:41","guid":{"rendered":"https:\/\/canal7slp.tv\/2019\/?p=40387"},"modified":"2019-07-26T18:40:41","modified_gmt":"2019-07-26T23:40:41","slug":"congreso-realizara-periodo-extraordinario-de-sesiones-el-1-de-agosto","status":"publish","type":"post","link":"https:\/\/canal7slp.tv\/2019\/congreso-realizara-periodo-extraordinario-de-sesiones-el-1-de-agosto\/","title":{"rendered":"Congreso realizar\u00e1 Periodo Extraordinario de Sesiones el 1 de Agosto"},"content":{"rendered":"<p style=\"text-align: justify;\">SLP.- En sesi\u00f3n de la Diputaci\u00f3n Permanente de la LXII Legislatura se aprob\u00f3 convocar a un periodo extraordinario sesiones el pr\u00f3ximo jueves primero de agosto del a\u00f1o en curso, en donde se pondr\u00e1 a consideraci\u00f3n de pleno del Congreso del Estado, para su an\u00e1lisis y posible aprobaci\u00f3n \u00a016 dict\u00e1menes con proyecto de decreto y ocho dict\u00e1menes con proyecto de resoluci\u00f3n.<\/p>\n<p style=\"text-align: justify;\">\n<p style=\"text-align: justify;\">La presidenta de la Directiva del Congreso del Estado, diputada Sonia Mendoza D\u00edaz, precis\u00f3 \u201cen el Poder Legislativo existe un trabajo permanente al interior de las comisiones, por ello, ahora estamos convocando a un periodo extraordinario para sacar adelante las iniciativas de reformas a la ley\u201d.<\/p>\n<p style=\"text-align: justify;\">\n<p style=\"text-align: justify;\">\u201cSe van a poner ante el pleno proyectos de decreto y proyectos de resoluci\u00f3n que ya fueron aprobados en comisiones. El objetivo es sacar adelante el mayor n\u00famero de iniciativas que se encuentran pendientes de resoluci\u00f3n para evitar el rezago legislativo\u201d, sostuvo.<\/p>\n<p style=\"text-align: justify;\">\n<p style=\"text-align: justify;\">Entre los proyectos de decreto que ser\u00e1n puestos a consideraci\u00f3n del pleno del Congreso del Estado en la pr\u00f3xima sesi\u00f3n extraordinaria, se encuentran: reformas a los art\u00edculos 7 y 8 de la Ley Ambiental del Estado, reformas al art\u00edculo 9 de la Ley de Juicio Pol\u00edtico del Estado, reformas al art\u00edculo 41 de la ley Org\u00e1nica de la Administraci\u00f3n P\u00fablica del Estado.<\/p>\n<p style=\"text-align: justify;\">\n<p style=\"text-align: justify;\">El proyecto de decreto para reformar el art\u00edculo 46 de la Ley para la Prevenci\u00f3n y Manejo Integral e Institucional de los Incendios Forestales para el Estado,\u00a0 reforma al art\u00edculo 25 de la Ley de Fiscalizaci\u00f3n y rendici\u00f3n de Cuentas del Estado y la reforma al art\u00edculo 29 de la Ley de Asistencia Social para el Estado.<\/p>\n<p style=\"text-align: justify;\">\n<p style=\"text-align: justify;\">Asimismo, en la sesi\u00f3n de la Diputaci\u00f3n Permanente, se dio entrada a cinco iniciativas de reformas a la ley, entre ellas: Reformar el art\u00edculo 21 de la Ley de Deuda P\u00fablica del Estado y Municipios de San Luis Potos\u00ed, reformar el art\u00edculo 9 de la ley de Deuda P\u00fablica del Estado y municipios de San Luis Potos\u00ed, y refo9rmar el art\u00edculo 63 de la Ley de Fiscalizaci\u00f3n y Rendici\u00f3n de Cuentas del Estado de San Luis Potos\u00ed, las cuales, fueron turnadas a diversas comisiones legislativas para su an\u00e1lisis y posible aprobaci\u00f3n,<\/p>\n<p style=\"text-align: justify;\">\n<p style=\"text-align: justify;\">En su caso se planteara al pleno la propuesta de la Junta de Coordinaci\u00f3n Pol\u00edtica para integrar la Comisi\u00f3n Jurisdiccional que se encargar\u00e1 de substanciar el procedimiento de juicio pol\u00edtico, en contra de las exlegisladoras Mar\u00eda rebeca Ter\u00e1n Guevara y Xitl\u00e1lic S\u00e1nchez Serv\u00edn, integrantes de la LXI Legislatura.<\/p>\n<p style=\"text-align: justify;\">\n<p style=\"text-align: justify;\">Adem\u00e1s, se recibi\u00f3 correspondencia de los diferentes Poderes, Ayuntamientos y entes aut\u00f3nomos. Agotados los asuntos se convoc\u00f3 a sesi\u00f3n de la Diputaci\u00f3n Permanente paran el pr\u00f3ximo jueves primero de agosto del a\u00f1o en curso, a las 09:00 horas en el sal\u00f3n de pleno \u201cPonciano Arriaga Leija\u201d, ubicado en Jard\u00edn Hidalgo 19, y a sesi\u00f3n extraordinaria a las 10:00 horas.<\/p>\n","protected":false},"excerpt":{"rendered":"<p>SLP.- En sesi\u00f3n de la Diputaci\u00f3n Permanente de la LXII Legislatura se aprob\u00f3 convocar a un periodo extraordinario sesiones el pr\u00f3ximo jueves primero de agosto del a\u00f1o en curso, en donde se pondr\u00e1 a consideraci\u00f3n de pleno del Congreso del Estado, para su an\u00e1lisis y posible aprobaci\u00f3n \u00a016 dict\u00e1menes con proyecto de decreto y ocho [&hellip;]<\/p>\n","protected":false},"author":2,"featured_media":40399,"comment_status":"open","ping_status":"closed","sticky":false,"template":"","format":"standard","meta":{"footnotes":""},"categories":[17],"tags":[109],"class_list":["post-40387","post","type-post","status-publish","format-standard","has-post-thumbnail","hentry","category-localesyregionales","tag-congreso-slp"],"yoast_head":"<!-- This site is optimized with the Yoast SEO plugin v27.4 - https:\/\/yoast.com\/product\/yoast-seo-wordpress\/ -->\n<title>Congreso realizar\u00e1 Periodo Extraordinario de Sesiones el 1 de Agosto - Canal 7 SLP - 2019<\/title>\n<meta name=\"robots\" content=\"index, follow, max-snippet:-1, max-image-preview:large, max-video-preview:-1\" \/>\n<link rel=\"canonical\" href=\"https:\/\/canal7slp.tv\/2019\/congreso-realizara-periodo-extraordinario-de-sesiones-el-1-de-agosto\/\" \/>\n<meta property=\"og:locale\" content=\"es_ES\" \/>\n<meta property=\"og:type\" content=\"article\" \/>\n<meta property=\"og:title\" content=\"Congreso realizar\u00e1 Periodo Extraordinario de Sesiones el 1 de Agosto - Canal 7 SLP - 2019\" \/>\n<meta property=\"og:description\" content=\"SLP.- En sesi\u00f3n de la Diputaci\u00f3n Permanente de la LXII Legislatura se aprob\u00f3 convocar a un periodo extraordinario sesiones el pr\u00f3ximo jueves primero de agosto del a\u00f1o en curso, en donde se pondr\u00e1 a consideraci\u00f3n de pleno del Congreso del Estado, para su an\u00e1lisis y posible aprobaci\u00f3n \u00a016 dict\u00e1menes con proyecto de decreto y ocho [&hellip;]\" \/>\n<meta property=\"og:url\" content=\"https:\/\/canal7slp.tv\/2019\/congreso-realizara-periodo-extraordinario-de-sesiones-el-1-de-agosto\/\" \/>\n<meta property=\"og:site_name\" content=\"Canal 7 SLP - 2019\" \/>\n<meta property=\"article:publisher\" content=\"https:\/\/www.facebook.com\/CANAL7SLP\/\" \/>\n<meta property=\"article:published_time\" content=\"2019-07-26T23:40:41+00:00\" \/>\n<meta property=\"og:image\" content=\"https:\/\/canal7slp.tv\/2019\/wp-content\/uploads\/2019\/07\/c3-15.jpg\" \/>\n\t<meta property=\"og:image:width\" content=\"936\" \/>\n\t<meta property=\"og:image:height\" content=\"648\" \/>\n\t<meta property=\"og:image:type\" content=\"image\/jpeg\" \/>\n<meta name=\"author\" content=\"edicionweb\" \/>\n<meta name=\"twitter:card\" content=\"summary_large_image\" \/>\n<meta name=\"twitter:creator\" content=\"@canal7_slp\" \/>\n<meta name=\"twitter:site\" content=\"@canal7_slp\" \/>\n<meta name=\"twitter:label1\" content=\"Escrito por\" \/>\n\t<meta name=\"twitter:data1\" content=\"edicionweb\" \/>\n\t<meta name=\"twitter:label2\" content=\"Tiempo de lectura\" \/>\n\t<meta name=\"twitter:data2\" content=\"3 minutos\" \/>\n<script type=\"application\/ld+json\" class=\"yoast-schema-graph\">{\"@context\":\"https:\\\/\\\/schema.org\",\"@graph\":[{\"@type\":\"Article\",\"@id\":\"https:\\\/\\\/canal7slp.tv\\\/2019\\\/congreso-realizara-periodo-extraordinario-de-sesiones-el-1-de-agosto\\\/#article\",\"isPartOf\":{\"@id\":\"https:\\\/\\\/canal7slp.tv\\\/2019\\\/congreso-realizara-periodo-extraordinario-de-sesiones-el-1-de-agosto\\\/\"},\"author\":{\"name\":\"edicionweb\",\"@id\":\"https:\\\/\\\/canal7slp.tv\\\/2019\\\/#\\\/schema\\\/person\\\/11d941c1c6ca30ac0a46b95fa37aa2e3\"},\"headline\":\"Congreso realizar\u00e1 Periodo Extraordinario de Sesiones el 1 de Agosto\",\"datePublished\":\"2019-07-26T23:40:41+00:00\",\"mainEntityOfPage\":{\"@id\":\"https:\\\/\\\/canal7slp.tv\\\/2019\\\/congreso-realizara-periodo-extraordinario-de-sesiones-el-1-de-agosto\\\/\"},\"wordCount\":522,\"commentCount\":0,\"publisher\":{\"@id\":\"https:\\\/\\\/canal7slp.tv\\\/2019\\\/#organization\"},\"image\":{\"@id\":\"https:\\\/\\\/canal7slp.tv\\\/2019\\\/congreso-realizara-periodo-extraordinario-de-sesiones-el-1-de-agosto\\\/#primaryimage\"},\"thumbnailUrl\":\"https:\\\/\\\/canal7slp.tv\\\/2019\\\/wp-content\\\/uploads\\\/2019\\\/07\\\/c3-15.jpg\",\"keywords\":[\"Congreso SLP\"],\"articleSection\":[\"LOCALES Y REGIONALES\"],\"inLanguage\":\"es\",\"potentialAction\":[{\"@type\":\"CommentAction\",\"name\":\"Comment\",\"target\":[\"https:\\\/\\\/canal7slp.tv\\\/2019\\\/congreso-realizara-periodo-extraordinario-de-sesiones-el-1-de-agosto\\\/#respond\"]}]},{\"@type\":\"WebPage\",\"@id\":\"https:\\\/\\\/canal7slp.tv\\\/2019\\\/congreso-realizara-periodo-extraordinario-de-sesiones-el-1-de-agosto\\\/\",\"url\":\"https:\\\/\\\/canal7slp.tv\\\/2019\\\/congreso-realizara-periodo-extraordinario-de-sesiones-el-1-de-agosto\\\/\",\"name\":\"Congreso realizar\u00e1 Periodo Extraordinario de Sesiones el 1 de Agosto - Canal 7 SLP - 2019\",\"isPartOf\":{\"@id\":\"https:\\\/\\\/canal7slp.tv\\\/2019\\\/#website\"},\"primaryImageOfPage\":{\"@id\":\"https:\\\/\\\/canal7slp.tv\\\/2019\\\/congreso-realizara-periodo-extraordinario-de-sesiones-el-1-de-agosto\\\/#primaryimage\"},\"image\":{\"@id\":\"https:\\\/\\\/canal7slp.tv\\\/2019\\\/congreso-realizara-periodo-extraordinario-de-sesiones-el-1-de-agosto\\\/#primaryimage\"},\"thumbnailUrl\":\"https:\\\/\\\/canal7slp.tv\\\/2019\\\/wp-content\\\/uploads\\\/2019\\\/07\\\/c3-15.jpg\",\"datePublished\":\"2019-07-26T23:40:41+00:00\",\"breadcrumb\":{\"@id\":\"https:\\\/\\\/canal7slp.tv\\\/2019\\\/congreso-realizara-periodo-extraordinario-de-sesiones-el-1-de-agosto\\\/#breadcrumb\"},\"inLanguage\":\"es\",\"potentialAction\":[{\"@type\":\"ReadAction\",\"target\":[\"https:\\\/\\\/canal7slp.tv\\\/2019\\\/congreso-realizara-periodo-extraordinario-de-sesiones-el-1-de-agosto\\\/\"]}]},{\"@type\":\"ImageObject\",\"inLanguage\":\"es\",\"@id\":\"https:\\\/\\\/canal7slp.tv\\\/2019\\\/congreso-realizara-periodo-extraordinario-de-sesiones-el-1-de-agosto\\\/#primaryimage\",\"url\":\"https:\\\/\\\/canal7slp.tv\\\/2019\\\/wp-content\\\/uploads\\\/2019\\\/07\\\/c3-15.jpg\",\"contentUrl\":\"https:\\\/\\\/canal7slp.tv\\\/2019\\\/wp-content\\\/uploads\\\/2019\\\/07\\\/c3-15.jpg\",\"width\":936,\"height\":648},{\"@type\":\"BreadcrumbList\",\"@id\":\"https:\\\/\\\/canal7slp.tv\\\/2019\\\/congreso-realizara-periodo-extraordinario-de-sesiones-el-1-de-agosto\\\/#breadcrumb\",\"itemListElement\":[{\"@type\":\"ListItem\",\"position\":1,\"name\":\"Home\",\"item\":\"https:\\\/\\\/canal7slp.tv\\\/2019\\\/\"},{\"@type\":\"ListItem\",\"position\":2,\"name\":\"Congreso realizar\u00e1 Periodo Extraordinario de Sesiones el 1 de Agosto\"}]},{\"@type\":\"WebSite\",\"@id\":\"https:\\\/\\\/canal7slp.tv\\\/2019\\\/#website\",\"url\":\"https:\\\/\\\/canal7slp.tv\\\/2019\\\/\",\"name\":\"Canal 7 SLP - Somos TV\",\"description\":\"Somos un Canal de 10\",\"publisher\":{\"@id\":\"https:\\\/\\\/canal7slp.tv\\\/2019\\\/#organization\"},\"potentialAction\":[{\"@type\":\"SearchAction\",\"target\":{\"@type\":\"EntryPoint\",\"urlTemplate\":\"https:\\\/\\\/canal7slp.tv\\\/2019\\\/?s={search_term_string}\"},\"query-input\":{\"@type\":\"PropertyValueSpecification\",\"valueRequired\":true,\"valueName\":\"search_term_string\"}}],\"inLanguage\":\"es\"},{\"@type\":\"Organization\",\"@id\":\"https:\\\/\\\/canal7slp.tv\\\/2019\\\/#organization\",\"name\":\"Comunicaci\u00f3n 2000 S.A. de C.V.\",\"url\":\"https:\\\/\\\/canal7slp.tv\\\/2019\\\/\",\"logo\":{\"@type\":\"ImageObject\",\"inLanguage\":\"es\",\"@id\":\"https:\\\/\\\/canal7slp.tv\\\/2019\\\/#\\\/schema\\\/logo\\\/image\\\/\",\"url\":\"https:\\\/\\\/canal7slp.tv\\\/2019\\\/wp-content\\\/uploads\\\/2019\\\/07\\\/logo-c7.png\",\"contentUrl\":\"https:\\\/\\\/canal7slp.tv\\\/2019\\\/wp-content\\\/uploads\\\/2019\\\/07\\\/logo-c7.png\",\"width\":220,\"height\":60,\"caption\":\"Comunicaci\u00f3n 2000 S.A. de C.V.\"},\"image\":{\"@id\":\"https:\\\/\\\/canal7slp.tv\\\/2019\\\/#\\\/schema\\\/logo\\\/image\\\/\"},\"sameAs\":[\"https:\\\/\\\/www.facebook.com\\\/CANAL7SLP\\\/\",\"https:\\\/\\\/x.com\\\/canal7_slp\",\"https:\\\/\\\/www.instagram.com\\\/canal7_slp\",\"https:\\\/\\\/www.youtube.com\\\/user\\\/NOTICIEROSCANAL7SLP\\\/\"]},{\"@type\":\"Person\",\"@id\":\"https:\\\/\\\/canal7slp.tv\\\/2019\\\/#\\\/schema\\\/person\\\/11d941c1c6ca30ac0a46b95fa37aa2e3\",\"name\":\"edicionweb\",\"image\":{\"@type\":\"ImageObject\",\"inLanguage\":\"es\",\"@id\":\"https:\\\/\\\/secure.gravatar.com\\\/avatar\\\/eee448fc3f7164808013b816ba91ac7e43bbe82a70bebac296f8bc6f0addaa1a?s=96&d=mm&r=g\",\"url\":\"https:\\\/\\\/secure.gravatar.com\\\/avatar\\\/eee448fc3f7164808013b816ba91ac7e43bbe82a70bebac296f8bc6f0addaa1a?s=96&d=mm&r=g\",\"contentUrl\":\"https:\\\/\\\/secure.gravatar.com\\\/avatar\\\/eee448fc3f7164808013b816ba91ac7e43bbe82a70bebac296f8bc6f0addaa1a?s=96&d=mm&r=g\",\"caption\":\"edicionweb\"}}]}<\/script>\n<!-- \/ Yoast SEO plugin. -->","yoast_head_json":{"title":"Congreso realizar\u00e1 Periodo Extraordinario de Sesiones el 1 de Agosto - Canal 7 SLP - 2019","robots":{"index":"index","follow":"follow","max-snippet":"max-snippet:-1","max-image-preview":"max-image-preview:large","max-video-preview":"max-video-preview:-1"},"canonical":"https:\/\/canal7slp.tv\/2019\/congreso-realizara-periodo-extraordinario-de-sesiones-el-1-de-agosto\/","og_locale":"es_ES","og_type":"article","og_title":"Congreso realizar\u00e1 Periodo Extraordinario de Sesiones el 1 de Agosto - Canal 7 SLP - 2019","og_description":"SLP.- En sesi\u00f3n de la Diputaci\u00f3n Permanente de la LXII Legislatura se aprob\u00f3 convocar a un periodo extraordinario sesiones el pr\u00f3ximo jueves primero de agosto del a\u00f1o en curso, en donde se pondr\u00e1 a consideraci\u00f3n de pleno del Congreso del Estado, para su an\u00e1lisis y posible aprobaci\u00f3n \u00a016 dict\u00e1menes con proyecto de decreto y ocho [&hellip;]","og_url":"https:\/\/canal7slp.tv\/2019\/congreso-realizara-periodo-extraordinario-de-sesiones-el-1-de-agosto\/","og_site_name":"Canal 7 SLP - 2019","article_publisher":"https:\/\/www.facebook.com\/CANAL7SLP\/","article_published_time":"2019-07-26T23:40:41+00:00","og_image":[{"width":936,"height":648,"url":"https:\/\/canal7slp.tv\/2019\/wp-content\/uploads\/2019\/07\/c3-15.jpg","type":"image\/jpeg"}],"author":"edicionweb","twitter_card":"summary_large_image","twitter_creator":"@canal7_slp","twitter_site":"@canal7_slp","twitter_misc":{"Escrito por":"edicionweb","Tiempo de lectura":"3 minutos"},"schema":{"@context":"https:\/\/schema.org","@graph":[{"@type":"Article","@id":"https:\/\/canal7slp.tv\/2019\/congreso-realizara-periodo-extraordinario-de-sesiones-el-1-de-agosto\/#article","isPartOf":{"@id":"https:\/\/canal7slp.tv\/2019\/congreso-realizara-periodo-extraordinario-de-sesiones-el-1-de-agosto\/"},"author":{"name":"edicionweb","@id":"https:\/\/canal7slp.tv\/2019\/#\/schema\/person\/11d941c1c6ca30ac0a46b95fa37aa2e3"},"headline":"Congreso realizar\u00e1 Periodo Extraordinario de Sesiones el 1 de Agosto","datePublished":"2019-07-26T23:40:41+00:00","mainEntityOfPage":{"@id":"https:\/\/canal7slp.tv\/2019\/congreso-realizara-periodo-extraordinario-de-sesiones-el-1-de-agosto\/"},"wordCount":522,"commentCount":0,"publisher":{"@id":"https:\/\/canal7slp.tv\/2019\/#organization"},"image":{"@id":"https:\/\/canal7slp.tv\/2019\/congreso-realizara-periodo-extraordinario-de-sesiones-el-1-de-agosto\/#primaryimage"},"thumbnailUrl":"https:\/\/canal7slp.tv\/2019\/wp-content\/uploads\/2019\/07\/c3-15.jpg","keywords":["Congreso SLP"],"articleSection":["LOCALES Y REGIONALES"],"inLanguage":"es","potentialAction":[{"@type":"CommentAction","name":"Comment","target":["https:\/\/canal7slp.tv\/2019\/congreso-realizara-periodo-extraordinario-de-sesiones-el-1-de-agosto\/#respond"]}]},{"@type":"WebPage","@id":"https:\/\/canal7slp.tv\/2019\/congreso-realizara-periodo-extraordinario-de-sesiones-el-1-de-agosto\/","url":"https:\/\/canal7slp.tv\/2019\/congreso-realizara-periodo-extraordinario-de-sesiones-el-1-de-agosto\/","name":"Congreso realizar\u00e1 Periodo Extraordinario de Sesiones el 1 de Agosto - Canal 7 SLP - 2019","isPartOf":{"@id":"https:\/\/canal7slp.tv\/2019\/#website"},"primaryImageOfPage":{"@id":"https:\/\/canal7slp.tv\/2019\/congreso-realizara-periodo-extraordinario-de-sesiones-el-1-de-agosto\/#primaryimage"},"image":{"@id":"https:\/\/canal7slp.tv\/2019\/congreso-realizara-periodo-extraordinario-de-sesiones-el-1-de-agosto\/#primaryimage"},"thumbnailUrl":"https:\/\/canal7slp.tv\/2019\/wp-content\/uploads\/2019\/07\/c3-15.jpg","datePublished":"2019-07-26T23:40:41+00:00","breadcrumb":{"@id":"https:\/\/canal7slp.tv\/2019\/congreso-realizara-periodo-extraordinario-de-sesiones-el-1-de-agosto\/#breadcrumb"},"inLanguage":"es","potentialAction":[{"@type":"ReadAction","target":["https:\/\/canal7slp.tv\/2019\/congreso-realizara-periodo-extraordinario-de-sesiones-el-1-de-agosto\/"]}]},{"@type":"ImageObject","inLanguage":"es","@id":"https:\/\/canal7slp.tv\/2019\/congreso-realizara-periodo-extraordinario-de-sesiones-el-1-de-agosto\/#primaryimage","url":"https:\/\/canal7slp.tv\/2019\/wp-content\/uploads\/2019\/07\/c3-15.jpg","contentUrl":"https:\/\/canal7slp.tv\/2019\/wp-content\/uploads\/2019\/07\/c3-15.jpg","width":936,"height":648},{"@type":"BreadcrumbList","@id":"https:\/\/canal7slp.tv\/2019\/congreso-realizara-periodo-extraordinario-de-sesiones-el-1-de-agosto\/#breadcrumb","itemListElement":[{"@type":"ListItem","position":1,"name":"Home","item":"https:\/\/canal7slp.tv\/2019\/"},{"@type":"ListItem","position":2,"name":"Congreso realizar\u00e1 Periodo Extraordinario de Sesiones el 1 de Agosto"}]},{"@type":"WebSite","@id":"https:\/\/canal7slp.tv\/2019\/#website","url":"https:\/\/canal7slp.tv\/2019\/","name":"Canal 7 SLP - Somos TV","description":"Somos un Canal de 10","publisher":{"@id":"https:\/\/canal7slp.tv\/2019\/#organization"},"potentialAction":[{"@type":"SearchAction","target":{"@type":"EntryPoint","urlTemplate":"https:\/\/canal7slp.tv\/2019\/?s={search_term_string}"},"query-input":{"@type":"PropertyValueSpecification","valueRequired":true,"valueName":"search_term_string"}}],"inLanguage":"es"},{"@type":"Organization","@id":"https:\/\/canal7slp.tv\/2019\/#organization","name":"Comunicaci\u00f3n 2000 S.A. de C.V.","url":"https:\/\/canal7slp.tv\/2019\/","logo":{"@type":"ImageObject","inLanguage":"es","@id":"https:\/\/canal7slp.tv\/2019\/#\/schema\/logo\/image\/","url":"https:\/\/canal7slp.tv\/2019\/wp-content\/uploads\/2019\/07\/logo-c7.png","contentUrl":"https:\/\/canal7slp.tv\/2019\/wp-content\/uploads\/2019\/07\/logo-c7.png","width":220,"height":60,"caption":"Comunicaci\u00f3n 2000 S.A. de C.V."},"image":{"@id":"https:\/\/canal7slp.tv\/2019\/#\/schema\/logo\/image\/"},"sameAs":["https:\/\/www.facebook.com\/CANAL7SLP\/","https:\/\/x.com\/canal7_slp","https:\/\/www.instagram.com\/canal7_slp","https:\/\/www.youtube.com\/user\/NOTICIEROSCANAL7SLP\/"]},{"@type":"Person","@id":"https:\/\/canal7slp.tv\/2019\/#\/schema\/person\/11d941c1c6ca30ac0a46b95fa37aa2e3","name":"edicionweb","image":{"@type":"ImageObject","inLanguage":"es","@id":"https:\/\/secure.gravatar.com\/avatar\/eee448fc3f7164808013b816ba91ac7e43bbe82a70bebac296f8bc6f0addaa1a?s=96&d=mm&r=g","url":"https:\/\/secure.gravatar.com\/avatar\/eee448fc3f7164808013b816ba91ac7e43bbe82a70bebac296f8bc6f0addaa1a?s=96&d=mm&r=g","contentUrl":"https:\/\/secure.gravatar.com\/avatar\/eee448fc3f7164808013b816ba91ac7e43bbe82a70bebac296f8bc6f0addaa1a?s=96&d=mm&r=g","caption":"edicionweb"}}]}},"amp_enabled":true,"cmb2":{"video_ids_in_playlist":{"vid_p_videos":""},"video_ids_in_channel":{"vid_c_videos":""},"playlist_ids_in_channel":{"vid_c_playlists":""},"series_ids_in_channel":{"vid_c_series":""},"channel_images":{"vid_c_logo":"","vid_c_banner":""},"poster_feature_image":{"vid_m_poster_image":""},"gif_feature_image":{"vid_m_gif_image":""},"video_movie_settings":{"vid_m_director":"","vid_m_actor":"","vid_m_imdb_ratings":"","vid_m_amazon_associates":""},"vid_youtube_broadcasts_settings":{"vid_yb_broadcast_title":"","vid_yb_q":"","vid_yb_channelid":"","vid_yb_videocategoryid":"","vid_yb_maxresults":"","vid_yb_order":"","vid_yb_regioncode":"","vid_yb_videosyndicated":"","vid_yb_style":"","vid_yb_reload_first":""},"video_series_settings":{"vid_m_director":"","vid_m_actor":"","vid_m_imdb_ratings":"","video_series_group":""},"amazon_associates_settings":{"amazon_associates":"","amazon_native_ad":""},"vid_youtube_automatic_settings":{"vid_ya_youtube_source":"","vid_ya_update_every":"","vid_ya_update_unit":"","vid_ya_categories":"","vid_ya_published_after":"","vid_ya_published_before":"","vid_ya_playlists":"","vid_ya_channels":"","vid_ya_director":"","vid_ya_actor":"","vid_ya_author":"","vid_ya_import_post_date":"","vid_ya_status":"","vid_ya_sub_api_key":""},"vid_ads_m_videoads_settings_post":{"vid_ads_m_video_ads":"","vid_ads_m_video_ads_type":"","vid_ads_m_group_google_ima":"","vid_ads_m_group_image":"","vid_ads_m_group_html5_video":"","vid_ads_m_group_html":"","vid_ads_m_vast_preroll":"","vid_ads_m_vast_postroll":"","vid_ads_m_vast_pauseroll":"","vid_ads_m_vast_midroll":[{"vid_ads_m_vast_timer_seconds":"50"}],"vid_ads_m_time_to_show_ads":"","vid_ads_m_time_skip_ads":"","vid_ads_m_time_to_hide_ads":""},"page_slider_settings":{"display_slider_group":"","page_slider_group":""},"blog_page_settings":{"blog_page_title":"","blog_page_heading":"","blog_page_ic":"","blog_page_it":"","blog_page_ec":"","blog_page_ip":"","archive_loop_style":"","blog_image_ratio":"","blog_show_categories":"","blog_show_excerpt":"","blog_show_author":"","blog_show_date":"","blog_show_comment_count":"","blog_show_view_count":"","blog_show_like_count":"","blog_show_dislike_count":"","blog_items_per_page":"","blog_pag_type":""},"page_options":{"get_page_template":"","color_mode":"","main_layout":"","main_layout_full_with":"","main_logo":"","main_logo_retina":"","main_logo_mobile":"","main_logo_mobile_retina":"","sticky_logo":"","sticky_logo_retina":"","main_nav_layout":"","ajax_search":"","header_background":"","theme_sidebar":"","instagram_feed":"","instagram_feed_position":"","popular_videos":"","popular_videos_title_1":"","popular_videos_title_2":"","popular_videos_ic":"","popular_videos_it":"","theme_background":"","page_custom_css":""},"feature_image_settings":{"feature_image_position":""},"video_player_settings":{"single_video_style":"","video_player_position":"","vm_video_url":"","video_player_library":"","video_streaming":"","vm_media_sources":"","vid_auto_play":"","vm_video_shortcode":"","vid_p_sync_playlist":"","vid_c_sync_channel":"","get_post_format":"","multiple_links_structure":"default","multi_links_title":"","vm_video_multi_links":"","vm_duration":"","vid_social_locker":"off","vid_social_locker_id":"","vid_membership_action":"content-video","vm_video_trailer_url":"","vid_download_type":"free","vid_download_target":"download","vid_woo_product":"","vm_media_download":"","user_rating":"","user_rating_position":"","user_rating_mode":"","user_rating_multi_sets":""},"video_auto_fetch_settings":{"vm_video_fetch":"on"},"video_fake_views_likes":{"vm_fake_views":"","vm_fake_likes":"","vm_fake_dislikes":""},"gallery_settings":{"gallery_position":""},"quote_settings":{"quote_position":""},"post_options":{"main_layout":"","main_logo":"","main_logo_retina":"","main_logo_mobile":"","main_logo_mobile_retina":"","sticky_logo":"","sticky_logo_retina":"","main_nav_layout":"","header_background":"","theme_sidebar":"","single_post_comment_type":"","theme_background":""}},"_links":{"self":[{"href":"https:\/\/canal7slp.tv\/2019\/wp-json\/wp\/v2\/posts\/40387","targetHints":{"allow":["GET"]}}],"collection":[{"href":"https:\/\/canal7slp.tv\/2019\/wp-json\/wp\/v2\/posts"}],"about":[{"href":"https:\/\/canal7slp.tv\/2019\/wp-json\/wp\/v2\/types\/post"}],"author":[{"embeddable":true,"href":"https:\/\/canal7slp.tv\/2019\/wp-json\/wp\/v2\/users\/2"}],"replies":[{"embeddable":true,"href":"https:\/\/canal7slp.tv\/2019\/wp-json\/wp\/v2\/comments?post=40387"}],"version-history":[{"count":0,"href":"https:\/\/canal7slp.tv\/2019\/wp-json\/wp\/v2\/posts\/40387\/revisions"}],"wp:featuredmedia":[{"embeddable":true,"href":"https:\/\/canal7slp.tv\/2019\/wp-json\/wp\/v2\/media\/40399"}],"wp:attachment":[{"href":"https:\/\/canal7slp.tv\/2019\/wp-json\/wp\/v2\/media?parent=40387"}],"wp:term":[{"taxonomy":"category","embeddable":true,"href":"https:\/\/canal7slp.tv\/2019\/wp-json\/wp\/v2\/categories?post=40387"},{"taxonomy":"post_tag","embeddable":true,"href":"https:\/\/canal7slp.tv\/2019\/wp-json\/wp\/v2\/tags?post=40387"}],"curies":[{"name":"wp","href":"https:\/\/api.w.org\/{rel}","templated":true}]}}