{"id":40366,"date":"2019-07-26T18:30:52","date_gmt":"2019-07-26T23:30:52","guid":{"rendered":"https:\/\/canal7slp.tv\/2019\/?p=40366"},"modified":"2019-07-26T18:30:52","modified_gmt":"2019-07-26T23:30:52","slug":"comision-aprueba-reformas-legislativas-para-atencion-en-seguridad","status":"publish","type":"post","link":"https:\/\/canal7slp.tv\/2019\/comision-aprueba-reformas-legislativas-para-atencion-en-seguridad\/","title":{"rendered":"Comisi\u00f3n aprueba reformas legislativas para atenci\u00f3n en seguridad"},"content":{"rendered":"<p style=\"text-align: justify;\">SLP.- En sesi\u00f3n de trabajo, la Comisi\u00f3n de Seguridad P\u00fablica, Prevenci\u00f3n y Reinserci\u00f3n Social de la LXII Legislatura, aprob\u00f3 la iniciativa de reforma a Ley General del Sistema Nacional de Seguridad P\u00fablica, que busca establecer que las Instituciones de Seguridad P\u00fablica locales y municipales, en uso de sus atribuciones y capacidades deber\u00e1n de cumplir con un est\u00e1ndar m\u00ednimo de 1.8 elementos operativos en activo, por cada mil habitantes. Los mismos deber\u00e1n de satisfacer los requisitos de formaci\u00f3n, capacitaci\u00f3n y profesionalizaci\u00f3n que ordena esta Ley y las dem\u00e1s aplicables.<\/p>\n<p style=\"text-align: justify;\">A esta sesi\u00f3n de trabajo, asisti\u00f3 la presidenta de la Comisi\u00f3n de Seguridad P\u00fablica, Prevenci\u00f3n y Reinserci\u00f3n Social de la LXII Legislatura, diputada Beatriz Benavente Rodr\u00edguez, el vicepresidente diputado Rub\u00e9n Guajardo Barrera, la secretaria la diputada Ang\u00e9lica Mendoza Camacho y el vocal diputado Pedro C\u00e9sar Carrizales Becerra.<\/p>\n<p style=\"text-align: justify;\">Esta iniciativa busca reformar los art\u00edculos, 5 en su fracci\u00f3n XVI, y 144 en sus fracciones, VIII, y IX; y adicionar a los art\u00edculos, 5 la fracci\u00f3n XVII, 6 el p\u00e1rrafo segundo, y 144 la fracci\u00f3n X, de la Ley General del Sistema Nacional de Seguridad P\u00fablica, presentada por el diputado Pedro Carrizales Becerra.<\/p>\n<p style=\"text-align: justify;\">Adem\u00e1s, se consider\u00f3 que al ser una iniciativa para reformar una Ley Nacional, se justific\u00f3 con base en lo dispuesto por los art\u00edculos, 57 en su fracci\u00f3n II de la Constituci\u00f3n Pol\u00edtica del Estado; y 15 en su fracci\u00f3n VI de la Ley Org\u00e1nica del Poder Legislativo, que el Congreso de la Entidad es competente para conocer de las iniciativas que buscan promover una modificaci\u00f3n a una Ley Federal, y presentarlas como propuestas al<\/p>\n<p style=\"text-align: justify;\">Congreso de la Uni\u00f3n, ya que de acuerdo con la fracci\u00f3n III del art\u00edculo 71 del C\u00f3digo Pol\u00edtico Federal, las legislaturas de las entidades tienen facultad de iniciativa ante esa instancia.<\/p>\n<p style=\"text-align: justify;\">Los legisladores reconocieron que la iniciativa tiene como objeto valorar desde una perspectiva integral la situaci\u00f3n de las polic\u00edas estatales y municipales, y construir una estrategia nacional para poder capacitar a todos los polic\u00edas que se integren a las instituciones policiales y concluir las capacitaciones de los ya activos.<\/p>\n<p style=\"text-align: justify;\">Adem\u00e1s se destac\u00f3 que para la reforma al art\u00edculo 5, busca establecer en su fracci\u00f3n XVIII que el Elemento Operativo en Activo: Miembro activo perteneciente a una Instituci\u00f3n Policial que realiza acciones de primer respondiente, prevenci\u00f3n, vigilancia, combate a la delincuencia y atenci\u00f3n de riesgos. Excluyendo a personal administrativo y elementos adscritos a Instituciones de Procuraci\u00f3n de Justicia o del Sistema Penitenciario.<\/p>\n<p style=\"text-align: justify;\">En lo que se refiere al art\u00edculo 6, se plantea que las Instituciones de Seguridad P\u00fablica, locales y municipales, en uso de sus atribuciones y capacidades, deber\u00e1n de cumplir con un est\u00e1ndar m\u00ednimo de 1.8 elementos operativos en activo, por cada mil habitantes. Los mismos deber\u00e1n de satisfacer los requisitos de formaci\u00f3n, capacitaci\u00f3n y profesionalizaci\u00f3n que ordena esta Ley y las dem\u00e1s aplicables.<\/p>\n<p style=\"text-align: justify;\">Adem\u00e1s, se advirti\u00f3 que es un hecho notario que desde hace poco m\u00e1s de 10 a\u00f1os, la seguridad en M\u00e9xico se ha ido deteriorando; esto sin duda obedece a un gran n\u00famero de factores econ\u00f3micos, pol\u00edticos, sociales y culturales, dentro de los que se pueden destacar: 1) actividades vinculadas al crimen organizado; 2) apoderamiento de las polic\u00edas e instituciones p\u00fablicas por parte del crimen organizado; 3) impunidad; 4) deficiencia en los cuerpos policiacos; entre otros.<\/p>\n<p style=\"text-align: justify;\">La iniciativa de reforma a Ley General del Sistema Nacional de Seguridad P\u00fablica que se aprob\u00f3 en la Comisi\u00f3n de Seguridad P\u00fablica, Prevenci\u00f3n y Reinserci\u00f3n Social, ser\u00e1 turnada a la Comisi\u00f3n de Puntos Constitucionales para su an\u00e1lisis y posible aprobaci\u00f3n y en caso de aprobarse se enviar\u00e1 al pleno del Congreso del Estado.<\/p>\n","protected":false},"excerpt":{"rendered":"<p>SLP.- En sesi\u00f3n de trabajo, la Comisi\u00f3n de Seguridad P\u00fablica, Prevenci\u00f3n y Reinserci\u00f3n Social de la LXII Legislatura, aprob\u00f3 la iniciativa de reforma a Ley General del Sistema Nacional de Seguridad P\u00fablica, que busca establecer que las Instituciones de Seguridad P\u00fablica locales y municipales, en uso de sus atribuciones y capacidades deber\u00e1n de cumplir con [&hellip;]<\/p>\n","protected":false},"author":2,"featured_media":40379,"comment_status":"open","ping_status":"closed","sticky":false,"template":"","format":"standard","meta":{"footnotes":""},"categories":[17],"tags":[109],"class_list":["post-40366","post","type-post","status-publish","format-standard","has-post-thumbnail","hentry","category-localesyregionales","tag-congreso-slp"],"yoast_head":"<!-- This site is optimized with the Yoast SEO plugin v27.4 - https:\/\/yoast.com\/product\/yoast-seo-wordpress\/ -->\n<title>Comisi\u00f3n aprueba reformas legislativas para atenci\u00f3n en seguridad - Canal 7 SLP - 2019<\/title>\n<meta name=\"robots\" content=\"index, follow, max-snippet:-1, max-image-preview:large, max-video-preview:-1\" \/>\n<link rel=\"canonical\" href=\"https:\/\/canal7slp.tv\/2019\/comision-aprueba-reformas-legislativas-para-atencion-en-seguridad\/\" \/>\n<meta property=\"og:locale\" content=\"es_ES\" \/>\n<meta property=\"og:type\" content=\"article\" \/>\n<meta property=\"og:title\" content=\"Comisi\u00f3n aprueba reformas legislativas para atenci\u00f3n en seguridad - Canal 7 SLP - 2019\" \/>\n<meta property=\"og:description\" content=\"SLP.- En sesi\u00f3n de trabajo, la Comisi\u00f3n de Seguridad P\u00fablica, Prevenci\u00f3n y Reinserci\u00f3n Social de la LXII Legislatura, aprob\u00f3 la iniciativa de reforma a Ley General del Sistema Nacional de Seguridad P\u00fablica, que busca establecer que las Instituciones de Seguridad P\u00fablica locales y municipales, en uso de sus atribuciones y capacidades deber\u00e1n de cumplir con [&hellip;]\" \/>\n<meta property=\"og:url\" content=\"https:\/\/canal7slp.tv\/2019\/comision-aprueba-reformas-legislativas-para-atencion-en-seguridad\/\" \/>\n<meta property=\"og:site_name\" content=\"Canal 7 SLP - 2019\" \/>\n<meta property=\"article:publisher\" content=\"https:\/\/www.facebook.com\/CANAL7SLP\/\" \/>\n<meta property=\"article:published_time\" content=\"2019-07-26T23:30:52+00:00\" \/>\n<meta property=\"og:image\" content=\"https:\/\/canal7slp.tv\/2019\/wp-content\/uploads\/2019\/07\/c2-15.jpg\" \/>\n\t<meta property=\"og:image:width\" content=\"936\" \/>\n\t<meta property=\"og:image:height\" content=\"648\" \/>\n\t<meta property=\"og:image:type\" content=\"image\/jpeg\" \/>\n<meta name=\"author\" content=\"edicionweb\" \/>\n<meta name=\"twitter:card\" content=\"summary_large_image\" \/>\n<meta name=\"twitter:creator\" content=\"@canal7_slp\" \/>\n<meta name=\"twitter:site\" content=\"@canal7_slp\" \/>\n<meta name=\"twitter:label1\" content=\"Escrito por\" \/>\n\t<meta name=\"twitter:data1\" content=\"edicionweb\" \/>\n\t<meta name=\"twitter:label2\" content=\"Tiempo de lectura\" \/>\n\t<meta name=\"twitter:data2\" content=\"3 minutos\" \/>\n<script type=\"application\/ld+json\" class=\"yoast-schema-graph\">{\"@context\":\"https:\\\/\\\/schema.org\",\"@graph\":[{\"@type\":\"Article\",\"@id\":\"https:\\\/\\\/canal7slp.tv\\\/2019\\\/comision-aprueba-reformas-legislativas-para-atencion-en-seguridad\\\/#article\",\"isPartOf\":{\"@id\":\"https:\\\/\\\/canal7slp.tv\\\/2019\\\/comision-aprueba-reformas-legislativas-para-atencion-en-seguridad\\\/\"},\"author\":{\"name\":\"edicionweb\",\"@id\":\"https:\\\/\\\/canal7slp.tv\\\/2019\\\/#\\\/schema\\\/person\\\/11d941c1c6ca30ac0a46b95fa37aa2e3\"},\"headline\":\"Comisi\u00f3n aprueba reformas legislativas para atenci\u00f3n en seguridad\",\"datePublished\":\"2019-07-26T23:30:52+00:00\",\"mainEntityOfPage\":{\"@id\":\"https:\\\/\\\/canal7slp.tv\\\/2019\\\/comision-aprueba-reformas-legislativas-para-atencion-en-seguridad\\\/\"},\"wordCount\":671,\"commentCount\":0,\"publisher\":{\"@id\":\"https:\\\/\\\/canal7slp.tv\\\/2019\\\/#organization\"},\"image\":{\"@id\":\"https:\\\/\\\/canal7slp.tv\\\/2019\\\/comision-aprueba-reformas-legislativas-para-atencion-en-seguridad\\\/#primaryimage\"},\"thumbnailUrl\":\"https:\\\/\\\/canal7slp.tv\\\/2019\\\/wp-content\\\/uploads\\\/2019\\\/07\\\/c2-15.jpg\",\"keywords\":[\"Congreso SLP\"],\"articleSection\":[\"LOCALES Y REGIONALES\"],\"inLanguage\":\"es\",\"potentialAction\":[{\"@type\":\"CommentAction\",\"name\":\"Comment\",\"target\":[\"https:\\\/\\\/canal7slp.tv\\\/2019\\\/comision-aprueba-reformas-legislativas-para-atencion-en-seguridad\\\/#respond\"]}]},{\"@type\":\"WebPage\",\"@id\":\"https:\\\/\\\/canal7slp.tv\\\/2019\\\/comision-aprueba-reformas-legislativas-para-atencion-en-seguridad\\\/\",\"url\":\"https:\\\/\\\/canal7slp.tv\\\/2019\\\/comision-aprueba-reformas-legislativas-para-atencion-en-seguridad\\\/\",\"name\":\"Comisi\u00f3n aprueba reformas legislativas para atenci\u00f3n en seguridad - Canal 7 SLP - 2019\",\"isPartOf\":{\"@id\":\"https:\\\/\\\/canal7slp.tv\\\/2019\\\/#website\"},\"primaryImageOfPage\":{\"@id\":\"https:\\\/\\\/canal7slp.tv\\\/2019\\\/comision-aprueba-reformas-legislativas-para-atencion-en-seguridad\\\/#primaryimage\"},\"image\":{\"@id\":\"https:\\\/\\\/canal7slp.tv\\\/2019\\\/comision-aprueba-reformas-legislativas-para-atencion-en-seguridad\\\/#primaryimage\"},\"thumbnailUrl\":\"https:\\\/\\\/canal7slp.tv\\\/2019\\\/wp-content\\\/uploads\\\/2019\\\/07\\\/c2-15.jpg\",\"datePublished\":\"2019-07-26T23:30:52+00:00\",\"breadcrumb\":{\"@id\":\"https:\\\/\\\/canal7slp.tv\\\/2019\\\/comision-aprueba-reformas-legislativas-para-atencion-en-seguridad\\\/#breadcrumb\"},\"inLanguage\":\"es\",\"potentialAction\":[{\"@type\":\"ReadAction\",\"target\":[\"https:\\\/\\\/canal7slp.tv\\\/2019\\\/comision-aprueba-reformas-legislativas-para-atencion-en-seguridad\\\/\"]}]},{\"@type\":\"ImageObject\",\"inLanguage\":\"es\",\"@id\":\"https:\\\/\\\/canal7slp.tv\\\/2019\\\/comision-aprueba-reformas-legislativas-para-atencion-en-seguridad\\\/#primaryimage\",\"url\":\"https:\\\/\\\/canal7slp.tv\\\/2019\\\/wp-content\\\/uploads\\\/2019\\\/07\\\/c2-15.jpg\",\"contentUrl\":\"https:\\\/\\\/canal7slp.tv\\\/2019\\\/wp-content\\\/uploads\\\/2019\\\/07\\\/c2-15.jpg\",\"width\":936,\"height\":648},{\"@type\":\"BreadcrumbList\",\"@id\":\"https:\\\/\\\/canal7slp.tv\\\/2019\\\/comision-aprueba-reformas-legislativas-para-atencion-en-seguridad\\\/#breadcrumb\",\"itemListElement\":[{\"@type\":\"ListItem\",\"position\":1,\"name\":\"Home\",\"item\":\"https:\\\/\\\/canal7slp.tv\\\/2019\\\/\"},{\"@type\":\"ListItem\",\"position\":2,\"name\":\"Comisi\u00f3n aprueba reformas legislativas para atenci\u00f3n en seguridad\"}]},{\"@type\":\"WebSite\",\"@id\":\"https:\\\/\\\/canal7slp.tv\\\/2019\\\/#website\",\"url\":\"https:\\\/\\\/canal7slp.tv\\\/2019\\\/\",\"name\":\"Canal 7 SLP - Somos TV\",\"description\":\"Somos un Canal de 10\",\"publisher\":{\"@id\":\"https:\\\/\\\/canal7slp.tv\\\/2019\\\/#organization\"},\"potentialAction\":[{\"@type\":\"SearchAction\",\"target\":{\"@type\":\"EntryPoint\",\"urlTemplate\":\"https:\\\/\\\/canal7slp.tv\\\/2019\\\/?s={search_term_string}\"},\"query-input\":{\"@type\":\"PropertyValueSpecification\",\"valueRequired\":true,\"valueName\":\"search_term_string\"}}],\"inLanguage\":\"es\"},{\"@type\":\"Organization\",\"@id\":\"https:\\\/\\\/canal7slp.tv\\\/2019\\\/#organization\",\"name\":\"Comunicaci\u00f3n 2000 S.A. de C.V.\",\"url\":\"https:\\\/\\\/canal7slp.tv\\\/2019\\\/\",\"logo\":{\"@type\":\"ImageObject\",\"inLanguage\":\"es\",\"@id\":\"https:\\\/\\\/canal7slp.tv\\\/2019\\\/#\\\/schema\\\/logo\\\/image\\\/\",\"url\":\"https:\\\/\\\/canal7slp.tv\\\/2019\\\/wp-content\\\/uploads\\\/2019\\\/07\\\/logo-c7.png\",\"contentUrl\":\"https:\\\/\\\/canal7slp.tv\\\/2019\\\/wp-content\\\/uploads\\\/2019\\\/07\\\/logo-c7.png\",\"width\":220,\"height\":60,\"caption\":\"Comunicaci\u00f3n 2000 S.A. de C.V.\"},\"image\":{\"@id\":\"https:\\\/\\\/canal7slp.tv\\\/2019\\\/#\\\/schema\\\/logo\\\/image\\\/\"},\"sameAs\":[\"https:\\\/\\\/www.facebook.com\\\/CANAL7SLP\\\/\",\"https:\\\/\\\/x.com\\\/canal7_slp\",\"https:\\\/\\\/www.instagram.com\\\/canal7_slp\",\"https:\\\/\\\/www.youtube.com\\\/user\\\/NOTICIEROSCANAL7SLP\\\/\"]},{\"@type\":\"Person\",\"@id\":\"https:\\\/\\\/canal7slp.tv\\\/2019\\\/#\\\/schema\\\/person\\\/11d941c1c6ca30ac0a46b95fa37aa2e3\",\"name\":\"edicionweb\",\"image\":{\"@type\":\"ImageObject\",\"inLanguage\":\"es\",\"@id\":\"https:\\\/\\\/secure.gravatar.com\\\/avatar\\\/eee448fc3f7164808013b816ba91ac7e43bbe82a70bebac296f8bc6f0addaa1a?s=96&d=mm&r=g\",\"url\":\"https:\\\/\\\/secure.gravatar.com\\\/avatar\\\/eee448fc3f7164808013b816ba91ac7e43bbe82a70bebac296f8bc6f0addaa1a?s=96&d=mm&r=g\",\"contentUrl\":\"https:\\\/\\\/secure.gravatar.com\\\/avatar\\\/eee448fc3f7164808013b816ba91ac7e43bbe82a70bebac296f8bc6f0addaa1a?s=96&d=mm&r=g\",\"caption\":\"edicionweb\"}}]}<\/script>\n<!-- \/ Yoast SEO plugin. -->","yoast_head_json":{"title":"Comisi\u00f3n aprueba reformas legislativas para atenci\u00f3n en seguridad - Canal 7 SLP - 2019","robots":{"index":"index","follow":"follow","max-snippet":"max-snippet:-1","max-image-preview":"max-image-preview:large","max-video-preview":"max-video-preview:-1"},"canonical":"https:\/\/canal7slp.tv\/2019\/comision-aprueba-reformas-legislativas-para-atencion-en-seguridad\/","og_locale":"es_ES","og_type":"article","og_title":"Comisi\u00f3n aprueba reformas legislativas para atenci\u00f3n en seguridad - Canal 7 SLP - 2019","og_description":"SLP.- En sesi\u00f3n de trabajo, la Comisi\u00f3n de Seguridad P\u00fablica, Prevenci\u00f3n y Reinserci\u00f3n Social de la LXII Legislatura, aprob\u00f3 la iniciativa de reforma a Ley General del Sistema Nacional de Seguridad P\u00fablica, que busca establecer que las Instituciones de Seguridad P\u00fablica locales y municipales, en uso de sus atribuciones y capacidades deber\u00e1n de cumplir con [&hellip;]","og_url":"https:\/\/canal7slp.tv\/2019\/comision-aprueba-reformas-legislativas-para-atencion-en-seguridad\/","og_site_name":"Canal 7 SLP - 2019","article_publisher":"https:\/\/www.facebook.com\/CANAL7SLP\/","article_published_time":"2019-07-26T23:30:52+00:00","og_image":[{"width":936,"height":648,"url":"https:\/\/canal7slp.tv\/2019\/wp-content\/uploads\/2019\/07\/c2-15.jpg","type":"image\/jpeg"}],"author":"edicionweb","twitter_card":"summary_large_image","twitter_creator":"@canal7_slp","twitter_site":"@canal7_slp","twitter_misc":{"Escrito por":"edicionweb","Tiempo de lectura":"3 minutos"},"schema":{"@context":"https:\/\/schema.org","@graph":[{"@type":"Article","@id":"https:\/\/canal7slp.tv\/2019\/comision-aprueba-reformas-legislativas-para-atencion-en-seguridad\/#article","isPartOf":{"@id":"https:\/\/canal7slp.tv\/2019\/comision-aprueba-reformas-legislativas-para-atencion-en-seguridad\/"},"author":{"name":"edicionweb","@id":"https:\/\/canal7slp.tv\/2019\/#\/schema\/person\/11d941c1c6ca30ac0a46b95fa37aa2e3"},"headline":"Comisi\u00f3n aprueba reformas legislativas para atenci\u00f3n en seguridad","datePublished":"2019-07-26T23:30:52+00:00","mainEntityOfPage":{"@id":"https:\/\/canal7slp.tv\/2019\/comision-aprueba-reformas-legislativas-para-atencion-en-seguridad\/"},"wordCount":671,"commentCount":0,"publisher":{"@id":"https:\/\/canal7slp.tv\/2019\/#organization"},"image":{"@id":"https:\/\/canal7slp.tv\/2019\/comision-aprueba-reformas-legislativas-para-atencion-en-seguridad\/#primaryimage"},"thumbnailUrl":"https:\/\/canal7slp.tv\/2019\/wp-content\/uploads\/2019\/07\/c2-15.jpg","keywords":["Congreso SLP"],"articleSection":["LOCALES Y REGIONALES"],"inLanguage":"es","potentialAction":[{"@type":"CommentAction","name":"Comment","target":["https:\/\/canal7slp.tv\/2019\/comision-aprueba-reformas-legislativas-para-atencion-en-seguridad\/#respond"]}]},{"@type":"WebPage","@id":"https:\/\/canal7slp.tv\/2019\/comision-aprueba-reformas-legislativas-para-atencion-en-seguridad\/","url":"https:\/\/canal7slp.tv\/2019\/comision-aprueba-reformas-legislativas-para-atencion-en-seguridad\/","name":"Comisi\u00f3n aprueba reformas legislativas para atenci\u00f3n en seguridad - Canal 7 SLP - 2019","isPartOf":{"@id":"https:\/\/canal7slp.tv\/2019\/#website"},"primaryImageOfPage":{"@id":"https:\/\/canal7slp.tv\/2019\/comision-aprueba-reformas-legislativas-para-atencion-en-seguridad\/#primaryimage"},"image":{"@id":"https:\/\/canal7slp.tv\/2019\/comision-aprueba-reformas-legislativas-para-atencion-en-seguridad\/#primaryimage"},"thumbnailUrl":"https:\/\/canal7slp.tv\/2019\/wp-content\/uploads\/2019\/07\/c2-15.jpg","datePublished":"2019-07-26T23:30:52+00:00","breadcrumb":{"@id":"https:\/\/canal7slp.tv\/2019\/comision-aprueba-reformas-legislativas-para-atencion-en-seguridad\/#breadcrumb"},"inLanguage":"es","potentialAction":[{"@type":"ReadAction","target":["https:\/\/canal7slp.tv\/2019\/comision-aprueba-reformas-legislativas-para-atencion-en-seguridad\/"]}]},{"@type":"ImageObject","inLanguage":"es","@id":"https:\/\/canal7slp.tv\/2019\/comision-aprueba-reformas-legislativas-para-atencion-en-seguridad\/#primaryimage","url":"https:\/\/canal7slp.tv\/2019\/wp-content\/uploads\/2019\/07\/c2-15.jpg","contentUrl":"https:\/\/canal7slp.tv\/2019\/wp-content\/uploads\/2019\/07\/c2-15.jpg","width":936,"height":648},{"@type":"BreadcrumbList","@id":"https:\/\/canal7slp.tv\/2019\/comision-aprueba-reformas-legislativas-para-atencion-en-seguridad\/#breadcrumb","itemListElement":[{"@type":"ListItem","position":1,"name":"Home","item":"https:\/\/canal7slp.tv\/2019\/"},{"@type":"ListItem","position":2,"name":"Comisi\u00f3n aprueba reformas legislativas para atenci\u00f3n en seguridad"}]},{"@type":"WebSite","@id":"https:\/\/canal7slp.tv\/2019\/#website","url":"https:\/\/canal7slp.tv\/2019\/","name":"Canal 7 SLP - Somos TV","description":"Somos un Canal de 10","publisher":{"@id":"https:\/\/canal7slp.tv\/2019\/#organization"},"potentialAction":[{"@type":"SearchAction","target":{"@type":"EntryPoint","urlTemplate":"https:\/\/canal7slp.tv\/2019\/?s={search_term_string}"},"query-input":{"@type":"PropertyValueSpecification","valueRequired":true,"valueName":"search_term_string"}}],"inLanguage":"es"},{"@type":"Organization","@id":"https:\/\/canal7slp.tv\/2019\/#organization","name":"Comunicaci\u00f3n 2000 S.A. de C.V.","url":"https:\/\/canal7slp.tv\/2019\/","logo":{"@type":"ImageObject","inLanguage":"es","@id":"https:\/\/canal7slp.tv\/2019\/#\/schema\/logo\/image\/","url":"https:\/\/canal7slp.tv\/2019\/wp-content\/uploads\/2019\/07\/logo-c7.png","contentUrl":"https:\/\/canal7slp.tv\/2019\/wp-content\/uploads\/2019\/07\/logo-c7.png","width":220,"height":60,"caption":"Comunicaci\u00f3n 2000 S.A. de C.V."},"image":{"@id":"https:\/\/canal7slp.tv\/2019\/#\/schema\/logo\/image\/"},"sameAs":["https:\/\/www.facebook.com\/CANAL7SLP\/","https:\/\/x.com\/canal7_slp","https:\/\/www.instagram.com\/canal7_slp","https:\/\/www.youtube.com\/user\/NOTICIEROSCANAL7SLP\/"]},{"@type":"Person","@id":"https:\/\/canal7slp.tv\/2019\/#\/schema\/person\/11d941c1c6ca30ac0a46b95fa37aa2e3","name":"edicionweb","image":{"@type":"ImageObject","inLanguage":"es","@id":"https:\/\/secure.gravatar.com\/avatar\/eee448fc3f7164808013b816ba91ac7e43bbe82a70bebac296f8bc6f0addaa1a?s=96&d=mm&r=g","url":"https:\/\/secure.gravatar.com\/avatar\/eee448fc3f7164808013b816ba91ac7e43bbe82a70bebac296f8bc6f0addaa1a?s=96&d=mm&r=g","contentUrl":"https:\/\/secure.gravatar.com\/avatar\/eee448fc3f7164808013b816ba91ac7e43bbe82a70bebac296f8bc6f0addaa1a?s=96&d=mm&r=g","caption":"edicionweb"}}]}},"amp_enabled":true,"cmb2":{"video_ids_in_playlist":{"vid_p_videos":""},"video_ids_in_channel":{"vid_c_videos":""},"playlist_ids_in_channel":{"vid_c_playlists":""},"series_ids_in_channel":{"vid_c_series":""},"channel_images":{"vid_c_logo":"","vid_c_banner":""},"poster_feature_image":{"vid_m_poster_image":""},"gif_feature_image":{"vid_m_gif_image":""},"video_movie_settings":{"vid_m_director":"","vid_m_actor":"","vid_m_imdb_ratings":"","vid_m_amazon_associates":""},"vid_youtube_broadcasts_settings":{"vid_yb_broadcast_title":"","vid_yb_q":"","vid_yb_channelid":"","vid_yb_videocategoryid":"","vid_yb_maxresults":"","vid_yb_order":"","vid_yb_regioncode":"","vid_yb_videosyndicated":"","vid_yb_style":"","vid_yb_reload_first":""},"video_series_settings":{"vid_m_director":"","vid_m_actor":"","vid_m_imdb_ratings":"","video_series_group":""},"amazon_associates_settings":{"amazon_associates":"","amazon_native_ad":""},"vid_youtube_automatic_settings":{"vid_ya_youtube_source":"","vid_ya_update_every":"","vid_ya_update_unit":"","vid_ya_categories":"","vid_ya_published_after":"","vid_ya_published_before":"","vid_ya_playlists":"","vid_ya_channels":"","vid_ya_director":"","vid_ya_actor":"","vid_ya_author":"","vid_ya_import_post_date":"","vid_ya_status":"","vid_ya_sub_api_key":""},"vid_ads_m_videoads_settings_post":{"vid_ads_m_video_ads":"","vid_ads_m_video_ads_type":"","vid_ads_m_group_google_ima":"","vid_ads_m_group_image":"","vid_ads_m_group_html5_video":"","vid_ads_m_group_html":"","vid_ads_m_vast_preroll":"","vid_ads_m_vast_postroll":"","vid_ads_m_vast_pauseroll":"","vid_ads_m_vast_midroll":[{"vid_ads_m_vast_timer_seconds":"50"}],"vid_ads_m_time_to_show_ads":"","vid_ads_m_time_skip_ads":"","vid_ads_m_time_to_hide_ads":""},"page_slider_settings":{"display_slider_group":"","page_slider_group":""},"blog_page_settings":{"blog_page_title":"","blog_page_heading":"","blog_page_ic":"","blog_page_it":"","blog_page_ec":"","blog_page_ip":"","archive_loop_style":"","blog_image_ratio":"","blog_show_categories":"","blog_show_excerpt":"","blog_show_author":"","blog_show_date":"","blog_show_comment_count":"","blog_show_view_count":"","blog_show_like_count":"","blog_show_dislike_count":"","blog_items_per_page":"","blog_pag_type":""},"page_options":{"get_page_template":"","color_mode":"","main_layout":"","main_layout_full_with":"","main_logo":"","main_logo_retina":"","main_logo_mobile":"","main_logo_mobile_retina":"","sticky_logo":"","sticky_logo_retina":"","main_nav_layout":"","ajax_search":"","header_background":"","theme_sidebar":"","instagram_feed":"","instagram_feed_position":"","popular_videos":"","popular_videos_title_1":"","popular_videos_title_2":"","popular_videos_ic":"","popular_videos_it":"","theme_background":"","page_custom_css":""},"feature_image_settings":{"feature_image_position":""},"video_player_settings":{"single_video_style":"","video_player_position":"","vm_video_url":"","video_player_library":"","video_streaming":"","vm_media_sources":"","vid_auto_play":"","vm_video_shortcode":"","vid_p_sync_playlist":"","vid_c_sync_channel":"","get_post_format":"","multiple_links_structure":"default","multi_links_title":"","vm_video_multi_links":"","vm_duration":"","vid_social_locker":"off","vid_social_locker_id":"","vid_membership_action":"content-video","vm_video_trailer_url":"","vid_download_type":"free","vid_download_target":"download","vid_woo_product":"","vm_media_download":"","user_rating":"","user_rating_position":"","user_rating_mode":"","user_rating_multi_sets":""},"video_auto_fetch_settings":{"vm_video_fetch":"on"},"video_fake_views_likes":{"vm_fake_views":"","vm_fake_likes":"","vm_fake_dislikes":""},"gallery_settings":{"gallery_position":""},"quote_settings":{"quote_position":""},"post_options":{"main_layout":"","main_logo":"","main_logo_retina":"","main_logo_mobile":"","main_logo_mobile_retina":"","sticky_logo":"","sticky_logo_retina":"","main_nav_layout":"","header_background":"","theme_sidebar":"","single_post_comment_type":"","theme_background":""}},"_links":{"self":[{"href":"https:\/\/canal7slp.tv\/2019\/wp-json\/wp\/v2\/posts\/40366","targetHints":{"allow":["GET"]}}],"collection":[{"href":"https:\/\/canal7slp.tv\/2019\/wp-json\/wp\/v2\/posts"}],"about":[{"href":"https:\/\/canal7slp.tv\/2019\/wp-json\/wp\/v2\/types\/post"}],"author":[{"embeddable":true,"href":"https:\/\/canal7slp.tv\/2019\/wp-json\/wp\/v2\/users\/2"}],"replies":[{"embeddable":true,"href":"https:\/\/canal7slp.tv\/2019\/wp-json\/wp\/v2\/comments?post=40366"}],"version-history":[{"count":0,"href":"https:\/\/canal7slp.tv\/2019\/wp-json\/wp\/v2\/posts\/40366\/revisions"}],"wp:featuredmedia":[{"embeddable":true,"href":"https:\/\/canal7slp.tv\/2019\/wp-json\/wp\/v2\/media\/40379"}],"wp:attachment":[{"href":"https:\/\/canal7slp.tv\/2019\/wp-json\/wp\/v2\/media?parent=40366"}],"wp:term":[{"taxonomy":"category","embeddable":true,"href":"https:\/\/canal7slp.tv\/2019\/wp-json\/wp\/v2\/categories?post=40366"},{"taxonomy":"post_tag","embeddable":true,"href":"https:\/\/canal7slp.tv\/2019\/wp-json\/wp\/v2\/tags?post=40366"}],"curies":[{"name":"wp","href":"https:\/\/api.w.org\/{rel}","templated":true}]}}