{"id":39945,"date":"2019-07-26T15:23:15","date_gmt":"2019-07-26T20:23:15","guid":{"rendered":"https:\/\/canal7slp.tv\/2019\/?p=39945"},"modified":"2019-07-26T15:23:15","modified_gmt":"2019-07-26T20:23:15","slug":"demandaran-a-gobierno-de-puerto-rico-por-represion-de-protestas","status":"publish","type":"post","link":"https:\/\/canal7slp.tv\/2019\/demandaran-a-gobierno-de-puerto-rico-por-represion-de-protestas\/","title":{"rendered":"Demandar\u00e1n a gobierno de Puerto Rico por represi\u00f3n de protestas"},"content":{"rendered":"<p style=\"text-align: justify;\">San Juan.- La alcaldesa de San Juan, Carmen Yul\u00edn Cruz Soto, anunci\u00f3 hoy que presentar\u00e1 una demanda contra el gobierno de Ricardo Rossell\u00f3 por el uso de la fuerza de la polic\u00eda y la interpretaci\u00f3n de la Constituci\u00f3n para reprimir las manifestaciones de los \u00faltimos d\u00edas en la capital de Puerto Rico.<\/p>\n<p style=\"text-align: justify;\">Cruz Soto detall\u00f3 este viernes que presentar\u00e1 ante el Tribunal Superior de San Juan su demanda que tambi\u00e9n incluir\u00e1 a la secretaria de Justicia, Wanda V\u00e1zquez, quien suplir\u00e1 en el cargo al gobernador Rossell\u00f3, luego que este present\u00f3 su dimisi\u00f3n, tras las multitudinarias manifestaciones en su contra.<\/p>\n<p style=\"text-align: justify;\">Miles de puertorrique\u00f1os protestaron durante 12 d\u00edas consecutivos en contra de Rossell\u00f3, en manifestaciones que iniciaban en el d\u00eda y se extend\u00edan hasta la noche; la polic\u00eda declar\u00f3 que a las 23:00 horas las protestas eran ilegales y que no pod\u00eda garantizar el derecho a la libertad de expresi\u00f3n ante la \u201cinconstitucionalidad de las protestas\u201d, las cuales eran dispersadas con gases lacrim\u00f3genos.<\/p>\n<p style=\"text-align: justify;\">\u201cEntendemos que tanto el gobernador, el secretario (de Seguridad P\u00fablica) Elmer Rom\u00e1n, la secretaria de Justicia (Wanda V\u00e1zquez) y la polic\u00eda se apoderaron de un poder que no les corresponde\u201d, denunci\u00f3 la alcaldesa, de acuerdo con reportes del peri\u00f3dico El Nuevo D\u00eda.<\/p>\n<p style=\"text-align: justify;\">Consider\u00f3 importante la denuncia ya que, dijo, las manifestaciones no van terminar, seguir\u00e1n en este y en futuros gobiernos.<\/p>\n<p style=\"text-align: justify;\">\u201cTenemos manifestantes, vecinos e incluso empleados del municipio que resultaron afectados en su intento de ir a socorrer a los manifestantes que hu\u00edan de la polic\u00eda que los estaba cazando en ese momento\u201d, afirm\u00f3 Cruz Soto.<\/p>\n<p style=\"text-align: justify;\">\u201cLa intenci\u00f3n es que el tribunal declare la conducta como ilegal y proh\u00edba al gobierno el uso indiscriminado de gases y persecuci\u00f3n contra los manifestantes\u201d, expuso por su parte el abogado que representa a la administraci\u00f3n municipal, Charlie Hern\u00e1ndez.<\/p>\n<p style=\"text-align: justify;\">De los 12 d\u00edas de manifestaciones que se realizaron en el Viejo San Juan antes de que renunciara Rossell\u00f3, la polic\u00eda lanz\u00f3 gases lacrim\u00f3genos contra los protestantes en tres ocasiones.<\/p>\n<p style=\"text-align: justify;\">La alcaldesa de San Juan tambi\u00e9n anunci\u00f3 que propondr\u00e1 que se cambie el nombre del lugar en donde se movilizaron miles de puertorrique\u00f1os en los \u00faltimos d\u00edas en el Viejo San Juan en la calle Fortaleza y la calle del Cristo, por el de \u201cCalle de la Resistencia\u201d.<\/p>\n<p style=\"text-align: justify;\">El gobernador de Puerto Rico, Ricardo Rossell\u00f3, anunci\u00f3 el mi\u00e9rcoles su renuncia efectiva a partir del 2 de agosto pr\u00f3ximo, luego de un esc\u00e1ndalo que se gener\u00f3 tras la filtraci\u00f3n de cientos de mensajes de chat con contenido sexista y hom\u00f3fobo entre el gobernante e integrantes de su equipo cercano.<\/p>\n<p style=\"text-align: justify;\">Esos mensajes, intercambiados entre diciembre de 2018 y enero de 2019, fueron divulgados por el Centro para el Periodismo de Investigaci\u00f3n de Puerto Rico.<\/p>\n","protected":false},"excerpt":{"rendered":"<p>San Juan.- La alcaldesa de San Juan, Carmen Yul\u00edn Cruz Soto, anunci\u00f3 hoy que presentar\u00e1 una demanda contra el gobierno de Ricardo Rossell\u00f3 por el uso de la fuerza de la polic\u00eda y la interpretaci\u00f3n de la Constituci\u00f3n para reprimir las manifestaciones de los \u00faltimos d\u00edas en la capital de Puerto Rico. Cruz Soto detall\u00f3 [&hellip;]<\/p>\n","protected":false},"author":2,"featured_media":39946,"comment_status":"open","ping_status":"closed","sticky":false,"template":"","format":"standard","meta":{"footnotes":""},"categories":[18],"tags":[],"class_list":["post-39945","post","type-post","status-publish","format-standard","has-post-thumbnail","hentry","category-internacional"],"yoast_head":"<!-- This site is optimized with the Yoast SEO plugin v27.5 - https:\/\/yoast.com\/product\/yoast-seo-wordpress\/ -->\n<title>Demandar\u00e1n a gobierno de Puerto Rico por represi\u00f3n de protestas - Canal 7 SLP - 2019<\/title>\n<meta name=\"robots\" content=\"index, follow, max-snippet:-1, max-image-preview:large, max-video-preview:-1\" \/>\n<link rel=\"canonical\" href=\"https:\/\/canal7slp.tv\/2019\/demandaran-a-gobierno-de-puerto-rico-por-represion-de-protestas\/\" \/>\n<meta property=\"og:locale\" content=\"es_ES\" \/>\n<meta property=\"og:type\" content=\"article\" \/>\n<meta property=\"og:title\" content=\"Demandar\u00e1n a gobierno de Puerto Rico por represi\u00f3n de protestas - Canal 7 SLP - 2019\" \/>\n<meta property=\"og:description\" content=\"San Juan.- La alcaldesa de San Juan, Carmen Yul\u00edn Cruz Soto, anunci\u00f3 hoy que presentar\u00e1 una demanda contra el gobierno de Ricardo Rossell\u00f3 por el uso de la fuerza de la polic\u00eda y la interpretaci\u00f3n de la Constituci\u00f3n para reprimir las manifestaciones de los \u00faltimos d\u00edas en la capital de Puerto Rico. Cruz Soto detall\u00f3 [&hellip;]\" \/>\n<meta property=\"og:url\" content=\"https:\/\/canal7slp.tv\/2019\/demandaran-a-gobierno-de-puerto-rico-por-represion-de-protestas\/\" \/>\n<meta property=\"og:site_name\" content=\"Canal 7 SLP - 2019\" \/>\n<meta property=\"article:publisher\" content=\"https:\/\/www.facebook.com\/CANAL7SLP\/\" \/>\n<meta property=\"article:published_time\" content=\"2019-07-26T20:23:15+00:00\" \/>\n<meta property=\"og:image\" content=\"https:\/\/canal7slp.tv\/2019\/wp-content\/uploads\/2019\/07\/19-15.jpg\" \/>\n\t<meta property=\"og:image:width\" content=\"727\" \/>\n\t<meta property=\"og:image:height\" content=\"410\" \/>\n\t<meta property=\"og:image:type\" content=\"image\/jpeg\" \/>\n<meta name=\"author\" content=\"edicionweb\" \/>\n<meta name=\"twitter:card\" content=\"summary_large_image\" \/>\n<meta name=\"twitter:creator\" content=\"@canal7_slp\" \/>\n<meta name=\"twitter:site\" content=\"@canal7_slp\" \/>\n<meta name=\"twitter:label1\" content=\"Escrito por\" \/>\n\t<meta name=\"twitter:data1\" content=\"edicionweb\" \/>\n\t<meta name=\"twitter:label2\" content=\"Tiempo de lectura\" \/>\n\t<meta name=\"twitter:data2\" content=\"2 minutos\" \/>\n<script type=\"application\/ld+json\" class=\"yoast-schema-graph\">{\"@context\":\"https:\\\/\\\/schema.org\",\"@graph\":[{\"@type\":\"Article\",\"@id\":\"https:\\\/\\\/canal7slp.tv\\\/2019\\\/demandaran-a-gobierno-de-puerto-rico-por-represion-de-protestas\\\/#article\",\"isPartOf\":{\"@id\":\"https:\\\/\\\/canal7slp.tv\\\/2019\\\/demandaran-a-gobierno-de-puerto-rico-por-represion-de-protestas\\\/\"},\"author\":{\"name\":\"edicionweb\",\"@id\":\"https:\\\/\\\/canal7slp.tv\\\/2019\\\/#\\\/schema\\\/person\\\/11d941c1c6ca30ac0a46b95fa37aa2e3\"},\"headline\":\"Demandar\u00e1n a gobierno de Puerto Rico por represi\u00f3n de protestas\",\"datePublished\":\"2019-07-26T20:23:15+00:00\",\"mainEntityOfPage\":{\"@id\":\"https:\\\/\\\/canal7slp.tv\\\/2019\\\/demandaran-a-gobierno-de-puerto-rico-por-represion-de-protestas\\\/\"},\"wordCount\":498,\"commentCount\":0,\"publisher\":{\"@id\":\"https:\\\/\\\/canal7slp.tv\\\/2019\\\/#organization\"},\"image\":{\"@id\":\"https:\\\/\\\/canal7slp.tv\\\/2019\\\/demandaran-a-gobierno-de-puerto-rico-por-represion-de-protestas\\\/#primaryimage\"},\"thumbnailUrl\":\"https:\\\/\\\/canal7slp.tv\\\/2019\\\/wp-content\\\/uploads\\\/2019\\\/07\\\/19-15.jpg\",\"articleSection\":[\"INTERNACIONAL\"],\"inLanguage\":\"es\",\"potentialAction\":[{\"@type\":\"CommentAction\",\"name\":\"Comment\",\"target\":[\"https:\\\/\\\/canal7slp.tv\\\/2019\\\/demandaran-a-gobierno-de-puerto-rico-por-represion-de-protestas\\\/#respond\"]}]},{\"@type\":\"WebPage\",\"@id\":\"https:\\\/\\\/canal7slp.tv\\\/2019\\\/demandaran-a-gobierno-de-puerto-rico-por-represion-de-protestas\\\/\",\"url\":\"https:\\\/\\\/canal7slp.tv\\\/2019\\\/demandaran-a-gobierno-de-puerto-rico-por-represion-de-protestas\\\/\",\"name\":\"Demandar\u00e1n a gobierno de Puerto Rico por represi\u00f3n de protestas - Canal 7 SLP - 2019\",\"isPartOf\":{\"@id\":\"https:\\\/\\\/canal7slp.tv\\\/2019\\\/#website\"},\"primaryImageOfPage\":{\"@id\":\"https:\\\/\\\/canal7slp.tv\\\/2019\\\/demandaran-a-gobierno-de-puerto-rico-por-represion-de-protestas\\\/#primaryimage\"},\"image\":{\"@id\":\"https:\\\/\\\/canal7slp.tv\\\/2019\\\/demandaran-a-gobierno-de-puerto-rico-por-represion-de-protestas\\\/#primaryimage\"},\"thumbnailUrl\":\"https:\\\/\\\/canal7slp.tv\\\/2019\\\/wp-content\\\/uploads\\\/2019\\\/07\\\/19-15.jpg\",\"datePublished\":\"2019-07-26T20:23:15+00:00\",\"breadcrumb\":{\"@id\":\"https:\\\/\\\/canal7slp.tv\\\/2019\\\/demandaran-a-gobierno-de-puerto-rico-por-represion-de-protestas\\\/#breadcrumb\"},\"inLanguage\":\"es\",\"potentialAction\":[{\"@type\":\"ReadAction\",\"target\":[\"https:\\\/\\\/canal7slp.tv\\\/2019\\\/demandaran-a-gobierno-de-puerto-rico-por-represion-de-protestas\\\/\"]}]},{\"@type\":\"ImageObject\",\"inLanguage\":\"es\",\"@id\":\"https:\\\/\\\/canal7slp.tv\\\/2019\\\/demandaran-a-gobierno-de-puerto-rico-por-represion-de-protestas\\\/#primaryimage\",\"url\":\"https:\\\/\\\/canal7slp.tv\\\/2019\\\/wp-content\\\/uploads\\\/2019\\\/07\\\/19-15.jpg\",\"contentUrl\":\"https:\\\/\\\/canal7slp.tv\\\/2019\\\/wp-content\\\/uploads\\\/2019\\\/07\\\/19-15.jpg\",\"width\":727,\"height\":410},{\"@type\":\"BreadcrumbList\",\"@id\":\"https:\\\/\\\/canal7slp.tv\\\/2019\\\/demandaran-a-gobierno-de-puerto-rico-por-represion-de-protestas\\\/#breadcrumb\",\"itemListElement\":[{\"@type\":\"ListItem\",\"position\":1,\"name\":\"Home\",\"item\":\"https:\\\/\\\/canal7slp.tv\\\/2019\\\/\"},{\"@type\":\"ListItem\",\"position\":2,\"name\":\"Demandar\u00e1n a gobierno de Puerto Rico por represi\u00f3n de protestas\"}]},{\"@type\":\"WebSite\",\"@id\":\"https:\\\/\\\/canal7slp.tv\\\/2019\\\/#website\",\"url\":\"https:\\\/\\\/canal7slp.tv\\\/2019\\\/\",\"name\":\"Canal 7 SLP - Somos TV\",\"description\":\"Somos un Canal de 10\",\"publisher\":{\"@id\":\"https:\\\/\\\/canal7slp.tv\\\/2019\\\/#organization\"},\"potentialAction\":[{\"@type\":\"SearchAction\",\"target\":{\"@type\":\"EntryPoint\",\"urlTemplate\":\"https:\\\/\\\/canal7slp.tv\\\/2019\\\/?s={search_term_string}\"},\"query-input\":{\"@type\":\"PropertyValueSpecification\",\"valueRequired\":true,\"valueName\":\"search_term_string\"}}],\"inLanguage\":\"es\"},{\"@type\":\"Organization\",\"@id\":\"https:\\\/\\\/canal7slp.tv\\\/2019\\\/#organization\",\"name\":\"Comunicaci\u00f3n 2000 S.A. de C.V.\",\"url\":\"https:\\\/\\\/canal7slp.tv\\\/2019\\\/\",\"logo\":{\"@type\":\"ImageObject\",\"inLanguage\":\"es\",\"@id\":\"https:\\\/\\\/canal7slp.tv\\\/2019\\\/#\\\/schema\\\/logo\\\/image\\\/\",\"url\":\"https:\\\/\\\/canal7slp.tv\\\/2019\\\/wp-content\\\/uploads\\\/2019\\\/07\\\/logo-c7.png\",\"contentUrl\":\"https:\\\/\\\/canal7slp.tv\\\/2019\\\/wp-content\\\/uploads\\\/2019\\\/07\\\/logo-c7.png\",\"width\":220,\"height\":60,\"caption\":\"Comunicaci\u00f3n 2000 S.A. de C.V.\"},\"image\":{\"@id\":\"https:\\\/\\\/canal7slp.tv\\\/2019\\\/#\\\/schema\\\/logo\\\/image\\\/\"},\"sameAs\":[\"https:\\\/\\\/www.facebook.com\\\/CANAL7SLP\\\/\",\"https:\\\/\\\/x.com\\\/canal7_slp\",\"https:\\\/\\\/www.instagram.com\\\/canal7_slp\",\"https:\\\/\\\/www.youtube.com\\\/user\\\/NOTICIEROSCANAL7SLP\\\/\"]},{\"@type\":\"Person\",\"@id\":\"https:\\\/\\\/canal7slp.tv\\\/2019\\\/#\\\/schema\\\/person\\\/11d941c1c6ca30ac0a46b95fa37aa2e3\",\"name\":\"edicionweb\",\"image\":{\"@type\":\"ImageObject\",\"inLanguage\":\"es\",\"@id\":\"https:\\\/\\\/secure.gravatar.com\\\/avatar\\\/eee448fc3f7164808013b816ba91ac7e43bbe82a70bebac296f8bc6f0addaa1a?s=96&d=mm&r=g\",\"url\":\"https:\\\/\\\/secure.gravatar.com\\\/avatar\\\/eee448fc3f7164808013b816ba91ac7e43bbe82a70bebac296f8bc6f0addaa1a?s=96&d=mm&r=g\",\"contentUrl\":\"https:\\\/\\\/secure.gravatar.com\\\/avatar\\\/eee448fc3f7164808013b816ba91ac7e43bbe82a70bebac296f8bc6f0addaa1a?s=96&d=mm&r=g\",\"caption\":\"edicionweb\"}}]}<\/script>\n<!-- \/ Yoast SEO plugin. -->","yoast_head_json":{"title":"Demandar\u00e1n a gobierno de Puerto Rico por represi\u00f3n de protestas - Canal 7 SLP - 2019","robots":{"index":"index","follow":"follow","max-snippet":"max-snippet:-1","max-image-preview":"max-image-preview:large","max-video-preview":"max-video-preview:-1"},"canonical":"https:\/\/canal7slp.tv\/2019\/demandaran-a-gobierno-de-puerto-rico-por-represion-de-protestas\/","og_locale":"es_ES","og_type":"article","og_title":"Demandar\u00e1n a gobierno de Puerto Rico por represi\u00f3n de protestas - Canal 7 SLP - 2019","og_description":"San Juan.- La alcaldesa de San Juan, Carmen Yul\u00edn Cruz Soto, anunci\u00f3 hoy que presentar\u00e1 una demanda contra el gobierno de Ricardo Rossell\u00f3 por el uso de la fuerza de la polic\u00eda y la interpretaci\u00f3n de la Constituci\u00f3n para reprimir las manifestaciones de los \u00faltimos d\u00edas en la capital de Puerto Rico. Cruz Soto detall\u00f3 [&hellip;]","og_url":"https:\/\/canal7slp.tv\/2019\/demandaran-a-gobierno-de-puerto-rico-por-represion-de-protestas\/","og_site_name":"Canal 7 SLP - 2019","article_publisher":"https:\/\/www.facebook.com\/CANAL7SLP\/","article_published_time":"2019-07-26T20:23:15+00:00","og_image":[{"width":727,"height":410,"url":"https:\/\/canal7slp.tv\/2019\/wp-content\/uploads\/2019\/07\/19-15.jpg","type":"image\/jpeg"}],"author":"edicionweb","twitter_card":"summary_large_image","twitter_creator":"@canal7_slp","twitter_site":"@canal7_slp","twitter_misc":{"Escrito por":"edicionweb","Tiempo de lectura":"2 minutos"},"schema":{"@context":"https:\/\/schema.org","@graph":[{"@type":"Article","@id":"https:\/\/canal7slp.tv\/2019\/demandaran-a-gobierno-de-puerto-rico-por-represion-de-protestas\/#article","isPartOf":{"@id":"https:\/\/canal7slp.tv\/2019\/demandaran-a-gobierno-de-puerto-rico-por-represion-de-protestas\/"},"author":{"name":"edicionweb","@id":"https:\/\/canal7slp.tv\/2019\/#\/schema\/person\/11d941c1c6ca30ac0a46b95fa37aa2e3"},"headline":"Demandar\u00e1n a gobierno de Puerto Rico por represi\u00f3n de protestas","datePublished":"2019-07-26T20:23:15+00:00","mainEntityOfPage":{"@id":"https:\/\/canal7slp.tv\/2019\/demandaran-a-gobierno-de-puerto-rico-por-represion-de-protestas\/"},"wordCount":498,"commentCount":0,"publisher":{"@id":"https:\/\/canal7slp.tv\/2019\/#organization"},"image":{"@id":"https:\/\/canal7slp.tv\/2019\/demandaran-a-gobierno-de-puerto-rico-por-represion-de-protestas\/#primaryimage"},"thumbnailUrl":"https:\/\/canal7slp.tv\/2019\/wp-content\/uploads\/2019\/07\/19-15.jpg","articleSection":["INTERNACIONAL"],"inLanguage":"es","potentialAction":[{"@type":"CommentAction","name":"Comment","target":["https:\/\/canal7slp.tv\/2019\/demandaran-a-gobierno-de-puerto-rico-por-represion-de-protestas\/#respond"]}]},{"@type":"WebPage","@id":"https:\/\/canal7slp.tv\/2019\/demandaran-a-gobierno-de-puerto-rico-por-represion-de-protestas\/","url":"https:\/\/canal7slp.tv\/2019\/demandaran-a-gobierno-de-puerto-rico-por-represion-de-protestas\/","name":"Demandar\u00e1n a gobierno de Puerto Rico por represi\u00f3n de protestas - Canal 7 SLP - 2019","isPartOf":{"@id":"https:\/\/canal7slp.tv\/2019\/#website"},"primaryImageOfPage":{"@id":"https:\/\/canal7slp.tv\/2019\/demandaran-a-gobierno-de-puerto-rico-por-represion-de-protestas\/#primaryimage"},"image":{"@id":"https:\/\/canal7slp.tv\/2019\/demandaran-a-gobierno-de-puerto-rico-por-represion-de-protestas\/#primaryimage"},"thumbnailUrl":"https:\/\/canal7slp.tv\/2019\/wp-content\/uploads\/2019\/07\/19-15.jpg","datePublished":"2019-07-26T20:23:15+00:00","breadcrumb":{"@id":"https:\/\/canal7slp.tv\/2019\/demandaran-a-gobierno-de-puerto-rico-por-represion-de-protestas\/#breadcrumb"},"inLanguage":"es","potentialAction":[{"@type":"ReadAction","target":["https:\/\/canal7slp.tv\/2019\/demandaran-a-gobierno-de-puerto-rico-por-represion-de-protestas\/"]}]},{"@type":"ImageObject","inLanguage":"es","@id":"https:\/\/canal7slp.tv\/2019\/demandaran-a-gobierno-de-puerto-rico-por-represion-de-protestas\/#primaryimage","url":"https:\/\/canal7slp.tv\/2019\/wp-content\/uploads\/2019\/07\/19-15.jpg","contentUrl":"https:\/\/canal7slp.tv\/2019\/wp-content\/uploads\/2019\/07\/19-15.jpg","width":727,"height":410},{"@type":"BreadcrumbList","@id":"https:\/\/canal7slp.tv\/2019\/demandaran-a-gobierno-de-puerto-rico-por-represion-de-protestas\/#breadcrumb","itemListElement":[{"@type":"ListItem","position":1,"name":"Home","item":"https:\/\/canal7slp.tv\/2019\/"},{"@type":"ListItem","position":2,"name":"Demandar\u00e1n a gobierno de Puerto Rico por represi\u00f3n de protestas"}]},{"@type":"WebSite","@id":"https:\/\/canal7slp.tv\/2019\/#website","url":"https:\/\/canal7slp.tv\/2019\/","name":"Canal 7 SLP - Somos TV","description":"Somos un Canal de 10","publisher":{"@id":"https:\/\/canal7slp.tv\/2019\/#organization"},"potentialAction":[{"@type":"SearchAction","target":{"@type":"EntryPoint","urlTemplate":"https:\/\/canal7slp.tv\/2019\/?s={search_term_string}"},"query-input":{"@type":"PropertyValueSpecification","valueRequired":true,"valueName":"search_term_string"}}],"inLanguage":"es"},{"@type":"Organization","@id":"https:\/\/canal7slp.tv\/2019\/#organization","name":"Comunicaci\u00f3n 2000 S.A. de C.V.","url":"https:\/\/canal7slp.tv\/2019\/","logo":{"@type":"ImageObject","inLanguage":"es","@id":"https:\/\/canal7slp.tv\/2019\/#\/schema\/logo\/image\/","url":"https:\/\/canal7slp.tv\/2019\/wp-content\/uploads\/2019\/07\/logo-c7.png","contentUrl":"https:\/\/canal7slp.tv\/2019\/wp-content\/uploads\/2019\/07\/logo-c7.png","width":220,"height":60,"caption":"Comunicaci\u00f3n 2000 S.A. de C.V."},"image":{"@id":"https:\/\/canal7slp.tv\/2019\/#\/schema\/logo\/image\/"},"sameAs":["https:\/\/www.facebook.com\/CANAL7SLP\/","https:\/\/x.com\/canal7_slp","https:\/\/www.instagram.com\/canal7_slp","https:\/\/www.youtube.com\/user\/NOTICIEROSCANAL7SLP\/"]},{"@type":"Person","@id":"https:\/\/canal7slp.tv\/2019\/#\/schema\/person\/11d941c1c6ca30ac0a46b95fa37aa2e3","name":"edicionweb","image":{"@type":"ImageObject","inLanguage":"es","@id":"https:\/\/secure.gravatar.com\/avatar\/eee448fc3f7164808013b816ba91ac7e43bbe82a70bebac296f8bc6f0addaa1a?s=96&d=mm&r=g","url":"https:\/\/secure.gravatar.com\/avatar\/eee448fc3f7164808013b816ba91ac7e43bbe82a70bebac296f8bc6f0addaa1a?s=96&d=mm&r=g","contentUrl":"https:\/\/secure.gravatar.com\/avatar\/eee448fc3f7164808013b816ba91ac7e43bbe82a70bebac296f8bc6f0addaa1a?s=96&d=mm&r=g","caption":"edicionweb"}}]}},"amp_enabled":true,"cmb2":{"video_ids_in_playlist":{"vid_p_videos":""},"video_ids_in_channel":{"vid_c_videos":""},"playlist_ids_in_channel":{"vid_c_playlists":""},"series_ids_in_channel":{"vid_c_series":""},"channel_images":{"vid_c_logo":"","vid_c_banner":""},"poster_feature_image":{"vid_m_poster_image":""},"gif_feature_image":{"vid_m_gif_image":""},"video_movie_settings":{"vid_m_director":"","vid_m_actor":"","vid_m_imdb_ratings":"","vid_m_amazon_associates":""},"vid_youtube_broadcasts_settings":{"vid_yb_broadcast_title":"","vid_yb_q":"","vid_yb_channelid":"","vid_yb_videocategoryid":"","vid_yb_maxresults":"","vid_yb_order":"","vid_yb_regioncode":"","vid_yb_videosyndicated":"","vid_yb_style":"","vid_yb_reload_first":""},"video_series_settings":{"vid_m_director":"","vid_m_actor":"","vid_m_imdb_ratings":"","video_series_group":""},"amazon_associates_settings":{"amazon_associates":"","amazon_native_ad":""},"vid_youtube_automatic_settings":{"vid_ya_youtube_source":"","vid_ya_update_every":"","vid_ya_update_unit":"","vid_ya_categories":"","vid_ya_published_after":"","vid_ya_published_before":"","vid_ya_playlists":"","vid_ya_channels":"","vid_ya_director":"","vid_ya_actor":"","vid_ya_author":"","vid_ya_import_post_date":"","vid_ya_status":"","vid_ya_sub_api_key":""},"vid_ads_m_videoads_settings_post":{"vid_ads_m_video_ads":"","vid_ads_m_video_ads_type":"","vid_ads_m_group_google_ima":"","vid_ads_m_group_image":"","vid_ads_m_group_html5_video":"","vid_ads_m_group_html":"","vid_ads_m_vast_preroll":"","vid_ads_m_vast_postroll":"","vid_ads_m_vast_pauseroll":"","vid_ads_m_vast_midroll":[{"vid_ads_m_vast_timer_seconds":"50"}],"vid_ads_m_time_to_show_ads":"","vid_ads_m_time_skip_ads":"","vid_ads_m_time_to_hide_ads":""},"page_slider_settings":{"display_slider_group":"","page_slider_group":""},"blog_page_settings":{"blog_page_title":"","blog_page_heading":"","blog_page_ic":"","blog_page_it":"","blog_page_ec":"","blog_page_ip":"","archive_loop_style":"","blog_image_ratio":"","blog_show_categories":"","blog_show_excerpt":"","blog_show_author":"","blog_show_date":"","blog_show_comment_count":"","blog_show_view_count":"","blog_show_like_count":"","blog_show_dislike_count":"","blog_items_per_page":"","blog_pag_type":""},"page_options":{"get_page_template":"","color_mode":"","main_layout":"","main_layout_full_with":"","main_logo":"","main_logo_retina":"","main_logo_mobile":"","main_logo_mobile_retina":"","sticky_logo":"","sticky_logo_retina":"","main_nav_layout":"","ajax_search":"","header_background":"","theme_sidebar":"","instagram_feed":"","instagram_feed_position":"","popular_videos":"","popular_videos_title_1":"","popular_videos_title_2":"","popular_videos_ic":"","popular_videos_it":"","theme_background":"","page_custom_css":""},"feature_image_settings":{"feature_image_position":""},"video_player_settings":{"single_video_style":"","video_player_position":"","vm_video_url":"","video_player_library":"","video_streaming":"","vm_media_sources":"","vid_auto_play":"","vm_video_shortcode":"","vid_p_sync_playlist":"","vid_c_sync_channel":"","get_post_format":"","multiple_links_structure":"default","multi_links_title":"","vm_video_multi_links":"","vm_duration":"","vid_social_locker":"off","vid_social_locker_id":"","vid_membership_action":"content-video","vm_video_trailer_url":"","vid_download_type":"free","vid_download_target":"download","vid_woo_product":"","vm_media_download":"","user_rating":"","user_rating_position":"","user_rating_mode":"","user_rating_multi_sets":""},"video_auto_fetch_settings":{"vm_video_fetch":"on"},"video_fake_views_likes":{"vm_fake_views":"","vm_fake_likes":"","vm_fake_dislikes":""},"gallery_settings":{"gallery_position":""},"quote_settings":{"quote_position":""},"post_options":{"main_layout":"","main_logo":"","main_logo_retina":"","main_logo_mobile":"","main_logo_mobile_retina":"","sticky_logo":"","sticky_logo_retina":"","main_nav_layout":"","header_background":"","theme_sidebar":"","single_post_comment_type":"","theme_background":""}},"_links":{"self":[{"href":"https:\/\/canal7slp.tv\/2019\/wp-json\/wp\/v2\/posts\/39945","targetHints":{"allow":["GET"]}}],"collection":[{"href":"https:\/\/canal7slp.tv\/2019\/wp-json\/wp\/v2\/posts"}],"about":[{"href":"https:\/\/canal7slp.tv\/2019\/wp-json\/wp\/v2\/types\/post"}],"author":[{"embeddable":true,"href":"https:\/\/canal7slp.tv\/2019\/wp-json\/wp\/v2\/users\/2"}],"replies":[{"embeddable":true,"href":"https:\/\/canal7slp.tv\/2019\/wp-json\/wp\/v2\/comments?post=39945"}],"version-history":[{"count":0,"href":"https:\/\/canal7slp.tv\/2019\/wp-json\/wp\/v2\/posts\/39945\/revisions"}],"wp:featuredmedia":[{"embeddable":true,"href":"https:\/\/canal7slp.tv\/2019\/wp-json\/wp\/v2\/media\/39946"}],"wp:attachment":[{"href":"https:\/\/canal7slp.tv\/2019\/wp-json\/wp\/v2\/media?parent=39945"}],"wp:term":[{"taxonomy":"category","embeddable":true,"href":"https:\/\/canal7slp.tv\/2019\/wp-json\/wp\/v2\/categories?post=39945"},{"taxonomy":"post_tag","embeddable":true,"href":"https:\/\/canal7slp.tv\/2019\/wp-json\/wp\/v2\/tags?post=39945"}],"curies":[{"name":"wp","href":"https:\/\/api.w.org\/{rel}","templated":true}]}}