{"id":39939,"date":"2019-07-26T14:34:05","date_gmt":"2019-07-26T19:34:05","guid":{"rendered":"https:\/\/canal7slp.tv\/2019\/?p=39939"},"modified":"2019-07-26T14:34:05","modified_gmt":"2019-07-26T19:34:05","slug":"fmi-comienza-proceso-para-eleccion-de-sucesor-de-lagarde","status":"publish","type":"post","link":"https:\/\/canal7slp.tv\/2019\/fmi-comienza-proceso-para-eleccion-de-sucesor-de-lagarde\/","title":{"rendered":"FMI comienza proceso para elecci\u00f3n de sucesor de Lagarde"},"content":{"rendered":"<p style=\"text-align: justify;\">Washington.- El Fondo Monetario Internacional (FMI) comenz\u00f3 el proceso de selecci\u00f3n de su nuevo director gerente, tras la salida de Christine Lagarde, quien a fines de a\u00f1o se har\u00e1 cargo del Banco Central Europeo (BCE).<\/p>\n<p style=\"text-align: justify;\">Se tratar\u00e1 de un proceso abierto, basado en el m\u00e9rito y transparente, similar al que se ha seguido en ocasiones anteriores, que deber\u00e1 concluir el cuatro de octubre, inform\u00f3 este viernes el Consejo Ejecutivo del organismo desde su sede en la capital estadunidense.<\/p>\n<p style=\"text-align: justify;\">Las menciones sobre la persona que reemplazar\u00e1 a la francesa Lagarde comenzaron pr\u00e1cticamente desde el momento mismo en que esta solicit\u00f3 su baja temporal al conocerse su nominaci\u00f3n a la instituci\u00f3n europea.<\/p>\n<p style=\"text-align: justify;\">Por el momento solo el presidente saliente del BCE, el italiano Mario Draghi, se ha descartado del enroque que significar\u00eda su nombramiento al frente del FMI, en acatamiento a la regla no escrita de que un europeo debe presidir al organismo.<\/p>\n<p style=\"text-align: justify;\">&#8220;Estoy muy honrado de ser mencionado, pero no estoy disponible&#8221;, dijo en respuesta a la prensa que lo interrog\u00f3 sobre esa posibilidad presuntamente impulsada por Francia, que tambi\u00e9n empuj\u00f3 la nominaci\u00f3n de Lagarde al BCE.<\/p>\n<p style=\"text-align: justify;\">En seguimiento a esa regla no escrita, cuya contraparte es que el Banco Mundial (BM) reserva su sill\u00f3n de director a Estados Unidos, los principales gobernadores de bancos centrales europeos ya han comenzado a barajar diversos nombres.<\/p>\n<p style=\"text-align: justify;\">Entre otros mencionados se encuentran Jeroen Dijsselbloem de Pa\u00edses Bajos y expresidente del Eurogrupo, Nadia Calvino, ministra de Econom\u00eda de Espa\u00f1a y Mark Carney, a la fecha gobernador del central Banco de Inglaterra, enumer\u00f3 el sitio especializado Bloomberg.<\/p>\n<p style=\"text-align: justify;\">Por su parte fuentes del ministerio espa\u00f1ol de Finanzas agregaron a M\u00e1rio Centeno, de Portugal, al gobernador del banco central finland\u00e9s, Olli Rehn y a la directora ejecutiva del Banco Mundial, la b\u00falgara Kristalina Georgieva, como otros nombres que se analizan.<\/p>\n<p style=\"text-align: justify;\">De acuerdo al Consejo de Gobernadores del FMI, quien obtenga el cargo debe de contar con una reconocida carrera en pol\u00edtica econ\u00f3mica a niveles ejecutivos, habilidades diplom\u00e1ticas y tener la nacionalidad de algunos de los pa\u00edses que forman a la entidad.<\/p>\n<p style=\"text-align: justify;\">El periodo de nominaci\u00f3n comenzar\u00e1 el siguiente lunes 29 y cerrar\u00e1 el seis de septiembre justo a la media noche. Adem\u00e1s, cada nominado debe confirmar que es su voluntad participar en el proceso.<\/p>\n<p style=\"text-align: justify;\">Tras el fin del periodo de nominaci\u00f3n, se har\u00e1 un an\u00e1lisis de las propuestas a fin de llegar a un grupo peque\u00f1o de aspirantes a trav\u00e9s del consenso, cuyos nombres ser\u00e1n hechos p\u00fablicos.<\/p>\n<p style=\"text-align: justify;\">El Consejo Ejecutivo pretende hacer su selecci\u00f3n final para el 4 de octubre, privilegiando el m\u00e9todo del consenso.<\/p>\n","protected":false},"excerpt":{"rendered":"<p>Washington.- El Fondo Monetario Internacional (FMI) comenz\u00f3 el proceso de selecci\u00f3n de su nuevo director gerente, tras la salida de Christine Lagarde, quien a fines de a\u00f1o se har\u00e1 cargo del Banco Central Europeo (BCE). Se tratar\u00e1 de un proceso abierto, basado en el m\u00e9rito y transparente, similar al que se ha seguido en ocasiones [&hellip;]<\/p>\n","protected":false},"author":2,"featured_media":39940,"comment_status":"open","ping_status":"closed","sticky":false,"template":"","format":"standard","meta":{"footnotes":""},"categories":[18],"tags":[],"class_list":["post-39939","post","type-post","status-publish","format-standard","has-post-thumbnail","hentry","category-internacional"],"yoast_head":"<!-- This site is optimized with the Yoast SEO plugin v27.5 - https:\/\/yoast.com\/product\/yoast-seo-wordpress\/ -->\n<title>FMI comienza proceso para elecci\u00f3n de sucesor de Lagarde - Canal 7 SLP - 2019<\/title>\n<meta name=\"robots\" content=\"index, follow, max-snippet:-1, max-image-preview:large, max-video-preview:-1\" \/>\n<link rel=\"canonical\" href=\"https:\/\/canal7slp.tv\/2019\/fmi-comienza-proceso-para-eleccion-de-sucesor-de-lagarde\/\" \/>\n<meta property=\"og:locale\" content=\"es_ES\" \/>\n<meta property=\"og:type\" content=\"article\" \/>\n<meta property=\"og:title\" content=\"FMI comienza proceso para elecci\u00f3n de sucesor de Lagarde - Canal 7 SLP - 2019\" \/>\n<meta property=\"og:description\" content=\"Washington.- El Fondo Monetario Internacional (FMI) comenz\u00f3 el proceso de selecci\u00f3n de su nuevo director gerente, tras la salida de Christine Lagarde, quien a fines de a\u00f1o se har\u00e1 cargo del Banco Central Europeo (BCE). Se tratar\u00e1 de un proceso abierto, basado en el m\u00e9rito y transparente, similar al que se ha seguido en ocasiones [&hellip;]\" \/>\n<meta property=\"og:url\" content=\"https:\/\/canal7slp.tv\/2019\/fmi-comienza-proceso-para-eleccion-de-sucesor-de-lagarde\/\" \/>\n<meta property=\"og:site_name\" content=\"Canal 7 SLP - 2019\" \/>\n<meta property=\"article:publisher\" content=\"https:\/\/www.facebook.com\/CANAL7SLP\/\" \/>\n<meta property=\"article:published_time\" content=\"2019-07-26T19:34:05+00:00\" \/>\n<meta property=\"og:image\" content=\"https:\/\/canal7slp.tv\/2019\/wp-content\/uploads\/2019\/07\/17-15.jpg\" \/>\n\t<meta property=\"og:image:width\" content=\"700\" \/>\n\t<meta property=\"og:image:height\" content=\"410\" \/>\n\t<meta property=\"og:image:type\" content=\"image\/jpeg\" \/>\n<meta name=\"author\" content=\"edicionweb\" \/>\n<meta name=\"twitter:card\" content=\"summary_large_image\" \/>\n<meta name=\"twitter:creator\" content=\"@canal7_slp\" \/>\n<meta name=\"twitter:site\" content=\"@canal7_slp\" \/>\n<meta name=\"twitter:label1\" content=\"Escrito por\" \/>\n\t<meta name=\"twitter:data1\" content=\"edicionweb\" \/>\n\t<meta name=\"twitter:label2\" content=\"Tiempo de lectura\" \/>\n\t<meta name=\"twitter:data2\" content=\"2 minutos\" \/>\n<script type=\"application\/ld+json\" class=\"yoast-schema-graph\">{\"@context\":\"https:\\\/\\\/schema.org\",\"@graph\":[{\"@type\":\"Article\",\"@id\":\"https:\\\/\\\/canal7slp.tv\\\/2019\\\/fmi-comienza-proceso-para-eleccion-de-sucesor-de-lagarde\\\/#article\",\"isPartOf\":{\"@id\":\"https:\\\/\\\/canal7slp.tv\\\/2019\\\/fmi-comienza-proceso-para-eleccion-de-sucesor-de-lagarde\\\/\"},\"author\":{\"name\":\"edicionweb\",\"@id\":\"https:\\\/\\\/canal7slp.tv\\\/2019\\\/#\\\/schema\\\/person\\\/11d941c1c6ca30ac0a46b95fa37aa2e3\"},\"headline\":\"FMI comienza proceso para elecci\u00f3n de sucesor de Lagarde\",\"datePublished\":\"2019-07-26T19:34:05+00:00\",\"mainEntityOfPage\":{\"@id\":\"https:\\\/\\\/canal7slp.tv\\\/2019\\\/fmi-comienza-proceso-para-eleccion-de-sucesor-de-lagarde\\\/\"},\"wordCount\":467,\"commentCount\":0,\"publisher\":{\"@id\":\"https:\\\/\\\/canal7slp.tv\\\/2019\\\/#organization\"},\"image\":{\"@id\":\"https:\\\/\\\/canal7slp.tv\\\/2019\\\/fmi-comienza-proceso-para-eleccion-de-sucesor-de-lagarde\\\/#primaryimage\"},\"thumbnailUrl\":\"https:\\\/\\\/canal7slp.tv\\\/2019\\\/wp-content\\\/uploads\\\/2019\\\/07\\\/17-15.jpg\",\"articleSection\":[\"INTERNACIONAL\"],\"inLanguage\":\"es\",\"potentialAction\":[{\"@type\":\"CommentAction\",\"name\":\"Comment\",\"target\":[\"https:\\\/\\\/canal7slp.tv\\\/2019\\\/fmi-comienza-proceso-para-eleccion-de-sucesor-de-lagarde\\\/#respond\"]}]},{\"@type\":\"WebPage\",\"@id\":\"https:\\\/\\\/canal7slp.tv\\\/2019\\\/fmi-comienza-proceso-para-eleccion-de-sucesor-de-lagarde\\\/\",\"url\":\"https:\\\/\\\/canal7slp.tv\\\/2019\\\/fmi-comienza-proceso-para-eleccion-de-sucesor-de-lagarde\\\/\",\"name\":\"FMI comienza proceso para elecci\u00f3n de sucesor de Lagarde - Canal 7 SLP - 2019\",\"isPartOf\":{\"@id\":\"https:\\\/\\\/canal7slp.tv\\\/2019\\\/#website\"},\"primaryImageOfPage\":{\"@id\":\"https:\\\/\\\/canal7slp.tv\\\/2019\\\/fmi-comienza-proceso-para-eleccion-de-sucesor-de-lagarde\\\/#primaryimage\"},\"image\":{\"@id\":\"https:\\\/\\\/canal7slp.tv\\\/2019\\\/fmi-comienza-proceso-para-eleccion-de-sucesor-de-lagarde\\\/#primaryimage\"},\"thumbnailUrl\":\"https:\\\/\\\/canal7slp.tv\\\/2019\\\/wp-content\\\/uploads\\\/2019\\\/07\\\/17-15.jpg\",\"datePublished\":\"2019-07-26T19:34:05+00:00\",\"breadcrumb\":{\"@id\":\"https:\\\/\\\/canal7slp.tv\\\/2019\\\/fmi-comienza-proceso-para-eleccion-de-sucesor-de-lagarde\\\/#breadcrumb\"},\"inLanguage\":\"es\",\"potentialAction\":[{\"@type\":\"ReadAction\",\"target\":[\"https:\\\/\\\/canal7slp.tv\\\/2019\\\/fmi-comienza-proceso-para-eleccion-de-sucesor-de-lagarde\\\/\"]}]},{\"@type\":\"ImageObject\",\"inLanguage\":\"es\",\"@id\":\"https:\\\/\\\/canal7slp.tv\\\/2019\\\/fmi-comienza-proceso-para-eleccion-de-sucesor-de-lagarde\\\/#primaryimage\",\"url\":\"https:\\\/\\\/canal7slp.tv\\\/2019\\\/wp-content\\\/uploads\\\/2019\\\/07\\\/17-15.jpg\",\"contentUrl\":\"https:\\\/\\\/canal7slp.tv\\\/2019\\\/wp-content\\\/uploads\\\/2019\\\/07\\\/17-15.jpg\",\"width\":700,\"height\":410},{\"@type\":\"BreadcrumbList\",\"@id\":\"https:\\\/\\\/canal7slp.tv\\\/2019\\\/fmi-comienza-proceso-para-eleccion-de-sucesor-de-lagarde\\\/#breadcrumb\",\"itemListElement\":[{\"@type\":\"ListItem\",\"position\":1,\"name\":\"Home\",\"item\":\"https:\\\/\\\/canal7slp.tv\\\/2019\\\/\"},{\"@type\":\"ListItem\",\"position\":2,\"name\":\"FMI comienza proceso para elecci\u00f3n de sucesor de Lagarde\"}]},{\"@type\":\"WebSite\",\"@id\":\"https:\\\/\\\/canal7slp.tv\\\/2019\\\/#website\",\"url\":\"https:\\\/\\\/canal7slp.tv\\\/2019\\\/\",\"name\":\"Canal 7 SLP - Somos TV\",\"description\":\"Somos un Canal de 10\",\"publisher\":{\"@id\":\"https:\\\/\\\/canal7slp.tv\\\/2019\\\/#organization\"},\"potentialAction\":[{\"@type\":\"SearchAction\",\"target\":{\"@type\":\"EntryPoint\",\"urlTemplate\":\"https:\\\/\\\/canal7slp.tv\\\/2019\\\/?s={search_term_string}\"},\"query-input\":{\"@type\":\"PropertyValueSpecification\",\"valueRequired\":true,\"valueName\":\"search_term_string\"}}],\"inLanguage\":\"es\"},{\"@type\":\"Organization\",\"@id\":\"https:\\\/\\\/canal7slp.tv\\\/2019\\\/#organization\",\"name\":\"Comunicaci\u00f3n 2000 S.A. de C.V.\",\"url\":\"https:\\\/\\\/canal7slp.tv\\\/2019\\\/\",\"logo\":{\"@type\":\"ImageObject\",\"inLanguage\":\"es\",\"@id\":\"https:\\\/\\\/canal7slp.tv\\\/2019\\\/#\\\/schema\\\/logo\\\/image\\\/\",\"url\":\"https:\\\/\\\/canal7slp.tv\\\/2019\\\/wp-content\\\/uploads\\\/2019\\\/07\\\/logo-c7.png\",\"contentUrl\":\"https:\\\/\\\/canal7slp.tv\\\/2019\\\/wp-content\\\/uploads\\\/2019\\\/07\\\/logo-c7.png\",\"width\":220,\"height\":60,\"caption\":\"Comunicaci\u00f3n 2000 S.A. de C.V.\"},\"image\":{\"@id\":\"https:\\\/\\\/canal7slp.tv\\\/2019\\\/#\\\/schema\\\/logo\\\/image\\\/\"},\"sameAs\":[\"https:\\\/\\\/www.facebook.com\\\/CANAL7SLP\\\/\",\"https:\\\/\\\/x.com\\\/canal7_slp\",\"https:\\\/\\\/www.instagram.com\\\/canal7_slp\",\"https:\\\/\\\/www.youtube.com\\\/user\\\/NOTICIEROSCANAL7SLP\\\/\"]},{\"@type\":\"Person\",\"@id\":\"https:\\\/\\\/canal7slp.tv\\\/2019\\\/#\\\/schema\\\/person\\\/11d941c1c6ca30ac0a46b95fa37aa2e3\",\"name\":\"edicionweb\",\"image\":{\"@type\":\"ImageObject\",\"inLanguage\":\"es\",\"@id\":\"https:\\\/\\\/secure.gravatar.com\\\/avatar\\\/eee448fc3f7164808013b816ba91ac7e43bbe82a70bebac296f8bc6f0addaa1a?s=96&d=mm&r=g\",\"url\":\"https:\\\/\\\/secure.gravatar.com\\\/avatar\\\/eee448fc3f7164808013b816ba91ac7e43bbe82a70bebac296f8bc6f0addaa1a?s=96&d=mm&r=g\",\"contentUrl\":\"https:\\\/\\\/secure.gravatar.com\\\/avatar\\\/eee448fc3f7164808013b816ba91ac7e43bbe82a70bebac296f8bc6f0addaa1a?s=96&d=mm&r=g\",\"caption\":\"edicionweb\"}}]}<\/script>\n<!-- \/ Yoast SEO plugin. -->","yoast_head_json":{"title":"FMI comienza proceso para elecci\u00f3n de sucesor de Lagarde - Canal 7 SLP - 2019","robots":{"index":"index","follow":"follow","max-snippet":"max-snippet:-1","max-image-preview":"max-image-preview:large","max-video-preview":"max-video-preview:-1"},"canonical":"https:\/\/canal7slp.tv\/2019\/fmi-comienza-proceso-para-eleccion-de-sucesor-de-lagarde\/","og_locale":"es_ES","og_type":"article","og_title":"FMI comienza proceso para elecci\u00f3n de sucesor de Lagarde - Canal 7 SLP - 2019","og_description":"Washington.- El Fondo Monetario Internacional (FMI) comenz\u00f3 el proceso de selecci\u00f3n de su nuevo director gerente, tras la salida de Christine Lagarde, quien a fines de a\u00f1o se har\u00e1 cargo del Banco Central Europeo (BCE). Se tratar\u00e1 de un proceso abierto, basado en el m\u00e9rito y transparente, similar al que se ha seguido en ocasiones [&hellip;]","og_url":"https:\/\/canal7slp.tv\/2019\/fmi-comienza-proceso-para-eleccion-de-sucesor-de-lagarde\/","og_site_name":"Canal 7 SLP - 2019","article_publisher":"https:\/\/www.facebook.com\/CANAL7SLP\/","article_published_time":"2019-07-26T19:34:05+00:00","og_image":[{"width":700,"height":410,"url":"https:\/\/canal7slp.tv\/2019\/wp-content\/uploads\/2019\/07\/17-15.jpg","type":"image\/jpeg"}],"author":"edicionweb","twitter_card":"summary_large_image","twitter_creator":"@canal7_slp","twitter_site":"@canal7_slp","twitter_misc":{"Escrito por":"edicionweb","Tiempo de lectura":"2 minutos"},"schema":{"@context":"https:\/\/schema.org","@graph":[{"@type":"Article","@id":"https:\/\/canal7slp.tv\/2019\/fmi-comienza-proceso-para-eleccion-de-sucesor-de-lagarde\/#article","isPartOf":{"@id":"https:\/\/canal7slp.tv\/2019\/fmi-comienza-proceso-para-eleccion-de-sucesor-de-lagarde\/"},"author":{"name":"edicionweb","@id":"https:\/\/canal7slp.tv\/2019\/#\/schema\/person\/11d941c1c6ca30ac0a46b95fa37aa2e3"},"headline":"FMI comienza proceso para elecci\u00f3n de sucesor de Lagarde","datePublished":"2019-07-26T19:34:05+00:00","mainEntityOfPage":{"@id":"https:\/\/canal7slp.tv\/2019\/fmi-comienza-proceso-para-eleccion-de-sucesor-de-lagarde\/"},"wordCount":467,"commentCount":0,"publisher":{"@id":"https:\/\/canal7slp.tv\/2019\/#organization"},"image":{"@id":"https:\/\/canal7slp.tv\/2019\/fmi-comienza-proceso-para-eleccion-de-sucesor-de-lagarde\/#primaryimage"},"thumbnailUrl":"https:\/\/canal7slp.tv\/2019\/wp-content\/uploads\/2019\/07\/17-15.jpg","articleSection":["INTERNACIONAL"],"inLanguage":"es","potentialAction":[{"@type":"CommentAction","name":"Comment","target":["https:\/\/canal7slp.tv\/2019\/fmi-comienza-proceso-para-eleccion-de-sucesor-de-lagarde\/#respond"]}]},{"@type":"WebPage","@id":"https:\/\/canal7slp.tv\/2019\/fmi-comienza-proceso-para-eleccion-de-sucesor-de-lagarde\/","url":"https:\/\/canal7slp.tv\/2019\/fmi-comienza-proceso-para-eleccion-de-sucesor-de-lagarde\/","name":"FMI comienza proceso para elecci\u00f3n de sucesor de Lagarde - Canal 7 SLP - 2019","isPartOf":{"@id":"https:\/\/canal7slp.tv\/2019\/#website"},"primaryImageOfPage":{"@id":"https:\/\/canal7slp.tv\/2019\/fmi-comienza-proceso-para-eleccion-de-sucesor-de-lagarde\/#primaryimage"},"image":{"@id":"https:\/\/canal7slp.tv\/2019\/fmi-comienza-proceso-para-eleccion-de-sucesor-de-lagarde\/#primaryimage"},"thumbnailUrl":"https:\/\/canal7slp.tv\/2019\/wp-content\/uploads\/2019\/07\/17-15.jpg","datePublished":"2019-07-26T19:34:05+00:00","breadcrumb":{"@id":"https:\/\/canal7slp.tv\/2019\/fmi-comienza-proceso-para-eleccion-de-sucesor-de-lagarde\/#breadcrumb"},"inLanguage":"es","potentialAction":[{"@type":"ReadAction","target":["https:\/\/canal7slp.tv\/2019\/fmi-comienza-proceso-para-eleccion-de-sucesor-de-lagarde\/"]}]},{"@type":"ImageObject","inLanguage":"es","@id":"https:\/\/canal7slp.tv\/2019\/fmi-comienza-proceso-para-eleccion-de-sucesor-de-lagarde\/#primaryimage","url":"https:\/\/canal7slp.tv\/2019\/wp-content\/uploads\/2019\/07\/17-15.jpg","contentUrl":"https:\/\/canal7slp.tv\/2019\/wp-content\/uploads\/2019\/07\/17-15.jpg","width":700,"height":410},{"@type":"BreadcrumbList","@id":"https:\/\/canal7slp.tv\/2019\/fmi-comienza-proceso-para-eleccion-de-sucesor-de-lagarde\/#breadcrumb","itemListElement":[{"@type":"ListItem","position":1,"name":"Home","item":"https:\/\/canal7slp.tv\/2019\/"},{"@type":"ListItem","position":2,"name":"FMI comienza proceso para elecci\u00f3n de sucesor de Lagarde"}]},{"@type":"WebSite","@id":"https:\/\/canal7slp.tv\/2019\/#website","url":"https:\/\/canal7slp.tv\/2019\/","name":"Canal 7 SLP - Somos TV","description":"Somos un Canal de 10","publisher":{"@id":"https:\/\/canal7slp.tv\/2019\/#organization"},"potentialAction":[{"@type":"SearchAction","target":{"@type":"EntryPoint","urlTemplate":"https:\/\/canal7slp.tv\/2019\/?s={search_term_string}"},"query-input":{"@type":"PropertyValueSpecification","valueRequired":true,"valueName":"search_term_string"}}],"inLanguage":"es"},{"@type":"Organization","@id":"https:\/\/canal7slp.tv\/2019\/#organization","name":"Comunicaci\u00f3n 2000 S.A. de C.V.","url":"https:\/\/canal7slp.tv\/2019\/","logo":{"@type":"ImageObject","inLanguage":"es","@id":"https:\/\/canal7slp.tv\/2019\/#\/schema\/logo\/image\/","url":"https:\/\/canal7slp.tv\/2019\/wp-content\/uploads\/2019\/07\/logo-c7.png","contentUrl":"https:\/\/canal7slp.tv\/2019\/wp-content\/uploads\/2019\/07\/logo-c7.png","width":220,"height":60,"caption":"Comunicaci\u00f3n 2000 S.A. de C.V."},"image":{"@id":"https:\/\/canal7slp.tv\/2019\/#\/schema\/logo\/image\/"},"sameAs":["https:\/\/www.facebook.com\/CANAL7SLP\/","https:\/\/x.com\/canal7_slp","https:\/\/www.instagram.com\/canal7_slp","https:\/\/www.youtube.com\/user\/NOTICIEROSCANAL7SLP\/"]},{"@type":"Person","@id":"https:\/\/canal7slp.tv\/2019\/#\/schema\/person\/11d941c1c6ca30ac0a46b95fa37aa2e3","name":"edicionweb","image":{"@type":"ImageObject","inLanguage":"es","@id":"https:\/\/secure.gravatar.com\/avatar\/eee448fc3f7164808013b816ba91ac7e43bbe82a70bebac296f8bc6f0addaa1a?s=96&d=mm&r=g","url":"https:\/\/secure.gravatar.com\/avatar\/eee448fc3f7164808013b816ba91ac7e43bbe82a70bebac296f8bc6f0addaa1a?s=96&d=mm&r=g","contentUrl":"https:\/\/secure.gravatar.com\/avatar\/eee448fc3f7164808013b816ba91ac7e43bbe82a70bebac296f8bc6f0addaa1a?s=96&d=mm&r=g","caption":"edicionweb"}}]}},"amp_enabled":true,"cmb2":{"video_ids_in_playlist":{"vid_p_videos":""},"video_ids_in_channel":{"vid_c_videos":""},"playlist_ids_in_channel":{"vid_c_playlists":""},"series_ids_in_channel":{"vid_c_series":""},"channel_images":{"vid_c_logo":"","vid_c_banner":""},"poster_feature_image":{"vid_m_poster_image":""},"gif_feature_image":{"vid_m_gif_image":""},"video_movie_settings":{"vid_m_director":"","vid_m_actor":"","vid_m_imdb_ratings":"","vid_m_amazon_associates":""},"vid_youtube_broadcasts_settings":{"vid_yb_broadcast_title":"","vid_yb_q":"","vid_yb_channelid":"","vid_yb_videocategoryid":"","vid_yb_maxresults":"","vid_yb_order":"","vid_yb_regioncode":"","vid_yb_videosyndicated":"","vid_yb_style":"","vid_yb_reload_first":""},"video_series_settings":{"vid_m_director":"","vid_m_actor":"","vid_m_imdb_ratings":"","video_series_group":""},"amazon_associates_settings":{"amazon_associates":"","amazon_native_ad":""},"vid_youtube_automatic_settings":{"vid_ya_youtube_source":"","vid_ya_update_every":"","vid_ya_update_unit":"","vid_ya_categories":"","vid_ya_published_after":"","vid_ya_published_before":"","vid_ya_playlists":"","vid_ya_channels":"","vid_ya_director":"","vid_ya_actor":"","vid_ya_author":"","vid_ya_import_post_date":"","vid_ya_status":"","vid_ya_sub_api_key":""},"vid_ads_m_videoads_settings_post":{"vid_ads_m_video_ads":"","vid_ads_m_video_ads_type":"","vid_ads_m_group_google_ima":"","vid_ads_m_group_image":"","vid_ads_m_group_html5_video":"","vid_ads_m_group_html":"","vid_ads_m_vast_preroll":"","vid_ads_m_vast_postroll":"","vid_ads_m_vast_pauseroll":"","vid_ads_m_vast_midroll":[{"vid_ads_m_vast_timer_seconds":"50"}],"vid_ads_m_time_to_show_ads":"","vid_ads_m_time_skip_ads":"","vid_ads_m_time_to_hide_ads":""},"page_slider_settings":{"display_slider_group":"","page_slider_group":""},"blog_page_settings":{"blog_page_title":"","blog_page_heading":"","blog_page_ic":"","blog_page_it":"","blog_page_ec":"","blog_page_ip":"","archive_loop_style":"","blog_image_ratio":"","blog_show_categories":"","blog_show_excerpt":"","blog_show_author":"","blog_show_date":"","blog_show_comment_count":"","blog_show_view_count":"","blog_show_like_count":"","blog_show_dislike_count":"","blog_items_per_page":"","blog_pag_type":""},"page_options":{"get_page_template":"","color_mode":"","main_layout":"","main_layout_full_with":"","main_logo":"","main_logo_retina":"","main_logo_mobile":"","main_logo_mobile_retina":"","sticky_logo":"","sticky_logo_retina":"","main_nav_layout":"","ajax_search":"","header_background":"","theme_sidebar":"","instagram_feed":"","instagram_feed_position":"","popular_videos":"","popular_videos_title_1":"","popular_videos_title_2":"","popular_videos_ic":"","popular_videos_it":"","theme_background":"","page_custom_css":""},"feature_image_settings":{"feature_image_position":""},"video_player_settings":{"single_video_style":"","video_player_position":"","vm_video_url":"","video_player_library":"","video_streaming":"","vm_media_sources":"","vid_auto_play":"","vm_video_shortcode":"","vid_p_sync_playlist":"","vid_c_sync_channel":"","get_post_format":"","multiple_links_structure":"default","multi_links_title":"","vm_video_multi_links":"","vm_duration":"","vid_social_locker":"off","vid_social_locker_id":"","vid_membership_action":"content-video","vm_video_trailer_url":"","vid_download_type":"free","vid_download_target":"download","vid_woo_product":"","vm_media_download":"","user_rating":"","user_rating_position":"","user_rating_mode":"","user_rating_multi_sets":""},"video_auto_fetch_settings":{"vm_video_fetch":"on"},"video_fake_views_likes":{"vm_fake_views":"","vm_fake_likes":"","vm_fake_dislikes":""},"gallery_settings":{"gallery_position":""},"quote_settings":{"quote_position":""},"post_options":{"main_layout":"","main_logo":"","main_logo_retina":"","main_logo_mobile":"","main_logo_mobile_retina":"","sticky_logo":"","sticky_logo_retina":"","main_nav_layout":"","header_background":"","theme_sidebar":"","single_post_comment_type":"","theme_background":""}},"_links":{"self":[{"href":"https:\/\/canal7slp.tv\/2019\/wp-json\/wp\/v2\/posts\/39939","targetHints":{"allow":["GET"]}}],"collection":[{"href":"https:\/\/canal7slp.tv\/2019\/wp-json\/wp\/v2\/posts"}],"about":[{"href":"https:\/\/canal7slp.tv\/2019\/wp-json\/wp\/v2\/types\/post"}],"author":[{"embeddable":true,"href":"https:\/\/canal7slp.tv\/2019\/wp-json\/wp\/v2\/users\/2"}],"replies":[{"embeddable":true,"href":"https:\/\/canal7slp.tv\/2019\/wp-json\/wp\/v2\/comments?post=39939"}],"version-history":[{"count":0,"href":"https:\/\/canal7slp.tv\/2019\/wp-json\/wp\/v2\/posts\/39939\/revisions"}],"wp:featuredmedia":[{"embeddable":true,"href":"https:\/\/canal7slp.tv\/2019\/wp-json\/wp\/v2\/media\/39940"}],"wp:attachment":[{"href":"https:\/\/canal7slp.tv\/2019\/wp-json\/wp\/v2\/media?parent=39939"}],"wp:term":[{"taxonomy":"category","embeddable":true,"href":"https:\/\/canal7slp.tv\/2019\/wp-json\/wp\/v2\/categories?post=39939"},{"taxonomy":"post_tag","embeddable":true,"href":"https:\/\/canal7slp.tv\/2019\/wp-json\/wp\/v2\/tags?post=39939"}],"curies":[{"name":"wp","href":"https:\/\/api.w.org\/{rel}","templated":true}]}}