{"id":39933,"date":"2019-07-26T14:22:29","date_gmt":"2019-07-26T19:22:29","guid":{"rendered":"https:\/\/canal7slp.tv\/2019\/?p=39933"},"modified":"2019-07-26T14:22:29","modified_gmt":"2019-07-26T19:22:29","slug":"pemex-espera-cerrar-ano-con-1-7-millones-de-barriles-diarios","status":"publish","type":"post","link":"https:\/\/canal7slp.tv\/2019\/pemex-espera-cerrar-ano-con-1-7-millones-de-barriles-diarios\/","title":{"rendered":"Pemex espera cerrar a\u00f1o con 1.7 millones de barriles diarios"},"content":{"rendered":"<p style=\"text-align: justify;\">M\u00e9xico.- Al cierre del a\u00f1o, Petr\u00f3leos Mexicanos (Pemex) espera incrementar su producci\u00f3n de petr\u00f3leo a alrededor de un mill\u00f3n 720 mil barriles diarios, impulsada por la entrada de nuevos campos.<\/p>\n<p style=\"text-align: justify;\">En una llamada con analistas por sus resultados financieros, el director de Recursos, Reservas y Asociaciones de Pemex, Ulises Hern\u00e1ndez, se\u00f1al\u00f3 que las actividades para asegurar la operaci\u00f3n de los campos costa los ha ayudado a revertir la declinaci\u00f3n.<\/p>\n<p style=\"text-align: justify;\">Mientras que la entrada de los nuevos campos y pozos en los yacimientos ya en producci\u00f3n los ayudar\u00e1 a alcanzar los niveles de producci\u00f3n estimados en un mill\u00f3n 720 mil barriles diarios para finales de 2019.<\/p>\n<p style=\"text-align: justify;\">\u201cLa producci\u00f3n que esperamos hacia fin de a\u00f1o, por supuesto es incrementar de lo que tenemos actualmente de un promedio de un mill\u00f3n 680 a un mill\u00f3n 720 mil barriles por d\u00eda hacia el promedio de este a\u00f1o y es principalmente con la entrada de estos estos nuevos campos\u201d.<\/p>\n<p style=\"text-align: justify;\">En el segundo trimestre del a\u00f1o, la producci\u00f3n de hidrocarburos fue de un mill\u00f3n 661 mil barriles diarios; logrando, tras 14 a\u00f1os consecutivos de ca\u00eddas en la producci\u00f3n, en el mes de junio un crecimiento de 48.3 mil barriles diarios respecto de la producci\u00f3n promedio en enero.<\/p>\n<p style=\"text-align: justify;\">Por su parte, el director Corporativo de Finanzas de Pemex, Alberto Vel\u00e1zquez, se\u00f1al\u00f3 que lograr la estabilizaci\u00f3n de petr\u00f3leo y detener una historia de 14 a\u00f1os consecutivos de ca\u00eddas es un gran logro para Petr\u00f3leos Mexicanos y un buen punto de partida para consolidar la estrategia de producci\u00f3n de petr\u00f3leo.<\/p>\n<p style=\"text-align: justify;\">En este sentido precis\u00f3 que la ejecuci\u00f3n de los nuevos desarrollos va conforme a los tiempos establecidos y se reafirma el compromiso de crecimiento de producci\u00f3n de petr\u00f3leo para el cuarto trimestre de este a\u00f1o.<\/p>\n<p style=\"text-align: justify;\">\u201cNuestras perspectivas para el cierre de a\u00f1o son positivas, continuar\u00e1 la recuperaci\u00f3n de los niveles de proceso desde la refiner\u00eda\u2026 ratificamos nuestro escenario de ahorros de por lo menos 32 mil 600 millones de d\u00f3lares anuales derivado del \u00e9xito que estamos obteniendo en el combate al robo de combustible\u201d, indic\u00f3<\/p>\n<p style=\"text-align: justify;\">Asimismo, detall\u00f3 que la mayor parte de los beneficios fiscales del decreto del pasado 24 de mayo se va a obtener en el segundo semestre, considerando que al primer semestre el beneficio fiscal acumulado ascendi\u00f3 a cuatro mil 421 millones de pesos y quedar\u00edan por aplicar 25 mil 578 millones de pesos para los siguientes dos trimestres del a\u00f1o.<\/p>\n<p style=\"text-align: justify;\">Alberto Vel\u00e1zquez asegur\u00f3 que continuar\u00e1n con la disciplina financiera, la reducci\u00f3n de los costos y gastos de la empresa, buscando la operaci\u00f3n eficiente de sus plantas y fortaleciendo su pol\u00edtica comercial en la venta de productos.<\/p>\n<p style=\"text-align: justify;\">\u201cLa recuperaci\u00f3n de la producci\u00f3n de petr\u00f3leo ser\u00e1 el soporte para la generaci\u00f3n de rendimientos netos positivos para la empresa, as\u00ed lo hemos planteado en el Plan de Negocios reci\u00e9n aprobado por nuestro Consejo de Administraci\u00f3n\u2026 en pocos meses hemos logrado avanzar en la soluci\u00f3n de los graves y complejos problemas operativos y financieros de la empresa\u201d, agreg\u00f3.<\/p>\n","protected":false},"excerpt":{"rendered":"<p>M\u00e9xico.- Al cierre del a\u00f1o, Petr\u00f3leos Mexicanos (Pemex) espera incrementar su producci\u00f3n de petr\u00f3leo a alrededor de un mill\u00f3n 720 mil barriles diarios, impulsada por la entrada de nuevos campos. En una llamada con analistas por sus resultados financieros, el director de Recursos, Reservas y Asociaciones de Pemex, Ulises Hern\u00e1ndez, se\u00f1al\u00f3 que las actividades para [&hellip;]<\/p>\n","protected":false},"author":2,"featured_media":39934,"comment_status":"open","ping_status":"closed","sticky":false,"template":"","format":"standard","meta":{"footnotes":""},"categories":[98],"tags":[],"class_list":["post-39933","post","type-post","status-publish","format-standard","has-post-thumbnail","hentry","category-finanzas"],"yoast_head":"<!-- This site is optimized with the Yoast SEO plugin v27.5 - https:\/\/yoast.com\/product\/yoast-seo-wordpress\/ -->\n<title>Pemex espera cerrar a\u00f1o con 1.7 millones de barriles diarios - Canal 7 SLP - 2019<\/title>\n<meta name=\"robots\" content=\"index, follow, max-snippet:-1, max-image-preview:large, max-video-preview:-1\" \/>\n<link rel=\"canonical\" href=\"https:\/\/canal7slp.tv\/2019\/pemex-espera-cerrar-ano-con-1-7-millones-de-barriles-diarios\/\" \/>\n<meta property=\"og:locale\" content=\"es_ES\" \/>\n<meta property=\"og:type\" content=\"article\" \/>\n<meta property=\"og:title\" content=\"Pemex espera cerrar a\u00f1o con 1.7 millones de barriles diarios - Canal 7 SLP - 2019\" \/>\n<meta property=\"og:description\" content=\"M\u00e9xico.- Al cierre del a\u00f1o, Petr\u00f3leos Mexicanos (Pemex) espera incrementar su producci\u00f3n de petr\u00f3leo a alrededor de un mill\u00f3n 720 mil barriles diarios, impulsada por la entrada de nuevos campos. En una llamada con analistas por sus resultados financieros, el director de Recursos, Reservas y Asociaciones de Pemex, Ulises Hern\u00e1ndez, se\u00f1al\u00f3 que las actividades para [&hellip;]\" \/>\n<meta property=\"og:url\" content=\"https:\/\/canal7slp.tv\/2019\/pemex-espera-cerrar-ano-con-1-7-millones-de-barriles-diarios\/\" \/>\n<meta property=\"og:site_name\" content=\"Canal 7 SLP - 2019\" \/>\n<meta property=\"article:publisher\" content=\"https:\/\/www.facebook.com\/CANAL7SLP\/\" \/>\n<meta property=\"article:published_time\" content=\"2019-07-26T19:22:29+00:00\" \/>\n<meta property=\"og:image\" content=\"https:\/\/canal7slp.tv\/2019\/wp-content\/uploads\/2019\/07\/15.jpeg\" \/>\n\t<meta property=\"og:image:width\" content=\"730\" \/>\n\t<meta property=\"og:image:height\" content=\"410\" \/>\n\t<meta property=\"og:image:type\" content=\"image\/jpeg\" \/>\n<meta name=\"author\" content=\"edicionweb\" \/>\n<meta name=\"twitter:card\" content=\"summary_large_image\" \/>\n<meta name=\"twitter:creator\" content=\"@canal7_slp\" \/>\n<meta name=\"twitter:site\" content=\"@canal7_slp\" \/>\n<meta name=\"twitter:label1\" content=\"Escrito por\" \/>\n\t<meta name=\"twitter:data1\" content=\"edicionweb\" \/>\n\t<meta name=\"twitter:label2\" content=\"Tiempo de lectura\" \/>\n\t<meta name=\"twitter:data2\" content=\"3 minutos\" \/>\n<script type=\"application\/ld+json\" class=\"yoast-schema-graph\">{\"@context\":\"https:\\\/\\\/schema.org\",\"@graph\":[{\"@type\":\"Article\",\"@id\":\"https:\\\/\\\/canal7slp.tv\\\/2019\\\/pemex-espera-cerrar-ano-con-1-7-millones-de-barriles-diarios\\\/#article\",\"isPartOf\":{\"@id\":\"https:\\\/\\\/canal7slp.tv\\\/2019\\\/pemex-espera-cerrar-ano-con-1-7-millones-de-barriles-diarios\\\/\"},\"author\":{\"name\":\"edicionweb\",\"@id\":\"https:\\\/\\\/canal7slp.tv\\\/2019\\\/#\\\/schema\\\/person\\\/11d941c1c6ca30ac0a46b95fa37aa2e3\"},\"headline\":\"Pemex espera cerrar a\u00f1o con 1.7 millones de barriles diarios\",\"datePublished\":\"2019-07-26T19:22:29+00:00\",\"mainEntityOfPage\":{\"@id\":\"https:\\\/\\\/canal7slp.tv\\\/2019\\\/pemex-espera-cerrar-ano-con-1-7-millones-de-barriles-diarios\\\/\"},\"wordCount\":542,\"commentCount\":0,\"publisher\":{\"@id\":\"https:\\\/\\\/canal7slp.tv\\\/2019\\\/#organization\"},\"image\":{\"@id\":\"https:\\\/\\\/canal7slp.tv\\\/2019\\\/pemex-espera-cerrar-ano-con-1-7-millones-de-barriles-diarios\\\/#primaryimage\"},\"thumbnailUrl\":\"https:\\\/\\\/canal7slp.tv\\\/2019\\\/wp-content\\\/uploads\\\/2019\\\/07\\\/15.jpeg\",\"articleSection\":[\"FINANZAS\"],\"inLanguage\":\"es\",\"potentialAction\":[{\"@type\":\"CommentAction\",\"name\":\"Comment\",\"target\":[\"https:\\\/\\\/canal7slp.tv\\\/2019\\\/pemex-espera-cerrar-ano-con-1-7-millones-de-barriles-diarios\\\/#respond\"]}]},{\"@type\":\"WebPage\",\"@id\":\"https:\\\/\\\/canal7slp.tv\\\/2019\\\/pemex-espera-cerrar-ano-con-1-7-millones-de-barriles-diarios\\\/\",\"url\":\"https:\\\/\\\/canal7slp.tv\\\/2019\\\/pemex-espera-cerrar-ano-con-1-7-millones-de-barriles-diarios\\\/\",\"name\":\"Pemex espera cerrar a\u00f1o con 1.7 millones de barriles diarios - Canal 7 SLP - 2019\",\"isPartOf\":{\"@id\":\"https:\\\/\\\/canal7slp.tv\\\/2019\\\/#website\"},\"primaryImageOfPage\":{\"@id\":\"https:\\\/\\\/canal7slp.tv\\\/2019\\\/pemex-espera-cerrar-ano-con-1-7-millones-de-barriles-diarios\\\/#primaryimage\"},\"image\":{\"@id\":\"https:\\\/\\\/canal7slp.tv\\\/2019\\\/pemex-espera-cerrar-ano-con-1-7-millones-de-barriles-diarios\\\/#primaryimage\"},\"thumbnailUrl\":\"https:\\\/\\\/canal7slp.tv\\\/2019\\\/wp-content\\\/uploads\\\/2019\\\/07\\\/15.jpeg\",\"datePublished\":\"2019-07-26T19:22:29+00:00\",\"breadcrumb\":{\"@id\":\"https:\\\/\\\/canal7slp.tv\\\/2019\\\/pemex-espera-cerrar-ano-con-1-7-millones-de-barriles-diarios\\\/#breadcrumb\"},\"inLanguage\":\"es\",\"potentialAction\":[{\"@type\":\"ReadAction\",\"target\":[\"https:\\\/\\\/canal7slp.tv\\\/2019\\\/pemex-espera-cerrar-ano-con-1-7-millones-de-barriles-diarios\\\/\"]}]},{\"@type\":\"ImageObject\",\"inLanguage\":\"es\",\"@id\":\"https:\\\/\\\/canal7slp.tv\\\/2019\\\/pemex-espera-cerrar-ano-con-1-7-millones-de-barriles-diarios\\\/#primaryimage\",\"url\":\"https:\\\/\\\/canal7slp.tv\\\/2019\\\/wp-content\\\/uploads\\\/2019\\\/07\\\/15.jpeg\",\"contentUrl\":\"https:\\\/\\\/canal7slp.tv\\\/2019\\\/wp-content\\\/uploads\\\/2019\\\/07\\\/15.jpeg\",\"width\":730,\"height\":410},{\"@type\":\"BreadcrumbList\",\"@id\":\"https:\\\/\\\/canal7slp.tv\\\/2019\\\/pemex-espera-cerrar-ano-con-1-7-millones-de-barriles-diarios\\\/#breadcrumb\",\"itemListElement\":[{\"@type\":\"ListItem\",\"position\":1,\"name\":\"Home\",\"item\":\"https:\\\/\\\/canal7slp.tv\\\/2019\\\/\"},{\"@type\":\"ListItem\",\"position\":2,\"name\":\"Pemex espera cerrar a\u00f1o con 1.7 millones de barriles diarios\"}]},{\"@type\":\"WebSite\",\"@id\":\"https:\\\/\\\/canal7slp.tv\\\/2019\\\/#website\",\"url\":\"https:\\\/\\\/canal7slp.tv\\\/2019\\\/\",\"name\":\"Canal 7 SLP - Somos TV\",\"description\":\"Somos un Canal de 10\",\"publisher\":{\"@id\":\"https:\\\/\\\/canal7slp.tv\\\/2019\\\/#organization\"},\"potentialAction\":[{\"@type\":\"SearchAction\",\"target\":{\"@type\":\"EntryPoint\",\"urlTemplate\":\"https:\\\/\\\/canal7slp.tv\\\/2019\\\/?s={search_term_string}\"},\"query-input\":{\"@type\":\"PropertyValueSpecification\",\"valueRequired\":true,\"valueName\":\"search_term_string\"}}],\"inLanguage\":\"es\"},{\"@type\":\"Organization\",\"@id\":\"https:\\\/\\\/canal7slp.tv\\\/2019\\\/#organization\",\"name\":\"Comunicaci\u00f3n 2000 S.A. de C.V.\",\"url\":\"https:\\\/\\\/canal7slp.tv\\\/2019\\\/\",\"logo\":{\"@type\":\"ImageObject\",\"inLanguage\":\"es\",\"@id\":\"https:\\\/\\\/canal7slp.tv\\\/2019\\\/#\\\/schema\\\/logo\\\/image\\\/\",\"url\":\"https:\\\/\\\/canal7slp.tv\\\/2019\\\/wp-content\\\/uploads\\\/2019\\\/07\\\/logo-c7.png\",\"contentUrl\":\"https:\\\/\\\/canal7slp.tv\\\/2019\\\/wp-content\\\/uploads\\\/2019\\\/07\\\/logo-c7.png\",\"width\":220,\"height\":60,\"caption\":\"Comunicaci\u00f3n 2000 S.A. de C.V.\"},\"image\":{\"@id\":\"https:\\\/\\\/canal7slp.tv\\\/2019\\\/#\\\/schema\\\/logo\\\/image\\\/\"},\"sameAs\":[\"https:\\\/\\\/www.facebook.com\\\/CANAL7SLP\\\/\",\"https:\\\/\\\/x.com\\\/canal7_slp\",\"https:\\\/\\\/www.instagram.com\\\/canal7_slp\",\"https:\\\/\\\/www.youtube.com\\\/user\\\/NOTICIEROSCANAL7SLP\\\/\"]},{\"@type\":\"Person\",\"@id\":\"https:\\\/\\\/canal7slp.tv\\\/2019\\\/#\\\/schema\\\/person\\\/11d941c1c6ca30ac0a46b95fa37aa2e3\",\"name\":\"edicionweb\",\"image\":{\"@type\":\"ImageObject\",\"inLanguage\":\"es\",\"@id\":\"https:\\\/\\\/secure.gravatar.com\\\/avatar\\\/eee448fc3f7164808013b816ba91ac7e43bbe82a70bebac296f8bc6f0addaa1a?s=96&d=mm&r=g\",\"url\":\"https:\\\/\\\/secure.gravatar.com\\\/avatar\\\/eee448fc3f7164808013b816ba91ac7e43bbe82a70bebac296f8bc6f0addaa1a?s=96&d=mm&r=g\",\"contentUrl\":\"https:\\\/\\\/secure.gravatar.com\\\/avatar\\\/eee448fc3f7164808013b816ba91ac7e43bbe82a70bebac296f8bc6f0addaa1a?s=96&d=mm&r=g\",\"caption\":\"edicionweb\"}}]}<\/script>\n<!-- \/ Yoast SEO plugin. -->","yoast_head_json":{"title":"Pemex espera cerrar a\u00f1o con 1.7 millones de barriles diarios - Canal 7 SLP - 2019","robots":{"index":"index","follow":"follow","max-snippet":"max-snippet:-1","max-image-preview":"max-image-preview:large","max-video-preview":"max-video-preview:-1"},"canonical":"https:\/\/canal7slp.tv\/2019\/pemex-espera-cerrar-ano-con-1-7-millones-de-barriles-diarios\/","og_locale":"es_ES","og_type":"article","og_title":"Pemex espera cerrar a\u00f1o con 1.7 millones de barriles diarios - Canal 7 SLP - 2019","og_description":"M\u00e9xico.- Al cierre del a\u00f1o, Petr\u00f3leos Mexicanos (Pemex) espera incrementar su producci\u00f3n de petr\u00f3leo a alrededor de un mill\u00f3n 720 mil barriles diarios, impulsada por la entrada de nuevos campos. En una llamada con analistas por sus resultados financieros, el director de Recursos, Reservas y Asociaciones de Pemex, Ulises Hern\u00e1ndez, se\u00f1al\u00f3 que las actividades para [&hellip;]","og_url":"https:\/\/canal7slp.tv\/2019\/pemex-espera-cerrar-ano-con-1-7-millones-de-barriles-diarios\/","og_site_name":"Canal 7 SLP - 2019","article_publisher":"https:\/\/www.facebook.com\/CANAL7SLP\/","article_published_time":"2019-07-26T19:22:29+00:00","og_image":[{"width":730,"height":410,"url":"https:\/\/canal7slp.tv\/2019\/wp-content\/uploads\/2019\/07\/15.jpeg","type":"image\/jpeg"}],"author":"edicionweb","twitter_card":"summary_large_image","twitter_creator":"@canal7_slp","twitter_site":"@canal7_slp","twitter_misc":{"Escrito por":"edicionweb","Tiempo de lectura":"3 minutos"},"schema":{"@context":"https:\/\/schema.org","@graph":[{"@type":"Article","@id":"https:\/\/canal7slp.tv\/2019\/pemex-espera-cerrar-ano-con-1-7-millones-de-barriles-diarios\/#article","isPartOf":{"@id":"https:\/\/canal7slp.tv\/2019\/pemex-espera-cerrar-ano-con-1-7-millones-de-barriles-diarios\/"},"author":{"name":"edicionweb","@id":"https:\/\/canal7slp.tv\/2019\/#\/schema\/person\/11d941c1c6ca30ac0a46b95fa37aa2e3"},"headline":"Pemex espera cerrar a\u00f1o con 1.7 millones de barriles diarios","datePublished":"2019-07-26T19:22:29+00:00","mainEntityOfPage":{"@id":"https:\/\/canal7slp.tv\/2019\/pemex-espera-cerrar-ano-con-1-7-millones-de-barriles-diarios\/"},"wordCount":542,"commentCount":0,"publisher":{"@id":"https:\/\/canal7slp.tv\/2019\/#organization"},"image":{"@id":"https:\/\/canal7slp.tv\/2019\/pemex-espera-cerrar-ano-con-1-7-millones-de-barriles-diarios\/#primaryimage"},"thumbnailUrl":"https:\/\/canal7slp.tv\/2019\/wp-content\/uploads\/2019\/07\/15.jpeg","articleSection":["FINANZAS"],"inLanguage":"es","potentialAction":[{"@type":"CommentAction","name":"Comment","target":["https:\/\/canal7slp.tv\/2019\/pemex-espera-cerrar-ano-con-1-7-millones-de-barriles-diarios\/#respond"]}]},{"@type":"WebPage","@id":"https:\/\/canal7slp.tv\/2019\/pemex-espera-cerrar-ano-con-1-7-millones-de-barriles-diarios\/","url":"https:\/\/canal7slp.tv\/2019\/pemex-espera-cerrar-ano-con-1-7-millones-de-barriles-diarios\/","name":"Pemex espera cerrar a\u00f1o con 1.7 millones de barriles diarios - Canal 7 SLP - 2019","isPartOf":{"@id":"https:\/\/canal7slp.tv\/2019\/#website"},"primaryImageOfPage":{"@id":"https:\/\/canal7slp.tv\/2019\/pemex-espera-cerrar-ano-con-1-7-millones-de-barriles-diarios\/#primaryimage"},"image":{"@id":"https:\/\/canal7slp.tv\/2019\/pemex-espera-cerrar-ano-con-1-7-millones-de-barriles-diarios\/#primaryimage"},"thumbnailUrl":"https:\/\/canal7slp.tv\/2019\/wp-content\/uploads\/2019\/07\/15.jpeg","datePublished":"2019-07-26T19:22:29+00:00","breadcrumb":{"@id":"https:\/\/canal7slp.tv\/2019\/pemex-espera-cerrar-ano-con-1-7-millones-de-barriles-diarios\/#breadcrumb"},"inLanguage":"es","potentialAction":[{"@type":"ReadAction","target":["https:\/\/canal7slp.tv\/2019\/pemex-espera-cerrar-ano-con-1-7-millones-de-barriles-diarios\/"]}]},{"@type":"ImageObject","inLanguage":"es","@id":"https:\/\/canal7slp.tv\/2019\/pemex-espera-cerrar-ano-con-1-7-millones-de-barriles-diarios\/#primaryimage","url":"https:\/\/canal7slp.tv\/2019\/wp-content\/uploads\/2019\/07\/15.jpeg","contentUrl":"https:\/\/canal7slp.tv\/2019\/wp-content\/uploads\/2019\/07\/15.jpeg","width":730,"height":410},{"@type":"BreadcrumbList","@id":"https:\/\/canal7slp.tv\/2019\/pemex-espera-cerrar-ano-con-1-7-millones-de-barriles-diarios\/#breadcrumb","itemListElement":[{"@type":"ListItem","position":1,"name":"Home","item":"https:\/\/canal7slp.tv\/2019\/"},{"@type":"ListItem","position":2,"name":"Pemex espera cerrar a\u00f1o con 1.7 millones de barriles diarios"}]},{"@type":"WebSite","@id":"https:\/\/canal7slp.tv\/2019\/#website","url":"https:\/\/canal7slp.tv\/2019\/","name":"Canal 7 SLP - Somos TV","description":"Somos un Canal de 10","publisher":{"@id":"https:\/\/canal7slp.tv\/2019\/#organization"},"potentialAction":[{"@type":"SearchAction","target":{"@type":"EntryPoint","urlTemplate":"https:\/\/canal7slp.tv\/2019\/?s={search_term_string}"},"query-input":{"@type":"PropertyValueSpecification","valueRequired":true,"valueName":"search_term_string"}}],"inLanguage":"es"},{"@type":"Organization","@id":"https:\/\/canal7slp.tv\/2019\/#organization","name":"Comunicaci\u00f3n 2000 S.A. de C.V.","url":"https:\/\/canal7slp.tv\/2019\/","logo":{"@type":"ImageObject","inLanguage":"es","@id":"https:\/\/canal7slp.tv\/2019\/#\/schema\/logo\/image\/","url":"https:\/\/canal7slp.tv\/2019\/wp-content\/uploads\/2019\/07\/logo-c7.png","contentUrl":"https:\/\/canal7slp.tv\/2019\/wp-content\/uploads\/2019\/07\/logo-c7.png","width":220,"height":60,"caption":"Comunicaci\u00f3n 2000 S.A. de C.V."},"image":{"@id":"https:\/\/canal7slp.tv\/2019\/#\/schema\/logo\/image\/"},"sameAs":["https:\/\/www.facebook.com\/CANAL7SLP\/","https:\/\/x.com\/canal7_slp","https:\/\/www.instagram.com\/canal7_slp","https:\/\/www.youtube.com\/user\/NOTICIEROSCANAL7SLP\/"]},{"@type":"Person","@id":"https:\/\/canal7slp.tv\/2019\/#\/schema\/person\/11d941c1c6ca30ac0a46b95fa37aa2e3","name":"edicionweb","image":{"@type":"ImageObject","inLanguage":"es","@id":"https:\/\/secure.gravatar.com\/avatar\/eee448fc3f7164808013b816ba91ac7e43bbe82a70bebac296f8bc6f0addaa1a?s=96&d=mm&r=g","url":"https:\/\/secure.gravatar.com\/avatar\/eee448fc3f7164808013b816ba91ac7e43bbe82a70bebac296f8bc6f0addaa1a?s=96&d=mm&r=g","contentUrl":"https:\/\/secure.gravatar.com\/avatar\/eee448fc3f7164808013b816ba91ac7e43bbe82a70bebac296f8bc6f0addaa1a?s=96&d=mm&r=g","caption":"edicionweb"}}]}},"amp_enabled":true,"cmb2":{"video_ids_in_playlist":{"vid_p_videos":""},"video_ids_in_channel":{"vid_c_videos":""},"playlist_ids_in_channel":{"vid_c_playlists":""},"series_ids_in_channel":{"vid_c_series":""},"channel_images":{"vid_c_logo":"","vid_c_banner":""},"poster_feature_image":{"vid_m_poster_image":""},"gif_feature_image":{"vid_m_gif_image":""},"video_movie_settings":{"vid_m_director":"","vid_m_actor":"","vid_m_imdb_ratings":"","vid_m_amazon_associates":""},"vid_youtube_broadcasts_settings":{"vid_yb_broadcast_title":"","vid_yb_q":"","vid_yb_channelid":"","vid_yb_videocategoryid":"","vid_yb_maxresults":"","vid_yb_order":"","vid_yb_regioncode":"","vid_yb_videosyndicated":"","vid_yb_style":"","vid_yb_reload_first":""},"video_series_settings":{"vid_m_director":"","vid_m_actor":"","vid_m_imdb_ratings":"","video_series_group":""},"amazon_associates_settings":{"amazon_associates":"","amazon_native_ad":""},"vid_youtube_automatic_settings":{"vid_ya_youtube_source":"","vid_ya_update_every":"","vid_ya_update_unit":"","vid_ya_categories":"","vid_ya_published_after":"","vid_ya_published_before":"","vid_ya_playlists":"","vid_ya_channels":"","vid_ya_director":"","vid_ya_actor":"","vid_ya_author":"","vid_ya_import_post_date":"","vid_ya_status":"","vid_ya_sub_api_key":""},"vid_ads_m_videoads_settings_post":{"vid_ads_m_video_ads":"","vid_ads_m_video_ads_type":"","vid_ads_m_group_google_ima":"","vid_ads_m_group_image":"","vid_ads_m_group_html5_video":"","vid_ads_m_group_html":"","vid_ads_m_vast_preroll":"","vid_ads_m_vast_postroll":"","vid_ads_m_vast_pauseroll":"","vid_ads_m_vast_midroll":[{"vid_ads_m_vast_timer_seconds":"50"}],"vid_ads_m_time_to_show_ads":"","vid_ads_m_time_skip_ads":"","vid_ads_m_time_to_hide_ads":""},"page_slider_settings":{"display_slider_group":"","page_slider_group":""},"blog_page_settings":{"blog_page_title":"","blog_page_heading":"","blog_page_ic":"","blog_page_it":"","blog_page_ec":"","blog_page_ip":"","archive_loop_style":"","blog_image_ratio":"","blog_show_categories":"","blog_show_excerpt":"","blog_show_author":"","blog_show_date":"","blog_show_comment_count":"","blog_show_view_count":"","blog_show_like_count":"","blog_show_dislike_count":"","blog_items_per_page":"","blog_pag_type":""},"page_options":{"get_page_template":"","color_mode":"","main_layout":"","main_layout_full_with":"","main_logo":"","main_logo_retina":"","main_logo_mobile":"","main_logo_mobile_retina":"","sticky_logo":"","sticky_logo_retina":"","main_nav_layout":"","ajax_search":"","header_background":"","theme_sidebar":"","instagram_feed":"","instagram_feed_position":"","popular_videos":"","popular_videos_title_1":"","popular_videos_title_2":"","popular_videos_ic":"","popular_videos_it":"","theme_background":"","page_custom_css":""},"feature_image_settings":{"feature_image_position":""},"video_player_settings":{"single_video_style":"","video_player_position":"","vm_video_url":"","video_player_library":"","video_streaming":"","vm_media_sources":"","vid_auto_play":"","vm_video_shortcode":"","vid_p_sync_playlist":"","vid_c_sync_channel":"","get_post_format":"","multiple_links_structure":"default","multi_links_title":"","vm_video_multi_links":"","vm_duration":"","vid_social_locker":"off","vid_social_locker_id":"","vid_membership_action":"content-video","vm_video_trailer_url":"","vid_download_type":"free","vid_download_target":"download","vid_woo_product":"","vm_media_download":"","user_rating":"","user_rating_position":"","user_rating_mode":"","user_rating_multi_sets":""},"video_auto_fetch_settings":{"vm_video_fetch":"on"},"video_fake_views_likes":{"vm_fake_views":"","vm_fake_likes":"","vm_fake_dislikes":""},"gallery_settings":{"gallery_position":""},"quote_settings":{"quote_position":""},"post_options":{"main_layout":"","main_logo":"","main_logo_retina":"","main_logo_mobile":"","main_logo_mobile_retina":"","sticky_logo":"","sticky_logo_retina":"","main_nav_layout":"","header_background":"","theme_sidebar":"","single_post_comment_type":"","theme_background":""}},"_links":{"self":[{"href":"https:\/\/canal7slp.tv\/2019\/wp-json\/wp\/v2\/posts\/39933","targetHints":{"allow":["GET"]}}],"collection":[{"href":"https:\/\/canal7slp.tv\/2019\/wp-json\/wp\/v2\/posts"}],"about":[{"href":"https:\/\/canal7slp.tv\/2019\/wp-json\/wp\/v2\/types\/post"}],"author":[{"embeddable":true,"href":"https:\/\/canal7slp.tv\/2019\/wp-json\/wp\/v2\/users\/2"}],"replies":[{"embeddable":true,"href":"https:\/\/canal7slp.tv\/2019\/wp-json\/wp\/v2\/comments?post=39933"}],"version-history":[{"count":0,"href":"https:\/\/canal7slp.tv\/2019\/wp-json\/wp\/v2\/posts\/39933\/revisions"}],"wp:featuredmedia":[{"embeddable":true,"href":"https:\/\/canal7slp.tv\/2019\/wp-json\/wp\/v2\/media\/39934"}],"wp:attachment":[{"href":"https:\/\/canal7slp.tv\/2019\/wp-json\/wp\/v2\/media?parent=39933"}],"wp:term":[{"taxonomy":"category","embeddable":true,"href":"https:\/\/canal7slp.tv\/2019\/wp-json\/wp\/v2\/categories?post=39933"},{"taxonomy":"post_tag","embeddable":true,"href":"https:\/\/canal7slp.tv\/2019\/wp-json\/wp\/v2\/tags?post=39933"}],"curies":[{"name":"wp","href":"https:\/\/api.w.org\/{rel}","templated":true}]}}