{"id":39924,"date":"2019-07-26T13:54:38","date_gmt":"2019-07-26T18:54:38","guid":{"rendered":"https:\/\/canal7slp.tv\/2019\/?p=39924"},"modified":"2019-07-26T13:54:38","modified_gmt":"2019-07-26T18:54:38","slug":"atrocidades-del-asesino-serial-ted-bundy-llegan-a-la-cartelera","status":"publish","type":"post","link":"https:\/\/canal7slp.tv\/2019\/atrocidades-del-asesino-serial-ted-bundy-llegan-a-la-cartelera\/","title":{"rendered":"Atrocidades del asesino serial Ted Bundy llegan a la cartelera"},"content":{"rendered":"<p style=\"text-align: justify;\">M\u00e9xico.\u2013 La historia de Ted Bundy, el asesino serial m\u00e1s temido de Estados Unidos, llega a la pantalla grande con un filme protagonizado por el actor Zac Efron, bajo la direcci\u00f3n de Joe Berlinger.<\/p>\n<p style=\"text-align: justify;\"><em>Ted Bundy: Durmiendo con el asesino<\/em>\u00a0es la segunda producci\u00f3n\u00a0de este a\u00f1o que se basa en la serie de asesinatos que cometi\u00f3 el personaje central en la d\u00e9cada de 1970.<\/p>\n<p style=\"text-align: justify;\">La cinta, que en enero pasado fue presentada en el Festival de Cine de Sundance, es protagonizada tambi\u00e9n por Lily Collins como Elizabeth Kloepfer, esposa del asesino serial; Jim Parsons, quien da vida al fiscal Larry Simpson, y John Malkovich como el juez Edward Cowart.<\/p>\n<p style=\"text-align: justify;\">Berlinger adem\u00e1s fue el encargado de rodar la serie documental\u00a0<em>Conversaciones con asesinos: Las cintas de Ted Bundy<\/em>\u00a0para una plataforma de &#8220;streaming&#8221;, y adquiri\u00f3 los derechos de distribuci\u00f3n de la cinta que este viernes se estrena en las salas de cine.<\/p>\n<p style=\"text-align: justify;\">De acuerdo con el portal Los \u00c1ngeles Times, la intenci\u00f3n de Joe Berlinger con esta cinta era representar la perspectiva de Elizabeth Kloepfer, esposa de Ted Bundy, cuando fue descubierto. \u201cQuiero que el p\u00fablico sienta la misma repulsi\u00f3n y traici\u00f3n que sinti\u00f3 Liz, porque de eso es de lo que estoy haciendo la pel\u00edcula\u201d, puntualiz\u00f3 el cineasta.<\/p>\n<p style=\"text-align: justify;\">Ted Bundy ten\u00eda una\u00a0apariencia f\u00edsica favorable, la cual lo ayud\u00f3 a perpetrar sus cr\u00edmenes con mayor facilidad. Esta situaci\u00f3n desat\u00f3 cr\u00edticas en la producci\u00f3n de la cinta, ya que se alegaba que se crear\u00eda una imagen id\u00edlica del asesino.<\/p>\n<p style=\"text-align: justify;\">El propio director del filme defendi\u00f3 que buscaba construir un discurso sobre la obsesi\u00f3n p\u00fablica del crimen, lo opuesto a la glorificaci\u00f3n.<\/p>\n<p style=\"text-align: justify;\">Sobre el asesino serial<\/p>\n<p style=\"text-align: justify;\">Con base en informaci\u00f3n de The New York Times, Bundy asesin\u00f3 y mutil\u00f3 aproximadamente a 30 mujeres; la universitaria Joni Lenz, de 18 a\u00f1os, fue su primera v\u00edctima y aunque no muri\u00f3, sufri\u00f3 da\u00f1o cerebral permanente.<\/p>\n<p style=\"text-align: justify;\">Los asesinatos de Ted llegaron a varios lugares de Estados Unidos como Utah, Idaho, Florida y Colorado; su &#8220;modus operandi&#8221; se caracteriz\u00f3 por fingir una fractura en el brazo y pedir ayuda a sus v\u00edctimas, luego de que ellas acced\u00edan, \u00e9l las torturaba, violaba y asesinaba.<\/p>\n<p style=\"text-align: justify;\">Entre 1974 y 1975 se document\u00f3 la muerte de Carol Valenzuela, Nancy Wilcox, Donna Mason, Roberta Parks, Georgann Hawkins, Melissa Smith, Laura Aimee, Caryn Campbell, Melanie Cooley y Shelley Robertson, entre otras.<\/p>\n<p style=\"text-align: justify;\">Ted fue detenido en varias ocasiones, de las cuales huy\u00f3 hasta que fue enjuiciado por los cr\u00edmenes que cometi\u00f3 en la Facultad Chi Omega, luego de ser diagnosticado como maniaco-depresivo.<\/p>\n<p style=\"text-align: justify;\">\u201c\u00bfQu\u00e9 significa una persona menos en la faz de la Tierra?\u201d, fue la frase que repiti\u00f3 Ted Bundy en varias entrevistas que se le hicieron, previo a su sentencia.<\/p>\n<p style=\"text-align: justify;\">El asesino serial m\u00e1s sanguinario de Estados Unidos fue sentenciado a muerte en la silla el\u00e9ctrica por el juez Edward Cowart,\u00a0lo cual\u00a0se llev\u00f3 a cabo el 24 de enero de 1989 a las 7:00 horas con diez minutos.<\/p>\n","protected":false},"excerpt":{"rendered":"<p>M\u00e9xico.\u2013 La historia de Ted Bundy, el asesino serial m\u00e1s temido de Estados Unidos, llega a la pantalla grande con un filme protagonizado por el actor Zac Efron, bajo la direcci\u00f3n de Joe Berlinger. Ted Bundy: Durmiendo con el asesino\u00a0es la segunda producci\u00f3n\u00a0de este a\u00f1o que se basa en la serie de asesinatos que cometi\u00f3 [&hellip;]<\/p>\n","protected":false},"author":2,"featured_media":39925,"comment_status":"open","ping_status":"closed","sticky":false,"template":"","format":"standard","meta":{"footnotes":""},"categories":[24],"tags":[],"class_list":["post-39924","post","type-post","status-publish","format-standard","has-post-thumbnail","hentry","category-espectaculos"],"yoast_head":"<!-- This site is optimized with the Yoast SEO plugin v27.5 - https:\/\/yoast.com\/product\/yoast-seo-wordpress\/ -->\n<title>Atrocidades del asesino serial Ted Bundy llegan a la cartelera - Canal 7 SLP - 2019<\/title>\n<meta name=\"robots\" content=\"index, follow, max-snippet:-1, max-image-preview:large, max-video-preview:-1\" \/>\n<link rel=\"canonical\" href=\"https:\/\/canal7slp.tv\/2019\/atrocidades-del-asesino-serial-ted-bundy-llegan-a-la-cartelera\/\" \/>\n<meta property=\"og:locale\" content=\"es_ES\" \/>\n<meta property=\"og:type\" content=\"article\" \/>\n<meta property=\"og:title\" content=\"Atrocidades del asesino serial Ted Bundy llegan a la cartelera - Canal 7 SLP - 2019\" \/>\n<meta property=\"og:description\" content=\"M\u00e9xico.\u2013 La historia de Ted Bundy, el asesino serial m\u00e1s temido de Estados Unidos, llega a la pantalla grande con un filme protagonizado por el actor Zac Efron, bajo la direcci\u00f3n de Joe Berlinger. Ted Bundy: Durmiendo con el asesino\u00a0es la segunda producci\u00f3n\u00a0de este a\u00f1o que se basa en la serie de asesinatos que cometi\u00f3 [&hellip;]\" \/>\n<meta property=\"og:url\" content=\"https:\/\/canal7slp.tv\/2019\/atrocidades-del-asesino-serial-ted-bundy-llegan-a-la-cartelera\/\" \/>\n<meta property=\"og:site_name\" content=\"Canal 7 SLP - 2019\" \/>\n<meta property=\"article:publisher\" content=\"https:\/\/www.facebook.com\/CANAL7SLP\/\" \/>\n<meta property=\"article:published_time\" content=\"2019-07-26T18:54:38+00:00\" \/>\n<meta property=\"og:image\" content=\"https:\/\/canal7slp.tv\/2019\/wp-content\/uploads\/2019\/07\/12-16.jpg\" \/>\n\t<meta property=\"og:image:width\" content=\"664\" \/>\n\t<meta property=\"og:image:height\" content=\"410\" \/>\n\t<meta property=\"og:image:type\" content=\"image\/jpeg\" \/>\n<meta name=\"author\" content=\"edicionweb\" \/>\n<meta name=\"twitter:card\" content=\"summary_large_image\" \/>\n<meta name=\"twitter:creator\" content=\"@canal7_slp\" \/>\n<meta name=\"twitter:site\" content=\"@canal7_slp\" \/>\n<meta name=\"twitter:label1\" content=\"Escrito por\" \/>\n\t<meta name=\"twitter:data1\" content=\"edicionweb\" \/>\n\t<meta name=\"twitter:label2\" content=\"Tiempo de lectura\" \/>\n\t<meta name=\"twitter:data2\" content=\"3 minutos\" \/>\n<script type=\"application\/ld+json\" class=\"yoast-schema-graph\">{\"@context\":\"https:\\\/\\\/schema.org\",\"@graph\":[{\"@type\":\"Article\",\"@id\":\"https:\\\/\\\/canal7slp.tv\\\/2019\\\/atrocidades-del-asesino-serial-ted-bundy-llegan-a-la-cartelera\\\/#article\",\"isPartOf\":{\"@id\":\"https:\\\/\\\/canal7slp.tv\\\/2019\\\/atrocidades-del-asesino-serial-ted-bundy-llegan-a-la-cartelera\\\/\"},\"author\":{\"name\":\"edicionweb\",\"@id\":\"https:\\\/\\\/canal7slp.tv\\\/2019\\\/#\\\/schema\\\/person\\\/11d941c1c6ca30ac0a46b95fa37aa2e3\"},\"headline\":\"Atrocidades del asesino serial Ted Bundy llegan a la cartelera\",\"datePublished\":\"2019-07-26T18:54:38+00:00\",\"mainEntityOfPage\":{\"@id\":\"https:\\\/\\\/canal7slp.tv\\\/2019\\\/atrocidades-del-asesino-serial-ted-bundy-llegan-a-la-cartelera\\\/\"},\"wordCount\":524,\"commentCount\":0,\"publisher\":{\"@id\":\"https:\\\/\\\/canal7slp.tv\\\/2019\\\/#organization\"},\"image\":{\"@id\":\"https:\\\/\\\/canal7slp.tv\\\/2019\\\/atrocidades-del-asesino-serial-ted-bundy-llegan-a-la-cartelera\\\/#primaryimage\"},\"thumbnailUrl\":\"https:\\\/\\\/canal7slp.tv\\\/2019\\\/wp-content\\\/uploads\\\/2019\\\/07\\\/12-16.jpg\",\"articleSection\":[\"ESPECTACULOS\"],\"inLanguage\":\"es\",\"potentialAction\":[{\"@type\":\"CommentAction\",\"name\":\"Comment\",\"target\":[\"https:\\\/\\\/canal7slp.tv\\\/2019\\\/atrocidades-del-asesino-serial-ted-bundy-llegan-a-la-cartelera\\\/#respond\"]}]},{\"@type\":\"WebPage\",\"@id\":\"https:\\\/\\\/canal7slp.tv\\\/2019\\\/atrocidades-del-asesino-serial-ted-bundy-llegan-a-la-cartelera\\\/\",\"url\":\"https:\\\/\\\/canal7slp.tv\\\/2019\\\/atrocidades-del-asesino-serial-ted-bundy-llegan-a-la-cartelera\\\/\",\"name\":\"Atrocidades del asesino serial Ted Bundy llegan a la cartelera - Canal 7 SLP - 2019\",\"isPartOf\":{\"@id\":\"https:\\\/\\\/canal7slp.tv\\\/2019\\\/#website\"},\"primaryImageOfPage\":{\"@id\":\"https:\\\/\\\/canal7slp.tv\\\/2019\\\/atrocidades-del-asesino-serial-ted-bundy-llegan-a-la-cartelera\\\/#primaryimage\"},\"image\":{\"@id\":\"https:\\\/\\\/canal7slp.tv\\\/2019\\\/atrocidades-del-asesino-serial-ted-bundy-llegan-a-la-cartelera\\\/#primaryimage\"},\"thumbnailUrl\":\"https:\\\/\\\/canal7slp.tv\\\/2019\\\/wp-content\\\/uploads\\\/2019\\\/07\\\/12-16.jpg\",\"datePublished\":\"2019-07-26T18:54:38+00:00\",\"breadcrumb\":{\"@id\":\"https:\\\/\\\/canal7slp.tv\\\/2019\\\/atrocidades-del-asesino-serial-ted-bundy-llegan-a-la-cartelera\\\/#breadcrumb\"},\"inLanguage\":\"es\",\"potentialAction\":[{\"@type\":\"ReadAction\",\"target\":[\"https:\\\/\\\/canal7slp.tv\\\/2019\\\/atrocidades-del-asesino-serial-ted-bundy-llegan-a-la-cartelera\\\/\"]}]},{\"@type\":\"ImageObject\",\"inLanguage\":\"es\",\"@id\":\"https:\\\/\\\/canal7slp.tv\\\/2019\\\/atrocidades-del-asesino-serial-ted-bundy-llegan-a-la-cartelera\\\/#primaryimage\",\"url\":\"https:\\\/\\\/canal7slp.tv\\\/2019\\\/wp-content\\\/uploads\\\/2019\\\/07\\\/12-16.jpg\",\"contentUrl\":\"https:\\\/\\\/canal7slp.tv\\\/2019\\\/wp-content\\\/uploads\\\/2019\\\/07\\\/12-16.jpg\",\"width\":664,\"height\":410},{\"@type\":\"BreadcrumbList\",\"@id\":\"https:\\\/\\\/canal7slp.tv\\\/2019\\\/atrocidades-del-asesino-serial-ted-bundy-llegan-a-la-cartelera\\\/#breadcrumb\",\"itemListElement\":[{\"@type\":\"ListItem\",\"position\":1,\"name\":\"Home\",\"item\":\"https:\\\/\\\/canal7slp.tv\\\/2019\\\/\"},{\"@type\":\"ListItem\",\"position\":2,\"name\":\"Atrocidades del asesino serial Ted Bundy llegan a la cartelera\"}]},{\"@type\":\"WebSite\",\"@id\":\"https:\\\/\\\/canal7slp.tv\\\/2019\\\/#website\",\"url\":\"https:\\\/\\\/canal7slp.tv\\\/2019\\\/\",\"name\":\"Canal 7 SLP - Somos TV\",\"description\":\"Somos un Canal de 10\",\"publisher\":{\"@id\":\"https:\\\/\\\/canal7slp.tv\\\/2019\\\/#organization\"},\"potentialAction\":[{\"@type\":\"SearchAction\",\"target\":{\"@type\":\"EntryPoint\",\"urlTemplate\":\"https:\\\/\\\/canal7slp.tv\\\/2019\\\/?s={search_term_string}\"},\"query-input\":{\"@type\":\"PropertyValueSpecification\",\"valueRequired\":true,\"valueName\":\"search_term_string\"}}],\"inLanguage\":\"es\"},{\"@type\":\"Organization\",\"@id\":\"https:\\\/\\\/canal7slp.tv\\\/2019\\\/#organization\",\"name\":\"Comunicaci\u00f3n 2000 S.A. de C.V.\",\"url\":\"https:\\\/\\\/canal7slp.tv\\\/2019\\\/\",\"logo\":{\"@type\":\"ImageObject\",\"inLanguage\":\"es\",\"@id\":\"https:\\\/\\\/canal7slp.tv\\\/2019\\\/#\\\/schema\\\/logo\\\/image\\\/\",\"url\":\"https:\\\/\\\/canal7slp.tv\\\/2019\\\/wp-content\\\/uploads\\\/2019\\\/07\\\/logo-c7.png\",\"contentUrl\":\"https:\\\/\\\/canal7slp.tv\\\/2019\\\/wp-content\\\/uploads\\\/2019\\\/07\\\/logo-c7.png\",\"width\":220,\"height\":60,\"caption\":\"Comunicaci\u00f3n 2000 S.A. de C.V.\"},\"image\":{\"@id\":\"https:\\\/\\\/canal7slp.tv\\\/2019\\\/#\\\/schema\\\/logo\\\/image\\\/\"},\"sameAs\":[\"https:\\\/\\\/www.facebook.com\\\/CANAL7SLP\\\/\",\"https:\\\/\\\/x.com\\\/canal7_slp\",\"https:\\\/\\\/www.instagram.com\\\/canal7_slp\",\"https:\\\/\\\/www.youtube.com\\\/user\\\/NOTICIEROSCANAL7SLP\\\/\"]},{\"@type\":\"Person\",\"@id\":\"https:\\\/\\\/canal7slp.tv\\\/2019\\\/#\\\/schema\\\/person\\\/11d941c1c6ca30ac0a46b95fa37aa2e3\",\"name\":\"edicionweb\",\"image\":{\"@type\":\"ImageObject\",\"inLanguage\":\"es\",\"@id\":\"https:\\\/\\\/secure.gravatar.com\\\/avatar\\\/eee448fc3f7164808013b816ba91ac7e43bbe82a70bebac296f8bc6f0addaa1a?s=96&d=mm&r=g\",\"url\":\"https:\\\/\\\/secure.gravatar.com\\\/avatar\\\/eee448fc3f7164808013b816ba91ac7e43bbe82a70bebac296f8bc6f0addaa1a?s=96&d=mm&r=g\",\"contentUrl\":\"https:\\\/\\\/secure.gravatar.com\\\/avatar\\\/eee448fc3f7164808013b816ba91ac7e43bbe82a70bebac296f8bc6f0addaa1a?s=96&d=mm&r=g\",\"caption\":\"edicionweb\"}}]}<\/script>\n<!-- \/ Yoast SEO plugin. -->","yoast_head_json":{"title":"Atrocidades del asesino serial Ted Bundy llegan a la cartelera - Canal 7 SLP - 2019","robots":{"index":"index","follow":"follow","max-snippet":"max-snippet:-1","max-image-preview":"max-image-preview:large","max-video-preview":"max-video-preview:-1"},"canonical":"https:\/\/canal7slp.tv\/2019\/atrocidades-del-asesino-serial-ted-bundy-llegan-a-la-cartelera\/","og_locale":"es_ES","og_type":"article","og_title":"Atrocidades del asesino serial Ted Bundy llegan a la cartelera - Canal 7 SLP - 2019","og_description":"M\u00e9xico.\u2013 La historia de Ted Bundy, el asesino serial m\u00e1s temido de Estados Unidos, llega a la pantalla grande con un filme protagonizado por el actor Zac Efron, bajo la direcci\u00f3n de Joe Berlinger. Ted Bundy: Durmiendo con el asesino\u00a0es la segunda producci\u00f3n\u00a0de este a\u00f1o que se basa en la serie de asesinatos que cometi\u00f3 [&hellip;]","og_url":"https:\/\/canal7slp.tv\/2019\/atrocidades-del-asesino-serial-ted-bundy-llegan-a-la-cartelera\/","og_site_name":"Canal 7 SLP - 2019","article_publisher":"https:\/\/www.facebook.com\/CANAL7SLP\/","article_published_time":"2019-07-26T18:54:38+00:00","og_image":[{"width":664,"height":410,"url":"https:\/\/canal7slp.tv\/2019\/wp-content\/uploads\/2019\/07\/12-16.jpg","type":"image\/jpeg"}],"author":"edicionweb","twitter_card":"summary_large_image","twitter_creator":"@canal7_slp","twitter_site":"@canal7_slp","twitter_misc":{"Escrito por":"edicionweb","Tiempo de lectura":"3 minutos"},"schema":{"@context":"https:\/\/schema.org","@graph":[{"@type":"Article","@id":"https:\/\/canal7slp.tv\/2019\/atrocidades-del-asesino-serial-ted-bundy-llegan-a-la-cartelera\/#article","isPartOf":{"@id":"https:\/\/canal7slp.tv\/2019\/atrocidades-del-asesino-serial-ted-bundy-llegan-a-la-cartelera\/"},"author":{"name":"edicionweb","@id":"https:\/\/canal7slp.tv\/2019\/#\/schema\/person\/11d941c1c6ca30ac0a46b95fa37aa2e3"},"headline":"Atrocidades del asesino serial Ted Bundy llegan a la cartelera","datePublished":"2019-07-26T18:54:38+00:00","mainEntityOfPage":{"@id":"https:\/\/canal7slp.tv\/2019\/atrocidades-del-asesino-serial-ted-bundy-llegan-a-la-cartelera\/"},"wordCount":524,"commentCount":0,"publisher":{"@id":"https:\/\/canal7slp.tv\/2019\/#organization"},"image":{"@id":"https:\/\/canal7slp.tv\/2019\/atrocidades-del-asesino-serial-ted-bundy-llegan-a-la-cartelera\/#primaryimage"},"thumbnailUrl":"https:\/\/canal7slp.tv\/2019\/wp-content\/uploads\/2019\/07\/12-16.jpg","articleSection":["ESPECTACULOS"],"inLanguage":"es","potentialAction":[{"@type":"CommentAction","name":"Comment","target":["https:\/\/canal7slp.tv\/2019\/atrocidades-del-asesino-serial-ted-bundy-llegan-a-la-cartelera\/#respond"]}]},{"@type":"WebPage","@id":"https:\/\/canal7slp.tv\/2019\/atrocidades-del-asesino-serial-ted-bundy-llegan-a-la-cartelera\/","url":"https:\/\/canal7slp.tv\/2019\/atrocidades-del-asesino-serial-ted-bundy-llegan-a-la-cartelera\/","name":"Atrocidades del asesino serial Ted Bundy llegan a la cartelera - Canal 7 SLP - 2019","isPartOf":{"@id":"https:\/\/canal7slp.tv\/2019\/#website"},"primaryImageOfPage":{"@id":"https:\/\/canal7slp.tv\/2019\/atrocidades-del-asesino-serial-ted-bundy-llegan-a-la-cartelera\/#primaryimage"},"image":{"@id":"https:\/\/canal7slp.tv\/2019\/atrocidades-del-asesino-serial-ted-bundy-llegan-a-la-cartelera\/#primaryimage"},"thumbnailUrl":"https:\/\/canal7slp.tv\/2019\/wp-content\/uploads\/2019\/07\/12-16.jpg","datePublished":"2019-07-26T18:54:38+00:00","breadcrumb":{"@id":"https:\/\/canal7slp.tv\/2019\/atrocidades-del-asesino-serial-ted-bundy-llegan-a-la-cartelera\/#breadcrumb"},"inLanguage":"es","potentialAction":[{"@type":"ReadAction","target":["https:\/\/canal7slp.tv\/2019\/atrocidades-del-asesino-serial-ted-bundy-llegan-a-la-cartelera\/"]}]},{"@type":"ImageObject","inLanguage":"es","@id":"https:\/\/canal7slp.tv\/2019\/atrocidades-del-asesino-serial-ted-bundy-llegan-a-la-cartelera\/#primaryimage","url":"https:\/\/canal7slp.tv\/2019\/wp-content\/uploads\/2019\/07\/12-16.jpg","contentUrl":"https:\/\/canal7slp.tv\/2019\/wp-content\/uploads\/2019\/07\/12-16.jpg","width":664,"height":410},{"@type":"BreadcrumbList","@id":"https:\/\/canal7slp.tv\/2019\/atrocidades-del-asesino-serial-ted-bundy-llegan-a-la-cartelera\/#breadcrumb","itemListElement":[{"@type":"ListItem","position":1,"name":"Home","item":"https:\/\/canal7slp.tv\/2019\/"},{"@type":"ListItem","position":2,"name":"Atrocidades del asesino serial Ted Bundy llegan a la cartelera"}]},{"@type":"WebSite","@id":"https:\/\/canal7slp.tv\/2019\/#website","url":"https:\/\/canal7slp.tv\/2019\/","name":"Canal 7 SLP - Somos TV","description":"Somos un Canal de 10","publisher":{"@id":"https:\/\/canal7slp.tv\/2019\/#organization"},"potentialAction":[{"@type":"SearchAction","target":{"@type":"EntryPoint","urlTemplate":"https:\/\/canal7slp.tv\/2019\/?s={search_term_string}"},"query-input":{"@type":"PropertyValueSpecification","valueRequired":true,"valueName":"search_term_string"}}],"inLanguage":"es"},{"@type":"Organization","@id":"https:\/\/canal7slp.tv\/2019\/#organization","name":"Comunicaci\u00f3n 2000 S.A. de C.V.","url":"https:\/\/canal7slp.tv\/2019\/","logo":{"@type":"ImageObject","inLanguage":"es","@id":"https:\/\/canal7slp.tv\/2019\/#\/schema\/logo\/image\/","url":"https:\/\/canal7slp.tv\/2019\/wp-content\/uploads\/2019\/07\/logo-c7.png","contentUrl":"https:\/\/canal7slp.tv\/2019\/wp-content\/uploads\/2019\/07\/logo-c7.png","width":220,"height":60,"caption":"Comunicaci\u00f3n 2000 S.A. de C.V."},"image":{"@id":"https:\/\/canal7slp.tv\/2019\/#\/schema\/logo\/image\/"},"sameAs":["https:\/\/www.facebook.com\/CANAL7SLP\/","https:\/\/x.com\/canal7_slp","https:\/\/www.instagram.com\/canal7_slp","https:\/\/www.youtube.com\/user\/NOTICIEROSCANAL7SLP\/"]},{"@type":"Person","@id":"https:\/\/canal7slp.tv\/2019\/#\/schema\/person\/11d941c1c6ca30ac0a46b95fa37aa2e3","name":"edicionweb","image":{"@type":"ImageObject","inLanguage":"es","@id":"https:\/\/secure.gravatar.com\/avatar\/eee448fc3f7164808013b816ba91ac7e43bbe82a70bebac296f8bc6f0addaa1a?s=96&d=mm&r=g","url":"https:\/\/secure.gravatar.com\/avatar\/eee448fc3f7164808013b816ba91ac7e43bbe82a70bebac296f8bc6f0addaa1a?s=96&d=mm&r=g","contentUrl":"https:\/\/secure.gravatar.com\/avatar\/eee448fc3f7164808013b816ba91ac7e43bbe82a70bebac296f8bc6f0addaa1a?s=96&d=mm&r=g","caption":"edicionweb"}}]}},"amp_enabled":true,"cmb2":{"video_ids_in_playlist":{"vid_p_videos":""},"video_ids_in_channel":{"vid_c_videos":""},"playlist_ids_in_channel":{"vid_c_playlists":""},"series_ids_in_channel":{"vid_c_series":""},"channel_images":{"vid_c_logo":"","vid_c_banner":""},"poster_feature_image":{"vid_m_poster_image":""},"gif_feature_image":{"vid_m_gif_image":""},"video_movie_settings":{"vid_m_director":"","vid_m_actor":"","vid_m_imdb_ratings":"","vid_m_amazon_associates":""},"vid_youtube_broadcasts_settings":{"vid_yb_broadcast_title":"","vid_yb_q":"","vid_yb_channelid":"","vid_yb_videocategoryid":"","vid_yb_maxresults":"","vid_yb_order":"","vid_yb_regioncode":"","vid_yb_videosyndicated":"","vid_yb_style":"","vid_yb_reload_first":""},"video_series_settings":{"vid_m_director":"","vid_m_actor":"","vid_m_imdb_ratings":"","video_series_group":""},"amazon_associates_settings":{"amazon_associates":"","amazon_native_ad":""},"vid_youtube_automatic_settings":{"vid_ya_youtube_source":"","vid_ya_update_every":"","vid_ya_update_unit":"","vid_ya_categories":"","vid_ya_published_after":"","vid_ya_published_before":"","vid_ya_playlists":"","vid_ya_channels":"","vid_ya_director":"","vid_ya_actor":"","vid_ya_author":"","vid_ya_import_post_date":"","vid_ya_status":"","vid_ya_sub_api_key":""},"vid_ads_m_videoads_settings_post":{"vid_ads_m_video_ads":"","vid_ads_m_video_ads_type":"","vid_ads_m_group_google_ima":"","vid_ads_m_group_image":"","vid_ads_m_group_html5_video":"","vid_ads_m_group_html":"","vid_ads_m_vast_preroll":"","vid_ads_m_vast_postroll":"","vid_ads_m_vast_pauseroll":"","vid_ads_m_vast_midroll":[{"vid_ads_m_vast_timer_seconds":"50"}],"vid_ads_m_time_to_show_ads":"","vid_ads_m_time_skip_ads":"","vid_ads_m_time_to_hide_ads":""},"page_slider_settings":{"display_slider_group":"","page_slider_group":""},"blog_page_settings":{"blog_page_title":"","blog_page_heading":"","blog_page_ic":"","blog_page_it":"","blog_page_ec":"","blog_page_ip":"","archive_loop_style":"","blog_image_ratio":"","blog_show_categories":"","blog_show_excerpt":"","blog_show_author":"","blog_show_date":"","blog_show_comment_count":"","blog_show_view_count":"","blog_show_like_count":"","blog_show_dislike_count":"","blog_items_per_page":"","blog_pag_type":""},"page_options":{"get_page_template":"","color_mode":"","main_layout":"","main_layout_full_with":"","main_logo":"","main_logo_retina":"","main_logo_mobile":"","main_logo_mobile_retina":"","sticky_logo":"","sticky_logo_retina":"","main_nav_layout":"","ajax_search":"","header_background":"","theme_sidebar":"","instagram_feed":"","instagram_feed_position":"","popular_videos":"","popular_videos_title_1":"","popular_videos_title_2":"","popular_videos_ic":"","popular_videos_it":"","theme_background":"","page_custom_css":""},"feature_image_settings":{"feature_image_position":""},"video_player_settings":{"single_video_style":"","video_player_position":"","vm_video_url":"","video_player_library":"","video_streaming":"","vm_media_sources":"","vid_auto_play":"","vm_video_shortcode":"","vid_p_sync_playlist":"","vid_c_sync_channel":"","get_post_format":"","multiple_links_structure":"default","multi_links_title":"","vm_video_multi_links":"","vm_duration":"","vid_social_locker":"off","vid_social_locker_id":"","vid_membership_action":"content-video","vm_video_trailer_url":"","vid_download_type":"free","vid_download_target":"download","vid_woo_product":"","vm_media_download":"","user_rating":"","user_rating_position":"","user_rating_mode":"","user_rating_multi_sets":""},"video_auto_fetch_settings":{"vm_video_fetch":"on"},"video_fake_views_likes":{"vm_fake_views":"","vm_fake_likes":"","vm_fake_dislikes":""},"gallery_settings":{"gallery_position":""},"quote_settings":{"quote_position":""},"post_options":{"main_layout":"","main_logo":"","main_logo_retina":"","main_logo_mobile":"","main_logo_mobile_retina":"","sticky_logo":"","sticky_logo_retina":"","main_nav_layout":"","header_background":"","theme_sidebar":"","single_post_comment_type":"","theme_background":""}},"_links":{"self":[{"href":"https:\/\/canal7slp.tv\/2019\/wp-json\/wp\/v2\/posts\/39924","targetHints":{"allow":["GET"]}}],"collection":[{"href":"https:\/\/canal7slp.tv\/2019\/wp-json\/wp\/v2\/posts"}],"about":[{"href":"https:\/\/canal7slp.tv\/2019\/wp-json\/wp\/v2\/types\/post"}],"author":[{"embeddable":true,"href":"https:\/\/canal7slp.tv\/2019\/wp-json\/wp\/v2\/users\/2"}],"replies":[{"embeddable":true,"href":"https:\/\/canal7slp.tv\/2019\/wp-json\/wp\/v2\/comments?post=39924"}],"version-history":[{"count":0,"href":"https:\/\/canal7slp.tv\/2019\/wp-json\/wp\/v2\/posts\/39924\/revisions"}],"wp:featuredmedia":[{"embeddable":true,"href":"https:\/\/canal7slp.tv\/2019\/wp-json\/wp\/v2\/media\/39925"}],"wp:attachment":[{"href":"https:\/\/canal7slp.tv\/2019\/wp-json\/wp\/v2\/media?parent=39924"}],"wp:term":[{"taxonomy":"category","embeddable":true,"href":"https:\/\/canal7slp.tv\/2019\/wp-json\/wp\/v2\/categories?post=39924"},{"taxonomy":"post_tag","embeddable":true,"href":"https:\/\/canal7slp.tv\/2019\/wp-json\/wp\/v2\/tags?post=39924"}],"curies":[{"name":"wp","href":"https:\/\/api.w.org\/{rel}","templated":true}]}}