{"id":39918,"date":"2019-07-26T13:40:23","date_gmt":"2019-07-26T18:40:23","guid":{"rendered":"https:\/\/canal7slp.tv\/2019\/?p=39918"},"modified":"2019-07-26T13:40:50","modified_gmt":"2019-07-26T18:40:50","slug":"desarrollo-y-migracion-temas-clave-en-reunion-mexico-honduras","status":"publish","type":"post","link":"https:\/\/canal7slp.tv\/2019\/desarrollo-y-migracion-temas-clave-en-reunion-mexico-honduras\/","title":{"rendered":"Desarrollo y migraci\u00f3n, temas clave en reuni\u00f3n M\u00e9xico-Honduras"},"content":{"rendered":"<p style=\"text-align: justify;\">M\u00e9xico.- Los temas de desarrollo y migraci\u00f3n ser\u00e1n clave en la reuni\u00f3n que sostendr\u00e1n ma\u00f1ana s\u00e1bado los presidentes de M\u00e9xico, Andr\u00e9s Manuel L\u00f3pez Obrador, y de Honduras, Juan Orlando Hern\u00e1ndez, donde se presentar\u00e1 el Programa de Desarrollo Integral con el que se busca mitigar el fen\u00f3meno migratorio.<\/p>\n<p style=\"text-align: justify;\">As\u00ed lo inform\u00f3 el embajador de Honduras en M\u00e9xico, Alden Rivera Montes, quien detall\u00f3 que el programa a presentar se trabaj\u00f3 desde que L\u00f3pez Obrador fue nombrado presidente electo, mientras que ahora se instrumentar\u00e1 con la aportaci\u00f3n de 30 millones de d\u00f3lares de M\u00e9xico para desarrollar en Honduras las inactivas Sembrando vida y J\u00f3venes Construyendo el Futuro.<\/p>\n<p style=\"text-align: justify;\">\u201cEsperamos que esta acci\u00f3n sea un s\u00edmbolo, sea una voz, que llegue a los organismos internacionales hasta la banca de desarrollo internacional&#8230; para poder recibir de parte de toda esa comunidad internacional una cooperaci\u00f3n que haga posible darle vida concreta a este programa que aspira atacar las causas estructurales del fen\u00f3meno migratorio en el sur-sureste de M\u00e9xico y en el Tri\u00e1ngulo Norte de Centroam\u00e9rica\u201d, destac\u00f3.<\/p>\n<p style=\"text-align: justify;\">En entrevista con Radio F\u00f3rmula, Rivera Montes subray\u00f3 que se espera que el Programa de Desarrollo Integral tenga un efecto positivo en la mitigaci\u00f3n del fen\u00f3meno migratorio; \u201ccompartimos la visi\u00f3n con el presidente L\u00f3pez Obrador es la \u00fanica manera realizar un ejercicio sostenible de desarrollo en nuestros pa\u00edses que tenga implicaciones en la reducci\u00f3n de la movilidad humana\u201d.<\/p>\n<p style=\"text-align: justify;\">Se\u00f1al\u00f3 que existe un dialogo permanente con el gobierno de M\u00e9xico y que hay temas que son objetivo de dialogo, pues si bien hay coincidencias no siempre es as\u00ed, tal es el caso de la intervenci\u00f3n de la Guardia Nacional en el aseguramiento de migrantes.<\/p>\n<p style=\"text-align: justify;\">\u201cEso es algo que hemos estado se\u00f1alado como una preocupaci\u00f3n permanente del gobierno hondure\u00f1o y eso ha sido acompa\u00f1ado por los gobiernos de Guatemala y El Salvador, pero estamos en esa ruta del dialogo para poder llegar acuerdos\u201d, mencion\u00f3.<\/p>\n<p style=\"text-align: justify;\">Y es que para el gobierno de Honduras los \u00fanicos agentes autorizados para hacer aseguramientos son los oficiales del Instituto Nacional de Migraci\u00f3n (INM), aunque considera que s\u00ed puede haber acompa\u00f1amiento con elementos de la Guardia Nacional (GN), pero hay reportes de que este cuerpo de seguridad ha realizado\u00a0conducciones hac\u00eda estaciones migratorias.<\/p>\n<p style=\"text-align: justify;\">\u201cEsas son cosas que no compartimos y obviamente hemos puesto en conocimiento de las autoridades de la Secretar\u00eda de Relaciones Exteriores, del Instituto Nacional de Migraci\u00f3n, de la Unidad de Pol\u00edtica Migratoria de la Secretar\u00eda de Gobernaci\u00f3n y en reuniones que tenemos cada semana, para que realmente tengamos un ejercicio donde el respeto de los derechos humanos sea el fundamento b\u00e1sico para las acciones de contenci\u00f3n en M\u00e9xico\u201d.<\/p>\n<p style=\"text-align: justify;\">El funcionario diplom\u00e1tico precis\u00f3 que Honduras reconoce como v\u00e1lida la participaci\u00f3n de la Guardia Nacional siempre y cuando sea en labores de acompa\u00f1amiento.<\/p>\n<p style=\"text-align: justify;\">Respecto al secuestro de la familia Vela Contreras ocurrido en Veracruz, se\u00f1al\u00f3 que han estado en comunicaci\u00f3n con sus familiares, quienes les han proporcionado informaci\u00f3n de las llamadas de extorsi\u00f3n que han recibido, misma que han compartido con las Unidades Antisecuestro de M\u00e9xico y la Fiscal\u00eda General de la Republica.<\/p>\n<p style=\"text-align: justify;\">Mencion\u00f3 que se eval\u00faa si realmente es un secuestro o una extorsi\u00f3n, ya que hasta el momento \u201cno tenemos suficiente evidencia para poder afirmar de manera contundente\u201d.<\/p>\n<p style=\"text-align: justify;\">Precis\u00f3 que existen antecedentes de que no siempre las denuncias que se presentan en Honduras por casos de secuestro resultan ser verdaderos, por lo que se aplican dos protocolos.<\/p>\n<p style=\"text-align: justify;\">Uno de b\u00fasqueda de personas, que incluye recorridos por albergues, estaciones migratorias, centro de detenci\u00f3n y hospitales, y otro de privaci\u00f3n de la libertad, el cual se desarroll\u00f3 en conjunto con el gobierno de M\u00e9xico para casos de secuestro.<\/p>\n<p style=\"text-align: justify;\">El embajador Rivera Montes dijo que este no es el \u00fanico caso de migrantes privados de la libertad, ya que hay reportes de secuestros masivos.<\/p>\n<p style=\"text-align: justify;\">\u201cEste caso tiene una particularidad de que se trata de una familia, pero en este momento tenemos muchos casos, hay centenares de personas secuestradas por grupos del crimen organizado\u201d, mientras que el a\u00f1o pasado no hubo centenares sino miles.<\/p>\n<p style=\"text-align: justify;\">Poco m\u00e1s de la mitad de las personas, aclar\u00f3 el diplom\u00e1tico, logran ser rescatadas por autoridades mexicanas y la otra parte es liberada tras pagar los recates, \u201cpero son situaciones que enfrentamos todos los d\u00edas\u201d ya que este es un negocio milmillonario de los grupos del crimen organizado que reclutan migrantes o que se dedican a trata de personas.<\/p>\n","protected":false},"excerpt":{"rendered":"<p>M\u00e9xico.- Los temas de desarrollo y migraci\u00f3n ser\u00e1n clave en la reuni\u00f3n que sostendr\u00e1n ma\u00f1ana s\u00e1bado los presidentes de M\u00e9xico, Andr\u00e9s Manuel L\u00f3pez Obrador, y de Honduras, Juan Orlando Hern\u00e1ndez, donde se presentar\u00e1 el Programa de Desarrollo Integral con el que se busca mitigar el fen\u00f3meno migratorio. As\u00ed lo inform\u00f3 el embajador de Honduras en [&hellip;]<\/p>\n","protected":false},"author":2,"featured_media":39919,"comment_status":"open","ping_status":"closed","sticky":false,"template":"","format":"standard","meta":{"footnotes":""},"categories":[30],"tags":[],"class_list":["post-39918","post","type-post","status-publish","format-standard","has-post-thumbnail","hentry","category-nacional"],"yoast_head":"<!-- This site is optimized with the Yoast SEO plugin v27.5 - https:\/\/yoast.com\/product\/yoast-seo-wordpress\/ -->\n<title>Desarrollo y migraci\u00f3n, temas clave en reuni\u00f3n M\u00e9xico-Honduras - Canal 7 SLP - 2019<\/title>\n<meta name=\"robots\" content=\"index, follow, max-snippet:-1, max-image-preview:large, max-video-preview:-1\" \/>\n<link rel=\"canonical\" href=\"https:\/\/canal7slp.tv\/2019\/desarrollo-y-migracion-temas-clave-en-reunion-mexico-honduras\/\" \/>\n<meta property=\"og:locale\" content=\"es_ES\" \/>\n<meta property=\"og:type\" content=\"article\" \/>\n<meta property=\"og:title\" content=\"Desarrollo y migraci\u00f3n, temas clave en reuni\u00f3n M\u00e9xico-Honduras - Canal 7 SLP - 2019\" \/>\n<meta property=\"og:description\" content=\"M\u00e9xico.- Los temas de desarrollo y migraci\u00f3n ser\u00e1n clave en la reuni\u00f3n que sostendr\u00e1n ma\u00f1ana s\u00e1bado los presidentes de M\u00e9xico, Andr\u00e9s Manuel L\u00f3pez Obrador, y de Honduras, Juan Orlando Hern\u00e1ndez, donde se presentar\u00e1 el Programa de Desarrollo Integral con el que se busca mitigar el fen\u00f3meno migratorio. As\u00ed lo inform\u00f3 el embajador de Honduras en [&hellip;]\" \/>\n<meta property=\"og:url\" content=\"https:\/\/canal7slp.tv\/2019\/desarrollo-y-migracion-temas-clave-en-reunion-mexico-honduras\/\" \/>\n<meta property=\"og:site_name\" content=\"Canal 7 SLP - 2019\" \/>\n<meta property=\"article:publisher\" content=\"https:\/\/www.facebook.com\/CANAL7SLP\/\" \/>\n<meta property=\"article:published_time\" content=\"2019-07-26T18:40:23+00:00\" \/>\n<meta property=\"article:modified_time\" content=\"2019-07-26T18:40:50+00:00\" \/>\n<meta property=\"og:image\" content=\"https:\/\/canal7slp.tv\/2019\/wp-content\/uploads\/2019\/07\/10-17.jpg\" \/>\n\t<meta property=\"og:image:width\" content=\"640\" \/>\n\t<meta property=\"og:image:height\" content=\"410\" \/>\n\t<meta property=\"og:image:type\" content=\"image\/jpeg\" \/>\n<meta name=\"author\" content=\"edicionweb\" \/>\n<meta name=\"twitter:card\" content=\"summary_large_image\" \/>\n<meta name=\"twitter:creator\" content=\"@canal7_slp\" \/>\n<meta name=\"twitter:site\" content=\"@canal7_slp\" \/>\n<meta name=\"twitter:label1\" content=\"Escrito por\" \/>\n\t<meta name=\"twitter:data1\" content=\"edicionweb\" \/>\n\t<meta name=\"twitter:label2\" content=\"Tiempo de lectura\" \/>\n\t<meta name=\"twitter:data2\" content=\"4 minutos\" \/>\n<script type=\"application\/ld+json\" class=\"yoast-schema-graph\">{\"@context\":\"https:\\\/\\\/schema.org\",\"@graph\":[{\"@type\":\"Article\",\"@id\":\"https:\\\/\\\/canal7slp.tv\\\/2019\\\/desarrollo-y-migracion-temas-clave-en-reunion-mexico-honduras\\\/#article\",\"isPartOf\":{\"@id\":\"https:\\\/\\\/canal7slp.tv\\\/2019\\\/desarrollo-y-migracion-temas-clave-en-reunion-mexico-honduras\\\/\"},\"author\":{\"name\":\"edicionweb\",\"@id\":\"https:\\\/\\\/canal7slp.tv\\\/2019\\\/#\\\/schema\\\/person\\\/11d941c1c6ca30ac0a46b95fa37aa2e3\"},\"headline\":\"Desarrollo y migraci\u00f3n, temas clave en reuni\u00f3n M\u00e9xico-Honduras\",\"datePublished\":\"2019-07-26T18:40:23+00:00\",\"dateModified\":\"2019-07-26T18:40:50+00:00\",\"mainEntityOfPage\":{\"@id\":\"https:\\\/\\\/canal7slp.tv\\\/2019\\\/desarrollo-y-migracion-temas-clave-en-reunion-mexico-honduras\\\/\"},\"wordCount\":804,\"commentCount\":0,\"publisher\":{\"@id\":\"https:\\\/\\\/canal7slp.tv\\\/2019\\\/#organization\"},\"image\":{\"@id\":\"https:\\\/\\\/canal7slp.tv\\\/2019\\\/desarrollo-y-migracion-temas-clave-en-reunion-mexico-honduras\\\/#primaryimage\"},\"thumbnailUrl\":\"https:\\\/\\\/canal7slp.tv\\\/2019\\\/wp-content\\\/uploads\\\/2019\\\/07\\\/10-17.jpg\",\"articleSection\":[\"NACIONAL\"],\"inLanguage\":\"es\",\"potentialAction\":[{\"@type\":\"CommentAction\",\"name\":\"Comment\",\"target\":[\"https:\\\/\\\/canal7slp.tv\\\/2019\\\/desarrollo-y-migracion-temas-clave-en-reunion-mexico-honduras\\\/#respond\"]}]},{\"@type\":\"WebPage\",\"@id\":\"https:\\\/\\\/canal7slp.tv\\\/2019\\\/desarrollo-y-migracion-temas-clave-en-reunion-mexico-honduras\\\/\",\"url\":\"https:\\\/\\\/canal7slp.tv\\\/2019\\\/desarrollo-y-migracion-temas-clave-en-reunion-mexico-honduras\\\/\",\"name\":\"Desarrollo y migraci\u00f3n, temas clave en reuni\u00f3n M\u00e9xico-Honduras - Canal 7 SLP - 2019\",\"isPartOf\":{\"@id\":\"https:\\\/\\\/canal7slp.tv\\\/2019\\\/#website\"},\"primaryImageOfPage\":{\"@id\":\"https:\\\/\\\/canal7slp.tv\\\/2019\\\/desarrollo-y-migracion-temas-clave-en-reunion-mexico-honduras\\\/#primaryimage\"},\"image\":{\"@id\":\"https:\\\/\\\/canal7slp.tv\\\/2019\\\/desarrollo-y-migracion-temas-clave-en-reunion-mexico-honduras\\\/#primaryimage\"},\"thumbnailUrl\":\"https:\\\/\\\/canal7slp.tv\\\/2019\\\/wp-content\\\/uploads\\\/2019\\\/07\\\/10-17.jpg\",\"datePublished\":\"2019-07-26T18:40:23+00:00\",\"dateModified\":\"2019-07-26T18:40:50+00:00\",\"breadcrumb\":{\"@id\":\"https:\\\/\\\/canal7slp.tv\\\/2019\\\/desarrollo-y-migracion-temas-clave-en-reunion-mexico-honduras\\\/#breadcrumb\"},\"inLanguage\":\"es\",\"potentialAction\":[{\"@type\":\"ReadAction\",\"target\":[\"https:\\\/\\\/canal7slp.tv\\\/2019\\\/desarrollo-y-migracion-temas-clave-en-reunion-mexico-honduras\\\/\"]}]},{\"@type\":\"ImageObject\",\"inLanguage\":\"es\",\"@id\":\"https:\\\/\\\/canal7slp.tv\\\/2019\\\/desarrollo-y-migracion-temas-clave-en-reunion-mexico-honduras\\\/#primaryimage\",\"url\":\"https:\\\/\\\/canal7slp.tv\\\/2019\\\/wp-content\\\/uploads\\\/2019\\\/07\\\/10-17.jpg\",\"contentUrl\":\"https:\\\/\\\/canal7slp.tv\\\/2019\\\/wp-content\\\/uploads\\\/2019\\\/07\\\/10-17.jpg\",\"width\":640,\"height\":410},{\"@type\":\"BreadcrumbList\",\"@id\":\"https:\\\/\\\/canal7slp.tv\\\/2019\\\/desarrollo-y-migracion-temas-clave-en-reunion-mexico-honduras\\\/#breadcrumb\",\"itemListElement\":[{\"@type\":\"ListItem\",\"position\":1,\"name\":\"Home\",\"item\":\"https:\\\/\\\/canal7slp.tv\\\/2019\\\/\"},{\"@type\":\"ListItem\",\"position\":2,\"name\":\"Desarrollo y migraci\u00f3n, temas clave en reuni\u00f3n M\u00e9xico-Honduras\"}]},{\"@type\":\"WebSite\",\"@id\":\"https:\\\/\\\/canal7slp.tv\\\/2019\\\/#website\",\"url\":\"https:\\\/\\\/canal7slp.tv\\\/2019\\\/\",\"name\":\"Canal 7 SLP - Somos TV\",\"description\":\"Somos un Canal de 10\",\"publisher\":{\"@id\":\"https:\\\/\\\/canal7slp.tv\\\/2019\\\/#organization\"},\"potentialAction\":[{\"@type\":\"SearchAction\",\"target\":{\"@type\":\"EntryPoint\",\"urlTemplate\":\"https:\\\/\\\/canal7slp.tv\\\/2019\\\/?s={search_term_string}\"},\"query-input\":{\"@type\":\"PropertyValueSpecification\",\"valueRequired\":true,\"valueName\":\"search_term_string\"}}],\"inLanguage\":\"es\"},{\"@type\":\"Organization\",\"@id\":\"https:\\\/\\\/canal7slp.tv\\\/2019\\\/#organization\",\"name\":\"Comunicaci\u00f3n 2000 S.A. de C.V.\",\"url\":\"https:\\\/\\\/canal7slp.tv\\\/2019\\\/\",\"logo\":{\"@type\":\"ImageObject\",\"inLanguage\":\"es\",\"@id\":\"https:\\\/\\\/canal7slp.tv\\\/2019\\\/#\\\/schema\\\/logo\\\/image\\\/\",\"url\":\"https:\\\/\\\/canal7slp.tv\\\/2019\\\/wp-content\\\/uploads\\\/2019\\\/07\\\/logo-c7.png\",\"contentUrl\":\"https:\\\/\\\/canal7slp.tv\\\/2019\\\/wp-content\\\/uploads\\\/2019\\\/07\\\/logo-c7.png\",\"width\":220,\"height\":60,\"caption\":\"Comunicaci\u00f3n 2000 S.A. de C.V.\"},\"image\":{\"@id\":\"https:\\\/\\\/canal7slp.tv\\\/2019\\\/#\\\/schema\\\/logo\\\/image\\\/\"},\"sameAs\":[\"https:\\\/\\\/www.facebook.com\\\/CANAL7SLP\\\/\",\"https:\\\/\\\/x.com\\\/canal7_slp\",\"https:\\\/\\\/www.instagram.com\\\/canal7_slp\",\"https:\\\/\\\/www.youtube.com\\\/user\\\/NOTICIEROSCANAL7SLP\\\/\"]},{\"@type\":\"Person\",\"@id\":\"https:\\\/\\\/canal7slp.tv\\\/2019\\\/#\\\/schema\\\/person\\\/11d941c1c6ca30ac0a46b95fa37aa2e3\",\"name\":\"edicionweb\",\"image\":{\"@type\":\"ImageObject\",\"inLanguage\":\"es\",\"@id\":\"https:\\\/\\\/secure.gravatar.com\\\/avatar\\\/eee448fc3f7164808013b816ba91ac7e43bbe82a70bebac296f8bc6f0addaa1a?s=96&d=mm&r=g\",\"url\":\"https:\\\/\\\/secure.gravatar.com\\\/avatar\\\/eee448fc3f7164808013b816ba91ac7e43bbe82a70bebac296f8bc6f0addaa1a?s=96&d=mm&r=g\",\"contentUrl\":\"https:\\\/\\\/secure.gravatar.com\\\/avatar\\\/eee448fc3f7164808013b816ba91ac7e43bbe82a70bebac296f8bc6f0addaa1a?s=96&d=mm&r=g\",\"caption\":\"edicionweb\"}}]}<\/script>\n<!-- \/ Yoast SEO plugin. -->","yoast_head_json":{"title":"Desarrollo y migraci\u00f3n, temas clave en reuni\u00f3n M\u00e9xico-Honduras - Canal 7 SLP - 2019","robots":{"index":"index","follow":"follow","max-snippet":"max-snippet:-1","max-image-preview":"max-image-preview:large","max-video-preview":"max-video-preview:-1"},"canonical":"https:\/\/canal7slp.tv\/2019\/desarrollo-y-migracion-temas-clave-en-reunion-mexico-honduras\/","og_locale":"es_ES","og_type":"article","og_title":"Desarrollo y migraci\u00f3n, temas clave en reuni\u00f3n M\u00e9xico-Honduras - Canal 7 SLP - 2019","og_description":"M\u00e9xico.- Los temas de desarrollo y migraci\u00f3n ser\u00e1n clave en la reuni\u00f3n que sostendr\u00e1n ma\u00f1ana s\u00e1bado los presidentes de M\u00e9xico, Andr\u00e9s Manuel L\u00f3pez Obrador, y de Honduras, Juan Orlando Hern\u00e1ndez, donde se presentar\u00e1 el Programa de Desarrollo Integral con el que se busca mitigar el fen\u00f3meno migratorio. As\u00ed lo inform\u00f3 el embajador de Honduras en [&hellip;]","og_url":"https:\/\/canal7slp.tv\/2019\/desarrollo-y-migracion-temas-clave-en-reunion-mexico-honduras\/","og_site_name":"Canal 7 SLP - 2019","article_publisher":"https:\/\/www.facebook.com\/CANAL7SLP\/","article_published_time":"2019-07-26T18:40:23+00:00","article_modified_time":"2019-07-26T18:40:50+00:00","og_image":[{"width":640,"height":410,"url":"https:\/\/canal7slp.tv\/2019\/wp-content\/uploads\/2019\/07\/10-17.jpg","type":"image\/jpeg"}],"author":"edicionweb","twitter_card":"summary_large_image","twitter_creator":"@canal7_slp","twitter_site":"@canal7_slp","twitter_misc":{"Escrito por":"edicionweb","Tiempo de lectura":"4 minutos"},"schema":{"@context":"https:\/\/schema.org","@graph":[{"@type":"Article","@id":"https:\/\/canal7slp.tv\/2019\/desarrollo-y-migracion-temas-clave-en-reunion-mexico-honduras\/#article","isPartOf":{"@id":"https:\/\/canal7slp.tv\/2019\/desarrollo-y-migracion-temas-clave-en-reunion-mexico-honduras\/"},"author":{"name":"edicionweb","@id":"https:\/\/canal7slp.tv\/2019\/#\/schema\/person\/11d941c1c6ca30ac0a46b95fa37aa2e3"},"headline":"Desarrollo y migraci\u00f3n, temas clave en reuni\u00f3n M\u00e9xico-Honduras","datePublished":"2019-07-26T18:40:23+00:00","dateModified":"2019-07-26T18:40:50+00:00","mainEntityOfPage":{"@id":"https:\/\/canal7slp.tv\/2019\/desarrollo-y-migracion-temas-clave-en-reunion-mexico-honduras\/"},"wordCount":804,"commentCount":0,"publisher":{"@id":"https:\/\/canal7slp.tv\/2019\/#organization"},"image":{"@id":"https:\/\/canal7slp.tv\/2019\/desarrollo-y-migracion-temas-clave-en-reunion-mexico-honduras\/#primaryimage"},"thumbnailUrl":"https:\/\/canal7slp.tv\/2019\/wp-content\/uploads\/2019\/07\/10-17.jpg","articleSection":["NACIONAL"],"inLanguage":"es","potentialAction":[{"@type":"CommentAction","name":"Comment","target":["https:\/\/canal7slp.tv\/2019\/desarrollo-y-migracion-temas-clave-en-reunion-mexico-honduras\/#respond"]}]},{"@type":"WebPage","@id":"https:\/\/canal7slp.tv\/2019\/desarrollo-y-migracion-temas-clave-en-reunion-mexico-honduras\/","url":"https:\/\/canal7slp.tv\/2019\/desarrollo-y-migracion-temas-clave-en-reunion-mexico-honduras\/","name":"Desarrollo y migraci\u00f3n, temas clave en reuni\u00f3n M\u00e9xico-Honduras - Canal 7 SLP - 2019","isPartOf":{"@id":"https:\/\/canal7slp.tv\/2019\/#website"},"primaryImageOfPage":{"@id":"https:\/\/canal7slp.tv\/2019\/desarrollo-y-migracion-temas-clave-en-reunion-mexico-honduras\/#primaryimage"},"image":{"@id":"https:\/\/canal7slp.tv\/2019\/desarrollo-y-migracion-temas-clave-en-reunion-mexico-honduras\/#primaryimage"},"thumbnailUrl":"https:\/\/canal7slp.tv\/2019\/wp-content\/uploads\/2019\/07\/10-17.jpg","datePublished":"2019-07-26T18:40:23+00:00","dateModified":"2019-07-26T18:40:50+00:00","breadcrumb":{"@id":"https:\/\/canal7slp.tv\/2019\/desarrollo-y-migracion-temas-clave-en-reunion-mexico-honduras\/#breadcrumb"},"inLanguage":"es","potentialAction":[{"@type":"ReadAction","target":["https:\/\/canal7slp.tv\/2019\/desarrollo-y-migracion-temas-clave-en-reunion-mexico-honduras\/"]}]},{"@type":"ImageObject","inLanguage":"es","@id":"https:\/\/canal7slp.tv\/2019\/desarrollo-y-migracion-temas-clave-en-reunion-mexico-honduras\/#primaryimage","url":"https:\/\/canal7slp.tv\/2019\/wp-content\/uploads\/2019\/07\/10-17.jpg","contentUrl":"https:\/\/canal7slp.tv\/2019\/wp-content\/uploads\/2019\/07\/10-17.jpg","width":640,"height":410},{"@type":"BreadcrumbList","@id":"https:\/\/canal7slp.tv\/2019\/desarrollo-y-migracion-temas-clave-en-reunion-mexico-honduras\/#breadcrumb","itemListElement":[{"@type":"ListItem","position":1,"name":"Home","item":"https:\/\/canal7slp.tv\/2019\/"},{"@type":"ListItem","position":2,"name":"Desarrollo y migraci\u00f3n, temas clave en reuni\u00f3n M\u00e9xico-Honduras"}]},{"@type":"WebSite","@id":"https:\/\/canal7slp.tv\/2019\/#website","url":"https:\/\/canal7slp.tv\/2019\/","name":"Canal 7 SLP - Somos TV","description":"Somos un Canal de 10","publisher":{"@id":"https:\/\/canal7slp.tv\/2019\/#organization"},"potentialAction":[{"@type":"SearchAction","target":{"@type":"EntryPoint","urlTemplate":"https:\/\/canal7slp.tv\/2019\/?s={search_term_string}"},"query-input":{"@type":"PropertyValueSpecification","valueRequired":true,"valueName":"search_term_string"}}],"inLanguage":"es"},{"@type":"Organization","@id":"https:\/\/canal7slp.tv\/2019\/#organization","name":"Comunicaci\u00f3n 2000 S.A. de C.V.","url":"https:\/\/canal7slp.tv\/2019\/","logo":{"@type":"ImageObject","inLanguage":"es","@id":"https:\/\/canal7slp.tv\/2019\/#\/schema\/logo\/image\/","url":"https:\/\/canal7slp.tv\/2019\/wp-content\/uploads\/2019\/07\/logo-c7.png","contentUrl":"https:\/\/canal7slp.tv\/2019\/wp-content\/uploads\/2019\/07\/logo-c7.png","width":220,"height":60,"caption":"Comunicaci\u00f3n 2000 S.A. de C.V."},"image":{"@id":"https:\/\/canal7slp.tv\/2019\/#\/schema\/logo\/image\/"},"sameAs":["https:\/\/www.facebook.com\/CANAL7SLP\/","https:\/\/x.com\/canal7_slp","https:\/\/www.instagram.com\/canal7_slp","https:\/\/www.youtube.com\/user\/NOTICIEROSCANAL7SLP\/"]},{"@type":"Person","@id":"https:\/\/canal7slp.tv\/2019\/#\/schema\/person\/11d941c1c6ca30ac0a46b95fa37aa2e3","name":"edicionweb","image":{"@type":"ImageObject","inLanguage":"es","@id":"https:\/\/secure.gravatar.com\/avatar\/eee448fc3f7164808013b816ba91ac7e43bbe82a70bebac296f8bc6f0addaa1a?s=96&d=mm&r=g","url":"https:\/\/secure.gravatar.com\/avatar\/eee448fc3f7164808013b816ba91ac7e43bbe82a70bebac296f8bc6f0addaa1a?s=96&d=mm&r=g","contentUrl":"https:\/\/secure.gravatar.com\/avatar\/eee448fc3f7164808013b816ba91ac7e43bbe82a70bebac296f8bc6f0addaa1a?s=96&d=mm&r=g","caption":"edicionweb"}}]}},"amp_enabled":true,"cmb2":{"video_ids_in_playlist":{"vid_p_videos":""},"video_ids_in_channel":{"vid_c_videos":""},"playlist_ids_in_channel":{"vid_c_playlists":""},"series_ids_in_channel":{"vid_c_series":""},"channel_images":{"vid_c_logo":"","vid_c_banner":""},"poster_feature_image":{"vid_m_poster_image":""},"gif_feature_image":{"vid_m_gif_image":""},"video_movie_settings":{"vid_m_director":"","vid_m_actor":"","vid_m_imdb_ratings":"","vid_m_amazon_associates":""},"vid_youtube_broadcasts_settings":{"vid_yb_broadcast_title":"","vid_yb_q":"","vid_yb_channelid":"","vid_yb_videocategoryid":"","vid_yb_maxresults":"","vid_yb_order":"","vid_yb_regioncode":"","vid_yb_videosyndicated":"","vid_yb_style":"","vid_yb_reload_first":""},"video_series_settings":{"vid_m_director":"","vid_m_actor":"","vid_m_imdb_ratings":"","video_series_group":""},"amazon_associates_settings":{"amazon_associates":"","amazon_native_ad":""},"vid_youtube_automatic_settings":{"vid_ya_youtube_source":"","vid_ya_update_every":"","vid_ya_update_unit":"","vid_ya_categories":"","vid_ya_published_after":"","vid_ya_published_before":"","vid_ya_playlists":"","vid_ya_channels":"","vid_ya_director":"","vid_ya_actor":"","vid_ya_author":"","vid_ya_import_post_date":"","vid_ya_status":"","vid_ya_sub_api_key":""},"vid_ads_m_videoads_settings_post":{"vid_ads_m_video_ads":"","vid_ads_m_video_ads_type":"","vid_ads_m_group_google_ima":"","vid_ads_m_group_image":"","vid_ads_m_group_html5_video":"","vid_ads_m_group_html":"","vid_ads_m_vast_preroll":"","vid_ads_m_vast_postroll":"","vid_ads_m_vast_pauseroll":"","vid_ads_m_vast_midroll":[{"vid_ads_m_vast_timer_seconds":"50"}],"vid_ads_m_time_to_show_ads":"","vid_ads_m_time_skip_ads":"","vid_ads_m_time_to_hide_ads":""},"page_slider_settings":{"display_slider_group":"","page_slider_group":""},"blog_page_settings":{"blog_page_title":"","blog_page_heading":"","blog_page_ic":"","blog_page_it":"","blog_page_ec":"","blog_page_ip":"","archive_loop_style":"","blog_image_ratio":"","blog_show_categories":"","blog_show_excerpt":"","blog_show_author":"","blog_show_date":"","blog_show_comment_count":"","blog_show_view_count":"","blog_show_like_count":"","blog_show_dislike_count":"","blog_items_per_page":"","blog_pag_type":""},"page_options":{"get_page_template":"","color_mode":"","main_layout":"","main_layout_full_with":"","main_logo":"","main_logo_retina":"","main_logo_mobile":"","main_logo_mobile_retina":"","sticky_logo":"","sticky_logo_retina":"","main_nav_layout":"","ajax_search":"","header_background":"","theme_sidebar":"","instagram_feed":"","instagram_feed_position":"","popular_videos":"","popular_videos_title_1":"","popular_videos_title_2":"","popular_videos_ic":"","popular_videos_it":"","theme_background":"","page_custom_css":""},"feature_image_settings":{"feature_image_position":""},"video_player_settings":{"single_video_style":"","video_player_position":"","vm_video_url":"","video_player_library":"","video_streaming":"","vm_media_sources":"","vid_auto_play":"","vm_video_shortcode":"","vid_p_sync_playlist":"","vid_c_sync_channel":"","get_post_format":"","multiple_links_structure":"default","multi_links_title":"","vm_video_multi_links":"","vm_duration":"","vid_social_locker":"off","vid_social_locker_id":"","vid_membership_action":"content-video","vm_video_trailer_url":"","vid_download_type":"free","vid_download_target":"download","vid_woo_product":"","vm_media_download":"","user_rating":"","user_rating_position":"","user_rating_mode":"","user_rating_multi_sets":""},"video_auto_fetch_settings":{"vm_video_fetch":"on"},"video_fake_views_likes":{"vm_fake_views":"","vm_fake_likes":"","vm_fake_dislikes":""},"gallery_settings":{"gallery_position":""},"quote_settings":{"quote_position":""},"post_options":{"main_layout":"","main_logo":"","main_logo_retina":"","main_logo_mobile":"","main_logo_mobile_retina":"","sticky_logo":"","sticky_logo_retina":"","main_nav_layout":"","header_background":"","theme_sidebar":"","single_post_comment_type":"","theme_background":""}},"_links":{"self":[{"href":"https:\/\/canal7slp.tv\/2019\/wp-json\/wp\/v2\/posts\/39918","targetHints":{"allow":["GET"]}}],"collection":[{"href":"https:\/\/canal7slp.tv\/2019\/wp-json\/wp\/v2\/posts"}],"about":[{"href":"https:\/\/canal7slp.tv\/2019\/wp-json\/wp\/v2\/types\/post"}],"author":[{"embeddable":true,"href":"https:\/\/canal7slp.tv\/2019\/wp-json\/wp\/v2\/users\/2"}],"replies":[{"embeddable":true,"href":"https:\/\/canal7slp.tv\/2019\/wp-json\/wp\/v2\/comments?post=39918"}],"version-history":[{"count":0,"href":"https:\/\/canal7slp.tv\/2019\/wp-json\/wp\/v2\/posts\/39918\/revisions"}],"wp:featuredmedia":[{"embeddable":true,"href":"https:\/\/canal7slp.tv\/2019\/wp-json\/wp\/v2\/media\/39919"}],"wp:attachment":[{"href":"https:\/\/canal7slp.tv\/2019\/wp-json\/wp\/v2\/media?parent=39918"}],"wp:term":[{"taxonomy":"category","embeddable":true,"href":"https:\/\/canal7slp.tv\/2019\/wp-json\/wp\/v2\/categories?post=39918"},{"taxonomy":"post_tag","embeddable":true,"href":"https:\/\/canal7slp.tv\/2019\/wp-json\/wp\/v2\/tags?post=39918"}],"curies":[{"name":"wp","href":"https:\/\/api.w.org\/{rel}","templated":true}]}}