{"id":39814,"date":"2019-07-26T09:28:21","date_gmt":"2019-07-26T14:28:21","guid":{"rendered":"https:\/\/canal7slp.tv\/2019\/?p=39814"},"modified":"2019-07-26T09:28:21","modified_gmt":"2019-07-26T14:28:21","slug":"checo-perez-roza-el-top-ten-en-primera-sesion-del-gp-de-alemania","status":"publish","type":"post","link":"https:\/\/canal7slp.tv\/2019\/checo-perez-roza-el-top-ten-en-primera-sesion-del-gp-de-alemania\/","title":{"rendered":"\u201cCheco\u201d P\u00e9rez roza el top ten en primera sesi\u00f3n del GP de Alemania"},"content":{"rendered":"<p>Hockenheim, Ale.- El piloto mexicano Sergio P\u00e9rez roz\u00f3 el top ten de la primera sesi\u00f3n libre del Gran Premio de Alemania, la cual fue liderada por el local Sebastian Vettel, quien luci\u00f3 como el m\u00e1s veloz.<\/p>\n<p>P\u00e9rez Mendoza totaliz\u00f3 24 vueltas al Circuito de Hockenheimring y su giro m\u00e1s r\u00e1pido fue de 1:15.604 minutos para colocarse en el puesto 11, en una primera pr\u00e1ctica calurosa con una temperatura ambiente que rond\u00f3 los 30 grados y los 50 en la pista.<\/p>\n<p>El jalisciense, del equipo Racing Point, se coloc\u00f3 por detr\u00e1s de su coequipero canadiense Lance Stroll, quien fue noveno con lapso de 1:15.191, y del australiano Daniel Ricciardo, de Renault, quien complet\u00f3 los primeros 10 puestos con registr\u00f3 de 1:15.567.<\/p>\n<p>De este modo, \u201cCheco\u201d P\u00e9rez inici\u00f3 su actividad en la und\u00e9cima cita de la Temporada 2019 de la F\u00f3rmula 1, en la cual espera regresar a la zona de puntos luego que en las \u00faltimas seis carreras se ubic\u00f3 fuera del top ten.<\/p>\n<p>Por su lado, Vettel, de Ferrari, quiso responder ante sus seguidores y aunado a que tambi\u00e9n los resultados positivos han escaseado en lo que va de la campa\u00f1a, arranc\u00f3 con el pie derecho y fue el m\u00e1s veloz de los Libres 1.<\/p>\n<p>El germano comand\u00f3 una apretada sesi\u00f3n con su mejor vuelta en 1:14.013 minutos, seguido de su compa\u00f1ero monegasco Charles Leclerc (1:14.268) y del vigente campe\u00f3n y actual l\u00edder del Mundial de F1, el brit\u00e1nico Lewis Hamilton, de Mercedes, quien fue tercero con tiempo de 1:14.315.<\/p>\n<p>M\u00e1s atr\u00e1s se colocaron el holand\u00e9s Max Verstappen (Red Bull), el finland\u00e9s Valtteri Bottas (Mercedes) y el franc\u00e9s Pierre Gasly (Red Bull), en tanto que el espa\u00f1ol Carlos Sainz Jr. del equipo McLaren fue el mejor del resto al situarse en el s\u00e9ptimo puesto.<\/p>\n<p>Completaron los primeros 10 puestos de esta primera pr\u00e1ctica el franc\u00e9s Romain Grosjean (Haas), el canadiense Lance Stroll (Racing Point) y el australiano Daniel Ricciardo (Renault).<\/p>\n","protected":false},"excerpt":{"rendered":"<p>Hockenheim, Ale.- El piloto mexicano Sergio P\u00e9rez roz\u00f3 el top ten de la primera sesi\u00f3n libre del Gran Premio de Alemania, la cual fue liderada por el local Sebastian Vettel, quien luci\u00f3 como el m\u00e1s veloz. P\u00e9rez Mendoza totaliz\u00f3 24 vueltas al Circuito de Hockenheimring y su giro m\u00e1s r\u00e1pido fue de 1:15.604 minutos para [&hellip;]<\/p>\n","protected":false},"author":2,"featured_media":39815,"comment_status":"open","ping_status":"closed","sticky":false,"template":"","format":"standard","meta":{"footnotes":""},"categories":[96],"tags":[],"class_list":["post-39814","post","type-post","status-publish","format-standard","has-post-thumbnail","hentry","category-deportes"],"yoast_head":"<!-- This site is optimized with the Yoast SEO plugin v27.5 - https:\/\/yoast.com\/product\/yoast-seo-wordpress\/ -->\n<title>\u201cCheco\u201d P\u00e9rez roza el top ten en primera sesi\u00f3n del GP de Alemania - Canal 7 SLP - 2019<\/title>\n<meta name=\"robots\" content=\"index, follow, max-snippet:-1, max-image-preview:large, max-video-preview:-1\" \/>\n<link rel=\"canonical\" href=\"https:\/\/canal7slp.tv\/2019\/checo-perez-roza-el-top-ten-en-primera-sesion-del-gp-de-alemania\/\" \/>\n<meta property=\"og:locale\" content=\"es_ES\" \/>\n<meta property=\"og:type\" content=\"article\" \/>\n<meta property=\"og:title\" content=\"\u201cCheco\u201d P\u00e9rez roza el top ten en primera sesi\u00f3n del GP de Alemania - Canal 7 SLP - 2019\" \/>\n<meta property=\"og:description\" content=\"Hockenheim, Ale.- El piloto mexicano Sergio P\u00e9rez roz\u00f3 el top ten de la primera sesi\u00f3n libre del Gran Premio de Alemania, la cual fue liderada por el local Sebastian Vettel, quien luci\u00f3 como el m\u00e1s veloz. P\u00e9rez Mendoza totaliz\u00f3 24 vueltas al Circuito de Hockenheimring y su giro m\u00e1s r\u00e1pido fue de 1:15.604 minutos para [&hellip;]\" \/>\n<meta property=\"og:url\" content=\"https:\/\/canal7slp.tv\/2019\/checo-perez-roza-el-top-ten-en-primera-sesion-del-gp-de-alemania\/\" \/>\n<meta property=\"og:site_name\" content=\"Canal 7 SLP - 2019\" \/>\n<meta property=\"article:publisher\" content=\"https:\/\/www.facebook.com\/CANAL7SLP\/\" \/>\n<meta property=\"article:published_time\" content=\"2019-07-26T14:28:21+00:00\" \/>\n<meta property=\"og:image\" content=\"https:\/\/canal7slp.tv\/2019\/wp-content\/uploads\/2019\/07\/1045-13.jpg\" \/>\n\t<meta property=\"og:image:width\" content=\"615\" \/>\n\t<meta property=\"og:image:height\" content=\"410\" \/>\n\t<meta property=\"og:image:type\" content=\"image\/jpeg\" \/>\n<meta name=\"author\" content=\"edicionweb\" \/>\n<meta name=\"twitter:card\" content=\"summary_large_image\" \/>\n<meta name=\"twitter:creator\" content=\"@canal7_slp\" \/>\n<meta name=\"twitter:site\" content=\"@canal7_slp\" \/>\n<meta name=\"twitter:label1\" content=\"Escrito por\" \/>\n\t<meta name=\"twitter:data1\" content=\"edicionweb\" \/>\n\t<meta name=\"twitter:label2\" content=\"Tiempo de lectura\" \/>\n\t<meta name=\"twitter:data2\" content=\"2 minutos\" \/>\n<script type=\"application\/ld+json\" class=\"yoast-schema-graph\">{\"@context\":\"https:\\\/\\\/schema.org\",\"@graph\":[{\"@type\":\"Article\",\"@id\":\"https:\\\/\\\/canal7slp.tv\\\/2019\\\/checo-perez-roza-el-top-ten-en-primera-sesion-del-gp-de-alemania\\\/#article\",\"isPartOf\":{\"@id\":\"https:\\\/\\\/canal7slp.tv\\\/2019\\\/checo-perez-roza-el-top-ten-en-primera-sesion-del-gp-de-alemania\\\/\"},\"author\":{\"name\":\"edicionweb\",\"@id\":\"https:\\\/\\\/canal7slp.tv\\\/2019\\\/#\\\/schema\\\/person\\\/11d941c1c6ca30ac0a46b95fa37aa2e3\"},\"headline\":\"\u201cCheco\u201d P\u00e9rez roza el top ten en primera sesi\u00f3n del GP de Alemania\",\"datePublished\":\"2019-07-26T14:28:21+00:00\",\"mainEntityOfPage\":{\"@id\":\"https:\\\/\\\/canal7slp.tv\\\/2019\\\/checo-perez-roza-el-top-ten-en-primera-sesion-del-gp-de-alemania\\\/\"},\"wordCount\":349,\"commentCount\":0,\"publisher\":{\"@id\":\"https:\\\/\\\/canal7slp.tv\\\/2019\\\/#organization\"},\"image\":{\"@id\":\"https:\\\/\\\/canal7slp.tv\\\/2019\\\/checo-perez-roza-el-top-ten-en-primera-sesion-del-gp-de-alemania\\\/#primaryimage\"},\"thumbnailUrl\":\"https:\\\/\\\/canal7slp.tv\\\/2019\\\/wp-content\\\/uploads\\\/2019\\\/07\\\/1045-13.jpg\",\"articleSection\":[\"DEPORTES\"],\"inLanguage\":\"es\",\"potentialAction\":[{\"@type\":\"CommentAction\",\"name\":\"Comment\",\"target\":[\"https:\\\/\\\/canal7slp.tv\\\/2019\\\/checo-perez-roza-el-top-ten-en-primera-sesion-del-gp-de-alemania\\\/#respond\"]}]},{\"@type\":\"WebPage\",\"@id\":\"https:\\\/\\\/canal7slp.tv\\\/2019\\\/checo-perez-roza-el-top-ten-en-primera-sesion-del-gp-de-alemania\\\/\",\"url\":\"https:\\\/\\\/canal7slp.tv\\\/2019\\\/checo-perez-roza-el-top-ten-en-primera-sesion-del-gp-de-alemania\\\/\",\"name\":\"\u201cCheco\u201d P\u00e9rez roza el top ten en primera sesi\u00f3n del GP de Alemania - Canal 7 SLP - 2019\",\"isPartOf\":{\"@id\":\"https:\\\/\\\/canal7slp.tv\\\/2019\\\/#website\"},\"primaryImageOfPage\":{\"@id\":\"https:\\\/\\\/canal7slp.tv\\\/2019\\\/checo-perez-roza-el-top-ten-en-primera-sesion-del-gp-de-alemania\\\/#primaryimage\"},\"image\":{\"@id\":\"https:\\\/\\\/canal7slp.tv\\\/2019\\\/checo-perez-roza-el-top-ten-en-primera-sesion-del-gp-de-alemania\\\/#primaryimage\"},\"thumbnailUrl\":\"https:\\\/\\\/canal7slp.tv\\\/2019\\\/wp-content\\\/uploads\\\/2019\\\/07\\\/1045-13.jpg\",\"datePublished\":\"2019-07-26T14:28:21+00:00\",\"breadcrumb\":{\"@id\":\"https:\\\/\\\/canal7slp.tv\\\/2019\\\/checo-perez-roza-el-top-ten-en-primera-sesion-del-gp-de-alemania\\\/#breadcrumb\"},\"inLanguage\":\"es\",\"potentialAction\":[{\"@type\":\"ReadAction\",\"target\":[\"https:\\\/\\\/canal7slp.tv\\\/2019\\\/checo-perez-roza-el-top-ten-en-primera-sesion-del-gp-de-alemania\\\/\"]}]},{\"@type\":\"ImageObject\",\"inLanguage\":\"es\",\"@id\":\"https:\\\/\\\/canal7slp.tv\\\/2019\\\/checo-perez-roza-el-top-ten-en-primera-sesion-del-gp-de-alemania\\\/#primaryimage\",\"url\":\"https:\\\/\\\/canal7slp.tv\\\/2019\\\/wp-content\\\/uploads\\\/2019\\\/07\\\/1045-13.jpg\",\"contentUrl\":\"https:\\\/\\\/canal7slp.tv\\\/2019\\\/wp-content\\\/uploads\\\/2019\\\/07\\\/1045-13.jpg\",\"width\":615,\"height\":410},{\"@type\":\"BreadcrumbList\",\"@id\":\"https:\\\/\\\/canal7slp.tv\\\/2019\\\/checo-perez-roza-el-top-ten-en-primera-sesion-del-gp-de-alemania\\\/#breadcrumb\",\"itemListElement\":[{\"@type\":\"ListItem\",\"position\":1,\"name\":\"Home\",\"item\":\"https:\\\/\\\/canal7slp.tv\\\/2019\\\/\"},{\"@type\":\"ListItem\",\"position\":2,\"name\":\"\u201cCheco\u201d P\u00e9rez roza el top ten en primera sesi\u00f3n del GP de Alemania\"}]},{\"@type\":\"WebSite\",\"@id\":\"https:\\\/\\\/canal7slp.tv\\\/2019\\\/#website\",\"url\":\"https:\\\/\\\/canal7slp.tv\\\/2019\\\/\",\"name\":\"Canal 7 SLP - Somos TV\",\"description\":\"Somos un Canal de 10\",\"publisher\":{\"@id\":\"https:\\\/\\\/canal7slp.tv\\\/2019\\\/#organization\"},\"potentialAction\":[{\"@type\":\"SearchAction\",\"target\":{\"@type\":\"EntryPoint\",\"urlTemplate\":\"https:\\\/\\\/canal7slp.tv\\\/2019\\\/?s={search_term_string}\"},\"query-input\":{\"@type\":\"PropertyValueSpecification\",\"valueRequired\":true,\"valueName\":\"search_term_string\"}}],\"inLanguage\":\"es\"},{\"@type\":\"Organization\",\"@id\":\"https:\\\/\\\/canal7slp.tv\\\/2019\\\/#organization\",\"name\":\"Comunicaci\u00f3n 2000 S.A. de C.V.\",\"url\":\"https:\\\/\\\/canal7slp.tv\\\/2019\\\/\",\"logo\":{\"@type\":\"ImageObject\",\"inLanguage\":\"es\",\"@id\":\"https:\\\/\\\/canal7slp.tv\\\/2019\\\/#\\\/schema\\\/logo\\\/image\\\/\",\"url\":\"https:\\\/\\\/canal7slp.tv\\\/2019\\\/wp-content\\\/uploads\\\/2019\\\/07\\\/logo-c7.png\",\"contentUrl\":\"https:\\\/\\\/canal7slp.tv\\\/2019\\\/wp-content\\\/uploads\\\/2019\\\/07\\\/logo-c7.png\",\"width\":220,\"height\":60,\"caption\":\"Comunicaci\u00f3n 2000 S.A. de C.V.\"},\"image\":{\"@id\":\"https:\\\/\\\/canal7slp.tv\\\/2019\\\/#\\\/schema\\\/logo\\\/image\\\/\"},\"sameAs\":[\"https:\\\/\\\/www.facebook.com\\\/CANAL7SLP\\\/\",\"https:\\\/\\\/x.com\\\/canal7_slp\",\"https:\\\/\\\/www.instagram.com\\\/canal7_slp\",\"https:\\\/\\\/www.youtube.com\\\/user\\\/NOTICIEROSCANAL7SLP\\\/\"]},{\"@type\":\"Person\",\"@id\":\"https:\\\/\\\/canal7slp.tv\\\/2019\\\/#\\\/schema\\\/person\\\/11d941c1c6ca30ac0a46b95fa37aa2e3\",\"name\":\"edicionweb\",\"image\":{\"@type\":\"ImageObject\",\"inLanguage\":\"es\",\"@id\":\"https:\\\/\\\/secure.gravatar.com\\\/avatar\\\/eee448fc3f7164808013b816ba91ac7e43bbe82a70bebac296f8bc6f0addaa1a?s=96&d=mm&r=g\",\"url\":\"https:\\\/\\\/secure.gravatar.com\\\/avatar\\\/eee448fc3f7164808013b816ba91ac7e43bbe82a70bebac296f8bc6f0addaa1a?s=96&d=mm&r=g\",\"contentUrl\":\"https:\\\/\\\/secure.gravatar.com\\\/avatar\\\/eee448fc3f7164808013b816ba91ac7e43bbe82a70bebac296f8bc6f0addaa1a?s=96&d=mm&r=g\",\"caption\":\"edicionweb\"}}]}<\/script>\n<!-- \/ Yoast SEO plugin. -->","yoast_head_json":{"title":"\u201cCheco\u201d P\u00e9rez roza el top ten en primera sesi\u00f3n del GP de Alemania - Canal 7 SLP - 2019","robots":{"index":"index","follow":"follow","max-snippet":"max-snippet:-1","max-image-preview":"max-image-preview:large","max-video-preview":"max-video-preview:-1"},"canonical":"https:\/\/canal7slp.tv\/2019\/checo-perez-roza-el-top-ten-en-primera-sesion-del-gp-de-alemania\/","og_locale":"es_ES","og_type":"article","og_title":"\u201cCheco\u201d P\u00e9rez roza el top ten en primera sesi\u00f3n del GP de Alemania - Canal 7 SLP - 2019","og_description":"Hockenheim, Ale.- El piloto mexicano Sergio P\u00e9rez roz\u00f3 el top ten de la primera sesi\u00f3n libre del Gran Premio de Alemania, la cual fue liderada por el local Sebastian Vettel, quien luci\u00f3 como el m\u00e1s veloz. P\u00e9rez Mendoza totaliz\u00f3 24 vueltas al Circuito de Hockenheimring y su giro m\u00e1s r\u00e1pido fue de 1:15.604 minutos para [&hellip;]","og_url":"https:\/\/canal7slp.tv\/2019\/checo-perez-roza-el-top-ten-en-primera-sesion-del-gp-de-alemania\/","og_site_name":"Canal 7 SLP - 2019","article_publisher":"https:\/\/www.facebook.com\/CANAL7SLP\/","article_published_time":"2019-07-26T14:28:21+00:00","og_image":[{"width":615,"height":410,"url":"https:\/\/canal7slp.tv\/2019\/wp-content\/uploads\/2019\/07\/1045-13.jpg","type":"image\/jpeg"}],"author":"edicionweb","twitter_card":"summary_large_image","twitter_creator":"@canal7_slp","twitter_site":"@canal7_slp","twitter_misc":{"Escrito por":"edicionweb","Tiempo de lectura":"2 minutos"},"schema":{"@context":"https:\/\/schema.org","@graph":[{"@type":"Article","@id":"https:\/\/canal7slp.tv\/2019\/checo-perez-roza-el-top-ten-en-primera-sesion-del-gp-de-alemania\/#article","isPartOf":{"@id":"https:\/\/canal7slp.tv\/2019\/checo-perez-roza-el-top-ten-en-primera-sesion-del-gp-de-alemania\/"},"author":{"name":"edicionweb","@id":"https:\/\/canal7slp.tv\/2019\/#\/schema\/person\/11d941c1c6ca30ac0a46b95fa37aa2e3"},"headline":"\u201cCheco\u201d P\u00e9rez roza el top ten en primera sesi\u00f3n del GP de Alemania","datePublished":"2019-07-26T14:28:21+00:00","mainEntityOfPage":{"@id":"https:\/\/canal7slp.tv\/2019\/checo-perez-roza-el-top-ten-en-primera-sesion-del-gp-de-alemania\/"},"wordCount":349,"commentCount":0,"publisher":{"@id":"https:\/\/canal7slp.tv\/2019\/#organization"},"image":{"@id":"https:\/\/canal7slp.tv\/2019\/checo-perez-roza-el-top-ten-en-primera-sesion-del-gp-de-alemania\/#primaryimage"},"thumbnailUrl":"https:\/\/canal7slp.tv\/2019\/wp-content\/uploads\/2019\/07\/1045-13.jpg","articleSection":["DEPORTES"],"inLanguage":"es","potentialAction":[{"@type":"CommentAction","name":"Comment","target":["https:\/\/canal7slp.tv\/2019\/checo-perez-roza-el-top-ten-en-primera-sesion-del-gp-de-alemania\/#respond"]}]},{"@type":"WebPage","@id":"https:\/\/canal7slp.tv\/2019\/checo-perez-roza-el-top-ten-en-primera-sesion-del-gp-de-alemania\/","url":"https:\/\/canal7slp.tv\/2019\/checo-perez-roza-el-top-ten-en-primera-sesion-del-gp-de-alemania\/","name":"\u201cCheco\u201d P\u00e9rez roza el top ten en primera sesi\u00f3n del GP de Alemania - Canal 7 SLP - 2019","isPartOf":{"@id":"https:\/\/canal7slp.tv\/2019\/#website"},"primaryImageOfPage":{"@id":"https:\/\/canal7slp.tv\/2019\/checo-perez-roza-el-top-ten-en-primera-sesion-del-gp-de-alemania\/#primaryimage"},"image":{"@id":"https:\/\/canal7slp.tv\/2019\/checo-perez-roza-el-top-ten-en-primera-sesion-del-gp-de-alemania\/#primaryimage"},"thumbnailUrl":"https:\/\/canal7slp.tv\/2019\/wp-content\/uploads\/2019\/07\/1045-13.jpg","datePublished":"2019-07-26T14:28:21+00:00","breadcrumb":{"@id":"https:\/\/canal7slp.tv\/2019\/checo-perez-roza-el-top-ten-en-primera-sesion-del-gp-de-alemania\/#breadcrumb"},"inLanguage":"es","potentialAction":[{"@type":"ReadAction","target":["https:\/\/canal7slp.tv\/2019\/checo-perez-roza-el-top-ten-en-primera-sesion-del-gp-de-alemania\/"]}]},{"@type":"ImageObject","inLanguage":"es","@id":"https:\/\/canal7slp.tv\/2019\/checo-perez-roza-el-top-ten-en-primera-sesion-del-gp-de-alemania\/#primaryimage","url":"https:\/\/canal7slp.tv\/2019\/wp-content\/uploads\/2019\/07\/1045-13.jpg","contentUrl":"https:\/\/canal7slp.tv\/2019\/wp-content\/uploads\/2019\/07\/1045-13.jpg","width":615,"height":410},{"@type":"BreadcrumbList","@id":"https:\/\/canal7slp.tv\/2019\/checo-perez-roza-el-top-ten-en-primera-sesion-del-gp-de-alemania\/#breadcrumb","itemListElement":[{"@type":"ListItem","position":1,"name":"Home","item":"https:\/\/canal7slp.tv\/2019\/"},{"@type":"ListItem","position":2,"name":"\u201cCheco\u201d P\u00e9rez roza el top ten en primera sesi\u00f3n del GP de Alemania"}]},{"@type":"WebSite","@id":"https:\/\/canal7slp.tv\/2019\/#website","url":"https:\/\/canal7slp.tv\/2019\/","name":"Canal 7 SLP - Somos TV","description":"Somos un Canal de 10","publisher":{"@id":"https:\/\/canal7slp.tv\/2019\/#organization"},"potentialAction":[{"@type":"SearchAction","target":{"@type":"EntryPoint","urlTemplate":"https:\/\/canal7slp.tv\/2019\/?s={search_term_string}"},"query-input":{"@type":"PropertyValueSpecification","valueRequired":true,"valueName":"search_term_string"}}],"inLanguage":"es"},{"@type":"Organization","@id":"https:\/\/canal7slp.tv\/2019\/#organization","name":"Comunicaci\u00f3n 2000 S.A. de C.V.","url":"https:\/\/canal7slp.tv\/2019\/","logo":{"@type":"ImageObject","inLanguage":"es","@id":"https:\/\/canal7slp.tv\/2019\/#\/schema\/logo\/image\/","url":"https:\/\/canal7slp.tv\/2019\/wp-content\/uploads\/2019\/07\/logo-c7.png","contentUrl":"https:\/\/canal7slp.tv\/2019\/wp-content\/uploads\/2019\/07\/logo-c7.png","width":220,"height":60,"caption":"Comunicaci\u00f3n 2000 S.A. de C.V."},"image":{"@id":"https:\/\/canal7slp.tv\/2019\/#\/schema\/logo\/image\/"},"sameAs":["https:\/\/www.facebook.com\/CANAL7SLP\/","https:\/\/x.com\/canal7_slp","https:\/\/www.instagram.com\/canal7_slp","https:\/\/www.youtube.com\/user\/NOTICIEROSCANAL7SLP\/"]},{"@type":"Person","@id":"https:\/\/canal7slp.tv\/2019\/#\/schema\/person\/11d941c1c6ca30ac0a46b95fa37aa2e3","name":"edicionweb","image":{"@type":"ImageObject","inLanguage":"es","@id":"https:\/\/secure.gravatar.com\/avatar\/eee448fc3f7164808013b816ba91ac7e43bbe82a70bebac296f8bc6f0addaa1a?s=96&d=mm&r=g","url":"https:\/\/secure.gravatar.com\/avatar\/eee448fc3f7164808013b816ba91ac7e43bbe82a70bebac296f8bc6f0addaa1a?s=96&d=mm&r=g","contentUrl":"https:\/\/secure.gravatar.com\/avatar\/eee448fc3f7164808013b816ba91ac7e43bbe82a70bebac296f8bc6f0addaa1a?s=96&d=mm&r=g","caption":"edicionweb"}}]}},"amp_enabled":true,"cmb2":{"video_ids_in_playlist":{"vid_p_videos":""},"video_ids_in_channel":{"vid_c_videos":""},"playlist_ids_in_channel":{"vid_c_playlists":""},"series_ids_in_channel":{"vid_c_series":""},"channel_images":{"vid_c_logo":"","vid_c_banner":""},"poster_feature_image":{"vid_m_poster_image":""},"gif_feature_image":{"vid_m_gif_image":""},"video_movie_settings":{"vid_m_director":"","vid_m_actor":"","vid_m_imdb_ratings":"","vid_m_amazon_associates":""},"vid_youtube_broadcasts_settings":{"vid_yb_broadcast_title":"","vid_yb_q":"","vid_yb_channelid":"","vid_yb_videocategoryid":"","vid_yb_maxresults":"","vid_yb_order":"","vid_yb_regioncode":"","vid_yb_videosyndicated":"","vid_yb_style":"","vid_yb_reload_first":""},"video_series_settings":{"vid_m_director":"","vid_m_actor":"","vid_m_imdb_ratings":"","video_series_group":""},"amazon_associates_settings":{"amazon_associates":"","amazon_native_ad":""},"vid_youtube_automatic_settings":{"vid_ya_youtube_source":"","vid_ya_update_every":"","vid_ya_update_unit":"","vid_ya_categories":"","vid_ya_published_after":"","vid_ya_published_before":"","vid_ya_playlists":"","vid_ya_channels":"","vid_ya_director":"","vid_ya_actor":"","vid_ya_author":"","vid_ya_import_post_date":"","vid_ya_status":"","vid_ya_sub_api_key":""},"vid_ads_m_videoads_settings_post":{"vid_ads_m_video_ads":"","vid_ads_m_video_ads_type":"","vid_ads_m_group_google_ima":"","vid_ads_m_group_image":"","vid_ads_m_group_html5_video":"","vid_ads_m_group_html":"","vid_ads_m_vast_preroll":"","vid_ads_m_vast_postroll":"","vid_ads_m_vast_pauseroll":"","vid_ads_m_vast_midroll":[{"vid_ads_m_vast_timer_seconds":"50"}],"vid_ads_m_time_to_show_ads":"","vid_ads_m_time_skip_ads":"","vid_ads_m_time_to_hide_ads":""},"page_slider_settings":{"display_slider_group":"","page_slider_group":""},"blog_page_settings":{"blog_page_title":"","blog_page_heading":"","blog_page_ic":"","blog_page_it":"","blog_page_ec":"","blog_page_ip":"","archive_loop_style":"","blog_image_ratio":"","blog_show_categories":"","blog_show_excerpt":"","blog_show_author":"","blog_show_date":"","blog_show_comment_count":"","blog_show_view_count":"","blog_show_like_count":"","blog_show_dislike_count":"","blog_items_per_page":"","blog_pag_type":""},"page_options":{"get_page_template":"","color_mode":"","main_layout":"","main_layout_full_with":"","main_logo":"","main_logo_retina":"","main_logo_mobile":"","main_logo_mobile_retina":"","sticky_logo":"","sticky_logo_retina":"","main_nav_layout":"","ajax_search":"","header_background":"","theme_sidebar":"","instagram_feed":"","instagram_feed_position":"","popular_videos":"","popular_videos_title_1":"","popular_videos_title_2":"","popular_videos_ic":"","popular_videos_it":"","theme_background":"","page_custom_css":""},"feature_image_settings":{"feature_image_position":""},"video_player_settings":{"single_video_style":"","video_player_position":"","vm_video_url":"","video_player_library":"","video_streaming":"","vm_media_sources":"","vid_auto_play":"","vm_video_shortcode":"","vid_p_sync_playlist":"","vid_c_sync_channel":"","get_post_format":"","multiple_links_structure":"default","multi_links_title":"","vm_video_multi_links":"","vm_duration":"","vid_social_locker":"off","vid_social_locker_id":"","vid_membership_action":"content-video","vm_video_trailer_url":"","vid_download_type":"free","vid_download_target":"download","vid_woo_product":"","vm_media_download":"","user_rating":"","user_rating_position":"","user_rating_mode":"","user_rating_multi_sets":""},"video_auto_fetch_settings":{"vm_video_fetch":"on"},"video_fake_views_likes":{"vm_fake_views":"","vm_fake_likes":"","vm_fake_dislikes":""},"gallery_settings":{"gallery_position":""},"quote_settings":{"quote_position":""},"post_options":{"main_layout":"","main_logo":"","main_logo_retina":"","main_logo_mobile":"","main_logo_mobile_retina":"","sticky_logo":"","sticky_logo_retina":"","main_nav_layout":"","header_background":"","theme_sidebar":"","single_post_comment_type":"","theme_background":""}},"_links":{"self":[{"href":"https:\/\/canal7slp.tv\/2019\/wp-json\/wp\/v2\/posts\/39814","targetHints":{"allow":["GET"]}}],"collection":[{"href":"https:\/\/canal7slp.tv\/2019\/wp-json\/wp\/v2\/posts"}],"about":[{"href":"https:\/\/canal7slp.tv\/2019\/wp-json\/wp\/v2\/types\/post"}],"author":[{"embeddable":true,"href":"https:\/\/canal7slp.tv\/2019\/wp-json\/wp\/v2\/users\/2"}],"replies":[{"embeddable":true,"href":"https:\/\/canal7slp.tv\/2019\/wp-json\/wp\/v2\/comments?post=39814"}],"version-history":[{"count":0,"href":"https:\/\/canal7slp.tv\/2019\/wp-json\/wp\/v2\/posts\/39814\/revisions"}],"wp:featuredmedia":[{"embeddable":true,"href":"https:\/\/canal7slp.tv\/2019\/wp-json\/wp\/v2\/media\/39815"}],"wp:attachment":[{"href":"https:\/\/canal7slp.tv\/2019\/wp-json\/wp\/v2\/media?parent=39814"}],"wp:term":[{"taxonomy":"category","embeddable":true,"href":"https:\/\/canal7slp.tv\/2019\/wp-json\/wp\/v2\/categories?post=39814"},{"taxonomy":"post_tag","embeddable":true,"href":"https:\/\/canal7slp.tv\/2019\/wp-json\/wp\/v2\/tags?post=39814"}],"curies":[{"name":"wp","href":"https:\/\/api.w.org\/{rel}","templated":true}]}}