{"id":39802,"date":"2019-07-26T08:37:04","date_gmt":"2019-07-26T13:37:04","guid":{"rendered":"https:\/\/canal7slp.tv\/2019\/?p=39802"},"modified":"2019-07-26T08:37:04","modified_gmt":"2019-07-26T13:37:04","slug":"cuba-celebra-26-de-julio-con-panorama-economico-y-politico-adverso","status":"publish","type":"post","link":"https:\/\/canal7slp.tv\/2019\/cuba-celebra-26-de-julio-con-panorama-economico-y-politico-adverso\/","title":{"rendered":"Cuba celebra 26 de julio con panorama econ\u00f3mico y pol\u00edtico adverso"},"content":{"rendered":"<p style=\"text-align: justify;\">M\u00e9xico.- La Cuba de la ca\u00f1a, de los habanos, del ron y del turismo, conmemorar\u00e1 el 66 aniversario del Asalto al Moncada este 26 de julio, en medio del deterioro de sus relaciones con Estados Unidos y su presidente Donald Trump, quien ha retomado la l\u00ednea dura hacia la isla caribe\u00f1a y su r\u00e9gimen socialista.<\/p>\n<p style=\"text-align: justify;\">Despu\u00e9s de que Cuba dej\u00f3 de ser dominio de la corona espa\u00f1ola en 1902, los estadunidenses han buscado siempre tener influencia o presencia en la isla, desde su apoyo al r\u00e9gimen de Fulgencio Batista, en los a\u00f1os 50 del siglo pasado, al consumarse la gesta revolucionaria el 1 de enero de 1959 y hasta estos d\u00edas en que Trump retoma la aplicaci\u00f3n de la ley Helms-Burton.<\/p>\n<p style=\"text-align: justify;\">En el mes de julio de 1953, en el marco del asalto a los cuarteles Moncada de Santiago de Cuba y Carlos Manuel de C\u00e9spedes de Bayamo, en el oriente cubano, un grupo de guerrilleros dio inicio a la v\u00eda armada para derrocar al r\u00e9gimen de Batista, y aunque fracas\u00f3 el primer intento, marc\u00f3 el inicio de la revoluci\u00f3n.<\/p>\n<p style=\"text-align: justify;\">En esa \u00e9poca, Cuba era pr\u00e1cticamente una colonia de Estados Unidos que recib\u00eda una de las mayores inversiones de ese pa\u00eds en Am\u00e9rica Latina, que superaban los mil millones de pesos cubanos, seg\u00fan el sitio del pa\u00eds caribe\u00f1o Cuba contra el Bloqueo.<\/p>\n<p style=\"text-align: justify;\">Batista hab\u00eda llegado al poder mediante un golpe de Estado y ten\u00eda sumida a la econom\u00eda, acusado de corrupci\u00f3n y de tratos con la mafia \u00edtalo-estadunidense, quien adem\u00e1s al momento de su huida al triunfo de la Revoluci\u00f3n encabezada por Fidel Castro, el 1 de enero de 1959, dej\u00f3 las arcas del gobierno vac\u00edas.<\/p>\n<p style=\"text-align: justify;\"><strong>Inicia el bloqueo econ\u00f3mico<\/strong><\/p>\n<p style=\"text-align: justify;\">Meses despu\u00e9s del triunfo del movimiento revolucionario encabezado por Fidel Castro, cuando el nuevo gobierno cubano confisc\u00f3 bienes de ciudadanos estadounidenses, Washington inici\u00f3 el bloqueo econ\u00f3mico al negar un cr\u00e9dito econ\u00f3mico a la isla, le redujo la cuota de importaci\u00f3n de az\u00facar y prohibi\u00f3 a sus trasnacionales vender combustible a Cuba.<\/p>\n<p style=\"text-align: justify;\">A\u00fan m\u00e1s, en 1962 se decret\u00f3 ya en forma jur\u00eddica el bloqueo de comercio a la isla por una orden Ejecutiva de John F. Kennedy, entonces presidente de Estados Unidos.<\/p>\n<p style=\"text-align: justify;\">El intento era ahogar la econom\u00eda cubana, provocarle el descontento popular, as\u00ed como aislarlo pol\u00edtica e internacionalmente, para que fuera derrocado el gobierno, tal como fue el intento de la invasi\u00f3n con mercenarios en Playa Gir\u00f3n, que en tres d\u00edas fue neutralizado por las tropas de Castro.<\/p>\n<p style=\"text-align: justify;\">Despu\u00e9s de los grandes avances de la revoluci\u00f3n hasta 1989, en materia de educaci\u00f3n, salud, seguridad social, empleo y distribuci\u00f3n, Cuba entra en una profunda crisis, indica un art\u00edculo publicado en la Revista de la Comisi\u00f3n Econ\u00f3mica para Am\u00e9rica Latina y el Caribe (Cepal), firmado por Carmelo Mesa-Lago.<\/p>\n<p style=\"text-align: justify;\">El colapso del campo socialista y otros factores externos e internos provocaron una \u201csevera crisis que toc\u00f3 fondo en 1993 y deterior\u00f3 casi todos los indicadores sociales\u201d, tan s\u00f3lo se muestra con la producci\u00f3n de az\u00facar que descendi\u00f3 desde ocho millones de toneladas en 1989 a cuatro millones en 1993, anota.<\/p>\n<p style=\"text-align: justify;\">La crisis econ\u00f3mica y social de la d\u00e9cada de los 90, conocida por los isle\u00f1os como el Periodo Especial en Tiempos de Paz, se debi\u00f3 a problemas internos y externos, pero sobre todo porque se derrumb\u00f3 la entonces Uni\u00f3n Sovi\u00e9tica, el mercado crucial de la isla, su principal soporte y aliado.<\/p>\n<p style=\"text-align: justify;\">Todav\u00eda m\u00e1s, en 1996, el presidente estadunidense William Clinton firm\u00f3 la Ley para la Solidaridad Democr\u00e1tica y Libertad Cubana, conocida como la &#8220;Ley Helms-Burton&#8221;, legisladores republicanos que la patrocinaron y que fue aprobada en el Congreso de ese pa\u00eds.<\/p>\n<p style=\"text-align: justify;\">Esa ley extensa de 35 secciones advierte que sus restricciones permanecen vigentes hasta que el presidente de Estados Unidos certifique que ha sido \u201cdemocr\u00e1ticamente electo\u201d un gobierno de Cuba, se\u00f1ala un art\u00edculo de la revista del Instituto de Investigaciones Jur\u00eddicas de la Universidad Nacional Aut\u00f3noma de M\u00e9xico (UNAM).<\/p>\n<p style=\"text-align: justify;\">Entre las restricciones establece que el gobierno cubano deber\u00e1 devolver o pagar indemnizaci\u00f3n por las propiedades de ciudadanos estadunidenses confiscadas, refiere el texto \u201cEn torno a la Ley Helms-Burton de 1996\u201d, de la UNAM.<\/p>\n<p style=\"text-align: justify;\"><strong>Avance y retroceso con EUA<\/strong><\/p>\n<p style=\"text-align: justify;\">A finales de los a\u00f1os 90 Cuba encontr\u00f3 un aliado en Venezuela con Hugo Ch\u00e1vez, quien le proporcion\u00f3 combustible y diversos intercambios comerciales, hasta que lleg\u00f3 a la presidencia estadunidense Barack Obama, quien consider\u00f3 que el bloqueo econ\u00f3mico a Cuba no hab\u00eda funcionado.<\/p>\n<p style=\"text-align: justify;\">A finales de 2014, Barack Obama y Ra\u00fal Castro, presidente de Cuba, luego de pl\u00e1ticas telef\u00f3nicas, por separado, anunciaron el restablecimiento de las relaciones diplom\u00e1ticas y medidas para aminorar el bloqueo a la isla, inclusive, se reunieron en 2016 en La Habana.<\/p>\n<p style=\"text-align: justify;\">En 2017, sin embargo, al llegar a la presidencia, Trump cancel\u00f3 el restablecimiento de las relaciones diplom\u00e1ticas entre ambos pa\u00edses y aprob\u00f3 reiniciar el bloqueo econ\u00f3mico, que proh\u00edbe inversiones vinculadas a empresas cubanas y restringe los viajes, entre otras, hasta que haya un cambio de r\u00e9gimen en la isla.<\/p>\n<p style=\"text-align: justify;\">Las sanciones econ\u00f3micas y comerciales se ampliaron en 2019, cuando en abril pasado Estados Unidos anunci\u00f3 que se limita el env\u00edo de remesas a mil d\u00f3lares trimestrales por persona, cuando el monto era ilimitado, y restringe los viajes tur\u00edsticos.<\/p>\n<p style=\"text-align: justify;\">A\u00fan m\u00e1s, en mayo pasado, activ\u00f3 el cap\u00edtulo III de la Ley Helms-Burton que permite reclamar mediante demandas en las cortes de Estados Unidos las propiedades confiscadas a ciudadanos de ese pa\u00eds luego de la revoluci\u00f3n cubana de 1959.<\/p>\n<p style=\"text-align: justify;\">Tambi\u00e9n elimin\u00f3 la posibilidad de realizar las visitas educativas grupales pueblo a pueblo, y niega licencias para los cruceros o buques de pasajeros y recreativos, as\u00ed como a los aviones privados y corporativos, lo que afecta la estimaci\u00f3n del turismo esperado en la isla, uno de los principales sectores generadores de divisas para la econom\u00eda de la isla.<\/p>\n<p style=\"text-align: justify;\">El bloque econ\u00f3mico le ha generado una p\u00e9rdida a Cuba durante los \u00faltimos 60 a\u00f1os por m\u00e1s de 134 mil millones de d\u00f3lares, seg\u00fan fuentes oficiales cubanas, y ahora se agrava con las acusaciones de Trump de apoyar con militares cubanos al r\u00e9gimen venezolano de Nicol\u00e1s Maduro.<\/p>\n<p style=\"text-align: justify;\">Esa situaci\u00f3n, se suma a la cancelaci\u00f3n del programa M\u00e1s M\u00e9dicos en Brasil, en el cual unos 20 mil m\u00e9dicos cubanos trabajaban en el pa\u00eds sudamericano desde 2013 y a la crisis econ\u00f3mica en la que se encuentra inmersa su aliada Venezuela.<\/p>\n<p style=\"text-align: justify;\">El actual presidente cubano Miguel D\u00edaz-Canel refiere tambi\u00e9n que hay fortalezas pol\u00edticas, econ\u00f3micas y sociales de Cuba y una hist\u00f3rica resistencia, pero acepta que sufren de restricciones de divisas y combustibles, as\u00ed como problemas en las exportaciones de az\u00facar.<\/p>\n<p style=\"text-align: justify;\">En el marco de la conmemoraci\u00f3n del inicio de su revoluci\u00f3n, el 26 de julio, Cuba enfrenta un panorama adverso, c\u00edclico, en la que est\u00e1 a prueba su nueva Constituci\u00f3n, que abre su econom\u00eda al mercado y la inversi\u00f3n extranjera, su plan de Desarrollo Sostenible de la Agenda 2030 y sus relaciones diplom\u00e1ticas en el mundo.<\/p>\n","protected":false},"excerpt":{"rendered":"<p>M\u00e9xico.- La Cuba de la ca\u00f1a, de los habanos, del ron y del turismo, conmemorar\u00e1 el 66 aniversario del Asalto al Moncada este 26 de julio, en medio del deterioro de sus relaciones con Estados Unidos y su presidente Donald Trump, quien ha retomado la l\u00ednea dura hacia la isla caribe\u00f1a y su r\u00e9gimen socialista. [&hellip;]<\/p>\n","protected":false},"author":2,"featured_media":39803,"comment_status":"open","ping_status":"closed","sticky":false,"template":"","format":"standard","meta":{"footnotes":""},"categories":[18],"tags":[],"class_list":["post-39802","post","type-post","status-publish","format-standard","has-post-thumbnail","hentry","category-internacional"],"yoast_head":"<!-- This site is optimized with the Yoast SEO plugin v27.5 - https:\/\/yoast.com\/product\/yoast-seo-wordpress\/ -->\n<title>Cuba celebra 26 de julio con panorama econ\u00f3mico y pol\u00edtico adverso - Canal 7 SLP - 2019<\/title>\n<meta name=\"robots\" content=\"index, follow, max-snippet:-1, max-image-preview:large, max-video-preview:-1\" \/>\n<link rel=\"canonical\" href=\"https:\/\/canal7slp.tv\/2019\/cuba-celebra-26-de-julio-con-panorama-economico-y-politico-adverso\/\" \/>\n<meta property=\"og:locale\" content=\"es_ES\" \/>\n<meta property=\"og:type\" content=\"article\" \/>\n<meta property=\"og:title\" content=\"Cuba celebra 26 de julio con panorama econ\u00f3mico y pol\u00edtico adverso - Canal 7 SLP - 2019\" \/>\n<meta property=\"og:description\" content=\"M\u00e9xico.- La Cuba de la ca\u00f1a, de los habanos, del ron y del turismo, conmemorar\u00e1 el 66 aniversario del Asalto al Moncada este 26 de julio, en medio del deterioro de sus relaciones con Estados Unidos y su presidente Donald Trump, quien ha retomado la l\u00ednea dura hacia la isla caribe\u00f1a y su r\u00e9gimen socialista. [&hellip;]\" \/>\n<meta property=\"og:url\" content=\"https:\/\/canal7slp.tv\/2019\/cuba-celebra-26-de-julio-con-panorama-economico-y-politico-adverso\/\" \/>\n<meta property=\"og:site_name\" content=\"Canal 7 SLP - 2019\" \/>\n<meta property=\"article:publisher\" content=\"https:\/\/www.facebook.com\/CANAL7SLP\/\" \/>\n<meta property=\"article:published_time\" content=\"2019-07-26T13:37:04+00:00\" \/>\n<meta property=\"og:image\" content=\"https:\/\/canal7slp.tv\/2019\/wp-content\/uploads\/2019\/07\/945-11.jpg\" \/>\n\t<meta property=\"og:image:width\" content=\"683\" \/>\n\t<meta property=\"og:image:height\" content=\"410\" \/>\n\t<meta property=\"og:image:type\" content=\"image\/jpeg\" \/>\n<meta name=\"author\" content=\"edicionweb\" \/>\n<meta name=\"twitter:card\" content=\"summary_large_image\" \/>\n<meta name=\"twitter:creator\" content=\"@canal7_slp\" \/>\n<meta name=\"twitter:site\" content=\"@canal7_slp\" \/>\n<meta name=\"twitter:label1\" content=\"Escrito por\" \/>\n\t<meta name=\"twitter:data1\" content=\"edicionweb\" \/>\n\t<meta name=\"twitter:label2\" content=\"Tiempo de lectura\" \/>\n\t<meta name=\"twitter:data2\" content=\"6 minutos\" \/>\n<script type=\"application\/ld+json\" class=\"yoast-schema-graph\">{\"@context\":\"https:\\\/\\\/schema.org\",\"@graph\":[{\"@type\":\"Article\",\"@id\":\"https:\\\/\\\/canal7slp.tv\\\/2019\\\/cuba-celebra-26-de-julio-con-panorama-economico-y-politico-adverso\\\/#article\",\"isPartOf\":{\"@id\":\"https:\\\/\\\/canal7slp.tv\\\/2019\\\/cuba-celebra-26-de-julio-con-panorama-economico-y-politico-adverso\\\/\"},\"author\":{\"name\":\"edicionweb\",\"@id\":\"https:\\\/\\\/canal7slp.tv\\\/2019\\\/#\\\/schema\\\/person\\\/11d941c1c6ca30ac0a46b95fa37aa2e3\"},\"headline\":\"Cuba celebra 26 de julio con panorama econ\u00f3mico y pol\u00edtico adverso\",\"datePublished\":\"2019-07-26T13:37:04+00:00\",\"mainEntityOfPage\":{\"@id\":\"https:\\\/\\\/canal7slp.tv\\\/2019\\\/cuba-celebra-26-de-julio-con-panorama-economico-y-politico-adverso\\\/\"},\"wordCount\":1245,\"commentCount\":0,\"publisher\":{\"@id\":\"https:\\\/\\\/canal7slp.tv\\\/2019\\\/#organization\"},\"image\":{\"@id\":\"https:\\\/\\\/canal7slp.tv\\\/2019\\\/cuba-celebra-26-de-julio-con-panorama-economico-y-politico-adverso\\\/#primaryimage\"},\"thumbnailUrl\":\"https:\\\/\\\/canal7slp.tv\\\/2019\\\/wp-content\\\/uploads\\\/2019\\\/07\\\/945-11.jpg\",\"articleSection\":[\"INTERNACIONAL\"],\"inLanguage\":\"es\",\"potentialAction\":[{\"@type\":\"CommentAction\",\"name\":\"Comment\",\"target\":[\"https:\\\/\\\/canal7slp.tv\\\/2019\\\/cuba-celebra-26-de-julio-con-panorama-economico-y-politico-adverso\\\/#respond\"]}]},{\"@type\":\"WebPage\",\"@id\":\"https:\\\/\\\/canal7slp.tv\\\/2019\\\/cuba-celebra-26-de-julio-con-panorama-economico-y-politico-adverso\\\/\",\"url\":\"https:\\\/\\\/canal7slp.tv\\\/2019\\\/cuba-celebra-26-de-julio-con-panorama-economico-y-politico-adverso\\\/\",\"name\":\"Cuba celebra 26 de julio con panorama econ\u00f3mico y pol\u00edtico adverso - Canal 7 SLP - 2019\",\"isPartOf\":{\"@id\":\"https:\\\/\\\/canal7slp.tv\\\/2019\\\/#website\"},\"primaryImageOfPage\":{\"@id\":\"https:\\\/\\\/canal7slp.tv\\\/2019\\\/cuba-celebra-26-de-julio-con-panorama-economico-y-politico-adverso\\\/#primaryimage\"},\"image\":{\"@id\":\"https:\\\/\\\/canal7slp.tv\\\/2019\\\/cuba-celebra-26-de-julio-con-panorama-economico-y-politico-adverso\\\/#primaryimage\"},\"thumbnailUrl\":\"https:\\\/\\\/canal7slp.tv\\\/2019\\\/wp-content\\\/uploads\\\/2019\\\/07\\\/945-11.jpg\",\"datePublished\":\"2019-07-26T13:37:04+00:00\",\"breadcrumb\":{\"@id\":\"https:\\\/\\\/canal7slp.tv\\\/2019\\\/cuba-celebra-26-de-julio-con-panorama-economico-y-politico-adverso\\\/#breadcrumb\"},\"inLanguage\":\"es\",\"potentialAction\":[{\"@type\":\"ReadAction\",\"target\":[\"https:\\\/\\\/canal7slp.tv\\\/2019\\\/cuba-celebra-26-de-julio-con-panorama-economico-y-politico-adverso\\\/\"]}]},{\"@type\":\"ImageObject\",\"inLanguage\":\"es\",\"@id\":\"https:\\\/\\\/canal7slp.tv\\\/2019\\\/cuba-celebra-26-de-julio-con-panorama-economico-y-politico-adverso\\\/#primaryimage\",\"url\":\"https:\\\/\\\/canal7slp.tv\\\/2019\\\/wp-content\\\/uploads\\\/2019\\\/07\\\/945-11.jpg\",\"contentUrl\":\"https:\\\/\\\/canal7slp.tv\\\/2019\\\/wp-content\\\/uploads\\\/2019\\\/07\\\/945-11.jpg\",\"width\":683,\"height\":410},{\"@type\":\"BreadcrumbList\",\"@id\":\"https:\\\/\\\/canal7slp.tv\\\/2019\\\/cuba-celebra-26-de-julio-con-panorama-economico-y-politico-adverso\\\/#breadcrumb\",\"itemListElement\":[{\"@type\":\"ListItem\",\"position\":1,\"name\":\"Home\",\"item\":\"https:\\\/\\\/canal7slp.tv\\\/2019\\\/\"},{\"@type\":\"ListItem\",\"position\":2,\"name\":\"Cuba celebra 26 de julio con panorama econ\u00f3mico y pol\u00edtico adverso\"}]},{\"@type\":\"WebSite\",\"@id\":\"https:\\\/\\\/canal7slp.tv\\\/2019\\\/#website\",\"url\":\"https:\\\/\\\/canal7slp.tv\\\/2019\\\/\",\"name\":\"Canal 7 SLP - Somos TV\",\"description\":\"Somos un Canal de 10\",\"publisher\":{\"@id\":\"https:\\\/\\\/canal7slp.tv\\\/2019\\\/#organization\"},\"potentialAction\":[{\"@type\":\"SearchAction\",\"target\":{\"@type\":\"EntryPoint\",\"urlTemplate\":\"https:\\\/\\\/canal7slp.tv\\\/2019\\\/?s={search_term_string}\"},\"query-input\":{\"@type\":\"PropertyValueSpecification\",\"valueRequired\":true,\"valueName\":\"search_term_string\"}}],\"inLanguage\":\"es\"},{\"@type\":\"Organization\",\"@id\":\"https:\\\/\\\/canal7slp.tv\\\/2019\\\/#organization\",\"name\":\"Comunicaci\u00f3n 2000 S.A. de C.V.\",\"url\":\"https:\\\/\\\/canal7slp.tv\\\/2019\\\/\",\"logo\":{\"@type\":\"ImageObject\",\"inLanguage\":\"es\",\"@id\":\"https:\\\/\\\/canal7slp.tv\\\/2019\\\/#\\\/schema\\\/logo\\\/image\\\/\",\"url\":\"https:\\\/\\\/canal7slp.tv\\\/2019\\\/wp-content\\\/uploads\\\/2019\\\/07\\\/logo-c7.png\",\"contentUrl\":\"https:\\\/\\\/canal7slp.tv\\\/2019\\\/wp-content\\\/uploads\\\/2019\\\/07\\\/logo-c7.png\",\"width\":220,\"height\":60,\"caption\":\"Comunicaci\u00f3n 2000 S.A. de C.V.\"},\"image\":{\"@id\":\"https:\\\/\\\/canal7slp.tv\\\/2019\\\/#\\\/schema\\\/logo\\\/image\\\/\"},\"sameAs\":[\"https:\\\/\\\/www.facebook.com\\\/CANAL7SLP\\\/\",\"https:\\\/\\\/x.com\\\/canal7_slp\",\"https:\\\/\\\/www.instagram.com\\\/canal7_slp\",\"https:\\\/\\\/www.youtube.com\\\/user\\\/NOTICIEROSCANAL7SLP\\\/\"]},{\"@type\":\"Person\",\"@id\":\"https:\\\/\\\/canal7slp.tv\\\/2019\\\/#\\\/schema\\\/person\\\/11d941c1c6ca30ac0a46b95fa37aa2e3\",\"name\":\"edicionweb\",\"image\":{\"@type\":\"ImageObject\",\"inLanguage\":\"es\",\"@id\":\"https:\\\/\\\/secure.gravatar.com\\\/avatar\\\/eee448fc3f7164808013b816ba91ac7e43bbe82a70bebac296f8bc6f0addaa1a?s=96&d=mm&r=g\",\"url\":\"https:\\\/\\\/secure.gravatar.com\\\/avatar\\\/eee448fc3f7164808013b816ba91ac7e43bbe82a70bebac296f8bc6f0addaa1a?s=96&d=mm&r=g\",\"contentUrl\":\"https:\\\/\\\/secure.gravatar.com\\\/avatar\\\/eee448fc3f7164808013b816ba91ac7e43bbe82a70bebac296f8bc6f0addaa1a?s=96&d=mm&r=g\",\"caption\":\"edicionweb\"}}]}<\/script>\n<!-- \/ Yoast SEO plugin. -->","yoast_head_json":{"title":"Cuba celebra 26 de julio con panorama econ\u00f3mico y pol\u00edtico adverso - Canal 7 SLP - 2019","robots":{"index":"index","follow":"follow","max-snippet":"max-snippet:-1","max-image-preview":"max-image-preview:large","max-video-preview":"max-video-preview:-1"},"canonical":"https:\/\/canal7slp.tv\/2019\/cuba-celebra-26-de-julio-con-panorama-economico-y-politico-adverso\/","og_locale":"es_ES","og_type":"article","og_title":"Cuba celebra 26 de julio con panorama econ\u00f3mico y pol\u00edtico adverso - Canal 7 SLP - 2019","og_description":"M\u00e9xico.- La Cuba de la ca\u00f1a, de los habanos, del ron y del turismo, conmemorar\u00e1 el 66 aniversario del Asalto al Moncada este 26 de julio, en medio del deterioro de sus relaciones con Estados Unidos y su presidente Donald Trump, quien ha retomado la l\u00ednea dura hacia la isla caribe\u00f1a y su r\u00e9gimen socialista. [&hellip;]","og_url":"https:\/\/canal7slp.tv\/2019\/cuba-celebra-26-de-julio-con-panorama-economico-y-politico-adverso\/","og_site_name":"Canal 7 SLP - 2019","article_publisher":"https:\/\/www.facebook.com\/CANAL7SLP\/","article_published_time":"2019-07-26T13:37:04+00:00","og_image":[{"width":683,"height":410,"url":"https:\/\/canal7slp.tv\/2019\/wp-content\/uploads\/2019\/07\/945-11.jpg","type":"image\/jpeg"}],"author":"edicionweb","twitter_card":"summary_large_image","twitter_creator":"@canal7_slp","twitter_site":"@canal7_slp","twitter_misc":{"Escrito por":"edicionweb","Tiempo de lectura":"6 minutos"},"schema":{"@context":"https:\/\/schema.org","@graph":[{"@type":"Article","@id":"https:\/\/canal7slp.tv\/2019\/cuba-celebra-26-de-julio-con-panorama-economico-y-politico-adverso\/#article","isPartOf":{"@id":"https:\/\/canal7slp.tv\/2019\/cuba-celebra-26-de-julio-con-panorama-economico-y-politico-adverso\/"},"author":{"name":"edicionweb","@id":"https:\/\/canal7slp.tv\/2019\/#\/schema\/person\/11d941c1c6ca30ac0a46b95fa37aa2e3"},"headline":"Cuba celebra 26 de julio con panorama econ\u00f3mico y pol\u00edtico adverso","datePublished":"2019-07-26T13:37:04+00:00","mainEntityOfPage":{"@id":"https:\/\/canal7slp.tv\/2019\/cuba-celebra-26-de-julio-con-panorama-economico-y-politico-adverso\/"},"wordCount":1245,"commentCount":0,"publisher":{"@id":"https:\/\/canal7slp.tv\/2019\/#organization"},"image":{"@id":"https:\/\/canal7slp.tv\/2019\/cuba-celebra-26-de-julio-con-panorama-economico-y-politico-adverso\/#primaryimage"},"thumbnailUrl":"https:\/\/canal7slp.tv\/2019\/wp-content\/uploads\/2019\/07\/945-11.jpg","articleSection":["INTERNACIONAL"],"inLanguage":"es","potentialAction":[{"@type":"CommentAction","name":"Comment","target":["https:\/\/canal7slp.tv\/2019\/cuba-celebra-26-de-julio-con-panorama-economico-y-politico-adverso\/#respond"]}]},{"@type":"WebPage","@id":"https:\/\/canal7slp.tv\/2019\/cuba-celebra-26-de-julio-con-panorama-economico-y-politico-adverso\/","url":"https:\/\/canal7slp.tv\/2019\/cuba-celebra-26-de-julio-con-panorama-economico-y-politico-adverso\/","name":"Cuba celebra 26 de julio con panorama econ\u00f3mico y pol\u00edtico adverso - Canal 7 SLP - 2019","isPartOf":{"@id":"https:\/\/canal7slp.tv\/2019\/#website"},"primaryImageOfPage":{"@id":"https:\/\/canal7slp.tv\/2019\/cuba-celebra-26-de-julio-con-panorama-economico-y-politico-adverso\/#primaryimage"},"image":{"@id":"https:\/\/canal7slp.tv\/2019\/cuba-celebra-26-de-julio-con-panorama-economico-y-politico-adverso\/#primaryimage"},"thumbnailUrl":"https:\/\/canal7slp.tv\/2019\/wp-content\/uploads\/2019\/07\/945-11.jpg","datePublished":"2019-07-26T13:37:04+00:00","breadcrumb":{"@id":"https:\/\/canal7slp.tv\/2019\/cuba-celebra-26-de-julio-con-panorama-economico-y-politico-adverso\/#breadcrumb"},"inLanguage":"es","potentialAction":[{"@type":"ReadAction","target":["https:\/\/canal7slp.tv\/2019\/cuba-celebra-26-de-julio-con-panorama-economico-y-politico-adverso\/"]}]},{"@type":"ImageObject","inLanguage":"es","@id":"https:\/\/canal7slp.tv\/2019\/cuba-celebra-26-de-julio-con-panorama-economico-y-politico-adverso\/#primaryimage","url":"https:\/\/canal7slp.tv\/2019\/wp-content\/uploads\/2019\/07\/945-11.jpg","contentUrl":"https:\/\/canal7slp.tv\/2019\/wp-content\/uploads\/2019\/07\/945-11.jpg","width":683,"height":410},{"@type":"BreadcrumbList","@id":"https:\/\/canal7slp.tv\/2019\/cuba-celebra-26-de-julio-con-panorama-economico-y-politico-adverso\/#breadcrumb","itemListElement":[{"@type":"ListItem","position":1,"name":"Home","item":"https:\/\/canal7slp.tv\/2019\/"},{"@type":"ListItem","position":2,"name":"Cuba celebra 26 de julio con panorama econ\u00f3mico y pol\u00edtico adverso"}]},{"@type":"WebSite","@id":"https:\/\/canal7slp.tv\/2019\/#website","url":"https:\/\/canal7slp.tv\/2019\/","name":"Canal 7 SLP - Somos TV","description":"Somos un Canal de 10","publisher":{"@id":"https:\/\/canal7slp.tv\/2019\/#organization"},"potentialAction":[{"@type":"SearchAction","target":{"@type":"EntryPoint","urlTemplate":"https:\/\/canal7slp.tv\/2019\/?s={search_term_string}"},"query-input":{"@type":"PropertyValueSpecification","valueRequired":true,"valueName":"search_term_string"}}],"inLanguage":"es"},{"@type":"Organization","@id":"https:\/\/canal7slp.tv\/2019\/#organization","name":"Comunicaci\u00f3n 2000 S.A. de C.V.","url":"https:\/\/canal7slp.tv\/2019\/","logo":{"@type":"ImageObject","inLanguage":"es","@id":"https:\/\/canal7slp.tv\/2019\/#\/schema\/logo\/image\/","url":"https:\/\/canal7slp.tv\/2019\/wp-content\/uploads\/2019\/07\/logo-c7.png","contentUrl":"https:\/\/canal7slp.tv\/2019\/wp-content\/uploads\/2019\/07\/logo-c7.png","width":220,"height":60,"caption":"Comunicaci\u00f3n 2000 S.A. de C.V."},"image":{"@id":"https:\/\/canal7slp.tv\/2019\/#\/schema\/logo\/image\/"},"sameAs":["https:\/\/www.facebook.com\/CANAL7SLP\/","https:\/\/x.com\/canal7_slp","https:\/\/www.instagram.com\/canal7_slp","https:\/\/www.youtube.com\/user\/NOTICIEROSCANAL7SLP\/"]},{"@type":"Person","@id":"https:\/\/canal7slp.tv\/2019\/#\/schema\/person\/11d941c1c6ca30ac0a46b95fa37aa2e3","name":"edicionweb","image":{"@type":"ImageObject","inLanguage":"es","@id":"https:\/\/secure.gravatar.com\/avatar\/eee448fc3f7164808013b816ba91ac7e43bbe82a70bebac296f8bc6f0addaa1a?s=96&d=mm&r=g","url":"https:\/\/secure.gravatar.com\/avatar\/eee448fc3f7164808013b816ba91ac7e43bbe82a70bebac296f8bc6f0addaa1a?s=96&d=mm&r=g","contentUrl":"https:\/\/secure.gravatar.com\/avatar\/eee448fc3f7164808013b816ba91ac7e43bbe82a70bebac296f8bc6f0addaa1a?s=96&d=mm&r=g","caption":"edicionweb"}}]}},"amp_enabled":true,"cmb2":{"video_ids_in_playlist":{"vid_p_videos":""},"video_ids_in_channel":{"vid_c_videos":""},"playlist_ids_in_channel":{"vid_c_playlists":""},"series_ids_in_channel":{"vid_c_series":""},"channel_images":{"vid_c_logo":"","vid_c_banner":""},"poster_feature_image":{"vid_m_poster_image":""},"gif_feature_image":{"vid_m_gif_image":""},"video_movie_settings":{"vid_m_director":"","vid_m_actor":"","vid_m_imdb_ratings":"","vid_m_amazon_associates":""},"vid_youtube_broadcasts_settings":{"vid_yb_broadcast_title":"","vid_yb_q":"","vid_yb_channelid":"","vid_yb_videocategoryid":"","vid_yb_maxresults":"","vid_yb_order":"","vid_yb_regioncode":"","vid_yb_videosyndicated":"","vid_yb_style":"","vid_yb_reload_first":""},"video_series_settings":{"vid_m_director":"","vid_m_actor":"","vid_m_imdb_ratings":"","video_series_group":""},"amazon_associates_settings":{"amazon_associates":"","amazon_native_ad":""},"vid_youtube_automatic_settings":{"vid_ya_youtube_source":"","vid_ya_update_every":"","vid_ya_update_unit":"","vid_ya_categories":"","vid_ya_published_after":"","vid_ya_published_before":"","vid_ya_playlists":"","vid_ya_channels":"","vid_ya_director":"","vid_ya_actor":"","vid_ya_author":"","vid_ya_import_post_date":"","vid_ya_status":"","vid_ya_sub_api_key":""},"vid_ads_m_videoads_settings_post":{"vid_ads_m_video_ads":"","vid_ads_m_video_ads_type":"","vid_ads_m_group_google_ima":"","vid_ads_m_group_image":"","vid_ads_m_group_html5_video":"","vid_ads_m_group_html":"","vid_ads_m_vast_preroll":"","vid_ads_m_vast_postroll":"","vid_ads_m_vast_pauseroll":"","vid_ads_m_vast_midroll":[{"vid_ads_m_vast_timer_seconds":"50"}],"vid_ads_m_time_to_show_ads":"","vid_ads_m_time_skip_ads":"","vid_ads_m_time_to_hide_ads":""},"page_slider_settings":{"display_slider_group":"","page_slider_group":""},"blog_page_settings":{"blog_page_title":"","blog_page_heading":"","blog_page_ic":"","blog_page_it":"","blog_page_ec":"","blog_page_ip":"","archive_loop_style":"","blog_image_ratio":"","blog_show_categories":"","blog_show_excerpt":"","blog_show_author":"","blog_show_date":"","blog_show_comment_count":"","blog_show_view_count":"","blog_show_like_count":"","blog_show_dislike_count":"","blog_items_per_page":"","blog_pag_type":""},"page_options":{"get_page_template":"","color_mode":"","main_layout":"","main_layout_full_with":"","main_logo":"","main_logo_retina":"","main_logo_mobile":"","main_logo_mobile_retina":"","sticky_logo":"","sticky_logo_retina":"","main_nav_layout":"","ajax_search":"","header_background":"","theme_sidebar":"","instagram_feed":"","instagram_feed_position":"","popular_videos":"","popular_videos_title_1":"","popular_videos_title_2":"","popular_videos_ic":"","popular_videos_it":"","theme_background":"","page_custom_css":""},"feature_image_settings":{"feature_image_position":""},"video_player_settings":{"single_video_style":"","video_player_position":"","vm_video_url":"","video_player_library":"","video_streaming":"","vm_media_sources":"","vid_auto_play":"","vm_video_shortcode":"","vid_p_sync_playlist":"","vid_c_sync_channel":"","get_post_format":"","multiple_links_structure":"default","multi_links_title":"","vm_video_multi_links":"","vm_duration":"","vid_social_locker":"off","vid_social_locker_id":"","vid_membership_action":"content-video","vm_video_trailer_url":"","vid_download_type":"free","vid_download_target":"download","vid_woo_product":"","vm_media_download":"","user_rating":"","user_rating_position":"","user_rating_mode":"","user_rating_multi_sets":""},"video_auto_fetch_settings":{"vm_video_fetch":"on"},"video_fake_views_likes":{"vm_fake_views":"","vm_fake_likes":"","vm_fake_dislikes":""},"gallery_settings":{"gallery_position":""},"quote_settings":{"quote_position":""},"post_options":{"main_layout":"","main_logo":"","main_logo_retina":"","main_logo_mobile":"","main_logo_mobile_retina":"","sticky_logo":"","sticky_logo_retina":"","main_nav_layout":"","header_background":"","theme_sidebar":"","single_post_comment_type":"","theme_background":""}},"_links":{"self":[{"href":"https:\/\/canal7slp.tv\/2019\/wp-json\/wp\/v2\/posts\/39802","targetHints":{"allow":["GET"]}}],"collection":[{"href":"https:\/\/canal7slp.tv\/2019\/wp-json\/wp\/v2\/posts"}],"about":[{"href":"https:\/\/canal7slp.tv\/2019\/wp-json\/wp\/v2\/types\/post"}],"author":[{"embeddable":true,"href":"https:\/\/canal7slp.tv\/2019\/wp-json\/wp\/v2\/users\/2"}],"replies":[{"embeddable":true,"href":"https:\/\/canal7slp.tv\/2019\/wp-json\/wp\/v2\/comments?post=39802"}],"version-history":[{"count":0,"href":"https:\/\/canal7slp.tv\/2019\/wp-json\/wp\/v2\/posts\/39802\/revisions"}],"wp:featuredmedia":[{"embeddable":true,"href":"https:\/\/canal7slp.tv\/2019\/wp-json\/wp\/v2\/media\/39803"}],"wp:attachment":[{"href":"https:\/\/canal7slp.tv\/2019\/wp-json\/wp\/v2\/media?parent=39802"}],"wp:term":[{"taxonomy":"category","embeddable":true,"href":"https:\/\/canal7slp.tv\/2019\/wp-json\/wp\/v2\/categories?post=39802"},{"taxonomy":"post_tag","embeddable":true,"href":"https:\/\/canal7slp.tv\/2019\/wp-json\/wp\/v2\/tags?post=39802"}],"curies":[{"name":"wp","href":"https:\/\/api.w.org\/{rel}","templated":true}]}}