{"id":39787,"date":"2019-07-26T08:08:34","date_gmt":"2019-07-26T13:08:34","guid":{"rendered":"https:\/\/canal7slp.tv\/2019\/?p=39787"},"modified":"2019-07-26T08:08:34","modified_gmt":"2019-07-26T13:08:34","slug":"wanda-vazquez-reemplazara-a-gobernador-de-puerto-rico","status":"publish","type":"post","link":"https:\/\/canal7slp.tv\/2019\/wanda-vazquez-reemplazara-a-gobernador-de-puerto-rico\/","title":{"rendered":"Wanda V\u00e1zquez reemplazar\u00e1 a gobernador de Puerto Rico"},"content":{"rendered":"<p style=\"text-align: justify;\">San Juan.- La secretaria de Justicia de Puerto Rico, Wanda V\u00e1zquez, reemplazar\u00e1 temporalmente al gobernador Ricardo Rossell\u00f3, quien anunci\u00f3 su dimisi\u00f3n tras dos semanas de protestas masivas en las que se exig\u00eda su salida del gobierno, luego de la difusi\u00f3n de un chat en el que se expresaba de manera xen\u00f3foba.<\/p>\n<p style=\"text-align: justify;\">En la renuncia divulgada a trav\u00e9s de un video en el perfil del gobierno en la red social Facebook, Rossell\u00f3 se\u00f1al\u00f3: \u201cLuego de escuchar los reclamos y hablar con mi familia (\u2026) he tomado la siguiente decisi\u00f3n con desprendimiento: hoy les anuncio que estar\u00e9 renunciando al puesto del gobernador efectivo el viernes dos de agosto a las cinco de la tarde\u201d.<\/p>\n<p style=\"text-align: justify;\">En su mensaje Rossell\u00f3 Nevares a\u00f1adi\u00f3: &#8220;conf\u00edo en que Puerto Rico continuar\u00e1 unido y hacia adelante como siempre lo fue&#8221; y anot\u00f3: &#8220;espero que esta decisi\u00f3n sirva como un llamado a la reconciliaci\u00f3n ciudadana&#8221;, de acuerdo a un despacho informativo del portal Infobae.<\/p>\n<p style=\"text-align: justify;\">En tanto, la secretaria de Justicia anunci\u00f3: \u201cAsumir\u00e9 la encomienda hist\u00f3rica que nos impone la Constituci\u00f3n del Estado Libre Asociado de Puerto Rico y las leyes aplicables\u201d, de acuerdo a un comunicado difundido por el diario local El Nuevo D\u00eda.<\/p>\n<p style=\"text-align: justify;\">La reacci\u00f3n entre los isle\u00f1os fue de j\u00fabilo por lo que algunos con cacerola en mano salieron a la calle para demostrar su alegr\u00eda y compartir videos en sus redes sociales.<\/p>\n<p style=\"text-align: justify;\">Desde el 9 de julio inici\u00f3 la filtraci\u00f3n de fragmentos de una conversaci\u00f3n, en la que el mandatario hac\u00eda comentarios ofensivos contra sus detractores y enviaba datos exclusivos sobre pol\u00edtica p\u00fablica. Esa semana seis servidores p\u00fablicos cercanos a su administraci\u00f3n fueron arrestados.<\/p>\n<p style=\"text-align: justify;\">Fue hasta el 13 de julio que el Centro de Periodismo Investigativo divulg\u00f3 las 889 p\u00e1ginas del chat, cuyo contenido elev\u00f3 el enojo de los ciudadanos que se volcaron a las calles en la mayor\u00eda de los 78 municipios para manifestar su rechazo a las mofas contra mujeres, la comunidad l\u00e9sbico gay y comentarios racistas y clasistas, entre otros.<\/p>\n<p style=\"text-align: justify;\">Durante las diversas protestas, algunas de ellas a caballo, en motocicletas, bicicletas, con kayaks y motos acu\u00e1ticas, e incluso con la asistencia de cantantes como Ricky Mart\u00edn, se leyeron fragmentos de la Constituci\u00f3n y de la Carta de Derechos, se escucharon cacerolazos, silbatos, consignas y, en algunos casos hubo enfrentamientos que fueron repelidos con gas lacrim\u00f3geno.<\/p>\n<p style=\"text-align: justify;\">Tres de las manifestaciones fueron las m\u00e1s importantes, dos de ellas concentraron a medio mill\u00f3n de personas, cada una, en San Juan y en la principal autopista del pa\u00eds.<\/p>\n","protected":false},"excerpt":{"rendered":"<p>San Juan.- La secretaria de Justicia de Puerto Rico, Wanda V\u00e1zquez, reemplazar\u00e1 temporalmente al gobernador Ricardo Rossell\u00f3, quien anunci\u00f3 su dimisi\u00f3n tras dos semanas de protestas masivas en las que se exig\u00eda su salida del gobierno, luego de la difusi\u00f3n de un chat en el que se expresaba de manera xen\u00f3foba. En la renuncia divulgada [&hellip;]<\/p>\n","protected":false},"author":2,"featured_media":39788,"comment_status":"open","ping_status":"closed","sticky":false,"template":"","format":"standard","meta":{"footnotes":""},"categories":[18],"tags":[],"class_list":["post-39787","post","type-post","status-publish","format-standard","has-post-thumbnail","hentry","category-internacional"],"yoast_head":"<!-- This site is optimized with the Yoast SEO plugin v27.5 - https:\/\/yoast.com\/product\/yoast-seo-wordpress\/ -->\n<title>Wanda V\u00e1zquez reemplazar\u00e1 a gobernador de Puerto Rico - Canal 7 SLP - 2019<\/title>\n<meta name=\"robots\" content=\"index, follow, max-snippet:-1, max-image-preview:large, max-video-preview:-1\" \/>\n<link rel=\"canonical\" href=\"https:\/\/canal7slp.tv\/2019\/wanda-vazquez-reemplazara-a-gobernador-de-puerto-rico\/\" \/>\n<meta property=\"og:locale\" content=\"es_ES\" \/>\n<meta property=\"og:type\" content=\"article\" \/>\n<meta property=\"og:title\" content=\"Wanda V\u00e1zquez reemplazar\u00e1 a gobernador de Puerto Rico - Canal 7 SLP - 2019\" \/>\n<meta property=\"og:description\" content=\"San Juan.- La secretaria de Justicia de Puerto Rico, Wanda V\u00e1zquez, reemplazar\u00e1 temporalmente al gobernador Ricardo Rossell\u00f3, quien anunci\u00f3 su dimisi\u00f3n tras dos semanas de protestas masivas en las que se exig\u00eda su salida del gobierno, luego de la difusi\u00f3n de un chat en el que se expresaba de manera xen\u00f3foba. En la renuncia divulgada [&hellip;]\" \/>\n<meta property=\"og:url\" content=\"https:\/\/canal7slp.tv\/2019\/wanda-vazquez-reemplazara-a-gobernador-de-puerto-rico\/\" \/>\n<meta property=\"og:site_name\" content=\"Canal 7 SLP - 2019\" \/>\n<meta property=\"article:publisher\" content=\"https:\/\/www.facebook.com\/CANAL7SLP\/\" \/>\n<meta property=\"article:published_time\" content=\"2019-07-26T13:08:34+00:00\" \/>\n<meta property=\"og:image\" content=\"https:\/\/canal7slp.tv\/2019\/wp-content\/uploads\/2019\/07\/830-16.jpg\" \/>\n\t<meta property=\"og:image:width\" content=\"711\" \/>\n\t<meta property=\"og:image:height\" content=\"410\" \/>\n\t<meta property=\"og:image:type\" content=\"image\/jpeg\" \/>\n<meta name=\"author\" content=\"edicionweb\" \/>\n<meta name=\"twitter:card\" content=\"summary_large_image\" \/>\n<meta name=\"twitter:creator\" content=\"@canal7_slp\" \/>\n<meta name=\"twitter:site\" content=\"@canal7_slp\" \/>\n<meta name=\"twitter:label1\" content=\"Escrito por\" \/>\n\t<meta name=\"twitter:data1\" content=\"edicionweb\" \/>\n\t<meta name=\"twitter:label2\" content=\"Tiempo de lectura\" \/>\n\t<meta name=\"twitter:data2\" content=\"2 minutos\" \/>\n<script type=\"application\/ld+json\" class=\"yoast-schema-graph\">{\"@context\":\"https:\\\/\\\/schema.org\",\"@graph\":[{\"@type\":\"Article\",\"@id\":\"https:\\\/\\\/canal7slp.tv\\\/2019\\\/wanda-vazquez-reemplazara-a-gobernador-de-puerto-rico\\\/#article\",\"isPartOf\":{\"@id\":\"https:\\\/\\\/canal7slp.tv\\\/2019\\\/wanda-vazquez-reemplazara-a-gobernador-de-puerto-rico\\\/\"},\"author\":{\"name\":\"edicionweb\",\"@id\":\"https:\\\/\\\/canal7slp.tv\\\/2019\\\/#\\\/schema\\\/person\\\/11d941c1c6ca30ac0a46b95fa37aa2e3\"},\"headline\":\"Wanda V\u00e1zquez reemplazar\u00e1 a gobernador de Puerto Rico\",\"datePublished\":\"2019-07-26T13:08:34+00:00\",\"mainEntityOfPage\":{\"@id\":\"https:\\\/\\\/canal7slp.tv\\\/2019\\\/wanda-vazquez-reemplazara-a-gobernador-de-puerto-rico\\\/\"},\"wordCount\":453,\"commentCount\":0,\"publisher\":{\"@id\":\"https:\\\/\\\/canal7slp.tv\\\/2019\\\/#organization\"},\"image\":{\"@id\":\"https:\\\/\\\/canal7slp.tv\\\/2019\\\/wanda-vazquez-reemplazara-a-gobernador-de-puerto-rico\\\/#primaryimage\"},\"thumbnailUrl\":\"https:\\\/\\\/canal7slp.tv\\\/2019\\\/wp-content\\\/uploads\\\/2019\\\/07\\\/830-16.jpg\",\"articleSection\":[\"INTERNACIONAL\"],\"inLanguage\":\"es\",\"potentialAction\":[{\"@type\":\"CommentAction\",\"name\":\"Comment\",\"target\":[\"https:\\\/\\\/canal7slp.tv\\\/2019\\\/wanda-vazquez-reemplazara-a-gobernador-de-puerto-rico\\\/#respond\"]}]},{\"@type\":\"WebPage\",\"@id\":\"https:\\\/\\\/canal7slp.tv\\\/2019\\\/wanda-vazquez-reemplazara-a-gobernador-de-puerto-rico\\\/\",\"url\":\"https:\\\/\\\/canal7slp.tv\\\/2019\\\/wanda-vazquez-reemplazara-a-gobernador-de-puerto-rico\\\/\",\"name\":\"Wanda V\u00e1zquez reemplazar\u00e1 a gobernador de Puerto Rico - Canal 7 SLP - 2019\",\"isPartOf\":{\"@id\":\"https:\\\/\\\/canal7slp.tv\\\/2019\\\/#website\"},\"primaryImageOfPage\":{\"@id\":\"https:\\\/\\\/canal7slp.tv\\\/2019\\\/wanda-vazquez-reemplazara-a-gobernador-de-puerto-rico\\\/#primaryimage\"},\"image\":{\"@id\":\"https:\\\/\\\/canal7slp.tv\\\/2019\\\/wanda-vazquez-reemplazara-a-gobernador-de-puerto-rico\\\/#primaryimage\"},\"thumbnailUrl\":\"https:\\\/\\\/canal7slp.tv\\\/2019\\\/wp-content\\\/uploads\\\/2019\\\/07\\\/830-16.jpg\",\"datePublished\":\"2019-07-26T13:08:34+00:00\",\"breadcrumb\":{\"@id\":\"https:\\\/\\\/canal7slp.tv\\\/2019\\\/wanda-vazquez-reemplazara-a-gobernador-de-puerto-rico\\\/#breadcrumb\"},\"inLanguage\":\"es\",\"potentialAction\":[{\"@type\":\"ReadAction\",\"target\":[\"https:\\\/\\\/canal7slp.tv\\\/2019\\\/wanda-vazquez-reemplazara-a-gobernador-de-puerto-rico\\\/\"]}]},{\"@type\":\"ImageObject\",\"inLanguage\":\"es\",\"@id\":\"https:\\\/\\\/canal7slp.tv\\\/2019\\\/wanda-vazquez-reemplazara-a-gobernador-de-puerto-rico\\\/#primaryimage\",\"url\":\"https:\\\/\\\/canal7slp.tv\\\/2019\\\/wp-content\\\/uploads\\\/2019\\\/07\\\/830-16.jpg\",\"contentUrl\":\"https:\\\/\\\/canal7slp.tv\\\/2019\\\/wp-content\\\/uploads\\\/2019\\\/07\\\/830-16.jpg\",\"width\":711,\"height\":410},{\"@type\":\"BreadcrumbList\",\"@id\":\"https:\\\/\\\/canal7slp.tv\\\/2019\\\/wanda-vazquez-reemplazara-a-gobernador-de-puerto-rico\\\/#breadcrumb\",\"itemListElement\":[{\"@type\":\"ListItem\",\"position\":1,\"name\":\"Home\",\"item\":\"https:\\\/\\\/canal7slp.tv\\\/2019\\\/\"},{\"@type\":\"ListItem\",\"position\":2,\"name\":\"Wanda V\u00e1zquez reemplazar\u00e1 a gobernador de Puerto Rico\"}]},{\"@type\":\"WebSite\",\"@id\":\"https:\\\/\\\/canal7slp.tv\\\/2019\\\/#website\",\"url\":\"https:\\\/\\\/canal7slp.tv\\\/2019\\\/\",\"name\":\"Canal 7 SLP - Somos TV\",\"description\":\"Somos un Canal de 10\",\"publisher\":{\"@id\":\"https:\\\/\\\/canal7slp.tv\\\/2019\\\/#organization\"},\"potentialAction\":[{\"@type\":\"SearchAction\",\"target\":{\"@type\":\"EntryPoint\",\"urlTemplate\":\"https:\\\/\\\/canal7slp.tv\\\/2019\\\/?s={search_term_string}\"},\"query-input\":{\"@type\":\"PropertyValueSpecification\",\"valueRequired\":true,\"valueName\":\"search_term_string\"}}],\"inLanguage\":\"es\"},{\"@type\":\"Organization\",\"@id\":\"https:\\\/\\\/canal7slp.tv\\\/2019\\\/#organization\",\"name\":\"Comunicaci\u00f3n 2000 S.A. de C.V.\",\"url\":\"https:\\\/\\\/canal7slp.tv\\\/2019\\\/\",\"logo\":{\"@type\":\"ImageObject\",\"inLanguage\":\"es\",\"@id\":\"https:\\\/\\\/canal7slp.tv\\\/2019\\\/#\\\/schema\\\/logo\\\/image\\\/\",\"url\":\"https:\\\/\\\/canal7slp.tv\\\/2019\\\/wp-content\\\/uploads\\\/2019\\\/07\\\/logo-c7.png\",\"contentUrl\":\"https:\\\/\\\/canal7slp.tv\\\/2019\\\/wp-content\\\/uploads\\\/2019\\\/07\\\/logo-c7.png\",\"width\":220,\"height\":60,\"caption\":\"Comunicaci\u00f3n 2000 S.A. de C.V.\"},\"image\":{\"@id\":\"https:\\\/\\\/canal7slp.tv\\\/2019\\\/#\\\/schema\\\/logo\\\/image\\\/\"},\"sameAs\":[\"https:\\\/\\\/www.facebook.com\\\/CANAL7SLP\\\/\",\"https:\\\/\\\/x.com\\\/canal7_slp\",\"https:\\\/\\\/www.instagram.com\\\/canal7_slp\",\"https:\\\/\\\/www.youtube.com\\\/user\\\/NOTICIEROSCANAL7SLP\\\/\"]},{\"@type\":\"Person\",\"@id\":\"https:\\\/\\\/canal7slp.tv\\\/2019\\\/#\\\/schema\\\/person\\\/11d941c1c6ca30ac0a46b95fa37aa2e3\",\"name\":\"edicionweb\",\"image\":{\"@type\":\"ImageObject\",\"inLanguage\":\"es\",\"@id\":\"https:\\\/\\\/secure.gravatar.com\\\/avatar\\\/eee448fc3f7164808013b816ba91ac7e43bbe82a70bebac296f8bc6f0addaa1a?s=96&d=mm&r=g\",\"url\":\"https:\\\/\\\/secure.gravatar.com\\\/avatar\\\/eee448fc3f7164808013b816ba91ac7e43bbe82a70bebac296f8bc6f0addaa1a?s=96&d=mm&r=g\",\"contentUrl\":\"https:\\\/\\\/secure.gravatar.com\\\/avatar\\\/eee448fc3f7164808013b816ba91ac7e43bbe82a70bebac296f8bc6f0addaa1a?s=96&d=mm&r=g\",\"caption\":\"edicionweb\"}}]}<\/script>\n<!-- \/ Yoast SEO plugin. -->","yoast_head_json":{"title":"Wanda V\u00e1zquez reemplazar\u00e1 a gobernador de Puerto Rico - Canal 7 SLP - 2019","robots":{"index":"index","follow":"follow","max-snippet":"max-snippet:-1","max-image-preview":"max-image-preview:large","max-video-preview":"max-video-preview:-1"},"canonical":"https:\/\/canal7slp.tv\/2019\/wanda-vazquez-reemplazara-a-gobernador-de-puerto-rico\/","og_locale":"es_ES","og_type":"article","og_title":"Wanda V\u00e1zquez reemplazar\u00e1 a gobernador de Puerto Rico - Canal 7 SLP - 2019","og_description":"San Juan.- La secretaria de Justicia de Puerto Rico, Wanda V\u00e1zquez, reemplazar\u00e1 temporalmente al gobernador Ricardo Rossell\u00f3, quien anunci\u00f3 su dimisi\u00f3n tras dos semanas de protestas masivas en las que se exig\u00eda su salida del gobierno, luego de la difusi\u00f3n de un chat en el que se expresaba de manera xen\u00f3foba. En la renuncia divulgada [&hellip;]","og_url":"https:\/\/canal7slp.tv\/2019\/wanda-vazquez-reemplazara-a-gobernador-de-puerto-rico\/","og_site_name":"Canal 7 SLP - 2019","article_publisher":"https:\/\/www.facebook.com\/CANAL7SLP\/","article_published_time":"2019-07-26T13:08:34+00:00","og_image":[{"width":711,"height":410,"url":"https:\/\/canal7slp.tv\/2019\/wp-content\/uploads\/2019\/07\/830-16.jpg","type":"image\/jpeg"}],"author":"edicionweb","twitter_card":"summary_large_image","twitter_creator":"@canal7_slp","twitter_site":"@canal7_slp","twitter_misc":{"Escrito por":"edicionweb","Tiempo de lectura":"2 minutos"},"schema":{"@context":"https:\/\/schema.org","@graph":[{"@type":"Article","@id":"https:\/\/canal7slp.tv\/2019\/wanda-vazquez-reemplazara-a-gobernador-de-puerto-rico\/#article","isPartOf":{"@id":"https:\/\/canal7slp.tv\/2019\/wanda-vazquez-reemplazara-a-gobernador-de-puerto-rico\/"},"author":{"name":"edicionweb","@id":"https:\/\/canal7slp.tv\/2019\/#\/schema\/person\/11d941c1c6ca30ac0a46b95fa37aa2e3"},"headline":"Wanda V\u00e1zquez reemplazar\u00e1 a gobernador de Puerto Rico","datePublished":"2019-07-26T13:08:34+00:00","mainEntityOfPage":{"@id":"https:\/\/canal7slp.tv\/2019\/wanda-vazquez-reemplazara-a-gobernador-de-puerto-rico\/"},"wordCount":453,"commentCount":0,"publisher":{"@id":"https:\/\/canal7slp.tv\/2019\/#organization"},"image":{"@id":"https:\/\/canal7slp.tv\/2019\/wanda-vazquez-reemplazara-a-gobernador-de-puerto-rico\/#primaryimage"},"thumbnailUrl":"https:\/\/canal7slp.tv\/2019\/wp-content\/uploads\/2019\/07\/830-16.jpg","articleSection":["INTERNACIONAL"],"inLanguage":"es","potentialAction":[{"@type":"CommentAction","name":"Comment","target":["https:\/\/canal7slp.tv\/2019\/wanda-vazquez-reemplazara-a-gobernador-de-puerto-rico\/#respond"]}]},{"@type":"WebPage","@id":"https:\/\/canal7slp.tv\/2019\/wanda-vazquez-reemplazara-a-gobernador-de-puerto-rico\/","url":"https:\/\/canal7slp.tv\/2019\/wanda-vazquez-reemplazara-a-gobernador-de-puerto-rico\/","name":"Wanda V\u00e1zquez reemplazar\u00e1 a gobernador de Puerto Rico - Canal 7 SLP - 2019","isPartOf":{"@id":"https:\/\/canal7slp.tv\/2019\/#website"},"primaryImageOfPage":{"@id":"https:\/\/canal7slp.tv\/2019\/wanda-vazquez-reemplazara-a-gobernador-de-puerto-rico\/#primaryimage"},"image":{"@id":"https:\/\/canal7slp.tv\/2019\/wanda-vazquez-reemplazara-a-gobernador-de-puerto-rico\/#primaryimage"},"thumbnailUrl":"https:\/\/canal7slp.tv\/2019\/wp-content\/uploads\/2019\/07\/830-16.jpg","datePublished":"2019-07-26T13:08:34+00:00","breadcrumb":{"@id":"https:\/\/canal7slp.tv\/2019\/wanda-vazquez-reemplazara-a-gobernador-de-puerto-rico\/#breadcrumb"},"inLanguage":"es","potentialAction":[{"@type":"ReadAction","target":["https:\/\/canal7slp.tv\/2019\/wanda-vazquez-reemplazara-a-gobernador-de-puerto-rico\/"]}]},{"@type":"ImageObject","inLanguage":"es","@id":"https:\/\/canal7slp.tv\/2019\/wanda-vazquez-reemplazara-a-gobernador-de-puerto-rico\/#primaryimage","url":"https:\/\/canal7slp.tv\/2019\/wp-content\/uploads\/2019\/07\/830-16.jpg","contentUrl":"https:\/\/canal7slp.tv\/2019\/wp-content\/uploads\/2019\/07\/830-16.jpg","width":711,"height":410},{"@type":"BreadcrumbList","@id":"https:\/\/canal7slp.tv\/2019\/wanda-vazquez-reemplazara-a-gobernador-de-puerto-rico\/#breadcrumb","itemListElement":[{"@type":"ListItem","position":1,"name":"Home","item":"https:\/\/canal7slp.tv\/2019\/"},{"@type":"ListItem","position":2,"name":"Wanda V\u00e1zquez reemplazar\u00e1 a gobernador de Puerto Rico"}]},{"@type":"WebSite","@id":"https:\/\/canal7slp.tv\/2019\/#website","url":"https:\/\/canal7slp.tv\/2019\/","name":"Canal 7 SLP - Somos TV","description":"Somos un Canal de 10","publisher":{"@id":"https:\/\/canal7slp.tv\/2019\/#organization"},"potentialAction":[{"@type":"SearchAction","target":{"@type":"EntryPoint","urlTemplate":"https:\/\/canal7slp.tv\/2019\/?s={search_term_string}"},"query-input":{"@type":"PropertyValueSpecification","valueRequired":true,"valueName":"search_term_string"}}],"inLanguage":"es"},{"@type":"Organization","@id":"https:\/\/canal7slp.tv\/2019\/#organization","name":"Comunicaci\u00f3n 2000 S.A. de C.V.","url":"https:\/\/canal7slp.tv\/2019\/","logo":{"@type":"ImageObject","inLanguage":"es","@id":"https:\/\/canal7slp.tv\/2019\/#\/schema\/logo\/image\/","url":"https:\/\/canal7slp.tv\/2019\/wp-content\/uploads\/2019\/07\/logo-c7.png","contentUrl":"https:\/\/canal7slp.tv\/2019\/wp-content\/uploads\/2019\/07\/logo-c7.png","width":220,"height":60,"caption":"Comunicaci\u00f3n 2000 S.A. de C.V."},"image":{"@id":"https:\/\/canal7slp.tv\/2019\/#\/schema\/logo\/image\/"},"sameAs":["https:\/\/www.facebook.com\/CANAL7SLP\/","https:\/\/x.com\/canal7_slp","https:\/\/www.instagram.com\/canal7_slp","https:\/\/www.youtube.com\/user\/NOTICIEROSCANAL7SLP\/"]},{"@type":"Person","@id":"https:\/\/canal7slp.tv\/2019\/#\/schema\/person\/11d941c1c6ca30ac0a46b95fa37aa2e3","name":"edicionweb","image":{"@type":"ImageObject","inLanguage":"es","@id":"https:\/\/secure.gravatar.com\/avatar\/eee448fc3f7164808013b816ba91ac7e43bbe82a70bebac296f8bc6f0addaa1a?s=96&d=mm&r=g","url":"https:\/\/secure.gravatar.com\/avatar\/eee448fc3f7164808013b816ba91ac7e43bbe82a70bebac296f8bc6f0addaa1a?s=96&d=mm&r=g","contentUrl":"https:\/\/secure.gravatar.com\/avatar\/eee448fc3f7164808013b816ba91ac7e43bbe82a70bebac296f8bc6f0addaa1a?s=96&d=mm&r=g","caption":"edicionweb"}}]}},"amp_enabled":true,"cmb2":{"video_ids_in_playlist":{"vid_p_videos":""},"video_ids_in_channel":{"vid_c_videos":""},"playlist_ids_in_channel":{"vid_c_playlists":""},"series_ids_in_channel":{"vid_c_series":""},"channel_images":{"vid_c_logo":"","vid_c_banner":""},"poster_feature_image":{"vid_m_poster_image":""},"gif_feature_image":{"vid_m_gif_image":""},"video_movie_settings":{"vid_m_director":"","vid_m_actor":"","vid_m_imdb_ratings":"","vid_m_amazon_associates":""},"vid_youtube_broadcasts_settings":{"vid_yb_broadcast_title":"","vid_yb_q":"","vid_yb_channelid":"","vid_yb_videocategoryid":"","vid_yb_maxresults":"","vid_yb_order":"","vid_yb_regioncode":"","vid_yb_videosyndicated":"","vid_yb_style":"","vid_yb_reload_first":""},"video_series_settings":{"vid_m_director":"","vid_m_actor":"","vid_m_imdb_ratings":"","video_series_group":""},"amazon_associates_settings":{"amazon_associates":"","amazon_native_ad":""},"vid_youtube_automatic_settings":{"vid_ya_youtube_source":"","vid_ya_update_every":"","vid_ya_update_unit":"","vid_ya_categories":"","vid_ya_published_after":"","vid_ya_published_before":"","vid_ya_playlists":"","vid_ya_channels":"","vid_ya_director":"","vid_ya_actor":"","vid_ya_author":"","vid_ya_import_post_date":"","vid_ya_status":"","vid_ya_sub_api_key":""},"vid_ads_m_videoads_settings_post":{"vid_ads_m_video_ads":"","vid_ads_m_video_ads_type":"","vid_ads_m_group_google_ima":"","vid_ads_m_group_image":"","vid_ads_m_group_html5_video":"","vid_ads_m_group_html":"","vid_ads_m_vast_preroll":"","vid_ads_m_vast_postroll":"","vid_ads_m_vast_pauseroll":"","vid_ads_m_vast_midroll":[{"vid_ads_m_vast_timer_seconds":"50"}],"vid_ads_m_time_to_show_ads":"","vid_ads_m_time_skip_ads":"","vid_ads_m_time_to_hide_ads":""},"page_slider_settings":{"display_slider_group":"","page_slider_group":""},"blog_page_settings":{"blog_page_title":"","blog_page_heading":"","blog_page_ic":"","blog_page_it":"","blog_page_ec":"","blog_page_ip":"","archive_loop_style":"","blog_image_ratio":"","blog_show_categories":"","blog_show_excerpt":"","blog_show_author":"","blog_show_date":"","blog_show_comment_count":"","blog_show_view_count":"","blog_show_like_count":"","blog_show_dislike_count":"","blog_items_per_page":"","blog_pag_type":""},"page_options":{"get_page_template":"","color_mode":"","main_layout":"","main_layout_full_with":"","main_logo":"","main_logo_retina":"","main_logo_mobile":"","main_logo_mobile_retina":"","sticky_logo":"","sticky_logo_retina":"","main_nav_layout":"","ajax_search":"","header_background":"","theme_sidebar":"","instagram_feed":"","instagram_feed_position":"","popular_videos":"","popular_videos_title_1":"","popular_videos_title_2":"","popular_videos_ic":"","popular_videos_it":"","theme_background":"","page_custom_css":""},"feature_image_settings":{"feature_image_position":""},"video_player_settings":{"single_video_style":"","video_player_position":"","vm_video_url":"","video_player_library":"","video_streaming":"","vm_media_sources":"","vid_auto_play":"","vm_video_shortcode":"","vid_p_sync_playlist":"","vid_c_sync_channel":"","get_post_format":"","multiple_links_structure":"default","multi_links_title":"","vm_video_multi_links":"","vm_duration":"","vid_social_locker":"off","vid_social_locker_id":"","vid_membership_action":"content-video","vm_video_trailer_url":"","vid_download_type":"free","vid_download_target":"download","vid_woo_product":"","vm_media_download":"","user_rating":"","user_rating_position":"","user_rating_mode":"","user_rating_multi_sets":""},"video_auto_fetch_settings":{"vm_video_fetch":"on"},"video_fake_views_likes":{"vm_fake_views":"","vm_fake_likes":"","vm_fake_dislikes":""},"gallery_settings":{"gallery_position":""},"quote_settings":{"quote_position":""},"post_options":{"main_layout":"","main_logo":"","main_logo_retina":"","main_logo_mobile":"","main_logo_mobile_retina":"","sticky_logo":"","sticky_logo_retina":"","main_nav_layout":"","header_background":"","theme_sidebar":"","single_post_comment_type":"","theme_background":""}},"_links":{"self":[{"href":"https:\/\/canal7slp.tv\/2019\/wp-json\/wp\/v2\/posts\/39787","targetHints":{"allow":["GET"]}}],"collection":[{"href":"https:\/\/canal7slp.tv\/2019\/wp-json\/wp\/v2\/posts"}],"about":[{"href":"https:\/\/canal7slp.tv\/2019\/wp-json\/wp\/v2\/types\/post"}],"author":[{"embeddable":true,"href":"https:\/\/canal7slp.tv\/2019\/wp-json\/wp\/v2\/users\/2"}],"replies":[{"embeddable":true,"href":"https:\/\/canal7slp.tv\/2019\/wp-json\/wp\/v2\/comments?post=39787"}],"version-history":[{"count":0,"href":"https:\/\/canal7slp.tv\/2019\/wp-json\/wp\/v2\/posts\/39787\/revisions"}],"wp:featuredmedia":[{"embeddable":true,"href":"https:\/\/canal7slp.tv\/2019\/wp-json\/wp\/v2\/media\/39788"}],"wp:attachment":[{"href":"https:\/\/canal7slp.tv\/2019\/wp-json\/wp\/v2\/media?parent=39787"}],"wp:term":[{"taxonomy":"category","embeddable":true,"href":"https:\/\/canal7slp.tv\/2019\/wp-json\/wp\/v2\/categories?post=39787"},{"taxonomy":"post_tag","embeddable":true,"href":"https:\/\/canal7slp.tv\/2019\/wp-json\/wp\/v2\/tags?post=39787"}],"curies":[{"name":"wp","href":"https:\/\/api.w.org\/{rel}","templated":true}]}}