{"id":39652,"date":"2019-07-25T18:54:31","date_gmt":"2019-07-25T23:54:31","guid":{"rendered":"https:\/\/canal7slp.tv\/2019\/?p=39652"},"modified":"2019-07-25T18:54:31","modified_gmt":"2019-07-25T23:54:31","slug":"descarta-la-luz-del-mundo-interes-en-concesiones-para-radio-y-television","status":"publish","type":"post","link":"https:\/\/canal7slp.tv\/2019\/descarta-la-luz-del-mundo-interes-en-concesiones-para-radio-y-television\/","title":{"rendered":"Descarta La Luz del Mundo inter\u00e9s en concesiones para radio y televisi\u00f3n"},"content":{"rendered":"<p style=\"text-align: justify;\">M\u00e9xico.- La organizaci\u00f3n religiosa La Luz del Mundo no ha solicitado ni tiene inter\u00e9s en obtener concesiones p\u00fablicas de radio y televisi\u00f3n, porque la ley lo proh\u00edbe, afirmaron los voceros de esa organizaci\u00f3n, \u00c9dgar S\u00e1nchez Gonz\u00e1lez y Saulo Morelos S\u00e1nchez.<\/p>\n<p style=\"text-align: justify;\">La comunidad de esa organizaci\u00f3n, cuyo l\u00edder Naas\u00f3n Joaqu\u00edn Garc\u00eda enfrenta acusaciones relacionadas con abuso sexual de menores y pornograf\u00eda infantil, se dijo respetuosa\u00a0del marco jur\u00eddico vigente y defensora del principio hist\u00f3rico del Estado laico, el cual se ha alcanzado a un alto costo.<\/p>\n<p style=\"text-align: justify;\">&#8220;La historia nos recuerda que la relaci\u00f3n entre lo pol\u00edtico y religioso no prev\u00e9 ni abona en nuestro pa\u00eds para el bienestar social. Es precisamente la separaci\u00f3n del Estado y las iglesias lo que permite la libertad y pluralidad religiosa&#8221;, advirtieron en entrevista conjunta.<\/p>\n<p style=\"text-align: justify;\">S\u00e1nchez Gonz\u00e1lez advirti\u00f3 que su organizaci\u00f3n es respetuosa de la normativa, que establece una prohibici\u00f3n expresa en el Art\u00edculo 16 de la Ley de Asociaciones Religiosas y Culto P\u00fablico.<\/p>\n<p style=\"text-align: justify;\">Esa legislaci\u00f3n refiere que las asociaciones religiosas y ministros de culto no podr\u00e1n poseer o administrar, por si? o por interpo?sita persona, concesiones para la explotacio?n de estaciones de radio, televisio?n o cualquier tipo de telecomunicacio?n, explic\u00f3.<\/p>\n<p style=\"text-align: justify;\">Precis\u00f3 que bajo esa ley dicha congregaci\u00f3n\u00a0no ha realizado ninguna solicitud ante las autoridades para que se les pueda otorgar alguna concesi\u00f3n.<\/p>\n<p style=\"text-align: justify;\">Morelos S\u00e1nchez\u00a0indic\u00f3 que respetan la postura de otras iglesias que se han pronunciado por obtener concesiones y sostuvo que en el caso de La Luz del Mundo el prop\u00f3sito es llevar el mensaje a trav\u00e9s de medios disponibles: casa por casa o incluso por Internet.<\/p>\n<p style=\"text-align: justify;\">Adem\u00e1s, sostuvo, trabajan en los valores con m\u00e1s de 700 mil ni\u00f1os que pertenecen a la organizaci\u00f3n, por lo que no les preocupa obtener concesiones de radio y televisi\u00f3n.<\/p>\n<p style=\"text-align: justify;\">Afirm\u00f3 que tienen buen resultado en su m\u00e9todo para llevar el mensaje del Evangelio, pues el mes pasado tuvieron alrededor de 30 mil nuevos conversos, y\u00a0reiter\u00f3 que La Luz del Mundo es defensora de la laicidad y no entran a ning\u00fan tema de solicitudes porque la ley lo proh\u00edbe.<\/p>\n<p style=\"text-align: justify;\">No obstante, ambos admitieron que La Luz del Mundo usa las tecnolog\u00edas a su alcance, como Internet y redes sociales, lo que ha sido un medio efectivo para propagar el mensaje de su organizaci\u00f3n religiosa.<\/p>\n","protected":false},"excerpt":{"rendered":"<p>M\u00e9xico.- La organizaci\u00f3n religiosa La Luz del Mundo no ha solicitado ni tiene inter\u00e9s en obtener concesiones p\u00fablicas de radio y televisi\u00f3n, porque la ley lo proh\u00edbe, afirmaron los voceros de esa organizaci\u00f3n, \u00c9dgar S\u00e1nchez Gonz\u00e1lez y Saulo Morelos S\u00e1nchez. La comunidad de esa organizaci\u00f3n, cuyo l\u00edder Naas\u00f3n Joaqu\u00edn Garc\u00eda enfrenta acusaciones relacionadas con abuso [&hellip;]<\/p>\n","protected":false},"author":2,"featured_media":39653,"comment_status":"open","ping_status":"closed","sticky":false,"template":"","format":"standard","meta":{"footnotes":""},"categories":[30],"tags":[],"class_list":["post-39652","post","type-post","status-publish","format-standard","has-post-thumbnail","hentry","category-nacional"],"yoast_head":"<!-- This site is optimized with the Yoast SEO plugin v27.4 - https:\/\/yoast.com\/product\/yoast-seo-wordpress\/ -->\n<title>Descarta La Luz del Mundo inter\u00e9s en concesiones para radio y televisi\u00f3n - Canal 7 SLP - 2019<\/title>\n<meta name=\"robots\" content=\"index, follow, max-snippet:-1, max-image-preview:large, max-video-preview:-1\" \/>\n<link rel=\"canonical\" href=\"https:\/\/canal7slp.tv\/2019\/descarta-la-luz-del-mundo-interes-en-concesiones-para-radio-y-television\/\" \/>\n<meta property=\"og:locale\" content=\"es_ES\" \/>\n<meta property=\"og:type\" content=\"article\" \/>\n<meta property=\"og:title\" content=\"Descarta La Luz del Mundo inter\u00e9s en concesiones para radio y televisi\u00f3n - Canal 7 SLP - 2019\" \/>\n<meta property=\"og:description\" content=\"M\u00e9xico.- La organizaci\u00f3n religiosa La Luz del Mundo no ha solicitado ni tiene inter\u00e9s en obtener concesiones p\u00fablicas de radio y televisi\u00f3n, porque la ley lo proh\u00edbe, afirmaron los voceros de esa organizaci\u00f3n, \u00c9dgar S\u00e1nchez Gonz\u00e1lez y Saulo Morelos S\u00e1nchez. La comunidad de esa organizaci\u00f3n, cuyo l\u00edder Naas\u00f3n Joaqu\u00edn Garc\u00eda enfrenta acusaciones relacionadas con abuso [&hellip;]\" \/>\n<meta property=\"og:url\" content=\"https:\/\/canal7slp.tv\/2019\/descarta-la-luz-del-mundo-interes-en-concesiones-para-radio-y-television\/\" \/>\n<meta property=\"og:site_name\" content=\"Canal 7 SLP - 2019\" \/>\n<meta property=\"article:publisher\" content=\"https:\/\/www.facebook.com\/CANAL7SLP\/\" \/>\n<meta property=\"article:published_time\" content=\"2019-07-25T23:54:31+00:00\" \/>\n<meta property=\"og:image\" content=\"https:\/\/canal7slp.tv\/2019\/wp-content\/uploads\/2019\/07\/01-30.jpg\" \/>\n\t<meta property=\"og:image:width\" content=\"659\" \/>\n\t<meta property=\"og:image:height\" content=\"410\" \/>\n\t<meta property=\"og:image:type\" content=\"image\/jpeg\" \/>\n<meta name=\"author\" content=\"edicionweb\" \/>\n<meta name=\"twitter:card\" content=\"summary_large_image\" \/>\n<meta name=\"twitter:creator\" content=\"@canal7_slp\" \/>\n<meta name=\"twitter:site\" content=\"@canal7_slp\" \/>\n<meta name=\"twitter:label1\" content=\"Escrito por\" \/>\n\t<meta name=\"twitter:data1\" content=\"edicionweb\" \/>\n\t<meta name=\"twitter:label2\" content=\"Tiempo de lectura\" \/>\n\t<meta name=\"twitter:data2\" content=\"2 minutos\" \/>\n<script type=\"application\/ld+json\" class=\"yoast-schema-graph\">{\"@context\":\"https:\\\/\\\/schema.org\",\"@graph\":[{\"@type\":\"Article\",\"@id\":\"https:\\\/\\\/canal7slp.tv\\\/2019\\\/descarta-la-luz-del-mundo-interes-en-concesiones-para-radio-y-television\\\/#article\",\"isPartOf\":{\"@id\":\"https:\\\/\\\/canal7slp.tv\\\/2019\\\/descarta-la-luz-del-mundo-interes-en-concesiones-para-radio-y-television\\\/\"},\"author\":{\"name\":\"edicionweb\",\"@id\":\"https:\\\/\\\/canal7slp.tv\\\/2019\\\/#\\\/schema\\\/person\\\/11d941c1c6ca30ac0a46b95fa37aa2e3\"},\"headline\":\"Descarta La Luz del Mundo inter\u00e9s en concesiones para radio y televisi\u00f3n\",\"datePublished\":\"2019-07-25T23:54:31+00:00\",\"mainEntityOfPage\":{\"@id\":\"https:\\\/\\\/canal7slp.tv\\\/2019\\\/descarta-la-luz-del-mundo-interes-en-concesiones-para-radio-y-television\\\/\"},\"wordCount\":439,\"commentCount\":0,\"publisher\":{\"@id\":\"https:\\\/\\\/canal7slp.tv\\\/2019\\\/#organization\"},\"image\":{\"@id\":\"https:\\\/\\\/canal7slp.tv\\\/2019\\\/descarta-la-luz-del-mundo-interes-en-concesiones-para-radio-y-television\\\/#primaryimage\"},\"thumbnailUrl\":\"https:\\\/\\\/canal7slp.tv\\\/2019\\\/wp-content\\\/uploads\\\/2019\\\/07\\\/01-30.jpg\",\"articleSection\":[\"NACIONAL\"],\"inLanguage\":\"es\",\"potentialAction\":[{\"@type\":\"CommentAction\",\"name\":\"Comment\",\"target\":[\"https:\\\/\\\/canal7slp.tv\\\/2019\\\/descarta-la-luz-del-mundo-interes-en-concesiones-para-radio-y-television\\\/#respond\"]}]},{\"@type\":\"WebPage\",\"@id\":\"https:\\\/\\\/canal7slp.tv\\\/2019\\\/descarta-la-luz-del-mundo-interes-en-concesiones-para-radio-y-television\\\/\",\"url\":\"https:\\\/\\\/canal7slp.tv\\\/2019\\\/descarta-la-luz-del-mundo-interes-en-concesiones-para-radio-y-television\\\/\",\"name\":\"Descarta La Luz del Mundo inter\u00e9s en concesiones para radio y televisi\u00f3n - Canal 7 SLP - 2019\",\"isPartOf\":{\"@id\":\"https:\\\/\\\/canal7slp.tv\\\/2019\\\/#website\"},\"primaryImageOfPage\":{\"@id\":\"https:\\\/\\\/canal7slp.tv\\\/2019\\\/descarta-la-luz-del-mundo-interes-en-concesiones-para-radio-y-television\\\/#primaryimage\"},\"image\":{\"@id\":\"https:\\\/\\\/canal7slp.tv\\\/2019\\\/descarta-la-luz-del-mundo-interes-en-concesiones-para-radio-y-television\\\/#primaryimage\"},\"thumbnailUrl\":\"https:\\\/\\\/canal7slp.tv\\\/2019\\\/wp-content\\\/uploads\\\/2019\\\/07\\\/01-30.jpg\",\"datePublished\":\"2019-07-25T23:54:31+00:00\",\"breadcrumb\":{\"@id\":\"https:\\\/\\\/canal7slp.tv\\\/2019\\\/descarta-la-luz-del-mundo-interes-en-concesiones-para-radio-y-television\\\/#breadcrumb\"},\"inLanguage\":\"es\",\"potentialAction\":[{\"@type\":\"ReadAction\",\"target\":[\"https:\\\/\\\/canal7slp.tv\\\/2019\\\/descarta-la-luz-del-mundo-interes-en-concesiones-para-radio-y-television\\\/\"]}]},{\"@type\":\"ImageObject\",\"inLanguage\":\"es\",\"@id\":\"https:\\\/\\\/canal7slp.tv\\\/2019\\\/descarta-la-luz-del-mundo-interes-en-concesiones-para-radio-y-television\\\/#primaryimage\",\"url\":\"https:\\\/\\\/canal7slp.tv\\\/2019\\\/wp-content\\\/uploads\\\/2019\\\/07\\\/01-30.jpg\",\"contentUrl\":\"https:\\\/\\\/canal7slp.tv\\\/2019\\\/wp-content\\\/uploads\\\/2019\\\/07\\\/01-30.jpg\",\"width\":659,\"height\":410},{\"@type\":\"BreadcrumbList\",\"@id\":\"https:\\\/\\\/canal7slp.tv\\\/2019\\\/descarta-la-luz-del-mundo-interes-en-concesiones-para-radio-y-television\\\/#breadcrumb\",\"itemListElement\":[{\"@type\":\"ListItem\",\"position\":1,\"name\":\"Home\",\"item\":\"https:\\\/\\\/canal7slp.tv\\\/2019\\\/\"},{\"@type\":\"ListItem\",\"position\":2,\"name\":\"Descarta La Luz del Mundo inter\u00e9s en concesiones para radio y televisi\u00f3n\"}]},{\"@type\":\"WebSite\",\"@id\":\"https:\\\/\\\/canal7slp.tv\\\/2019\\\/#website\",\"url\":\"https:\\\/\\\/canal7slp.tv\\\/2019\\\/\",\"name\":\"Canal 7 SLP - Somos TV\",\"description\":\"Somos un Canal de 10\",\"publisher\":{\"@id\":\"https:\\\/\\\/canal7slp.tv\\\/2019\\\/#organization\"},\"potentialAction\":[{\"@type\":\"SearchAction\",\"target\":{\"@type\":\"EntryPoint\",\"urlTemplate\":\"https:\\\/\\\/canal7slp.tv\\\/2019\\\/?s={search_term_string}\"},\"query-input\":{\"@type\":\"PropertyValueSpecification\",\"valueRequired\":true,\"valueName\":\"search_term_string\"}}],\"inLanguage\":\"es\"},{\"@type\":\"Organization\",\"@id\":\"https:\\\/\\\/canal7slp.tv\\\/2019\\\/#organization\",\"name\":\"Comunicaci\u00f3n 2000 S.A. de C.V.\",\"url\":\"https:\\\/\\\/canal7slp.tv\\\/2019\\\/\",\"logo\":{\"@type\":\"ImageObject\",\"inLanguage\":\"es\",\"@id\":\"https:\\\/\\\/canal7slp.tv\\\/2019\\\/#\\\/schema\\\/logo\\\/image\\\/\",\"url\":\"https:\\\/\\\/canal7slp.tv\\\/2019\\\/wp-content\\\/uploads\\\/2019\\\/07\\\/logo-c7.png\",\"contentUrl\":\"https:\\\/\\\/canal7slp.tv\\\/2019\\\/wp-content\\\/uploads\\\/2019\\\/07\\\/logo-c7.png\",\"width\":220,\"height\":60,\"caption\":\"Comunicaci\u00f3n 2000 S.A. de C.V.\"},\"image\":{\"@id\":\"https:\\\/\\\/canal7slp.tv\\\/2019\\\/#\\\/schema\\\/logo\\\/image\\\/\"},\"sameAs\":[\"https:\\\/\\\/www.facebook.com\\\/CANAL7SLP\\\/\",\"https:\\\/\\\/x.com\\\/canal7_slp\",\"https:\\\/\\\/www.instagram.com\\\/canal7_slp\",\"https:\\\/\\\/www.youtube.com\\\/user\\\/NOTICIEROSCANAL7SLP\\\/\"]},{\"@type\":\"Person\",\"@id\":\"https:\\\/\\\/canal7slp.tv\\\/2019\\\/#\\\/schema\\\/person\\\/11d941c1c6ca30ac0a46b95fa37aa2e3\",\"name\":\"edicionweb\",\"image\":{\"@type\":\"ImageObject\",\"inLanguage\":\"es\",\"@id\":\"https:\\\/\\\/secure.gravatar.com\\\/avatar\\\/eee448fc3f7164808013b816ba91ac7e43bbe82a70bebac296f8bc6f0addaa1a?s=96&d=mm&r=g\",\"url\":\"https:\\\/\\\/secure.gravatar.com\\\/avatar\\\/eee448fc3f7164808013b816ba91ac7e43bbe82a70bebac296f8bc6f0addaa1a?s=96&d=mm&r=g\",\"contentUrl\":\"https:\\\/\\\/secure.gravatar.com\\\/avatar\\\/eee448fc3f7164808013b816ba91ac7e43bbe82a70bebac296f8bc6f0addaa1a?s=96&d=mm&r=g\",\"caption\":\"edicionweb\"}}]}<\/script>\n<!-- \/ Yoast SEO plugin. -->","yoast_head_json":{"title":"Descarta La Luz del Mundo inter\u00e9s en concesiones para radio y televisi\u00f3n - Canal 7 SLP - 2019","robots":{"index":"index","follow":"follow","max-snippet":"max-snippet:-1","max-image-preview":"max-image-preview:large","max-video-preview":"max-video-preview:-1"},"canonical":"https:\/\/canal7slp.tv\/2019\/descarta-la-luz-del-mundo-interes-en-concesiones-para-radio-y-television\/","og_locale":"es_ES","og_type":"article","og_title":"Descarta La Luz del Mundo inter\u00e9s en concesiones para radio y televisi\u00f3n - Canal 7 SLP - 2019","og_description":"M\u00e9xico.- La organizaci\u00f3n religiosa La Luz del Mundo no ha solicitado ni tiene inter\u00e9s en obtener concesiones p\u00fablicas de radio y televisi\u00f3n, porque la ley lo proh\u00edbe, afirmaron los voceros de esa organizaci\u00f3n, \u00c9dgar S\u00e1nchez Gonz\u00e1lez y Saulo Morelos S\u00e1nchez. La comunidad de esa organizaci\u00f3n, cuyo l\u00edder Naas\u00f3n Joaqu\u00edn Garc\u00eda enfrenta acusaciones relacionadas con abuso [&hellip;]","og_url":"https:\/\/canal7slp.tv\/2019\/descarta-la-luz-del-mundo-interes-en-concesiones-para-radio-y-television\/","og_site_name":"Canal 7 SLP - 2019","article_publisher":"https:\/\/www.facebook.com\/CANAL7SLP\/","article_published_time":"2019-07-25T23:54:31+00:00","og_image":[{"width":659,"height":410,"url":"https:\/\/canal7slp.tv\/2019\/wp-content\/uploads\/2019\/07\/01-30.jpg","type":"image\/jpeg"}],"author":"edicionweb","twitter_card":"summary_large_image","twitter_creator":"@canal7_slp","twitter_site":"@canal7_slp","twitter_misc":{"Escrito por":"edicionweb","Tiempo de lectura":"2 minutos"},"schema":{"@context":"https:\/\/schema.org","@graph":[{"@type":"Article","@id":"https:\/\/canal7slp.tv\/2019\/descarta-la-luz-del-mundo-interes-en-concesiones-para-radio-y-television\/#article","isPartOf":{"@id":"https:\/\/canal7slp.tv\/2019\/descarta-la-luz-del-mundo-interes-en-concesiones-para-radio-y-television\/"},"author":{"name":"edicionweb","@id":"https:\/\/canal7slp.tv\/2019\/#\/schema\/person\/11d941c1c6ca30ac0a46b95fa37aa2e3"},"headline":"Descarta La Luz del Mundo inter\u00e9s en concesiones para radio y televisi\u00f3n","datePublished":"2019-07-25T23:54:31+00:00","mainEntityOfPage":{"@id":"https:\/\/canal7slp.tv\/2019\/descarta-la-luz-del-mundo-interes-en-concesiones-para-radio-y-television\/"},"wordCount":439,"commentCount":0,"publisher":{"@id":"https:\/\/canal7slp.tv\/2019\/#organization"},"image":{"@id":"https:\/\/canal7slp.tv\/2019\/descarta-la-luz-del-mundo-interes-en-concesiones-para-radio-y-television\/#primaryimage"},"thumbnailUrl":"https:\/\/canal7slp.tv\/2019\/wp-content\/uploads\/2019\/07\/01-30.jpg","articleSection":["NACIONAL"],"inLanguage":"es","potentialAction":[{"@type":"CommentAction","name":"Comment","target":["https:\/\/canal7slp.tv\/2019\/descarta-la-luz-del-mundo-interes-en-concesiones-para-radio-y-television\/#respond"]}]},{"@type":"WebPage","@id":"https:\/\/canal7slp.tv\/2019\/descarta-la-luz-del-mundo-interes-en-concesiones-para-radio-y-television\/","url":"https:\/\/canal7slp.tv\/2019\/descarta-la-luz-del-mundo-interes-en-concesiones-para-radio-y-television\/","name":"Descarta La Luz del Mundo inter\u00e9s en concesiones para radio y televisi\u00f3n - Canal 7 SLP - 2019","isPartOf":{"@id":"https:\/\/canal7slp.tv\/2019\/#website"},"primaryImageOfPage":{"@id":"https:\/\/canal7slp.tv\/2019\/descarta-la-luz-del-mundo-interes-en-concesiones-para-radio-y-television\/#primaryimage"},"image":{"@id":"https:\/\/canal7slp.tv\/2019\/descarta-la-luz-del-mundo-interes-en-concesiones-para-radio-y-television\/#primaryimage"},"thumbnailUrl":"https:\/\/canal7slp.tv\/2019\/wp-content\/uploads\/2019\/07\/01-30.jpg","datePublished":"2019-07-25T23:54:31+00:00","breadcrumb":{"@id":"https:\/\/canal7slp.tv\/2019\/descarta-la-luz-del-mundo-interes-en-concesiones-para-radio-y-television\/#breadcrumb"},"inLanguage":"es","potentialAction":[{"@type":"ReadAction","target":["https:\/\/canal7slp.tv\/2019\/descarta-la-luz-del-mundo-interes-en-concesiones-para-radio-y-television\/"]}]},{"@type":"ImageObject","inLanguage":"es","@id":"https:\/\/canal7slp.tv\/2019\/descarta-la-luz-del-mundo-interes-en-concesiones-para-radio-y-television\/#primaryimage","url":"https:\/\/canal7slp.tv\/2019\/wp-content\/uploads\/2019\/07\/01-30.jpg","contentUrl":"https:\/\/canal7slp.tv\/2019\/wp-content\/uploads\/2019\/07\/01-30.jpg","width":659,"height":410},{"@type":"BreadcrumbList","@id":"https:\/\/canal7slp.tv\/2019\/descarta-la-luz-del-mundo-interes-en-concesiones-para-radio-y-television\/#breadcrumb","itemListElement":[{"@type":"ListItem","position":1,"name":"Home","item":"https:\/\/canal7slp.tv\/2019\/"},{"@type":"ListItem","position":2,"name":"Descarta La Luz del Mundo inter\u00e9s en concesiones para radio y televisi\u00f3n"}]},{"@type":"WebSite","@id":"https:\/\/canal7slp.tv\/2019\/#website","url":"https:\/\/canal7slp.tv\/2019\/","name":"Canal 7 SLP - Somos TV","description":"Somos un Canal de 10","publisher":{"@id":"https:\/\/canal7slp.tv\/2019\/#organization"},"potentialAction":[{"@type":"SearchAction","target":{"@type":"EntryPoint","urlTemplate":"https:\/\/canal7slp.tv\/2019\/?s={search_term_string}"},"query-input":{"@type":"PropertyValueSpecification","valueRequired":true,"valueName":"search_term_string"}}],"inLanguage":"es"},{"@type":"Organization","@id":"https:\/\/canal7slp.tv\/2019\/#organization","name":"Comunicaci\u00f3n 2000 S.A. de C.V.","url":"https:\/\/canal7slp.tv\/2019\/","logo":{"@type":"ImageObject","inLanguage":"es","@id":"https:\/\/canal7slp.tv\/2019\/#\/schema\/logo\/image\/","url":"https:\/\/canal7slp.tv\/2019\/wp-content\/uploads\/2019\/07\/logo-c7.png","contentUrl":"https:\/\/canal7slp.tv\/2019\/wp-content\/uploads\/2019\/07\/logo-c7.png","width":220,"height":60,"caption":"Comunicaci\u00f3n 2000 S.A. de C.V."},"image":{"@id":"https:\/\/canal7slp.tv\/2019\/#\/schema\/logo\/image\/"},"sameAs":["https:\/\/www.facebook.com\/CANAL7SLP\/","https:\/\/x.com\/canal7_slp","https:\/\/www.instagram.com\/canal7_slp","https:\/\/www.youtube.com\/user\/NOTICIEROSCANAL7SLP\/"]},{"@type":"Person","@id":"https:\/\/canal7slp.tv\/2019\/#\/schema\/person\/11d941c1c6ca30ac0a46b95fa37aa2e3","name":"edicionweb","image":{"@type":"ImageObject","inLanguage":"es","@id":"https:\/\/secure.gravatar.com\/avatar\/eee448fc3f7164808013b816ba91ac7e43bbe82a70bebac296f8bc6f0addaa1a?s=96&d=mm&r=g","url":"https:\/\/secure.gravatar.com\/avatar\/eee448fc3f7164808013b816ba91ac7e43bbe82a70bebac296f8bc6f0addaa1a?s=96&d=mm&r=g","contentUrl":"https:\/\/secure.gravatar.com\/avatar\/eee448fc3f7164808013b816ba91ac7e43bbe82a70bebac296f8bc6f0addaa1a?s=96&d=mm&r=g","caption":"edicionweb"}}]}},"amp_enabled":true,"cmb2":{"video_ids_in_playlist":{"vid_p_videos":""},"video_ids_in_channel":{"vid_c_videos":""},"playlist_ids_in_channel":{"vid_c_playlists":""},"series_ids_in_channel":{"vid_c_series":""},"channel_images":{"vid_c_logo":"","vid_c_banner":""},"poster_feature_image":{"vid_m_poster_image":""},"gif_feature_image":{"vid_m_gif_image":""},"video_movie_settings":{"vid_m_director":"","vid_m_actor":"","vid_m_imdb_ratings":"","vid_m_amazon_associates":""},"vid_youtube_broadcasts_settings":{"vid_yb_broadcast_title":"","vid_yb_q":"","vid_yb_channelid":"","vid_yb_videocategoryid":"","vid_yb_maxresults":"","vid_yb_order":"","vid_yb_regioncode":"","vid_yb_videosyndicated":"","vid_yb_style":"","vid_yb_reload_first":""},"video_series_settings":{"vid_m_director":"","vid_m_actor":"","vid_m_imdb_ratings":"","video_series_group":""},"amazon_associates_settings":{"amazon_associates":"","amazon_native_ad":""},"vid_youtube_automatic_settings":{"vid_ya_youtube_source":"","vid_ya_update_every":"","vid_ya_update_unit":"","vid_ya_categories":"","vid_ya_published_after":"","vid_ya_published_before":"","vid_ya_playlists":"","vid_ya_channels":"","vid_ya_director":"","vid_ya_actor":"","vid_ya_author":"","vid_ya_import_post_date":"","vid_ya_status":"","vid_ya_sub_api_key":""},"vid_ads_m_videoads_settings_post":{"vid_ads_m_video_ads":"","vid_ads_m_video_ads_type":"","vid_ads_m_group_google_ima":"","vid_ads_m_group_image":"","vid_ads_m_group_html5_video":"","vid_ads_m_group_html":"","vid_ads_m_vast_preroll":"","vid_ads_m_vast_postroll":"","vid_ads_m_vast_pauseroll":"","vid_ads_m_vast_midroll":[{"vid_ads_m_vast_timer_seconds":"50"}],"vid_ads_m_time_to_show_ads":"","vid_ads_m_time_skip_ads":"","vid_ads_m_time_to_hide_ads":""},"page_slider_settings":{"display_slider_group":"","page_slider_group":""},"blog_page_settings":{"blog_page_title":"","blog_page_heading":"","blog_page_ic":"","blog_page_it":"","blog_page_ec":"","blog_page_ip":"","archive_loop_style":"","blog_image_ratio":"","blog_show_categories":"","blog_show_excerpt":"","blog_show_author":"","blog_show_date":"","blog_show_comment_count":"","blog_show_view_count":"","blog_show_like_count":"","blog_show_dislike_count":"","blog_items_per_page":"","blog_pag_type":""},"page_options":{"get_page_template":"","color_mode":"","main_layout":"","main_layout_full_with":"","main_logo":"","main_logo_retina":"","main_logo_mobile":"","main_logo_mobile_retina":"","sticky_logo":"","sticky_logo_retina":"","main_nav_layout":"","ajax_search":"","header_background":"","theme_sidebar":"","instagram_feed":"","instagram_feed_position":"","popular_videos":"","popular_videos_title_1":"","popular_videos_title_2":"","popular_videos_ic":"","popular_videos_it":"","theme_background":"","page_custom_css":""},"feature_image_settings":{"feature_image_position":""},"video_player_settings":{"single_video_style":"","video_player_position":"","vm_video_url":"","video_player_library":"","video_streaming":"","vm_media_sources":"","vid_auto_play":"","vm_video_shortcode":"","vid_p_sync_playlist":"","vid_c_sync_channel":"","get_post_format":"","multiple_links_structure":"default","multi_links_title":"","vm_video_multi_links":"","vm_duration":"","vid_social_locker":"off","vid_social_locker_id":"","vid_membership_action":"content-video","vm_video_trailer_url":"","vid_download_type":"free","vid_download_target":"download","vid_woo_product":"","vm_media_download":"","user_rating":"","user_rating_position":"","user_rating_mode":"","user_rating_multi_sets":""},"video_auto_fetch_settings":{"vm_video_fetch":"on"},"video_fake_views_likes":{"vm_fake_views":"","vm_fake_likes":"","vm_fake_dislikes":""},"gallery_settings":{"gallery_position":""},"quote_settings":{"quote_position":""},"post_options":{"main_layout":"","main_logo":"","main_logo_retina":"","main_logo_mobile":"","main_logo_mobile_retina":"","sticky_logo":"","sticky_logo_retina":"","main_nav_layout":"","header_background":"","theme_sidebar":"","single_post_comment_type":"","theme_background":""}},"_links":{"self":[{"href":"https:\/\/canal7slp.tv\/2019\/wp-json\/wp\/v2\/posts\/39652","targetHints":{"allow":["GET"]}}],"collection":[{"href":"https:\/\/canal7slp.tv\/2019\/wp-json\/wp\/v2\/posts"}],"about":[{"href":"https:\/\/canal7slp.tv\/2019\/wp-json\/wp\/v2\/types\/post"}],"author":[{"embeddable":true,"href":"https:\/\/canal7slp.tv\/2019\/wp-json\/wp\/v2\/users\/2"}],"replies":[{"embeddable":true,"href":"https:\/\/canal7slp.tv\/2019\/wp-json\/wp\/v2\/comments?post=39652"}],"version-history":[{"count":0,"href":"https:\/\/canal7slp.tv\/2019\/wp-json\/wp\/v2\/posts\/39652\/revisions"}],"wp:featuredmedia":[{"embeddable":true,"href":"https:\/\/canal7slp.tv\/2019\/wp-json\/wp\/v2\/media\/39653"}],"wp:attachment":[{"href":"https:\/\/canal7slp.tv\/2019\/wp-json\/wp\/v2\/media?parent=39652"}],"wp:term":[{"taxonomy":"category","embeddable":true,"href":"https:\/\/canal7slp.tv\/2019\/wp-json\/wp\/v2\/categories?post=39652"},{"taxonomy":"post_tag","embeddable":true,"href":"https:\/\/canal7slp.tv\/2019\/wp-json\/wp\/v2\/tags?post=39652"}],"curies":[{"name":"wp","href":"https:\/\/api.w.org\/{rel}","templated":true}]}}