{"id":39263,"date":"2019-07-25T11:51:11","date_gmt":"2019-07-25T16:51:11","guid":{"rendered":"https:\/\/canal7slp.tv\/2019\/?p=39263"},"modified":"2019-07-25T11:51:11","modified_gmt":"2019-07-25T16:51:11","slug":"del-rechazo-al-reconocimiento-mundial-el-documental-de-yayoi-kusama","status":"publish","type":"post","link":"https:\/\/canal7slp.tv\/2019\/del-rechazo-al-reconocimiento-mundial-el-documental-de-yayoi-kusama\/","title":{"rendered":"Del rechazo al reconocimiento mundial, el documental de Yayoi Kusama"},"content":{"rendered":"<p>M\u00e9xico.- Durante su adolescencia, su madre repudi\u00f3 su obra; incluso, el mundo del arte tambi\u00e9n la descalific\u00f3, pero Yayoi Kusama no se dio por vencida, crey\u00f3 en ella misma y luch\u00f3 hasta que logr\u00f3 traspasar las fronteras.<\/p>\n<p>Hoy es una de las artistas vivas m\u00e1s reconocidas a nivel mundial y su historia qued\u00f3 plasmada a trav\u00e9s del documental\u00a0<em>Kusama: infinito<\/em>\u00a0(<em>Kusama: Infinity<\/em>), que el 26 de julio pr\u00f3ximo se estrenar\u00e1 en M\u00e9xico.<\/p>\n<p>Tiene 90 a\u00f1os y a trav\u00e9s de la pintura, el collage, la escultura, el arte performance e instalaciones ha creado obras inspiradas en la psicodelia, el arte pop, el minimalismo y el arte feminista.<\/p>\n<p>Su universo son los puntos y los colores a profundidad que rompen los l\u00edmites del espacio y hasta del tiempo, incluso hay quienes dicen que su obra tiene efectos hipn\u00f3ticos.<\/p>\n<p>En sus tiempos de mayor gloria, con sus performances y esculturas blandas logr\u00f3 propuestas radicales que desafiaron los convencionalismos de la \u00e9poca y aunque recibi\u00f3 reclamos, ella no ces\u00f3 en su filosof\u00eda del arte.<\/p>\n<p>\u201cEs la artista que no hace borradores, ella crea al instante y su trabajo es perfecto\u201d, as\u00ed la definen los expertos a trav\u00e9s del filme de 78 minutos que dirigi\u00f3 Heather Lenz y que en 2018 particip\u00f3 en la Selecci\u00f3n Oficial de Documentales del Festival de Sundance.<\/p>\n<p>\u201cSe me ocurren ideas tan r\u00e1pidamente que mi lienzo no puede seguir mi ritmo\u201d, declar\u00f3 Yayoi Kusama, quien naci\u00f3 el 22 de marzo de 1929 en Matsumoto, Jap\u00f3n.<\/p>\n<p>Seg\u00fan lo relata, desde ni\u00f1a experiment\u00f3 alucinaciones y pensamientos obsesivos con tendencias suicidas. Cuando expres\u00f3 a su madre el inter\u00e9s por crear obras art\u00edsticas, \u00e9sta la rechaz\u00f3.<\/p>\n<p>Entonces, ella ten\u00eda que escapar de alguna manera. \u201cY salt\u00e9 por la ventana. Transform\u00e9 mi trauma en arte\u201d, dice la pintora y escritora que en su vida adulta se intern\u00f3 de manera voluntaria en un hospital que trabajaba con terapia de arte.<\/p>\n<p>Al principio, el sistema no la tomaba en serio, pues no s\u00f3lo era una mujer, adem\u00e1s era japonesa. Yayoi Kusama estaba creando obras importantes, pero no recib\u00eda el mismo respaldo. Fue una \u00e9poca muy dif\u00edcil para ella, seg\u00fan lo platica.<\/p>\n<p>El director Heather Lenz confes\u00f3 que film\u00f3 el documental para mostrar a los j\u00f3venes su arte y para contribuir a que ella no sea olvidada, pues su historia es la de una mujer que super\u00f3 el sexismo, el racismo y la enfermedad mental. \u201cElla persigui\u00f3 el sue\u00f1o de ser artista y lo logr\u00f3. Anhelo que su historia inspire a alguien m\u00e1s\u201d, resalt\u00f3.<\/p>\n<p>En septiembre de 2014 lleg\u00f3 a M\u00e9xico la exposici\u00f3n\u00a0<em>Obsesi\u00f3n infinita<\/em>. Se present\u00f3 en el Museo Tamayo de Arte Contempor\u00e1neo con m\u00e1s de 100 trabajos realizados por ella entre 1950 y 2013. Se incluyeron pinturas, esculturas, instalaciones, videos y obras sobre papel.<\/p>\n<p>Tuvo tal aceptaci\u00f3n que asistieron m\u00e1s de 330 mil personas, superando en 100 d\u00edas los 170 mil visitantes que, de manera anual, acoge el recinto.<\/p>\n<p>\u201cMi arte fue hecho para cambiar la mente de las personas. Espero que logre del mundo un lugar m\u00e1s pac\u00edfico\u201d, concluy\u00f3 Yayoi Kusama, quien contin\u00faa viviendo en un hospital psiqui\u00e1trico y sigue haciendo arte.<\/p>\n","protected":false},"excerpt":{"rendered":"<p>M\u00e9xico.- Durante su adolescencia, su madre repudi\u00f3 su obra; incluso, el mundo del arte tambi\u00e9n la descalific\u00f3, pero Yayoi Kusama no se dio por vencida, crey\u00f3 en ella misma y luch\u00f3 hasta que logr\u00f3 traspasar las fronteras. Hoy es una de las artistas vivas m\u00e1s reconocidas a nivel mundial y su historia qued\u00f3 plasmada a [&hellip;]<\/p>\n","protected":false},"author":2,"featured_media":39264,"comment_status":"open","ping_status":"closed","sticky":false,"template":"","format":"standard","meta":{"footnotes":""},"categories":[24],"tags":[],"class_list":["post-39263","post","type-post","status-publish","format-standard","has-post-thumbnail","hentry","category-espectaculos"],"yoast_head":"<!-- This site is optimized with the Yoast SEO plugin v27.5 - https:\/\/yoast.com\/product\/yoast-seo-wordpress\/ -->\n<title>Del rechazo al reconocimiento mundial, el documental de Yayoi Kusama - Canal 7 SLP - 2019<\/title>\n<meta name=\"robots\" content=\"index, follow, max-snippet:-1, max-image-preview:large, max-video-preview:-1\" \/>\n<link rel=\"canonical\" href=\"https:\/\/canal7slp.tv\/2019\/del-rechazo-al-reconocimiento-mundial-el-documental-de-yayoi-kusama\/\" \/>\n<meta property=\"og:locale\" content=\"es_ES\" \/>\n<meta property=\"og:type\" content=\"article\" \/>\n<meta property=\"og:title\" content=\"Del rechazo al reconocimiento mundial, el documental de Yayoi Kusama - Canal 7 SLP - 2019\" \/>\n<meta property=\"og:description\" content=\"M\u00e9xico.- Durante su adolescencia, su madre repudi\u00f3 su obra; incluso, el mundo del arte tambi\u00e9n la descalific\u00f3, pero Yayoi Kusama no se dio por vencida, crey\u00f3 en ella misma y luch\u00f3 hasta que logr\u00f3 traspasar las fronteras. Hoy es una de las artistas vivas m\u00e1s reconocidas a nivel mundial y su historia qued\u00f3 plasmada a [&hellip;]\" \/>\n<meta property=\"og:url\" content=\"https:\/\/canal7slp.tv\/2019\/del-rechazo-al-reconocimiento-mundial-el-documental-de-yayoi-kusama\/\" \/>\n<meta property=\"og:site_name\" content=\"Canal 7 SLP - 2019\" \/>\n<meta property=\"article:publisher\" content=\"https:\/\/www.facebook.com\/CANAL7SLP\/\" \/>\n<meta property=\"article:published_time\" content=\"2019-07-25T16:51:11+00:00\" \/>\n<meta property=\"og:image\" content=\"https:\/\/canal7slp.tv\/2019\/wp-content\/uploads\/2019\/07\/1200-15.jpg\" \/>\n\t<meta property=\"og:image:width\" content=\"546\" \/>\n\t<meta property=\"og:image:height\" content=\"410\" \/>\n\t<meta property=\"og:image:type\" content=\"image\/jpeg\" \/>\n<meta name=\"author\" content=\"edicionweb\" \/>\n<meta name=\"twitter:card\" content=\"summary_large_image\" \/>\n<meta name=\"twitter:creator\" content=\"@canal7_slp\" \/>\n<meta name=\"twitter:site\" content=\"@canal7_slp\" \/>\n<meta name=\"twitter:label1\" content=\"Escrito por\" \/>\n\t<meta name=\"twitter:data1\" content=\"edicionweb\" \/>\n\t<meta name=\"twitter:label2\" content=\"Tiempo de lectura\" \/>\n\t<meta name=\"twitter:data2\" content=\"3 minutos\" \/>\n<script type=\"application\/ld+json\" class=\"yoast-schema-graph\">{\"@context\":\"https:\\\/\\\/schema.org\",\"@graph\":[{\"@type\":\"Article\",\"@id\":\"https:\\\/\\\/canal7slp.tv\\\/2019\\\/del-rechazo-al-reconocimiento-mundial-el-documental-de-yayoi-kusama\\\/#article\",\"isPartOf\":{\"@id\":\"https:\\\/\\\/canal7slp.tv\\\/2019\\\/del-rechazo-al-reconocimiento-mundial-el-documental-de-yayoi-kusama\\\/\"},\"author\":{\"name\":\"edicionweb\",\"@id\":\"https:\\\/\\\/canal7slp.tv\\\/2019\\\/#\\\/schema\\\/person\\\/11d941c1c6ca30ac0a46b95fa37aa2e3\"},\"headline\":\"Del rechazo al reconocimiento mundial, el documental de Yayoi Kusama\",\"datePublished\":\"2019-07-25T16:51:11+00:00\",\"mainEntityOfPage\":{\"@id\":\"https:\\\/\\\/canal7slp.tv\\\/2019\\\/del-rechazo-al-reconocimiento-mundial-el-documental-de-yayoi-kusama\\\/\"},\"wordCount\":555,\"commentCount\":0,\"publisher\":{\"@id\":\"https:\\\/\\\/canal7slp.tv\\\/2019\\\/#organization\"},\"image\":{\"@id\":\"https:\\\/\\\/canal7slp.tv\\\/2019\\\/del-rechazo-al-reconocimiento-mundial-el-documental-de-yayoi-kusama\\\/#primaryimage\"},\"thumbnailUrl\":\"https:\\\/\\\/canal7slp.tv\\\/2019\\\/wp-content\\\/uploads\\\/2019\\\/07\\\/1200-15.jpg\",\"articleSection\":[\"ESPECTACULOS\"],\"inLanguage\":\"es\",\"potentialAction\":[{\"@type\":\"CommentAction\",\"name\":\"Comment\",\"target\":[\"https:\\\/\\\/canal7slp.tv\\\/2019\\\/del-rechazo-al-reconocimiento-mundial-el-documental-de-yayoi-kusama\\\/#respond\"]}]},{\"@type\":\"WebPage\",\"@id\":\"https:\\\/\\\/canal7slp.tv\\\/2019\\\/del-rechazo-al-reconocimiento-mundial-el-documental-de-yayoi-kusama\\\/\",\"url\":\"https:\\\/\\\/canal7slp.tv\\\/2019\\\/del-rechazo-al-reconocimiento-mundial-el-documental-de-yayoi-kusama\\\/\",\"name\":\"Del rechazo al reconocimiento mundial, el documental de Yayoi Kusama - Canal 7 SLP - 2019\",\"isPartOf\":{\"@id\":\"https:\\\/\\\/canal7slp.tv\\\/2019\\\/#website\"},\"primaryImageOfPage\":{\"@id\":\"https:\\\/\\\/canal7slp.tv\\\/2019\\\/del-rechazo-al-reconocimiento-mundial-el-documental-de-yayoi-kusama\\\/#primaryimage\"},\"image\":{\"@id\":\"https:\\\/\\\/canal7slp.tv\\\/2019\\\/del-rechazo-al-reconocimiento-mundial-el-documental-de-yayoi-kusama\\\/#primaryimage\"},\"thumbnailUrl\":\"https:\\\/\\\/canal7slp.tv\\\/2019\\\/wp-content\\\/uploads\\\/2019\\\/07\\\/1200-15.jpg\",\"datePublished\":\"2019-07-25T16:51:11+00:00\",\"breadcrumb\":{\"@id\":\"https:\\\/\\\/canal7slp.tv\\\/2019\\\/del-rechazo-al-reconocimiento-mundial-el-documental-de-yayoi-kusama\\\/#breadcrumb\"},\"inLanguage\":\"es\",\"potentialAction\":[{\"@type\":\"ReadAction\",\"target\":[\"https:\\\/\\\/canal7slp.tv\\\/2019\\\/del-rechazo-al-reconocimiento-mundial-el-documental-de-yayoi-kusama\\\/\"]}]},{\"@type\":\"ImageObject\",\"inLanguage\":\"es\",\"@id\":\"https:\\\/\\\/canal7slp.tv\\\/2019\\\/del-rechazo-al-reconocimiento-mundial-el-documental-de-yayoi-kusama\\\/#primaryimage\",\"url\":\"https:\\\/\\\/canal7slp.tv\\\/2019\\\/wp-content\\\/uploads\\\/2019\\\/07\\\/1200-15.jpg\",\"contentUrl\":\"https:\\\/\\\/canal7slp.tv\\\/2019\\\/wp-content\\\/uploads\\\/2019\\\/07\\\/1200-15.jpg\",\"width\":546,\"height\":410},{\"@type\":\"BreadcrumbList\",\"@id\":\"https:\\\/\\\/canal7slp.tv\\\/2019\\\/del-rechazo-al-reconocimiento-mundial-el-documental-de-yayoi-kusama\\\/#breadcrumb\",\"itemListElement\":[{\"@type\":\"ListItem\",\"position\":1,\"name\":\"Home\",\"item\":\"https:\\\/\\\/canal7slp.tv\\\/2019\\\/\"},{\"@type\":\"ListItem\",\"position\":2,\"name\":\"Del rechazo al reconocimiento mundial, el documental de Yayoi Kusama\"}]},{\"@type\":\"WebSite\",\"@id\":\"https:\\\/\\\/canal7slp.tv\\\/2019\\\/#website\",\"url\":\"https:\\\/\\\/canal7slp.tv\\\/2019\\\/\",\"name\":\"Canal 7 SLP - Somos TV\",\"description\":\"Somos un Canal de 10\",\"publisher\":{\"@id\":\"https:\\\/\\\/canal7slp.tv\\\/2019\\\/#organization\"},\"potentialAction\":[{\"@type\":\"SearchAction\",\"target\":{\"@type\":\"EntryPoint\",\"urlTemplate\":\"https:\\\/\\\/canal7slp.tv\\\/2019\\\/?s={search_term_string}\"},\"query-input\":{\"@type\":\"PropertyValueSpecification\",\"valueRequired\":true,\"valueName\":\"search_term_string\"}}],\"inLanguage\":\"es\"},{\"@type\":\"Organization\",\"@id\":\"https:\\\/\\\/canal7slp.tv\\\/2019\\\/#organization\",\"name\":\"Comunicaci\u00f3n 2000 S.A. de C.V.\",\"url\":\"https:\\\/\\\/canal7slp.tv\\\/2019\\\/\",\"logo\":{\"@type\":\"ImageObject\",\"inLanguage\":\"es\",\"@id\":\"https:\\\/\\\/canal7slp.tv\\\/2019\\\/#\\\/schema\\\/logo\\\/image\\\/\",\"url\":\"https:\\\/\\\/canal7slp.tv\\\/2019\\\/wp-content\\\/uploads\\\/2019\\\/07\\\/logo-c7.png\",\"contentUrl\":\"https:\\\/\\\/canal7slp.tv\\\/2019\\\/wp-content\\\/uploads\\\/2019\\\/07\\\/logo-c7.png\",\"width\":220,\"height\":60,\"caption\":\"Comunicaci\u00f3n 2000 S.A. de C.V.\"},\"image\":{\"@id\":\"https:\\\/\\\/canal7slp.tv\\\/2019\\\/#\\\/schema\\\/logo\\\/image\\\/\"},\"sameAs\":[\"https:\\\/\\\/www.facebook.com\\\/CANAL7SLP\\\/\",\"https:\\\/\\\/x.com\\\/canal7_slp\",\"https:\\\/\\\/www.instagram.com\\\/canal7_slp\",\"https:\\\/\\\/www.youtube.com\\\/user\\\/NOTICIEROSCANAL7SLP\\\/\"]},{\"@type\":\"Person\",\"@id\":\"https:\\\/\\\/canal7slp.tv\\\/2019\\\/#\\\/schema\\\/person\\\/11d941c1c6ca30ac0a46b95fa37aa2e3\",\"name\":\"edicionweb\",\"image\":{\"@type\":\"ImageObject\",\"inLanguage\":\"es\",\"@id\":\"https:\\\/\\\/secure.gravatar.com\\\/avatar\\\/eee448fc3f7164808013b816ba91ac7e43bbe82a70bebac296f8bc6f0addaa1a?s=96&d=mm&r=g\",\"url\":\"https:\\\/\\\/secure.gravatar.com\\\/avatar\\\/eee448fc3f7164808013b816ba91ac7e43bbe82a70bebac296f8bc6f0addaa1a?s=96&d=mm&r=g\",\"contentUrl\":\"https:\\\/\\\/secure.gravatar.com\\\/avatar\\\/eee448fc3f7164808013b816ba91ac7e43bbe82a70bebac296f8bc6f0addaa1a?s=96&d=mm&r=g\",\"caption\":\"edicionweb\"}}]}<\/script>\n<!-- \/ Yoast SEO plugin. -->","yoast_head_json":{"title":"Del rechazo al reconocimiento mundial, el documental de Yayoi Kusama - Canal 7 SLP - 2019","robots":{"index":"index","follow":"follow","max-snippet":"max-snippet:-1","max-image-preview":"max-image-preview:large","max-video-preview":"max-video-preview:-1"},"canonical":"https:\/\/canal7slp.tv\/2019\/del-rechazo-al-reconocimiento-mundial-el-documental-de-yayoi-kusama\/","og_locale":"es_ES","og_type":"article","og_title":"Del rechazo al reconocimiento mundial, el documental de Yayoi Kusama - Canal 7 SLP - 2019","og_description":"M\u00e9xico.- Durante su adolescencia, su madre repudi\u00f3 su obra; incluso, el mundo del arte tambi\u00e9n la descalific\u00f3, pero Yayoi Kusama no se dio por vencida, crey\u00f3 en ella misma y luch\u00f3 hasta que logr\u00f3 traspasar las fronteras. Hoy es una de las artistas vivas m\u00e1s reconocidas a nivel mundial y su historia qued\u00f3 plasmada a [&hellip;]","og_url":"https:\/\/canal7slp.tv\/2019\/del-rechazo-al-reconocimiento-mundial-el-documental-de-yayoi-kusama\/","og_site_name":"Canal 7 SLP - 2019","article_publisher":"https:\/\/www.facebook.com\/CANAL7SLP\/","article_published_time":"2019-07-25T16:51:11+00:00","og_image":[{"width":546,"height":410,"url":"https:\/\/canal7slp.tv\/2019\/wp-content\/uploads\/2019\/07\/1200-15.jpg","type":"image\/jpeg"}],"author":"edicionweb","twitter_card":"summary_large_image","twitter_creator":"@canal7_slp","twitter_site":"@canal7_slp","twitter_misc":{"Escrito por":"edicionweb","Tiempo de lectura":"3 minutos"},"schema":{"@context":"https:\/\/schema.org","@graph":[{"@type":"Article","@id":"https:\/\/canal7slp.tv\/2019\/del-rechazo-al-reconocimiento-mundial-el-documental-de-yayoi-kusama\/#article","isPartOf":{"@id":"https:\/\/canal7slp.tv\/2019\/del-rechazo-al-reconocimiento-mundial-el-documental-de-yayoi-kusama\/"},"author":{"name":"edicionweb","@id":"https:\/\/canal7slp.tv\/2019\/#\/schema\/person\/11d941c1c6ca30ac0a46b95fa37aa2e3"},"headline":"Del rechazo al reconocimiento mundial, el documental de Yayoi Kusama","datePublished":"2019-07-25T16:51:11+00:00","mainEntityOfPage":{"@id":"https:\/\/canal7slp.tv\/2019\/del-rechazo-al-reconocimiento-mundial-el-documental-de-yayoi-kusama\/"},"wordCount":555,"commentCount":0,"publisher":{"@id":"https:\/\/canal7slp.tv\/2019\/#organization"},"image":{"@id":"https:\/\/canal7slp.tv\/2019\/del-rechazo-al-reconocimiento-mundial-el-documental-de-yayoi-kusama\/#primaryimage"},"thumbnailUrl":"https:\/\/canal7slp.tv\/2019\/wp-content\/uploads\/2019\/07\/1200-15.jpg","articleSection":["ESPECTACULOS"],"inLanguage":"es","potentialAction":[{"@type":"CommentAction","name":"Comment","target":["https:\/\/canal7slp.tv\/2019\/del-rechazo-al-reconocimiento-mundial-el-documental-de-yayoi-kusama\/#respond"]}]},{"@type":"WebPage","@id":"https:\/\/canal7slp.tv\/2019\/del-rechazo-al-reconocimiento-mundial-el-documental-de-yayoi-kusama\/","url":"https:\/\/canal7slp.tv\/2019\/del-rechazo-al-reconocimiento-mundial-el-documental-de-yayoi-kusama\/","name":"Del rechazo al reconocimiento mundial, el documental de Yayoi Kusama - Canal 7 SLP - 2019","isPartOf":{"@id":"https:\/\/canal7slp.tv\/2019\/#website"},"primaryImageOfPage":{"@id":"https:\/\/canal7slp.tv\/2019\/del-rechazo-al-reconocimiento-mundial-el-documental-de-yayoi-kusama\/#primaryimage"},"image":{"@id":"https:\/\/canal7slp.tv\/2019\/del-rechazo-al-reconocimiento-mundial-el-documental-de-yayoi-kusama\/#primaryimage"},"thumbnailUrl":"https:\/\/canal7slp.tv\/2019\/wp-content\/uploads\/2019\/07\/1200-15.jpg","datePublished":"2019-07-25T16:51:11+00:00","breadcrumb":{"@id":"https:\/\/canal7slp.tv\/2019\/del-rechazo-al-reconocimiento-mundial-el-documental-de-yayoi-kusama\/#breadcrumb"},"inLanguage":"es","potentialAction":[{"@type":"ReadAction","target":["https:\/\/canal7slp.tv\/2019\/del-rechazo-al-reconocimiento-mundial-el-documental-de-yayoi-kusama\/"]}]},{"@type":"ImageObject","inLanguage":"es","@id":"https:\/\/canal7slp.tv\/2019\/del-rechazo-al-reconocimiento-mundial-el-documental-de-yayoi-kusama\/#primaryimage","url":"https:\/\/canal7slp.tv\/2019\/wp-content\/uploads\/2019\/07\/1200-15.jpg","contentUrl":"https:\/\/canal7slp.tv\/2019\/wp-content\/uploads\/2019\/07\/1200-15.jpg","width":546,"height":410},{"@type":"BreadcrumbList","@id":"https:\/\/canal7slp.tv\/2019\/del-rechazo-al-reconocimiento-mundial-el-documental-de-yayoi-kusama\/#breadcrumb","itemListElement":[{"@type":"ListItem","position":1,"name":"Home","item":"https:\/\/canal7slp.tv\/2019\/"},{"@type":"ListItem","position":2,"name":"Del rechazo al reconocimiento mundial, el documental de Yayoi Kusama"}]},{"@type":"WebSite","@id":"https:\/\/canal7slp.tv\/2019\/#website","url":"https:\/\/canal7slp.tv\/2019\/","name":"Canal 7 SLP - Somos TV","description":"Somos un Canal de 10","publisher":{"@id":"https:\/\/canal7slp.tv\/2019\/#organization"},"potentialAction":[{"@type":"SearchAction","target":{"@type":"EntryPoint","urlTemplate":"https:\/\/canal7slp.tv\/2019\/?s={search_term_string}"},"query-input":{"@type":"PropertyValueSpecification","valueRequired":true,"valueName":"search_term_string"}}],"inLanguage":"es"},{"@type":"Organization","@id":"https:\/\/canal7slp.tv\/2019\/#organization","name":"Comunicaci\u00f3n 2000 S.A. de C.V.","url":"https:\/\/canal7slp.tv\/2019\/","logo":{"@type":"ImageObject","inLanguage":"es","@id":"https:\/\/canal7slp.tv\/2019\/#\/schema\/logo\/image\/","url":"https:\/\/canal7slp.tv\/2019\/wp-content\/uploads\/2019\/07\/logo-c7.png","contentUrl":"https:\/\/canal7slp.tv\/2019\/wp-content\/uploads\/2019\/07\/logo-c7.png","width":220,"height":60,"caption":"Comunicaci\u00f3n 2000 S.A. de C.V."},"image":{"@id":"https:\/\/canal7slp.tv\/2019\/#\/schema\/logo\/image\/"},"sameAs":["https:\/\/www.facebook.com\/CANAL7SLP\/","https:\/\/x.com\/canal7_slp","https:\/\/www.instagram.com\/canal7_slp","https:\/\/www.youtube.com\/user\/NOTICIEROSCANAL7SLP\/"]},{"@type":"Person","@id":"https:\/\/canal7slp.tv\/2019\/#\/schema\/person\/11d941c1c6ca30ac0a46b95fa37aa2e3","name":"edicionweb","image":{"@type":"ImageObject","inLanguage":"es","@id":"https:\/\/secure.gravatar.com\/avatar\/eee448fc3f7164808013b816ba91ac7e43bbe82a70bebac296f8bc6f0addaa1a?s=96&d=mm&r=g","url":"https:\/\/secure.gravatar.com\/avatar\/eee448fc3f7164808013b816ba91ac7e43bbe82a70bebac296f8bc6f0addaa1a?s=96&d=mm&r=g","contentUrl":"https:\/\/secure.gravatar.com\/avatar\/eee448fc3f7164808013b816ba91ac7e43bbe82a70bebac296f8bc6f0addaa1a?s=96&d=mm&r=g","caption":"edicionweb"}}]}},"amp_enabled":true,"cmb2":{"video_ids_in_playlist":{"vid_p_videos":""},"video_ids_in_channel":{"vid_c_videos":""},"playlist_ids_in_channel":{"vid_c_playlists":""},"series_ids_in_channel":{"vid_c_series":""},"channel_images":{"vid_c_logo":"","vid_c_banner":""},"poster_feature_image":{"vid_m_poster_image":""},"gif_feature_image":{"vid_m_gif_image":""},"video_movie_settings":{"vid_m_director":"","vid_m_actor":"","vid_m_imdb_ratings":"","vid_m_amazon_associates":""},"vid_youtube_broadcasts_settings":{"vid_yb_broadcast_title":"","vid_yb_q":"","vid_yb_channelid":"","vid_yb_videocategoryid":"","vid_yb_maxresults":"","vid_yb_order":"","vid_yb_regioncode":"","vid_yb_videosyndicated":"","vid_yb_style":"","vid_yb_reload_first":""},"video_series_settings":{"vid_m_director":"","vid_m_actor":"","vid_m_imdb_ratings":"","video_series_group":""},"amazon_associates_settings":{"amazon_associates":"","amazon_native_ad":""},"vid_youtube_automatic_settings":{"vid_ya_youtube_source":"","vid_ya_update_every":"","vid_ya_update_unit":"","vid_ya_categories":"","vid_ya_published_after":"","vid_ya_published_before":"","vid_ya_playlists":"","vid_ya_channels":"","vid_ya_director":"","vid_ya_actor":"","vid_ya_author":"","vid_ya_import_post_date":"","vid_ya_status":"","vid_ya_sub_api_key":""},"vid_ads_m_videoads_settings_post":{"vid_ads_m_video_ads":"","vid_ads_m_video_ads_type":"","vid_ads_m_group_google_ima":"","vid_ads_m_group_image":"","vid_ads_m_group_html5_video":"","vid_ads_m_group_html":"","vid_ads_m_vast_preroll":"","vid_ads_m_vast_postroll":"","vid_ads_m_vast_pauseroll":"","vid_ads_m_vast_midroll":[{"vid_ads_m_vast_timer_seconds":"50"}],"vid_ads_m_time_to_show_ads":"","vid_ads_m_time_skip_ads":"","vid_ads_m_time_to_hide_ads":""},"page_slider_settings":{"display_slider_group":"","page_slider_group":""},"blog_page_settings":{"blog_page_title":"","blog_page_heading":"","blog_page_ic":"","blog_page_it":"","blog_page_ec":"","blog_page_ip":"","archive_loop_style":"","blog_image_ratio":"","blog_show_categories":"","blog_show_excerpt":"","blog_show_author":"","blog_show_date":"","blog_show_comment_count":"","blog_show_view_count":"","blog_show_like_count":"","blog_show_dislike_count":"","blog_items_per_page":"","blog_pag_type":""},"page_options":{"get_page_template":"","color_mode":"","main_layout":"","main_layout_full_with":"","main_logo":"","main_logo_retina":"","main_logo_mobile":"","main_logo_mobile_retina":"","sticky_logo":"","sticky_logo_retina":"","main_nav_layout":"","ajax_search":"","header_background":"","theme_sidebar":"","instagram_feed":"","instagram_feed_position":"","popular_videos":"","popular_videos_title_1":"","popular_videos_title_2":"","popular_videos_ic":"","popular_videos_it":"","theme_background":"","page_custom_css":""},"feature_image_settings":{"feature_image_position":""},"video_player_settings":{"single_video_style":"","video_player_position":"","vm_video_url":"","video_player_library":"","video_streaming":"","vm_media_sources":"","vid_auto_play":"","vm_video_shortcode":"","vid_p_sync_playlist":"","vid_c_sync_channel":"","get_post_format":"","multiple_links_structure":"default","multi_links_title":"","vm_video_multi_links":"","vm_duration":"","vid_social_locker":"off","vid_social_locker_id":"","vid_membership_action":"content-video","vm_video_trailer_url":"","vid_download_type":"free","vid_download_target":"download","vid_woo_product":"","vm_media_download":"","user_rating":"","user_rating_position":"","user_rating_mode":"","user_rating_multi_sets":""},"video_auto_fetch_settings":{"vm_video_fetch":"on"},"video_fake_views_likes":{"vm_fake_views":"","vm_fake_likes":"","vm_fake_dislikes":""},"gallery_settings":{"gallery_position":""},"quote_settings":{"quote_position":""},"post_options":{"main_layout":"","main_logo":"","main_logo_retina":"","main_logo_mobile":"","main_logo_mobile_retina":"","sticky_logo":"","sticky_logo_retina":"","main_nav_layout":"","header_background":"","theme_sidebar":"","single_post_comment_type":"","theme_background":""}},"_links":{"self":[{"href":"https:\/\/canal7slp.tv\/2019\/wp-json\/wp\/v2\/posts\/39263","targetHints":{"allow":["GET"]}}],"collection":[{"href":"https:\/\/canal7slp.tv\/2019\/wp-json\/wp\/v2\/posts"}],"about":[{"href":"https:\/\/canal7slp.tv\/2019\/wp-json\/wp\/v2\/types\/post"}],"author":[{"embeddable":true,"href":"https:\/\/canal7slp.tv\/2019\/wp-json\/wp\/v2\/users\/2"}],"replies":[{"embeddable":true,"href":"https:\/\/canal7slp.tv\/2019\/wp-json\/wp\/v2\/comments?post=39263"}],"version-history":[{"count":0,"href":"https:\/\/canal7slp.tv\/2019\/wp-json\/wp\/v2\/posts\/39263\/revisions"}],"wp:featuredmedia":[{"embeddable":true,"href":"https:\/\/canal7slp.tv\/2019\/wp-json\/wp\/v2\/media\/39264"}],"wp:attachment":[{"href":"https:\/\/canal7slp.tv\/2019\/wp-json\/wp\/v2\/media?parent=39263"}],"wp:term":[{"taxonomy":"category","embeddable":true,"href":"https:\/\/canal7slp.tv\/2019\/wp-json\/wp\/v2\/categories?post=39263"},{"taxonomy":"post_tag","embeddable":true,"href":"https:\/\/canal7slp.tv\/2019\/wp-json\/wp\/v2\/tags?post=39263"}],"curies":[{"name":"wp","href":"https:\/\/api.w.org\/{rel}","templated":true}]}}