{"id":39240,"date":"2019-07-25T09:20:38","date_gmt":"2019-07-25T14:20:38","guid":{"rendered":"https:\/\/canal7slp.tv\/2019\/?p=39240"},"modified":"2019-07-25T09:20:38","modified_gmt":"2019-07-25T14:20:38","slug":"contamos-historias-de-mujeres-empoderadas-pedro-ortiz-de-pinedo","status":"publish","type":"post","link":"https:\/\/canal7slp.tv\/2019\/contamos-historias-de-mujeres-empoderadas-pedro-ortiz-de-pinedo\/","title":{"rendered":"Contamos historias de mujeres empoderadas: Pedro Ortiz de Pinedo"},"content":{"rendered":"<p style=\"text-align: justify;\">M\u00e9xico.- El productor Pedro Ortiz de Pinedo asegur\u00f3 que las actuales historias televisivas pretenden ir m\u00e1s all\u00e1 del cuento de la \u201cCenicienta\u201d, ya que ahora se nutren de la realidad para mostrar mujeres empoderadas y dispuestas a romper con estereotipos.<\/p>\n<p style=\"text-align: justify;\">Por eso ahora, siguiendo esa necesidad de contar historias diferentes, el productor apuesta por hablar de los modelos a seguir en la sociedad mexicana, as\u00ed como los prejuicios de ser una mujer soltera.<\/p>\n<p style=\"text-align: justify;\">\u201cCita a ciegas\u201d es una comedia rom\u00e1ntica que busca contar algo diferente, que no es la tradicional \u201cCenicienta\u201d, adem\u00e1s de llevar un mensaje de empoderamiento femenino, asegur\u00f3 en entrevista.<\/p>\n<p style=\"text-align: justify;\">\u201cLo que deseo es contar historias diferentes que me permitan salir de mi zona de confort\u201d, apunt\u00f3 el hijo del histri\u00f3n Jorge Ortiz de Pinedo, quien lo acompa\u00f1\u00f3 a ver un adelanto de la telenovela, que se estrenar\u00e1 en breve.<\/p>\n<p style=\"text-align: justify;\">Destac\u00f3 que est\u00e1n apostando por traer tem\u00e1ticas familiares que logren acaparar las miradas frente al televisor como en anta\u00f1o, as\u00ed como cuidar el lenguaje.<\/p>\n<p style=\"text-align: justify;\">Indic\u00f3 que tambi\u00e9n se revaloriza a la mujer, \u201ctenemos que darnos cuenta del rol femenino, su importancia y que no debemos de etiquetarlas\u201d.<\/p>\n<p style=\"text-align: justify;\">El creador de series como \u201cLa CQ\u201d y \u201cRenta congelada\u201d reconoci\u00f3 que para dar forma a una telenovela tan ambiciosa como es \u201cCita a ciegas\u201d se ha rodeado de mujeres, a fin de adentrarse en el universo femenino de una manera correcta.<\/p>\n<p style=\"text-align: justify;\">\u201cSoy el productor, pero siempre hay un trabajo de equipo que ayuda a contar lo que quieres y a entender a estos personajes femeninos que buscan el amor, pero que tambi\u00e9n se enfrentan a su d\u00eda a d\u00eda\u201d, explic\u00f3.<\/p>\n<p style=\"text-align: justify;\">El productor tambi\u00e9n se encuentra pr\u00f3ximo a estrenar la segunda temporada de las series \u201cSim\u00f3n dice\u201d y \u201cUna familia de 10\u201d con las que apuesta por la comedia.<\/p>\n<p style=\"text-align: justify;\">Pedro Ortiz de Pinedo tambi\u00e9n es productor teatral de piezas como \u201c12 hombres en pugna\u201d, en la que trabaj\u00f3 al lado de su padre el histri\u00f3n Jorge Ortiz de Pinedo, as\u00ed como &#8220;La dalia negra&#8221;.<\/p>\n","protected":false},"excerpt":{"rendered":"<p>M\u00e9xico.- El productor Pedro Ortiz de Pinedo asegur\u00f3 que las actuales historias televisivas pretenden ir m\u00e1s all\u00e1 del cuento de la \u201cCenicienta\u201d, ya que ahora se nutren de la realidad para mostrar mujeres empoderadas y dispuestas a romper con estereotipos. Por eso ahora, siguiendo esa necesidad de contar historias diferentes, el productor apuesta por hablar [&hellip;]<\/p>\n","protected":false},"author":2,"featured_media":39241,"comment_status":"open","ping_status":"closed","sticky":false,"template":"","format":"standard","meta":{"footnotes":""},"categories":[18],"tags":[],"class_list":["post-39240","post","type-post","status-publish","format-standard","has-post-thumbnail","hentry","category-internacional"],"yoast_head":"<!-- This site is optimized with the Yoast SEO plugin v27.5 - https:\/\/yoast.com\/product\/yoast-seo-wordpress\/ -->\n<title>Contamos historias de mujeres empoderadas: Pedro Ortiz de Pinedo - Canal 7 SLP - 2019<\/title>\n<meta name=\"robots\" content=\"index, follow, max-snippet:-1, max-image-preview:large, max-video-preview:-1\" \/>\n<link rel=\"canonical\" href=\"https:\/\/canal7slp.tv\/2019\/contamos-historias-de-mujeres-empoderadas-pedro-ortiz-de-pinedo\/\" \/>\n<meta property=\"og:locale\" content=\"es_ES\" \/>\n<meta property=\"og:type\" content=\"article\" \/>\n<meta property=\"og:title\" content=\"Contamos historias de mujeres empoderadas: Pedro Ortiz de Pinedo - Canal 7 SLP - 2019\" \/>\n<meta property=\"og:description\" content=\"M\u00e9xico.- El productor Pedro Ortiz de Pinedo asegur\u00f3 que las actuales historias televisivas pretenden ir m\u00e1s all\u00e1 del cuento de la \u201cCenicienta\u201d, ya que ahora se nutren de la realidad para mostrar mujeres empoderadas y dispuestas a romper con estereotipos. Por eso ahora, siguiendo esa necesidad de contar historias diferentes, el productor apuesta por hablar [&hellip;]\" \/>\n<meta property=\"og:url\" content=\"https:\/\/canal7slp.tv\/2019\/contamos-historias-de-mujeres-empoderadas-pedro-ortiz-de-pinedo\/\" \/>\n<meta property=\"og:site_name\" content=\"Canal 7 SLP - 2019\" \/>\n<meta property=\"article:publisher\" content=\"https:\/\/www.facebook.com\/CANAL7SLP\/\" \/>\n<meta property=\"article:published_time\" content=\"2019-07-25T14:20:38+00:00\" \/>\n<meta property=\"og:image\" content=\"https:\/\/canal7slp.tv\/2019\/wp-content\/uploads\/2019\/07\/1045-12.jpg\" \/>\n\t<meta property=\"og:image:width\" content=\"546\" \/>\n\t<meta property=\"og:image:height\" content=\"410\" \/>\n\t<meta property=\"og:image:type\" content=\"image\/jpeg\" \/>\n<meta name=\"author\" content=\"edicionweb\" \/>\n<meta name=\"twitter:card\" content=\"summary_large_image\" \/>\n<meta name=\"twitter:creator\" content=\"@canal7_slp\" \/>\n<meta name=\"twitter:site\" content=\"@canal7_slp\" \/>\n<meta name=\"twitter:label1\" content=\"Escrito por\" \/>\n\t<meta name=\"twitter:data1\" content=\"edicionweb\" \/>\n\t<meta name=\"twitter:label2\" content=\"Tiempo de lectura\" \/>\n\t<meta name=\"twitter:data2\" content=\"2 minutos\" \/>\n<script type=\"application\/ld+json\" class=\"yoast-schema-graph\">{\"@context\":\"https:\\\/\\\/schema.org\",\"@graph\":[{\"@type\":\"Article\",\"@id\":\"https:\\\/\\\/canal7slp.tv\\\/2019\\\/contamos-historias-de-mujeres-empoderadas-pedro-ortiz-de-pinedo\\\/#article\",\"isPartOf\":{\"@id\":\"https:\\\/\\\/canal7slp.tv\\\/2019\\\/contamos-historias-de-mujeres-empoderadas-pedro-ortiz-de-pinedo\\\/\"},\"author\":{\"name\":\"edicionweb\",\"@id\":\"https:\\\/\\\/canal7slp.tv\\\/2019\\\/#\\\/schema\\\/person\\\/11d941c1c6ca30ac0a46b95fa37aa2e3\"},\"headline\":\"Contamos historias de mujeres empoderadas: Pedro Ortiz de Pinedo\",\"datePublished\":\"2019-07-25T14:20:38+00:00\",\"mainEntityOfPage\":{\"@id\":\"https:\\\/\\\/canal7slp.tv\\\/2019\\\/contamos-historias-de-mujeres-empoderadas-pedro-ortiz-de-pinedo\\\/\"},\"wordCount\":358,\"commentCount\":0,\"publisher\":{\"@id\":\"https:\\\/\\\/canal7slp.tv\\\/2019\\\/#organization\"},\"image\":{\"@id\":\"https:\\\/\\\/canal7slp.tv\\\/2019\\\/contamos-historias-de-mujeres-empoderadas-pedro-ortiz-de-pinedo\\\/#primaryimage\"},\"thumbnailUrl\":\"https:\\\/\\\/canal7slp.tv\\\/2019\\\/wp-content\\\/uploads\\\/2019\\\/07\\\/1045-12.jpg\",\"articleSection\":[\"INTERNACIONAL\"],\"inLanguage\":\"es\",\"potentialAction\":[{\"@type\":\"CommentAction\",\"name\":\"Comment\",\"target\":[\"https:\\\/\\\/canal7slp.tv\\\/2019\\\/contamos-historias-de-mujeres-empoderadas-pedro-ortiz-de-pinedo\\\/#respond\"]}]},{\"@type\":\"WebPage\",\"@id\":\"https:\\\/\\\/canal7slp.tv\\\/2019\\\/contamos-historias-de-mujeres-empoderadas-pedro-ortiz-de-pinedo\\\/\",\"url\":\"https:\\\/\\\/canal7slp.tv\\\/2019\\\/contamos-historias-de-mujeres-empoderadas-pedro-ortiz-de-pinedo\\\/\",\"name\":\"Contamos historias de mujeres empoderadas: Pedro Ortiz de Pinedo - Canal 7 SLP - 2019\",\"isPartOf\":{\"@id\":\"https:\\\/\\\/canal7slp.tv\\\/2019\\\/#website\"},\"primaryImageOfPage\":{\"@id\":\"https:\\\/\\\/canal7slp.tv\\\/2019\\\/contamos-historias-de-mujeres-empoderadas-pedro-ortiz-de-pinedo\\\/#primaryimage\"},\"image\":{\"@id\":\"https:\\\/\\\/canal7slp.tv\\\/2019\\\/contamos-historias-de-mujeres-empoderadas-pedro-ortiz-de-pinedo\\\/#primaryimage\"},\"thumbnailUrl\":\"https:\\\/\\\/canal7slp.tv\\\/2019\\\/wp-content\\\/uploads\\\/2019\\\/07\\\/1045-12.jpg\",\"datePublished\":\"2019-07-25T14:20:38+00:00\",\"breadcrumb\":{\"@id\":\"https:\\\/\\\/canal7slp.tv\\\/2019\\\/contamos-historias-de-mujeres-empoderadas-pedro-ortiz-de-pinedo\\\/#breadcrumb\"},\"inLanguage\":\"es\",\"potentialAction\":[{\"@type\":\"ReadAction\",\"target\":[\"https:\\\/\\\/canal7slp.tv\\\/2019\\\/contamos-historias-de-mujeres-empoderadas-pedro-ortiz-de-pinedo\\\/\"]}]},{\"@type\":\"ImageObject\",\"inLanguage\":\"es\",\"@id\":\"https:\\\/\\\/canal7slp.tv\\\/2019\\\/contamos-historias-de-mujeres-empoderadas-pedro-ortiz-de-pinedo\\\/#primaryimage\",\"url\":\"https:\\\/\\\/canal7slp.tv\\\/2019\\\/wp-content\\\/uploads\\\/2019\\\/07\\\/1045-12.jpg\",\"contentUrl\":\"https:\\\/\\\/canal7slp.tv\\\/2019\\\/wp-content\\\/uploads\\\/2019\\\/07\\\/1045-12.jpg\",\"width\":546,\"height\":410},{\"@type\":\"BreadcrumbList\",\"@id\":\"https:\\\/\\\/canal7slp.tv\\\/2019\\\/contamos-historias-de-mujeres-empoderadas-pedro-ortiz-de-pinedo\\\/#breadcrumb\",\"itemListElement\":[{\"@type\":\"ListItem\",\"position\":1,\"name\":\"Home\",\"item\":\"https:\\\/\\\/canal7slp.tv\\\/2019\\\/\"},{\"@type\":\"ListItem\",\"position\":2,\"name\":\"Contamos historias de mujeres empoderadas: Pedro Ortiz de Pinedo\"}]},{\"@type\":\"WebSite\",\"@id\":\"https:\\\/\\\/canal7slp.tv\\\/2019\\\/#website\",\"url\":\"https:\\\/\\\/canal7slp.tv\\\/2019\\\/\",\"name\":\"Canal 7 SLP - Somos TV\",\"description\":\"Somos un Canal de 10\",\"publisher\":{\"@id\":\"https:\\\/\\\/canal7slp.tv\\\/2019\\\/#organization\"},\"potentialAction\":[{\"@type\":\"SearchAction\",\"target\":{\"@type\":\"EntryPoint\",\"urlTemplate\":\"https:\\\/\\\/canal7slp.tv\\\/2019\\\/?s={search_term_string}\"},\"query-input\":{\"@type\":\"PropertyValueSpecification\",\"valueRequired\":true,\"valueName\":\"search_term_string\"}}],\"inLanguage\":\"es\"},{\"@type\":\"Organization\",\"@id\":\"https:\\\/\\\/canal7slp.tv\\\/2019\\\/#organization\",\"name\":\"Comunicaci\u00f3n 2000 S.A. de C.V.\",\"url\":\"https:\\\/\\\/canal7slp.tv\\\/2019\\\/\",\"logo\":{\"@type\":\"ImageObject\",\"inLanguage\":\"es\",\"@id\":\"https:\\\/\\\/canal7slp.tv\\\/2019\\\/#\\\/schema\\\/logo\\\/image\\\/\",\"url\":\"https:\\\/\\\/canal7slp.tv\\\/2019\\\/wp-content\\\/uploads\\\/2019\\\/07\\\/logo-c7.png\",\"contentUrl\":\"https:\\\/\\\/canal7slp.tv\\\/2019\\\/wp-content\\\/uploads\\\/2019\\\/07\\\/logo-c7.png\",\"width\":220,\"height\":60,\"caption\":\"Comunicaci\u00f3n 2000 S.A. de C.V.\"},\"image\":{\"@id\":\"https:\\\/\\\/canal7slp.tv\\\/2019\\\/#\\\/schema\\\/logo\\\/image\\\/\"},\"sameAs\":[\"https:\\\/\\\/www.facebook.com\\\/CANAL7SLP\\\/\",\"https:\\\/\\\/x.com\\\/canal7_slp\",\"https:\\\/\\\/www.instagram.com\\\/canal7_slp\",\"https:\\\/\\\/www.youtube.com\\\/user\\\/NOTICIEROSCANAL7SLP\\\/\"]},{\"@type\":\"Person\",\"@id\":\"https:\\\/\\\/canal7slp.tv\\\/2019\\\/#\\\/schema\\\/person\\\/11d941c1c6ca30ac0a46b95fa37aa2e3\",\"name\":\"edicionweb\",\"image\":{\"@type\":\"ImageObject\",\"inLanguage\":\"es\",\"@id\":\"https:\\\/\\\/secure.gravatar.com\\\/avatar\\\/eee448fc3f7164808013b816ba91ac7e43bbe82a70bebac296f8bc6f0addaa1a?s=96&d=mm&r=g\",\"url\":\"https:\\\/\\\/secure.gravatar.com\\\/avatar\\\/eee448fc3f7164808013b816ba91ac7e43bbe82a70bebac296f8bc6f0addaa1a?s=96&d=mm&r=g\",\"contentUrl\":\"https:\\\/\\\/secure.gravatar.com\\\/avatar\\\/eee448fc3f7164808013b816ba91ac7e43bbe82a70bebac296f8bc6f0addaa1a?s=96&d=mm&r=g\",\"caption\":\"edicionweb\"}}]}<\/script>\n<!-- \/ Yoast SEO plugin. -->","yoast_head_json":{"title":"Contamos historias de mujeres empoderadas: Pedro Ortiz de Pinedo - Canal 7 SLP - 2019","robots":{"index":"index","follow":"follow","max-snippet":"max-snippet:-1","max-image-preview":"max-image-preview:large","max-video-preview":"max-video-preview:-1"},"canonical":"https:\/\/canal7slp.tv\/2019\/contamos-historias-de-mujeres-empoderadas-pedro-ortiz-de-pinedo\/","og_locale":"es_ES","og_type":"article","og_title":"Contamos historias de mujeres empoderadas: Pedro Ortiz de Pinedo - Canal 7 SLP - 2019","og_description":"M\u00e9xico.- El productor Pedro Ortiz de Pinedo asegur\u00f3 que las actuales historias televisivas pretenden ir m\u00e1s all\u00e1 del cuento de la \u201cCenicienta\u201d, ya que ahora se nutren de la realidad para mostrar mujeres empoderadas y dispuestas a romper con estereotipos. Por eso ahora, siguiendo esa necesidad de contar historias diferentes, el productor apuesta por hablar [&hellip;]","og_url":"https:\/\/canal7slp.tv\/2019\/contamos-historias-de-mujeres-empoderadas-pedro-ortiz-de-pinedo\/","og_site_name":"Canal 7 SLP - 2019","article_publisher":"https:\/\/www.facebook.com\/CANAL7SLP\/","article_published_time":"2019-07-25T14:20:38+00:00","og_image":[{"width":546,"height":410,"url":"https:\/\/canal7slp.tv\/2019\/wp-content\/uploads\/2019\/07\/1045-12.jpg","type":"image\/jpeg"}],"author":"edicionweb","twitter_card":"summary_large_image","twitter_creator":"@canal7_slp","twitter_site":"@canal7_slp","twitter_misc":{"Escrito por":"edicionweb","Tiempo de lectura":"2 minutos"},"schema":{"@context":"https:\/\/schema.org","@graph":[{"@type":"Article","@id":"https:\/\/canal7slp.tv\/2019\/contamos-historias-de-mujeres-empoderadas-pedro-ortiz-de-pinedo\/#article","isPartOf":{"@id":"https:\/\/canal7slp.tv\/2019\/contamos-historias-de-mujeres-empoderadas-pedro-ortiz-de-pinedo\/"},"author":{"name":"edicionweb","@id":"https:\/\/canal7slp.tv\/2019\/#\/schema\/person\/11d941c1c6ca30ac0a46b95fa37aa2e3"},"headline":"Contamos historias de mujeres empoderadas: Pedro Ortiz de Pinedo","datePublished":"2019-07-25T14:20:38+00:00","mainEntityOfPage":{"@id":"https:\/\/canal7slp.tv\/2019\/contamos-historias-de-mujeres-empoderadas-pedro-ortiz-de-pinedo\/"},"wordCount":358,"commentCount":0,"publisher":{"@id":"https:\/\/canal7slp.tv\/2019\/#organization"},"image":{"@id":"https:\/\/canal7slp.tv\/2019\/contamos-historias-de-mujeres-empoderadas-pedro-ortiz-de-pinedo\/#primaryimage"},"thumbnailUrl":"https:\/\/canal7slp.tv\/2019\/wp-content\/uploads\/2019\/07\/1045-12.jpg","articleSection":["INTERNACIONAL"],"inLanguage":"es","potentialAction":[{"@type":"CommentAction","name":"Comment","target":["https:\/\/canal7slp.tv\/2019\/contamos-historias-de-mujeres-empoderadas-pedro-ortiz-de-pinedo\/#respond"]}]},{"@type":"WebPage","@id":"https:\/\/canal7slp.tv\/2019\/contamos-historias-de-mujeres-empoderadas-pedro-ortiz-de-pinedo\/","url":"https:\/\/canal7slp.tv\/2019\/contamos-historias-de-mujeres-empoderadas-pedro-ortiz-de-pinedo\/","name":"Contamos historias de mujeres empoderadas: Pedro Ortiz de Pinedo - Canal 7 SLP - 2019","isPartOf":{"@id":"https:\/\/canal7slp.tv\/2019\/#website"},"primaryImageOfPage":{"@id":"https:\/\/canal7slp.tv\/2019\/contamos-historias-de-mujeres-empoderadas-pedro-ortiz-de-pinedo\/#primaryimage"},"image":{"@id":"https:\/\/canal7slp.tv\/2019\/contamos-historias-de-mujeres-empoderadas-pedro-ortiz-de-pinedo\/#primaryimage"},"thumbnailUrl":"https:\/\/canal7slp.tv\/2019\/wp-content\/uploads\/2019\/07\/1045-12.jpg","datePublished":"2019-07-25T14:20:38+00:00","breadcrumb":{"@id":"https:\/\/canal7slp.tv\/2019\/contamos-historias-de-mujeres-empoderadas-pedro-ortiz-de-pinedo\/#breadcrumb"},"inLanguage":"es","potentialAction":[{"@type":"ReadAction","target":["https:\/\/canal7slp.tv\/2019\/contamos-historias-de-mujeres-empoderadas-pedro-ortiz-de-pinedo\/"]}]},{"@type":"ImageObject","inLanguage":"es","@id":"https:\/\/canal7slp.tv\/2019\/contamos-historias-de-mujeres-empoderadas-pedro-ortiz-de-pinedo\/#primaryimage","url":"https:\/\/canal7slp.tv\/2019\/wp-content\/uploads\/2019\/07\/1045-12.jpg","contentUrl":"https:\/\/canal7slp.tv\/2019\/wp-content\/uploads\/2019\/07\/1045-12.jpg","width":546,"height":410},{"@type":"BreadcrumbList","@id":"https:\/\/canal7slp.tv\/2019\/contamos-historias-de-mujeres-empoderadas-pedro-ortiz-de-pinedo\/#breadcrumb","itemListElement":[{"@type":"ListItem","position":1,"name":"Home","item":"https:\/\/canal7slp.tv\/2019\/"},{"@type":"ListItem","position":2,"name":"Contamos historias de mujeres empoderadas: Pedro Ortiz de Pinedo"}]},{"@type":"WebSite","@id":"https:\/\/canal7slp.tv\/2019\/#website","url":"https:\/\/canal7slp.tv\/2019\/","name":"Canal 7 SLP - Somos TV","description":"Somos un Canal de 10","publisher":{"@id":"https:\/\/canal7slp.tv\/2019\/#organization"},"potentialAction":[{"@type":"SearchAction","target":{"@type":"EntryPoint","urlTemplate":"https:\/\/canal7slp.tv\/2019\/?s={search_term_string}"},"query-input":{"@type":"PropertyValueSpecification","valueRequired":true,"valueName":"search_term_string"}}],"inLanguage":"es"},{"@type":"Organization","@id":"https:\/\/canal7slp.tv\/2019\/#organization","name":"Comunicaci\u00f3n 2000 S.A. de C.V.","url":"https:\/\/canal7slp.tv\/2019\/","logo":{"@type":"ImageObject","inLanguage":"es","@id":"https:\/\/canal7slp.tv\/2019\/#\/schema\/logo\/image\/","url":"https:\/\/canal7slp.tv\/2019\/wp-content\/uploads\/2019\/07\/logo-c7.png","contentUrl":"https:\/\/canal7slp.tv\/2019\/wp-content\/uploads\/2019\/07\/logo-c7.png","width":220,"height":60,"caption":"Comunicaci\u00f3n 2000 S.A. de C.V."},"image":{"@id":"https:\/\/canal7slp.tv\/2019\/#\/schema\/logo\/image\/"},"sameAs":["https:\/\/www.facebook.com\/CANAL7SLP\/","https:\/\/x.com\/canal7_slp","https:\/\/www.instagram.com\/canal7_slp","https:\/\/www.youtube.com\/user\/NOTICIEROSCANAL7SLP\/"]},{"@type":"Person","@id":"https:\/\/canal7slp.tv\/2019\/#\/schema\/person\/11d941c1c6ca30ac0a46b95fa37aa2e3","name":"edicionweb","image":{"@type":"ImageObject","inLanguage":"es","@id":"https:\/\/secure.gravatar.com\/avatar\/eee448fc3f7164808013b816ba91ac7e43bbe82a70bebac296f8bc6f0addaa1a?s=96&d=mm&r=g","url":"https:\/\/secure.gravatar.com\/avatar\/eee448fc3f7164808013b816ba91ac7e43bbe82a70bebac296f8bc6f0addaa1a?s=96&d=mm&r=g","contentUrl":"https:\/\/secure.gravatar.com\/avatar\/eee448fc3f7164808013b816ba91ac7e43bbe82a70bebac296f8bc6f0addaa1a?s=96&d=mm&r=g","caption":"edicionweb"}}]}},"amp_enabled":true,"cmb2":{"video_ids_in_playlist":{"vid_p_videos":""},"video_ids_in_channel":{"vid_c_videos":""},"playlist_ids_in_channel":{"vid_c_playlists":""},"series_ids_in_channel":{"vid_c_series":""},"channel_images":{"vid_c_logo":"","vid_c_banner":""},"poster_feature_image":{"vid_m_poster_image":""},"gif_feature_image":{"vid_m_gif_image":""},"video_movie_settings":{"vid_m_director":"","vid_m_actor":"","vid_m_imdb_ratings":"","vid_m_amazon_associates":""},"vid_youtube_broadcasts_settings":{"vid_yb_broadcast_title":"","vid_yb_q":"","vid_yb_channelid":"","vid_yb_videocategoryid":"","vid_yb_maxresults":"","vid_yb_order":"","vid_yb_regioncode":"","vid_yb_videosyndicated":"","vid_yb_style":"","vid_yb_reload_first":""},"video_series_settings":{"vid_m_director":"","vid_m_actor":"","vid_m_imdb_ratings":"","video_series_group":""},"amazon_associates_settings":{"amazon_associates":"","amazon_native_ad":""},"vid_youtube_automatic_settings":{"vid_ya_youtube_source":"","vid_ya_update_every":"","vid_ya_update_unit":"","vid_ya_categories":"","vid_ya_published_after":"","vid_ya_published_before":"","vid_ya_playlists":"","vid_ya_channels":"","vid_ya_director":"","vid_ya_actor":"","vid_ya_author":"","vid_ya_import_post_date":"","vid_ya_status":"","vid_ya_sub_api_key":""},"vid_ads_m_videoads_settings_post":{"vid_ads_m_video_ads":"","vid_ads_m_video_ads_type":"","vid_ads_m_group_google_ima":"","vid_ads_m_group_image":"","vid_ads_m_group_html5_video":"","vid_ads_m_group_html":"","vid_ads_m_vast_preroll":"","vid_ads_m_vast_postroll":"","vid_ads_m_vast_pauseroll":"","vid_ads_m_vast_midroll":[{"vid_ads_m_vast_timer_seconds":"50"}],"vid_ads_m_time_to_show_ads":"","vid_ads_m_time_skip_ads":"","vid_ads_m_time_to_hide_ads":""},"page_slider_settings":{"display_slider_group":"","page_slider_group":""},"blog_page_settings":{"blog_page_title":"","blog_page_heading":"","blog_page_ic":"","blog_page_it":"","blog_page_ec":"","blog_page_ip":"","archive_loop_style":"","blog_image_ratio":"","blog_show_categories":"","blog_show_excerpt":"","blog_show_author":"","blog_show_date":"","blog_show_comment_count":"","blog_show_view_count":"","blog_show_like_count":"","blog_show_dislike_count":"","blog_items_per_page":"","blog_pag_type":""},"page_options":{"get_page_template":"","color_mode":"","main_layout":"","main_layout_full_with":"","main_logo":"","main_logo_retina":"","main_logo_mobile":"","main_logo_mobile_retina":"","sticky_logo":"","sticky_logo_retina":"","main_nav_layout":"","ajax_search":"","header_background":"","theme_sidebar":"","instagram_feed":"","instagram_feed_position":"","popular_videos":"","popular_videos_title_1":"","popular_videos_title_2":"","popular_videos_ic":"","popular_videos_it":"","theme_background":"","page_custom_css":""},"feature_image_settings":{"feature_image_position":""},"video_player_settings":{"single_video_style":"","video_player_position":"","vm_video_url":"","video_player_library":"","video_streaming":"","vm_media_sources":"","vid_auto_play":"","vm_video_shortcode":"","vid_p_sync_playlist":"","vid_c_sync_channel":"","get_post_format":"","multiple_links_structure":"default","multi_links_title":"","vm_video_multi_links":"","vm_duration":"","vid_social_locker":"off","vid_social_locker_id":"","vid_membership_action":"content-video","vm_video_trailer_url":"","vid_download_type":"free","vid_download_target":"download","vid_woo_product":"","vm_media_download":"","user_rating":"","user_rating_position":"","user_rating_mode":"","user_rating_multi_sets":""},"video_auto_fetch_settings":{"vm_video_fetch":"on"},"video_fake_views_likes":{"vm_fake_views":"","vm_fake_likes":"","vm_fake_dislikes":""},"gallery_settings":{"gallery_position":""},"quote_settings":{"quote_position":""},"post_options":{"main_layout":"","main_logo":"","main_logo_retina":"","main_logo_mobile":"","main_logo_mobile_retina":"","sticky_logo":"","sticky_logo_retina":"","main_nav_layout":"","header_background":"","theme_sidebar":"","single_post_comment_type":"","theme_background":""}},"_links":{"self":[{"href":"https:\/\/canal7slp.tv\/2019\/wp-json\/wp\/v2\/posts\/39240","targetHints":{"allow":["GET"]}}],"collection":[{"href":"https:\/\/canal7slp.tv\/2019\/wp-json\/wp\/v2\/posts"}],"about":[{"href":"https:\/\/canal7slp.tv\/2019\/wp-json\/wp\/v2\/types\/post"}],"author":[{"embeddable":true,"href":"https:\/\/canal7slp.tv\/2019\/wp-json\/wp\/v2\/users\/2"}],"replies":[{"embeddable":true,"href":"https:\/\/canal7slp.tv\/2019\/wp-json\/wp\/v2\/comments?post=39240"}],"version-history":[{"count":0,"href":"https:\/\/canal7slp.tv\/2019\/wp-json\/wp\/v2\/posts\/39240\/revisions"}],"wp:featuredmedia":[{"embeddable":true,"href":"https:\/\/canal7slp.tv\/2019\/wp-json\/wp\/v2\/media\/39241"}],"wp:attachment":[{"href":"https:\/\/canal7slp.tv\/2019\/wp-json\/wp\/v2\/media?parent=39240"}],"wp:term":[{"taxonomy":"category","embeddable":true,"href":"https:\/\/canal7slp.tv\/2019\/wp-json\/wp\/v2\/categories?post=39240"},{"taxonomy":"post_tag","embeddable":true,"href":"https:\/\/canal7slp.tv\/2019\/wp-json\/wp\/v2\/tags?post=39240"}],"curies":[{"name":"wp","href":"https:\/\/api.w.org\/{rel}","templated":true}]}}