{"id":39048,"date":"2019-07-24T19:57:06","date_gmt":"2019-07-25T00:57:06","guid":{"rendered":"https:\/\/canal7slp.tv\/2019\/?p=39048"},"modified":"2019-07-24T19:57:06","modified_gmt":"2019-07-25T00:57:06","slug":"detencion-de-gilda-austin-la-primera-por-caso-odebrecht","status":"publish","type":"post","link":"https:\/\/canal7slp.tv\/2019\/detencion-de-gilda-austin-la-primera-por-caso-odebrecht\/","title":{"rendered":"Detenci\u00f3n de Gilda Austin, la primera por caso Odebrecht"},"content":{"rendered":"<p style=\"text-align: justify;\">M\u00e9xico.- Aun cuando el abogado de Emilio Lozoya, Javier Coello, hubiera informado de la detenci\u00f3n en Alemania de Gilda Austin, madre de Emilio Lozoya, y de que la Fiscal\u00eda General de la Rep\u00fablica no haya sido notificada de manera oficial, se trata de la primera aprehensi\u00f3n por el caso Odebrecht.<\/p>\n<p style=\"text-align: justify;\">El arresto de Gilda Austin, acusada por la Fiscal\u00eda de asociaci\u00f3n delictuosa y operaciones con recursos de procedencia il\u00edcita, est\u00e1 vinculado con una transferencia por 185 mil d\u00f3lares realizada en noviembre de 2012 desde una cuenta en Suiza, que se presume que fue utilizada para la triangulaci\u00f3n de sobornos de Odebrecht y de Altos Hornos de M\u00e9xico (AHMSA).<\/p>\n<p style=\"text-align: justify;\">Seg\u00fan una investigaci\u00f3n de la organizaci\u00f3n Mexicanos Contra la Corrupci\u00f3n e Impunidad, el dinero transferido el 22 de noviembre de 2012 a Gilda Austin equival\u00eda a dos millones 401 mil pesos, monto que ser\u00eda utilizado para pagar abogados e impuestos de la residencia que d\u00edas antes hab\u00eda adquirido el exdirector de Petr\u00f3leos Mexicanos (Pemex) en el exclusivo fraccionamiento Lomas de Bezares.<\/p>\n<p style=\"text-align: justify;\">La referida organizaci\u00f3n record\u00f3 que el 28 de mayo pasado Lozoya Austin adquiri\u00f3 el inmueble de mil 165 metros cuadrados, ubicada en Ladera 20, interior 11, a un precio de 38 millones 175 mil pesos, con dinero que las autoridades investigaban como parte de los sobornos pagados por Odebrecht y por AHMSA, y el cual ya fue asegurado por las autoridades.<\/p>\n<p style=\"text-align: justify;\">La adquisici\u00f3n de la casa, abund\u00f3, hab\u00eda sido formalizada el 14 de noviembre de 2012, el cual estaba registrado como propiedad de Mar\u00eda del Carmen Ampudia, esposa de Carlos Enrique Valenzuela, miembro del Consejo de Administraci\u00f3n del Grupo Financiero Intercam.<\/p>\n<p style=\"text-align: justify;\">De acuerdo con datos oficiales, expuso, el 1 de diciembre de 2012, unos 2.5 millones de francos suizos fueron transferidos a cuentas atribuidas a Ampudia C\u00e1rdenas, los cuales equival\u00edan en ese a\u00f1o a 38 millones de pesos, \u201cjusto la cantidad que Lozoya pact\u00f3 pagar por la vivienda\u201d, abund\u00f3 la organizaci\u00f3n.<\/p>\n<p style=\"text-align: justify;\">Ese dinero fue transferido a la se\u00f1ora Ampudia C\u00e1rdenas desde una cuenta del banco Gonet &amp; Cie de Suiza, a nombre de la empresa Tochos Holding Limited, que ten\u00eda como beneficiarios a Emilio Lozoya y a su hermana Gilda Susana, seg\u00fan la investigaci\u00f3n de la Fiscal\u00eda.<\/p>\n<p style=\"text-align: justify;\">D\u00edas antes de la detenci\u00f3n de la madre de Lozoya, de Tochos Holding salieron 185 mil d\u00f3lares a la cuenta 01643178154 en el banco BBVA, cuya titular es la madre de Emilio Lozoya, transacci\u00f3n por la cual un juez de control le gir\u00f3 una orden de aprehensi\u00f3n a principios de junio, la cual fue cumplimentada este martes, explic\u00f3.<\/p>\n<p style=\"text-align: justify;\">Informaci\u00f3n de las autoridades se\u00f1ala que esa misma cuenta hab\u00eda registrado en 2010 una transferencia de cinco millones de pesos provenientes de Tochos Holding, cuenta de la que en agosto de 2013 salieron transferencias con las que la esposa de Lozoya, Marielle Helene Eckes, adquiri\u00f3 una mansi\u00f3n en Ixtapa, Guerrero, valuada en 1.9 millones de d\u00f3lares, y que tambi\u00e9n fue asegurada por la Fiscal\u00eda.<\/p>\n<p style=\"text-align: justify;\">En la adquisici\u00f3n de este segundo inmueble particip\u00f3 como intermediario el abogado Juan Carlos Quintana Serur, quien se ha desempe\u00f1ado como secretario del Consejo de Administraci\u00f3n de Altos Hornos de M\u00e9xico (AHMSA).<\/p>\n<p style=\"text-align: justify;\">Abund\u00f3 que la mansi\u00f3n que la Fiscal\u00eda se\u00f1ala como evidencia de corrupci\u00f3n est\u00e1 ubicada en un acantilado en el que se desarroll\u00f3 el condominio \u201cQuinta Mar\u201d, formado por s\u00f3lo tres residencias de lujo, la mayor de las cuales es la que fue adquirida a favor de la esposa de Lozoya y cuenta con una superficie de tres mil 578 metros cuadrados.<\/p>\n<p style=\"text-align: justify;\">La organizaci\u00f3n explic\u00f3 que \u201clos casos de corrupci\u00f3n de Odebrecht y AHMSA se entrecruzan, porque ambas empresas traspasaron dinero a cuentas en Suiza que las autoridades vinculan con pagos de sobornos al ex director de Pemex, Emilio Lozoya.<\/p>\n<p style=\"text-align: justify;\">A\u00f1adi\u00f3 que la Fiscal\u00eda General de la Rep\u00fablica sustenta la acusaci\u00f3n en que hay indicios de que la cuenta de Tochos Holding en Suiza fue utilizada para triangular sobornos de Odebrecht y se hab\u00edan identificado siete dep\u00f3sitos por tres millones 150 mil d\u00f3lares que Odebrecht habr\u00eda realizado entre abril y junio de 2012 a la cuenta 126007 en el banco Gonet &amp; Cie de Suiza, que tendr\u00eda como beneficiaria a la hermana de Lozoya.<\/p>\n<p style=\"text-align: justify;\">Dicha cuenta estaba a nombre de Latin America Asia Capital Holding, una empresa offshore creada en Islas V\u00edrgenes Brit\u00e1nicas y que exdirectivos de Odebrecht aseguran que es a la que depositaron una primera tanda de sobornos a Lozoya, a petici\u00f3n de \u00e9l mismo, lo cual el exdirector de Pemex ha negado en reiteradas ocasiones.<\/p>\n<p style=\"text-align: justify;\">Las autoridades identificaron que la cuenta de Latin America Asia Capital fue cancelada el 1 de noviembre de 2012 y los fondos fueron transferidos a otra cuenta en el mismo banco suizo, pero a nombre de Tochos Holding; agreg\u00f3 que en la documentaci\u00f3n financiera recopilada por la Fiscal\u00eda, el beneficiario registrado es Emilio Lozoya y las autoridades investigan posibles transferencias de AHMSA a la misma cuenta de Tochos.<\/p>\n","protected":false},"excerpt":{"rendered":"<p>M\u00e9xico.- Aun cuando el abogado de Emilio Lozoya, Javier Coello, hubiera informado de la detenci\u00f3n en Alemania de Gilda Austin, madre de Emilio Lozoya, y de que la Fiscal\u00eda General de la Rep\u00fablica no haya sido notificada de manera oficial, se trata de la primera aprehensi\u00f3n por el caso Odebrecht. El arresto de Gilda Austin, [&hellip;]<\/p>\n","protected":false},"author":2,"featured_media":39049,"comment_status":"open","ping_status":"closed","sticky":false,"template":"","format":"standard","meta":{"footnotes":""},"categories":[30],"tags":[],"class_list":["post-39048","post","type-post","status-publish","format-standard","has-post-thumbnail","hentry","category-nacional"],"yoast_head":"<!-- This site is optimized with the Yoast SEO plugin v27.4 - https:\/\/yoast.com\/product\/yoast-seo-wordpress\/ -->\n<title>Detenci\u00f3n de Gilda Austin, la primera por caso Odebrecht - Canal 7 SLP - 2019<\/title>\n<meta name=\"robots\" content=\"index, follow, max-snippet:-1, max-image-preview:large, max-video-preview:-1\" \/>\n<link rel=\"canonical\" href=\"https:\/\/canal7slp.tv\/2019\/detencion-de-gilda-austin-la-primera-por-caso-odebrecht\/\" \/>\n<meta property=\"og:locale\" content=\"es_ES\" \/>\n<meta property=\"og:type\" content=\"article\" \/>\n<meta property=\"og:title\" content=\"Detenci\u00f3n de Gilda Austin, la primera por caso Odebrecht - Canal 7 SLP - 2019\" \/>\n<meta property=\"og:description\" content=\"M\u00e9xico.- Aun cuando el abogado de Emilio Lozoya, Javier Coello, hubiera informado de la detenci\u00f3n en Alemania de Gilda Austin, madre de Emilio Lozoya, y de que la Fiscal\u00eda General de la Rep\u00fablica no haya sido notificada de manera oficial, se trata de la primera aprehensi\u00f3n por el caso Odebrecht. El arresto de Gilda Austin, [&hellip;]\" \/>\n<meta property=\"og:url\" content=\"https:\/\/canal7slp.tv\/2019\/detencion-de-gilda-austin-la-primera-por-caso-odebrecht\/\" \/>\n<meta property=\"og:site_name\" content=\"Canal 7 SLP - 2019\" \/>\n<meta property=\"article:publisher\" content=\"https:\/\/www.facebook.com\/CANAL7SLP\/\" \/>\n<meta property=\"article:published_time\" content=\"2019-07-25T00:57:06+00:00\" \/>\n<meta property=\"og:image\" content=\"https:\/\/canal7slp.tv\/2019\/wp-content\/uploads\/2019\/07\/02-24.jpg\" \/>\n\t<meta property=\"og:image:width\" content=\"554\" \/>\n\t<meta property=\"og:image:height\" content=\"410\" \/>\n\t<meta property=\"og:image:type\" content=\"image\/jpeg\" \/>\n<meta name=\"author\" content=\"edicionweb\" \/>\n<meta name=\"twitter:card\" content=\"summary_large_image\" \/>\n<meta name=\"twitter:creator\" content=\"@canal7_slp\" \/>\n<meta name=\"twitter:site\" content=\"@canal7_slp\" \/>\n<meta name=\"twitter:label1\" content=\"Escrito por\" \/>\n\t<meta name=\"twitter:data1\" content=\"edicionweb\" \/>\n\t<meta name=\"twitter:label2\" content=\"Tiempo de lectura\" \/>\n\t<meta name=\"twitter:data2\" content=\"4 minutos\" \/>\n<script type=\"application\/ld+json\" class=\"yoast-schema-graph\">{\"@context\":\"https:\\\/\\\/schema.org\",\"@graph\":[{\"@type\":\"Article\",\"@id\":\"https:\\\/\\\/canal7slp.tv\\\/2019\\\/detencion-de-gilda-austin-la-primera-por-caso-odebrecht\\\/#article\",\"isPartOf\":{\"@id\":\"https:\\\/\\\/canal7slp.tv\\\/2019\\\/detencion-de-gilda-austin-la-primera-por-caso-odebrecht\\\/\"},\"author\":{\"name\":\"edicionweb\",\"@id\":\"https:\\\/\\\/canal7slp.tv\\\/2019\\\/#\\\/schema\\\/person\\\/11d941c1c6ca30ac0a46b95fa37aa2e3\"},\"headline\":\"Detenci\u00f3n de Gilda Austin, la primera por caso Odebrecht\",\"datePublished\":\"2019-07-25T00:57:06+00:00\",\"mainEntityOfPage\":{\"@id\":\"https:\\\/\\\/canal7slp.tv\\\/2019\\\/detencion-de-gilda-austin-la-primera-por-caso-odebrecht\\\/\"},\"wordCount\":870,\"commentCount\":0,\"publisher\":{\"@id\":\"https:\\\/\\\/canal7slp.tv\\\/2019\\\/#organization\"},\"image\":{\"@id\":\"https:\\\/\\\/canal7slp.tv\\\/2019\\\/detencion-de-gilda-austin-la-primera-por-caso-odebrecht\\\/#primaryimage\"},\"thumbnailUrl\":\"https:\\\/\\\/canal7slp.tv\\\/2019\\\/wp-content\\\/uploads\\\/2019\\\/07\\\/02-24.jpg\",\"articleSection\":[\"NACIONAL\"],\"inLanguage\":\"es\",\"potentialAction\":[{\"@type\":\"CommentAction\",\"name\":\"Comment\",\"target\":[\"https:\\\/\\\/canal7slp.tv\\\/2019\\\/detencion-de-gilda-austin-la-primera-por-caso-odebrecht\\\/#respond\"]}]},{\"@type\":\"WebPage\",\"@id\":\"https:\\\/\\\/canal7slp.tv\\\/2019\\\/detencion-de-gilda-austin-la-primera-por-caso-odebrecht\\\/\",\"url\":\"https:\\\/\\\/canal7slp.tv\\\/2019\\\/detencion-de-gilda-austin-la-primera-por-caso-odebrecht\\\/\",\"name\":\"Detenci\u00f3n de Gilda Austin, la primera por caso Odebrecht - Canal 7 SLP - 2019\",\"isPartOf\":{\"@id\":\"https:\\\/\\\/canal7slp.tv\\\/2019\\\/#website\"},\"primaryImageOfPage\":{\"@id\":\"https:\\\/\\\/canal7slp.tv\\\/2019\\\/detencion-de-gilda-austin-la-primera-por-caso-odebrecht\\\/#primaryimage\"},\"image\":{\"@id\":\"https:\\\/\\\/canal7slp.tv\\\/2019\\\/detencion-de-gilda-austin-la-primera-por-caso-odebrecht\\\/#primaryimage\"},\"thumbnailUrl\":\"https:\\\/\\\/canal7slp.tv\\\/2019\\\/wp-content\\\/uploads\\\/2019\\\/07\\\/02-24.jpg\",\"datePublished\":\"2019-07-25T00:57:06+00:00\",\"breadcrumb\":{\"@id\":\"https:\\\/\\\/canal7slp.tv\\\/2019\\\/detencion-de-gilda-austin-la-primera-por-caso-odebrecht\\\/#breadcrumb\"},\"inLanguage\":\"es\",\"potentialAction\":[{\"@type\":\"ReadAction\",\"target\":[\"https:\\\/\\\/canal7slp.tv\\\/2019\\\/detencion-de-gilda-austin-la-primera-por-caso-odebrecht\\\/\"]}]},{\"@type\":\"ImageObject\",\"inLanguage\":\"es\",\"@id\":\"https:\\\/\\\/canal7slp.tv\\\/2019\\\/detencion-de-gilda-austin-la-primera-por-caso-odebrecht\\\/#primaryimage\",\"url\":\"https:\\\/\\\/canal7slp.tv\\\/2019\\\/wp-content\\\/uploads\\\/2019\\\/07\\\/02-24.jpg\",\"contentUrl\":\"https:\\\/\\\/canal7slp.tv\\\/2019\\\/wp-content\\\/uploads\\\/2019\\\/07\\\/02-24.jpg\",\"width\":554,\"height\":410},{\"@type\":\"BreadcrumbList\",\"@id\":\"https:\\\/\\\/canal7slp.tv\\\/2019\\\/detencion-de-gilda-austin-la-primera-por-caso-odebrecht\\\/#breadcrumb\",\"itemListElement\":[{\"@type\":\"ListItem\",\"position\":1,\"name\":\"Home\",\"item\":\"https:\\\/\\\/canal7slp.tv\\\/2019\\\/\"},{\"@type\":\"ListItem\",\"position\":2,\"name\":\"Detenci\u00f3n de Gilda Austin, la primera por caso Odebrecht\"}]},{\"@type\":\"WebSite\",\"@id\":\"https:\\\/\\\/canal7slp.tv\\\/2019\\\/#website\",\"url\":\"https:\\\/\\\/canal7slp.tv\\\/2019\\\/\",\"name\":\"Canal 7 SLP - Somos TV\",\"description\":\"Somos un Canal de 10\",\"publisher\":{\"@id\":\"https:\\\/\\\/canal7slp.tv\\\/2019\\\/#organization\"},\"potentialAction\":[{\"@type\":\"SearchAction\",\"target\":{\"@type\":\"EntryPoint\",\"urlTemplate\":\"https:\\\/\\\/canal7slp.tv\\\/2019\\\/?s={search_term_string}\"},\"query-input\":{\"@type\":\"PropertyValueSpecification\",\"valueRequired\":true,\"valueName\":\"search_term_string\"}}],\"inLanguage\":\"es\"},{\"@type\":\"Organization\",\"@id\":\"https:\\\/\\\/canal7slp.tv\\\/2019\\\/#organization\",\"name\":\"Comunicaci\u00f3n 2000 S.A. de C.V.\",\"url\":\"https:\\\/\\\/canal7slp.tv\\\/2019\\\/\",\"logo\":{\"@type\":\"ImageObject\",\"inLanguage\":\"es\",\"@id\":\"https:\\\/\\\/canal7slp.tv\\\/2019\\\/#\\\/schema\\\/logo\\\/image\\\/\",\"url\":\"https:\\\/\\\/canal7slp.tv\\\/2019\\\/wp-content\\\/uploads\\\/2019\\\/07\\\/logo-c7.png\",\"contentUrl\":\"https:\\\/\\\/canal7slp.tv\\\/2019\\\/wp-content\\\/uploads\\\/2019\\\/07\\\/logo-c7.png\",\"width\":220,\"height\":60,\"caption\":\"Comunicaci\u00f3n 2000 S.A. de C.V.\"},\"image\":{\"@id\":\"https:\\\/\\\/canal7slp.tv\\\/2019\\\/#\\\/schema\\\/logo\\\/image\\\/\"},\"sameAs\":[\"https:\\\/\\\/www.facebook.com\\\/CANAL7SLP\\\/\",\"https:\\\/\\\/x.com\\\/canal7_slp\",\"https:\\\/\\\/www.instagram.com\\\/canal7_slp\",\"https:\\\/\\\/www.youtube.com\\\/user\\\/NOTICIEROSCANAL7SLP\\\/\"]},{\"@type\":\"Person\",\"@id\":\"https:\\\/\\\/canal7slp.tv\\\/2019\\\/#\\\/schema\\\/person\\\/11d941c1c6ca30ac0a46b95fa37aa2e3\",\"name\":\"edicionweb\",\"image\":{\"@type\":\"ImageObject\",\"inLanguage\":\"es\",\"@id\":\"https:\\\/\\\/secure.gravatar.com\\\/avatar\\\/eee448fc3f7164808013b816ba91ac7e43bbe82a70bebac296f8bc6f0addaa1a?s=96&d=mm&r=g\",\"url\":\"https:\\\/\\\/secure.gravatar.com\\\/avatar\\\/eee448fc3f7164808013b816ba91ac7e43bbe82a70bebac296f8bc6f0addaa1a?s=96&d=mm&r=g\",\"contentUrl\":\"https:\\\/\\\/secure.gravatar.com\\\/avatar\\\/eee448fc3f7164808013b816ba91ac7e43bbe82a70bebac296f8bc6f0addaa1a?s=96&d=mm&r=g\",\"caption\":\"edicionweb\"}}]}<\/script>\n<!-- \/ Yoast SEO plugin. -->","yoast_head_json":{"title":"Detenci\u00f3n de Gilda Austin, la primera por caso Odebrecht - Canal 7 SLP - 2019","robots":{"index":"index","follow":"follow","max-snippet":"max-snippet:-1","max-image-preview":"max-image-preview:large","max-video-preview":"max-video-preview:-1"},"canonical":"https:\/\/canal7slp.tv\/2019\/detencion-de-gilda-austin-la-primera-por-caso-odebrecht\/","og_locale":"es_ES","og_type":"article","og_title":"Detenci\u00f3n de Gilda Austin, la primera por caso Odebrecht - Canal 7 SLP - 2019","og_description":"M\u00e9xico.- Aun cuando el abogado de Emilio Lozoya, Javier Coello, hubiera informado de la detenci\u00f3n en Alemania de Gilda Austin, madre de Emilio Lozoya, y de que la Fiscal\u00eda General de la Rep\u00fablica no haya sido notificada de manera oficial, se trata de la primera aprehensi\u00f3n por el caso Odebrecht. El arresto de Gilda Austin, [&hellip;]","og_url":"https:\/\/canal7slp.tv\/2019\/detencion-de-gilda-austin-la-primera-por-caso-odebrecht\/","og_site_name":"Canal 7 SLP - 2019","article_publisher":"https:\/\/www.facebook.com\/CANAL7SLP\/","article_published_time":"2019-07-25T00:57:06+00:00","og_image":[{"width":554,"height":410,"url":"https:\/\/canal7slp.tv\/2019\/wp-content\/uploads\/2019\/07\/02-24.jpg","type":"image\/jpeg"}],"author":"edicionweb","twitter_card":"summary_large_image","twitter_creator":"@canal7_slp","twitter_site":"@canal7_slp","twitter_misc":{"Escrito por":"edicionweb","Tiempo de lectura":"4 minutos"},"schema":{"@context":"https:\/\/schema.org","@graph":[{"@type":"Article","@id":"https:\/\/canal7slp.tv\/2019\/detencion-de-gilda-austin-la-primera-por-caso-odebrecht\/#article","isPartOf":{"@id":"https:\/\/canal7slp.tv\/2019\/detencion-de-gilda-austin-la-primera-por-caso-odebrecht\/"},"author":{"name":"edicionweb","@id":"https:\/\/canal7slp.tv\/2019\/#\/schema\/person\/11d941c1c6ca30ac0a46b95fa37aa2e3"},"headline":"Detenci\u00f3n de Gilda Austin, la primera por caso Odebrecht","datePublished":"2019-07-25T00:57:06+00:00","mainEntityOfPage":{"@id":"https:\/\/canal7slp.tv\/2019\/detencion-de-gilda-austin-la-primera-por-caso-odebrecht\/"},"wordCount":870,"commentCount":0,"publisher":{"@id":"https:\/\/canal7slp.tv\/2019\/#organization"},"image":{"@id":"https:\/\/canal7slp.tv\/2019\/detencion-de-gilda-austin-la-primera-por-caso-odebrecht\/#primaryimage"},"thumbnailUrl":"https:\/\/canal7slp.tv\/2019\/wp-content\/uploads\/2019\/07\/02-24.jpg","articleSection":["NACIONAL"],"inLanguage":"es","potentialAction":[{"@type":"CommentAction","name":"Comment","target":["https:\/\/canal7slp.tv\/2019\/detencion-de-gilda-austin-la-primera-por-caso-odebrecht\/#respond"]}]},{"@type":"WebPage","@id":"https:\/\/canal7slp.tv\/2019\/detencion-de-gilda-austin-la-primera-por-caso-odebrecht\/","url":"https:\/\/canal7slp.tv\/2019\/detencion-de-gilda-austin-la-primera-por-caso-odebrecht\/","name":"Detenci\u00f3n de Gilda Austin, la primera por caso Odebrecht - Canal 7 SLP - 2019","isPartOf":{"@id":"https:\/\/canal7slp.tv\/2019\/#website"},"primaryImageOfPage":{"@id":"https:\/\/canal7slp.tv\/2019\/detencion-de-gilda-austin-la-primera-por-caso-odebrecht\/#primaryimage"},"image":{"@id":"https:\/\/canal7slp.tv\/2019\/detencion-de-gilda-austin-la-primera-por-caso-odebrecht\/#primaryimage"},"thumbnailUrl":"https:\/\/canal7slp.tv\/2019\/wp-content\/uploads\/2019\/07\/02-24.jpg","datePublished":"2019-07-25T00:57:06+00:00","breadcrumb":{"@id":"https:\/\/canal7slp.tv\/2019\/detencion-de-gilda-austin-la-primera-por-caso-odebrecht\/#breadcrumb"},"inLanguage":"es","potentialAction":[{"@type":"ReadAction","target":["https:\/\/canal7slp.tv\/2019\/detencion-de-gilda-austin-la-primera-por-caso-odebrecht\/"]}]},{"@type":"ImageObject","inLanguage":"es","@id":"https:\/\/canal7slp.tv\/2019\/detencion-de-gilda-austin-la-primera-por-caso-odebrecht\/#primaryimage","url":"https:\/\/canal7slp.tv\/2019\/wp-content\/uploads\/2019\/07\/02-24.jpg","contentUrl":"https:\/\/canal7slp.tv\/2019\/wp-content\/uploads\/2019\/07\/02-24.jpg","width":554,"height":410},{"@type":"BreadcrumbList","@id":"https:\/\/canal7slp.tv\/2019\/detencion-de-gilda-austin-la-primera-por-caso-odebrecht\/#breadcrumb","itemListElement":[{"@type":"ListItem","position":1,"name":"Home","item":"https:\/\/canal7slp.tv\/2019\/"},{"@type":"ListItem","position":2,"name":"Detenci\u00f3n de Gilda Austin, la primera por caso Odebrecht"}]},{"@type":"WebSite","@id":"https:\/\/canal7slp.tv\/2019\/#website","url":"https:\/\/canal7slp.tv\/2019\/","name":"Canal 7 SLP - Somos TV","description":"Somos un Canal de 10","publisher":{"@id":"https:\/\/canal7slp.tv\/2019\/#organization"},"potentialAction":[{"@type":"SearchAction","target":{"@type":"EntryPoint","urlTemplate":"https:\/\/canal7slp.tv\/2019\/?s={search_term_string}"},"query-input":{"@type":"PropertyValueSpecification","valueRequired":true,"valueName":"search_term_string"}}],"inLanguage":"es"},{"@type":"Organization","@id":"https:\/\/canal7slp.tv\/2019\/#organization","name":"Comunicaci\u00f3n 2000 S.A. de C.V.","url":"https:\/\/canal7slp.tv\/2019\/","logo":{"@type":"ImageObject","inLanguage":"es","@id":"https:\/\/canal7slp.tv\/2019\/#\/schema\/logo\/image\/","url":"https:\/\/canal7slp.tv\/2019\/wp-content\/uploads\/2019\/07\/logo-c7.png","contentUrl":"https:\/\/canal7slp.tv\/2019\/wp-content\/uploads\/2019\/07\/logo-c7.png","width":220,"height":60,"caption":"Comunicaci\u00f3n 2000 S.A. de C.V."},"image":{"@id":"https:\/\/canal7slp.tv\/2019\/#\/schema\/logo\/image\/"},"sameAs":["https:\/\/www.facebook.com\/CANAL7SLP\/","https:\/\/x.com\/canal7_slp","https:\/\/www.instagram.com\/canal7_slp","https:\/\/www.youtube.com\/user\/NOTICIEROSCANAL7SLP\/"]},{"@type":"Person","@id":"https:\/\/canal7slp.tv\/2019\/#\/schema\/person\/11d941c1c6ca30ac0a46b95fa37aa2e3","name":"edicionweb","image":{"@type":"ImageObject","inLanguage":"es","@id":"https:\/\/secure.gravatar.com\/avatar\/eee448fc3f7164808013b816ba91ac7e43bbe82a70bebac296f8bc6f0addaa1a?s=96&d=mm&r=g","url":"https:\/\/secure.gravatar.com\/avatar\/eee448fc3f7164808013b816ba91ac7e43bbe82a70bebac296f8bc6f0addaa1a?s=96&d=mm&r=g","contentUrl":"https:\/\/secure.gravatar.com\/avatar\/eee448fc3f7164808013b816ba91ac7e43bbe82a70bebac296f8bc6f0addaa1a?s=96&d=mm&r=g","caption":"edicionweb"}}]}},"amp_enabled":true,"cmb2":{"video_ids_in_playlist":{"vid_p_videos":""},"video_ids_in_channel":{"vid_c_videos":""},"playlist_ids_in_channel":{"vid_c_playlists":""},"series_ids_in_channel":{"vid_c_series":""},"channel_images":{"vid_c_logo":"","vid_c_banner":""},"poster_feature_image":{"vid_m_poster_image":""},"gif_feature_image":{"vid_m_gif_image":""},"video_movie_settings":{"vid_m_director":"","vid_m_actor":"","vid_m_imdb_ratings":"","vid_m_amazon_associates":""},"vid_youtube_broadcasts_settings":{"vid_yb_broadcast_title":"","vid_yb_q":"","vid_yb_channelid":"","vid_yb_videocategoryid":"","vid_yb_maxresults":"","vid_yb_order":"","vid_yb_regioncode":"","vid_yb_videosyndicated":"","vid_yb_style":"","vid_yb_reload_first":""},"video_series_settings":{"vid_m_director":"","vid_m_actor":"","vid_m_imdb_ratings":"","video_series_group":""},"amazon_associates_settings":{"amazon_associates":"","amazon_native_ad":""},"vid_youtube_automatic_settings":{"vid_ya_youtube_source":"","vid_ya_update_every":"","vid_ya_update_unit":"","vid_ya_categories":"","vid_ya_published_after":"","vid_ya_published_before":"","vid_ya_playlists":"","vid_ya_channels":"","vid_ya_director":"","vid_ya_actor":"","vid_ya_author":"","vid_ya_import_post_date":"","vid_ya_status":"","vid_ya_sub_api_key":""},"vid_ads_m_videoads_settings_post":{"vid_ads_m_video_ads":"","vid_ads_m_video_ads_type":"","vid_ads_m_group_google_ima":"","vid_ads_m_group_image":"","vid_ads_m_group_html5_video":"","vid_ads_m_group_html":"","vid_ads_m_vast_preroll":"","vid_ads_m_vast_postroll":"","vid_ads_m_vast_pauseroll":"","vid_ads_m_vast_midroll":[{"vid_ads_m_vast_timer_seconds":"50"}],"vid_ads_m_time_to_show_ads":"","vid_ads_m_time_skip_ads":"","vid_ads_m_time_to_hide_ads":""},"page_slider_settings":{"display_slider_group":"","page_slider_group":""},"blog_page_settings":{"blog_page_title":"","blog_page_heading":"","blog_page_ic":"","blog_page_it":"","blog_page_ec":"","blog_page_ip":"","archive_loop_style":"","blog_image_ratio":"","blog_show_categories":"","blog_show_excerpt":"","blog_show_author":"","blog_show_date":"","blog_show_comment_count":"","blog_show_view_count":"","blog_show_like_count":"","blog_show_dislike_count":"","blog_items_per_page":"","blog_pag_type":""},"page_options":{"get_page_template":"","color_mode":"","main_layout":"","main_layout_full_with":"","main_logo":"","main_logo_retina":"","main_logo_mobile":"","main_logo_mobile_retina":"","sticky_logo":"","sticky_logo_retina":"","main_nav_layout":"","ajax_search":"","header_background":"","theme_sidebar":"","instagram_feed":"","instagram_feed_position":"","popular_videos":"","popular_videos_title_1":"","popular_videos_title_2":"","popular_videos_ic":"","popular_videos_it":"","theme_background":"","page_custom_css":""},"feature_image_settings":{"feature_image_position":""},"video_player_settings":{"single_video_style":"","video_player_position":"","vm_video_url":"","video_player_library":"","video_streaming":"","vm_media_sources":"","vid_auto_play":"","vm_video_shortcode":"","vid_p_sync_playlist":"","vid_c_sync_channel":"","get_post_format":"","multiple_links_structure":"default","multi_links_title":"","vm_video_multi_links":"","vm_duration":"","vid_social_locker":"off","vid_social_locker_id":"","vid_membership_action":"content-video","vm_video_trailer_url":"","vid_download_type":"free","vid_download_target":"download","vid_woo_product":"","vm_media_download":"","user_rating":"","user_rating_position":"","user_rating_mode":"","user_rating_multi_sets":""},"video_auto_fetch_settings":{"vm_video_fetch":"on"},"video_fake_views_likes":{"vm_fake_views":"","vm_fake_likes":"","vm_fake_dislikes":""},"gallery_settings":{"gallery_position":""},"quote_settings":{"quote_position":""},"post_options":{"main_layout":"","main_logo":"","main_logo_retina":"","main_logo_mobile":"","main_logo_mobile_retina":"","sticky_logo":"","sticky_logo_retina":"","main_nav_layout":"","header_background":"","theme_sidebar":"","single_post_comment_type":"","theme_background":""}},"_links":{"self":[{"href":"https:\/\/canal7slp.tv\/2019\/wp-json\/wp\/v2\/posts\/39048","targetHints":{"allow":["GET"]}}],"collection":[{"href":"https:\/\/canal7slp.tv\/2019\/wp-json\/wp\/v2\/posts"}],"about":[{"href":"https:\/\/canal7slp.tv\/2019\/wp-json\/wp\/v2\/types\/post"}],"author":[{"embeddable":true,"href":"https:\/\/canal7slp.tv\/2019\/wp-json\/wp\/v2\/users\/2"}],"replies":[{"embeddable":true,"href":"https:\/\/canal7slp.tv\/2019\/wp-json\/wp\/v2\/comments?post=39048"}],"version-history":[{"count":0,"href":"https:\/\/canal7slp.tv\/2019\/wp-json\/wp\/v2\/posts\/39048\/revisions"}],"wp:featuredmedia":[{"embeddable":true,"href":"https:\/\/canal7slp.tv\/2019\/wp-json\/wp\/v2\/media\/39049"}],"wp:attachment":[{"href":"https:\/\/canal7slp.tv\/2019\/wp-json\/wp\/v2\/media?parent=39048"}],"wp:term":[{"taxonomy":"category","embeddable":true,"href":"https:\/\/canal7slp.tv\/2019\/wp-json\/wp\/v2\/categories?post=39048"},{"taxonomy":"post_tag","embeddable":true,"href":"https:\/\/canal7slp.tv\/2019\/wp-json\/wp\/v2\/tags?post=39048"}],"curies":[{"name":"wp","href":"https:\/\/api.w.org\/{rel}","templated":true}]}}