{"id":38994,"date":"2019-07-24T19:42:17","date_gmt":"2019-07-25T00:42:17","guid":{"rendered":"https:\/\/canal7slp.tv\/2019\/?p=38994"},"modified":"2019-07-24T19:42:17","modified_gmt":"2019-07-25T00:42:17","slug":"el-26-de-julio-inicia-el-xxxix-festival-internacional-de-danza-contemporanea-lila-lopez","status":"publish","type":"post","link":"https:\/\/canal7slp.tv\/2019\/el-26-de-julio-inicia-el-xxxix-festival-internacional-de-danza-contemporanea-lila-lopez\/","title":{"rendered":"El 26 de julio inicia el XXXIX Festival Internacional de Danza Contempor\u00e1nea Lila L\u00f3pez"},"content":{"rendered":"<p><span class=\"subtitulo\">SLP.- La Secretar\u00eda de Cultura de Gobierno del Estado invita al XXXIX Festival Internacional de Danza Contempor\u00e1nea \u201cLila L\u00f3pez\u201d que contempla la presentaci\u00f3n de 14 compa\u00f1\u00edas danc\u00edsticas procedentes de Estados Unidos de Norteam\u00e9rica, Finlandia, Canad\u00e1 y M\u00e9xico, y que se llevar\u00e1 a cabo del 26 de julio al 2 de agosto.\u00a0<\/span><\/p>\n<p class=\"resumenNot\">El festival llega a su trig\u00e9sima novena edici\u00f3n consolidado como el festival de mayor tradici\u00f3n y prestigio a nivel nacional e internacional. Las funciones, clases magistrales, talleres, exposiciones, concursos, charlas y otras actividades en el interior del Estado ser\u00e1n para todo p\u00fablico de manera gratuita, ya que la combinaci\u00f3n de las presentaciones art\u00edsticas con un programa de perfeccionamiento y actualizaci\u00f3n acad\u00e9mica, contribuyen de forma significativa al desarrollo de esta disciplina.<\/p>\n<p>Los foros donde se llevar\u00e1n a cabo estos eventos son el Teatro de la Paz, el Centro de Difusi\u00f3n Cultural Ra\u00fal Gamboa del Instituto Potosino de Bellas Artes, el Teatro Polivalente del CEART, las escalinatas del Teatro de la Paz, adem\u00e1s de otros espacios al interior del estado, como los municipios de Cedral, Ciudad Fern\u00e1ndez, Ciudad Valles, Tierra Nueva, Salinas de Hidalgo y Ciudad del Ma\u00edz.<\/p>\n<p>La funci\u00f3n de apertura, el 26 de julio a las 20:00 h en el Teatro de la Paz, estar\u00e1 a cargo de la core\u00f3grafa finlandesa Susanna Leinonen que presentar\u00e1 la obra Nasty, misma que ha recibido muy buena cr\u00edtica internacional y durante 2019 se presentar\u00e1 en Europa, Asia y Am\u00e9rica.<\/p>\n<p>Cabe destacar que la primera actividad de este festival es un taller de coreograf\u00eda y danza contempor\u00e1nea que impartir\u00e1 a profesionales de la disciplina esta core\u00f3grafa finlandesa.<\/p>\n<p>Como es tradicional, se realizar\u00e1n los concursos Anna Sokolow de pintura y escultura, Emma B\u00e1ez \u201cEl ni\u00f1o y la danza\u201d, Walter Reuter de fotograf\u00eda y la VI Competencia Internacional para Solistas \u201cLila L\u00f3pez\u201d, en todos ellos se entregar\u00e1n est\u00edmulos econ\u00f3micos.<\/p>\n<p>En cuanto al programa acad\u00e9mico, se llevar\u00e1n a cabo Clases magistrales con las compa\u00f1\u00edas F\u00f3ramen M del estado de Morelos, Barro Rojo Arte Esc\u00e9nico de la Ciudad de M\u00e9xico, Deborah Abel de Estados Unidos y Nad\u00e9re de Canad\u00e1; as\u00ed tambi\u00e9n se contar\u00e1 con un par de conferencias a cargo de las maestras Reyna P\u00e9rez, Directora de la Compa\u00f1\u00eda Ardent\u00eda y Evelia Kochen Beristain, ex bailarina y core\u00f3grafa.<\/p>\n<p>Toda la programaci\u00f3n estar\u00e1 disponible en las redes sociales de la Secretar\u00eda de Cultura y del Festival Internacional de Danza Contempor\u00e1nea \u201cLila L\u00f3pez\u201d, as\u00ed tambi\u00e9n, podr\u00e1n descargar la App: SLP Cultura, disponible en dispositivos m\u00f3viles tanto en Android como iOS. Para orientaci\u00f3n personalizada llamar al 01 444 810 08 08.<\/p>\n","protected":false},"excerpt":{"rendered":"<p>SLP.- La Secretar\u00eda de Cultura de Gobierno del Estado invita al XXXIX Festival Internacional de Danza Contempor\u00e1nea \u201cLila L\u00f3pez\u201d que contempla la presentaci\u00f3n de 14 compa\u00f1\u00edas danc\u00edsticas procedentes de Estados Unidos de Norteam\u00e9rica, Finlandia, Canad\u00e1 y M\u00e9xico, y que se llevar\u00e1 a cabo del 26 de julio al 2 de agosto.\u00a0 El festival llega a [&hellip;]<\/p>\n","protected":false},"author":2,"featured_media":39007,"comment_status":"open","ping_status":"closed","sticky":false,"template":"","format":"standard","meta":{"footnotes":""},"categories":[17],"tags":[111],"class_list":["post-38994","post","type-post","status-publish","format-standard","has-post-thumbnail","hentry","category-localesyregionales","tag-gobierno-slp"],"yoast_head":"<!-- This site is optimized with the Yoast SEO plugin v27.4 - https:\/\/yoast.com\/product\/yoast-seo-wordpress\/ -->\n<title>El 26 de julio inicia el XXXIX Festival Internacional de Danza Contempor\u00e1nea Lila L\u00f3pez - Canal 7 SLP - 2019<\/title>\n<meta name=\"robots\" content=\"index, follow, max-snippet:-1, max-image-preview:large, max-video-preview:-1\" \/>\n<link rel=\"canonical\" href=\"https:\/\/canal7slp.tv\/2019\/el-26-de-julio-inicia-el-xxxix-festival-internacional-de-danza-contemporanea-lila-lopez\/\" \/>\n<meta property=\"og:locale\" content=\"es_ES\" \/>\n<meta property=\"og:type\" content=\"article\" \/>\n<meta property=\"og:title\" content=\"El 26 de julio inicia el XXXIX Festival Internacional de Danza Contempor\u00e1nea Lila L\u00f3pez - Canal 7 SLP - 2019\" \/>\n<meta property=\"og:description\" content=\"SLP.- La Secretar\u00eda de Cultura de Gobierno del Estado invita al XXXIX Festival Internacional de Danza Contempor\u00e1nea \u201cLila L\u00f3pez\u201d que contempla la presentaci\u00f3n de 14 compa\u00f1\u00edas danc\u00edsticas procedentes de Estados Unidos de Norteam\u00e9rica, Finlandia, Canad\u00e1 y M\u00e9xico, y que se llevar\u00e1 a cabo del 26 de julio al 2 de agosto.\u00a0 El festival llega a [&hellip;]\" \/>\n<meta property=\"og:url\" content=\"https:\/\/canal7slp.tv\/2019\/el-26-de-julio-inicia-el-xxxix-festival-internacional-de-danza-contemporanea-lila-lopez\/\" \/>\n<meta property=\"og:site_name\" content=\"Canal 7 SLP - 2019\" \/>\n<meta property=\"article:publisher\" content=\"https:\/\/www.facebook.com\/CANAL7SLP\/\" \/>\n<meta property=\"article:published_time\" content=\"2019-07-25T00:42:17+00:00\" \/>\n<meta property=\"og:image\" content=\"https:\/\/canal7slp.tv\/2019\/wp-content\/uploads\/2019\/07\/gob8-4.jpg\" \/>\n\t<meta property=\"og:image:width\" content=\"657\" \/>\n\t<meta property=\"og:image:height\" content=\"410\" \/>\n\t<meta property=\"og:image:type\" content=\"image\/jpeg\" \/>\n<meta name=\"author\" content=\"edicionweb\" \/>\n<meta name=\"twitter:card\" content=\"summary_large_image\" \/>\n<meta name=\"twitter:creator\" content=\"@canal7_slp\" \/>\n<meta name=\"twitter:site\" content=\"@canal7_slp\" \/>\n<meta name=\"twitter:label1\" content=\"Escrito por\" \/>\n\t<meta name=\"twitter:data1\" content=\"edicionweb\" \/>\n\t<meta name=\"twitter:label2\" content=\"Tiempo de lectura\" \/>\n\t<meta name=\"twitter:data2\" content=\"2 minutos\" \/>\n<script type=\"application\/ld+json\" class=\"yoast-schema-graph\">{\"@context\":\"https:\\\/\\\/schema.org\",\"@graph\":[{\"@type\":\"Article\",\"@id\":\"https:\\\/\\\/canal7slp.tv\\\/2019\\\/el-26-de-julio-inicia-el-xxxix-festival-internacional-de-danza-contemporanea-lila-lopez\\\/#article\",\"isPartOf\":{\"@id\":\"https:\\\/\\\/canal7slp.tv\\\/2019\\\/el-26-de-julio-inicia-el-xxxix-festival-internacional-de-danza-contemporanea-lila-lopez\\\/\"},\"author\":{\"name\":\"edicionweb\",\"@id\":\"https:\\\/\\\/canal7slp.tv\\\/2019\\\/#\\\/schema\\\/person\\\/11d941c1c6ca30ac0a46b95fa37aa2e3\"},\"headline\":\"El 26 de julio inicia el XXXIX Festival Internacional de Danza Contempor\u00e1nea Lila L\u00f3pez\",\"datePublished\":\"2019-07-25T00:42:17+00:00\",\"mainEntityOfPage\":{\"@id\":\"https:\\\/\\\/canal7slp.tv\\\/2019\\\/el-26-de-julio-inicia-el-xxxix-festival-internacional-de-danza-contemporanea-lila-lopez\\\/\"},\"wordCount\":484,\"commentCount\":0,\"publisher\":{\"@id\":\"https:\\\/\\\/canal7slp.tv\\\/2019\\\/#organization\"},\"image\":{\"@id\":\"https:\\\/\\\/canal7slp.tv\\\/2019\\\/el-26-de-julio-inicia-el-xxxix-festival-internacional-de-danza-contemporanea-lila-lopez\\\/#primaryimage\"},\"thumbnailUrl\":\"https:\\\/\\\/canal7slp.tv\\\/2019\\\/wp-content\\\/uploads\\\/2019\\\/07\\\/gob8-4.jpg\",\"keywords\":[\"Gobierno SLP\"],\"articleSection\":[\"LOCALES Y REGIONALES\"],\"inLanguage\":\"es\",\"potentialAction\":[{\"@type\":\"CommentAction\",\"name\":\"Comment\",\"target\":[\"https:\\\/\\\/canal7slp.tv\\\/2019\\\/el-26-de-julio-inicia-el-xxxix-festival-internacional-de-danza-contemporanea-lila-lopez\\\/#respond\"]}]},{\"@type\":\"WebPage\",\"@id\":\"https:\\\/\\\/canal7slp.tv\\\/2019\\\/el-26-de-julio-inicia-el-xxxix-festival-internacional-de-danza-contemporanea-lila-lopez\\\/\",\"url\":\"https:\\\/\\\/canal7slp.tv\\\/2019\\\/el-26-de-julio-inicia-el-xxxix-festival-internacional-de-danza-contemporanea-lila-lopez\\\/\",\"name\":\"El 26 de julio inicia el XXXIX Festival Internacional de Danza Contempor\u00e1nea Lila L\u00f3pez - Canal 7 SLP - 2019\",\"isPartOf\":{\"@id\":\"https:\\\/\\\/canal7slp.tv\\\/2019\\\/#website\"},\"primaryImageOfPage\":{\"@id\":\"https:\\\/\\\/canal7slp.tv\\\/2019\\\/el-26-de-julio-inicia-el-xxxix-festival-internacional-de-danza-contemporanea-lila-lopez\\\/#primaryimage\"},\"image\":{\"@id\":\"https:\\\/\\\/canal7slp.tv\\\/2019\\\/el-26-de-julio-inicia-el-xxxix-festival-internacional-de-danza-contemporanea-lila-lopez\\\/#primaryimage\"},\"thumbnailUrl\":\"https:\\\/\\\/canal7slp.tv\\\/2019\\\/wp-content\\\/uploads\\\/2019\\\/07\\\/gob8-4.jpg\",\"datePublished\":\"2019-07-25T00:42:17+00:00\",\"breadcrumb\":{\"@id\":\"https:\\\/\\\/canal7slp.tv\\\/2019\\\/el-26-de-julio-inicia-el-xxxix-festival-internacional-de-danza-contemporanea-lila-lopez\\\/#breadcrumb\"},\"inLanguage\":\"es\",\"potentialAction\":[{\"@type\":\"ReadAction\",\"target\":[\"https:\\\/\\\/canal7slp.tv\\\/2019\\\/el-26-de-julio-inicia-el-xxxix-festival-internacional-de-danza-contemporanea-lila-lopez\\\/\"]}]},{\"@type\":\"ImageObject\",\"inLanguage\":\"es\",\"@id\":\"https:\\\/\\\/canal7slp.tv\\\/2019\\\/el-26-de-julio-inicia-el-xxxix-festival-internacional-de-danza-contemporanea-lila-lopez\\\/#primaryimage\",\"url\":\"https:\\\/\\\/canal7slp.tv\\\/2019\\\/wp-content\\\/uploads\\\/2019\\\/07\\\/gob8-4.jpg\",\"contentUrl\":\"https:\\\/\\\/canal7slp.tv\\\/2019\\\/wp-content\\\/uploads\\\/2019\\\/07\\\/gob8-4.jpg\",\"width\":657,\"height\":410},{\"@type\":\"BreadcrumbList\",\"@id\":\"https:\\\/\\\/canal7slp.tv\\\/2019\\\/el-26-de-julio-inicia-el-xxxix-festival-internacional-de-danza-contemporanea-lila-lopez\\\/#breadcrumb\",\"itemListElement\":[{\"@type\":\"ListItem\",\"position\":1,\"name\":\"Home\",\"item\":\"https:\\\/\\\/canal7slp.tv\\\/2019\\\/\"},{\"@type\":\"ListItem\",\"position\":2,\"name\":\"El 26 de julio inicia el XXXIX Festival Internacional de Danza Contempor\u00e1nea Lila L\u00f3pez\"}]},{\"@type\":\"WebSite\",\"@id\":\"https:\\\/\\\/canal7slp.tv\\\/2019\\\/#website\",\"url\":\"https:\\\/\\\/canal7slp.tv\\\/2019\\\/\",\"name\":\"Canal 7 SLP - Somos TV\",\"description\":\"Somos un Canal de 10\",\"publisher\":{\"@id\":\"https:\\\/\\\/canal7slp.tv\\\/2019\\\/#organization\"},\"potentialAction\":[{\"@type\":\"SearchAction\",\"target\":{\"@type\":\"EntryPoint\",\"urlTemplate\":\"https:\\\/\\\/canal7slp.tv\\\/2019\\\/?s={search_term_string}\"},\"query-input\":{\"@type\":\"PropertyValueSpecification\",\"valueRequired\":true,\"valueName\":\"search_term_string\"}}],\"inLanguage\":\"es\"},{\"@type\":\"Organization\",\"@id\":\"https:\\\/\\\/canal7slp.tv\\\/2019\\\/#organization\",\"name\":\"Comunicaci\u00f3n 2000 S.A. de C.V.\",\"url\":\"https:\\\/\\\/canal7slp.tv\\\/2019\\\/\",\"logo\":{\"@type\":\"ImageObject\",\"inLanguage\":\"es\",\"@id\":\"https:\\\/\\\/canal7slp.tv\\\/2019\\\/#\\\/schema\\\/logo\\\/image\\\/\",\"url\":\"https:\\\/\\\/canal7slp.tv\\\/2019\\\/wp-content\\\/uploads\\\/2019\\\/07\\\/logo-c7.png\",\"contentUrl\":\"https:\\\/\\\/canal7slp.tv\\\/2019\\\/wp-content\\\/uploads\\\/2019\\\/07\\\/logo-c7.png\",\"width\":220,\"height\":60,\"caption\":\"Comunicaci\u00f3n 2000 S.A. de C.V.\"},\"image\":{\"@id\":\"https:\\\/\\\/canal7slp.tv\\\/2019\\\/#\\\/schema\\\/logo\\\/image\\\/\"},\"sameAs\":[\"https:\\\/\\\/www.facebook.com\\\/CANAL7SLP\\\/\",\"https:\\\/\\\/x.com\\\/canal7_slp\",\"https:\\\/\\\/www.instagram.com\\\/canal7_slp\",\"https:\\\/\\\/www.youtube.com\\\/user\\\/NOTICIEROSCANAL7SLP\\\/\"]},{\"@type\":\"Person\",\"@id\":\"https:\\\/\\\/canal7slp.tv\\\/2019\\\/#\\\/schema\\\/person\\\/11d941c1c6ca30ac0a46b95fa37aa2e3\",\"name\":\"edicionweb\",\"image\":{\"@type\":\"ImageObject\",\"inLanguage\":\"es\",\"@id\":\"https:\\\/\\\/secure.gravatar.com\\\/avatar\\\/eee448fc3f7164808013b816ba91ac7e43bbe82a70bebac296f8bc6f0addaa1a?s=96&d=mm&r=g\",\"url\":\"https:\\\/\\\/secure.gravatar.com\\\/avatar\\\/eee448fc3f7164808013b816ba91ac7e43bbe82a70bebac296f8bc6f0addaa1a?s=96&d=mm&r=g\",\"contentUrl\":\"https:\\\/\\\/secure.gravatar.com\\\/avatar\\\/eee448fc3f7164808013b816ba91ac7e43bbe82a70bebac296f8bc6f0addaa1a?s=96&d=mm&r=g\",\"caption\":\"edicionweb\"}}]}<\/script>\n<!-- \/ Yoast SEO plugin. -->","yoast_head_json":{"title":"El 26 de julio inicia el XXXIX Festival Internacional de Danza Contempor\u00e1nea Lila L\u00f3pez - Canal 7 SLP - 2019","robots":{"index":"index","follow":"follow","max-snippet":"max-snippet:-1","max-image-preview":"max-image-preview:large","max-video-preview":"max-video-preview:-1"},"canonical":"https:\/\/canal7slp.tv\/2019\/el-26-de-julio-inicia-el-xxxix-festival-internacional-de-danza-contemporanea-lila-lopez\/","og_locale":"es_ES","og_type":"article","og_title":"El 26 de julio inicia el XXXIX Festival Internacional de Danza Contempor\u00e1nea Lila L\u00f3pez - Canal 7 SLP - 2019","og_description":"SLP.- La Secretar\u00eda de Cultura de Gobierno del Estado invita al XXXIX Festival Internacional de Danza Contempor\u00e1nea \u201cLila L\u00f3pez\u201d que contempla la presentaci\u00f3n de 14 compa\u00f1\u00edas danc\u00edsticas procedentes de Estados Unidos de Norteam\u00e9rica, Finlandia, Canad\u00e1 y M\u00e9xico, y que se llevar\u00e1 a cabo del 26 de julio al 2 de agosto.\u00a0 El festival llega a [&hellip;]","og_url":"https:\/\/canal7slp.tv\/2019\/el-26-de-julio-inicia-el-xxxix-festival-internacional-de-danza-contemporanea-lila-lopez\/","og_site_name":"Canal 7 SLP - 2019","article_publisher":"https:\/\/www.facebook.com\/CANAL7SLP\/","article_published_time":"2019-07-25T00:42:17+00:00","og_image":[{"width":657,"height":410,"url":"https:\/\/canal7slp.tv\/2019\/wp-content\/uploads\/2019\/07\/gob8-4.jpg","type":"image\/jpeg"}],"author":"edicionweb","twitter_card":"summary_large_image","twitter_creator":"@canal7_slp","twitter_site":"@canal7_slp","twitter_misc":{"Escrito por":"edicionweb","Tiempo de lectura":"2 minutos"},"schema":{"@context":"https:\/\/schema.org","@graph":[{"@type":"Article","@id":"https:\/\/canal7slp.tv\/2019\/el-26-de-julio-inicia-el-xxxix-festival-internacional-de-danza-contemporanea-lila-lopez\/#article","isPartOf":{"@id":"https:\/\/canal7slp.tv\/2019\/el-26-de-julio-inicia-el-xxxix-festival-internacional-de-danza-contemporanea-lila-lopez\/"},"author":{"name":"edicionweb","@id":"https:\/\/canal7slp.tv\/2019\/#\/schema\/person\/11d941c1c6ca30ac0a46b95fa37aa2e3"},"headline":"El 26 de julio inicia el XXXIX Festival Internacional de Danza Contempor\u00e1nea Lila L\u00f3pez","datePublished":"2019-07-25T00:42:17+00:00","mainEntityOfPage":{"@id":"https:\/\/canal7slp.tv\/2019\/el-26-de-julio-inicia-el-xxxix-festival-internacional-de-danza-contemporanea-lila-lopez\/"},"wordCount":484,"commentCount":0,"publisher":{"@id":"https:\/\/canal7slp.tv\/2019\/#organization"},"image":{"@id":"https:\/\/canal7slp.tv\/2019\/el-26-de-julio-inicia-el-xxxix-festival-internacional-de-danza-contemporanea-lila-lopez\/#primaryimage"},"thumbnailUrl":"https:\/\/canal7slp.tv\/2019\/wp-content\/uploads\/2019\/07\/gob8-4.jpg","keywords":["Gobierno SLP"],"articleSection":["LOCALES Y REGIONALES"],"inLanguage":"es","potentialAction":[{"@type":"CommentAction","name":"Comment","target":["https:\/\/canal7slp.tv\/2019\/el-26-de-julio-inicia-el-xxxix-festival-internacional-de-danza-contemporanea-lila-lopez\/#respond"]}]},{"@type":"WebPage","@id":"https:\/\/canal7slp.tv\/2019\/el-26-de-julio-inicia-el-xxxix-festival-internacional-de-danza-contemporanea-lila-lopez\/","url":"https:\/\/canal7slp.tv\/2019\/el-26-de-julio-inicia-el-xxxix-festival-internacional-de-danza-contemporanea-lila-lopez\/","name":"El 26 de julio inicia el XXXIX Festival Internacional de Danza Contempor\u00e1nea Lila L\u00f3pez - Canal 7 SLP - 2019","isPartOf":{"@id":"https:\/\/canal7slp.tv\/2019\/#website"},"primaryImageOfPage":{"@id":"https:\/\/canal7slp.tv\/2019\/el-26-de-julio-inicia-el-xxxix-festival-internacional-de-danza-contemporanea-lila-lopez\/#primaryimage"},"image":{"@id":"https:\/\/canal7slp.tv\/2019\/el-26-de-julio-inicia-el-xxxix-festival-internacional-de-danza-contemporanea-lila-lopez\/#primaryimage"},"thumbnailUrl":"https:\/\/canal7slp.tv\/2019\/wp-content\/uploads\/2019\/07\/gob8-4.jpg","datePublished":"2019-07-25T00:42:17+00:00","breadcrumb":{"@id":"https:\/\/canal7slp.tv\/2019\/el-26-de-julio-inicia-el-xxxix-festival-internacional-de-danza-contemporanea-lila-lopez\/#breadcrumb"},"inLanguage":"es","potentialAction":[{"@type":"ReadAction","target":["https:\/\/canal7slp.tv\/2019\/el-26-de-julio-inicia-el-xxxix-festival-internacional-de-danza-contemporanea-lila-lopez\/"]}]},{"@type":"ImageObject","inLanguage":"es","@id":"https:\/\/canal7slp.tv\/2019\/el-26-de-julio-inicia-el-xxxix-festival-internacional-de-danza-contemporanea-lila-lopez\/#primaryimage","url":"https:\/\/canal7slp.tv\/2019\/wp-content\/uploads\/2019\/07\/gob8-4.jpg","contentUrl":"https:\/\/canal7slp.tv\/2019\/wp-content\/uploads\/2019\/07\/gob8-4.jpg","width":657,"height":410},{"@type":"BreadcrumbList","@id":"https:\/\/canal7slp.tv\/2019\/el-26-de-julio-inicia-el-xxxix-festival-internacional-de-danza-contemporanea-lila-lopez\/#breadcrumb","itemListElement":[{"@type":"ListItem","position":1,"name":"Home","item":"https:\/\/canal7slp.tv\/2019\/"},{"@type":"ListItem","position":2,"name":"El 26 de julio inicia el XXXIX Festival Internacional de Danza Contempor\u00e1nea Lila L\u00f3pez"}]},{"@type":"WebSite","@id":"https:\/\/canal7slp.tv\/2019\/#website","url":"https:\/\/canal7slp.tv\/2019\/","name":"Canal 7 SLP - Somos TV","description":"Somos un Canal de 10","publisher":{"@id":"https:\/\/canal7slp.tv\/2019\/#organization"},"potentialAction":[{"@type":"SearchAction","target":{"@type":"EntryPoint","urlTemplate":"https:\/\/canal7slp.tv\/2019\/?s={search_term_string}"},"query-input":{"@type":"PropertyValueSpecification","valueRequired":true,"valueName":"search_term_string"}}],"inLanguage":"es"},{"@type":"Organization","@id":"https:\/\/canal7slp.tv\/2019\/#organization","name":"Comunicaci\u00f3n 2000 S.A. de C.V.","url":"https:\/\/canal7slp.tv\/2019\/","logo":{"@type":"ImageObject","inLanguage":"es","@id":"https:\/\/canal7slp.tv\/2019\/#\/schema\/logo\/image\/","url":"https:\/\/canal7slp.tv\/2019\/wp-content\/uploads\/2019\/07\/logo-c7.png","contentUrl":"https:\/\/canal7slp.tv\/2019\/wp-content\/uploads\/2019\/07\/logo-c7.png","width":220,"height":60,"caption":"Comunicaci\u00f3n 2000 S.A. de C.V."},"image":{"@id":"https:\/\/canal7slp.tv\/2019\/#\/schema\/logo\/image\/"},"sameAs":["https:\/\/www.facebook.com\/CANAL7SLP\/","https:\/\/x.com\/canal7_slp","https:\/\/www.instagram.com\/canal7_slp","https:\/\/www.youtube.com\/user\/NOTICIEROSCANAL7SLP\/"]},{"@type":"Person","@id":"https:\/\/canal7slp.tv\/2019\/#\/schema\/person\/11d941c1c6ca30ac0a46b95fa37aa2e3","name":"edicionweb","image":{"@type":"ImageObject","inLanguage":"es","@id":"https:\/\/secure.gravatar.com\/avatar\/eee448fc3f7164808013b816ba91ac7e43bbe82a70bebac296f8bc6f0addaa1a?s=96&d=mm&r=g","url":"https:\/\/secure.gravatar.com\/avatar\/eee448fc3f7164808013b816ba91ac7e43bbe82a70bebac296f8bc6f0addaa1a?s=96&d=mm&r=g","contentUrl":"https:\/\/secure.gravatar.com\/avatar\/eee448fc3f7164808013b816ba91ac7e43bbe82a70bebac296f8bc6f0addaa1a?s=96&d=mm&r=g","caption":"edicionweb"}}]}},"amp_enabled":true,"cmb2":{"video_ids_in_playlist":{"vid_p_videos":""},"video_ids_in_channel":{"vid_c_videos":""},"playlist_ids_in_channel":{"vid_c_playlists":""},"series_ids_in_channel":{"vid_c_series":""},"channel_images":{"vid_c_logo":"","vid_c_banner":""},"poster_feature_image":{"vid_m_poster_image":""},"gif_feature_image":{"vid_m_gif_image":""},"video_movie_settings":{"vid_m_director":"","vid_m_actor":"","vid_m_imdb_ratings":"","vid_m_amazon_associates":""},"vid_youtube_broadcasts_settings":{"vid_yb_broadcast_title":"","vid_yb_q":"","vid_yb_channelid":"","vid_yb_videocategoryid":"","vid_yb_maxresults":"","vid_yb_order":"","vid_yb_regioncode":"","vid_yb_videosyndicated":"","vid_yb_style":"","vid_yb_reload_first":""},"video_series_settings":{"vid_m_director":"","vid_m_actor":"","vid_m_imdb_ratings":"","video_series_group":""},"amazon_associates_settings":{"amazon_associates":"","amazon_native_ad":""},"vid_youtube_automatic_settings":{"vid_ya_youtube_source":"","vid_ya_update_every":"","vid_ya_update_unit":"","vid_ya_categories":"","vid_ya_published_after":"","vid_ya_published_before":"","vid_ya_playlists":"","vid_ya_channels":"","vid_ya_director":"","vid_ya_actor":"","vid_ya_author":"","vid_ya_import_post_date":"","vid_ya_status":"","vid_ya_sub_api_key":""},"vid_ads_m_videoads_settings_post":{"vid_ads_m_video_ads":"","vid_ads_m_video_ads_type":"","vid_ads_m_group_google_ima":"","vid_ads_m_group_image":"","vid_ads_m_group_html5_video":"","vid_ads_m_group_html":"","vid_ads_m_vast_preroll":"","vid_ads_m_vast_postroll":"","vid_ads_m_vast_pauseroll":"","vid_ads_m_vast_midroll":[{"vid_ads_m_vast_timer_seconds":"50"}],"vid_ads_m_time_to_show_ads":"","vid_ads_m_time_skip_ads":"","vid_ads_m_time_to_hide_ads":""},"page_slider_settings":{"display_slider_group":"","page_slider_group":""},"blog_page_settings":{"blog_page_title":"","blog_page_heading":"","blog_page_ic":"","blog_page_it":"","blog_page_ec":"","blog_page_ip":"","archive_loop_style":"","blog_image_ratio":"","blog_show_categories":"","blog_show_excerpt":"","blog_show_author":"","blog_show_date":"","blog_show_comment_count":"","blog_show_view_count":"","blog_show_like_count":"","blog_show_dislike_count":"","blog_items_per_page":"","blog_pag_type":""},"page_options":{"get_page_template":"","color_mode":"","main_layout":"","main_layout_full_with":"","main_logo":"","main_logo_retina":"","main_logo_mobile":"","main_logo_mobile_retina":"","sticky_logo":"","sticky_logo_retina":"","main_nav_layout":"","ajax_search":"","header_background":"","theme_sidebar":"","instagram_feed":"","instagram_feed_position":"","popular_videos":"","popular_videos_title_1":"","popular_videos_title_2":"","popular_videos_ic":"","popular_videos_it":"","theme_background":"","page_custom_css":""},"feature_image_settings":{"feature_image_position":""},"video_player_settings":{"single_video_style":"","video_player_position":"","vm_video_url":"","video_player_library":"","video_streaming":"","vm_media_sources":"","vid_auto_play":"","vm_video_shortcode":"","vid_p_sync_playlist":"","vid_c_sync_channel":"","get_post_format":"","multiple_links_structure":"default","multi_links_title":"","vm_video_multi_links":"","vm_duration":"","vid_social_locker":"off","vid_social_locker_id":"","vid_membership_action":"content-video","vm_video_trailer_url":"","vid_download_type":"free","vid_download_target":"download","vid_woo_product":"","vm_media_download":"","user_rating":"","user_rating_position":"","user_rating_mode":"","user_rating_multi_sets":""},"video_auto_fetch_settings":{"vm_video_fetch":"on"},"video_fake_views_likes":{"vm_fake_views":"","vm_fake_likes":"","vm_fake_dislikes":""},"gallery_settings":{"gallery_position":""},"quote_settings":{"quote_position":""},"post_options":{"main_layout":"","main_logo":"","main_logo_retina":"","main_logo_mobile":"","main_logo_mobile_retina":"","sticky_logo":"","sticky_logo_retina":"","main_nav_layout":"","header_background":"","theme_sidebar":"","single_post_comment_type":"","theme_background":""}},"_links":{"self":[{"href":"https:\/\/canal7slp.tv\/2019\/wp-json\/wp\/v2\/posts\/38994","targetHints":{"allow":["GET"]}}],"collection":[{"href":"https:\/\/canal7slp.tv\/2019\/wp-json\/wp\/v2\/posts"}],"about":[{"href":"https:\/\/canal7slp.tv\/2019\/wp-json\/wp\/v2\/types\/post"}],"author":[{"embeddable":true,"href":"https:\/\/canal7slp.tv\/2019\/wp-json\/wp\/v2\/users\/2"}],"replies":[{"embeddable":true,"href":"https:\/\/canal7slp.tv\/2019\/wp-json\/wp\/v2\/comments?post=38994"}],"version-history":[{"count":0,"href":"https:\/\/canal7slp.tv\/2019\/wp-json\/wp\/v2\/posts\/38994\/revisions"}],"wp:featuredmedia":[{"embeddable":true,"href":"https:\/\/canal7slp.tv\/2019\/wp-json\/wp\/v2\/media\/39007"}],"wp:attachment":[{"href":"https:\/\/canal7slp.tv\/2019\/wp-json\/wp\/v2\/media?parent=38994"}],"wp:term":[{"taxonomy":"category","embeddable":true,"href":"https:\/\/canal7slp.tv\/2019\/wp-json\/wp\/v2\/categories?post=38994"},{"taxonomy":"post_tag","embeddable":true,"href":"https:\/\/canal7slp.tv\/2019\/wp-json\/wp\/v2\/tags?post=38994"}],"curies":[{"name":"wp","href":"https:\/\/api.w.org\/{rel}","templated":true}]}}