{"id":38887,"date":"2019-07-24T19:13:25","date_gmt":"2019-07-25T00:13:25","guid":{"rendered":"https:\/\/canal7slp.tv\/2019\/?p=38887"},"modified":"2019-07-24T19:13:25","modified_gmt":"2019-07-25T00:13:25","slug":"unam-realizara-estudio-para-la-proteccion-de-la-sierra-de-san-miguelito","status":"publish","type":"post","link":"https:\/\/canal7slp.tv\/2019\/unam-realizara-estudio-para-la-proteccion-de-la-sierra-de-san-miguelito\/","title":{"rendered":"UNAM realizar\u00e1 estudio para la protecci\u00f3n de la Sierra de San Miguelito"},"content":{"rendered":"<p style=\"text-align: justify;\">SLP.- La Secretaria de Ecolog\u00eda y Gesti\u00f3n Ambiental (SEGAM), Yvett Salazar Torres, inform\u00f3 que se analiza la posibilidad de que la Universidad Nacional Aut\u00f3noma de M\u00e9xico (UNAM), sea la encargada de realizar el estudio t\u00e9cnico de factibilidad para determinar si alguna superficie mayor a 63 mil hect\u00e1reas de la Sierra de San Miguelito \u2013cantidad que arroj\u00f3 el primer an\u00e1lisis-, es susceptible de ser conservada.<\/p>\n<p style=\"text-align: justify;\">La funcionaria estatal indic\u00f3 que se trabaja en coordinaci\u00f3n con la Secretar\u00eda del Medio Ambiente y Recursos Naturales, as\u00ed como con la Comisi\u00f3n Nacional de \u00c1reas Naturales Protegidas, la Comisi\u00f3n Nacional Forestal, para presentar el estudio t\u00e9cnico de factibilidad que se realiz\u00f3 con el apoyo del Instituto Potosino de Investigaci\u00f3n Cient\u00edfica y Tecnol\u00f3gica (IPICYT), que result\u00f3 en 63 mil hect\u00e1reas susceptibles de conservaci\u00f3n, con los resultados se analizar\u00e1 la posibilidad de un nuevo estudio podr\u00eda haber algunas zonas de amortiguamiento ya incluidas en la declaratoria federal, se\u00f1al\u00f3 Salazar Torres.<\/p>\n<p style=\"text-align: justify;\">\u201cPara poder decretar un ANP se requiere de la anuencia y aceptaci\u00f3n de los propietarios, es decir, nunca se ha planteado la posibilidad de que sea una expropiaci\u00f3n, ellos son los que deber\u00e1n definir qu\u00e9 zonas son las que podr\u00e1n destinar para su conservaci\u00f3n, tiene que hacerse una asamblea, nosotros ni nadie los puede obligar\u201d, destac\u00f3 Salazar Torres.<\/p>\n<p style=\"text-align: justify;\">La titular de la SEGAM, se\u00f1al\u00f3 que se realizan gestiones para la declaratoria de veda forestal por los incendios a trav\u00e9s de un decreto, donde se busca que pase un periodo de 20 a\u00f1os para la restauraci\u00f3n de la zona y tambi\u00e9n se revisa en conjunto con CONAFOR, cu\u00e1les ser\u00edan los apoyos que se destinar\u00edan en los ejidos aleda\u00f1os el pr\u00f3ximo a\u00f1o.<\/p>\n<p style=\"text-align: justify;\">Agreg\u00f3 que se trabaja con la Secretar\u00eda del Bienestar para determinar qu\u00e9 ejidos se podr\u00edan sumar para recuperar su vocaci\u00f3n forestal, con la implementaci\u00f3n del programa Sembrando Vida que incluir\u00eda \u00e1rboles frutales y maderables.<\/p>\n<p style=\"text-align: justify;\">Yvette Salazar Torres, dijo que se llevaron a cabo varias asambleas y enviado oficios para explicar a los ejidatarios cu\u00e1les son los beneficios de conservar el \u00e1rea, y tambi\u00e9n a qu\u00e9 estar\u00edan sujetos en cuanto a protecci\u00f3n de la misma, posteriormente, surgi\u00f3 la agenda junto a la Procuradur\u00eda Agraria dado que llevan un acompa\u00f1amiento en este proceso de propiedad ejidal, para que puedan hacer un cambio de uso destino en cuanto a la protecci\u00f3n de la zona.<\/p>\n<p style=\"text-align: justify;\">\u201cLo que hicimos con el estudio de las 63 mil hect\u00e1reas fue buscar cuales eran los lugares que ten\u00edan mayor conservaci\u00f3n ambiental, y que tambi\u00e9n fueran parte de una comunidad o ejido como \u00e1reas de uso com\u00fan, porque mientras m\u00e1s se avanza m\u00e1s propietarios privados o m\u00faltiples ejidatarios se encuentran, entonces para poder decretar el \u00e1rea de la comunidad hacia la Ca\u00f1ada del Lobo, se tendr\u00eda que tratar con m\u00e1s de 400 propietarios, por ello se buscaron cu\u00e1les eran las \u00e1reas de uso com\u00fan para sobre eso facilitar la aceptaci\u00f3n y anuencia de los ejidos\u201d, precis\u00f3.<\/p>\n<p style=\"text-align: justify;\">Agreg\u00f3 que ya que los comuneros piensan en el fraccionamiento de su propiedad para hacerlo una zona habitacional, se les recomendar\u00eda a ellos y al municipio, que al momento de que se les otorgue el permiso de construcci\u00f3n se considere al menos un 30 o 40 por ciento de \u00e1rea verde y que lo entreguen equipado y con arbolado de m\u00e1s de tres metros.<\/p>\n<p style=\"text-align: justify;\">Salazar Torres, se\u00f1al\u00f3 que tambi\u00e9n se recomendar\u00eda que las construcciones se hagan con materiales propensos a la captaci\u00f3n de agua de lluvia o infiltraci\u00f3n, para evitar deslaves en tiempos de lluvia y que se inunden colonias aleda\u00f1as, \u201cestas y otras recomendaciones ambientales habr\u00e1 que considerarlas y respetar la decisi\u00f3n de los ejidos por ser ellos los propietarios, pero nuestra postura institucional ser\u00e1 el de procurar la sustentabilidad en estas zonas cercanas a la sierra\u201d, concluy\u00f3.<\/p>\n","protected":false},"excerpt":{"rendered":"<p>SLP.- La Secretaria de Ecolog\u00eda y Gesti\u00f3n Ambiental (SEGAM), Yvett Salazar Torres, inform\u00f3 que se analiza la posibilidad de que la Universidad Nacional Aut\u00f3noma de M\u00e9xico (UNAM), sea la encargada de realizar el estudio t\u00e9cnico de factibilidad para determinar si alguna superficie mayor a 63 mil hect\u00e1reas de la Sierra de San Miguelito \u2013cantidad que [&hellip;]<\/p>\n","protected":false},"author":2,"featured_media":38900,"comment_status":"open","ping_status":"closed","sticky":false,"template":"","format":"standard","meta":{"footnotes":""},"categories":[17],"tags":[111],"class_list":["post-38887","post","type-post","status-publish","format-standard","has-post-thumbnail","hentry","category-localesyregionales","tag-gobierno-slp"],"yoast_head":"<!-- This site is optimized with the Yoast SEO plugin v27.4 - https:\/\/yoast.com\/product\/yoast-seo-wordpress\/ -->\n<title>UNAM realizar\u00e1 estudio para la protecci\u00f3n de la Sierra de San Miguelito - Canal 7 SLP - 2019<\/title>\n<meta name=\"robots\" content=\"index, follow, max-snippet:-1, max-image-preview:large, max-video-preview:-1\" \/>\n<link rel=\"canonical\" href=\"https:\/\/canal7slp.tv\/2019\/unam-realizara-estudio-para-la-proteccion-de-la-sierra-de-san-miguelito\/\" \/>\n<meta property=\"og:locale\" content=\"es_ES\" \/>\n<meta property=\"og:type\" content=\"article\" \/>\n<meta property=\"og:title\" content=\"UNAM realizar\u00e1 estudio para la protecci\u00f3n de la Sierra de San Miguelito - Canal 7 SLP - 2019\" \/>\n<meta property=\"og:description\" content=\"SLP.- La Secretaria de Ecolog\u00eda y Gesti\u00f3n Ambiental (SEGAM), Yvett Salazar Torres, inform\u00f3 que se analiza la posibilidad de que la Universidad Nacional Aut\u00f3noma de M\u00e9xico (UNAM), sea la encargada de realizar el estudio t\u00e9cnico de factibilidad para determinar si alguna superficie mayor a 63 mil hect\u00e1reas de la Sierra de San Miguelito \u2013cantidad que [&hellip;]\" \/>\n<meta property=\"og:url\" content=\"https:\/\/canal7slp.tv\/2019\/unam-realizara-estudio-para-la-proteccion-de-la-sierra-de-san-miguelito\/\" \/>\n<meta property=\"og:site_name\" content=\"Canal 7 SLP - 2019\" \/>\n<meta property=\"article:publisher\" content=\"https:\/\/www.facebook.com\/CANAL7SLP\/\" \/>\n<meta property=\"article:published_time\" content=\"2019-07-25T00:13:25+00:00\" \/>\n<meta property=\"og:image\" content=\"https:\/\/canal7slp.tv\/2019\/wp-content\/uploads\/2019\/07\/gob3-8.jpg\" \/>\n\t<meta property=\"og:image:width\" content=\"657\" \/>\n\t<meta property=\"og:image:height\" content=\"410\" \/>\n\t<meta property=\"og:image:type\" content=\"image\/jpeg\" \/>\n<meta name=\"author\" content=\"edicionweb\" \/>\n<meta name=\"twitter:card\" content=\"summary_large_image\" \/>\n<meta name=\"twitter:creator\" content=\"@canal7_slp\" \/>\n<meta name=\"twitter:site\" content=\"@canal7_slp\" \/>\n<meta name=\"twitter:label1\" content=\"Escrito por\" \/>\n\t<meta name=\"twitter:data1\" content=\"edicionweb\" \/>\n\t<meta name=\"twitter:label2\" content=\"Tiempo de lectura\" \/>\n\t<meta name=\"twitter:data2\" content=\"3 minutos\" \/>\n<script type=\"application\/ld+json\" class=\"yoast-schema-graph\">{\"@context\":\"https:\\\/\\\/schema.org\",\"@graph\":[{\"@type\":\"Article\",\"@id\":\"https:\\\/\\\/canal7slp.tv\\\/2019\\\/unam-realizara-estudio-para-la-proteccion-de-la-sierra-de-san-miguelito\\\/#article\",\"isPartOf\":{\"@id\":\"https:\\\/\\\/canal7slp.tv\\\/2019\\\/unam-realizara-estudio-para-la-proteccion-de-la-sierra-de-san-miguelito\\\/\"},\"author\":{\"name\":\"edicionweb\",\"@id\":\"https:\\\/\\\/canal7slp.tv\\\/2019\\\/#\\\/schema\\\/person\\\/11d941c1c6ca30ac0a46b95fa37aa2e3\"},\"headline\":\"UNAM realizar\u00e1 estudio para la protecci\u00f3n de la Sierra de San Miguelito\",\"datePublished\":\"2019-07-25T00:13:25+00:00\",\"mainEntityOfPage\":{\"@id\":\"https:\\\/\\\/canal7slp.tv\\\/2019\\\/unam-realizara-estudio-para-la-proteccion-de-la-sierra-de-san-miguelito\\\/\"},\"wordCount\":697,\"commentCount\":0,\"publisher\":{\"@id\":\"https:\\\/\\\/canal7slp.tv\\\/2019\\\/#organization\"},\"image\":{\"@id\":\"https:\\\/\\\/canal7slp.tv\\\/2019\\\/unam-realizara-estudio-para-la-proteccion-de-la-sierra-de-san-miguelito\\\/#primaryimage\"},\"thumbnailUrl\":\"https:\\\/\\\/canal7slp.tv\\\/2019\\\/wp-content\\\/uploads\\\/2019\\\/07\\\/gob3-8.jpg\",\"keywords\":[\"Gobierno SLP\"],\"articleSection\":[\"LOCALES Y REGIONALES\"],\"inLanguage\":\"es\",\"potentialAction\":[{\"@type\":\"CommentAction\",\"name\":\"Comment\",\"target\":[\"https:\\\/\\\/canal7slp.tv\\\/2019\\\/unam-realizara-estudio-para-la-proteccion-de-la-sierra-de-san-miguelito\\\/#respond\"]}]},{\"@type\":\"WebPage\",\"@id\":\"https:\\\/\\\/canal7slp.tv\\\/2019\\\/unam-realizara-estudio-para-la-proteccion-de-la-sierra-de-san-miguelito\\\/\",\"url\":\"https:\\\/\\\/canal7slp.tv\\\/2019\\\/unam-realizara-estudio-para-la-proteccion-de-la-sierra-de-san-miguelito\\\/\",\"name\":\"UNAM realizar\u00e1 estudio para la protecci\u00f3n de la Sierra de San Miguelito - Canal 7 SLP - 2019\",\"isPartOf\":{\"@id\":\"https:\\\/\\\/canal7slp.tv\\\/2019\\\/#website\"},\"primaryImageOfPage\":{\"@id\":\"https:\\\/\\\/canal7slp.tv\\\/2019\\\/unam-realizara-estudio-para-la-proteccion-de-la-sierra-de-san-miguelito\\\/#primaryimage\"},\"image\":{\"@id\":\"https:\\\/\\\/canal7slp.tv\\\/2019\\\/unam-realizara-estudio-para-la-proteccion-de-la-sierra-de-san-miguelito\\\/#primaryimage\"},\"thumbnailUrl\":\"https:\\\/\\\/canal7slp.tv\\\/2019\\\/wp-content\\\/uploads\\\/2019\\\/07\\\/gob3-8.jpg\",\"datePublished\":\"2019-07-25T00:13:25+00:00\",\"breadcrumb\":{\"@id\":\"https:\\\/\\\/canal7slp.tv\\\/2019\\\/unam-realizara-estudio-para-la-proteccion-de-la-sierra-de-san-miguelito\\\/#breadcrumb\"},\"inLanguage\":\"es\",\"potentialAction\":[{\"@type\":\"ReadAction\",\"target\":[\"https:\\\/\\\/canal7slp.tv\\\/2019\\\/unam-realizara-estudio-para-la-proteccion-de-la-sierra-de-san-miguelito\\\/\"]}]},{\"@type\":\"ImageObject\",\"inLanguage\":\"es\",\"@id\":\"https:\\\/\\\/canal7slp.tv\\\/2019\\\/unam-realizara-estudio-para-la-proteccion-de-la-sierra-de-san-miguelito\\\/#primaryimage\",\"url\":\"https:\\\/\\\/canal7slp.tv\\\/2019\\\/wp-content\\\/uploads\\\/2019\\\/07\\\/gob3-8.jpg\",\"contentUrl\":\"https:\\\/\\\/canal7slp.tv\\\/2019\\\/wp-content\\\/uploads\\\/2019\\\/07\\\/gob3-8.jpg\",\"width\":657,\"height\":410},{\"@type\":\"BreadcrumbList\",\"@id\":\"https:\\\/\\\/canal7slp.tv\\\/2019\\\/unam-realizara-estudio-para-la-proteccion-de-la-sierra-de-san-miguelito\\\/#breadcrumb\",\"itemListElement\":[{\"@type\":\"ListItem\",\"position\":1,\"name\":\"Home\",\"item\":\"https:\\\/\\\/canal7slp.tv\\\/2019\\\/\"},{\"@type\":\"ListItem\",\"position\":2,\"name\":\"UNAM realizar\u00e1 estudio para la protecci\u00f3n de la Sierra de San Miguelito\"}]},{\"@type\":\"WebSite\",\"@id\":\"https:\\\/\\\/canal7slp.tv\\\/2019\\\/#website\",\"url\":\"https:\\\/\\\/canal7slp.tv\\\/2019\\\/\",\"name\":\"Canal 7 SLP - Somos TV\",\"description\":\"Somos un Canal de 10\",\"publisher\":{\"@id\":\"https:\\\/\\\/canal7slp.tv\\\/2019\\\/#organization\"},\"potentialAction\":[{\"@type\":\"SearchAction\",\"target\":{\"@type\":\"EntryPoint\",\"urlTemplate\":\"https:\\\/\\\/canal7slp.tv\\\/2019\\\/?s={search_term_string}\"},\"query-input\":{\"@type\":\"PropertyValueSpecification\",\"valueRequired\":true,\"valueName\":\"search_term_string\"}}],\"inLanguage\":\"es\"},{\"@type\":\"Organization\",\"@id\":\"https:\\\/\\\/canal7slp.tv\\\/2019\\\/#organization\",\"name\":\"Comunicaci\u00f3n 2000 S.A. de C.V.\",\"url\":\"https:\\\/\\\/canal7slp.tv\\\/2019\\\/\",\"logo\":{\"@type\":\"ImageObject\",\"inLanguage\":\"es\",\"@id\":\"https:\\\/\\\/canal7slp.tv\\\/2019\\\/#\\\/schema\\\/logo\\\/image\\\/\",\"url\":\"https:\\\/\\\/canal7slp.tv\\\/2019\\\/wp-content\\\/uploads\\\/2019\\\/07\\\/logo-c7.png\",\"contentUrl\":\"https:\\\/\\\/canal7slp.tv\\\/2019\\\/wp-content\\\/uploads\\\/2019\\\/07\\\/logo-c7.png\",\"width\":220,\"height\":60,\"caption\":\"Comunicaci\u00f3n 2000 S.A. de C.V.\"},\"image\":{\"@id\":\"https:\\\/\\\/canal7slp.tv\\\/2019\\\/#\\\/schema\\\/logo\\\/image\\\/\"},\"sameAs\":[\"https:\\\/\\\/www.facebook.com\\\/CANAL7SLP\\\/\",\"https:\\\/\\\/x.com\\\/canal7_slp\",\"https:\\\/\\\/www.instagram.com\\\/canal7_slp\",\"https:\\\/\\\/www.youtube.com\\\/user\\\/NOTICIEROSCANAL7SLP\\\/\"]},{\"@type\":\"Person\",\"@id\":\"https:\\\/\\\/canal7slp.tv\\\/2019\\\/#\\\/schema\\\/person\\\/11d941c1c6ca30ac0a46b95fa37aa2e3\",\"name\":\"edicionweb\",\"image\":{\"@type\":\"ImageObject\",\"inLanguage\":\"es\",\"@id\":\"https:\\\/\\\/secure.gravatar.com\\\/avatar\\\/eee448fc3f7164808013b816ba91ac7e43bbe82a70bebac296f8bc6f0addaa1a?s=96&d=mm&r=g\",\"url\":\"https:\\\/\\\/secure.gravatar.com\\\/avatar\\\/eee448fc3f7164808013b816ba91ac7e43bbe82a70bebac296f8bc6f0addaa1a?s=96&d=mm&r=g\",\"contentUrl\":\"https:\\\/\\\/secure.gravatar.com\\\/avatar\\\/eee448fc3f7164808013b816ba91ac7e43bbe82a70bebac296f8bc6f0addaa1a?s=96&d=mm&r=g\",\"caption\":\"edicionweb\"}}]}<\/script>\n<!-- \/ Yoast SEO plugin. -->","yoast_head_json":{"title":"UNAM realizar\u00e1 estudio para la protecci\u00f3n de la Sierra de San Miguelito - Canal 7 SLP - 2019","robots":{"index":"index","follow":"follow","max-snippet":"max-snippet:-1","max-image-preview":"max-image-preview:large","max-video-preview":"max-video-preview:-1"},"canonical":"https:\/\/canal7slp.tv\/2019\/unam-realizara-estudio-para-la-proteccion-de-la-sierra-de-san-miguelito\/","og_locale":"es_ES","og_type":"article","og_title":"UNAM realizar\u00e1 estudio para la protecci\u00f3n de la Sierra de San Miguelito - Canal 7 SLP - 2019","og_description":"SLP.- La Secretaria de Ecolog\u00eda y Gesti\u00f3n Ambiental (SEGAM), Yvett Salazar Torres, inform\u00f3 que se analiza la posibilidad de que la Universidad Nacional Aut\u00f3noma de M\u00e9xico (UNAM), sea la encargada de realizar el estudio t\u00e9cnico de factibilidad para determinar si alguna superficie mayor a 63 mil hect\u00e1reas de la Sierra de San Miguelito \u2013cantidad que [&hellip;]","og_url":"https:\/\/canal7slp.tv\/2019\/unam-realizara-estudio-para-la-proteccion-de-la-sierra-de-san-miguelito\/","og_site_name":"Canal 7 SLP - 2019","article_publisher":"https:\/\/www.facebook.com\/CANAL7SLP\/","article_published_time":"2019-07-25T00:13:25+00:00","og_image":[{"width":657,"height":410,"url":"https:\/\/canal7slp.tv\/2019\/wp-content\/uploads\/2019\/07\/gob3-8.jpg","type":"image\/jpeg"}],"author":"edicionweb","twitter_card":"summary_large_image","twitter_creator":"@canal7_slp","twitter_site":"@canal7_slp","twitter_misc":{"Escrito por":"edicionweb","Tiempo de lectura":"3 minutos"},"schema":{"@context":"https:\/\/schema.org","@graph":[{"@type":"Article","@id":"https:\/\/canal7slp.tv\/2019\/unam-realizara-estudio-para-la-proteccion-de-la-sierra-de-san-miguelito\/#article","isPartOf":{"@id":"https:\/\/canal7slp.tv\/2019\/unam-realizara-estudio-para-la-proteccion-de-la-sierra-de-san-miguelito\/"},"author":{"name":"edicionweb","@id":"https:\/\/canal7slp.tv\/2019\/#\/schema\/person\/11d941c1c6ca30ac0a46b95fa37aa2e3"},"headline":"UNAM realizar\u00e1 estudio para la protecci\u00f3n de la Sierra de San Miguelito","datePublished":"2019-07-25T00:13:25+00:00","mainEntityOfPage":{"@id":"https:\/\/canal7slp.tv\/2019\/unam-realizara-estudio-para-la-proteccion-de-la-sierra-de-san-miguelito\/"},"wordCount":697,"commentCount":0,"publisher":{"@id":"https:\/\/canal7slp.tv\/2019\/#organization"},"image":{"@id":"https:\/\/canal7slp.tv\/2019\/unam-realizara-estudio-para-la-proteccion-de-la-sierra-de-san-miguelito\/#primaryimage"},"thumbnailUrl":"https:\/\/canal7slp.tv\/2019\/wp-content\/uploads\/2019\/07\/gob3-8.jpg","keywords":["Gobierno SLP"],"articleSection":["LOCALES Y REGIONALES"],"inLanguage":"es","potentialAction":[{"@type":"CommentAction","name":"Comment","target":["https:\/\/canal7slp.tv\/2019\/unam-realizara-estudio-para-la-proteccion-de-la-sierra-de-san-miguelito\/#respond"]}]},{"@type":"WebPage","@id":"https:\/\/canal7slp.tv\/2019\/unam-realizara-estudio-para-la-proteccion-de-la-sierra-de-san-miguelito\/","url":"https:\/\/canal7slp.tv\/2019\/unam-realizara-estudio-para-la-proteccion-de-la-sierra-de-san-miguelito\/","name":"UNAM realizar\u00e1 estudio para la protecci\u00f3n de la Sierra de San Miguelito - Canal 7 SLP - 2019","isPartOf":{"@id":"https:\/\/canal7slp.tv\/2019\/#website"},"primaryImageOfPage":{"@id":"https:\/\/canal7slp.tv\/2019\/unam-realizara-estudio-para-la-proteccion-de-la-sierra-de-san-miguelito\/#primaryimage"},"image":{"@id":"https:\/\/canal7slp.tv\/2019\/unam-realizara-estudio-para-la-proteccion-de-la-sierra-de-san-miguelito\/#primaryimage"},"thumbnailUrl":"https:\/\/canal7slp.tv\/2019\/wp-content\/uploads\/2019\/07\/gob3-8.jpg","datePublished":"2019-07-25T00:13:25+00:00","breadcrumb":{"@id":"https:\/\/canal7slp.tv\/2019\/unam-realizara-estudio-para-la-proteccion-de-la-sierra-de-san-miguelito\/#breadcrumb"},"inLanguage":"es","potentialAction":[{"@type":"ReadAction","target":["https:\/\/canal7slp.tv\/2019\/unam-realizara-estudio-para-la-proteccion-de-la-sierra-de-san-miguelito\/"]}]},{"@type":"ImageObject","inLanguage":"es","@id":"https:\/\/canal7slp.tv\/2019\/unam-realizara-estudio-para-la-proteccion-de-la-sierra-de-san-miguelito\/#primaryimage","url":"https:\/\/canal7slp.tv\/2019\/wp-content\/uploads\/2019\/07\/gob3-8.jpg","contentUrl":"https:\/\/canal7slp.tv\/2019\/wp-content\/uploads\/2019\/07\/gob3-8.jpg","width":657,"height":410},{"@type":"BreadcrumbList","@id":"https:\/\/canal7slp.tv\/2019\/unam-realizara-estudio-para-la-proteccion-de-la-sierra-de-san-miguelito\/#breadcrumb","itemListElement":[{"@type":"ListItem","position":1,"name":"Home","item":"https:\/\/canal7slp.tv\/2019\/"},{"@type":"ListItem","position":2,"name":"UNAM realizar\u00e1 estudio para la protecci\u00f3n de la Sierra de San Miguelito"}]},{"@type":"WebSite","@id":"https:\/\/canal7slp.tv\/2019\/#website","url":"https:\/\/canal7slp.tv\/2019\/","name":"Canal 7 SLP - Somos TV","description":"Somos un Canal de 10","publisher":{"@id":"https:\/\/canal7slp.tv\/2019\/#organization"},"potentialAction":[{"@type":"SearchAction","target":{"@type":"EntryPoint","urlTemplate":"https:\/\/canal7slp.tv\/2019\/?s={search_term_string}"},"query-input":{"@type":"PropertyValueSpecification","valueRequired":true,"valueName":"search_term_string"}}],"inLanguage":"es"},{"@type":"Organization","@id":"https:\/\/canal7slp.tv\/2019\/#organization","name":"Comunicaci\u00f3n 2000 S.A. de C.V.","url":"https:\/\/canal7slp.tv\/2019\/","logo":{"@type":"ImageObject","inLanguage":"es","@id":"https:\/\/canal7slp.tv\/2019\/#\/schema\/logo\/image\/","url":"https:\/\/canal7slp.tv\/2019\/wp-content\/uploads\/2019\/07\/logo-c7.png","contentUrl":"https:\/\/canal7slp.tv\/2019\/wp-content\/uploads\/2019\/07\/logo-c7.png","width":220,"height":60,"caption":"Comunicaci\u00f3n 2000 S.A. de C.V."},"image":{"@id":"https:\/\/canal7slp.tv\/2019\/#\/schema\/logo\/image\/"},"sameAs":["https:\/\/www.facebook.com\/CANAL7SLP\/","https:\/\/x.com\/canal7_slp","https:\/\/www.instagram.com\/canal7_slp","https:\/\/www.youtube.com\/user\/NOTICIEROSCANAL7SLP\/"]},{"@type":"Person","@id":"https:\/\/canal7slp.tv\/2019\/#\/schema\/person\/11d941c1c6ca30ac0a46b95fa37aa2e3","name":"edicionweb","image":{"@type":"ImageObject","inLanguage":"es","@id":"https:\/\/secure.gravatar.com\/avatar\/eee448fc3f7164808013b816ba91ac7e43bbe82a70bebac296f8bc6f0addaa1a?s=96&d=mm&r=g","url":"https:\/\/secure.gravatar.com\/avatar\/eee448fc3f7164808013b816ba91ac7e43bbe82a70bebac296f8bc6f0addaa1a?s=96&d=mm&r=g","contentUrl":"https:\/\/secure.gravatar.com\/avatar\/eee448fc3f7164808013b816ba91ac7e43bbe82a70bebac296f8bc6f0addaa1a?s=96&d=mm&r=g","caption":"edicionweb"}}]}},"amp_enabled":true,"cmb2":{"video_ids_in_playlist":{"vid_p_videos":""},"video_ids_in_channel":{"vid_c_videos":""},"playlist_ids_in_channel":{"vid_c_playlists":""},"series_ids_in_channel":{"vid_c_series":""},"channel_images":{"vid_c_logo":"","vid_c_banner":""},"poster_feature_image":{"vid_m_poster_image":""},"gif_feature_image":{"vid_m_gif_image":""},"video_movie_settings":{"vid_m_director":"","vid_m_actor":"","vid_m_imdb_ratings":"","vid_m_amazon_associates":""},"vid_youtube_broadcasts_settings":{"vid_yb_broadcast_title":"","vid_yb_q":"","vid_yb_channelid":"","vid_yb_videocategoryid":"","vid_yb_maxresults":"","vid_yb_order":"","vid_yb_regioncode":"","vid_yb_videosyndicated":"","vid_yb_style":"","vid_yb_reload_first":""},"video_series_settings":{"vid_m_director":"","vid_m_actor":"","vid_m_imdb_ratings":"","video_series_group":""},"amazon_associates_settings":{"amazon_associates":"","amazon_native_ad":""},"vid_youtube_automatic_settings":{"vid_ya_youtube_source":"","vid_ya_update_every":"","vid_ya_update_unit":"","vid_ya_categories":"","vid_ya_published_after":"","vid_ya_published_before":"","vid_ya_playlists":"","vid_ya_channels":"","vid_ya_director":"","vid_ya_actor":"","vid_ya_author":"","vid_ya_import_post_date":"","vid_ya_status":"","vid_ya_sub_api_key":""},"vid_ads_m_videoads_settings_post":{"vid_ads_m_video_ads":"","vid_ads_m_video_ads_type":"","vid_ads_m_group_google_ima":"","vid_ads_m_group_image":"","vid_ads_m_group_html5_video":"","vid_ads_m_group_html":"","vid_ads_m_vast_preroll":"","vid_ads_m_vast_postroll":"","vid_ads_m_vast_pauseroll":"","vid_ads_m_vast_midroll":[{"vid_ads_m_vast_timer_seconds":"50"}],"vid_ads_m_time_to_show_ads":"","vid_ads_m_time_skip_ads":"","vid_ads_m_time_to_hide_ads":""},"page_slider_settings":{"display_slider_group":"","page_slider_group":""},"blog_page_settings":{"blog_page_title":"","blog_page_heading":"","blog_page_ic":"","blog_page_it":"","blog_page_ec":"","blog_page_ip":"","archive_loop_style":"","blog_image_ratio":"","blog_show_categories":"","blog_show_excerpt":"","blog_show_author":"","blog_show_date":"","blog_show_comment_count":"","blog_show_view_count":"","blog_show_like_count":"","blog_show_dislike_count":"","blog_items_per_page":"","blog_pag_type":""},"page_options":{"get_page_template":"","color_mode":"","main_layout":"","main_layout_full_with":"","main_logo":"","main_logo_retina":"","main_logo_mobile":"","main_logo_mobile_retina":"","sticky_logo":"","sticky_logo_retina":"","main_nav_layout":"","ajax_search":"","header_background":"","theme_sidebar":"","instagram_feed":"","instagram_feed_position":"","popular_videos":"","popular_videos_title_1":"","popular_videos_title_2":"","popular_videos_ic":"","popular_videos_it":"","theme_background":"","page_custom_css":""},"feature_image_settings":{"feature_image_position":""},"video_player_settings":{"single_video_style":"","video_player_position":"","vm_video_url":"","video_player_library":"","video_streaming":"","vm_media_sources":"","vid_auto_play":"","vm_video_shortcode":"","vid_p_sync_playlist":"","vid_c_sync_channel":"","get_post_format":"","multiple_links_structure":"default","multi_links_title":"","vm_video_multi_links":"","vm_duration":"","vid_social_locker":"off","vid_social_locker_id":"","vid_membership_action":"content-video","vm_video_trailer_url":"","vid_download_type":"free","vid_download_target":"download","vid_woo_product":"","vm_media_download":"","user_rating":"","user_rating_position":"","user_rating_mode":"","user_rating_multi_sets":""},"video_auto_fetch_settings":{"vm_video_fetch":"on"},"video_fake_views_likes":{"vm_fake_views":"","vm_fake_likes":"","vm_fake_dislikes":""},"gallery_settings":{"gallery_position":""},"quote_settings":{"quote_position":""},"post_options":{"main_layout":"","main_logo":"","main_logo_retina":"","main_logo_mobile":"","main_logo_mobile_retina":"","sticky_logo":"","sticky_logo_retina":"","main_nav_layout":"","header_background":"","theme_sidebar":"","single_post_comment_type":"","theme_background":""}},"_links":{"self":[{"href":"https:\/\/canal7slp.tv\/2019\/wp-json\/wp\/v2\/posts\/38887","targetHints":{"allow":["GET"]}}],"collection":[{"href":"https:\/\/canal7slp.tv\/2019\/wp-json\/wp\/v2\/posts"}],"about":[{"href":"https:\/\/canal7slp.tv\/2019\/wp-json\/wp\/v2\/types\/post"}],"author":[{"embeddable":true,"href":"https:\/\/canal7slp.tv\/2019\/wp-json\/wp\/v2\/users\/2"}],"replies":[{"embeddable":true,"href":"https:\/\/canal7slp.tv\/2019\/wp-json\/wp\/v2\/comments?post=38887"}],"version-history":[{"count":0,"href":"https:\/\/canal7slp.tv\/2019\/wp-json\/wp\/v2\/posts\/38887\/revisions"}],"wp:featuredmedia":[{"embeddable":true,"href":"https:\/\/canal7slp.tv\/2019\/wp-json\/wp\/v2\/media\/38900"}],"wp:attachment":[{"href":"https:\/\/canal7slp.tv\/2019\/wp-json\/wp\/v2\/media?parent=38887"}],"wp:term":[{"taxonomy":"category","embeddable":true,"href":"https:\/\/canal7slp.tv\/2019\/wp-json\/wp\/v2\/categories?post=38887"},{"taxonomy":"post_tag","embeddable":true,"href":"https:\/\/canal7slp.tv\/2019\/wp-json\/wp\/v2\/tags?post=38887"}],"curies":[{"name":"wp","href":"https:\/\/api.w.org\/{rel}","templated":true}]}}