{"id":38816,"date":"2019-07-24T18:46:06","date_gmt":"2019-07-24T23:46:06","guid":{"rendered":"https:\/\/canal7slp.tv\/2019\/?p=38816"},"modified":"2019-07-24T18:46:06","modified_gmt":"2019-07-24T23:46:06","slug":"inea-reconoce-esfuerzo-de-slp-para-fortalecer-la-educacion-de-las-personas-en-condicion-de-reclusion","status":"publish","type":"post","link":"https:\/\/canal7slp.tv\/2019\/inea-reconoce-esfuerzo-de-slp-para-fortalecer-la-educacion-de-las-personas-en-condicion-de-reclusion\/","title":{"rendered":"INEA reconoce esfuerzo de SLP para fortalecer la educaci\u00f3n de las personas en condici\u00f3n de reclusi\u00f3n"},"content":{"rendered":"<p style=\"text-align: justify;\">SLP.- Durante la firma de convenio entre la Secretar\u00eda de Seguridad P\u00fablica del Estado y el Instituto de Educaci\u00f3n Estatal para los Adultos (IEEA), atestiguada por el Gobernador del Estado, Juan Manuel Carreras L\u00f3pez, que tiene como objetivo intensificar acciones de alfabetizaci\u00f3n y certificaci\u00f3n en primaria y secundaria de personas que se encuentren reclusas, la directora de Concertaci\u00f3n y Alianzas Estrat\u00e9gicas de Instituto Nacional para la Educaci\u00f3n de los Adultos (INEA), Mar\u00eda Susana Scherer Ibarra, afirm\u00f3 que el acuerdo va a mejorar la calidad de vida de las personas en esta condici\u00f3n, as\u00ed como en las acciones que se realizan en la entidad para la preparaci\u00f3n de calidad.<\/p>\n<p>Tras esta firma de convenio la funcionaria manifest\u00f3 que el INEA est\u00e1 muy satisfecho del trabajo que se est\u00e1 haciendo en el estado, ya que es el tercero en el pa\u00eds que mantiene sus metas.<\/p>\n<p>Agreg\u00f3 que durante su visita tambi\u00e9n pudo conocer el trabajo que est\u00e1 haciendo la Presidenta de la Junta Directiva del Sistema Estatal DIF, Lorena Valle Rodr\u00edguez, a quien acompa\u00f1ar\u00e1 pr\u00f3ximamente en la entrega de certificados de alfabetizaci\u00f3n y conclusi\u00f3n de estudios de primaria y secundaria.<\/p>\n<p>Scherer Ibarra dijo que adem\u00e1s sostuvo una reuni\u00f3n con el dirigente de Confederaci\u00f3n Patronal de la Rep\u00fablica Mexicana (COPARMEX) en la entidad, Jaime Chalita Zarur y un grupo de empresarios, para darles a conocer el convenio firmado con Gustavo de Hoyos, l\u00edder nacional del organismo, para que el INEA se acerque a todas las empresas para conocer el rezago educativo e invitarlas a que los trabajadores tengan acceso al derecho de la educaci\u00f3n.<\/p>\n<p>El titular del Ejecutivo, destac\u00f3 el compromiso de su administraci\u00f3n para fortalecer el derecho a una educaci\u00f3n de calidad para personas en condiciones de reclusi\u00f3n, ya que es una herramienta fundamental para lograr que estas personas puedan reintegrarse a la sociedad.<\/p>\n<p>Refrend\u00f3 el objetivo de esta administraci\u00f3n para continuar con metas claras en la consolidaci\u00f3n de los indicadores de alfabetizaci\u00f3n, as\u00ed como en lograr que personas en esta condici\u00f3n contin\u00faen sus estudios.<\/p>\n<p>El convenio de colaboraci\u00f3n firmado entre el IEEA y la Direcci\u00f3n General de Prevenci\u00f3n y Reinserci\u00f3n Social, servir\u00e1 para intensificar acciones de alfabetizaci\u00f3n y certificaci\u00f3n en primaria y secundaria de personas que se encuentren reclusas en los seis centros penitenciarios del estado, ubicados en SLP, Matehuala, Rioverde, Ciudad Valles, Tancanhuitz y Tamazunchale.<\/p>\n<p>Actualmente, ya se ha iniciado la formaci\u00f3n de asesores seleccionados de la misma poblaci\u00f3n penitenciaria; y al mismo tiempo que se est\u00e1 identificando a la poblaci\u00f3n en rezago educativo en dichos centros para incorporarlos a la atenci\u00f3n educativa.<\/p>\n<p>En lo que va de la administraci\u00f3n del gobernador Carreras L\u00f3pez, se ha logrado que 115 personas privadas de su libertad, que al ingresar no sab\u00edan leer ni escribir, pudieran ser alfabetizadas durante su estancia, de la misma manera, 254 personas que al ingresar no ten\u00edan terminada su primaria, lograron concluirla y 374 m\u00e1s pudieron terminar la secundaria.<\/p>\n<p>En total, se ha logrado que 743 personas concluyeran alg\u00fan nivel educativo gracias al trabajo coordinado de autoridades de las 2 instituciones.<\/p>\n<p>Durante la reuni\u00f3n participaron el secretario de Seguridad P\u00fablica, Ernesto Pineda Arteaga, el secretario de Educaci\u00f3n; Joel Ram\u00edrez D\u00edaz, el director general del IEEA; Helios Barrag\u00e1n Farf\u00e1n y el presidente del Patronato Pro Educaci\u00f3n de los Adultos del IEEA, Jes\u00fas Ernesto de la Maza.<\/p>\n","protected":false},"excerpt":{"rendered":"<p>SLP.- Durante la firma de convenio entre la Secretar\u00eda de Seguridad P\u00fablica del Estado y el Instituto de Educaci\u00f3n Estatal para los Adultos (IEEA), atestiguada por el Gobernador del Estado, Juan Manuel Carreras L\u00f3pez, que tiene como objetivo intensificar acciones de alfabetizaci\u00f3n y certificaci\u00f3n en primaria y secundaria de personas que se encuentren reclusas, la [&hellip;]<\/p>\n","protected":false},"author":2,"featured_media":38829,"comment_status":"open","ping_status":"closed","sticky":false,"template":"","format":"standard","meta":{"footnotes":""},"categories":[17],"tags":[111],"class_list":["post-38816","post","type-post","status-publish","format-standard","has-post-thumbnail","hentry","category-localesyregionales","tag-gobierno-slp"],"yoast_head":"<!-- This site is optimized with the Yoast SEO plugin v27.4 - https:\/\/yoast.com\/product\/yoast-seo-wordpress\/ -->\n<title>INEA reconoce esfuerzo de SLP para fortalecer la educaci\u00f3n de las personas en condici\u00f3n de reclusi\u00f3n - Canal 7 SLP - 2019<\/title>\n<meta name=\"robots\" content=\"index, follow, max-snippet:-1, max-image-preview:large, max-video-preview:-1\" \/>\n<link rel=\"canonical\" href=\"https:\/\/canal7slp.tv\/2019\/inea-reconoce-esfuerzo-de-slp-para-fortalecer-la-educacion-de-las-personas-en-condicion-de-reclusion\/\" \/>\n<meta property=\"og:locale\" content=\"es_ES\" \/>\n<meta property=\"og:type\" content=\"article\" \/>\n<meta property=\"og:title\" content=\"INEA reconoce esfuerzo de SLP para fortalecer la educaci\u00f3n de las personas en condici\u00f3n de reclusi\u00f3n - Canal 7 SLP - 2019\" \/>\n<meta property=\"og:description\" content=\"SLP.- Durante la firma de convenio entre la Secretar\u00eda de Seguridad P\u00fablica del Estado y el Instituto de Educaci\u00f3n Estatal para los Adultos (IEEA), atestiguada por el Gobernador del Estado, Juan Manuel Carreras L\u00f3pez, que tiene como objetivo intensificar acciones de alfabetizaci\u00f3n y certificaci\u00f3n en primaria y secundaria de personas que se encuentren reclusas, la [&hellip;]\" \/>\n<meta property=\"og:url\" content=\"https:\/\/canal7slp.tv\/2019\/inea-reconoce-esfuerzo-de-slp-para-fortalecer-la-educacion-de-las-personas-en-condicion-de-reclusion\/\" \/>\n<meta property=\"og:site_name\" content=\"Canal 7 SLP - 2019\" \/>\n<meta property=\"article:publisher\" content=\"https:\/\/www.facebook.com\/CANAL7SLP\/\" \/>\n<meta property=\"article:published_time\" content=\"2019-07-24T23:46:06+00:00\" \/>\n<meta property=\"og:image\" content=\"https:\/\/canal7slp.tv\/2019\/wp-content\/uploads\/2019\/07\/gob1-8.jpg\" \/>\n\t<meta property=\"og:image:width\" content=\"750\" \/>\n\t<meta property=\"og:image:height\" content=\"421\" \/>\n\t<meta property=\"og:image:type\" content=\"image\/jpeg\" \/>\n<meta name=\"author\" content=\"edicionweb\" \/>\n<meta name=\"twitter:card\" content=\"summary_large_image\" \/>\n<meta name=\"twitter:creator\" content=\"@canal7_slp\" \/>\n<meta name=\"twitter:site\" content=\"@canal7_slp\" \/>\n<meta name=\"twitter:label1\" content=\"Escrito por\" \/>\n\t<meta name=\"twitter:data1\" content=\"edicionweb\" \/>\n\t<meta name=\"twitter:label2\" content=\"Tiempo de lectura\" \/>\n\t<meta name=\"twitter:data2\" content=\"3 minutos\" \/>\n<script type=\"application\/ld+json\" class=\"yoast-schema-graph\">{\"@context\":\"https:\\\/\\\/schema.org\",\"@graph\":[{\"@type\":\"Article\",\"@id\":\"https:\\\/\\\/canal7slp.tv\\\/2019\\\/inea-reconoce-esfuerzo-de-slp-para-fortalecer-la-educacion-de-las-personas-en-condicion-de-reclusion\\\/#article\",\"isPartOf\":{\"@id\":\"https:\\\/\\\/canal7slp.tv\\\/2019\\\/inea-reconoce-esfuerzo-de-slp-para-fortalecer-la-educacion-de-las-personas-en-condicion-de-reclusion\\\/\"},\"author\":{\"name\":\"edicionweb\",\"@id\":\"https:\\\/\\\/canal7slp.tv\\\/2019\\\/#\\\/schema\\\/person\\\/11d941c1c6ca30ac0a46b95fa37aa2e3\"},\"headline\":\"INEA reconoce esfuerzo de SLP para fortalecer la educaci\u00f3n de las personas en condici\u00f3n de reclusi\u00f3n\",\"datePublished\":\"2019-07-24T23:46:06+00:00\",\"mainEntityOfPage\":{\"@id\":\"https:\\\/\\\/canal7slp.tv\\\/2019\\\/inea-reconoce-esfuerzo-de-slp-para-fortalecer-la-educacion-de-las-personas-en-condicion-de-reclusion\\\/\"},\"wordCount\":620,\"commentCount\":0,\"publisher\":{\"@id\":\"https:\\\/\\\/canal7slp.tv\\\/2019\\\/#organization\"},\"image\":{\"@id\":\"https:\\\/\\\/canal7slp.tv\\\/2019\\\/inea-reconoce-esfuerzo-de-slp-para-fortalecer-la-educacion-de-las-personas-en-condicion-de-reclusion\\\/#primaryimage\"},\"thumbnailUrl\":\"https:\\\/\\\/canal7slp.tv\\\/2019\\\/wp-content\\\/uploads\\\/2019\\\/07\\\/gob1-8.jpg\",\"keywords\":[\"Gobierno SLP\"],\"articleSection\":[\"LOCALES Y REGIONALES\"],\"inLanguage\":\"es\",\"potentialAction\":[{\"@type\":\"CommentAction\",\"name\":\"Comment\",\"target\":[\"https:\\\/\\\/canal7slp.tv\\\/2019\\\/inea-reconoce-esfuerzo-de-slp-para-fortalecer-la-educacion-de-las-personas-en-condicion-de-reclusion\\\/#respond\"]}]},{\"@type\":\"WebPage\",\"@id\":\"https:\\\/\\\/canal7slp.tv\\\/2019\\\/inea-reconoce-esfuerzo-de-slp-para-fortalecer-la-educacion-de-las-personas-en-condicion-de-reclusion\\\/\",\"url\":\"https:\\\/\\\/canal7slp.tv\\\/2019\\\/inea-reconoce-esfuerzo-de-slp-para-fortalecer-la-educacion-de-las-personas-en-condicion-de-reclusion\\\/\",\"name\":\"INEA reconoce esfuerzo de SLP para fortalecer la educaci\u00f3n de las personas en condici\u00f3n de reclusi\u00f3n - Canal 7 SLP - 2019\",\"isPartOf\":{\"@id\":\"https:\\\/\\\/canal7slp.tv\\\/2019\\\/#website\"},\"primaryImageOfPage\":{\"@id\":\"https:\\\/\\\/canal7slp.tv\\\/2019\\\/inea-reconoce-esfuerzo-de-slp-para-fortalecer-la-educacion-de-las-personas-en-condicion-de-reclusion\\\/#primaryimage\"},\"image\":{\"@id\":\"https:\\\/\\\/canal7slp.tv\\\/2019\\\/inea-reconoce-esfuerzo-de-slp-para-fortalecer-la-educacion-de-las-personas-en-condicion-de-reclusion\\\/#primaryimage\"},\"thumbnailUrl\":\"https:\\\/\\\/canal7slp.tv\\\/2019\\\/wp-content\\\/uploads\\\/2019\\\/07\\\/gob1-8.jpg\",\"datePublished\":\"2019-07-24T23:46:06+00:00\",\"breadcrumb\":{\"@id\":\"https:\\\/\\\/canal7slp.tv\\\/2019\\\/inea-reconoce-esfuerzo-de-slp-para-fortalecer-la-educacion-de-las-personas-en-condicion-de-reclusion\\\/#breadcrumb\"},\"inLanguage\":\"es\",\"potentialAction\":[{\"@type\":\"ReadAction\",\"target\":[\"https:\\\/\\\/canal7slp.tv\\\/2019\\\/inea-reconoce-esfuerzo-de-slp-para-fortalecer-la-educacion-de-las-personas-en-condicion-de-reclusion\\\/\"]}]},{\"@type\":\"ImageObject\",\"inLanguage\":\"es\",\"@id\":\"https:\\\/\\\/canal7slp.tv\\\/2019\\\/inea-reconoce-esfuerzo-de-slp-para-fortalecer-la-educacion-de-las-personas-en-condicion-de-reclusion\\\/#primaryimage\",\"url\":\"https:\\\/\\\/canal7slp.tv\\\/2019\\\/wp-content\\\/uploads\\\/2019\\\/07\\\/gob1-8.jpg\",\"contentUrl\":\"https:\\\/\\\/canal7slp.tv\\\/2019\\\/wp-content\\\/uploads\\\/2019\\\/07\\\/gob1-8.jpg\",\"width\":750,\"height\":421},{\"@type\":\"BreadcrumbList\",\"@id\":\"https:\\\/\\\/canal7slp.tv\\\/2019\\\/inea-reconoce-esfuerzo-de-slp-para-fortalecer-la-educacion-de-las-personas-en-condicion-de-reclusion\\\/#breadcrumb\",\"itemListElement\":[{\"@type\":\"ListItem\",\"position\":1,\"name\":\"Home\",\"item\":\"https:\\\/\\\/canal7slp.tv\\\/2019\\\/\"},{\"@type\":\"ListItem\",\"position\":2,\"name\":\"INEA reconoce esfuerzo de SLP para fortalecer la educaci\u00f3n de las personas en condici\u00f3n de reclusi\u00f3n\"}]},{\"@type\":\"WebSite\",\"@id\":\"https:\\\/\\\/canal7slp.tv\\\/2019\\\/#website\",\"url\":\"https:\\\/\\\/canal7slp.tv\\\/2019\\\/\",\"name\":\"Canal 7 SLP - Somos TV\",\"description\":\"Somos un Canal de 10\",\"publisher\":{\"@id\":\"https:\\\/\\\/canal7slp.tv\\\/2019\\\/#organization\"},\"potentialAction\":[{\"@type\":\"SearchAction\",\"target\":{\"@type\":\"EntryPoint\",\"urlTemplate\":\"https:\\\/\\\/canal7slp.tv\\\/2019\\\/?s={search_term_string}\"},\"query-input\":{\"@type\":\"PropertyValueSpecification\",\"valueRequired\":true,\"valueName\":\"search_term_string\"}}],\"inLanguage\":\"es\"},{\"@type\":\"Organization\",\"@id\":\"https:\\\/\\\/canal7slp.tv\\\/2019\\\/#organization\",\"name\":\"Comunicaci\u00f3n 2000 S.A. de C.V.\",\"url\":\"https:\\\/\\\/canal7slp.tv\\\/2019\\\/\",\"logo\":{\"@type\":\"ImageObject\",\"inLanguage\":\"es\",\"@id\":\"https:\\\/\\\/canal7slp.tv\\\/2019\\\/#\\\/schema\\\/logo\\\/image\\\/\",\"url\":\"https:\\\/\\\/canal7slp.tv\\\/2019\\\/wp-content\\\/uploads\\\/2019\\\/07\\\/logo-c7.png\",\"contentUrl\":\"https:\\\/\\\/canal7slp.tv\\\/2019\\\/wp-content\\\/uploads\\\/2019\\\/07\\\/logo-c7.png\",\"width\":220,\"height\":60,\"caption\":\"Comunicaci\u00f3n 2000 S.A. de C.V.\"},\"image\":{\"@id\":\"https:\\\/\\\/canal7slp.tv\\\/2019\\\/#\\\/schema\\\/logo\\\/image\\\/\"},\"sameAs\":[\"https:\\\/\\\/www.facebook.com\\\/CANAL7SLP\\\/\",\"https:\\\/\\\/x.com\\\/canal7_slp\",\"https:\\\/\\\/www.instagram.com\\\/canal7_slp\",\"https:\\\/\\\/www.youtube.com\\\/user\\\/NOTICIEROSCANAL7SLP\\\/\"]},{\"@type\":\"Person\",\"@id\":\"https:\\\/\\\/canal7slp.tv\\\/2019\\\/#\\\/schema\\\/person\\\/11d941c1c6ca30ac0a46b95fa37aa2e3\",\"name\":\"edicionweb\",\"image\":{\"@type\":\"ImageObject\",\"inLanguage\":\"es\",\"@id\":\"https:\\\/\\\/secure.gravatar.com\\\/avatar\\\/eee448fc3f7164808013b816ba91ac7e43bbe82a70bebac296f8bc6f0addaa1a?s=96&d=mm&r=g\",\"url\":\"https:\\\/\\\/secure.gravatar.com\\\/avatar\\\/eee448fc3f7164808013b816ba91ac7e43bbe82a70bebac296f8bc6f0addaa1a?s=96&d=mm&r=g\",\"contentUrl\":\"https:\\\/\\\/secure.gravatar.com\\\/avatar\\\/eee448fc3f7164808013b816ba91ac7e43bbe82a70bebac296f8bc6f0addaa1a?s=96&d=mm&r=g\",\"caption\":\"edicionweb\"}}]}<\/script>\n<!-- \/ Yoast SEO plugin. -->","yoast_head_json":{"title":"INEA reconoce esfuerzo de SLP para fortalecer la educaci\u00f3n de las personas en condici\u00f3n de reclusi\u00f3n - Canal 7 SLP - 2019","robots":{"index":"index","follow":"follow","max-snippet":"max-snippet:-1","max-image-preview":"max-image-preview:large","max-video-preview":"max-video-preview:-1"},"canonical":"https:\/\/canal7slp.tv\/2019\/inea-reconoce-esfuerzo-de-slp-para-fortalecer-la-educacion-de-las-personas-en-condicion-de-reclusion\/","og_locale":"es_ES","og_type":"article","og_title":"INEA reconoce esfuerzo de SLP para fortalecer la educaci\u00f3n de las personas en condici\u00f3n de reclusi\u00f3n - Canal 7 SLP - 2019","og_description":"SLP.- Durante la firma de convenio entre la Secretar\u00eda de Seguridad P\u00fablica del Estado y el Instituto de Educaci\u00f3n Estatal para los Adultos (IEEA), atestiguada por el Gobernador del Estado, Juan Manuel Carreras L\u00f3pez, que tiene como objetivo intensificar acciones de alfabetizaci\u00f3n y certificaci\u00f3n en primaria y secundaria de personas que se encuentren reclusas, la [&hellip;]","og_url":"https:\/\/canal7slp.tv\/2019\/inea-reconoce-esfuerzo-de-slp-para-fortalecer-la-educacion-de-las-personas-en-condicion-de-reclusion\/","og_site_name":"Canal 7 SLP - 2019","article_publisher":"https:\/\/www.facebook.com\/CANAL7SLP\/","article_published_time":"2019-07-24T23:46:06+00:00","og_image":[{"width":750,"height":421,"url":"https:\/\/canal7slp.tv\/2019\/wp-content\/uploads\/2019\/07\/gob1-8.jpg","type":"image\/jpeg"}],"author":"edicionweb","twitter_card":"summary_large_image","twitter_creator":"@canal7_slp","twitter_site":"@canal7_slp","twitter_misc":{"Escrito por":"edicionweb","Tiempo de lectura":"3 minutos"},"schema":{"@context":"https:\/\/schema.org","@graph":[{"@type":"Article","@id":"https:\/\/canal7slp.tv\/2019\/inea-reconoce-esfuerzo-de-slp-para-fortalecer-la-educacion-de-las-personas-en-condicion-de-reclusion\/#article","isPartOf":{"@id":"https:\/\/canal7slp.tv\/2019\/inea-reconoce-esfuerzo-de-slp-para-fortalecer-la-educacion-de-las-personas-en-condicion-de-reclusion\/"},"author":{"name":"edicionweb","@id":"https:\/\/canal7slp.tv\/2019\/#\/schema\/person\/11d941c1c6ca30ac0a46b95fa37aa2e3"},"headline":"INEA reconoce esfuerzo de SLP para fortalecer la educaci\u00f3n de las personas en condici\u00f3n de reclusi\u00f3n","datePublished":"2019-07-24T23:46:06+00:00","mainEntityOfPage":{"@id":"https:\/\/canal7slp.tv\/2019\/inea-reconoce-esfuerzo-de-slp-para-fortalecer-la-educacion-de-las-personas-en-condicion-de-reclusion\/"},"wordCount":620,"commentCount":0,"publisher":{"@id":"https:\/\/canal7slp.tv\/2019\/#organization"},"image":{"@id":"https:\/\/canal7slp.tv\/2019\/inea-reconoce-esfuerzo-de-slp-para-fortalecer-la-educacion-de-las-personas-en-condicion-de-reclusion\/#primaryimage"},"thumbnailUrl":"https:\/\/canal7slp.tv\/2019\/wp-content\/uploads\/2019\/07\/gob1-8.jpg","keywords":["Gobierno SLP"],"articleSection":["LOCALES Y REGIONALES"],"inLanguage":"es","potentialAction":[{"@type":"CommentAction","name":"Comment","target":["https:\/\/canal7slp.tv\/2019\/inea-reconoce-esfuerzo-de-slp-para-fortalecer-la-educacion-de-las-personas-en-condicion-de-reclusion\/#respond"]}]},{"@type":"WebPage","@id":"https:\/\/canal7slp.tv\/2019\/inea-reconoce-esfuerzo-de-slp-para-fortalecer-la-educacion-de-las-personas-en-condicion-de-reclusion\/","url":"https:\/\/canal7slp.tv\/2019\/inea-reconoce-esfuerzo-de-slp-para-fortalecer-la-educacion-de-las-personas-en-condicion-de-reclusion\/","name":"INEA reconoce esfuerzo de SLP para fortalecer la educaci\u00f3n de las personas en condici\u00f3n de reclusi\u00f3n - Canal 7 SLP - 2019","isPartOf":{"@id":"https:\/\/canal7slp.tv\/2019\/#website"},"primaryImageOfPage":{"@id":"https:\/\/canal7slp.tv\/2019\/inea-reconoce-esfuerzo-de-slp-para-fortalecer-la-educacion-de-las-personas-en-condicion-de-reclusion\/#primaryimage"},"image":{"@id":"https:\/\/canal7slp.tv\/2019\/inea-reconoce-esfuerzo-de-slp-para-fortalecer-la-educacion-de-las-personas-en-condicion-de-reclusion\/#primaryimage"},"thumbnailUrl":"https:\/\/canal7slp.tv\/2019\/wp-content\/uploads\/2019\/07\/gob1-8.jpg","datePublished":"2019-07-24T23:46:06+00:00","breadcrumb":{"@id":"https:\/\/canal7slp.tv\/2019\/inea-reconoce-esfuerzo-de-slp-para-fortalecer-la-educacion-de-las-personas-en-condicion-de-reclusion\/#breadcrumb"},"inLanguage":"es","potentialAction":[{"@type":"ReadAction","target":["https:\/\/canal7slp.tv\/2019\/inea-reconoce-esfuerzo-de-slp-para-fortalecer-la-educacion-de-las-personas-en-condicion-de-reclusion\/"]}]},{"@type":"ImageObject","inLanguage":"es","@id":"https:\/\/canal7slp.tv\/2019\/inea-reconoce-esfuerzo-de-slp-para-fortalecer-la-educacion-de-las-personas-en-condicion-de-reclusion\/#primaryimage","url":"https:\/\/canal7slp.tv\/2019\/wp-content\/uploads\/2019\/07\/gob1-8.jpg","contentUrl":"https:\/\/canal7slp.tv\/2019\/wp-content\/uploads\/2019\/07\/gob1-8.jpg","width":750,"height":421},{"@type":"BreadcrumbList","@id":"https:\/\/canal7slp.tv\/2019\/inea-reconoce-esfuerzo-de-slp-para-fortalecer-la-educacion-de-las-personas-en-condicion-de-reclusion\/#breadcrumb","itemListElement":[{"@type":"ListItem","position":1,"name":"Home","item":"https:\/\/canal7slp.tv\/2019\/"},{"@type":"ListItem","position":2,"name":"INEA reconoce esfuerzo de SLP para fortalecer la educaci\u00f3n de las personas en condici\u00f3n de reclusi\u00f3n"}]},{"@type":"WebSite","@id":"https:\/\/canal7slp.tv\/2019\/#website","url":"https:\/\/canal7slp.tv\/2019\/","name":"Canal 7 SLP - Somos TV","description":"Somos un Canal de 10","publisher":{"@id":"https:\/\/canal7slp.tv\/2019\/#organization"},"potentialAction":[{"@type":"SearchAction","target":{"@type":"EntryPoint","urlTemplate":"https:\/\/canal7slp.tv\/2019\/?s={search_term_string}"},"query-input":{"@type":"PropertyValueSpecification","valueRequired":true,"valueName":"search_term_string"}}],"inLanguage":"es"},{"@type":"Organization","@id":"https:\/\/canal7slp.tv\/2019\/#organization","name":"Comunicaci\u00f3n 2000 S.A. de C.V.","url":"https:\/\/canal7slp.tv\/2019\/","logo":{"@type":"ImageObject","inLanguage":"es","@id":"https:\/\/canal7slp.tv\/2019\/#\/schema\/logo\/image\/","url":"https:\/\/canal7slp.tv\/2019\/wp-content\/uploads\/2019\/07\/logo-c7.png","contentUrl":"https:\/\/canal7slp.tv\/2019\/wp-content\/uploads\/2019\/07\/logo-c7.png","width":220,"height":60,"caption":"Comunicaci\u00f3n 2000 S.A. de C.V."},"image":{"@id":"https:\/\/canal7slp.tv\/2019\/#\/schema\/logo\/image\/"},"sameAs":["https:\/\/www.facebook.com\/CANAL7SLP\/","https:\/\/x.com\/canal7_slp","https:\/\/www.instagram.com\/canal7_slp","https:\/\/www.youtube.com\/user\/NOTICIEROSCANAL7SLP\/"]},{"@type":"Person","@id":"https:\/\/canal7slp.tv\/2019\/#\/schema\/person\/11d941c1c6ca30ac0a46b95fa37aa2e3","name":"edicionweb","image":{"@type":"ImageObject","inLanguage":"es","@id":"https:\/\/secure.gravatar.com\/avatar\/eee448fc3f7164808013b816ba91ac7e43bbe82a70bebac296f8bc6f0addaa1a?s=96&d=mm&r=g","url":"https:\/\/secure.gravatar.com\/avatar\/eee448fc3f7164808013b816ba91ac7e43bbe82a70bebac296f8bc6f0addaa1a?s=96&d=mm&r=g","contentUrl":"https:\/\/secure.gravatar.com\/avatar\/eee448fc3f7164808013b816ba91ac7e43bbe82a70bebac296f8bc6f0addaa1a?s=96&d=mm&r=g","caption":"edicionweb"}}]}},"amp_enabled":true,"cmb2":{"video_ids_in_playlist":{"vid_p_videos":""},"video_ids_in_channel":{"vid_c_videos":""},"playlist_ids_in_channel":{"vid_c_playlists":""},"series_ids_in_channel":{"vid_c_series":""},"channel_images":{"vid_c_logo":"","vid_c_banner":""},"poster_feature_image":{"vid_m_poster_image":""},"gif_feature_image":{"vid_m_gif_image":""},"video_movie_settings":{"vid_m_director":"","vid_m_actor":"","vid_m_imdb_ratings":"","vid_m_amazon_associates":""},"vid_youtube_broadcasts_settings":{"vid_yb_broadcast_title":"","vid_yb_q":"","vid_yb_channelid":"","vid_yb_videocategoryid":"","vid_yb_maxresults":"","vid_yb_order":"","vid_yb_regioncode":"","vid_yb_videosyndicated":"","vid_yb_style":"","vid_yb_reload_first":""},"video_series_settings":{"vid_m_director":"","vid_m_actor":"","vid_m_imdb_ratings":"","video_series_group":""},"amazon_associates_settings":{"amazon_associates":"","amazon_native_ad":""},"vid_youtube_automatic_settings":{"vid_ya_youtube_source":"","vid_ya_update_every":"","vid_ya_update_unit":"","vid_ya_categories":"","vid_ya_published_after":"","vid_ya_published_before":"","vid_ya_playlists":"","vid_ya_channels":"","vid_ya_director":"","vid_ya_actor":"","vid_ya_author":"","vid_ya_import_post_date":"","vid_ya_status":"","vid_ya_sub_api_key":""},"vid_ads_m_videoads_settings_post":{"vid_ads_m_video_ads":"","vid_ads_m_video_ads_type":"","vid_ads_m_group_google_ima":"","vid_ads_m_group_image":"","vid_ads_m_group_html5_video":"","vid_ads_m_group_html":"","vid_ads_m_vast_preroll":"","vid_ads_m_vast_postroll":"","vid_ads_m_vast_pauseroll":"","vid_ads_m_vast_midroll":[{"vid_ads_m_vast_timer_seconds":"50"}],"vid_ads_m_time_to_show_ads":"","vid_ads_m_time_skip_ads":"","vid_ads_m_time_to_hide_ads":""},"page_slider_settings":{"display_slider_group":"","page_slider_group":""},"blog_page_settings":{"blog_page_title":"","blog_page_heading":"","blog_page_ic":"","blog_page_it":"","blog_page_ec":"","blog_page_ip":"","archive_loop_style":"","blog_image_ratio":"","blog_show_categories":"","blog_show_excerpt":"","blog_show_author":"","blog_show_date":"","blog_show_comment_count":"","blog_show_view_count":"","blog_show_like_count":"","blog_show_dislike_count":"","blog_items_per_page":"","blog_pag_type":""},"page_options":{"get_page_template":"","color_mode":"","main_layout":"","main_layout_full_with":"","main_logo":"","main_logo_retina":"","main_logo_mobile":"","main_logo_mobile_retina":"","sticky_logo":"","sticky_logo_retina":"","main_nav_layout":"","ajax_search":"","header_background":"","theme_sidebar":"","instagram_feed":"","instagram_feed_position":"","popular_videos":"","popular_videos_title_1":"","popular_videos_title_2":"","popular_videos_ic":"","popular_videos_it":"","theme_background":"","page_custom_css":""},"feature_image_settings":{"feature_image_position":""},"video_player_settings":{"single_video_style":"","video_player_position":"","vm_video_url":"","video_player_library":"","video_streaming":"","vm_media_sources":"","vid_auto_play":"","vm_video_shortcode":"","vid_p_sync_playlist":"","vid_c_sync_channel":"","get_post_format":"","multiple_links_structure":"default","multi_links_title":"","vm_video_multi_links":"","vm_duration":"","vid_social_locker":"off","vid_social_locker_id":"","vid_membership_action":"content-video","vm_video_trailer_url":"","vid_download_type":"free","vid_download_target":"download","vid_woo_product":"","vm_media_download":"","user_rating":"","user_rating_position":"","user_rating_mode":"","user_rating_multi_sets":""},"video_auto_fetch_settings":{"vm_video_fetch":"on"},"video_fake_views_likes":{"vm_fake_views":"","vm_fake_likes":"","vm_fake_dislikes":""},"gallery_settings":{"gallery_position":""},"quote_settings":{"quote_position":""},"post_options":{"main_layout":"","main_logo":"","main_logo_retina":"","main_logo_mobile":"","main_logo_mobile_retina":"","sticky_logo":"","sticky_logo_retina":"","main_nav_layout":"","header_background":"","theme_sidebar":"","single_post_comment_type":"","theme_background":""}},"_links":{"self":[{"href":"https:\/\/canal7slp.tv\/2019\/wp-json\/wp\/v2\/posts\/38816","targetHints":{"allow":["GET"]}}],"collection":[{"href":"https:\/\/canal7slp.tv\/2019\/wp-json\/wp\/v2\/posts"}],"about":[{"href":"https:\/\/canal7slp.tv\/2019\/wp-json\/wp\/v2\/types\/post"}],"author":[{"embeddable":true,"href":"https:\/\/canal7slp.tv\/2019\/wp-json\/wp\/v2\/users\/2"}],"replies":[{"embeddable":true,"href":"https:\/\/canal7slp.tv\/2019\/wp-json\/wp\/v2\/comments?post=38816"}],"version-history":[{"count":0,"href":"https:\/\/canal7slp.tv\/2019\/wp-json\/wp\/v2\/posts\/38816\/revisions"}],"wp:featuredmedia":[{"embeddable":true,"href":"https:\/\/canal7slp.tv\/2019\/wp-json\/wp\/v2\/media\/38829"}],"wp:attachment":[{"href":"https:\/\/canal7slp.tv\/2019\/wp-json\/wp\/v2\/media?parent=38816"}],"wp:term":[{"taxonomy":"category","embeddable":true,"href":"https:\/\/canal7slp.tv\/2019\/wp-json\/wp\/v2\/categories?post=38816"},{"taxonomy":"post_tag","embeddable":true,"href":"https:\/\/canal7slp.tv\/2019\/wp-json\/wp\/v2\/tags?post=38816"}],"curies":[{"name":"wp","href":"https:\/\/api.w.org\/{rel}","templated":true}]}}