{"id":38793,"date":"2019-07-24T18:33:07","date_gmt":"2019-07-24T23:33:07","guid":{"rendered":"https:\/\/canal7slp.tv\/2019\/?p=38793"},"modified":"2019-07-24T18:33:07","modified_gmt":"2019-07-24T23:33:07","slug":"presentan-informe-nacional-sobre-la-situacion-de-jornaleros-migrantes","status":"publish","type":"post","link":"https:\/\/canal7slp.tv\/2019\/presentan-informe-nacional-sobre-la-situacion-de-jornaleros-migrantes\/","title":{"rendered":"Presentan Informe Nacional sobre la Situaci\u00f3n de Jornaleros Migrantes"},"content":{"rendered":"<p style=\"text-align: justify;\">SLP.- Un estudio de la Red Nacional de Jornaleros y Jornaleros Agr\u00edcolas realizado en San Luis Potos\u00ed, Sonora, Sinaloa, Guanajuato, Guerrero, Oaxaca y Chiapas revelan que hombres, mujeres y ni\u00f1os que son contratados en centros agr\u00edcolas sufren ser\u00edas violaciones a sus derechos humanos por no contar con certidumbre laboral, no tener acceso a la salud ni educaci\u00f3n.<\/p>\n<p style=\"text-align: justify;\">Lo anterior se dio a conocer durante la presentaci\u00f3n del libro \u201cInformaci\u00f3n Nacional sobre la Situaci\u00f3n de Jornaleros Migrantes\u201d y el conversatorio sobre \u201cMigraci\u00f3n Jornalera Agr\u00edcola Interna\u201d, asistieron la diputada Marite Hern\u00e1ndez Correa e integrantes de la Red Nacional de Jornaleros y Jornaleras Agr\u00edcolas.<\/p>\n<p style=\"text-align: justify;\">La licenciada Mar\u00eda M\u00e1yela Blanco Ram\u00edrez integrante de la Red Nacional de Jornaleros y Jornaleras Agr\u00edcolas y del Centro Internacional y Gesti\u00f3n P\u00fablica A.C, inform\u00f3 que en el pa\u00eds se tienen identificados alrededor de siete millones de jornaleros agr\u00edcolas; sin embargo, \u201ces un registro que a\u00fan sigue en construcci\u00f3n, porque la \u00faltima encuesta que se tiene es del extinto Programa de Atenci\u00f3n a Jornaleros Agr\u00edcolas (PAJA) que lleva 10 a\u00f1os sin actualizarse\u201d.<\/p>\n<p style=\"text-align: justify;\">En el informe de \u201cLos Derechos de las y los Jornaleros Agr\u00edcolas\u201d presentado por la Red Nacional de Jornaleros y Jornaleras Agr\u00edcolas, se puntualiza que la pobreza extrema es una de las principales condiciones que propicia la migraci\u00f3n de los jornaleros agr\u00edcolas, ya que, el 97 por ciento de esta poblaci\u00f3n presenta por lo menos una carencia social.<\/p>\n<p style=\"text-align: justify;\">Los hombres, mujeres y ni\u00f1os que se dedican a esta actividad sufren de serias violaciones a los derechos humanos, al ser trasladados en condiciones de riesgo, en donde son hospedados no cuentan con los servicios b\u00e1sicos de alimentaci\u00f3n, atenci\u00f3n m\u00e9dica ni educaci\u00f3n para los ni\u00f1os y ni\u00f1as que los acompa\u00f1an, adem\u00e1s, tienen ingresos precarios y en ocasiones quienes los contratan no cumplen con los pagos porque no existe una relaci\u00f3n formal de trabajo.<\/p>\n<p style=\"text-align: justify;\">La Red de Jornaleros y Jornaleras Agr\u00edcolas advierte que en los campamentos agr\u00edcolas los ni\u00f1os, ni\u00f1as y adolescentes que ah\u00ed se encuentran, no tienen la garant\u00eda de acceso a la educaci\u00f3n, viven en condiciones de hacinamiento, inseguridad, carencia de agua, la atenci\u00f3n a la salud, cuando la hay, es burocratizada y deficiente, adem\u00e1s los jornaleros y jornaleras ind\u00edgenas no cuentan con traductores que les ayuden a realizar tr\u00e1mites administrativos.<\/p>\n<p style=\"text-align: justify;\">Entre los problemas detectados en San Luis Potos\u00ed, se inform\u00f3 que existe una recomendaci\u00f3n emitida por la Comisi\u00f3n Nacional de los Derechos Humanos (CNDH), dirigida a la Secretar\u00eda del Trabajo y Previsi\u00f3n Social y al gobernador del Estado, Juan Manuel Carreras L\u00f3pez, por presuntas violaciones a los derechos humanos de ni\u00f1os, ni\u00f1as y jornaleros ind\u00edgenas agr\u00edcolas que trabajaban en Villa Ju\u00e1rez; y la Red de Nacional de Jornaleros Agr\u00edcolas identific\u00f3 a trav\u00e9s de una denuncia period\u00edstica que en el ejido Las Palomas, perteneciente al municipio de Ciudad del Ma\u00edz de denuncias de jornaleros agr\u00edcolas por la mala calidad e higiene de los alimentos que se les proporcionaba.<\/p>\n<p style=\"text-align: justify;\">En el conversatorio sobre San Luis Potos\u00ed como Estado de Tr\u00e1nsito y Destino de Migraci\u00f3n Jornalera Agr\u00edcola Interna, participaron: Paulino Rodr\u00edguez Reyes en representaci\u00f3n del Centro de Derechos Humanos, Mtra. Lilia Romero Perea de Respuesta Alternativa, A.C., as\u00ed como la Mtra. Celia Garc\u00eda Valdivieso del Centro de Derechos Humanos, Samuel Ru\u00edz, A.C., el Dr. Guillermo Lu\u00e9vano Bustamante de la Cl\u00ednica Litigio Estrat\u00e9gico en Derechos Humanos de la UASLP.<\/p>\n<p style=\"text-align: justify;\">En el conversatorio de San Luis Potos\u00ed como Estado de Origen de Migraci\u00f3n Jornalera Agr\u00edcola Interna, participaron: Lic. Rosaura F\u00e9lix Rodr\u00edguez de la Promotora y Defensor\u00eda de Derechos Humanos del municipio de Xilitla, Lic. Mar\u00eda M\u00e1yela Blanco Ram\u00edrez del Centro de Estudios de Cooperaci\u00f3n Internacional y Gesti\u00f3n P\u00fablica A.C, e integrante de la Coordinaci\u00f3n de la Red Nacional de Jornaleros y Jornaleras Agr\u00edcolas.<\/p>\n<p style=\"text-align: justify;\">En la presentaci\u00f3n del informe \u201cViolaci\u00f3n de Derechos de las o los Jornaleros Agr\u00edcolas en M\u00e9xico\u201d, participaron: Joel Donato Beltr\u00e1n, responsable de la Pastoral Social de la Di\u00f3cesis de Matehuala y el Lic. Hugo Armando P\u00e9rez Aguilar, coordinador de la oficina regional de la Comisi\u00f3n Nacional de Derechos Humanos, Mtro. Hugo Armando P\u00e9rez Aguilar, coordinador de la oficina Regional de la Comisi\u00f3n Nacional de Derechos Humanos y la Lic. Mar\u00eda M\u00e1yela Blanco Ram\u00edrez del Centro de Estudios de Cooperaci\u00f3n Internacional y Gesti\u00f3n P\u00fablica A.C, e integrante de la Coordinaci\u00f3n de la Red Nacional de Jornaleros y Jornaleras Agr\u00edcolas y la diputada federal Mar\u00eda Luis Veloz.<\/p>\n","protected":false},"excerpt":{"rendered":"<p>SLP.- Un estudio de la Red Nacional de Jornaleros y Jornaleros Agr\u00edcolas realizado en San Luis Potos\u00ed, Sonora, Sinaloa, Guanajuato, Guerrero, Oaxaca y Chiapas revelan que hombres, mujeres y ni\u00f1os que son contratados en centros agr\u00edcolas sufren ser\u00edas violaciones a sus derechos humanos por no contar con certidumbre laboral, no tener acceso a la salud [&hellip;]<\/p>\n","protected":false},"author":2,"featured_media":38814,"comment_status":"open","ping_status":"closed","sticky":false,"template":"","format":"standard","meta":{"footnotes":""},"categories":[17],"tags":[109],"class_list":["post-38793","post","type-post","status-publish","format-standard","has-post-thumbnail","hentry","category-localesyregionales","tag-congreso-slp"],"yoast_head":"<!-- This site is optimized with the Yoast SEO plugin v27.4 - https:\/\/yoast.com\/product\/yoast-seo-wordpress\/ -->\n<title>Presentan Informe Nacional sobre la Situaci\u00f3n de Jornaleros Migrantes - Canal 7 SLP - 2019<\/title>\n<meta name=\"robots\" content=\"index, follow, max-snippet:-1, max-image-preview:large, max-video-preview:-1\" \/>\n<link rel=\"canonical\" href=\"https:\/\/canal7slp.tv\/2019\/presentan-informe-nacional-sobre-la-situacion-de-jornaleros-migrantes\/\" \/>\n<meta property=\"og:locale\" content=\"es_ES\" \/>\n<meta property=\"og:type\" content=\"article\" \/>\n<meta property=\"og:title\" content=\"Presentan Informe Nacional sobre la Situaci\u00f3n de Jornaleros Migrantes - Canal 7 SLP - 2019\" \/>\n<meta property=\"og:description\" content=\"SLP.- Un estudio de la Red Nacional de Jornaleros y Jornaleros Agr\u00edcolas realizado en San Luis Potos\u00ed, Sonora, Sinaloa, Guanajuato, Guerrero, Oaxaca y Chiapas revelan que hombres, mujeres y ni\u00f1os que son contratados en centros agr\u00edcolas sufren ser\u00edas violaciones a sus derechos humanos por no contar con certidumbre laboral, no tener acceso a la salud [&hellip;]\" \/>\n<meta property=\"og:url\" content=\"https:\/\/canal7slp.tv\/2019\/presentan-informe-nacional-sobre-la-situacion-de-jornaleros-migrantes\/\" \/>\n<meta property=\"og:site_name\" content=\"Canal 7 SLP - 2019\" \/>\n<meta property=\"article:publisher\" content=\"https:\/\/www.facebook.com\/CANAL7SLP\/\" \/>\n<meta property=\"article:published_time\" content=\"2019-07-24T23:33:07+00:00\" \/>\n<meta property=\"og:image\" content=\"https:\/\/canal7slp.tv\/2019\/wp-content\/uploads\/2019\/07\/c4-9.jpg\" \/>\n\t<meta property=\"og:image:width\" content=\"592\" \/>\n\t<meta property=\"og:image:height\" content=\"410\" \/>\n\t<meta property=\"og:image:type\" content=\"image\/jpeg\" \/>\n<meta name=\"author\" content=\"edicionweb\" \/>\n<meta name=\"twitter:card\" content=\"summary_large_image\" \/>\n<meta name=\"twitter:creator\" content=\"@canal7_slp\" \/>\n<meta name=\"twitter:site\" content=\"@canal7_slp\" \/>\n<meta name=\"twitter:label1\" content=\"Escrito por\" \/>\n\t<meta name=\"twitter:data1\" content=\"edicionweb\" \/>\n\t<meta name=\"twitter:label2\" content=\"Tiempo de lectura\" \/>\n\t<meta name=\"twitter:data2\" content=\"4 minutos\" \/>\n<script type=\"application\/ld+json\" class=\"yoast-schema-graph\">{\"@context\":\"https:\\\/\\\/schema.org\",\"@graph\":[{\"@type\":\"Article\",\"@id\":\"https:\\\/\\\/canal7slp.tv\\\/2019\\\/presentan-informe-nacional-sobre-la-situacion-de-jornaleros-migrantes\\\/#article\",\"isPartOf\":{\"@id\":\"https:\\\/\\\/canal7slp.tv\\\/2019\\\/presentan-informe-nacional-sobre-la-situacion-de-jornaleros-migrantes\\\/\"},\"author\":{\"name\":\"edicionweb\",\"@id\":\"https:\\\/\\\/canal7slp.tv\\\/2019\\\/#\\\/schema\\\/person\\\/11d941c1c6ca30ac0a46b95fa37aa2e3\"},\"headline\":\"Presentan Informe Nacional sobre la Situaci\u00f3n de Jornaleros Migrantes\",\"datePublished\":\"2019-07-24T23:33:07+00:00\",\"mainEntityOfPage\":{\"@id\":\"https:\\\/\\\/canal7slp.tv\\\/2019\\\/presentan-informe-nacional-sobre-la-situacion-de-jornaleros-migrantes\\\/\"},\"wordCount\":838,\"commentCount\":0,\"publisher\":{\"@id\":\"https:\\\/\\\/canal7slp.tv\\\/2019\\\/#organization\"},\"image\":{\"@id\":\"https:\\\/\\\/canal7slp.tv\\\/2019\\\/presentan-informe-nacional-sobre-la-situacion-de-jornaleros-migrantes\\\/#primaryimage\"},\"thumbnailUrl\":\"https:\\\/\\\/canal7slp.tv\\\/2019\\\/wp-content\\\/uploads\\\/2019\\\/07\\\/c4-9.jpg\",\"keywords\":[\"Congreso SLP\"],\"articleSection\":[\"LOCALES Y REGIONALES\"],\"inLanguage\":\"es\",\"potentialAction\":[{\"@type\":\"CommentAction\",\"name\":\"Comment\",\"target\":[\"https:\\\/\\\/canal7slp.tv\\\/2019\\\/presentan-informe-nacional-sobre-la-situacion-de-jornaleros-migrantes\\\/#respond\"]}]},{\"@type\":\"WebPage\",\"@id\":\"https:\\\/\\\/canal7slp.tv\\\/2019\\\/presentan-informe-nacional-sobre-la-situacion-de-jornaleros-migrantes\\\/\",\"url\":\"https:\\\/\\\/canal7slp.tv\\\/2019\\\/presentan-informe-nacional-sobre-la-situacion-de-jornaleros-migrantes\\\/\",\"name\":\"Presentan Informe Nacional sobre la Situaci\u00f3n de Jornaleros Migrantes - Canal 7 SLP - 2019\",\"isPartOf\":{\"@id\":\"https:\\\/\\\/canal7slp.tv\\\/2019\\\/#website\"},\"primaryImageOfPage\":{\"@id\":\"https:\\\/\\\/canal7slp.tv\\\/2019\\\/presentan-informe-nacional-sobre-la-situacion-de-jornaleros-migrantes\\\/#primaryimage\"},\"image\":{\"@id\":\"https:\\\/\\\/canal7slp.tv\\\/2019\\\/presentan-informe-nacional-sobre-la-situacion-de-jornaleros-migrantes\\\/#primaryimage\"},\"thumbnailUrl\":\"https:\\\/\\\/canal7slp.tv\\\/2019\\\/wp-content\\\/uploads\\\/2019\\\/07\\\/c4-9.jpg\",\"datePublished\":\"2019-07-24T23:33:07+00:00\",\"breadcrumb\":{\"@id\":\"https:\\\/\\\/canal7slp.tv\\\/2019\\\/presentan-informe-nacional-sobre-la-situacion-de-jornaleros-migrantes\\\/#breadcrumb\"},\"inLanguage\":\"es\",\"potentialAction\":[{\"@type\":\"ReadAction\",\"target\":[\"https:\\\/\\\/canal7slp.tv\\\/2019\\\/presentan-informe-nacional-sobre-la-situacion-de-jornaleros-migrantes\\\/\"]}]},{\"@type\":\"ImageObject\",\"inLanguage\":\"es\",\"@id\":\"https:\\\/\\\/canal7slp.tv\\\/2019\\\/presentan-informe-nacional-sobre-la-situacion-de-jornaleros-migrantes\\\/#primaryimage\",\"url\":\"https:\\\/\\\/canal7slp.tv\\\/2019\\\/wp-content\\\/uploads\\\/2019\\\/07\\\/c4-9.jpg\",\"contentUrl\":\"https:\\\/\\\/canal7slp.tv\\\/2019\\\/wp-content\\\/uploads\\\/2019\\\/07\\\/c4-9.jpg\",\"width\":592,\"height\":410},{\"@type\":\"BreadcrumbList\",\"@id\":\"https:\\\/\\\/canal7slp.tv\\\/2019\\\/presentan-informe-nacional-sobre-la-situacion-de-jornaleros-migrantes\\\/#breadcrumb\",\"itemListElement\":[{\"@type\":\"ListItem\",\"position\":1,\"name\":\"Home\",\"item\":\"https:\\\/\\\/canal7slp.tv\\\/2019\\\/\"},{\"@type\":\"ListItem\",\"position\":2,\"name\":\"Presentan Informe Nacional sobre la Situaci\u00f3n de Jornaleros Migrantes\"}]},{\"@type\":\"WebSite\",\"@id\":\"https:\\\/\\\/canal7slp.tv\\\/2019\\\/#website\",\"url\":\"https:\\\/\\\/canal7slp.tv\\\/2019\\\/\",\"name\":\"Canal 7 SLP - Somos TV\",\"description\":\"Somos un Canal de 10\",\"publisher\":{\"@id\":\"https:\\\/\\\/canal7slp.tv\\\/2019\\\/#organization\"},\"potentialAction\":[{\"@type\":\"SearchAction\",\"target\":{\"@type\":\"EntryPoint\",\"urlTemplate\":\"https:\\\/\\\/canal7slp.tv\\\/2019\\\/?s={search_term_string}\"},\"query-input\":{\"@type\":\"PropertyValueSpecification\",\"valueRequired\":true,\"valueName\":\"search_term_string\"}}],\"inLanguage\":\"es\"},{\"@type\":\"Organization\",\"@id\":\"https:\\\/\\\/canal7slp.tv\\\/2019\\\/#organization\",\"name\":\"Comunicaci\u00f3n 2000 S.A. de C.V.\",\"url\":\"https:\\\/\\\/canal7slp.tv\\\/2019\\\/\",\"logo\":{\"@type\":\"ImageObject\",\"inLanguage\":\"es\",\"@id\":\"https:\\\/\\\/canal7slp.tv\\\/2019\\\/#\\\/schema\\\/logo\\\/image\\\/\",\"url\":\"https:\\\/\\\/canal7slp.tv\\\/2019\\\/wp-content\\\/uploads\\\/2019\\\/07\\\/logo-c7.png\",\"contentUrl\":\"https:\\\/\\\/canal7slp.tv\\\/2019\\\/wp-content\\\/uploads\\\/2019\\\/07\\\/logo-c7.png\",\"width\":220,\"height\":60,\"caption\":\"Comunicaci\u00f3n 2000 S.A. de C.V.\"},\"image\":{\"@id\":\"https:\\\/\\\/canal7slp.tv\\\/2019\\\/#\\\/schema\\\/logo\\\/image\\\/\"},\"sameAs\":[\"https:\\\/\\\/www.facebook.com\\\/CANAL7SLP\\\/\",\"https:\\\/\\\/x.com\\\/canal7_slp\",\"https:\\\/\\\/www.instagram.com\\\/canal7_slp\",\"https:\\\/\\\/www.youtube.com\\\/user\\\/NOTICIEROSCANAL7SLP\\\/\"]},{\"@type\":\"Person\",\"@id\":\"https:\\\/\\\/canal7slp.tv\\\/2019\\\/#\\\/schema\\\/person\\\/11d941c1c6ca30ac0a46b95fa37aa2e3\",\"name\":\"edicionweb\",\"image\":{\"@type\":\"ImageObject\",\"inLanguage\":\"es\",\"@id\":\"https:\\\/\\\/secure.gravatar.com\\\/avatar\\\/eee448fc3f7164808013b816ba91ac7e43bbe82a70bebac296f8bc6f0addaa1a?s=96&d=mm&r=g\",\"url\":\"https:\\\/\\\/secure.gravatar.com\\\/avatar\\\/eee448fc3f7164808013b816ba91ac7e43bbe82a70bebac296f8bc6f0addaa1a?s=96&d=mm&r=g\",\"contentUrl\":\"https:\\\/\\\/secure.gravatar.com\\\/avatar\\\/eee448fc3f7164808013b816ba91ac7e43bbe82a70bebac296f8bc6f0addaa1a?s=96&d=mm&r=g\",\"caption\":\"edicionweb\"}}]}<\/script>\n<!-- \/ Yoast SEO plugin. -->","yoast_head_json":{"title":"Presentan Informe Nacional sobre la Situaci\u00f3n de Jornaleros Migrantes - Canal 7 SLP - 2019","robots":{"index":"index","follow":"follow","max-snippet":"max-snippet:-1","max-image-preview":"max-image-preview:large","max-video-preview":"max-video-preview:-1"},"canonical":"https:\/\/canal7slp.tv\/2019\/presentan-informe-nacional-sobre-la-situacion-de-jornaleros-migrantes\/","og_locale":"es_ES","og_type":"article","og_title":"Presentan Informe Nacional sobre la Situaci\u00f3n de Jornaleros Migrantes - Canal 7 SLP - 2019","og_description":"SLP.- Un estudio de la Red Nacional de Jornaleros y Jornaleros Agr\u00edcolas realizado en San Luis Potos\u00ed, Sonora, Sinaloa, Guanajuato, Guerrero, Oaxaca y Chiapas revelan que hombres, mujeres y ni\u00f1os que son contratados en centros agr\u00edcolas sufren ser\u00edas violaciones a sus derechos humanos por no contar con certidumbre laboral, no tener acceso a la salud [&hellip;]","og_url":"https:\/\/canal7slp.tv\/2019\/presentan-informe-nacional-sobre-la-situacion-de-jornaleros-migrantes\/","og_site_name":"Canal 7 SLP - 2019","article_publisher":"https:\/\/www.facebook.com\/CANAL7SLP\/","article_published_time":"2019-07-24T23:33:07+00:00","og_image":[{"width":592,"height":410,"url":"https:\/\/canal7slp.tv\/2019\/wp-content\/uploads\/2019\/07\/c4-9.jpg","type":"image\/jpeg"}],"author":"edicionweb","twitter_card":"summary_large_image","twitter_creator":"@canal7_slp","twitter_site":"@canal7_slp","twitter_misc":{"Escrito por":"edicionweb","Tiempo de lectura":"4 minutos"},"schema":{"@context":"https:\/\/schema.org","@graph":[{"@type":"Article","@id":"https:\/\/canal7slp.tv\/2019\/presentan-informe-nacional-sobre-la-situacion-de-jornaleros-migrantes\/#article","isPartOf":{"@id":"https:\/\/canal7slp.tv\/2019\/presentan-informe-nacional-sobre-la-situacion-de-jornaleros-migrantes\/"},"author":{"name":"edicionweb","@id":"https:\/\/canal7slp.tv\/2019\/#\/schema\/person\/11d941c1c6ca30ac0a46b95fa37aa2e3"},"headline":"Presentan Informe Nacional sobre la Situaci\u00f3n de Jornaleros Migrantes","datePublished":"2019-07-24T23:33:07+00:00","mainEntityOfPage":{"@id":"https:\/\/canal7slp.tv\/2019\/presentan-informe-nacional-sobre-la-situacion-de-jornaleros-migrantes\/"},"wordCount":838,"commentCount":0,"publisher":{"@id":"https:\/\/canal7slp.tv\/2019\/#organization"},"image":{"@id":"https:\/\/canal7slp.tv\/2019\/presentan-informe-nacional-sobre-la-situacion-de-jornaleros-migrantes\/#primaryimage"},"thumbnailUrl":"https:\/\/canal7slp.tv\/2019\/wp-content\/uploads\/2019\/07\/c4-9.jpg","keywords":["Congreso SLP"],"articleSection":["LOCALES Y REGIONALES"],"inLanguage":"es","potentialAction":[{"@type":"CommentAction","name":"Comment","target":["https:\/\/canal7slp.tv\/2019\/presentan-informe-nacional-sobre-la-situacion-de-jornaleros-migrantes\/#respond"]}]},{"@type":"WebPage","@id":"https:\/\/canal7slp.tv\/2019\/presentan-informe-nacional-sobre-la-situacion-de-jornaleros-migrantes\/","url":"https:\/\/canal7slp.tv\/2019\/presentan-informe-nacional-sobre-la-situacion-de-jornaleros-migrantes\/","name":"Presentan Informe Nacional sobre la Situaci\u00f3n de Jornaleros Migrantes - Canal 7 SLP - 2019","isPartOf":{"@id":"https:\/\/canal7slp.tv\/2019\/#website"},"primaryImageOfPage":{"@id":"https:\/\/canal7slp.tv\/2019\/presentan-informe-nacional-sobre-la-situacion-de-jornaleros-migrantes\/#primaryimage"},"image":{"@id":"https:\/\/canal7slp.tv\/2019\/presentan-informe-nacional-sobre-la-situacion-de-jornaleros-migrantes\/#primaryimage"},"thumbnailUrl":"https:\/\/canal7slp.tv\/2019\/wp-content\/uploads\/2019\/07\/c4-9.jpg","datePublished":"2019-07-24T23:33:07+00:00","breadcrumb":{"@id":"https:\/\/canal7slp.tv\/2019\/presentan-informe-nacional-sobre-la-situacion-de-jornaleros-migrantes\/#breadcrumb"},"inLanguage":"es","potentialAction":[{"@type":"ReadAction","target":["https:\/\/canal7slp.tv\/2019\/presentan-informe-nacional-sobre-la-situacion-de-jornaleros-migrantes\/"]}]},{"@type":"ImageObject","inLanguage":"es","@id":"https:\/\/canal7slp.tv\/2019\/presentan-informe-nacional-sobre-la-situacion-de-jornaleros-migrantes\/#primaryimage","url":"https:\/\/canal7slp.tv\/2019\/wp-content\/uploads\/2019\/07\/c4-9.jpg","contentUrl":"https:\/\/canal7slp.tv\/2019\/wp-content\/uploads\/2019\/07\/c4-9.jpg","width":592,"height":410},{"@type":"BreadcrumbList","@id":"https:\/\/canal7slp.tv\/2019\/presentan-informe-nacional-sobre-la-situacion-de-jornaleros-migrantes\/#breadcrumb","itemListElement":[{"@type":"ListItem","position":1,"name":"Home","item":"https:\/\/canal7slp.tv\/2019\/"},{"@type":"ListItem","position":2,"name":"Presentan Informe Nacional sobre la Situaci\u00f3n de Jornaleros Migrantes"}]},{"@type":"WebSite","@id":"https:\/\/canal7slp.tv\/2019\/#website","url":"https:\/\/canal7slp.tv\/2019\/","name":"Canal 7 SLP - Somos TV","description":"Somos un Canal de 10","publisher":{"@id":"https:\/\/canal7slp.tv\/2019\/#organization"},"potentialAction":[{"@type":"SearchAction","target":{"@type":"EntryPoint","urlTemplate":"https:\/\/canal7slp.tv\/2019\/?s={search_term_string}"},"query-input":{"@type":"PropertyValueSpecification","valueRequired":true,"valueName":"search_term_string"}}],"inLanguage":"es"},{"@type":"Organization","@id":"https:\/\/canal7slp.tv\/2019\/#organization","name":"Comunicaci\u00f3n 2000 S.A. de C.V.","url":"https:\/\/canal7slp.tv\/2019\/","logo":{"@type":"ImageObject","inLanguage":"es","@id":"https:\/\/canal7slp.tv\/2019\/#\/schema\/logo\/image\/","url":"https:\/\/canal7slp.tv\/2019\/wp-content\/uploads\/2019\/07\/logo-c7.png","contentUrl":"https:\/\/canal7slp.tv\/2019\/wp-content\/uploads\/2019\/07\/logo-c7.png","width":220,"height":60,"caption":"Comunicaci\u00f3n 2000 S.A. de C.V."},"image":{"@id":"https:\/\/canal7slp.tv\/2019\/#\/schema\/logo\/image\/"},"sameAs":["https:\/\/www.facebook.com\/CANAL7SLP\/","https:\/\/x.com\/canal7_slp","https:\/\/www.instagram.com\/canal7_slp","https:\/\/www.youtube.com\/user\/NOTICIEROSCANAL7SLP\/"]},{"@type":"Person","@id":"https:\/\/canal7slp.tv\/2019\/#\/schema\/person\/11d941c1c6ca30ac0a46b95fa37aa2e3","name":"edicionweb","image":{"@type":"ImageObject","inLanguage":"es","@id":"https:\/\/secure.gravatar.com\/avatar\/eee448fc3f7164808013b816ba91ac7e43bbe82a70bebac296f8bc6f0addaa1a?s=96&d=mm&r=g","url":"https:\/\/secure.gravatar.com\/avatar\/eee448fc3f7164808013b816ba91ac7e43bbe82a70bebac296f8bc6f0addaa1a?s=96&d=mm&r=g","contentUrl":"https:\/\/secure.gravatar.com\/avatar\/eee448fc3f7164808013b816ba91ac7e43bbe82a70bebac296f8bc6f0addaa1a?s=96&d=mm&r=g","caption":"edicionweb"}}]}},"amp_enabled":true,"cmb2":{"video_ids_in_playlist":{"vid_p_videos":""},"video_ids_in_channel":{"vid_c_videos":""},"playlist_ids_in_channel":{"vid_c_playlists":""},"series_ids_in_channel":{"vid_c_series":""},"channel_images":{"vid_c_logo":"","vid_c_banner":""},"poster_feature_image":{"vid_m_poster_image":""},"gif_feature_image":{"vid_m_gif_image":""},"video_movie_settings":{"vid_m_director":"","vid_m_actor":"","vid_m_imdb_ratings":"","vid_m_amazon_associates":""},"vid_youtube_broadcasts_settings":{"vid_yb_broadcast_title":"","vid_yb_q":"","vid_yb_channelid":"","vid_yb_videocategoryid":"","vid_yb_maxresults":"","vid_yb_order":"","vid_yb_regioncode":"","vid_yb_videosyndicated":"","vid_yb_style":"","vid_yb_reload_first":""},"video_series_settings":{"vid_m_director":"","vid_m_actor":"","vid_m_imdb_ratings":"","video_series_group":""},"amazon_associates_settings":{"amazon_associates":"","amazon_native_ad":""},"vid_youtube_automatic_settings":{"vid_ya_youtube_source":"","vid_ya_update_every":"","vid_ya_update_unit":"","vid_ya_categories":"","vid_ya_published_after":"","vid_ya_published_before":"","vid_ya_playlists":"","vid_ya_channels":"","vid_ya_director":"","vid_ya_actor":"","vid_ya_author":"","vid_ya_import_post_date":"","vid_ya_status":"","vid_ya_sub_api_key":""},"vid_ads_m_videoads_settings_post":{"vid_ads_m_video_ads":"","vid_ads_m_video_ads_type":"","vid_ads_m_group_google_ima":"","vid_ads_m_group_image":"","vid_ads_m_group_html5_video":"","vid_ads_m_group_html":"","vid_ads_m_vast_preroll":"","vid_ads_m_vast_postroll":"","vid_ads_m_vast_pauseroll":"","vid_ads_m_vast_midroll":[{"vid_ads_m_vast_timer_seconds":"50"}],"vid_ads_m_time_to_show_ads":"","vid_ads_m_time_skip_ads":"","vid_ads_m_time_to_hide_ads":""},"page_slider_settings":{"display_slider_group":"","page_slider_group":""},"blog_page_settings":{"blog_page_title":"","blog_page_heading":"","blog_page_ic":"","blog_page_it":"","blog_page_ec":"","blog_page_ip":"","archive_loop_style":"","blog_image_ratio":"","blog_show_categories":"","blog_show_excerpt":"","blog_show_author":"","blog_show_date":"","blog_show_comment_count":"","blog_show_view_count":"","blog_show_like_count":"","blog_show_dislike_count":"","blog_items_per_page":"","blog_pag_type":""},"page_options":{"get_page_template":"","color_mode":"","main_layout":"","main_layout_full_with":"","main_logo":"","main_logo_retina":"","main_logo_mobile":"","main_logo_mobile_retina":"","sticky_logo":"","sticky_logo_retina":"","main_nav_layout":"","ajax_search":"","header_background":"","theme_sidebar":"","instagram_feed":"","instagram_feed_position":"","popular_videos":"","popular_videos_title_1":"","popular_videos_title_2":"","popular_videos_ic":"","popular_videos_it":"","theme_background":"","page_custom_css":""},"feature_image_settings":{"feature_image_position":""},"video_player_settings":{"single_video_style":"","video_player_position":"","vm_video_url":"","video_player_library":"","video_streaming":"","vm_media_sources":"","vid_auto_play":"","vm_video_shortcode":"","vid_p_sync_playlist":"","vid_c_sync_channel":"","get_post_format":"","multiple_links_structure":"default","multi_links_title":"","vm_video_multi_links":"","vm_duration":"","vid_social_locker":"off","vid_social_locker_id":"","vid_membership_action":"content-video","vm_video_trailer_url":"","vid_download_type":"free","vid_download_target":"download","vid_woo_product":"","vm_media_download":"","user_rating":"","user_rating_position":"","user_rating_mode":"","user_rating_multi_sets":""},"video_auto_fetch_settings":{"vm_video_fetch":"on"},"video_fake_views_likes":{"vm_fake_views":"","vm_fake_likes":"","vm_fake_dislikes":""},"gallery_settings":{"gallery_position":""},"quote_settings":{"quote_position":""},"post_options":{"main_layout":"","main_logo":"","main_logo_retina":"","main_logo_mobile":"","main_logo_mobile_retina":"","sticky_logo":"","sticky_logo_retina":"","main_nav_layout":"","header_background":"","theme_sidebar":"","single_post_comment_type":"","theme_background":""}},"_links":{"self":[{"href":"https:\/\/canal7slp.tv\/2019\/wp-json\/wp\/v2\/posts\/38793","targetHints":{"allow":["GET"]}}],"collection":[{"href":"https:\/\/canal7slp.tv\/2019\/wp-json\/wp\/v2\/posts"}],"about":[{"href":"https:\/\/canal7slp.tv\/2019\/wp-json\/wp\/v2\/types\/post"}],"author":[{"embeddable":true,"href":"https:\/\/canal7slp.tv\/2019\/wp-json\/wp\/v2\/users\/2"}],"replies":[{"embeddable":true,"href":"https:\/\/canal7slp.tv\/2019\/wp-json\/wp\/v2\/comments?post=38793"}],"version-history":[{"count":0,"href":"https:\/\/canal7slp.tv\/2019\/wp-json\/wp\/v2\/posts\/38793\/revisions"}],"wp:featuredmedia":[{"embeddable":true,"href":"https:\/\/canal7slp.tv\/2019\/wp-json\/wp\/v2\/media\/38814"}],"wp:attachment":[{"href":"https:\/\/canal7slp.tv\/2019\/wp-json\/wp\/v2\/media?parent=38793"}],"wp:term":[{"taxonomy":"category","embeddable":true,"href":"https:\/\/canal7slp.tv\/2019\/wp-json\/wp\/v2\/categories?post=38793"},{"taxonomy":"post_tag","embeddable":true,"href":"https:\/\/canal7slp.tv\/2019\/wp-json\/wp\/v2\/tags?post=38793"}],"curies":[{"name":"wp","href":"https:\/\/api.w.org\/{rel}","templated":true}]}}