{"id":38318,"date":"2019-07-24T13:16:00","date_gmt":"2019-07-24T18:16:00","guid":{"rendered":"https:\/\/canal7slp.tv\/2019\/?p=38318"},"modified":"2019-07-24T13:16:00","modified_gmt":"2019-07-24T18:16:00","slug":"baja-en-tarifas-para-emisoras-principal-aportacion-de-biva-en-un-ano","status":"publish","type":"post","link":"https:\/\/canal7slp.tv\/2019\/baja-en-tarifas-para-emisoras-principal-aportacion-de-biva-en-un-ano\/","title":{"rendered":"Baja en tarifas para emisoras, principal aportaci\u00f3n de BIVA en un a\u00f1o"},"content":{"rendered":"<p style=\"text-align: justify;\">M\u00e9xico.- La principal aportaci\u00f3n de la Bolsa Institucional de Valores (BIVA), en su primer a\u00f1o de operaci\u00f3n (el pr\u00f3ximo 25 de julio) es la reducci\u00f3n de tarifas de listado y de mantenimiento para las emisoras, coincidieron representantes del sector financiero.<\/p>\n<p style=\"text-align: justify;\">En entrevista con el presidente de la Asociaci\u00f3n Mexicana de Administradoras de Fondos para el Retiro (Amafore), Bernardo Gonz\u00e1lez Rosas, asegur\u00f3 que la participaci\u00f3n de la segunda bolsa de valores en el pa\u00eds ya se reflej\u00f3 tambi\u00e9n en un mejor servicio tanto para los Intermediarios como para los inversionistas como las Afores o los fondos de inversi\u00f3n, adem\u00e1s de que permite reducir riesgos operativos.<\/p>\n<p style=\"text-align: justify;\">\u201cLa pura presencia de BIVA ya ha demostrado en el mercado mejoras en la calidad del servicio a las casas de bolsa, a los inversionistas institucionales y mejoras en precio en el sector, entonces ah\u00ed ya todos ganamos con la competencia que se gener\u00f3 al incorporarse otra bolsa, eso se puedes comprobar con cualquier casa de bolsa, con los precios de listado y de mantenimiento de ambas bolsas y en la calidad del servicio\u201d.<\/p>\n<p style=\"text-align: justify;\">Despu\u00e9s de su arranque de operaciones, el 25 de julio de 2018, BIVA solicit\u00f3 a la autoridad regulatoria autorizaci\u00f3n para ajustar a la baja las tarifas de listado y mantenimiento, lo cual fue aprobado; esta estrategia fue seguida por la Bolsa Mexicana de Valores (BMV).<\/p>\n<p style=\"text-align: justify;\">A Gonz\u00e1lez Rosas, quien fue presidente de la Comisi\u00f3n Nacional Bancaria y de Valores (CNBV) durante la anterior administraci\u00f3n, le toc\u00f3 participar en el proceso evaluaci\u00f3n de la solicitud de BIVA y otorgamiento de la concesi\u00f3n, y hoy representa al mayor inversionista institucional del pa\u00eds, que son las Afores.<\/p>\n<p style=\"text-align: justify;\">Asegur\u00f3 que con la llegada de BIVA, tanto el nuevo centro burs\u00e1til como la Bolsa Mexicana de Valores (BMV), que este a\u00f1o cumple 125 a\u00f1os de operaci\u00f3n y estuvo por m\u00e1s de cuatro d\u00e9cadas sin competencia, \u201cse est\u00e1n esforzando evidentemente mucho m\u00e1s\u201d para atraer a m\u00e1s jugadores al mercado.<\/p>\n<p style=\"text-align: justify;\">Luego de destacar que la entrada en operaciones de BIVA se dio en un momento desfavorable para los mercados financieros, resalt\u00f3 que para una empresa de estas caracter\u00edsticas deben pasar unos a\u00f1os para que llegue a un punto de equilibrio, pero -insisti\u00f3- \u201clos beneficios sin duda al sector burs\u00e1til ya se est\u00e1n viendo desde antes, incluso, de que se entregara la concesi\u00f3n\u201d.<\/p>\n<p style=\"text-align: justify;\">Sin precisar n\u00fameros o nombres, afirm\u00f3 que varias Afores ya operan con la nueva bolsa porque les permite diversificar sus operaciones y minimiza los riesgos operativos y tecnol\u00f3gicos.<\/p>\n<p style=\"text-align: justify;\">\u201cEs absolutamente racional que cualquier inversionista institucional o cada de bolsa quisiera participar o utilizar a las dos Instituciones para tener desde un punto nada m\u00e1s de riesgos, ni de precios, poder diversificar el riesgo operativo tecnol\u00f3gico\u201d.<\/p>\n<p style=\"text-align: justify;\">Para el responsable de las Estrategias de Inversi\u00f3n en Acciones y de Activos Alternativos en BlackRock M\u00e9xico, Vidal Lav\u00edn, la llegada del BIVA al mercado financiero mexicano fue positiva y hoy esta firma de inversionistas ya tiene operaciones con la segunda bolsa.<\/p>\n<p style=\"text-align: justify;\">\u201cNosotros creemos que es bueno tener competencia, es bueno que haya dos bolsas. El proyecto de BIVA es un proyecto de mediano y largo plazo\u201d, coincidi\u00f3 al destacar que ayud\u00f3 a reducir los costos de operaci\u00f3n y de acceso de informaci\u00f3n.<\/p>\n","protected":false},"excerpt":{"rendered":"<p>M\u00e9xico.- La principal aportaci\u00f3n de la Bolsa Institucional de Valores (BIVA), en su primer a\u00f1o de operaci\u00f3n (el pr\u00f3ximo 25 de julio) es la reducci\u00f3n de tarifas de listado y de mantenimiento para las emisoras, coincidieron representantes del sector financiero. En entrevista con el presidente de la Asociaci\u00f3n Mexicana de Administradoras de Fondos para el [&hellip;]<\/p>\n","protected":false},"author":2,"featured_media":38323,"comment_status":"open","ping_status":"closed","sticky":false,"template":"","format":"standard","meta":{"footnotes":""},"categories":[98],"tags":[],"class_list":["post-38318","post","type-post","status-publish","format-standard","has-post-thumbnail","hentry","category-finanzas"],"yoast_head":"<!-- This site is optimized with the Yoast SEO plugin v27.5 - https:\/\/yoast.com\/product\/yoast-seo-wordpress\/ -->\n<title>Baja en tarifas para emisoras, principal aportaci\u00f3n de BIVA en un a\u00f1o - Canal 7 SLP - 2019<\/title>\n<meta name=\"robots\" content=\"index, follow, max-snippet:-1, max-image-preview:large, max-video-preview:-1\" \/>\n<link rel=\"canonical\" href=\"https:\/\/canal7slp.tv\/2019\/baja-en-tarifas-para-emisoras-principal-aportacion-de-biva-en-un-ano\/\" \/>\n<meta property=\"og:locale\" content=\"es_ES\" \/>\n<meta property=\"og:type\" content=\"article\" \/>\n<meta property=\"og:title\" content=\"Baja en tarifas para emisoras, principal aportaci\u00f3n de BIVA en un a\u00f1o - Canal 7 SLP - 2019\" \/>\n<meta property=\"og:description\" content=\"M\u00e9xico.- La principal aportaci\u00f3n de la Bolsa Institucional de Valores (BIVA), en su primer a\u00f1o de operaci\u00f3n (el pr\u00f3ximo 25 de julio) es la reducci\u00f3n de tarifas de listado y de mantenimiento para las emisoras, coincidieron representantes del sector financiero. En entrevista con el presidente de la Asociaci\u00f3n Mexicana de Administradoras de Fondos para el [&hellip;]\" \/>\n<meta property=\"og:url\" content=\"https:\/\/canal7slp.tv\/2019\/baja-en-tarifas-para-emisoras-principal-aportacion-de-biva-en-un-ano\/\" \/>\n<meta property=\"og:site_name\" content=\"Canal 7 SLP - 2019\" \/>\n<meta property=\"article:publisher\" content=\"https:\/\/www.facebook.com\/CANAL7SLP\/\" \/>\n<meta property=\"article:published_time\" content=\"2019-07-24T18:16:00+00:00\" \/>\n<meta property=\"og:image\" content=\"https:\/\/canal7slp.tv\/2019\/wp-content\/uploads\/2019\/07\/05-22.jpg\" \/>\n\t<meta property=\"og:image:width\" content=\"751\" \/>\n\t<meta property=\"og:image:height\" content=\"410\" \/>\n\t<meta property=\"og:image:type\" content=\"image\/jpeg\" \/>\n<meta name=\"author\" content=\"edicionweb\" \/>\n<meta name=\"twitter:card\" content=\"summary_large_image\" \/>\n<meta name=\"twitter:creator\" content=\"@canal7_slp\" \/>\n<meta name=\"twitter:site\" content=\"@canal7_slp\" \/>\n<meta name=\"twitter:label1\" content=\"Escrito por\" \/>\n\t<meta name=\"twitter:data1\" content=\"edicionweb\" \/>\n\t<meta name=\"twitter:label2\" content=\"Tiempo de lectura\" \/>\n\t<meta name=\"twitter:data2\" content=\"3 minutos\" \/>\n<script type=\"application\/ld+json\" class=\"yoast-schema-graph\">{\"@context\":\"https:\\\/\\\/schema.org\",\"@graph\":[{\"@type\":\"Article\",\"@id\":\"https:\\\/\\\/canal7slp.tv\\\/2019\\\/baja-en-tarifas-para-emisoras-principal-aportacion-de-biva-en-un-ano\\\/#article\",\"isPartOf\":{\"@id\":\"https:\\\/\\\/canal7slp.tv\\\/2019\\\/baja-en-tarifas-para-emisoras-principal-aportacion-de-biva-en-un-ano\\\/\"},\"author\":{\"name\":\"edicionweb\",\"@id\":\"https:\\\/\\\/canal7slp.tv\\\/2019\\\/#\\\/schema\\\/person\\\/11d941c1c6ca30ac0a46b95fa37aa2e3\"},\"headline\":\"Baja en tarifas para emisoras, principal aportaci\u00f3n de BIVA en un a\u00f1o\",\"datePublished\":\"2019-07-24T18:16:00+00:00\",\"mainEntityOfPage\":{\"@id\":\"https:\\\/\\\/canal7slp.tv\\\/2019\\\/baja-en-tarifas-para-emisoras-principal-aportacion-de-biva-en-un-ano\\\/\"},\"wordCount\":587,\"commentCount\":0,\"publisher\":{\"@id\":\"https:\\\/\\\/canal7slp.tv\\\/2019\\\/#organization\"},\"image\":{\"@id\":\"https:\\\/\\\/canal7slp.tv\\\/2019\\\/baja-en-tarifas-para-emisoras-principal-aportacion-de-biva-en-un-ano\\\/#primaryimage\"},\"thumbnailUrl\":\"https:\\\/\\\/canal7slp.tv\\\/2019\\\/wp-content\\\/uploads\\\/2019\\\/07\\\/05-22.jpg\",\"articleSection\":[\"FINANZAS\"],\"inLanguage\":\"es\",\"potentialAction\":[{\"@type\":\"CommentAction\",\"name\":\"Comment\",\"target\":[\"https:\\\/\\\/canal7slp.tv\\\/2019\\\/baja-en-tarifas-para-emisoras-principal-aportacion-de-biva-en-un-ano\\\/#respond\"]}]},{\"@type\":\"WebPage\",\"@id\":\"https:\\\/\\\/canal7slp.tv\\\/2019\\\/baja-en-tarifas-para-emisoras-principal-aportacion-de-biva-en-un-ano\\\/\",\"url\":\"https:\\\/\\\/canal7slp.tv\\\/2019\\\/baja-en-tarifas-para-emisoras-principal-aportacion-de-biva-en-un-ano\\\/\",\"name\":\"Baja en tarifas para emisoras, principal aportaci\u00f3n de BIVA en un a\u00f1o - Canal 7 SLP - 2019\",\"isPartOf\":{\"@id\":\"https:\\\/\\\/canal7slp.tv\\\/2019\\\/#website\"},\"primaryImageOfPage\":{\"@id\":\"https:\\\/\\\/canal7slp.tv\\\/2019\\\/baja-en-tarifas-para-emisoras-principal-aportacion-de-biva-en-un-ano\\\/#primaryimage\"},\"image\":{\"@id\":\"https:\\\/\\\/canal7slp.tv\\\/2019\\\/baja-en-tarifas-para-emisoras-principal-aportacion-de-biva-en-un-ano\\\/#primaryimage\"},\"thumbnailUrl\":\"https:\\\/\\\/canal7slp.tv\\\/2019\\\/wp-content\\\/uploads\\\/2019\\\/07\\\/05-22.jpg\",\"datePublished\":\"2019-07-24T18:16:00+00:00\",\"breadcrumb\":{\"@id\":\"https:\\\/\\\/canal7slp.tv\\\/2019\\\/baja-en-tarifas-para-emisoras-principal-aportacion-de-biva-en-un-ano\\\/#breadcrumb\"},\"inLanguage\":\"es\",\"potentialAction\":[{\"@type\":\"ReadAction\",\"target\":[\"https:\\\/\\\/canal7slp.tv\\\/2019\\\/baja-en-tarifas-para-emisoras-principal-aportacion-de-biva-en-un-ano\\\/\"]}]},{\"@type\":\"ImageObject\",\"inLanguage\":\"es\",\"@id\":\"https:\\\/\\\/canal7slp.tv\\\/2019\\\/baja-en-tarifas-para-emisoras-principal-aportacion-de-biva-en-un-ano\\\/#primaryimage\",\"url\":\"https:\\\/\\\/canal7slp.tv\\\/2019\\\/wp-content\\\/uploads\\\/2019\\\/07\\\/05-22.jpg\",\"contentUrl\":\"https:\\\/\\\/canal7slp.tv\\\/2019\\\/wp-content\\\/uploads\\\/2019\\\/07\\\/05-22.jpg\",\"width\":751,\"height\":410},{\"@type\":\"BreadcrumbList\",\"@id\":\"https:\\\/\\\/canal7slp.tv\\\/2019\\\/baja-en-tarifas-para-emisoras-principal-aportacion-de-biva-en-un-ano\\\/#breadcrumb\",\"itemListElement\":[{\"@type\":\"ListItem\",\"position\":1,\"name\":\"Home\",\"item\":\"https:\\\/\\\/canal7slp.tv\\\/2019\\\/\"},{\"@type\":\"ListItem\",\"position\":2,\"name\":\"Baja en tarifas para emisoras, principal aportaci\u00f3n de BIVA en un a\u00f1o\"}]},{\"@type\":\"WebSite\",\"@id\":\"https:\\\/\\\/canal7slp.tv\\\/2019\\\/#website\",\"url\":\"https:\\\/\\\/canal7slp.tv\\\/2019\\\/\",\"name\":\"Canal 7 SLP - Somos TV\",\"description\":\"Somos un Canal de 10\",\"publisher\":{\"@id\":\"https:\\\/\\\/canal7slp.tv\\\/2019\\\/#organization\"},\"potentialAction\":[{\"@type\":\"SearchAction\",\"target\":{\"@type\":\"EntryPoint\",\"urlTemplate\":\"https:\\\/\\\/canal7slp.tv\\\/2019\\\/?s={search_term_string}\"},\"query-input\":{\"@type\":\"PropertyValueSpecification\",\"valueRequired\":true,\"valueName\":\"search_term_string\"}}],\"inLanguage\":\"es\"},{\"@type\":\"Organization\",\"@id\":\"https:\\\/\\\/canal7slp.tv\\\/2019\\\/#organization\",\"name\":\"Comunicaci\u00f3n 2000 S.A. de C.V.\",\"url\":\"https:\\\/\\\/canal7slp.tv\\\/2019\\\/\",\"logo\":{\"@type\":\"ImageObject\",\"inLanguage\":\"es\",\"@id\":\"https:\\\/\\\/canal7slp.tv\\\/2019\\\/#\\\/schema\\\/logo\\\/image\\\/\",\"url\":\"https:\\\/\\\/canal7slp.tv\\\/2019\\\/wp-content\\\/uploads\\\/2019\\\/07\\\/logo-c7.png\",\"contentUrl\":\"https:\\\/\\\/canal7slp.tv\\\/2019\\\/wp-content\\\/uploads\\\/2019\\\/07\\\/logo-c7.png\",\"width\":220,\"height\":60,\"caption\":\"Comunicaci\u00f3n 2000 S.A. de C.V.\"},\"image\":{\"@id\":\"https:\\\/\\\/canal7slp.tv\\\/2019\\\/#\\\/schema\\\/logo\\\/image\\\/\"},\"sameAs\":[\"https:\\\/\\\/www.facebook.com\\\/CANAL7SLP\\\/\",\"https:\\\/\\\/x.com\\\/canal7_slp\",\"https:\\\/\\\/www.instagram.com\\\/canal7_slp\",\"https:\\\/\\\/www.youtube.com\\\/user\\\/NOTICIEROSCANAL7SLP\\\/\"]},{\"@type\":\"Person\",\"@id\":\"https:\\\/\\\/canal7slp.tv\\\/2019\\\/#\\\/schema\\\/person\\\/11d941c1c6ca30ac0a46b95fa37aa2e3\",\"name\":\"edicionweb\",\"image\":{\"@type\":\"ImageObject\",\"inLanguage\":\"es\",\"@id\":\"https:\\\/\\\/secure.gravatar.com\\\/avatar\\\/eee448fc3f7164808013b816ba91ac7e43bbe82a70bebac296f8bc6f0addaa1a?s=96&d=mm&r=g\",\"url\":\"https:\\\/\\\/secure.gravatar.com\\\/avatar\\\/eee448fc3f7164808013b816ba91ac7e43bbe82a70bebac296f8bc6f0addaa1a?s=96&d=mm&r=g\",\"contentUrl\":\"https:\\\/\\\/secure.gravatar.com\\\/avatar\\\/eee448fc3f7164808013b816ba91ac7e43bbe82a70bebac296f8bc6f0addaa1a?s=96&d=mm&r=g\",\"caption\":\"edicionweb\"}}]}<\/script>\n<!-- \/ Yoast SEO plugin. -->","yoast_head_json":{"title":"Baja en tarifas para emisoras, principal aportaci\u00f3n de BIVA en un a\u00f1o - Canal 7 SLP - 2019","robots":{"index":"index","follow":"follow","max-snippet":"max-snippet:-1","max-image-preview":"max-image-preview:large","max-video-preview":"max-video-preview:-1"},"canonical":"https:\/\/canal7slp.tv\/2019\/baja-en-tarifas-para-emisoras-principal-aportacion-de-biva-en-un-ano\/","og_locale":"es_ES","og_type":"article","og_title":"Baja en tarifas para emisoras, principal aportaci\u00f3n de BIVA en un a\u00f1o - Canal 7 SLP - 2019","og_description":"M\u00e9xico.- La principal aportaci\u00f3n de la Bolsa Institucional de Valores (BIVA), en su primer a\u00f1o de operaci\u00f3n (el pr\u00f3ximo 25 de julio) es la reducci\u00f3n de tarifas de listado y de mantenimiento para las emisoras, coincidieron representantes del sector financiero. En entrevista con el presidente de la Asociaci\u00f3n Mexicana de Administradoras de Fondos para el [&hellip;]","og_url":"https:\/\/canal7slp.tv\/2019\/baja-en-tarifas-para-emisoras-principal-aportacion-de-biva-en-un-ano\/","og_site_name":"Canal 7 SLP - 2019","article_publisher":"https:\/\/www.facebook.com\/CANAL7SLP\/","article_published_time":"2019-07-24T18:16:00+00:00","og_image":[{"width":751,"height":410,"url":"https:\/\/canal7slp.tv\/2019\/wp-content\/uploads\/2019\/07\/05-22.jpg","type":"image\/jpeg"}],"author":"edicionweb","twitter_card":"summary_large_image","twitter_creator":"@canal7_slp","twitter_site":"@canal7_slp","twitter_misc":{"Escrito por":"edicionweb","Tiempo de lectura":"3 minutos"},"schema":{"@context":"https:\/\/schema.org","@graph":[{"@type":"Article","@id":"https:\/\/canal7slp.tv\/2019\/baja-en-tarifas-para-emisoras-principal-aportacion-de-biva-en-un-ano\/#article","isPartOf":{"@id":"https:\/\/canal7slp.tv\/2019\/baja-en-tarifas-para-emisoras-principal-aportacion-de-biva-en-un-ano\/"},"author":{"name":"edicionweb","@id":"https:\/\/canal7slp.tv\/2019\/#\/schema\/person\/11d941c1c6ca30ac0a46b95fa37aa2e3"},"headline":"Baja en tarifas para emisoras, principal aportaci\u00f3n de BIVA en un a\u00f1o","datePublished":"2019-07-24T18:16:00+00:00","mainEntityOfPage":{"@id":"https:\/\/canal7slp.tv\/2019\/baja-en-tarifas-para-emisoras-principal-aportacion-de-biva-en-un-ano\/"},"wordCount":587,"commentCount":0,"publisher":{"@id":"https:\/\/canal7slp.tv\/2019\/#organization"},"image":{"@id":"https:\/\/canal7slp.tv\/2019\/baja-en-tarifas-para-emisoras-principal-aportacion-de-biva-en-un-ano\/#primaryimage"},"thumbnailUrl":"https:\/\/canal7slp.tv\/2019\/wp-content\/uploads\/2019\/07\/05-22.jpg","articleSection":["FINANZAS"],"inLanguage":"es","potentialAction":[{"@type":"CommentAction","name":"Comment","target":["https:\/\/canal7slp.tv\/2019\/baja-en-tarifas-para-emisoras-principal-aportacion-de-biva-en-un-ano\/#respond"]}]},{"@type":"WebPage","@id":"https:\/\/canal7slp.tv\/2019\/baja-en-tarifas-para-emisoras-principal-aportacion-de-biva-en-un-ano\/","url":"https:\/\/canal7slp.tv\/2019\/baja-en-tarifas-para-emisoras-principal-aportacion-de-biva-en-un-ano\/","name":"Baja en tarifas para emisoras, principal aportaci\u00f3n de BIVA en un a\u00f1o - Canal 7 SLP - 2019","isPartOf":{"@id":"https:\/\/canal7slp.tv\/2019\/#website"},"primaryImageOfPage":{"@id":"https:\/\/canal7slp.tv\/2019\/baja-en-tarifas-para-emisoras-principal-aportacion-de-biva-en-un-ano\/#primaryimage"},"image":{"@id":"https:\/\/canal7slp.tv\/2019\/baja-en-tarifas-para-emisoras-principal-aportacion-de-biva-en-un-ano\/#primaryimage"},"thumbnailUrl":"https:\/\/canal7slp.tv\/2019\/wp-content\/uploads\/2019\/07\/05-22.jpg","datePublished":"2019-07-24T18:16:00+00:00","breadcrumb":{"@id":"https:\/\/canal7slp.tv\/2019\/baja-en-tarifas-para-emisoras-principal-aportacion-de-biva-en-un-ano\/#breadcrumb"},"inLanguage":"es","potentialAction":[{"@type":"ReadAction","target":["https:\/\/canal7slp.tv\/2019\/baja-en-tarifas-para-emisoras-principal-aportacion-de-biva-en-un-ano\/"]}]},{"@type":"ImageObject","inLanguage":"es","@id":"https:\/\/canal7slp.tv\/2019\/baja-en-tarifas-para-emisoras-principal-aportacion-de-biva-en-un-ano\/#primaryimage","url":"https:\/\/canal7slp.tv\/2019\/wp-content\/uploads\/2019\/07\/05-22.jpg","contentUrl":"https:\/\/canal7slp.tv\/2019\/wp-content\/uploads\/2019\/07\/05-22.jpg","width":751,"height":410},{"@type":"BreadcrumbList","@id":"https:\/\/canal7slp.tv\/2019\/baja-en-tarifas-para-emisoras-principal-aportacion-de-biva-en-un-ano\/#breadcrumb","itemListElement":[{"@type":"ListItem","position":1,"name":"Home","item":"https:\/\/canal7slp.tv\/2019\/"},{"@type":"ListItem","position":2,"name":"Baja en tarifas para emisoras, principal aportaci\u00f3n de BIVA en un a\u00f1o"}]},{"@type":"WebSite","@id":"https:\/\/canal7slp.tv\/2019\/#website","url":"https:\/\/canal7slp.tv\/2019\/","name":"Canal 7 SLP - Somos TV","description":"Somos un Canal de 10","publisher":{"@id":"https:\/\/canal7slp.tv\/2019\/#organization"},"potentialAction":[{"@type":"SearchAction","target":{"@type":"EntryPoint","urlTemplate":"https:\/\/canal7slp.tv\/2019\/?s={search_term_string}"},"query-input":{"@type":"PropertyValueSpecification","valueRequired":true,"valueName":"search_term_string"}}],"inLanguage":"es"},{"@type":"Organization","@id":"https:\/\/canal7slp.tv\/2019\/#organization","name":"Comunicaci\u00f3n 2000 S.A. de C.V.","url":"https:\/\/canal7slp.tv\/2019\/","logo":{"@type":"ImageObject","inLanguage":"es","@id":"https:\/\/canal7slp.tv\/2019\/#\/schema\/logo\/image\/","url":"https:\/\/canal7slp.tv\/2019\/wp-content\/uploads\/2019\/07\/logo-c7.png","contentUrl":"https:\/\/canal7slp.tv\/2019\/wp-content\/uploads\/2019\/07\/logo-c7.png","width":220,"height":60,"caption":"Comunicaci\u00f3n 2000 S.A. de C.V."},"image":{"@id":"https:\/\/canal7slp.tv\/2019\/#\/schema\/logo\/image\/"},"sameAs":["https:\/\/www.facebook.com\/CANAL7SLP\/","https:\/\/x.com\/canal7_slp","https:\/\/www.instagram.com\/canal7_slp","https:\/\/www.youtube.com\/user\/NOTICIEROSCANAL7SLP\/"]},{"@type":"Person","@id":"https:\/\/canal7slp.tv\/2019\/#\/schema\/person\/11d941c1c6ca30ac0a46b95fa37aa2e3","name":"edicionweb","image":{"@type":"ImageObject","inLanguage":"es","@id":"https:\/\/secure.gravatar.com\/avatar\/eee448fc3f7164808013b816ba91ac7e43bbe82a70bebac296f8bc6f0addaa1a?s=96&d=mm&r=g","url":"https:\/\/secure.gravatar.com\/avatar\/eee448fc3f7164808013b816ba91ac7e43bbe82a70bebac296f8bc6f0addaa1a?s=96&d=mm&r=g","contentUrl":"https:\/\/secure.gravatar.com\/avatar\/eee448fc3f7164808013b816ba91ac7e43bbe82a70bebac296f8bc6f0addaa1a?s=96&d=mm&r=g","caption":"edicionweb"}}]}},"amp_enabled":true,"cmb2":{"video_ids_in_playlist":{"vid_p_videos":""},"video_ids_in_channel":{"vid_c_videos":""},"playlist_ids_in_channel":{"vid_c_playlists":""},"series_ids_in_channel":{"vid_c_series":""},"channel_images":{"vid_c_logo":"","vid_c_banner":""},"poster_feature_image":{"vid_m_poster_image":""},"gif_feature_image":{"vid_m_gif_image":""},"video_movie_settings":{"vid_m_director":"","vid_m_actor":"","vid_m_imdb_ratings":"","vid_m_amazon_associates":""},"vid_youtube_broadcasts_settings":{"vid_yb_broadcast_title":"","vid_yb_q":"","vid_yb_channelid":"","vid_yb_videocategoryid":"","vid_yb_maxresults":"","vid_yb_order":"","vid_yb_regioncode":"","vid_yb_videosyndicated":"","vid_yb_style":"","vid_yb_reload_first":""},"video_series_settings":{"vid_m_director":"","vid_m_actor":"","vid_m_imdb_ratings":"","video_series_group":""},"amazon_associates_settings":{"amazon_associates":"","amazon_native_ad":""},"vid_youtube_automatic_settings":{"vid_ya_youtube_source":"","vid_ya_update_every":"","vid_ya_update_unit":"","vid_ya_categories":"","vid_ya_published_after":"","vid_ya_published_before":"","vid_ya_playlists":"","vid_ya_channels":"","vid_ya_director":"","vid_ya_actor":"","vid_ya_author":"","vid_ya_import_post_date":"","vid_ya_status":"","vid_ya_sub_api_key":""},"vid_ads_m_videoads_settings_post":{"vid_ads_m_video_ads":"","vid_ads_m_video_ads_type":"","vid_ads_m_group_google_ima":"","vid_ads_m_group_image":"","vid_ads_m_group_html5_video":"","vid_ads_m_group_html":"","vid_ads_m_vast_preroll":"","vid_ads_m_vast_postroll":"","vid_ads_m_vast_pauseroll":"","vid_ads_m_vast_midroll":[{"vid_ads_m_vast_timer_seconds":"50"}],"vid_ads_m_time_to_show_ads":"","vid_ads_m_time_skip_ads":"","vid_ads_m_time_to_hide_ads":""},"page_slider_settings":{"display_slider_group":"","page_slider_group":""},"blog_page_settings":{"blog_page_title":"","blog_page_heading":"","blog_page_ic":"","blog_page_it":"","blog_page_ec":"","blog_page_ip":"","archive_loop_style":"","blog_image_ratio":"","blog_show_categories":"","blog_show_excerpt":"","blog_show_author":"","blog_show_date":"","blog_show_comment_count":"","blog_show_view_count":"","blog_show_like_count":"","blog_show_dislike_count":"","blog_items_per_page":"","blog_pag_type":""},"page_options":{"get_page_template":"","color_mode":"","main_layout":"","main_layout_full_with":"","main_logo":"","main_logo_retina":"","main_logo_mobile":"","main_logo_mobile_retina":"","sticky_logo":"","sticky_logo_retina":"","main_nav_layout":"","ajax_search":"","header_background":"","theme_sidebar":"","instagram_feed":"","instagram_feed_position":"","popular_videos":"","popular_videos_title_1":"","popular_videos_title_2":"","popular_videos_ic":"","popular_videos_it":"","theme_background":"","page_custom_css":""},"feature_image_settings":{"feature_image_position":""},"video_player_settings":{"single_video_style":"","video_player_position":"","vm_video_url":"","video_player_library":"","video_streaming":"","vm_media_sources":"","vid_auto_play":"","vm_video_shortcode":"","vid_p_sync_playlist":"","vid_c_sync_channel":"","get_post_format":"","multiple_links_structure":"default","multi_links_title":"","vm_video_multi_links":"","vm_duration":"","vid_social_locker":"off","vid_social_locker_id":"","vid_membership_action":"content-video","vm_video_trailer_url":"","vid_download_type":"free","vid_download_target":"download","vid_woo_product":"","vm_media_download":"","user_rating":"","user_rating_position":"","user_rating_mode":"","user_rating_multi_sets":""},"video_auto_fetch_settings":{"vm_video_fetch":"on"},"video_fake_views_likes":{"vm_fake_views":"","vm_fake_likes":"","vm_fake_dislikes":""},"gallery_settings":{"gallery_position":""},"quote_settings":{"quote_position":""},"post_options":{"main_layout":"","main_logo":"","main_logo_retina":"","main_logo_mobile":"","main_logo_mobile_retina":"","sticky_logo":"","sticky_logo_retina":"","main_nav_layout":"","header_background":"","theme_sidebar":"","single_post_comment_type":"","theme_background":""}},"_links":{"self":[{"href":"https:\/\/canal7slp.tv\/2019\/wp-json\/wp\/v2\/posts\/38318","targetHints":{"allow":["GET"]}}],"collection":[{"href":"https:\/\/canal7slp.tv\/2019\/wp-json\/wp\/v2\/posts"}],"about":[{"href":"https:\/\/canal7slp.tv\/2019\/wp-json\/wp\/v2\/types\/post"}],"author":[{"embeddable":true,"href":"https:\/\/canal7slp.tv\/2019\/wp-json\/wp\/v2\/users\/2"}],"replies":[{"embeddable":true,"href":"https:\/\/canal7slp.tv\/2019\/wp-json\/wp\/v2\/comments?post=38318"}],"version-history":[{"count":0,"href":"https:\/\/canal7slp.tv\/2019\/wp-json\/wp\/v2\/posts\/38318\/revisions"}],"wp:featuredmedia":[{"embeddable":true,"href":"https:\/\/canal7slp.tv\/2019\/wp-json\/wp\/v2\/media\/38323"}],"wp:attachment":[{"href":"https:\/\/canal7slp.tv\/2019\/wp-json\/wp\/v2\/media?parent=38318"}],"wp:term":[{"taxonomy":"category","embeddable":true,"href":"https:\/\/canal7slp.tv\/2019\/wp-json\/wp\/v2\/categories?post=38318"},{"taxonomy":"post_tag","embeddable":true,"href":"https:\/\/canal7slp.tv\/2019\/wp-json\/wp\/v2\/tags?post=38318"}],"curies":[{"name":"wp","href":"https:\/\/api.w.org\/{rel}","templated":true}]}}