{"id":37973,"date":"2019-07-23T18:38:59","date_gmt":"2019-07-23T23:38:59","guid":{"rendered":"https:\/\/canal7slp.tv\/2019\/?p=37973"},"modified":"2019-07-23T18:38:59","modified_gmt":"2019-07-23T23:38:59","slug":"avanza-la-conformacion-de-la-unidad-de-atencion-a-pueblos-originarios","status":"publish","type":"post","link":"https:\/\/canal7slp.tv\/2019\/avanza-la-conformacion-de-la-unidad-de-atencion-a-pueblos-originarios\/","title":{"rendered":"Avanza la conformaci\u00f3n de la Unidad de Atenci\u00f3n a Pueblos Originarios"},"content":{"rendered":"<p style=\"text-align: justify;\">SLP.- Este martes, representantes de pueblos Triqui, Mixteco, Mazahua, Wix\u00e1rika, N\u00e1huatl, Huachichil y T\u00e9nek, presentaron a autoridades municipales el proyecto integral para la creaci\u00f3n de la Direcci\u00f3n de Atenci\u00f3n a Pueblos Originarios, en la que formulan objetivos, misi\u00f3n y visi\u00f3n que deber\u00e1 integrar la nueva unidad de atenci\u00f3n.<\/p>\n<p style=\"text-align: justify;\">Por su parte, el Presidente Municipal, Xavier Nava Palacios revel\u00f3 que el viernes pasado firm\u00f3 un acuerdo administrativo para la creaci\u00f3n de la Unidad de Atenci\u00f3n a los Pueblos Originarios, se est\u00e1 en el procedimiento de su conformaci\u00f3n para ver quienes la integrar\u00e1n y quienes la encabezar\u00e1n, \u201cpero es un proceso complejo en el cual tambi\u00e9n se involucrar\u00e1 a integrantes del Cabildo, y se le dar\u00e1 la celeridad para ya materializar esa nueva dependencia municipal para atender sus necesidades y mejorar su calidad de vida\u201d.<\/p>\n<p style=\"text-align: justify;\">En su intervenci\u00f3n, representante del Pueblo Huachichil en San Luis Potos\u00ed, Eduardo Reyna Ortiz, Axolohua Atecuhtli, se\u00f1al\u00f3: \u201cNosotros fuimos convocados como pueblo huachichil, fue por esa adscripci\u00f3n como fuimos citados para dar nuestras propuestas. Se hizo una gran convocatoria, pero hay gente tambi\u00e9n no se quiere sumar y quieren restar, y queda del lado el inter\u00e9s que se le debe de dar a esta unidad de atenci\u00f3n a personas que siempre fueron ninguneadas\u201d.<\/p>\n<p style=\"text-align: justify;\">Con la participaci\u00f3n del Grupo T\u00e9cnico Operativo e integrantes de los pueblos originarios habitantes en San Luis Potos\u00ed, se propuso como objetivo principal impulsar el mejoramiento de las condiciones de vida; mediante la atenci\u00f3n, dise\u00f1o de acciones, coordinaci\u00f3n y ejecuci\u00f3n de pol\u00edticas p\u00fablicas para lograr el bienestar colectivo, el desarrollo humano, preservaci\u00f3n, difusi\u00f3n y fortalecimiento de sus tradiciones y manifestaciones culturales.<\/p>\n<p style=\"text-align: justify;\">La integrante del Pueblo T\u00e9nek y del Comit\u00e9 de Planeaci\u00f3n para el Desarrollo Municipal, Gudelia Cruz Aguilar a\u00f1adi\u00f3 que: \u201cNos parece injusto que haya personas que est\u00e9n impugnando este proceso, hay pueblos que venimos trabajando desde otras administraciones, ingresamos solicitud con Mario Garc\u00eda Valdez y no nos atendieron y seguimos con Ricardo Gallardo, que se hizo el occiso\u201d.<\/p>\n<p style=\"text-align: justify;\">Insisti\u00f3 en que los pueblos n\u00e1huatl y T\u00e9nek han invertido esfuerzo \u201cy de verdad es injusto que por dos personas este proyecto se vaya para abajo. Nosotros pensamos en este proyecto para las personas que no tienen la forma de expresar sus necesidades porque est\u00e1 dise\u00f1ado para que ind\u00edgenas podamos trabajar de la mano con el Gobierno Municipal. De ah\u00ed que queremos aportar y no estirar la mano y esa es la diferencia con quienes se la pasan metiendo amparos\u201d.<\/p>\n<p style=\"text-align: justify;\">Por tal raz\u00f3n, el proyecto de misi\u00f3n y visi\u00f3n de la Direcci\u00f3n promueve el reconocimiento de sus derechos, autonom\u00eda y libre determinaci\u00f3n y proyecta ser la instancia que propicie y fortalezca su bienestar, donde el valor primordial ser\u00e1 el respeto a los derechos inalienables de autodeterminaci\u00f3n consagrados en las leyes.<\/p>\n<p style=\"text-align: justify;\">En la reuni\u00f3n, celebrada en la Sala de Cronistas del Palacio Municipal, Xavier Nava Palacios explic\u00f3 que durante la Consulta efectuada a los Pueblos Originarios para la conformaci\u00f3n del Plan Municipal de Desarrollo, los integrantes de los pueblos N\u00e1huatl, T\u00e9nek y un grupo de personas del pueblo Triqui, realizaron la propuesta de instaurar una ventanilla de atenci\u00f3n a los pueblos originarios y solicitaron que sea presidida por una persona integrante de un pueblo originario, con la finalidad de atender solicitudes y demandas.<\/p>\n","protected":false},"excerpt":{"rendered":"<p>SLP.- Este martes, representantes de pueblos Triqui, Mixteco, Mazahua, Wix\u00e1rika, N\u00e1huatl, Huachichil y T\u00e9nek, presentaron a autoridades municipales el proyecto integral para la creaci\u00f3n de la Direcci\u00f3n de Atenci\u00f3n a Pueblos Originarios, en la que formulan objetivos, misi\u00f3n y visi\u00f3n que deber\u00e1 integrar la nueva unidad de atenci\u00f3n. Por su parte, el Presidente Municipal, Xavier [&hellip;]<\/p>\n","protected":false},"author":2,"featured_media":37990,"comment_status":"open","ping_status":"closed","sticky":false,"template":"","format":"standard","meta":{"footnotes":""},"categories":[17],"tags":[114],"class_list":["post-37973","post","type-post","status-publish","format-standard","has-post-thumbnail","hentry","category-localesyregionales","tag-ayuntamiento-slp"],"yoast_head":"<!-- This site is optimized with the Yoast SEO plugin v27.4 - https:\/\/yoast.com\/product\/yoast-seo-wordpress\/ -->\n<title>Avanza la conformaci\u00f3n de la Unidad de Atenci\u00f3n a Pueblos Originarios - Canal 7 SLP - 2019<\/title>\n<meta name=\"robots\" content=\"index, follow, max-snippet:-1, max-image-preview:large, max-video-preview:-1\" \/>\n<link rel=\"canonical\" href=\"https:\/\/canal7slp.tv\/2019\/avanza-la-conformacion-de-la-unidad-de-atencion-a-pueblos-originarios\/\" \/>\n<meta property=\"og:locale\" content=\"es_ES\" \/>\n<meta property=\"og:type\" content=\"article\" \/>\n<meta property=\"og:title\" content=\"Avanza la conformaci\u00f3n de la Unidad de Atenci\u00f3n a Pueblos Originarios - Canal 7 SLP - 2019\" \/>\n<meta property=\"og:description\" content=\"SLP.- Este martes, representantes de pueblos Triqui, Mixteco, Mazahua, Wix\u00e1rika, N\u00e1huatl, Huachichil y T\u00e9nek, presentaron a autoridades municipales el proyecto integral para la creaci\u00f3n de la Direcci\u00f3n de Atenci\u00f3n a Pueblos Originarios, en la que formulan objetivos, misi\u00f3n y visi\u00f3n que deber\u00e1 integrar la nueva unidad de atenci\u00f3n. Por su parte, el Presidente Municipal, Xavier [&hellip;]\" \/>\n<meta property=\"og:url\" content=\"https:\/\/canal7slp.tv\/2019\/avanza-la-conformacion-de-la-unidad-de-atencion-a-pueblos-originarios\/\" \/>\n<meta property=\"og:site_name\" content=\"Canal 7 SLP - 2019\" \/>\n<meta property=\"article:publisher\" content=\"https:\/\/www.facebook.com\/CANAL7SLP\/\" \/>\n<meta property=\"article:published_time\" content=\"2019-07-23T23:38:59+00:00\" \/>\n<meta property=\"og:image\" content=\"https:\/\/canal7slp.tv\/2019\/wp-content\/uploads\/2019\/07\/ayu1-4.jpg\" \/>\n\t<meta property=\"og:image:width\" content=\"664\" \/>\n\t<meta property=\"og:image:height\" content=\"443\" \/>\n\t<meta property=\"og:image:type\" content=\"image\/jpeg\" \/>\n<meta name=\"author\" content=\"edicionweb\" \/>\n<meta name=\"twitter:card\" content=\"summary_large_image\" \/>\n<meta name=\"twitter:creator\" content=\"@canal7_slp\" \/>\n<meta name=\"twitter:site\" content=\"@canal7_slp\" \/>\n<meta name=\"twitter:label1\" content=\"Escrito por\" \/>\n\t<meta name=\"twitter:data1\" content=\"edicionweb\" \/>\n\t<meta name=\"twitter:label2\" content=\"Tiempo de lectura\" \/>\n\t<meta name=\"twitter:data2\" content=\"3 minutos\" \/>\n<script type=\"application\/ld+json\" class=\"yoast-schema-graph\">{\"@context\":\"https:\\\/\\\/schema.org\",\"@graph\":[{\"@type\":\"Article\",\"@id\":\"https:\\\/\\\/canal7slp.tv\\\/2019\\\/avanza-la-conformacion-de-la-unidad-de-atencion-a-pueblos-originarios\\\/#article\",\"isPartOf\":{\"@id\":\"https:\\\/\\\/canal7slp.tv\\\/2019\\\/avanza-la-conformacion-de-la-unidad-de-atencion-a-pueblos-originarios\\\/\"},\"author\":{\"name\":\"edicionweb\",\"@id\":\"https:\\\/\\\/canal7slp.tv\\\/2019\\\/#\\\/schema\\\/person\\\/11d941c1c6ca30ac0a46b95fa37aa2e3\"},\"headline\":\"Avanza la conformaci\u00f3n de la Unidad de Atenci\u00f3n a Pueblos Originarios\",\"datePublished\":\"2019-07-23T23:38:59+00:00\",\"mainEntityOfPage\":{\"@id\":\"https:\\\/\\\/canal7slp.tv\\\/2019\\\/avanza-la-conformacion-de-la-unidad-de-atencion-a-pueblos-originarios\\\/\"},\"wordCount\":603,\"commentCount\":0,\"publisher\":{\"@id\":\"https:\\\/\\\/canal7slp.tv\\\/2019\\\/#organization\"},\"image\":{\"@id\":\"https:\\\/\\\/canal7slp.tv\\\/2019\\\/avanza-la-conformacion-de-la-unidad-de-atencion-a-pueblos-originarios\\\/#primaryimage\"},\"thumbnailUrl\":\"https:\\\/\\\/canal7slp.tv\\\/2019\\\/wp-content\\\/uploads\\\/2019\\\/07\\\/ayu1-4.jpg\",\"keywords\":[\"Ayuntamiento SLP\"],\"articleSection\":[\"LOCALES Y REGIONALES\"],\"inLanguage\":\"es\",\"potentialAction\":[{\"@type\":\"CommentAction\",\"name\":\"Comment\",\"target\":[\"https:\\\/\\\/canal7slp.tv\\\/2019\\\/avanza-la-conformacion-de-la-unidad-de-atencion-a-pueblos-originarios\\\/#respond\"]}]},{\"@type\":\"WebPage\",\"@id\":\"https:\\\/\\\/canal7slp.tv\\\/2019\\\/avanza-la-conformacion-de-la-unidad-de-atencion-a-pueblos-originarios\\\/\",\"url\":\"https:\\\/\\\/canal7slp.tv\\\/2019\\\/avanza-la-conformacion-de-la-unidad-de-atencion-a-pueblos-originarios\\\/\",\"name\":\"Avanza la conformaci\u00f3n de la Unidad de Atenci\u00f3n a Pueblos Originarios - Canal 7 SLP - 2019\",\"isPartOf\":{\"@id\":\"https:\\\/\\\/canal7slp.tv\\\/2019\\\/#website\"},\"primaryImageOfPage\":{\"@id\":\"https:\\\/\\\/canal7slp.tv\\\/2019\\\/avanza-la-conformacion-de-la-unidad-de-atencion-a-pueblos-originarios\\\/#primaryimage\"},\"image\":{\"@id\":\"https:\\\/\\\/canal7slp.tv\\\/2019\\\/avanza-la-conformacion-de-la-unidad-de-atencion-a-pueblos-originarios\\\/#primaryimage\"},\"thumbnailUrl\":\"https:\\\/\\\/canal7slp.tv\\\/2019\\\/wp-content\\\/uploads\\\/2019\\\/07\\\/ayu1-4.jpg\",\"datePublished\":\"2019-07-23T23:38:59+00:00\",\"breadcrumb\":{\"@id\":\"https:\\\/\\\/canal7slp.tv\\\/2019\\\/avanza-la-conformacion-de-la-unidad-de-atencion-a-pueblos-originarios\\\/#breadcrumb\"},\"inLanguage\":\"es\",\"potentialAction\":[{\"@type\":\"ReadAction\",\"target\":[\"https:\\\/\\\/canal7slp.tv\\\/2019\\\/avanza-la-conformacion-de-la-unidad-de-atencion-a-pueblos-originarios\\\/\"]}]},{\"@type\":\"ImageObject\",\"inLanguage\":\"es\",\"@id\":\"https:\\\/\\\/canal7slp.tv\\\/2019\\\/avanza-la-conformacion-de-la-unidad-de-atencion-a-pueblos-originarios\\\/#primaryimage\",\"url\":\"https:\\\/\\\/canal7slp.tv\\\/2019\\\/wp-content\\\/uploads\\\/2019\\\/07\\\/ayu1-4.jpg\",\"contentUrl\":\"https:\\\/\\\/canal7slp.tv\\\/2019\\\/wp-content\\\/uploads\\\/2019\\\/07\\\/ayu1-4.jpg\",\"width\":664,\"height\":443},{\"@type\":\"BreadcrumbList\",\"@id\":\"https:\\\/\\\/canal7slp.tv\\\/2019\\\/avanza-la-conformacion-de-la-unidad-de-atencion-a-pueblos-originarios\\\/#breadcrumb\",\"itemListElement\":[{\"@type\":\"ListItem\",\"position\":1,\"name\":\"Home\",\"item\":\"https:\\\/\\\/canal7slp.tv\\\/2019\\\/\"},{\"@type\":\"ListItem\",\"position\":2,\"name\":\"Avanza la conformaci\u00f3n de la Unidad de Atenci\u00f3n a Pueblos Originarios\"}]},{\"@type\":\"WebSite\",\"@id\":\"https:\\\/\\\/canal7slp.tv\\\/2019\\\/#website\",\"url\":\"https:\\\/\\\/canal7slp.tv\\\/2019\\\/\",\"name\":\"Canal 7 SLP - Somos TV\",\"description\":\"Somos un Canal de 10\",\"publisher\":{\"@id\":\"https:\\\/\\\/canal7slp.tv\\\/2019\\\/#organization\"},\"potentialAction\":[{\"@type\":\"SearchAction\",\"target\":{\"@type\":\"EntryPoint\",\"urlTemplate\":\"https:\\\/\\\/canal7slp.tv\\\/2019\\\/?s={search_term_string}\"},\"query-input\":{\"@type\":\"PropertyValueSpecification\",\"valueRequired\":true,\"valueName\":\"search_term_string\"}}],\"inLanguage\":\"es\"},{\"@type\":\"Organization\",\"@id\":\"https:\\\/\\\/canal7slp.tv\\\/2019\\\/#organization\",\"name\":\"Comunicaci\u00f3n 2000 S.A. de C.V.\",\"url\":\"https:\\\/\\\/canal7slp.tv\\\/2019\\\/\",\"logo\":{\"@type\":\"ImageObject\",\"inLanguage\":\"es\",\"@id\":\"https:\\\/\\\/canal7slp.tv\\\/2019\\\/#\\\/schema\\\/logo\\\/image\\\/\",\"url\":\"https:\\\/\\\/canal7slp.tv\\\/2019\\\/wp-content\\\/uploads\\\/2019\\\/07\\\/logo-c7.png\",\"contentUrl\":\"https:\\\/\\\/canal7slp.tv\\\/2019\\\/wp-content\\\/uploads\\\/2019\\\/07\\\/logo-c7.png\",\"width\":220,\"height\":60,\"caption\":\"Comunicaci\u00f3n 2000 S.A. de C.V.\"},\"image\":{\"@id\":\"https:\\\/\\\/canal7slp.tv\\\/2019\\\/#\\\/schema\\\/logo\\\/image\\\/\"},\"sameAs\":[\"https:\\\/\\\/www.facebook.com\\\/CANAL7SLP\\\/\",\"https:\\\/\\\/x.com\\\/canal7_slp\",\"https:\\\/\\\/www.instagram.com\\\/canal7_slp\",\"https:\\\/\\\/www.youtube.com\\\/user\\\/NOTICIEROSCANAL7SLP\\\/\"]},{\"@type\":\"Person\",\"@id\":\"https:\\\/\\\/canal7slp.tv\\\/2019\\\/#\\\/schema\\\/person\\\/11d941c1c6ca30ac0a46b95fa37aa2e3\",\"name\":\"edicionweb\",\"image\":{\"@type\":\"ImageObject\",\"inLanguage\":\"es\",\"@id\":\"https:\\\/\\\/secure.gravatar.com\\\/avatar\\\/eee448fc3f7164808013b816ba91ac7e43bbe82a70bebac296f8bc6f0addaa1a?s=96&d=mm&r=g\",\"url\":\"https:\\\/\\\/secure.gravatar.com\\\/avatar\\\/eee448fc3f7164808013b816ba91ac7e43bbe82a70bebac296f8bc6f0addaa1a?s=96&d=mm&r=g\",\"contentUrl\":\"https:\\\/\\\/secure.gravatar.com\\\/avatar\\\/eee448fc3f7164808013b816ba91ac7e43bbe82a70bebac296f8bc6f0addaa1a?s=96&d=mm&r=g\",\"caption\":\"edicionweb\"}}]}<\/script>\n<!-- \/ Yoast SEO plugin. -->","yoast_head_json":{"title":"Avanza la conformaci\u00f3n de la Unidad de Atenci\u00f3n a Pueblos Originarios - Canal 7 SLP - 2019","robots":{"index":"index","follow":"follow","max-snippet":"max-snippet:-1","max-image-preview":"max-image-preview:large","max-video-preview":"max-video-preview:-1"},"canonical":"https:\/\/canal7slp.tv\/2019\/avanza-la-conformacion-de-la-unidad-de-atencion-a-pueblos-originarios\/","og_locale":"es_ES","og_type":"article","og_title":"Avanza la conformaci\u00f3n de la Unidad de Atenci\u00f3n a Pueblos Originarios - Canal 7 SLP - 2019","og_description":"SLP.- Este martes, representantes de pueblos Triqui, Mixteco, Mazahua, Wix\u00e1rika, N\u00e1huatl, Huachichil y T\u00e9nek, presentaron a autoridades municipales el proyecto integral para la creaci\u00f3n de la Direcci\u00f3n de Atenci\u00f3n a Pueblos Originarios, en la que formulan objetivos, misi\u00f3n y visi\u00f3n que deber\u00e1 integrar la nueva unidad de atenci\u00f3n. Por su parte, el Presidente Municipal, Xavier [&hellip;]","og_url":"https:\/\/canal7slp.tv\/2019\/avanza-la-conformacion-de-la-unidad-de-atencion-a-pueblos-originarios\/","og_site_name":"Canal 7 SLP - 2019","article_publisher":"https:\/\/www.facebook.com\/CANAL7SLP\/","article_published_time":"2019-07-23T23:38:59+00:00","og_image":[{"width":664,"height":443,"url":"https:\/\/canal7slp.tv\/2019\/wp-content\/uploads\/2019\/07\/ayu1-4.jpg","type":"image\/jpeg"}],"author":"edicionweb","twitter_card":"summary_large_image","twitter_creator":"@canal7_slp","twitter_site":"@canal7_slp","twitter_misc":{"Escrito por":"edicionweb","Tiempo de lectura":"3 minutos"},"schema":{"@context":"https:\/\/schema.org","@graph":[{"@type":"Article","@id":"https:\/\/canal7slp.tv\/2019\/avanza-la-conformacion-de-la-unidad-de-atencion-a-pueblos-originarios\/#article","isPartOf":{"@id":"https:\/\/canal7slp.tv\/2019\/avanza-la-conformacion-de-la-unidad-de-atencion-a-pueblos-originarios\/"},"author":{"name":"edicionweb","@id":"https:\/\/canal7slp.tv\/2019\/#\/schema\/person\/11d941c1c6ca30ac0a46b95fa37aa2e3"},"headline":"Avanza la conformaci\u00f3n de la Unidad de Atenci\u00f3n a Pueblos Originarios","datePublished":"2019-07-23T23:38:59+00:00","mainEntityOfPage":{"@id":"https:\/\/canal7slp.tv\/2019\/avanza-la-conformacion-de-la-unidad-de-atencion-a-pueblos-originarios\/"},"wordCount":603,"commentCount":0,"publisher":{"@id":"https:\/\/canal7slp.tv\/2019\/#organization"},"image":{"@id":"https:\/\/canal7slp.tv\/2019\/avanza-la-conformacion-de-la-unidad-de-atencion-a-pueblos-originarios\/#primaryimage"},"thumbnailUrl":"https:\/\/canal7slp.tv\/2019\/wp-content\/uploads\/2019\/07\/ayu1-4.jpg","keywords":["Ayuntamiento SLP"],"articleSection":["LOCALES Y REGIONALES"],"inLanguage":"es","potentialAction":[{"@type":"CommentAction","name":"Comment","target":["https:\/\/canal7slp.tv\/2019\/avanza-la-conformacion-de-la-unidad-de-atencion-a-pueblos-originarios\/#respond"]}]},{"@type":"WebPage","@id":"https:\/\/canal7slp.tv\/2019\/avanza-la-conformacion-de-la-unidad-de-atencion-a-pueblos-originarios\/","url":"https:\/\/canal7slp.tv\/2019\/avanza-la-conformacion-de-la-unidad-de-atencion-a-pueblos-originarios\/","name":"Avanza la conformaci\u00f3n de la Unidad de Atenci\u00f3n a Pueblos Originarios - Canal 7 SLP - 2019","isPartOf":{"@id":"https:\/\/canal7slp.tv\/2019\/#website"},"primaryImageOfPage":{"@id":"https:\/\/canal7slp.tv\/2019\/avanza-la-conformacion-de-la-unidad-de-atencion-a-pueblos-originarios\/#primaryimage"},"image":{"@id":"https:\/\/canal7slp.tv\/2019\/avanza-la-conformacion-de-la-unidad-de-atencion-a-pueblos-originarios\/#primaryimage"},"thumbnailUrl":"https:\/\/canal7slp.tv\/2019\/wp-content\/uploads\/2019\/07\/ayu1-4.jpg","datePublished":"2019-07-23T23:38:59+00:00","breadcrumb":{"@id":"https:\/\/canal7slp.tv\/2019\/avanza-la-conformacion-de-la-unidad-de-atencion-a-pueblos-originarios\/#breadcrumb"},"inLanguage":"es","potentialAction":[{"@type":"ReadAction","target":["https:\/\/canal7slp.tv\/2019\/avanza-la-conformacion-de-la-unidad-de-atencion-a-pueblos-originarios\/"]}]},{"@type":"ImageObject","inLanguage":"es","@id":"https:\/\/canal7slp.tv\/2019\/avanza-la-conformacion-de-la-unidad-de-atencion-a-pueblos-originarios\/#primaryimage","url":"https:\/\/canal7slp.tv\/2019\/wp-content\/uploads\/2019\/07\/ayu1-4.jpg","contentUrl":"https:\/\/canal7slp.tv\/2019\/wp-content\/uploads\/2019\/07\/ayu1-4.jpg","width":664,"height":443},{"@type":"BreadcrumbList","@id":"https:\/\/canal7slp.tv\/2019\/avanza-la-conformacion-de-la-unidad-de-atencion-a-pueblos-originarios\/#breadcrumb","itemListElement":[{"@type":"ListItem","position":1,"name":"Home","item":"https:\/\/canal7slp.tv\/2019\/"},{"@type":"ListItem","position":2,"name":"Avanza la conformaci\u00f3n de la Unidad de Atenci\u00f3n a Pueblos Originarios"}]},{"@type":"WebSite","@id":"https:\/\/canal7slp.tv\/2019\/#website","url":"https:\/\/canal7slp.tv\/2019\/","name":"Canal 7 SLP - Somos TV","description":"Somos un Canal de 10","publisher":{"@id":"https:\/\/canal7slp.tv\/2019\/#organization"},"potentialAction":[{"@type":"SearchAction","target":{"@type":"EntryPoint","urlTemplate":"https:\/\/canal7slp.tv\/2019\/?s={search_term_string}"},"query-input":{"@type":"PropertyValueSpecification","valueRequired":true,"valueName":"search_term_string"}}],"inLanguage":"es"},{"@type":"Organization","@id":"https:\/\/canal7slp.tv\/2019\/#organization","name":"Comunicaci\u00f3n 2000 S.A. de C.V.","url":"https:\/\/canal7slp.tv\/2019\/","logo":{"@type":"ImageObject","inLanguage":"es","@id":"https:\/\/canal7slp.tv\/2019\/#\/schema\/logo\/image\/","url":"https:\/\/canal7slp.tv\/2019\/wp-content\/uploads\/2019\/07\/logo-c7.png","contentUrl":"https:\/\/canal7slp.tv\/2019\/wp-content\/uploads\/2019\/07\/logo-c7.png","width":220,"height":60,"caption":"Comunicaci\u00f3n 2000 S.A. de C.V."},"image":{"@id":"https:\/\/canal7slp.tv\/2019\/#\/schema\/logo\/image\/"},"sameAs":["https:\/\/www.facebook.com\/CANAL7SLP\/","https:\/\/x.com\/canal7_slp","https:\/\/www.instagram.com\/canal7_slp","https:\/\/www.youtube.com\/user\/NOTICIEROSCANAL7SLP\/"]},{"@type":"Person","@id":"https:\/\/canal7slp.tv\/2019\/#\/schema\/person\/11d941c1c6ca30ac0a46b95fa37aa2e3","name":"edicionweb","image":{"@type":"ImageObject","inLanguage":"es","@id":"https:\/\/secure.gravatar.com\/avatar\/eee448fc3f7164808013b816ba91ac7e43bbe82a70bebac296f8bc6f0addaa1a?s=96&d=mm&r=g","url":"https:\/\/secure.gravatar.com\/avatar\/eee448fc3f7164808013b816ba91ac7e43bbe82a70bebac296f8bc6f0addaa1a?s=96&d=mm&r=g","contentUrl":"https:\/\/secure.gravatar.com\/avatar\/eee448fc3f7164808013b816ba91ac7e43bbe82a70bebac296f8bc6f0addaa1a?s=96&d=mm&r=g","caption":"edicionweb"}}]}},"amp_enabled":true,"cmb2":{"video_ids_in_playlist":{"vid_p_videos":""},"video_ids_in_channel":{"vid_c_videos":""},"playlist_ids_in_channel":{"vid_c_playlists":""},"series_ids_in_channel":{"vid_c_series":""},"channel_images":{"vid_c_logo":"","vid_c_banner":""},"poster_feature_image":{"vid_m_poster_image":""},"gif_feature_image":{"vid_m_gif_image":""},"video_movie_settings":{"vid_m_director":"","vid_m_actor":"","vid_m_imdb_ratings":"","vid_m_amazon_associates":""},"vid_youtube_broadcasts_settings":{"vid_yb_broadcast_title":"","vid_yb_q":"","vid_yb_channelid":"","vid_yb_videocategoryid":"","vid_yb_maxresults":"","vid_yb_order":"","vid_yb_regioncode":"","vid_yb_videosyndicated":"","vid_yb_style":"","vid_yb_reload_first":""},"video_series_settings":{"vid_m_director":"","vid_m_actor":"","vid_m_imdb_ratings":"","video_series_group":""},"amazon_associates_settings":{"amazon_associates":"","amazon_native_ad":""},"vid_youtube_automatic_settings":{"vid_ya_youtube_source":"","vid_ya_update_every":"","vid_ya_update_unit":"","vid_ya_categories":"","vid_ya_published_after":"","vid_ya_published_before":"","vid_ya_playlists":"","vid_ya_channels":"","vid_ya_director":"","vid_ya_actor":"","vid_ya_author":"","vid_ya_import_post_date":"","vid_ya_status":"","vid_ya_sub_api_key":""},"vid_ads_m_videoads_settings_post":{"vid_ads_m_video_ads":"","vid_ads_m_video_ads_type":"","vid_ads_m_group_google_ima":"","vid_ads_m_group_image":"","vid_ads_m_group_html5_video":"","vid_ads_m_group_html":"","vid_ads_m_vast_preroll":"","vid_ads_m_vast_postroll":"","vid_ads_m_vast_pauseroll":"","vid_ads_m_vast_midroll":[{"vid_ads_m_vast_timer_seconds":"50"}],"vid_ads_m_time_to_show_ads":"","vid_ads_m_time_skip_ads":"","vid_ads_m_time_to_hide_ads":""},"page_slider_settings":{"display_slider_group":"","page_slider_group":""},"blog_page_settings":{"blog_page_title":"","blog_page_heading":"","blog_page_ic":"","blog_page_it":"","blog_page_ec":"","blog_page_ip":"","archive_loop_style":"","blog_image_ratio":"","blog_show_categories":"","blog_show_excerpt":"","blog_show_author":"","blog_show_date":"","blog_show_comment_count":"","blog_show_view_count":"","blog_show_like_count":"","blog_show_dislike_count":"","blog_items_per_page":"","blog_pag_type":""},"page_options":{"get_page_template":"","color_mode":"","main_layout":"","main_layout_full_with":"","main_logo":"","main_logo_retina":"","main_logo_mobile":"","main_logo_mobile_retina":"","sticky_logo":"","sticky_logo_retina":"","main_nav_layout":"","ajax_search":"","header_background":"","theme_sidebar":"","instagram_feed":"","instagram_feed_position":"","popular_videos":"","popular_videos_title_1":"","popular_videos_title_2":"","popular_videos_ic":"","popular_videos_it":"","theme_background":"","page_custom_css":""},"feature_image_settings":{"feature_image_position":""},"video_player_settings":{"single_video_style":"","video_player_position":"","vm_video_url":"","video_player_library":"","video_streaming":"","vm_media_sources":"","vid_auto_play":"","vm_video_shortcode":"","vid_p_sync_playlist":"","vid_c_sync_channel":"","get_post_format":"","multiple_links_structure":"default","multi_links_title":"","vm_video_multi_links":"","vm_duration":"","vid_social_locker":"off","vid_social_locker_id":"","vid_membership_action":"content-video","vm_video_trailer_url":"","vid_download_type":"free","vid_download_target":"download","vid_woo_product":"","vm_media_download":"","user_rating":"","user_rating_position":"","user_rating_mode":"","user_rating_multi_sets":""},"video_auto_fetch_settings":{"vm_video_fetch":"on"},"video_fake_views_likes":{"vm_fake_views":"","vm_fake_likes":"","vm_fake_dislikes":""},"gallery_settings":{"gallery_position":""},"quote_settings":{"quote_position":""},"post_options":{"main_layout":"","main_logo":"","main_logo_retina":"","main_logo_mobile":"","main_logo_mobile_retina":"","sticky_logo":"","sticky_logo_retina":"","main_nav_layout":"","header_background":"","theme_sidebar":"","single_post_comment_type":"","theme_background":""}},"_links":{"self":[{"href":"https:\/\/canal7slp.tv\/2019\/wp-json\/wp\/v2\/posts\/37973","targetHints":{"allow":["GET"]}}],"collection":[{"href":"https:\/\/canal7slp.tv\/2019\/wp-json\/wp\/v2\/posts"}],"about":[{"href":"https:\/\/canal7slp.tv\/2019\/wp-json\/wp\/v2\/types\/post"}],"author":[{"embeddable":true,"href":"https:\/\/canal7slp.tv\/2019\/wp-json\/wp\/v2\/users\/2"}],"replies":[{"embeddable":true,"href":"https:\/\/canal7slp.tv\/2019\/wp-json\/wp\/v2\/comments?post=37973"}],"version-history":[{"count":0,"href":"https:\/\/canal7slp.tv\/2019\/wp-json\/wp\/v2\/posts\/37973\/revisions"}],"wp:featuredmedia":[{"embeddable":true,"href":"https:\/\/canal7slp.tv\/2019\/wp-json\/wp\/v2\/media\/37990"}],"wp:attachment":[{"href":"https:\/\/canal7slp.tv\/2019\/wp-json\/wp\/v2\/media?parent=37973"}],"wp:term":[{"taxonomy":"category","embeddable":true,"href":"https:\/\/canal7slp.tv\/2019\/wp-json\/wp\/v2\/categories?post=37973"},{"taxonomy":"post_tag","embeddable":true,"href":"https:\/\/canal7slp.tv\/2019\/wp-json\/wp\/v2\/tags?post=37973"}],"curies":[{"name":"wp","href":"https:\/\/api.w.org\/{rel}","templated":true}]}}