{"id":37545,"date":"2019-07-23T13:30:16","date_gmt":"2019-07-23T18:30:16","guid":{"rendered":"https:\/\/canal7slp.tv\/2019\/?p=37545"},"modified":"2019-07-23T13:30:16","modified_gmt":"2019-07-23T18:30:16","slug":"estrategia-contra-adicciones-no-criminalizara-a-consumidores-presidencia","status":"publish","type":"post","link":"https:\/\/canal7slp.tv\/2019\/estrategia-contra-adicciones-no-criminalizara-a-consumidores-presidencia\/","title":{"rendered":"Estrategia contra Adicciones no criminalizar\u00e1 a consumidores: Presidencia"},"content":{"rendered":"<p style=\"text-align: justify;\">M\u00e9xico.- El coordinador general de Comunicaci\u00f3n Social de la Presidencia de la Rep\u00fablica, Jes\u00fas Ram\u00edrez Cuevas, aclar\u00f3 que la Estrategia Nacional contra las Adicciones no contempla ning\u00fan acto punitivo, ex\u00e1menes antidoping, ni mucho menos criminalizar o estigmatizar a los consumidores, sino prevenir.<\/p>\n<p style=\"text-align: justify;\">\u201cEn la Estrategia Nacional contra las Adicciones el \u00e9nfasis est\u00e1 en las personas, no en las sustancias y, en primer lugar, en la salud, no en una estrategia punitiva. No se va a criminalizar a los consumidores\u201d, aclar\u00f3.<\/p>\n<p style=\"text-align: justify;\">En entrevista en Palacio Nacional al t\u00e9rmino de la rueda de prensa ma\u00f1anera que ofreci\u00f3 el presidente Andr\u00e9s Manuel L\u00f3pez Obrador, Ram\u00edrez Cuevas dijo que el objetivo del programa es que ni\u00f1os y adolescentes tengan los est\u00edmulos suficientes para que su autoestima sea fuerte.<\/p>\n<p style=\"text-align: justify;\">Se trata, anot\u00f3 el portavoz de la Presidencia, de que cuenten con opciones culturales, educativas e informaci\u00f3n suficiente para no incurrir en alg\u00fan tipo de conducta adictiva, en particular de sustancias psicoactivas.<\/p>\n<p style=\"text-align: justify;\">Adem\u00e1s, se busca ofrecer tratamiento y atenci\u00f3n a quienes tienen problemas de consumo con sustancias psicoactivas y, obviamente todas las estrategias de prevenci\u00f3n a trav\u00e9s del sistema de salud y educativo.<\/p>\n<p style=\"text-align: justify;\">Entonces, acot\u00f3 a pregunta expresa, \u201cno hay considerado ning\u00fan tipo de estrategia punitiva, ni ex\u00e1menes antidoping, ni persecuci\u00f3n de consumidores, ni criminalizaci\u00f3n, ni estigmatizaci\u00f3n\u201d.<\/p>\n<p style=\"text-align: justify;\">Para el coordinador general de Comunicaci\u00f3n Social de la Presidencia de la Rep\u00fablica quien tiene alg\u00fan problema de salud por consumir sustancias psicoactivas merece toda la atenci\u00f3n \u201cy requiere que le demos la mano, no que lo arrojemos al estigma o lo separemos de la sociedad\u201d.<\/p>\n<p style=\"text-align: justify;\">El consumo de sustancias y de adicciones es un tema social y de salud que debe ser visto desde un nuevo enfoque \u201cque ya no sea punitivo sino comprensivo, de crear conciencia entre la poblaci\u00f3n para aislar el fen\u00f3meno de la violencia y el uso problem\u00e1tico de sustancias y, al mismo tiempo preservar la salud de ni\u00f1os y j\u00f3venes\u201d, concluy\u00f3.<\/p>\n<p style=\"text-align: justify;\">Durante la conferencia, el jefe del Ejecutivo inform\u00f3 que es urgente llevar a cabo la campa\u00f1a contra las adicciones; \u201cporque duele mucho saber como desgraciadamente aumenta el consumo de drogas, lo cual es terrible&#8221;.<\/p>\n","protected":false},"excerpt":{"rendered":"<p>M\u00e9xico.- El coordinador general de Comunicaci\u00f3n Social de la Presidencia de la Rep\u00fablica, Jes\u00fas Ram\u00edrez Cuevas, aclar\u00f3 que la Estrategia Nacional contra las Adicciones no contempla ning\u00fan acto punitivo, ex\u00e1menes antidoping, ni mucho menos criminalizar o estigmatizar a los consumidores, sino prevenir. \u201cEn la Estrategia Nacional contra las Adicciones el \u00e9nfasis est\u00e1 en las personas, [&hellip;]<\/p>\n","protected":false},"author":2,"featured_media":37547,"comment_status":"open","ping_status":"closed","sticky":false,"template":"","format":"standard","meta":{"footnotes":""},"categories":[30],"tags":[],"class_list":["post-37545","post","type-post","status-publish","format-standard","has-post-thumbnail","hentry","category-nacional"],"yoast_head":"<!-- This site is optimized with the Yoast SEO plugin v27.5 - https:\/\/yoast.com\/product\/yoast-seo-wordpress\/ -->\n<title>Estrategia contra Adicciones no criminalizar\u00e1 a consumidores: Presidencia - Canal 7 SLP - 2019<\/title>\n<meta name=\"robots\" content=\"index, follow, max-snippet:-1, max-image-preview:large, max-video-preview:-1\" \/>\n<link rel=\"canonical\" href=\"https:\/\/canal7slp.tv\/2019\/estrategia-contra-adicciones-no-criminalizara-a-consumidores-presidencia\/\" \/>\n<meta property=\"og:locale\" content=\"es_ES\" \/>\n<meta property=\"og:type\" content=\"article\" \/>\n<meta property=\"og:title\" content=\"Estrategia contra Adicciones no criminalizar\u00e1 a consumidores: Presidencia - Canal 7 SLP - 2019\" \/>\n<meta property=\"og:description\" content=\"M\u00e9xico.- El coordinador general de Comunicaci\u00f3n Social de la Presidencia de la Rep\u00fablica, Jes\u00fas Ram\u00edrez Cuevas, aclar\u00f3 que la Estrategia Nacional contra las Adicciones no contempla ning\u00fan acto punitivo, ex\u00e1menes antidoping, ni mucho menos criminalizar o estigmatizar a los consumidores, sino prevenir. \u201cEn la Estrategia Nacional contra las Adicciones el \u00e9nfasis est\u00e1 en las personas, [&hellip;]\" \/>\n<meta property=\"og:url\" content=\"https:\/\/canal7slp.tv\/2019\/estrategia-contra-adicciones-no-criminalizara-a-consumidores-presidencia\/\" \/>\n<meta property=\"og:site_name\" content=\"Canal 7 SLP - 2019\" \/>\n<meta property=\"article:publisher\" content=\"https:\/\/www.facebook.com\/CANAL7SLP\/\" \/>\n<meta property=\"article:published_time\" content=\"2019-07-23T18:30:16+00:00\" \/>\n<meta property=\"og:image\" content=\"https:\/\/canal7slp.tv\/2019\/wp-content\/uploads\/2019\/07\/09-15.jpg\" \/>\n\t<meta property=\"og:image:width\" content=\"659\" \/>\n\t<meta property=\"og:image:height\" content=\"410\" \/>\n\t<meta property=\"og:image:type\" content=\"image\/jpeg\" \/>\n<meta name=\"author\" content=\"edicionweb\" \/>\n<meta name=\"twitter:card\" content=\"summary_large_image\" \/>\n<meta name=\"twitter:creator\" content=\"@canal7_slp\" \/>\n<meta name=\"twitter:site\" content=\"@canal7_slp\" \/>\n<meta name=\"twitter:label1\" content=\"Escrito por\" \/>\n\t<meta name=\"twitter:data1\" content=\"edicionweb\" \/>\n\t<meta name=\"twitter:label2\" content=\"Tiempo de lectura\" \/>\n\t<meta name=\"twitter:data2\" content=\"2 minutos\" \/>\n<script type=\"application\/ld+json\" class=\"yoast-schema-graph\">{\"@context\":\"https:\\\/\\\/schema.org\",\"@graph\":[{\"@type\":\"Article\",\"@id\":\"https:\\\/\\\/canal7slp.tv\\\/2019\\\/estrategia-contra-adicciones-no-criminalizara-a-consumidores-presidencia\\\/#article\",\"isPartOf\":{\"@id\":\"https:\\\/\\\/canal7slp.tv\\\/2019\\\/estrategia-contra-adicciones-no-criminalizara-a-consumidores-presidencia\\\/\"},\"author\":{\"name\":\"edicionweb\",\"@id\":\"https:\\\/\\\/canal7slp.tv\\\/2019\\\/#\\\/schema\\\/person\\\/11d941c1c6ca30ac0a46b95fa37aa2e3\"},\"headline\":\"Estrategia contra Adicciones no criminalizar\u00e1 a consumidores: Presidencia\",\"datePublished\":\"2019-07-23T18:30:16+00:00\",\"mainEntityOfPage\":{\"@id\":\"https:\\\/\\\/canal7slp.tv\\\/2019\\\/estrategia-contra-adicciones-no-criminalizara-a-consumidores-presidencia\\\/\"},\"wordCount\":395,\"commentCount\":0,\"publisher\":{\"@id\":\"https:\\\/\\\/canal7slp.tv\\\/2019\\\/#organization\"},\"image\":{\"@id\":\"https:\\\/\\\/canal7slp.tv\\\/2019\\\/estrategia-contra-adicciones-no-criminalizara-a-consumidores-presidencia\\\/#primaryimage\"},\"thumbnailUrl\":\"https:\\\/\\\/canal7slp.tv\\\/2019\\\/wp-content\\\/uploads\\\/2019\\\/07\\\/09-15.jpg\",\"articleSection\":[\"NACIONAL\"],\"inLanguage\":\"es\",\"potentialAction\":[{\"@type\":\"CommentAction\",\"name\":\"Comment\",\"target\":[\"https:\\\/\\\/canal7slp.tv\\\/2019\\\/estrategia-contra-adicciones-no-criminalizara-a-consumidores-presidencia\\\/#respond\"]}]},{\"@type\":\"WebPage\",\"@id\":\"https:\\\/\\\/canal7slp.tv\\\/2019\\\/estrategia-contra-adicciones-no-criminalizara-a-consumidores-presidencia\\\/\",\"url\":\"https:\\\/\\\/canal7slp.tv\\\/2019\\\/estrategia-contra-adicciones-no-criminalizara-a-consumidores-presidencia\\\/\",\"name\":\"Estrategia contra Adicciones no criminalizar\u00e1 a consumidores: Presidencia - Canal 7 SLP - 2019\",\"isPartOf\":{\"@id\":\"https:\\\/\\\/canal7slp.tv\\\/2019\\\/#website\"},\"primaryImageOfPage\":{\"@id\":\"https:\\\/\\\/canal7slp.tv\\\/2019\\\/estrategia-contra-adicciones-no-criminalizara-a-consumidores-presidencia\\\/#primaryimage\"},\"image\":{\"@id\":\"https:\\\/\\\/canal7slp.tv\\\/2019\\\/estrategia-contra-adicciones-no-criminalizara-a-consumidores-presidencia\\\/#primaryimage\"},\"thumbnailUrl\":\"https:\\\/\\\/canal7slp.tv\\\/2019\\\/wp-content\\\/uploads\\\/2019\\\/07\\\/09-15.jpg\",\"datePublished\":\"2019-07-23T18:30:16+00:00\",\"breadcrumb\":{\"@id\":\"https:\\\/\\\/canal7slp.tv\\\/2019\\\/estrategia-contra-adicciones-no-criminalizara-a-consumidores-presidencia\\\/#breadcrumb\"},\"inLanguage\":\"es\",\"potentialAction\":[{\"@type\":\"ReadAction\",\"target\":[\"https:\\\/\\\/canal7slp.tv\\\/2019\\\/estrategia-contra-adicciones-no-criminalizara-a-consumidores-presidencia\\\/\"]}]},{\"@type\":\"ImageObject\",\"inLanguage\":\"es\",\"@id\":\"https:\\\/\\\/canal7slp.tv\\\/2019\\\/estrategia-contra-adicciones-no-criminalizara-a-consumidores-presidencia\\\/#primaryimage\",\"url\":\"https:\\\/\\\/canal7slp.tv\\\/2019\\\/wp-content\\\/uploads\\\/2019\\\/07\\\/09-15.jpg\",\"contentUrl\":\"https:\\\/\\\/canal7slp.tv\\\/2019\\\/wp-content\\\/uploads\\\/2019\\\/07\\\/09-15.jpg\",\"width\":659,\"height\":410},{\"@type\":\"BreadcrumbList\",\"@id\":\"https:\\\/\\\/canal7slp.tv\\\/2019\\\/estrategia-contra-adicciones-no-criminalizara-a-consumidores-presidencia\\\/#breadcrumb\",\"itemListElement\":[{\"@type\":\"ListItem\",\"position\":1,\"name\":\"Home\",\"item\":\"https:\\\/\\\/canal7slp.tv\\\/2019\\\/\"},{\"@type\":\"ListItem\",\"position\":2,\"name\":\"Estrategia contra Adicciones no criminalizar\u00e1 a consumidores: Presidencia\"}]},{\"@type\":\"WebSite\",\"@id\":\"https:\\\/\\\/canal7slp.tv\\\/2019\\\/#website\",\"url\":\"https:\\\/\\\/canal7slp.tv\\\/2019\\\/\",\"name\":\"Canal 7 SLP - Somos TV\",\"description\":\"Somos un Canal de 10\",\"publisher\":{\"@id\":\"https:\\\/\\\/canal7slp.tv\\\/2019\\\/#organization\"},\"potentialAction\":[{\"@type\":\"SearchAction\",\"target\":{\"@type\":\"EntryPoint\",\"urlTemplate\":\"https:\\\/\\\/canal7slp.tv\\\/2019\\\/?s={search_term_string}\"},\"query-input\":{\"@type\":\"PropertyValueSpecification\",\"valueRequired\":true,\"valueName\":\"search_term_string\"}}],\"inLanguage\":\"es\"},{\"@type\":\"Organization\",\"@id\":\"https:\\\/\\\/canal7slp.tv\\\/2019\\\/#organization\",\"name\":\"Comunicaci\u00f3n 2000 S.A. de C.V.\",\"url\":\"https:\\\/\\\/canal7slp.tv\\\/2019\\\/\",\"logo\":{\"@type\":\"ImageObject\",\"inLanguage\":\"es\",\"@id\":\"https:\\\/\\\/canal7slp.tv\\\/2019\\\/#\\\/schema\\\/logo\\\/image\\\/\",\"url\":\"https:\\\/\\\/canal7slp.tv\\\/2019\\\/wp-content\\\/uploads\\\/2019\\\/07\\\/logo-c7.png\",\"contentUrl\":\"https:\\\/\\\/canal7slp.tv\\\/2019\\\/wp-content\\\/uploads\\\/2019\\\/07\\\/logo-c7.png\",\"width\":220,\"height\":60,\"caption\":\"Comunicaci\u00f3n 2000 S.A. de C.V.\"},\"image\":{\"@id\":\"https:\\\/\\\/canal7slp.tv\\\/2019\\\/#\\\/schema\\\/logo\\\/image\\\/\"},\"sameAs\":[\"https:\\\/\\\/www.facebook.com\\\/CANAL7SLP\\\/\",\"https:\\\/\\\/x.com\\\/canal7_slp\",\"https:\\\/\\\/www.instagram.com\\\/canal7_slp\",\"https:\\\/\\\/www.youtube.com\\\/user\\\/NOTICIEROSCANAL7SLP\\\/\"]},{\"@type\":\"Person\",\"@id\":\"https:\\\/\\\/canal7slp.tv\\\/2019\\\/#\\\/schema\\\/person\\\/11d941c1c6ca30ac0a46b95fa37aa2e3\",\"name\":\"edicionweb\",\"image\":{\"@type\":\"ImageObject\",\"inLanguage\":\"es\",\"@id\":\"https:\\\/\\\/secure.gravatar.com\\\/avatar\\\/eee448fc3f7164808013b816ba91ac7e43bbe82a70bebac296f8bc6f0addaa1a?s=96&d=mm&r=g\",\"url\":\"https:\\\/\\\/secure.gravatar.com\\\/avatar\\\/eee448fc3f7164808013b816ba91ac7e43bbe82a70bebac296f8bc6f0addaa1a?s=96&d=mm&r=g\",\"contentUrl\":\"https:\\\/\\\/secure.gravatar.com\\\/avatar\\\/eee448fc3f7164808013b816ba91ac7e43bbe82a70bebac296f8bc6f0addaa1a?s=96&d=mm&r=g\",\"caption\":\"edicionweb\"}}]}<\/script>\n<!-- \/ Yoast SEO plugin. -->","yoast_head_json":{"title":"Estrategia contra Adicciones no criminalizar\u00e1 a consumidores: Presidencia - Canal 7 SLP - 2019","robots":{"index":"index","follow":"follow","max-snippet":"max-snippet:-1","max-image-preview":"max-image-preview:large","max-video-preview":"max-video-preview:-1"},"canonical":"https:\/\/canal7slp.tv\/2019\/estrategia-contra-adicciones-no-criminalizara-a-consumidores-presidencia\/","og_locale":"es_ES","og_type":"article","og_title":"Estrategia contra Adicciones no criminalizar\u00e1 a consumidores: Presidencia - Canal 7 SLP - 2019","og_description":"M\u00e9xico.- El coordinador general de Comunicaci\u00f3n Social de la Presidencia de la Rep\u00fablica, Jes\u00fas Ram\u00edrez Cuevas, aclar\u00f3 que la Estrategia Nacional contra las Adicciones no contempla ning\u00fan acto punitivo, ex\u00e1menes antidoping, ni mucho menos criminalizar o estigmatizar a los consumidores, sino prevenir. \u201cEn la Estrategia Nacional contra las Adicciones el \u00e9nfasis est\u00e1 en las personas, [&hellip;]","og_url":"https:\/\/canal7slp.tv\/2019\/estrategia-contra-adicciones-no-criminalizara-a-consumidores-presidencia\/","og_site_name":"Canal 7 SLP - 2019","article_publisher":"https:\/\/www.facebook.com\/CANAL7SLP\/","article_published_time":"2019-07-23T18:30:16+00:00","og_image":[{"width":659,"height":410,"url":"https:\/\/canal7slp.tv\/2019\/wp-content\/uploads\/2019\/07\/09-15.jpg","type":"image\/jpeg"}],"author":"edicionweb","twitter_card":"summary_large_image","twitter_creator":"@canal7_slp","twitter_site":"@canal7_slp","twitter_misc":{"Escrito por":"edicionweb","Tiempo de lectura":"2 minutos"},"schema":{"@context":"https:\/\/schema.org","@graph":[{"@type":"Article","@id":"https:\/\/canal7slp.tv\/2019\/estrategia-contra-adicciones-no-criminalizara-a-consumidores-presidencia\/#article","isPartOf":{"@id":"https:\/\/canal7slp.tv\/2019\/estrategia-contra-adicciones-no-criminalizara-a-consumidores-presidencia\/"},"author":{"name":"edicionweb","@id":"https:\/\/canal7slp.tv\/2019\/#\/schema\/person\/11d941c1c6ca30ac0a46b95fa37aa2e3"},"headline":"Estrategia contra Adicciones no criminalizar\u00e1 a consumidores: Presidencia","datePublished":"2019-07-23T18:30:16+00:00","mainEntityOfPage":{"@id":"https:\/\/canal7slp.tv\/2019\/estrategia-contra-adicciones-no-criminalizara-a-consumidores-presidencia\/"},"wordCount":395,"commentCount":0,"publisher":{"@id":"https:\/\/canal7slp.tv\/2019\/#organization"},"image":{"@id":"https:\/\/canal7slp.tv\/2019\/estrategia-contra-adicciones-no-criminalizara-a-consumidores-presidencia\/#primaryimage"},"thumbnailUrl":"https:\/\/canal7slp.tv\/2019\/wp-content\/uploads\/2019\/07\/09-15.jpg","articleSection":["NACIONAL"],"inLanguage":"es","potentialAction":[{"@type":"CommentAction","name":"Comment","target":["https:\/\/canal7slp.tv\/2019\/estrategia-contra-adicciones-no-criminalizara-a-consumidores-presidencia\/#respond"]}]},{"@type":"WebPage","@id":"https:\/\/canal7slp.tv\/2019\/estrategia-contra-adicciones-no-criminalizara-a-consumidores-presidencia\/","url":"https:\/\/canal7slp.tv\/2019\/estrategia-contra-adicciones-no-criminalizara-a-consumidores-presidencia\/","name":"Estrategia contra Adicciones no criminalizar\u00e1 a consumidores: Presidencia - Canal 7 SLP - 2019","isPartOf":{"@id":"https:\/\/canal7slp.tv\/2019\/#website"},"primaryImageOfPage":{"@id":"https:\/\/canal7slp.tv\/2019\/estrategia-contra-adicciones-no-criminalizara-a-consumidores-presidencia\/#primaryimage"},"image":{"@id":"https:\/\/canal7slp.tv\/2019\/estrategia-contra-adicciones-no-criminalizara-a-consumidores-presidencia\/#primaryimage"},"thumbnailUrl":"https:\/\/canal7slp.tv\/2019\/wp-content\/uploads\/2019\/07\/09-15.jpg","datePublished":"2019-07-23T18:30:16+00:00","breadcrumb":{"@id":"https:\/\/canal7slp.tv\/2019\/estrategia-contra-adicciones-no-criminalizara-a-consumidores-presidencia\/#breadcrumb"},"inLanguage":"es","potentialAction":[{"@type":"ReadAction","target":["https:\/\/canal7slp.tv\/2019\/estrategia-contra-adicciones-no-criminalizara-a-consumidores-presidencia\/"]}]},{"@type":"ImageObject","inLanguage":"es","@id":"https:\/\/canal7slp.tv\/2019\/estrategia-contra-adicciones-no-criminalizara-a-consumidores-presidencia\/#primaryimage","url":"https:\/\/canal7slp.tv\/2019\/wp-content\/uploads\/2019\/07\/09-15.jpg","contentUrl":"https:\/\/canal7slp.tv\/2019\/wp-content\/uploads\/2019\/07\/09-15.jpg","width":659,"height":410},{"@type":"BreadcrumbList","@id":"https:\/\/canal7slp.tv\/2019\/estrategia-contra-adicciones-no-criminalizara-a-consumidores-presidencia\/#breadcrumb","itemListElement":[{"@type":"ListItem","position":1,"name":"Home","item":"https:\/\/canal7slp.tv\/2019\/"},{"@type":"ListItem","position":2,"name":"Estrategia contra Adicciones no criminalizar\u00e1 a consumidores: Presidencia"}]},{"@type":"WebSite","@id":"https:\/\/canal7slp.tv\/2019\/#website","url":"https:\/\/canal7slp.tv\/2019\/","name":"Canal 7 SLP - Somos TV","description":"Somos un Canal de 10","publisher":{"@id":"https:\/\/canal7slp.tv\/2019\/#organization"},"potentialAction":[{"@type":"SearchAction","target":{"@type":"EntryPoint","urlTemplate":"https:\/\/canal7slp.tv\/2019\/?s={search_term_string}"},"query-input":{"@type":"PropertyValueSpecification","valueRequired":true,"valueName":"search_term_string"}}],"inLanguage":"es"},{"@type":"Organization","@id":"https:\/\/canal7slp.tv\/2019\/#organization","name":"Comunicaci\u00f3n 2000 S.A. de C.V.","url":"https:\/\/canal7slp.tv\/2019\/","logo":{"@type":"ImageObject","inLanguage":"es","@id":"https:\/\/canal7slp.tv\/2019\/#\/schema\/logo\/image\/","url":"https:\/\/canal7slp.tv\/2019\/wp-content\/uploads\/2019\/07\/logo-c7.png","contentUrl":"https:\/\/canal7slp.tv\/2019\/wp-content\/uploads\/2019\/07\/logo-c7.png","width":220,"height":60,"caption":"Comunicaci\u00f3n 2000 S.A. de C.V."},"image":{"@id":"https:\/\/canal7slp.tv\/2019\/#\/schema\/logo\/image\/"},"sameAs":["https:\/\/www.facebook.com\/CANAL7SLP\/","https:\/\/x.com\/canal7_slp","https:\/\/www.instagram.com\/canal7_slp","https:\/\/www.youtube.com\/user\/NOTICIEROSCANAL7SLP\/"]},{"@type":"Person","@id":"https:\/\/canal7slp.tv\/2019\/#\/schema\/person\/11d941c1c6ca30ac0a46b95fa37aa2e3","name":"edicionweb","image":{"@type":"ImageObject","inLanguage":"es","@id":"https:\/\/secure.gravatar.com\/avatar\/eee448fc3f7164808013b816ba91ac7e43bbe82a70bebac296f8bc6f0addaa1a?s=96&d=mm&r=g","url":"https:\/\/secure.gravatar.com\/avatar\/eee448fc3f7164808013b816ba91ac7e43bbe82a70bebac296f8bc6f0addaa1a?s=96&d=mm&r=g","contentUrl":"https:\/\/secure.gravatar.com\/avatar\/eee448fc3f7164808013b816ba91ac7e43bbe82a70bebac296f8bc6f0addaa1a?s=96&d=mm&r=g","caption":"edicionweb"}}]}},"amp_enabled":true,"cmb2":{"video_ids_in_playlist":{"vid_p_videos":""},"video_ids_in_channel":{"vid_c_videos":""},"playlist_ids_in_channel":{"vid_c_playlists":""},"series_ids_in_channel":{"vid_c_series":""},"channel_images":{"vid_c_logo":"","vid_c_banner":""},"poster_feature_image":{"vid_m_poster_image":""},"gif_feature_image":{"vid_m_gif_image":""},"video_movie_settings":{"vid_m_director":"","vid_m_actor":"","vid_m_imdb_ratings":"","vid_m_amazon_associates":""},"vid_youtube_broadcasts_settings":{"vid_yb_broadcast_title":"","vid_yb_q":"","vid_yb_channelid":"","vid_yb_videocategoryid":"","vid_yb_maxresults":"","vid_yb_order":"","vid_yb_regioncode":"","vid_yb_videosyndicated":"","vid_yb_style":"","vid_yb_reload_first":""},"video_series_settings":{"vid_m_director":"","vid_m_actor":"","vid_m_imdb_ratings":"","video_series_group":""},"amazon_associates_settings":{"amazon_associates":"","amazon_native_ad":""},"vid_youtube_automatic_settings":{"vid_ya_youtube_source":"","vid_ya_update_every":"","vid_ya_update_unit":"","vid_ya_categories":"","vid_ya_published_after":"","vid_ya_published_before":"","vid_ya_playlists":"","vid_ya_channels":"","vid_ya_director":"","vid_ya_actor":"","vid_ya_author":"","vid_ya_import_post_date":"","vid_ya_status":"","vid_ya_sub_api_key":""},"vid_ads_m_videoads_settings_post":{"vid_ads_m_video_ads":"","vid_ads_m_video_ads_type":"","vid_ads_m_group_google_ima":"","vid_ads_m_group_image":"","vid_ads_m_group_html5_video":"","vid_ads_m_group_html":"","vid_ads_m_vast_preroll":"","vid_ads_m_vast_postroll":"","vid_ads_m_vast_pauseroll":"","vid_ads_m_vast_midroll":[{"vid_ads_m_vast_timer_seconds":"50"}],"vid_ads_m_time_to_show_ads":"","vid_ads_m_time_skip_ads":"","vid_ads_m_time_to_hide_ads":""},"page_slider_settings":{"display_slider_group":"","page_slider_group":""},"blog_page_settings":{"blog_page_title":"","blog_page_heading":"","blog_page_ic":"","blog_page_it":"","blog_page_ec":"","blog_page_ip":"","archive_loop_style":"","blog_image_ratio":"","blog_show_categories":"","blog_show_excerpt":"","blog_show_author":"","blog_show_date":"","blog_show_comment_count":"","blog_show_view_count":"","blog_show_like_count":"","blog_show_dislike_count":"","blog_items_per_page":"","blog_pag_type":""},"page_options":{"get_page_template":"","color_mode":"","main_layout":"","main_layout_full_with":"","main_logo":"","main_logo_retina":"","main_logo_mobile":"","main_logo_mobile_retina":"","sticky_logo":"","sticky_logo_retina":"","main_nav_layout":"","ajax_search":"","header_background":"","theme_sidebar":"","instagram_feed":"","instagram_feed_position":"","popular_videos":"","popular_videos_title_1":"","popular_videos_title_2":"","popular_videos_ic":"","popular_videos_it":"","theme_background":"","page_custom_css":""},"feature_image_settings":{"feature_image_position":""},"video_player_settings":{"single_video_style":"","video_player_position":"","vm_video_url":"","video_player_library":"","video_streaming":"","vm_media_sources":"","vid_auto_play":"","vm_video_shortcode":"","vid_p_sync_playlist":"","vid_c_sync_channel":"","get_post_format":"","multiple_links_structure":"default","multi_links_title":"","vm_video_multi_links":"","vm_duration":"","vid_social_locker":"off","vid_social_locker_id":"","vid_membership_action":"content-video","vm_video_trailer_url":"","vid_download_type":"free","vid_download_target":"download","vid_woo_product":"","vm_media_download":"","user_rating":"","user_rating_position":"","user_rating_mode":"","user_rating_multi_sets":""},"video_auto_fetch_settings":{"vm_video_fetch":"on"},"video_fake_views_likes":{"vm_fake_views":"","vm_fake_likes":"","vm_fake_dislikes":""},"gallery_settings":{"gallery_position":""},"quote_settings":{"quote_position":""},"post_options":{"main_layout":"","main_logo":"","main_logo_retina":"","main_logo_mobile":"","main_logo_mobile_retina":"","sticky_logo":"","sticky_logo_retina":"","main_nav_layout":"","header_background":"","theme_sidebar":"","single_post_comment_type":"","theme_background":""}},"_links":{"self":[{"href":"https:\/\/canal7slp.tv\/2019\/wp-json\/wp\/v2\/posts\/37545","targetHints":{"allow":["GET"]}}],"collection":[{"href":"https:\/\/canal7slp.tv\/2019\/wp-json\/wp\/v2\/posts"}],"about":[{"href":"https:\/\/canal7slp.tv\/2019\/wp-json\/wp\/v2\/types\/post"}],"author":[{"embeddable":true,"href":"https:\/\/canal7slp.tv\/2019\/wp-json\/wp\/v2\/users\/2"}],"replies":[{"embeddable":true,"href":"https:\/\/canal7slp.tv\/2019\/wp-json\/wp\/v2\/comments?post=37545"}],"version-history":[{"count":0,"href":"https:\/\/canal7slp.tv\/2019\/wp-json\/wp\/v2\/posts\/37545\/revisions"}],"wp:featuredmedia":[{"embeddable":true,"href":"https:\/\/canal7slp.tv\/2019\/wp-json\/wp\/v2\/media\/37547"}],"wp:attachment":[{"href":"https:\/\/canal7slp.tv\/2019\/wp-json\/wp\/v2\/media?parent=37545"}],"wp:term":[{"taxonomy":"category","embeddable":true,"href":"https:\/\/canal7slp.tv\/2019\/wp-json\/wp\/v2\/categories?post=37545"},{"taxonomy":"post_tag","embeddable":true,"href":"https:\/\/canal7slp.tv\/2019\/wp-json\/wp\/v2\/tags?post=37545"}],"curies":[{"name":"wp","href":"https:\/\/api.w.org\/{rel}","templated":true}]}}