{"id":36969,"date":"2019-07-22T13:40:08","date_gmt":"2019-07-22T18:40:08","guid":{"rendered":"https:\/\/canal7slp.tv\/2019\/?p=36969"},"modified":"2019-07-22T13:40:08","modified_gmt":"2019-07-22T18:40:08","slug":"grupo-mexico-niega-danos-ambientales-por-derrame-en-guaymas","status":"publish","type":"post","link":"https:\/\/canal7slp.tv\/2019\/grupo-mexico-niega-danos-ambientales-por-derrame-en-guaymas\/","title":{"rendered":"Grupo M\u00e9xico niega da\u00f1os ambientales por derrame en Guaymas"},"content":{"rendered":"<p style=\"text-align: justify;\">M\u00e9xico.- Grupo M\u00e9xico (BMV:GMEXICO) consider\u00f3 que los\u00a0 decesos de la poblaci\u00f3n marina, como se dufundi\u00f3 en redes sociales, no est\u00e1n relacionados en forma alguna con el incidente ocurrido, a principios de julio, en su Terminal Mar\u00edtima de Guaymas, Sonora.<\/p>\n<p style=\"text-align: justify;\">En informaci\u00f3n enviada a la Bolsa Mexicana de Valores (BMV), la empresa se\u00f1al\u00f3 que un oficio emitido el pasado 15 de julio por la Secretar\u00eda de Marina, autoridad competente en materia de vertidos al mar, se precis\u00f3 que no se detectaron evidencias de da\u00f1os ambientales.<\/p>\n<p style=\"text-align: justify;\">Por lo que respecto a los 22 supuestos impactos ambientales a los que hizo referencia la Secretar\u00eda de Medio Ambiente y Recursos Naturales (Semarnat) s\u00f3lo dos son atribuibles a la compa\u00f1\u00eda en su m\u00e1s de 50 a\u00f1os de operaci\u00f3n (Guaymas y Rio Sonora), pero ambos han sido remediados en su totalidad.<\/p>\n<p style=\"text-align: justify;\">Precis\u00f3 que 18 de los 22 casos, difundidos previamente por la organizaci\u00f3n no gubernamental PODER, son falsos o tienen imprecisiones y dos fueron antes de que Grupo M\u00e9xico fuera due\u00f1o de dichas instalaciones a las que se hace referencia.<\/p>\n<p style=\"text-align: justify;\">La compa\u00f1\u00eda minera record\u00f3 que el pasado 9 de julio, dentro del recinto portuario industrial, durante la limpieza rutinaria de las tuber\u00edas se present\u00f3 un incidente que ocasion\u00f3 la liberaci\u00f3n de aproximadamente tres metros c\u00fabicos de \u00e1cido sulf\u00farico al mar de la zona portuaria.<\/p>\n<p style=\"text-align: justify;\">Sin embargo, por tratarse de una cantidad reducida, equivalente a 1.2 tinacos de uso dom\u00e9stico, su diluci\u00f3n se dio muy r\u00e1pidamente en una bah\u00eda que tiene aproximadamente 33 millones de metros c\u00fabicos de agua salina.<\/p>\n<p style=\"text-align: justify;\">Adem\u00e1s, el \u00e1cido sulf\u00farico, al entrar en contacto con las condiciones alcalinas del mar se neutraliz\u00f3 de forma natural, lo cual hizo que la liberaci\u00f3n fuera inofensiva, por lo que se determin\u00f3 que no hubo afectaci\u00f3n a la flora ni a la fauna de la zona portuaria de acuerdo con el informe de la Secretar\u00eda de Marina (Semar).<\/p>\n<p style=\"text-align: justify;\">Subray\u00f3 que se atendi\u00f3 inmediatamente el incidente y se notific\u00f3 a la Administraci\u00f3n Portuaria Integral (API) de Guaymas, a la Semar y a Protecci\u00f3n Civil de Guaymas, autoridades que se presentaron en el lugar, evaluaron el sitio y constataron que la situaci\u00f3n hab\u00eda sido debidamente atendida y controlada.<\/p>\n<p style=\"text-align: justify;\">Asimismo, se notific\u00f3 en tiempo y forma a la Procuradur\u00eda Federal de Protecci\u00f3n al Medio Ambiente (Profepa), por lo que el 10 de julio el organismo realiz\u00f3 una visita de inspecci\u00f3n y concluy\u00f3 que se ejecutaron las medidas inmediatas para contener los materiales liberados.<\/p>\n<p style=\"text-align: justify;\">De ah\u00ed que la Semar determin\u00f3 que no se detectaron evidencias de da\u00f1os ambientales.<\/p>\n","protected":false},"excerpt":{"rendered":"<p>M\u00e9xico.- Grupo M\u00e9xico (BMV:GMEXICO) consider\u00f3 que los\u00a0 decesos de la poblaci\u00f3n marina, como se dufundi\u00f3 en redes sociales, no est\u00e1n relacionados en forma alguna con el incidente ocurrido, a principios de julio, en su Terminal Mar\u00edtima de Guaymas, Sonora. En informaci\u00f3n enviada a la Bolsa Mexicana de Valores (BMV), la empresa se\u00f1al\u00f3 que un oficio [&hellip;]<\/p>\n","protected":false},"author":2,"featured_media":36971,"comment_status":"open","ping_status":"closed","sticky":false,"template":"","format":"standard","meta":{"footnotes":""},"categories":[98],"tags":[],"class_list":["post-36969","post","type-post","status-publish","format-standard","has-post-thumbnail","hentry","category-finanzas"],"yoast_head":"<!-- This site is optimized with the Yoast SEO plugin v27.5 - https:\/\/yoast.com\/product\/yoast-seo-wordpress\/ -->\n<title>Grupo M\u00e9xico niega da\u00f1os ambientales por derrame en Guaymas - Canal 7 SLP - 2019<\/title>\n<meta name=\"robots\" content=\"index, follow, max-snippet:-1, max-image-preview:large, max-video-preview:-1\" \/>\n<link rel=\"canonical\" href=\"https:\/\/canal7slp.tv\/2019\/grupo-mexico-niega-danos-ambientales-por-derrame-en-guaymas\/\" \/>\n<meta property=\"og:locale\" content=\"es_ES\" \/>\n<meta property=\"og:type\" content=\"article\" \/>\n<meta property=\"og:title\" content=\"Grupo M\u00e9xico niega da\u00f1os ambientales por derrame en Guaymas - Canal 7 SLP - 2019\" \/>\n<meta property=\"og:description\" content=\"M\u00e9xico.- Grupo M\u00e9xico (BMV:GMEXICO) consider\u00f3 que los\u00a0 decesos de la poblaci\u00f3n marina, como se dufundi\u00f3 en redes sociales, no est\u00e1n relacionados en forma alguna con el incidente ocurrido, a principios de julio, en su Terminal Mar\u00edtima de Guaymas, Sonora. En informaci\u00f3n enviada a la Bolsa Mexicana de Valores (BMV), la empresa se\u00f1al\u00f3 que un oficio [&hellip;]\" \/>\n<meta property=\"og:url\" content=\"https:\/\/canal7slp.tv\/2019\/grupo-mexico-niega-danos-ambientales-por-derrame-en-guaymas\/\" \/>\n<meta property=\"og:site_name\" content=\"Canal 7 SLP - 2019\" \/>\n<meta property=\"article:publisher\" content=\"https:\/\/www.facebook.com\/CANAL7SLP\/\" \/>\n<meta property=\"article:published_time\" content=\"2019-07-22T18:40:08+00:00\" \/>\n<meta property=\"og:image\" content=\"https:\/\/canal7slp.tv\/2019\/wp-content\/uploads\/2019\/07\/15-13.jpg\" \/>\n\t<meta property=\"og:image:width\" content=\"674\" \/>\n\t<meta property=\"og:image:height\" content=\"410\" \/>\n\t<meta property=\"og:image:type\" content=\"image\/jpeg\" \/>\n<meta name=\"author\" content=\"edicionweb\" \/>\n<meta name=\"twitter:card\" content=\"summary_large_image\" \/>\n<meta name=\"twitter:creator\" content=\"@canal7_slp\" \/>\n<meta name=\"twitter:site\" content=\"@canal7_slp\" \/>\n<meta name=\"twitter:label1\" content=\"Escrito por\" \/>\n\t<meta name=\"twitter:data1\" content=\"edicionweb\" \/>\n\t<meta name=\"twitter:label2\" content=\"Tiempo de lectura\" \/>\n\t<meta name=\"twitter:data2\" content=\"2 minutos\" \/>\n<script type=\"application\/ld+json\" class=\"yoast-schema-graph\">{\"@context\":\"https:\\\/\\\/schema.org\",\"@graph\":[{\"@type\":\"Article\",\"@id\":\"https:\\\/\\\/canal7slp.tv\\\/2019\\\/grupo-mexico-niega-danos-ambientales-por-derrame-en-guaymas\\\/#article\",\"isPartOf\":{\"@id\":\"https:\\\/\\\/canal7slp.tv\\\/2019\\\/grupo-mexico-niega-danos-ambientales-por-derrame-en-guaymas\\\/\"},\"author\":{\"name\":\"edicionweb\",\"@id\":\"https:\\\/\\\/canal7slp.tv\\\/2019\\\/#\\\/schema\\\/person\\\/11d941c1c6ca30ac0a46b95fa37aa2e3\"},\"headline\":\"Grupo M\u00e9xico niega da\u00f1os ambientales por derrame en Guaymas\",\"datePublished\":\"2019-07-22T18:40:08+00:00\",\"mainEntityOfPage\":{\"@id\":\"https:\\\/\\\/canal7slp.tv\\\/2019\\\/grupo-mexico-niega-danos-ambientales-por-derrame-en-guaymas\\\/\"},\"wordCount\":462,\"commentCount\":0,\"publisher\":{\"@id\":\"https:\\\/\\\/canal7slp.tv\\\/2019\\\/#organization\"},\"image\":{\"@id\":\"https:\\\/\\\/canal7slp.tv\\\/2019\\\/grupo-mexico-niega-danos-ambientales-por-derrame-en-guaymas\\\/#primaryimage\"},\"thumbnailUrl\":\"https:\\\/\\\/canal7slp.tv\\\/2019\\\/wp-content\\\/uploads\\\/2019\\\/07\\\/15-13.jpg\",\"articleSection\":[\"FINANZAS\"],\"inLanguage\":\"es\",\"potentialAction\":[{\"@type\":\"CommentAction\",\"name\":\"Comment\",\"target\":[\"https:\\\/\\\/canal7slp.tv\\\/2019\\\/grupo-mexico-niega-danos-ambientales-por-derrame-en-guaymas\\\/#respond\"]}]},{\"@type\":\"WebPage\",\"@id\":\"https:\\\/\\\/canal7slp.tv\\\/2019\\\/grupo-mexico-niega-danos-ambientales-por-derrame-en-guaymas\\\/\",\"url\":\"https:\\\/\\\/canal7slp.tv\\\/2019\\\/grupo-mexico-niega-danos-ambientales-por-derrame-en-guaymas\\\/\",\"name\":\"Grupo M\u00e9xico niega da\u00f1os ambientales por derrame en Guaymas - Canal 7 SLP - 2019\",\"isPartOf\":{\"@id\":\"https:\\\/\\\/canal7slp.tv\\\/2019\\\/#website\"},\"primaryImageOfPage\":{\"@id\":\"https:\\\/\\\/canal7slp.tv\\\/2019\\\/grupo-mexico-niega-danos-ambientales-por-derrame-en-guaymas\\\/#primaryimage\"},\"image\":{\"@id\":\"https:\\\/\\\/canal7slp.tv\\\/2019\\\/grupo-mexico-niega-danos-ambientales-por-derrame-en-guaymas\\\/#primaryimage\"},\"thumbnailUrl\":\"https:\\\/\\\/canal7slp.tv\\\/2019\\\/wp-content\\\/uploads\\\/2019\\\/07\\\/15-13.jpg\",\"datePublished\":\"2019-07-22T18:40:08+00:00\",\"breadcrumb\":{\"@id\":\"https:\\\/\\\/canal7slp.tv\\\/2019\\\/grupo-mexico-niega-danos-ambientales-por-derrame-en-guaymas\\\/#breadcrumb\"},\"inLanguage\":\"es\",\"potentialAction\":[{\"@type\":\"ReadAction\",\"target\":[\"https:\\\/\\\/canal7slp.tv\\\/2019\\\/grupo-mexico-niega-danos-ambientales-por-derrame-en-guaymas\\\/\"]}]},{\"@type\":\"ImageObject\",\"inLanguage\":\"es\",\"@id\":\"https:\\\/\\\/canal7slp.tv\\\/2019\\\/grupo-mexico-niega-danos-ambientales-por-derrame-en-guaymas\\\/#primaryimage\",\"url\":\"https:\\\/\\\/canal7slp.tv\\\/2019\\\/wp-content\\\/uploads\\\/2019\\\/07\\\/15-13.jpg\",\"contentUrl\":\"https:\\\/\\\/canal7slp.tv\\\/2019\\\/wp-content\\\/uploads\\\/2019\\\/07\\\/15-13.jpg\",\"width\":674,\"height\":410},{\"@type\":\"BreadcrumbList\",\"@id\":\"https:\\\/\\\/canal7slp.tv\\\/2019\\\/grupo-mexico-niega-danos-ambientales-por-derrame-en-guaymas\\\/#breadcrumb\",\"itemListElement\":[{\"@type\":\"ListItem\",\"position\":1,\"name\":\"Home\",\"item\":\"https:\\\/\\\/canal7slp.tv\\\/2019\\\/\"},{\"@type\":\"ListItem\",\"position\":2,\"name\":\"Grupo M\u00e9xico niega da\u00f1os ambientales por derrame en Guaymas\"}]},{\"@type\":\"WebSite\",\"@id\":\"https:\\\/\\\/canal7slp.tv\\\/2019\\\/#website\",\"url\":\"https:\\\/\\\/canal7slp.tv\\\/2019\\\/\",\"name\":\"Canal 7 SLP - Somos TV\",\"description\":\"Somos un Canal de 10\",\"publisher\":{\"@id\":\"https:\\\/\\\/canal7slp.tv\\\/2019\\\/#organization\"},\"potentialAction\":[{\"@type\":\"SearchAction\",\"target\":{\"@type\":\"EntryPoint\",\"urlTemplate\":\"https:\\\/\\\/canal7slp.tv\\\/2019\\\/?s={search_term_string}\"},\"query-input\":{\"@type\":\"PropertyValueSpecification\",\"valueRequired\":true,\"valueName\":\"search_term_string\"}}],\"inLanguage\":\"es\"},{\"@type\":\"Organization\",\"@id\":\"https:\\\/\\\/canal7slp.tv\\\/2019\\\/#organization\",\"name\":\"Comunicaci\u00f3n 2000 S.A. de C.V.\",\"url\":\"https:\\\/\\\/canal7slp.tv\\\/2019\\\/\",\"logo\":{\"@type\":\"ImageObject\",\"inLanguage\":\"es\",\"@id\":\"https:\\\/\\\/canal7slp.tv\\\/2019\\\/#\\\/schema\\\/logo\\\/image\\\/\",\"url\":\"https:\\\/\\\/canal7slp.tv\\\/2019\\\/wp-content\\\/uploads\\\/2019\\\/07\\\/logo-c7.png\",\"contentUrl\":\"https:\\\/\\\/canal7slp.tv\\\/2019\\\/wp-content\\\/uploads\\\/2019\\\/07\\\/logo-c7.png\",\"width\":220,\"height\":60,\"caption\":\"Comunicaci\u00f3n 2000 S.A. de C.V.\"},\"image\":{\"@id\":\"https:\\\/\\\/canal7slp.tv\\\/2019\\\/#\\\/schema\\\/logo\\\/image\\\/\"},\"sameAs\":[\"https:\\\/\\\/www.facebook.com\\\/CANAL7SLP\\\/\",\"https:\\\/\\\/x.com\\\/canal7_slp\",\"https:\\\/\\\/www.instagram.com\\\/canal7_slp\",\"https:\\\/\\\/www.youtube.com\\\/user\\\/NOTICIEROSCANAL7SLP\\\/\"]},{\"@type\":\"Person\",\"@id\":\"https:\\\/\\\/canal7slp.tv\\\/2019\\\/#\\\/schema\\\/person\\\/11d941c1c6ca30ac0a46b95fa37aa2e3\",\"name\":\"edicionweb\",\"image\":{\"@type\":\"ImageObject\",\"inLanguage\":\"es\",\"@id\":\"https:\\\/\\\/secure.gravatar.com\\\/avatar\\\/eee448fc3f7164808013b816ba91ac7e43bbe82a70bebac296f8bc6f0addaa1a?s=96&d=mm&r=g\",\"url\":\"https:\\\/\\\/secure.gravatar.com\\\/avatar\\\/eee448fc3f7164808013b816ba91ac7e43bbe82a70bebac296f8bc6f0addaa1a?s=96&d=mm&r=g\",\"contentUrl\":\"https:\\\/\\\/secure.gravatar.com\\\/avatar\\\/eee448fc3f7164808013b816ba91ac7e43bbe82a70bebac296f8bc6f0addaa1a?s=96&d=mm&r=g\",\"caption\":\"edicionweb\"}}]}<\/script>\n<!-- \/ Yoast SEO plugin. -->","yoast_head_json":{"title":"Grupo M\u00e9xico niega da\u00f1os ambientales por derrame en Guaymas - Canal 7 SLP - 2019","robots":{"index":"index","follow":"follow","max-snippet":"max-snippet:-1","max-image-preview":"max-image-preview:large","max-video-preview":"max-video-preview:-1"},"canonical":"https:\/\/canal7slp.tv\/2019\/grupo-mexico-niega-danos-ambientales-por-derrame-en-guaymas\/","og_locale":"es_ES","og_type":"article","og_title":"Grupo M\u00e9xico niega da\u00f1os ambientales por derrame en Guaymas - Canal 7 SLP - 2019","og_description":"M\u00e9xico.- Grupo M\u00e9xico (BMV:GMEXICO) consider\u00f3 que los\u00a0 decesos de la poblaci\u00f3n marina, como se dufundi\u00f3 en redes sociales, no est\u00e1n relacionados en forma alguna con el incidente ocurrido, a principios de julio, en su Terminal Mar\u00edtima de Guaymas, Sonora. En informaci\u00f3n enviada a la Bolsa Mexicana de Valores (BMV), la empresa se\u00f1al\u00f3 que un oficio [&hellip;]","og_url":"https:\/\/canal7slp.tv\/2019\/grupo-mexico-niega-danos-ambientales-por-derrame-en-guaymas\/","og_site_name":"Canal 7 SLP - 2019","article_publisher":"https:\/\/www.facebook.com\/CANAL7SLP\/","article_published_time":"2019-07-22T18:40:08+00:00","og_image":[{"width":674,"height":410,"url":"https:\/\/canal7slp.tv\/2019\/wp-content\/uploads\/2019\/07\/15-13.jpg","type":"image\/jpeg"}],"author":"edicionweb","twitter_card":"summary_large_image","twitter_creator":"@canal7_slp","twitter_site":"@canal7_slp","twitter_misc":{"Escrito por":"edicionweb","Tiempo de lectura":"2 minutos"},"schema":{"@context":"https:\/\/schema.org","@graph":[{"@type":"Article","@id":"https:\/\/canal7slp.tv\/2019\/grupo-mexico-niega-danos-ambientales-por-derrame-en-guaymas\/#article","isPartOf":{"@id":"https:\/\/canal7slp.tv\/2019\/grupo-mexico-niega-danos-ambientales-por-derrame-en-guaymas\/"},"author":{"name":"edicionweb","@id":"https:\/\/canal7slp.tv\/2019\/#\/schema\/person\/11d941c1c6ca30ac0a46b95fa37aa2e3"},"headline":"Grupo M\u00e9xico niega da\u00f1os ambientales por derrame en Guaymas","datePublished":"2019-07-22T18:40:08+00:00","mainEntityOfPage":{"@id":"https:\/\/canal7slp.tv\/2019\/grupo-mexico-niega-danos-ambientales-por-derrame-en-guaymas\/"},"wordCount":462,"commentCount":0,"publisher":{"@id":"https:\/\/canal7slp.tv\/2019\/#organization"},"image":{"@id":"https:\/\/canal7slp.tv\/2019\/grupo-mexico-niega-danos-ambientales-por-derrame-en-guaymas\/#primaryimage"},"thumbnailUrl":"https:\/\/canal7slp.tv\/2019\/wp-content\/uploads\/2019\/07\/15-13.jpg","articleSection":["FINANZAS"],"inLanguage":"es","potentialAction":[{"@type":"CommentAction","name":"Comment","target":["https:\/\/canal7slp.tv\/2019\/grupo-mexico-niega-danos-ambientales-por-derrame-en-guaymas\/#respond"]}]},{"@type":"WebPage","@id":"https:\/\/canal7slp.tv\/2019\/grupo-mexico-niega-danos-ambientales-por-derrame-en-guaymas\/","url":"https:\/\/canal7slp.tv\/2019\/grupo-mexico-niega-danos-ambientales-por-derrame-en-guaymas\/","name":"Grupo M\u00e9xico niega da\u00f1os ambientales por derrame en Guaymas - Canal 7 SLP - 2019","isPartOf":{"@id":"https:\/\/canal7slp.tv\/2019\/#website"},"primaryImageOfPage":{"@id":"https:\/\/canal7slp.tv\/2019\/grupo-mexico-niega-danos-ambientales-por-derrame-en-guaymas\/#primaryimage"},"image":{"@id":"https:\/\/canal7slp.tv\/2019\/grupo-mexico-niega-danos-ambientales-por-derrame-en-guaymas\/#primaryimage"},"thumbnailUrl":"https:\/\/canal7slp.tv\/2019\/wp-content\/uploads\/2019\/07\/15-13.jpg","datePublished":"2019-07-22T18:40:08+00:00","breadcrumb":{"@id":"https:\/\/canal7slp.tv\/2019\/grupo-mexico-niega-danos-ambientales-por-derrame-en-guaymas\/#breadcrumb"},"inLanguage":"es","potentialAction":[{"@type":"ReadAction","target":["https:\/\/canal7slp.tv\/2019\/grupo-mexico-niega-danos-ambientales-por-derrame-en-guaymas\/"]}]},{"@type":"ImageObject","inLanguage":"es","@id":"https:\/\/canal7slp.tv\/2019\/grupo-mexico-niega-danos-ambientales-por-derrame-en-guaymas\/#primaryimage","url":"https:\/\/canal7slp.tv\/2019\/wp-content\/uploads\/2019\/07\/15-13.jpg","contentUrl":"https:\/\/canal7slp.tv\/2019\/wp-content\/uploads\/2019\/07\/15-13.jpg","width":674,"height":410},{"@type":"BreadcrumbList","@id":"https:\/\/canal7slp.tv\/2019\/grupo-mexico-niega-danos-ambientales-por-derrame-en-guaymas\/#breadcrumb","itemListElement":[{"@type":"ListItem","position":1,"name":"Home","item":"https:\/\/canal7slp.tv\/2019\/"},{"@type":"ListItem","position":2,"name":"Grupo M\u00e9xico niega da\u00f1os ambientales por derrame en Guaymas"}]},{"@type":"WebSite","@id":"https:\/\/canal7slp.tv\/2019\/#website","url":"https:\/\/canal7slp.tv\/2019\/","name":"Canal 7 SLP - Somos TV","description":"Somos un Canal de 10","publisher":{"@id":"https:\/\/canal7slp.tv\/2019\/#organization"},"potentialAction":[{"@type":"SearchAction","target":{"@type":"EntryPoint","urlTemplate":"https:\/\/canal7slp.tv\/2019\/?s={search_term_string}"},"query-input":{"@type":"PropertyValueSpecification","valueRequired":true,"valueName":"search_term_string"}}],"inLanguage":"es"},{"@type":"Organization","@id":"https:\/\/canal7slp.tv\/2019\/#organization","name":"Comunicaci\u00f3n 2000 S.A. de C.V.","url":"https:\/\/canal7slp.tv\/2019\/","logo":{"@type":"ImageObject","inLanguage":"es","@id":"https:\/\/canal7slp.tv\/2019\/#\/schema\/logo\/image\/","url":"https:\/\/canal7slp.tv\/2019\/wp-content\/uploads\/2019\/07\/logo-c7.png","contentUrl":"https:\/\/canal7slp.tv\/2019\/wp-content\/uploads\/2019\/07\/logo-c7.png","width":220,"height":60,"caption":"Comunicaci\u00f3n 2000 S.A. de C.V."},"image":{"@id":"https:\/\/canal7slp.tv\/2019\/#\/schema\/logo\/image\/"},"sameAs":["https:\/\/www.facebook.com\/CANAL7SLP\/","https:\/\/x.com\/canal7_slp","https:\/\/www.instagram.com\/canal7_slp","https:\/\/www.youtube.com\/user\/NOTICIEROSCANAL7SLP\/"]},{"@type":"Person","@id":"https:\/\/canal7slp.tv\/2019\/#\/schema\/person\/11d941c1c6ca30ac0a46b95fa37aa2e3","name":"edicionweb","image":{"@type":"ImageObject","inLanguage":"es","@id":"https:\/\/secure.gravatar.com\/avatar\/eee448fc3f7164808013b816ba91ac7e43bbe82a70bebac296f8bc6f0addaa1a?s=96&d=mm&r=g","url":"https:\/\/secure.gravatar.com\/avatar\/eee448fc3f7164808013b816ba91ac7e43bbe82a70bebac296f8bc6f0addaa1a?s=96&d=mm&r=g","contentUrl":"https:\/\/secure.gravatar.com\/avatar\/eee448fc3f7164808013b816ba91ac7e43bbe82a70bebac296f8bc6f0addaa1a?s=96&d=mm&r=g","caption":"edicionweb"}}]}},"amp_enabled":true,"cmb2":{"video_ids_in_playlist":{"vid_p_videos":""},"video_ids_in_channel":{"vid_c_videos":""},"playlist_ids_in_channel":{"vid_c_playlists":""},"series_ids_in_channel":{"vid_c_series":""},"channel_images":{"vid_c_logo":"","vid_c_banner":""},"poster_feature_image":{"vid_m_poster_image":""},"gif_feature_image":{"vid_m_gif_image":""},"video_movie_settings":{"vid_m_director":"","vid_m_actor":"","vid_m_imdb_ratings":"","vid_m_amazon_associates":""},"vid_youtube_broadcasts_settings":{"vid_yb_broadcast_title":"","vid_yb_q":"","vid_yb_channelid":"","vid_yb_videocategoryid":"","vid_yb_maxresults":"","vid_yb_order":"","vid_yb_regioncode":"","vid_yb_videosyndicated":"","vid_yb_style":"","vid_yb_reload_first":""},"video_series_settings":{"vid_m_director":"","vid_m_actor":"","vid_m_imdb_ratings":"","video_series_group":""},"amazon_associates_settings":{"amazon_associates":"","amazon_native_ad":""},"vid_youtube_automatic_settings":{"vid_ya_youtube_source":"","vid_ya_update_every":"","vid_ya_update_unit":"","vid_ya_categories":"","vid_ya_published_after":"","vid_ya_published_before":"","vid_ya_playlists":"","vid_ya_channels":"","vid_ya_director":"","vid_ya_actor":"","vid_ya_author":"","vid_ya_import_post_date":"","vid_ya_status":"","vid_ya_sub_api_key":""},"vid_ads_m_videoads_settings_post":{"vid_ads_m_video_ads":"","vid_ads_m_video_ads_type":"","vid_ads_m_group_google_ima":"","vid_ads_m_group_image":"","vid_ads_m_group_html5_video":"","vid_ads_m_group_html":"","vid_ads_m_vast_preroll":"","vid_ads_m_vast_postroll":"","vid_ads_m_vast_pauseroll":"","vid_ads_m_vast_midroll":[{"vid_ads_m_vast_timer_seconds":"50"}],"vid_ads_m_time_to_show_ads":"","vid_ads_m_time_skip_ads":"","vid_ads_m_time_to_hide_ads":""},"page_slider_settings":{"display_slider_group":"","page_slider_group":""},"blog_page_settings":{"blog_page_title":"","blog_page_heading":"","blog_page_ic":"","blog_page_it":"","blog_page_ec":"","blog_page_ip":"","archive_loop_style":"","blog_image_ratio":"","blog_show_categories":"","blog_show_excerpt":"","blog_show_author":"","blog_show_date":"","blog_show_comment_count":"","blog_show_view_count":"","blog_show_like_count":"","blog_show_dislike_count":"","blog_items_per_page":"","blog_pag_type":""},"page_options":{"get_page_template":"","color_mode":"","main_layout":"","main_layout_full_with":"","main_logo":"","main_logo_retina":"","main_logo_mobile":"","main_logo_mobile_retina":"","sticky_logo":"","sticky_logo_retina":"","main_nav_layout":"","ajax_search":"","header_background":"","theme_sidebar":"","instagram_feed":"","instagram_feed_position":"","popular_videos":"","popular_videos_title_1":"","popular_videos_title_2":"","popular_videos_ic":"","popular_videos_it":"","theme_background":"","page_custom_css":""},"feature_image_settings":{"feature_image_position":""},"video_player_settings":{"single_video_style":"","video_player_position":"","vm_video_url":"","video_player_library":"","video_streaming":"","vm_media_sources":"","vid_auto_play":"","vm_video_shortcode":"","vid_p_sync_playlist":"","vid_c_sync_channel":"","get_post_format":"","multiple_links_structure":"default","multi_links_title":"","vm_video_multi_links":"","vm_duration":"","vid_social_locker":"off","vid_social_locker_id":"","vid_membership_action":"content-video","vm_video_trailer_url":"","vid_download_type":"free","vid_download_target":"download","vid_woo_product":"","vm_media_download":"","user_rating":"","user_rating_position":"","user_rating_mode":"","user_rating_multi_sets":""},"video_auto_fetch_settings":{"vm_video_fetch":"on"},"video_fake_views_likes":{"vm_fake_views":"","vm_fake_likes":"","vm_fake_dislikes":""},"gallery_settings":{"gallery_position":""},"quote_settings":{"quote_position":""},"post_options":{"main_layout":"","main_logo":"","main_logo_retina":"","main_logo_mobile":"","main_logo_mobile_retina":"","sticky_logo":"","sticky_logo_retina":"","main_nav_layout":"","header_background":"","theme_sidebar":"","single_post_comment_type":"","theme_background":""}},"_links":{"self":[{"href":"https:\/\/canal7slp.tv\/2019\/wp-json\/wp\/v2\/posts\/36969","targetHints":{"allow":["GET"]}}],"collection":[{"href":"https:\/\/canal7slp.tv\/2019\/wp-json\/wp\/v2\/posts"}],"about":[{"href":"https:\/\/canal7slp.tv\/2019\/wp-json\/wp\/v2\/types\/post"}],"author":[{"embeddable":true,"href":"https:\/\/canal7slp.tv\/2019\/wp-json\/wp\/v2\/users\/2"}],"replies":[{"embeddable":true,"href":"https:\/\/canal7slp.tv\/2019\/wp-json\/wp\/v2\/comments?post=36969"}],"version-history":[{"count":0,"href":"https:\/\/canal7slp.tv\/2019\/wp-json\/wp\/v2\/posts\/36969\/revisions"}],"wp:featuredmedia":[{"embeddable":true,"href":"https:\/\/canal7slp.tv\/2019\/wp-json\/wp\/v2\/media\/36971"}],"wp:attachment":[{"href":"https:\/\/canal7slp.tv\/2019\/wp-json\/wp\/v2\/media?parent=36969"}],"wp:term":[{"taxonomy":"category","embeddable":true,"href":"https:\/\/canal7slp.tv\/2019\/wp-json\/wp\/v2\/categories?post=36969"},{"taxonomy":"post_tag","embeddable":true,"href":"https:\/\/canal7slp.tv\/2019\/wp-json\/wp\/v2\/tags?post=36969"}],"curies":[{"name":"wp","href":"https:\/\/api.w.org\/{rel}","templated":true}]}}