{"id":36964,"date":"2019-07-22T13:31:18","date_gmt":"2019-07-22T18:31:18","guid":{"rendered":"https:\/\/canal7slp.tv\/2019\/?p=36964"},"modified":"2019-07-22T13:31:18","modified_gmt":"2019-07-22T18:31:18","slug":"llegaran-mas-de-mil-500-periodistas-a-lima-2019","status":"publish","type":"post","link":"https:\/\/canal7slp.tv\/2019\/llegaran-mas-de-mil-500-periodistas-a-lima-2019\/","title":{"rendered":"Llegar\u00e1n m\u00e1s de mil 500 periodistas a Lima 2019"},"content":{"rendered":"<p style=\"text-align: justify;\">Lima.- El Centro Principal de Prensa (MPC, por sus siglas en ingl\u00e9s) abri\u00f3 sus puertas en el Lima Centro de Convenciones (LCC) para recibir a los m\u00e1s de mil 500 periodistas de todo el mundo que est\u00e1n debidamente acreditados para cubrir las incidencias de los Juegos Panamericanos y Parapanamericanos Lima 2019.<\/p>\n<p style=\"text-align: justify;\">\u201cLa prensa nacional e internacional que cubrir\u00e1 los Juegos Panamericanos cuentan ya con espectaculares condiciones para realizar su trabajo en el Centro Principal de Prensa\u201d, asegur\u00f3 el director de Comunicaciones, Comercializaci\u00f3n y Mercadotecnia de Lima 2019, Juan Antonio Silva.<\/p>\n<p style=\"text-align: justify;\">El coraz\u00f3n de la prensa<\/p>\n<p style=\"text-align: justify;\">\u201cEl MPC cuenta con una sala con capacidad para recibir a 200 periodistas de los diferentes medios de comunicaci\u00f3n impresos y digitales de todo el mundo y 100 reporteros gr\u00e1ficos. Adem\u00e1s, existen dos salas de trabajo dedicadas, una de estas al servicio de las agencias de noticias internacionales y la otra est\u00e1 asignada a las delegaciones de prensa oficial de los comit\u00e9s ol\u00edmpicos nacionales. Son puestos de trabajo con todos los servicios\u201d, asegur\u00f3.<\/p>\n<p style=\"text-align: justify;\">Las instalaciones poseen conexiones a Internet, wifi, enchufes y se facilitar\u00e1n 160 lockers para los fot\u00f3grafos, quienes adem\u00e1s contar\u00e1n con el soporte t\u00e9cnico para la reparaci\u00f3n o mantenimiento de sus equipos fotogr\u00e1ficos.<\/p>\n<p style=\"text-align: justify;\">\u201cEn el International Broadcast Centre (IBC), que es el centro neur\u00e1lgico de la producci\u00f3n televisiva de los Juegos, se encuentran los estudios de producci\u00f3n de las cadenas televisivas m\u00e1s importantes del mundo, como Televisa de M\u00e9xico, Torneos y Competencias de Argentina, ESPN de Estados Unidos\u201d, coment\u00f3.<\/p>\n<p style=\"text-align: justify;\">El directivo agreg\u00f3 que \u201ccon estas transmisiones se asegura que ser\u00e1n 400 millones de personas las que seguir\u00e1n estas competencias, las ceremonias de inauguraci\u00f3n y clausura de los Panamericanos y Parapanamericanos, as\u00ed como el programa cultural\u201d.<\/p>\n<p style=\"text-align: justify;\">La infraestructura del MPC cuenta adem\u00e1s con dos salas de conferencias de prensa, que ser\u00e1n puestas a disposici\u00f3n de los medios de comunicaci\u00f3n por el Comit\u00e9 Organizador de Lima 2019 (COPAL).<\/p>\n<p style=\"text-align: justify;\">Una de las salas cuenta con capacidad para 250 personas y tiene servicios de audio y video, as\u00ed como traducci\u00f3n simult\u00e1nea; mientras que la otra es para\u00a0100, con todos los equipos mencionados y servicios de traducci\u00f3n consecutiva. Ambas \u00e1reas tienen plataformas para las transmisiones televisivas.<\/p>\n<p style=\"text-align: justify;\">Pero para que los reporteros y fot\u00f3grafos acreditados realicen de mejor manera su trabajo, el MPC contar\u00e1 con un restaurante para la prensa. Y se habilitar\u00e1 el traslado de periodistas hacia y desde las sedes de competencia, aeropuerto internacional Jorge Ch\u00e1vez y hoteles.<\/p>\n","protected":false},"excerpt":{"rendered":"<p>Lima.- El Centro Principal de Prensa (MPC, por sus siglas en ingl\u00e9s) abri\u00f3 sus puertas en el Lima Centro de Convenciones (LCC) para recibir a los m\u00e1s de mil 500 periodistas de todo el mundo que est\u00e1n debidamente acreditados para cubrir las incidencias de los Juegos Panamericanos y Parapanamericanos Lima 2019. \u201cLa prensa nacional e [&hellip;]<\/p>\n","protected":false},"author":2,"featured_media":36966,"comment_status":"open","ping_status":"closed","sticky":false,"template":"","format":"standard","meta":{"footnotes":""},"categories":[96],"tags":[],"class_list":["post-36964","post","type-post","status-publish","format-standard","has-post-thumbnail","hentry","category-deportes"],"yoast_head":"<!-- This site is optimized with the Yoast SEO plugin v27.5 - https:\/\/yoast.com\/product\/yoast-seo-wordpress\/ -->\n<title>Llegar\u00e1n m\u00e1s de mil 500 periodistas a Lima 2019 - Canal 7 SLP - 2019<\/title>\n<meta name=\"robots\" content=\"index, follow, max-snippet:-1, max-image-preview:large, max-video-preview:-1\" \/>\n<link rel=\"canonical\" href=\"https:\/\/canal7slp.tv\/2019\/llegaran-mas-de-mil-500-periodistas-a-lima-2019\/\" \/>\n<meta property=\"og:locale\" content=\"es_ES\" \/>\n<meta property=\"og:type\" content=\"article\" \/>\n<meta property=\"og:title\" content=\"Llegar\u00e1n m\u00e1s de mil 500 periodistas a Lima 2019 - Canal 7 SLP - 2019\" \/>\n<meta property=\"og:description\" content=\"Lima.- El Centro Principal de Prensa (MPC, por sus siglas en ingl\u00e9s) abri\u00f3 sus puertas en el Lima Centro de Convenciones (LCC) para recibir a los m\u00e1s de mil 500 periodistas de todo el mundo que est\u00e1n debidamente acreditados para cubrir las incidencias de los Juegos Panamericanos y Parapanamericanos Lima 2019. \u201cLa prensa nacional e [&hellip;]\" \/>\n<meta property=\"og:url\" content=\"https:\/\/canal7slp.tv\/2019\/llegaran-mas-de-mil-500-periodistas-a-lima-2019\/\" \/>\n<meta property=\"og:site_name\" content=\"Canal 7 SLP - 2019\" \/>\n<meta property=\"article:publisher\" content=\"https:\/\/www.facebook.com\/CANAL7SLP\/\" \/>\n<meta property=\"article:published_time\" content=\"2019-07-22T18:31:18+00:00\" \/>\n<meta property=\"og:image\" content=\"https:\/\/canal7slp.tv\/2019\/wp-content\/uploads\/2019\/07\/14-11.jpg\" \/>\n\t<meta property=\"og:image:width\" content=\"721\" \/>\n\t<meta property=\"og:image:height\" content=\"410\" \/>\n\t<meta property=\"og:image:type\" content=\"image\/jpeg\" \/>\n<meta name=\"author\" content=\"edicionweb\" \/>\n<meta name=\"twitter:card\" content=\"summary_large_image\" \/>\n<meta name=\"twitter:creator\" content=\"@canal7_slp\" \/>\n<meta name=\"twitter:site\" content=\"@canal7_slp\" \/>\n<meta name=\"twitter:label1\" content=\"Escrito por\" \/>\n\t<meta name=\"twitter:data1\" content=\"edicionweb\" \/>\n\t<meta name=\"twitter:label2\" content=\"Tiempo de lectura\" \/>\n\t<meta name=\"twitter:data2\" content=\"2 minutos\" \/>\n<script type=\"application\/ld+json\" class=\"yoast-schema-graph\">{\"@context\":\"https:\\\/\\\/schema.org\",\"@graph\":[{\"@type\":\"Article\",\"@id\":\"https:\\\/\\\/canal7slp.tv\\\/2019\\\/llegaran-mas-de-mil-500-periodistas-a-lima-2019\\\/#article\",\"isPartOf\":{\"@id\":\"https:\\\/\\\/canal7slp.tv\\\/2019\\\/llegaran-mas-de-mil-500-periodistas-a-lima-2019\\\/\"},\"author\":{\"name\":\"edicionweb\",\"@id\":\"https:\\\/\\\/canal7slp.tv\\\/2019\\\/#\\\/schema\\\/person\\\/11d941c1c6ca30ac0a46b95fa37aa2e3\"},\"headline\":\"Llegar\u00e1n m\u00e1s de mil 500 periodistas a Lima 2019\",\"datePublished\":\"2019-07-22T18:31:18+00:00\",\"mainEntityOfPage\":{\"@id\":\"https:\\\/\\\/canal7slp.tv\\\/2019\\\/llegaran-mas-de-mil-500-periodistas-a-lima-2019\\\/\"},\"wordCount\":436,\"commentCount\":0,\"publisher\":{\"@id\":\"https:\\\/\\\/canal7slp.tv\\\/2019\\\/#organization\"},\"image\":{\"@id\":\"https:\\\/\\\/canal7slp.tv\\\/2019\\\/llegaran-mas-de-mil-500-periodistas-a-lima-2019\\\/#primaryimage\"},\"thumbnailUrl\":\"https:\\\/\\\/canal7slp.tv\\\/2019\\\/wp-content\\\/uploads\\\/2019\\\/07\\\/14-11.jpg\",\"articleSection\":[\"DEPORTES\"],\"inLanguage\":\"es\",\"potentialAction\":[{\"@type\":\"CommentAction\",\"name\":\"Comment\",\"target\":[\"https:\\\/\\\/canal7slp.tv\\\/2019\\\/llegaran-mas-de-mil-500-periodistas-a-lima-2019\\\/#respond\"]}]},{\"@type\":\"WebPage\",\"@id\":\"https:\\\/\\\/canal7slp.tv\\\/2019\\\/llegaran-mas-de-mil-500-periodistas-a-lima-2019\\\/\",\"url\":\"https:\\\/\\\/canal7slp.tv\\\/2019\\\/llegaran-mas-de-mil-500-periodistas-a-lima-2019\\\/\",\"name\":\"Llegar\u00e1n m\u00e1s de mil 500 periodistas a Lima 2019 - Canal 7 SLP - 2019\",\"isPartOf\":{\"@id\":\"https:\\\/\\\/canal7slp.tv\\\/2019\\\/#website\"},\"primaryImageOfPage\":{\"@id\":\"https:\\\/\\\/canal7slp.tv\\\/2019\\\/llegaran-mas-de-mil-500-periodistas-a-lima-2019\\\/#primaryimage\"},\"image\":{\"@id\":\"https:\\\/\\\/canal7slp.tv\\\/2019\\\/llegaran-mas-de-mil-500-periodistas-a-lima-2019\\\/#primaryimage\"},\"thumbnailUrl\":\"https:\\\/\\\/canal7slp.tv\\\/2019\\\/wp-content\\\/uploads\\\/2019\\\/07\\\/14-11.jpg\",\"datePublished\":\"2019-07-22T18:31:18+00:00\",\"breadcrumb\":{\"@id\":\"https:\\\/\\\/canal7slp.tv\\\/2019\\\/llegaran-mas-de-mil-500-periodistas-a-lima-2019\\\/#breadcrumb\"},\"inLanguage\":\"es\",\"potentialAction\":[{\"@type\":\"ReadAction\",\"target\":[\"https:\\\/\\\/canal7slp.tv\\\/2019\\\/llegaran-mas-de-mil-500-periodistas-a-lima-2019\\\/\"]}]},{\"@type\":\"ImageObject\",\"inLanguage\":\"es\",\"@id\":\"https:\\\/\\\/canal7slp.tv\\\/2019\\\/llegaran-mas-de-mil-500-periodistas-a-lima-2019\\\/#primaryimage\",\"url\":\"https:\\\/\\\/canal7slp.tv\\\/2019\\\/wp-content\\\/uploads\\\/2019\\\/07\\\/14-11.jpg\",\"contentUrl\":\"https:\\\/\\\/canal7slp.tv\\\/2019\\\/wp-content\\\/uploads\\\/2019\\\/07\\\/14-11.jpg\",\"width\":721,\"height\":410},{\"@type\":\"BreadcrumbList\",\"@id\":\"https:\\\/\\\/canal7slp.tv\\\/2019\\\/llegaran-mas-de-mil-500-periodistas-a-lima-2019\\\/#breadcrumb\",\"itemListElement\":[{\"@type\":\"ListItem\",\"position\":1,\"name\":\"Home\",\"item\":\"https:\\\/\\\/canal7slp.tv\\\/2019\\\/\"},{\"@type\":\"ListItem\",\"position\":2,\"name\":\"Llegar\u00e1n m\u00e1s de mil 500 periodistas a Lima 2019\"}]},{\"@type\":\"WebSite\",\"@id\":\"https:\\\/\\\/canal7slp.tv\\\/2019\\\/#website\",\"url\":\"https:\\\/\\\/canal7slp.tv\\\/2019\\\/\",\"name\":\"Canal 7 SLP - Somos TV\",\"description\":\"Somos un Canal de 10\",\"publisher\":{\"@id\":\"https:\\\/\\\/canal7slp.tv\\\/2019\\\/#organization\"},\"potentialAction\":[{\"@type\":\"SearchAction\",\"target\":{\"@type\":\"EntryPoint\",\"urlTemplate\":\"https:\\\/\\\/canal7slp.tv\\\/2019\\\/?s={search_term_string}\"},\"query-input\":{\"@type\":\"PropertyValueSpecification\",\"valueRequired\":true,\"valueName\":\"search_term_string\"}}],\"inLanguage\":\"es\"},{\"@type\":\"Organization\",\"@id\":\"https:\\\/\\\/canal7slp.tv\\\/2019\\\/#organization\",\"name\":\"Comunicaci\u00f3n 2000 S.A. de C.V.\",\"url\":\"https:\\\/\\\/canal7slp.tv\\\/2019\\\/\",\"logo\":{\"@type\":\"ImageObject\",\"inLanguage\":\"es\",\"@id\":\"https:\\\/\\\/canal7slp.tv\\\/2019\\\/#\\\/schema\\\/logo\\\/image\\\/\",\"url\":\"https:\\\/\\\/canal7slp.tv\\\/2019\\\/wp-content\\\/uploads\\\/2019\\\/07\\\/logo-c7.png\",\"contentUrl\":\"https:\\\/\\\/canal7slp.tv\\\/2019\\\/wp-content\\\/uploads\\\/2019\\\/07\\\/logo-c7.png\",\"width\":220,\"height\":60,\"caption\":\"Comunicaci\u00f3n 2000 S.A. de C.V.\"},\"image\":{\"@id\":\"https:\\\/\\\/canal7slp.tv\\\/2019\\\/#\\\/schema\\\/logo\\\/image\\\/\"},\"sameAs\":[\"https:\\\/\\\/www.facebook.com\\\/CANAL7SLP\\\/\",\"https:\\\/\\\/x.com\\\/canal7_slp\",\"https:\\\/\\\/www.instagram.com\\\/canal7_slp\",\"https:\\\/\\\/www.youtube.com\\\/user\\\/NOTICIEROSCANAL7SLP\\\/\"]},{\"@type\":\"Person\",\"@id\":\"https:\\\/\\\/canal7slp.tv\\\/2019\\\/#\\\/schema\\\/person\\\/11d941c1c6ca30ac0a46b95fa37aa2e3\",\"name\":\"edicionweb\",\"image\":{\"@type\":\"ImageObject\",\"inLanguage\":\"es\",\"@id\":\"https:\\\/\\\/secure.gravatar.com\\\/avatar\\\/eee448fc3f7164808013b816ba91ac7e43bbe82a70bebac296f8bc6f0addaa1a?s=96&d=mm&r=g\",\"url\":\"https:\\\/\\\/secure.gravatar.com\\\/avatar\\\/eee448fc3f7164808013b816ba91ac7e43bbe82a70bebac296f8bc6f0addaa1a?s=96&d=mm&r=g\",\"contentUrl\":\"https:\\\/\\\/secure.gravatar.com\\\/avatar\\\/eee448fc3f7164808013b816ba91ac7e43bbe82a70bebac296f8bc6f0addaa1a?s=96&d=mm&r=g\",\"caption\":\"edicionweb\"}}]}<\/script>\n<!-- \/ Yoast SEO plugin. -->","yoast_head_json":{"title":"Llegar\u00e1n m\u00e1s de mil 500 periodistas a Lima 2019 - Canal 7 SLP - 2019","robots":{"index":"index","follow":"follow","max-snippet":"max-snippet:-1","max-image-preview":"max-image-preview:large","max-video-preview":"max-video-preview:-1"},"canonical":"https:\/\/canal7slp.tv\/2019\/llegaran-mas-de-mil-500-periodistas-a-lima-2019\/","og_locale":"es_ES","og_type":"article","og_title":"Llegar\u00e1n m\u00e1s de mil 500 periodistas a Lima 2019 - Canal 7 SLP - 2019","og_description":"Lima.- El Centro Principal de Prensa (MPC, por sus siglas en ingl\u00e9s) abri\u00f3 sus puertas en el Lima Centro de Convenciones (LCC) para recibir a los m\u00e1s de mil 500 periodistas de todo el mundo que est\u00e1n debidamente acreditados para cubrir las incidencias de los Juegos Panamericanos y Parapanamericanos Lima 2019. \u201cLa prensa nacional e [&hellip;]","og_url":"https:\/\/canal7slp.tv\/2019\/llegaran-mas-de-mil-500-periodistas-a-lima-2019\/","og_site_name":"Canal 7 SLP - 2019","article_publisher":"https:\/\/www.facebook.com\/CANAL7SLP\/","article_published_time":"2019-07-22T18:31:18+00:00","og_image":[{"width":721,"height":410,"url":"https:\/\/canal7slp.tv\/2019\/wp-content\/uploads\/2019\/07\/14-11.jpg","type":"image\/jpeg"}],"author":"edicionweb","twitter_card":"summary_large_image","twitter_creator":"@canal7_slp","twitter_site":"@canal7_slp","twitter_misc":{"Escrito por":"edicionweb","Tiempo de lectura":"2 minutos"},"schema":{"@context":"https:\/\/schema.org","@graph":[{"@type":"Article","@id":"https:\/\/canal7slp.tv\/2019\/llegaran-mas-de-mil-500-periodistas-a-lima-2019\/#article","isPartOf":{"@id":"https:\/\/canal7slp.tv\/2019\/llegaran-mas-de-mil-500-periodistas-a-lima-2019\/"},"author":{"name":"edicionweb","@id":"https:\/\/canal7slp.tv\/2019\/#\/schema\/person\/11d941c1c6ca30ac0a46b95fa37aa2e3"},"headline":"Llegar\u00e1n m\u00e1s de mil 500 periodistas a Lima 2019","datePublished":"2019-07-22T18:31:18+00:00","mainEntityOfPage":{"@id":"https:\/\/canal7slp.tv\/2019\/llegaran-mas-de-mil-500-periodistas-a-lima-2019\/"},"wordCount":436,"commentCount":0,"publisher":{"@id":"https:\/\/canal7slp.tv\/2019\/#organization"},"image":{"@id":"https:\/\/canal7slp.tv\/2019\/llegaran-mas-de-mil-500-periodistas-a-lima-2019\/#primaryimage"},"thumbnailUrl":"https:\/\/canal7slp.tv\/2019\/wp-content\/uploads\/2019\/07\/14-11.jpg","articleSection":["DEPORTES"],"inLanguage":"es","potentialAction":[{"@type":"CommentAction","name":"Comment","target":["https:\/\/canal7slp.tv\/2019\/llegaran-mas-de-mil-500-periodistas-a-lima-2019\/#respond"]}]},{"@type":"WebPage","@id":"https:\/\/canal7slp.tv\/2019\/llegaran-mas-de-mil-500-periodistas-a-lima-2019\/","url":"https:\/\/canal7slp.tv\/2019\/llegaran-mas-de-mil-500-periodistas-a-lima-2019\/","name":"Llegar\u00e1n m\u00e1s de mil 500 periodistas a Lima 2019 - Canal 7 SLP - 2019","isPartOf":{"@id":"https:\/\/canal7slp.tv\/2019\/#website"},"primaryImageOfPage":{"@id":"https:\/\/canal7slp.tv\/2019\/llegaran-mas-de-mil-500-periodistas-a-lima-2019\/#primaryimage"},"image":{"@id":"https:\/\/canal7slp.tv\/2019\/llegaran-mas-de-mil-500-periodistas-a-lima-2019\/#primaryimage"},"thumbnailUrl":"https:\/\/canal7slp.tv\/2019\/wp-content\/uploads\/2019\/07\/14-11.jpg","datePublished":"2019-07-22T18:31:18+00:00","breadcrumb":{"@id":"https:\/\/canal7slp.tv\/2019\/llegaran-mas-de-mil-500-periodistas-a-lima-2019\/#breadcrumb"},"inLanguage":"es","potentialAction":[{"@type":"ReadAction","target":["https:\/\/canal7slp.tv\/2019\/llegaran-mas-de-mil-500-periodistas-a-lima-2019\/"]}]},{"@type":"ImageObject","inLanguage":"es","@id":"https:\/\/canal7slp.tv\/2019\/llegaran-mas-de-mil-500-periodistas-a-lima-2019\/#primaryimage","url":"https:\/\/canal7slp.tv\/2019\/wp-content\/uploads\/2019\/07\/14-11.jpg","contentUrl":"https:\/\/canal7slp.tv\/2019\/wp-content\/uploads\/2019\/07\/14-11.jpg","width":721,"height":410},{"@type":"BreadcrumbList","@id":"https:\/\/canal7slp.tv\/2019\/llegaran-mas-de-mil-500-periodistas-a-lima-2019\/#breadcrumb","itemListElement":[{"@type":"ListItem","position":1,"name":"Home","item":"https:\/\/canal7slp.tv\/2019\/"},{"@type":"ListItem","position":2,"name":"Llegar\u00e1n m\u00e1s de mil 500 periodistas a Lima 2019"}]},{"@type":"WebSite","@id":"https:\/\/canal7slp.tv\/2019\/#website","url":"https:\/\/canal7slp.tv\/2019\/","name":"Canal 7 SLP - Somos TV","description":"Somos un Canal de 10","publisher":{"@id":"https:\/\/canal7slp.tv\/2019\/#organization"},"potentialAction":[{"@type":"SearchAction","target":{"@type":"EntryPoint","urlTemplate":"https:\/\/canal7slp.tv\/2019\/?s={search_term_string}"},"query-input":{"@type":"PropertyValueSpecification","valueRequired":true,"valueName":"search_term_string"}}],"inLanguage":"es"},{"@type":"Organization","@id":"https:\/\/canal7slp.tv\/2019\/#organization","name":"Comunicaci\u00f3n 2000 S.A. de C.V.","url":"https:\/\/canal7slp.tv\/2019\/","logo":{"@type":"ImageObject","inLanguage":"es","@id":"https:\/\/canal7slp.tv\/2019\/#\/schema\/logo\/image\/","url":"https:\/\/canal7slp.tv\/2019\/wp-content\/uploads\/2019\/07\/logo-c7.png","contentUrl":"https:\/\/canal7slp.tv\/2019\/wp-content\/uploads\/2019\/07\/logo-c7.png","width":220,"height":60,"caption":"Comunicaci\u00f3n 2000 S.A. de C.V."},"image":{"@id":"https:\/\/canal7slp.tv\/2019\/#\/schema\/logo\/image\/"},"sameAs":["https:\/\/www.facebook.com\/CANAL7SLP\/","https:\/\/x.com\/canal7_slp","https:\/\/www.instagram.com\/canal7_slp","https:\/\/www.youtube.com\/user\/NOTICIEROSCANAL7SLP\/"]},{"@type":"Person","@id":"https:\/\/canal7slp.tv\/2019\/#\/schema\/person\/11d941c1c6ca30ac0a46b95fa37aa2e3","name":"edicionweb","image":{"@type":"ImageObject","inLanguage":"es","@id":"https:\/\/secure.gravatar.com\/avatar\/eee448fc3f7164808013b816ba91ac7e43bbe82a70bebac296f8bc6f0addaa1a?s=96&d=mm&r=g","url":"https:\/\/secure.gravatar.com\/avatar\/eee448fc3f7164808013b816ba91ac7e43bbe82a70bebac296f8bc6f0addaa1a?s=96&d=mm&r=g","contentUrl":"https:\/\/secure.gravatar.com\/avatar\/eee448fc3f7164808013b816ba91ac7e43bbe82a70bebac296f8bc6f0addaa1a?s=96&d=mm&r=g","caption":"edicionweb"}}]}},"amp_enabled":true,"cmb2":{"video_ids_in_playlist":{"vid_p_videos":""},"video_ids_in_channel":{"vid_c_videos":""},"playlist_ids_in_channel":{"vid_c_playlists":""},"series_ids_in_channel":{"vid_c_series":""},"channel_images":{"vid_c_logo":"","vid_c_banner":""},"poster_feature_image":{"vid_m_poster_image":""},"gif_feature_image":{"vid_m_gif_image":""},"video_movie_settings":{"vid_m_director":"","vid_m_actor":"","vid_m_imdb_ratings":"","vid_m_amazon_associates":""},"vid_youtube_broadcasts_settings":{"vid_yb_broadcast_title":"","vid_yb_q":"","vid_yb_channelid":"","vid_yb_videocategoryid":"","vid_yb_maxresults":"","vid_yb_order":"","vid_yb_regioncode":"","vid_yb_videosyndicated":"","vid_yb_style":"","vid_yb_reload_first":""},"video_series_settings":{"vid_m_director":"","vid_m_actor":"","vid_m_imdb_ratings":"","video_series_group":""},"amazon_associates_settings":{"amazon_associates":"","amazon_native_ad":""},"vid_youtube_automatic_settings":{"vid_ya_youtube_source":"","vid_ya_update_every":"","vid_ya_update_unit":"","vid_ya_categories":"","vid_ya_published_after":"","vid_ya_published_before":"","vid_ya_playlists":"","vid_ya_channels":"","vid_ya_director":"","vid_ya_actor":"","vid_ya_author":"","vid_ya_import_post_date":"","vid_ya_status":"","vid_ya_sub_api_key":""},"vid_ads_m_videoads_settings_post":{"vid_ads_m_video_ads":"","vid_ads_m_video_ads_type":"","vid_ads_m_group_google_ima":"","vid_ads_m_group_image":"","vid_ads_m_group_html5_video":"","vid_ads_m_group_html":"","vid_ads_m_vast_preroll":"","vid_ads_m_vast_postroll":"","vid_ads_m_vast_pauseroll":"","vid_ads_m_vast_midroll":[{"vid_ads_m_vast_timer_seconds":"50"}],"vid_ads_m_time_to_show_ads":"","vid_ads_m_time_skip_ads":"","vid_ads_m_time_to_hide_ads":""},"page_slider_settings":{"display_slider_group":"","page_slider_group":""},"blog_page_settings":{"blog_page_title":"","blog_page_heading":"","blog_page_ic":"","blog_page_it":"","blog_page_ec":"","blog_page_ip":"","archive_loop_style":"","blog_image_ratio":"","blog_show_categories":"","blog_show_excerpt":"","blog_show_author":"","blog_show_date":"","blog_show_comment_count":"","blog_show_view_count":"","blog_show_like_count":"","blog_show_dislike_count":"","blog_items_per_page":"","blog_pag_type":""},"page_options":{"get_page_template":"","color_mode":"","main_layout":"","main_layout_full_with":"","main_logo":"","main_logo_retina":"","main_logo_mobile":"","main_logo_mobile_retina":"","sticky_logo":"","sticky_logo_retina":"","main_nav_layout":"","ajax_search":"","header_background":"","theme_sidebar":"","instagram_feed":"","instagram_feed_position":"","popular_videos":"","popular_videos_title_1":"","popular_videos_title_2":"","popular_videos_ic":"","popular_videos_it":"","theme_background":"","page_custom_css":""},"feature_image_settings":{"feature_image_position":""},"video_player_settings":{"single_video_style":"","video_player_position":"","vm_video_url":"","video_player_library":"","video_streaming":"","vm_media_sources":"","vid_auto_play":"","vm_video_shortcode":"","vid_p_sync_playlist":"","vid_c_sync_channel":"","get_post_format":"","multiple_links_structure":"default","multi_links_title":"","vm_video_multi_links":"","vm_duration":"","vid_social_locker":"off","vid_social_locker_id":"","vid_membership_action":"content-video","vm_video_trailer_url":"","vid_download_type":"free","vid_download_target":"download","vid_woo_product":"","vm_media_download":"","user_rating":"","user_rating_position":"","user_rating_mode":"","user_rating_multi_sets":""},"video_auto_fetch_settings":{"vm_video_fetch":"on"},"video_fake_views_likes":{"vm_fake_views":"","vm_fake_likes":"","vm_fake_dislikes":""},"gallery_settings":{"gallery_position":""},"quote_settings":{"quote_position":""},"post_options":{"main_layout":"","main_logo":"","main_logo_retina":"","main_logo_mobile":"","main_logo_mobile_retina":"","sticky_logo":"","sticky_logo_retina":"","main_nav_layout":"","header_background":"","theme_sidebar":"","single_post_comment_type":"","theme_background":""}},"_links":{"self":[{"href":"https:\/\/canal7slp.tv\/2019\/wp-json\/wp\/v2\/posts\/36964","targetHints":{"allow":["GET"]}}],"collection":[{"href":"https:\/\/canal7slp.tv\/2019\/wp-json\/wp\/v2\/posts"}],"about":[{"href":"https:\/\/canal7slp.tv\/2019\/wp-json\/wp\/v2\/types\/post"}],"author":[{"embeddable":true,"href":"https:\/\/canal7slp.tv\/2019\/wp-json\/wp\/v2\/users\/2"}],"replies":[{"embeddable":true,"href":"https:\/\/canal7slp.tv\/2019\/wp-json\/wp\/v2\/comments?post=36964"}],"version-history":[{"count":0,"href":"https:\/\/canal7slp.tv\/2019\/wp-json\/wp\/v2\/posts\/36964\/revisions"}],"wp:featuredmedia":[{"embeddable":true,"href":"https:\/\/canal7slp.tv\/2019\/wp-json\/wp\/v2\/media\/36966"}],"wp:attachment":[{"href":"https:\/\/canal7slp.tv\/2019\/wp-json\/wp\/v2\/media?parent=36964"}],"wp:term":[{"taxonomy":"category","embeddable":true,"href":"https:\/\/canal7slp.tv\/2019\/wp-json\/wp\/v2\/categories?post=36964"},{"taxonomy":"post_tag","embeddable":true,"href":"https:\/\/canal7slp.tv\/2019\/wp-json\/wp\/v2\/tags?post=36964"}],"curies":[{"name":"wp","href":"https:\/\/api.w.org\/{rel}","templated":true}]}}