{"id":36785,"date":"2019-07-21T10:53:09","date_gmt":"2019-07-21T15:53:09","guid":{"rendered":"https:\/\/canal7slp.tv\/2019\/?p=36785"},"modified":"2019-07-21T10:53:09","modified_gmt":"2019-07-21T15:53:09","slug":"la-secretaria-de-marina-armada-de-mexico-reconoce-la-incansable-labor-de-los-caninos-navales","status":"publish","type":"post","link":"https:\/\/canal7slp.tv\/2019\/la-secretaria-de-marina-armada-de-mexico-reconoce-la-incansable-labor-de-los-caninos-navales\/","title":{"rendered":"La Secretar\u00eda de Marina \u2013 Armada de M\u00e9xico reconoce la incansable labor de los Caninos Navales"},"content":{"rendered":"<p style=\"text-align: justify;\">Ciudad de M\u00e9xico.<strong>\u00a0&#8211;<\/strong>\u00a0En el marco del D\u00eda del Perro, la Secretar\u00eda de Marina \u2013 Armada de M\u00e9xico reconoce la incansable labor de los caninos navales que, con gallard\u00eda y esp\u00edritu de servicio, trabajan d\u00eda con d\u00eda de la mano de su manejador, para salvaguardar la vida humana de los mexicanos y apoyar en casos y zonas de desastre.<\/p>\n<p style=\"text-align: justify;\">Estos elementos caninos, que con sus acciones enaltecen a la Instituci\u00f3n, llegaron para brindar seguridad a las familias, en el mar y en la tierra, tal es el caso de Odile, un perro de raza mestizo que fue adoptado por la Segunda Zona Naval con sede en La Paz, en Baja California Sur, procedente de San Jos\u00e9 del Cabo.<\/p>\n<p style=\"text-align: justify;\">Este canino form\u00f3 parte de la Gran Familia Naval, despu\u00e9s de ser encontrado por personal militar que efectuaba labores de recuperaci\u00f3n en apoyo a la poblaci\u00f3n civil, por las afectaciones ocasionadas por el paso del Hurac\u00e1n \u201cODILE\u201d en citado lugar.<\/p>\n<p style=\"text-align: justify;\">El can bautizado con citado nombre en honor al hurac\u00e1n, ten\u00eda aproximadamente dos meses de vida, cuando lleg\u00f3 a la Estaci\u00f3n Naval de B\u00fasqueda, Rescate y Vigilancia Mar\u00edtima (ENSAR) de La Paz, donde al visualizar a los elementos navales en sus ejercicios de pr\u00e1ctica, mostr\u00f3 inter\u00e9s por la nataci\u00f3n, por lo que fue incorporado a la rutina de deporte con el personal y se le entren\u00f3 en labores de rescate acu\u00e1tico.<\/p>\n<p style=\"text-align: justify;\">Odile est\u00e1 capacitado en salvamento acu\u00e1tico y constantemente apoya en las labores de rescate mar\u00edtimo desde hace m\u00e1s de cinco a\u00f1os.<\/p>\n<p style=\"text-align: justify;\">Por otra parte, en Ensenada se encuentran Sar y Docky dos perros de la raza pastor belga malinois, adscritos a la Estaci\u00f3n Naval de B\u00fasqueda, Rescate y Vigilancia Mar\u00edtima de esa misma localidad, quienes fueron donados por los scouts y gracias a su fuerza pueden remolcar hasta dos personas.<\/p>\n<p style=\"text-align: justify;\">Estos caninos navales que actualmente cuentan con cinco a\u00f1os de edad apoyan activamente en las actividades que desempe\u00f1a esta Instituci\u00f3n, que permiten salvaguardar la vida humana en la mar.<\/p>\n<p style=\"text-align: justify;\">Ecko\u00a0y Evil son dos j\u00f3venes pastores belgas malinois que pertenecen al equipo de B\u00fasqueda y Rescate Urbano del Cuartel General del Alto Mando, se destacan por su vigor, agilidad e inteligencia, ambos participaron activamente tras los sismos del 7 y 19 de septiembre de 2017 en la capital del pa\u00eds, asimismo durante el a\u00f1o pasado tuvieron importantes participaciones a nivel internacional.<\/p>\n<p style=\"text-align: justify;\">Evil tuvo una destacada participaci\u00f3n en los ejercicios multinacionales RIMPAC 2018, mientras que Ecko dio muestra de su gran adiestramiento ante el Comando Norte en d\u00edas recientes en ejercicios de b\u00fasqueda t\u00e9cnica.<\/p>\n<p style=\"text-align: justify;\">A nivel nacional, ambos participaron en el Quinto ejercicio nacional de equipos de b\u00fasqueda y rescate urbano (USAR), en Melaque, Jalisco en el 2018 y de igual manera es de destacar que ambos est\u00e1n certificados ante el Centro Nacional de Prevenci\u00f3n de Desastres (CENAPRED) en est\u00e1ndares de competencia para perros de rescate, siendo los \u00fanicos caninos con dicha certificaci\u00f3n.<\/p>\n<p style=\"text-align: justify;\">La Secretar\u00eda de Marina-Armada de M\u00e9xico reconoce la labor de nuestros caninos que han sido parte fundamental en eventos que ya registra la historia a nivel nacional e internacional, apoyando en la salvaguarda de la vida humana en la mar y en la tierra; refrendamos nuestro agradecimiento y cari\u00f1o al mejor amigo del hombre e invaluables elementos Navales como ellos.<\/p>\n","protected":false},"excerpt":{"rendered":"<p>Ciudad de M\u00e9xico.\u00a0&#8211;\u00a0En el marco del D\u00eda del Perro, la Secretar\u00eda de Marina \u2013 Armada de M\u00e9xico reconoce la incansable labor de los caninos navales que, con gallard\u00eda y esp\u00edritu de servicio, trabajan d\u00eda con d\u00eda de la mano de su manejador, para salvaguardar la vida humana de los mexicanos y apoyar en casos y [&hellip;]<\/p>\n","protected":false},"author":2,"featured_media":36786,"comment_status":"open","ping_status":"closed","sticky":false,"template":"","format":"standard","meta":{"footnotes":""},"categories":[30],"tags":[],"class_list":["post-36785","post","type-post","status-publish","format-standard","has-post-thumbnail","hentry","category-nacional"],"yoast_head":"<!-- This site is optimized with the Yoast SEO plugin v27.5 - https:\/\/yoast.com\/product\/yoast-seo-wordpress\/ -->\n<title>La Secretar\u00eda de Marina \u2013 Armada de M\u00e9xico reconoce la incansable labor de los Caninos Navales - Canal 7 SLP - 2019<\/title>\n<meta name=\"robots\" content=\"index, follow, max-snippet:-1, max-image-preview:large, max-video-preview:-1\" \/>\n<link rel=\"canonical\" href=\"https:\/\/canal7slp.tv\/2019\/la-secretaria-de-marina-armada-de-mexico-reconoce-la-incansable-labor-de-los-caninos-navales\/\" \/>\n<meta property=\"og:locale\" content=\"es_ES\" \/>\n<meta property=\"og:type\" content=\"article\" \/>\n<meta property=\"og:title\" content=\"La Secretar\u00eda de Marina \u2013 Armada de M\u00e9xico reconoce la incansable labor de los Caninos Navales - Canal 7 SLP - 2019\" \/>\n<meta property=\"og:description\" content=\"Ciudad de M\u00e9xico.\u00a0&#8211;\u00a0En el marco del D\u00eda del Perro, la Secretar\u00eda de Marina \u2013 Armada de M\u00e9xico reconoce la incansable labor de los caninos navales que, con gallard\u00eda y esp\u00edritu de servicio, trabajan d\u00eda con d\u00eda de la mano de su manejador, para salvaguardar la vida humana de los mexicanos y apoyar en casos y [&hellip;]\" \/>\n<meta property=\"og:url\" content=\"https:\/\/canal7slp.tv\/2019\/la-secretaria-de-marina-armada-de-mexico-reconoce-la-incansable-labor-de-los-caninos-navales\/\" \/>\n<meta property=\"og:site_name\" content=\"Canal 7 SLP - 2019\" \/>\n<meta property=\"article:publisher\" content=\"https:\/\/www.facebook.com\/CANAL7SLP\/\" \/>\n<meta property=\"article:published_time\" content=\"2019-07-21T15:53:09+00:00\" \/>\n<meta property=\"og:image\" content=\"https:\/\/canal7slp.tv\/2019\/wp-content\/uploads\/2019\/07\/marinabay.jpg\" \/>\n\t<meta property=\"og:image:width\" content=\"617\" \/>\n\t<meta property=\"og:image:height\" content=\"410\" \/>\n\t<meta property=\"og:image:type\" content=\"image\/jpeg\" \/>\n<meta name=\"author\" content=\"edicionweb\" \/>\n<meta name=\"twitter:card\" content=\"summary_large_image\" \/>\n<meta name=\"twitter:creator\" content=\"@canal7_slp\" \/>\n<meta name=\"twitter:site\" content=\"@canal7_slp\" \/>\n<meta name=\"twitter:label1\" content=\"Escrito por\" \/>\n\t<meta name=\"twitter:data1\" content=\"edicionweb\" \/>\n\t<meta name=\"twitter:label2\" content=\"Tiempo de lectura\" \/>\n\t<meta name=\"twitter:data2\" content=\"3 minutos\" \/>\n<script type=\"application\/ld+json\" class=\"yoast-schema-graph\">{\"@context\":\"https:\\\/\\\/schema.org\",\"@graph\":[{\"@type\":\"Article\",\"@id\":\"https:\\\/\\\/canal7slp.tv\\\/2019\\\/la-secretaria-de-marina-armada-de-mexico-reconoce-la-incansable-labor-de-los-caninos-navales\\\/#article\",\"isPartOf\":{\"@id\":\"https:\\\/\\\/canal7slp.tv\\\/2019\\\/la-secretaria-de-marina-armada-de-mexico-reconoce-la-incansable-labor-de-los-caninos-navales\\\/\"},\"author\":{\"name\":\"edicionweb\",\"@id\":\"https:\\\/\\\/canal7slp.tv\\\/2019\\\/#\\\/schema\\\/person\\\/11d941c1c6ca30ac0a46b95fa37aa2e3\"},\"headline\":\"La Secretar\u00eda de Marina \u2013 Armada de M\u00e9xico reconoce la incansable labor de los Caninos Navales\",\"datePublished\":\"2019-07-21T15:53:09+00:00\",\"mainEntityOfPage\":{\"@id\":\"https:\\\/\\\/canal7slp.tv\\\/2019\\\/la-secretaria-de-marina-armada-de-mexico-reconoce-la-incansable-labor-de-los-caninos-navales\\\/\"},\"wordCount\":601,\"commentCount\":0,\"publisher\":{\"@id\":\"https:\\\/\\\/canal7slp.tv\\\/2019\\\/#organization\"},\"image\":{\"@id\":\"https:\\\/\\\/canal7slp.tv\\\/2019\\\/la-secretaria-de-marina-armada-de-mexico-reconoce-la-incansable-labor-de-los-caninos-navales\\\/#primaryimage\"},\"thumbnailUrl\":\"https:\\\/\\\/canal7slp.tv\\\/2019\\\/wp-content\\\/uploads\\\/2019\\\/07\\\/marinabay.jpg\",\"articleSection\":[\"NACIONAL\"],\"inLanguage\":\"es\",\"potentialAction\":[{\"@type\":\"CommentAction\",\"name\":\"Comment\",\"target\":[\"https:\\\/\\\/canal7slp.tv\\\/2019\\\/la-secretaria-de-marina-armada-de-mexico-reconoce-la-incansable-labor-de-los-caninos-navales\\\/#respond\"]}]},{\"@type\":\"WebPage\",\"@id\":\"https:\\\/\\\/canal7slp.tv\\\/2019\\\/la-secretaria-de-marina-armada-de-mexico-reconoce-la-incansable-labor-de-los-caninos-navales\\\/\",\"url\":\"https:\\\/\\\/canal7slp.tv\\\/2019\\\/la-secretaria-de-marina-armada-de-mexico-reconoce-la-incansable-labor-de-los-caninos-navales\\\/\",\"name\":\"La Secretar\u00eda de Marina \u2013 Armada de M\u00e9xico reconoce la incansable labor de los Caninos Navales - Canal 7 SLP - 2019\",\"isPartOf\":{\"@id\":\"https:\\\/\\\/canal7slp.tv\\\/2019\\\/#website\"},\"primaryImageOfPage\":{\"@id\":\"https:\\\/\\\/canal7slp.tv\\\/2019\\\/la-secretaria-de-marina-armada-de-mexico-reconoce-la-incansable-labor-de-los-caninos-navales\\\/#primaryimage\"},\"image\":{\"@id\":\"https:\\\/\\\/canal7slp.tv\\\/2019\\\/la-secretaria-de-marina-armada-de-mexico-reconoce-la-incansable-labor-de-los-caninos-navales\\\/#primaryimage\"},\"thumbnailUrl\":\"https:\\\/\\\/canal7slp.tv\\\/2019\\\/wp-content\\\/uploads\\\/2019\\\/07\\\/marinabay.jpg\",\"datePublished\":\"2019-07-21T15:53:09+00:00\",\"breadcrumb\":{\"@id\":\"https:\\\/\\\/canal7slp.tv\\\/2019\\\/la-secretaria-de-marina-armada-de-mexico-reconoce-la-incansable-labor-de-los-caninos-navales\\\/#breadcrumb\"},\"inLanguage\":\"es\",\"potentialAction\":[{\"@type\":\"ReadAction\",\"target\":[\"https:\\\/\\\/canal7slp.tv\\\/2019\\\/la-secretaria-de-marina-armada-de-mexico-reconoce-la-incansable-labor-de-los-caninos-navales\\\/\"]}]},{\"@type\":\"ImageObject\",\"inLanguage\":\"es\",\"@id\":\"https:\\\/\\\/canal7slp.tv\\\/2019\\\/la-secretaria-de-marina-armada-de-mexico-reconoce-la-incansable-labor-de-los-caninos-navales\\\/#primaryimage\",\"url\":\"https:\\\/\\\/canal7slp.tv\\\/2019\\\/wp-content\\\/uploads\\\/2019\\\/07\\\/marinabay.jpg\",\"contentUrl\":\"https:\\\/\\\/canal7slp.tv\\\/2019\\\/wp-content\\\/uploads\\\/2019\\\/07\\\/marinabay.jpg\",\"width\":617,\"height\":410},{\"@type\":\"BreadcrumbList\",\"@id\":\"https:\\\/\\\/canal7slp.tv\\\/2019\\\/la-secretaria-de-marina-armada-de-mexico-reconoce-la-incansable-labor-de-los-caninos-navales\\\/#breadcrumb\",\"itemListElement\":[{\"@type\":\"ListItem\",\"position\":1,\"name\":\"Home\",\"item\":\"https:\\\/\\\/canal7slp.tv\\\/2019\\\/\"},{\"@type\":\"ListItem\",\"position\":2,\"name\":\"La Secretar\u00eda de Marina \u2013 Armada de M\u00e9xico reconoce la incansable labor de los Caninos Navales\"}]},{\"@type\":\"WebSite\",\"@id\":\"https:\\\/\\\/canal7slp.tv\\\/2019\\\/#website\",\"url\":\"https:\\\/\\\/canal7slp.tv\\\/2019\\\/\",\"name\":\"Canal 7 SLP - Somos TV\",\"description\":\"Somos un Canal de 10\",\"publisher\":{\"@id\":\"https:\\\/\\\/canal7slp.tv\\\/2019\\\/#organization\"},\"potentialAction\":[{\"@type\":\"SearchAction\",\"target\":{\"@type\":\"EntryPoint\",\"urlTemplate\":\"https:\\\/\\\/canal7slp.tv\\\/2019\\\/?s={search_term_string}\"},\"query-input\":{\"@type\":\"PropertyValueSpecification\",\"valueRequired\":true,\"valueName\":\"search_term_string\"}}],\"inLanguage\":\"es\"},{\"@type\":\"Organization\",\"@id\":\"https:\\\/\\\/canal7slp.tv\\\/2019\\\/#organization\",\"name\":\"Comunicaci\u00f3n 2000 S.A. de C.V.\",\"url\":\"https:\\\/\\\/canal7slp.tv\\\/2019\\\/\",\"logo\":{\"@type\":\"ImageObject\",\"inLanguage\":\"es\",\"@id\":\"https:\\\/\\\/canal7slp.tv\\\/2019\\\/#\\\/schema\\\/logo\\\/image\\\/\",\"url\":\"https:\\\/\\\/canal7slp.tv\\\/2019\\\/wp-content\\\/uploads\\\/2019\\\/07\\\/logo-c7.png\",\"contentUrl\":\"https:\\\/\\\/canal7slp.tv\\\/2019\\\/wp-content\\\/uploads\\\/2019\\\/07\\\/logo-c7.png\",\"width\":220,\"height\":60,\"caption\":\"Comunicaci\u00f3n 2000 S.A. de C.V.\"},\"image\":{\"@id\":\"https:\\\/\\\/canal7slp.tv\\\/2019\\\/#\\\/schema\\\/logo\\\/image\\\/\"},\"sameAs\":[\"https:\\\/\\\/www.facebook.com\\\/CANAL7SLP\\\/\",\"https:\\\/\\\/x.com\\\/canal7_slp\",\"https:\\\/\\\/www.instagram.com\\\/canal7_slp\",\"https:\\\/\\\/www.youtube.com\\\/user\\\/NOTICIEROSCANAL7SLP\\\/\"]},{\"@type\":\"Person\",\"@id\":\"https:\\\/\\\/canal7slp.tv\\\/2019\\\/#\\\/schema\\\/person\\\/11d941c1c6ca30ac0a46b95fa37aa2e3\",\"name\":\"edicionweb\",\"image\":{\"@type\":\"ImageObject\",\"inLanguage\":\"es\",\"@id\":\"https:\\\/\\\/secure.gravatar.com\\\/avatar\\\/eee448fc3f7164808013b816ba91ac7e43bbe82a70bebac296f8bc6f0addaa1a?s=96&d=mm&r=g\",\"url\":\"https:\\\/\\\/secure.gravatar.com\\\/avatar\\\/eee448fc3f7164808013b816ba91ac7e43bbe82a70bebac296f8bc6f0addaa1a?s=96&d=mm&r=g\",\"contentUrl\":\"https:\\\/\\\/secure.gravatar.com\\\/avatar\\\/eee448fc3f7164808013b816ba91ac7e43bbe82a70bebac296f8bc6f0addaa1a?s=96&d=mm&r=g\",\"caption\":\"edicionweb\"}}]}<\/script>\n<!-- \/ Yoast SEO plugin. -->","yoast_head_json":{"title":"La Secretar\u00eda de Marina \u2013 Armada de M\u00e9xico reconoce la incansable labor de los Caninos Navales - Canal 7 SLP - 2019","robots":{"index":"index","follow":"follow","max-snippet":"max-snippet:-1","max-image-preview":"max-image-preview:large","max-video-preview":"max-video-preview:-1"},"canonical":"https:\/\/canal7slp.tv\/2019\/la-secretaria-de-marina-armada-de-mexico-reconoce-la-incansable-labor-de-los-caninos-navales\/","og_locale":"es_ES","og_type":"article","og_title":"La Secretar\u00eda de Marina \u2013 Armada de M\u00e9xico reconoce la incansable labor de los Caninos Navales - Canal 7 SLP - 2019","og_description":"Ciudad de M\u00e9xico.\u00a0&#8211;\u00a0En el marco del D\u00eda del Perro, la Secretar\u00eda de Marina \u2013 Armada de M\u00e9xico reconoce la incansable labor de los caninos navales que, con gallard\u00eda y esp\u00edritu de servicio, trabajan d\u00eda con d\u00eda de la mano de su manejador, para salvaguardar la vida humana de los mexicanos y apoyar en casos y [&hellip;]","og_url":"https:\/\/canal7slp.tv\/2019\/la-secretaria-de-marina-armada-de-mexico-reconoce-la-incansable-labor-de-los-caninos-navales\/","og_site_name":"Canal 7 SLP - 2019","article_publisher":"https:\/\/www.facebook.com\/CANAL7SLP\/","article_published_time":"2019-07-21T15:53:09+00:00","og_image":[{"width":617,"height":410,"url":"https:\/\/canal7slp.tv\/2019\/wp-content\/uploads\/2019\/07\/marinabay.jpg","type":"image\/jpeg"}],"author":"edicionweb","twitter_card":"summary_large_image","twitter_creator":"@canal7_slp","twitter_site":"@canal7_slp","twitter_misc":{"Escrito por":"edicionweb","Tiempo de lectura":"3 minutos"},"schema":{"@context":"https:\/\/schema.org","@graph":[{"@type":"Article","@id":"https:\/\/canal7slp.tv\/2019\/la-secretaria-de-marina-armada-de-mexico-reconoce-la-incansable-labor-de-los-caninos-navales\/#article","isPartOf":{"@id":"https:\/\/canal7slp.tv\/2019\/la-secretaria-de-marina-armada-de-mexico-reconoce-la-incansable-labor-de-los-caninos-navales\/"},"author":{"name":"edicionweb","@id":"https:\/\/canal7slp.tv\/2019\/#\/schema\/person\/11d941c1c6ca30ac0a46b95fa37aa2e3"},"headline":"La Secretar\u00eda de Marina \u2013 Armada de M\u00e9xico reconoce la incansable labor de los Caninos Navales","datePublished":"2019-07-21T15:53:09+00:00","mainEntityOfPage":{"@id":"https:\/\/canal7slp.tv\/2019\/la-secretaria-de-marina-armada-de-mexico-reconoce-la-incansable-labor-de-los-caninos-navales\/"},"wordCount":601,"commentCount":0,"publisher":{"@id":"https:\/\/canal7slp.tv\/2019\/#organization"},"image":{"@id":"https:\/\/canal7slp.tv\/2019\/la-secretaria-de-marina-armada-de-mexico-reconoce-la-incansable-labor-de-los-caninos-navales\/#primaryimage"},"thumbnailUrl":"https:\/\/canal7slp.tv\/2019\/wp-content\/uploads\/2019\/07\/marinabay.jpg","articleSection":["NACIONAL"],"inLanguage":"es","potentialAction":[{"@type":"CommentAction","name":"Comment","target":["https:\/\/canal7slp.tv\/2019\/la-secretaria-de-marina-armada-de-mexico-reconoce-la-incansable-labor-de-los-caninos-navales\/#respond"]}]},{"@type":"WebPage","@id":"https:\/\/canal7slp.tv\/2019\/la-secretaria-de-marina-armada-de-mexico-reconoce-la-incansable-labor-de-los-caninos-navales\/","url":"https:\/\/canal7slp.tv\/2019\/la-secretaria-de-marina-armada-de-mexico-reconoce-la-incansable-labor-de-los-caninos-navales\/","name":"La Secretar\u00eda de Marina \u2013 Armada de M\u00e9xico reconoce la incansable labor de los Caninos Navales - Canal 7 SLP - 2019","isPartOf":{"@id":"https:\/\/canal7slp.tv\/2019\/#website"},"primaryImageOfPage":{"@id":"https:\/\/canal7slp.tv\/2019\/la-secretaria-de-marina-armada-de-mexico-reconoce-la-incansable-labor-de-los-caninos-navales\/#primaryimage"},"image":{"@id":"https:\/\/canal7slp.tv\/2019\/la-secretaria-de-marina-armada-de-mexico-reconoce-la-incansable-labor-de-los-caninos-navales\/#primaryimage"},"thumbnailUrl":"https:\/\/canal7slp.tv\/2019\/wp-content\/uploads\/2019\/07\/marinabay.jpg","datePublished":"2019-07-21T15:53:09+00:00","breadcrumb":{"@id":"https:\/\/canal7slp.tv\/2019\/la-secretaria-de-marina-armada-de-mexico-reconoce-la-incansable-labor-de-los-caninos-navales\/#breadcrumb"},"inLanguage":"es","potentialAction":[{"@type":"ReadAction","target":["https:\/\/canal7slp.tv\/2019\/la-secretaria-de-marina-armada-de-mexico-reconoce-la-incansable-labor-de-los-caninos-navales\/"]}]},{"@type":"ImageObject","inLanguage":"es","@id":"https:\/\/canal7slp.tv\/2019\/la-secretaria-de-marina-armada-de-mexico-reconoce-la-incansable-labor-de-los-caninos-navales\/#primaryimage","url":"https:\/\/canal7slp.tv\/2019\/wp-content\/uploads\/2019\/07\/marinabay.jpg","contentUrl":"https:\/\/canal7slp.tv\/2019\/wp-content\/uploads\/2019\/07\/marinabay.jpg","width":617,"height":410},{"@type":"BreadcrumbList","@id":"https:\/\/canal7slp.tv\/2019\/la-secretaria-de-marina-armada-de-mexico-reconoce-la-incansable-labor-de-los-caninos-navales\/#breadcrumb","itemListElement":[{"@type":"ListItem","position":1,"name":"Home","item":"https:\/\/canal7slp.tv\/2019\/"},{"@type":"ListItem","position":2,"name":"La Secretar\u00eda de Marina \u2013 Armada de M\u00e9xico reconoce la incansable labor de los Caninos Navales"}]},{"@type":"WebSite","@id":"https:\/\/canal7slp.tv\/2019\/#website","url":"https:\/\/canal7slp.tv\/2019\/","name":"Canal 7 SLP - Somos TV","description":"Somos un Canal de 10","publisher":{"@id":"https:\/\/canal7slp.tv\/2019\/#organization"},"potentialAction":[{"@type":"SearchAction","target":{"@type":"EntryPoint","urlTemplate":"https:\/\/canal7slp.tv\/2019\/?s={search_term_string}"},"query-input":{"@type":"PropertyValueSpecification","valueRequired":true,"valueName":"search_term_string"}}],"inLanguage":"es"},{"@type":"Organization","@id":"https:\/\/canal7slp.tv\/2019\/#organization","name":"Comunicaci\u00f3n 2000 S.A. de C.V.","url":"https:\/\/canal7slp.tv\/2019\/","logo":{"@type":"ImageObject","inLanguage":"es","@id":"https:\/\/canal7slp.tv\/2019\/#\/schema\/logo\/image\/","url":"https:\/\/canal7slp.tv\/2019\/wp-content\/uploads\/2019\/07\/logo-c7.png","contentUrl":"https:\/\/canal7slp.tv\/2019\/wp-content\/uploads\/2019\/07\/logo-c7.png","width":220,"height":60,"caption":"Comunicaci\u00f3n 2000 S.A. de C.V."},"image":{"@id":"https:\/\/canal7slp.tv\/2019\/#\/schema\/logo\/image\/"},"sameAs":["https:\/\/www.facebook.com\/CANAL7SLP\/","https:\/\/x.com\/canal7_slp","https:\/\/www.instagram.com\/canal7_slp","https:\/\/www.youtube.com\/user\/NOTICIEROSCANAL7SLP\/"]},{"@type":"Person","@id":"https:\/\/canal7slp.tv\/2019\/#\/schema\/person\/11d941c1c6ca30ac0a46b95fa37aa2e3","name":"edicionweb","image":{"@type":"ImageObject","inLanguage":"es","@id":"https:\/\/secure.gravatar.com\/avatar\/eee448fc3f7164808013b816ba91ac7e43bbe82a70bebac296f8bc6f0addaa1a?s=96&d=mm&r=g","url":"https:\/\/secure.gravatar.com\/avatar\/eee448fc3f7164808013b816ba91ac7e43bbe82a70bebac296f8bc6f0addaa1a?s=96&d=mm&r=g","contentUrl":"https:\/\/secure.gravatar.com\/avatar\/eee448fc3f7164808013b816ba91ac7e43bbe82a70bebac296f8bc6f0addaa1a?s=96&d=mm&r=g","caption":"edicionweb"}}]}},"amp_enabled":true,"cmb2":{"video_ids_in_playlist":{"vid_p_videos":""},"video_ids_in_channel":{"vid_c_videos":""},"playlist_ids_in_channel":{"vid_c_playlists":""},"series_ids_in_channel":{"vid_c_series":""},"channel_images":{"vid_c_logo":"","vid_c_banner":""},"poster_feature_image":{"vid_m_poster_image":""},"gif_feature_image":{"vid_m_gif_image":""},"video_movie_settings":{"vid_m_director":"","vid_m_actor":"","vid_m_imdb_ratings":"","vid_m_amazon_associates":""},"vid_youtube_broadcasts_settings":{"vid_yb_broadcast_title":"","vid_yb_q":"","vid_yb_channelid":"","vid_yb_videocategoryid":"","vid_yb_maxresults":"","vid_yb_order":"","vid_yb_regioncode":"","vid_yb_videosyndicated":"","vid_yb_style":"","vid_yb_reload_first":""},"video_series_settings":{"vid_m_director":"","vid_m_actor":"","vid_m_imdb_ratings":"","video_series_group":""},"amazon_associates_settings":{"amazon_associates":"","amazon_native_ad":""},"vid_youtube_automatic_settings":{"vid_ya_youtube_source":"","vid_ya_update_every":"","vid_ya_update_unit":"","vid_ya_categories":"","vid_ya_published_after":"","vid_ya_published_before":"","vid_ya_playlists":"","vid_ya_channels":"","vid_ya_director":"","vid_ya_actor":"","vid_ya_author":"","vid_ya_import_post_date":"","vid_ya_status":"","vid_ya_sub_api_key":""},"vid_ads_m_videoads_settings_post":{"vid_ads_m_video_ads":"","vid_ads_m_video_ads_type":"","vid_ads_m_group_google_ima":"","vid_ads_m_group_image":"","vid_ads_m_group_html5_video":"","vid_ads_m_group_html":"","vid_ads_m_vast_preroll":"","vid_ads_m_vast_postroll":"","vid_ads_m_vast_pauseroll":"","vid_ads_m_vast_midroll":[{"vid_ads_m_vast_timer_seconds":"50"}],"vid_ads_m_time_to_show_ads":"","vid_ads_m_time_skip_ads":"","vid_ads_m_time_to_hide_ads":""},"page_slider_settings":{"display_slider_group":"","page_slider_group":""},"blog_page_settings":{"blog_page_title":"","blog_page_heading":"","blog_page_ic":"","blog_page_it":"","blog_page_ec":"","blog_page_ip":"","archive_loop_style":"","blog_image_ratio":"","blog_show_categories":"","blog_show_excerpt":"","blog_show_author":"","blog_show_date":"","blog_show_comment_count":"","blog_show_view_count":"","blog_show_like_count":"","blog_show_dislike_count":"","blog_items_per_page":"","blog_pag_type":""},"page_options":{"get_page_template":"","color_mode":"","main_layout":"","main_layout_full_with":"","main_logo":"","main_logo_retina":"","main_logo_mobile":"","main_logo_mobile_retina":"","sticky_logo":"","sticky_logo_retina":"","main_nav_layout":"","ajax_search":"","header_background":"","theme_sidebar":"","instagram_feed":"","instagram_feed_position":"","popular_videos":"","popular_videos_title_1":"","popular_videos_title_2":"","popular_videos_ic":"","popular_videos_it":"","theme_background":"","page_custom_css":""},"feature_image_settings":{"feature_image_position":""},"video_player_settings":{"single_video_style":"","video_player_position":"","vm_video_url":"","video_player_library":"","video_streaming":"","vm_media_sources":"","vid_auto_play":"","vm_video_shortcode":"","vid_p_sync_playlist":"","vid_c_sync_channel":"","get_post_format":"","multiple_links_structure":"default","multi_links_title":"","vm_video_multi_links":"","vm_duration":"","vid_social_locker":"off","vid_social_locker_id":"","vid_membership_action":"content-video","vm_video_trailer_url":"","vid_download_type":"free","vid_download_target":"download","vid_woo_product":"","vm_media_download":"","user_rating":"","user_rating_position":"","user_rating_mode":"","user_rating_multi_sets":""},"video_auto_fetch_settings":{"vm_video_fetch":"on"},"video_fake_views_likes":{"vm_fake_views":"","vm_fake_likes":"","vm_fake_dislikes":""},"gallery_settings":{"gallery_position":""},"quote_settings":{"quote_position":""},"post_options":{"main_layout":"","main_logo":"","main_logo_retina":"","main_logo_mobile":"","main_logo_mobile_retina":"","sticky_logo":"","sticky_logo_retina":"","main_nav_layout":"","header_background":"","theme_sidebar":"","single_post_comment_type":"","theme_background":""}},"_links":{"self":[{"href":"https:\/\/canal7slp.tv\/2019\/wp-json\/wp\/v2\/posts\/36785","targetHints":{"allow":["GET"]}}],"collection":[{"href":"https:\/\/canal7slp.tv\/2019\/wp-json\/wp\/v2\/posts"}],"about":[{"href":"https:\/\/canal7slp.tv\/2019\/wp-json\/wp\/v2\/types\/post"}],"author":[{"embeddable":true,"href":"https:\/\/canal7slp.tv\/2019\/wp-json\/wp\/v2\/users\/2"}],"replies":[{"embeddable":true,"href":"https:\/\/canal7slp.tv\/2019\/wp-json\/wp\/v2\/comments?post=36785"}],"version-history":[{"count":0,"href":"https:\/\/canal7slp.tv\/2019\/wp-json\/wp\/v2\/posts\/36785\/revisions"}],"wp:featuredmedia":[{"embeddable":true,"href":"https:\/\/canal7slp.tv\/2019\/wp-json\/wp\/v2\/media\/36786"}],"wp:attachment":[{"href":"https:\/\/canal7slp.tv\/2019\/wp-json\/wp\/v2\/media?parent=36785"}],"wp:term":[{"taxonomy":"category","embeddable":true,"href":"https:\/\/canal7slp.tv\/2019\/wp-json\/wp\/v2\/categories?post=36785"},{"taxonomy":"post_tag","embeddable":true,"href":"https:\/\/canal7slp.tv\/2019\/wp-json\/wp\/v2\/tags?post=36785"}],"curies":[{"name":"wp","href":"https:\/\/api.w.org\/{rel}","templated":true}]}}