{"id":36679,"date":"2019-07-20T11:58:58","date_gmt":"2019-07-20T16:58:58","guid":{"rendered":"https:\/\/canal7slp.tv\/2019\/?p=36679"},"modified":"2019-07-20T15:20:52","modified_gmt":"2019-07-20T20:20:52","slug":"suman-seis-los-particulares-interesados-en-comprar-el-avion-presidencial","status":"publish","type":"post","link":"https:\/\/canal7slp.tv\/2019\/suman-seis-los-particulares-interesados-en-comprar-el-avion-presidencial\/","title":{"rendered":"Suman seis los particulares interesados en comprar el avi\u00f3n presidencial"},"content":{"rendered":"<p style=\"text-align: justify;\">Tamu\u00edn, SLP.- El director general de Banobras, Jorge Mendoza S\u00e1nchez, anunci\u00f3 que ya hay seis compradores interesados en adquirir el avi\u00f3n presidencial &#8220;Jos\u00e9 Mar\u00eda Morelos y Pav\u00f3n&#8221;, todos ellos particulares y provenientes de Estados Unidos.<\/p>\n<p style=\"text-align: justify;\">Entrevistado en el marco de la gira de trabajo del presidente Andr\u00e9s Manuel L\u00f3pez Obrador por esta entidad, el funcionario federal indic\u00f3 que se trabaja con la Organizaci\u00f3n de las Naciones Unidas (ONU).<\/p>\n<p style=\"text-align: justify;\">&#8220;Tenemos seis interesados, de los cuales creemos que son propuestas serias y pues m\u00e1s adelante estaremos tomando una decisi\u00f3n, como gobierno, cu\u00e1l de esas es atractiva y si conviene o no&#8221;, expuso.<\/p>\n<p style=\"text-align: justify;\">Dijo que se est\u00e1 en proceso de revisar las propuestas, con el fin checar de d\u00f3nde vienen los recursos, la seriedad de cada una de ellas, para despu\u00e9s hacer una recomendaci\u00f3n al gobierno federal de cu\u00e1l podr\u00eda ser el comprador.<\/p>\n<p style=\"text-align: justify;\">Reconoci\u00f3 que se tiene informaci\u00f3n de las ofertas, pero no est\u00e1n en condiciones de publicar el monto, &#8220;lo vamos a hacer p\u00fablico m\u00e1s adelante, una vez que se tome la decisi\u00f3n&#8221;, y asever\u00f3 que ser\u00e1 el postor con el precio m\u00e1s alto, siempre y cuando califique y muestre la seriedad de su oferta.<\/p>\n<p style=\"text-align: justify;\">Aclar\u00f3 que ese avi\u00f3n lo compr\u00f3 Banobras y se lo arrend\u00f3 al gobierno federal &#8220;y estamos asegurando que al menos se pueda liquidar el arrendamiento que tiene el gobierno federal con Banobras, que es alrededor de dos mil 100 millones de pesos, como saldo&#8221;.<\/p>\n<p style=\"text-align: justify;\">Mendoza S\u00e1nchez a\u00f1adi\u00f3 que cualquier remanente adicional, &#8220;que seguramente va a haber&#8221;, se depositar\u00e1 a la Tesorer\u00eda de la federaci\u00f3n.<\/p>\n<p style=\"text-align: justify;\">&#8220;Las Naciones Unidas lleva el proceso, nosotros contratamos a las Naciones Unidas para que ellos nos apoyaran en la enajenaci\u00f3n de esta aeronave, durante este mes ellos est\u00e1n revisando los manifiestos de inter\u00e9s de cada una de las seis propuestas que tenemos, todas son norteamericanas&#8221;, subray\u00f3.<\/p>\n<p style=\"text-align: justify;\">Mencion\u00f3 que posteriormente se arrancar\u00e1 con el aval\u00fao de cada una de las dem\u00e1s aeronaves que se pondr\u00e1n en venta, para despu\u00e9s empezar el proceso de enajenaci\u00f3n.<\/p>\n","protected":false},"excerpt":{"rendered":"<p>Tamu\u00edn, SLP.- El director general de Banobras, Jorge Mendoza S\u00e1nchez, anunci\u00f3 que ya hay seis compradores interesados en adquirir el avi\u00f3n presidencial &#8220;Jos\u00e9 Mar\u00eda Morelos y Pav\u00f3n&#8221;, todos ellos particulares y provenientes de Estados Unidos. Entrevistado en el marco de la gira de trabajo del presidente Andr\u00e9s Manuel L\u00f3pez Obrador por esta entidad, el funcionario [&hellip;]<\/p>\n","protected":false},"author":2,"featured_media":36680,"comment_status":"open","ping_status":"closed","sticky":false,"template":"","format":"standard","meta":{"footnotes":""},"categories":[30],"tags":[],"class_list":["post-36679","post","type-post","status-publish","format-standard","has-post-thumbnail","hentry","category-nacional"],"yoast_head":"<!-- This site is optimized with the Yoast SEO plugin v27.5 - https:\/\/yoast.com\/product\/yoast-seo-wordpress\/ -->\n<title>Suman seis los particulares interesados en comprar el avi\u00f3n presidencial - Canal 7 SLP - 2019<\/title>\n<meta name=\"robots\" content=\"index, follow, max-snippet:-1, max-image-preview:large, max-video-preview:-1\" \/>\n<link rel=\"canonical\" href=\"https:\/\/canal7slp.tv\/2019\/suman-seis-los-particulares-interesados-en-comprar-el-avion-presidencial\/\" \/>\n<meta property=\"og:locale\" content=\"es_ES\" \/>\n<meta property=\"og:type\" content=\"article\" \/>\n<meta property=\"og:title\" content=\"Suman seis los particulares interesados en comprar el avi\u00f3n presidencial - Canal 7 SLP - 2019\" \/>\n<meta property=\"og:description\" content=\"Tamu\u00edn, SLP.- El director general de Banobras, Jorge Mendoza S\u00e1nchez, anunci\u00f3 que ya hay seis compradores interesados en adquirir el avi\u00f3n presidencial &#8220;Jos\u00e9 Mar\u00eda Morelos y Pav\u00f3n&#8221;, todos ellos particulares y provenientes de Estados Unidos. Entrevistado en el marco de la gira de trabajo del presidente Andr\u00e9s Manuel L\u00f3pez Obrador por esta entidad, el funcionario [&hellip;]\" \/>\n<meta property=\"og:url\" content=\"https:\/\/canal7slp.tv\/2019\/suman-seis-los-particulares-interesados-en-comprar-el-avion-presidencial\/\" \/>\n<meta property=\"og:site_name\" content=\"Canal 7 SLP - 2019\" \/>\n<meta property=\"article:publisher\" content=\"https:\/\/www.facebook.com\/CANAL7SLP\/\" \/>\n<meta property=\"article:published_time\" content=\"2019-07-20T16:58:58+00:00\" \/>\n<meta property=\"article:modified_time\" content=\"2019-07-20T20:20:52+00:00\" \/>\n<meta property=\"og:image\" content=\"https:\/\/canal7slp.tv\/2019\/wp-content\/uploads\/2019\/07\/1515-1.jpg\" \/>\n\t<meta property=\"og:image:width\" content=\"615\" \/>\n\t<meta property=\"og:image:height\" content=\"410\" \/>\n\t<meta property=\"og:image:type\" content=\"image\/jpeg\" \/>\n<meta name=\"author\" content=\"edicionweb\" \/>\n<meta name=\"twitter:card\" content=\"summary_large_image\" \/>\n<meta name=\"twitter:creator\" content=\"@canal7_slp\" \/>\n<meta name=\"twitter:site\" content=\"@canal7_slp\" \/>\n<meta name=\"twitter:label1\" content=\"Escrito por\" \/>\n\t<meta name=\"twitter:data1\" content=\"edicionweb\" \/>\n\t<meta name=\"twitter:label2\" content=\"Tiempo de lectura\" \/>\n\t<meta name=\"twitter:data2\" content=\"2 minutos\" \/>\n<script type=\"application\/ld+json\" class=\"yoast-schema-graph\">{\"@context\":\"https:\\\/\\\/schema.org\",\"@graph\":[{\"@type\":\"Article\",\"@id\":\"https:\\\/\\\/canal7slp.tv\\\/2019\\\/suman-seis-los-particulares-interesados-en-comprar-el-avion-presidencial\\\/#article\",\"isPartOf\":{\"@id\":\"https:\\\/\\\/canal7slp.tv\\\/2019\\\/suman-seis-los-particulares-interesados-en-comprar-el-avion-presidencial\\\/\"},\"author\":{\"name\":\"edicionweb\",\"@id\":\"https:\\\/\\\/canal7slp.tv\\\/2019\\\/#\\\/schema\\\/person\\\/11d941c1c6ca30ac0a46b95fa37aa2e3\"},\"headline\":\"Suman seis los particulares interesados en comprar el avi\u00f3n presidencial\",\"datePublished\":\"2019-07-20T16:58:58+00:00\",\"dateModified\":\"2019-07-20T20:20:52+00:00\",\"mainEntityOfPage\":{\"@id\":\"https:\\\/\\\/canal7slp.tv\\\/2019\\\/suman-seis-los-particulares-interesados-en-comprar-el-avion-presidencial\\\/\"},\"wordCount\":376,\"commentCount\":0,\"publisher\":{\"@id\":\"https:\\\/\\\/canal7slp.tv\\\/2019\\\/#organization\"},\"image\":{\"@id\":\"https:\\\/\\\/canal7slp.tv\\\/2019\\\/suman-seis-los-particulares-interesados-en-comprar-el-avion-presidencial\\\/#primaryimage\"},\"thumbnailUrl\":\"https:\\\/\\\/canal7slp.tv\\\/2019\\\/wp-content\\\/uploads\\\/2019\\\/07\\\/1515-1.jpg\",\"articleSection\":[\"NACIONAL\"],\"inLanguage\":\"es\",\"potentialAction\":[{\"@type\":\"CommentAction\",\"name\":\"Comment\",\"target\":[\"https:\\\/\\\/canal7slp.tv\\\/2019\\\/suman-seis-los-particulares-interesados-en-comprar-el-avion-presidencial\\\/#respond\"]}]},{\"@type\":\"WebPage\",\"@id\":\"https:\\\/\\\/canal7slp.tv\\\/2019\\\/suman-seis-los-particulares-interesados-en-comprar-el-avion-presidencial\\\/\",\"url\":\"https:\\\/\\\/canal7slp.tv\\\/2019\\\/suman-seis-los-particulares-interesados-en-comprar-el-avion-presidencial\\\/\",\"name\":\"Suman seis los particulares interesados en comprar el avi\u00f3n presidencial - Canal 7 SLP - 2019\",\"isPartOf\":{\"@id\":\"https:\\\/\\\/canal7slp.tv\\\/2019\\\/#website\"},\"primaryImageOfPage\":{\"@id\":\"https:\\\/\\\/canal7slp.tv\\\/2019\\\/suman-seis-los-particulares-interesados-en-comprar-el-avion-presidencial\\\/#primaryimage\"},\"image\":{\"@id\":\"https:\\\/\\\/canal7slp.tv\\\/2019\\\/suman-seis-los-particulares-interesados-en-comprar-el-avion-presidencial\\\/#primaryimage\"},\"thumbnailUrl\":\"https:\\\/\\\/canal7slp.tv\\\/2019\\\/wp-content\\\/uploads\\\/2019\\\/07\\\/1515-1.jpg\",\"datePublished\":\"2019-07-20T16:58:58+00:00\",\"dateModified\":\"2019-07-20T20:20:52+00:00\",\"breadcrumb\":{\"@id\":\"https:\\\/\\\/canal7slp.tv\\\/2019\\\/suman-seis-los-particulares-interesados-en-comprar-el-avion-presidencial\\\/#breadcrumb\"},\"inLanguage\":\"es\",\"potentialAction\":[{\"@type\":\"ReadAction\",\"target\":[\"https:\\\/\\\/canal7slp.tv\\\/2019\\\/suman-seis-los-particulares-interesados-en-comprar-el-avion-presidencial\\\/\"]}]},{\"@type\":\"ImageObject\",\"inLanguage\":\"es\",\"@id\":\"https:\\\/\\\/canal7slp.tv\\\/2019\\\/suman-seis-los-particulares-interesados-en-comprar-el-avion-presidencial\\\/#primaryimage\",\"url\":\"https:\\\/\\\/canal7slp.tv\\\/2019\\\/wp-content\\\/uploads\\\/2019\\\/07\\\/1515-1.jpg\",\"contentUrl\":\"https:\\\/\\\/canal7slp.tv\\\/2019\\\/wp-content\\\/uploads\\\/2019\\\/07\\\/1515-1.jpg\",\"width\":615,\"height\":410},{\"@type\":\"BreadcrumbList\",\"@id\":\"https:\\\/\\\/canal7slp.tv\\\/2019\\\/suman-seis-los-particulares-interesados-en-comprar-el-avion-presidencial\\\/#breadcrumb\",\"itemListElement\":[{\"@type\":\"ListItem\",\"position\":1,\"name\":\"Home\",\"item\":\"https:\\\/\\\/canal7slp.tv\\\/2019\\\/\"},{\"@type\":\"ListItem\",\"position\":2,\"name\":\"Suman seis los particulares interesados en comprar el avi\u00f3n presidencial\"}]},{\"@type\":\"WebSite\",\"@id\":\"https:\\\/\\\/canal7slp.tv\\\/2019\\\/#website\",\"url\":\"https:\\\/\\\/canal7slp.tv\\\/2019\\\/\",\"name\":\"Canal 7 SLP - Somos TV\",\"description\":\"Somos un Canal de 10\",\"publisher\":{\"@id\":\"https:\\\/\\\/canal7slp.tv\\\/2019\\\/#organization\"},\"potentialAction\":[{\"@type\":\"SearchAction\",\"target\":{\"@type\":\"EntryPoint\",\"urlTemplate\":\"https:\\\/\\\/canal7slp.tv\\\/2019\\\/?s={search_term_string}\"},\"query-input\":{\"@type\":\"PropertyValueSpecification\",\"valueRequired\":true,\"valueName\":\"search_term_string\"}}],\"inLanguage\":\"es\"},{\"@type\":\"Organization\",\"@id\":\"https:\\\/\\\/canal7slp.tv\\\/2019\\\/#organization\",\"name\":\"Comunicaci\u00f3n 2000 S.A. de C.V.\",\"url\":\"https:\\\/\\\/canal7slp.tv\\\/2019\\\/\",\"logo\":{\"@type\":\"ImageObject\",\"inLanguage\":\"es\",\"@id\":\"https:\\\/\\\/canal7slp.tv\\\/2019\\\/#\\\/schema\\\/logo\\\/image\\\/\",\"url\":\"https:\\\/\\\/canal7slp.tv\\\/2019\\\/wp-content\\\/uploads\\\/2019\\\/07\\\/logo-c7.png\",\"contentUrl\":\"https:\\\/\\\/canal7slp.tv\\\/2019\\\/wp-content\\\/uploads\\\/2019\\\/07\\\/logo-c7.png\",\"width\":220,\"height\":60,\"caption\":\"Comunicaci\u00f3n 2000 S.A. de C.V.\"},\"image\":{\"@id\":\"https:\\\/\\\/canal7slp.tv\\\/2019\\\/#\\\/schema\\\/logo\\\/image\\\/\"},\"sameAs\":[\"https:\\\/\\\/www.facebook.com\\\/CANAL7SLP\\\/\",\"https:\\\/\\\/x.com\\\/canal7_slp\",\"https:\\\/\\\/www.instagram.com\\\/canal7_slp\",\"https:\\\/\\\/www.youtube.com\\\/user\\\/NOTICIEROSCANAL7SLP\\\/\"]},{\"@type\":\"Person\",\"@id\":\"https:\\\/\\\/canal7slp.tv\\\/2019\\\/#\\\/schema\\\/person\\\/11d941c1c6ca30ac0a46b95fa37aa2e3\",\"name\":\"edicionweb\",\"image\":{\"@type\":\"ImageObject\",\"inLanguage\":\"es\",\"@id\":\"https:\\\/\\\/secure.gravatar.com\\\/avatar\\\/eee448fc3f7164808013b816ba91ac7e43bbe82a70bebac296f8bc6f0addaa1a?s=96&d=mm&r=g\",\"url\":\"https:\\\/\\\/secure.gravatar.com\\\/avatar\\\/eee448fc3f7164808013b816ba91ac7e43bbe82a70bebac296f8bc6f0addaa1a?s=96&d=mm&r=g\",\"contentUrl\":\"https:\\\/\\\/secure.gravatar.com\\\/avatar\\\/eee448fc3f7164808013b816ba91ac7e43bbe82a70bebac296f8bc6f0addaa1a?s=96&d=mm&r=g\",\"caption\":\"edicionweb\"}}]}<\/script>\n<!-- \/ Yoast SEO plugin. -->","yoast_head_json":{"title":"Suman seis los particulares interesados en comprar el avi\u00f3n presidencial - Canal 7 SLP - 2019","robots":{"index":"index","follow":"follow","max-snippet":"max-snippet:-1","max-image-preview":"max-image-preview:large","max-video-preview":"max-video-preview:-1"},"canonical":"https:\/\/canal7slp.tv\/2019\/suman-seis-los-particulares-interesados-en-comprar-el-avion-presidencial\/","og_locale":"es_ES","og_type":"article","og_title":"Suman seis los particulares interesados en comprar el avi\u00f3n presidencial - Canal 7 SLP - 2019","og_description":"Tamu\u00edn, SLP.- El director general de Banobras, Jorge Mendoza S\u00e1nchez, anunci\u00f3 que ya hay seis compradores interesados en adquirir el avi\u00f3n presidencial &#8220;Jos\u00e9 Mar\u00eda Morelos y Pav\u00f3n&#8221;, todos ellos particulares y provenientes de Estados Unidos. Entrevistado en el marco de la gira de trabajo del presidente Andr\u00e9s Manuel L\u00f3pez Obrador por esta entidad, el funcionario [&hellip;]","og_url":"https:\/\/canal7slp.tv\/2019\/suman-seis-los-particulares-interesados-en-comprar-el-avion-presidencial\/","og_site_name":"Canal 7 SLP - 2019","article_publisher":"https:\/\/www.facebook.com\/CANAL7SLP\/","article_published_time":"2019-07-20T16:58:58+00:00","article_modified_time":"2019-07-20T20:20:52+00:00","og_image":[{"width":615,"height":410,"url":"https:\/\/canal7slp.tv\/2019\/wp-content\/uploads\/2019\/07\/1515-1.jpg","type":"image\/jpeg"}],"author":"edicionweb","twitter_card":"summary_large_image","twitter_creator":"@canal7_slp","twitter_site":"@canal7_slp","twitter_misc":{"Escrito por":"edicionweb","Tiempo de lectura":"2 minutos"},"schema":{"@context":"https:\/\/schema.org","@graph":[{"@type":"Article","@id":"https:\/\/canal7slp.tv\/2019\/suman-seis-los-particulares-interesados-en-comprar-el-avion-presidencial\/#article","isPartOf":{"@id":"https:\/\/canal7slp.tv\/2019\/suman-seis-los-particulares-interesados-en-comprar-el-avion-presidencial\/"},"author":{"name":"edicionweb","@id":"https:\/\/canal7slp.tv\/2019\/#\/schema\/person\/11d941c1c6ca30ac0a46b95fa37aa2e3"},"headline":"Suman seis los particulares interesados en comprar el avi\u00f3n presidencial","datePublished":"2019-07-20T16:58:58+00:00","dateModified":"2019-07-20T20:20:52+00:00","mainEntityOfPage":{"@id":"https:\/\/canal7slp.tv\/2019\/suman-seis-los-particulares-interesados-en-comprar-el-avion-presidencial\/"},"wordCount":376,"commentCount":0,"publisher":{"@id":"https:\/\/canal7slp.tv\/2019\/#organization"},"image":{"@id":"https:\/\/canal7slp.tv\/2019\/suman-seis-los-particulares-interesados-en-comprar-el-avion-presidencial\/#primaryimage"},"thumbnailUrl":"https:\/\/canal7slp.tv\/2019\/wp-content\/uploads\/2019\/07\/1515-1.jpg","articleSection":["NACIONAL"],"inLanguage":"es","potentialAction":[{"@type":"CommentAction","name":"Comment","target":["https:\/\/canal7slp.tv\/2019\/suman-seis-los-particulares-interesados-en-comprar-el-avion-presidencial\/#respond"]}]},{"@type":"WebPage","@id":"https:\/\/canal7slp.tv\/2019\/suman-seis-los-particulares-interesados-en-comprar-el-avion-presidencial\/","url":"https:\/\/canal7slp.tv\/2019\/suman-seis-los-particulares-interesados-en-comprar-el-avion-presidencial\/","name":"Suman seis los particulares interesados en comprar el avi\u00f3n presidencial - Canal 7 SLP - 2019","isPartOf":{"@id":"https:\/\/canal7slp.tv\/2019\/#website"},"primaryImageOfPage":{"@id":"https:\/\/canal7slp.tv\/2019\/suman-seis-los-particulares-interesados-en-comprar-el-avion-presidencial\/#primaryimage"},"image":{"@id":"https:\/\/canal7slp.tv\/2019\/suman-seis-los-particulares-interesados-en-comprar-el-avion-presidencial\/#primaryimage"},"thumbnailUrl":"https:\/\/canal7slp.tv\/2019\/wp-content\/uploads\/2019\/07\/1515-1.jpg","datePublished":"2019-07-20T16:58:58+00:00","dateModified":"2019-07-20T20:20:52+00:00","breadcrumb":{"@id":"https:\/\/canal7slp.tv\/2019\/suman-seis-los-particulares-interesados-en-comprar-el-avion-presidencial\/#breadcrumb"},"inLanguage":"es","potentialAction":[{"@type":"ReadAction","target":["https:\/\/canal7slp.tv\/2019\/suman-seis-los-particulares-interesados-en-comprar-el-avion-presidencial\/"]}]},{"@type":"ImageObject","inLanguage":"es","@id":"https:\/\/canal7slp.tv\/2019\/suman-seis-los-particulares-interesados-en-comprar-el-avion-presidencial\/#primaryimage","url":"https:\/\/canal7slp.tv\/2019\/wp-content\/uploads\/2019\/07\/1515-1.jpg","contentUrl":"https:\/\/canal7slp.tv\/2019\/wp-content\/uploads\/2019\/07\/1515-1.jpg","width":615,"height":410},{"@type":"BreadcrumbList","@id":"https:\/\/canal7slp.tv\/2019\/suman-seis-los-particulares-interesados-en-comprar-el-avion-presidencial\/#breadcrumb","itemListElement":[{"@type":"ListItem","position":1,"name":"Home","item":"https:\/\/canal7slp.tv\/2019\/"},{"@type":"ListItem","position":2,"name":"Suman seis los particulares interesados en comprar el avi\u00f3n presidencial"}]},{"@type":"WebSite","@id":"https:\/\/canal7slp.tv\/2019\/#website","url":"https:\/\/canal7slp.tv\/2019\/","name":"Canal 7 SLP - Somos TV","description":"Somos un Canal de 10","publisher":{"@id":"https:\/\/canal7slp.tv\/2019\/#organization"},"potentialAction":[{"@type":"SearchAction","target":{"@type":"EntryPoint","urlTemplate":"https:\/\/canal7slp.tv\/2019\/?s={search_term_string}"},"query-input":{"@type":"PropertyValueSpecification","valueRequired":true,"valueName":"search_term_string"}}],"inLanguage":"es"},{"@type":"Organization","@id":"https:\/\/canal7slp.tv\/2019\/#organization","name":"Comunicaci\u00f3n 2000 S.A. de C.V.","url":"https:\/\/canal7slp.tv\/2019\/","logo":{"@type":"ImageObject","inLanguage":"es","@id":"https:\/\/canal7slp.tv\/2019\/#\/schema\/logo\/image\/","url":"https:\/\/canal7slp.tv\/2019\/wp-content\/uploads\/2019\/07\/logo-c7.png","contentUrl":"https:\/\/canal7slp.tv\/2019\/wp-content\/uploads\/2019\/07\/logo-c7.png","width":220,"height":60,"caption":"Comunicaci\u00f3n 2000 S.A. de C.V."},"image":{"@id":"https:\/\/canal7slp.tv\/2019\/#\/schema\/logo\/image\/"},"sameAs":["https:\/\/www.facebook.com\/CANAL7SLP\/","https:\/\/x.com\/canal7_slp","https:\/\/www.instagram.com\/canal7_slp","https:\/\/www.youtube.com\/user\/NOTICIEROSCANAL7SLP\/"]},{"@type":"Person","@id":"https:\/\/canal7slp.tv\/2019\/#\/schema\/person\/11d941c1c6ca30ac0a46b95fa37aa2e3","name":"edicionweb","image":{"@type":"ImageObject","inLanguage":"es","@id":"https:\/\/secure.gravatar.com\/avatar\/eee448fc3f7164808013b816ba91ac7e43bbe82a70bebac296f8bc6f0addaa1a?s=96&d=mm&r=g","url":"https:\/\/secure.gravatar.com\/avatar\/eee448fc3f7164808013b816ba91ac7e43bbe82a70bebac296f8bc6f0addaa1a?s=96&d=mm&r=g","contentUrl":"https:\/\/secure.gravatar.com\/avatar\/eee448fc3f7164808013b816ba91ac7e43bbe82a70bebac296f8bc6f0addaa1a?s=96&d=mm&r=g","caption":"edicionweb"}}]}},"amp_enabled":true,"cmb2":{"video_ids_in_playlist":{"vid_p_videos":""},"video_ids_in_channel":{"vid_c_videos":""},"playlist_ids_in_channel":{"vid_c_playlists":""},"series_ids_in_channel":{"vid_c_series":""},"channel_images":{"vid_c_logo":"","vid_c_banner":""},"poster_feature_image":{"vid_m_poster_image":""},"gif_feature_image":{"vid_m_gif_image":""},"video_movie_settings":{"vid_m_director":"","vid_m_actor":"","vid_m_imdb_ratings":"","vid_m_amazon_associates":""},"vid_youtube_broadcasts_settings":{"vid_yb_broadcast_title":"","vid_yb_q":"","vid_yb_channelid":"","vid_yb_videocategoryid":"","vid_yb_maxresults":"","vid_yb_order":"","vid_yb_regioncode":"","vid_yb_videosyndicated":"","vid_yb_style":"","vid_yb_reload_first":""},"video_series_settings":{"vid_m_director":"","vid_m_actor":"","vid_m_imdb_ratings":"","video_series_group":""},"amazon_associates_settings":{"amazon_associates":"","amazon_native_ad":""},"vid_youtube_automatic_settings":{"vid_ya_youtube_source":"","vid_ya_update_every":"","vid_ya_update_unit":"","vid_ya_categories":"","vid_ya_published_after":"","vid_ya_published_before":"","vid_ya_playlists":"","vid_ya_channels":"","vid_ya_director":"","vid_ya_actor":"","vid_ya_author":"","vid_ya_import_post_date":"","vid_ya_status":"","vid_ya_sub_api_key":""},"vid_ads_m_videoads_settings_post":{"vid_ads_m_video_ads":"","vid_ads_m_video_ads_type":"","vid_ads_m_group_google_ima":"","vid_ads_m_group_image":"","vid_ads_m_group_html5_video":"","vid_ads_m_group_html":"","vid_ads_m_vast_preroll":"","vid_ads_m_vast_postroll":"","vid_ads_m_vast_pauseroll":"","vid_ads_m_vast_midroll":[{"vid_ads_m_vast_timer_seconds":"50"}],"vid_ads_m_time_to_show_ads":"","vid_ads_m_time_skip_ads":"","vid_ads_m_time_to_hide_ads":""},"page_slider_settings":{"display_slider_group":"","page_slider_group":""},"blog_page_settings":{"blog_page_title":"","blog_page_heading":"","blog_page_ic":"","blog_page_it":"","blog_page_ec":"","blog_page_ip":"","archive_loop_style":"","blog_image_ratio":"","blog_show_categories":"","blog_show_excerpt":"","blog_show_author":"","blog_show_date":"","blog_show_comment_count":"","blog_show_view_count":"","blog_show_like_count":"","blog_show_dislike_count":"","blog_items_per_page":"","blog_pag_type":""},"page_options":{"get_page_template":"","color_mode":"","main_layout":"","main_layout_full_with":"","main_logo":"","main_logo_retina":"","main_logo_mobile":"","main_logo_mobile_retina":"","sticky_logo":"","sticky_logo_retina":"","main_nav_layout":"","ajax_search":"","header_background":"","theme_sidebar":"","instagram_feed":"","instagram_feed_position":"","popular_videos":"","popular_videos_title_1":"","popular_videos_title_2":"","popular_videos_ic":"","popular_videos_it":"","theme_background":"","page_custom_css":""},"feature_image_settings":{"feature_image_position":""},"video_player_settings":{"single_video_style":"","video_player_position":"","vm_video_url":"","video_player_library":"","video_streaming":"","vm_media_sources":"","vid_auto_play":"","vm_video_shortcode":"","vid_p_sync_playlist":"","vid_c_sync_channel":"","get_post_format":"","multiple_links_structure":"default","multi_links_title":"","vm_video_multi_links":"","vm_duration":"","vid_social_locker":"off","vid_social_locker_id":"","vid_membership_action":"content-video","vm_video_trailer_url":"","vid_download_type":"free","vid_download_target":"download","vid_woo_product":"","vm_media_download":"","user_rating":"","user_rating_position":"","user_rating_mode":"","user_rating_multi_sets":""},"video_auto_fetch_settings":{"vm_video_fetch":"on"},"video_fake_views_likes":{"vm_fake_views":"","vm_fake_likes":"","vm_fake_dislikes":""},"gallery_settings":{"gallery_position":""},"quote_settings":{"quote_position":""},"post_options":{"main_layout":"","main_logo":"","main_logo_retina":"","main_logo_mobile":"","main_logo_mobile_retina":"","sticky_logo":"","sticky_logo_retina":"","main_nav_layout":"","header_background":"","theme_sidebar":"","single_post_comment_type":"","theme_background":""}},"_links":{"self":[{"href":"https:\/\/canal7slp.tv\/2019\/wp-json\/wp\/v2\/posts\/36679","targetHints":{"allow":["GET"]}}],"collection":[{"href":"https:\/\/canal7slp.tv\/2019\/wp-json\/wp\/v2\/posts"}],"about":[{"href":"https:\/\/canal7slp.tv\/2019\/wp-json\/wp\/v2\/types\/post"}],"author":[{"embeddable":true,"href":"https:\/\/canal7slp.tv\/2019\/wp-json\/wp\/v2\/users\/2"}],"replies":[{"embeddable":true,"href":"https:\/\/canal7slp.tv\/2019\/wp-json\/wp\/v2\/comments?post=36679"}],"version-history":[{"count":0,"href":"https:\/\/canal7slp.tv\/2019\/wp-json\/wp\/v2\/posts\/36679\/revisions"}],"wp:featuredmedia":[{"embeddable":true,"href":"https:\/\/canal7slp.tv\/2019\/wp-json\/wp\/v2\/media\/36680"}],"wp:attachment":[{"href":"https:\/\/canal7slp.tv\/2019\/wp-json\/wp\/v2\/media?parent=36679"}],"wp:term":[{"taxonomy":"category","embeddable":true,"href":"https:\/\/canal7slp.tv\/2019\/wp-json\/wp\/v2\/categories?post=36679"},{"taxonomy":"post_tag","embeddable":true,"href":"https:\/\/canal7slp.tv\/2019\/wp-json\/wp\/v2\/tags?post=36679"}],"curies":[{"name":"wp","href":"https:\/\/api.w.org\/{rel}","templated":true}]}}