{"id":36673,"date":"2019-07-20T11:49:13","date_gmt":"2019-07-20T16:49:13","guid":{"rendered":"https:\/\/canal7slp.tv\/2019\/?p=36673"},"modified":"2019-07-20T11:49:13","modified_gmt":"2019-07-20T16:49:13","slug":"conquista-mexicano-yael-martinez-el-world-press-photo-2019","status":"publish","type":"post","link":"https:\/\/canal7slp.tv\/2019\/conquista-mexicano-yael-martinez-el-world-press-photo-2019\/","title":{"rendered":"Conquista mexicano Yael Mart\u00ednez el World Press Photo 2019"},"content":{"rendered":"<p style=\"text-align: justify;\">M\u00e9xico.- Quer\u00eda ser fot\u00f3grafo, pero no ten\u00eda c\u00e1mara ni hab\u00eda hecho foto alguna. Quizo estudiar en una universidad en Morelos, pero lo rechazaron por no saber siquiera las nociones b\u00e1sicas. Ded\u00edcate a otra cosa, le dijeron a Yael Mart\u00ednez.<\/p>\n<p style=\"text-align: justify;\">&#8220;Recuerdo que mi hermana me coment\u00f3 que hab\u00eda una escuela t\u00e9cnica en Cuernavaca y decid\u00ed entrar, justamente para aprender las nociones b\u00e1sicas de la fotograf\u00eda y entender qu\u00e9 era. Tuve grandes maestros&#8221;, mencion\u00f3.<\/p>\n<p style=\"text-align: justify;\">As\u00ed, fue el inicio de un gran camino para Yael Mart\u00ednez, fotoperiodista mexicano ganador del segundo lugar en la categor\u00eda de &#8220;Proyectos a largo plazo&#8221; de la edici\u00f3n 62 del\u00a0<em>World Press Photo 2019<\/em>, por la serie\u00a0<em>La casa que sangra<\/em>, im\u00e1genes capturadas entre 2013 y 2018 que ha abordado desde un punto de vista personal.<\/p>\n<p style=\"text-align: justify;\"><strong>Inicios<\/strong><\/p>\n<p style=\"text-align: justify;\">El comienzo se dio cuando estudiaba la preparatoria y descubri\u00f3 a autores como Graciela Iturbide, Manuel \u00c1lvarez Bravo y Josef Koudelka. Entonces le dijo a su pap\u00e1 que le encantar\u00eda ser fot\u00f3grafo, contar esas historias a trav\u00e9s de im\u00e1genes, a lo que le contest\u00f3: &#8220;Te apoyo, pero tienes que estar consciente de las limitaciones o que tal vez, en este contexto social, no lo puedas hacer&#8221;.<\/p>\n<p style=\"text-align: justify;\">Eso fue para Yael un motor y todo su trabajo fotogr\u00e1fico ha sido sobre su estado natal, identidad y cultura. &#8220;Tal vez no puedo viajar al otro lado del mundo, pero aqu\u00ed hay historias muy importantes que tienen que ser contadas, por lo que empec\u00e9 a generar testimonios que importan dentro de mi aspecto y mi formaci\u00f3n como persona&#8221;, refiri\u00f3.<\/p>\n<p style=\"text-align: justify;\">En entrevista con\u00a0<strong>Notimex<\/strong>, el fot\u00f3grafo de 35 a\u00f1os nacido en Taxco, Guerrero, coment\u00f3 que en ese proceso tuvo la fortuna de empezar a trabajar como asistente de un fot\u00f3grafo de arquitectura, que fue de gran val\u00eda para su formaci\u00f3n, y empezar a entender el tiempo y espacio.<\/p>\n<p style=\"text-align: justify;\">No obstante lo que buscaba era hacer fotograf\u00eda m\u00e1s humanista, documental, se decidi\u00f3 a continuar bajo esa l\u00ednea, y fue entonces que en 2008 gan\u00f3 una beca estatal que lo llev\u00f3 a estudiar en el Centro de las Artes de San Agust\u00edn, y a la Fototeca de Pachuca.<\/p>\n<p style=\"text-align: justify;\">&#8220;En 2015 conoc\u00ed en Oaxaca a una editora que trabajaba en la agencia fotogr\u00e1fica Magnum, y me nomin\u00f3 a un premio en la Fundaci\u00f3n Magnum, en Nueva York, y lo gan\u00e9. Fue el primer premio internacional que tuve, un parteguas que me abri\u00f3 para que el proyecto comenzara a ser visto fuera y dentro de M\u00e9xico&#8221;, se\u00f1al\u00f3.<\/p>\n<p style=\"text-align: justify;\">Hasta ese momento la mayor parte del proceso era personal y despu\u00e9s de dicho premio se abrieron otras posibilidades para colaborar con medios internacionales. &#8220;Recuerdo que en 2015, con este proyecto, me nomin\u00f3 una editora estadunidense para un taller que hace World Press Photo, Joop Swart Masterclass, un piloto regional sobre Latinoam\u00e9rica. Llegu\u00e9 a ese espacio sin publicar algo en un medio nacional&#8221;, dijo.<\/p>\n<p style=\"text-align: justify;\"><strong>Camino al World Press Photo 2019<\/strong><\/p>\n<p style=\"text-align: justify;\">Yael Mart\u00ednez comenz\u00f3 a documentar el tema de las desapariciones de personas en el estado de Guerrero ante la p\u00e9rdida de tres familiares, la desaparici\u00f3n de dos cu\u00f1ados y el asesinato de otro m\u00e1s, y su primera reacci\u00f3n fue tratar de entenderlo y mostrarlo a trav\u00e9s de la fotograf\u00eda. En ese momento ten\u00eda una beca del Fonca con la que trabajar\u00eda en un tema sobre plateros orfebres.<\/p>\n<p style=\"text-align: justify;\">&#8220;Entonces cambi\u00e9 el tema porque en lo \u00fanico que yo pod\u00eda pensar y generar era sobre esa situaci\u00f3n. El hecho de poder reflexionar el tema con mi familia y con otras personas que estaban viviendo la misma situaci\u00f3n, y rebotarlo con un grupo de colegas, ayud\u00f3 a que el proyecto fuera madurando y evolucionando&#8221;, indic\u00f3.<\/p>\n<p style=\"text-align: justify;\">La idea era trabajar desde un aspecto m\u00e1s \u00edntimo para que se volviera un tanto herm\u00e9tico y que no pusiera en riesgo a la gente que estuviera colaborando, pues muchas veces las familias son retratadas en territorios complejos donde la violencia y la desaparici\u00f3n forzada es un tema de todos los d\u00edas.<\/p>\n<p style=\"text-align: justify;\">&#8220;Hay personas que est\u00e1n en grupos, y por el grado de exposici\u00f3n y vulnerabilidad es dif\u00edcil trabajar con ellos; por eso son temas lentos, tienes que ganarte su confianza y tener empat\u00eda para que te abran la puerta. La mayor parte de mi trabajo lo he hecho en Guerrero y en Sinaloa&#8221;, refiri\u00f3 Yael Mart\u00ednez.<\/p>\n<p style=\"text-align: justify;\">Lo anterior debido a que el tema de la corrupci\u00f3n y la impunidad ha venido generando problem\u00e1ticas m\u00e1s complejas que han llevado hasta este punto de las desapariciones forzadas.<\/p>\n<p style=\"text-align: justify;\">La serie\u00a0<em>La casa que sangra<\/em>\u00a0est\u00e1 conformada por 30 im\u00e1genes capturadas en su estado natal, desde el 8 de octubre de 2003 hasta el 4 de noviembre de 2018, en la que su familia es la protagonista, junto con otras del estado y de Sinaloa.<\/p>\n<p style=\"text-align: justify;\">Explic\u00f3 que el t\u00edtulo hace referencia a la casa como una analog\u00eda a un cuerpo, a una familia, comunidad o pa\u00eds. Empezar a hablarlo, dijo, desde un plano personal y poco a poco verlo c\u00f3mo se convierte en otra familia, en un pa\u00eds, en cifras oficiales, en m\u00e1s de 35 mil personas desaparecidas y m\u00e1s de 250 mil muertos por la violencia en M\u00e9xico.<\/p>\n<p style=\"text-align: justify;\">&#8220;Para m\u00ed fue una sorpresa (el premio), no lo esperaba por el hecho de que el trabajo no es tradicional, no es fotoreportaje, sino m\u00e1s bien analog\u00edas del dolor, de ausencia, de vac\u00edo. Saberme ganador en el World Press Photo 2019 me hizo muy feliz. Se abre la posibilidad de que las historias puedan ser contadas desde distintas perspectivas&#8221;, manifest\u00f3.<\/p>\n<p style=\"text-align: justify;\"><strong>Necesarios programas educativos gratuitos<\/strong><\/p>\n<p style=\"text-align: justify;\">Para el fot\u00f3grafo es vital que en el pa\u00eds siga habiendo programas educativos gratuitos y becas art\u00edsticas para generar proyectos que no pueden ser documentados o retratados a trav\u00e9s de los medios nacionales o la industria, y es fundamental contar con estos espacios para seguir reflexionando acerca de temas que importan a la comunidad.<\/p>\n<p style=\"text-align: justify;\">Por ello, el mensaje de Yael para quienes se encuentran preparando profesionalmente en el proceso de capturar im\u00e1genes mediante alg\u00fan dispositivo tecnol\u00f3gico, es creer en s\u00ed mismos y en la importancia de la fotograf\u00eda mexicana en el mundo.<\/p>\n<p style=\"text-align: justify;\">&#8220;Todo es posible y lo importante es seguir trabajando, realizar proyectos que les muevan y que les signifique mucho. Siempre vamos a encontrar dificultades para contar estas historias. Por eso siempre digo: elige un proyecto que te signifique mucho para que no importen las dificultades, y trates de encontrar salidas y lo lleves a cabo&#8221;, indic\u00f3.<\/p>\n<p style=\"text-align: justify;\">Yael Mart\u00ednez ha enfrentado situaciones de riesgo al cubrir otros temas que no involucran las desapariciones forzadas. Emigr\u00f3 del pa\u00eds para comprarse su equipo fotogr\u00e1fico. No tiene pasatiempos, siempre est\u00e1 trabajando. Su tiempo libre se lo dedica a su esposa y a sus tres hijas.<\/p>\n<p style=\"text-align: justify;\">La mayor, de nueve a\u00f1os, ha mostrado la inquietud por la fotograf\u00eda. Ya ha participado en concursos y obtuvo una c\u00e1mara de premio. A la de cuatro a\u00f1os le gusta pintar, y a la peque\u00f1a, de dos a\u00f1os, apenas est\u00e1 aprendiendo a hablar.<\/p>\n","protected":false},"excerpt":{"rendered":"<p>M\u00e9xico.- Quer\u00eda ser fot\u00f3grafo, pero no ten\u00eda c\u00e1mara ni hab\u00eda hecho foto alguna. Quizo estudiar en una universidad en Morelos, pero lo rechazaron por no saber siquiera las nociones b\u00e1sicas. Ded\u00edcate a otra cosa, le dijeron a Yael Mart\u00ednez. &#8220;Recuerdo que mi hermana me coment\u00f3 que hab\u00eda una escuela t\u00e9cnica en Cuernavaca y decid\u00ed entrar, [&hellip;]<\/p>\n","protected":false},"author":2,"featured_media":36674,"comment_status":"open","ping_status":"closed","sticky":false,"template":"","format":"standard","meta":{"footnotes":""},"categories":[25],"tags":[],"class_list":["post-36673","post","type-post","status-publish","format-standard","has-post-thumbnail","hentry","category-cultura"],"yoast_head":"<!-- This site is optimized with the Yoast SEO plugin v27.5 - https:\/\/yoast.com\/product\/yoast-seo-wordpress\/ -->\n<title>Conquista mexicano Yael Mart\u00ednez el World Press Photo 2019 - Canal 7 SLP - 2019<\/title>\n<meta name=\"robots\" content=\"index, follow, max-snippet:-1, max-image-preview:large, max-video-preview:-1\" \/>\n<link rel=\"canonical\" href=\"https:\/\/canal7slp.tv\/2019\/conquista-mexicano-yael-martinez-el-world-press-photo-2019\/\" \/>\n<meta property=\"og:locale\" content=\"es_ES\" \/>\n<meta property=\"og:type\" content=\"article\" \/>\n<meta property=\"og:title\" content=\"Conquista mexicano Yael Mart\u00ednez el World Press Photo 2019 - Canal 7 SLP - 2019\" \/>\n<meta property=\"og:description\" content=\"M\u00e9xico.- Quer\u00eda ser fot\u00f3grafo, pero no ten\u00eda c\u00e1mara ni hab\u00eda hecho foto alguna. Quizo estudiar en una universidad en Morelos, pero lo rechazaron por no saber siquiera las nociones b\u00e1sicas. Ded\u00edcate a otra cosa, le dijeron a Yael Mart\u00ednez. &#8220;Recuerdo que mi hermana me coment\u00f3 que hab\u00eda una escuela t\u00e9cnica en Cuernavaca y decid\u00ed entrar, [&hellip;]\" \/>\n<meta property=\"og:url\" content=\"https:\/\/canal7slp.tv\/2019\/conquista-mexicano-yael-martinez-el-world-press-photo-2019\/\" \/>\n<meta property=\"og:site_name\" content=\"Canal 7 SLP - 2019\" \/>\n<meta property=\"article:publisher\" content=\"https:\/\/www.facebook.com\/CANAL7SLP\/\" \/>\n<meta property=\"article:published_time\" content=\"2019-07-20T16:49:13+00:00\" \/>\n<meta property=\"og:image\" content=\"https:\/\/canal7slp.tv\/2019\/wp-content\/uploads\/2019\/07\/1445-2.jpg\" \/>\n\t<meta property=\"og:image:width\" content=\"642\" \/>\n\t<meta property=\"og:image:height\" content=\"410\" \/>\n\t<meta property=\"og:image:type\" content=\"image\/jpeg\" \/>\n<meta name=\"author\" content=\"edicionweb\" \/>\n<meta name=\"twitter:card\" content=\"summary_large_image\" \/>\n<meta name=\"twitter:creator\" content=\"@canal7_slp\" \/>\n<meta name=\"twitter:site\" content=\"@canal7_slp\" \/>\n<meta name=\"twitter:label1\" content=\"Escrito por\" \/>\n\t<meta name=\"twitter:data1\" content=\"edicionweb\" \/>\n\t<meta name=\"twitter:label2\" content=\"Tiempo de lectura\" \/>\n\t<meta name=\"twitter:data2\" content=\"6 minutos\" \/>\n<script type=\"application\/ld+json\" class=\"yoast-schema-graph\">{\"@context\":\"https:\\\/\\\/schema.org\",\"@graph\":[{\"@type\":\"Article\",\"@id\":\"https:\\\/\\\/canal7slp.tv\\\/2019\\\/conquista-mexicano-yael-martinez-el-world-press-photo-2019\\\/#article\",\"isPartOf\":{\"@id\":\"https:\\\/\\\/canal7slp.tv\\\/2019\\\/conquista-mexicano-yael-martinez-el-world-press-photo-2019\\\/\"},\"author\":{\"name\":\"edicionweb\",\"@id\":\"https:\\\/\\\/canal7slp.tv\\\/2019\\\/#\\\/schema\\\/person\\\/11d941c1c6ca30ac0a46b95fa37aa2e3\"},\"headline\":\"Conquista mexicano Yael Mart\u00ednez el World Press Photo 2019\",\"datePublished\":\"2019-07-20T16:49:13+00:00\",\"mainEntityOfPage\":{\"@id\":\"https:\\\/\\\/canal7slp.tv\\\/2019\\\/conquista-mexicano-yael-martinez-el-world-press-photo-2019\\\/\"},\"wordCount\":1231,\"commentCount\":0,\"publisher\":{\"@id\":\"https:\\\/\\\/canal7slp.tv\\\/2019\\\/#organization\"},\"image\":{\"@id\":\"https:\\\/\\\/canal7slp.tv\\\/2019\\\/conquista-mexicano-yael-martinez-el-world-press-photo-2019\\\/#primaryimage\"},\"thumbnailUrl\":\"https:\\\/\\\/canal7slp.tv\\\/2019\\\/wp-content\\\/uploads\\\/2019\\\/07\\\/1445-2.jpg\",\"articleSection\":[\"CULTURA\"],\"inLanguage\":\"es\",\"potentialAction\":[{\"@type\":\"CommentAction\",\"name\":\"Comment\",\"target\":[\"https:\\\/\\\/canal7slp.tv\\\/2019\\\/conquista-mexicano-yael-martinez-el-world-press-photo-2019\\\/#respond\"]}]},{\"@type\":\"WebPage\",\"@id\":\"https:\\\/\\\/canal7slp.tv\\\/2019\\\/conquista-mexicano-yael-martinez-el-world-press-photo-2019\\\/\",\"url\":\"https:\\\/\\\/canal7slp.tv\\\/2019\\\/conquista-mexicano-yael-martinez-el-world-press-photo-2019\\\/\",\"name\":\"Conquista mexicano Yael Mart\u00ednez el World Press Photo 2019 - Canal 7 SLP - 2019\",\"isPartOf\":{\"@id\":\"https:\\\/\\\/canal7slp.tv\\\/2019\\\/#website\"},\"primaryImageOfPage\":{\"@id\":\"https:\\\/\\\/canal7slp.tv\\\/2019\\\/conquista-mexicano-yael-martinez-el-world-press-photo-2019\\\/#primaryimage\"},\"image\":{\"@id\":\"https:\\\/\\\/canal7slp.tv\\\/2019\\\/conquista-mexicano-yael-martinez-el-world-press-photo-2019\\\/#primaryimage\"},\"thumbnailUrl\":\"https:\\\/\\\/canal7slp.tv\\\/2019\\\/wp-content\\\/uploads\\\/2019\\\/07\\\/1445-2.jpg\",\"datePublished\":\"2019-07-20T16:49:13+00:00\",\"breadcrumb\":{\"@id\":\"https:\\\/\\\/canal7slp.tv\\\/2019\\\/conquista-mexicano-yael-martinez-el-world-press-photo-2019\\\/#breadcrumb\"},\"inLanguage\":\"es\",\"potentialAction\":[{\"@type\":\"ReadAction\",\"target\":[\"https:\\\/\\\/canal7slp.tv\\\/2019\\\/conquista-mexicano-yael-martinez-el-world-press-photo-2019\\\/\"]}]},{\"@type\":\"ImageObject\",\"inLanguage\":\"es\",\"@id\":\"https:\\\/\\\/canal7slp.tv\\\/2019\\\/conquista-mexicano-yael-martinez-el-world-press-photo-2019\\\/#primaryimage\",\"url\":\"https:\\\/\\\/canal7slp.tv\\\/2019\\\/wp-content\\\/uploads\\\/2019\\\/07\\\/1445-2.jpg\",\"contentUrl\":\"https:\\\/\\\/canal7slp.tv\\\/2019\\\/wp-content\\\/uploads\\\/2019\\\/07\\\/1445-2.jpg\",\"width\":642,\"height\":410},{\"@type\":\"BreadcrumbList\",\"@id\":\"https:\\\/\\\/canal7slp.tv\\\/2019\\\/conquista-mexicano-yael-martinez-el-world-press-photo-2019\\\/#breadcrumb\",\"itemListElement\":[{\"@type\":\"ListItem\",\"position\":1,\"name\":\"Home\",\"item\":\"https:\\\/\\\/canal7slp.tv\\\/2019\\\/\"},{\"@type\":\"ListItem\",\"position\":2,\"name\":\"Conquista mexicano Yael Mart\u00ednez el World Press Photo 2019\"}]},{\"@type\":\"WebSite\",\"@id\":\"https:\\\/\\\/canal7slp.tv\\\/2019\\\/#website\",\"url\":\"https:\\\/\\\/canal7slp.tv\\\/2019\\\/\",\"name\":\"Canal 7 SLP - Somos TV\",\"description\":\"Somos un Canal de 10\",\"publisher\":{\"@id\":\"https:\\\/\\\/canal7slp.tv\\\/2019\\\/#organization\"},\"potentialAction\":[{\"@type\":\"SearchAction\",\"target\":{\"@type\":\"EntryPoint\",\"urlTemplate\":\"https:\\\/\\\/canal7slp.tv\\\/2019\\\/?s={search_term_string}\"},\"query-input\":{\"@type\":\"PropertyValueSpecification\",\"valueRequired\":true,\"valueName\":\"search_term_string\"}}],\"inLanguage\":\"es\"},{\"@type\":\"Organization\",\"@id\":\"https:\\\/\\\/canal7slp.tv\\\/2019\\\/#organization\",\"name\":\"Comunicaci\u00f3n 2000 S.A. de C.V.\",\"url\":\"https:\\\/\\\/canal7slp.tv\\\/2019\\\/\",\"logo\":{\"@type\":\"ImageObject\",\"inLanguage\":\"es\",\"@id\":\"https:\\\/\\\/canal7slp.tv\\\/2019\\\/#\\\/schema\\\/logo\\\/image\\\/\",\"url\":\"https:\\\/\\\/canal7slp.tv\\\/2019\\\/wp-content\\\/uploads\\\/2019\\\/07\\\/logo-c7.png\",\"contentUrl\":\"https:\\\/\\\/canal7slp.tv\\\/2019\\\/wp-content\\\/uploads\\\/2019\\\/07\\\/logo-c7.png\",\"width\":220,\"height\":60,\"caption\":\"Comunicaci\u00f3n 2000 S.A. de C.V.\"},\"image\":{\"@id\":\"https:\\\/\\\/canal7slp.tv\\\/2019\\\/#\\\/schema\\\/logo\\\/image\\\/\"},\"sameAs\":[\"https:\\\/\\\/www.facebook.com\\\/CANAL7SLP\\\/\",\"https:\\\/\\\/x.com\\\/canal7_slp\",\"https:\\\/\\\/www.instagram.com\\\/canal7_slp\",\"https:\\\/\\\/www.youtube.com\\\/user\\\/NOTICIEROSCANAL7SLP\\\/\"]},{\"@type\":\"Person\",\"@id\":\"https:\\\/\\\/canal7slp.tv\\\/2019\\\/#\\\/schema\\\/person\\\/11d941c1c6ca30ac0a46b95fa37aa2e3\",\"name\":\"edicionweb\",\"image\":{\"@type\":\"ImageObject\",\"inLanguage\":\"es\",\"@id\":\"https:\\\/\\\/secure.gravatar.com\\\/avatar\\\/eee448fc3f7164808013b816ba91ac7e43bbe82a70bebac296f8bc6f0addaa1a?s=96&d=mm&r=g\",\"url\":\"https:\\\/\\\/secure.gravatar.com\\\/avatar\\\/eee448fc3f7164808013b816ba91ac7e43bbe82a70bebac296f8bc6f0addaa1a?s=96&d=mm&r=g\",\"contentUrl\":\"https:\\\/\\\/secure.gravatar.com\\\/avatar\\\/eee448fc3f7164808013b816ba91ac7e43bbe82a70bebac296f8bc6f0addaa1a?s=96&d=mm&r=g\",\"caption\":\"edicionweb\"}}]}<\/script>\n<!-- \/ Yoast SEO plugin. -->","yoast_head_json":{"title":"Conquista mexicano Yael Mart\u00ednez el World Press Photo 2019 - Canal 7 SLP - 2019","robots":{"index":"index","follow":"follow","max-snippet":"max-snippet:-1","max-image-preview":"max-image-preview:large","max-video-preview":"max-video-preview:-1"},"canonical":"https:\/\/canal7slp.tv\/2019\/conquista-mexicano-yael-martinez-el-world-press-photo-2019\/","og_locale":"es_ES","og_type":"article","og_title":"Conquista mexicano Yael Mart\u00ednez el World Press Photo 2019 - Canal 7 SLP - 2019","og_description":"M\u00e9xico.- Quer\u00eda ser fot\u00f3grafo, pero no ten\u00eda c\u00e1mara ni hab\u00eda hecho foto alguna. Quizo estudiar en una universidad en Morelos, pero lo rechazaron por no saber siquiera las nociones b\u00e1sicas. Ded\u00edcate a otra cosa, le dijeron a Yael Mart\u00ednez. &#8220;Recuerdo que mi hermana me coment\u00f3 que hab\u00eda una escuela t\u00e9cnica en Cuernavaca y decid\u00ed entrar, [&hellip;]","og_url":"https:\/\/canal7slp.tv\/2019\/conquista-mexicano-yael-martinez-el-world-press-photo-2019\/","og_site_name":"Canal 7 SLP - 2019","article_publisher":"https:\/\/www.facebook.com\/CANAL7SLP\/","article_published_time":"2019-07-20T16:49:13+00:00","og_image":[{"width":642,"height":410,"url":"https:\/\/canal7slp.tv\/2019\/wp-content\/uploads\/2019\/07\/1445-2.jpg","type":"image\/jpeg"}],"author":"edicionweb","twitter_card":"summary_large_image","twitter_creator":"@canal7_slp","twitter_site":"@canal7_slp","twitter_misc":{"Escrito por":"edicionweb","Tiempo de lectura":"6 minutos"},"schema":{"@context":"https:\/\/schema.org","@graph":[{"@type":"Article","@id":"https:\/\/canal7slp.tv\/2019\/conquista-mexicano-yael-martinez-el-world-press-photo-2019\/#article","isPartOf":{"@id":"https:\/\/canal7slp.tv\/2019\/conquista-mexicano-yael-martinez-el-world-press-photo-2019\/"},"author":{"name":"edicionweb","@id":"https:\/\/canal7slp.tv\/2019\/#\/schema\/person\/11d941c1c6ca30ac0a46b95fa37aa2e3"},"headline":"Conquista mexicano Yael Mart\u00ednez el World Press Photo 2019","datePublished":"2019-07-20T16:49:13+00:00","mainEntityOfPage":{"@id":"https:\/\/canal7slp.tv\/2019\/conquista-mexicano-yael-martinez-el-world-press-photo-2019\/"},"wordCount":1231,"commentCount":0,"publisher":{"@id":"https:\/\/canal7slp.tv\/2019\/#organization"},"image":{"@id":"https:\/\/canal7slp.tv\/2019\/conquista-mexicano-yael-martinez-el-world-press-photo-2019\/#primaryimage"},"thumbnailUrl":"https:\/\/canal7slp.tv\/2019\/wp-content\/uploads\/2019\/07\/1445-2.jpg","articleSection":["CULTURA"],"inLanguage":"es","potentialAction":[{"@type":"CommentAction","name":"Comment","target":["https:\/\/canal7slp.tv\/2019\/conquista-mexicano-yael-martinez-el-world-press-photo-2019\/#respond"]}]},{"@type":"WebPage","@id":"https:\/\/canal7slp.tv\/2019\/conquista-mexicano-yael-martinez-el-world-press-photo-2019\/","url":"https:\/\/canal7slp.tv\/2019\/conquista-mexicano-yael-martinez-el-world-press-photo-2019\/","name":"Conquista mexicano Yael Mart\u00ednez el World Press Photo 2019 - Canal 7 SLP - 2019","isPartOf":{"@id":"https:\/\/canal7slp.tv\/2019\/#website"},"primaryImageOfPage":{"@id":"https:\/\/canal7slp.tv\/2019\/conquista-mexicano-yael-martinez-el-world-press-photo-2019\/#primaryimage"},"image":{"@id":"https:\/\/canal7slp.tv\/2019\/conquista-mexicano-yael-martinez-el-world-press-photo-2019\/#primaryimage"},"thumbnailUrl":"https:\/\/canal7slp.tv\/2019\/wp-content\/uploads\/2019\/07\/1445-2.jpg","datePublished":"2019-07-20T16:49:13+00:00","breadcrumb":{"@id":"https:\/\/canal7slp.tv\/2019\/conquista-mexicano-yael-martinez-el-world-press-photo-2019\/#breadcrumb"},"inLanguage":"es","potentialAction":[{"@type":"ReadAction","target":["https:\/\/canal7slp.tv\/2019\/conquista-mexicano-yael-martinez-el-world-press-photo-2019\/"]}]},{"@type":"ImageObject","inLanguage":"es","@id":"https:\/\/canal7slp.tv\/2019\/conquista-mexicano-yael-martinez-el-world-press-photo-2019\/#primaryimage","url":"https:\/\/canal7slp.tv\/2019\/wp-content\/uploads\/2019\/07\/1445-2.jpg","contentUrl":"https:\/\/canal7slp.tv\/2019\/wp-content\/uploads\/2019\/07\/1445-2.jpg","width":642,"height":410},{"@type":"BreadcrumbList","@id":"https:\/\/canal7slp.tv\/2019\/conquista-mexicano-yael-martinez-el-world-press-photo-2019\/#breadcrumb","itemListElement":[{"@type":"ListItem","position":1,"name":"Home","item":"https:\/\/canal7slp.tv\/2019\/"},{"@type":"ListItem","position":2,"name":"Conquista mexicano Yael Mart\u00ednez el World Press Photo 2019"}]},{"@type":"WebSite","@id":"https:\/\/canal7slp.tv\/2019\/#website","url":"https:\/\/canal7slp.tv\/2019\/","name":"Canal 7 SLP - Somos TV","description":"Somos un Canal de 10","publisher":{"@id":"https:\/\/canal7slp.tv\/2019\/#organization"},"potentialAction":[{"@type":"SearchAction","target":{"@type":"EntryPoint","urlTemplate":"https:\/\/canal7slp.tv\/2019\/?s={search_term_string}"},"query-input":{"@type":"PropertyValueSpecification","valueRequired":true,"valueName":"search_term_string"}}],"inLanguage":"es"},{"@type":"Organization","@id":"https:\/\/canal7slp.tv\/2019\/#organization","name":"Comunicaci\u00f3n 2000 S.A. de C.V.","url":"https:\/\/canal7slp.tv\/2019\/","logo":{"@type":"ImageObject","inLanguage":"es","@id":"https:\/\/canal7slp.tv\/2019\/#\/schema\/logo\/image\/","url":"https:\/\/canal7slp.tv\/2019\/wp-content\/uploads\/2019\/07\/logo-c7.png","contentUrl":"https:\/\/canal7slp.tv\/2019\/wp-content\/uploads\/2019\/07\/logo-c7.png","width":220,"height":60,"caption":"Comunicaci\u00f3n 2000 S.A. de C.V."},"image":{"@id":"https:\/\/canal7slp.tv\/2019\/#\/schema\/logo\/image\/"},"sameAs":["https:\/\/www.facebook.com\/CANAL7SLP\/","https:\/\/x.com\/canal7_slp","https:\/\/www.instagram.com\/canal7_slp","https:\/\/www.youtube.com\/user\/NOTICIEROSCANAL7SLP\/"]},{"@type":"Person","@id":"https:\/\/canal7slp.tv\/2019\/#\/schema\/person\/11d941c1c6ca30ac0a46b95fa37aa2e3","name":"edicionweb","image":{"@type":"ImageObject","inLanguage":"es","@id":"https:\/\/secure.gravatar.com\/avatar\/eee448fc3f7164808013b816ba91ac7e43bbe82a70bebac296f8bc6f0addaa1a?s=96&d=mm&r=g","url":"https:\/\/secure.gravatar.com\/avatar\/eee448fc3f7164808013b816ba91ac7e43bbe82a70bebac296f8bc6f0addaa1a?s=96&d=mm&r=g","contentUrl":"https:\/\/secure.gravatar.com\/avatar\/eee448fc3f7164808013b816ba91ac7e43bbe82a70bebac296f8bc6f0addaa1a?s=96&d=mm&r=g","caption":"edicionweb"}}]}},"amp_enabled":true,"cmb2":{"video_ids_in_playlist":{"vid_p_videos":""},"video_ids_in_channel":{"vid_c_videos":""},"playlist_ids_in_channel":{"vid_c_playlists":""},"series_ids_in_channel":{"vid_c_series":""},"channel_images":{"vid_c_logo":"","vid_c_banner":""},"poster_feature_image":{"vid_m_poster_image":""},"gif_feature_image":{"vid_m_gif_image":""},"video_movie_settings":{"vid_m_director":"","vid_m_actor":"","vid_m_imdb_ratings":"","vid_m_amazon_associates":""},"vid_youtube_broadcasts_settings":{"vid_yb_broadcast_title":"","vid_yb_q":"","vid_yb_channelid":"","vid_yb_videocategoryid":"","vid_yb_maxresults":"","vid_yb_order":"","vid_yb_regioncode":"","vid_yb_videosyndicated":"","vid_yb_style":"","vid_yb_reload_first":""},"video_series_settings":{"vid_m_director":"","vid_m_actor":"","vid_m_imdb_ratings":"","video_series_group":""},"amazon_associates_settings":{"amazon_associates":"","amazon_native_ad":""},"vid_youtube_automatic_settings":{"vid_ya_youtube_source":"","vid_ya_update_every":"","vid_ya_update_unit":"","vid_ya_categories":"","vid_ya_published_after":"","vid_ya_published_before":"","vid_ya_playlists":"","vid_ya_channels":"","vid_ya_director":"","vid_ya_actor":"","vid_ya_author":"","vid_ya_import_post_date":"","vid_ya_status":"","vid_ya_sub_api_key":""},"vid_ads_m_videoads_settings_post":{"vid_ads_m_video_ads":"","vid_ads_m_video_ads_type":"","vid_ads_m_group_google_ima":"","vid_ads_m_group_image":"","vid_ads_m_group_html5_video":"","vid_ads_m_group_html":"","vid_ads_m_vast_preroll":"","vid_ads_m_vast_postroll":"","vid_ads_m_vast_pauseroll":"","vid_ads_m_vast_midroll":[{"vid_ads_m_vast_timer_seconds":"50"}],"vid_ads_m_time_to_show_ads":"","vid_ads_m_time_skip_ads":"","vid_ads_m_time_to_hide_ads":""},"page_slider_settings":{"display_slider_group":"","page_slider_group":""},"blog_page_settings":{"blog_page_title":"","blog_page_heading":"","blog_page_ic":"","blog_page_it":"","blog_page_ec":"","blog_page_ip":"","archive_loop_style":"","blog_image_ratio":"","blog_show_categories":"","blog_show_excerpt":"","blog_show_author":"","blog_show_date":"","blog_show_comment_count":"","blog_show_view_count":"","blog_show_like_count":"","blog_show_dislike_count":"","blog_items_per_page":"","blog_pag_type":""},"page_options":{"get_page_template":"","color_mode":"","main_layout":"","main_layout_full_with":"","main_logo":"","main_logo_retina":"","main_logo_mobile":"","main_logo_mobile_retina":"","sticky_logo":"","sticky_logo_retina":"","main_nav_layout":"","ajax_search":"","header_background":"","theme_sidebar":"","instagram_feed":"","instagram_feed_position":"","popular_videos":"","popular_videos_title_1":"","popular_videos_title_2":"","popular_videos_ic":"","popular_videos_it":"","theme_background":"","page_custom_css":""},"feature_image_settings":{"feature_image_position":""},"video_player_settings":{"single_video_style":"","video_player_position":"","vm_video_url":"","video_player_library":"","video_streaming":"","vm_media_sources":"","vid_auto_play":"","vm_video_shortcode":"","vid_p_sync_playlist":"","vid_c_sync_channel":"","get_post_format":"","multiple_links_structure":"default","multi_links_title":"","vm_video_multi_links":"","vm_duration":"","vid_social_locker":"off","vid_social_locker_id":"","vid_membership_action":"content-video","vm_video_trailer_url":"","vid_download_type":"free","vid_download_target":"download","vid_woo_product":"","vm_media_download":"","user_rating":"","user_rating_position":"","user_rating_mode":"","user_rating_multi_sets":""},"video_auto_fetch_settings":{"vm_video_fetch":"on"},"video_fake_views_likes":{"vm_fake_views":"","vm_fake_likes":"","vm_fake_dislikes":""},"gallery_settings":{"gallery_position":""},"quote_settings":{"quote_position":""},"post_options":{"main_layout":"","main_logo":"","main_logo_retina":"","main_logo_mobile":"","main_logo_mobile_retina":"","sticky_logo":"","sticky_logo_retina":"","main_nav_layout":"","header_background":"","theme_sidebar":"","single_post_comment_type":"","theme_background":""}},"_links":{"self":[{"href":"https:\/\/canal7slp.tv\/2019\/wp-json\/wp\/v2\/posts\/36673","targetHints":{"allow":["GET"]}}],"collection":[{"href":"https:\/\/canal7slp.tv\/2019\/wp-json\/wp\/v2\/posts"}],"about":[{"href":"https:\/\/canal7slp.tv\/2019\/wp-json\/wp\/v2\/types\/post"}],"author":[{"embeddable":true,"href":"https:\/\/canal7slp.tv\/2019\/wp-json\/wp\/v2\/users\/2"}],"replies":[{"embeddable":true,"href":"https:\/\/canal7slp.tv\/2019\/wp-json\/wp\/v2\/comments?post=36673"}],"version-history":[{"count":0,"href":"https:\/\/canal7slp.tv\/2019\/wp-json\/wp\/v2\/posts\/36673\/revisions"}],"wp:featuredmedia":[{"embeddable":true,"href":"https:\/\/canal7slp.tv\/2019\/wp-json\/wp\/v2\/media\/36674"}],"wp:attachment":[{"href":"https:\/\/canal7slp.tv\/2019\/wp-json\/wp\/v2\/media?parent=36673"}],"wp:term":[{"taxonomy":"category","embeddable":true,"href":"https:\/\/canal7slp.tv\/2019\/wp-json\/wp\/v2\/categories?post=36673"},{"taxonomy":"post_tag","embeddable":true,"href":"https:\/\/canal7slp.tv\/2019\/wp-json\/wp\/v2\/tags?post=36673"}],"curies":[{"name":"wp","href":"https:\/\/api.w.org\/{rel}","templated":true}]}}